{"id":18467,"date":"2018-08-16T13:24:56","date_gmt":"2018-08-16T11:24:56","guid":{"rendered":"https:\/\/www.laguiadepamplona.es\/actualidad\/?p=18467"},"modified":"2018-08-16T13:24:56","modified_gmt":"2018-08-16T11:24:56","slug":"la-fuerza-de-la-pintura-acrilica-plasmada-en-creaciones-abstractas-es-el-centro-de-la-nueva-muestra-expositiva-de-la-casa-de-la-juventud","status":"publish","type":"post","link":"https:\/\/www.laguiadepamplona.com\/actualidad\/la-fuerza-de-la-pintura-acrilica-plasmada-en-creaciones-abstractas-es-el-centro-de-la-nueva-muestra-expositiva-de-la-casa-de-la-juventud\/","title":{"rendered":"La fuerza de la pintura acr\u00edlica, plasmada en creaciones abstractas, es el centro de la nueva muestra expositiva de la Casa de la Juventud"},"content":{"rendered":"<h3>La estudiante de arquitectura Jennyfher Alvarado presenta diez de sus obras hasta el 2 de septiembre bajo el t\u00edtulo \u2018Halobrio\u2019<\/h3>\n<p><!--more--><\/p>\n<p>Desde hoy la Casa de la Juventud acoge \u2018Halobr\u00edo\u2019, la exposici\u00f3n de una decena de acr\u00edlicos de la joven Jennyfher Alvarado, estudiante de arquitectura de 21 a\u00f1os. El titulo de la muestra refiere a ese resplandor que representa la potencia y la energ\u00eda. La autora se reconoce deudora del concepto acu\u00f1ado por el pintor estadounidense Jackson Pollock, \u2018action painting\u2019, es decir, pintura en acci\u00f3n para crear arte.<\/p>\n<p>Alvarado muestra su inter\u00e9s por una pintura fluida y en movimiento que se corresponde con una elecci\u00f3n de acr\u00edlico (l\u00edquido) donde el agua es un elemento importante; elige la abstracci\u00f3n como forma de plasmar el movimiento, la intensidad y la fuerza. La muestra tiene dos espacios diferenciados, por un lado 6 piezas (180 x 240 mm) con colores fuertes primarios y sus mezclas, a veces en el \u00e1mbito de la complementariedad, a veces en sus opuestos. La obras se realizan a base de acr\u00edlico con una fuerte capa de agua, con toques de relieves generados por el movimiento, que se asemeja a una corriente marina. La segunda parte, dividida en 4 piezas de mayor tama\u00f1o ( 240 x 300 mm) recoge todas esas las pulsaciones, remans\u00e1ndolas, algo que se percibe incluso en la elecci\u00f3n del color.<\/p>\n<p>La exposici\u00f3n se podr\u00e1 visitar de lunes a viernes, de 18 a 20:30 horas y los s\u00e1bados, de 12 a 14 horas hasta el pr\u00f3ximo 2 de septiembre. La Sala de Exposiciones de la Casa de la Juventud de Pamplona quiere, con muestras como esta, ser un espacio que sirva de expositor de inquietudes y obras de los artistas m\u00e1s j\u00f3venes de la ciudad. Para poder utilizarla es necesario ponerse en contacto con el Servicio de Programaci\u00f3n de la Casa que ayuda a los creadores a dise\u00f1ar el proyecto y realizar el montaje de las exposiciones seleccionadas.<\/p>\n<p>&nbsp;<\/p>\n","protected":false},"excerpt":{"rendered":"<p>La estudiante de arquitectura Jennyfher Alvarado presenta diez de sus obras hasta el 2 de septiembre bajo el t\u00edtulo \u2018Halobrio\u2019<\/p>\n","protected":false},"author":1,"featured_media":18002,"comment_status":"open","ping_status":"closed","sticky":false,"template":"","format":"standard","meta":{"footnotes":""},"categories":[2],"tags":[],"class_list":["post-18467","post","type-post","status-publish","format-standard","has-post-thumbnail","hentry","category-ayuntamiento-pamplona"],"yoast_head":"<!-- This site is optimized with the Yoast SEO plugin v27.9 - https:\/\/yoast.com\/product\/yoast-seo-wordpress\/ -->\n<title>La fuerza de la pintura acr\u00edlica, plasmada en creaciones abstractas, es el centro de la nueva muestra expositiva de la Casa de la Juventud<\/title>\n<meta name=\"robots\" content=\"index, follow, max-snippet:-1, max-image-preview:large, max-video-preview:-1\" \/>\n<link rel=\"canonical\" href=\"https:\/\/www.laguiadepamplona.com\/actualidad\/la-fuerza-de-la-pintura-acrilica-plasmada-en-creaciones-abstractas-es-el-centro-de-la-nueva-muestra-expositiva-de-la-casa-de-la-juventud\/\" \/>\n<meta property=\"og:locale\" content=\"es_ES\" \/>\n<meta property=\"og:type\" content=\"article\" \/>\n<meta property=\"og:title\" content=\"La fuerza de la pintura acr\u00edlica, plasmada en creaciones abstractas, es el centro de la nueva muestra expositiva de la Casa de la Juventud\" \/>\n<meta property=\"og:description\" content=\"La estudiante de arquitectura Jennyfher Alvarado presenta diez de sus obras hasta el 2 de septiembre bajo el t\u00edtulo \u2018Halobrio\u2019\" \/>\n<meta property=\"og:url\" content=\"https:\/\/www.laguiadepamplona.com\/actualidad\/la-fuerza-de-la-pintura-acrilica-plasmada-en-creaciones-abstractas-es-el-centro-de-la-nueva-muestra-expositiva-de-la-casa-de-la-juventud\/\" \/>\n<meta property=\"og:site_name\" content=\"La Gu\u00eda de Pamplona Noticias y actualidad\" \/>\n<meta property=\"article:publisher\" content=\"https:\/\/www.facebook.com\/laguiadepamplonacom-133175176762273\/?ref=hl\" \/>\n<meta property=\"article:published_time\" content=\"2018-08-16T11:24:56+00:00\" \/>\n<meta property=\"og:image\" content=\"https:\/\/www.laguiadepamplona.com\/actualidad\/wp-content\/uploads\/2018\/06\/18.06.22_cartel_cada_dia_plan_casa_juventud-1.jpg\" \/>\n\t<meta property=\"og:image:width\" content=\"1000\" \/>\n\t<meta property=\"og:image:height\" content=\"653\" \/>\n\t<meta property=\"og:image:type\" content=\"image\/jpeg\" \/>\n<meta name=\"author\" content=\"La Gu\u00eda de Pamplona\" \/>\n<meta name=\"twitter:card\" content=\"summary_large_image\" \/>\n<meta name=\"twitter:creator\" content=\"@LaGuiadPamplona\" \/>\n<meta name=\"twitter:site\" content=\"@LaGuiadPamplona\" \/>\n<meta name=\"twitter:label1\" content=\"Escrito por\" \/>\n\t<meta name=\"twitter:data1\" content=\"La Gu\u00eda de Pamplona\" \/>\n\t<meta name=\"twitter:label2\" content=\"Tiempo de lectura\" \/>\n\t<meta name=\"twitter:data2\" content=\"2 minutos\" \/>\n<script type=\"application\/ld+json\" class=\"yoast-schema-graph\">{\"@context\":\"https:\\\/\\\/schema.org\",\"@graph\":[{\"@type\":\"Article\",\"@id\":\"https:\\\/\\\/www.laguiadepamplona.com\\\/actualidad\\\/la-fuerza-de-la-pintura-acrilica-plasmada-en-creaciones-abstractas-es-el-centro-de-la-nueva-muestra-expositiva-de-la-casa-de-la-juventud\\\/#article\",\"isPartOf\":{\"@id\":\"https:\\\/\\\/www.laguiadepamplona.com\\\/actualidad\\\/la-fuerza-de-la-pintura-acrilica-plasmada-en-creaciones-abstractas-es-el-centro-de-la-nueva-muestra-expositiva-de-la-casa-de-la-juventud\\\/\"},\"author\":{\"name\":\"La Gu\u00eda de Pamplona\",\"@id\":\"https:\\\/\\\/www.laguiadepamplona.com\\\/actualidad\\\/#\\\/schema\\\/person\\\/efe887376f0213d4657c93adc50b1fdb\"},\"headline\":\"La fuerza de la pintura acr\u00edlica, plasmada en creaciones abstractas, es el centro de la nueva muestra expositiva de la Casa de la Juventud\",\"datePublished\":\"2018-08-16T11:24:56+00:00\",\"mainEntityOfPage\":{\"@id\":\"https:\\\/\\\/www.laguiadepamplona.com\\\/actualidad\\\/la-fuerza-de-la-pintura-acrilica-plasmada-en-creaciones-abstractas-es-el-centro-de-la-nueva-muestra-expositiva-de-la-casa-de-la-juventud\\\/\"},\"wordCount\":356,\"commentCount\":0,\"publisher\":{\"@id\":\"https:\\\/\\\/www.laguiadepamplona.com\\\/actualidad\\\/#organization\"},\"image\":{\"@id\":\"https:\\\/\\\/www.laguiadepamplona.com\\\/actualidad\\\/la-fuerza-de-la-pintura-acrilica-plasmada-en-creaciones-abstractas-es-el-centro-de-la-nueva-muestra-expositiva-de-la-casa-de-la-juventud\\\/#primaryimage\"},\"thumbnailUrl\":\"https:\\\/\\\/www.laguiadepamplona.com\\\/actualidad\\\/wp-content\\\/uploads\\\/2018\\\/06\\\/18.06.22_cartel_cada_dia_plan_casa_juventud-1.jpg\",\"articleSection\":[\"Ayto Pamplona\"],\"inLanguage\":\"es\",\"potentialAction\":[{\"@type\":\"CommentAction\",\"name\":\"Comment\",\"target\":[\"https:\\\/\\\/www.laguiadepamplona.com\\\/actualidad\\\/la-fuerza-de-la-pintura-acrilica-plasmada-en-creaciones-abstractas-es-el-centro-de-la-nueva-muestra-expositiva-de-la-casa-de-la-juventud\\\/#respond\"]}]},{\"@type\":\"WebPage\",\"@id\":\"https:\\\/\\\/www.laguiadepamplona.com\\\/actualidad\\\/la-fuerza-de-la-pintura-acrilica-plasmada-en-creaciones-abstractas-es-el-centro-de-la-nueva-muestra-expositiva-de-la-casa-de-la-juventud\\\/\",\"url\":\"https:\\\/\\\/www.laguiadepamplona.com\\\/actualidad\\\/la-fuerza-de-la-pintura-acrilica-plasmada-en-creaciones-abstractas-es-el-centro-de-la-nueva-muestra-expositiva-de-la-casa-de-la-juventud\\\/\",\"name\":\"La fuerza de la pintura acr\u00edlica, plasmada en creaciones abstractas, es el centro de la nueva muestra expositiva de la Casa de la Juventud\",\"isPartOf\":{\"@id\":\"https:\\\/\\\/www.laguiadepamplona.com\\\/actualidad\\\/#website\"},\"primaryImageOfPage\":{\"@id\":\"https:\\\/\\\/www.laguiadepamplona.com\\\/actualidad\\\/la-fuerza-de-la-pintura-acrilica-plasmada-en-creaciones-abstractas-es-el-centro-de-la-nueva-muestra-expositiva-de-la-casa-de-la-juventud\\\/#primaryimage\"},\"image\":{\"@id\":\"https:\\\/\\\/www.laguiadepamplona.com\\\/actualidad\\\/la-fuerza-de-la-pintura-acrilica-plasmada-en-creaciones-abstractas-es-el-centro-de-la-nueva-muestra-expositiva-de-la-casa-de-la-juventud\\\/#primaryimage\"},\"thumbnailUrl\":\"https:\\\/\\\/www.laguiadepamplona.com\\\/actualidad\\\/wp-content\\\/uploads\\\/2018\\\/06\\\/18.06.22_cartel_cada_dia_plan_casa_juventud-1.jpg\",\"datePublished\":\"2018-08-16T11:24:56+00:00\",\"breadcrumb\":{\"@id\":\"https:\\\/\\\/www.laguiadepamplona.com\\\/actualidad\\\/la-fuerza-de-la-pintura-acrilica-plasmada-en-creaciones-abstractas-es-el-centro-de-la-nueva-muestra-expositiva-de-la-casa-de-la-juventud\\\/#breadcrumb\"},\"inLanguage\":\"es\",\"potentialAction\":[{\"@type\":\"ReadAction\",\"target\":[\"https:\\\/\\\/www.laguiadepamplona.com\\\/actualidad\\\/la-fuerza-de-la-pintura-acrilica-plasmada-en-creaciones-abstractas-es-el-centro-de-la-nueva-muestra-expositiva-de-la-casa-de-la-juventud\\\/\"]}]},{\"@type\":\"ImageObject\",\"inLanguage\":\"es\",\"@id\":\"https:\\\/\\\/www.laguiadepamplona.com\\\/actualidad\\\/la-fuerza-de-la-pintura-acrilica-plasmada-en-creaciones-abstractas-es-el-centro-de-la-nueva-muestra-expositiva-de-la-casa-de-la-juventud\\\/#primaryimage\",\"url\":\"https:\\\/\\\/www.laguiadepamplona.com\\\/actualidad\\\/wp-content\\\/uploads\\\/2018\\\/06\\\/18.06.22_cartel_cada_dia_plan_casa_juventud-1.jpg\",\"contentUrl\":\"https:\\\/\\\/www.laguiadepamplona.com\\\/actualidad\\\/wp-content\\\/uploads\\\/2018\\\/06\\\/18.06.22_cartel_cada_dia_plan_casa_juventud-1.jpg\",\"width\":1000,\"height\":653},{\"@type\":\"BreadcrumbList\",\"@id\":\"https:\\\/\\\/www.laguiadepamplona.com\\\/actualidad\\\/la-fuerza-de-la-pintura-acrilica-plasmada-en-creaciones-abstractas-es-el-centro-de-la-nueva-muestra-expositiva-de-la-casa-de-la-juventud\\\/#breadcrumb\",\"itemListElement\":[{\"@type\":\"ListItem\",\"position\":1,\"name\":\"Portada\",\"item\":\"https:\\\/\\\/www.laguiadepamplona.com\\\/actualidad\\\/\"},{\"@type\":\"ListItem\",\"position\":2,\"name\":\"La fuerza de la pintura acr\u00edlica, plasmada en creaciones abstractas, es el centro de la nueva muestra expositiva de la Casa de la Juventud\"}]},{\"@type\":\"WebSite\",\"@id\":\"https:\\\/\\\/www.laguiadepamplona.com\\\/actualidad\\\/#website\",\"url\":\"https:\\\/\\\/www.laguiadepamplona.com\\\/actualidad\\\/\",\"name\":\"La gu\u00eda de Pamplona\",\"description\":\"Noticias de Pamplona\",\"publisher\":{\"@id\":\"https:\\\/\\\/www.laguiadepamplona.com\\\/actualidad\\\/#organization\"},\"potentialAction\":[{\"@type\":\"SearchAction\",\"target\":{\"@type\":\"EntryPoint\",\"urlTemplate\":\"https:\\\/\\\/www.laguiadepamplona.com\\\/actualidad\\\/?s={search_term_string}\"},\"query-input\":{\"@type\":\"PropertyValueSpecification\",\"valueRequired\":true,\"valueName\":\"search_term_string\"}}],\"inLanguage\":\"es\"},{\"@type\":\"Organization\",\"@id\":\"https:\\\/\\\/www.laguiadepamplona.com\\\/actualidad\\\/#organization\",\"name\":\"La Gu\u00eda de Pamplona \\\/ Noticias\",\"url\":\"https:\\\/\\\/www.laguiadepamplona.com\\\/actualidad\\\/\",\"logo\":{\"@type\":\"ImageObject\",\"inLanguage\":\"es\",\"@id\":\"https:\\\/\\\/www.laguiadepamplona.com\\\/actualidad\\\/#\\\/schema\\\/logo\\\/image\\\/\",\"url\":\"https:\\\/\\\/www.laguiadepamplona.com\\\/actualidad\\\/wp-content\\\/uploads\\\/2018\\\/11\\\/logo-laguiadepamplona18-web1.png\",\"contentUrl\":\"https:\\\/\\\/www.laguiadepamplona.com\\\/actualidad\\\/wp-content\\\/uploads\\\/2018\\\/11\\\/logo-laguiadepamplona18-web1.png\",\"width\":600,\"height\":196,\"caption\":\"La Gu\u00eda de Pamplona \\\/ Noticias\"},\"image\":{\"@id\":\"https:\\\/\\\/www.laguiadepamplona.com\\\/actualidad\\\/#\\\/schema\\\/logo\\\/image\\\/\"},\"sameAs\":[\"https:\\\/\\\/www.facebook.com\\\/laguiadepamplonacom-133175176762273\\\/?ref=hl\",\"https:\\\/\\\/x.com\\\/LaGuiadPamplona\",\"https:\\\/\\\/www.instagram.com\\\/la_guia_de_pamplona\\\/\",\"https:\\\/\\\/www.youtube.com\\\/user\\\/laguiadepamplona\"]},{\"@type\":\"Person\",\"@id\":\"https:\\\/\\\/www.laguiadepamplona.com\\\/actualidad\\\/#\\\/schema\\\/person\\\/efe887376f0213d4657c93adc50b1fdb\",\"name\":\"La Gu\u00eda de Pamplona\",\"image\":{\"@type\":\"ImageObject\",\"inLanguage\":\"es\",\"@id\":\"https:\\\/\\\/secure.gravatar.com\\\/avatar\\\/b6992f131dc8d30ab0dff15446e9d346d9dbd95992de0fef795073f5ea83a81c?s=96&d=mm&r=g\",\"url\":\"https:\\\/\\\/secure.gravatar.com\\\/avatar\\\/b6992f131dc8d30ab0dff15446e9d346d9dbd95992de0fef795073f5ea83a81c?s=96&d=mm&r=g\",\"contentUrl\":\"https:\\\/\\\/secure.gravatar.com\\\/avatar\\\/b6992f131dc8d30ab0dff15446e9d346d9dbd95992de0fef795073f5ea83a81c?s=96&d=mm&r=g\",\"caption\":\"La Gu\u00eda de Pamplona\"}}]}<\/script>\n<!-- \/ Yoast SEO plugin. -->","yoast_head_json":{"title":"La fuerza de la pintura acr\u00edlica, plasmada en creaciones abstractas, es el centro de la nueva muestra expositiva de la Casa de la Juventud","robots":{"index":"index","follow":"follow","max-snippet":"max-snippet:-1","max-image-preview":"max-image-preview:large","max-video-preview":"max-video-preview:-1"},"canonical":"https:\/\/www.laguiadepamplona.com\/actualidad\/la-fuerza-de-la-pintura-acrilica-plasmada-en-creaciones-abstractas-es-el-centro-de-la-nueva-muestra-expositiva-de-la-casa-de-la-juventud\/","og_locale":"es_ES","og_type":"article","og_title":"La fuerza de la pintura acr\u00edlica, plasmada en creaciones abstractas, es el centro de la nueva muestra expositiva de la Casa de la Juventud","og_description":"La estudiante de arquitectura Jennyfher Alvarado presenta diez de sus obras hasta el 2 de septiembre bajo el t\u00edtulo \u2018Halobrio\u2019","og_url":"https:\/\/www.laguiadepamplona.com\/actualidad\/la-fuerza-de-la-pintura-acrilica-plasmada-en-creaciones-abstractas-es-el-centro-de-la-nueva-muestra-expositiva-de-la-casa-de-la-juventud\/","og_site_name":"La Gu\u00eda de Pamplona Noticias y actualidad","article_publisher":"https:\/\/www.facebook.com\/laguiadepamplonacom-133175176762273\/?ref=hl","article_published_time":"2018-08-16T11:24:56+00:00","og_image":[{"width":1000,"height":653,"url":"https:\/\/www.laguiadepamplona.com\/actualidad\/wp-content\/uploads\/2018\/06\/18.06.22_cartel_cada_dia_plan_casa_juventud-1.jpg","type":"image\/jpeg"}],"author":"La Gu\u00eda de Pamplona","twitter_card":"summary_large_image","twitter_creator":"@LaGuiadPamplona","twitter_site":"@LaGuiadPamplona","twitter_misc":{"Escrito por":"La Gu\u00eda de Pamplona","Tiempo de lectura":"2 minutos"},"schema":{"@context":"https:\/\/schema.org","@graph":[{"@type":"Article","@id":"https:\/\/www.laguiadepamplona.com\/actualidad\/la-fuerza-de-la-pintura-acrilica-plasmada-en-creaciones-abstractas-es-el-centro-de-la-nueva-muestra-expositiva-de-la-casa-de-la-juventud\/#article","isPartOf":{"@id":"https:\/\/www.laguiadepamplona.com\/actualidad\/la-fuerza-de-la-pintura-acrilica-plasmada-en-creaciones-abstractas-es-el-centro-de-la-nueva-muestra-expositiva-de-la-casa-de-la-juventud\/"},"author":{"name":"La Gu\u00eda de Pamplona","@id":"https:\/\/www.laguiadepamplona.com\/actualidad\/#\/schema\/person\/efe887376f0213d4657c93adc50b1fdb"},"headline":"La fuerza de la pintura acr\u00edlica, plasmada en creaciones abstractas, es el centro de la nueva muestra expositiva de la Casa de la Juventud","datePublished":"2018-08-16T11:24:56+00:00","mainEntityOfPage":{"@id":"https:\/\/www.laguiadepamplona.com\/actualidad\/la-fuerza-de-la-pintura-acrilica-plasmada-en-creaciones-abstractas-es-el-centro-de-la-nueva-muestra-expositiva-de-la-casa-de-la-juventud\/"},"wordCount":356,"commentCount":0,"publisher":{"@id":"https:\/\/www.laguiadepamplona.com\/actualidad\/#organization"},"image":{"@id":"https:\/\/www.laguiadepamplona.com\/actualidad\/la-fuerza-de-la-pintura-acrilica-plasmada-en-creaciones-abstractas-es-el-centro-de-la-nueva-muestra-expositiva-de-la-casa-de-la-juventud\/#primaryimage"},"thumbnailUrl":"https:\/\/www.laguiadepamplona.com\/actualidad\/wp-content\/uploads\/2018\/06\/18.06.22_cartel_cada_dia_plan_casa_juventud-1.jpg","articleSection":["Ayto Pamplona"],"inLanguage":"es","potentialAction":[{"@type":"CommentAction","name":"Comment","target":["https:\/\/www.laguiadepamplona.com\/actualidad\/la-fuerza-de-la-pintura-acrilica-plasmada-en-creaciones-abstractas-es-el-centro-de-la-nueva-muestra-expositiva-de-la-casa-de-la-juventud\/#respond"]}]},{"@type":"WebPage","@id":"https:\/\/www.laguiadepamplona.com\/actualidad\/la-fuerza-de-la-pintura-acrilica-plasmada-en-creaciones-abstractas-es-el-centro-de-la-nueva-muestra-expositiva-de-la-casa-de-la-juventud\/","url":"https:\/\/www.laguiadepamplona.com\/actualidad\/la-fuerza-de-la-pintura-acrilica-plasmada-en-creaciones-abstractas-es-el-centro-de-la-nueva-muestra-expositiva-de-la-casa-de-la-juventud\/","name":"La fuerza de la pintura acr\u00edlica, plasmada en creaciones abstractas, es el centro de la nueva muestra expositiva de la Casa de la Juventud","isPartOf":{"@id":"https:\/\/www.laguiadepamplona.com\/actualidad\/#website"},"primaryImageOfPage":{"@id":"https:\/\/www.laguiadepamplona.com\/actualidad\/la-fuerza-de-la-pintura-acrilica-plasmada-en-creaciones-abstractas-es-el-centro-de-la-nueva-muestra-expositiva-de-la-casa-de-la-juventud\/#primaryimage"},"image":{"@id":"https:\/\/www.laguiadepamplona.com\/actualidad\/la-fuerza-de-la-pintura-acrilica-plasmada-en-creaciones-abstractas-es-el-centro-de-la-nueva-muestra-expositiva-de-la-casa-de-la-juventud\/#primaryimage"},"thumbnailUrl":"https:\/\/www.laguiadepamplona.com\/actualidad\/wp-content\/uploads\/2018\/06\/18.06.22_cartel_cada_dia_plan_casa_juventud-1.jpg","datePublished":"2018-08-16T11:24:56+00:00","breadcrumb":{"@id":"https:\/\/www.laguiadepamplona.com\/actualidad\/la-fuerza-de-la-pintura-acrilica-plasmada-en-creaciones-abstractas-es-el-centro-de-la-nueva-muestra-expositiva-de-la-casa-de-la-juventud\/#breadcrumb"},"inLanguage":"es","potentialAction":[{"@type":"ReadAction","target":["https:\/\/www.laguiadepamplona.com\/actualidad\/la-fuerza-de-la-pintura-acrilica-plasmada-en-creaciones-abstractas-es-el-centro-de-la-nueva-muestra-expositiva-de-la-casa-de-la-juventud\/"]}]},{"@type":"ImageObject","inLanguage":"es","@id":"https:\/\/www.laguiadepamplona.com\/actualidad\/la-fuerza-de-la-pintura-acrilica-plasmada-en-creaciones-abstractas-es-el-centro-de-la-nueva-muestra-expositiva-de-la-casa-de-la-juventud\/#primaryimage","url":"https:\/\/www.laguiadepamplona.com\/actualidad\/wp-content\/uploads\/2018\/06\/18.06.22_cartel_cada_dia_plan_casa_juventud-1.jpg","contentUrl":"https:\/\/www.laguiadepamplona.com\/actualidad\/wp-content\/uploads\/2018\/06\/18.06.22_cartel_cada_dia_plan_casa_juventud-1.jpg","width":1000,"height":653},{"@type":"BreadcrumbList","@id":"https:\/\/www.laguiadepamplona.com\/actualidad\/la-fuerza-de-la-pintura-acrilica-plasmada-en-creaciones-abstractas-es-el-centro-de-la-nueva-muestra-expositiva-de-la-casa-de-la-juventud\/#breadcrumb","itemListElement":[{"@type":"ListItem","position":1,"name":"Portada","item":"https:\/\/www.laguiadepamplona.com\/actualidad\/"},{"@type":"ListItem","position":2,"name":"La fuerza de la pintura acr\u00edlica, plasmada en creaciones abstractas, es el centro de la nueva muestra expositiva de la Casa de la Juventud"}]},{"@type":"WebSite","@id":"https:\/\/www.laguiadepamplona.com\/actualidad\/#website","url":"https:\/\/www.laguiadepamplona.com\/actualidad\/","name":"La gu\u00eda de Pamplona","description":"Noticias de Pamplona","publisher":{"@id":"https:\/\/www.laguiadepamplona.com\/actualidad\/#organization"},"potentialAction":[{"@type":"SearchAction","target":{"@type":"EntryPoint","urlTemplate":"https:\/\/www.laguiadepamplona.com\/actualidad\/?s={search_term_string}"},"query-input":{"@type":"PropertyValueSpecification","valueRequired":true,"valueName":"search_term_string"}}],"inLanguage":"es"},{"@type":"Organization","@id":"https:\/\/www.laguiadepamplona.com\/actualidad\/#organization","name":"La Gu\u00eda de Pamplona \/ Noticias","url":"https:\/\/www.laguiadepamplona.com\/actualidad\/","logo":{"@type":"ImageObject","inLanguage":"es","@id":"https:\/\/www.laguiadepamplona.com\/actualidad\/#\/schema\/logo\/image\/","url":"https:\/\/www.laguiadepamplona.com\/actualidad\/wp-content\/uploads\/2018\/11\/logo-laguiadepamplona18-web1.png","contentUrl":"https:\/\/www.laguiadepamplona.com\/actualidad\/wp-content\/uploads\/2018\/11\/logo-laguiadepamplona18-web1.png","width":600,"height":196,"caption":"La Gu\u00eda de Pamplona \/ Noticias"},"image":{"@id":"https:\/\/www.laguiadepamplona.com\/actualidad\/#\/schema\/logo\/image\/"},"sameAs":["https:\/\/www.facebook.com\/laguiadepamplonacom-133175176762273\/?ref=hl","https:\/\/x.com\/LaGuiadPamplona","https:\/\/www.instagram.com\/la_guia_de_pamplona\/","https:\/\/www.youtube.com\/user\/laguiadepamplona"]},{"@type":"Person","@id":"https:\/\/www.laguiadepamplona.com\/actualidad\/#\/schema\/person\/efe887376f0213d4657c93adc50b1fdb","name":"La Gu\u00eda de Pamplona","image":{"@type":"ImageObject","inLanguage":"es","@id":"https:\/\/secure.gravatar.com\/avatar\/b6992f131dc8d30ab0dff15446e9d346d9dbd95992de0fef795073f5ea83a81c?s=96&d=mm&r=g","url":"https:\/\/secure.gravatar.com\/avatar\/b6992f131dc8d30ab0dff15446e9d346d9dbd95992de0fef795073f5ea83a81c?s=96&d=mm&r=g","contentUrl":"https:\/\/secure.gravatar.com\/avatar\/b6992f131dc8d30ab0dff15446e9d346d9dbd95992de0fef795073f5ea83a81c?s=96&d=mm&r=g","caption":"La Gu\u00eda de Pamplona"}}]}},"post_mailing_queue_ids":[],"_links":{"self":[{"href":"https:\/\/www.laguiadepamplona.com\/actualidad\/wp-json\/wp\/v2\/posts\/18467","targetHints":{"allow":["GET"]}}],"collection":[{"href":"https:\/\/www.laguiadepamplona.com\/actualidad\/wp-json\/wp\/v2\/posts"}],"about":[{"href":"https:\/\/www.laguiadepamplona.com\/actualidad\/wp-json\/wp\/v2\/types\/post"}],"author":[{"embeddable":true,"href":"https:\/\/www.laguiadepamplona.com\/actualidad\/wp-json\/wp\/v2\/users\/1"}],"replies":[{"embeddable":true,"href":"https:\/\/www.laguiadepamplona.com\/actualidad\/wp-json\/wp\/v2\/comments?post=18467"}],"version-history":[{"count":0,"href":"https:\/\/www.laguiadepamplona.com\/actualidad\/wp-json\/wp\/v2\/posts\/18467\/revisions"}],"wp:featuredmedia":[{"embeddable":true,"href":"https:\/\/www.laguiadepamplona.com\/actualidad\/wp-json\/wp\/v2\/media\/18002"}],"wp:attachment":[{"href":"https:\/\/www.laguiadepamplona.com\/actualidad\/wp-json\/wp\/v2\/media?parent=18467"}],"wp:term":[{"taxonomy":"category","embeddable":true,"href":"https:\/\/www.laguiadepamplona.com\/actualidad\/wp-json\/wp\/v2\/categories?post=18467"},{"taxonomy":"post_tag","embeddable":true,"href":"https:\/\/www.laguiadepamplona.com\/actualidad\/wp-json\/wp\/v2\/tags?post=18467"}],"curies":[{"name":"wp","href":"https:\/\/api.w.org\/{rel}","templated":true}]}}