{"id":18456,"date":"2018-08-16T13:20:36","date_gmt":"2018-08-16T11:20:36","guid":{"rendered":"https:\/\/www.laguiadepamplona.es\/actualidad\/?p=18456"},"modified":"2018-08-16T13:20:36","modified_gmt":"2018-08-16T11:20:36","slug":"el-programa-atardeceres-pamplona-propone-para-manana-viernes-en-la-plaza-de-la-o-un-taller-infantil-de-cianotipia-y-una-sesion-musical-con-dj-reimy-bike-sound-system","status":"publish","type":"post","link":"https:\/\/www.laguiadepamplona.com\/actualidad\/el-programa-atardeceres-pamplona-propone-para-manana-viernes-en-la-plaza-de-la-o-un-taller-infantil-de-cianotipia-y-una-sesion-musical-con-dj-reimy-bike-sound-system\/","title":{"rendered":"El programa Atardeceres Pamplona propone para ma\u00f1ana viernes en la plaza de la O un taller infantil de cianotipia y una sesi\u00f3n musical con DJ Reimy Bike Sound System"},"content":{"rendered":"<h3>Las actividades comienzan a las 19 horas, est\u00e1n abiertas a la participaci\u00f3n y forman parte de la programaci\u00f3n del Festival de las Murallas<\/h3>\n<p><!--more--><\/p>\n<p>El p\u00fablico infantil ser\u00e1 el protagonista ma\u00f1ana viernes en la programaci\u00f3n de Atardeceres Pamplona. La plaza de la O acoger\u00e1, a partir de las 19 horas, un taller de cianotipia para que ni\u00f1os y ni\u00f1as descubran los secretos de la fotograf\u00eda, del revelado y de sus posibilidades creativas. La tarde contar\u00e1 tambi\u00e9n con la m\u00fasica de DJ Reimy Bike Sound System. Estas actividades y Atardeceres Pamplona forman parte de la programaci\u00f3n veraniega organizada por el Ayuntamiento dentro del Festival de las Murallas.<\/p>\n<p>La cianotipia es un antiguo procedimiento fotogr\u00e1fico que permite crear fotogramas, fotograf\u00edas e impresiones de sombras en diferentes soportes, aprovechando la luz y el poder del sol. En el taller \u2018Cianotipi\u2019 ma\u00f1ana por la tarde, se realizar\u00e1n tres actividades simult\u00e1neas, en un peque\u00f1o circuito, que trasladar\u00e1 a las personas asistentes a una peque\u00f1a aldea india. Se crear\u00e1n un talism\u00e1n indio de falsas cianotipias, una estampaci\u00f3n fotosensible textil (bolsitas de tela) y un mural colectivo. Los ni\u00f1os y ni\u00f1as participantes podr\u00e1n experimentar y jugar con las siluetas y las formas que el sol imprima en sus composiciones. Im\u00e1genes en negativo que, si fuera necesario por falta de luz natural, se insolar\u00e1n acelerando el proceso de revelado con iluminaci\u00f3n artificial.<\/p>\n<p>Este taller \u2018Cianotipi\u2019 est\u00e1 dise\u00f1ado por Art\u00b45 Bellas Artes y Kaligramak, espacios dirigidos por Lorea Larraya, June Garc\u00eda, Daiana Etxeberria y Zuzene Seminario. Art\u00b45 y Kaligramak son tiendas donde se puede encontrar el material especializado de Bellas Artes y tambi\u00e9n imparten talleres y clases de dibujo y pintura en Pamplona y Zizur Mayor.<\/p>\n<p>La parte musical de este nuevo Atardeceres Pamplona correr\u00e1 a cargo de DJ Reimy Bike Sound System. Tras el alter ego de Reimy se esconde Xabier Apestegio, un apasionado de las bicis y DJ desde hace una d\u00e9cada. Sus sesiones ecl\u00e9cticas han hecho bailar al p\u00fablico de festivales como Bilbao BBK Lave, Donostia Jazzaldia o Ibaiertzean. Sus \u00faltimas propuestas combinan las dos ruedas y la m\u00fasica, en definitiva, sound system a pedales para revolucionar la plaza de la O.<\/p>\n","protected":false},"excerpt":{"rendered":"<p>Las actividades comienzan a las 19 horas, est\u00e1n abiertas a la participaci\u00f3n y forman parte de la programaci\u00f3n del Festival de las Murallas<\/p>\n","protected":false},"author":1,"featured_media":18457,"comment_status":"open","ping_status":"closed","sticky":false,"template":"","format":"standard","meta":{"footnotes":""},"categories":[2],"tags":[],"class_list":["post-18456","post","type-post","status-publish","format-standard","has-post-thumbnail","hentry","category-ayuntamiento-pamplona"],"yoast_head":"<!-- This site is optimized with the Yoast SEO plugin v27.9 - https:\/\/yoast.com\/product\/yoast-seo-wordpress\/ -->\n<title>El programa Atardeceres Pamplona propone para ma\u00f1ana viernes en la plaza de la O un taller infantil de cianotipia y una sesi\u00f3n musical con DJ Reimy Bike Sound System<\/title>\n<meta name=\"robots\" content=\"index, follow, max-snippet:-1, max-image-preview:large, max-video-preview:-1\" \/>\n<link rel=\"canonical\" href=\"https:\/\/www.laguiadepamplona.com\/actualidad\/el-programa-atardeceres-pamplona-propone-para-manana-viernes-en-la-plaza-de-la-o-un-taller-infantil-de-cianotipia-y-una-sesion-musical-con-dj-reimy-bike-sound-system\/\" \/>\n<meta property=\"og:locale\" content=\"es_ES\" \/>\n<meta property=\"og:type\" content=\"article\" \/>\n<meta property=\"og:title\" content=\"El programa Atardeceres Pamplona propone para ma\u00f1ana viernes en la plaza de la O un taller infantil de cianotipia y una sesi\u00f3n musical con DJ Reimy Bike Sound System\" \/>\n<meta property=\"og:description\" content=\"Las actividades comienzan a las 19 horas, est\u00e1n abiertas a la participaci\u00f3n y forman parte de la programaci\u00f3n del Festival de las Murallas\" \/>\n<meta property=\"og:url\" content=\"https:\/\/www.laguiadepamplona.com\/actualidad\/el-programa-atardeceres-pamplona-propone-para-manana-viernes-en-la-plaza-de-la-o-un-taller-infantil-de-cianotipia-y-una-sesion-musical-con-dj-reimy-bike-sound-system\/\" \/>\n<meta property=\"og:site_name\" content=\"La Gu\u00eda de Pamplona Noticias y actualidad\" \/>\n<meta property=\"article:publisher\" content=\"https:\/\/www.facebook.com\/laguiadepamplonacom-133175176762273\/?ref=hl\" \/>\n<meta property=\"article:published_time\" content=\"2018-08-16T11:20:36+00:00\" \/>\n<meta property=\"og:image\" content=\"https:\/\/www.laguiadepamplona.com\/actualidad\/wp-content\/uploads\/2018\/08\/18.08.16_cianotipia.jpg\" \/>\n\t<meta property=\"og:image:width\" content=\"1000\" \/>\n\t<meta property=\"og:image:height\" content=\"666\" \/>\n\t<meta property=\"og:image:type\" content=\"image\/jpeg\" \/>\n<meta name=\"author\" content=\"La Gu\u00eda de Pamplona\" \/>\n<meta name=\"twitter:card\" content=\"summary_large_image\" \/>\n<meta name=\"twitter:creator\" content=\"@LaGuiadPamplona\" \/>\n<meta name=\"twitter:site\" content=\"@LaGuiadPamplona\" \/>\n<meta name=\"twitter:label1\" content=\"Escrito por\" \/>\n\t<meta name=\"twitter:data1\" content=\"La Gu\u00eda de Pamplona\" \/>\n\t<meta name=\"twitter:label2\" content=\"Tiempo de lectura\" \/>\n\t<meta name=\"twitter:data2\" content=\"2 minutos\" \/>\n<script type=\"application\/ld+json\" class=\"yoast-schema-graph\">{\"@context\":\"https:\\\/\\\/schema.org\",\"@graph\":[{\"@type\":\"Article\",\"@id\":\"https:\\\/\\\/www.laguiadepamplona.com\\\/actualidad\\\/el-programa-atardeceres-pamplona-propone-para-manana-viernes-en-la-plaza-de-la-o-un-taller-infantil-de-cianotipia-y-una-sesion-musical-con-dj-reimy-bike-sound-system\\\/#article\",\"isPartOf\":{\"@id\":\"https:\\\/\\\/www.laguiadepamplona.com\\\/actualidad\\\/el-programa-atardeceres-pamplona-propone-para-manana-viernes-en-la-plaza-de-la-o-un-taller-infantil-de-cianotipia-y-una-sesion-musical-con-dj-reimy-bike-sound-system\\\/\"},\"author\":{\"name\":\"La Gu\u00eda de Pamplona\",\"@id\":\"https:\\\/\\\/www.laguiadepamplona.com\\\/actualidad\\\/#\\\/schema\\\/person\\\/efe887376f0213d4657c93adc50b1fdb\"},\"headline\":\"El programa Atardeceres Pamplona propone para ma\u00f1ana viernes en la plaza de la O un taller infantil de cianotipia y una sesi\u00f3n musical con DJ Reimy Bike Sound System\",\"datePublished\":\"2018-08-16T11:20:36+00:00\",\"mainEntityOfPage\":{\"@id\":\"https:\\\/\\\/www.laguiadepamplona.com\\\/actualidad\\\/el-programa-atardeceres-pamplona-propone-para-manana-viernes-en-la-plaza-de-la-o-un-taller-infantil-de-cianotipia-y-una-sesion-musical-con-dj-reimy-bike-sound-system\\\/\"},\"wordCount\":419,\"commentCount\":0,\"publisher\":{\"@id\":\"https:\\\/\\\/www.laguiadepamplona.com\\\/actualidad\\\/#organization\"},\"image\":{\"@id\":\"https:\\\/\\\/www.laguiadepamplona.com\\\/actualidad\\\/el-programa-atardeceres-pamplona-propone-para-manana-viernes-en-la-plaza-de-la-o-un-taller-infantil-de-cianotipia-y-una-sesion-musical-con-dj-reimy-bike-sound-system\\\/#primaryimage\"},\"thumbnailUrl\":\"https:\\\/\\\/www.laguiadepamplona.com\\\/actualidad\\\/wp-content\\\/uploads\\\/2018\\\/08\\\/18.08.16_cianotipia.jpg\",\"articleSection\":[\"Ayto Pamplona\"],\"inLanguage\":\"es\",\"potentialAction\":[{\"@type\":\"CommentAction\",\"name\":\"Comment\",\"target\":[\"https:\\\/\\\/www.laguiadepamplona.com\\\/actualidad\\\/el-programa-atardeceres-pamplona-propone-para-manana-viernes-en-la-plaza-de-la-o-un-taller-infantil-de-cianotipia-y-una-sesion-musical-con-dj-reimy-bike-sound-system\\\/#respond\"]}]},{\"@type\":\"WebPage\",\"@id\":\"https:\\\/\\\/www.laguiadepamplona.com\\\/actualidad\\\/el-programa-atardeceres-pamplona-propone-para-manana-viernes-en-la-plaza-de-la-o-un-taller-infantil-de-cianotipia-y-una-sesion-musical-con-dj-reimy-bike-sound-system\\\/\",\"url\":\"https:\\\/\\\/www.laguiadepamplona.com\\\/actualidad\\\/el-programa-atardeceres-pamplona-propone-para-manana-viernes-en-la-plaza-de-la-o-un-taller-infantil-de-cianotipia-y-una-sesion-musical-con-dj-reimy-bike-sound-system\\\/\",\"name\":\"El programa Atardeceres Pamplona propone para ma\u00f1ana viernes en la plaza de la O un taller infantil de cianotipia y una sesi\u00f3n musical con DJ Reimy Bike Sound System\",\"isPartOf\":{\"@id\":\"https:\\\/\\\/www.laguiadepamplona.com\\\/actualidad\\\/#website\"},\"primaryImageOfPage\":{\"@id\":\"https:\\\/\\\/www.laguiadepamplona.com\\\/actualidad\\\/el-programa-atardeceres-pamplona-propone-para-manana-viernes-en-la-plaza-de-la-o-un-taller-infantil-de-cianotipia-y-una-sesion-musical-con-dj-reimy-bike-sound-system\\\/#primaryimage\"},\"image\":{\"@id\":\"https:\\\/\\\/www.laguiadepamplona.com\\\/actualidad\\\/el-programa-atardeceres-pamplona-propone-para-manana-viernes-en-la-plaza-de-la-o-un-taller-infantil-de-cianotipia-y-una-sesion-musical-con-dj-reimy-bike-sound-system\\\/#primaryimage\"},\"thumbnailUrl\":\"https:\\\/\\\/www.laguiadepamplona.com\\\/actualidad\\\/wp-content\\\/uploads\\\/2018\\\/08\\\/18.08.16_cianotipia.jpg\",\"datePublished\":\"2018-08-16T11:20:36+00:00\",\"breadcrumb\":{\"@id\":\"https:\\\/\\\/www.laguiadepamplona.com\\\/actualidad\\\/el-programa-atardeceres-pamplona-propone-para-manana-viernes-en-la-plaza-de-la-o-un-taller-infantil-de-cianotipia-y-una-sesion-musical-con-dj-reimy-bike-sound-system\\\/#breadcrumb\"},\"inLanguage\":\"es\",\"potentialAction\":[{\"@type\":\"ReadAction\",\"target\":[\"https:\\\/\\\/www.laguiadepamplona.com\\\/actualidad\\\/el-programa-atardeceres-pamplona-propone-para-manana-viernes-en-la-plaza-de-la-o-un-taller-infantil-de-cianotipia-y-una-sesion-musical-con-dj-reimy-bike-sound-system\\\/\"]}]},{\"@type\":\"ImageObject\",\"inLanguage\":\"es\",\"@id\":\"https:\\\/\\\/www.laguiadepamplona.com\\\/actualidad\\\/el-programa-atardeceres-pamplona-propone-para-manana-viernes-en-la-plaza-de-la-o-un-taller-infantil-de-cianotipia-y-una-sesion-musical-con-dj-reimy-bike-sound-system\\\/#primaryimage\",\"url\":\"https:\\\/\\\/www.laguiadepamplona.com\\\/actualidad\\\/wp-content\\\/uploads\\\/2018\\\/08\\\/18.08.16_cianotipia.jpg\",\"contentUrl\":\"https:\\\/\\\/www.laguiadepamplona.com\\\/actualidad\\\/wp-content\\\/uploads\\\/2018\\\/08\\\/18.08.16_cianotipia.jpg\",\"width\":1000,\"height\":666},{\"@type\":\"BreadcrumbList\",\"@id\":\"https:\\\/\\\/www.laguiadepamplona.com\\\/actualidad\\\/el-programa-atardeceres-pamplona-propone-para-manana-viernes-en-la-plaza-de-la-o-un-taller-infantil-de-cianotipia-y-una-sesion-musical-con-dj-reimy-bike-sound-system\\\/#breadcrumb\",\"itemListElement\":[{\"@type\":\"ListItem\",\"position\":1,\"name\":\"Portada\",\"item\":\"https:\\\/\\\/www.laguiadepamplona.com\\\/actualidad\\\/\"},{\"@type\":\"ListItem\",\"position\":2,\"name\":\"El programa Atardeceres Pamplona propone para ma\u00f1ana viernes en la plaza de la O un taller infantil de cianotipia y una sesi\u00f3n musical con DJ Reimy Bike Sound System\"}]},{\"@type\":\"WebSite\",\"@id\":\"https:\\\/\\\/www.laguiadepamplona.com\\\/actualidad\\\/#website\",\"url\":\"https:\\\/\\\/www.laguiadepamplona.com\\\/actualidad\\\/\",\"name\":\"La gu\u00eda de Pamplona\",\"description\":\"Noticias de Pamplona\",\"publisher\":{\"@id\":\"https:\\\/\\\/www.laguiadepamplona.com\\\/actualidad\\\/#organization\"},\"potentialAction\":[{\"@type\":\"SearchAction\",\"target\":{\"@type\":\"EntryPoint\",\"urlTemplate\":\"https:\\\/\\\/www.laguiadepamplona.com\\\/actualidad\\\/?s={search_term_string}\"},\"query-input\":{\"@type\":\"PropertyValueSpecification\",\"valueRequired\":true,\"valueName\":\"search_term_string\"}}],\"inLanguage\":\"es\"},{\"@type\":\"Organization\",\"@id\":\"https:\\\/\\\/www.laguiadepamplona.com\\\/actualidad\\\/#organization\",\"name\":\"La Gu\u00eda de Pamplona \\\/ Noticias\",\"url\":\"https:\\\/\\\/www.laguiadepamplona.com\\\/actualidad\\\/\",\"logo\":{\"@type\":\"ImageObject\",\"inLanguage\":\"es\",\"@id\":\"https:\\\/\\\/www.laguiadepamplona.com\\\/actualidad\\\/#\\\/schema\\\/logo\\\/image\\\/\",\"url\":\"https:\\\/\\\/www.laguiadepamplona.com\\\/actualidad\\\/wp-content\\\/uploads\\\/2018\\\/11\\\/logo-laguiadepamplona18-web1.png\",\"contentUrl\":\"https:\\\/\\\/www.laguiadepamplona.com\\\/actualidad\\\/wp-content\\\/uploads\\\/2018\\\/11\\\/logo-laguiadepamplona18-web1.png\",\"width\":600,\"height\":196,\"caption\":\"La Gu\u00eda de Pamplona \\\/ Noticias\"},\"image\":{\"@id\":\"https:\\\/\\\/www.laguiadepamplona.com\\\/actualidad\\\/#\\\/schema\\\/logo\\\/image\\\/\"},\"sameAs\":[\"https:\\\/\\\/www.facebook.com\\\/laguiadepamplonacom-133175176762273\\\/?ref=hl\",\"https:\\\/\\\/x.com\\\/LaGuiadPamplona\",\"https:\\\/\\\/www.instagram.com\\\/la_guia_de_pamplona\\\/\",\"https:\\\/\\\/www.youtube.com\\\/user\\\/laguiadepamplona\"]},{\"@type\":\"Person\",\"@id\":\"https:\\\/\\\/www.laguiadepamplona.com\\\/actualidad\\\/#\\\/schema\\\/person\\\/efe887376f0213d4657c93adc50b1fdb\",\"name\":\"La Gu\u00eda de Pamplona\",\"image\":{\"@type\":\"ImageObject\",\"inLanguage\":\"es\",\"@id\":\"https:\\\/\\\/secure.gravatar.com\\\/avatar\\\/b6992f131dc8d30ab0dff15446e9d346d9dbd95992de0fef795073f5ea83a81c?s=96&d=mm&r=g\",\"url\":\"https:\\\/\\\/secure.gravatar.com\\\/avatar\\\/b6992f131dc8d30ab0dff15446e9d346d9dbd95992de0fef795073f5ea83a81c?s=96&d=mm&r=g\",\"contentUrl\":\"https:\\\/\\\/secure.gravatar.com\\\/avatar\\\/b6992f131dc8d30ab0dff15446e9d346d9dbd95992de0fef795073f5ea83a81c?s=96&d=mm&r=g\",\"caption\":\"La Gu\u00eda de Pamplona\"}}]}<\/script>\n<!-- \/ Yoast SEO plugin. -->","yoast_head_json":{"title":"El programa Atardeceres Pamplona propone para ma\u00f1ana viernes en la plaza de la O un taller infantil de cianotipia y una sesi\u00f3n musical con DJ Reimy Bike Sound System","robots":{"index":"index","follow":"follow","max-snippet":"max-snippet:-1","max-image-preview":"max-image-preview:large","max-video-preview":"max-video-preview:-1"},"canonical":"https:\/\/www.laguiadepamplona.com\/actualidad\/el-programa-atardeceres-pamplona-propone-para-manana-viernes-en-la-plaza-de-la-o-un-taller-infantil-de-cianotipia-y-una-sesion-musical-con-dj-reimy-bike-sound-system\/","og_locale":"es_ES","og_type":"article","og_title":"El programa Atardeceres Pamplona propone para ma\u00f1ana viernes en la plaza de la O un taller infantil de cianotipia y una sesi\u00f3n musical con DJ Reimy Bike Sound System","og_description":"Las actividades comienzan a las 19 horas, est\u00e1n abiertas a la participaci\u00f3n y forman parte de la programaci\u00f3n del Festival de las Murallas","og_url":"https:\/\/www.laguiadepamplona.com\/actualidad\/el-programa-atardeceres-pamplona-propone-para-manana-viernes-en-la-plaza-de-la-o-un-taller-infantil-de-cianotipia-y-una-sesion-musical-con-dj-reimy-bike-sound-system\/","og_site_name":"La Gu\u00eda de Pamplona Noticias y actualidad","article_publisher":"https:\/\/www.facebook.com\/laguiadepamplonacom-133175176762273\/?ref=hl","article_published_time":"2018-08-16T11:20:36+00:00","og_image":[{"width":1000,"height":666,"url":"https:\/\/www.laguiadepamplona.com\/actualidad\/wp-content\/uploads\/2018\/08\/18.08.16_cianotipia.jpg","type":"image\/jpeg"}],"author":"La Gu\u00eda de Pamplona","twitter_card":"summary_large_image","twitter_creator":"@LaGuiadPamplona","twitter_site":"@LaGuiadPamplona","twitter_misc":{"Escrito por":"La Gu\u00eda de Pamplona","Tiempo de lectura":"2 minutos"},"schema":{"@context":"https:\/\/schema.org","@graph":[{"@type":"Article","@id":"https:\/\/www.laguiadepamplona.com\/actualidad\/el-programa-atardeceres-pamplona-propone-para-manana-viernes-en-la-plaza-de-la-o-un-taller-infantil-de-cianotipia-y-una-sesion-musical-con-dj-reimy-bike-sound-system\/#article","isPartOf":{"@id":"https:\/\/www.laguiadepamplona.com\/actualidad\/el-programa-atardeceres-pamplona-propone-para-manana-viernes-en-la-plaza-de-la-o-un-taller-infantil-de-cianotipia-y-una-sesion-musical-con-dj-reimy-bike-sound-system\/"},"author":{"name":"La Gu\u00eda de Pamplona","@id":"https:\/\/www.laguiadepamplona.com\/actualidad\/#\/schema\/person\/efe887376f0213d4657c93adc50b1fdb"},"headline":"El programa Atardeceres Pamplona propone para ma\u00f1ana viernes en la plaza de la O un taller infantil de cianotipia y una sesi\u00f3n musical con DJ Reimy Bike Sound System","datePublished":"2018-08-16T11:20:36+00:00","mainEntityOfPage":{"@id":"https:\/\/www.laguiadepamplona.com\/actualidad\/el-programa-atardeceres-pamplona-propone-para-manana-viernes-en-la-plaza-de-la-o-un-taller-infantil-de-cianotipia-y-una-sesion-musical-con-dj-reimy-bike-sound-system\/"},"wordCount":419,"commentCount":0,"publisher":{"@id":"https:\/\/www.laguiadepamplona.com\/actualidad\/#organization"},"image":{"@id":"https:\/\/www.laguiadepamplona.com\/actualidad\/el-programa-atardeceres-pamplona-propone-para-manana-viernes-en-la-plaza-de-la-o-un-taller-infantil-de-cianotipia-y-una-sesion-musical-con-dj-reimy-bike-sound-system\/#primaryimage"},"thumbnailUrl":"https:\/\/www.laguiadepamplona.com\/actualidad\/wp-content\/uploads\/2018\/08\/18.08.16_cianotipia.jpg","articleSection":["Ayto Pamplona"],"inLanguage":"es","potentialAction":[{"@type":"CommentAction","name":"Comment","target":["https:\/\/www.laguiadepamplona.com\/actualidad\/el-programa-atardeceres-pamplona-propone-para-manana-viernes-en-la-plaza-de-la-o-un-taller-infantil-de-cianotipia-y-una-sesion-musical-con-dj-reimy-bike-sound-system\/#respond"]}]},{"@type":"WebPage","@id":"https:\/\/www.laguiadepamplona.com\/actualidad\/el-programa-atardeceres-pamplona-propone-para-manana-viernes-en-la-plaza-de-la-o-un-taller-infantil-de-cianotipia-y-una-sesion-musical-con-dj-reimy-bike-sound-system\/","url":"https:\/\/www.laguiadepamplona.com\/actualidad\/el-programa-atardeceres-pamplona-propone-para-manana-viernes-en-la-plaza-de-la-o-un-taller-infantil-de-cianotipia-y-una-sesion-musical-con-dj-reimy-bike-sound-system\/","name":"El programa Atardeceres Pamplona propone para ma\u00f1ana viernes en la plaza de la O un taller infantil de cianotipia y una sesi\u00f3n musical con DJ Reimy Bike Sound System","isPartOf":{"@id":"https:\/\/www.laguiadepamplona.com\/actualidad\/#website"},"primaryImageOfPage":{"@id":"https:\/\/www.laguiadepamplona.com\/actualidad\/el-programa-atardeceres-pamplona-propone-para-manana-viernes-en-la-plaza-de-la-o-un-taller-infantil-de-cianotipia-y-una-sesion-musical-con-dj-reimy-bike-sound-system\/#primaryimage"},"image":{"@id":"https:\/\/www.laguiadepamplona.com\/actualidad\/el-programa-atardeceres-pamplona-propone-para-manana-viernes-en-la-plaza-de-la-o-un-taller-infantil-de-cianotipia-y-una-sesion-musical-con-dj-reimy-bike-sound-system\/#primaryimage"},"thumbnailUrl":"https:\/\/www.laguiadepamplona.com\/actualidad\/wp-content\/uploads\/2018\/08\/18.08.16_cianotipia.jpg","datePublished":"2018-08-16T11:20:36+00:00","breadcrumb":{"@id":"https:\/\/www.laguiadepamplona.com\/actualidad\/el-programa-atardeceres-pamplona-propone-para-manana-viernes-en-la-plaza-de-la-o-un-taller-infantil-de-cianotipia-y-una-sesion-musical-con-dj-reimy-bike-sound-system\/#breadcrumb"},"inLanguage":"es","potentialAction":[{"@type":"ReadAction","target":["https:\/\/www.laguiadepamplona.com\/actualidad\/el-programa-atardeceres-pamplona-propone-para-manana-viernes-en-la-plaza-de-la-o-un-taller-infantil-de-cianotipia-y-una-sesion-musical-con-dj-reimy-bike-sound-system\/"]}]},{"@type":"ImageObject","inLanguage":"es","@id":"https:\/\/www.laguiadepamplona.com\/actualidad\/el-programa-atardeceres-pamplona-propone-para-manana-viernes-en-la-plaza-de-la-o-un-taller-infantil-de-cianotipia-y-una-sesion-musical-con-dj-reimy-bike-sound-system\/#primaryimage","url":"https:\/\/www.laguiadepamplona.com\/actualidad\/wp-content\/uploads\/2018\/08\/18.08.16_cianotipia.jpg","contentUrl":"https:\/\/www.laguiadepamplona.com\/actualidad\/wp-content\/uploads\/2018\/08\/18.08.16_cianotipia.jpg","width":1000,"height":666},{"@type":"BreadcrumbList","@id":"https:\/\/www.laguiadepamplona.com\/actualidad\/el-programa-atardeceres-pamplona-propone-para-manana-viernes-en-la-plaza-de-la-o-un-taller-infantil-de-cianotipia-y-una-sesion-musical-con-dj-reimy-bike-sound-system\/#breadcrumb","itemListElement":[{"@type":"ListItem","position":1,"name":"Portada","item":"https:\/\/www.laguiadepamplona.com\/actualidad\/"},{"@type":"ListItem","position":2,"name":"El programa Atardeceres Pamplona propone para ma\u00f1ana viernes en la plaza de la O un taller infantil de cianotipia y una sesi\u00f3n musical con DJ Reimy Bike Sound System"}]},{"@type":"WebSite","@id":"https:\/\/www.laguiadepamplona.com\/actualidad\/#website","url":"https:\/\/www.laguiadepamplona.com\/actualidad\/","name":"La gu\u00eda de Pamplona","description":"Noticias de Pamplona","publisher":{"@id":"https:\/\/www.laguiadepamplona.com\/actualidad\/#organization"},"potentialAction":[{"@type":"SearchAction","target":{"@type":"EntryPoint","urlTemplate":"https:\/\/www.laguiadepamplona.com\/actualidad\/?s={search_term_string}"},"query-input":{"@type":"PropertyValueSpecification","valueRequired":true,"valueName":"search_term_string"}}],"inLanguage":"es"},{"@type":"Organization","@id":"https:\/\/www.laguiadepamplona.com\/actualidad\/#organization","name":"La Gu\u00eda de Pamplona \/ Noticias","url":"https:\/\/www.laguiadepamplona.com\/actualidad\/","logo":{"@type":"ImageObject","inLanguage":"es","@id":"https:\/\/www.laguiadepamplona.com\/actualidad\/#\/schema\/logo\/image\/","url":"https:\/\/www.laguiadepamplona.com\/actualidad\/wp-content\/uploads\/2018\/11\/logo-laguiadepamplona18-web1.png","contentUrl":"https:\/\/www.laguiadepamplona.com\/actualidad\/wp-content\/uploads\/2018\/11\/logo-laguiadepamplona18-web1.png","width":600,"height":196,"caption":"La Gu\u00eda de Pamplona \/ Noticias"},"image":{"@id":"https:\/\/www.laguiadepamplona.com\/actualidad\/#\/schema\/logo\/image\/"},"sameAs":["https:\/\/www.facebook.com\/laguiadepamplonacom-133175176762273\/?ref=hl","https:\/\/x.com\/LaGuiadPamplona","https:\/\/www.instagram.com\/la_guia_de_pamplona\/","https:\/\/www.youtube.com\/user\/laguiadepamplona"]},{"@type":"Person","@id":"https:\/\/www.laguiadepamplona.com\/actualidad\/#\/schema\/person\/efe887376f0213d4657c93adc50b1fdb","name":"La Gu\u00eda de Pamplona","image":{"@type":"ImageObject","inLanguage":"es","@id":"https:\/\/secure.gravatar.com\/avatar\/b6992f131dc8d30ab0dff15446e9d346d9dbd95992de0fef795073f5ea83a81c?s=96&d=mm&r=g","url":"https:\/\/secure.gravatar.com\/avatar\/b6992f131dc8d30ab0dff15446e9d346d9dbd95992de0fef795073f5ea83a81c?s=96&d=mm&r=g","contentUrl":"https:\/\/secure.gravatar.com\/avatar\/b6992f131dc8d30ab0dff15446e9d346d9dbd95992de0fef795073f5ea83a81c?s=96&d=mm&r=g","caption":"La Gu\u00eda de Pamplona"}}]}},"post_mailing_queue_ids":[],"_links":{"self":[{"href":"https:\/\/www.laguiadepamplona.com\/actualidad\/wp-json\/wp\/v2\/posts\/18456","targetHints":{"allow":["GET"]}}],"collection":[{"href":"https:\/\/www.laguiadepamplona.com\/actualidad\/wp-json\/wp\/v2\/posts"}],"about":[{"href":"https:\/\/www.laguiadepamplona.com\/actualidad\/wp-json\/wp\/v2\/types\/post"}],"author":[{"embeddable":true,"href":"https:\/\/www.laguiadepamplona.com\/actualidad\/wp-json\/wp\/v2\/users\/1"}],"replies":[{"embeddable":true,"href":"https:\/\/www.laguiadepamplona.com\/actualidad\/wp-json\/wp\/v2\/comments?post=18456"}],"version-history":[{"count":0,"href":"https:\/\/www.laguiadepamplona.com\/actualidad\/wp-json\/wp\/v2\/posts\/18456\/revisions"}],"wp:featuredmedia":[{"embeddable":true,"href":"https:\/\/www.laguiadepamplona.com\/actualidad\/wp-json\/wp\/v2\/media\/18457"}],"wp:attachment":[{"href":"https:\/\/www.laguiadepamplona.com\/actualidad\/wp-json\/wp\/v2\/media?parent=18456"}],"wp:term":[{"taxonomy":"category","embeddable":true,"href":"https:\/\/www.laguiadepamplona.com\/actualidad\/wp-json\/wp\/v2\/categories?post=18456"},{"taxonomy":"post_tag","embeddable":true,"href":"https:\/\/www.laguiadepamplona.com\/actualidad\/wp-json\/wp\/v2\/tags?post=18456"}],"curies":[{"name":"wp","href":"https:\/\/api.w.org\/{rel}","templated":true}]}}