{"id":18453,"date":"2018-08-16T13:18:53","date_gmt":"2018-08-16T11:18:53","guid":{"rendered":"https:\/\/www.laguiadepamplona.es\/actualidad\/?p=18453"},"modified":"2018-08-16T13:18:53","modified_gmt":"2018-08-16T11:18:53","slug":"la-iluminacion-la-musica-y-el-canto-en-directo-y-la-danza-vertical-convertiran-en-magico-el-baluarte-de-guadalupe-en-el-ultimo-espectaculo-de-la-muralla-en-danza","status":"publish","type":"post","link":"https:\/\/www.laguiadepamplona.com\/actualidad\/la-iluminacion-la-musica-y-el-canto-en-directo-y-la-danza-vertical-convertiran-en-magico-el-baluarte-de-guadalupe-en-el-ultimo-espectaculo-de-la-muralla-en-danza\/","title":{"rendered":"La iluminaci\u00f3n, la m\u00fasica y el canto en directo y la danza vertical convertir\u00e1n en m\u00e1gico el Baluarte de Guadalupe en el \u00faltimo espect\u00e1culo de \u2018La muralla en danza\u2019"},"content":{"rendered":"<h3>LINEA dARIA de Italia pone en escena el viernes \u2018Le vie del sale\u2019 mientras que La Banda presenta \u2018UP\u2019 y DJ Netanyahu, la ambientaci\u00f3n musical<\/h3>\n<p><!--more--><\/p>\n<p>La danza vertical acompa\u00f1ada por los efectos de iluminaci\u00f3n y la m\u00fasica y el canto en directo convertir\u00e1n en m\u00e1gico el Baluarte de Guadalupe en el \u00faltimo espect\u00e1culo del ciclo de \u2018La muralla en danza\u2019 que se celebrar\u00e1 el pr\u00f3ximo viernes 17 de agosto. La compa\u00f1\u00eda italiana LINEA dARIA presentar\u00e1 el espect\u00e1culo \u2018Le vie del sale\u2019. Previamente, el grupo navarro La Banda pondr\u00e1 en escena \u2018UP\u2019 y como en habitual en todas las sesiones de La muralla en danza\u2019 habr\u00e1 ambientaci\u00f3n musical, en esta ocasi\u00f3n de la mano de DJ Netanyahu.<\/p>\n<p>Las entradas cuestan 16 euros y dan derecho a dos pinchos y dos consumiciones. Los menores de 12 a\u00f1os tienen el acceso gratuito. Las entradas se venden en <a href=\"http:\/\/www.entradascajarural.com\/\" target=\"_blank\" rel=\"noopener\">www.entradascajarural.com<\/a>, en la Oficina de Turismo de la Plaza Consistorial y en la taquilla de acceso al baluarte de Guadalupe. Como en ediciones anteriores habr\u00e1 servicio de terraza. La novedad es que se est\u00e1 utilizando el vaso reutilizable, cuyo importe ser\u00e1 de un euro que se reembolsar\u00e1 al ser devuelto. Las puertas de acceso se abrir\u00e1n a las 20.30 horas. Sobre las 21.30, al anochecer, actuar\u00e1 La Banda y media hora despu\u00e9s LINEA dARIA.<\/p>\n<p><strong>Dos bailarinas acompa\u00f1adas por arpa celta, percusi\u00f3n y cantante en directo<\/strong><\/p>\n<p>En el espect\u00e1culo \u2018Le vie del sale\u2019, que est\u00e1 incluido en la programaci\u00f3n del Festival de las Murallas, dos bailarinas y tres m\u00fasicos transportar\u00e1n al p\u00fablico a una atm\u00f3sfera de magia, suspense y sugerencias inusuales. Ser\u00e1, tal y como explican sus protagonistas \u201cun viaje para el arpa y la voz en las antiguas rutas de sal y seda desde el Mediterr\u00e1neo hasta el extremo norte con canciones y m\u00fasica recopiladas en la carretera y por mar, junto con los mercaderes y sus leyendas\u00bb.<\/p>\n<p>Roberta Calcagno y Lucia Folco, bailarinas e int\u00e9rpretes, comparten la misma trayectoria art\u00edstica. Despu\u00e9s de haber recibido formaci\u00f3n en danza cl\u00e1sica, comenzaron a realizar danza contempor\u00e1nea y teatro musical, estudiando y trabajando en Italia y en el extranjero. Empezaron con la danza vertical despu\u00e9s de conocer a la compa\u00f1\u00eda Il Posto dirigida por Wanda Moretti, quien les form\u00f3. Sus espect\u00e1culos han sido representados en lugares hist\u00f3ricos y entornos urbanos, principalmente de Italia.<\/p>\n<p>A Pamplona llegar\u00e1n acompa\u00f1adas por los m\u00fasicos Katia Zunino y Boris Petthman y la cantante Eliana Zunino. Eliana Zunino estudi\u00f3 Educaci\u00f3n Superior en Canto en la Universidad de Bolonia y Psicolog\u00eda de la Voz, en la Universidad del Sagrado Coraz\u00f3n de Mil\u00e1n. Adem\u00e1s, ha asistido a cursos sobre musicoterapia, m\u00e9todos de voz, canto arm\u00f3nico o canto tradicional irland\u00e9s. Ha sido profesora de canto moderno durante m\u00e1s de diez a\u00f1os. Ha participado en numerosos eventos y festivales internacionales de Inglaterra, Francia, B\u00e9lgica, Espa\u00f1a, Eslovenia y Suiza. Actualmente trabaja como solista en formaciones de d\u00faos y tr\u00edos con diferentes m\u00fasicos y recientemente ha participado en una gira por Nueva York y Filadelfia.<\/p>\n<p>Katia Zunino estudi\u00f3 piano y arpa cl\u00e1sica en el Conservatorio de Tur\u00edn y en Novara para centrarse posteriormente en el arpa celta, especializ\u00e1ndose en Irlanda, Escocia y Breta\u00f1a. Ha actuado junto a prestigios m\u00fasicos de este instrumento y como solista en conciertos por toda Europa en auditorios y festivas y en alg\u00fan programa de televisi\u00f3n. Su trabajo ha sido recompensado en varios concursos internacionales. Todo ello lo ha compaginado con la ense\u00f1anza. El tunecino Boris Petthman estudi\u00f3 m\u00fasica y percusi\u00f3n en Canterbury, Reino Unido. Continu\u00f3 su actividad como concertista con percusionistas y bandas de fama internacional, colaborando con el Level 42 y con otros reconocidos artistas del funk, jazz latino y pop. Tambi\u00e9n es profesor de percusi\u00f3n y efectos de sonido.<\/p>\n<p><strong>La Banda presentar\u00e1 su tercer espect\u00e1culo en este ciclo<\/strong><\/p>\n<p>Previamente a LINEA dARIA, actuar\u00e1 La Banda como en las dos sesiones anteriores de \u2018La muralla en danza\u2019. Esta compa\u00f1\u00eda navarra ha presentado un espect\u00e1culo diferente cada d\u00eda. Este viernes pondr\u00e1 en escena \u2018Up\u2019, que al igual que en los anteriores unir\u00e1 el trabajo corporal con las artes circenses y una puesta en escena visual a trav\u00e9s de diferentes im\u00e1genes. La Banda est\u00e1 compuesta por Izaskun Lasarte y Nano Napal. Izaskun Lasarte, formada en Escuela Navarra de Teatro, se inici\u00f3 en las t\u00e9cnicas circenses en 2008, especializ\u00e1ndose en Madrid en las acrobacias combinadas y a\u00e9reas. Ha trabajado en otras compa\u00f1\u00edas como Teatrakalakalle o Zirika Zirkus. Nano Napal es un artista polifac\u00e9tico y multidisciplinar formado en la escuela de Zirko Oreka hasta 2005 y en la Escuela Navarra de Teatro de 2008 a 2012. Ha trabajado con T\u00b4Ombligo Teatro, Yarleku o Dinamo Danza.<\/p>\n<p>Dj Netanyahu repite en el Festival debido a la buena acogida que ha tenido en las ediciones pasadas. Se trata del alter ego musical con el que I\u00f1igo Urd\u00edroz lleva desarrollando su faceta de DJ en los principales bares de indie y pop de Pamplona, en la \u00faltima d\u00e9cada. En sus sesiones se puede comprobar su predilecci\u00f3n por los grupos cl\u00e1sicos brit\u00e1nicos y el sonido Manchester, as\u00ed como por las nuevas bandas emergentes.<\/p>\n<p>&nbsp;<\/p>\n","protected":false},"excerpt":{"rendered":"<p>LINEA dARIA de Italia pone en escena el viernes \u2018Le vie del sale\u2019 mientras que La Banda presenta \u2018UP\u2019 y DJ Netanyahu, la ambientaci\u00f3n musical<\/p>\n","protected":false},"author":1,"featured_media":18454,"comment_status":"open","ping_status":"closed","sticky":false,"template":"","format":"standard","meta":{"footnotes":""},"categories":[2],"tags":[],"class_list":["post-18453","post","type-post","status-publish","format-standard","has-post-thumbnail","hentry","category-ayuntamiento-pamplona"],"yoast_head":"<!-- This site is optimized with the Yoast SEO plugin v27.9 - https:\/\/yoast.com\/product\/yoast-seo-wordpress\/ -->\n<title>La iluminaci\u00f3n, la m\u00fasica y el canto en directo y la danza vertical convertir\u00e1n en m\u00e1gico el Baluarte de Guadalupe en el \u00faltimo espect\u00e1culo de \u2018La muralla en danza\u2019<\/title>\n<meta name=\"robots\" content=\"index, follow, max-snippet:-1, max-image-preview:large, max-video-preview:-1\" \/>\n<link rel=\"canonical\" href=\"https:\/\/www.laguiadepamplona.com\/actualidad\/la-iluminacion-la-musica-y-el-canto-en-directo-y-la-danza-vertical-convertiran-en-magico-el-baluarte-de-guadalupe-en-el-ultimo-espectaculo-de-la-muralla-en-danza\/\" \/>\n<meta property=\"og:locale\" content=\"es_ES\" \/>\n<meta property=\"og:type\" content=\"article\" \/>\n<meta property=\"og:title\" content=\"La iluminaci\u00f3n, la m\u00fasica y el canto en directo y la danza vertical convertir\u00e1n en m\u00e1gico el Baluarte de Guadalupe en el \u00faltimo espect\u00e1culo de \u2018La muralla en danza\u2019\" \/>\n<meta property=\"og:description\" content=\"LINEA dARIA de Italia pone en escena el viernes \u2018Le vie del sale\u2019 mientras que La Banda presenta \u2018UP\u2019 y DJ Netanyahu, la ambientaci\u00f3n musical\" \/>\n<meta property=\"og:url\" content=\"https:\/\/www.laguiadepamplona.com\/actualidad\/la-iluminacion-la-musica-y-el-canto-en-directo-y-la-danza-vertical-convertiran-en-magico-el-baluarte-de-guadalupe-en-el-ultimo-espectaculo-de-la-muralla-en-danza\/\" \/>\n<meta property=\"og:site_name\" content=\"La Gu\u00eda de Pamplona Noticias y actualidad\" \/>\n<meta property=\"article:publisher\" content=\"https:\/\/www.facebook.com\/laguiadepamplonacom-133175176762273\/?ref=hl\" \/>\n<meta property=\"article:published_time\" content=\"2018-08-16T11:18:53+00:00\" \/>\n<meta property=\"og:image\" content=\"https:\/\/www.laguiadepamplona.com\/actualidad\/wp-content\/uploads\/2018\/08\/18.08.16_muralla_danza_LINEA_dARIA.jpg\" \/>\n\t<meta property=\"og:image:width\" content=\"1000\" \/>\n\t<meta property=\"og:image:height\" content=\"667\" \/>\n\t<meta property=\"og:image:type\" content=\"image\/jpeg\" \/>\n<meta name=\"author\" content=\"La Gu\u00eda de Pamplona\" \/>\n<meta name=\"twitter:card\" content=\"summary_large_image\" \/>\n<meta name=\"twitter:creator\" content=\"@LaGuiadPamplona\" \/>\n<meta name=\"twitter:site\" content=\"@LaGuiadPamplona\" \/>\n<meta name=\"twitter:label1\" content=\"Escrito por\" \/>\n\t<meta name=\"twitter:data1\" content=\"La Gu\u00eda de Pamplona\" \/>\n\t<meta name=\"twitter:label2\" content=\"Tiempo de lectura\" \/>\n\t<meta name=\"twitter:data2\" content=\"5 minutos\" \/>\n<script type=\"application\/ld+json\" class=\"yoast-schema-graph\">{\"@context\":\"https:\\\/\\\/schema.org\",\"@graph\":[{\"@type\":\"Article\",\"@id\":\"https:\\\/\\\/www.laguiadepamplona.com\\\/actualidad\\\/la-iluminacion-la-musica-y-el-canto-en-directo-y-la-danza-vertical-convertiran-en-magico-el-baluarte-de-guadalupe-en-el-ultimo-espectaculo-de-la-muralla-en-danza\\\/#article\",\"isPartOf\":{\"@id\":\"https:\\\/\\\/www.laguiadepamplona.com\\\/actualidad\\\/la-iluminacion-la-musica-y-el-canto-en-directo-y-la-danza-vertical-convertiran-en-magico-el-baluarte-de-guadalupe-en-el-ultimo-espectaculo-de-la-muralla-en-danza\\\/\"},\"author\":{\"name\":\"La Gu\u00eda de Pamplona\",\"@id\":\"https:\\\/\\\/www.laguiadepamplona.com\\\/actualidad\\\/#\\\/schema\\\/person\\\/efe887376f0213d4657c93adc50b1fdb\"},\"headline\":\"La iluminaci\u00f3n, la m\u00fasica y el canto en directo y la danza vertical convertir\u00e1n en m\u00e1gico el Baluarte de Guadalupe en el \u00faltimo espect\u00e1culo de \u2018La muralla en danza\u2019\",\"datePublished\":\"2018-08-16T11:18:53+00:00\",\"mainEntityOfPage\":{\"@id\":\"https:\\\/\\\/www.laguiadepamplona.com\\\/actualidad\\\/la-iluminacion-la-musica-y-el-canto-en-directo-y-la-danza-vertical-convertiran-en-magico-el-baluarte-de-guadalupe-en-el-ultimo-espectaculo-de-la-muralla-en-danza\\\/\"},\"wordCount\":949,\"commentCount\":0,\"publisher\":{\"@id\":\"https:\\\/\\\/www.laguiadepamplona.com\\\/actualidad\\\/#organization\"},\"image\":{\"@id\":\"https:\\\/\\\/www.laguiadepamplona.com\\\/actualidad\\\/la-iluminacion-la-musica-y-el-canto-en-directo-y-la-danza-vertical-convertiran-en-magico-el-baluarte-de-guadalupe-en-el-ultimo-espectaculo-de-la-muralla-en-danza\\\/#primaryimage\"},\"thumbnailUrl\":\"https:\\\/\\\/www.laguiadepamplona.com\\\/actualidad\\\/wp-content\\\/uploads\\\/2018\\\/08\\\/18.08.16_muralla_danza_LINEA_dARIA.jpg\",\"articleSection\":[\"Ayto Pamplona\"],\"inLanguage\":\"es\",\"potentialAction\":[{\"@type\":\"CommentAction\",\"name\":\"Comment\",\"target\":[\"https:\\\/\\\/www.laguiadepamplona.com\\\/actualidad\\\/la-iluminacion-la-musica-y-el-canto-en-directo-y-la-danza-vertical-convertiran-en-magico-el-baluarte-de-guadalupe-en-el-ultimo-espectaculo-de-la-muralla-en-danza\\\/#respond\"]}]},{\"@type\":\"WebPage\",\"@id\":\"https:\\\/\\\/www.laguiadepamplona.com\\\/actualidad\\\/la-iluminacion-la-musica-y-el-canto-en-directo-y-la-danza-vertical-convertiran-en-magico-el-baluarte-de-guadalupe-en-el-ultimo-espectaculo-de-la-muralla-en-danza\\\/\",\"url\":\"https:\\\/\\\/www.laguiadepamplona.com\\\/actualidad\\\/la-iluminacion-la-musica-y-el-canto-en-directo-y-la-danza-vertical-convertiran-en-magico-el-baluarte-de-guadalupe-en-el-ultimo-espectaculo-de-la-muralla-en-danza\\\/\",\"name\":\"La iluminaci\u00f3n, la m\u00fasica y el canto en directo y la danza vertical convertir\u00e1n en m\u00e1gico el Baluarte de Guadalupe en el \u00faltimo espect\u00e1culo de \u2018La muralla en danza\u2019\",\"isPartOf\":{\"@id\":\"https:\\\/\\\/www.laguiadepamplona.com\\\/actualidad\\\/#website\"},\"primaryImageOfPage\":{\"@id\":\"https:\\\/\\\/www.laguiadepamplona.com\\\/actualidad\\\/la-iluminacion-la-musica-y-el-canto-en-directo-y-la-danza-vertical-convertiran-en-magico-el-baluarte-de-guadalupe-en-el-ultimo-espectaculo-de-la-muralla-en-danza\\\/#primaryimage\"},\"image\":{\"@id\":\"https:\\\/\\\/www.laguiadepamplona.com\\\/actualidad\\\/la-iluminacion-la-musica-y-el-canto-en-directo-y-la-danza-vertical-convertiran-en-magico-el-baluarte-de-guadalupe-en-el-ultimo-espectaculo-de-la-muralla-en-danza\\\/#primaryimage\"},\"thumbnailUrl\":\"https:\\\/\\\/www.laguiadepamplona.com\\\/actualidad\\\/wp-content\\\/uploads\\\/2018\\\/08\\\/18.08.16_muralla_danza_LINEA_dARIA.jpg\",\"datePublished\":\"2018-08-16T11:18:53+00:00\",\"breadcrumb\":{\"@id\":\"https:\\\/\\\/www.laguiadepamplona.com\\\/actualidad\\\/la-iluminacion-la-musica-y-el-canto-en-directo-y-la-danza-vertical-convertiran-en-magico-el-baluarte-de-guadalupe-en-el-ultimo-espectaculo-de-la-muralla-en-danza\\\/#breadcrumb\"},\"inLanguage\":\"es\",\"potentialAction\":[{\"@type\":\"ReadAction\",\"target\":[\"https:\\\/\\\/www.laguiadepamplona.com\\\/actualidad\\\/la-iluminacion-la-musica-y-el-canto-en-directo-y-la-danza-vertical-convertiran-en-magico-el-baluarte-de-guadalupe-en-el-ultimo-espectaculo-de-la-muralla-en-danza\\\/\"]}]},{\"@type\":\"ImageObject\",\"inLanguage\":\"es\",\"@id\":\"https:\\\/\\\/www.laguiadepamplona.com\\\/actualidad\\\/la-iluminacion-la-musica-y-el-canto-en-directo-y-la-danza-vertical-convertiran-en-magico-el-baluarte-de-guadalupe-en-el-ultimo-espectaculo-de-la-muralla-en-danza\\\/#primaryimage\",\"url\":\"https:\\\/\\\/www.laguiadepamplona.com\\\/actualidad\\\/wp-content\\\/uploads\\\/2018\\\/08\\\/18.08.16_muralla_danza_LINEA_dARIA.jpg\",\"contentUrl\":\"https:\\\/\\\/www.laguiadepamplona.com\\\/actualidad\\\/wp-content\\\/uploads\\\/2018\\\/08\\\/18.08.16_muralla_danza_LINEA_dARIA.jpg\",\"width\":1000,\"height\":667},{\"@type\":\"BreadcrumbList\",\"@id\":\"https:\\\/\\\/www.laguiadepamplona.com\\\/actualidad\\\/la-iluminacion-la-musica-y-el-canto-en-directo-y-la-danza-vertical-convertiran-en-magico-el-baluarte-de-guadalupe-en-el-ultimo-espectaculo-de-la-muralla-en-danza\\\/#breadcrumb\",\"itemListElement\":[{\"@type\":\"ListItem\",\"position\":1,\"name\":\"Portada\",\"item\":\"https:\\\/\\\/www.laguiadepamplona.com\\\/actualidad\\\/\"},{\"@type\":\"ListItem\",\"position\":2,\"name\":\"La iluminaci\u00f3n, la m\u00fasica y el canto en directo y la danza vertical convertir\u00e1n en m\u00e1gico el Baluarte de Guadalupe en el \u00faltimo espect\u00e1culo de \u2018La muralla en danza\u2019\"}]},{\"@type\":\"WebSite\",\"@id\":\"https:\\\/\\\/www.laguiadepamplona.com\\\/actualidad\\\/#website\",\"url\":\"https:\\\/\\\/www.laguiadepamplona.com\\\/actualidad\\\/\",\"name\":\"La gu\u00eda de Pamplona\",\"description\":\"Noticias de Pamplona\",\"publisher\":{\"@id\":\"https:\\\/\\\/www.laguiadepamplona.com\\\/actualidad\\\/#organization\"},\"potentialAction\":[{\"@type\":\"SearchAction\",\"target\":{\"@type\":\"EntryPoint\",\"urlTemplate\":\"https:\\\/\\\/www.laguiadepamplona.com\\\/actualidad\\\/?s={search_term_string}\"},\"query-input\":{\"@type\":\"PropertyValueSpecification\",\"valueRequired\":true,\"valueName\":\"search_term_string\"}}],\"inLanguage\":\"es\"},{\"@type\":\"Organization\",\"@id\":\"https:\\\/\\\/www.laguiadepamplona.com\\\/actualidad\\\/#organization\",\"name\":\"La Gu\u00eda de Pamplona \\\/ Noticias\",\"url\":\"https:\\\/\\\/www.laguiadepamplona.com\\\/actualidad\\\/\",\"logo\":{\"@type\":\"ImageObject\",\"inLanguage\":\"es\",\"@id\":\"https:\\\/\\\/www.laguiadepamplona.com\\\/actualidad\\\/#\\\/schema\\\/logo\\\/image\\\/\",\"url\":\"https:\\\/\\\/www.laguiadepamplona.com\\\/actualidad\\\/wp-content\\\/uploads\\\/2018\\\/11\\\/logo-laguiadepamplona18-web1.png\",\"contentUrl\":\"https:\\\/\\\/www.laguiadepamplona.com\\\/actualidad\\\/wp-content\\\/uploads\\\/2018\\\/11\\\/logo-laguiadepamplona18-web1.png\",\"width\":600,\"height\":196,\"caption\":\"La Gu\u00eda de Pamplona \\\/ Noticias\"},\"image\":{\"@id\":\"https:\\\/\\\/www.laguiadepamplona.com\\\/actualidad\\\/#\\\/schema\\\/logo\\\/image\\\/\"},\"sameAs\":[\"https:\\\/\\\/www.facebook.com\\\/laguiadepamplonacom-133175176762273\\\/?ref=hl\",\"https:\\\/\\\/x.com\\\/LaGuiadPamplona\",\"https:\\\/\\\/www.instagram.com\\\/la_guia_de_pamplona\\\/\",\"https:\\\/\\\/www.youtube.com\\\/user\\\/laguiadepamplona\"]},{\"@type\":\"Person\",\"@id\":\"https:\\\/\\\/www.laguiadepamplona.com\\\/actualidad\\\/#\\\/schema\\\/person\\\/efe887376f0213d4657c93adc50b1fdb\",\"name\":\"La Gu\u00eda de Pamplona\",\"image\":{\"@type\":\"ImageObject\",\"inLanguage\":\"es\",\"@id\":\"https:\\\/\\\/secure.gravatar.com\\\/avatar\\\/b6992f131dc8d30ab0dff15446e9d346d9dbd95992de0fef795073f5ea83a81c?s=96&d=mm&r=g\",\"url\":\"https:\\\/\\\/secure.gravatar.com\\\/avatar\\\/b6992f131dc8d30ab0dff15446e9d346d9dbd95992de0fef795073f5ea83a81c?s=96&d=mm&r=g\",\"contentUrl\":\"https:\\\/\\\/secure.gravatar.com\\\/avatar\\\/b6992f131dc8d30ab0dff15446e9d346d9dbd95992de0fef795073f5ea83a81c?s=96&d=mm&r=g\",\"caption\":\"La Gu\u00eda de Pamplona\"}}]}<\/script>\n<!-- \/ Yoast SEO plugin. -->","yoast_head_json":{"title":"La iluminaci\u00f3n, la m\u00fasica y el canto en directo y la danza vertical convertir\u00e1n en m\u00e1gico el Baluarte de Guadalupe en el \u00faltimo espect\u00e1culo de \u2018La muralla en danza\u2019","robots":{"index":"index","follow":"follow","max-snippet":"max-snippet:-1","max-image-preview":"max-image-preview:large","max-video-preview":"max-video-preview:-1"},"canonical":"https:\/\/www.laguiadepamplona.com\/actualidad\/la-iluminacion-la-musica-y-el-canto-en-directo-y-la-danza-vertical-convertiran-en-magico-el-baluarte-de-guadalupe-en-el-ultimo-espectaculo-de-la-muralla-en-danza\/","og_locale":"es_ES","og_type":"article","og_title":"La iluminaci\u00f3n, la m\u00fasica y el canto en directo y la danza vertical convertir\u00e1n en m\u00e1gico el Baluarte de Guadalupe en el \u00faltimo espect\u00e1culo de \u2018La muralla en danza\u2019","og_description":"LINEA dARIA de Italia pone en escena el viernes \u2018Le vie del sale\u2019 mientras que La Banda presenta \u2018UP\u2019 y DJ Netanyahu, la ambientaci\u00f3n musical","og_url":"https:\/\/www.laguiadepamplona.com\/actualidad\/la-iluminacion-la-musica-y-el-canto-en-directo-y-la-danza-vertical-convertiran-en-magico-el-baluarte-de-guadalupe-en-el-ultimo-espectaculo-de-la-muralla-en-danza\/","og_site_name":"La Gu\u00eda de Pamplona Noticias y actualidad","article_publisher":"https:\/\/www.facebook.com\/laguiadepamplonacom-133175176762273\/?ref=hl","article_published_time":"2018-08-16T11:18:53+00:00","og_image":[{"width":1000,"height":667,"url":"https:\/\/www.laguiadepamplona.com\/actualidad\/wp-content\/uploads\/2018\/08\/18.08.16_muralla_danza_LINEA_dARIA.jpg","type":"image\/jpeg"}],"author":"La Gu\u00eda de Pamplona","twitter_card":"summary_large_image","twitter_creator":"@LaGuiadPamplona","twitter_site":"@LaGuiadPamplona","twitter_misc":{"Escrito por":"La Gu\u00eda de Pamplona","Tiempo de lectura":"5 minutos"},"schema":{"@context":"https:\/\/schema.org","@graph":[{"@type":"Article","@id":"https:\/\/www.laguiadepamplona.com\/actualidad\/la-iluminacion-la-musica-y-el-canto-en-directo-y-la-danza-vertical-convertiran-en-magico-el-baluarte-de-guadalupe-en-el-ultimo-espectaculo-de-la-muralla-en-danza\/#article","isPartOf":{"@id":"https:\/\/www.laguiadepamplona.com\/actualidad\/la-iluminacion-la-musica-y-el-canto-en-directo-y-la-danza-vertical-convertiran-en-magico-el-baluarte-de-guadalupe-en-el-ultimo-espectaculo-de-la-muralla-en-danza\/"},"author":{"name":"La Gu\u00eda de Pamplona","@id":"https:\/\/www.laguiadepamplona.com\/actualidad\/#\/schema\/person\/efe887376f0213d4657c93adc50b1fdb"},"headline":"La iluminaci\u00f3n, la m\u00fasica y el canto en directo y la danza vertical convertir\u00e1n en m\u00e1gico el Baluarte de Guadalupe en el \u00faltimo espect\u00e1culo de \u2018La muralla en danza\u2019","datePublished":"2018-08-16T11:18:53+00:00","mainEntityOfPage":{"@id":"https:\/\/www.laguiadepamplona.com\/actualidad\/la-iluminacion-la-musica-y-el-canto-en-directo-y-la-danza-vertical-convertiran-en-magico-el-baluarte-de-guadalupe-en-el-ultimo-espectaculo-de-la-muralla-en-danza\/"},"wordCount":949,"commentCount":0,"publisher":{"@id":"https:\/\/www.laguiadepamplona.com\/actualidad\/#organization"},"image":{"@id":"https:\/\/www.laguiadepamplona.com\/actualidad\/la-iluminacion-la-musica-y-el-canto-en-directo-y-la-danza-vertical-convertiran-en-magico-el-baluarte-de-guadalupe-en-el-ultimo-espectaculo-de-la-muralla-en-danza\/#primaryimage"},"thumbnailUrl":"https:\/\/www.laguiadepamplona.com\/actualidad\/wp-content\/uploads\/2018\/08\/18.08.16_muralla_danza_LINEA_dARIA.jpg","articleSection":["Ayto Pamplona"],"inLanguage":"es","potentialAction":[{"@type":"CommentAction","name":"Comment","target":["https:\/\/www.laguiadepamplona.com\/actualidad\/la-iluminacion-la-musica-y-el-canto-en-directo-y-la-danza-vertical-convertiran-en-magico-el-baluarte-de-guadalupe-en-el-ultimo-espectaculo-de-la-muralla-en-danza\/#respond"]}]},{"@type":"WebPage","@id":"https:\/\/www.laguiadepamplona.com\/actualidad\/la-iluminacion-la-musica-y-el-canto-en-directo-y-la-danza-vertical-convertiran-en-magico-el-baluarte-de-guadalupe-en-el-ultimo-espectaculo-de-la-muralla-en-danza\/","url":"https:\/\/www.laguiadepamplona.com\/actualidad\/la-iluminacion-la-musica-y-el-canto-en-directo-y-la-danza-vertical-convertiran-en-magico-el-baluarte-de-guadalupe-en-el-ultimo-espectaculo-de-la-muralla-en-danza\/","name":"La iluminaci\u00f3n, la m\u00fasica y el canto en directo y la danza vertical convertir\u00e1n en m\u00e1gico el Baluarte de Guadalupe en el \u00faltimo espect\u00e1culo de \u2018La muralla en danza\u2019","isPartOf":{"@id":"https:\/\/www.laguiadepamplona.com\/actualidad\/#website"},"primaryImageOfPage":{"@id":"https:\/\/www.laguiadepamplona.com\/actualidad\/la-iluminacion-la-musica-y-el-canto-en-directo-y-la-danza-vertical-convertiran-en-magico-el-baluarte-de-guadalupe-en-el-ultimo-espectaculo-de-la-muralla-en-danza\/#primaryimage"},"image":{"@id":"https:\/\/www.laguiadepamplona.com\/actualidad\/la-iluminacion-la-musica-y-el-canto-en-directo-y-la-danza-vertical-convertiran-en-magico-el-baluarte-de-guadalupe-en-el-ultimo-espectaculo-de-la-muralla-en-danza\/#primaryimage"},"thumbnailUrl":"https:\/\/www.laguiadepamplona.com\/actualidad\/wp-content\/uploads\/2018\/08\/18.08.16_muralla_danza_LINEA_dARIA.jpg","datePublished":"2018-08-16T11:18:53+00:00","breadcrumb":{"@id":"https:\/\/www.laguiadepamplona.com\/actualidad\/la-iluminacion-la-musica-y-el-canto-en-directo-y-la-danza-vertical-convertiran-en-magico-el-baluarte-de-guadalupe-en-el-ultimo-espectaculo-de-la-muralla-en-danza\/#breadcrumb"},"inLanguage":"es","potentialAction":[{"@type":"ReadAction","target":["https:\/\/www.laguiadepamplona.com\/actualidad\/la-iluminacion-la-musica-y-el-canto-en-directo-y-la-danza-vertical-convertiran-en-magico-el-baluarte-de-guadalupe-en-el-ultimo-espectaculo-de-la-muralla-en-danza\/"]}]},{"@type":"ImageObject","inLanguage":"es","@id":"https:\/\/www.laguiadepamplona.com\/actualidad\/la-iluminacion-la-musica-y-el-canto-en-directo-y-la-danza-vertical-convertiran-en-magico-el-baluarte-de-guadalupe-en-el-ultimo-espectaculo-de-la-muralla-en-danza\/#primaryimage","url":"https:\/\/www.laguiadepamplona.com\/actualidad\/wp-content\/uploads\/2018\/08\/18.08.16_muralla_danza_LINEA_dARIA.jpg","contentUrl":"https:\/\/www.laguiadepamplona.com\/actualidad\/wp-content\/uploads\/2018\/08\/18.08.16_muralla_danza_LINEA_dARIA.jpg","width":1000,"height":667},{"@type":"BreadcrumbList","@id":"https:\/\/www.laguiadepamplona.com\/actualidad\/la-iluminacion-la-musica-y-el-canto-en-directo-y-la-danza-vertical-convertiran-en-magico-el-baluarte-de-guadalupe-en-el-ultimo-espectaculo-de-la-muralla-en-danza\/#breadcrumb","itemListElement":[{"@type":"ListItem","position":1,"name":"Portada","item":"https:\/\/www.laguiadepamplona.com\/actualidad\/"},{"@type":"ListItem","position":2,"name":"La iluminaci\u00f3n, la m\u00fasica y el canto en directo y la danza vertical convertir\u00e1n en m\u00e1gico el Baluarte de Guadalupe en el \u00faltimo espect\u00e1culo de \u2018La muralla en danza\u2019"}]},{"@type":"WebSite","@id":"https:\/\/www.laguiadepamplona.com\/actualidad\/#website","url":"https:\/\/www.laguiadepamplona.com\/actualidad\/","name":"La gu\u00eda de Pamplona","description":"Noticias de Pamplona","publisher":{"@id":"https:\/\/www.laguiadepamplona.com\/actualidad\/#organization"},"potentialAction":[{"@type":"SearchAction","target":{"@type":"EntryPoint","urlTemplate":"https:\/\/www.laguiadepamplona.com\/actualidad\/?s={search_term_string}"},"query-input":{"@type":"PropertyValueSpecification","valueRequired":true,"valueName":"search_term_string"}}],"inLanguage":"es"},{"@type":"Organization","@id":"https:\/\/www.laguiadepamplona.com\/actualidad\/#organization","name":"La Gu\u00eda de Pamplona \/ Noticias","url":"https:\/\/www.laguiadepamplona.com\/actualidad\/","logo":{"@type":"ImageObject","inLanguage":"es","@id":"https:\/\/www.laguiadepamplona.com\/actualidad\/#\/schema\/logo\/image\/","url":"https:\/\/www.laguiadepamplona.com\/actualidad\/wp-content\/uploads\/2018\/11\/logo-laguiadepamplona18-web1.png","contentUrl":"https:\/\/www.laguiadepamplona.com\/actualidad\/wp-content\/uploads\/2018\/11\/logo-laguiadepamplona18-web1.png","width":600,"height":196,"caption":"La Gu\u00eda de Pamplona \/ Noticias"},"image":{"@id":"https:\/\/www.laguiadepamplona.com\/actualidad\/#\/schema\/logo\/image\/"},"sameAs":["https:\/\/www.facebook.com\/laguiadepamplonacom-133175176762273\/?ref=hl","https:\/\/x.com\/LaGuiadPamplona","https:\/\/www.instagram.com\/la_guia_de_pamplona\/","https:\/\/www.youtube.com\/user\/laguiadepamplona"]},{"@type":"Person","@id":"https:\/\/www.laguiadepamplona.com\/actualidad\/#\/schema\/person\/efe887376f0213d4657c93adc50b1fdb","name":"La Gu\u00eda de Pamplona","image":{"@type":"ImageObject","inLanguage":"es","@id":"https:\/\/secure.gravatar.com\/avatar\/b6992f131dc8d30ab0dff15446e9d346d9dbd95992de0fef795073f5ea83a81c?s=96&d=mm&r=g","url":"https:\/\/secure.gravatar.com\/avatar\/b6992f131dc8d30ab0dff15446e9d346d9dbd95992de0fef795073f5ea83a81c?s=96&d=mm&r=g","contentUrl":"https:\/\/secure.gravatar.com\/avatar\/b6992f131dc8d30ab0dff15446e9d346d9dbd95992de0fef795073f5ea83a81c?s=96&d=mm&r=g","caption":"La Gu\u00eda de Pamplona"}}]}},"post_mailing_queue_ids":[],"_links":{"self":[{"href":"https:\/\/www.laguiadepamplona.com\/actualidad\/wp-json\/wp\/v2\/posts\/18453","targetHints":{"allow":["GET"]}}],"collection":[{"href":"https:\/\/www.laguiadepamplona.com\/actualidad\/wp-json\/wp\/v2\/posts"}],"about":[{"href":"https:\/\/www.laguiadepamplona.com\/actualidad\/wp-json\/wp\/v2\/types\/post"}],"author":[{"embeddable":true,"href":"https:\/\/www.laguiadepamplona.com\/actualidad\/wp-json\/wp\/v2\/users\/1"}],"replies":[{"embeddable":true,"href":"https:\/\/www.laguiadepamplona.com\/actualidad\/wp-json\/wp\/v2\/comments?post=18453"}],"version-history":[{"count":0,"href":"https:\/\/www.laguiadepamplona.com\/actualidad\/wp-json\/wp\/v2\/posts\/18453\/revisions"}],"wp:featuredmedia":[{"embeddable":true,"href":"https:\/\/www.laguiadepamplona.com\/actualidad\/wp-json\/wp\/v2\/media\/18454"}],"wp:attachment":[{"href":"https:\/\/www.laguiadepamplona.com\/actualidad\/wp-json\/wp\/v2\/media?parent=18453"}],"wp:term":[{"taxonomy":"category","embeddable":true,"href":"https:\/\/www.laguiadepamplona.com\/actualidad\/wp-json\/wp\/v2\/categories?post=18453"},{"taxonomy":"post_tag","embeddable":true,"href":"https:\/\/www.laguiadepamplona.com\/actualidad\/wp-json\/wp\/v2\/tags?post=18453"}],"curies":[{"name":"wp","href":"https:\/\/api.w.org\/{rel}","templated":true}]}}