{"id":18342,"date":"2018-08-03T13:36:39","date_gmt":"2018-08-03T11:36:39","guid":{"rendered":"https:\/\/www.laguiadepamplona.es\/actualidad\/?p=18342"},"modified":"2018-08-03T13:47:45","modified_gmt":"2018-08-03T11:47:45","slug":"el-cine-de-verano-inicia-la-semana-que-viene-con-una-comedia-y-dos-peliculas-de-animacion-para-todos-los-publicos","status":"publish","type":"post","link":"https:\/\/www.laguiadepamplona.com\/actualidad\/el-cine-de-verano-inicia-la-semana-que-viene-con-una-comedia-y-dos-peliculas-de-animacion-para-todos-los-publicos\/","title":{"rendered":"El cine de verano inicia la semana que viene con una comedia y dos pel\u00edculas de animaci\u00f3n para todos los p\u00fablicos"},"content":{"rendered":"<h3>Siempre a las 22 horas, las proyecciones se suceder\u00e1n en Iturrama, Txantrea y Yamaguchi<\/h3>\r\n<!--more-->\r\n\r\n<!-- \/wp:post-content -->\r\n\r\n<!-- wp:paragraph -->\r\n\r\nA partir del lunes se estrenan nuevos escenarios en la cartelera municipal de cine al aire libre. Una comedia para mayores de 12 a\u00f1os y dos pel\u00edculas de animaci\u00f3n para todos los p\u00fablicos se suceder\u00e1n lunes, martes y mi\u00e9rcoles a las 22 horas en Iturrama, Txantrea y Yamaguchi.\r\n\r\n<!-- \/wp:paragraph -->\r\n\r\n<!-- wp:paragraph -->\r\n\r\nEl lunes 6 de agosto el cine llegar\u00e1 al boulevard de Iturrama con \u2018Es por tu bien\u2019 (2017, Espa\u00f1a, 93 min.), una comedia disparatada que enfrenta a padres y novios y que se basa en malentendidos generacionales. Est\u00e1 protagonizada por Jos\u00e9 Coronado, Javier C\u00e1mara, Roberto \u00c1lamo, adem\u00e1s de Pilar Castro, Carmen Ru\u00edz y Andrea Ros y fue dirigida por Carlos Ther\u00f3n, realizador con experiencia en cine y televisi\u00f3n.\r\n\r\n<!-- \/wp:paragraph -->\r\n\r\n<!-- wp:paragraph -->\r\n<script async src=\"\/\/pagead2.googlesyndication.com\/pagead\/js\/adsbygoogle.js\"><\/script>\r\n<!-- Noticias La Guia de Pamplona -->\r\n<ins class=\"adsbygoogle\" style=\"display: block;\" data-ad-client=\"ca-pub-6943679897239327\" data-ad-slot=\"7048180777\" data-ad-format=\"auto\"><\/ins>\r\n<script>\r\n(adsbygoogle = window.adsbygoogle || []).push({});\r\n<\/script>\r\n<!-- \/wp:paragraph -->\r\n\r\n<!-- wp:paragraph -->\r\n\r\nPara el martes, la cartelera se traslada a la plaza de Arriurdi\u00f1eta de Txantrea donde se podr\u00e1 asistir a la proyecci\u00f3n de \u2018Capit\u00e1n Calzoncillos\u2019 (2017, EEUU, 89 min.). Proveniente de la saga de libros de Dav Pilkey protagonizada por ese mismo personaje, la pel\u00edcula esta dentro de la corriente de producciones sobre superh\u00e9roes. En este caso la cinta es una pel\u00edcula de animaci\u00f3n en la que os h\u00e9roes son dos estudiantes y el director del centro donde estudian, y el malvado villano el nuevo maestro incorporado a la plantilla, un cient\u00edfico maligno que quiere vengarse de la escuela.\r\n\r\n<!-- \/wp:paragraph -->\r\n\r\n<!-- wp:paragraph -->\r\n\r\nEl mi\u00e9rcoles la cita cinematogr\u00e1fica ser\u00e1 en Buztintxuri. Tambi\u00e9n es una cinta de animaci\u00f3n aunque, en este caso, del g\u00e9nero musical, ecologista y feminista. La propuesta, para las 22 horas, es \u2018Vaiana\u2019 (2017, EEUU, 113 min.), un filme para todos los p\u00fablicos de los estudios Disney. La protagonista es Vaiana Waialiki una joven que forma parte de una familia con varias generaciones de marineros en su haber que desea explorar el mundo por su cuenta, navegando por el oc\u00e9ano. Para ello tendr\u00e1 que enfrentarse a las tradiciones y a los estereotipos sobre las mujeres de la cultura tradicional de Pac\u00edfico Sur. El filme recibi\u00f3 hasta ocho nominaciones en diversos festivales en el a\u00f1o de su estreno.\r\n\r\n<!-- \/wp:paragraph -->\r\n\r\n<!-- wp:paragraph -->\r\n\r\n<strong>Pr\u00f3ximas Noches de cine 2018<\/strong>\r\n\r\n<!-- \/wp:paragraph -->\r\n\r\n<!-- wp:list -->\r\n<ul>\r\n \t<li><strong>Lunes 6 de agosto<\/strong><\/li>\r\n<\/ul>\r\n<!-- \/wp:list -->\r\n\r\n<!-- wp:paragraph -->\r\n\r\nEs por tu bien (2017, Espa\u00f1a, 93 min.)\r\n\r\n<!-- \/wp:paragraph -->\r\n\r\n<!-- wp:paragraph -->\r\n\r\nBoulevard de Iturrama\r\n\r\n<!-- \/wp:paragraph -->\r\n\r\n<!-- wp:list -->\r\n<ul>\r\n \t<li><strong>Martes 7 de agosto<\/strong><\/li>\r\n<\/ul>\r\n<!-- \/wp:list -->\r\n\r\n<!-- wp:paragraph -->\r\n\r\nCapit\u00e1n Calzoncillos (2017, EEUU, 89 min.)\r\n\r\n<!-- \/wp:paragraph -->\r\n\r\n<!-- wp:paragraph -->\r\n\r\nPlaza de Arriurdi\u00f1eta\r\n\r\n<!-- \/wp:paragraph -->\r\n\r\n<!-- wp:list -->\r\n<ul>\r\n \t<li><strong>Mi\u00e9rcoles 8 de agosto<\/strong><\/li>\r\n<\/ul>\r\n<!-- \/wp:list -->\r\n\r\n<!-- wp:paragraph -->\r\n\r\nVaiana (2017, EEUU, 113 min)\r\n\r\n<!-- \/wp:paragraph -->\r\n\r\n<!-- wp:paragraph -->\r\n\r\nPaseo de Buztintxuri\r\n\r\n<!-- \/wp:paragraph -->","protected":false},"excerpt":{"rendered":"<p>Siempre a las 22 horas, las proyecciones se suceder\u00e1n en Iturrama, Txantrea y Yamaguchi<\/p>\n","protected":false},"author":1,"featured_media":18343,"comment_status":"open","ping_status":"closed","sticky":false,"template":"","format":"standard","meta":{"footnotes":""},"categories":[2],"tags":[],"class_list":["post-18342","post","type-post","status-publish","format-standard","has-post-thumbnail","hentry","category-ayuntamiento-pamplona"],"yoast_head":"<!-- This site is optimized with the Yoast SEO plugin v27.9 - https:\/\/yoast.com\/product\/yoast-seo-wordpress\/ -->\n<title>El cine de verano inicia la semana que viene con una comedia y dos pel\u00edculas de animaci\u00f3n para todos los p\u00fablicos<\/title>\n<meta name=\"robots\" content=\"index, follow, max-snippet:-1, max-image-preview:large, max-video-preview:-1\" \/>\n<link rel=\"canonical\" href=\"https:\/\/www.laguiadepamplona.com\/actualidad\/el-cine-de-verano-inicia-la-semana-que-viene-con-una-comedia-y-dos-peliculas-de-animacion-para-todos-los-publicos\/\" \/>\n<meta property=\"og:locale\" content=\"es_ES\" \/>\n<meta property=\"og:type\" content=\"article\" \/>\n<meta property=\"og:title\" content=\"El cine de verano inicia la semana que viene con una comedia y dos pel\u00edculas de animaci\u00f3n para todos los p\u00fablicos\" \/>\n<meta property=\"og:description\" content=\"Siempre a las 22 horas, las proyecciones se suceder\u00e1n en Iturrama, Txantrea y Yamaguchi\" \/>\n<meta property=\"og:url\" content=\"https:\/\/www.laguiadepamplona.com\/actualidad\/el-cine-de-verano-inicia-la-semana-que-viene-con-una-comedia-y-dos-peliculas-de-animacion-para-todos-los-publicos\/\" \/>\n<meta property=\"og:site_name\" content=\"La Gu\u00eda de Pamplona Noticias y actualidad\" \/>\n<meta property=\"article:publisher\" content=\"https:\/\/www.facebook.com\/laguiadepamplonacom-133175176762273\/?ref=hl\" \/>\n<meta property=\"article:published_time\" content=\"2018-08-03T11:36:39+00:00\" \/>\n<meta property=\"article:modified_time\" content=\"2018-08-03T11:47:45+00:00\" \/>\n<meta property=\"og:image\" content=\"https:\/\/www.laguiadepamplona.com\/actualidad\/wp-content\/uploads\/2018\/08\/cartel_es_por_tu_bien_1170x760-1024x665-n45dapkbdggrxshq2dpqk9z1s2qifawjahj435cena.jpg\" \/>\n\t<meta property=\"og:image:width\" content=\"1170\" \/>\n\t<meta property=\"og:image:height\" content=\"759\" \/>\n\t<meta property=\"og:image:type\" content=\"image\/jpeg\" \/>\n<meta name=\"author\" content=\"La Gu\u00eda de Pamplona\" \/>\n<meta name=\"twitter:card\" content=\"summary_large_image\" \/>\n<meta name=\"twitter:creator\" content=\"@LaGuiadPamplona\" \/>\n<meta name=\"twitter:site\" content=\"@LaGuiadPamplona\" \/>\n<meta name=\"twitter:label1\" content=\"Escrito por\" \/>\n\t<meta name=\"twitter:data1\" content=\"La Gu\u00eda de Pamplona\" \/>\n\t<meta name=\"twitter:label2\" content=\"Tiempo de lectura\" \/>\n\t<meta name=\"twitter:data2\" content=\"2 minutos\" \/>\n<script type=\"application\/ld+json\" class=\"yoast-schema-graph\">{\"@context\":\"https:\\\/\\\/schema.org\",\"@graph\":[{\"@type\":\"Article\",\"@id\":\"https:\\\/\\\/www.laguiadepamplona.com\\\/actualidad\\\/el-cine-de-verano-inicia-la-semana-que-viene-con-una-comedia-y-dos-peliculas-de-animacion-para-todos-los-publicos\\\/#article\",\"isPartOf\":{\"@id\":\"https:\\\/\\\/www.laguiadepamplona.com\\\/actualidad\\\/el-cine-de-verano-inicia-la-semana-que-viene-con-una-comedia-y-dos-peliculas-de-animacion-para-todos-los-publicos\\\/\"},\"author\":{\"name\":\"La Gu\u00eda de Pamplona\",\"@id\":\"https:\\\/\\\/www.laguiadepamplona.com\\\/actualidad\\\/#\\\/schema\\\/person\\\/efe887376f0213d4657c93adc50b1fdb\"},\"headline\":\"El cine de verano inicia la semana que viene con una comedia y dos pel\u00edculas de animaci\u00f3n para todos los p\u00fablicos\",\"datePublished\":\"2018-08-03T11:36:39+00:00\",\"dateModified\":\"2018-08-03T11:47:45+00:00\",\"mainEntityOfPage\":{\"@id\":\"https:\\\/\\\/www.laguiadepamplona.com\\\/actualidad\\\/el-cine-de-verano-inicia-la-semana-que-viene-con-una-comedia-y-dos-peliculas-de-animacion-para-todos-los-publicos\\\/\"},\"wordCount\":428,\"commentCount\":0,\"publisher\":{\"@id\":\"https:\\\/\\\/www.laguiadepamplona.com\\\/actualidad\\\/#organization\"},\"image\":{\"@id\":\"https:\\\/\\\/www.laguiadepamplona.com\\\/actualidad\\\/el-cine-de-verano-inicia-la-semana-que-viene-con-una-comedia-y-dos-peliculas-de-animacion-para-todos-los-publicos\\\/#primaryimage\"},\"thumbnailUrl\":\"https:\\\/\\\/www.laguiadepamplona.com\\\/actualidad\\\/wp-content\\\/uploads\\\/2018\\\/08\\\/cartel_es_por_tu_bien_1170x760-1024x665-n45dapkbdggrxshq2dpqk9z1s2qifawjahj435cena.jpg\",\"articleSection\":[\"Ayto Pamplona\"],\"inLanguage\":\"es\",\"potentialAction\":[{\"@type\":\"CommentAction\",\"name\":\"Comment\",\"target\":[\"https:\\\/\\\/www.laguiadepamplona.com\\\/actualidad\\\/el-cine-de-verano-inicia-la-semana-que-viene-con-una-comedia-y-dos-peliculas-de-animacion-para-todos-los-publicos\\\/#respond\"]}]},{\"@type\":\"WebPage\",\"@id\":\"https:\\\/\\\/www.laguiadepamplona.com\\\/actualidad\\\/el-cine-de-verano-inicia-la-semana-que-viene-con-una-comedia-y-dos-peliculas-de-animacion-para-todos-los-publicos\\\/\",\"url\":\"https:\\\/\\\/www.laguiadepamplona.com\\\/actualidad\\\/el-cine-de-verano-inicia-la-semana-que-viene-con-una-comedia-y-dos-peliculas-de-animacion-para-todos-los-publicos\\\/\",\"name\":\"El cine de verano inicia la semana que viene con una comedia y dos pel\u00edculas de animaci\u00f3n para todos los p\u00fablicos\",\"isPartOf\":{\"@id\":\"https:\\\/\\\/www.laguiadepamplona.com\\\/actualidad\\\/#website\"},\"primaryImageOfPage\":{\"@id\":\"https:\\\/\\\/www.laguiadepamplona.com\\\/actualidad\\\/el-cine-de-verano-inicia-la-semana-que-viene-con-una-comedia-y-dos-peliculas-de-animacion-para-todos-los-publicos\\\/#primaryimage\"},\"image\":{\"@id\":\"https:\\\/\\\/www.laguiadepamplona.com\\\/actualidad\\\/el-cine-de-verano-inicia-la-semana-que-viene-con-una-comedia-y-dos-peliculas-de-animacion-para-todos-los-publicos\\\/#primaryimage\"},\"thumbnailUrl\":\"https:\\\/\\\/www.laguiadepamplona.com\\\/actualidad\\\/wp-content\\\/uploads\\\/2018\\\/08\\\/cartel_es_por_tu_bien_1170x760-1024x665-n45dapkbdggrxshq2dpqk9z1s2qifawjahj435cena.jpg\",\"datePublished\":\"2018-08-03T11:36:39+00:00\",\"dateModified\":\"2018-08-03T11:47:45+00:00\",\"breadcrumb\":{\"@id\":\"https:\\\/\\\/www.laguiadepamplona.com\\\/actualidad\\\/el-cine-de-verano-inicia-la-semana-que-viene-con-una-comedia-y-dos-peliculas-de-animacion-para-todos-los-publicos\\\/#breadcrumb\"},\"inLanguage\":\"es\",\"potentialAction\":[{\"@type\":\"ReadAction\",\"target\":[\"https:\\\/\\\/www.laguiadepamplona.com\\\/actualidad\\\/el-cine-de-verano-inicia-la-semana-que-viene-con-una-comedia-y-dos-peliculas-de-animacion-para-todos-los-publicos\\\/\"]}]},{\"@type\":\"ImageObject\",\"inLanguage\":\"es\",\"@id\":\"https:\\\/\\\/www.laguiadepamplona.com\\\/actualidad\\\/el-cine-de-verano-inicia-la-semana-que-viene-con-una-comedia-y-dos-peliculas-de-animacion-para-todos-los-publicos\\\/#primaryimage\",\"url\":\"https:\\\/\\\/www.laguiadepamplona.com\\\/actualidad\\\/wp-content\\\/uploads\\\/2018\\\/08\\\/cartel_es_por_tu_bien_1170x760-1024x665-n45dapkbdggrxshq2dpqk9z1s2qifawjahj435cena.jpg\",\"contentUrl\":\"https:\\\/\\\/www.laguiadepamplona.com\\\/actualidad\\\/wp-content\\\/uploads\\\/2018\\\/08\\\/cartel_es_por_tu_bien_1170x760-1024x665-n45dapkbdggrxshq2dpqk9z1s2qifawjahj435cena.jpg\",\"width\":1170,\"height\":759},{\"@type\":\"BreadcrumbList\",\"@id\":\"https:\\\/\\\/www.laguiadepamplona.com\\\/actualidad\\\/el-cine-de-verano-inicia-la-semana-que-viene-con-una-comedia-y-dos-peliculas-de-animacion-para-todos-los-publicos\\\/#breadcrumb\",\"itemListElement\":[{\"@type\":\"ListItem\",\"position\":1,\"name\":\"Portada\",\"item\":\"https:\\\/\\\/www.laguiadepamplona.com\\\/actualidad\\\/\"},{\"@type\":\"ListItem\",\"position\":2,\"name\":\"El cine de verano inicia la semana que viene con una comedia y dos pel\u00edculas de animaci\u00f3n para todos los p\u00fablicos\"}]},{\"@type\":\"WebSite\",\"@id\":\"https:\\\/\\\/www.laguiadepamplona.com\\\/actualidad\\\/#website\",\"url\":\"https:\\\/\\\/www.laguiadepamplona.com\\\/actualidad\\\/\",\"name\":\"La gu\u00eda de Pamplona\",\"description\":\"Noticias de Pamplona\",\"publisher\":{\"@id\":\"https:\\\/\\\/www.laguiadepamplona.com\\\/actualidad\\\/#organization\"},\"potentialAction\":[{\"@type\":\"SearchAction\",\"target\":{\"@type\":\"EntryPoint\",\"urlTemplate\":\"https:\\\/\\\/www.laguiadepamplona.com\\\/actualidad\\\/?s={search_term_string}\"},\"query-input\":{\"@type\":\"PropertyValueSpecification\",\"valueRequired\":true,\"valueName\":\"search_term_string\"}}],\"inLanguage\":\"es\"},{\"@type\":\"Organization\",\"@id\":\"https:\\\/\\\/www.laguiadepamplona.com\\\/actualidad\\\/#organization\",\"name\":\"La Gu\u00eda de Pamplona \\\/ Noticias\",\"url\":\"https:\\\/\\\/www.laguiadepamplona.com\\\/actualidad\\\/\",\"logo\":{\"@type\":\"ImageObject\",\"inLanguage\":\"es\",\"@id\":\"https:\\\/\\\/www.laguiadepamplona.com\\\/actualidad\\\/#\\\/schema\\\/logo\\\/image\\\/\",\"url\":\"https:\\\/\\\/www.laguiadepamplona.com\\\/actualidad\\\/wp-content\\\/uploads\\\/2018\\\/11\\\/logo-laguiadepamplona18-web1.png\",\"contentUrl\":\"https:\\\/\\\/www.laguiadepamplona.com\\\/actualidad\\\/wp-content\\\/uploads\\\/2018\\\/11\\\/logo-laguiadepamplona18-web1.png\",\"width\":600,\"height\":196,\"caption\":\"La Gu\u00eda de Pamplona \\\/ Noticias\"},\"image\":{\"@id\":\"https:\\\/\\\/www.laguiadepamplona.com\\\/actualidad\\\/#\\\/schema\\\/logo\\\/image\\\/\"},\"sameAs\":[\"https:\\\/\\\/www.facebook.com\\\/laguiadepamplonacom-133175176762273\\\/?ref=hl\",\"https:\\\/\\\/x.com\\\/LaGuiadPamplona\",\"https:\\\/\\\/www.instagram.com\\\/la_guia_de_pamplona\\\/\",\"https:\\\/\\\/www.youtube.com\\\/user\\\/laguiadepamplona\"]},{\"@type\":\"Person\",\"@id\":\"https:\\\/\\\/www.laguiadepamplona.com\\\/actualidad\\\/#\\\/schema\\\/person\\\/efe887376f0213d4657c93adc50b1fdb\",\"name\":\"La Gu\u00eda de Pamplona\",\"image\":{\"@type\":\"ImageObject\",\"inLanguage\":\"es\",\"@id\":\"https:\\\/\\\/secure.gravatar.com\\\/avatar\\\/b6992f131dc8d30ab0dff15446e9d346d9dbd95992de0fef795073f5ea83a81c?s=96&d=mm&r=g\",\"url\":\"https:\\\/\\\/secure.gravatar.com\\\/avatar\\\/b6992f131dc8d30ab0dff15446e9d346d9dbd95992de0fef795073f5ea83a81c?s=96&d=mm&r=g\",\"contentUrl\":\"https:\\\/\\\/secure.gravatar.com\\\/avatar\\\/b6992f131dc8d30ab0dff15446e9d346d9dbd95992de0fef795073f5ea83a81c?s=96&d=mm&r=g\",\"caption\":\"La Gu\u00eda de Pamplona\"}}]}<\/script>\n<!-- \/ Yoast SEO plugin. -->","yoast_head_json":{"title":"El cine de verano inicia la semana que viene con una comedia y dos pel\u00edculas de animaci\u00f3n para todos los p\u00fablicos","robots":{"index":"index","follow":"follow","max-snippet":"max-snippet:-1","max-image-preview":"max-image-preview:large","max-video-preview":"max-video-preview:-1"},"canonical":"https:\/\/www.laguiadepamplona.com\/actualidad\/el-cine-de-verano-inicia-la-semana-que-viene-con-una-comedia-y-dos-peliculas-de-animacion-para-todos-los-publicos\/","og_locale":"es_ES","og_type":"article","og_title":"El cine de verano inicia la semana que viene con una comedia y dos pel\u00edculas de animaci\u00f3n para todos los p\u00fablicos","og_description":"Siempre a las 22 horas, las proyecciones se suceder\u00e1n en Iturrama, Txantrea y Yamaguchi","og_url":"https:\/\/www.laguiadepamplona.com\/actualidad\/el-cine-de-verano-inicia-la-semana-que-viene-con-una-comedia-y-dos-peliculas-de-animacion-para-todos-los-publicos\/","og_site_name":"La Gu\u00eda de Pamplona Noticias y actualidad","article_publisher":"https:\/\/www.facebook.com\/laguiadepamplonacom-133175176762273\/?ref=hl","article_published_time":"2018-08-03T11:36:39+00:00","article_modified_time":"2018-08-03T11:47:45+00:00","og_image":[{"width":1170,"height":759,"url":"https:\/\/www.laguiadepamplona.com\/actualidad\/wp-content\/uploads\/2018\/08\/cartel_es_por_tu_bien_1170x760-1024x665-n45dapkbdggrxshq2dpqk9z1s2qifawjahj435cena.jpg","type":"image\/jpeg"}],"author":"La Gu\u00eda de Pamplona","twitter_card":"summary_large_image","twitter_creator":"@LaGuiadPamplona","twitter_site":"@LaGuiadPamplona","twitter_misc":{"Escrito por":"La Gu\u00eda de Pamplona","Tiempo de lectura":"2 minutos"},"schema":{"@context":"https:\/\/schema.org","@graph":[{"@type":"Article","@id":"https:\/\/www.laguiadepamplona.com\/actualidad\/el-cine-de-verano-inicia-la-semana-que-viene-con-una-comedia-y-dos-peliculas-de-animacion-para-todos-los-publicos\/#article","isPartOf":{"@id":"https:\/\/www.laguiadepamplona.com\/actualidad\/el-cine-de-verano-inicia-la-semana-que-viene-con-una-comedia-y-dos-peliculas-de-animacion-para-todos-los-publicos\/"},"author":{"name":"La Gu\u00eda de Pamplona","@id":"https:\/\/www.laguiadepamplona.com\/actualidad\/#\/schema\/person\/efe887376f0213d4657c93adc50b1fdb"},"headline":"El cine de verano inicia la semana que viene con una comedia y dos pel\u00edculas de animaci\u00f3n para todos los p\u00fablicos","datePublished":"2018-08-03T11:36:39+00:00","dateModified":"2018-08-03T11:47:45+00:00","mainEntityOfPage":{"@id":"https:\/\/www.laguiadepamplona.com\/actualidad\/el-cine-de-verano-inicia-la-semana-que-viene-con-una-comedia-y-dos-peliculas-de-animacion-para-todos-los-publicos\/"},"wordCount":428,"commentCount":0,"publisher":{"@id":"https:\/\/www.laguiadepamplona.com\/actualidad\/#organization"},"image":{"@id":"https:\/\/www.laguiadepamplona.com\/actualidad\/el-cine-de-verano-inicia-la-semana-que-viene-con-una-comedia-y-dos-peliculas-de-animacion-para-todos-los-publicos\/#primaryimage"},"thumbnailUrl":"https:\/\/www.laguiadepamplona.com\/actualidad\/wp-content\/uploads\/2018\/08\/cartel_es_por_tu_bien_1170x760-1024x665-n45dapkbdggrxshq2dpqk9z1s2qifawjahj435cena.jpg","articleSection":["Ayto Pamplona"],"inLanguage":"es","potentialAction":[{"@type":"CommentAction","name":"Comment","target":["https:\/\/www.laguiadepamplona.com\/actualidad\/el-cine-de-verano-inicia-la-semana-que-viene-con-una-comedia-y-dos-peliculas-de-animacion-para-todos-los-publicos\/#respond"]}]},{"@type":"WebPage","@id":"https:\/\/www.laguiadepamplona.com\/actualidad\/el-cine-de-verano-inicia-la-semana-que-viene-con-una-comedia-y-dos-peliculas-de-animacion-para-todos-los-publicos\/","url":"https:\/\/www.laguiadepamplona.com\/actualidad\/el-cine-de-verano-inicia-la-semana-que-viene-con-una-comedia-y-dos-peliculas-de-animacion-para-todos-los-publicos\/","name":"El cine de verano inicia la semana que viene con una comedia y dos pel\u00edculas de animaci\u00f3n para todos los p\u00fablicos","isPartOf":{"@id":"https:\/\/www.laguiadepamplona.com\/actualidad\/#website"},"primaryImageOfPage":{"@id":"https:\/\/www.laguiadepamplona.com\/actualidad\/el-cine-de-verano-inicia-la-semana-que-viene-con-una-comedia-y-dos-peliculas-de-animacion-para-todos-los-publicos\/#primaryimage"},"image":{"@id":"https:\/\/www.laguiadepamplona.com\/actualidad\/el-cine-de-verano-inicia-la-semana-que-viene-con-una-comedia-y-dos-peliculas-de-animacion-para-todos-los-publicos\/#primaryimage"},"thumbnailUrl":"https:\/\/www.laguiadepamplona.com\/actualidad\/wp-content\/uploads\/2018\/08\/cartel_es_por_tu_bien_1170x760-1024x665-n45dapkbdggrxshq2dpqk9z1s2qifawjahj435cena.jpg","datePublished":"2018-08-03T11:36:39+00:00","dateModified":"2018-08-03T11:47:45+00:00","breadcrumb":{"@id":"https:\/\/www.laguiadepamplona.com\/actualidad\/el-cine-de-verano-inicia-la-semana-que-viene-con-una-comedia-y-dos-peliculas-de-animacion-para-todos-los-publicos\/#breadcrumb"},"inLanguage":"es","potentialAction":[{"@type":"ReadAction","target":["https:\/\/www.laguiadepamplona.com\/actualidad\/el-cine-de-verano-inicia-la-semana-que-viene-con-una-comedia-y-dos-peliculas-de-animacion-para-todos-los-publicos\/"]}]},{"@type":"ImageObject","inLanguage":"es","@id":"https:\/\/www.laguiadepamplona.com\/actualidad\/el-cine-de-verano-inicia-la-semana-que-viene-con-una-comedia-y-dos-peliculas-de-animacion-para-todos-los-publicos\/#primaryimage","url":"https:\/\/www.laguiadepamplona.com\/actualidad\/wp-content\/uploads\/2018\/08\/cartel_es_por_tu_bien_1170x760-1024x665-n45dapkbdggrxshq2dpqk9z1s2qifawjahj435cena.jpg","contentUrl":"https:\/\/www.laguiadepamplona.com\/actualidad\/wp-content\/uploads\/2018\/08\/cartel_es_por_tu_bien_1170x760-1024x665-n45dapkbdggrxshq2dpqk9z1s2qifawjahj435cena.jpg","width":1170,"height":759},{"@type":"BreadcrumbList","@id":"https:\/\/www.laguiadepamplona.com\/actualidad\/el-cine-de-verano-inicia-la-semana-que-viene-con-una-comedia-y-dos-peliculas-de-animacion-para-todos-los-publicos\/#breadcrumb","itemListElement":[{"@type":"ListItem","position":1,"name":"Portada","item":"https:\/\/www.laguiadepamplona.com\/actualidad\/"},{"@type":"ListItem","position":2,"name":"El cine de verano inicia la semana que viene con una comedia y dos pel\u00edculas de animaci\u00f3n para todos los p\u00fablicos"}]},{"@type":"WebSite","@id":"https:\/\/www.laguiadepamplona.com\/actualidad\/#website","url":"https:\/\/www.laguiadepamplona.com\/actualidad\/","name":"La gu\u00eda de Pamplona","description":"Noticias de Pamplona","publisher":{"@id":"https:\/\/www.laguiadepamplona.com\/actualidad\/#organization"},"potentialAction":[{"@type":"SearchAction","target":{"@type":"EntryPoint","urlTemplate":"https:\/\/www.laguiadepamplona.com\/actualidad\/?s={search_term_string}"},"query-input":{"@type":"PropertyValueSpecification","valueRequired":true,"valueName":"search_term_string"}}],"inLanguage":"es"},{"@type":"Organization","@id":"https:\/\/www.laguiadepamplona.com\/actualidad\/#organization","name":"La Gu\u00eda de Pamplona \/ Noticias","url":"https:\/\/www.laguiadepamplona.com\/actualidad\/","logo":{"@type":"ImageObject","inLanguage":"es","@id":"https:\/\/www.laguiadepamplona.com\/actualidad\/#\/schema\/logo\/image\/","url":"https:\/\/www.laguiadepamplona.com\/actualidad\/wp-content\/uploads\/2018\/11\/logo-laguiadepamplona18-web1.png","contentUrl":"https:\/\/www.laguiadepamplona.com\/actualidad\/wp-content\/uploads\/2018\/11\/logo-laguiadepamplona18-web1.png","width":600,"height":196,"caption":"La Gu\u00eda de Pamplona \/ Noticias"},"image":{"@id":"https:\/\/www.laguiadepamplona.com\/actualidad\/#\/schema\/logo\/image\/"},"sameAs":["https:\/\/www.facebook.com\/laguiadepamplonacom-133175176762273\/?ref=hl","https:\/\/x.com\/LaGuiadPamplona","https:\/\/www.instagram.com\/la_guia_de_pamplona\/","https:\/\/www.youtube.com\/user\/laguiadepamplona"]},{"@type":"Person","@id":"https:\/\/www.laguiadepamplona.com\/actualidad\/#\/schema\/person\/efe887376f0213d4657c93adc50b1fdb","name":"La Gu\u00eda de Pamplona","image":{"@type":"ImageObject","inLanguage":"es","@id":"https:\/\/secure.gravatar.com\/avatar\/b6992f131dc8d30ab0dff15446e9d346d9dbd95992de0fef795073f5ea83a81c?s=96&d=mm&r=g","url":"https:\/\/secure.gravatar.com\/avatar\/b6992f131dc8d30ab0dff15446e9d346d9dbd95992de0fef795073f5ea83a81c?s=96&d=mm&r=g","contentUrl":"https:\/\/secure.gravatar.com\/avatar\/b6992f131dc8d30ab0dff15446e9d346d9dbd95992de0fef795073f5ea83a81c?s=96&d=mm&r=g","caption":"La Gu\u00eda de Pamplona"}}]}},"post_mailing_queue_ids":[],"_links":{"self":[{"href":"https:\/\/www.laguiadepamplona.com\/actualidad\/wp-json\/wp\/v2\/posts\/18342","targetHints":{"allow":["GET"]}}],"collection":[{"href":"https:\/\/www.laguiadepamplona.com\/actualidad\/wp-json\/wp\/v2\/posts"}],"about":[{"href":"https:\/\/www.laguiadepamplona.com\/actualidad\/wp-json\/wp\/v2\/types\/post"}],"author":[{"embeddable":true,"href":"https:\/\/www.laguiadepamplona.com\/actualidad\/wp-json\/wp\/v2\/users\/1"}],"replies":[{"embeddable":true,"href":"https:\/\/www.laguiadepamplona.com\/actualidad\/wp-json\/wp\/v2\/comments?post=18342"}],"version-history":[{"count":0,"href":"https:\/\/www.laguiadepamplona.com\/actualidad\/wp-json\/wp\/v2\/posts\/18342\/revisions"}],"wp:featuredmedia":[{"embeddable":true,"href":"https:\/\/www.laguiadepamplona.com\/actualidad\/wp-json\/wp\/v2\/media\/18343"}],"wp:attachment":[{"href":"https:\/\/www.laguiadepamplona.com\/actualidad\/wp-json\/wp\/v2\/media?parent=18342"}],"wp:term":[{"taxonomy":"category","embeddable":true,"href":"https:\/\/www.laguiadepamplona.com\/actualidad\/wp-json\/wp\/v2\/categories?post=18342"},{"taxonomy":"post_tag","embeddable":true,"href":"https:\/\/www.laguiadepamplona.com\/actualidad\/wp-json\/wp\/v2\/tags?post=18342"}],"curies":[{"name":"wp","href":"https:\/\/api.w.org\/{rel}","templated":true}]}}