{"id":1821,"date":"2014-06-02T12:24:38","date_gmt":"2014-06-02T11:24:38","guid":{"rendered":"http:\/\/laguiadepamplona.es\/noticias\/?p=1821"},"modified":"2014-06-02T12:24:38","modified_gmt":"2014-06-02T11:24:38","slug":"un-grupo-de-miembros-de-la-asociacion-de-celiacos-de-navarra-visita-el-ayuntamiento-con-motivo-de-la-celebracion-del-dia-nacional-del-celiaco","status":"publish","type":"post","link":"https:\/\/www.laguiadepamplona.com\/actualidad\/un-grupo-de-miembros-de-la-asociacion-de-celiacos-de-navarra-visita-el-ayuntamiento-con-motivo-de-la-celebracion-del-dia-nacional-del-celiaco\/","title":{"rendered":"Un grupo de miembros de la Asociaci\u00f3n de Celiacos de Navarra visita el Ayuntamiento con motivo de la celebraci\u00f3n del D\u00eda Nacional del Celiaco"},"content":{"rendered":"<p><span lang=\"ES-TRAD\"><a href=\"http:\/\/laguiadepamplona.es\/noticias\/wp-content\/uploads\/2014\/06\/recepcion_celiacos.jpg\"><img loading=\"lazy\" decoding=\"async\" class=\"alignleft size-medium wp-image-1822\" src=\"http:\/\/laguiadepamplona.es\/noticias\/wp-content\/uploads\/2014\/06\/recepcion_celiacos-300x200.jpg\" alt=\"recepcion_celiacos\" width=\"300\" height=\"200\" \/><\/a>El Ayuntamiento de Pamplona recibi\u00f3 ayer la visita de u<\/span>n grupo de miembros de la Asociaci\u00f3n de Celiacos de Navarra, que acudieron a la Casa Consistorial con motivo de la celebraci\u00f3n del D\u00eda Nacional del Celiaco. El grupo, formado por unas 90 personas de todas las edades, fue saludado en el Zagu\u00e1n por el concejal especial de Medio Ambiente, Valent\u00edn Alzina, quien les dedic\u00f3 unas palabras de agradecimiento por la labor que realizan.<\/p>\n<p class=\"Textonota\"><span lang=\"ES-TRAD\">La Asociaci\u00f3n de Celiacos de Navarra lleva trabajando como tal desde 1998, aunque desde 1986 funcionaba como delegaci\u00f3n de la antigua Asociaci\u00f3n de Celiacos de Espa\u00f1a. Actualmente cuenta con 1.063 socios, y la entidad se dedica fundamentalmente a asesorar a las personas celiacas y a sus familias sobre su enfermedad y sobre el control de su dieta. Adem\u00e1s participan en la elaboraci\u00f3n del manual de alimentos aptos para el celiaco.<\/span><\/p>\n<p class=\"Textonota\"><span lang=\"ES-TRAD\">Esta enfermedad consiste en una intolerancia permanente al gluten que produce, en individuos predispuestos gen\u00e9ticamente, una lesi\u00f3n grave en la mucosa del intestino delgado que lleva a una absorci\u00f3n inadecuada de los nutrientes de los alimentos. El gluten es una prote\u00edna presente en algunos cereales como el trigo, la cebada, el centeno y, posiblemente, la avena. <\/span><\/p>\n<p class=\"Textonota\">\n","protected":false},"excerpt":{"rendered":"<p>El Ayuntamiento de Pamplona recibi\u00f3 ayer la visita de un grupo de miembros de la Asociaci\u00f3n de Celiacos de Navarra, que acudieron a la Casa Consistorial con motivo de la&#8230;<\/p>\n","protected":false},"author":1,"featured_media":1822,"comment_status":"open","ping_status":"open","sticky":false,"template":"","format":"standard","meta":{"footnotes":""},"categories":[2],"tags":[5,1492,6,509,1493,712,8,9,1494],"class_list":["post-1821","post","type-post","status-publish","format-standard","has-post-thumbnail","hentry","category-ayuntamiento-pamplona","tag-actualidad","tag-asociacion-celiacos","tag-ayto-pamplona","tag-ayuntamiento-de-pamplona","tag-dia-nacional-del-celiaco","tag-navarra","tag-noticias","tag-pamplona","tag-visitan"],"yoast_head":"<!-- This site is optimized with the Yoast SEO plugin v27.5 - https:\/\/yoast.com\/product\/yoast-seo-wordpress\/ -->\n<title>Un grupo de miembros de la Asociaci\u00f3n de Celiacos de Navarra visita el Ayuntamiento con motivo de la celebraci\u00f3n del D\u00eda Nacional del Celiaco<\/title>\n<meta name=\"robots\" content=\"index, follow, max-snippet:-1, max-image-preview:large, max-video-preview:-1\" \/>\n<link rel=\"canonical\" href=\"https:\/\/www.laguiadepamplona.com\/actualidad\/un-grupo-de-miembros-de-la-asociacion-de-celiacos-de-navarra-visita-el-ayuntamiento-con-motivo-de-la-celebracion-del-dia-nacional-del-celiaco\/\" \/>\n<meta property=\"og:locale\" content=\"es_ES\" \/>\n<meta property=\"og:type\" content=\"article\" \/>\n<meta property=\"og:title\" content=\"Un grupo de miembros de la Asociaci\u00f3n de Celiacos de Navarra visita el Ayuntamiento con motivo de la celebraci\u00f3n del D\u00eda Nacional del Celiaco\" \/>\n<meta property=\"og:description\" content=\"El Ayuntamiento de Pamplona recibi\u00f3 ayer la visita de un grupo de miembros de la Asociaci\u00f3n de Celiacos de Navarra, que acudieron a la Casa Consistorial con motivo de la...\" \/>\n<meta property=\"og:url\" content=\"https:\/\/www.laguiadepamplona.com\/actualidad\/un-grupo-de-miembros-de-la-asociacion-de-celiacos-de-navarra-visita-el-ayuntamiento-con-motivo-de-la-celebracion-del-dia-nacional-del-celiaco\/\" \/>\n<meta property=\"og:site_name\" content=\"La Gu\u00eda de Pamplona\" \/>\n<meta property=\"article:publisher\" content=\"https:\/\/www.facebook.com\/laguiadepamplonacom-133175176762273\/?ref=hl\" \/>\n<meta property=\"article:published_time\" content=\"2014-06-02T11:24:38+00:00\" \/>\n<meta name=\"author\" content=\"La Gu\u00eda de Pamplona\" \/>\n<meta name=\"twitter:card\" content=\"summary_large_image\" \/>\n<meta name=\"twitter:creator\" content=\"@LaGuiadPamplona\" \/>\n<meta name=\"twitter:site\" content=\"@LaGuiadPamplona\" \/>\n<meta name=\"twitter:label1\" content=\"Escrito por\" \/>\n\t<meta name=\"twitter:data1\" content=\"La Gu\u00eda de Pamplona\" \/>\n\t<meta name=\"twitter:label2\" content=\"Tiempo de lectura\" \/>\n\t<meta name=\"twitter:data2\" content=\"1 minuto\" \/>\n<script type=\"application\/ld+json\" class=\"yoast-schema-graph\">{\"@context\":\"https:\\\/\\\/schema.org\",\"@graph\":[{\"@type\":\"Article\",\"@id\":\"https:\\\/\\\/www.laguiadepamplona.com\\\/actualidad\\\/un-grupo-de-miembros-de-la-asociacion-de-celiacos-de-navarra-visita-el-ayuntamiento-con-motivo-de-la-celebracion-del-dia-nacional-del-celiaco\\\/#article\",\"isPartOf\":{\"@id\":\"https:\\\/\\\/www.laguiadepamplona.com\\\/actualidad\\\/un-grupo-de-miembros-de-la-asociacion-de-celiacos-de-navarra-visita-el-ayuntamiento-con-motivo-de-la-celebracion-del-dia-nacional-del-celiaco\\\/\"},\"author\":{\"name\":\"La Gu\u00eda de Pamplona\",\"@id\":\"https:\\\/\\\/www.laguiadepamplona.com\\\/actualidad\\\/#\\\/schema\\\/person\\\/efe887376f0213d4657c93adc50b1fdb\"},\"headline\":\"Un grupo de miembros de la Asociaci\u00f3n de Celiacos de Navarra visita el Ayuntamiento con motivo de la celebraci\u00f3n del D\u00eda Nacional del Celiaco\",\"datePublished\":\"2014-06-02T11:24:38+00:00\",\"mainEntityOfPage\":{\"@id\":\"https:\\\/\\\/www.laguiadepamplona.com\\\/actualidad\\\/un-grupo-de-miembros-de-la-asociacion-de-celiacos-de-navarra-visita-el-ayuntamiento-con-motivo-de-la-celebracion-del-dia-nacional-del-celiaco\\\/\"},\"wordCount\":237,\"commentCount\":0,\"publisher\":{\"@id\":\"https:\\\/\\\/www.laguiadepamplona.com\\\/actualidad\\\/#organization\"},\"image\":{\"@id\":\"https:\\\/\\\/www.laguiadepamplona.com\\\/actualidad\\\/un-grupo-de-miembros-de-la-asociacion-de-celiacos-de-navarra-visita-el-ayuntamiento-con-motivo-de-la-celebracion-del-dia-nacional-del-celiaco\\\/#primaryimage\"},\"thumbnailUrl\":\"\",\"keywords\":[\"actualidad\",\"asociaci\u00f3n celiacos\",\"ayto pamplona\",\"Ayuntamiento de Pamplona\",\"D\u00eda Nacional del Celiaco\",\"navarra\",\"noticias\",\"pamplona\",\"visitan\"],\"articleSection\":[\"Ayto Pamplona\"],\"inLanguage\":\"es\",\"potentialAction\":[{\"@type\":\"CommentAction\",\"name\":\"Comment\",\"target\":[\"https:\\\/\\\/www.laguiadepamplona.com\\\/actualidad\\\/un-grupo-de-miembros-de-la-asociacion-de-celiacos-de-navarra-visita-el-ayuntamiento-con-motivo-de-la-celebracion-del-dia-nacional-del-celiaco\\\/#respond\"]}]},{\"@type\":\"WebPage\",\"@id\":\"https:\\\/\\\/www.laguiadepamplona.com\\\/actualidad\\\/un-grupo-de-miembros-de-la-asociacion-de-celiacos-de-navarra-visita-el-ayuntamiento-con-motivo-de-la-celebracion-del-dia-nacional-del-celiaco\\\/\",\"url\":\"https:\\\/\\\/www.laguiadepamplona.com\\\/actualidad\\\/un-grupo-de-miembros-de-la-asociacion-de-celiacos-de-navarra-visita-el-ayuntamiento-con-motivo-de-la-celebracion-del-dia-nacional-del-celiaco\\\/\",\"name\":\"Un grupo de miembros de la Asociaci\u00f3n de Celiacos de Navarra visita el Ayuntamiento con motivo de la celebraci\u00f3n del D\u00eda Nacional del Celiaco\",\"isPartOf\":{\"@id\":\"https:\\\/\\\/www.laguiadepamplona.com\\\/actualidad\\\/#website\"},\"primaryImageOfPage\":{\"@id\":\"https:\\\/\\\/www.laguiadepamplona.com\\\/actualidad\\\/un-grupo-de-miembros-de-la-asociacion-de-celiacos-de-navarra-visita-el-ayuntamiento-con-motivo-de-la-celebracion-del-dia-nacional-del-celiaco\\\/#primaryimage\"},\"image\":{\"@id\":\"https:\\\/\\\/www.laguiadepamplona.com\\\/actualidad\\\/un-grupo-de-miembros-de-la-asociacion-de-celiacos-de-navarra-visita-el-ayuntamiento-con-motivo-de-la-celebracion-del-dia-nacional-del-celiaco\\\/#primaryimage\"},\"thumbnailUrl\":\"\",\"datePublished\":\"2014-06-02T11:24:38+00:00\",\"breadcrumb\":{\"@id\":\"https:\\\/\\\/www.laguiadepamplona.com\\\/actualidad\\\/un-grupo-de-miembros-de-la-asociacion-de-celiacos-de-navarra-visita-el-ayuntamiento-con-motivo-de-la-celebracion-del-dia-nacional-del-celiaco\\\/#breadcrumb\"},\"inLanguage\":\"es\",\"potentialAction\":[{\"@type\":\"ReadAction\",\"target\":[\"https:\\\/\\\/www.laguiadepamplona.com\\\/actualidad\\\/un-grupo-de-miembros-de-la-asociacion-de-celiacos-de-navarra-visita-el-ayuntamiento-con-motivo-de-la-celebracion-del-dia-nacional-del-celiaco\\\/\"]}]},{\"@type\":\"ImageObject\",\"inLanguage\":\"es\",\"@id\":\"https:\\\/\\\/www.laguiadepamplona.com\\\/actualidad\\\/un-grupo-de-miembros-de-la-asociacion-de-celiacos-de-navarra-visita-el-ayuntamiento-con-motivo-de-la-celebracion-del-dia-nacional-del-celiaco\\\/#primaryimage\",\"url\":\"\",\"contentUrl\":\"\"},{\"@type\":\"BreadcrumbList\",\"@id\":\"https:\\\/\\\/www.laguiadepamplona.com\\\/actualidad\\\/un-grupo-de-miembros-de-la-asociacion-de-celiacos-de-navarra-visita-el-ayuntamiento-con-motivo-de-la-celebracion-del-dia-nacional-del-celiaco\\\/#breadcrumb\",\"itemListElement\":[{\"@type\":\"ListItem\",\"position\":1,\"name\":\"Portada\",\"item\":\"https:\\\/\\\/www.laguiadepamplona.com\\\/actualidad\\\/\"},{\"@type\":\"ListItem\",\"position\":2,\"name\":\"Un grupo de miembros de la Asociaci\u00f3n de Celiacos de Navarra visita el Ayuntamiento con motivo de la celebraci\u00f3n del D\u00eda Nacional del Celiaco\"}]},{\"@type\":\"WebSite\",\"@id\":\"https:\\\/\\\/www.laguiadepamplona.com\\\/actualidad\\\/#website\",\"url\":\"https:\\\/\\\/www.laguiadepamplona.com\\\/actualidad\\\/\",\"name\":\"La gu\u00eda de Pamplona\",\"description\":\"Noticias de Pamplona\",\"publisher\":{\"@id\":\"https:\\\/\\\/www.laguiadepamplona.com\\\/actualidad\\\/#organization\"},\"potentialAction\":[{\"@type\":\"SearchAction\",\"target\":{\"@type\":\"EntryPoint\",\"urlTemplate\":\"https:\\\/\\\/www.laguiadepamplona.com\\\/actualidad\\\/?s={search_term_string}\"},\"query-input\":{\"@type\":\"PropertyValueSpecification\",\"valueRequired\":true,\"valueName\":\"search_term_string\"}}],\"inLanguage\":\"es\"},{\"@type\":\"Organization\",\"@id\":\"https:\\\/\\\/www.laguiadepamplona.com\\\/actualidad\\\/#organization\",\"name\":\"La Gu\u00eda de Pamplona \\\/ Noticias\",\"url\":\"https:\\\/\\\/www.laguiadepamplona.com\\\/actualidad\\\/\",\"logo\":{\"@type\":\"ImageObject\",\"inLanguage\":\"es\",\"@id\":\"https:\\\/\\\/www.laguiadepamplona.com\\\/actualidad\\\/#\\\/schema\\\/logo\\\/image\\\/\",\"url\":\"https:\\\/\\\/www.laguiadepamplona.com\\\/actualidad\\\/wp-content\\\/uploads\\\/2018\\\/11\\\/logo-laguiadepamplona18-web1.png\",\"contentUrl\":\"https:\\\/\\\/www.laguiadepamplona.com\\\/actualidad\\\/wp-content\\\/uploads\\\/2018\\\/11\\\/logo-laguiadepamplona18-web1.png\",\"width\":600,\"height\":196,\"caption\":\"La Gu\u00eda de Pamplona \\\/ Noticias\"},\"image\":{\"@id\":\"https:\\\/\\\/www.laguiadepamplona.com\\\/actualidad\\\/#\\\/schema\\\/logo\\\/image\\\/\"},\"sameAs\":[\"https:\\\/\\\/www.facebook.com\\\/laguiadepamplonacom-133175176762273\\\/?ref=hl\",\"https:\\\/\\\/x.com\\\/LaGuiadPamplona\",\"https:\\\/\\\/www.instagram.com\\\/la_guia_de_pamplona\\\/\",\"https:\\\/\\\/www.youtube.com\\\/user\\\/laguiadepamplona\"]},{\"@type\":\"Person\",\"@id\":\"https:\\\/\\\/www.laguiadepamplona.com\\\/actualidad\\\/#\\\/schema\\\/person\\\/efe887376f0213d4657c93adc50b1fdb\",\"name\":\"La Gu\u00eda de Pamplona\",\"image\":{\"@type\":\"ImageObject\",\"inLanguage\":\"es\",\"@id\":\"https:\\\/\\\/secure.gravatar.com\\\/avatar\\\/b6992f131dc8d30ab0dff15446e9d346d9dbd95992de0fef795073f5ea83a81c?s=96&d=mm&r=g\",\"url\":\"https:\\\/\\\/secure.gravatar.com\\\/avatar\\\/b6992f131dc8d30ab0dff15446e9d346d9dbd95992de0fef795073f5ea83a81c?s=96&d=mm&r=g\",\"contentUrl\":\"https:\\\/\\\/secure.gravatar.com\\\/avatar\\\/b6992f131dc8d30ab0dff15446e9d346d9dbd95992de0fef795073f5ea83a81c?s=96&d=mm&r=g\",\"caption\":\"La Gu\u00eda de Pamplona\"}}]}<\/script>\n<!-- \/ Yoast SEO plugin. -->","yoast_head_json":{"title":"Un grupo de miembros de la Asociaci\u00f3n de Celiacos de Navarra visita el Ayuntamiento con motivo de la celebraci\u00f3n del D\u00eda Nacional del Celiaco","robots":{"index":"index","follow":"follow","max-snippet":"max-snippet:-1","max-image-preview":"max-image-preview:large","max-video-preview":"max-video-preview:-1"},"canonical":"https:\/\/www.laguiadepamplona.com\/actualidad\/un-grupo-de-miembros-de-la-asociacion-de-celiacos-de-navarra-visita-el-ayuntamiento-con-motivo-de-la-celebracion-del-dia-nacional-del-celiaco\/","og_locale":"es_ES","og_type":"article","og_title":"Un grupo de miembros de la Asociaci\u00f3n de Celiacos de Navarra visita el Ayuntamiento con motivo de la celebraci\u00f3n del D\u00eda Nacional del Celiaco","og_description":"El Ayuntamiento de Pamplona recibi\u00f3 ayer la visita de un grupo de miembros de la Asociaci\u00f3n de Celiacos de Navarra, que acudieron a la Casa Consistorial con motivo de la...","og_url":"https:\/\/www.laguiadepamplona.com\/actualidad\/un-grupo-de-miembros-de-la-asociacion-de-celiacos-de-navarra-visita-el-ayuntamiento-con-motivo-de-la-celebracion-del-dia-nacional-del-celiaco\/","og_site_name":"La Gu\u00eda de Pamplona","article_publisher":"https:\/\/www.facebook.com\/laguiadepamplonacom-133175176762273\/?ref=hl","article_published_time":"2014-06-02T11:24:38+00:00","author":"La Gu\u00eda de Pamplona","twitter_card":"summary_large_image","twitter_creator":"@LaGuiadPamplona","twitter_site":"@LaGuiadPamplona","twitter_misc":{"Escrito por":"La Gu\u00eda de Pamplona","Tiempo de lectura":"1 minuto"},"schema":{"@context":"https:\/\/schema.org","@graph":[{"@type":"Article","@id":"https:\/\/www.laguiadepamplona.com\/actualidad\/un-grupo-de-miembros-de-la-asociacion-de-celiacos-de-navarra-visita-el-ayuntamiento-con-motivo-de-la-celebracion-del-dia-nacional-del-celiaco\/#article","isPartOf":{"@id":"https:\/\/www.laguiadepamplona.com\/actualidad\/un-grupo-de-miembros-de-la-asociacion-de-celiacos-de-navarra-visita-el-ayuntamiento-con-motivo-de-la-celebracion-del-dia-nacional-del-celiaco\/"},"author":{"name":"La Gu\u00eda de Pamplona","@id":"https:\/\/www.laguiadepamplona.com\/actualidad\/#\/schema\/person\/efe887376f0213d4657c93adc50b1fdb"},"headline":"Un grupo de miembros de la Asociaci\u00f3n de Celiacos de Navarra visita el Ayuntamiento con motivo de la celebraci\u00f3n del D\u00eda Nacional del Celiaco","datePublished":"2014-06-02T11:24:38+00:00","mainEntityOfPage":{"@id":"https:\/\/www.laguiadepamplona.com\/actualidad\/un-grupo-de-miembros-de-la-asociacion-de-celiacos-de-navarra-visita-el-ayuntamiento-con-motivo-de-la-celebracion-del-dia-nacional-del-celiaco\/"},"wordCount":237,"commentCount":0,"publisher":{"@id":"https:\/\/www.laguiadepamplona.com\/actualidad\/#organization"},"image":{"@id":"https:\/\/www.laguiadepamplona.com\/actualidad\/un-grupo-de-miembros-de-la-asociacion-de-celiacos-de-navarra-visita-el-ayuntamiento-con-motivo-de-la-celebracion-del-dia-nacional-del-celiaco\/#primaryimage"},"thumbnailUrl":"","keywords":["actualidad","asociaci\u00f3n celiacos","ayto pamplona","Ayuntamiento de Pamplona","D\u00eda Nacional del Celiaco","navarra","noticias","pamplona","visitan"],"articleSection":["Ayto Pamplona"],"inLanguage":"es","potentialAction":[{"@type":"CommentAction","name":"Comment","target":["https:\/\/www.laguiadepamplona.com\/actualidad\/un-grupo-de-miembros-de-la-asociacion-de-celiacos-de-navarra-visita-el-ayuntamiento-con-motivo-de-la-celebracion-del-dia-nacional-del-celiaco\/#respond"]}]},{"@type":"WebPage","@id":"https:\/\/www.laguiadepamplona.com\/actualidad\/un-grupo-de-miembros-de-la-asociacion-de-celiacos-de-navarra-visita-el-ayuntamiento-con-motivo-de-la-celebracion-del-dia-nacional-del-celiaco\/","url":"https:\/\/www.laguiadepamplona.com\/actualidad\/un-grupo-de-miembros-de-la-asociacion-de-celiacos-de-navarra-visita-el-ayuntamiento-con-motivo-de-la-celebracion-del-dia-nacional-del-celiaco\/","name":"Un grupo de miembros de la Asociaci\u00f3n de Celiacos de Navarra visita el Ayuntamiento con motivo de la celebraci\u00f3n del D\u00eda Nacional del Celiaco","isPartOf":{"@id":"https:\/\/www.laguiadepamplona.com\/actualidad\/#website"},"primaryImageOfPage":{"@id":"https:\/\/www.laguiadepamplona.com\/actualidad\/un-grupo-de-miembros-de-la-asociacion-de-celiacos-de-navarra-visita-el-ayuntamiento-con-motivo-de-la-celebracion-del-dia-nacional-del-celiaco\/#primaryimage"},"image":{"@id":"https:\/\/www.laguiadepamplona.com\/actualidad\/un-grupo-de-miembros-de-la-asociacion-de-celiacos-de-navarra-visita-el-ayuntamiento-con-motivo-de-la-celebracion-del-dia-nacional-del-celiaco\/#primaryimage"},"thumbnailUrl":"","datePublished":"2014-06-02T11:24:38+00:00","breadcrumb":{"@id":"https:\/\/www.laguiadepamplona.com\/actualidad\/un-grupo-de-miembros-de-la-asociacion-de-celiacos-de-navarra-visita-el-ayuntamiento-con-motivo-de-la-celebracion-del-dia-nacional-del-celiaco\/#breadcrumb"},"inLanguage":"es","potentialAction":[{"@type":"ReadAction","target":["https:\/\/www.laguiadepamplona.com\/actualidad\/un-grupo-de-miembros-de-la-asociacion-de-celiacos-de-navarra-visita-el-ayuntamiento-con-motivo-de-la-celebracion-del-dia-nacional-del-celiaco\/"]}]},{"@type":"ImageObject","inLanguage":"es","@id":"https:\/\/www.laguiadepamplona.com\/actualidad\/un-grupo-de-miembros-de-la-asociacion-de-celiacos-de-navarra-visita-el-ayuntamiento-con-motivo-de-la-celebracion-del-dia-nacional-del-celiaco\/#primaryimage","url":"","contentUrl":""},{"@type":"BreadcrumbList","@id":"https:\/\/www.laguiadepamplona.com\/actualidad\/un-grupo-de-miembros-de-la-asociacion-de-celiacos-de-navarra-visita-el-ayuntamiento-con-motivo-de-la-celebracion-del-dia-nacional-del-celiaco\/#breadcrumb","itemListElement":[{"@type":"ListItem","position":1,"name":"Portada","item":"https:\/\/www.laguiadepamplona.com\/actualidad\/"},{"@type":"ListItem","position":2,"name":"Un grupo de miembros de la Asociaci\u00f3n de Celiacos de Navarra visita el Ayuntamiento con motivo de la celebraci\u00f3n del D\u00eda Nacional del Celiaco"}]},{"@type":"WebSite","@id":"https:\/\/www.laguiadepamplona.com\/actualidad\/#website","url":"https:\/\/www.laguiadepamplona.com\/actualidad\/","name":"La gu\u00eda de Pamplona","description":"Noticias de Pamplona","publisher":{"@id":"https:\/\/www.laguiadepamplona.com\/actualidad\/#organization"},"potentialAction":[{"@type":"SearchAction","target":{"@type":"EntryPoint","urlTemplate":"https:\/\/www.laguiadepamplona.com\/actualidad\/?s={search_term_string}"},"query-input":{"@type":"PropertyValueSpecification","valueRequired":true,"valueName":"search_term_string"}}],"inLanguage":"es"},{"@type":"Organization","@id":"https:\/\/www.laguiadepamplona.com\/actualidad\/#organization","name":"La Gu\u00eda de Pamplona \/ Noticias","url":"https:\/\/www.laguiadepamplona.com\/actualidad\/","logo":{"@type":"ImageObject","inLanguage":"es","@id":"https:\/\/www.laguiadepamplona.com\/actualidad\/#\/schema\/logo\/image\/","url":"https:\/\/www.laguiadepamplona.com\/actualidad\/wp-content\/uploads\/2018\/11\/logo-laguiadepamplona18-web1.png","contentUrl":"https:\/\/www.laguiadepamplona.com\/actualidad\/wp-content\/uploads\/2018\/11\/logo-laguiadepamplona18-web1.png","width":600,"height":196,"caption":"La Gu\u00eda de Pamplona \/ Noticias"},"image":{"@id":"https:\/\/www.laguiadepamplona.com\/actualidad\/#\/schema\/logo\/image\/"},"sameAs":["https:\/\/www.facebook.com\/laguiadepamplonacom-133175176762273\/?ref=hl","https:\/\/x.com\/LaGuiadPamplona","https:\/\/www.instagram.com\/la_guia_de_pamplona\/","https:\/\/www.youtube.com\/user\/laguiadepamplona"]},{"@type":"Person","@id":"https:\/\/www.laguiadepamplona.com\/actualidad\/#\/schema\/person\/efe887376f0213d4657c93adc50b1fdb","name":"La Gu\u00eda de Pamplona","image":{"@type":"ImageObject","inLanguage":"es","@id":"https:\/\/secure.gravatar.com\/avatar\/b6992f131dc8d30ab0dff15446e9d346d9dbd95992de0fef795073f5ea83a81c?s=96&d=mm&r=g","url":"https:\/\/secure.gravatar.com\/avatar\/b6992f131dc8d30ab0dff15446e9d346d9dbd95992de0fef795073f5ea83a81c?s=96&d=mm&r=g","contentUrl":"https:\/\/secure.gravatar.com\/avatar\/b6992f131dc8d30ab0dff15446e9d346d9dbd95992de0fef795073f5ea83a81c?s=96&d=mm&r=g","caption":"La Gu\u00eda de Pamplona"}}]}},"post_mailing_queue_ids":[],"_links":{"self":[{"href":"https:\/\/www.laguiadepamplona.com\/actualidad\/wp-json\/wp\/v2\/posts\/1821","targetHints":{"allow":["GET"]}}],"collection":[{"href":"https:\/\/www.laguiadepamplona.com\/actualidad\/wp-json\/wp\/v2\/posts"}],"about":[{"href":"https:\/\/www.laguiadepamplona.com\/actualidad\/wp-json\/wp\/v2\/types\/post"}],"author":[{"embeddable":true,"href":"https:\/\/www.laguiadepamplona.com\/actualidad\/wp-json\/wp\/v2\/users\/1"}],"replies":[{"embeddable":true,"href":"https:\/\/www.laguiadepamplona.com\/actualidad\/wp-json\/wp\/v2\/comments?post=1821"}],"version-history":[{"count":0,"href":"https:\/\/www.laguiadepamplona.com\/actualidad\/wp-json\/wp\/v2\/posts\/1821\/revisions"}],"wp:featuredmedia":[{"embeddable":true,"href":"https:\/\/www.laguiadepamplona.com\/actualidad\/wp-json\/"}],"wp:attachment":[{"href":"https:\/\/www.laguiadepamplona.com\/actualidad\/wp-json\/wp\/v2\/media?parent=1821"}],"wp:term":[{"taxonomy":"category","embeddable":true,"href":"https:\/\/www.laguiadepamplona.com\/actualidad\/wp-json\/wp\/v2\/categories?post=1821"},{"taxonomy":"post_tag","embeddable":true,"href":"https:\/\/www.laguiadepamplona.com\/actualidad\/wp-json\/wp\/v2\/tags?post=1821"}],"curies":[{"name":"wp","href":"https:\/\/api.w.org\/{rel}","templated":true}]}}