{"id":1817,"date":"2014-06-02T12:22:49","date_gmt":"2014-06-02T11:22:49","guid":{"rendered":"http:\/\/laguiadepamplona.es\/noticias\/?p=1817"},"modified":"2014-06-02T12:22:49","modified_gmt":"2014-06-02T11:22:49","slug":"el-parque-del-lago-de-arrosadia-tendra-continuidad-al-otro-lado-de-la-avenida-de-zaragoza-con-una-nueva-zona-verde-junto-al-rio-sadar-de-mas-de-20-000m2","status":"publish","type":"post","link":"https:\/\/www.laguiadepamplona.com\/actualidad\/el-parque-del-lago-de-arrosadia-tendra-continuidad-al-otro-lado-de-la-avenida-de-zaragoza-con-una-nueva-zona-verde-junto-al-rio-sadar-de-mas-de-20-000m2\/","title":{"rendered":"El parque del lago de Arrosad\u00eda tendr\u00e1 continuidad al otro lado de la avenida de Zaragoza con una nueva zona verde junto al r\u00edo Sadar de m\u00e1s de 20.000m2"},"content":{"rendered":"<h4>Gerencia de Urbanismo estudiar\u00e1 el mi\u00e9rcoles la licitaci\u00f3n de unas obras que incluyen la urbanizaci\u00f3n de un espacio destinado a zona comercial<\/h4>\n<p class=\"Textonota\"><a href=\"http:\/\/laguiadepamplona.es\/noticias\/wp-content\/uploads\/2014\/06\/azpilaga\u00f1a_sur1.jpg\"><img loading=\"lazy\" decoding=\"async\" class=\"alignleft size-medium wp-image-1818\" src=\"http:\/\/laguiadepamplona.es\/noticias\/wp-content\/uploads\/2014\/06\/azpilaga\u00f1a_sur1-300x210.jpg\" alt=\"T:\ufffd1- AYUNTAMIENTOSPAMPLONAUrbanizaci\u00f3n ARS-4 Residencial Cor\" width=\"300\" height=\"210\" \/><\/a>El parque del lago de Arrosad\u00eda, abierto al p\u00fablico recientemente, tendr\u00e1 continuidad al otro lado de la avenida de Zaragoza con una nueva zona verde de m\u00e1s de 20.000m<sup>2<\/sup>. Esta zona verde se desarrollar\u00e1 junto al r\u00edo Sadar y acoger\u00e1 la continuaci\u00f3n del paseo fluvial que unir\u00e1 las universidades. El consejo <span lang=\"ES-TRAD\">de <\/span>Gerencia de Urbanismo estudiar\u00e1 el mi\u00e9rcoles la licitaci\u00f3n de unas obras que incluyen, adem\u00e1s, la creaci\u00f3n de un centro comercial, dos edificios de oficinas y el traslado de la gasolinera ubicada en la actualidad en la avenida de Zaragoza. La zona verde y de esparcimiento quedar\u00e1 en el espacio m\u00e1s cercano a las viviendas de Azpilaga\u00f1a, hasta un nuevo vial que se crear\u00e1 a la altura de la calle Sadar, mientras que el \u00e1rea comercial se ubicar\u00e1 a continuaci\u00f3n, hacia la parte m\u00e1s baja de la avenida de Zaragoza.<\/p>\n<p class=\"Textonota\">Todos los detalles han sido presentados esta ma\u00f1ana por el concejal delegado de Urbanismo, Vivienda y Medio Ambiente, Juan Jos\u00e9 Echeverr\u00eda y por el autor del proyecto, Santiago Sainz de los Terreros, de PJS Proyectos, Estudios y Servicios T\u00e9cnicos de Navarra S.A. (SERTECNA).<\/p>\n<p class=\"ladillonota\"><strong>Obras en dos sectores<\/strong><\/p>\n<p class=\"Textonota\">El \u00e1mbito de los trabajos abarca tanto el espacio incluido en la aprobaci\u00f3n definitiva del proyecto de urbanizaci\u00f3n redactado para el sur de Azpilaga\u00f1a (sector S-2 de la Unidad Integrada XIX de Plan Municipal de Pamplona) y que alcanza los 61.185 m<sup>2<\/sup> como el \u00e1rea que queda comprendido entre el l\u00edmite de esa zona y la calle paralela a la ronda de Azpilaga\u00f1a y que suponen 6.000 m<sup>2<\/sup> m\u00e1s tratados como zona verde (sector S-1). Los 61.185 m<sup>2 <\/sup>se distribuyen entre los 14.500 m<sup>2<\/sup> de zonas verdes, la plaza de algo m\u00e1s de 2.500 m<sup>2<\/sup> de una nueva plaza, los casi 20.000 m<sup>2<\/sup> de las parcelas comerciales y los m\u00e1s de 24.400 m<sup>2 <\/sup>de zonas peatonales, nuevas calles y espacios de aparcamiento.<\/p>\n<p class=\"Textonota\">El presupuesto de licitaci\u00f3n, IVA no incluido, asciende a 4.562.579 euros de los que 4.325.942 euros corresponde al sector S-2 y 236.636 euros al sector S-1. Las obras tienen un plazo de ejecuci\u00f3n de 12 meses, por lo que se desarrollar\u00e1n entre el oto\u00f1o de 2014 y de 2015. Ha quedado fuera de esta fase de obras un espacio en la zona comercial bajo el que se podr\u00edan construir aparcamientos subterr\u00e1neos, lo que obligar\u00eda a levantar las calles urbanizadas. Esta zona ser\u00e1 urbanizada en una segunda fase, cuando comiencen a levantarse los edificios de oficinas y comerciales.<\/p>\n<p class=\"ladillonota\"><strong>Un parque arbolado<\/strong><\/p>\n<p class=\"Textonota\"><a href=\"http:\/\/laguiadepamplona.es\/noticias\/wp-content\/uploads\/2014\/06\/azpilaga\u00f1a_sur2.jpg\"><img loading=\"lazy\" decoding=\"async\" class=\"alignleft size-medium wp-image-1819\" src=\"http:\/\/laguiadepamplona.es\/noticias\/wp-content\/uploads\/2014\/06\/azpilaga\u00f1a_sur2-300x212.jpg\" alt=\"T:\ufffd1- AYUNTAMIENTOSPAMPLONAUrbanizaci\u00f3n ARS-4 Residencial Cor\" width=\"300\" height=\"212\" \/><\/a>El nuevo parque conectar\u00e1 con el del lago de Arrosad\u00eda por un camino peatonal que discurrir\u00e1 por debajo del puente de la avenida de Zaragoza. En esa zona desaparecer\u00e1 la carretera que se dirig\u00eda a la Universidad de Navarra, que se transformar\u00e1 en paseo peatonal.<\/p>\n<p class=\"Textonota\">El parque est\u00e1 constituido por praderas arboladas recorridas por cuatro caminos peatonales, con un dise\u00f1o similar a los de Arrosad\u00eda. Adem\u00e1s de mantener todos los \u00e1rboles de la ribera, se van a plantar m\u00e1s de 250 nuevos ejemplares, ya que el dise\u00f1o del parque contempla que sea un espacio plenamente arbolado y que las plantaciones salgan hasta la nueva calle, con ejemplares en la mediana y en las aceras.<\/p>\n<p class=\"Textonota\">Est\u00e1 previsto que se planten arces rojos americanos, cerezos, tilos, arces blancos, \u00e1lamos blancos, sauces blancos, robles, fresnos, abedules, pinos y abetos. Todos ellos ser\u00e1n distribuidos por franjas en el parque, aceras y mediana, de manera que al pasear se vayan viendo por zonas todas las especies y \u00e9stas den una color diferente a cada espacio. A ellos se unir\u00e1n m\u00e1s de 600 arbustos y otros tipos de plantas tapizantes.<\/p>\n<p class=\"Textonota\">En los dos extremos del parque quedar\u00e1n los mayores espacios de estancia, uno cercano a la avenida de Zaragoza en un lugar de mayor actividad urbana y el otro central cerca de la pasarela.<\/p>\n<p class=\"ladillonota\"><strong>Pasarela de 28 metros de largo<\/strong><\/p>\n<p class=\"Textonota\">Una pasarela sobre el r\u00edo Sadar y sobre la antigua carretera de la universidad, ahora paseo peatonal, conectar\u00e1 el barrio de Azpilaga\u00f1a con el parque. De 28 metros de largo, se construir\u00e1 en acero corten y tendr\u00e1 un aspecto similar a las dos colocadas en el parque del lago de Arrosad\u00eda. Esta pasarela conectar\u00e1 en l\u00ednea recta con una de las calles perpendiculares de la urbanizaci\u00f3n, calle que contar\u00e1 con carril-bici. Adem\u00e1s, todo el parque el espacio urbanizado contar\u00e1 con bancos y papeleras y tambi\u00e9n se crear\u00e1 una zona de juegos infantiles.<\/p>\n<p class=\"Textonota\">En esa zona del parque permanecer\u00e1 el Centro de Atenci\u00f3n de Animales, que mantendr\u00e1 su ubicaci\u00f3n actual con una peque\u00f1a reconfiguraci\u00f3n de su parcela y nuevos accesos. Se podr\u00e1 acceder a \u00e9l a trav\u00e9s del nuevo vial y contar\u00e1 con una nueva zona de aparcamiento en sus proximidades, un aparcamiento al que se dar\u00e1 car\u00e1cter de parque para que quede integrado en el espacio verde que le rodear\u00e1. El centro, adem\u00e1s, seguir\u00e1 manteniendo su acceso actual y su conexi\u00f3n peatonal con Azpilaga\u00f1a. S\u00ed desaparecer\u00e1n los viveros municipales que ser\u00e1n derribados para crear el nuevo parque.<\/p>\n<p class=\"ladillonota\"><strong>Prolongaci\u00f3n de la calle Sadar hacia la avenida de Navarra<\/strong><\/p>\n<p class=\"Textonota\">El proyecto de urbanizaci\u00f3n tambi\u00e9n contempla los viales del sector y la creaci\u00f3n de una calle, prolongaci\u00f3n de la calle Sadar y a la que quedar\u00e1 conectada por una nueva glorieta de 33 metros de radio interior y 55 de radio exterior. Esta v\u00eda tendr\u00e1 dos sentidos de circulaci\u00f3n separados por una amplia mediana y contar\u00e1 con zonas de aparcamiento en los laterales. Se prolongar\u00e1 desde la nueva rotonda hasta la altura del Centro de Atenci\u00f3n a Animales, de forma que quede preparada para conectarse a la avenida de Navarra a trav\u00e9s de la glorieta prevista en el PSIS de la meseta de Cordovilla. Estar\u00e1 elevada cuatro metros sobre la altura actual del terreno, lo que va a obligar a realizar gran movimiento de tierra.<\/p>\n<p class=\"Textonota\">Los dos viales secundarios se crear\u00e1n con el mismo dise\u00f1o que los del entorno, es decir, de un carril de circulaci\u00f3n en cada sentido, aparcamiento en bater\u00eda y aceras. La urbanizaci\u00f3n con de abastecimiento y saneamiento no recoge las infraestructuras previstas inicialmente que deb\u00edan atravesar este sector de acuerdo al PSIS de Cordovilla. Solo se han incluido los trabajos necesarios para dotar de servicios a las parcelas de este sector de acuerdo con el desarrollo previsto. En estas parcelas se contempla la creaci\u00f3n de un centro comercial que se ubicar\u00e1 junto a la v\u00eda que prolongar\u00e1 la calle Sadar, con una edificabilidad de planta baja m\u00e1s dos alturas. Junto a \u00e9l habr\u00e1 otras dos parcelas comerciales, edificables en planta baja m\u00e1s una altura. De \u00e9stas, la m\u00e1s pr\u00f3xima a la avenida de Navarra se destinar\u00e1 a gasolinera, para poder trasladar la existente en la avenida de Zaragoza. Junto a esta avenida, el proyecto plantea dos parcelas con edificaci\u00f3n de planta baja m\u00e1s cinco.<\/p>\n<p class=\"Textonota\">\n","protected":false},"excerpt":{"rendered":"<p>Gerencia de Urbanismo estudiar\u00e1 el mi\u00e9rcoles la licitaci\u00f3n de unas obras que incluyen la urbanizaci\u00f3n de un espacio destinado a zona comercial El parque del lago de Arrosad\u00eda, abierto al&#8230;<\/p>\n","protected":false},"author":1,"featured_media":1818,"comment_status":"open","ping_status":"open","sticky":false,"template":"","format":"standard","meta":{"footnotes":""},"categories":[2],"tags":[5,1488,6,509,8,1489,9,1490,1491],"class_list":["post-1817","post","type-post","status-publish","format-standard","has-post-thumbnail","hentry","category-ayuntamiento-pamplona","tag-actualidad","tag-avenida-de-zaragoza","tag-ayto-pamplona","tag-ayuntamiento-de-pamplona","tag-noticias","tag-nueva-zona-verde","tag-pamplona","tag-parque-del-lago-de-arrosadia","tag-rio-sadar"],"yoast_head":"<!-- This site is optimized with the Yoast SEO plugin v27.5 - https:\/\/yoast.com\/product\/yoast-seo-wordpress\/ -->\n<title>El parque del lago de Arrosad\u00eda tendr\u00e1 continuidad al otro lado de la avenida de Zaragoza con una nueva zona verde junto al r\u00edo Sadar de m\u00e1s de 20.000m2<\/title>\n<meta name=\"robots\" content=\"index, follow, max-snippet:-1, max-image-preview:large, max-video-preview:-1\" \/>\n<link rel=\"canonical\" href=\"https:\/\/www.laguiadepamplona.com\/actualidad\/el-parque-del-lago-de-arrosadia-tendra-continuidad-al-otro-lado-de-la-avenida-de-zaragoza-con-una-nueva-zona-verde-junto-al-rio-sadar-de-mas-de-20-000m2\/\" \/>\n<meta property=\"og:locale\" content=\"es_ES\" \/>\n<meta property=\"og:type\" content=\"article\" \/>\n<meta property=\"og:title\" content=\"El parque del lago de Arrosad\u00eda tendr\u00e1 continuidad al otro lado de la avenida de Zaragoza con una nueva zona verde junto al r\u00edo Sadar de m\u00e1s de 20.000m2\" \/>\n<meta property=\"og:description\" content=\"Gerencia de Urbanismo estudiar\u00e1 el mi\u00e9rcoles la licitaci\u00f3n de unas obras que incluyen la urbanizaci\u00f3n de un espacio destinado a zona comercial El parque del lago de Arrosad\u00eda, abierto al...\" \/>\n<meta property=\"og:url\" content=\"https:\/\/www.laguiadepamplona.com\/actualidad\/el-parque-del-lago-de-arrosadia-tendra-continuidad-al-otro-lado-de-la-avenida-de-zaragoza-con-una-nueva-zona-verde-junto-al-rio-sadar-de-mas-de-20-000m2\/\" \/>\n<meta property=\"og:site_name\" content=\"La Gu\u00eda de Pamplona\" \/>\n<meta property=\"article:publisher\" content=\"https:\/\/www.facebook.com\/laguiadepamplonacom-133175176762273\/?ref=hl\" \/>\n<meta property=\"article:published_time\" content=\"2014-06-02T11:22:49+00:00\" \/>\n<meta name=\"author\" content=\"La Gu\u00eda de Pamplona\" \/>\n<meta name=\"twitter:card\" content=\"summary_large_image\" \/>\n<meta name=\"twitter:creator\" content=\"@LaGuiadPamplona\" \/>\n<meta name=\"twitter:site\" content=\"@LaGuiadPamplona\" \/>\n<meta name=\"twitter:label1\" content=\"Escrito por\" \/>\n\t<meta name=\"twitter:data1\" content=\"La Gu\u00eda de Pamplona\" \/>\n\t<meta name=\"twitter:label2\" content=\"Tiempo de lectura\" \/>\n\t<meta name=\"twitter:data2\" content=\"6 minutos\" \/>\n<script type=\"application\/ld+json\" class=\"yoast-schema-graph\">{\"@context\":\"https:\\\/\\\/schema.org\",\"@graph\":[{\"@type\":\"Article\",\"@id\":\"https:\\\/\\\/www.laguiadepamplona.com\\\/actualidad\\\/el-parque-del-lago-de-arrosadia-tendra-continuidad-al-otro-lado-de-la-avenida-de-zaragoza-con-una-nueva-zona-verde-junto-al-rio-sadar-de-mas-de-20-000m2\\\/#article\",\"isPartOf\":{\"@id\":\"https:\\\/\\\/www.laguiadepamplona.com\\\/actualidad\\\/el-parque-del-lago-de-arrosadia-tendra-continuidad-al-otro-lado-de-la-avenida-de-zaragoza-con-una-nueva-zona-verde-junto-al-rio-sadar-de-mas-de-20-000m2\\\/\"},\"author\":{\"name\":\"La Gu\u00eda de Pamplona\",\"@id\":\"https:\\\/\\\/www.laguiadepamplona.com\\\/actualidad\\\/#\\\/schema\\\/person\\\/efe887376f0213d4657c93adc50b1fdb\"},\"headline\":\"El parque del lago de Arrosad\u00eda tendr\u00e1 continuidad al otro lado de la avenida de Zaragoza con una nueva zona verde junto al r\u00edo Sadar de m\u00e1s de 20.000m2\",\"datePublished\":\"2014-06-02T11:22:49+00:00\",\"mainEntityOfPage\":{\"@id\":\"https:\\\/\\\/www.laguiadepamplona.com\\\/actualidad\\\/el-parque-del-lago-de-arrosadia-tendra-continuidad-al-otro-lado-de-la-avenida-de-zaragoza-con-una-nueva-zona-verde-junto-al-rio-sadar-de-mas-de-20-000m2\\\/\"},\"wordCount\":1241,\"commentCount\":0,\"publisher\":{\"@id\":\"https:\\\/\\\/www.laguiadepamplona.com\\\/actualidad\\\/#organization\"},\"image\":{\"@id\":\"https:\\\/\\\/www.laguiadepamplona.com\\\/actualidad\\\/el-parque-del-lago-de-arrosadia-tendra-continuidad-al-otro-lado-de-la-avenida-de-zaragoza-con-una-nueva-zona-verde-junto-al-rio-sadar-de-mas-de-20-000m2\\\/#primaryimage\"},\"thumbnailUrl\":\"\",\"keywords\":[\"actualidad\",\"avenida de Zaragoza\",\"ayto pamplona\",\"Ayuntamiento de Pamplona\",\"noticias\",\"nueva zona verde\",\"pamplona\",\"parque del lago de Arrosad\u00eda\",\"r\u00edo Sadar\"],\"articleSection\":[\"Ayto Pamplona\"],\"inLanguage\":\"es\",\"potentialAction\":[{\"@type\":\"CommentAction\",\"name\":\"Comment\",\"target\":[\"https:\\\/\\\/www.laguiadepamplona.com\\\/actualidad\\\/el-parque-del-lago-de-arrosadia-tendra-continuidad-al-otro-lado-de-la-avenida-de-zaragoza-con-una-nueva-zona-verde-junto-al-rio-sadar-de-mas-de-20-000m2\\\/#respond\"]}]},{\"@type\":\"WebPage\",\"@id\":\"https:\\\/\\\/www.laguiadepamplona.com\\\/actualidad\\\/el-parque-del-lago-de-arrosadia-tendra-continuidad-al-otro-lado-de-la-avenida-de-zaragoza-con-una-nueva-zona-verde-junto-al-rio-sadar-de-mas-de-20-000m2\\\/\",\"url\":\"https:\\\/\\\/www.laguiadepamplona.com\\\/actualidad\\\/el-parque-del-lago-de-arrosadia-tendra-continuidad-al-otro-lado-de-la-avenida-de-zaragoza-con-una-nueva-zona-verde-junto-al-rio-sadar-de-mas-de-20-000m2\\\/\",\"name\":\"El parque del lago de Arrosad\u00eda tendr\u00e1 continuidad al otro lado de la avenida de Zaragoza con una nueva zona verde junto al r\u00edo Sadar de m\u00e1s de 20.000m2\",\"isPartOf\":{\"@id\":\"https:\\\/\\\/www.laguiadepamplona.com\\\/actualidad\\\/#website\"},\"primaryImageOfPage\":{\"@id\":\"https:\\\/\\\/www.laguiadepamplona.com\\\/actualidad\\\/el-parque-del-lago-de-arrosadia-tendra-continuidad-al-otro-lado-de-la-avenida-de-zaragoza-con-una-nueva-zona-verde-junto-al-rio-sadar-de-mas-de-20-000m2\\\/#primaryimage\"},\"image\":{\"@id\":\"https:\\\/\\\/www.laguiadepamplona.com\\\/actualidad\\\/el-parque-del-lago-de-arrosadia-tendra-continuidad-al-otro-lado-de-la-avenida-de-zaragoza-con-una-nueva-zona-verde-junto-al-rio-sadar-de-mas-de-20-000m2\\\/#primaryimage\"},\"thumbnailUrl\":\"\",\"datePublished\":\"2014-06-02T11:22:49+00:00\",\"breadcrumb\":{\"@id\":\"https:\\\/\\\/www.laguiadepamplona.com\\\/actualidad\\\/el-parque-del-lago-de-arrosadia-tendra-continuidad-al-otro-lado-de-la-avenida-de-zaragoza-con-una-nueva-zona-verde-junto-al-rio-sadar-de-mas-de-20-000m2\\\/#breadcrumb\"},\"inLanguage\":\"es\",\"potentialAction\":[{\"@type\":\"ReadAction\",\"target\":[\"https:\\\/\\\/www.laguiadepamplona.com\\\/actualidad\\\/el-parque-del-lago-de-arrosadia-tendra-continuidad-al-otro-lado-de-la-avenida-de-zaragoza-con-una-nueva-zona-verde-junto-al-rio-sadar-de-mas-de-20-000m2\\\/\"]}]},{\"@type\":\"ImageObject\",\"inLanguage\":\"es\",\"@id\":\"https:\\\/\\\/www.laguiadepamplona.com\\\/actualidad\\\/el-parque-del-lago-de-arrosadia-tendra-continuidad-al-otro-lado-de-la-avenida-de-zaragoza-con-una-nueva-zona-verde-junto-al-rio-sadar-de-mas-de-20-000m2\\\/#primaryimage\",\"url\":\"\",\"contentUrl\":\"\"},{\"@type\":\"BreadcrumbList\",\"@id\":\"https:\\\/\\\/www.laguiadepamplona.com\\\/actualidad\\\/el-parque-del-lago-de-arrosadia-tendra-continuidad-al-otro-lado-de-la-avenida-de-zaragoza-con-una-nueva-zona-verde-junto-al-rio-sadar-de-mas-de-20-000m2\\\/#breadcrumb\",\"itemListElement\":[{\"@type\":\"ListItem\",\"position\":1,\"name\":\"Portada\",\"item\":\"https:\\\/\\\/www.laguiadepamplona.com\\\/actualidad\\\/\"},{\"@type\":\"ListItem\",\"position\":2,\"name\":\"El parque del lago de Arrosad\u00eda tendr\u00e1 continuidad al otro lado de la avenida de Zaragoza con una nueva zona verde junto al r\u00edo Sadar de m\u00e1s de 20.000m2\"}]},{\"@type\":\"WebSite\",\"@id\":\"https:\\\/\\\/www.laguiadepamplona.com\\\/actualidad\\\/#website\",\"url\":\"https:\\\/\\\/www.laguiadepamplona.com\\\/actualidad\\\/\",\"name\":\"La gu\u00eda de Pamplona\",\"description\":\"Noticias de Pamplona\",\"publisher\":{\"@id\":\"https:\\\/\\\/www.laguiadepamplona.com\\\/actualidad\\\/#organization\"},\"potentialAction\":[{\"@type\":\"SearchAction\",\"target\":{\"@type\":\"EntryPoint\",\"urlTemplate\":\"https:\\\/\\\/www.laguiadepamplona.com\\\/actualidad\\\/?s={search_term_string}\"},\"query-input\":{\"@type\":\"PropertyValueSpecification\",\"valueRequired\":true,\"valueName\":\"search_term_string\"}}],\"inLanguage\":\"es\"},{\"@type\":\"Organization\",\"@id\":\"https:\\\/\\\/www.laguiadepamplona.com\\\/actualidad\\\/#organization\",\"name\":\"La Gu\u00eda de Pamplona \\\/ Noticias\",\"url\":\"https:\\\/\\\/www.laguiadepamplona.com\\\/actualidad\\\/\",\"logo\":{\"@type\":\"ImageObject\",\"inLanguage\":\"es\",\"@id\":\"https:\\\/\\\/www.laguiadepamplona.com\\\/actualidad\\\/#\\\/schema\\\/logo\\\/image\\\/\",\"url\":\"https:\\\/\\\/www.laguiadepamplona.com\\\/actualidad\\\/wp-content\\\/uploads\\\/2018\\\/11\\\/logo-laguiadepamplona18-web1.png\",\"contentUrl\":\"https:\\\/\\\/www.laguiadepamplona.com\\\/actualidad\\\/wp-content\\\/uploads\\\/2018\\\/11\\\/logo-laguiadepamplona18-web1.png\",\"width\":600,\"height\":196,\"caption\":\"La Gu\u00eda de Pamplona \\\/ Noticias\"},\"image\":{\"@id\":\"https:\\\/\\\/www.laguiadepamplona.com\\\/actualidad\\\/#\\\/schema\\\/logo\\\/image\\\/\"},\"sameAs\":[\"https:\\\/\\\/www.facebook.com\\\/laguiadepamplonacom-133175176762273\\\/?ref=hl\",\"https:\\\/\\\/x.com\\\/LaGuiadPamplona\",\"https:\\\/\\\/www.instagram.com\\\/la_guia_de_pamplona\\\/\",\"https:\\\/\\\/www.youtube.com\\\/user\\\/laguiadepamplona\"]},{\"@type\":\"Person\",\"@id\":\"https:\\\/\\\/www.laguiadepamplona.com\\\/actualidad\\\/#\\\/schema\\\/person\\\/efe887376f0213d4657c93adc50b1fdb\",\"name\":\"La Gu\u00eda de Pamplona\",\"image\":{\"@type\":\"ImageObject\",\"inLanguage\":\"es\",\"@id\":\"https:\\\/\\\/secure.gravatar.com\\\/avatar\\\/b6992f131dc8d30ab0dff15446e9d346d9dbd95992de0fef795073f5ea83a81c?s=96&d=mm&r=g\",\"url\":\"https:\\\/\\\/secure.gravatar.com\\\/avatar\\\/b6992f131dc8d30ab0dff15446e9d346d9dbd95992de0fef795073f5ea83a81c?s=96&d=mm&r=g\",\"contentUrl\":\"https:\\\/\\\/secure.gravatar.com\\\/avatar\\\/b6992f131dc8d30ab0dff15446e9d346d9dbd95992de0fef795073f5ea83a81c?s=96&d=mm&r=g\",\"caption\":\"La Gu\u00eda de Pamplona\"}}]}<\/script>\n<!-- \/ Yoast SEO plugin. -->","yoast_head_json":{"title":"El parque del lago de Arrosad\u00eda tendr\u00e1 continuidad al otro lado de la avenida de Zaragoza con una nueva zona verde junto al r\u00edo Sadar de m\u00e1s de 20.000m2","robots":{"index":"index","follow":"follow","max-snippet":"max-snippet:-1","max-image-preview":"max-image-preview:large","max-video-preview":"max-video-preview:-1"},"canonical":"https:\/\/www.laguiadepamplona.com\/actualidad\/el-parque-del-lago-de-arrosadia-tendra-continuidad-al-otro-lado-de-la-avenida-de-zaragoza-con-una-nueva-zona-verde-junto-al-rio-sadar-de-mas-de-20-000m2\/","og_locale":"es_ES","og_type":"article","og_title":"El parque del lago de Arrosad\u00eda tendr\u00e1 continuidad al otro lado de la avenida de Zaragoza con una nueva zona verde junto al r\u00edo Sadar de m\u00e1s de 20.000m2","og_description":"Gerencia de Urbanismo estudiar\u00e1 el mi\u00e9rcoles la licitaci\u00f3n de unas obras que incluyen la urbanizaci\u00f3n de un espacio destinado a zona comercial El parque del lago de Arrosad\u00eda, abierto al...","og_url":"https:\/\/www.laguiadepamplona.com\/actualidad\/el-parque-del-lago-de-arrosadia-tendra-continuidad-al-otro-lado-de-la-avenida-de-zaragoza-con-una-nueva-zona-verde-junto-al-rio-sadar-de-mas-de-20-000m2\/","og_site_name":"La Gu\u00eda de Pamplona","article_publisher":"https:\/\/www.facebook.com\/laguiadepamplonacom-133175176762273\/?ref=hl","article_published_time":"2014-06-02T11:22:49+00:00","author":"La Gu\u00eda de Pamplona","twitter_card":"summary_large_image","twitter_creator":"@LaGuiadPamplona","twitter_site":"@LaGuiadPamplona","twitter_misc":{"Escrito por":"La Gu\u00eda de Pamplona","Tiempo de lectura":"6 minutos"},"schema":{"@context":"https:\/\/schema.org","@graph":[{"@type":"Article","@id":"https:\/\/www.laguiadepamplona.com\/actualidad\/el-parque-del-lago-de-arrosadia-tendra-continuidad-al-otro-lado-de-la-avenida-de-zaragoza-con-una-nueva-zona-verde-junto-al-rio-sadar-de-mas-de-20-000m2\/#article","isPartOf":{"@id":"https:\/\/www.laguiadepamplona.com\/actualidad\/el-parque-del-lago-de-arrosadia-tendra-continuidad-al-otro-lado-de-la-avenida-de-zaragoza-con-una-nueva-zona-verde-junto-al-rio-sadar-de-mas-de-20-000m2\/"},"author":{"name":"La Gu\u00eda de Pamplona","@id":"https:\/\/www.laguiadepamplona.com\/actualidad\/#\/schema\/person\/efe887376f0213d4657c93adc50b1fdb"},"headline":"El parque del lago de Arrosad\u00eda tendr\u00e1 continuidad al otro lado de la avenida de Zaragoza con una nueva zona verde junto al r\u00edo Sadar de m\u00e1s de 20.000m2","datePublished":"2014-06-02T11:22:49+00:00","mainEntityOfPage":{"@id":"https:\/\/www.laguiadepamplona.com\/actualidad\/el-parque-del-lago-de-arrosadia-tendra-continuidad-al-otro-lado-de-la-avenida-de-zaragoza-con-una-nueva-zona-verde-junto-al-rio-sadar-de-mas-de-20-000m2\/"},"wordCount":1241,"commentCount":0,"publisher":{"@id":"https:\/\/www.laguiadepamplona.com\/actualidad\/#organization"},"image":{"@id":"https:\/\/www.laguiadepamplona.com\/actualidad\/el-parque-del-lago-de-arrosadia-tendra-continuidad-al-otro-lado-de-la-avenida-de-zaragoza-con-una-nueva-zona-verde-junto-al-rio-sadar-de-mas-de-20-000m2\/#primaryimage"},"thumbnailUrl":"","keywords":["actualidad","avenida de Zaragoza","ayto pamplona","Ayuntamiento de Pamplona","noticias","nueva zona verde","pamplona","parque del lago de Arrosad\u00eda","r\u00edo Sadar"],"articleSection":["Ayto Pamplona"],"inLanguage":"es","potentialAction":[{"@type":"CommentAction","name":"Comment","target":["https:\/\/www.laguiadepamplona.com\/actualidad\/el-parque-del-lago-de-arrosadia-tendra-continuidad-al-otro-lado-de-la-avenida-de-zaragoza-con-una-nueva-zona-verde-junto-al-rio-sadar-de-mas-de-20-000m2\/#respond"]}]},{"@type":"WebPage","@id":"https:\/\/www.laguiadepamplona.com\/actualidad\/el-parque-del-lago-de-arrosadia-tendra-continuidad-al-otro-lado-de-la-avenida-de-zaragoza-con-una-nueva-zona-verde-junto-al-rio-sadar-de-mas-de-20-000m2\/","url":"https:\/\/www.laguiadepamplona.com\/actualidad\/el-parque-del-lago-de-arrosadia-tendra-continuidad-al-otro-lado-de-la-avenida-de-zaragoza-con-una-nueva-zona-verde-junto-al-rio-sadar-de-mas-de-20-000m2\/","name":"El parque del lago de Arrosad\u00eda tendr\u00e1 continuidad al otro lado de la avenida de Zaragoza con una nueva zona verde junto al r\u00edo Sadar de m\u00e1s de 20.000m2","isPartOf":{"@id":"https:\/\/www.laguiadepamplona.com\/actualidad\/#website"},"primaryImageOfPage":{"@id":"https:\/\/www.laguiadepamplona.com\/actualidad\/el-parque-del-lago-de-arrosadia-tendra-continuidad-al-otro-lado-de-la-avenida-de-zaragoza-con-una-nueva-zona-verde-junto-al-rio-sadar-de-mas-de-20-000m2\/#primaryimage"},"image":{"@id":"https:\/\/www.laguiadepamplona.com\/actualidad\/el-parque-del-lago-de-arrosadia-tendra-continuidad-al-otro-lado-de-la-avenida-de-zaragoza-con-una-nueva-zona-verde-junto-al-rio-sadar-de-mas-de-20-000m2\/#primaryimage"},"thumbnailUrl":"","datePublished":"2014-06-02T11:22:49+00:00","breadcrumb":{"@id":"https:\/\/www.laguiadepamplona.com\/actualidad\/el-parque-del-lago-de-arrosadia-tendra-continuidad-al-otro-lado-de-la-avenida-de-zaragoza-con-una-nueva-zona-verde-junto-al-rio-sadar-de-mas-de-20-000m2\/#breadcrumb"},"inLanguage":"es","potentialAction":[{"@type":"ReadAction","target":["https:\/\/www.laguiadepamplona.com\/actualidad\/el-parque-del-lago-de-arrosadia-tendra-continuidad-al-otro-lado-de-la-avenida-de-zaragoza-con-una-nueva-zona-verde-junto-al-rio-sadar-de-mas-de-20-000m2\/"]}]},{"@type":"ImageObject","inLanguage":"es","@id":"https:\/\/www.laguiadepamplona.com\/actualidad\/el-parque-del-lago-de-arrosadia-tendra-continuidad-al-otro-lado-de-la-avenida-de-zaragoza-con-una-nueva-zona-verde-junto-al-rio-sadar-de-mas-de-20-000m2\/#primaryimage","url":"","contentUrl":""},{"@type":"BreadcrumbList","@id":"https:\/\/www.laguiadepamplona.com\/actualidad\/el-parque-del-lago-de-arrosadia-tendra-continuidad-al-otro-lado-de-la-avenida-de-zaragoza-con-una-nueva-zona-verde-junto-al-rio-sadar-de-mas-de-20-000m2\/#breadcrumb","itemListElement":[{"@type":"ListItem","position":1,"name":"Portada","item":"https:\/\/www.laguiadepamplona.com\/actualidad\/"},{"@type":"ListItem","position":2,"name":"El parque del lago de Arrosad\u00eda tendr\u00e1 continuidad al otro lado de la avenida de Zaragoza con una nueva zona verde junto al r\u00edo Sadar de m\u00e1s de 20.000m2"}]},{"@type":"WebSite","@id":"https:\/\/www.laguiadepamplona.com\/actualidad\/#website","url":"https:\/\/www.laguiadepamplona.com\/actualidad\/","name":"La gu\u00eda de Pamplona","description":"Noticias de Pamplona","publisher":{"@id":"https:\/\/www.laguiadepamplona.com\/actualidad\/#organization"},"potentialAction":[{"@type":"SearchAction","target":{"@type":"EntryPoint","urlTemplate":"https:\/\/www.laguiadepamplona.com\/actualidad\/?s={search_term_string}"},"query-input":{"@type":"PropertyValueSpecification","valueRequired":true,"valueName":"search_term_string"}}],"inLanguage":"es"},{"@type":"Organization","@id":"https:\/\/www.laguiadepamplona.com\/actualidad\/#organization","name":"La Gu\u00eda de Pamplona \/ Noticias","url":"https:\/\/www.laguiadepamplona.com\/actualidad\/","logo":{"@type":"ImageObject","inLanguage":"es","@id":"https:\/\/www.laguiadepamplona.com\/actualidad\/#\/schema\/logo\/image\/","url":"https:\/\/www.laguiadepamplona.com\/actualidad\/wp-content\/uploads\/2018\/11\/logo-laguiadepamplona18-web1.png","contentUrl":"https:\/\/www.laguiadepamplona.com\/actualidad\/wp-content\/uploads\/2018\/11\/logo-laguiadepamplona18-web1.png","width":600,"height":196,"caption":"La Gu\u00eda de Pamplona \/ Noticias"},"image":{"@id":"https:\/\/www.laguiadepamplona.com\/actualidad\/#\/schema\/logo\/image\/"},"sameAs":["https:\/\/www.facebook.com\/laguiadepamplonacom-133175176762273\/?ref=hl","https:\/\/x.com\/LaGuiadPamplona","https:\/\/www.instagram.com\/la_guia_de_pamplona\/","https:\/\/www.youtube.com\/user\/laguiadepamplona"]},{"@type":"Person","@id":"https:\/\/www.laguiadepamplona.com\/actualidad\/#\/schema\/person\/efe887376f0213d4657c93adc50b1fdb","name":"La Gu\u00eda de Pamplona","image":{"@type":"ImageObject","inLanguage":"es","@id":"https:\/\/secure.gravatar.com\/avatar\/b6992f131dc8d30ab0dff15446e9d346d9dbd95992de0fef795073f5ea83a81c?s=96&d=mm&r=g","url":"https:\/\/secure.gravatar.com\/avatar\/b6992f131dc8d30ab0dff15446e9d346d9dbd95992de0fef795073f5ea83a81c?s=96&d=mm&r=g","contentUrl":"https:\/\/secure.gravatar.com\/avatar\/b6992f131dc8d30ab0dff15446e9d346d9dbd95992de0fef795073f5ea83a81c?s=96&d=mm&r=g","caption":"La Gu\u00eda de Pamplona"}}]}},"post_mailing_queue_ids":[],"_links":{"self":[{"href":"https:\/\/www.laguiadepamplona.com\/actualidad\/wp-json\/wp\/v2\/posts\/1817","targetHints":{"allow":["GET"]}}],"collection":[{"href":"https:\/\/www.laguiadepamplona.com\/actualidad\/wp-json\/wp\/v2\/posts"}],"about":[{"href":"https:\/\/www.laguiadepamplona.com\/actualidad\/wp-json\/wp\/v2\/types\/post"}],"author":[{"embeddable":true,"href":"https:\/\/www.laguiadepamplona.com\/actualidad\/wp-json\/wp\/v2\/users\/1"}],"replies":[{"embeddable":true,"href":"https:\/\/www.laguiadepamplona.com\/actualidad\/wp-json\/wp\/v2\/comments?post=1817"}],"version-history":[{"count":0,"href":"https:\/\/www.laguiadepamplona.com\/actualidad\/wp-json\/wp\/v2\/posts\/1817\/revisions"}],"wp:featuredmedia":[{"embeddable":true,"href":"https:\/\/www.laguiadepamplona.com\/actualidad\/wp-json\/"}],"wp:attachment":[{"href":"https:\/\/www.laguiadepamplona.com\/actualidad\/wp-json\/wp\/v2\/media?parent=1817"}],"wp:term":[{"taxonomy":"category","embeddable":true,"href":"https:\/\/www.laguiadepamplona.com\/actualidad\/wp-json\/wp\/v2\/categories?post=1817"},{"taxonomy":"post_tag","embeddable":true,"href":"https:\/\/www.laguiadepamplona.com\/actualidad\/wp-json\/wp\/v2\/tags?post=1817"}],"curies":[{"name":"wp","href":"https:\/\/api.w.org\/{rel}","templated":true}]}}