{"id":17488,"date":"2018-05-22T14:48:42","date_gmt":"2018-05-22T13:48:42","guid":{"rendered":"http:\/\/laguiadepamplona.es\/actualidad\/?p=17488"},"modified":"2018-05-22T14:48:42","modified_gmt":"2018-05-22T13:48:42","slug":"manana-termina-el-plazo-de-presentacion-de-candidaturas-para-el-lanzamiento-del-chupinazo","status":"publish","type":"post","link":"https:\/\/www.laguiadepamplona.com\/actualidad\/manana-termina-el-plazo-de-presentacion-de-candidaturas-para-el-lanzamiento-del-chupinazo\/","title":{"rendered":"Ma\u00f1ana termina el plazo de presentaci\u00f3n de candidaturas para el lanzamiento del Chupinazo"},"content":{"rendered":"<h3>Las m\u00e1s de 60 asociaciones presentes en la Mesa de los Sanfermines podr\u00e1n registrar la documentaci\u00f3n hasta las 14.30 horas<\/h3>\n<p><!--more--><\/p>\n<p>Por tercer a\u00f1o consecutivo la potestad de elegir qui\u00e9n lanzar\u00e1 el chupinazo de las Fiestas de San Ferm\u00edn ha sido delagada en la ciudadan\u00eda mediante un sistema en dos fases. Ma\u00f1ana a las 14.30 horas acaba el plazo para la primera de ellas. Las asociaciones presentes en la Mesa de los Sanfermines tendr\u00e1n que haber presentado a trav\u00e9s de cualquiera de los registros municipales sus propuestas y la documentaci\u00f3n que las debe acompa\u00f1ar (autorizaci\u00f3n expresa de la entidad o persona presentada y una breve memoria con los m\u00e9ritos que atesora).<\/p>\n<p>Si el n\u00famero de candidaturas presentada es cinco o menor de cinco, la Comisi\u00f3n T\u00e9cnica de Valoraci\u00f3n entrar\u00e1 directamente a comprobar su regularidad antes de pasar a votaci\u00f3n. Si las candidaturas superan esa cifra, el d\u00eda 30 de mayo pasar\u00e1n a ser votadas en Mesa de los Sanfermines hasta restringirlas a cinco, y seguir\u00e1n el mismo procedimiento. La Comisi\u00f3n T\u00e9cnica de Valoraci\u00f3n estar\u00e1 compuesta por la direcci\u00f3n y secretar\u00eda t\u00e9cnica del \u00e1rea de Alcald\u00eda, y la direcci\u00f3n de las \u00e1reas de Cultura y Educaci\u00f3n y Participaci\u00f3n Ciudadana y Empoderamiento Social.<\/p>\n<p>No pueden presentarse los partidos pol\u00edticos o los representantes municipales que integran la Mesa. Adem\u00e1s, las candidaturas propuestas el a\u00f1o pasado no podr\u00e1n repetirse ya que, las candidaturas no ganadoras de ediciones anteriores no se podr\u00e1n presentar hasta pasado un a\u00f1o.<\/p>\n<p>La segunda fase de este proceso tendr\u00e1 lugar del 7 al 21 de junio. Ser\u00e1 el turno directo de la ciudadan\u00eda. El p\u00fablico podr\u00e1 votar digitalmente a trav\u00e9s de <a href=\"http:\/\/www.pamplona.es\/\" target=\"_blank\" rel=\"noopener\">www.pamplona.es<\/a>; de la plataforma de democracia participativa \u2018Erabaki Pamplona\u2019; en el Tel\u00e9fono de Atenci\u00f3n Ciudadana 010 (948 420100, si se llama desde m\u00f3vil o desde fuera de la ciudad) y presencialmente en cualquiera de los centros de la Red Civivox. Para participar en las votaciones, como el a\u00f1o pasado, se requerir\u00e1 estar empadronado y ser mayor de 16 a\u00f1os<\/p>\n","protected":false},"excerpt":{"rendered":"<p>Las m\u00e1s de 60 asociaciones presentes en la Mesa de los Sanfermines podr\u00e1n registrar la documentaci\u00f3n hasta las 14.30 horas<\/p>\n","protected":false},"author":1,"featured_media":17167,"comment_status":"open","ping_status":"closed","sticky":false,"template":"","format":"standard","meta":{"footnotes":""},"categories":[2],"tags":[],"class_list":["post-17488","post","type-post","status-publish","format-standard","has-post-thumbnail","hentry","category-ayuntamiento-pamplona"],"yoast_head":"<!-- This site is optimized with the Yoast SEO plugin v27.5 - https:\/\/yoast.com\/product\/yoast-seo-wordpress\/ -->\n<title>Ma\u00f1ana termina el plazo de presentaci\u00f3n de candidaturas para el lanzamiento del Chupinazo<\/title>\n<meta name=\"robots\" content=\"index, follow, max-snippet:-1, max-image-preview:large, max-video-preview:-1\" \/>\n<link rel=\"canonical\" href=\"https:\/\/www.laguiadepamplona.com\/actualidad\/manana-termina-el-plazo-de-presentacion-de-candidaturas-para-el-lanzamiento-del-chupinazo\/\" \/>\n<meta property=\"og:locale\" content=\"es_ES\" \/>\n<meta property=\"og:type\" content=\"article\" \/>\n<meta property=\"og:title\" content=\"Ma\u00f1ana termina el plazo de presentaci\u00f3n de candidaturas para el lanzamiento del Chupinazo\" \/>\n<meta property=\"og:description\" content=\"Las m\u00e1s de 60 asociaciones presentes en la Mesa de los Sanfermines podr\u00e1n registrar la documentaci\u00f3n hasta las 14.30 horas\" \/>\n<meta property=\"og:url\" content=\"https:\/\/www.laguiadepamplona.com\/actualidad\/manana-termina-el-plazo-de-presentacion-de-candidaturas-para-el-lanzamiento-del-chupinazo\/\" \/>\n<meta property=\"og:site_name\" content=\"La Gu\u00eda de Pamplona\" \/>\n<meta property=\"article:publisher\" content=\"https:\/\/www.facebook.com\/laguiadepamplonacom-133175176762273\/?ref=hl\" \/>\n<meta property=\"article:published_time\" content=\"2018-05-22T13:48:42+00:00\" \/>\n<meta property=\"og:image\" content=\"https:\/\/www.laguiadepamplona.com\/actualidad\/wp-content\/uploads\/2018\/05\/N\u00ba-5.-Pamplona-ciudad-de-luces.jpg\" \/>\n\t<meta property=\"og:image:width\" content=\"700\" \/>\n\t<meta property=\"og:image:height\" content=\"1000\" \/>\n\t<meta property=\"og:image:type\" content=\"image\/jpeg\" \/>\n<meta name=\"author\" content=\"La Gu\u00eda de Pamplona\" \/>\n<meta name=\"twitter:card\" content=\"summary_large_image\" \/>\n<meta name=\"twitter:creator\" content=\"@LaGuiadPamplona\" \/>\n<meta name=\"twitter:site\" content=\"@LaGuiadPamplona\" \/>\n<meta name=\"twitter:label1\" content=\"Escrito por\" \/>\n\t<meta name=\"twitter:data1\" content=\"La Gu\u00eda de Pamplona\" \/>\n\t<meta name=\"twitter:label2\" content=\"Tiempo de lectura\" \/>\n\t<meta name=\"twitter:data2\" content=\"2 minutos\" \/>\n<script type=\"application\/ld+json\" class=\"yoast-schema-graph\">{\"@context\":\"https:\\\/\\\/schema.org\",\"@graph\":[{\"@type\":\"Article\",\"@id\":\"https:\\\/\\\/www.laguiadepamplona.com\\\/actualidad\\\/manana-termina-el-plazo-de-presentacion-de-candidaturas-para-el-lanzamiento-del-chupinazo\\\/#article\",\"isPartOf\":{\"@id\":\"https:\\\/\\\/www.laguiadepamplona.com\\\/actualidad\\\/manana-termina-el-plazo-de-presentacion-de-candidaturas-para-el-lanzamiento-del-chupinazo\\\/\"},\"author\":{\"name\":\"La Gu\u00eda de Pamplona\",\"@id\":\"https:\\\/\\\/www.laguiadepamplona.com\\\/actualidad\\\/#\\\/schema\\\/person\\\/efe887376f0213d4657c93adc50b1fdb\"},\"headline\":\"Ma\u00f1ana termina el plazo de presentaci\u00f3n de candidaturas para el lanzamiento del Chupinazo\",\"datePublished\":\"2018-05-22T13:48:42+00:00\",\"mainEntityOfPage\":{\"@id\":\"https:\\\/\\\/www.laguiadepamplona.com\\\/actualidad\\\/manana-termina-el-plazo-de-presentacion-de-candidaturas-para-el-lanzamiento-del-chupinazo\\\/\"},\"wordCount\":382,\"commentCount\":0,\"publisher\":{\"@id\":\"https:\\\/\\\/www.laguiadepamplona.com\\\/actualidad\\\/#organization\"},\"image\":{\"@id\":\"https:\\\/\\\/www.laguiadepamplona.com\\\/actualidad\\\/manana-termina-el-plazo-de-presentacion-de-candidaturas-para-el-lanzamiento-del-chupinazo\\\/#primaryimage\"},\"thumbnailUrl\":\"https:\\\/\\\/www.laguiadepamplona.com\\\/actualidad\\\/wp-content\\\/uploads\\\/2018\\\/05\\\/N\u00ba-5.-Pamplona-ciudad-de-luces.jpg\",\"articleSection\":[\"Ayto Pamplona\"],\"inLanguage\":\"es\",\"potentialAction\":[{\"@type\":\"CommentAction\",\"name\":\"Comment\",\"target\":[\"https:\\\/\\\/www.laguiadepamplona.com\\\/actualidad\\\/manana-termina-el-plazo-de-presentacion-de-candidaturas-para-el-lanzamiento-del-chupinazo\\\/#respond\"]}]},{\"@type\":\"WebPage\",\"@id\":\"https:\\\/\\\/www.laguiadepamplona.com\\\/actualidad\\\/manana-termina-el-plazo-de-presentacion-de-candidaturas-para-el-lanzamiento-del-chupinazo\\\/\",\"url\":\"https:\\\/\\\/www.laguiadepamplona.com\\\/actualidad\\\/manana-termina-el-plazo-de-presentacion-de-candidaturas-para-el-lanzamiento-del-chupinazo\\\/\",\"name\":\"Ma\u00f1ana termina el plazo de presentaci\u00f3n de candidaturas para el lanzamiento del Chupinazo\",\"isPartOf\":{\"@id\":\"https:\\\/\\\/www.laguiadepamplona.com\\\/actualidad\\\/#website\"},\"primaryImageOfPage\":{\"@id\":\"https:\\\/\\\/www.laguiadepamplona.com\\\/actualidad\\\/manana-termina-el-plazo-de-presentacion-de-candidaturas-para-el-lanzamiento-del-chupinazo\\\/#primaryimage\"},\"image\":{\"@id\":\"https:\\\/\\\/www.laguiadepamplona.com\\\/actualidad\\\/manana-termina-el-plazo-de-presentacion-de-candidaturas-para-el-lanzamiento-del-chupinazo\\\/#primaryimage\"},\"thumbnailUrl\":\"https:\\\/\\\/www.laguiadepamplona.com\\\/actualidad\\\/wp-content\\\/uploads\\\/2018\\\/05\\\/N\u00ba-5.-Pamplona-ciudad-de-luces.jpg\",\"datePublished\":\"2018-05-22T13:48:42+00:00\",\"breadcrumb\":{\"@id\":\"https:\\\/\\\/www.laguiadepamplona.com\\\/actualidad\\\/manana-termina-el-plazo-de-presentacion-de-candidaturas-para-el-lanzamiento-del-chupinazo\\\/#breadcrumb\"},\"inLanguage\":\"es\",\"potentialAction\":[{\"@type\":\"ReadAction\",\"target\":[\"https:\\\/\\\/www.laguiadepamplona.com\\\/actualidad\\\/manana-termina-el-plazo-de-presentacion-de-candidaturas-para-el-lanzamiento-del-chupinazo\\\/\"]}]},{\"@type\":\"ImageObject\",\"inLanguage\":\"es\",\"@id\":\"https:\\\/\\\/www.laguiadepamplona.com\\\/actualidad\\\/manana-termina-el-plazo-de-presentacion-de-candidaturas-para-el-lanzamiento-del-chupinazo\\\/#primaryimage\",\"url\":\"https:\\\/\\\/www.laguiadepamplona.com\\\/actualidad\\\/wp-content\\\/uploads\\\/2018\\\/05\\\/N\u00ba-5.-Pamplona-ciudad-de-luces.jpg\",\"contentUrl\":\"https:\\\/\\\/www.laguiadepamplona.com\\\/actualidad\\\/wp-content\\\/uploads\\\/2018\\\/05\\\/N\u00ba-5.-Pamplona-ciudad-de-luces.jpg\",\"width\":700,\"height\":1000},{\"@type\":\"BreadcrumbList\",\"@id\":\"https:\\\/\\\/www.laguiadepamplona.com\\\/actualidad\\\/manana-termina-el-plazo-de-presentacion-de-candidaturas-para-el-lanzamiento-del-chupinazo\\\/#breadcrumb\",\"itemListElement\":[{\"@type\":\"ListItem\",\"position\":1,\"name\":\"Portada\",\"item\":\"https:\\\/\\\/www.laguiadepamplona.com\\\/actualidad\\\/\"},{\"@type\":\"ListItem\",\"position\":2,\"name\":\"Ma\u00f1ana termina el plazo de presentaci\u00f3n de candidaturas para el lanzamiento del Chupinazo\"}]},{\"@type\":\"WebSite\",\"@id\":\"https:\\\/\\\/www.laguiadepamplona.com\\\/actualidad\\\/#website\",\"url\":\"https:\\\/\\\/www.laguiadepamplona.com\\\/actualidad\\\/\",\"name\":\"La gu\u00eda de Pamplona\",\"description\":\"Noticias de Pamplona\",\"publisher\":{\"@id\":\"https:\\\/\\\/www.laguiadepamplona.com\\\/actualidad\\\/#organization\"},\"potentialAction\":[{\"@type\":\"SearchAction\",\"target\":{\"@type\":\"EntryPoint\",\"urlTemplate\":\"https:\\\/\\\/www.laguiadepamplona.com\\\/actualidad\\\/?s={search_term_string}\"},\"query-input\":{\"@type\":\"PropertyValueSpecification\",\"valueRequired\":true,\"valueName\":\"search_term_string\"}}],\"inLanguage\":\"es\"},{\"@type\":\"Organization\",\"@id\":\"https:\\\/\\\/www.laguiadepamplona.com\\\/actualidad\\\/#organization\",\"name\":\"La Gu\u00eda de Pamplona \\\/ Noticias\",\"url\":\"https:\\\/\\\/www.laguiadepamplona.com\\\/actualidad\\\/\",\"logo\":{\"@type\":\"ImageObject\",\"inLanguage\":\"es\",\"@id\":\"https:\\\/\\\/www.laguiadepamplona.com\\\/actualidad\\\/#\\\/schema\\\/logo\\\/image\\\/\",\"url\":\"https:\\\/\\\/www.laguiadepamplona.com\\\/actualidad\\\/wp-content\\\/uploads\\\/2018\\\/11\\\/logo-laguiadepamplona18-web1.png\",\"contentUrl\":\"https:\\\/\\\/www.laguiadepamplona.com\\\/actualidad\\\/wp-content\\\/uploads\\\/2018\\\/11\\\/logo-laguiadepamplona18-web1.png\",\"width\":600,\"height\":196,\"caption\":\"La Gu\u00eda de Pamplona \\\/ Noticias\"},\"image\":{\"@id\":\"https:\\\/\\\/www.laguiadepamplona.com\\\/actualidad\\\/#\\\/schema\\\/logo\\\/image\\\/\"},\"sameAs\":[\"https:\\\/\\\/www.facebook.com\\\/laguiadepamplonacom-133175176762273\\\/?ref=hl\",\"https:\\\/\\\/x.com\\\/LaGuiadPamplona\",\"https:\\\/\\\/www.instagram.com\\\/la_guia_de_pamplona\\\/\",\"https:\\\/\\\/www.youtube.com\\\/user\\\/laguiadepamplona\"]},{\"@type\":\"Person\",\"@id\":\"https:\\\/\\\/www.laguiadepamplona.com\\\/actualidad\\\/#\\\/schema\\\/person\\\/efe887376f0213d4657c93adc50b1fdb\",\"name\":\"La Gu\u00eda de Pamplona\",\"image\":{\"@type\":\"ImageObject\",\"inLanguage\":\"es\",\"@id\":\"https:\\\/\\\/secure.gravatar.com\\\/avatar\\\/b6992f131dc8d30ab0dff15446e9d346d9dbd95992de0fef795073f5ea83a81c?s=96&d=mm&r=g\",\"url\":\"https:\\\/\\\/secure.gravatar.com\\\/avatar\\\/b6992f131dc8d30ab0dff15446e9d346d9dbd95992de0fef795073f5ea83a81c?s=96&d=mm&r=g\",\"contentUrl\":\"https:\\\/\\\/secure.gravatar.com\\\/avatar\\\/b6992f131dc8d30ab0dff15446e9d346d9dbd95992de0fef795073f5ea83a81c?s=96&d=mm&r=g\",\"caption\":\"La Gu\u00eda de Pamplona\"}}]}<\/script>\n<!-- \/ Yoast SEO plugin. -->","yoast_head_json":{"title":"Ma\u00f1ana termina el plazo de presentaci\u00f3n de candidaturas para el lanzamiento del Chupinazo","robots":{"index":"index","follow":"follow","max-snippet":"max-snippet:-1","max-image-preview":"max-image-preview:large","max-video-preview":"max-video-preview:-1"},"canonical":"https:\/\/www.laguiadepamplona.com\/actualidad\/manana-termina-el-plazo-de-presentacion-de-candidaturas-para-el-lanzamiento-del-chupinazo\/","og_locale":"es_ES","og_type":"article","og_title":"Ma\u00f1ana termina el plazo de presentaci\u00f3n de candidaturas para el lanzamiento del Chupinazo","og_description":"Las m\u00e1s de 60 asociaciones presentes en la Mesa de los Sanfermines podr\u00e1n registrar la documentaci\u00f3n hasta las 14.30 horas","og_url":"https:\/\/www.laguiadepamplona.com\/actualidad\/manana-termina-el-plazo-de-presentacion-de-candidaturas-para-el-lanzamiento-del-chupinazo\/","og_site_name":"La Gu\u00eda de Pamplona","article_publisher":"https:\/\/www.facebook.com\/laguiadepamplonacom-133175176762273\/?ref=hl","article_published_time":"2018-05-22T13:48:42+00:00","og_image":[{"width":700,"height":1000,"url":"https:\/\/www.laguiadepamplona.com\/actualidad\/wp-content\/uploads\/2018\/05\/N\u00ba-5.-Pamplona-ciudad-de-luces.jpg","type":"image\/jpeg"}],"author":"La Gu\u00eda de Pamplona","twitter_card":"summary_large_image","twitter_creator":"@LaGuiadPamplona","twitter_site":"@LaGuiadPamplona","twitter_misc":{"Escrito por":"La Gu\u00eda de Pamplona","Tiempo de lectura":"2 minutos"},"schema":{"@context":"https:\/\/schema.org","@graph":[{"@type":"Article","@id":"https:\/\/www.laguiadepamplona.com\/actualidad\/manana-termina-el-plazo-de-presentacion-de-candidaturas-para-el-lanzamiento-del-chupinazo\/#article","isPartOf":{"@id":"https:\/\/www.laguiadepamplona.com\/actualidad\/manana-termina-el-plazo-de-presentacion-de-candidaturas-para-el-lanzamiento-del-chupinazo\/"},"author":{"name":"La Gu\u00eda de Pamplona","@id":"https:\/\/www.laguiadepamplona.com\/actualidad\/#\/schema\/person\/efe887376f0213d4657c93adc50b1fdb"},"headline":"Ma\u00f1ana termina el plazo de presentaci\u00f3n de candidaturas para el lanzamiento del Chupinazo","datePublished":"2018-05-22T13:48:42+00:00","mainEntityOfPage":{"@id":"https:\/\/www.laguiadepamplona.com\/actualidad\/manana-termina-el-plazo-de-presentacion-de-candidaturas-para-el-lanzamiento-del-chupinazo\/"},"wordCount":382,"commentCount":0,"publisher":{"@id":"https:\/\/www.laguiadepamplona.com\/actualidad\/#organization"},"image":{"@id":"https:\/\/www.laguiadepamplona.com\/actualidad\/manana-termina-el-plazo-de-presentacion-de-candidaturas-para-el-lanzamiento-del-chupinazo\/#primaryimage"},"thumbnailUrl":"https:\/\/www.laguiadepamplona.com\/actualidad\/wp-content\/uploads\/2018\/05\/N\u00ba-5.-Pamplona-ciudad-de-luces.jpg","articleSection":["Ayto Pamplona"],"inLanguage":"es","potentialAction":[{"@type":"CommentAction","name":"Comment","target":["https:\/\/www.laguiadepamplona.com\/actualidad\/manana-termina-el-plazo-de-presentacion-de-candidaturas-para-el-lanzamiento-del-chupinazo\/#respond"]}]},{"@type":"WebPage","@id":"https:\/\/www.laguiadepamplona.com\/actualidad\/manana-termina-el-plazo-de-presentacion-de-candidaturas-para-el-lanzamiento-del-chupinazo\/","url":"https:\/\/www.laguiadepamplona.com\/actualidad\/manana-termina-el-plazo-de-presentacion-de-candidaturas-para-el-lanzamiento-del-chupinazo\/","name":"Ma\u00f1ana termina el plazo de presentaci\u00f3n de candidaturas para el lanzamiento del Chupinazo","isPartOf":{"@id":"https:\/\/www.laguiadepamplona.com\/actualidad\/#website"},"primaryImageOfPage":{"@id":"https:\/\/www.laguiadepamplona.com\/actualidad\/manana-termina-el-plazo-de-presentacion-de-candidaturas-para-el-lanzamiento-del-chupinazo\/#primaryimage"},"image":{"@id":"https:\/\/www.laguiadepamplona.com\/actualidad\/manana-termina-el-plazo-de-presentacion-de-candidaturas-para-el-lanzamiento-del-chupinazo\/#primaryimage"},"thumbnailUrl":"https:\/\/www.laguiadepamplona.com\/actualidad\/wp-content\/uploads\/2018\/05\/N\u00ba-5.-Pamplona-ciudad-de-luces.jpg","datePublished":"2018-05-22T13:48:42+00:00","breadcrumb":{"@id":"https:\/\/www.laguiadepamplona.com\/actualidad\/manana-termina-el-plazo-de-presentacion-de-candidaturas-para-el-lanzamiento-del-chupinazo\/#breadcrumb"},"inLanguage":"es","potentialAction":[{"@type":"ReadAction","target":["https:\/\/www.laguiadepamplona.com\/actualidad\/manana-termina-el-plazo-de-presentacion-de-candidaturas-para-el-lanzamiento-del-chupinazo\/"]}]},{"@type":"ImageObject","inLanguage":"es","@id":"https:\/\/www.laguiadepamplona.com\/actualidad\/manana-termina-el-plazo-de-presentacion-de-candidaturas-para-el-lanzamiento-del-chupinazo\/#primaryimage","url":"https:\/\/www.laguiadepamplona.com\/actualidad\/wp-content\/uploads\/2018\/05\/N\u00ba-5.-Pamplona-ciudad-de-luces.jpg","contentUrl":"https:\/\/www.laguiadepamplona.com\/actualidad\/wp-content\/uploads\/2018\/05\/N\u00ba-5.-Pamplona-ciudad-de-luces.jpg","width":700,"height":1000},{"@type":"BreadcrumbList","@id":"https:\/\/www.laguiadepamplona.com\/actualidad\/manana-termina-el-plazo-de-presentacion-de-candidaturas-para-el-lanzamiento-del-chupinazo\/#breadcrumb","itemListElement":[{"@type":"ListItem","position":1,"name":"Portada","item":"https:\/\/www.laguiadepamplona.com\/actualidad\/"},{"@type":"ListItem","position":2,"name":"Ma\u00f1ana termina el plazo de presentaci\u00f3n de candidaturas para el lanzamiento del Chupinazo"}]},{"@type":"WebSite","@id":"https:\/\/www.laguiadepamplona.com\/actualidad\/#website","url":"https:\/\/www.laguiadepamplona.com\/actualidad\/","name":"La gu\u00eda de Pamplona","description":"Noticias de Pamplona","publisher":{"@id":"https:\/\/www.laguiadepamplona.com\/actualidad\/#organization"},"potentialAction":[{"@type":"SearchAction","target":{"@type":"EntryPoint","urlTemplate":"https:\/\/www.laguiadepamplona.com\/actualidad\/?s={search_term_string}"},"query-input":{"@type":"PropertyValueSpecification","valueRequired":true,"valueName":"search_term_string"}}],"inLanguage":"es"},{"@type":"Organization","@id":"https:\/\/www.laguiadepamplona.com\/actualidad\/#organization","name":"La Gu\u00eda de Pamplona \/ Noticias","url":"https:\/\/www.laguiadepamplona.com\/actualidad\/","logo":{"@type":"ImageObject","inLanguage":"es","@id":"https:\/\/www.laguiadepamplona.com\/actualidad\/#\/schema\/logo\/image\/","url":"https:\/\/www.laguiadepamplona.com\/actualidad\/wp-content\/uploads\/2018\/11\/logo-laguiadepamplona18-web1.png","contentUrl":"https:\/\/www.laguiadepamplona.com\/actualidad\/wp-content\/uploads\/2018\/11\/logo-laguiadepamplona18-web1.png","width":600,"height":196,"caption":"La Gu\u00eda de Pamplona \/ Noticias"},"image":{"@id":"https:\/\/www.laguiadepamplona.com\/actualidad\/#\/schema\/logo\/image\/"},"sameAs":["https:\/\/www.facebook.com\/laguiadepamplonacom-133175176762273\/?ref=hl","https:\/\/x.com\/LaGuiadPamplona","https:\/\/www.instagram.com\/la_guia_de_pamplona\/","https:\/\/www.youtube.com\/user\/laguiadepamplona"]},{"@type":"Person","@id":"https:\/\/www.laguiadepamplona.com\/actualidad\/#\/schema\/person\/efe887376f0213d4657c93adc50b1fdb","name":"La Gu\u00eda de Pamplona","image":{"@type":"ImageObject","inLanguage":"es","@id":"https:\/\/secure.gravatar.com\/avatar\/b6992f131dc8d30ab0dff15446e9d346d9dbd95992de0fef795073f5ea83a81c?s=96&d=mm&r=g","url":"https:\/\/secure.gravatar.com\/avatar\/b6992f131dc8d30ab0dff15446e9d346d9dbd95992de0fef795073f5ea83a81c?s=96&d=mm&r=g","contentUrl":"https:\/\/secure.gravatar.com\/avatar\/b6992f131dc8d30ab0dff15446e9d346d9dbd95992de0fef795073f5ea83a81c?s=96&d=mm&r=g","caption":"La Gu\u00eda de Pamplona"}}]}},"post_mailing_queue_ids":[],"_links":{"self":[{"href":"https:\/\/www.laguiadepamplona.com\/actualidad\/wp-json\/wp\/v2\/posts\/17488","targetHints":{"allow":["GET"]}}],"collection":[{"href":"https:\/\/www.laguiadepamplona.com\/actualidad\/wp-json\/wp\/v2\/posts"}],"about":[{"href":"https:\/\/www.laguiadepamplona.com\/actualidad\/wp-json\/wp\/v2\/types\/post"}],"author":[{"embeddable":true,"href":"https:\/\/www.laguiadepamplona.com\/actualidad\/wp-json\/wp\/v2\/users\/1"}],"replies":[{"embeddable":true,"href":"https:\/\/www.laguiadepamplona.com\/actualidad\/wp-json\/wp\/v2\/comments?post=17488"}],"version-history":[{"count":0,"href":"https:\/\/www.laguiadepamplona.com\/actualidad\/wp-json\/wp\/v2\/posts\/17488\/revisions"}],"wp:featuredmedia":[{"embeddable":true,"href":"https:\/\/www.laguiadepamplona.com\/actualidad\/wp-json\/wp\/v2\/media\/17167"}],"wp:attachment":[{"href":"https:\/\/www.laguiadepamplona.com\/actualidad\/wp-json\/wp\/v2\/media?parent=17488"}],"wp:term":[{"taxonomy":"category","embeddable":true,"href":"https:\/\/www.laguiadepamplona.com\/actualidad\/wp-json\/wp\/v2\/categories?post=17488"},{"taxonomy":"post_tag","embeddable":true,"href":"https:\/\/www.laguiadepamplona.com\/actualidad\/wp-json\/wp\/v2\/tags?post=17488"}],"curies":[{"name":"wp","href":"https:\/\/api.w.org\/{rel}","templated":true}]}}