{"id":17481,"date":"2018-05-21T18:17:22","date_gmt":"2018-05-21T17:17:22","guid":{"rendered":"http:\/\/laguiadepamplona.es\/actualidad\/?p=17481"},"modified":"2018-05-21T18:30:27","modified_gmt":"2018-05-21T17:30:27","slug":"la-casa-consistorial-ha-acogido-esta-tarde-un-brindis-festivo-para-celebrar-la-diversidad-cultural-de-pamplona-en-el-dia-mundial-dedicado-a-esta-cualidad","status":"publish","type":"post","link":"https:\/\/www.laguiadepamplona.com\/actualidad\/la-casa-consistorial-ha-acogido-esta-tarde-un-brindis-festivo-para-celebrar-la-diversidad-cultural-de-pamplona-en-el-dia-mundial-dedicado-a-esta-cualidad\/","title":{"rendered":"La Casa Consistorial ha acogido esta tarde un brindis festivo para celebrar la diversidad cultural de Pamplona en el d\u00eda mundial dedicado a esta cualidad"},"content":{"rendered":"<h3>Ayuntamiento y asociaciones del Foro de la Diversidad han invitado a la ciudadan\u00eda a reflexionar sobre el reconocimiento mutuo y la inclusi\u00f3n<\/h3>\n<p><!--more--><\/p>\n<p><a href=\"http:\/\/laguiadepamplona.es\/actualidad\/wp-content\/uploads\/2018\/05\/brindis-festivo-diversidad-cultural-pamplona4.jpg\"><img loading=\"lazy\" decoding=\"async\" class=\"alignleft size-medium wp-image-17486\" src=\"http:\/\/laguiadepamplona.es\/actualidad\/wp-content\/uploads\/2018\/05\/brindis-festivo-diversidad-cultural-pamplona4-300x200.jpg\" alt=\"\" width=\"300\" height=\"200\" srcset=\"https:\/\/www.laguiadepamplona.com\/actualidad\/wp-content\/uploads\/2018\/05\/brindis-festivo-diversidad-cultural-pamplona4-300x200.jpg 300w, https:\/\/www.laguiadepamplona.com\/actualidad\/wp-content\/uploads\/2018\/05\/brindis-festivo-diversidad-cultural-pamplona4-768x512.jpg 768w, https:\/\/www.laguiadepamplona.com\/actualidad\/wp-content\/uploads\/2018\/05\/brindis-festivo-diversidad-cultural-pamplona4-640x427.jpg 640w, https:\/\/www.laguiadepamplona.com\/actualidad\/wp-content\/uploads\/2018\/05\/brindis-festivo-diversidad-cultural-pamplona4.jpg 1000w\" sizes=\"auto, (max-width: 300px) 100vw, 300px\" \/><\/a>Esta tarde el Ayuntamiento de Pamplona y asociaciones presentes en Foro de la Diversidad Cultural de la ciudad han querido conmemorar con la ciudadan\u00eda el D\u00eda Mundial de la Diversidad Cultura para el Di\u00e1logo y el Desarrollo, una jornada instituida por la ONU en 2002. A media tarde, en un acto simb\u00f3lico realizado en el Zagu\u00e1n de la Casa Consistorial, ha tenido lugar una sesi\u00f3n de mezcla de m\u00fasicas del mundo con DJ como preludio a la lectura p\u00fablica de una declaraci\u00f3n institucional del Ayuntamiento de Pamplona.<\/p>\n<p>Despu\u00e9s de ese compromiso, corporativos y personas representantes de algunas de las asociaciones presentes en ese foro, muchas de ellas vestiddas con sus trajes tradicionales, han brindado por la diversidad, una cualidad que, seg\u00fan la Declaraci\u00f3n Universal de Derechos Humanos \u201cconstituye patrimonio com\u00fan de la humanidad y debe reconocerse y consolidarse en beneficio de las generaciones presentes y futuras\u201d. En esa l\u00ednea se enmarca el trabajo del Foro de la Diversidad Cultural de Pamplona, creado a finales de 2017 con el objetivo de trabajar por los derechos y la igualdad de oportunidades de todas las personas de la ciudad, independientemente de su origen.<\/p>\n<p>De entre las m\u00e1s de 70 asociaciones presentes en esa reflexi\u00f3n estrat\u00e9gica hoy en la Plaza Consistorial levantaban su copa Flor de \u00c1frica; NABDA; Gaz Kalo; Centro Argentino Navarro; As\u00ed es Bolivia; Asociaci\u00f3n de Cameruneses de Navarra y amigos; ASOCOLON; APROE; Virgen del Cisne; Plataforma Ciudadana Papeles o Derechos Denontzat; Rosa de Bulgaria; Grupo Cultural Llajwas Bolivia; Mujeres del Ma\u00edz, Amapolas; M\u00e9dicos del Mundo o Integraci\u00f3n Sin Fronteras, entre otras.<\/p>\n<p><strong>Compromiso municipal por la inclusi\u00f3n y el di\u00e1logo<\/strong><\/p>\n<p><a href=\"http:\/\/laguiadepamplona.es\/actualidad\/wp-content\/uploads\/2018\/05\/brindis-festivo-diversidad-cultural-pamplona2.jpg\"><img loading=\"lazy\" decoding=\"async\" class=\"alignleft size-medium wp-image-17484\" src=\"http:\/\/laguiadepamplona.es\/actualidad\/wp-content\/uploads\/2018\/05\/brindis-festivo-diversidad-cultural-pamplona2-300x200.jpg\" alt=\"\" width=\"300\" height=\"200\" srcset=\"https:\/\/www.laguiadepamplona.com\/actualidad\/wp-content\/uploads\/2018\/05\/brindis-festivo-diversidad-cultural-pamplona2-300x200.jpg 300w, https:\/\/www.laguiadepamplona.com\/actualidad\/wp-content\/uploads\/2018\/05\/brindis-festivo-diversidad-cultural-pamplona2-768x512.jpg 768w, https:\/\/www.laguiadepamplona.com\/actualidad\/wp-content\/uploads\/2018\/05\/brindis-festivo-diversidad-cultural-pamplona2-640x427.jpg 640w, https:\/\/www.laguiadepamplona.com\/actualidad\/wp-content\/uploads\/2018\/05\/brindis-festivo-diversidad-cultural-pamplona2.jpg 1000w\" sizes=\"auto, (max-width: 300px) 100vw, 300px\" \/><\/a>La comisi\u00f3n de Asuntos Ciudadanos ha aprobado esta ma\u00f1ana una declaraci\u00f3n institucional de apoyo a la celebraci\u00f3n del D\u00eda Mundial de la Diversidad Cultura para el Di\u00e1logo y el Desarrollo, congratul\u00e1ndose por la riqueza cultural de Pamplona y de las personas que viven en ella. La declaraci\u00f3n recoge una serie de compromisos institucionales que han sido le\u00eddos p\u00fablicamente en euskera y castellano por el concejal delegado de Participaci\u00f3n ciudadana y Empoderamiento social, Manuel Millera, y la concejala delegada de Acci\u00f3n Social, Edurne Eguino, respectivamente. Junto a ellos ha le\u00eddo parte de la declaraci\u00f3n Silvia Marconi, miembro del Centro Argentino-Navarro.<\/p>\n<p>Entre lo recogido en el texto, el Consistorio se compromete a velar por la preservaci\u00f3n de este patrimonio y contribuir a su promoci\u00f3n, \u201capostando por modelos de convivencia interculturales basados en el reconocimiento mutuo y la interacci\u00f3n\u201d. Adem\u00e1s desde el Ayuntamiento se promover\u00e1n cambios \u201cen las din\u00e1micas de exclusi\u00f3n, discriminaci\u00f3n, invisibilizaci\u00f3n y desigualdad que se producen en las culturas minorizadas, teniendo especial atenci\u00f3n en el acceso a la plena ciudadan\u00eda de la poblaci\u00f3n migrada y extranjera en la ciudad\u201d. En ese sentido el compromiso municipal es impulsar pol\u00edticas de di\u00e1logo intercultural de car\u00e1cter inclusivo, favoreciendo la participaci\u00f3n de todas las personas y colectivos que representen la diversidad.<\/p>\n<p><strong>Un mosaico de diversas culturas y lenguas<\/strong><\/p>\n<p><a href=\"http:\/\/laguiadepamplona.es\/actualidad\/wp-content\/uploads\/2018\/05\/brindis-festivo-diversidad-cultural-pamplona3.jpg\"><img loading=\"lazy\" decoding=\"async\" class=\"alignleft size-medium wp-image-17485\" src=\"http:\/\/laguiadepamplona.es\/actualidad\/wp-content\/uploads\/2018\/05\/brindis-festivo-diversidad-cultural-pamplona3-300x200.jpg\" alt=\"\" width=\"300\" height=\"200\" srcset=\"https:\/\/www.laguiadepamplona.com\/actualidad\/wp-content\/uploads\/2018\/05\/brindis-festivo-diversidad-cultural-pamplona3-300x200.jpg 300w, https:\/\/www.laguiadepamplona.com\/actualidad\/wp-content\/uploads\/2018\/05\/brindis-festivo-diversidad-cultural-pamplona3-768x512.jpg 768w, https:\/\/www.laguiadepamplona.com\/actualidad\/wp-content\/uploads\/2018\/05\/brindis-festivo-diversidad-cultural-pamplona3-640x427.jpg 640w, https:\/\/www.laguiadepamplona.com\/actualidad\/wp-content\/uploads\/2018\/05\/brindis-festivo-diversidad-cultural-pamplona3.jpg 1000w\" sizes=\"auto, (max-width: 300px) 100vw, 300px\" \/><\/a>Como met\u00e1fora de todo ello, en el acto se ha preparado una mesa especial; con 1,80 metros de di\u00e1metro de forma circular, la m\u00e1s igualitaria para los comensales seg\u00fan las normas de protocolo. Era adem\u00e1s una mesa de gala por su mantel colorista, una pieza de patchwork nacida de la agregaci\u00f3n de retazos de tela o tapices aportados por las asociaciones del foro seleccionadas como representativas de sus culturas. El mantel ha sido cosido a mano entre 11 personas del Tajo municipal de Corte y Confecci\u00f3n, un programa de empleo social en el que en este momento hay presentes siete nacionalidades diferentes. El mantel, su dise\u00f1o, colorido, texturas y composici\u00f3n, quer\u00eda ser tambi\u00e9n un s\u00edmbolo del trabajo com\u00fan y los resultados compartidos, en definitiva de la poblaci\u00f3n de la ciudad.<\/p>\n<p>M\u00e1s all\u00e1 de su car\u00e1cter simb\u00f3lico el mantel ha mostrado su utilidad ya que sobre \u00e9l se han dispuesto las m\u00e1s de cien copas de cava sin alcohol, adem\u00e1s de zumos, que han servido para efectuar el brindis. En el momento de alzar las copas cada asociaci\u00f3n participante en el foro, en su idioma y con su acento, ha pronunciado las palabras \u201cDesde la asociaci\u00f3n\/colectivo&#8230; brindamos por la diversidad\u201d, en un acto al que ha dado cierre el alcalde Joseba Asiron.<\/p>\n<p>El principio y el final del acto han estado protagonizados por m\u00fasicas del mundo y, en este caso, de nuevo con intenci\u00f3n simb\u00f3lica, la ambientaci\u00f3n ha sido obra de un \u2018pinchadiscos\u2019, es decir de un artista que genera una obra diferente y con valor a\u00f1adido mediante la selecci\u00f3n y mezcla de distintos compositores y artistas. Las asociaciones participantes en el foro entregaron en d\u00edas pasados al DJ Juan \u00c1ngel Perotxena fragmentos de sus m\u00fasicas.<\/p>\n<p>&nbsp;<\/p>\n","protected":false},"excerpt":{"rendered":"<p>Ayuntamiento y asociaciones del Foro de la Diversidad han invitado a la ciudadan\u00eda a reflexionar sobre el reconocimiento mutuo y la inclusi\u00f3n<\/p>\n","protected":false},"author":1,"featured_media":17483,"comment_status":"open","ping_status":"closed","sticky":false,"template":"","format":"standard","meta":{"footnotes":""},"categories":[2],"tags":[],"class_list":["post-17481","post","type-post","status-publish","format-standard","has-post-thumbnail","hentry","category-ayuntamiento-pamplona"],"yoast_head":"<!-- This site is optimized with the Yoast SEO plugin v27.3 - https:\/\/yoast.com\/product\/yoast-seo-wordpress\/ -->\n<title>La Casa Consistorial ha acogido esta tarde un brindis festivo para celebrar la diversidad cultural de Pamplona en el d\u00eda mundial dedicado a esta cualidad<\/title>\n<meta name=\"robots\" content=\"index, follow, max-snippet:-1, max-image-preview:large, max-video-preview:-1\" \/>\n<link rel=\"canonical\" href=\"https:\/\/www.laguiadepamplona.com\/actualidad\/la-casa-consistorial-ha-acogido-esta-tarde-un-brindis-festivo-para-celebrar-la-diversidad-cultural-de-pamplona-en-el-dia-mundial-dedicado-a-esta-cualidad\/\" \/>\n<meta property=\"og:locale\" content=\"es_ES\" \/>\n<meta property=\"og:type\" content=\"article\" \/>\n<meta property=\"og:title\" content=\"La Casa Consistorial ha acogido esta tarde un brindis festivo para celebrar la diversidad cultural de Pamplona en el d\u00eda mundial dedicado a esta cualidad\" \/>\n<meta property=\"og:description\" content=\"Ayuntamiento y asociaciones del Foro de la Diversidad han invitado a la ciudadan\u00eda a reflexionar sobre el reconocimiento mutuo y la inclusi\u00f3n\" \/>\n<meta property=\"og:url\" content=\"https:\/\/www.laguiadepamplona.com\/actualidad\/la-casa-consistorial-ha-acogido-esta-tarde-un-brindis-festivo-para-celebrar-la-diversidad-cultural-de-pamplona-en-el-dia-mundial-dedicado-a-esta-cualidad\/\" \/>\n<meta property=\"og:site_name\" content=\"La Gu\u00eda de Pamplona\" \/>\n<meta property=\"article:publisher\" content=\"https:\/\/www.facebook.com\/laguiadepamplonacom-133175176762273\/?ref=hl\" \/>\n<meta property=\"article:published_time\" content=\"2018-05-21T17:17:22+00:00\" \/>\n<meta property=\"article:modified_time\" content=\"2018-05-21T17:30:27+00:00\" \/>\n<meta property=\"og:image\" content=\"https:\/\/www.laguiadepamplona.com\/actualidad\/wp-content\/uploads\/2018\/05\/brindis-festivo-diversidad-cultural-pamplona.jpg\" \/>\n\t<meta property=\"og:image:width\" content=\"1000\" \/>\n\t<meta property=\"og:image:height\" content=\"667\" \/>\n\t<meta property=\"og:image:type\" content=\"image\/jpeg\" \/>\n<meta name=\"author\" content=\"La Gu\u00eda de Pamplona\" \/>\n<meta name=\"twitter:card\" content=\"summary_large_image\" \/>\n<meta name=\"twitter:creator\" content=\"@LaGuiadPamplona\" \/>\n<meta name=\"twitter:site\" content=\"@LaGuiadPamplona\" \/>\n<meta name=\"twitter:label1\" content=\"Escrito por\" \/>\n\t<meta name=\"twitter:data1\" content=\"La Gu\u00eda de Pamplona\" \/>\n\t<meta name=\"twitter:label2\" content=\"Tiempo de lectura\" \/>\n\t<meta name=\"twitter:data2\" content=\"4 minutos\" \/>\n<script type=\"application\/ld+json\" class=\"yoast-schema-graph\">{\"@context\":\"https:\\\/\\\/schema.org\",\"@graph\":[{\"@type\":\"Article\",\"@id\":\"https:\\\/\\\/www.laguiadepamplona.com\\\/actualidad\\\/la-casa-consistorial-ha-acogido-esta-tarde-un-brindis-festivo-para-celebrar-la-diversidad-cultural-de-pamplona-en-el-dia-mundial-dedicado-a-esta-cualidad\\\/#article\",\"isPartOf\":{\"@id\":\"https:\\\/\\\/www.laguiadepamplona.com\\\/actualidad\\\/la-casa-consistorial-ha-acogido-esta-tarde-un-brindis-festivo-para-celebrar-la-diversidad-cultural-de-pamplona-en-el-dia-mundial-dedicado-a-esta-cualidad\\\/\"},\"author\":{\"name\":\"La Gu\u00eda de Pamplona\",\"@id\":\"https:\\\/\\\/www.laguiadepamplona.com\\\/actualidad\\\/#\\\/schema\\\/person\\\/efe887376f0213d4657c93adc50b1fdb\"},\"headline\":\"La Casa Consistorial ha acogido esta tarde un brindis festivo para celebrar la diversidad cultural de Pamplona en el d\u00eda mundial dedicado a esta cualidad\",\"datePublished\":\"2018-05-21T17:17:22+00:00\",\"dateModified\":\"2018-05-21T17:30:27+00:00\",\"mainEntityOfPage\":{\"@id\":\"https:\\\/\\\/www.laguiadepamplona.com\\\/actualidad\\\/la-casa-consistorial-ha-acogido-esta-tarde-un-brindis-festivo-para-celebrar-la-diversidad-cultural-de-pamplona-en-el-dia-mundial-dedicado-a-esta-cualidad\\\/\"},\"wordCount\":895,\"commentCount\":0,\"publisher\":{\"@id\":\"https:\\\/\\\/www.laguiadepamplona.com\\\/actualidad\\\/#organization\"},\"image\":{\"@id\":\"https:\\\/\\\/www.laguiadepamplona.com\\\/actualidad\\\/la-casa-consistorial-ha-acogido-esta-tarde-un-brindis-festivo-para-celebrar-la-diversidad-cultural-de-pamplona-en-el-dia-mundial-dedicado-a-esta-cualidad\\\/#primaryimage\"},\"thumbnailUrl\":\"https:\\\/\\\/www.laguiadepamplona.com\\\/actualidad\\\/wp-content\\\/uploads\\\/2018\\\/05\\\/brindis-festivo-diversidad-cultural-pamplona.jpg\",\"articleSection\":[\"Ayto Pamplona\"],\"inLanguage\":\"es\",\"potentialAction\":[{\"@type\":\"CommentAction\",\"name\":\"Comment\",\"target\":[\"https:\\\/\\\/www.laguiadepamplona.com\\\/actualidad\\\/la-casa-consistorial-ha-acogido-esta-tarde-un-brindis-festivo-para-celebrar-la-diversidad-cultural-de-pamplona-en-el-dia-mundial-dedicado-a-esta-cualidad\\\/#respond\"]}]},{\"@type\":\"WebPage\",\"@id\":\"https:\\\/\\\/www.laguiadepamplona.com\\\/actualidad\\\/la-casa-consistorial-ha-acogido-esta-tarde-un-brindis-festivo-para-celebrar-la-diversidad-cultural-de-pamplona-en-el-dia-mundial-dedicado-a-esta-cualidad\\\/\",\"url\":\"https:\\\/\\\/www.laguiadepamplona.com\\\/actualidad\\\/la-casa-consistorial-ha-acogido-esta-tarde-un-brindis-festivo-para-celebrar-la-diversidad-cultural-de-pamplona-en-el-dia-mundial-dedicado-a-esta-cualidad\\\/\",\"name\":\"La Casa Consistorial ha acogido esta tarde un brindis festivo para celebrar la diversidad cultural de Pamplona en el d\u00eda mundial dedicado a esta cualidad\",\"isPartOf\":{\"@id\":\"https:\\\/\\\/www.laguiadepamplona.com\\\/actualidad\\\/#website\"},\"primaryImageOfPage\":{\"@id\":\"https:\\\/\\\/www.laguiadepamplona.com\\\/actualidad\\\/la-casa-consistorial-ha-acogido-esta-tarde-un-brindis-festivo-para-celebrar-la-diversidad-cultural-de-pamplona-en-el-dia-mundial-dedicado-a-esta-cualidad\\\/#primaryimage\"},\"image\":{\"@id\":\"https:\\\/\\\/www.laguiadepamplona.com\\\/actualidad\\\/la-casa-consistorial-ha-acogido-esta-tarde-un-brindis-festivo-para-celebrar-la-diversidad-cultural-de-pamplona-en-el-dia-mundial-dedicado-a-esta-cualidad\\\/#primaryimage\"},\"thumbnailUrl\":\"https:\\\/\\\/www.laguiadepamplona.com\\\/actualidad\\\/wp-content\\\/uploads\\\/2018\\\/05\\\/brindis-festivo-diversidad-cultural-pamplona.jpg\",\"datePublished\":\"2018-05-21T17:17:22+00:00\",\"dateModified\":\"2018-05-21T17:30:27+00:00\",\"breadcrumb\":{\"@id\":\"https:\\\/\\\/www.laguiadepamplona.com\\\/actualidad\\\/la-casa-consistorial-ha-acogido-esta-tarde-un-brindis-festivo-para-celebrar-la-diversidad-cultural-de-pamplona-en-el-dia-mundial-dedicado-a-esta-cualidad\\\/#breadcrumb\"},\"inLanguage\":\"es\",\"potentialAction\":[{\"@type\":\"ReadAction\",\"target\":[\"https:\\\/\\\/www.laguiadepamplona.com\\\/actualidad\\\/la-casa-consistorial-ha-acogido-esta-tarde-un-brindis-festivo-para-celebrar-la-diversidad-cultural-de-pamplona-en-el-dia-mundial-dedicado-a-esta-cualidad\\\/\"]}]},{\"@type\":\"ImageObject\",\"inLanguage\":\"es\",\"@id\":\"https:\\\/\\\/www.laguiadepamplona.com\\\/actualidad\\\/la-casa-consistorial-ha-acogido-esta-tarde-un-brindis-festivo-para-celebrar-la-diversidad-cultural-de-pamplona-en-el-dia-mundial-dedicado-a-esta-cualidad\\\/#primaryimage\",\"url\":\"https:\\\/\\\/www.laguiadepamplona.com\\\/actualidad\\\/wp-content\\\/uploads\\\/2018\\\/05\\\/brindis-festivo-diversidad-cultural-pamplona.jpg\",\"contentUrl\":\"https:\\\/\\\/www.laguiadepamplona.com\\\/actualidad\\\/wp-content\\\/uploads\\\/2018\\\/05\\\/brindis-festivo-diversidad-cultural-pamplona.jpg\",\"width\":1000,\"height\":667},{\"@type\":\"BreadcrumbList\",\"@id\":\"https:\\\/\\\/www.laguiadepamplona.com\\\/actualidad\\\/la-casa-consistorial-ha-acogido-esta-tarde-un-brindis-festivo-para-celebrar-la-diversidad-cultural-de-pamplona-en-el-dia-mundial-dedicado-a-esta-cualidad\\\/#breadcrumb\",\"itemListElement\":[{\"@type\":\"ListItem\",\"position\":1,\"name\":\"Portada\",\"item\":\"https:\\\/\\\/www.laguiadepamplona.com\\\/actualidad\\\/\"},{\"@type\":\"ListItem\",\"position\":2,\"name\":\"La Casa Consistorial ha acogido esta tarde un brindis festivo para celebrar la diversidad cultural de Pamplona en el d\u00eda mundial dedicado a esta cualidad\"}]},{\"@type\":\"WebSite\",\"@id\":\"https:\\\/\\\/www.laguiadepamplona.com\\\/actualidad\\\/#website\",\"url\":\"https:\\\/\\\/www.laguiadepamplona.com\\\/actualidad\\\/\",\"name\":\"La gu\u00eda de Pamplona\",\"description\":\"Noticias de Pamplona\",\"publisher\":{\"@id\":\"https:\\\/\\\/www.laguiadepamplona.com\\\/actualidad\\\/#organization\"},\"potentialAction\":[{\"@type\":\"SearchAction\",\"target\":{\"@type\":\"EntryPoint\",\"urlTemplate\":\"https:\\\/\\\/www.laguiadepamplona.com\\\/actualidad\\\/?s={search_term_string}\"},\"query-input\":{\"@type\":\"PropertyValueSpecification\",\"valueRequired\":true,\"valueName\":\"search_term_string\"}}],\"inLanguage\":\"es\"},{\"@type\":\"Organization\",\"@id\":\"https:\\\/\\\/www.laguiadepamplona.com\\\/actualidad\\\/#organization\",\"name\":\"La Gu\u00eda de Pamplona \\\/ Noticias\",\"url\":\"https:\\\/\\\/www.laguiadepamplona.com\\\/actualidad\\\/\",\"logo\":{\"@type\":\"ImageObject\",\"inLanguage\":\"es\",\"@id\":\"https:\\\/\\\/www.laguiadepamplona.com\\\/actualidad\\\/#\\\/schema\\\/logo\\\/image\\\/\",\"url\":\"https:\\\/\\\/www.laguiadepamplona.com\\\/actualidad\\\/wp-content\\\/uploads\\\/2018\\\/11\\\/logo-laguiadepamplona18-web1.png\",\"contentUrl\":\"https:\\\/\\\/www.laguiadepamplona.com\\\/actualidad\\\/wp-content\\\/uploads\\\/2018\\\/11\\\/logo-laguiadepamplona18-web1.png\",\"width\":600,\"height\":196,\"caption\":\"La Gu\u00eda de Pamplona \\\/ Noticias\"},\"image\":{\"@id\":\"https:\\\/\\\/www.laguiadepamplona.com\\\/actualidad\\\/#\\\/schema\\\/logo\\\/image\\\/\"},\"sameAs\":[\"https:\\\/\\\/www.facebook.com\\\/laguiadepamplonacom-133175176762273\\\/?ref=hl\",\"https:\\\/\\\/x.com\\\/LaGuiadPamplona\",\"https:\\\/\\\/www.instagram.com\\\/la_guia_de_pamplona\\\/\",\"https:\\\/\\\/www.youtube.com\\\/user\\\/laguiadepamplona\"]},{\"@type\":\"Person\",\"@id\":\"https:\\\/\\\/www.laguiadepamplona.com\\\/actualidad\\\/#\\\/schema\\\/person\\\/efe887376f0213d4657c93adc50b1fdb\",\"name\":\"La Gu\u00eda de Pamplona\",\"image\":{\"@type\":\"ImageObject\",\"inLanguage\":\"es\",\"@id\":\"https:\\\/\\\/secure.gravatar.com\\\/avatar\\\/b6992f131dc8d30ab0dff15446e9d346d9dbd95992de0fef795073f5ea83a81c?s=96&d=mm&r=g\",\"url\":\"https:\\\/\\\/secure.gravatar.com\\\/avatar\\\/b6992f131dc8d30ab0dff15446e9d346d9dbd95992de0fef795073f5ea83a81c?s=96&d=mm&r=g\",\"contentUrl\":\"https:\\\/\\\/secure.gravatar.com\\\/avatar\\\/b6992f131dc8d30ab0dff15446e9d346d9dbd95992de0fef795073f5ea83a81c?s=96&d=mm&r=g\",\"caption\":\"La Gu\u00eda de Pamplona\"}}]}<\/script>\n<!-- \/ Yoast SEO plugin. -->","yoast_head_json":{"title":"La Casa Consistorial ha acogido esta tarde un brindis festivo para celebrar la diversidad cultural de Pamplona en el d\u00eda mundial dedicado a esta cualidad","robots":{"index":"index","follow":"follow","max-snippet":"max-snippet:-1","max-image-preview":"max-image-preview:large","max-video-preview":"max-video-preview:-1"},"canonical":"https:\/\/www.laguiadepamplona.com\/actualidad\/la-casa-consistorial-ha-acogido-esta-tarde-un-brindis-festivo-para-celebrar-la-diversidad-cultural-de-pamplona-en-el-dia-mundial-dedicado-a-esta-cualidad\/","og_locale":"es_ES","og_type":"article","og_title":"La Casa Consistorial ha acogido esta tarde un brindis festivo para celebrar la diversidad cultural de Pamplona en el d\u00eda mundial dedicado a esta cualidad","og_description":"Ayuntamiento y asociaciones del Foro de la Diversidad han invitado a la ciudadan\u00eda a reflexionar sobre el reconocimiento mutuo y la inclusi\u00f3n","og_url":"https:\/\/www.laguiadepamplona.com\/actualidad\/la-casa-consistorial-ha-acogido-esta-tarde-un-brindis-festivo-para-celebrar-la-diversidad-cultural-de-pamplona-en-el-dia-mundial-dedicado-a-esta-cualidad\/","og_site_name":"La Gu\u00eda de Pamplona","article_publisher":"https:\/\/www.facebook.com\/laguiadepamplonacom-133175176762273\/?ref=hl","article_published_time":"2018-05-21T17:17:22+00:00","article_modified_time":"2018-05-21T17:30:27+00:00","og_image":[{"width":1000,"height":667,"url":"https:\/\/www.laguiadepamplona.com\/actualidad\/wp-content\/uploads\/2018\/05\/brindis-festivo-diversidad-cultural-pamplona.jpg","type":"image\/jpeg"}],"author":"La Gu\u00eda de Pamplona","twitter_card":"summary_large_image","twitter_creator":"@LaGuiadPamplona","twitter_site":"@LaGuiadPamplona","twitter_misc":{"Escrito por":"La Gu\u00eda de Pamplona","Tiempo de lectura":"4 minutos"},"schema":{"@context":"https:\/\/schema.org","@graph":[{"@type":"Article","@id":"https:\/\/www.laguiadepamplona.com\/actualidad\/la-casa-consistorial-ha-acogido-esta-tarde-un-brindis-festivo-para-celebrar-la-diversidad-cultural-de-pamplona-en-el-dia-mundial-dedicado-a-esta-cualidad\/#article","isPartOf":{"@id":"https:\/\/www.laguiadepamplona.com\/actualidad\/la-casa-consistorial-ha-acogido-esta-tarde-un-brindis-festivo-para-celebrar-la-diversidad-cultural-de-pamplona-en-el-dia-mundial-dedicado-a-esta-cualidad\/"},"author":{"name":"La Gu\u00eda de Pamplona","@id":"https:\/\/www.laguiadepamplona.com\/actualidad\/#\/schema\/person\/efe887376f0213d4657c93adc50b1fdb"},"headline":"La Casa Consistorial ha acogido esta tarde un brindis festivo para celebrar la diversidad cultural de Pamplona en el d\u00eda mundial dedicado a esta cualidad","datePublished":"2018-05-21T17:17:22+00:00","dateModified":"2018-05-21T17:30:27+00:00","mainEntityOfPage":{"@id":"https:\/\/www.laguiadepamplona.com\/actualidad\/la-casa-consistorial-ha-acogido-esta-tarde-un-brindis-festivo-para-celebrar-la-diversidad-cultural-de-pamplona-en-el-dia-mundial-dedicado-a-esta-cualidad\/"},"wordCount":895,"commentCount":0,"publisher":{"@id":"https:\/\/www.laguiadepamplona.com\/actualidad\/#organization"},"image":{"@id":"https:\/\/www.laguiadepamplona.com\/actualidad\/la-casa-consistorial-ha-acogido-esta-tarde-un-brindis-festivo-para-celebrar-la-diversidad-cultural-de-pamplona-en-el-dia-mundial-dedicado-a-esta-cualidad\/#primaryimage"},"thumbnailUrl":"https:\/\/www.laguiadepamplona.com\/actualidad\/wp-content\/uploads\/2018\/05\/brindis-festivo-diversidad-cultural-pamplona.jpg","articleSection":["Ayto Pamplona"],"inLanguage":"es","potentialAction":[{"@type":"CommentAction","name":"Comment","target":["https:\/\/www.laguiadepamplona.com\/actualidad\/la-casa-consistorial-ha-acogido-esta-tarde-un-brindis-festivo-para-celebrar-la-diversidad-cultural-de-pamplona-en-el-dia-mundial-dedicado-a-esta-cualidad\/#respond"]}]},{"@type":"WebPage","@id":"https:\/\/www.laguiadepamplona.com\/actualidad\/la-casa-consistorial-ha-acogido-esta-tarde-un-brindis-festivo-para-celebrar-la-diversidad-cultural-de-pamplona-en-el-dia-mundial-dedicado-a-esta-cualidad\/","url":"https:\/\/www.laguiadepamplona.com\/actualidad\/la-casa-consistorial-ha-acogido-esta-tarde-un-brindis-festivo-para-celebrar-la-diversidad-cultural-de-pamplona-en-el-dia-mundial-dedicado-a-esta-cualidad\/","name":"La Casa Consistorial ha acogido esta tarde un brindis festivo para celebrar la diversidad cultural de Pamplona en el d\u00eda mundial dedicado a esta cualidad","isPartOf":{"@id":"https:\/\/www.laguiadepamplona.com\/actualidad\/#website"},"primaryImageOfPage":{"@id":"https:\/\/www.laguiadepamplona.com\/actualidad\/la-casa-consistorial-ha-acogido-esta-tarde-un-brindis-festivo-para-celebrar-la-diversidad-cultural-de-pamplona-en-el-dia-mundial-dedicado-a-esta-cualidad\/#primaryimage"},"image":{"@id":"https:\/\/www.laguiadepamplona.com\/actualidad\/la-casa-consistorial-ha-acogido-esta-tarde-un-brindis-festivo-para-celebrar-la-diversidad-cultural-de-pamplona-en-el-dia-mundial-dedicado-a-esta-cualidad\/#primaryimage"},"thumbnailUrl":"https:\/\/www.laguiadepamplona.com\/actualidad\/wp-content\/uploads\/2018\/05\/brindis-festivo-diversidad-cultural-pamplona.jpg","datePublished":"2018-05-21T17:17:22+00:00","dateModified":"2018-05-21T17:30:27+00:00","breadcrumb":{"@id":"https:\/\/www.laguiadepamplona.com\/actualidad\/la-casa-consistorial-ha-acogido-esta-tarde-un-brindis-festivo-para-celebrar-la-diversidad-cultural-de-pamplona-en-el-dia-mundial-dedicado-a-esta-cualidad\/#breadcrumb"},"inLanguage":"es","potentialAction":[{"@type":"ReadAction","target":["https:\/\/www.laguiadepamplona.com\/actualidad\/la-casa-consistorial-ha-acogido-esta-tarde-un-brindis-festivo-para-celebrar-la-diversidad-cultural-de-pamplona-en-el-dia-mundial-dedicado-a-esta-cualidad\/"]}]},{"@type":"ImageObject","inLanguage":"es","@id":"https:\/\/www.laguiadepamplona.com\/actualidad\/la-casa-consistorial-ha-acogido-esta-tarde-un-brindis-festivo-para-celebrar-la-diversidad-cultural-de-pamplona-en-el-dia-mundial-dedicado-a-esta-cualidad\/#primaryimage","url":"https:\/\/www.laguiadepamplona.com\/actualidad\/wp-content\/uploads\/2018\/05\/brindis-festivo-diversidad-cultural-pamplona.jpg","contentUrl":"https:\/\/www.laguiadepamplona.com\/actualidad\/wp-content\/uploads\/2018\/05\/brindis-festivo-diversidad-cultural-pamplona.jpg","width":1000,"height":667},{"@type":"BreadcrumbList","@id":"https:\/\/www.laguiadepamplona.com\/actualidad\/la-casa-consistorial-ha-acogido-esta-tarde-un-brindis-festivo-para-celebrar-la-diversidad-cultural-de-pamplona-en-el-dia-mundial-dedicado-a-esta-cualidad\/#breadcrumb","itemListElement":[{"@type":"ListItem","position":1,"name":"Portada","item":"https:\/\/www.laguiadepamplona.com\/actualidad\/"},{"@type":"ListItem","position":2,"name":"La Casa Consistorial ha acogido esta tarde un brindis festivo para celebrar la diversidad cultural de Pamplona en el d\u00eda mundial dedicado a esta cualidad"}]},{"@type":"WebSite","@id":"https:\/\/www.laguiadepamplona.com\/actualidad\/#website","url":"https:\/\/www.laguiadepamplona.com\/actualidad\/","name":"La gu\u00eda de Pamplona","description":"Noticias de Pamplona","publisher":{"@id":"https:\/\/www.laguiadepamplona.com\/actualidad\/#organization"},"potentialAction":[{"@type":"SearchAction","target":{"@type":"EntryPoint","urlTemplate":"https:\/\/www.laguiadepamplona.com\/actualidad\/?s={search_term_string}"},"query-input":{"@type":"PropertyValueSpecification","valueRequired":true,"valueName":"search_term_string"}}],"inLanguage":"es"},{"@type":"Organization","@id":"https:\/\/www.laguiadepamplona.com\/actualidad\/#organization","name":"La Gu\u00eda de Pamplona \/ Noticias","url":"https:\/\/www.laguiadepamplona.com\/actualidad\/","logo":{"@type":"ImageObject","inLanguage":"es","@id":"https:\/\/www.laguiadepamplona.com\/actualidad\/#\/schema\/logo\/image\/","url":"https:\/\/www.laguiadepamplona.com\/actualidad\/wp-content\/uploads\/2018\/11\/logo-laguiadepamplona18-web1.png","contentUrl":"https:\/\/www.laguiadepamplona.com\/actualidad\/wp-content\/uploads\/2018\/11\/logo-laguiadepamplona18-web1.png","width":600,"height":196,"caption":"La Gu\u00eda de Pamplona \/ Noticias"},"image":{"@id":"https:\/\/www.laguiadepamplona.com\/actualidad\/#\/schema\/logo\/image\/"},"sameAs":["https:\/\/www.facebook.com\/laguiadepamplonacom-133175176762273\/?ref=hl","https:\/\/x.com\/LaGuiadPamplona","https:\/\/www.instagram.com\/la_guia_de_pamplona\/","https:\/\/www.youtube.com\/user\/laguiadepamplona"]},{"@type":"Person","@id":"https:\/\/www.laguiadepamplona.com\/actualidad\/#\/schema\/person\/efe887376f0213d4657c93adc50b1fdb","name":"La Gu\u00eda de Pamplona","image":{"@type":"ImageObject","inLanguage":"es","@id":"https:\/\/secure.gravatar.com\/avatar\/b6992f131dc8d30ab0dff15446e9d346d9dbd95992de0fef795073f5ea83a81c?s=96&d=mm&r=g","url":"https:\/\/secure.gravatar.com\/avatar\/b6992f131dc8d30ab0dff15446e9d346d9dbd95992de0fef795073f5ea83a81c?s=96&d=mm&r=g","contentUrl":"https:\/\/secure.gravatar.com\/avatar\/b6992f131dc8d30ab0dff15446e9d346d9dbd95992de0fef795073f5ea83a81c?s=96&d=mm&r=g","caption":"La Gu\u00eda de Pamplona"}}]}},"post_mailing_queue_ids":[],"_links":{"self":[{"href":"https:\/\/www.laguiadepamplona.com\/actualidad\/wp-json\/wp\/v2\/posts\/17481","targetHints":{"allow":["GET"]}}],"collection":[{"href":"https:\/\/www.laguiadepamplona.com\/actualidad\/wp-json\/wp\/v2\/posts"}],"about":[{"href":"https:\/\/www.laguiadepamplona.com\/actualidad\/wp-json\/wp\/v2\/types\/post"}],"author":[{"embeddable":true,"href":"https:\/\/www.laguiadepamplona.com\/actualidad\/wp-json\/wp\/v2\/users\/1"}],"replies":[{"embeddable":true,"href":"https:\/\/www.laguiadepamplona.com\/actualidad\/wp-json\/wp\/v2\/comments?post=17481"}],"version-history":[{"count":0,"href":"https:\/\/www.laguiadepamplona.com\/actualidad\/wp-json\/wp\/v2\/posts\/17481\/revisions"}],"wp:featuredmedia":[{"embeddable":true,"href":"https:\/\/www.laguiadepamplona.com\/actualidad\/wp-json\/wp\/v2\/media\/17483"}],"wp:attachment":[{"href":"https:\/\/www.laguiadepamplona.com\/actualidad\/wp-json\/wp\/v2\/media?parent=17481"}],"wp:term":[{"taxonomy":"category","embeddable":true,"href":"https:\/\/www.laguiadepamplona.com\/actualidad\/wp-json\/wp\/v2\/categories?post=17481"},{"taxonomy":"post_tag","embeddable":true,"href":"https:\/\/www.laguiadepamplona.com\/actualidad\/wp-json\/wp\/v2\/tags?post=17481"}],"curies":[{"name":"wp","href":"https:\/\/api.w.org\/{rel}","templated":true}]}}