{"id":17479,"date":"2018-05-21T14:52:10","date_gmt":"2018-05-21T13:52:10","guid":{"rendered":"http:\/\/laguiadepamplona.es\/actualidad\/?p=17479"},"modified":"2018-05-21T14:52:10","modified_gmt":"2018-05-21T13:52:10","slug":"manana-martes-se-celebra-el-foro-de-barrio-de-los-ensanches-en-el-c-p-vazquez-de-mella","status":"publish","type":"post","link":"https:\/\/www.laguiadepamplona.com\/actualidad\/manana-martes-se-celebra-el-foro-de-barrio-de-los-ensanches-en-el-c-p-vazquez-de-mella\/","title":{"rendered":"Ma\u00f1ana martes se celebra el Foro de Barrio de los Ensanches en el C.P. V\u00e1zquez de Mella"},"content":{"rendered":"<h3>En Civivox Milagrosa tendr\u00e1 lugar ma\u00f1ana un nuevo taller pr\u00e1ctico de educaci\u00f3n energ\u00e9tica<\/h3>\n<p><!--more--><\/p>\n<p>El C.P. V\u00e1zquez de Mella acoge ma\u00f1ana martes el Foro de Barrio de los Ensanches. Comenzar\u00e1 a las 18.30 horas y est\u00e1 abierto a la participaci\u00f3n de la ciudadan\u00eda, las entidades y las asociaciones del barrio. La sesi\u00f3n contar\u00e1 con la presencia de la concejala de barrio, Itziar G\u00f3mez.<\/p>\n<p>Durante el encuentro, se dar\u00e1 cuenta de las inversiones, proyectos y dem\u00e1s iniciativas realizadas por el Consistorio desde el \u00faltimo Foro de Barrio. Asimismo, la ciudadan\u00eda podr\u00e1 participar tomando la palabra e interviniendo para exponer sugerencias, aportaciones, propuestas&#8230; que se remitir\u00e1n al personal t\u00e9cnico municipal correspondiente para su posterior an\u00e1lisis.<\/p>\n<p>El foro podr\u00e1 seguirse en directo, a trav\u00e9s de internet, en el canal de Youtube \u2018Pamplona es participaci\u00f3n \/ Iru\u00f1a partaidetza da\u2019. Los Foros de Barrio cuentan con servicio de conciliaci\u00f3n dirigido a menores de 4 a 12 a\u00f1os, si bien, solo se presta si se han recibido inscripciones hasta las 20 horas de la tarde del d\u00eda anterior a cada foro.<\/p>\n<p><strong>Taller de energ\u00eda en Milagrosa<\/strong><\/p>\n<p>A la misma hora que el Foro de Barrio tendr\u00e1 lugar un nuevo taller de educaci\u00f3n energ\u00e9tica, en esta ocasi\u00f3n en Civivox Milagrosa. Se desarrollar\u00e1 de 18.30 a 20.30 horas, con entrada gratuita y sin necesidad de realizar ninguna inscripci\u00f3n previa. Los talleres tienen un car\u00e1cter pr\u00e1ctico para aumentar el conocimiento y la sensibilidad de la poblaci\u00f3n de Pamplona sobre temas de energ\u00eda, medidas de gesti\u00f3n de los consumos y ahorros de energ\u00eda en el \u00e1mbito privado y los hogares.<\/p>\n<p>Los talleres analizan consumos y gastos y explican facturas de energ\u00eda con las que se trata de hacer comprender por qu\u00e9 conceptos, cu\u00e1nto y qu\u00e9 se paga en cada uno de los conceptos. Quienes participen en los talleres aprender\u00e1n formas de ahorro y disminuci\u00f3n del impacto ambiental con consejos que aumenten la eficiencia del uso de la energ\u00eda en los hogares, con simulaciones de consumo in situ y propuestas tecnol\u00f3gicas para controlar los consumos.<\/p>\n<p>&nbsp;<\/p>\n<p><strong>Calendario de Foros de Barrio<\/strong><\/p>\n<p>&nbsp;<\/p>\n<table>\n<tbody>\n<tr>\n<td width=\"45\">&nbsp;<\/td>\n<td width=\"235\">BARRIO<\/td>\n<td width=\"161\">LUGAR<\/td>\n<td width=\"59\">HORA<\/td>\n<td width=\"125\">CONCEJAL\/A<\/td>\n<\/tr>\n<tr>\n<td width=\"45\"><strong>22\/05<\/strong><\/td>\n<td width=\"235\"><strong>Ensanches<\/strong><\/td>\n<td width=\"161\">CP V\u00e1zquez de Mella<\/td>\n<td width=\"59\">18.30 h<\/td>\n<td width=\"125\">Itziar G\u00f3mez<\/td>\n<\/tr>\n<tr>\n<td width=\"45\"><strong>29\/05<\/strong><\/td>\n<td width=\"235\"><strong>Mendillorri<\/strong><\/td>\n<td width=\"161\">Civivox Mendillorri<\/td>\n<td width=\"59\">18.30 h<\/td>\n<td width=\"125\">Laura Berro<\/td>\n<\/tr>\n<tr>\n<td width=\"45\"><strong>05\/06<\/strong><\/td>\n<td width=\"235\"><strong>Etxabakoitz<\/strong><\/td>\n<td width=\"161\">C.P. Nicasio de Landa<\/td>\n<td width=\"59\">18.30 h<\/td>\n<td width=\"125\">Armando Cuenca<\/td>\n<\/tr>\n<tr>\n<td width=\"45\"><strong>12\/06<\/strong><\/td>\n<td width=\"235\"><strong>Buztintxuri<\/strong><\/td>\n<td width=\"161\">C.P. Buztintxuri<\/td>\n<td width=\"59\">18.30 h<\/td>\n<td width=\"125\">Mikel Armend\u00e1riz<\/td>\n<\/tr>\n<\/tbody>\n<\/table>\n<p>&nbsp;<\/p>\n<p><strong>Talleres sobre educaci\u00f3n en\u00e9rgetica. De 18.30 a 20.30 horas. Sin inscripci\u00f3n previa<\/strong><\/p>\n<ul>\n<li><strong>Martes 22 de mayo. <\/strong>Civivox Milagrosa. Calle Tajonar, s\/n<\/li>\n<li><strong>Martes 29 de mayo. <\/strong>Colegio P\u00fablico Jos\u00e9 Mar\u00eda Huarte. Calle de la Virgen de Uju\u00e9, 2<\/li>\n<li><strong>Martes 5 de junio. <\/strong>Civivox Ensanche. Plaza Blanca de Navarra, 9<\/li>\n<\/ul>\n<p>&nbsp;<\/p>\n","protected":false},"excerpt":{"rendered":"<p>En Civivox Milagrosa tendr\u00e1 lugar ma\u00f1ana un nuevo taller pr\u00e1ctico de educaci\u00f3n energ\u00e9tica<\/p>\n","protected":false},"author":1,"featured_media":11074,"comment_status":"open","ping_status":"closed","sticky":false,"template":"","format":"standard","meta":{"footnotes":""},"categories":[2],"tags":[],"class_list":["post-17479","post","type-post","status-publish","format-standard","has-post-thumbnail","hentry","category-ayuntamiento-pamplona"],"yoast_head":"<!-- This site is optimized with the Yoast SEO plugin v27.3 - https:\/\/yoast.com\/product\/yoast-seo-wordpress\/ -->\n<title>Ma\u00f1ana martes se celebra el Foro de Barrio de los Ensanches en el C.P. V\u00e1zquez de Mella<\/title>\n<meta name=\"robots\" content=\"index, follow, max-snippet:-1, max-image-preview:large, max-video-preview:-1\" \/>\n<link rel=\"canonical\" href=\"https:\/\/www.laguiadepamplona.com\/actualidad\/manana-martes-se-celebra-el-foro-de-barrio-de-los-ensanches-en-el-c-p-vazquez-de-mella\/\" \/>\n<meta property=\"og:locale\" content=\"es_ES\" \/>\n<meta property=\"og:type\" content=\"article\" \/>\n<meta property=\"og:title\" content=\"Ma\u00f1ana martes se celebra el Foro de Barrio de los Ensanches en el C.P. V\u00e1zquez de Mella\" \/>\n<meta property=\"og:description\" content=\"En Civivox Milagrosa tendr\u00e1 lugar ma\u00f1ana un nuevo taller pr\u00e1ctico de educaci\u00f3n energ\u00e9tica\" \/>\n<meta property=\"og:url\" content=\"https:\/\/www.laguiadepamplona.com\/actualidad\/manana-martes-se-celebra-el-foro-de-barrio-de-los-ensanches-en-el-c-p-vazquez-de-mella\/\" \/>\n<meta property=\"og:site_name\" content=\"La Gu\u00eda de Pamplona\" \/>\n<meta property=\"article:publisher\" content=\"https:\/\/www.facebook.com\/laguiadepamplonacom-133175176762273\/?ref=hl\" \/>\n<meta property=\"article:published_time\" content=\"2018-05-21T13:52:10+00:00\" \/>\n<meta property=\"og:image\" content=\"https:\/\/www.laguiadepamplona.com\/actualidad\/wp-content\/uploads\/2016\/12\/civivox-milagrosa-900x598.jpg\" \/>\n\t<meta property=\"og:image:width\" content=\"900\" \/>\n\t<meta property=\"og:image:height\" content=\"598\" \/>\n\t<meta property=\"og:image:type\" content=\"image\/jpeg\" \/>\n<meta name=\"author\" content=\"La Gu\u00eda de Pamplona\" \/>\n<meta name=\"twitter:card\" content=\"summary_large_image\" \/>\n<meta name=\"twitter:creator\" content=\"@LaGuiadPamplona\" \/>\n<meta name=\"twitter:site\" content=\"@LaGuiadPamplona\" \/>\n<meta name=\"twitter:label1\" content=\"Escrito por\" \/>\n\t<meta name=\"twitter:data1\" content=\"La Gu\u00eda de Pamplona\" \/>\n\t<meta name=\"twitter:label2\" content=\"Tiempo de lectura\" \/>\n\t<meta name=\"twitter:data2\" content=\"2 minutos\" \/>\n<script type=\"application\/ld+json\" class=\"yoast-schema-graph\">{\"@context\":\"https:\\\/\\\/schema.org\",\"@graph\":[{\"@type\":\"Article\",\"@id\":\"https:\\\/\\\/www.laguiadepamplona.com\\\/actualidad\\\/manana-martes-se-celebra-el-foro-de-barrio-de-los-ensanches-en-el-c-p-vazquez-de-mella\\\/#article\",\"isPartOf\":{\"@id\":\"https:\\\/\\\/www.laguiadepamplona.com\\\/actualidad\\\/manana-martes-se-celebra-el-foro-de-barrio-de-los-ensanches-en-el-c-p-vazquez-de-mella\\\/\"},\"author\":{\"name\":\"La Gu\u00eda de Pamplona\",\"@id\":\"https:\\\/\\\/www.laguiadepamplona.com\\\/actualidad\\\/#\\\/schema\\\/person\\\/efe887376f0213d4657c93adc50b1fdb\"},\"headline\":\"Ma\u00f1ana martes se celebra el Foro de Barrio de los Ensanches en el C.P. V\u00e1zquez de Mella\",\"datePublished\":\"2018-05-21T13:52:10+00:00\",\"mainEntityOfPage\":{\"@id\":\"https:\\\/\\\/www.laguiadepamplona.com\\\/actualidad\\\/manana-martes-se-celebra-el-foro-de-barrio-de-los-ensanches-en-el-c-p-vazquez-de-mella\\\/\"},\"wordCount\":480,\"commentCount\":0,\"publisher\":{\"@id\":\"https:\\\/\\\/www.laguiadepamplona.com\\\/actualidad\\\/#organization\"},\"image\":{\"@id\":\"https:\\\/\\\/www.laguiadepamplona.com\\\/actualidad\\\/manana-martes-se-celebra-el-foro-de-barrio-de-los-ensanches-en-el-c-p-vazquez-de-mella\\\/#primaryimage\"},\"thumbnailUrl\":\"https:\\\/\\\/www.laguiadepamplona.com\\\/actualidad\\\/wp-content\\\/uploads\\\/2016\\\/12\\\/civivox-milagrosa-900x598.jpg\",\"articleSection\":[\"Ayto Pamplona\"],\"inLanguage\":\"es\",\"potentialAction\":[{\"@type\":\"CommentAction\",\"name\":\"Comment\",\"target\":[\"https:\\\/\\\/www.laguiadepamplona.com\\\/actualidad\\\/manana-martes-se-celebra-el-foro-de-barrio-de-los-ensanches-en-el-c-p-vazquez-de-mella\\\/#respond\"]}]},{\"@type\":\"WebPage\",\"@id\":\"https:\\\/\\\/www.laguiadepamplona.com\\\/actualidad\\\/manana-martes-se-celebra-el-foro-de-barrio-de-los-ensanches-en-el-c-p-vazquez-de-mella\\\/\",\"url\":\"https:\\\/\\\/www.laguiadepamplona.com\\\/actualidad\\\/manana-martes-se-celebra-el-foro-de-barrio-de-los-ensanches-en-el-c-p-vazquez-de-mella\\\/\",\"name\":\"Ma\u00f1ana martes se celebra el Foro de Barrio de los Ensanches en el C.P. V\u00e1zquez de Mella\",\"isPartOf\":{\"@id\":\"https:\\\/\\\/www.laguiadepamplona.com\\\/actualidad\\\/#website\"},\"primaryImageOfPage\":{\"@id\":\"https:\\\/\\\/www.laguiadepamplona.com\\\/actualidad\\\/manana-martes-se-celebra-el-foro-de-barrio-de-los-ensanches-en-el-c-p-vazquez-de-mella\\\/#primaryimage\"},\"image\":{\"@id\":\"https:\\\/\\\/www.laguiadepamplona.com\\\/actualidad\\\/manana-martes-se-celebra-el-foro-de-barrio-de-los-ensanches-en-el-c-p-vazquez-de-mella\\\/#primaryimage\"},\"thumbnailUrl\":\"https:\\\/\\\/www.laguiadepamplona.com\\\/actualidad\\\/wp-content\\\/uploads\\\/2016\\\/12\\\/civivox-milagrosa-900x598.jpg\",\"datePublished\":\"2018-05-21T13:52:10+00:00\",\"breadcrumb\":{\"@id\":\"https:\\\/\\\/www.laguiadepamplona.com\\\/actualidad\\\/manana-martes-se-celebra-el-foro-de-barrio-de-los-ensanches-en-el-c-p-vazquez-de-mella\\\/#breadcrumb\"},\"inLanguage\":\"es\",\"potentialAction\":[{\"@type\":\"ReadAction\",\"target\":[\"https:\\\/\\\/www.laguiadepamplona.com\\\/actualidad\\\/manana-martes-se-celebra-el-foro-de-barrio-de-los-ensanches-en-el-c-p-vazquez-de-mella\\\/\"]}]},{\"@type\":\"ImageObject\",\"inLanguage\":\"es\",\"@id\":\"https:\\\/\\\/www.laguiadepamplona.com\\\/actualidad\\\/manana-martes-se-celebra-el-foro-de-barrio-de-los-ensanches-en-el-c-p-vazquez-de-mella\\\/#primaryimage\",\"url\":\"https:\\\/\\\/www.laguiadepamplona.com\\\/actualidad\\\/wp-content\\\/uploads\\\/2016\\\/12\\\/civivox-milagrosa-900x598.jpg\",\"contentUrl\":\"https:\\\/\\\/www.laguiadepamplona.com\\\/actualidad\\\/wp-content\\\/uploads\\\/2016\\\/12\\\/civivox-milagrosa-900x598.jpg\",\"width\":900,\"height\":598},{\"@type\":\"BreadcrumbList\",\"@id\":\"https:\\\/\\\/www.laguiadepamplona.com\\\/actualidad\\\/manana-martes-se-celebra-el-foro-de-barrio-de-los-ensanches-en-el-c-p-vazquez-de-mella\\\/#breadcrumb\",\"itemListElement\":[{\"@type\":\"ListItem\",\"position\":1,\"name\":\"Portada\",\"item\":\"https:\\\/\\\/www.laguiadepamplona.com\\\/actualidad\\\/\"},{\"@type\":\"ListItem\",\"position\":2,\"name\":\"Ma\u00f1ana martes se celebra el Foro de Barrio de los Ensanches en el C.P. V\u00e1zquez de Mella\"}]},{\"@type\":\"WebSite\",\"@id\":\"https:\\\/\\\/www.laguiadepamplona.com\\\/actualidad\\\/#website\",\"url\":\"https:\\\/\\\/www.laguiadepamplona.com\\\/actualidad\\\/\",\"name\":\"La gu\u00eda de Pamplona\",\"description\":\"Noticias de Pamplona\",\"publisher\":{\"@id\":\"https:\\\/\\\/www.laguiadepamplona.com\\\/actualidad\\\/#organization\"},\"potentialAction\":[{\"@type\":\"SearchAction\",\"target\":{\"@type\":\"EntryPoint\",\"urlTemplate\":\"https:\\\/\\\/www.laguiadepamplona.com\\\/actualidad\\\/?s={search_term_string}\"},\"query-input\":{\"@type\":\"PropertyValueSpecification\",\"valueRequired\":true,\"valueName\":\"search_term_string\"}}],\"inLanguage\":\"es\"},{\"@type\":\"Organization\",\"@id\":\"https:\\\/\\\/www.laguiadepamplona.com\\\/actualidad\\\/#organization\",\"name\":\"La Gu\u00eda de Pamplona \\\/ Noticias\",\"url\":\"https:\\\/\\\/www.laguiadepamplona.com\\\/actualidad\\\/\",\"logo\":{\"@type\":\"ImageObject\",\"inLanguage\":\"es\",\"@id\":\"https:\\\/\\\/www.laguiadepamplona.com\\\/actualidad\\\/#\\\/schema\\\/logo\\\/image\\\/\",\"url\":\"https:\\\/\\\/www.laguiadepamplona.com\\\/actualidad\\\/wp-content\\\/uploads\\\/2018\\\/11\\\/logo-laguiadepamplona18-web1.png\",\"contentUrl\":\"https:\\\/\\\/www.laguiadepamplona.com\\\/actualidad\\\/wp-content\\\/uploads\\\/2018\\\/11\\\/logo-laguiadepamplona18-web1.png\",\"width\":600,\"height\":196,\"caption\":\"La Gu\u00eda de Pamplona \\\/ Noticias\"},\"image\":{\"@id\":\"https:\\\/\\\/www.laguiadepamplona.com\\\/actualidad\\\/#\\\/schema\\\/logo\\\/image\\\/\"},\"sameAs\":[\"https:\\\/\\\/www.facebook.com\\\/laguiadepamplonacom-133175176762273\\\/?ref=hl\",\"https:\\\/\\\/x.com\\\/LaGuiadPamplona\",\"https:\\\/\\\/www.instagram.com\\\/la_guia_de_pamplona\\\/\",\"https:\\\/\\\/www.youtube.com\\\/user\\\/laguiadepamplona\"]},{\"@type\":\"Person\",\"@id\":\"https:\\\/\\\/www.laguiadepamplona.com\\\/actualidad\\\/#\\\/schema\\\/person\\\/efe887376f0213d4657c93adc50b1fdb\",\"name\":\"La Gu\u00eda de Pamplona\",\"image\":{\"@type\":\"ImageObject\",\"inLanguage\":\"es\",\"@id\":\"https:\\\/\\\/secure.gravatar.com\\\/avatar\\\/b6992f131dc8d30ab0dff15446e9d346d9dbd95992de0fef795073f5ea83a81c?s=96&d=mm&r=g\",\"url\":\"https:\\\/\\\/secure.gravatar.com\\\/avatar\\\/b6992f131dc8d30ab0dff15446e9d346d9dbd95992de0fef795073f5ea83a81c?s=96&d=mm&r=g\",\"contentUrl\":\"https:\\\/\\\/secure.gravatar.com\\\/avatar\\\/b6992f131dc8d30ab0dff15446e9d346d9dbd95992de0fef795073f5ea83a81c?s=96&d=mm&r=g\",\"caption\":\"La Gu\u00eda de Pamplona\"}}]}<\/script>\n<!-- \/ Yoast SEO plugin. -->","yoast_head_json":{"title":"Ma\u00f1ana martes se celebra el Foro de Barrio de los Ensanches en el C.P. V\u00e1zquez de Mella","robots":{"index":"index","follow":"follow","max-snippet":"max-snippet:-1","max-image-preview":"max-image-preview:large","max-video-preview":"max-video-preview:-1"},"canonical":"https:\/\/www.laguiadepamplona.com\/actualidad\/manana-martes-se-celebra-el-foro-de-barrio-de-los-ensanches-en-el-c-p-vazquez-de-mella\/","og_locale":"es_ES","og_type":"article","og_title":"Ma\u00f1ana martes se celebra el Foro de Barrio de los Ensanches en el C.P. V\u00e1zquez de Mella","og_description":"En Civivox Milagrosa tendr\u00e1 lugar ma\u00f1ana un nuevo taller pr\u00e1ctico de educaci\u00f3n energ\u00e9tica","og_url":"https:\/\/www.laguiadepamplona.com\/actualidad\/manana-martes-se-celebra-el-foro-de-barrio-de-los-ensanches-en-el-c-p-vazquez-de-mella\/","og_site_name":"La Gu\u00eda de Pamplona","article_publisher":"https:\/\/www.facebook.com\/laguiadepamplonacom-133175176762273\/?ref=hl","article_published_time":"2018-05-21T13:52:10+00:00","og_image":[{"width":900,"height":598,"url":"https:\/\/www.laguiadepamplona.com\/actualidad\/wp-content\/uploads\/2016\/12\/civivox-milagrosa-900x598.jpg","type":"image\/jpeg"}],"author":"La Gu\u00eda de Pamplona","twitter_card":"summary_large_image","twitter_creator":"@LaGuiadPamplona","twitter_site":"@LaGuiadPamplona","twitter_misc":{"Escrito por":"La Gu\u00eda de Pamplona","Tiempo de lectura":"2 minutos"},"schema":{"@context":"https:\/\/schema.org","@graph":[{"@type":"Article","@id":"https:\/\/www.laguiadepamplona.com\/actualidad\/manana-martes-se-celebra-el-foro-de-barrio-de-los-ensanches-en-el-c-p-vazquez-de-mella\/#article","isPartOf":{"@id":"https:\/\/www.laguiadepamplona.com\/actualidad\/manana-martes-se-celebra-el-foro-de-barrio-de-los-ensanches-en-el-c-p-vazquez-de-mella\/"},"author":{"name":"La Gu\u00eda de Pamplona","@id":"https:\/\/www.laguiadepamplona.com\/actualidad\/#\/schema\/person\/efe887376f0213d4657c93adc50b1fdb"},"headline":"Ma\u00f1ana martes se celebra el Foro de Barrio de los Ensanches en el C.P. V\u00e1zquez de Mella","datePublished":"2018-05-21T13:52:10+00:00","mainEntityOfPage":{"@id":"https:\/\/www.laguiadepamplona.com\/actualidad\/manana-martes-se-celebra-el-foro-de-barrio-de-los-ensanches-en-el-c-p-vazquez-de-mella\/"},"wordCount":480,"commentCount":0,"publisher":{"@id":"https:\/\/www.laguiadepamplona.com\/actualidad\/#organization"},"image":{"@id":"https:\/\/www.laguiadepamplona.com\/actualidad\/manana-martes-se-celebra-el-foro-de-barrio-de-los-ensanches-en-el-c-p-vazquez-de-mella\/#primaryimage"},"thumbnailUrl":"https:\/\/www.laguiadepamplona.com\/actualidad\/wp-content\/uploads\/2016\/12\/civivox-milagrosa-900x598.jpg","articleSection":["Ayto Pamplona"],"inLanguage":"es","potentialAction":[{"@type":"CommentAction","name":"Comment","target":["https:\/\/www.laguiadepamplona.com\/actualidad\/manana-martes-se-celebra-el-foro-de-barrio-de-los-ensanches-en-el-c-p-vazquez-de-mella\/#respond"]}]},{"@type":"WebPage","@id":"https:\/\/www.laguiadepamplona.com\/actualidad\/manana-martes-se-celebra-el-foro-de-barrio-de-los-ensanches-en-el-c-p-vazquez-de-mella\/","url":"https:\/\/www.laguiadepamplona.com\/actualidad\/manana-martes-se-celebra-el-foro-de-barrio-de-los-ensanches-en-el-c-p-vazquez-de-mella\/","name":"Ma\u00f1ana martes se celebra el Foro de Barrio de los Ensanches en el C.P. V\u00e1zquez de Mella","isPartOf":{"@id":"https:\/\/www.laguiadepamplona.com\/actualidad\/#website"},"primaryImageOfPage":{"@id":"https:\/\/www.laguiadepamplona.com\/actualidad\/manana-martes-se-celebra-el-foro-de-barrio-de-los-ensanches-en-el-c-p-vazquez-de-mella\/#primaryimage"},"image":{"@id":"https:\/\/www.laguiadepamplona.com\/actualidad\/manana-martes-se-celebra-el-foro-de-barrio-de-los-ensanches-en-el-c-p-vazquez-de-mella\/#primaryimage"},"thumbnailUrl":"https:\/\/www.laguiadepamplona.com\/actualidad\/wp-content\/uploads\/2016\/12\/civivox-milagrosa-900x598.jpg","datePublished":"2018-05-21T13:52:10+00:00","breadcrumb":{"@id":"https:\/\/www.laguiadepamplona.com\/actualidad\/manana-martes-se-celebra-el-foro-de-barrio-de-los-ensanches-en-el-c-p-vazquez-de-mella\/#breadcrumb"},"inLanguage":"es","potentialAction":[{"@type":"ReadAction","target":["https:\/\/www.laguiadepamplona.com\/actualidad\/manana-martes-se-celebra-el-foro-de-barrio-de-los-ensanches-en-el-c-p-vazquez-de-mella\/"]}]},{"@type":"ImageObject","inLanguage":"es","@id":"https:\/\/www.laguiadepamplona.com\/actualidad\/manana-martes-se-celebra-el-foro-de-barrio-de-los-ensanches-en-el-c-p-vazquez-de-mella\/#primaryimage","url":"https:\/\/www.laguiadepamplona.com\/actualidad\/wp-content\/uploads\/2016\/12\/civivox-milagrosa-900x598.jpg","contentUrl":"https:\/\/www.laguiadepamplona.com\/actualidad\/wp-content\/uploads\/2016\/12\/civivox-milagrosa-900x598.jpg","width":900,"height":598},{"@type":"BreadcrumbList","@id":"https:\/\/www.laguiadepamplona.com\/actualidad\/manana-martes-se-celebra-el-foro-de-barrio-de-los-ensanches-en-el-c-p-vazquez-de-mella\/#breadcrumb","itemListElement":[{"@type":"ListItem","position":1,"name":"Portada","item":"https:\/\/www.laguiadepamplona.com\/actualidad\/"},{"@type":"ListItem","position":2,"name":"Ma\u00f1ana martes se celebra el Foro de Barrio de los Ensanches en el C.P. V\u00e1zquez de Mella"}]},{"@type":"WebSite","@id":"https:\/\/www.laguiadepamplona.com\/actualidad\/#website","url":"https:\/\/www.laguiadepamplona.com\/actualidad\/","name":"La gu\u00eda de Pamplona","description":"Noticias de Pamplona","publisher":{"@id":"https:\/\/www.laguiadepamplona.com\/actualidad\/#organization"},"potentialAction":[{"@type":"SearchAction","target":{"@type":"EntryPoint","urlTemplate":"https:\/\/www.laguiadepamplona.com\/actualidad\/?s={search_term_string}"},"query-input":{"@type":"PropertyValueSpecification","valueRequired":true,"valueName":"search_term_string"}}],"inLanguage":"es"},{"@type":"Organization","@id":"https:\/\/www.laguiadepamplona.com\/actualidad\/#organization","name":"La Gu\u00eda de Pamplona \/ Noticias","url":"https:\/\/www.laguiadepamplona.com\/actualidad\/","logo":{"@type":"ImageObject","inLanguage":"es","@id":"https:\/\/www.laguiadepamplona.com\/actualidad\/#\/schema\/logo\/image\/","url":"https:\/\/www.laguiadepamplona.com\/actualidad\/wp-content\/uploads\/2018\/11\/logo-laguiadepamplona18-web1.png","contentUrl":"https:\/\/www.laguiadepamplona.com\/actualidad\/wp-content\/uploads\/2018\/11\/logo-laguiadepamplona18-web1.png","width":600,"height":196,"caption":"La Gu\u00eda de Pamplona \/ Noticias"},"image":{"@id":"https:\/\/www.laguiadepamplona.com\/actualidad\/#\/schema\/logo\/image\/"},"sameAs":["https:\/\/www.facebook.com\/laguiadepamplonacom-133175176762273\/?ref=hl","https:\/\/x.com\/LaGuiadPamplona","https:\/\/www.instagram.com\/la_guia_de_pamplona\/","https:\/\/www.youtube.com\/user\/laguiadepamplona"]},{"@type":"Person","@id":"https:\/\/www.laguiadepamplona.com\/actualidad\/#\/schema\/person\/efe887376f0213d4657c93adc50b1fdb","name":"La Gu\u00eda de Pamplona","image":{"@type":"ImageObject","inLanguage":"es","@id":"https:\/\/secure.gravatar.com\/avatar\/b6992f131dc8d30ab0dff15446e9d346d9dbd95992de0fef795073f5ea83a81c?s=96&d=mm&r=g","url":"https:\/\/secure.gravatar.com\/avatar\/b6992f131dc8d30ab0dff15446e9d346d9dbd95992de0fef795073f5ea83a81c?s=96&d=mm&r=g","contentUrl":"https:\/\/secure.gravatar.com\/avatar\/b6992f131dc8d30ab0dff15446e9d346d9dbd95992de0fef795073f5ea83a81c?s=96&d=mm&r=g","caption":"La Gu\u00eda de Pamplona"}}]}},"post_mailing_queue_ids":[],"_links":{"self":[{"href":"https:\/\/www.laguiadepamplona.com\/actualidad\/wp-json\/wp\/v2\/posts\/17479","targetHints":{"allow":["GET"]}}],"collection":[{"href":"https:\/\/www.laguiadepamplona.com\/actualidad\/wp-json\/wp\/v2\/posts"}],"about":[{"href":"https:\/\/www.laguiadepamplona.com\/actualidad\/wp-json\/wp\/v2\/types\/post"}],"author":[{"embeddable":true,"href":"https:\/\/www.laguiadepamplona.com\/actualidad\/wp-json\/wp\/v2\/users\/1"}],"replies":[{"embeddable":true,"href":"https:\/\/www.laguiadepamplona.com\/actualidad\/wp-json\/wp\/v2\/comments?post=17479"}],"version-history":[{"count":0,"href":"https:\/\/www.laguiadepamplona.com\/actualidad\/wp-json\/wp\/v2\/posts\/17479\/revisions"}],"wp:featuredmedia":[{"embeddable":true,"href":"https:\/\/www.laguiadepamplona.com\/actualidad\/wp-json\/wp\/v2\/media\/11074"}],"wp:attachment":[{"href":"https:\/\/www.laguiadepamplona.com\/actualidad\/wp-json\/wp\/v2\/media?parent=17479"}],"wp:term":[{"taxonomy":"category","embeddable":true,"href":"https:\/\/www.laguiadepamplona.com\/actualidad\/wp-json\/wp\/v2\/categories?post=17479"},{"taxonomy":"post_tag","embeddable":true,"href":"https:\/\/www.laguiadepamplona.com\/actualidad\/wp-json\/wp\/v2\/tags?post=17479"}],"curies":[{"name":"wp","href":"https:\/\/api.w.org\/{rel}","templated":true}]}}