{"id":17474,"date":"2018-05-21T14:43:46","date_gmt":"2018-05-21T13:43:46","guid":{"rendered":"http:\/\/laguiadepamplona.es\/actualidad\/?p=17474"},"modified":"2018-05-21T14:43:46","modified_gmt":"2018-05-21T13:43:46","slug":"publicadas-las-listas-definitivas-de-admitidos-para-el-proximo-curso-en-las-escuelas-infantiles-municipales","status":"publish","type":"post","link":"https:\/\/www.laguiadepamplona.com\/actualidad\/publicadas-las-listas-definitivas-de-admitidos-para-el-proximo-curso-en-las-escuelas-infantiles-municipales\/","title":{"rendered":"Publicadas las listas definitivas de admitidos para el pr\u00f3ximo curso en las escuelas infantiles municipales"},"content":{"rendered":"<h3>La matr\u00edcula deber\u00e1 formalizarse durante esta semana, hasta el viernes, en la escuela donde haya sido aceptado<\/h3>\n<p><!--more--><\/p>\n<p>El Organismo Aut\u00f3nomo Escuelas Infantiles\u00a0 de Pamplona ha hecho hoy p\u00fablicas las listas definitivas de admitidos para el pr\u00f3ximo curso en las escuelas infantiles municipales. Las listas pueden consultarse en la sede de la escuela (en la calle Conde Oliveto, 4 2\u00ba izquierda. Tel\u00e9fono 948 420 098), en la web municipal <a href=\"http:\/\/www.pamplona.es\/escuelasinfantiles\/\" target=\"_blank\" rel=\"noopener\">http:\/\/www.pamplona.es\/escuelasinfantiles\/<\/a> y en el 010. La matr\u00edcula deber\u00e1 formalizarse durante esta semana, hasta el viernes, en horario de 9 a 14 horas en la escuela infantil en la que el menor haya sido admitido o admitida.<\/p>\n<p>El organismo aut\u00f3nomo Escuelas Infantiles Municipales de Pamplona recibi\u00f3 1.003 solicitudes para realizar el curso que viene en alguno de los 16 centros de 0 a 3 a\u00f1os de la ciudad. Para este pr\u00f3ximo curso 2018 \u2013 2019 se ofertaban 742 plazas libres en las escuelas infantiles, 52 m\u00e1s que curso anterior (690), por lo que el 74,2% de solicitantes ha obtenido una de ellas. Ese porcentaje ha aumentado en diez puntos respecto al 2017-2018 cuando se situ\u00f3 en un 64,2%.<\/p>\n<p><strong>Junto a la lista de admitidos, se publicar\u00e1 tambi\u00e9n la lista de espera para cubrir las vacantes que puedan producirse.<\/strong><\/p>\n<p>Para las once escuelas infantiles del Ayuntamiento de Pamplona se recibieron 765 solicitudes. Se ofertaban 583 plazas libres en los distintos centros y etapas educativas. Mendillorri ha recibido 112 solicitudes para 52 plazas, Hello Azpilaga\u00f1a 97 para 34, Hello Buztintxuri 88 solicitudes para 42 plazas libres, Printzearen Harresi 78 para 54 vacantes, Mendebaldea 73 para 38, Donibane 69 para 53 plazas y Haurtzaro 65 para 46 plazas libres. Para Goiz Eder se han registrado 48 solicitudes para cubrir 46 vacantes, en Izartegi 44 solicitudes para 55 plazas y en Hello Egunsenti 12 para 33 plazas libres. Entre las escuelas infantiles con media jornada Hello Azpilaga\u00f1a ha recibido 36 solicitudes para 36 plazas, Jos\u00e9 Mar\u00eda Huarte 21 solicitudes para 33 vacantes, Goiz Eder 18 para 36 plazas y Hello Egunsenti 4 para 25 plazas libres.<\/p>\n<p>Por su parte, las cinco escuelas dependientes del Gobierno de Navarra recibieron 238 solicitudes para cubrir un total de 159 plazas vacantes. La mitad de las solicitudes, 120, se han recibido para Ninia Etxea, que deb\u00eda cubrir 35 plazas libres. Para la l\u00ednea en castellano en la E.I. San Jorge y en la E.I. Santa Teresa se han registrado 26 solicitudes, cuando hab\u00eda 16 y 31 plazas libres, respectivamente. Para Nuestra Se\u00f1ora de los \u00c1ngeles en castellano se presentaron 21 solicitudes para 14 plazas, para su l\u00ednea en euskera 18 para 12 plazas, para la l\u00ednea en euskera de San Jorge 15 para 18 plazas y para Nuestra Se\u00f1ora de Roncesvalles 12 para cubrir 33 plazas.<\/p>\n<p>&nbsp;<\/p>\n","protected":false},"excerpt":{"rendered":"<p>La matr\u00edcula deber\u00e1 formalizarse durante esta semana, hasta el viernes, en la escuela donde haya sido aceptado<\/p>\n","protected":false},"author":1,"featured_media":11111,"comment_status":"open","ping_status":"closed","sticky":false,"template":"","format":"standard","meta":{"footnotes":""},"categories":[2],"tags":[],"class_list":["post-17474","post","type-post","status-publish","format-standard","has-post-thumbnail","hentry","category-ayuntamiento-pamplona"],"yoast_head":"<!-- This site is optimized with the Yoast SEO plugin v27.3 - https:\/\/yoast.com\/product\/yoast-seo-wordpress\/ -->\n<title>Publicadas las listas definitivas de admitidos para el pr\u00f3ximo curso en las escuelas infantiles municipales<\/title>\n<meta name=\"robots\" content=\"index, follow, max-snippet:-1, max-image-preview:large, max-video-preview:-1\" \/>\n<link rel=\"canonical\" href=\"https:\/\/www.laguiadepamplona.com\/actualidad\/publicadas-las-listas-definitivas-de-admitidos-para-el-proximo-curso-en-las-escuelas-infantiles-municipales\/\" \/>\n<meta property=\"og:locale\" content=\"es_ES\" \/>\n<meta property=\"og:type\" content=\"article\" \/>\n<meta property=\"og:title\" content=\"Publicadas las listas definitivas de admitidos para el pr\u00f3ximo curso en las escuelas infantiles municipales\" \/>\n<meta property=\"og:description\" content=\"La matr\u00edcula deber\u00e1 formalizarse durante esta semana, hasta el viernes, en la escuela donde haya sido aceptado\" \/>\n<meta property=\"og:url\" content=\"https:\/\/www.laguiadepamplona.com\/actualidad\/publicadas-las-listas-definitivas-de-admitidos-para-el-proximo-curso-en-las-escuelas-infantiles-municipales\/\" \/>\n<meta property=\"og:site_name\" content=\"La Gu\u00eda de Pamplona\" \/>\n<meta property=\"article:publisher\" content=\"https:\/\/www.facebook.com\/laguiadepamplonacom-133175176762273\/?ref=hl\" \/>\n<meta property=\"article:published_time\" content=\"2018-05-21T13:43:46+00:00\" \/>\n<meta property=\"og:image\" content=\"https:\/\/www.laguiadepamplona.com\/actualidad\/wp-content\/uploads\/2016\/12\/Escuela-Infantil-de-Milagrosa.jpg\" \/>\n\t<meta property=\"og:image:width\" content=\"800\" \/>\n\t<meta property=\"og:image:height\" content=\"528\" \/>\n\t<meta property=\"og:image:type\" content=\"image\/jpeg\" \/>\n<meta name=\"author\" content=\"La Gu\u00eda de Pamplona\" \/>\n<meta name=\"twitter:card\" content=\"summary_large_image\" \/>\n<meta name=\"twitter:creator\" content=\"@LaGuiadPamplona\" \/>\n<meta name=\"twitter:site\" content=\"@LaGuiadPamplona\" \/>\n<meta name=\"twitter:label1\" content=\"Escrito por\" \/>\n\t<meta name=\"twitter:data1\" content=\"La Gu\u00eda de Pamplona\" \/>\n\t<meta name=\"twitter:label2\" content=\"Tiempo de lectura\" \/>\n\t<meta name=\"twitter:data2\" content=\"2 minutos\" \/>\n<script type=\"application\/ld+json\" class=\"yoast-schema-graph\">{\"@context\":\"https:\\\/\\\/schema.org\",\"@graph\":[{\"@type\":\"Article\",\"@id\":\"https:\\\/\\\/www.laguiadepamplona.com\\\/actualidad\\\/publicadas-las-listas-definitivas-de-admitidos-para-el-proximo-curso-en-las-escuelas-infantiles-municipales\\\/#article\",\"isPartOf\":{\"@id\":\"https:\\\/\\\/www.laguiadepamplona.com\\\/actualidad\\\/publicadas-las-listas-definitivas-de-admitidos-para-el-proximo-curso-en-las-escuelas-infantiles-municipales\\\/\"},\"author\":{\"name\":\"La Gu\u00eda de Pamplona\",\"@id\":\"https:\\\/\\\/www.laguiadepamplona.com\\\/actualidad\\\/#\\\/schema\\\/person\\\/efe887376f0213d4657c93adc50b1fdb\"},\"headline\":\"Publicadas las listas definitivas de admitidos para el pr\u00f3ximo curso en las escuelas infantiles municipales\",\"datePublished\":\"2018-05-21T13:43:46+00:00\",\"mainEntityOfPage\":{\"@id\":\"https:\\\/\\\/www.laguiadepamplona.com\\\/actualidad\\\/publicadas-las-listas-definitivas-de-admitidos-para-el-proximo-curso-en-las-escuelas-infantiles-municipales\\\/\"},\"wordCount\":434,\"commentCount\":0,\"publisher\":{\"@id\":\"https:\\\/\\\/www.laguiadepamplona.com\\\/actualidad\\\/#organization\"},\"image\":{\"@id\":\"https:\\\/\\\/www.laguiadepamplona.com\\\/actualidad\\\/publicadas-las-listas-definitivas-de-admitidos-para-el-proximo-curso-en-las-escuelas-infantiles-municipales\\\/#primaryimage\"},\"thumbnailUrl\":\"https:\\\/\\\/www.laguiadepamplona.com\\\/actualidad\\\/wp-content\\\/uploads\\\/2016\\\/12\\\/Escuela-Infantil-de-Milagrosa.jpg\",\"articleSection\":[\"Ayto Pamplona\"],\"inLanguage\":\"es\",\"potentialAction\":[{\"@type\":\"CommentAction\",\"name\":\"Comment\",\"target\":[\"https:\\\/\\\/www.laguiadepamplona.com\\\/actualidad\\\/publicadas-las-listas-definitivas-de-admitidos-para-el-proximo-curso-en-las-escuelas-infantiles-municipales\\\/#respond\"]}]},{\"@type\":\"WebPage\",\"@id\":\"https:\\\/\\\/www.laguiadepamplona.com\\\/actualidad\\\/publicadas-las-listas-definitivas-de-admitidos-para-el-proximo-curso-en-las-escuelas-infantiles-municipales\\\/\",\"url\":\"https:\\\/\\\/www.laguiadepamplona.com\\\/actualidad\\\/publicadas-las-listas-definitivas-de-admitidos-para-el-proximo-curso-en-las-escuelas-infantiles-municipales\\\/\",\"name\":\"Publicadas las listas definitivas de admitidos para el pr\u00f3ximo curso en las escuelas infantiles municipales\",\"isPartOf\":{\"@id\":\"https:\\\/\\\/www.laguiadepamplona.com\\\/actualidad\\\/#website\"},\"primaryImageOfPage\":{\"@id\":\"https:\\\/\\\/www.laguiadepamplona.com\\\/actualidad\\\/publicadas-las-listas-definitivas-de-admitidos-para-el-proximo-curso-en-las-escuelas-infantiles-municipales\\\/#primaryimage\"},\"image\":{\"@id\":\"https:\\\/\\\/www.laguiadepamplona.com\\\/actualidad\\\/publicadas-las-listas-definitivas-de-admitidos-para-el-proximo-curso-en-las-escuelas-infantiles-municipales\\\/#primaryimage\"},\"thumbnailUrl\":\"https:\\\/\\\/www.laguiadepamplona.com\\\/actualidad\\\/wp-content\\\/uploads\\\/2016\\\/12\\\/Escuela-Infantil-de-Milagrosa.jpg\",\"datePublished\":\"2018-05-21T13:43:46+00:00\",\"breadcrumb\":{\"@id\":\"https:\\\/\\\/www.laguiadepamplona.com\\\/actualidad\\\/publicadas-las-listas-definitivas-de-admitidos-para-el-proximo-curso-en-las-escuelas-infantiles-municipales\\\/#breadcrumb\"},\"inLanguage\":\"es\",\"potentialAction\":[{\"@type\":\"ReadAction\",\"target\":[\"https:\\\/\\\/www.laguiadepamplona.com\\\/actualidad\\\/publicadas-las-listas-definitivas-de-admitidos-para-el-proximo-curso-en-las-escuelas-infantiles-municipales\\\/\"]}]},{\"@type\":\"ImageObject\",\"inLanguage\":\"es\",\"@id\":\"https:\\\/\\\/www.laguiadepamplona.com\\\/actualidad\\\/publicadas-las-listas-definitivas-de-admitidos-para-el-proximo-curso-en-las-escuelas-infantiles-municipales\\\/#primaryimage\",\"url\":\"https:\\\/\\\/www.laguiadepamplona.com\\\/actualidad\\\/wp-content\\\/uploads\\\/2016\\\/12\\\/Escuela-Infantil-de-Milagrosa.jpg\",\"contentUrl\":\"https:\\\/\\\/www.laguiadepamplona.com\\\/actualidad\\\/wp-content\\\/uploads\\\/2016\\\/12\\\/Escuela-Infantil-de-Milagrosa.jpg\",\"width\":800,\"height\":528},{\"@type\":\"BreadcrumbList\",\"@id\":\"https:\\\/\\\/www.laguiadepamplona.com\\\/actualidad\\\/publicadas-las-listas-definitivas-de-admitidos-para-el-proximo-curso-en-las-escuelas-infantiles-municipales\\\/#breadcrumb\",\"itemListElement\":[{\"@type\":\"ListItem\",\"position\":1,\"name\":\"Portada\",\"item\":\"https:\\\/\\\/www.laguiadepamplona.com\\\/actualidad\\\/\"},{\"@type\":\"ListItem\",\"position\":2,\"name\":\"Publicadas las listas definitivas de admitidos para el pr\u00f3ximo curso en las escuelas infantiles municipales\"}]},{\"@type\":\"WebSite\",\"@id\":\"https:\\\/\\\/www.laguiadepamplona.com\\\/actualidad\\\/#website\",\"url\":\"https:\\\/\\\/www.laguiadepamplona.com\\\/actualidad\\\/\",\"name\":\"La gu\u00eda de Pamplona\",\"description\":\"Noticias de Pamplona\",\"publisher\":{\"@id\":\"https:\\\/\\\/www.laguiadepamplona.com\\\/actualidad\\\/#organization\"},\"potentialAction\":[{\"@type\":\"SearchAction\",\"target\":{\"@type\":\"EntryPoint\",\"urlTemplate\":\"https:\\\/\\\/www.laguiadepamplona.com\\\/actualidad\\\/?s={search_term_string}\"},\"query-input\":{\"@type\":\"PropertyValueSpecification\",\"valueRequired\":true,\"valueName\":\"search_term_string\"}}],\"inLanguage\":\"es\"},{\"@type\":\"Organization\",\"@id\":\"https:\\\/\\\/www.laguiadepamplona.com\\\/actualidad\\\/#organization\",\"name\":\"La Gu\u00eda de Pamplona \\\/ Noticias\",\"url\":\"https:\\\/\\\/www.laguiadepamplona.com\\\/actualidad\\\/\",\"logo\":{\"@type\":\"ImageObject\",\"inLanguage\":\"es\",\"@id\":\"https:\\\/\\\/www.laguiadepamplona.com\\\/actualidad\\\/#\\\/schema\\\/logo\\\/image\\\/\",\"url\":\"https:\\\/\\\/www.laguiadepamplona.com\\\/actualidad\\\/wp-content\\\/uploads\\\/2018\\\/11\\\/logo-laguiadepamplona18-web1.png\",\"contentUrl\":\"https:\\\/\\\/www.laguiadepamplona.com\\\/actualidad\\\/wp-content\\\/uploads\\\/2018\\\/11\\\/logo-laguiadepamplona18-web1.png\",\"width\":600,\"height\":196,\"caption\":\"La Gu\u00eda de Pamplona \\\/ Noticias\"},\"image\":{\"@id\":\"https:\\\/\\\/www.laguiadepamplona.com\\\/actualidad\\\/#\\\/schema\\\/logo\\\/image\\\/\"},\"sameAs\":[\"https:\\\/\\\/www.facebook.com\\\/laguiadepamplonacom-133175176762273\\\/?ref=hl\",\"https:\\\/\\\/x.com\\\/LaGuiadPamplona\",\"https:\\\/\\\/www.instagram.com\\\/la_guia_de_pamplona\\\/\",\"https:\\\/\\\/www.youtube.com\\\/user\\\/laguiadepamplona\"]},{\"@type\":\"Person\",\"@id\":\"https:\\\/\\\/www.laguiadepamplona.com\\\/actualidad\\\/#\\\/schema\\\/person\\\/efe887376f0213d4657c93adc50b1fdb\",\"name\":\"La Gu\u00eda de Pamplona\",\"image\":{\"@type\":\"ImageObject\",\"inLanguage\":\"es\",\"@id\":\"https:\\\/\\\/secure.gravatar.com\\\/avatar\\\/b6992f131dc8d30ab0dff15446e9d346d9dbd95992de0fef795073f5ea83a81c?s=96&d=mm&r=g\",\"url\":\"https:\\\/\\\/secure.gravatar.com\\\/avatar\\\/b6992f131dc8d30ab0dff15446e9d346d9dbd95992de0fef795073f5ea83a81c?s=96&d=mm&r=g\",\"contentUrl\":\"https:\\\/\\\/secure.gravatar.com\\\/avatar\\\/b6992f131dc8d30ab0dff15446e9d346d9dbd95992de0fef795073f5ea83a81c?s=96&d=mm&r=g\",\"caption\":\"La Gu\u00eda de Pamplona\"}}]}<\/script>\n<!-- \/ Yoast SEO plugin. -->","yoast_head_json":{"title":"Publicadas las listas definitivas de admitidos para el pr\u00f3ximo curso en las escuelas infantiles municipales","robots":{"index":"index","follow":"follow","max-snippet":"max-snippet:-1","max-image-preview":"max-image-preview:large","max-video-preview":"max-video-preview:-1"},"canonical":"https:\/\/www.laguiadepamplona.com\/actualidad\/publicadas-las-listas-definitivas-de-admitidos-para-el-proximo-curso-en-las-escuelas-infantiles-municipales\/","og_locale":"es_ES","og_type":"article","og_title":"Publicadas las listas definitivas de admitidos para el pr\u00f3ximo curso en las escuelas infantiles municipales","og_description":"La matr\u00edcula deber\u00e1 formalizarse durante esta semana, hasta el viernes, en la escuela donde haya sido aceptado","og_url":"https:\/\/www.laguiadepamplona.com\/actualidad\/publicadas-las-listas-definitivas-de-admitidos-para-el-proximo-curso-en-las-escuelas-infantiles-municipales\/","og_site_name":"La Gu\u00eda de Pamplona","article_publisher":"https:\/\/www.facebook.com\/laguiadepamplonacom-133175176762273\/?ref=hl","article_published_time":"2018-05-21T13:43:46+00:00","og_image":[{"width":800,"height":528,"url":"https:\/\/www.laguiadepamplona.com\/actualidad\/wp-content\/uploads\/2016\/12\/Escuela-Infantil-de-Milagrosa.jpg","type":"image\/jpeg"}],"author":"La Gu\u00eda de Pamplona","twitter_card":"summary_large_image","twitter_creator":"@LaGuiadPamplona","twitter_site":"@LaGuiadPamplona","twitter_misc":{"Escrito por":"La Gu\u00eda de Pamplona","Tiempo de lectura":"2 minutos"},"schema":{"@context":"https:\/\/schema.org","@graph":[{"@type":"Article","@id":"https:\/\/www.laguiadepamplona.com\/actualidad\/publicadas-las-listas-definitivas-de-admitidos-para-el-proximo-curso-en-las-escuelas-infantiles-municipales\/#article","isPartOf":{"@id":"https:\/\/www.laguiadepamplona.com\/actualidad\/publicadas-las-listas-definitivas-de-admitidos-para-el-proximo-curso-en-las-escuelas-infantiles-municipales\/"},"author":{"name":"La Gu\u00eda de Pamplona","@id":"https:\/\/www.laguiadepamplona.com\/actualidad\/#\/schema\/person\/efe887376f0213d4657c93adc50b1fdb"},"headline":"Publicadas las listas definitivas de admitidos para el pr\u00f3ximo curso en las escuelas infantiles municipales","datePublished":"2018-05-21T13:43:46+00:00","mainEntityOfPage":{"@id":"https:\/\/www.laguiadepamplona.com\/actualidad\/publicadas-las-listas-definitivas-de-admitidos-para-el-proximo-curso-en-las-escuelas-infantiles-municipales\/"},"wordCount":434,"commentCount":0,"publisher":{"@id":"https:\/\/www.laguiadepamplona.com\/actualidad\/#organization"},"image":{"@id":"https:\/\/www.laguiadepamplona.com\/actualidad\/publicadas-las-listas-definitivas-de-admitidos-para-el-proximo-curso-en-las-escuelas-infantiles-municipales\/#primaryimage"},"thumbnailUrl":"https:\/\/www.laguiadepamplona.com\/actualidad\/wp-content\/uploads\/2016\/12\/Escuela-Infantil-de-Milagrosa.jpg","articleSection":["Ayto Pamplona"],"inLanguage":"es","potentialAction":[{"@type":"CommentAction","name":"Comment","target":["https:\/\/www.laguiadepamplona.com\/actualidad\/publicadas-las-listas-definitivas-de-admitidos-para-el-proximo-curso-en-las-escuelas-infantiles-municipales\/#respond"]}]},{"@type":"WebPage","@id":"https:\/\/www.laguiadepamplona.com\/actualidad\/publicadas-las-listas-definitivas-de-admitidos-para-el-proximo-curso-en-las-escuelas-infantiles-municipales\/","url":"https:\/\/www.laguiadepamplona.com\/actualidad\/publicadas-las-listas-definitivas-de-admitidos-para-el-proximo-curso-en-las-escuelas-infantiles-municipales\/","name":"Publicadas las listas definitivas de admitidos para el pr\u00f3ximo curso en las escuelas infantiles municipales","isPartOf":{"@id":"https:\/\/www.laguiadepamplona.com\/actualidad\/#website"},"primaryImageOfPage":{"@id":"https:\/\/www.laguiadepamplona.com\/actualidad\/publicadas-las-listas-definitivas-de-admitidos-para-el-proximo-curso-en-las-escuelas-infantiles-municipales\/#primaryimage"},"image":{"@id":"https:\/\/www.laguiadepamplona.com\/actualidad\/publicadas-las-listas-definitivas-de-admitidos-para-el-proximo-curso-en-las-escuelas-infantiles-municipales\/#primaryimage"},"thumbnailUrl":"https:\/\/www.laguiadepamplona.com\/actualidad\/wp-content\/uploads\/2016\/12\/Escuela-Infantil-de-Milagrosa.jpg","datePublished":"2018-05-21T13:43:46+00:00","breadcrumb":{"@id":"https:\/\/www.laguiadepamplona.com\/actualidad\/publicadas-las-listas-definitivas-de-admitidos-para-el-proximo-curso-en-las-escuelas-infantiles-municipales\/#breadcrumb"},"inLanguage":"es","potentialAction":[{"@type":"ReadAction","target":["https:\/\/www.laguiadepamplona.com\/actualidad\/publicadas-las-listas-definitivas-de-admitidos-para-el-proximo-curso-en-las-escuelas-infantiles-municipales\/"]}]},{"@type":"ImageObject","inLanguage":"es","@id":"https:\/\/www.laguiadepamplona.com\/actualidad\/publicadas-las-listas-definitivas-de-admitidos-para-el-proximo-curso-en-las-escuelas-infantiles-municipales\/#primaryimage","url":"https:\/\/www.laguiadepamplona.com\/actualidad\/wp-content\/uploads\/2016\/12\/Escuela-Infantil-de-Milagrosa.jpg","contentUrl":"https:\/\/www.laguiadepamplona.com\/actualidad\/wp-content\/uploads\/2016\/12\/Escuela-Infantil-de-Milagrosa.jpg","width":800,"height":528},{"@type":"BreadcrumbList","@id":"https:\/\/www.laguiadepamplona.com\/actualidad\/publicadas-las-listas-definitivas-de-admitidos-para-el-proximo-curso-en-las-escuelas-infantiles-municipales\/#breadcrumb","itemListElement":[{"@type":"ListItem","position":1,"name":"Portada","item":"https:\/\/www.laguiadepamplona.com\/actualidad\/"},{"@type":"ListItem","position":2,"name":"Publicadas las listas definitivas de admitidos para el pr\u00f3ximo curso en las escuelas infantiles municipales"}]},{"@type":"WebSite","@id":"https:\/\/www.laguiadepamplona.com\/actualidad\/#website","url":"https:\/\/www.laguiadepamplona.com\/actualidad\/","name":"La gu\u00eda de Pamplona","description":"Noticias de Pamplona","publisher":{"@id":"https:\/\/www.laguiadepamplona.com\/actualidad\/#organization"},"potentialAction":[{"@type":"SearchAction","target":{"@type":"EntryPoint","urlTemplate":"https:\/\/www.laguiadepamplona.com\/actualidad\/?s={search_term_string}"},"query-input":{"@type":"PropertyValueSpecification","valueRequired":true,"valueName":"search_term_string"}}],"inLanguage":"es"},{"@type":"Organization","@id":"https:\/\/www.laguiadepamplona.com\/actualidad\/#organization","name":"La Gu\u00eda de Pamplona \/ Noticias","url":"https:\/\/www.laguiadepamplona.com\/actualidad\/","logo":{"@type":"ImageObject","inLanguage":"es","@id":"https:\/\/www.laguiadepamplona.com\/actualidad\/#\/schema\/logo\/image\/","url":"https:\/\/www.laguiadepamplona.com\/actualidad\/wp-content\/uploads\/2018\/11\/logo-laguiadepamplona18-web1.png","contentUrl":"https:\/\/www.laguiadepamplona.com\/actualidad\/wp-content\/uploads\/2018\/11\/logo-laguiadepamplona18-web1.png","width":600,"height":196,"caption":"La Gu\u00eda de Pamplona \/ Noticias"},"image":{"@id":"https:\/\/www.laguiadepamplona.com\/actualidad\/#\/schema\/logo\/image\/"},"sameAs":["https:\/\/www.facebook.com\/laguiadepamplonacom-133175176762273\/?ref=hl","https:\/\/x.com\/LaGuiadPamplona","https:\/\/www.instagram.com\/la_guia_de_pamplona\/","https:\/\/www.youtube.com\/user\/laguiadepamplona"]},{"@type":"Person","@id":"https:\/\/www.laguiadepamplona.com\/actualidad\/#\/schema\/person\/efe887376f0213d4657c93adc50b1fdb","name":"La Gu\u00eda de Pamplona","image":{"@type":"ImageObject","inLanguage":"es","@id":"https:\/\/secure.gravatar.com\/avatar\/b6992f131dc8d30ab0dff15446e9d346d9dbd95992de0fef795073f5ea83a81c?s=96&d=mm&r=g","url":"https:\/\/secure.gravatar.com\/avatar\/b6992f131dc8d30ab0dff15446e9d346d9dbd95992de0fef795073f5ea83a81c?s=96&d=mm&r=g","contentUrl":"https:\/\/secure.gravatar.com\/avatar\/b6992f131dc8d30ab0dff15446e9d346d9dbd95992de0fef795073f5ea83a81c?s=96&d=mm&r=g","caption":"La Gu\u00eda de Pamplona"}}]}},"post_mailing_queue_ids":[],"_links":{"self":[{"href":"https:\/\/www.laguiadepamplona.com\/actualidad\/wp-json\/wp\/v2\/posts\/17474","targetHints":{"allow":["GET"]}}],"collection":[{"href":"https:\/\/www.laguiadepamplona.com\/actualidad\/wp-json\/wp\/v2\/posts"}],"about":[{"href":"https:\/\/www.laguiadepamplona.com\/actualidad\/wp-json\/wp\/v2\/types\/post"}],"author":[{"embeddable":true,"href":"https:\/\/www.laguiadepamplona.com\/actualidad\/wp-json\/wp\/v2\/users\/1"}],"replies":[{"embeddable":true,"href":"https:\/\/www.laguiadepamplona.com\/actualidad\/wp-json\/wp\/v2\/comments?post=17474"}],"version-history":[{"count":0,"href":"https:\/\/www.laguiadepamplona.com\/actualidad\/wp-json\/wp\/v2\/posts\/17474\/revisions"}],"wp:featuredmedia":[{"embeddable":true,"href":"https:\/\/www.laguiadepamplona.com\/actualidad\/wp-json\/wp\/v2\/media\/11111"}],"wp:attachment":[{"href":"https:\/\/www.laguiadepamplona.com\/actualidad\/wp-json\/wp\/v2\/media?parent=17474"}],"wp:term":[{"taxonomy":"category","embeddable":true,"href":"https:\/\/www.laguiadepamplona.com\/actualidad\/wp-json\/wp\/v2\/categories?post=17474"},{"taxonomy":"post_tag","embeddable":true,"href":"https:\/\/www.laguiadepamplona.com\/actualidad\/wp-json\/wp\/v2\/tags?post=17474"}],"curies":[{"name":"wp","href":"https:\/\/api.w.org\/{rel}","templated":true}]}}