{"id":17472,"date":"2018-05-21T11:35:08","date_gmt":"2018-05-21T10:35:08","guid":{"rendered":"http:\/\/laguiadepamplona.es\/actualidad\/?p=17472"},"modified":"2018-05-21T11:35:08","modified_gmt":"2018-05-21T10:35:08","slug":"gerencia-de-urbanismo-conocera-el-miercoles-el-fin-de-la-obra-en-la-ladera-junto-a-las-casas-de-soto-de-lezkairu-que-ha-creado-dos-caminos-de-acceso-al-nuevo-desarrollo","status":"publish","type":"post","link":"https:\/\/www.laguiadepamplona.com\/actualidad\/gerencia-de-urbanismo-conocera-el-miercoles-el-fin-de-la-obra-en-la-ladera-junto-a-las-casas-de-soto-de-lezkairu-que-ha-creado-dos-caminos-de-acceso-al-nuevo-desarrollo\/","title":{"rendered":"Gerencia de Urbanismo conocer\u00e1 el mi\u00e9rcoles el fin de la obra en la ladera junto a las casas de Soto de Lezkairu que ha creado dos caminos de acceso al nuevo desarrollo"},"content":{"rendered":"<h3>Los trabajos incluyen la plantaci\u00f3n de c\u00e9sped y arbustos y la dotaci\u00f3n de alumbrado p\u00fablico y mobiliario urbano<!--more--><\/h3>\n<p>El consejo de Gerencia de Urbanismo del pr\u00f3ximo mi\u00e9rcoles, 23 de mayo, conocer\u00e1 el fin de los trabajos en la ladera junto a las casas de Soto de Lezkairu y la recepci\u00f3n de las obras de la 9\u00aa fase de Lezkairu. El acondicionamiento de la ladera lo ha realizado la empresa a Lacunza Hermanos S.L. por un importe de 89.128,07 euros. Las obras de acondicionamiento de la ladera han conllevado la creaci\u00f3n de dos caminos peatonales de comunicaci\u00f3n con el nuevo desarrollo urban\u00edstico de manera que el entorno ha quedado integrado en la urbanizaci\u00f3n. Los caminos se han hecho en hormig\u00f3n y han servido para mejorar la comunicaci\u00f3n con la parte alta de las casas del Soto. Adem\u00e1s, se han dotado de alumbrado p\u00fablico y mobiliario urbano de acuerdo al proyecto redactado por los servicios t\u00e9cnicos de la Gerencia de Urbanismo.<\/p>\n<p>El tratamiento vegetativo de la ladera se ha llevado a cabo mediante la plantaci\u00f3n de arbustos en la zona lim\u00edtrofe con la acera, plantaci\u00f3n de nuevo arbolado y creaci\u00f3n de pradera de bajo mantenimiento. Se trata de un \u00abjardin comestible\u00bb ya que la plantaci\u00f3n se compone de 76 arbustos y 35 \u00e1rboles frutales. La siembra de la pradera r\u00fastica se va a posponer a una \u00e9poca adecuada, al mes de octubre, ya que ahora no se puede garantizar el nacimiento de la semilla de la pradera.<\/p>\n<p>De esta manera la zona ha quedado renovada tras las obras de rehabilitaci\u00f3n que se han realizado en los edificios de Soto de Lezkairu. El Ayuntamiento ha concedido en a\u00f1os pasados subvenciones para la mejora de los edificios. Los trabajos se han centrado principalmente en la mejora de la envolvente t\u00e9rmica de las fachadas de los edificios para dotarlos de adecuadas condiciones de ahorro energ\u00e9tico y de una imagen m\u00e1s actual e integrada en el nuevo desarrollo urban\u00edstico de la zona colindante de Lezkairu. Tambi\u00e9n se ha colocado aislamiento t\u00e9rmico en la cubierta y se han adecuado a la normativa vigente las carpinter\u00edas exteriores y las instalaciones de electricidad, gas y telecomunicaciones. Adem\u00e1s, se ha instalado ascensor en el exterior en un cuerpo volado. Estos edificios fueron construidos entre finales de los a\u00f1os 50 y principios de los 60. Se agrupan en dos manzanas de planta baja m\u00e1s 4 alturas.<\/p>\n","protected":false},"excerpt":{"rendered":"<p>Los trabajos incluyen la plantaci\u00f3n de c\u00e9sped y arbustos y la dotaci\u00f3n de alumbrado p\u00fablico y mobiliario urbano<\/p>\n","protected":false},"author":1,"featured_media":10979,"comment_status":"open","ping_status":"closed","sticky":false,"template":"","format":"standard","meta":{"footnotes":""},"categories":[2],"tags":[],"class_list":["post-17472","post","type-post","status-publish","format-standard","has-post-thumbnail","hentry","category-ayuntamiento-pamplona"],"yoast_head":"<!-- This site is optimized with the Yoast SEO plugin v27.3 - https:\/\/yoast.com\/product\/yoast-seo-wordpress\/ -->\n<title>Gerencia de Urbanismo conocer\u00e1 el mi\u00e9rcoles el fin de la obra en la ladera junto a las casas de Soto de Lezkairu que ha creado dos caminos de acceso al nuevo desarrollo<\/title>\n<meta name=\"robots\" content=\"index, follow, max-snippet:-1, max-image-preview:large, max-video-preview:-1\" \/>\n<link rel=\"canonical\" href=\"https:\/\/www.laguiadepamplona.com\/actualidad\/gerencia-de-urbanismo-conocera-el-miercoles-el-fin-de-la-obra-en-la-ladera-junto-a-las-casas-de-soto-de-lezkairu-que-ha-creado-dos-caminos-de-acceso-al-nuevo-desarrollo\/\" \/>\n<meta property=\"og:locale\" content=\"es_ES\" \/>\n<meta property=\"og:type\" content=\"article\" \/>\n<meta property=\"og:title\" content=\"Gerencia de Urbanismo conocer\u00e1 el mi\u00e9rcoles el fin de la obra en la ladera junto a las casas de Soto de Lezkairu que ha creado dos caminos de acceso al nuevo desarrollo\" \/>\n<meta property=\"og:description\" content=\"Los trabajos incluyen la plantaci\u00f3n de c\u00e9sped y arbustos y la dotaci\u00f3n de alumbrado p\u00fablico y mobiliario urbano\" \/>\n<meta property=\"og:url\" content=\"https:\/\/www.laguiadepamplona.com\/actualidad\/gerencia-de-urbanismo-conocera-el-miercoles-el-fin-de-la-obra-en-la-ladera-junto-a-las-casas-de-soto-de-lezkairu-que-ha-creado-dos-caminos-de-acceso-al-nuevo-desarrollo\/\" \/>\n<meta property=\"og:site_name\" content=\"La Gu\u00eda de Pamplona\" \/>\n<meta property=\"article:publisher\" content=\"https:\/\/www.facebook.com\/laguiadepamplonacom-133175176762273\/?ref=hl\" \/>\n<meta property=\"article:published_time\" content=\"2018-05-21T10:35:08+00:00\" \/>\n<meta property=\"og:image\" content=\"https:\/\/www.laguiadepamplona.com\/actualidad\/wp-content\/uploads\/2016\/11\/Ayto_Pamplona.jpg\" \/>\n\t<meta property=\"og:image:width\" content=\"900\" \/>\n\t<meta property=\"og:image:height\" content=\"675\" \/>\n\t<meta property=\"og:image:type\" content=\"image\/jpeg\" \/>\n<meta name=\"author\" content=\"La Gu\u00eda de Pamplona\" \/>\n<meta name=\"twitter:card\" content=\"summary_large_image\" \/>\n<meta name=\"twitter:creator\" content=\"@LaGuiadPamplona\" \/>\n<meta name=\"twitter:site\" content=\"@LaGuiadPamplona\" \/>\n<meta name=\"twitter:label1\" content=\"Escrito por\" \/>\n\t<meta name=\"twitter:data1\" content=\"La Gu\u00eda de Pamplona\" \/>\n\t<meta name=\"twitter:label2\" content=\"Tiempo de lectura\" \/>\n\t<meta name=\"twitter:data2\" content=\"2 minutos\" \/>\n<script type=\"application\/ld+json\" class=\"yoast-schema-graph\">{\"@context\":\"https:\\\/\\\/schema.org\",\"@graph\":[{\"@type\":\"Article\",\"@id\":\"https:\\\/\\\/www.laguiadepamplona.com\\\/actualidad\\\/gerencia-de-urbanismo-conocera-el-miercoles-el-fin-de-la-obra-en-la-ladera-junto-a-las-casas-de-soto-de-lezkairu-que-ha-creado-dos-caminos-de-acceso-al-nuevo-desarrollo\\\/#article\",\"isPartOf\":{\"@id\":\"https:\\\/\\\/www.laguiadepamplona.com\\\/actualidad\\\/gerencia-de-urbanismo-conocera-el-miercoles-el-fin-de-la-obra-en-la-ladera-junto-a-las-casas-de-soto-de-lezkairu-que-ha-creado-dos-caminos-de-acceso-al-nuevo-desarrollo\\\/\"},\"author\":{\"name\":\"La Gu\u00eda de Pamplona\",\"@id\":\"https:\\\/\\\/www.laguiadepamplona.com\\\/actualidad\\\/#\\\/schema\\\/person\\\/efe887376f0213d4657c93adc50b1fdb\"},\"headline\":\"Gerencia de Urbanismo conocer\u00e1 el mi\u00e9rcoles el fin de la obra en la ladera junto a las casas de Soto de Lezkairu que ha creado dos caminos de acceso al nuevo desarrollo\",\"datePublished\":\"2018-05-21T10:35:08+00:00\",\"mainEntityOfPage\":{\"@id\":\"https:\\\/\\\/www.laguiadepamplona.com\\\/actualidad\\\/gerencia-de-urbanismo-conocera-el-miercoles-el-fin-de-la-obra-en-la-ladera-junto-a-las-casas-de-soto-de-lezkairu-que-ha-creado-dos-caminos-de-acceso-al-nuevo-desarrollo\\\/\"},\"wordCount\":455,\"commentCount\":0,\"publisher\":{\"@id\":\"https:\\\/\\\/www.laguiadepamplona.com\\\/actualidad\\\/#organization\"},\"image\":{\"@id\":\"https:\\\/\\\/www.laguiadepamplona.com\\\/actualidad\\\/gerencia-de-urbanismo-conocera-el-miercoles-el-fin-de-la-obra-en-la-ladera-junto-a-las-casas-de-soto-de-lezkairu-que-ha-creado-dos-caminos-de-acceso-al-nuevo-desarrollo\\\/#primaryimage\"},\"thumbnailUrl\":\"https:\\\/\\\/www.laguiadepamplona.com\\\/actualidad\\\/wp-content\\\/uploads\\\/2016\\\/11\\\/Ayto_Pamplona.jpg\",\"articleSection\":[\"Ayto Pamplona\"],\"inLanguage\":\"es\",\"potentialAction\":[{\"@type\":\"CommentAction\",\"name\":\"Comment\",\"target\":[\"https:\\\/\\\/www.laguiadepamplona.com\\\/actualidad\\\/gerencia-de-urbanismo-conocera-el-miercoles-el-fin-de-la-obra-en-la-ladera-junto-a-las-casas-de-soto-de-lezkairu-que-ha-creado-dos-caminos-de-acceso-al-nuevo-desarrollo\\\/#respond\"]}]},{\"@type\":\"WebPage\",\"@id\":\"https:\\\/\\\/www.laguiadepamplona.com\\\/actualidad\\\/gerencia-de-urbanismo-conocera-el-miercoles-el-fin-de-la-obra-en-la-ladera-junto-a-las-casas-de-soto-de-lezkairu-que-ha-creado-dos-caminos-de-acceso-al-nuevo-desarrollo\\\/\",\"url\":\"https:\\\/\\\/www.laguiadepamplona.com\\\/actualidad\\\/gerencia-de-urbanismo-conocera-el-miercoles-el-fin-de-la-obra-en-la-ladera-junto-a-las-casas-de-soto-de-lezkairu-que-ha-creado-dos-caminos-de-acceso-al-nuevo-desarrollo\\\/\",\"name\":\"Gerencia de Urbanismo conocer\u00e1 el mi\u00e9rcoles el fin de la obra en la ladera junto a las casas de Soto de Lezkairu que ha creado dos caminos de acceso al nuevo desarrollo\",\"isPartOf\":{\"@id\":\"https:\\\/\\\/www.laguiadepamplona.com\\\/actualidad\\\/#website\"},\"primaryImageOfPage\":{\"@id\":\"https:\\\/\\\/www.laguiadepamplona.com\\\/actualidad\\\/gerencia-de-urbanismo-conocera-el-miercoles-el-fin-de-la-obra-en-la-ladera-junto-a-las-casas-de-soto-de-lezkairu-que-ha-creado-dos-caminos-de-acceso-al-nuevo-desarrollo\\\/#primaryimage\"},\"image\":{\"@id\":\"https:\\\/\\\/www.laguiadepamplona.com\\\/actualidad\\\/gerencia-de-urbanismo-conocera-el-miercoles-el-fin-de-la-obra-en-la-ladera-junto-a-las-casas-de-soto-de-lezkairu-que-ha-creado-dos-caminos-de-acceso-al-nuevo-desarrollo\\\/#primaryimage\"},\"thumbnailUrl\":\"https:\\\/\\\/www.laguiadepamplona.com\\\/actualidad\\\/wp-content\\\/uploads\\\/2016\\\/11\\\/Ayto_Pamplona.jpg\",\"datePublished\":\"2018-05-21T10:35:08+00:00\",\"breadcrumb\":{\"@id\":\"https:\\\/\\\/www.laguiadepamplona.com\\\/actualidad\\\/gerencia-de-urbanismo-conocera-el-miercoles-el-fin-de-la-obra-en-la-ladera-junto-a-las-casas-de-soto-de-lezkairu-que-ha-creado-dos-caminos-de-acceso-al-nuevo-desarrollo\\\/#breadcrumb\"},\"inLanguage\":\"es\",\"potentialAction\":[{\"@type\":\"ReadAction\",\"target\":[\"https:\\\/\\\/www.laguiadepamplona.com\\\/actualidad\\\/gerencia-de-urbanismo-conocera-el-miercoles-el-fin-de-la-obra-en-la-ladera-junto-a-las-casas-de-soto-de-lezkairu-que-ha-creado-dos-caminos-de-acceso-al-nuevo-desarrollo\\\/\"]}]},{\"@type\":\"ImageObject\",\"inLanguage\":\"es\",\"@id\":\"https:\\\/\\\/www.laguiadepamplona.com\\\/actualidad\\\/gerencia-de-urbanismo-conocera-el-miercoles-el-fin-de-la-obra-en-la-ladera-junto-a-las-casas-de-soto-de-lezkairu-que-ha-creado-dos-caminos-de-acceso-al-nuevo-desarrollo\\\/#primaryimage\",\"url\":\"https:\\\/\\\/www.laguiadepamplona.com\\\/actualidad\\\/wp-content\\\/uploads\\\/2016\\\/11\\\/Ayto_Pamplona.jpg\",\"contentUrl\":\"https:\\\/\\\/www.laguiadepamplona.com\\\/actualidad\\\/wp-content\\\/uploads\\\/2016\\\/11\\\/Ayto_Pamplona.jpg\",\"width\":900,\"height\":675},{\"@type\":\"BreadcrumbList\",\"@id\":\"https:\\\/\\\/www.laguiadepamplona.com\\\/actualidad\\\/gerencia-de-urbanismo-conocera-el-miercoles-el-fin-de-la-obra-en-la-ladera-junto-a-las-casas-de-soto-de-lezkairu-que-ha-creado-dos-caminos-de-acceso-al-nuevo-desarrollo\\\/#breadcrumb\",\"itemListElement\":[{\"@type\":\"ListItem\",\"position\":1,\"name\":\"Portada\",\"item\":\"https:\\\/\\\/www.laguiadepamplona.com\\\/actualidad\\\/\"},{\"@type\":\"ListItem\",\"position\":2,\"name\":\"Gerencia de Urbanismo conocer\u00e1 el mi\u00e9rcoles el fin de la obra en la ladera junto a las casas de Soto de Lezkairu que ha creado dos caminos de acceso al nuevo desarrollo\"}]},{\"@type\":\"WebSite\",\"@id\":\"https:\\\/\\\/www.laguiadepamplona.com\\\/actualidad\\\/#website\",\"url\":\"https:\\\/\\\/www.laguiadepamplona.com\\\/actualidad\\\/\",\"name\":\"La gu\u00eda de Pamplona\",\"description\":\"Noticias de Pamplona\",\"publisher\":{\"@id\":\"https:\\\/\\\/www.laguiadepamplona.com\\\/actualidad\\\/#organization\"},\"potentialAction\":[{\"@type\":\"SearchAction\",\"target\":{\"@type\":\"EntryPoint\",\"urlTemplate\":\"https:\\\/\\\/www.laguiadepamplona.com\\\/actualidad\\\/?s={search_term_string}\"},\"query-input\":{\"@type\":\"PropertyValueSpecification\",\"valueRequired\":true,\"valueName\":\"search_term_string\"}}],\"inLanguage\":\"es\"},{\"@type\":\"Organization\",\"@id\":\"https:\\\/\\\/www.laguiadepamplona.com\\\/actualidad\\\/#organization\",\"name\":\"La Gu\u00eda de Pamplona \\\/ Noticias\",\"url\":\"https:\\\/\\\/www.laguiadepamplona.com\\\/actualidad\\\/\",\"logo\":{\"@type\":\"ImageObject\",\"inLanguage\":\"es\",\"@id\":\"https:\\\/\\\/www.laguiadepamplona.com\\\/actualidad\\\/#\\\/schema\\\/logo\\\/image\\\/\",\"url\":\"https:\\\/\\\/www.laguiadepamplona.com\\\/actualidad\\\/wp-content\\\/uploads\\\/2018\\\/11\\\/logo-laguiadepamplona18-web1.png\",\"contentUrl\":\"https:\\\/\\\/www.laguiadepamplona.com\\\/actualidad\\\/wp-content\\\/uploads\\\/2018\\\/11\\\/logo-laguiadepamplona18-web1.png\",\"width\":600,\"height\":196,\"caption\":\"La Gu\u00eda de Pamplona \\\/ Noticias\"},\"image\":{\"@id\":\"https:\\\/\\\/www.laguiadepamplona.com\\\/actualidad\\\/#\\\/schema\\\/logo\\\/image\\\/\"},\"sameAs\":[\"https:\\\/\\\/www.facebook.com\\\/laguiadepamplonacom-133175176762273\\\/?ref=hl\",\"https:\\\/\\\/x.com\\\/LaGuiadPamplona\",\"https:\\\/\\\/www.instagram.com\\\/la_guia_de_pamplona\\\/\",\"https:\\\/\\\/www.youtube.com\\\/user\\\/laguiadepamplona\"]},{\"@type\":\"Person\",\"@id\":\"https:\\\/\\\/www.laguiadepamplona.com\\\/actualidad\\\/#\\\/schema\\\/person\\\/efe887376f0213d4657c93adc50b1fdb\",\"name\":\"La Gu\u00eda de Pamplona\",\"image\":{\"@type\":\"ImageObject\",\"inLanguage\":\"es\",\"@id\":\"https:\\\/\\\/secure.gravatar.com\\\/avatar\\\/b6992f131dc8d30ab0dff15446e9d346d9dbd95992de0fef795073f5ea83a81c?s=96&d=mm&r=g\",\"url\":\"https:\\\/\\\/secure.gravatar.com\\\/avatar\\\/b6992f131dc8d30ab0dff15446e9d346d9dbd95992de0fef795073f5ea83a81c?s=96&d=mm&r=g\",\"contentUrl\":\"https:\\\/\\\/secure.gravatar.com\\\/avatar\\\/b6992f131dc8d30ab0dff15446e9d346d9dbd95992de0fef795073f5ea83a81c?s=96&d=mm&r=g\",\"caption\":\"La Gu\u00eda de Pamplona\"}}]}<\/script>\n<!-- \/ Yoast SEO plugin. -->","yoast_head_json":{"title":"Gerencia de Urbanismo conocer\u00e1 el mi\u00e9rcoles el fin de la obra en la ladera junto a las casas de Soto de Lezkairu que ha creado dos caminos de acceso al nuevo desarrollo","robots":{"index":"index","follow":"follow","max-snippet":"max-snippet:-1","max-image-preview":"max-image-preview:large","max-video-preview":"max-video-preview:-1"},"canonical":"https:\/\/www.laguiadepamplona.com\/actualidad\/gerencia-de-urbanismo-conocera-el-miercoles-el-fin-de-la-obra-en-la-ladera-junto-a-las-casas-de-soto-de-lezkairu-que-ha-creado-dos-caminos-de-acceso-al-nuevo-desarrollo\/","og_locale":"es_ES","og_type":"article","og_title":"Gerencia de Urbanismo conocer\u00e1 el mi\u00e9rcoles el fin de la obra en la ladera junto a las casas de Soto de Lezkairu que ha creado dos caminos de acceso al nuevo desarrollo","og_description":"Los trabajos incluyen la plantaci\u00f3n de c\u00e9sped y arbustos y la dotaci\u00f3n de alumbrado p\u00fablico y mobiliario urbano","og_url":"https:\/\/www.laguiadepamplona.com\/actualidad\/gerencia-de-urbanismo-conocera-el-miercoles-el-fin-de-la-obra-en-la-ladera-junto-a-las-casas-de-soto-de-lezkairu-que-ha-creado-dos-caminos-de-acceso-al-nuevo-desarrollo\/","og_site_name":"La Gu\u00eda de Pamplona","article_publisher":"https:\/\/www.facebook.com\/laguiadepamplonacom-133175176762273\/?ref=hl","article_published_time":"2018-05-21T10:35:08+00:00","og_image":[{"width":900,"height":675,"url":"https:\/\/www.laguiadepamplona.com\/actualidad\/wp-content\/uploads\/2016\/11\/Ayto_Pamplona.jpg","type":"image\/jpeg"}],"author":"La Gu\u00eda de Pamplona","twitter_card":"summary_large_image","twitter_creator":"@LaGuiadPamplona","twitter_site":"@LaGuiadPamplona","twitter_misc":{"Escrito por":"La Gu\u00eda de Pamplona","Tiempo de lectura":"2 minutos"},"schema":{"@context":"https:\/\/schema.org","@graph":[{"@type":"Article","@id":"https:\/\/www.laguiadepamplona.com\/actualidad\/gerencia-de-urbanismo-conocera-el-miercoles-el-fin-de-la-obra-en-la-ladera-junto-a-las-casas-de-soto-de-lezkairu-que-ha-creado-dos-caminos-de-acceso-al-nuevo-desarrollo\/#article","isPartOf":{"@id":"https:\/\/www.laguiadepamplona.com\/actualidad\/gerencia-de-urbanismo-conocera-el-miercoles-el-fin-de-la-obra-en-la-ladera-junto-a-las-casas-de-soto-de-lezkairu-que-ha-creado-dos-caminos-de-acceso-al-nuevo-desarrollo\/"},"author":{"name":"La Gu\u00eda de Pamplona","@id":"https:\/\/www.laguiadepamplona.com\/actualidad\/#\/schema\/person\/efe887376f0213d4657c93adc50b1fdb"},"headline":"Gerencia de Urbanismo conocer\u00e1 el mi\u00e9rcoles el fin de la obra en la ladera junto a las casas de Soto de Lezkairu que ha creado dos caminos de acceso al nuevo desarrollo","datePublished":"2018-05-21T10:35:08+00:00","mainEntityOfPage":{"@id":"https:\/\/www.laguiadepamplona.com\/actualidad\/gerencia-de-urbanismo-conocera-el-miercoles-el-fin-de-la-obra-en-la-ladera-junto-a-las-casas-de-soto-de-lezkairu-que-ha-creado-dos-caminos-de-acceso-al-nuevo-desarrollo\/"},"wordCount":455,"commentCount":0,"publisher":{"@id":"https:\/\/www.laguiadepamplona.com\/actualidad\/#organization"},"image":{"@id":"https:\/\/www.laguiadepamplona.com\/actualidad\/gerencia-de-urbanismo-conocera-el-miercoles-el-fin-de-la-obra-en-la-ladera-junto-a-las-casas-de-soto-de-lezkairu-que-ha-creado-dos-caminos-de-acceso-al-nuevo-desarrollo\/#primaryimage"},"thumbnailUrl":"https:\/\/www.laguiadepamplona.com\/actualidad\/wp-content\/uploads\/2016\/11\/Ayto_Pamplona.jpg","articleSection":["Ayto Pamplona"],"inLanguage":"es","potentialAction":[{"@type":"CommentAction","name":"Comment","target":["https:\/\/www.laguiadepamplona.com\/actualidad\/gerencia-de-urbanismo-conocera-el-miercoles-el-fin-de-la-obra-en-la-ladera-junto-a-las-casas-de-soto-de-lezkairu-que-ha-creado-dos-caminos-de-acceso-al-nuevo-desarrollo\/#respond"]}]},{"@type":"WebPage","@id":"https:\/\/www.laguiadepamplona.com\/actualidad\/gerencia-de-urbanismo-conocera-el-miercoles-el-fin-de-la-obra-en-la-ladera-junto-a-las-casas-de-soto-de-lezkairu-que-ha-creado-dos-caminos-de-acceso-al-nuevo-desarrollo\/","url":"https:\/\/www.laguiadepamplona.com\/actualidad\/gerencia-de-urbanismo-conocera-el-miercoles-el-fin-de-la-obra-en-la-ladera-junto-a-las-casas-de-soto-de-lezkairu-que-ha-creado-dos-caminos-de-acceso-al-nuevo-desarrollo\/","name":"Gerencia de Urbanismo conocer\u00e1 el mi\u00e9rcoles el fin de la obra en la ladera junto a las casas de Soto de Lezkairu que ha creado dos caminos de acceso al nuevo desarrollo","isPartOf":{"@id":"https:\/\/www.laguiadepamplona.com\/actualidad\/#website"},"primaryImageOfPage":{"@id":"https:\/\/www.laguiadepamplona.com\/actualidad\/gerencia-de-urbanismo-conocera-el-miercoles-el-fin-de-la-obra-en-la-ladera-junto-a-las-casas-de-soto-de-lezkairu-que-ha-creado-dos-caminos-de-acceso-al-nuevo-desarrollo\/#primaryimage"},"image":{"@id":"https:\/\/www.laguiadepamplona.com\/actualidad\/gerencia-de-urbanismo-conocera-el-miercoles-el-fin-de-la-obra-en-la-ladera-junto-a-las-casas-de-soto-de-lezkairu-que-ha-creado-dos-caminos-de-acceso-al-nuevo-desarrollo\/#primaryimage"},"thumbnailUrl":"https:\/\/www.laguiadepamplona.com\/actualidad\/wp-content\/uploads\/2016\/11\/Ayto_Pamplona.jpg","datePublished":"2018-05-21T10:35:08+00:00","breadcrumb":{"@id":"https:\/\/www.laguiadepamplona.com\/actualidad\/gerencia-de-urbanismo-conocera-el-miercoles-el-fin-de-la-obra-en-la-ladera-junto-a-las-casas-de-soto-de-lezkairu-que-ha-creado-dos-caminos-de-acceso-al-nuevo-desarrollo\/#breadcrumb"},"inLanguage":"es","potentialAction":[{"@type":"ReadAction","target":["https:\/\/www.laguiadepamplona.com\/actualidad\/gerencia-de-urbanismo-conocera-el-miercoles-el-fin-de-la-obra-en-la-ladera-junto-a-las-casas-de-soto-de-lezkairu-que-ha-creado-dos-caminos-de-acceso-al-nuevo-desarrollo\/"]}]},{"@type":"ImageObject","inLanguage":"es","@id":"https:\/\/www.laguiadepamplona.com\/actualidad\/gerencia-de-urbanismo-conocera-el-miercoles-el-fin-de-la-obra-en-la-ladera-junto-a-las-casas-de-soto-de-lezkairu-que-ha-creado-dos-caminos-de-acceso-al-nuevo-desarrollo\/#primaryimage","url":"https:\/\/www.laguiadepamplona.com\/actualidad\/wp-content\/uploads\/2016\/11\/Ayto_Pamplona.jpg","contentUrl":"https:\/\/www.laguiadepamplona.com\/actualidad\/wp-content\/uploads\/2016\/11\/Ayto_Pamplona.jpg","width":900,"height":675},{"@type":"BreadcrumbList","@id":"https:\/\/www.laguiadepamplona.com\/actualidad\/gerencia-de-urbanismo-conocera-el-miercoles-el-fin-de-la-obra-en-la-ladera-junto-a-las-casas-de-soto-de-lezkairu-que-ha-creado-dos-caminos-de-acceso-al-nuevo-desarrollo\/#breadcrumb","itemListElement":[{"@type":"ListItem","position":1,"name":"Portada","item":"https:\/\/www.laguiadepamplona.com\/actualidad\/"},{"@type":"ListItem","position":2,"name":"Gerencia de Urbanismo conocer\u00e1 el mi\u00e9rcoles el fin de la obra en la ladera junto a las casas de Soto de Lezkairu que ha creado dos caminos de acceso al nuevo desarrollo"}]},{"@type":"WebSite","@id":"https:\/\/www.laguiadepamplona.com\/actualidad\/#website","url":"https:\/\/www.laguiadepamplona.com\/actualidad\/","name":"La gu\u00eda de Pamplona","description":"Noticias de Pamplona","publisher":{"@id":"https:\/\/www.laguiadepamplona.com\/actualidad\/#organization"},"potentialAction":[{"@type":"SearchAction","target":{"@type":"EntryPoint","urlTemplate":"https:\/\/www.laguiadepamplona.com\/actualidad\/?s={search_term_string}"},"query-input":{"@type":"PropertyValueSpecification","valueRequired":true,"valueName":"search_term_string"}}],"inLanguage":"es"},{"@type":"Organization","@id":"https:\/\/www.laguiadepamplona.com\/actualidad\/#organization","name":"La Gu\u00eda de Pamplona \/ Noticias","url":"https:\/\/www.laguiadepamplona.com\/actualidad\/","logo":{"@type":"ImageObject","inLanguage":"es","@id":"https:\/\/www.laguiadepamplona.com\/actualidad\/#\/schema\/logo\/image\/","url":"https:\/\/www.laguiadepamplona.com\/actualidad\/wp-content\/uploads\/2018\/11\/logo-laguiadepamplona18-web1.png","contentUrl":"https:\/\/www.laguiadepamplona.com\/actualidad\/wp-content\/uploads\/2018\/11\/logo-laguiadepamplona18-web1.png","width":600,"height":196,"caption":"La Gu\u00eda de Pamplona \/ Noticias"},"image":{"@id":"https:\/\/www.laguiadepamplona.com\/actualidad\/#\/schema\/logo\/image\/"},"sameAs":["https:\/\/www.facebook.com\/laguiadepamplonacom-133175176762273\/?ref=hl","https:\/\/x.com\/LaGuiadPamplona","https:\/\/www.instagram.com\/la_guia_de_pamplona\/","https:\/\/www.youtube.com\/user\/laguiadepamplona"]},{"@type":"Person","@id":"https:\/\/www.laguiadepamplona.com\/actualidad\/#\/schema\/person\/efe887376f0213d4657c93adc50b1fdb","name":"La Gu\u00eda de Pamplona","image":{"@type":"ImageObject","inLanguage":"es","@id":"https:\/\/secure.gravatar.com\/avatar\/b6992f131dc8d30ab0dff15446e9d346d9dbd95992de0fef795073f5ea83a81c?s=96&d=mm&r=g","url":"https:\/\/secure.gravatar.com\/avatar\/b6992f131dc8d30ab0dff15446e9d346d9dbd95992de0fef795073f5ea83a81c?s=96&d=mm&r=g","contentUrl":"https:\/\/secure.gravatar.com\/avatar\/b6992f131dc8d30ab0dff15446e9d346d9dbd95992de0fef795073f5ea83a81c?s=96&d=mm&r=g","caption":"La Gu\u00eda de Pamplona"}}]}},"post_mailing_queue_ids":[],"_links":{"self":[{"href":"https:\/\/www.laguiadepamplona.com\/actualidad\/wp-json\/wp\/v2\/posts\/17472","targetHints":{"allow":["GET"]}}],"collection":[{"href":"https:\/\/www.laguiadepamplona.com\/actualidad\/wp-json\/wp\/v2\/posts"}],"about":[{"href":"https:\/\/www.laguiadepamplona.com\/actualidad\/wp-json\/wp\/v2\/types\/post"}],"author":[{"embeddable":true,"href":"https:\/\/www.laguiadepamplona.com\/actualidad\/wp-json\/wp\/v2\/users\/1"}],"replies":[{"embeddable":true,"href":"https:\/\/www.laguiadepamplona.com\/actualidad\/wp-json\/wp\/v2\/comments?post=17472"}],"version-history":[{"count":0,"href":"https:\/\/www.laguiadepamplona.com\/actualidad\/wp-json\/wp\/v2\/posts\/17472\/revisions"}],"wp:featuredmedia":[{"embeddable":true,"href":"https:\/\/www.laguiadepamplona.com\/actualidad\/wp-json\/wp\/v2\/media\/10979"}],"wp:attachment":[{"href":"https:\/\/www.laguiadepamplona.com\/actualidad\/wp-json\/wp\/v2\/media?parent=17472"}],"wp:term":[{"taxonomy":"category","embeddable":true,"href":"https:\/\/www.laguiadepamplona.com\/actualidad\/wp-json\/wp\/v2\/categories?post=17472"},{"taxonomy":"post_tag","embeddable":true,"href":"https:\/\/www.laguiadepamplona.com\/actualidad\/wp-json\/wp\/v2\/tags?post=17472"}],"curies":[{"name":"wp","href":"https:\/\/api.w.org\/{rel}","templated":true}]}}