{"id":17450,"date":"2018-05-18T14:45:01","date_gmt":"2018-05-18T13:45:01","guid":{"rendered":"http:\/\/laguiadepamplona.es\/actualidad\/?p=17450"},"modified":"2018-05-18T14:45:01","modified_gmt":"2018-05-18T13:45:01","slug":"firmado-el-convenio-entre-escuelas-infantiles-e-intia-para-seguir-colaborando-en-el-proyecto-de-alimentacion-hemengoak-de-aqui-que-se-lleva-a-cabo-en-los-centros","status":"publish","type":"post","link":"https:\/\/www.laguiadepamplona.com\/actualidad\/firmado-el-convenio-entre-escuelas-infantiles-e-intia-para-seguir-colaborando-en-el-proyecto-de-alimentacion-hemengoak-de-aqui-que-se-lleva-a-cabo-en-los-centros\/","title":{"rendered":"Firmado el convenio entre Escuelas Infantiles e INTIA para seguir colaborando en el proyecto de alimentaci\u00f3n \u2018Hemengoak \u2013 De aqu\u00ed\u2019, que se lleva a cabo en los centros"},"content":{"rendered":"<h3>La Fundaci\u00f3n Daniel &amp; Nina Carasso ha concedido una subvenci\u00f3n de 20.000 euros a INTIA para potenciar el proyecto seis meses m\u00e1s<\/h3>\n<p><!--more--><\/p>\n<p>La presidenta del organismo aut\u00f3nomo Escuelas Infantiles Municipales de Pamplona y concejala delegada de Cultura y Educaci\u00f3n, Maider Beloki, y el gerente de INTIA, Juan Manuel Intxaurrandieta, han firmado esta ma\u00f1ana un convenio para aplicar mantener la colaboraci\u00f3n de ambas instituciones en el proyecto de alimentaci\u00f3n y men\u00fas sostenibles \u2018Hemengoak \u2013 De aqu\u00ed\u2019. Se trata, en concreto, de aplicar la ayuda de 20.000 euros concedida a INTIA por la Fundaci\u00f3n Daniel &amp; Nina Carasso para potenciar ese programa de las escuelas infantiles.<\/p>\n<p>El Instituto Navarro de Tecnolog\u00edas e Infraestructuras Agroalimentarias S.A. (INTIA) se compromete a destinar esos 20.00 euros a poner en marcha y ejecutar una asistencia que pueda realizar las funciones de coordinaci\u00f3n de las cocinas las escuelas infantiles durante seis meses para seguir desarrollando el proyecto de men\u00fas sostenibles \u2018Hemengoak \u2013 De aqu\u00ed\u2019 es un programa que el Ayuntamiento de Pamplona puso en marcha en 2016 con diferentes actuaciones y estrategias tendentes a un sistema de alimentaci\u00f3n basada en productos ecol\u00f3gicos, de cercan\u00eda, frescos, de temporada y directamente adquiridos a los productores y productoras. Una de esas acciones tiene que ver con la transformaci\u00f3n de los men\u00fas de las escuelas infantiles municipales.<\/p>\n<p>Con este convenio firmado, Escuelas Infantiles se compromete a posibilidad que el personal profesional designado por INTIA pueda tener acceso a las cocinas de los centros para desarrollar las funciones necesarias de cara al fortalecimiento del programa. INTIA ya se encarg\u00f3 de elaborar, mediante un contrato de asistencia t\u00e9cnica en 2016, un modelo de trabajo que est\u00e1 permitiendo mejorar la calidad y la sostenibilidad del servicio de alimentaci\u00f3n en las escuelas infantiles municipales de Pamplona.<\/p>\n<p>&nbsp;<\/p>\n","protected":false},"excerpt":{"rendered":"<p>La Fundaci\u00f3n Daniel &amp; Nina Carasso ha concedido una subvenci\u00f3n de 20.000 euros a INTIA para potenciar el proyecto seis meses m\u00e1s<\/p>\n","protected":false},"author":1,"featured_media":17451,"comment_status":"open","ping_status":"closed","sticky":false,"template":"","format":"standard","meta":{"footnotes":""},"categories":[2],"tags":[],"class_list":["post-17450","post","type-post","status-publish","format-standard","has-post-thumbnail","hentry","category-ayuntamiento-pamplona"],"yoast_head":"<!-- This site is optimized with the Yoast SEO plugin v27.3 - https:\/\/yoast.com\/product\/yoast-seo-wordpress\/ -->\n<title>Firmado el convenio entre Escuelas Infantiles e INTIA para seguir colaborando en el proyecto de alimentaci\u00f3n \u2018Hemengoak \u2013 De aqu\u00ed\u2019, que se lleva a cabo en los centros<\/title>\n<meta name=\"robots\" content=\"index, follow, max-snippet:-1, max-image-preview:large, max-video-preview:-1\" \/>\n<link rel=\"canonical\" href=\"https:\/\/www.laguiadepamplona.com\/actualidad\/firmado-el-convenio-entre-escuelas-infantiles-e-intia-para-seguir-colaborando-en-el-proyecto-de-alimentacion-hemengoak-de-aqui-que-se-lleva-a-cabo-en-los-centros\/\" \/>\n<meta property=\"og:locale\" content=\"es_ES\" \/>\n<meta property=\"og:type\" content=\"article\" \/>\n<meta property=\"og:title\" content=\"Firmado el convenio entre Escuelas Infantiles e INTIA para seguir colaborando en el proyecto de alimentaci\u00f3n \u2018Hemengoak \u2013 De aqu\u00ed\u2019, que se lleva a cabo en los centros\" \/>\n<meta property=\"og:description\" content=\"La Fundaci\u00f3n Daniel &amp; Nina Carasso ha concedido una subvenci\u00f3n de 20.000 euros a INTIA para potenciar el proyecto seis meses m\u00e1s\" \/>\n<meta property=\"og:url\" content=\"https:\/\/www.laguiadepamplona.com\/actualidad\/firmado-el-convenio-entre-escuelas-infantiles-e-intia-para-seguir-colaborando-en-el-proyecto-de-alimentacion-hemengoak-de-aqui-que-se-lleva-a-cabo-en-los-centros\/\" \/>\n<meta property=\"og:site_name\" content=\"La Gu\u00eda de Pamplona\" \/>\n<meta property=\"article:publisher\" content=\"https:\/\/www.facebook.com\/laguiadepamplonacom-133175176762273\/?ref=hl\" \/>\n<meta property=\"article:published_time\" content=\"2018-05-18T13:45:01+00:00\" \/>\n<meta property=\"og:image\" content=\"https:\/\/www.laguiadepamplona.com\/actualidad\/wp-content\/uploads\/2018\/05\/18.05.18_firma_convenio_intia.jpg\" \/>\n\t<meta property=\"og:image:width\" content=\"1000\" \/>\n\t<meta property=\"og:image:height\" content=\"667\" \/>\n\t<meta property=\"og:image:type\" content=\"image\/jpeg\" \/>\n<meta name=\"author\" content=\"La Gu\u00eda de Pamplona\" \/>\n<meta name=\"twitter:card\" content=\"summary_large_image\" \/>\n<meta name=\"twitter:creator\" content=\"@LaGuiadPamplona\" \/>\n<meta name=\"twitter:site\" content=\"@LaGuiadPamplona\" \/>\n<meta name=\"twitter:label1\" content=\"Escrito por\" \/>\n\t<meta name=\"twitter:data1\" content=\"La Gu\u00eda de Pamplona\" \/>\n\t<meta name=\"twitter:label2\" content=\"Tiempo de lectura\" \/>\n\t<meta name=\"twitter:data2\" content=\"2 minutos\" \/>\n<script type=\"application\/ld+json\" class=\"yoast-schema-graph\">{\"@context\":\"https:\\\/\\\/schema.org\",\"@graph\":[{\"@type\":\"Article\",\"@id\":\"https:\\\/\\\/www.laguiadepamplona.com\\\/actualidad\\\/firmado-el-convenio-entre-escuelas-infantiles-e-intia-para-seguir-colaborando-en-el-proyecto-de-alimentacion-hemengoak-de-aqui-que-se-lleva-a-cabo-en-los-centros\\\/#article\",\"isPartOf\":{\"@id\":\"https:\\\/\\\/www.laguiadepamplona.com\\\/actualidad\\\/firmado-el-convenio-entre-escuelas-infantiles-e-intia-para-seguir-colaborando-en-el-proyecto-de-alimentacion-hemengoak-de-aqui-que-se-lleva-a-cabo-en-los-centros\\\/\"},\"author\":{\"name\":\"La Gu\u00eda de Pamplona\",\"@id\":\"https:\\\/\\\/www.laguiadepamplona.com\\\/actualidad\\\/#\\\/schema\\\/person\\\/efe887376f0213d4657c93adc50b1fdb\"},\"headline\":\"Firmado el convenio entre Escuelas Infantiles e INTIA para seguir colaborando en el proyecto de alimentaci\u00f3n \u2018Hemengoak \u2013 De aqu\u00ed\u2019, que se lleva a cabo en los centros\",\"datePublished\":\"2018-05-18T13:45:01+00:00\",\"mainEntityOfPage\":{\"@id\":\"https:\\\/\\\/www.laguiadepamplona.com\\\/actualidad\\\/firmado-el-convenio-entre-escuelas-infantiles-e-intia-para-seguir-colaborando-en-el-proyecto-de-alimentacion-hemengoak-de-aqui-que-se-lleva-a-cabo-en-los-centros\\\/\"},\"wordCount\":334,\"commentCount\":0,\"publisher\":{\"@id\":\"https:\\\/\\\/www.laguiadepamplona.com\\\/actualidad\\\/#organization\"},\"image\":{\"@id\":\"https:\\\/\\\/www.laguiadepamplona.com\\\/actualidad\\\/firmado-el-convenio-entre-escuelas-infantiles-e-intia-para-seguir-colaborando-en-el-proyecto-de-alimentacion-hemengoak-de-aqui-que-se-lleva-a-cabo-en-los-centros\\\/#primaryimage\"},\"thumbnailUrl\":\"https:\\\/\\\/www.laguiadepamplona.com\\\/actualidad\\\/wp-content\\\/uploads\\\/2018\\\/05\\\/18.05.18_firma_convenio_intia.jpg\",\"articleSection\":[\"Ayto Pamplona\"],\"inLanguage\":\"es\",\"potentialAction\":[{\"@type\":\"CommentAction\",\"name\":\"Comment\",\"target\":[\"https:\\\/\\\/www.laguiadepamplona.com\\\/actualidad\\\/firmado-el-convenio-entre-escuelas-infantiles-e-intia-para-seguir-colaborando-en-el-proyecto-de-alimentacion-hemengoak-de-aqui-que-se-lleva-a-cabo-en-los-centros\\\/#respond\"]}]},{\"@type\":\"WebPage\",\"@id\":\"https:\\\/\\\/www.laguiadepamplona.com\\\/actualidad\\\/firmado-el-convenio-entre-escuelas-infantiles-e-intia-para-seguir-colaborando-en-el-proyecto-de-alimentacion-hemengoak-de-aqui-que-se-lleva-a-cabo-en-los-centros\\\/\",\"url\":\"https:\\\/\\\/www.laguiadepamplona.com\\\/actualidad\\\/firmado-el-convenio-entre-escuelas-infantiles-e-intia-para-seguir-colaborando-en-el-proyecto-de-alimentacion-hemengoak-de-aqui-que-se-lleva-a-cabo-en-los-centros\\\/\",\"name\":\"Firmado el convenio entre Escuelas Infantiles e INTIA para seguir colaborando en el proyecto de alimentaci\u00f3n \u2018Hemengoak \u2013 De aqu\u00ed\u2019, que se lleva a cabo en los centros\",\"isPartOf\":{\"@id\":\"https:\\\/\\\/www.laguiadepamplona.com\\\/actualidad\\\/#website\"},\"primaryImageOfPage\":{\"@id\":\"https:\\\/\\\/www.laguiadepamplona.com\\\/actualidad\\\/firmado-el-convenio-entre-escuelas-infantiles-e-intia-para-seguir-colaborando-en-el-proyecto-de-alimentacion-hemengoak-de-aqui-que-se-lleva-a-cabo-en-los-centros\\\/#primaryimage\"},\"image\":{\"@id\":\"https:\\\/\\\/www.laguiadepamplona.com\\\/actualidad\\\/firmado-el-convenio-entre-escuelas-infantiles-e-intia-para-seguir-colaborando-en-el-proyecto-de-alimentacion-hemengoak-de-aqui-que-se-lleva-a-cabo-en-los-centros\\\/#primaryimage\"},\"thumbnailUrl\":\"https:\\\/\\\/www.laguiadepamplona.com\\\/actualidad\\\/wp-content\\\/uploads\\\/2018\\\/05\\\/18.05.18_firma_convenio_intia.jpg\",\"datePublished\":\"2018-05-18T13:45:01+00:00\",\"breadcrumb\":{\"@id\":\"https:\\\/\\\/www.laguiadepamplona.com\\\/actualidad\\\/firmado-el-convenio-entre-escuelas-infantiles-e-intia-para-seguir-colaborando-en-el-proyecto-de-alimentacion-hemengoak-de-aqui-que-se-lleva-a-cabo-en-los-centros\\\/#breadcrumb\"},\"inLanguage\":\"es\",\"potentialAction\":[{\"@type\":\"ReadAction\",\"target\":[\"https:\\\/\\\/www.laguiadepamplona.com\\\/actualidad\\\/firmado-el-convenio-entre-escuelas-infantiles-e-intia-para-seguir-colaborando-en-el-proyecto-de-alimentacion-hemengoak-de-aqui-que-se-lleva-a-cabo-en-los-centros\\\/\"]}]},{\"@type\":\"ImageObject\",\"inLanguage\":\"es\",\"@id\":\"https:\\\/\\\/www.laguiadepamplona.com\\\/actualidad\\\/firmado-el-convenio-entre-escuelas-infantiles-e-intia-para-seguir-colaborando-en-el-proyecto-de-alimentacion-hemengoak-de-aqui-que-se-lleva-a-cabo-en-los-centros\\\/#primaryimage\",\"url\":\"https:\\\/\\\/www.laguiadepamplona.com\\\/actualidad\\\/wp-content\\\/uploads\\\/2018\\\/05\\\/18.05.18_firma_convenio_intia.jpg\",\"contentUrl\":\"https:\\\/\\\/www.laguiadepamplona.com\\\/actualidad\\\/wp-content\\\/uploads\\\/2018\\\/05\\\/18.05.18_firma_convenio_intia.jpg\",\"width\":1000,\"height\":667},{\"@type\":\"BreadcrumbList\",\"@id\":\"https:\\\/\\\/www.laguiadepamplona.com\\\/actualidad\\\/firmado-el-convenio-entre-escuelas-infantiles-e-intia-para-seguir-colaborando-en-el-proyecto-de-alimentacion-hemengoak-de-aqui-que-se-lleva-a-cabo-en-los-centros\\\/#breadcrumb\",\"itemListElement\":[{\"@type\":\"ListItem\",\"position\":1,\"name\":\"Portada\",\"item\":\"https:\\\/\\\/www.laguiadepamplona.com\\\/actualidad\\\/\"},{\"@type\":\"ListItem\",\"position\":2,\"name\":\"Firmado el convenio entre Escuelas Infantiles e INTIA para seguir colaborando en el proyecto de alimentaci\u00f3n \u2018Hemengoak \u2013 De aqu\u00ed\u2019, que se lleva a cabo en los centros\"}]},{\"@type\":\"WebSite\",\"@id\":\"https:\\\/\\\/www.laguiadepamplona.com\\\/actualidad\\\/#website\",\"url\":\"https:\\\/\\\/www.laguiadepamplona.com\\\/actualidad\\\/\",\"name\":\"La gu\u00eda de Pamplona\",\"description\":\"Noticias de Pamplona\",\"publisher\":{\"@id\":\"https:\\\/\\\/www.laguiadepamplona.com\\\/actualidad\\\/#organization\"},\"potentialAction\":[{\"@type\":\"SearchAction\",\"target\":{\"@type\":\"EntryPoint\",\"urlTemplate\":\"https:\\\/\\\/www.laguiadepamplona.com\\\/actualidad\\\/?s={search_term_string}\"},\"query-input\":{\"@type\":\"PropertyValueSpecification\",\"valueRequired\":true,\"valueName\":\"search_term_string\"}}],\"inLanguage\":\"es\"},{\"@type\":\"Organization\",\"@id\":\"https:\\\/\\\/www.laguiadepamplona.com\\\/actualidad\\\/#organization\",\"name\":\"La Gu\u00eda de Pamplona \\\/ Noticias\",\"url\":\"https:\\\/\\\/www.laguiadepamplona.com\\\/actualidad\\\/\",\"logo\":{\"@type\":\"ImageObject\",\"inLanguage\":\"es\",\"@id\":\"https:\\\/\\\/www.laguiadepamplona.com\\\/actualidad\\\/#\\\/schema\\\/logo\\\/image\\\/\",\"url\":\"https:\\\/\\\/www.laguiadepamplona.com\\\/actualidad\\\/wp-content\\\/uploads\\\/2018\\\/11\\\/logo-laguiadepamplona18-web1.png\",\"contentUrl\":\"https:\\\/\\\/www.laguiadepamplona.com\\\/actualidad\\\/wp-content\\\/uploads\\\/2018\\\/11\\\/logo-laguiadepamplona18-web1.png\",\"width\":600,\"height\":196,\"caption\":\"La Gu\u00eda de Pamplona \\\/ Noticias\"},\"image\":{\"@id\":\"https:\\\/\\\/www.laguiadepamplona.com\\\/actualidad\\\/#\\\/schema\\\/logo\\\/image\\\/\"},\"sameAs\":[\"https:\\\/\\\/www.facebook.com\\\/laguiadepamplonacom-133175176762273\\\/?ref=hl\",\"https:\\\/\\\/x.com\\\/LaGuiadPamplona\",\"https:\\\/\\\/www.instagram.com\\\/la_guia_de_pamplona\\\/\",\"https:\\\/\\\/www.youtube.com\\\/user\\\/laguiadepamplona\"]},{\"@type\":\"Person\",\"@id\":\"https:\\\/\\\/www.laguiadepamplona.com\\\/actualidad\\\/#\\\/schema\\\/person\\\/efe887376f0213d4657c93adc50b1fdb\",\"name\":\"La Gu\u00eda de Pamplona\",\"image\":{\"@type\":\"ImageObject\",\"inLanguage\":\"es\",\"@id\":\"https:\\\/\\\/secure.gravatar.com\\\/avatar\\\/b6992f131dc8d30ab0dff15446e9d346d9dbd95992de0fef795073f5ea83a81c?s=96&d=mm&r=g\",\"url\":\"https:\\\/\\\/secure.gravatar.com\\\/avatar\\\/b6992f131dc8d30ab0dff15446e9d346d9dbd95992de0fef795073f5ea83a81c?s=96&d=mm&r=g\",\"contentUrl\":\"https:\\\/\\\/secure.gravatar.com\\\/avatar\\\/b6992f131dc8d30ab0dff15446e9d346d9dbd95992de0fef795073f5ea83a81c?s=96&d=mm&r=g\",\"caption\":\"La Gu\u00eda de Pamplona\"}}]}<\/script>\n<!-- \/ Yoast SEO plugin. -->","yoast_head_json":{"title":"Firmado el convenio entre Escuelas Infantiles e INTIA para seguir colaborando en el proyecto de alimentaci\u00f3n \u2018Hemengoak \u2013 De aqu\u00ed\u2019, que se lleva a cabo en los centros","robots":{"index":"index","follow":"follow","max-snippet":"max-snippet:-1","max-image-preview":"max-image-preview:large","max-video-preview":"max-video-preview:-1"},"canonical":"https:\/\/www.laguiadepamplona.com\/actualidad\/firmado-el-convenio-entre-escuelas-infantiles-e-intia-para-seguir-colaborando-en-el-proyecto-de-alimentacion-hemengoak-de-aqui-que-se-lleva-a-cabo-en-los-centros\/","og_locale":"es_ES","og_type":"article","og_title":"Firmado el convenio entre Escuelas Infantiles e INTIA para seguir colaborando en el proyecto de alimentaci\u00f3n \u2018Hemengoak \u2013 De aqu\u00ed\u2019, que se lleva a cabo en los centros","og_description":"La Fundaci\u00f3n Daniel &amp; Nina Carasso ha concedido una subvenci\u00f3n de 20.000 euros a INTIA para potenciar el proyecto seis meses m\u00e1s","og_url":"https:\/\/www.laguiadepamplona.com\/actualidad\/firmado-el-convenio-entre-escuelas-infantiles-e-intia-para-seguir-colaborando-en-el-proyecto-de-alimentacion-hemengoak-de-aqui-que-se-lleva-a-cabo-en-los-centros\/","og_site_name":"La Gu\u00eda de Pamplona","article_publisher":"https:\/\/www.facebook.com\/laguiadepamplonacom-133175176762273\/?ref=hl","article_published_time":"2018-05-18T13:45:01+00:00","og_image":[{"width":1000,"height":667,"url":"https:\/\/www.laguiadepamplona.com\/actualidad\/wp-content\/uploads\/2018\/05\/18.05.18_firma_convenio_intia.jpg","type":"image\/jpeg"}],"author":"La Gu\u00eda de Pamplona","twitter_card":"summary_large_image","twitter_creator":"@LaGuiadPamplona","twitter_site":"@LaGuiadPamplona","twitter_misc":{"Escrito por":"La Gu\u00eda de Pamplona","Tiempo de lectura":"2 minutos"},"schema":{"@context":"https:\/\/schema.org","@graph":[{"@type":"Article","@id":"https:\/\/www.laguiadepamplona.com\/actualidad\/firmado-el-convenio-entre-escuelas-infantiles-e-intia-para-seguir-colaborando-en-el-proyecto-de-alimentacion-hemengoak-de-aqui-que-se-lleva-a-cabo-en-los-centros\/#article","isPartOf":{"@id":"https:\/\/www.laguiadepamplona.com\/actualidad\/firmado-el-convenio-entre-escuelas-infantiles-e-intia-para-seguir-colaborando-en-el-proyecto-de-alimentacion-hemengoak-de-aqui-que-se-lleva-a-cabo-en-los-centros\/"},"author":{"name":"La Gu\u00eda de Pamplona","@id":"https:\/\/www.laguiadepamplona.com\/actualidad\/#\/schema\/person\/efe887376f0213d4657c93adc50b1fdb"},"headline":"Firmado el convenio entre Escuelas Infantiles e INTIA para seguir colaborando en el proyecto de alimentaci\u00f3n \u2018Hemengoak \u2013 De aqu\u00ed\u2019, que se lleva a cabo en los centros","datePublished":"2018-05-18T13:45:01+00:00","mainEntityOfPage":{"@id":"https:\/\/www.laguiadepamplona.com\/actualidad\/firmado-el-convenio-entre-escuelas-infantiles-e-intia-para-seguir-colaborando-en-el-proyecto-de-alimentacion-hemengoak-de-aqui-que-se-lleva-a-cabo-en-los-centros\/"},"wordCount":334,"commentCount":0,"publisher":{"@id":"https:\/\/www.laguiadepamplona.com\/actualidad\/#organization"},"image":{"@id":"https:\/\/www.laguiadepamplona.com\/actualidad\/firmado-el-convenio-entre-escuelas-infantiles-e-intia-para-seguir-colaborando-en-el-proyecto-de-alimentacion-hemengoak-de-aqui-que-se-lleva-a-cabo-en-los-centros\/#primaryimage"},"thumbnailUrl":"https:\/\/www.laguiadepamplona.com\/actualidad\/wp-content\/uploads\/2018\/05\/18.05.18_firma_convenio_intia.jpg","articleSection":["Ayto Pamplona"],"inLanguage":"es","potentialAction":[{"@type":"CommentAction","name":"Comment","target":["https:\/\/www.laguiadepamplona.com\/actualidad\/firmado-el-convenio-entre-escuelas-infantiles-e-intia-para-seguir-colaborando-en-el-proyecto-de-alimentacion-hemengoak-de-aqui-que-se-lleva-a-cabo-en-los-centros\/#respond"]}]},{"@type":"WebPage","@id":"https:\/\/www.laguiadepamplona.com\/actualidad\/firmado-el-convenio-entre-escuelas-infantiles-e-intia-para-seguir-colaborando-en-el-proyecto-de-alimentacion-hemengoak-de-aqui-que-se-lleva-a-cabo-en-los-centros\/","url":"https:\/\/www.laguiadepamplona.com\/actualidad\/firmado-el-convenio-entre-escuelas-infantiles-e-intia-para-seguir-colaborando-en-el-proyecto-de-alimentacion-hemengoak-de-aqui-que-se-lleva-a-cabo-en-los-centros\/","name":"Firmado el convenio entre Escuelas Infantiles e INTIA para seguir colaborando en el proyecto de alimentaci\u00f3n \u2018Hemengoak \u2013 De aqu\u00ed\u2019, que se lleva a cabo en los centros","isPartOf":{"@id":"https:\/\/www.laguiadepamplona.com\/actualidad\/#website"},"primaryImageOfPage":{"@id":"https:\/\/www.laguiadepamplona.com\/actualidad\/firmado-el-convenio-entre-escuelas-infantiles-e-intia-para-seguir-colaborando-en-el-proyecto-de-alimentacion-hemengoak-de-aqui-que-se-lleva-a-cabo-en-los-centros\/#primaryimage"},"image":{"@id":"https:\/\/www.laguiadepamplona.com\/actualidad\/firmado-el-convenio-entre-escuelas-infantiles-e-intia-para-seguir-colaborando-en-el-proyecto-de-alimentacion-hemengoak-de-aqui-que-se-lleva-a-cabo-en-los-centros\/#primaryimage"},"thumbnailUrl":"https:\/\/www.laguiadepamplona.com\/actualidad\/wp-content\/uploads\/2018\/05\/18.05.18_firma_convenio_intia.jpg","datePublished":"2018-05-18T13:45:01+00:00","breadcrumb":{"@id":"https:\/\/www.laguiadepamplona.com\/actualidad\/firmado-el-convenio-entre-escuelas-infantiles-e-intia-para-seguir-colaborando-en-el-proyecto-de-alimentacion-hemengoak-de-aqui-que-se-lleva-a-cabo-en-los-centros\/#breadcrumb"},"inLanguage":"es","potentialAction":[{"@type":"ReadAction","target":["https:\/\/www.laguiadepamplona.com\/actualidad\/firmado-el-convenio-entre-escuelas-infantiles-e-intia-para-seguir-colaborando-en-el-proyecto-de-alimentacion-hemengoak-de-aqui-que-se-lleva-a-cabo-en-los-centros\/"]}]},{"@type":"ImageObject","inLanguage":"es","@id":"https:\/\/www.laguiadepamplona.com\/actualidad\/firmado-el-convenio-entre-escuelas-infantiles-e-intia-para-seguir-colaborando-en-el-proyecto-de-alimentacion-hemengoak-de-aqui-que-se-lleva-a-cabo-en-los-centros\/#primaryimage","url":"https:\/\/www.laguiadepamplona.com\/actualidad\/wp-content\/uploads\/2018\/05\/18.05.18_firma_convenio_intia.jpg","contentUrl":"https:\/\/www.laguiadepamplona.com\/actualidad\/wp-content\/uploads\/2018\/05\/18.05.18_firma_convenio_intia.jpg","width":1000,"height":667},{"@type":"BreadcrumbList","@id":"https:\/\/www.laguiadepamplona.com\/actualidad\/firmado-el-convenio-entre-escuelas-infantiles-e-intia-para-seguir-colaborando-en-el-proyecto-de-alimentacion-hemengoak-de-aqui-que-se-lleva-a-cabo-en-los-centros\/#breadcrumb","itemListElement":[{"@type":"ListItem","position":1,"name":"Portada","item":"https:\/\/www.laguiadepamplona.com\/actualidad\/"},{"@type":"ListItem","position":2,"name":"Firmado el convenio entre Escuelas Infantiles e INTIA para seguir colaborando en el proyecto de alimentaci\u00f3n \u2018Hemengoak \u2013 De aqu\u00ed\u2019, que se lleva a cabo en los centros"}]},{"@type":"WebSite","@id":"https:\/\/www.laguiadepamplona.com\/actualidad\/#website","url":"https:\/\/www.laguiadepamplona.com\/actualidad\/","name":"La gu\u00eda de Pamplona","description":"Noticias de Pamplona","publisher":{"@id":"https:\/\/www.laguiadepamplona.com\/actualidad\/#organization"},"potentialAction":[{"@type":"SearchAction","target":{"@type":"EntryPoint","urlTemplate":"https:\/\/www.laguiadepamplona.com\/actualidad\/?s={search_term_string}"},"query-input":{"@type":"PropertyValueSpecification","valueRequired":true,"valueName":"search_term_string"}}],"inLanguage":"es"},{"@type":"Organization","@id":"https:\/\/www.laguiadepamplona.com\/actualidad\/#organization","name":"La Gu\u00eda de Pamplona \/ Noticias","url":"https:\/\/www.laguiadepamplona.com\/actualidad\/","logo":{"@type":"ImageObject","inLanguage":"es","@id":"https:\/\/www.laguiadepamplona.com\/actualidad\/#\/schema\/logo\/image\/","url":"https:\/\/www.laguiadepamplona.com\/actualidad\/wp-content\/uploads\/2018\/11\/logo-laguiadepamplona18-web1.png","contentUrl":"https:\/\/www.laguiadepamplona.com\/actualidad\/wp-content\/uploads\/2018\/11\/logo-laguiadepamplona18-web1.png","width":600,"height":196,"caption":"La Gu\u00eda de Pamplona \/ Noticias"},"image":{"@id":"https:\/\/www.laguiadepamplona.com\/actualidad\/#\/schema\/logo\/image\/"},"sameAs":["https:\/\/www.facebook.com\/laguiadepamplonacom-133175176762273\/?ref=hl","https:\/\/x.com\/LaGuiadPamplona","https:\/\/www.instagram.com\/la_guia_de_pamplona\/","https:\/\/www.youtube.com\/user\/laguiadepamplona"]},{"@type":"Person","@id":"https:\/\/www.laguiadepamplona.com\/actualidad\/#\/schema\/person\/efe887376f0213d4657c93adc50b1fdb","name":"La Gu\u00eda de Pamplona","image":{"@type":"ImageObject","inLanguage":"es","@id":"https:\/\/secure.gravatar.com\/avatar\/b6992f131dc8d30ab0dff15446e9d346d9dbd95992de0fef795073f5ea83a81c?s=96&d=mm&r=g","url":"https:\/\/secure.gravatar.com\/avatar\/b6992f131dc8d30ab0dff15446e9d346d9dbd95992de0fef795073f5ea83a81c?s=96&d=mm&r=g","contentUrl":"https:\/\/secure.gravatar.com\/avatar\/b6992f131dc8d30ab0dff15446e9d346d9dbd95992de0fef795073f5ea83a81c?s=96&d=mm&r=g","caption":"La Gu\u00eda de Pamplona"}}]}},"post_mailing_queue_ids":[],"_links":{"self":[{"href":"https:\/\/www.laguiadepamplona.com\/actualidad\/wp-json\/wp\/v2\/posts\/17450","targetHints":{"allow":["GET"]}}],"collection":[{"href":"https:\/\/www.laguiadepamplona.com\/actualidad\/wp-json\/wp\/v2\/posts"}],"about":[{"href":"https:\/\/www.laguiadepamplona.com\/actualidad\/wp-json\/wp\/v2\/types\/post"}],"author":[{"embeddable":true,"href":"https:\/\/www.laguiadepamplona.com\/actualidad\/wp-json\/wp\/v2\/users\/1"}],"replies":[{"embeddable":true,"href":"https:\/\/www.laguiadepamplona.com\/actualidad\/wp-json\/wp\/v2\/comments?post=17450"}],"version-history":[{"count":0,"href":"https:\/\/www.laguiadepamplona.com\/actualidad\/wp-json\/wp\/v2\/posts\/17450\/revisions"}],"wp:featuredmedia":[{"embeddable":true,"href":"https:\/\/www.laguiadepamplona.com\/actualidad\/wp-json\/wp\/v2\/media\/17451"}],"wp:attachment":[{"href":"https:\/\/www.laguiadepamplona.com\/actualidad\/wp-json\/wp\/v2\/media?parent=17450"}],"wp:term":[{"taxonomy":"category","embeddable":true,"href":"https:\/\/www.laguiadepamplona.com\/actualidad\/wp-json\/wp\/v2\/categories?post=17450"},{"taxonomy":"post_tag","embeddable":true,"href":"https:\/\/www.laguiadepamplona.com\/actualidad\/wp-json\/wp\/v2\/tags?post=17450"}],"curies":[{"name":"wp","href":"https:\/\/api.w.org\/{rel}","templated":true}]}}