{"id":17446,"date":"2018-05-18T14:41:58","date_gmt":"2018-05-18T13:41:58","guid":{"rendered":"http:\/\/laguiadepamplona.es\/actualidad\/?p=17446"},"modified":"2018-05-18T14:41:58","modified_gmt":"2018-05-18T13:41:58","slug":"la-casa-de-la-juventud-presenta-este-sabado-desde-el-cerco-una-version-libre-de-las-danzas-de-la-muerte-medievales-con-el-grupo-de-teatro-la-clap","status":"publish","type":"post","link":"https:\/\/www.laguiadepamplona.com\/actualidad\/la-casa-de-la-juventud-presenta-este-sabado-desde-el-cerco-una-version-libre-de-las-danzas-de-la-muerte-medievales-con-el-grupo-de-teatro-la-clap\/","title":{"rendered":"La Casa de la Juventud presenta este s\u00e1bado \u2018Desde el cerco\u2019, una versi\u00f3n libre de las danzas de la muerte medievales con el grupo de teatro La Clap"},"content":{"rendered":"<h3>La actuaci\u00f3n es a las 19 horas y se reparten invitaciones desde media hora antes<\/h3>\n<p><!--more--><\/p>\n<p>La Casa de la Juventud presenta este s\u00e1bado, 19 de mayo, la obra \u2018Desde el cerco (Danza de la muerte)\u2019 de la mano del grupo de teatro La Clap. La actuaci\u00f3n es a las 19 horas. La entrada es libre y se repartir\u00e1n invitaciones desde media hora antes. Esta obra es, seg\u00fan su autor, una versi\u00f3n libre de las danzas de la muerte medievales. Como maestro de ceremonias, la muerte dialoga con los diferentes miembros de los estamentos de la sociedad, igual\u00e1ndolos a todos en su fatal destino. Entre cada escena una cofrad\u00eda de esqueletos, embozados en negras capas y portando banderas con tibias, los reclama al son de una melod\u00eda macabra. Es un intento de que el espectador recorra una navarra que ya no existe, de lamias y pastores que cuelgan el eguzkilore en las puertas de las casas.<\/p>\n<p>El grupo de teatro La Clap est\u00e1 formado en su mayor parte por miembros que proceden del Taller de Teatro Navarro Villoslada. Tras su paso por este centro escolar continuaron con su pasi\u00f3n a trav\u00e9s del teatro universitario. Tras su fundaci\u00f3n en 2004 montaron cl\u00e1sicos grecolatinos como \u2018C\u00e1sina\u2019 de Plauto, del Siglo de Oro \u2018Entremeses\u2019 de Su\u00e1rez de Deza, teatro contempor\u00e1neo con obras como \u2018Llama un inspector\u2019 de J.B. Priestley, \u2018Una gata sobre un tejado de zinc caliente\u2019 de Tennesse Williams y \u2018Central Park West\u2019 de Woody Allen (obra finalista de los Encuentros de J\u00f3venes Artistas Navarros 2010). Tras unos a\u00f1os sin actividad, han retomado la actividad del grupo.<\/p>\n<p><strong>Humor y drama en una ciudad en la que se ha instalado la muerte<\/strong><\/p>\n<p>\u2018Desde el cerco\u2019 est\u00e1 compuesta por escenas sueltas, personajes que se entrecruzan en una ciudad sitiada en la que se ha instalado la muerte y escena a escena va reclam\u00e1ndolos a todos: nobles y siervos, viejos y ni\u00f1os. As\u00ed aparecen personajes como reyes que lo pierden todo, mujeres que no tienen nada, compa\u00f1\u00edas de la legua, historias de fantasmas y milagros, guardias procaces, personas que se unen para lo extraordinario, amores que matan, sucesos que entremezclan espacios y tiempos, quema de brujas, viejas del caramelico&#8230; Humor y drama se desdibujan en un texto sin moralejas ni m\u00e1s pretensi\u00f3n que enfrentar al espectador con la risa y la emoci\u00f3n.<\/p>\n<p>Abre la obra una explicaci\u00f3n al p\u00fablico de los peligros que van a correr durante la representaci\u00f3n y de la gran verdad que porta: nada permanece, todo desaparece. Adem\u00e1s de la muerte, una de las constantes de la obra es la aparici\u00f3n de una pareja de guardia histriones, maleducados y corruptos que acompa\u00f1ar\u00e1n al espectador. Entre las escenas que podr\u00e1n verse el s\u00e1bado se encuentra la de la llegada a la ciudad de un misterioso augur, adivino y ciego, que precede al peor brote de peste que haya enfrentado la ciudad. Rodeada por murallas infranqueables y con sus puertas cerradas, los habitantes de este cerco se afanar\u00e1n por seguir viviendo.<\/p>\n<p><strong>El autor y director y la directora musical<\/strong><\/p>\n<p>Txemi Pejenaute (Pamplona, 1984). Licenciado en Comunicaci\u00f3n Audiovisual por la Universidad de Navarra en 2006, est\u00e1 diplomado en Gui\u00f3n Dram\u00e1tico y de Ficci\u00f3n. Ha trabajado de ayudante de direcci\u00f3n en la serie \u2018Cu\u00e9ntame c\u00f3mo pas\u00f3\u2019 compagin\u00e1ndolo con un puesto similar en obras de teatro de Juan Echanove, Pere Riera y Mag\u00fci Mira. Con esta \u00faltima ha seguido colaborando en montajes como \u2018Pluto\u2019 en el Festival de Teatro Cl\u00e1sico de M\u00e9rida, \u2018El Discurso del Rey\u2019 en el Teatro Espa\u00f1ol y \u2018Festen\u2019 en el Centro Dram\u00e1tico Nacional.<\/p>\n<p>La directora musical de \u2018Desde el cerco (Danza de la muerte)\u2019 es la pedagoga y cantante eslovaca Eva Cernanska. Est\u00e1 licenciada en Filolog\u00eda Inglesa y Did\u00e1ctica Musical especialidad en Piano, adem\u00e1s de graduarse en el Conservatorio en la especialidad de \u00f3rgano y m\u00fasica religiosa. Tras recibir con el Coro de C\u00e1mara Omnia premios internacionales como el GrandPrix of Nations en Riga, a su llegada a Navarra participa como cantante soprano en el Orfe\u00f3n Pamplon\u00e9s. Actualmente dirige en Burlada la academia de idiomas y m\u00fasica Tamtam.<\/p>\n<p>&nbsp;<\/p>\n<p><strong>\u2018Desde el cerco (Danza de la muerte)\u2019<\/strong><\/p>\n<ul>\n<li><strong>Reparto: <\/strong>Nerea Azn\u00e1rez, Eva Cernanska, Javier Ilund\u00e1in, Xabier Mont\u00f3n, Txemi Pejenaute y Francisco Schulz<\/li>\n<li><strong>Texto y direcci\u00f3n: <\/strong>Txemi Pejenaute<\/li>\n<li><strong>Direcci\u00f3n musical: <\/strong>Eva Cernanska<\/li>\n<li><strong>T\u00e9cnico y ayte. direcci\u00f3n: <\/strong>Gabriel Guerrero<\/li>\n<li><strong>Core\u00f3grafo: <\/strong>Ra\u00fal Unanua<\/li>\n<\/ul>\n<p>&nbsp;<\/p>\n","protected":false},"excerpt":{"rendered":"<p>La actuaci\u00f3n es a las 19 horas y se reparten invitaciones desde media hora antes<\/p>\n","protected":false},"author":1,"featured_media":13864,"comment_status":"open","ping_status":"closed","sticky":false,"template":"","format":"standard","meta":{"footnotes":""},"categories":[2],"tags":[],"class_list":["post-17446","post","type-post","status-publish","format-standard","has-post-thumbnail","hentry","category-ayuntamiento-pamplona"],"yoast_head":"<!-- This site is optimized with the Yoast SEO plugin v27.3 - https:\/\/yoast.com\/product\/yoast-seo-wordpress\/ -->\n<title>La Casa de la Juventud presenta este s\u00e1bado \u2018Desde el cerco\u2019, una versi\u00f3n libre de las danzas de la muerte medievales con el grupo de teatro La Clap<\/title>\n<meta name=\"robots\" content=\"index, follow, max-snippet:-1, max-image-preview:large, max-video-preview:-1\" \/>\n<link rel=\"canonical\" href=\"https:\/\/www.laguiadepamplona.com\/actualidad\/la-casa-de-la-juventud-presenta-este-sabado-desde-el-cerco-una-version-libre-de-las-danzas-de-la-muerte-medievales-con-el-grupo-de-teatro-la-clap\/\" \/>\n<meta property=\"og:locale\" content=\"es_ES\" \/>\n<meta property=\"og:type\" content=\"article\" \/>\n<meta property=\"og:title\" content=\"La Casa de la Juventud presenta este s\u00e1bado \u2018Desde el cerco\u2019, una versi\u00f3n libre de las danzas de la muerte medievales con el grupo de teatro La Clap\" \/>\n<meta property=\"og:description\" content=\"La actuaci\u00f3n es a las 19 horas y se reparten invitaciones desde media hora antes\" \/>\n<meta property=\"og:url\" content=\"https:\/\/www.laguiadepamplona.com\/actualidad\/la-casa-de-la-juventud-presenta-este-sabado-desde-el-cerco-una-version-libre-de-las-danzas-de-la-muerte-medievales-con-el-grupo-de-teatro-la-clap\/\" \/>\n<meta property=\"og:site_name\" content=\"La Gu\u00eda de Pamplona\" \/>\n<meta property=\"article:publisher\" content=\"https:\/\/www.facebook.com\/laguiadepamplonacom-133175176762273\/?ref=hl\" \/>\n<meta property=\"article:published_time\" content=\"2018-05-18T13:41:58+00:00\" \/>\n<meta property=\"og:image\" content=\"https:\/\/www.laguiadepamplona.com\/actualidad\/wp-content\/uploads\/2017\/08\/cada_dia_plan_juventud.jpg\" \/>\n\t<meta property=\"og:image:width\" content=\"1000\" \/>\n\t<meta property=\"og:image:height\" content=\"527\" \/>\n\t<meta property=\"og:image:type\" content=\"image\/jpeg\" \/>\n<meta name=\"author\" content=\"La Gu\u00eda de Pamplona\" \/>\n<meta name=\"twitter:card\" content=\"summary_large_image\" \/>\n<meta name=\"twitter:creator\" content=\"@LaGuiadPamplona\" \/>\n<meta name=\"twitter:site\" content=\"@LaGuiadPamplona\" \/>\n<meta name=\"twitter:label1\" content=\"Escrito por\" \/>\n\t<meta name=\"twitter:data1\" content=\"La Gu\u00eda de Pamplona\" \/>\n\t<meta name=\"twitter:label2\" content=\"Tiempo de lectura\" \/>\n\t<meta name=\"twitter:data2\" content=\"4 minutos\" \/>\n<script type=\"application\/ld+json\" class=\"yoast-schema-graph\">{\"@context\":\"https:\\\/\\\/schema.org\",\"@graph\":[{\"@type\":\"Article\",\"@id\":\"https:\\\/\\\/www.laguiadepamplona.com\\\/actualidad\\\/la-casa-de-la-juventud-presenta-este-sabado-desde-el-cerco-una-version-libre-de-las-danzas-de-la-muerte-medievales-con-el-grupo-de-teatro-la-clap\\\/#article\",\"isPartOf\":{\"@id\":\"https:\\\/\\\/www.laguiadepamplona.com\\\/actualidad\\\/la-casa-de-la-juventud-presenta-este-sabado-desde-el-cerco-una-version-libre-de-las-danzas-de-la-muerte-medievales-con-el-grupo-de-teatro-la-clap\\\/\"},\"author\":{\"name\":\"La Gu\u00eda de Pamplona\",\"@id\":\"https:\\\/\\\/www.laguiadepamplona.com\\\/actualidad\\\/#\\\/schema\\\/person\\\/efe887376f0213d4657c93adc50b1fdb\"},\"headline\":\"La Casa de la Juventud presenta este s\u00e1bado \u2018Desde el cerco\u2019, una versi\u00f3n libre de las danzas de la muerte medievales con el grupo de teatro La Clap\",\"datePublished\":\"2018-05-18T13:41:58+00:00\",\"mainEntityOfPage\":{\"@id\":\"https:\\\/\\\/www.laguiadepamplona.com\\\/actualidad\\\/la-casa-de-la-juventud-presenta-este-sabado-desde-el-cerco-una-version-libre-de-las-danzas-de-la-muerte-medievales-con-el-grupo-de-teatro-la-clap\\\/\"},\"wordCount\":803,\"commentCount\":0,\"publisher\":{\"@id\":\"https:\\\/\\\/www.laguiadepamplona.com\\\/actualidad\\\/#organization\"},\"image\":{\"@id\":\"https:\\\/\\\/www.laguiadepamplona.com\\\/actualidad\\\/la-casa-de-la-juventud-presenta-este-sabado-desde-el-cerco-una-version-libre-de-las-danzas-de-la-muerte-medievales-con-el-grupo-de-teatro-la-clap\\\/#primaryimage\"},\"thumbnailUrl\":\"https:\\\/\\\/www.laguiadepamplona.com\\\/actualidad\\\/wp-content\\\/uploads\\\/2017\\\/08\\\/cada_dia_plan_juventud.jpg\",\"articleSection\":[\"Ayto Pamplona\"],\"inLanguage\":\"es\",\"potentialAction\":[{\"@type\":\"CommentAction\",\"name\":\"Comment\",\"target\":[\"https:\\\/\\\/www.laguiadepamplona.com\\\/actualidad\\\/la-casa-de-la-juventud-presenta-este-sabado-desde-el-cerco-una-version-libre-de-las-danzas-de-la-muerte-medievales-con-el-grupo-de-teatro-la-clap\\\/#respond\"]}]},{\"@type\":\"WebPage\",\"@id\":\"https:\\\/\\\/www.laguiadepamplona.com\\\/actualidad\\\/la-casa-de-la-juventud-presenta-este-sabado-desde-el-cerco-una-version-libre-de-las-danzas-de-la-muerte-medievales-con-el-grupo-de-teatro-la-clap\\\/\",\"url\":\"https:\\\/\\\/www.laguiadepamplona.com\\\/actualidad\\\/la-casa-de-la-juventud-presenta-este-sabado-desde-el-cerco-una-version-libre-de-las-danzas-de-la-muerte-medievales-con-el-grupo-de-teatro-la-clap\\\/\",\"name\":\"La Casa de la Juventud presenta este s\u00e1bado \u2018Desde el cerco\u2019, una versi\u00f3n libre de las danzas de la muerte medievales con el grupo de teatro La Clap\",\"isPartOf\":{\"@id\":\"https:\\\/\\\/www.laguiadepamplona.com\\\/actualidad\\\/#website\"},\"primaryImageOfPage\":{\"@id\":\"https:\\\/\\\/www.laguiadepamplona.com\\\/actualidad\\\/la-casa-de-la-juventud-presenta-este-sabado-desde-el-cerco-una-version-libre-de-las-danzas-de-la-muerte-medievales-con-el-grupo-de-teatro-la-clap\\\/#primaryimage\"},\"image\":{\"@id\":\"https:\\\/\\\/www.laguiadepamplona.com\\\/actualidad\\\/la-casa-de-la-juventud-presenta-este-sabado-desde-el-cerco-una-version-libre-de-las-danzas-de-la-muerte-medievales-con-el-grupo-de-teatro-la-clap\\\/#primaryimage\"},\"thumbnailUrl\":\"https:\\\/\\\/www.laguiadepamplona.com\\\/actualidad\\\/wp-content\\\/uploads\\\/2017\\\/08\\\/cada_dia_plan_juventud.jpg\",\"datePublished\":\"2018-05-18T13:41:58+00:00\",\"breadcrumb\":{\"@id\":\"https:\\\/\\\/www.laguiadepamplona.com\\\/actualidad\\\/la-casa-de-la-juventud-presenta-este-sabado-desde-el-cerco-una-version-libre-de-las-danzas-de-la-muerte-medievales-con-el-grupo-de-teatro-la-clap\\\/#breadcrumb\"},\"inLanguage\":\"es\",\"potentialAction\":[{\"@type\":\"ReadAction\",\"target\":[\"https:\\\/\\\/www.laguiadepamplona.com\\\/actualidad\\\/la-casa-de-la-juventud-presenta-este-sabado-desde-el-cerco-una-version-libre-de-las-danzas-de-la-muerte-medievales-con-el-grupo-de-teatro-la-clap\\\/\"]}]},{\"@type\":\"ImageObject\",\"inLanguage\":\"es\",\"@id\":\"https:\\\/\\\/www.laguiadepamplona.com\\\/actualidad\\\/la-casa-de-la-juventud-presenta-este-sabado-desde-el-cerco-una-version-libre-de-las-danzas-de-la-muerte-medievales-con-el-grupo-de-teatro-la-clap\\\/#primaryimage\",\"url\":\"https:\\\/\\\/www.laguiadepamplona.com\\\/actualidad\\\/wp-content\\\/uploads\\\/2017\\\/08\\\/cada_dia_plan_juventud.jpg\",\"contentUrl\":\"https:\\\/\\\/www.laguiadepamplona.com\\\/actualidad\\\/wp-content\\\/uploads\\\/2017\\\/08\\\/cada_dia_plan_juventud.jpg\",\"width\":1000,\"height\":527},{\"@type\":\"BreadcrumbList\",\"@id\":\"https:\\\/\\\/www.laguiadepamplona.com\\\/actualidad\\\/la-casa-de-la-juventud-presenta-este-sabado-desde-el-cerco-una-version-libre-de-las-danzas-de-la-muerte-medievales-con-el-grupo-de-teatro-la-clap\\\/#breadcrumb\",\"itemListElement\":[{\"@type\":\"ListItem\",\"position\":1,\"name\":\"Portada\",\"item\":\"https:\\\/\\\/www.laguiadepamplona.com\\\/actualidad\\\/\"},{\"@type\":\"ListItem\",\"position\":2,\"name\":\"La Casa de la Juventud presenta este s\u00e1bado \u2018Desde el cerco\u2019, una versi\u00f3n libre de las danzas de la muerte medievales con el grupo de teatro La Clap\"}]},{\"@type\":\"WebSite\",\"@id\":\"https:\\\/\\\/www.laguiadepamplona.com\\\/actualidad\\\/#website\",\"url\":\"https:\\\/\\\/www.laguiadepamplona.com\\\/actualidad\\\/\",\"name\":\"La gu\u00eda de Pamplona\",\"description\":\"Noticias de Pamplona\",\"publisher\":{\"@id\":\"https:\\\/\\\/www.laguiadepamplona.com\\\/actualidad\\\/#organization\"},\"potentialAction\":[{\"@type\":\"SearchAction\",\"target\":{\"@type\":\"EntryPoint\",\"urlTemplate\":\"https:\\\/\\\/www.laguiadepamplona.com\\\/actualidad\\\/?s={search_term_string}\"},\"query-input\":{\"@type\":\"PropertyValueSpecification\",\"valueRequired\":true,\"valueName\":\"search_term_string\"}}],\"inLanguage\":\"es\"},{\"@type\":\"Organization\",\"@id\":\"https:\\\/\\\/www.laguiadepamplona.com\\\/actualidad\\\/#organization\",\"name\":\"La Gu\u00eda de Pamplona \\\/ Noticias\",\"url\":\"https:\\\/\\\/www.laguiadepamplona.com\\\/actualidad\\\/\",\"logo\":{\"@type\":\"ImageObject\",\"inLanguage\":\"es\",\"@id\":\"https:\\\/\\\/www.laguiadepamplona.com\\\/actualidad\\\/#\\\/schema\\\/logo\\\/image\\\/\",\"url\":\"https:\\\/\\\/www.laguiadepamplona.com\\\/actualidad\\\/wp-content\\\/uploads\\\/2018\\\/11\\\/logo-laguiadepamplona18-web1.png\",\"contentUrl\":\"https:\\\/\\\/www.laguiadepamplona.com\\\/actualidad\\\/wp-content\\\/uploads\\\/2018\\\/11\\\/logo-laguiadepamplona18-web1.png\",\"width\":600,\"height\":196,\"caption\":\"La Gu\u00eda de Pamplona \\\/ Noticias\"},\"image\":{\"@id\":\"https:\\\/\\\/www.laguiadepamplona.com\\\/actualidad\\\/#\\\/schema\\\/logo\\\/image\\\/\"},\"sameAs\":[\"https:\\\/\\\/www.facebook.com\\\/laguiadepamplonacom-133175176762273\\\/?ref=hl\",\"https:\\\/\\\/x.com\\\/LaGuiadPamplona\",\"https:\\\/\\\/www.instagram.com\\\/la_guia_de_pamplona\\\/\",\"https:\\\/\\\/www.youtube.com\\\/user\\\/laguiadepamplona\"]},{\"@type\":\"Person\",\"@id\":\"https:\\\/\\\/www.laguiadepamplona.com\\\/actualidad\\\/#\\\/schema\\\/person\\\/efe887376f0213d4657c93adc50b1fdb\",\"name\":\"La Gu\u00eda de Pamplona\",\"image\":{\"@type\":\"ImageObject\",\"inLanguage\":\"es\",\"@id\":\"https:\\\/\\\/secure.gravatar.com\\\/avatar\\\/b6992f131dc8d30ab0dff15446e9d346d9dbd95992de0fef795073f5ea83a81c?s=96&d=mm&r=g\",\"url\":\"https:\\\/\\\/secure.gravatar.com\\\/avatar\\\/b6992f131dc8d30ab0dff15446e9d346d9dbd95992de0fef795073f5ea83a81c?s=96&d=mm&r=g\",\"contentUrl\":\"https:\\\/\\\/secure.gravatar.com\\\/avatar\\\/b6992f131dc8d30ab0dff15446e9d346d9dbd95992de0fef795073f5ea83a81c?s=96&d=mm&r=g\",\"caption\":\"La Gu\u00eda de Pamplona\"}}]}<\/script>\n<!-- \/ Yoast SEO plugin. -->","yoast_head_json":{"title":"La Casa de la Juventud presenta este s\u00e1bado \u2018Desde el cerco\u2019, una versi\u00f3n libre de las danzas de la muerte medievales con el grupo de teatro La Clap","robots":{"index":"index","follow":"follow","max-snippet":"max-snippet:-1","max-image-preview":"max-image-preview:large","max-video-preview":"max-video-preview:-1"},"canonical":"https:\/\/www.laguiadepamplona.com\/actualidad\/la-casa-de-la-juventud-presenta-este-sabado-desde-el-cerco-una-version-libre-de-las-danzas-de-la-muerte-medievales-con-el-grupo-de-teatro-la-clap\/","og_locale":"es_ES","og_type":"article","og_title":"La Casa de la Juventud presenta este s\u00e1bado \u2018Desde el cerco\u2019, una versi\u00f3n libre de las danzas de la muerte medievales con el grupo de teatro La Clap","og_description":"La actuaci\u00f3n es a las 19 horas y se reparten invitaciones desde media hora antes","og_url":"https:\/\/www.laguiadepamplona.com\/actualidad\/la-casa-de-la-juventud-presenta-este-sabado-desde-el-cerco-una-version-libre-de-las-danzas-de-la-muerte-medievales-con-el-grupo-de-teatro-la-clap\/","og_site_name":"La Gu\u00eda de Pamplona","article_publisher":"https:\/\/www.facebook.com\/laguiadepamplonacom-133175176762273\/?ref=hl","article_published_time":"2018-05-18T13:41:58+00:00","og_image":[{"width":1000,"height":527,"url":"https:\/\/www.laguiadepamplona.com\/actualidad\/wp-content\/uploads\/2017\/08\/cada_dia_plan_juventud.jpg","type":"image\/jpeg"}],"author":"La Gu\u00eda de Pamplona","twitter_card":"summary_large_image","twitter_creator":"@LaGuiadPamplona","twitter_site":"@LaGuiadPamplona","twitter_misc":{"Escrito por":"La Gu\u00eda de Pamplona","Tiempo de lectura":"4 minutos"},"schema":{"@context":"https:\/\/schema.org","@graph":[{"@type":"Article","@id":"https:\/\/www.laguiadepamplona.com\/actualidad\/la-casa-de-la-juventud-presenta-este-sabado-desde-el-cerco-una-version-libre-de-las-danzas-de-la-muerte-medievales-con-el-grupo-de-teatro-la-clap\/#article","isPartOf":{"@id":"https:\/\/www.laguiadepamplona.com\/actualidad\/la-casa-de-la-juventud-presenta-este-sabado-desde-el-cerco-una-version-libre-de-las-danzas-de-la-muerte-medievales-con-el-grupo-de-teatro-la-clap\/"},"author":{"name":"La Gu\u00eda de Pamplona","@id":"https:\/\/www.laguiadepamplona.com\/actualidad\/#\/schema\/person\/efe887376f0213d4657c93adc50b1fdb"},"headline":"La Casa de la Juventud presenta este s\u00e1bado \u2018Desde el cerco\u2019, una versi\u00f3n libre de las danzas de la muerte medievales con el grupo de teatro La Clap","datePublished":"2018-05-18T13:41:58+00:00","mainEntityOfPage":{"@id":"https:\/\/www.laguiadepamplona.com\/actualidad\/la-casa-de-la-juventud-presenta-este-sabado-desde-el-cerco-una-version-libre-de-las-danzas-de-la-muerte-medievales-con-el-grupo-de-teatro-la-clap\/"},"wordCount":803,"commentCount":0,"publisher":{"@id":"https:\/\/www.laguiadepamplona.com\/actualidad\/#organization"},"image":{"@id":"https:\/\/www.laguiadepamplona.com\/actualidad\/la-casa-de-la-juventud-presenta-este-sabado-desde-el-cerco-una-version-libre-de-las-danzas-de-la-muerte-medievales-con-el-grupo-de-teatro-la-clap\/#primaryimage"},"thumbnailUrl":"https:\/\/www.laguiadepamplona.com\/actualidad\/wp-content\/uploads\/2017\/08\/cada_dia_plan_juventud.jpg","articleSection":["Ayto Pamplona"],"inLanguage":"es","potentialAction":[{"@type":"CommentAction","name":"Comment","target":["https:\/\/www.laguiadepamplona.com\/actualidad\/la-casa-de-la-juventud-presenta-este-sabado-desde-el-cerco-una-version-libre-de-las-danzas-de-la-muerte-medievales-con-el-grupo-de-teatro-la-clap\/#respond"]}]},{"@type":"WebPage","@id":"https:\/\/www.laguiadepamplona.com\/actualidad\/la-casa-de-la-juventud-presenta-este-sabado-desde-el-cerco-una-version-libre-de-las-danzas-de-la-muerte-medievales-con-el-grupo-de-teatro-la-clap\/","url":"https:\/\/www.laguiadepamplona.com\/actualidad\/la-casa-de-la-juventud-presenta-este-sabado-desde-el-cerco-una-version-libre-de-las-danzas-de-la-muerte-medievales-con-el-grupo-de-teatro-la-clap\/","name":"La Casa de la Juventud presenta este s\u00e1bado \u2018Desde el cerco\u2019, una versi\u00f3n libre de las danzas de la muerte medievales con el grupo de teatro La Clap","isPartOf":{"@id":"https:\/\/www.laguiadepamplona.com\/actualidad\/#website"},"primaryImageOfPage":{"@id":"https:\/\/www.laguiadepamplona.com\/actualidad\/la-casa-de-la-juventud-presenta-este-sabado-desde-el-cerco-una-version-libre-de-las-danzas-de-la-muerte-medievales-con-el-grupo-de-teatro-la-clap\/#primaryimage"},"image":{"@id":"https:\/\/www.laguiadepamplona.com\/actualidad\/la-casa-de-la-juventud-presenta-este-sabado-desde-el-cerco-una-version-libre-de-las-danzas-de-la-muerte-medievales-con-el-grupo-de-teatro-la-clap\/#primaryimage"},"thumbnailUrl":"https:\/\/www.laguiadepamplona.com\/actualidad\/wp-content\/uploads\/2017\/08\/cada_dia_plan_juventud.jpg","datePublished":"2018-05-18T13:41:58+00:00","breadcrumb":{"@id":"https:\/\/www.laguiadepamplona.com\/actualidad\/la-casa-de-la-juventud-presenta-este-sabado-desde-el-cerco-una-version-libre-de-las-danzas-de-la-muerte-medievales-con-el-grupo-de-teatro-la-clap\/#breadcrumb"},"inLanguage":"es","potentialAction":[{"@type":"ReadAction","target":["https:\/\/www.laguiadepamplona.com\/actualidad\/la-casa-de-la-juventud-presenta-este-sabado-desde-el-cerco-una-version-libre-de-las-danzas-de-la-muerte-medievales-con-el-grupo-de-teatro-la-clap\/"]}]},{"@type":"ImageObject","inLanguage":"es","@id":"https:\/\/www.laguiadepamplona.com\/actualidad\/la-casa-de-la-juventud-presenta-este-sabado-desde-el-cerco-una-version-libre-de-las-danzas-de-la-muerte-medievales-con-el-grupo-de-teatro-la-clap\/#primaryimage","url":"https:\/\/www.laguiadepamplona.com\/actualidad\/wp-content\/uploads\/2017\/08\/cada_dia_plan_juventud.jpg","contentUrl":"https:\/\/www.laguiadepamplona.com\/actualidad\/wp-content\/uploads\/2017\/08\/cada_dia_plan_juventud.jpg","width":1000,"height":527},{"@type":"BreadcrumbList","@id":"https:\/\/www.laguiadepamplona.com\/actualidad\/la-casa-de-la-juventud-presenta-este-sabado-desde-el-cerco-una-version-libre-de-las-danzas-de-la-muerte-medievales-con-el-grupo-de-teatro-la-clap\/#breadcrumb","itemListElement":[{"@type":"ListItem","position":1,"name":"Portada","item":"https:\/\/www.laguiadepamplona.com\/actualidad\/"},{"@type":"ListItem","position":2,"name":"La Casa de la Juventud presenta este s\u00e1bado \u2018Desde el cerco\u2019, una versi\u00f3n libre de las danzas de la muerte medievales con el grupo de teatro La Clap"}]},{"@type":"WebSite","@id":"https:\/\/www.laguiadepamplona.com\/actualidad\/#website","url":"https:\/\/www.laguiadepamplona.com\/actualidad\/","name":"La gu\u00eda de Pamplona","description":"Noticias de Pamplona","publisher":{"@id":"https:\/\/www.laguiadepamplona.com\/actualidad\/#organization"},"potentialAction":[{"@type":"SearchAction","target":{"@type":"EntryPoint","urlTemplate":"https:\/\/www.laguiadepamplona.com\/actualidad\/?s={search_term_string}"},"query-input":{"@type":"PropertyValueSpecification","valueRequired":true,"valueName":"search_term_string"}}],"inLanguage":"es"},{"@type":"Organization","@id":"https:\/\/www.laguiadepamplona.com\/actualidad\/#organization","name":"La Gu\u00eda de Pamplona \/ Noticias","url":"https:\/\/www.laguiadepamplona.com\/actualidad\/","logo":{"@type":"ImageObject","inLanguage":"es","@id":"https:\/\/www.laguiadepamplona.com\/actualidad\/#\/schema\/logo\/image\/","url":"https:\/\/www.laguiadepamplona.com\/actualidad\/wp-content\/uploads\/2018\/11\/logo-laguiadepamplona18-web1.png","contentUrl":"https:\/\/www.laguiadepamplona.com\/actualidad\/wp-content\/uploads\/2018\/11\/logo-laguiadepamplona18-web1.png","width":600,"height":196,"caption":"La Gu\u00eda de Pamplona \/ Noticias"},"image":{"@id":"https:\/\/www.laguiadepamplona.com\/actualidad\/#\/schema\/logo\/image\/"},"sameAs":["https:\/\/www.facebook.com\/laguiadepamplonacom-133175176762273\/?ref=hl","https:\/\/x.com\/LaGuiadPamplona","https:\/\/www.instagram.com\/la_guia_de_pamplona\/","https:\/\/www.youtube.com\/user\/laguiadepamplona"]},{"@type":"Person","@id":"https:\/\/www.laguiadepamplona.com\/actualidad\/#\/schema\/person\/efe887376f0213d4657c93adc50b1fdb","name":"La Gu\u00eda de Pamplona","image":{"@type":"ImageObject","inLanguage":"es","@id":"https:\/\/secure.gravatar.com\/avatar\/b6992f131dc8d30ab0dff15446e9d346d9dbd95992de0fef795073f5ea83a81c?s=96&d=mm&r=g","url":"https:\/\/secure.gravatar.com\/avatar\/b6992f131dc8d30ab0dff15446e9d346d9dbd95992de0fef795073f5ea83a81c?s=96&d=mm&r=g","contentUrl":"https:\/\/secure.gravatar.com\/avatar\/b6992f131dc8d30ab0dff15446e9d346d9dbd95992de0fef795073f5ea83a81c?s=96&d=mm&r=g","caption":"La Gu\u00eda de Pamplona"}}]}},"post_mailing_queue_ids":[],"_links":{"self":[{"href":"https:\/\/www.laguiadepamplona.com\/actualidad\/wp-json\/wp\/v2\/posts\/17446","targetHints":{"allow":["GET"]}}],"collection":[{"href":"https:\/\/www.laguiadepamplona.com\/actualidad\/wp-json\/wp\/v2\/posts"}],"about":[{"href":"https:\/\/www.laguiadepamplona.com\/actualidad\/wp-json\/wp\/v2\/types\/post"}],"author":[{"embeddable":true,"href":"https:\/\/www.laguiadepamplona.com\/actualidad\/wp-json\/wp\/v2\/users\/1"}],"replies":[{"embeddable":true,"href":"https:\/\/www.laguiadepamplona.com\/actualidad\/wp-json\/wp\/v2\/comments?post=17446"}],"version-history":[{"count":0,"href":"https:\/\/www.laguiadepamplona.com\/actualidad\/wp-json\/wp\/v2\/posts\/17446\/revisions"}],"wp:featuredmedia":[{"embeddable":true,"href":"https:\/\/www.laguiadepamplona.com\/actualidad\/wp-json\/wp\/v2\/media\/13864"}],"wp:attachment":[{"href":"https:\/\/www.laguiadepamplona.com\/actualidad\/wp-json\/wp\/v2\/media?parent=17446"}],"wp:term":[{"taxonomy":"category","embeddable":true,"href":"https:\/\/www.laguiadepamplona.com\/actualidad\/wp-json\/wp\/v2\/categories?post=17446"},{"taxonomy":"post_tag","embeddable":true,"href":"https:\/\/www.laguiadepamplona.com\/actualidad\/wp-json\/wp\/v2\/tags?post=17446"}],"curies":[{"name":"wp","href":"https:\/\/api.w.org\/{rel}","templated":true}]}}