{"id":17442,"date":"2018-05-18T14:40:16","date_gmt":"2018-05-18T13:40:16","guid":{"rendered":"http:\/\/laguiadepamplona.es\/actualidad\/?p=17442"},"modified":"2018-05-18T14:40:16","modified_gmt":"2018-05-18T13:40:16","slug":"condestable-acoge-el-sabado-la-proyeccion-de-sonrisas-de-una-noche-de-verano-dentro-del-ciclo-sobre-el-director-sueco-ingmar-bergman","status":"publish","type":"post","link":"https:\/\/www.laguiadepamplona.com\/actualidad\/condestable-acoge-el-sabado-la-proyeccion-de-sonrisas-de-una-noche-de-verano-dentro-del-ciclo-sobre-el-director-sueco-ingmar-bergman\/","title":{"rendered":"Condestable acoge el s\u00e1bado la proyecci\u00f3n de \u2018Sonrisas de una noche de verano\u2019 dentro del ciclo sobre el director sueco Ingmar Bergman"},"content":{"rendered":"<h3>Comienza a las 19.30 horas, con entrada libre previa retirada de invitaci\u00f3n, gracias al convenio entre Ayuntamiento y Fundaci\u00f3n Bilbao Arte Fundazioa<\/h3>\n<p><!--more--><\/p>\n<p>Como cada s\u00e1bado durante primavera y oto\u00f1o, Condestable acoge ma\u00f1ana una nueva pel\u00edcula del ciclo sobre la filmograf\u00eda del director sueco Ingmar Bergman. A partir de las 19.30 horas, con entrada libre previa retirada de invitaciones, se proyectar\u00e1 \u2018Sonrisas de una noche de verano\u2019. La organizaci\u00f3n de este ciclo ha sido posible gracias al acuerdo entre el Ayuntamiento de Pamplona y la Fundaci\u00f3n Bilbao Arte Fundazioa presentado el pasado mes de abril.<\/p>\n<p>Fredrik Egerman (Gunnar Bj\u00f6rnstrand) es un abogado que vive un matrimonio plat\u00f3nico con Anne (Ulla Jacobsson), su virginal esposa, en una peque\u00f1a ciudad de Suecia a finales del siglo XIX. Henrik, hijo de un matrimonio anterior, persigue a Petra (Harriet Andersson), la doncella de la familia. Una actriz llamada Desir\u00e9e (Eva Dahlbeck), antigua amante de Fredrik, est\u00e1 en la ciudad y \u00e9l la visita. Ahora ella tiene un nuevo amante, el Conde Malcolm, casado con Charlotte. Todos est\u00e1n invitados a celebrar una fiesta durante un fin de semana en la propiedad de la madre de Desir\u00e9e.<\/p>\n<p>El film es una encantadora comedia de costumbres que re\u00fane en una casa de campo a una serie de parejas, exparejas y parejas en ciernes, todas ellas participantes de un juego de amor durante un fin de semana del verano de 1900. Esta premisa le servir\u00e1 al director para explorar virtualmente todo el espectro del amor humano, desde la adoraci\u00f3n de la juventud hasta la benevolencia fraternal, desde la pasi\u00f3n neur\u00f3tica y rencorosa a la indulgencia de los apetitos, desde el capricho infantil a la resignaci\u00f3n de la vida adulta&#8230; El verano sueco es corto e intenso y la luz y el calor traen el abandono sexual y el amor febril a los personajes de Bergman antes de que el invierno vuelva a sumirlos en la introspecci\u00f3n y la desilusi\u00f3n.<\/p>\n<p>La pr\u00f3xima proyecci\u00f3n ser\u00e1 el s\u00e1bado 2 de mayo y se podr\u00e1 ver en Condestable uno de los cl\u00e1sicos de Bergman, \u2018El s\u00e9ptimo sello\u2019. Antes de la pausa en el ciclo con motivo del verano, se programar\u00e1n los s\u00e1bados 2, 9 y 16 de junio, respectivamente, las pel\u00edculas \u2018Fresas salvajes\u2019, \u2018El rostro\u2019 y \u2018El manantial de la doncella\u2019. Todas las sesiones ser\u00e1n a las 19.30 horas, con entrada libre previa retirada de invitaciones.<\/p>\n<p>&nbsp;<\/p>\n<p><strong>Proyecciones ciclo Ingmar Bergman. Civivox Condestable<\/strong><\/p>\n<p><strong>MAYO<\/strong><\/p>\n<ul>\n<li>S\u00e1bado 19 de mayo, 19.30 horas. \u2018Sonrisas de una noche de verano\u2019<\/li>\n<li>S\u00e1bado 26 de mayo, 19.30 horas. \u2018El s\u00e9ptimo sello\u2019<\/li>\n<\/ul>\n<p><strong>JUNIO<\/strong><\/p>\n<ul>\n<li>S\u00e1bado 2 de junio, 19.30 horas. \u2018Fresas salvajes\u2019<\/li>\n<li>S\u00e1bado 9 de junio, 19.30 horas. \u2018El rostro\u2019<\/li>\n<li>S\u00e1bado 16 de junio, 19.30 horas. \u2018El manantial de la doncella\u2019<\/li>\n<\/ul>\n<p><strong>SEPTIEMBRE<\/strong><\/p>\n<ul>\n<li>S\u00e1bado 15 de septiembre, 19.30 horas. \u2018Como en un espejo\u2019<\/li>\n<li>S\u00e1bado 22 de septiembre, 19.30 horas. \u2018El silencio\u2019<\/li>\n<li>S\u00e1bado 29 de septiembre, 19.30 horas. \u2018Persona\u2019<\/li>\n<\/ul>\n<p><strong>OCTUBRE<\/strong><\/p>\n<ul>\n<li>S\u00e1bado 6 de octubre, 19.30 horas. \u2018La hora del lobo\u2019<\/li>\n<li>S\u00e1bado 13 de octubre, 19.30 horas. \u2018La verg\u00fcenza\u2019<\/li>\n<li>S\u00e1bado 20 de octubre, 19.30 horas. \u2018Pasi\u00f3n\u2019<\/li>\n<li>S\u00e1bado 27 de octubre, 19.30 horas. \u2018Gritos y susurros\u2019<\/li>\n<\/ul>\n<p><strong>NOVIEMBRE<\/strong><\/p>\n<ul>\n<li>S\u00e1bado 3 de noviembre, 19.30 horas. \u2018Sonata de oto\u00f1o\u2019<\/li>\n<li>S\u00e1bado 10 de noviembre, 19.30 horas. \u2018Documento sobre Far\u00f6\u2019<\/li>\n<li>S\u00e1bado 17 de noviembre, 19.30 horas. \u2018De la vida de las marionetas\u2019<\/li>\n<li>S\u00e1bado 24 de noviembre, 19.30 horas. \u2018Fanny y Alexander\u2019<\/li>\n<\/ul>\n<h3><a href=\"http:\/\/laguiadepamplona.es\/actualidad\/wp-content\/uploads\/2018\/05\/18.05.18_bergman_sonrisas_noche_verano.pdf\" target=\"_blank\" rel=\"noopener\">bergman_sonrisas_noche_verano.pdf<\/a><\/h3>\n<p>&nbsp;<\/p>\n","protected":false},"excerpt":{"rendered":"<p>Comienza a las 19.30 horas, con entrada libre previa retirada de invitaci\u00f3n, gracias al convenio entre Ayuntamiento y Fundaci\u00f3n Bilbao Arte Fundazioa<\/p>\n","protected":false},"author":1,"featured_media":17443,"comment_status":"open","ping_status":"closed","sticky":false,"template":"","format":"standard","meta":{"footnotes":""},"categories":[2],"tags":[],"class_list":["post-17442","post","type-post","status-publish","format-standard","has-post-thumbnail","hentry","category-ayuntamiento-pamplona"],"yoast_head":"<!-- This site is optimized with the Yoast SEO plugin v27.3 - https:\/\/yoast.com\/product\/yoast-seo-wordpress\/ -->\n<title>Condestable acoge el s\u00e1bado la proyecci\u00f3n de \u2018Sonrisas de una noche de verano\u2019 dentro del ciclo sobre el director sueco Ingmar Bergman<\/title>\n<meta name=\"robots\" content=\"index, follow, max-snippet:-1, max-image-preview:large, max-video-preview:-1\" \/>\n<link rel=\"canonical\" href=\"https:\/\/www.laguiadepamplona.com\/actualidad\/condestable-acoge-el-sabado-la-proyeccion-de-sonrisas-de-una-noche-de-verano-dentro-del-ciclo-sobre-el-director-sueco-ingmar-bergman\/\" \/>\n<meta property=\"og:locale\" content=\"es_ES\" \/>\n<meta property=\"og:type\" content=\"article\" \/>\n<meta property=\"og:title\" content=\"Condestable acoge el s\u00e1bado la proyecci\u00f3n de \u2018Sonrisas de una noche de verano\u2019 dentro del ciclo sobre el director sueco Ingmar Bergman\" \/>\n<meta property=\"og:description\" content=\"Comienza a las 19.30 horas, con entrada libre previa retirada de invitaci\u00f3n, gracias al convenio entre Ayuntamiento y Fundaci\u00f3n Bilbao Arte Fundazioa\" \/>\n<meta property=\"og:url\" content=\"https:\/\/www.laguiadepamplona.com\/actualidad\/condestable-acoge-el-sabado-la-proyeccion-de-sonrisas-de-una-noche-de-verano-dentro-del-ciclo-sobre-el-director-sueco-ingmar-bergman\/\" \/>\n<meta property=\"og:site_name\" content=\"La Gu\u00eda de Pamplona\" \/>\n<meta property=\"article:publisher\" content=\"https:\/\/www.facebook.com\/laguiadepamplonacom-133175176762273\/?ref=hl\" \/>\n<meta property=\"article:published_time\" content=\"2018-05-18T13:40:16+00:00\" \/>\n<meta property=\"og:image\" content=\"https:\/\/www.laguiadepamplona.com\/actualidad\/wp-content\/uploads\/2018\/05\/18.05.18_bergman_sonrisas_noche_verano-1.jpg\" \/>\n\t<meta property=\"og:image:width\" content=\"1000\" \/>\n\t<meta property=\"og:image:height\" content=\"616\" \/>\n\t<meta property=\"og:image:type\" content=\"image\/jpeg\" \/>\n<meta name=\"author\" content=\"La Gu\u00eda de Pamplona\" \/>\n<meta name=\"twitter:card\" content=\"summary_large_image\" \/>\n<meta name=\"twitter:creator\" content=\"@LaGuiadPamplona\" \/>\n<meta name=\"twitter:site\" content=\"@LaGuiadPamplona\" \/>\n<meta name=\"twitter:label1\" content=\"Escrito por\" \/>\n\t<meta name=\"twitter:data1\" content=\"La Gu\u00eda de Pamplona\" \/>\n\t<meta name=\"twitter:label2\" content=\"Tiempo de lectura\" \/>\n\t<meta name=\"twitter:data2\" content=\"3 minutos\" \/>\n<script type=\"application\/ld+json\" class=\"yoast-schema-graph\">{\"@context\":\"https:\\\/\\\/schema.org\",\"@graph\":[{\"@type\":\"Article\",\"@id\":\"https:\\\/\\\/www.laguiadepamplona.com\\\/actualidad\\\/condestable-acoge-el-sabado-la-proyeccion-de-sonrisas-de-una-noche-de-verano-dentro-del-ciclo-sobre-el-director-sueco-ingmar-bergman\\\/#article\",\"isPartOf\":{\"@id\":\"https:\\\/\\\/www.laguiadepamplona.com\\\/actualidad\\\/condestable-acoge-el-sabado-la-proyeccion-de-sonrisas-de-una-noche-de-verano-dentro-del-ciclo-sobre-el-director-sueco-ingmar-bergman\\\/\"},\"author\":{\"name\":\"La Gu\u00eda de Pamplona\",\"@id\":\"https:\\\/\\\/www.laguiadepamplona.com\\\/actualidad\\\/#\\\/schema\\\/person\\\/efe887376f0213d4657c93adc50b1fdb\"},\"headline\":\"Condestable acoge el s\u00e1bado la proyecci\u00f3n de \u2018Sonrisas de una noche de verano\u2019 dentro del ciclo sobre el director sueco Ingmar Bergman\",\"datePublished\":\"2018-05-18T13:40:16+00:00\",\"mainEntityOfPage\":{\"@id\":\"https:\\\/\\\/www.laguiadepamplona.com\\\/actualidad\\\/condestable-acoge-el-sabado-la-proyeccion-de-sonrisas-de-una-noche-de-verano-dentro-del-ciclo-sobre-el-director-sueco-ingmar-bergman\\\/\"},\"wordCount\":592,\"commentCount\":0,\"publisher\":{\"@id\":\"https:\\\/\\\/www.laguiadepamplona.com\\\/actualidad\\\/#organization\"},\"image\":{\"@id\":\"https:\\\/\\\/www.laguiadepamplona.com\\\/actualidad\\\/condestable-acoge-el-sabado-la-proyeccion-de-sonrisas-de-una-noche-de-verano-dentro-del-ciclo-sobre-el-director-sueco-ingmar-bergman\\\/#primaryimage\"},\"thumbnailUrl\":\"https:\\\/\\\/www.laguiadepamplona.com\\\/actualidad\\\/wp-content\\\/uploads\\\/2018\\\/05\\\/18.05.18_bergman_sonrisas_noche_verano-1.jpg\",\"articleSection\":[\"Ayto Pamplona\"],\"inLanguage\":\"es\",\"potentialAction\":[{\"@type\":\"CommentAction\",\"name\":\"Comment\",\"target\":[\"https:\\\/\\\/www.laguiadepamplona.com\\\/actualidad\\\/condestable-acoge-el-sabado-la-proyeccion-de-sonrisas-de-una-noche-de-verano-dentro-del-ciclo-sobre-el-director-sueco-ingmar-bergman\\\/#respond\"]}]},{\"@type\":\"WebPage\",\"@id\":\"https:\\\/\\\/www.laguiadepamplona.com\\\/actualidad\\\/condestable-acoge-el-sabado-la-proyeccion-de-sonrisas-de-una-noche-de-verano-dentro-del-ciclo-sobre-el-director-sueco-ingmar-bergman\\\/\",\"url\":\"https:\\\/\\\/www.laguiadepamplona.com\\\/actualidad\\\/condestable-acoge-el-sabado-la-proyeccion-de-sonrisas-de-una-noche-de-verano-dentro-del-ciclo-sobre-el-director-sueco-ingmar-bergman\\\/\",\"name\":\"Condestable acoge el s\u00e1bado la proyecci\u00f3n de \u2018Sonrisas de una noche de verano\u2019 dentro del ciclo sobre el director sueco Ingmar Bergman\",\"isPartOf\":{\"@id\":\"https:\\\/\\\/www.laguiadepamplona.com\\\/actualidad\\\/#website\"},\"primaryImageOfPage\":{\"@id\":\"https:\\\/\\\/www.laguiadepamplona.com\\\/actualidad\\\/condestable-acoge-el-sabado-la-proyeccion-de-sonrisas-de-una-noche-de-verano-dentro-del-ciclo-sobre-el-director-sueco-ingmar-bergman\\\/#primaryimage\"},\"image\":{\"@id\":\"https:\\\/\\\/www.laguiadepamplona.com\\\/actualidad\\\/condestable-acoge-el-sabado-la-proyeccion-de-sonrisas-de-una-noche-de-verano-dentro-del-ciclo-sobre-el-director-sueco-ingmar-bergman\\\/#primaryimage\"},\"thumbnailUrl\":\"https:\\\/\\\/www.laguiadepamplona.com\\\/actualidad\\\/wp-content\\\/uploads\\\/2018\\\/05\\\/18.05.18_bergman_sonrisas_noche_verano-1.jpg\",\"datePublished\":\"2018-05-18T13:40:16+00:00\",\"breadcrumb\":{\"@id\":\"https:\\\/\\\/www.laguiadepamplona.com\\\/actualidad\\\/condestable-acoge-el-sabado-la-proyeccion-de-sonrisas-de-una-noche-de-verano-dentro-del-ciclo-sobre-el-director-sueco-ingmar-bergman\\\/#breadcrumb\"},\"inLanguage\":\"es\",\"potentialAction\":[{\"@type\":\"ReadAction\",\"target\":[\"https:\\\/\\\/www.laguiadepamplona.com\\\/actualidad\\\/condestable-acoge-el-sabado-la-proyeccion-de-sonrisas-de-una-noche-de-verano-dentro-del-ciclo-sobre-el-director-sueco-ingmar-bergman\\\/\"]}]},{\"@type\":\"ImageObject\",\"inLanguage\":\"es\",\"@id\":\"https:\\\/\\\/www.laguiadepamplona.com\\\/actualidad\\\/condestable-acoge-el-sabado-la-proyeccion-de-sonrisas-de-una-noche-de-verano-dentro-del-ciclo-sobre-el-director-sueco-ingmar-bergman\\\/#primaryimage\",\"url\":\"https:\\\/\\\/www.laguiadepamplona.com\\\/actualidad\\\/wp-content\\\/uploads\\\/2018\\\/05\\\/18.05.18_bergman_sonrisas_noche_verano-1.jpg\",\"contentUrl\":\"https:\\\/\\\/www.laguiadepamplona.com\\\/actualidad\\\/wp-content\\\/uploads\\\/2018\\\/05\\\/18.05.18_bergman_sonrisas_noche_verano-1.jpg\",\"width\":1000,\"height\":616},{\"@type\":\"BreadcrumbList\",\"@id\":\"https:\\\/\\\/www.laguiadepamplona.com\\\/actualidad\\\/condestable-acoge-el-sabado-la-proyeccion-de-sonrisas-de-una-noche-de-verano-dentro-del-ciclo-sobre-el-director-sueco-ingmar-bergman\\\/#breadcrumb\",\"itemListElement\":[{\"@type\":\"ListItem\",\"position\":1,\"name\":\"Portada\",\"item\":\"https:\\\/\\\/www.laguiadepamplona.com\\\/actualidad\\\/\"},{\"@type\":\"ListItem\",\"position\":2,\"name\":\"Condestable acoge el s\u00e1bado la proyecci\u00f3n de \u2018Sonrisas de una noche de verano\u2019 dentro del ciclo sobre el director sueco Ingmar Bergman\"}]},{\"@type\":\"WebSite\",\"@id\":\"https:\\\/\\\/www.laguiadepamplona.com\\\/actualidad\\\/#website\",\"url\":\"https:\\\/\\\/www.laguiadepamplona.com\\\/actualidad\\\/\",\"name\":\"La gu\u00eda de Pamplona\",\"description\":\"Noticias de Pamplona\",\"publisher\":{\"@id\":\"https:\\\/\\\/www.laguiadepamplona.com\\\/actualidad\\\/#organization\"},\"potentialAction\":[{\"@type\":\"SearchAction\",\"target\":{\"@type\":\"EntryPoint\",\"urlTemplate\":\"https:\\\/\\\/www.laguiadepamplona.com\\\/actualidad\\\/?s={search_term_string}\"},\"query-input\":{\"@type\":\"PropertyValueSpecification\",\"valueRequired\":true,\"valueName\":\"search_term_string\"}}],\"inLanguage\":\"es\"},{\"@type\":\"Organization\",\"@id\":\"https:\\\/\\\/www.laguiadepamplona.com\\\/actualidad\\\/#organization\",\"name\":\"La Gu\u00eda de Pamplona \\\/ Noticias\",\"url\":\"https:\\\/\\\/www.laguiadepamplona.com\\\/actualidad\\\/\",\"logo\":{\"@type\":\"ImageObject\",\"inLanguage\":\"es\",\"@id\":\"https:\\\/\\\/www.laguiadepamplona.com\\\/actualidad\\\/#\\\/schema\\\/logo\\\/image\\\/\",\"url\":\"https:\\\/\\\/www.laguiadepamplona.com\\\/actualidad\\\/wp-content\\\/uploads\\\/2018\\\/11\\\/logo-laguiadepamplona18-web1.png\",\"contentUrl\":\"https:\\\/\\\/www.laguiadepamplona.com\\\/actualidad\\\/wp-content\\\/uploads\\\/2018\\\/11\\\/logo-laguiadepamplona18-web1.png\",\"width\":600,\"height\":196,\"caption\":\"La Gu\u00eda de Pamplona \\\/ Noticias\"},\"image\":{\"@id\":\"https:\\\/\\\/www.laguiadepamplona.com\\\/actualidad\\\/#\\\/schema\\\/logo\\\/image\\\/\"},\"sameAs\":[\"https:\\\/\\\/www.facebook.com\\\/laguiadepamplonacom-133175176762273\\\/?ref=hl\",\"https:\\\/\\\/x.com\\\/LaGuiadPamplona\",\"https:\\\/\\\/www.instagram.com\\\/la_guia_de_pamplona\\\/\",\"https:\\\/\\\/www.youtube.com\\\/user\\\/laguiadepamplona\"]},{\"@type\":\"Person\",\"@id\":\"https:\\\/\\\/www.laguiadepamplona.com\\\/actualidad\\\/#\\\/schema\\\/person\\\/efe887376f0213d4657c93adc50b1fdb\",\"name\":\"La Gu\u00eda de Pamplona\",\"image\":{\"@type\":\"ImageObject\",\"inLanguage\":\"es\",\"@id\":\"https:\\\/\\\/secure.gravatar.com\\\/avatar\\\/b6992f131dc8d30ab0dff15446e9d346d9dbd95992de0fef795073f5ea83a81c?s=96&d=mm&r=g\",\"url\":\"https:\\\/\\\/secure.gravatar.com\\\/avatar\\\/b6992f131dc8d30ab0dff15446e9d346d9dbd95992de0fef795073f5ea83a81c?s=96&d=mm&r=g\",\"contentUrl\":\"https:\\\/\\\/secure.gravatar.com\\\/avatar\\\/b6992f131dc8d30ab0dff15446e9d346d9dbd95992de0fef795073f5ea83a81c?s=96&d=mm&r=g\",\"caption\":\"La Gu\u00eda de Pamplona\"}}]}<\/script>\n<!-- \/ Yoast SEO plugin. -->","yoast_head_json":{"title":"Condestable acoge el s\u00e1bado la proyecci\u00f3n de \u2018Sonrisas de una noche de verano\u2019 dentro del ciclo sobre el director sueco Ingmar Bergman","robots":{"index":"index","follow":"follow","max-snippet":"max-snippet:-1","max-image-preview":"max-image-preview:large","max-video-preview":"max-video-preview:-1"},"canonical":"https:\/\/www.laguiadepamplona.com\/actualidad\/condestable-acoge-el-sabado-la-proyeccion-de-sonrisas-de-una-noche-de-verano-dentro-del-ciclo-sobre-el-director-sueco-ingmar-bergman\/","og_locale":"es_ES","og_type":"article","og_title":"Condestable acoge el s\u00e1bado la proyecci\u00f3n de \u2018Sonrisas de una noche de verano\u2019 dentro del ciclo sobre el director sueco Ingmar Bergman","og_description":"Comienza a las 19.30 horas, con entrada libre previa retirada de invitaci\u00f3n, gracias al convenio entre Ayuntamiento y Fundaci\u00f3n Bilbao Arte Fundazioa","og_url":"https:\/\/www.laguiadepamplona.com\/actualidad\/condestable-acoge-el-sabado-la-proyeccion-de-sonrisas-de-una-noche-de-verano-dentro-del-ciclo-sobre-el-director-sueco-ingmar-bergman\/","og_site_name":"La Gu\u00eda de Pamplona","article_publisher":"https:\/\/www.facebook.com\/laguiadepamplonacom-133175176762273\/?ref=hl","article_published_time":"2018-05-18T13:40:16+00:00","og_image":[{"width":1000,"height":616,"url":"https:\/\/www.laguiadepamplona.com\/actualidad\/wp-content\/uploads\/2018\/05\/18.05.18_bergman_sonrisas_noche_verano-1.jpg","type":"image\/jpeg"}],"author":"La Gu\u00eda de Pamplona","twitter_card":"summary_large_image","twitter_creator":"@LaGuiadPamplona","twitter_site":"@LaGuiadPamplona","twitter_misc":{"Escrito por":"La Gu\u00eda de Pamplona","Tiempo de lectura":"3 minutos"},"schema":{"@context":"https:\/\/schema.org","@graph":[{"@type":"Article","@id":"https:\/\/www.laguiadepamplona.com\/actualidad\/condestable-acoge-el-sabado-la-proyeccion-de-sonrisas-de-una-noche-de-verano-dentro-del-ciclo-sobre-el-director-sueco-ingmar-bergman\/#article","isPartOf":{"@id":"https:\/\/www.laguiadepamplona.com\/actualidad\/condestable-acoge-el-sabado-la-proyeccion-de-sonrisas-de-una-noche-de-verano-dentro-del-ciclo-sobre-el-director-sueco-ingmar-bergman\/"},"author":{"name":"La Gu\u00eda de Pamplona","@id":"https:\/\/www.laguiadepamplona.com\/actualidad\/#\/schema\/person\/efe887376f0213d4657c93adc50b1fdb"},"headline":"Condestable acoge el s\u00e1bado la proyecci\u00f3n de \u2018Sonrisas de una noche de verano\u2019 dentro del ciclo sobre el director sueco Ingmar Bergman","datePublished":"2018-05-18T13:40:16+00:00","mainEntityOfPage":{"@id":"https:\/\/www.laguiadepamplona.com\/actualidad\/condestable-acoge-el-sabado-la-proyeccion-de-sonrisas-de-una-noche-de-verano-dentro-del-ciclo-sobre-el-director-sueco-ingmar-bergman\/"},"wordCount":592,"commentCount":0,"publisher":{"@id":"https:\/\/www.laguiadepamplona.com\/actualidad\/#organization"},"image":{"@id":"https:\/\/www.laguiadepamplona.com\/actualidad\/condestable-acoge-el-sabado-la-proyeccion-de-sonrisas-de-una-noche-de-verano-dentro-del-ciclo-sobre-el-director-sueco-ingmar-bergman\/#primaryimage"},"thumbnailUrl":"https:\/\/www.laguiadepamplona.com\/actualidad\/wp-content\/uploads\/2018\/05\/18.05.18_bergman_sonrisas_noche_verano-1.jpg","articleSection":["Ayto Pamplona"],"inLanguage":"es","potentialAction":[{"@type":"CommentAction","name":"Comment","target":["https:\/\/www.laguiadepamplona.com\/actualidad\/condestable-acoge-el-sabado-la-proyeccion-de-sonrisas-de-una-noche-de-verano-dentro-del-ciclo-sobre-el-director-sueco-ingmar-bergman\/#respond"]}]},{"@type":"WebPage","@id":"https:\/\/www.laguiadepamplona.com\/actualidad\/condestable-acoge-el-sabado-la-proyeccion-de-sonrisas-de-una-noche-de-verano-dentro-del-ciclo-sobre-el-director-sueco-ingmar-bergman\/","url":"https:\/\/www.laguiadepamplona.com\/actualidad\/condestable-acoge-el-sabado-la-proyeccion-de-sonrisas-de-una-noche-de-verano-dentro-del-ciclo-sobre-el-director-sueco-ingmar-bergman\/","name":"Condestable acoge el s\u00e1bado la proyecci\u00f3n de \u2018Sonrisas de una noche de verano\u2019 dentro del ciclo sobre el director sueco Ingmar Bergman","isPartOf":{"@id":"https:\/\/www.laguiadepamplona.com\/actualidad\/#website"},"primaryImageOfPage":{"@id":"https:\/\/www.laguiadepamplona.com\/actualidad\/condestable-acoge-el-sabado-la-proyeccion-de-sonrisas-de-una-noche-de-verano-dentro-del-ciclo-sobre-el-director-sueco-ingmar-bergman\/#primaryimage"},"image":{"@id":"https:\/\/www.laguiadepamplona.com\/actualidad\/condestable-acoge-el-sabado-la-proyeccion-de-sonrisas-de-una-noche-de-verano-dentro-del-ciclo-sobre-el-director-sueco-ingmar-bergman\/#primaryimage"},"thumbnailUrl":"https:\/\/www.laguiadepamplona.com\/actualidad\/wp-content\/uploads\/2018\/05\/18.05.18_bergman_sonrisas_noche_verano-1.jpg","datePublished":"2018-05-18T13:40:16+00:00","breadcrumb":{"@id":"https:\/\/www.laguiadepamplona.com\/actualidad\/condestable-acoge-el-sabado-la-proyeccion-de-sonrisas-de-una-noche-de-verano-dentro-del-ciclo-sobre-el-director-sueco-ingmar-bergman\/#breadcrumb"},"inLanguage":"es","potentialAction":[{"@type":"ReadAction","target":["https:\/\/www.laguiadepamplona.com\/actualidad\/condestable-acoge-el-sabado-la-proyeccion-de-sonrisas-de-una-noche-de-verano-dentro-del-ciclo-sobre-el-director-sueco-ingmar-bergman\/"]}]},{"@type":"ImageObject","inLanguage":"es","@id":"https:\/\/www.laguiadepamplona.com\/actualidad\/condestable-acoge-el-sabado-la-proyeccion-de-sonrisas-de-una-noche-de-verano-dentro-del-ciclo-sobre-el-director-sueco-ingmar-bergman\/#primaryimage","url":"https:\/\/www.laguiadepamplona.com\/actualidad\/wp-content\/uploads\/2018\/05\/18.05.18_bergman_sonrisas_noche_verano-1.jpg","contentUrl":"https:\/\/www.laguiadepamplona.com\/actualidad\/wp-content\/uploads\/2018\/05\/18.05.18_bergman_sonrisas_noche_verano-1.jpg","width":1000,"height":616},{"@type":"BreadcrumbList","@id":"https:\/\/www.laguiadepamplona.com\/actualidad\/condestable-acoge-el-sabado-la-proyeccion-de-sonrisas-de-una-noche-de-verano-dentro-del-ciclo-sobre-el-director-sueco-ingmar-bergman\/#breadcrumb","itemListElement":[{"@type":"ListItem","position":1,"name":"Portada","item":"https:\/\/www.laguiadepamplona.com\/actualidad\/"},{"@type":"ListItem","position":2,"name":"Condestable acoge el s\u00e1bado la proyecci\u00f3n de \u2018Sonrisas de una noche de verano\u2019 dentro del ciclo sobre el director sueco Ingmar Bergman"}]},{"@type":"WebSite","@id":"https:\/\/www.laguiadepamplona.com\/actualidad\/#website","url":"https:\/\/www.laguiadepamplona.com\/actualidad\/","name":"La gu\u00eda de Pamplona","description":"Noticias de Pamplona","publisher":{"@id":"https:\/\/www.laguiadepamplona.com\/actualidad\/#organization"},"potentialAction":[{"@type":"SearchAction","target":{"@type":"EntryPoint","urlTemplate":"https:\/\/www.laguiadepamplona.com\/actualidad\/?s={search_term_string}"},"query-input":{"@type":"PropertyValueSpecification","valueRequired":true,"valueName":"search_term_string"}}],"inLanguage":"es"},{"@type":"Organization","@id":"https:\/\/www.laguiadepamplona.com\/actualidad\/#organization","name":"La Gu\u00eda de Pamplona \/ Noticias","url":"https:\/\/www.laguiadepamplona.com\/actualidad\/","logo":{"@type":"ImageObject","inLanguage":"es","@id":"https:\/\/www.laguiadepamplona.com\/actualidad\/#\/schema\/logo\/image\/","url":"https:\/\/www.laguiadepamplona.com\/actualidad\/wp-content\/uploads\/2018\/11\/logo-laguiadepamplona18-web1.png","contentUrl":"https:\/\/www.laguiadepamplona.com\/actualidad\/wp-content\/uploads\/2018\/11\/logo-laguiadepamplona18-web1.png","width":600,"height":196,"caption":"La Gu\u00eda de Pamplona \/ Noticias"},"image":{"@id":"https:\/\/www.laguiadepamplona.com\/actualidad\/#\/schema\/logo\/image\/"},"sameAs":["https:\/\/www.facebook.com\/laguiadepamplonacom-133175176762273\/?ref=hl","https:\/\/x.com\/LaGuiadPamplona","https:\/\/www.instagram.com\/la_guia_de_pamplona\/","https:\/\/www.youtube.com\/user\/laguiadepamplona"]},{"@type":"Person","@id":"https:\/\/www.laguiadepamplona.com\/actualidad\/#\/schema\/person\/efe887376f0213d4657c93adc50b1fdb","name":"La Gu\u00eda de Pamplona","image":{"@type":"ImageObject","inLanguage":"es","@id":"https:\/\/secure.gravatar.com\/avatar\/b6992f131dc8d30ab0dff15446e9d346d9dbd95992de0fef795073f5ea83a81c?s=96&d=mm&r=g","url":"https:\/\/secure.gravatar.com\/avatar\/b6992f131dc8d30ab0dff15446e9d346d9dbd95992de0fef795073f5ea83a81c?s=96&d=mm&r=g","contentUrl":"https:\/\/secure.gravatar.com\/avatar\/b6992f131dc8d30ab0dff15446e9d346d9dbd95992de0fef795073f5ea83a81c?s=96&d=mm&r=g","caption":"La Gu\u00eda de Pamplona"}}]}},"post_mailing_queue_ids":[],"_links":{"self":[{"href":"https:\/\/www.laguiadepamplona.com\/actualidad\/wp-json\/wp\/v2\/posts\/17442","targetHints":{"allow":["GET"]}}],"collection":[{"href":"https:\/\/www.laguiadepamplona.com\/actualidad\/wp-json\/wp\/v2\/posts"}],"about":[{"href":"https:\/\/www.laguiadepamplona.com\/actualidad\/wp-json\/wp\/v2\/types\/post"}],"author":[{"embeddable":true,"href":"https:\/\/www.laguiadepamplona.com\/actualidad\/wp-json\/wp\/v2\/users\/1"}],"replies":[{"embeddable":true,"href":"https:\/\/www.laguiadepamplona.com\/actualidad\/wp-json\/wp\/v2\/comments?post=17442"}],"version-history":[{"count":0,"href":"https:\/\/www.laguiadepamplona.com\/actualidad\/wp-json\/wp\/v2\/posts\/17442\/revisions"}],"wp:featuredmedia":[{"embeddable":true,"href":"https:\/\/www.laguiadepamplona.com\/actualidad\/wp-json\/wp\/v2\/media\/17443"}],"wp:attachment":[{"href":"https:\/\/www.laguiadepamplona.com\/actualidad\/wp-json\/wp\/v2\/media?parent=17442"}],"wp:term":[{"taxonomy":"category","embeddable":true,"href":"https:\/\/www.laguiadepamplona.com\/actualidad\/wp-json\/wp\/v2\/categories?post=17442"},{"taxonomy":"post_tag","embeddable":true,"href":"https:\/\/www.laguiadepamplona.com\/actualidad\/wp-json\/wp\/v2\/tags?post=17442"}],"curies":[{"name":"wp","href":"https:\/\/api.w.org\/{rel}","templated":true}]}}