{"id":17439,"date":"2018-05-18T14:37:49","date_gmt":"2018-05-18T13:37:49","guid":{"rendered":"http:\/\/laguiadepamplona.es\/actualidad\/?p=17439"},"modified":"2018-05-18T14:37:49","modified_gmt":"2018-05-18T13:37:49","slug":"la-escuela-especial-de-musica-joaquin-maya-se-engalana-para-la-semana-historica-que-en-su-primera-edicion-se-centrara-en-la-edad-media-y-el-renacimiento","status":"publish","type":"post","link":"https:\/\/www.laguiadepamplona.com\/actualidad\/la-escuela-especial-de-musica-joaquin-maya-se-engalana-para-la-semana-historica-que-en-su-primera-edicion-se-centrara-en-la-edad-media-y-el-renacimiento\/","title":{"rendered":"La Escuela Especial de M\u00fasica Joaqu\u00edn Maya se engalana para la Semana Hist\u00f3rica que en su primera edici\u00f3n se centrar\u00e1 en la Edad Media y el Renacimiento"},"content":{"rendered":"<h3>En las clases se trabajar\u00e1n esas \u00e9pocas hist\u00f3ricas con audiciones, im\u00e1genes e informaci\u00f3n, adem\u00e1s de dos conciertos y una exposici\u00f3n<\/h3>\n<p><!--more--><\/p>\n<p>La Escuela Especial de M\u00fasica Joaqu\u00edn Maya se ha engalanado con pendones y telares para su Semana Hist\u00f3rica, que en la primera edici\u00f3n va a estar centrada en la m\u00fasica de la Edad Media y el Renacimiento. A partir del lunes y durante algo m\u00e1s de una semana, el alumnado de la Escuela trabajar\u00e1 en sus clases esas dos \u00e9pocas hist\u00f3ricas a trav\u00e9s de audiciones, im\u00e1genes, powerpoint y otras actividades. La programaci\u00f3n se completa con una exposici\u00f3n, un concierto del grupo Danserye y la primera producci\u00f3n teatralizada de la escuela que lleva por t\u00edtulo \u2018Rowina de los bosques: un torneo medieval\u2019.<\/p>\n<p>La idea de la Escuela es celebrar todos los a\u00f1os una Semana Hist\u00f3rica dedicada en cada curso a un periodo hist\u00f3rico diferente, desde la Edad Media hasta la actualidad. De esta forma, el alumnado, a lo largo del tiempo que permanezca matriculado, adquirir\u00e1 un conocimiento b\u00e1sico de las m\u00fasicas que sonaron en todas las \u00e9pocas. As\u00ed, conocer\u00e1 la historia de la m\u00fasica que en las escuelas de m\u00fasica no se recoge como una asignatura espec\u00edfica.<\/p>\n<p>Las actividades comenzar\u00e1n el pr\u00f3ximo lunes 21 de mayo. La Escuela se ambientar\u00e1 para la ocasi\u00f3n visual y sonoramente. Habr\u00e1 tambi\u00e9n una exposici\u00f3n sobre los hitos m\u00e1s importantes del periodo que se da a conocer este a\u00f1o con fotograf\u00edas y textos. A lo largo de toda la semana, en las clases grupales, el profesorado programar\u00e1 audiciones comentadas, y proyecci\u00f3n de v\u00eddeos, entre otras actividades, adaptados a las edades del alumnado y a los instrumentos que estudian.<\/p>\n<p>La I Semana Hist\u00f3rica continuar\u00e1 el lunes 28 de mayo a las 19.30 horas con un concierto en el sal\u00f3n de actos a cargo del grupo Danserye, en el que se podr\u00e1n escuchar piezas de la Edad Media y del Renacimiento, con la participaci\u00f3n de algunos instrumentos hist\u00f3ricos. La entrada ser\u00e1 libre, hasta completar el aforo. Por \u00faltimo, la clausura tendr\u00e1 lugar a las 19 horas el 4 de junio con la representaci\u00f3n musical de \u2018Rowina de los bosques: un torneo medieval\u2019 en la que participar\u00e1n alumnado y profesorado de la Escuela.<\/p>\n","protected":false},"excerpt":{"rendered":"<p>En las clases se trabajar\u00e1n esas \u00e9pocas hist\u00f3ricas con audiciones, im\u00e1genes e informaci\u00f3n, adem\u00e1s de dos conciertos y una exposici\u00f3n<\/p>\n","protected":false},"author":1,"featured_media":17440,"comment_status":"open","ping_status":"closed","sticky":false,"template":"","format":"standard","meta":{"footnotes":""},"categories":[2],"tags":[],"class_list":["post-17439","post","type-post","status-publish","format-standard","has-post-thumbnail","hentry","category-ayuntamiento-pamplona"],"yoast_head":"<!-- This site is optimized with the Yoast SEO plugin v27.3 - https:\/\/yoast.com\/product\/yoast-seo-wordpress\/ -->\n<title>La Escuela Especial de M\u00fasica Joaqu\u00edn Maya se engalana para la Semana Hist\u00f3rica que en su primera edici\u00f3n se centrar\u00e1 en la Edad Media y el Renacimiento<\/title>\n<meta name=\"robots\" content=\"index, follow, max-snippet:-1, max-image-preview:large, max-video-preview:-1\" \/>\n<link rel=\"canonical\" href=\"https:\/\/www.laguiadepamplona.com\/actualidad\/la-escuela-especial-de-musica-joaquin-maya-se-engalana-para-la-semana-historica-que-en-su-primera-edicion-se-centrara-en-la-edad-media-y-el-renacimiento\/\" \/>\n<meta property=\"og:locale\" content=\"es_ES\" \/>\n<meta property=\"og:type\" content=\"article\" \/>\n<meta property=\"og:title\" content=\"La Escuela Especial de M\u00fasica Joaqu\u00edn Maya se engalana para la Semana Hist\u00f3rica que en su primera edici\u00f3n se centrar\u00e1 en la Edad Media y el Renacimiento\" \/>\n<meta property=\"og:description\" content=\"En las clases se trabajar\u00e1n esas \u00e9pocas hist\u00f3ricas con audiciones, im\u00e1genes e informaci\u00f3n, adem\u00e1s de dos conciertos y una exposici\u00f3n\" \/>\n<meta property=\"og:url\" content=\"https:\/\/www.laguiadepamplona.com\/actualidad\/la-escuela-especial-de-musica-joaquin-maya-se-engalana-para-la-semana-historica-que-en-su-primera-edicion-se-centrara-en-la-edad-media-y-el-renacimiento\/\" \/>\n<meta property=\"og:site_name\" content=\"La Gu\u00eda de Pamplona\" \/>\n<meta property=\"article:publisher\" content=\"https:\/\/www.facebook.com\/laguiadepamplonacom-133175176762273\/?ref=hl\" \/>\n<meta property=\"article:published_time\" content=\"2018-05-18T13:37:49+00:00\" \/>\n<meta property=\"og:image\" content=\"https:\/\/www.laguiadepamplona.com\/actualidad\/wp-content\/uploads\/2018\/05\/escuela-musica-joaquin-maya.jpg\" \/>\n\t<meta property=\"og:image:width\" content=\"1000\" \/>\n\t<meta property=\"og:image:height\" content=\"667\" \/>\n\t<meta property=\"og:image:type\" content=\"image\/jpeg\" \/>\n<meta name=\"author\" content=\"La Gu\u00eda de Pamplona\" \/>\n<meta name=\"twitter:card\" content=\"summary_large_image\" \/>\n<meta name=\"twitter:creator\" content=\"@LaGuiadPamplona\" \/>\n<meta name=\"twitter:site\" content=\"@LaGuiadPamplona\" \/>\n<meta name=\"twitter:label1\" content=\"Escrito por\" \/>\n\t<meta name=\"twitter:data1\" content=\"La Gu\u00eda de Pamplona\" \/>\n\t<meta name=\"twitter:label2\" content=\"Tiempo de lectura\" \/>\n\t<meta name=\"twitter:data2\" content=\"2 minutos\" \/>\n<script type=\"application\/ld+json\" class=\"yoast-schema-graph\">{\"@context\":\"https:\\\/\\\/schema.org\",\"@graph\":[{\"@type\":\"Article\",\"@id\":\"https:\\\/\\\/www.laguiadepamplona.com\\\/actualidad\\\/la-escuela-especial-de-musica-joaquin-maya-se-engalana-para-la-semana-historica-que-en-su-primera-edicion-se-centrara-en-la-edad-media-y-el-renacimiento\\\/#article\",\"isPartOf\":{\"@id\":\"https:\\\/\\\/www.laguiadepamplona.com\\\/actualidad\\\/la-escuela-especial-de-musica-joaquin-maya-se-engalana-para-la-semana-historica-que-en-su-primera-edicion-se-centrara-en-la-edad-media-y-el-renacimiento\\\/\"},\"author\":{\"name\":\"La Gu\u00eda de Pamplona\",\"@id\":\"https:\\\/\\\/www.laguiadepamplona.com\\\/actualidad\\\/#\\\/schema\\\/person\\\/efe887376f0213d4657c93adc50b1fdb\"},\"headline\":\"La Escuela Especial de M\u00fasica Joaqu\u00edn Maya se engalana para la Semana Hist\u00f3rica que en su primera edici\u00f3n se centrar\u00e1 en la Edad Media y el Renacimiento\",\"datePublished\":\"2018-05-18T13:37:49+00:00\",\"mainEntityOfPage\":{\"@id\":\"https:\\\/\\\/www.laguiadepamplona.com\\\/actualidad\\\/la-escuela-especial-de-musica-joaquin-maya-se-engalana-para-la-semana-historica-que-en-su-primera-edicion-se-centrara-en-la-edad-media-y-el-renacimiento\\\/\"},\"wordCount\":434,\"commentCount\":0,\"publisher\":{\"@id\":\"https:\\\/\\\/www.laguiadepamplona.com\\\/actualidad\\\/#organization\"},\"image\":{\"@id\":\"https:\\\/\\\/www.laguiadepamplona.com\\\/actualidad\\\/la-escuela-especial-de-musica-joaquin-maya-se-engalana-para-la-semana-historica-que-en-su-primera-edicion-se-centrara-en-la-edad-media-y-el-renacimiento\\\/#primaryimage\"},\"thumbnailUrl\":\"https:\\\/\\\/www.laguiadepamplona.com\\\/actualidad\\\/wp-content\\\/uploads\\\/2018\\\/05\\\/escuela-musica-joaquin-maya.jpg\",\"articleSection\":[\"Ayto Pamplona\"],\"inLanguage\":\"es\",\"potentialAction\":[{\"@type\":\"CommentAction\",\"name\":\"Comment\",\"target\":[\"https:\\\/\\\/www.laguiadepamplona.com\\\/actualidad\\\/la-escuela-especial-de-musica-joaquin-maya-se-engalana-para-la-semana-historica-que-en-su-primera-edicion-se-centrara-en-la-edad-media-y-el-renacimiento\\\/#respond\"]}]},{\"@type\":\"WebPage\",\"@id\":\"https:\\\/\\\/www.laguiadepamplona.com\\\/actualidad\\\/la-escuela-especial-de-musica-joaquin-maya-se-engalana-para-la-semana-historica-que-en-su-primera-edicion-se-centrara-en-la-edad-media-y-el-renacimiento\\\/\",\"url\":\"https:\\\/\\\/www.laguiadepamplona.com\\\/actualidad\\\/la-escuela-especial-de-musica-joaquin-maya-se-engalana-para-la-semana-historica-que-en-su-primera-edicion-se-centrara-en-la-edad-media-y-el-renacimiento\\\/\",\"name\":\"La Escuela Especial de M\u00fasica Joaqu\u00edn Maya se engalana para la Semana Hist\u00f3rica que en su primera edici\u00f3n se centrar\u00e1 en la Edad Media y el Renacimiento\",\"isPartOf\":{\"@id\":\"https:\\\/\\\/www.laguiadepamplona.com\\\/actualidad\\\/#website\"},\"primaryImageOfPage\":{\"@id\":\"https:\\\/\\\/www.laguiadepamplona.com\\\/actualidad\\\/la-escuela-especial-de-musica-joaquin-maya-se-engalana-para-la-semana-historica-que-en-su-primera-edicion-se-centrara-en-la-edad-media-y-el-renacimiento\\\/#primaryimage\"},\"image\":{\"@id\":\"https:\\\/\\\/www.laguiadepamplona.com\\\/actualidad\\\/la-escuela-especial-de-musica-joaquin-maya-se-engalana-para-la-semana-historica-que-en-su-primera-edicion-se-centrara-en-la-edad-media-y-el-renacimiento\\\/#primaryimage\"},\"thumbnailUrl\":\"https:\\\/\\\/www.laguiadepamplona.com\\\/actualidad\\\/wp-content\\\/uploads\\\/2018\\\/05\\\/escuela-musica-joaquin-maya.jpg\",\"datePublished\":\"2018-05-18T13:37:49+00:00\",\"breadcrumb\":{\"@id\":\"https:\\\/\\\/www.laguiadepamplona.com\\\/actualidad\\\/la-escuela-especial-de-musica-joaquin-maya-se-engalana-para-la-semana-historica-que-en-su-primera-edicion-se-centrara-en-la-edad-media-y-el-renacimiento\\\/#breadcrumb\"},\"inLanguage\":\"es\",\"potentialAction\":[{\"@type\":\"ReadAction\",\"target\":[\"https:\\\/\\\/www.laguiadepamplona.com\\\/actualidad\\\/la-escuela-especial-de-musica-joaquin-maya-se-engalana-para-la-semana-historica-que-en-su-primera-edicion-se-centrara-en-la-edad-media-y-el-renacimiento\\\/\"]}]},{\"@type\":\"ImageObject\",\"inLanguage\":\"es\",\"@id\":\"https:\\\/\\\/www.laguiadepamplona.com\\\/actualidad\\\/la-escuela-especial-de-musica-joaquin-maya-se-engalana-para-la-semana-historica-que-en-su-primera-edicion-se-centrara-en-la-edad-media-y-el-renacimiento\\\/#primaryimage\",\"url\":\"https:\\\/\\\/www.laguiadepamplona.com\\\/actualidad\\\/wp-content\\\/uploads\\\/2018\\\/05\\\/escuela-musica-joaquin-maya.jpg\",\"contentUrl\":\"https:\\\/\\\/www.laguiadepamplona.com\\\/actualidad\\\/wp-content\\\/uploads\\\/2018\\\/05\\\/escuela-musica-joaquin-maya.jpg\",\"width\":1000,\"height\":667},{\"@type\":\"BreadcrumbList\",\"@id\":\"https:\\\/\\\/www.laguiadepamplona.com\\\/actualidad\\\/la-escuela-especial-de-musica-joaquin-maya-se-engalana-para-la-semana-historica-que-en-su-primera-edicion-se-centrara-en-la-edad-media-y-el-renacimiento\\\/#breadcrumb\",\"itemListElement\":[{\"@type\":\"ListItem\",\"position\":1,\"name\":\"Portada\",\"item\":\"https:\\\/\\\/www.laguiadepamplona.com\\\/actualidad\\\/\"},{\"@type\":\"ListItem\",\"position\":2,\"name\":\"La Escuela Especial de M\u00fasica Joaqu\u00edn Maya se engalana para la Semana Hist\u00f3rica que en su primera edici\u00f3n se centrar\u00e1 en la Edad Media y el Renacimiento\"}]},{\"@type\":\"WebSite\",\"@id\":\"https:\\\/\\\/www.laguiadepamplona.com\\\/actualidad\\\/#website\",\"url\":\"https:\\\/\\\/www.laguiadepamplona.com\\\/actualidad\\\/\",\"name\":\"La gu\u00eda de Pamplona\",\"description\":\"Noticias de Pamplona\",\"publisher\":{\"@id\":\"https:\\\/\\\/www.laguiadepamplona.com\\\/actualidad\\\/#organization\"},\"potentialAction\":[{\"@type\":\"SearchAction\",\"target\":{\"@type\":\"EntryPoint\",\"urlTemplate\":\"https:\\\/\\\/www.laguiadepamplona.com\\\/actualidad\\\/?s={search_term_string}\"},\"query-input\":{\"@type\":\"PropertyValueSpecification\",\"valueRequired\":true,\"valueName\":\"search_term_string\"}}],\"inLanguage\":\"es\"},{\"@type\":\"Organization\",\"@id\":\"https:\\\/\\\/www.laguiadepamplona.com\\\/actualidad\\\/#organization\",\"name\":\"La Gu\u00eda de Pamplona \\\/ Noticias\",\"url\":\"https:\\\/\\\/www.laguiadepamplona.com\\\/actualidad\\\/\",\"logo\":{\"@type\":\"ImageObject\",\"inLanguage\":\"es\",\"@id\":\"https:\\\/\\\/www.laguiadepamplona.com\\\/actualidad\\\/#\\\/schema\\\/logo\\\/image\\\/\",\"url\":\"https:\\\/\\\/www.laguiadepamplona.com\\\/actualidad\\\/wp-content\\\/uploads\\\/2018\\\/11\\\/logo-laguiadepamplona18-web1.png\",\"contentUrl\":\"https:\\\/\\\/www.laguiadepamplona.com\\\/actualidad\\\/wp-content\\\/uploads\\\/2018\\\/11\\\/logo-laguiadepamplona18-web1.png\",\"width\":600,\"height\":196,\"caption\":\"La Gu\u00eda de Pamplona \\\/ Noticias\"},\"image\":{\"@id\":\"https:\\\/\\\/www.laguiadepamplona.com\\\/actualidad\\\/#\\\/schema\\\/logo\\\/image\\\/\"},\"sameAs\":[\"https:\\\/\\\/www.facebook.com\\\/laguiadepamplonacom-133175176762273\\\/?ref=hl\",\"https:\\\/\\\/x.com\\\/LaGuiadPamplona\",\"https:\\\/\\\/www.instagram.com\\\/la_guia_de_pamplona\\\/\",\"https:\\\/\\\/www.youtube.com\\\/user\\\/laguiadepamplona\"]},{\"@type\":\"Person\",\"@id\":\"https:\\\/\\\/www.laguiadepamplona.com\\\/actualidad\\\/#\\\/schema\\\/person\\\/efe887376f0213d4657c93adc50b1fdb\",\"name\":\"La Gu\u00eda de Pamplona\",\"image\":{\"@type\":\"ImageObject\",\"inLanguage\":\"es\",\"@id\":\"https:\\\/\\\/secure.gravatar.com\\\/avatar\\\/b6992f131dc8d30ab0dff15446e9d346d9dbd95992de0fef795073f5ea83a81c?s=96&d=mm&r=g\",\"url\":\"https:\\\/\\\/secure.gravatar.com\\\/avatar\\\/b6992f131dc8d30ab0dff15446e9d346d9dbd95992de0fef795073f5ea83a81c?s=96&d=mm&r=g\",\"contentUrl\":\"https:\\\/\\\/secure.gravatar.com\\\/avatar\\\/b6992f131dc8d30ab0dff15446e9d346d9dbd95992de0fef795073f5ea83a81c?s=96&d=mm&r=g\",\"caption\":\"La Gu\u00eda de Pamplona\"}}]}<\/script>\n<!-- \/ Yoast SEO plugin. -->","yoast_head_json":{"title":"La Escuela Especial de M\u00fasica Joaqu\u00edn Maya se engalana para la Semana Hist\u00f3rica que en su primera edici\u00f3n se centrar\u00e1 en la Edad Media y el Renacimiento","robots":{"index":"index","follow":"follow","max-snippet":"max-snippet:-1","max-image-preview":"max-image-preview:large","max-video-preview":"max-video-preview:-1"},"canonical":"https:\/\/www.laguiadepamplona.com\/actualidad\/la-escuela-especial-de-musica-joaquin-maya-se-engalana-para-la-semana-historica-que-en-su-primera-edicion-se-centrara-en-la-edad-media-y-el-renacimiento\/","og_locale":"es_ES","og_type":"article","og_title":"La Escuela Especial de M\u00fasica Joaqu\u00edn Maya se engalana para la Semana Hist\u00f3rica que en su primera edici\u00f3n se centrar\u00e1 en la Edad Media y el Renacimiento","og_description":"En las clases se trabajar\u00e1n esas \u00e9pocas hist\u00f3ricas con audiciones, im\u00e1genes e informaci\u00f3n, adem\u00e1s de dos conciertos y una exposici\u00f3n","og_url":"https:\/\/www.laguiadepamplona.com\/actualidad\/la-escuela-especial-de-musica-joaquin-maya-se-engalana-para-la-semana-historica-que-en-su-primera-edicion-se-centrara-en-la-edad-media-y-el-renacimiento\/","og_site_name":"La Gu\u00eda de Pamplona","article_publisher":"https:\/\/www.facebook.com\/laguiadepamplonacom-133175176762273\/?ref=hl","article_published_time":"2018-05-18T13:37:49+00:00","og_image":[{"width":1000,"height":667,"url":"https:\/\/www.laguiadepamplona.com\/actualidad\/wp-content\/uploads\/2018\/05\/escuela-musica-joaquin-maya.jpg","type":"image\/jpeg"}],"author":"La Gu\u00eda de Pamplona","twitter_card":"summary_large_image","twitter_creator":"@LaGuiadPamplona","twitter_site":"@LaGuiadPamplona","twitter_misc":{"Escrito por":"La Gu\u00eda de Pamplona","Tiempo de lectura":"2 minutos"},"schema":{"@context":"https:\/\/schema.org","@graph":[{"@type":"Article","@id":"https:\/\/www.laguiadepamplona.com\/actualidad\/la-escuela-especial-de-musica-joaquin-maya-se-engalana-para-la-semana-historica-que-en-su-primera-edicion-se-centrara-en-la-edad-media-y-el-renacimiento\/#article","isPartOf":{"@id":"https:\/\/www.laguiadepamplona.com\/actualidad\/la-escuela-especial-de-musica-joaquin-maya-se-engalana-para-la-semana-historica-que-en-su-primera-edicion-se-centrara-en-la-edad-media-y-el-renacimiento\/"},"author":{"name":"La Gu\u00eda de Pamplona","@id":"https:\/\/www.laguiadepamplona.com\/actualidad\/#\/schema\/person\/efe887376f0213d4657c93adc50b1fdb"},"headline":"La Escuela Especial de M\u00fasica Joaqu\u00edn Maya se engalana para la Semana Hist\u00f3rica que en su primera edici\u00f3n se centrar\u00e1 en la Edad Media y el Renacimiento","datePublished":"2018-05-18T13:37:49+00:00","mainEntityOfPage":{"@id":"https:\/\/www.laguiadepamplona.com\/actualidad\/la-escuela-especial-de-musica-joaquin-maya-se-engalana-para-la-semana-historica-que-en-su-primera-edicion-se-centrara-en-la-edad-media-y-el-renacimiento\/"},"wordCount":434,"commentCount":0,"publisher":{"@id":"https:\/\/www.laguiadepamplona.com\/actualidad\/#organization"},"image":{"@id":"https:\/\/www.laguiadepamplona.com\/actualidad\/la-escuela-especial-de-musica-joaquin-maya-se-engalana-para-la-semana-historica-que-en-su-primera-edicion-se-centrara-en-la-edad-media-y-el-renacimiento\/#primaryimage"},"thumbnailUrl":"https:\/\/www.laguiadepamplona.com\/actualidad\/wp-content\/uploads\/2018\/05\/escuela-musica-joaquin-maya.jpg","articleSection":["Ayto Pamplona"],"inLanguage":"es","potentialAction":[{"@type":"CommentAction","name":"Comment","target":["https:\/\/www.laguiadepamplona.com\/actualidad\/la-escuela-especial-de-musica-joaquin-maya-se-engalana-para-la-semana-historica-que-en-su-primera-edicion-se-centrara-en-la-edad-media-y-el-renacimiento\/#respond"]}]},{"@type":"WebPage","@id":"https:\/\/www.laguiadepamplona.com\/actualidad\/la-escuela-especial-de-musica-joaquin-maya-se-engalana-para-la-semana-historica-que-en-su-primera-edicion-se-centrara-en-la-edad-media-y-el-renacimiento\/","url":"https:\/\/www.laguiadepamplona.com\/actualidad\/la-escuela-especial-de-musica-joaquin-maya-se-engalana-para-la-semana-historica-que-en-su-primera-edicion-se-centrara-en-la-edad-media-y-el-renacimiento\/","name":"La Escuela Especial de M\u00fasica Joaqu\u00edn Maya se engalana para la Semana Hist\u00f3rica que en su primera edici\u00f3n se centrar\u00e1 en la Edad Media y el Renacimiento","isPartOf":{"@id":"https:\/\/www.laguiadepamplona.com\/actualidad\/#website"},"primaryImageOfPage":{"@id":"https:\/\/www.laguiadepamplona.com\/actualidad\/la-escuela-especial-de-musica-joaquin-maya-se-engalana-para-la-semana-historica-que-en-su-primera-edicion-se-centrara-en-la-edad-media-y-el-renacimiento\/#primaryimage"},"image":{"@id":"https:\/\/www.laguiadepamplona.com\/actualidad\/la-escuela-especial-de-musica-joaquin-maya-se-engalana-para-la-semana-historica-que-en-su-primera-edicion-se-centrara-en-la-edad-media-y-el-renacimiento\/#primaryimage"},"thumbnailUrl":"https:\/\/www.laguiadepamplona.com\/actualidad\/wp-content\/uploads\/2018\/05\/escuela-musica-joaquin-maya.jpg","datePublished":"2018-05-18T13:37:49+00:00","breadcrumb":{"@id":"https:\/\/www.laguiadepamplona.com\/actualidad\/la-escuela-especial-de-musica-joaquin-maya-se-engalana-para-la-semana-historica-que-en-su-primera-edicion-se-centrara-en-la-edad-media-y-el-renacimiento\/#breadcrumb"},"inLanguage":"es","potentialAction":[{"@type":"ReadAction","target":["https:\/\/www.laguiadepamplona.com\/actualidad\/la-escuela-especial-de-musica-joaquin-maya-se-engalana-para-la-semana-historica-que-en-su-primera-edicion-se-centrara-en-la-edad-media-y-el-renacimiento\/"]}]},{"@type":"ImageObject","inLanguage":"es","@id":"https:\/\/www.laguiadepamplona.com\/actualidad\/la-escuela-especial-de-musica-joaquin-maya-se-engalana-para-la-semana-historica-que-en-su-primera-edicion-se-centrara-en-la-edad-media-y-el-renacimiento\/#primaryimage","url":"https:\/\/www.laguiadepamplona.com\/actualidad\/wp-content\/uploads\/2018\/05\/escuela-musica-joaquin-maya.jpg","contentUrl":"https:\/\/www.laguiadepamplona.com\/actualidad\/wp-content\/uploads\/2018\/05\/escuela-musica-joaquin-maya.jpg","width":1000,"height":667},{"@type":"BreadcrumbList","@id":"https:\/\/www.laguiadepamplona.com\/actualidad\/la-escuela-especial-de-musica-joaquin-maya-se-engalana-para-la-semana-historica-que-en-su-primera-edicion-se-centrara-en-la-edad-media-y-el-renacimiento\/#breadcrumb","itemListElement":[{"@type":"ListItem","position":1,"name":"Portada","item":"https:\/\/www.laguiadepamplona.com\/actualidad\/"},{"@type":"ListItem","position":2,"name":"La Escuela Especial de M\u00fasica Joaqu\u00edn Maya se engalana para la Semana Hist\u00f3rica que en su primera edici\u00f3n se centrar\u00e1 en la Edad Media y el Renacimiento"}]},{"@type":"WebSite","@id":"https:\/\/www.laguiadepamplona.com\/actualidad\/#website","url":"https:\/\/www.laguiadepamplona.com\/actualidad\/","name":"La gu\u00eda de Pamplona","description":"Noticias de Pamplona","publisher":{"@id":"https:\/\/www.laguiadepamplona.com\/actualidad\/#organization"},"potentialAction":[{"@type":"SearchAction","target":{"@type":"EntryPoint","urlTemplate":"https:\/\/www.laguiadepamplona.com\/actualidad\/?s={search_term_string}"},"query-input":{"@type":"PropertyValueSpecification","valueRequired":true,"valueName":"search_term_string"}}],"inLanguage":"es"},{"@type":"Organization","@id":"https:\/\/www.laguiadepamplona.com\/actualidad\/#organization","name":"La Gu\u00eda de Pamplona \/ Noticias","url":"https:\/\/www.laguiadepamplona.com\/actualidad\/","logo":{"@type":"ImageObject","inLanguage":"es","@id":"https:\/\/www.laguiadepamplona.com\/actualidad\/#\/schema\/logo\/image\/","url":"https:\/\/www.laguiadepamplona.com\/actualidad\/wp-content\/uploads\/2018\/11\/logo-laguiadepamplona18-web1.png","contentUrl":"https:\/\/www.laguiadepamplona.com\/actualidad\/wp-content\/uploads\/2018\/11\/logo-laguiadepamplona18-web1.png","width":600,"height":196,"caption":"La Gu\u00eda de Pamplona \/ Noticias"},"image":{"@id":"https:\/\/www.laguiadepamplona.com\/actualidad\/#\/schema\/logo\/image\/"},"sameAs":["https:\/\/www.facebook.com\/laguiadepamplonacom-133175176762273\/?ref=hl","https:\/\/x.com\/LaGuiadPamplona","https:\/\/www.instagram.com\/la_guia_de_pamplona\/","https:\/\/www.youtube.com\/user\/laguiadepamplona"]},{"@type":"Person","@id":"https:\/\/www.laguiadepamplona.com\/actualidad\/#\/schema\/person\/efe887376f0213d4657c93adc50b1fdb","name":"La Gu\u00eda de Pamplona","image":{"@type":"ImageObject","inLanguage":"es","@id":"https:\/\/secure.gravatar.com\/avatar\/b6992f131dc8d30ab0dff15446e9d346d9dbd95992de0fef795073f5ea83a81c?s=96&d=mm&r=g","url":"https:\/\/secure.gravatar.com\/avatar\/b6992f131dc8d30ab0dff15446e9d346d9dbd95992de0fef795073f5ea83a81c?s=96&d=mm&r=g","contentUrl":"https:\/\/secure.gravatar.com\/avatar\/b6992f131dc8d30ab0dff15446e9d346d9dbd95992de0fef795073f5ea83a81c?s=96&d=mm&r=g","caption":"La Gu\u00eda de Pamplona"}}]}},"post_mailing_queue_ids":[],"_links":{"self":[{"href":"https:\/\/www.laguiadepamplona.com\/actualidad\/wp-json\/wp\/v2\/posts\/17439","targetHints":{"allow":["GET"]}}],"collection":[{"href":"https:\/\/www.laguiadepamplona.com\/actualidad\/wp-json\/wp\/v2\/posts"}],"about":[{"href":"https:\/\/www.laguiadepamplona.com\/actualidad\/wp-json\/wp\/v2\/types\/post"}],"author":[{"embeddable":true,"href":"https:\/\/www.laguiadepamplona.com\/actualidad\/wp-json\/wp\/v2\/users\/1"}],"replies":[{"embeddable":true,"href":"https:\/\/www.laguiadepamplona.com\/actualidad\/wp-json\/wp\/v2\/comments?post=17439"}],"version-history":[{"count":0,"href":"https:\/\/www.laguiadepamplona.com\/actualidad\/wp-json\/wp\/v2\/posts\/17439\/revisions"}],"wp:featuredmedia":[{"embeddable":true,"href":"https:\/\/www.laguiadepamplona.com\/actualidad\/wp-json\/wp\/v2\/media\/17440"}],"wp:attachment":[{"href":"https:\/\/www.laguiadepamplona.com\/actualidad\/wp-json\/wp\/v2\/media?parent=17439"}],"wp:term":[{"taxonomy":"category","embeddable":true,"href":"https:\/\/www.laguiadepamplona.com\/actualidad\/wp-json\/wp\/v2\/categories?post=17439"},{"taxonomy":"post_tag","embeddable":true,"href":"https:\/\/www.laguiadepamplona.com\/actualidad\/wp-json\/wp\/v2\/tags?post=17439"}],"curies":[{"name":"wp","href":"https:\/\/api.w.org\/{rel}","templated":true}]}}