{"id":17437,"date":"2018-05-18T14:34:07","date_gmt":"2018-05-18T13:34:07","guid":{"rendered":"http:\/\/laguiadepamplona.es\/actualidad\/?p=17437"},"modified":"2018-05-18T14:34:07","modified_gmt":"2018-05-18T13:34:07","slug":"el-centro-de-atencion-a-animales-realizara-del-28-de-mayo-al-2-de-junio-la-vacunacion-antirrabica-y-la-identificacion-canina-obligatorias-por-ley","status":"publish","type":"post","link":"https:\/\/www.laguiadepamplona.com\/actualidad\/el-centro-de-atencion-a-animales-realizara-del-28-de-mayo-al-2-de-junio-la-vacunacion-antirrabica-y-la-identificacion-canina-obligatorias-por-ley\/","title":{"rendered":"El Centro de Atenci\u00f3n a Animales realizar\u00e1 del 28 de mayo al 2 de junio la vacunaci\u00f3n antirr\u00e1bica y la identificaci\u00f3n canina, obligatorias por ley"},"content":{"rendered":"<h3>Pueden llevar sus perros las personas empadronadas en Pamplona de lunes a viernes de 12 a 14 horas y el s\u00e1bado de 11 a 14 horas<\/h3>\n<p><!--more--><\/p>\n<p>El Ayuntamiento de Pamplona va a realizar la campa\u00f1a de vacunaci\u00f3n antirr\u00e1bica e identificaci\u00f3n canina de esta primavera del lunes 28 de mayo al s\u00e1bado 2 de junio en el Centro de Atenci\u00f3n a Animales del Ayuntamiento de Pamplona, que acaba de estrenar instalaciones tras la ampliaci\u00f3n y modernizaci\u00f3n realizada. Tanto la vacunaci\u00f3n como la identificaci\u00f3n son obligatorias por ley. El servicio est\u00e1 dirigido a personas empadronadas en Pamplona. El Centro est\u00e1 ubicado en la carretera de la Universidad s\/n junto al puente de la avenida de Navarra. Se accede desde la Carretera de la Universidad de Navarra, justo antes de llegar al puente si se viene desde la avenida de Zaragoza. Tambi\u00e9n se puede llegar desde la calle Esqu\u00edroz.<\/p>\n<p>Los precios en esta campa\u00f1a son de 41 euros por realizar la vacunaci\u00f3n y la identificaci\u00f3n con microchip, de 21 euros solo la vacunaci\u00f3n en perros ya identificados y de 31 euros solo la identificaci\u00f3n con microchip. Las tasas de la intervenci\u00f3n se abonan en el propio Centro tanto en met\u00e1lico como con tarjeta bancaria. Seg\u00fan la experiencia de a\u00f1os anteriores, se estima que unos 125 perros pasar\u00e1n los pr\u00f3ximos d\u00edas para recibir el microchip y la vacuna, o ser revacunados. El horario en el que los veterinarios encargados de la campa\u00f1a atender\u00e1n al p\u00fablico ser\u00e1 desde el lunes hasta el viernes de 12 a 14 horas y el s\u00e1bado de 11 a 14 horas. Para m\u00e1s informaci\u00f3n se puede llamar al tel\u00e9fono 948420996 o al tel\u00e9fono de Atenci\u00f3n Ciudadana 010 (948 420100 si se llama desde m\u00f3vil o desde fuera de Pamplona).<\/p>\n<p><strong>La adopci\u00f3n de animales, otro servicio del Centro de Atenci\u00f3n a Animales<\/strong><\/p>\n<p>El Centro de Atenci\u00f3n a Animales fue abierto en 1986 y si bien se han venido realizando mejoras para ir adecuando el Centro a los distintos requisitos normativos y funcionales, la reforma emprendida en los \u00faltimos a\u00f1os es la de mayor envergadura desde su inauguraci\u00f3n. El centro dispon\u00eda de dos edificios: uno administrativo y de consulta cl\u00ednica y otro para la estancia de animales. Contaba con 16 boxes para perros y 6 jaulas para gatos, que con las obras se han visto ampliados con un nuevo edificio modular destinado a estancia de gatos, aislamiento preventivo de gatos y perros, aseo de animales y otras dotaciones complementarias como la sala de consulta que se ha hecho nueva.<\/p>\n<p>El Centro tambi\u00e9n ofrece la opci\u00f3n de adoptar aquellos perros y gatos recogidos en sus instalaciones. Las personas interesadas en adoptarlos pueden consultar sus fotograf\u00edas as\u00ed como las descripciones de sus caracter\u00edsticas en la p\u00e1gina web municipal <a href=\"http:\/\/www.pamplona.es\/\" target=\"_blank\" rel=\"noopener\">www.pamplona.es<\/a>, en cuya portada, entre los destacados, se encuentra un enlace que remite al Centro. Las mascotas suelen llegar porque han sido recogidas en la v\u00eda p\u00fablica, en muchos casos por Polic\u00eda Municipal, o han sido retiradas a sus due\u00f1os tras sufrir malos tratos. A las personas interesadas se suministra informaci\u00f3n de cada animal, de los aspectos que hay que tener en cuenta antes de elegir un ejemplar y se valora la aptitud de los posibles adoptantes para que se realice una adopci\u00f3n responsable y se consiga que todos los perros tengan el hogar id\u00f3neo.<\/p>\n<p><strong>Presentaci\u00f3n del DNI y del documento de identificaci\u00f3n del animal cuando exista<\/strong><\/p>\n<p>Para realizar la operaci\u00f3n de identificaci\u00f3n con microchip y vacunaci\u00f3n los responsables del animal deben acercarse al Centro con el DNI y; para revacunar sus perros ya identificados, deber\u00e1n acreditar esta situaci\u00f3n presentando el documento de identificaci\u00f3n del animal. Todos los perros ser\u00e1n conducidos con cadena o correa y, en el caso de ser perros catalogados como potencialmente peligrosos o cuyo car\u00e1cter as\u00ed lo aconseje, sus due\u00f1os deber\u00e1n llevarlos provistos de bozal.<\/p>\n<p>La ley establece que todos los perros que han cumplido los cuatro meses deben estar vacunados obligatoriamente contra la rabia, con un periodo intervacunal m\u00e1ximo de dos a\u00f1os en Navarra. Asimismo, seg\u00fan el Decreto Foral 370\/1992, todos los perros deben estar identificados con microchip a partir de los cuatro meses. El incumplimiento de estas obligaciones legales conlleva sanciones de entre 61 y 601 euros. La rabia es una enfermedad aguda del sistema nervioso central causada por un virus que se transmite por la saliva. Afecta a muchos mam\u00edferos, incluidos los humanos y los perros, y si no se trata con urgencia, puede provocar incluso la muerte.<\/p>\n<p><strong>Campa\u00f1a de vacunaci\u00f3n antirr\u00e1bica e identificaci\u00f3n canina<\/strong><\/p>\n<ul>\n<li><strong>Cu\u00e1ndo<\/strong>: del 28 de mayo al 2 de junio. De lunes a viernes de 12 a 14 horas y el s\u00e1bado de 11 a 14 horas<\/li>\n<li><strong>D\u00f3nde:<\/strong> Centro de Atenci\u00f3n a Animales, en la carretera de la Universidad s\/n junto al puente de la avenida de Navarra. Se accede desde la avenida de Zaragoza o desde la calle Esqu\u00edroz<\/li>\n<li><strong>Precio<\/strong>: 21 euros la vacunaci\u00f3n, 31 euros la identificaci\u00f3n con microchip y 41 euros vacunaci\u00f3n e identificaci\u00f3n con microchip<\/li>\n<li><strong>Destinatarios<\/strong>: poblaci\u00f3n empadronada en Pamplona con perros, ya que es obligatorio por ley para animales mayores de 4 meses<\/li>\n<li><strong>M\u00e1s informaci\u00f3n<\/strong>: tel\u00e9fono 948420996 o Tel\u00e9fono de Atenci\u00f3n Ciudadana 010 (948420100 si se llama desde m\u00f3vil o desde fuera de Pamplona<\/li>\n<\/ul>\n<p>&nbsp;<\/p>\n","protected":false},"excerpt":{"rendered":"<p>Pueden llevar sus perros las personas empadronadas en Pamplona de lunes a viernes de 12 a 14 horas y el s\u00e1bado de 11 a 14 horas<\/p>\n","protected":false},"author":1,"featured_media":13102,"comment_status":"open","ping_status":"closed","sticky":false,"template":"","format":"standard","meta":{"footnotes":""},"categories":[2],"tags":[],"class_list":["post-17437","post","type-post","status-publish","format-standard","has-post-thumbnail","hentry","category-ayuntamiento-pamplona"],"yoast_head":"<!-- This site is optimized with the Yoast SEO plugin v27.3 - https:\/\/yoast.com\/product\/yoast-seo-wordpress\/ -->\n<title>El Centro de Atenci\u00f3n a Animales realizar\u00e1 del 28 de mayo al 2 de junio la vacunaci\u00f3n antirr\u00e1bica y la identificaci\u00f3n canina, obligatorias por ley<\/title>\n<meta name=\"robots\" content=\"index, follow, max-snippet:-1, max-image-preview:large, max-video-preview:-1\" \/>\n<link rel=\"canonical\" href=\"https:\/\/www.laguiadepamplona.com\/actualidad\/el-centro-de-atencion-a-animales-realizara-del-28-de-mayo-al-2-de-junio-la-vacunacion-antirrabica-y-la-identificacion-canina-obligatorias-por-ley\/\" \/>\n<meta property=\"og:locale\" content=\"es_ES\" \/>\n<meta property=\"og:type\" content=\"article\" \/>\n<meta property=\"og:title\" content=\"El Centro de Atenci\u00f3n a Animales realizar\u00e1 del 28 de mayo al 2 de junio la vacunaci\u00f3n antirr\u00e1bica y la identificaci\u00f3n canina, obligatorias por ley\" \/>\n<meta property=\"og:description\" content=\"Pueden llevar sus perros las personas empadronadas en Pamplona de lunes a viernes de 12 a 14 horas y el s\u00e1bado de 11 a 14 horas\" \/>\n<meta property=\"og:url\" content=\"https:\/\/www.laguiadepamplona.com\/actualidad\/el-centro-de-atencion-a-animales-realizara-del-28-de-mayo-al-2-de-junio-la-vacunacion-antirrabica-y-la-identificacion-canina-obligatorias-por-ley\/\" \/>\n<meta property=\"og:site_name\" content=\"La Gu\u00eda de Pamplona\" \/>\n<meta property=\"article:publisher\" content=\"https:\/\/www.facebook.com\/laguiadepamplonacom-133175176762273\/?ref=hl\" \/>\n<meta property=\"article:published_time\" content=\"2018-05-18T13:34:07+00:00\" \/>\n<meta property=\"og:image\" content=\"https:\/\/www.laguiadepamplona.com\/actualidad\/wp-content\/uploads\/2017\/05\/centroanimales-pamplona.jpg\" \/>\n\t<meta property=\"og:image:width\" content=\"629\" \/>\n\t<meta property=\"og:image:height\" content=\"810\" \/>\n\t<meta property=\"og:image:type\" content=\"image\/jpeg\" \/>\n<meta name=\"author\" content=\"La Gu\u00eda de Pamplona\" \/>\n<meta name=\"twitter:card\" content=\"summary_large_image\" \/>\n<meta name=\"twitter:creator\" content=\"@LaGuiadPamplona\" \/>\n<meta name=\"twitter:site\" content=\"@LaGuiadPamplona\" \/>\n<meta name=\"twitter:label1\" content=\"Escrito por\" \/>\n\t<meta name=\"twitter:data1\" content=\"La Gu\u00eda de Pamplona\" \/>\n\t<meta name=\"twitter:label2\" content=\"Tiempo de lectura\" \/>\n\t<meta name=\"twitter:data2\" content=\"5 minutos\" \/>\n<script type=\"application\/ld+json\" class=\"yoast-schema-graph\">{\"@context\":\"https:\\\/\\\/schema.org\",\"@graph\":[{\"@type\":\"Article\",\"@id\":\"https:\\\/\\\/www.laguiadepamplona.com\\\/actualidad\\\/el-centro-de-atencion-a-animales-realizara-del-28-de-mayo-al-2-de-junio-la-vacunacion-antirrabica-y-la-identificacion-canina-obligatorias-por-ley\\\/#article\",\"isPartOf\":{\"@id\":\"https:\\\/\\\/www.laguiadepamplona.com\\\/actualidad\\\/el-centro-de-atencion-a-animales-realizara-del-28-de-mayo-al-2-de-junio-la-vacunacion-antirrabica-y-la-identificacion-canina-obligatorias-por-ley\\\/\"},\"author\":{\"name\":\"La Gu\u00eda de Pamplona\",\"@id\":\"https:\\\/\\\/www.laguiadepamplona.com\\\/actualidad\\\/#\\\/schema\\\/person\\\/efe887376f0213d4657c93adc50b1fdb\"},\"headline\":\"El Centro de Atenci\u00f3n a Animales realizar\u00e1 del 28 de mayo al 2 de junio la vacunaci\u00f3n antirr\u00e1bica y la identificaci\u00f3n canina, obligatorias por ley\",\"datePublished\":\"2018-05-18T13:34:07+00:00\",\"mainEntityOfPage\":{\"@id\":\"https:\\\/\\\/www.laguiadepamplona.com\\\/actualidad\\\/el-centro-de-atencion-a-animales-realizara-del-28-de-mayo-al-2-de-junio-la-vacunacion-antirrabica-y-la-identificacion-canina-obligatorias-por-ley\\\/\"},\"wordCount\":949,\"commentCount\":0,\"publisher\":{\"@id\":\"https:\\\/\\\/www.laguiadepamplona.com\\\/actualidad\\\/#organization\"},\"image\":{\"@id\":\"https:\\\/\\\/www.laguiadepamplona.com\\\/actualidad\\\/el-centro-de-atencion-a-animales-realizara-del-28-de-mayo-al-2-de-junio-la-vacunacion-antirrabica-y-la-identificacion-canina-obligatorias-por-ley\\\/#primaryimage\"},\"thumbnailUrl\":\"https:\\\/\\\/www.laguiadepamplona.com\\\/actualidad\\\/wp-content\\\/uploads\\\/2017\\\/05\\\/centroanimales-pamplona.jpg\",\"articleSection\":[\"Ayto Pamplona\"],\"inLanguage\":\"es\",\"potentialAction\":[{\"@type\":\"CommentAction\",\"name\":\"Comment\",\"target\":[\"https:\\\/\\\/www.laguiadepamplona.com\\\/actualidad\\\/el-centro-de-atencion-a-animales-realizara-del-28-de-mayo-al-2-de-junio-la-vacunacion-antirrabica-y-la-identificacion-canina-obligatorias-por-ley\\\/#respond\"]}]},{\"@type\":\"WebPage\",\"@id\":\"https:\\\/\\\/www.laguiadepamplona.com\\\/actualidad\\\/el-centro-de-atencion-a-animales-realizara-del-28-de-mayo-al-2-de-junio-la-vacunacion-antirrabica-y-la-identificacion-canina-obligatorias-por-ley\\\/\",\"url\":\"https:\\\/\\\/www.laguiadepamplona.com\\\/actualidad\\\/el-centro-de-atencion-a-animales-realizara-del-28-de-mayo-al-2-de-junio-la-vacunacion-antirrabica-y-la-identificacion-canina-obligatorias-por-ley\\\/\",\"name\":\"El Centro de Atenci\u00f3n a Animales realizar\u00e1 del 28 de mayo al 2 de junio la vacunaci\u00f3n antirr\u00e1bica y la identificaci\u00f3n canina, obligatorias por ley\",\"isPartOf\":{\"@id\":\"https:\\\/\\\/www.laguiadepamplona.com\\\/actualidad\\\/#website\"},\"primaryImageOfPage\":{\"@id\":\"https:\\\/\\\/www.laguiadepamplona.com\\\/actualidad\\\/el-centro-de-atencion-a-animales-realizara-del-28-de-mayo-al-2-de-junio-la-vacunacion-antirrabica-y-la-identificacion-canina-obligatorias-por-ley\\\/#primaryimage\"},\"image\":{\"@id\":\"https:\\\/\\\/www.laguiadepamplona.com\\\/actualidad\\\/el-centro-de-atencion-a-animales-realizara-del-28-de-mayo-al-2-de-junio-la-vacunacion-antirrabica-y-la-identificacion-canina-obligatorias-por-ley\\\/#primaryimage\"},\"thumbnailUrl\":\"https:\\\/\\\/www.laguiadepamplona.com\\\/actualidad\\\/wp-content\\\/uploads\\\/2017\\\/05\\\/centroanimales-pamplona.jpg\",\"datePublished\":\"2018-05-18T13:34:07+00:00\",\"breadcrumb\":{\"@id\":\"https:\\\/\\\/www.laguiadepamplona.com\\\/actualidad\\\/el-centro-de-atencion-a-animales-realizara-del-28-de-mayo-al-2-de-junio-la-vacunacion-antirrabica-y-la-identificacion-canina-obligatorias-por-ley\\\/#breadcrumb\"},\"inLanguage\":\"es\",\"potentialAction\":[{\"@type\":\"ReadAction\",\"target\":[\"https:\\\/\\\/www.laguiadepamplona.com\\\/actualidad\\\/el-centro-de-atencion-a-animales-realizara-del-28-de-mayo-al-2-de-junio-la-vacunacion-antirrabica-y-la-identificacion-canina-obligatorias-por-ley\\\/\"]}]},{\"@type\":\"ImageObject\",\"inLanguage\":\"es\",\"@id\":\"https:\\\/\\\/www.laguiadepamplona.com\\\/actualidad\\\/el-centro-de-atencion-a-animales-realizara-del-28-de-mayo-al-2-de-junio-la-vacunacion-antirrabica-y-la-identificacion-canina-obligatorias-por-ley\\\/#primaryimage\",\"url\":\"https:\\\/\\\/www.laguiadepamplona.com\\\/actualidad\\\/wp-content\\\/uploads\\\/2017\\\/05\\\/centroanimales-pamplona.jpg\",\"contentUrl\":\"https:\\\/\\\/www.laguiadepamplona.com\\\/actualidad\\\/wp-content\\\/uploads\\\/2017\\\/05\\\/centroanimales-pamplona.jpg\",\"width\":629,\"height\":810},{\"@type\":\"BreadcrumbList\",\"@id\":\"https:\\\/\\\/www.laguiadepamplona.com\\\/actualidad\\\/el-centro-de-atencion-a-animales-realizara-del-28-de-mayo-al-2-de-junio-la-vacunacion-antirrabica-y-la-identificacion-canina-obligatorias-por-ley\\\/#breadcrumb\",\"itemListElement\":[{\"@type\":\"ListItem\",\"position\":1,\"name\":\"Portada\",\"item\":\"https:\\\/\\\/www.laguiadepamplona.com\\\/actualidad\\\/\"},{\"@type\":\"ListItem\",\"position\":2,\"name\":\"El Centro de Atenci\u00f3n a Animales realizar\u00e1 del 28 de mayo al 2 de junio la vacunaci\u00f3n antirr\u00e1bica y la identificaci\u00f3n canina, obligatorias por ley\"}]},{\"@type\":\"WebSite\",\"@id\":\"https:\\\/\\\/www.laguiadepamplona.com\\\/actualidad\\\/#website\",\"url\":\"https:\\\/\\\/www.laguiadepamplona.com\\\/actualidad\\\/\",\"name\":\"La gu\u00eda de Pamplona\",\"description\":\"Noticias de Pamplona\",\"publisher\":{\"@id\":\"https:\\\/\\\/www.laguiadepamplona.com\\\/actualidad\\\/#organization\"},\"potentialAction\":[{\"@type\":\"SearchAction\",\"target\":{\"@type\":\"EntryPoint\",\"urlTemplate\":\"https:\\\/\\\/www.laguiadepamplona.com\\\/actualidad\\\/?s={search_term_string}\"},\"query-input\":{\"@type\":\"PropertyValueSpecification\",\"valueRequired\":true,\"valueName\":\"search_term_string\"}}],\"inLanguage\":\"es\"},{\"@type\":\"Organization\",\"@id\":\"https:\\\/\\\/www.laguiadepamplona.com\\\/actualidad\\\/#organization\",\"name\":\"La Gu\u00eda de Pamplona \\\/ Noticias\",\"url\":\"https:\\\/\\\/www.laguiadepamplona.com\\\/actualidad\\\/\",\"logo\":{\"@type\":\"ImageObject\",\"inLanguage\":\"es\",\"@id\":\"https:\\\/\\\/www.laguiadepamplona.com\\\/actualidad\\\/#\\\/schema\\\/logo\\\/image\\\/\",\"url\":\"https:\\\/\\\/www.laguiadepamplona.com\\\/actualidad\\\/wp-content\\\/uploads\\\/2018\\\/11\\\/logo-laguiadepamplona18-web1.png\",\"contentUrl\":\"https:\\\/\\\/www.laguiadepamplona.com\\\/actualidad\\\/wp-content\\\/uploads\\\/2018\\\/11\\\/logo-laguiadepamplona18-web1.png\",\"width\":600,\"height\":196,\"caption\":\"La Gu\u00eda de Pamplona \\\/ Noticias\"},\"image\":{\"@id\":\"https:\\\/\\\/www.laguiadepamplona.com\\\/actualidad\\\/#\\\/schema\\\/logo\\\/image\\\/\"},\"sameAs\":[\"https:\\\/\\\/www.facebook.com\\\/laguiadepamplonacom-133175176762273\\\/?ref=hl\",\"https:\\\/\\\/x.com\\\/LaGuiadPamplona\",\"https:\\\/\\\/www.instagram.com\\\/la_guia_de_pamplona\\\/\",\"https:\\\/\\\/www.youtube.com\\\/user\\\/laguiadepamplona\"]},{\"@type\":\"Person\",\"@id\":\"https:\\\/\\\/www.laguiadepamplona.com\\\/actualidad\\\/#\\\/schema\\\/person\\\/efe887376f0213d4657c93adc50b1fdb\",\"name\":\"La Gu\u00eda de Pamplona\",\"image\":{\"@type\":\"ImageObject\",\"inLanguage\":\"es\",\"@id\":\"https:\\\/\\\/secure.gravatar.com\\\/avatar\\\/b6992f131dc8d30ab0dff15446e9d346d9dbd95992de0fef795073f5ea83a81c?s=96&d=mm&r=g\",\"url\":\"https:\\\/\\\/secure.gravatar.com\\\/avatar\\\/b6992f131dc8d30ab0dff15446e9d346d9dbd95992de0fef795073f5ea83a81c?s=96&d=mm&r=g\",\"contentUrl\":\"https:\\\/\\\/secure.gravatar.com\\\/avatar\\\/b6992f131dc8d30ab0dff15446e9d346d9dbd95992de0fef795073f5ea83a81c?s=96&d=mm&r=g\",\"caption\":\"La Gu\u00eda de Pamplona\"}}]}<\/script>\n<!-- \/ Yoast SEO plugin. -->","yoast_head_json":{"title":"El Centro de Atenci\u00f3n a Animales realizar\u00e1 del 28 de mayo al 2 de junio la vacunaci\u00f3n antirr\u00e1bica y la identificaci\u00f3n canina, obligatorias por ley","robots":{"index":"index","follow":"follow","max-snippet":"max-snippet:-1","max-image-preview":"max-image-preview:large","max-video-preview":"max-video-preview:-1"},"canonical":"https:\/\/www.laguiadepamplona.com\/actualidad\/el-centro-de-atencion-a-animales-realizara-del-28-de-mayo-al-2-de-junio-la-vacunacion-antirrabica-y-la-identificacion-canina-obligatorias-por-ley\/","og_locale":"es_ES","og_type":"article","og_title":"El Centro de Atenci\u00f3n a Animales realizar\u00e1 del 28 de mayo al 2 de junio la vacunaci\u00f3n antirr\u00e1bica y la identificaci\u00f3n canina, obligatorias por ley","og_description":"Pueden llevar sus perros las personas empadronadas en Pamplona de lunes a viernes de 12 a 14 horas y el s\u00e1bado de 11 a 14 horas","og_url":"https:\/\/www.laguiadepamplona.com\/actualidad\/el-centro-de-atencion-a-animales-realizara-del-28-de-mayo-al-2-de-junio-la-vacunacion-antirrabica-y-la-identificacion-canina-obligatorias-por-ley\/","og_site_name":"La Gu\u00eda de Pamplona","article_publisher":"https:\/\/www.facebook.com\/laguiadepamplonacom-133175176762273\/?ref=hl","article_published_time":"2018-05-18T13:34:07+00:00","og_image":[{"width":629,"height":810,"url":"https:\/\/www.laguiadepamplona.com\/actualidad\/wp-content\/uploads\/2017\/05\/centroanimales-pamplona.jpg","type":"image\/jpeg"}],"author":"La Gu\u00eda de Pamplona","twitter_card":"summary_large_image","twitter_creator":"@LaGuiadPamplona","twitter_site":"@LaGuiadPamplona","twitter_misc":{"Escrito por":"La Gu\u00eda de Pamplona","Tiempo de lectura":"5 minutos"},"schema":{"@context":"https:\/\/schema.org","@graph":[{"@type":"Article","@id":"https:\/\/www.laguiadepamplona.com\/actualidad\/el-centro-de-atencion-a-animales-realizara-del-28-de-mayo-al-2-de-junio-la-vacunacion-antirrabica-y-la-identificacion-canina-obligatorias-por-ley\/#article","isPartOf":{"@id":"https:\/\/www.laguiadepamplona.com\/actualidad\/el-centro-de-atencion-a-animales-realizara-del-28-de-mayo-al-2-de-junio-la-vacunacion-antirrabica-y-la-identificacion-canina-obligatorias-por-ley\/"},"author":{"name":"La Gu\u00eda de Pamplona","@id":"https:\/\/www.laguiadepamplona.com\/actualidad\/#\/schema\/person\/efe887376f0213d4657c93adc50b1fdb"},"headline":"El Centro de Atenci\u00f3n a Animales realizar\u00e1 del 28 de mayo al 2 de junio la vacunaci\u00f3n antirr\u00e1bica y la identificaci\u00f3n canina, obligatorias por ley","datePublished":"2018-05-18T13:34:07+00:00","mainEntityOfPage":{"@id":"https:\/\/www.laguiadepamplona.com\/actualidad\/el-centro-de-atencion-a-animales-realizara-del-28-de-mayo-al-2-de-junio-la-vacunacion-antirrabica-y-la-identificacion-canina-obligatorias-por-ley\/"},"wordCount":949,"commentCount":0,"publisher":{"@id":"https:\/\/www.laguiadepamplona.com\/actualidad\/#organization"},"image":{"@id":"https:\/\/www.laguiadepamplona.com\/actualidad\/el-centro-de-atencion-a-animales-realizara-del-28-de-mayo-al-2-de-junio-la-vacunacion-antirrabica-y-la-identificacion-canina-obligatorias-por-ley\/#primaryimage"},"thumbnailUrl":"https:\/\/www.laguiadepamplona.com\/actualidad\/wp-content\/uploads\/2017\/05\/centroanimales-pamplona.jpg","articleSection":["Ayto Pamplona"],"inLanguage":"es","potentialAction":[{"@type":"CommentAction","name":"Comment","target":["https:\/\/www.laguiadepamplona.com\/actualidad\/el-centro-de-atencion-a-animales-realizara-del-28-de-mayo-al-2-de-junio-la-vacunacion-antirrabica-y-la-identificacion-canina-obligatorias-por-ley\/#respond"]}]},{"@type":"WebPage","@id":"https:\/\/www.laguiadepamplona.com\/actualidad\/el-centro-de-atencion-a-animales-realizara-del-28-de-mayo-al-2-de-junio-la-vacunacion-antirrabica-y-la-identificacion-canina-obligatorias-por-ley\/","url":"https:\/\/www.laguiadepamplona.com\/actualidad\/el-centro-de-atencion-a-animales-realizara-del-28-de-mayo-al-2-de-junio-la-vacunacion-antirrabica-y-la-identificacion-canina-obligatorias-por-ley\/","name":"El Centro de Atenci\u00f3n a Animales realizar\u00e1 del 28 de mayo al 2 de junio la vacunaci\u00f3n antirr\u00e1bica y la identificaci\u00f3n canina, obligatorias por ley","isPartOf":{"@id":"https:\/\/www.laguiadepamplona.com\/actualidad\/#website"},"primaryImageOfPage":{"@id":"https:\/\/www.laguiadepamplona.com\/actualidad\/el-centro-de-atencion-a-animales-realizara-del-28-de-mayo-al-2-de-junio-la-vacunacion-antirrabica-y-la-identificacion-canina-obligatorias-por-ley\/#primaryimage"},"image":{"@id":"https:\/\/www.laguiadepamplona.com\/actualidad\/el-centro-de-atencion-a-animales-realizara-del-28-de-mayo-al-2-de-junio-la-vacunacion-antirrabica-y-la-identificacion-canina-obligatorias-por-ley\/#primaryimage"},"thumbnailUrl":"https:\/\/www.laguiadepamplona.com\/actualidad\/wp-content\/uploads\/2017\/05\/centroanimales-pamplona.jpg","datePublished":"2018-05-18T13:34:07+00:00","breadcrumb":{"@id":"https:\/\/www.laguiadepamplona.com\/actualidad\/el-centro-de-atencion-a-animales-realizara-del-28-de-mayo-al-2-de-junio-la-vacunacion-antirrabica-y-la-identificacion-canina-obligatorias-por-ley\/#breadcrumb"},"inLanguage":"es","potentialAction":[{"@type":"ReadAction","target":["https:\/\/www.laguiadepamplona.com\/actualidad\/el-centro-de-atencion-a-animales-realizara-del-28-de-mayo-al-2-de-junio-la-vacunacion-antirrabica-y-la-identificacion-canina-obligatorias-por-ley\/"]}]},{"@type":"ImageObject","inLanguage":"es","@id":"https:\/\/www.laguiadepamplona.com\/actualidad\/el-centro-de-atencion-a-animales-realizara-del-28-de-mayo-al-2-de-junio-la-vacunacion-antirrabica-y-la-identificacion-canina-obligatorias-por-ley\/#primaryimage","url":"https:\/\/www.laguiadepamplona.com\/actualidad\/wp-content\/uploads\/2017\/05\/centroanimales-pamplona.jpg","contentUrl":"https:\/\/www.laguiadepamplona.com\/actualidad\/wp-content\/uploads\/2017\/05\/centroanimales-pamplona.jpg","width":629,"height":810},{"@type":"BreadcrumbList","@id":"https:\/\/www.laguiadepamplona.com\/actualidad\/el-centro-de-atencion-a-animales-realizara-del-28-de-mayo-al-2-de-junio-la-vacunacion-antirrabica-y-la-identificacion-canina-obligatorias-por-ley\/#breadcrumb","itemListElement":[{"@type":"ListItem","position":1,"name":"Portada","item":"https:\/\/www.laguiadepamplona.com\/actualidad\/"},{"@type":"ListItem","position":2,"name":"El Centro de Atenci\u00f3n a Animales realizar\u00e1 del 28 de mayo al 2 de junio la vacunaci\u00f3n antirr\u00e1bica y la identificaci\u00f3n canina, obligatorias por ley"}]},{"@type":"WebSite","@id":"https:\/\/www.laguiadepamplona.com\/actualidad\/#website","url":"https:\/\/www.laguiadepamplona.com\/actualidad\/","name":"La gu\u00eda de Pamplona","description":"Noticias de Pamplona","publisher":{"@id":"https:\/\/www.laguiadepamplona.com\/actualidad\/#organization"},"potentialAction":[{"@type":"SearchAction","target":{"@type":"EntryPoint","urlTemplate":"https:\/\/www.laguiadepamplona.com\/actualidad\/?s={search_term_string}"},"query-input":{"@type":"PropertyValueSpecification","valueRequired":true,"valueName":"search_term_string"}}],"inLanguage":"es"},{"@type":"Organization","@id":"https:\/\/www.laguiadepamplona.com\/actualidad\/#organization","name":"La Gu\u00eda de Pamplona \/ Noticias","url":"https:\/\/www.laguiadepamplona.com\/actualidad\/","logo":{"@type":"ImageObject","inLanguage":"es","@id":"https:\/\/www.laguiadepamplona.com\/actualidad\/#\/schema\/logo\/image\/","url":"https:\/\/www.laguiadepamplona.com\/actualidad\/wp-content\/uploads\/2018\/11\/logo-laguiadepamplona18-web1.png","contentUrl":"https:\/\/www.laguiadepamplona.com\/actualidad\/wp-content\/uploads\/2018\/11\/logo-laguiadepamplona18-web1.png","width":600,"height":196,"caption":"La Gu\u00eda de Pamplona \/ Noticias"},"image":{"@id":"https:\/\/www.laguiadepamplona.com\/actualidad\/#\/schema\/logo\/image\/"},"sameAs":["https:\/\/www.facebook.com\/laguiadepamplonacom-133175176762273\/?ref=hl","https:\/\/x.com\/LaGuiadPamplona","https:\/\/www.instagram.com\/la_guia_de_pamplona\/","https:\/\/www.youtube.com\/user\/laguiadepamplona"]},{"@type":"Person","@id":"https:\/\/www.laguiadepamplona.com\/actualidad\/#\/schema\/person\/efe887376f0213d4657c93adc50b1fdb","name":"La Gu\u00eda de Pamplona","image":{"@type":"ImageObject","inLanguage":"es","@id":"https:\/\/secure.gravatar.com\/avatar\/b6992f131dc8d30ab0dff15446e9d346d9dbd95992de0fef795073f5ea83a81c?s=96&d=mm&r=g","url":"https:\/\/secure.gravatar.com\/avatar\/b6992f131dc8d30ab0dff15446e9d346d9dbd95992de0fef795073f5ea83a81c?s=96&d=mm&r=g","contentUrl":"https:\/\/secure.gravatar.com\/avatar\/b6992f131dc8d30ab0dff15446e9d346d9dbd95992de0fef795073f5ea83a81c?s=96&d=mm&r=g","caption":"La Gu\u00eda de Pamplona"}}]}},"post_mailing_queue_ids":[],"_links":{"self":[{"href":"https:\/\/www.laguiadepamplona.com\/actualidad\/wp-json\/wp\/v2\/posts\/17437","targetHints":{"allow":["GET"]}}],"collection":[{"href":"https:\/\/www.laguiadepamplona.com\/actualidad\/wp-json\/wp\/v2\/posts"}],"about":[{"href":"https:\/\/www.laguiadepamplona.com\/actualidad\/wp-json\/wp\/v2\/types\/post"}],"author":[{"embeddable":true,"href":"https:\/\/www.laguiadepamplona.com\/actualidad\/wp-json\/wp\/v2\/users\/1"}],"replies":[{"embeddable":true,"href":"https:\/\/www.laguiadepamplona.com\/actualidad\/wp-json\/wp\/v2\/comments?post=17437"}],"version-history":[{"count":0,"href":"https:\/\/www.laguiadepamplona.com\/actualidad\/wp-json\/wp\/v2\/posts\/17437\/revisions"}],"wp:featuredmedia":[{"embeddable":true,"href":"https:\/\/www.laguiadepamplona.com\/actualidad\/wp-json\/wp\/v2\/media\/13102"}],"wp:attachment":[{"href":"https:\/\/www.laguiadepamplona.com\/actualidad\/wp-json\/wp\/v2\/media?parent=17437"}],"wp:term":[{"taxonomy":"category","embeddable":true,"href":"https:\/\/www.laguiadepamplona.com\/actualidad\/wp-json\/wp\/v2\/categories?post=17437"},{"taxonomy":"post_tag","embeddable":true,"href":"https:\/\/www.laguiadepamplona.com\/actualidad\/wp-json\/wp\/v2\/tags?post=17437"}],"curies":[{"name":"wp","href":"https:\/\/api.w.org\/{rel}","templated":true}]}}