{"id":17435,"date":"2018-05-18T14:32:42","date_gmt":"2018-05-18T13:32:42","guid":{"rendered":"http:\/\/laguiadepamplona.es\/actualidad\/?p=17435"},"modified":"2018-05-18T14:32:42","modified_gmt":"2018-05-18T13:32:42","slug":"el-ayuntamiento-amplia-sus-lineas-de-financiacion-con-una-ayuda-estatal-de-mas-de-530-000-euros-para-las-actuaciones-que-realiza-desarrollo-comunitario","status":"publish","type":"post","link":"https:\/\/www.laguiadepamplona.com\/actualidad\/el-ayuntamiento-amplia-sus-lineas-de-financiacion-con-una-ayuda-estatal-de-mas-de-530-000-euros-para-las-actuaciones-que-realiza-desarrollo-comunitario\/","title":{"rendered":"El Ayuntamiento ampl\u00eda sus l\u00edneas de financiaci\u00f3n con una ayuda estatal de m\u00e1s de 530.000 euros para las actuaciones que realiza Desarrollo Comunitario"},"content":{"rendered":"<h3>Desarrollo Comunitario trabaja programas preventivos en los \u00e1mbitos de juventud, deporte, servicios preventivos y centros comunitarios<\/h3>\n<p><!--more--><\/p>\n<p>El Ayuntamiento de Pamplona ha obtenido una ayuda de m\u00e1s de 530.000 euros para los programas preventivos de Desarrollo Comunitario dentro de la convocatoria del Ministerio de Sanidad, Servicios Sociales e Igualdad dirigida a \u2018Corporaciones locales que realizan programas de prevenci\u00f3n de las drogodependecias, con cargo al fondo de bienes decomisados por tr\u00e1fico il\u00edcito de drogas y otros delitos relacionados\u2019.<\/p>\n<p>La concejala delegada de Desarrollo Comunitario, Esther Cremaes, y la directora del \u00c1rea, Ana Goia, han ofrecido hoy en rueda de prensa los detalles de la subvenci\u00f3n recibida que coincide con una de las l\u00edneas de trabajo anunciadas cuando se present\u00f3 la nueva \u00e1rea, la de explorar oportunidades y nuevas fuentes de financiaci\u00f3n al entender que es una responsabilidad de los servicios municipales concurrir a cualquier posible convocatoria. De hecho, cuando el Consistorio pamplon\u00e9s apost\u00f3 por esta convocatoria, la dotaci\u00f3n part\u00eda de un m\u00ednimo de 2.000 euros que iba a ir increment\u00e1ndose en funci\u00f3n de posibles bienes decomisados en redadas policiales.<\/p>\n<p>Esta ayuda se une a los 85.928 euros recibidos en la \u2018Convocatoria para la concesi\u00f3n de subvenciones a entidades locales, fundaciones y asociaciones sin \u00e1nimo de lucro para programas de salud durante el a\u00f1o 2018\u2019 del Instituto de Salud P\u00fablica, dentro del Plan Foral de Drogodependecias. Esta cantidad es la mayor obtenida dentro de esta convocatoria en los \u00faltimos a\u00f1os y la m\u00e1xima subvencionable.<\/p>\n<p><strong>Inversi\u00f3n este a\u00f1o de 1,1 millones de euros en acci\u00f3n preventiva comunitaria<\/strong><\/p>\n<p>La convocatoria estatal planteaba dos destinos para las ayudas. Por un lado, el fomento de la prevenci\u00f3n para evitar o reducir el consumo de drogas, al considerar que su consumo afecta a la salud. Por otro, el impulso de la prevenci\u00f3n para evitar o reducir delitos relacionados con la seguridad p\u00fablica. La ayuda concedida de 531.143 euros ha sido en funci\u00f3n de la inversi\u00f3n que el Ayuntamiento de Pamplona realiza para sus programas de acci\u00f3n preventiva comunitaria que este a\u00f1o ha ascendido a 1.136.000 euros.<\/p>\n<p>Dentro del trabajo desarrollado en programas preventivos por el \u00c1rea de Desarrollo Comunitario en los \u00e1mbitos de juventud, deporte, servicios preventivos y centros comunitarios, se encuentran los Servicios de Acci\u00f3n Preventiva Comunitaria en ocho barrios de la ciudad. Estos servicios organizan programas destinados a infancia, adolescencia y familias con los que se busca evitar la aparici\u00f3n de situaciones de riesgo y desprotecci\u00f3n de esta poblaci\u00f3n. Realizan actividades con ni\u00f1os y j\u00f3venes fuera del horario escolar y con una metodolog\u00eda participativa, desarrollando una estructura de prevenci\u00f3n primaria y protecci\u00f3n de la infancia y adolescencia en los barrios. En 2017, las actividades organizadas para menores sumaron m\u00e1s de 6.000 participantes a los que habr\u00eda que sumar las miles de personas que tomaron parte en las decenas de actos de calle organizados por estas asociaciones.<\/p>\n<p><strong>Actuaciones complementarias a las que realiza el Ayuntamiento<\/strong><\/p>\n<p>Los proyectos y actividades de prevenci\u00f3n que realizan estos servicios son complementarios a las actuaciones que realiza al Ayuntamiento. Tienen como objeto la \u201cpromoci\u00f3n y defensa de los derechos de la infancia en su \u00e1mbito geogr\u00e1fico de actuaci\u00f3n, el barrio, prevenci\u00f3n y protecci\u00f3n de los ni\u00f1os, ni\u00f1as y adolescentes, desde las asociaciones vecinales infantiles y juveniles y otros recursos sociocomunitarios\u201d.<\/p>\n<p>Los programas desarrollados hacen referencia a participaci\u00f3n sociocomunitaria, acompa\u00f1amiento socioeducativos, coordinaci\u00f3n institucional, trabajo en red intercomunitaria, formaci\u00f3n y programas de investigaci\u00f3n, desarrollo e innovaci\u00f3n Las actividades realizadas se engloban en varios \u00e1mbitos: deporte (salidas al monte, escuelas deportivas o multideporte); \u00e1mbito l\u00fadico (ludotecas, campamentos, intercambios juveniles, animaci\u00f3n de calle, cine familiar); formativos (escuela comunitaria, formaciones, apoyo escolar en Primaria y Secundaria); y otras (participaci\u00f3n en el servicio de voluntario europeo y acompa\u00f1amiento especifico a menores y familias). Adem\u00e1s, los Servicios de Acci\u00f3n Preventiva Comunitaria apoyan t\u00e9cnicamente proyectos vecinales tanto de tipo social y educativo (formaci\u00f3n de madres y padres o convivencia) como en \u00e1mbitos culturales y socio urban\u00edsticos.<\/p>\n<p>En la misma l\u00ednea de trabajo y en relaci\u00f3n al mismo tema, el \u00c1rea de Desarrollo Comunitario ha comenzado este a\u00f1o a extender el programa municipal para j\u00f3venes de prevenci\u00f3n y reducci\u00f3n de riesgos por consumo de alcohol y drogas adem\u00e1s de a San Ferm\u00edn a otros espacios festivos. La idea de este programa no es pretender normalizar el consumo, sino responder a una realidad existente y dejar claro que no existe consumo sin riesgo.<\/p>\n<p>&nbsp;<\/p>\n","protected":false},"excerpt":{"rendered":"<p>Desarrollo Comunitario trabaja programas preventivos en los \u00e1mbitos de juventud, deporte, servicios preventivos y centros comunitarios<\/p>\n","protected":false},"author":1,"featured_media":10979,"comment_status":"open","ping_status":"closed","sticky":false,"template":"","format":"standard","meta":{"footnotes":""},"categories":[2],"tags":[],"class_list":["post-17435","post","type-post","status-publish","format-standard","has-post-thumbnail","hentry","category-ayuntamiento-pamplona"],"yoast_head":"<!-- This site is optimized with the Yoast SEO plugin v27.3 - https:\/\/yoast.com\/product\/yoast-seo-wordpress\/ -->\n<title>El Ayuntamiento ampl\u00eda sus l\u00edneas de financiaci\u00f3n con una ayuda estatal de m\u00e1s de 530.000 euros para las actuaciones que realiza Desarrollo Comunitario<\/title>\n<meta name=\"robots\" content=\"index, follow, max-snippet:-1, max-image-preview:large, max-video-preview:-1\" \/>\n<link rel=\"canonical\" href=\"https:\/\/www.laguiadepamplona.com\/actualidad\/el-ayuntamiento-amplia-sus-lineas-de-financiacion-con-una-ayuda-estatal-de-mas-de-530-000-euros-para-las-actuaciones-que-realiza-desarrollo-comunitario\/\" \/>\n<meta property=\"og:locale\" content=\"es_ES\" \/>\n<meta property=\"og:type\" content=\"article\" \/>\n<meta property=\"og:title\" content=\"El Ayuntamiento ampl\u00eda sus l\u00edneas de financiaci\u00f3n con una ayuda estatal de m\u00e1s de 530.000 euros para las actuaciones que realiza Desarrollo Comunitario\" \/>\n<meta property=\"og:description\" content=\"Desarrollo Comunitario trabaja programas preventivos en los \u00e1mbitos de juventud, deporte, servicios preventivos y centros comunitarios\" \/>\n<meta property=\"og:url\" content=\"https:\/\/www.laguiadepamplona.com\/actualidad\/el-ayuntamiento-amplia-sus-lineas-de-financiacion-con-una-ayuda-estatal-de-mas-de-530-000-euros-para-las-actuaciones-que-realiza-desarrollo-comunitario\/\" \/>\n<meta property=\"og:site_name\" content=\"La Gu\u00eda de Pamplona\" \/>\n<meta property=\"article:publisher\" content=\"https:\/\/www.facebook.com\/laguiadepamplonacom-133175176762273\/?ref=hl\" \/>\n<meta property=\"article:published_time\" content=\"2018-05-18T13:32:42+00:00\" \/>\n<meta property=\"og:image\" content=\"https:\/\/www.laguiadepamplona.com\/actualidad\/wp-content\/uploads\/2016\/11\/Ayto_Pamplona.jpg\" \/>\n\t<meta property=\"og:image:width\" content=\"900\" \/>\n\t<meta property=\"og:image:height\" content=\"675\" \/>\n\t<meta property=\"og:image:type\" content=\"image\/jpeg\" \/>\n<meta name=\"author\" content=\"La Gu\u00eda de Pamplona\" \/>\n<meta name=\"twitter:card\" content=\"summary_large_image\" \/>\n<meta name=\"twitter:creator\" content=\"@LaGuiadPamplona\" \/>\n<meta name=\"twitter:site\" content=\"@LaGuiadPamplona\" \/>\n<meta name=\"twitter:label1\" content=\"Escrito por\" \/>\n\t<meta name=\"twitter:data1\" content=\"La Gu\u00eda de Pamplona\" \/>\n\t<meta name=\"twitter:label2\" content=\"Tiempo de lectura\" \/>\n\t<meta name=\"twitter:data2\" content=\"4 minutos\" \/>\n<script type=\"application\/ld+json\" class=\"yoast-schema-graph\">{\"@context\":\"https:\\\/\\\/schema.org\",\"@graph\":[{\"@type\":\"Article\",\"@id\":\"https:\\\/\\\/www.laguiadepamplona.com\\\/actualidad\\\/el-ayuntamiento-amplia-sus-lineas-de-financiacion-con-una-ayuda-estatal-de-mas-de-530-000-euros-para-las-actuaciones-que-realiza-desarrollo-comunitario\\\/#article\",\"isPartOf\":{\"@id\":\"https:\\\/\\\/www.laguiadepamplona.com\\\/actualidad\\\/el-ayuntamiento-amplia-sus-lineas-de-financiacion-con-una-ayuda-estatal-de-mas-de-530-000-euros-para-las-actuaciones-que-realiza-desarrollo-comunitario\\\/\"},\"author\":{\"name\":\"La Gu\u00eda de Pamplona\",\"@id\":\"https:\\\/\\\/www.laguiadepamplona.com\\\/actualidad\\\/#\\\/schema\\\/person\\\/efe887376f0213d4657c93adc50b1fdb\"},\"headline\":\"El Ayuntamiento ampl\u00eda sus l\u00edneas de financiaci\u00f3n con una ayuda estatal de m\u00e1s de 530.000 euros para las actuaciones que realiza Desarrollo Comunitario\",\"datePublished\":\"2018-05-18T13:32:42+00:00\",\"mainEntityOfPage\":{\"@id\":\"https:\\\/\\\/www.laguiadepamplona.com\\\/actualidad\\\/el-ayuntamiento-amplia-sus-lineas-de-financiacion-con-una-ayuda-estatal-de-mas-de-530-000-euros-para-las-actuaciones-que-realiza-desarrollo-comunitario\\\/\"},\"wordCount\":809,\"commentCount\":0,\"publisher\":{\"@id\":\"https:\\\/\\\/www.laguiadepamplona.com\\\/actualidad\\\/#organization\"},\"image\":{\"@id\":\"https:\\\/\\\/www.laguiadepamplona.com\\\/actualidad\\\/el-ayuntamiento-amplia-sus-lineas-de-financiacion-con-una-ayuda-estatal-de-mas-de-530-000-euros-para-las-actuaciones-que-realiza-desarrollo-comunitario\\\/#primaryimage\"},\"thumbnailUrl\":\"https:\\\/\\\/www.laguiadepamplona.com\\\/actualidad\\\/wp-content\\\/uploads\\\/2016\\\/11\\\/Ayto_Pamplona.jpg\",\"articleSection\":[\"Ayto Pamplona\"],\"inLanguage\":\"es\",\"potentialAction\":[{\"@type\":\"CommentAction\",\"name\":\"Comment\",\"target\":[\"https:\\\/\\\/www.laguiadepamplona.com\\\/actualidad\\\/el-ayuntamiento-amplia-sus-lineas-de-financiacion-con-una-ayuda-estatal-de-mas-de-530-000-euros-para-las-actuaciones-que-realiza-desarrollo-comunitario\\\/#respond\"]}]},{\"@type\":\"WebPage\",\"@id\":\"https:\\\/\\\/www.laguiadepamplona.com\\\/actualidad\\\/el-ayuntamiento-amplia-sus-lineas-de-financiacion-con-una-ayuda-estatal-de-mas-de-530-000-euros-para-las-actuaciones-que-realiza-desarrollo-comunitario\\\/\",\"url\":\"https:\\\/\\\/www.laguiadepamplona.com\\\/actualidad\\\/el-ayuntamiento-amplia-sus-lineas-de-financiacion-con-una-ayuda-estatal-de-mas-de-530-000-euros-para-las-actuaciones-que-realiza-desarrollo-comunitario\\\/\",\"name\":\"El Ayuntamiento ampl\u00eda sus l\u00edneas de financiaci\u00f3n con una ayuda estatal de m\u00e1s de 530.000 euros para las actuaciones que realiza Desarrollo Comunitario\",\"isPartOf\":{\"@id\":\"https:\\\/\\\/www.laguiadepamplona.com\\\/actualidad\\\/#website\"},\"primaryImageOfPage\":{\"@id\":\"https:\\\/\\\/www.laguiadepamplona.com\\\/actualidad\\\/el-ayuntamiento-amplia-sus-lineas-de-financiacion-con-una-ayuda-estatal-de-mas-de-530-000-euros-para-las-actuaciones-que-realiza-desarrollo-comunitario\\\/#primaryimage\"},\"image\":{\"@id\":\"https:\\\/\\\/www.laguiadepamplona.com\\\/actualidad\\\/el-ayuntamiento-amplia-sus-lineas-de-financiacion-con-una-ayuda-estatal-de-mas-de-530-000-euros-para-las-actuaciones-que-realiza-desarrollo-comunitario\\\/#primaryimage\"},\"thumbnailUrl\":\"https:\\\/\\\/www.laguiadepamplona.com\\\/actualidad\\\/wp-content\\\/uploads\\\/2016\\\/11\\\/Ayto_Pamplona.jpg\",\"datePublished\":\"2018-05-18T13:32:42+00:00\",\"breadcrumb\":{\"@id\":\"https:\\\/\\\/www.laguiadepamplona.com\\\/actualidad\\\/el-ayuntamiento-amplia-sus-lineas-de-financiacion-con-una-ayuda-estatal-de-mas-de-530-000-euros-para-las-actuaciones-que-realiza-desarrollo-comunitario\\\/#breadcrumb\"},\"inLanguage\":\"es\",\"potentialAction\":[{\"@type\":\"ReadAction\",\"target\":[\"https:\\\/\\\/www.laguiadepamplona.com\\\/actualidad\\\/el-ayuntamiento-amplia-sus-lineas-de-financiacion-con-una-ayuda-estatal-de-mas-de-530-000-euros-para-las-actuaciones-que-realiza-desarrollo-comunitario\\\/\"]}]},{\"@type\":\"ImageObject\",\"inLanguage\":\"es\",\"@id\":\"https:\\\/\\\/www.laguiadepamplona.com\\\/actualidad\\\/el-ayuntamiento-amplia-sus-lineas-de-financiacion-con-una-ayuda-estatal-de-mas-de-530-000-euros-para-las-actuaciones-que-realiza-desarrollo-comunitario\\\/#primaryimage\",\"url\":\"https:\\\/\\\/www.laguiadepamplona.com\\\/actualidad\\\/wp-content\\\/uploads\\\/2016\\\/11\\\/Ayto_Pamplona.jpg\",\"contentUrl\":\"https:\\\/\\\/www.laguiadepamplona.com\\\/actualidad\\\/wp-content\\\/uploads\\\/2016\\\/11\\\/Ayto_Pamplona.jpg\",\"width\":900,\"height\":675},{\"@type\":\"BreadcrumbList\",\"@id\":\"https:\\\/\\\/www.laguiadepamplona.com\\\/actualidad\\\/el-ayuntamiento-amplia-sus-lineas-de-financiacion-con-una-ayuda-estatal-de-mas-de-530-000-euros-para-las-actuaciones-que-realiza-desarrollo-comunitario\\\/#breadcrumb\",\"itemListElement\":[{\"@type\":\"ListItem\",\"position\":1,\"name\":\"Portada\",\"item\":\"https:\\\/\\\/www.laguiadepamplona.com\\\/actualidad\\\/\"},{\"@type\":\"ListItem\",\"position\":2,\"name\":\"El Ayuntamiento ampl\u00eda sus l\u00edneas de financiaci\u00f3n con una ayuda estatal de m\u00e1s de 530.000 euros para las actuaciones que realiza Desarrollo Comunitario\"}]},{\"@type\":\"WebSite\",\"@id\":\"https:\\\/\\\/www.laguiadepamplona.com\\\/actualidad\\\/#website\",\"url\":\"https:\\\/\\\/www.laguiadepamplona.com\\\/actualidad\\\/\",\"name\":\"La gu\u00eda de Pamplona\",\"description\":\"Noticias de Pamplona\",\"publisher\":{\"@id\":\"https:\\\/\\\/www.laguiadepamplona.com\\\/actualidad\\\/#organization\"},\"potentialAction\":[{\"@type\":\"SearchAction\",\"target\":{\"@type\":\"EntryPoint\",\"urlTemplate\":\"https:\\\/\\\/www.laguiadepamplona.com\\\/actualidad\\\/?s={search_term_string}\"},\"query-input\":{\"@type\":\"PropertyValueSpecification\",\"valueRequired\":true,\"valueName\":\"search_term_string\"}}],\"inLanguage\":\"es\"},{\"@type\":\"Organization\",\"@id\":\"https:\\\/\\\/www.laguiadepamplona.com\\\/actualidad\\\/#organization\",\"name\":\"La Gu\u00eda de Pamplona \\\/ Noticias\",\"url\":\"https:\\\/\\\/www.laguiadepamplona.com\\\/actualidad\\\/\",\"logo\":{\"@type\":\"ImageObject\",\"inLanguage\":\"es\",\"@id\":\"https:\\\/\\\/www.laguiadepamplona.com\\\/actualidad\\\/#\\\/schema\\\/logo\\\/image\\\/\",\"url\":\"https:\\\/\\\/www.laguiadepamplona.com\\\/actualidad\\\/wp-content\\\/uploads\\\/2018\\\/11\\\/logo-laguiadepamplona18-web1.png\",\"contentUrl\":\"https:\\\/\\\/www.laguiadepamplona.com\\\/actualidad\\\/wp-content\\\/uploads\\\/2018\\\/11\\\/logo-laguiadepamplona18-web1.png\",\"width\":600,\"height\":196,\"caption\":\"La Gu\u00eda de Pamplona \\\/ Noticias\"},\"image\":{\"@id\":\"https:\\\/\\\/www.laguiadepamplona.com\\\/actualidad\\\/#\\\/schema\\\/logo\\\/image\\\/\"},\"sameAs\":[\"https:\\\/\\\/www.facebook.com\\\/laguiadepamplonacom-133175176762273\\\/?ref=hl\",\"https:\\\/\\\/x.com\\\/LaGuiadPamplona\",\"https:\\\/\\\/www.instagram.com\\\/la_guia_de_pamplona\\\/\",\"https:\\\/\\\/www.youtube.com\\\/user\\\/laguiadepamplona\"]},{\"@type\":\"Person\",\"@id\":\"https:\\\/\\\/www.laguiadepamplona.com\\\/actualidad\\\/#\\\/schema\\\/person\\\/efe887376f0213d4657c93adc50b1fdb\",\"name\":\"La Gu\u00eda de Pamplona\",\"image\":{\"@type\":\"ImageObject\",\"inLanguage\":\"es\",\"@id\":\"https:\\\/\\\/secure.gravatar.com\\\/avatar\\\/b6992f131dc8d30ab0dff15446e9d346d9dbd95992de0fef795073f5ea83a81c?s=96&d=mm&r=g\",\"url\":\"https:\\\/\\\/secure.gravatar.com\\\/avatar\\\/b6992f131dc8d30ab0dff15446e9d346d9dbd95992de0fef795073f5ea83a81c?s=96&d=mm&r=g\",\"contentUrl\":\"https:\\\/\\\/secure.gravatar.com\\\/avatar\\\/b6992f131dc8d30ab0dff15446e9d346d9dbd95992de0fef795073f5ea83a81c?s=96&d=mm&r=g\",\"caption\":\"La Gu\u00eda de Pamplona\"}}]}<\/script>\n<!-- \/ Yoast SEO plugin. -->","yoast_head_json":{"title":"El Ayuntamiento ampl\u00eda sus l\u00edneas de financiaci\u00f3n con una ayuda estatal de m\u00e1s de 530.000 euros para las actuaciones que realiza Desarrollo Comunitario","robots":{"index":"index","follow":"follow","max-snippet":"max-snippet:-1","max-image-preview":"max-image-preview:large","max-video-preview":"max-video-preview:-1"},"canonical":"https:\/\/www.laguiadepamplona.com\/actualidad\/el-ayuntamiento-amplia-sus-lineas-de-financiacion-con-una-ayuda-estatal-de-mas-de-530-000-euros-para-las-actuaciones-que-realiza-desarrollo-comunitario\/","og_locale":"es_ES","og_type":"article","og_title":"El Ayuntamiento ampl\u00eda sus l\u00edneas de financiaci\u00f3n con una ayuda estatal de m\u00e1s de 530.000 euros para las actuaciones que realiza Desarrollo Comunitario","og_description":"Desarrollo Comunitario trabaja programas preventivos en los \u00e1mbitos de juventud, deporte, servicios preventivos y centros comunitarios","og_url":"https:\/\/www.laguiadepamplona.com\/actualidad\/el-ayuntamiento-amplia-sus-lineas-de-financiacion-con-una-ayuda-estatal-de-mas-de-530-000-euros-para-las-actuaciones-que-realiza-desarrollo-comunitario\/","og_site_name":"La Gu\u00eda de Pamplona","article_publisher":"https:\/\/www.facebook.com\/laguiadepamplonacom-133175176762273\/?ref=hl","article_published_time":"2018-05-18T13:32:42+00:00","og_image":[{"width":900,"height":675,"url":"https:\/\/www.laguiadepamplona.com\/actualidad\/wp-content\/uploads\/2016\/11\/Ayto_Pamplona.jpg","type":"image\/jpeg"}],"author":"La Gu\u00eda de Pamplona","twitter_card":"summary_large_image","twitter_creator":"@LaGuiadPamplona","twitter_site":"@LaGuiadPamplona","twitter_misc":{"Escrito por":"La Gu\u00eda de Pamplona","Tiempo de lectura":"4 minutos"},"schema":{"@context":"https:\/\/schema.org","@graph":[{"@type":"Article","@id":"https:\/\/www.laguiadepamplona.com\/actualidad\/el-ayuntamiento-amplia-sus-lineas-de-financiacion-con-una-ayuda-estatal-de-mas-de-530-000-euros-para-las-actuaciones-que-realiza-desarrollo-comunitario\/#article","isPartOf":{"@id":"https:\/\/www.laguiadepamplona.com\/actualidad\/el-ayuntamiento-amplia-sus-lineas-de-financiacion-con-una-ayuda-estatal-de-mas-de-530-000-euros-para-las-actuaciones-que-realiza-desarrollo-comunitario\/"},"author":{"name":"La Gu\u00eda de Pamplona","@id":"https:\/\/www.laguiadepamplona.com\/actualidad\/#\/schema\/person\/efe887376f0213d4657c93adc50b1fdb"},"headline":"El Ayuntamiento ampl\u00eda sus l\u00edneas de financiaci\u00f3n con una ayuda estatal de m\u00e1s de 530.000 euros para las actuaciones que realiza Desarrollo Comunitario","datePublished":"2018-05-18T13:32:42+00:00","mainEntityOfPage":{"@id":"https:\/\/www.laguiadepamplona.com\/actualidad\/el-ayuntamiento-amplia-sus-lineas-de-financiacion-con-una-ayuda-estatal-de-mas-de-530-000-euros-para-las-actuaciones-que-realiza-desarrollo-comunitario\/"},"wordCount":809,"commentCount":0,"publisher":{"@id":"https:\/\/www.laguiadepamplona.com\/actualidad\/#organization"},"image":{"@id":"https:\/\/www.laguiadepamplona.com\/actualidad\/el-ayuntamiento-amplia-sus-lineas-de-financiacion-con-una-ayuda-estatal-de-mas-de-530-000-euros-para-las-actuaciones-que-realiza-desarrollo-comunitario\/#primaryimage"},"thumbnailUrl":"https:\/\/www.laguiadepamplona.com\/actualidad\/wp-content\/uploads\/2016\/11\/Ayto_Pamplona.jpg","articleSection":["Ayto Pamplona"],"inLanguage":"es","potentialAction":[{"@type":"CommentAction","name":"Comment","target":["https:\/\/www.laguiadepamplona.com\/actualidad\/el-ayuntamiento-amplia-sus-lineas-de-financiacion-con-una-ayuda-estatal-de-mas-de-530-000-euros-para-las-actuaciones-que-realiza-desarrollo-comunitario\/#respond"]}]},{"@type":"WebPage","@id":"https:\/\/www.laguiadepamplona.com\/actualidad\/el-ayuntamiento-amplia-sus-lineas-de-financiacion-con-una-ayuda-estatal-de-mas-de-530-000-euros-para-las-actuaciones-que-realiza-desarrollo-comunitario\/","url":"https:\/\/www.laguiadepamplona.com\/actualidad\/el-ayuntamiento-amplia-sus-lineas-de-financiacion-con-una-ayuda-estatal-de-mas-de-530-000-euros-para-las-actuaciones-que-realiza-desarrollo-comunitario\/","name":"El Ayuntamiento ampl\u00eda sus l\u00edneas de financiaci\u00f3n con una ayuda estatal de m\u00e1s de 530.000 euros para las actuaciones que realiza Desarrollo Comunitario","isPartOf":{"@id":"https:\/\/www.laguiadepamplona.com\/actualidad\/#website"},"primaryImageOfPage":{"@id":"https:\/\/www.laguiadepamplona.com\/actualidad\/el-ayuntamiento-amplia-sus-lineas-de-financiacion-con-una-ayuda-estatal-de-mas-de-530-000-euros-para-las-actuaciones-que-realiza-desarrollo-comunitario\/#primaryimage"},"image":{"@id":"https:\/\/www.laguiadepamplona.com\/actualidad\/el-ayuntamiento-amplia-sus-lineas-de-financiacion-con-una-ayuda-estatal-de-mas-de-530-000-euros-para-las-actuaciones-que-realiza-desarrollo-comunitario\/#primaryimage"},"thumbnailUrl":"https:\/\/www.laguiadepamplona.com\/actualidad\/wp-content\/uploads\/2016\/11\/Ayto_Pamplona.jpg","datePublished":"2018-05-18T13:32:42+00:00","breadcrumb":{"@id":"https:\/\/www.laguiadepamplona.com\/actualidad\/el-ayuntamiento-amplia-sus-lineas-de-financiacion-con-una-ayuda-estatal-de-mas-de-530-000-euros-para-las-actuaciones-que-realiza-desarrollo-comunitario\/#breadcrumb"},"inLanguage":"es","potentialAction":[{"@type":"ReadAction","target":["https:\/\/www.laguiadepamplona.com\/actualidad\/el-ayuntamiento-amplia-sus-lineas-de-financiacion-con-una-ayuda-estatal-de-mas-de-530-000-euros-para-las-actuaciones-que-realiza-desarrollo-comunitario\/"]}]},{"@type":"ImageObject","inLanguage":"es","@id":"https:\/\/www.laguiadepamplona.com\/actualidad\/el-ayuntamiento-amplia-sus-lineas-de-financiacion-con-una-ayuda-estatal-de-mas-de-530-000-euros-para-las-actuaciones-que-realiza-desarrollo-comunitario\/#primaryimage","url":"https:\/\/www.laguiadepamplona.com\/actualidad\/wp-content\/uploads\/2016\/11\/Ayto_Pamplona.jpg","contentUrl":"https:\/\/www.laguiadepamplona.com\/actualidad\/wp-content\/uploads\/2016\/11\/Ayto_Pamplona.jpg","width":900,"height":675},{"@type":"BreadcrumbList","@id":"https:\/\/www.laguiadepamplona.com\/actualidad\/el-ayuntamiento-amplia-sus-lineas-de-financiacion-con-una-ayuda-estatal-de-mas-de-530-000-euros-para-las-actuaciones-que-realiza-desarrollo-comunitario\/#breadcrumb","itemListElement":[{"@type":"ListItem","position":1,"name":"Portada","item":"https:\/\/www.laguiadepamplona.com\/actualidad\/"},{"@type":"ListItem","position":2,"name":"El Ayuntamiento ampl\u00eda sus l\u00edneas de financiaci\u00f3n con una ayuda estatal de m\u00e1s de 530.000 euros para las actuaciones que realiza Desarrollo Comunitario"}]},{"@type":"WebSite","@id":"https:\/\/www.laguiadepamplona.com\/actualidad\/#website","url":"https:\/\/www.laguiadepamplona.com\/actualidad\/","name":"La gu\u00eda de Pamplona","description":"Noticias de Pamplona","publisher":{"@id":"https:\/\/www.laguiadepamplona.com\/actualidad\/#organization"},"potentialAction":[{"@type":"SearchAction","target":{"@type":"EntryPoint","urlTemplate":"https:\/\/www.laguiadepamplona.com\/actualidad\/?s={search_term_string}"},"query-input":{"@type":"PropertyValueSpecification","valueRequired":true,"valueName":"search_term_string"}}],"inLanguage":"es"},{"@type":"Organization","@id":"https:\/\/www.laguiadepamplona.com\/actualidad\/#organization","name":"La Gu\u00eda de Pamplona \/ Noticias","url":"https:\/\/www.laguiadepamplona.com\/actualidad\/","logo":{"@type":"ImageObject","inLanguage":"es","@id":"https:\/\/www.laguiadepamplona.com\/actualidad\/#\/schema\/logo\/image\/","url":"https:\/\/www.laguiadepamplona.com\/actualidad\/wp-content\/uploads\/2018\/11\/logo-laguiadepamplona18-web1.png","contentUrl":"https:\/\/www.laguiadepamplona.com\/actualidad\/wp-content\/uploads\/2018\/11\/logo-laguiadepamplona18-web1.png","width":600,"height":196,"caption":"La Gu\u00eda de Pamplona \/ Noticias"},"image":{"@id":"https:\/\/www.laguiadepamplona.com\/actualidad\/#\/schema\/logo\/image\/"},"sameAs":["https:\/\/www.facebook.com\/laguiadepamplonacom-133175176762273\/?ref=hl","https:\/\/x.com\/LaGuiadPamplona","https:\/\/www.instagram.com\/la_guia_de_pamplona\/","https:\/\/www.youtube.com\/user\/laguiadepamplona"]},{"@type":"Person","@id":"https:\/\/www.laguiadepamplona.com\/actualidad\/#\/schema\/person\/efe887376f0213d4657c93adc50b1fdb","name":"La Gu\u00eda de Pamplona","image":{"@type":"ImageObject","inLanguage":"es","@id":"https:\/\/secure.gravatar.com\/avatar\/b6992f131dc8d30ab0dff15446e9d346d9dbd95992de0fef795073f5ea83a81c?s=96&d=mm&r=g","url":"https:\/\/secure.gravatar.com\/avatar\/b6992f131dc8d30ab0dff15446e9d346d9dbd95992de0fef795073f5ea83a81c?s=96&d=mm&r=g","contentUrl":"https:\/\/secure.gravatar.com\/avatar\/b6992f131dc8d30ab0dff15446e9d346d9dbd95992de0fef795073f5ea83a81c?s=96&d=mm&r=g","caption":"La Gu\u00eda de Pamplona"}}]}},"post_mailing_queue_ids":[],"_links":{"self":[{"href":"https:\/\/www.laguiadepamplona.com\/actualidad\/wp-json\/wp\/v2\/posts\/17435","targetHints":{"allow":["GET"]}}],"collection":[{"href":"https:\/\/www.laguiadepamplona.com\/actualidad\/wp-json\/wp\/v2\/posts"}],"about":[{"href":"https:\/\/www.laguiadepamplona.com\/actualidad\/wp-json\/wp\/v2\/types\/post"}],"author":[{"embeddable":true,"href":"https:\/\/www.laguiadepamplona.com\/actualidad\/wp-json\/wp\/v2\/users\/1"}],"replies":[{"embeddable":true,"href":"https:\/\/www.laguiadepamplona.com\/actualidad\/wp-json\/wp\/v2\/comments?post=17435"}],"version-history":[{"count":0,"href":"https:\/\/www.laguiadepamplona.com\/actualidad\/wp-json\/wp\/v2\/posts\/17435\/revisions"}],"wp:featuredmedia":[{"embeddable":true,"href":"https:\/\/www.laguiadepamplona.com\/actualidad\/wp-json\/wp\/v2\/media\/10979"}],"wp:attachment":[{"href":"https:\/\/www.laguiadepamplona.com\/actualidad\/wp-json\/wp\/v2\/media?parent=17435"}],"wp:term":[{"taxonomy":"category","embeddable":true,"href":"https:\/\/www.laguiadepamplona.com\/actualidad\/wp-json\/wp\/v2\/categories?post=17435"},{"taxonomy":"post_tag","embeddable":true,"href":"https:\/\/www.laguiadepamplona.com\/actualidad\/wp-json\/wp\/v2\/tags?post=17435"}],"curies":[{"name":"wp","href":"https:\/\/api.w.org\/{rel}","templated":true}]}}