{"id":17427,"date":"2018-05-17T11:18:39","date_gmt":"2018-05-17T10:18:39","guid":{"rendered":"http:\/\/laguiadepamplona.es\/actualidad\/?p=17427"},"modified":"2018-05-17T11:18:39","modified_gmt":"2018-05-17T10:18:39","slug":"el-27-de-mayo-finaliza-el-plazo-para-que-grupos-de-musica-y-solistas-de-entre-14-y-30-anos-se-apunten-para-tocar-en-el-nuevo-programa-musika-en-marcha","status":"publish","type":"post","link":"https:\/\/www.laguiadepamplona.com\/actualidad\/el-27-de-mayo-finaliza-el-plazo-para-que-grupos-de-musica-y-solistas-de-entre-14-y-30-anos-se-apunten-para-tocar-en-el-nuevo-programa-musika-en-marcha\/","title":{"rendered":"El 27 de mayo finaliza el plazo para que grupos de m\u00fasica y solistas de entre 14 y 30 a\u00f1os se apunten para tocar en el nuevo programa \u2018Musika en marcha\u2019"},"content":{"rendered":"<h3>El Ayuntamiento, para potenciar actuaciones de j\u00f3venes, pone a su dispoci\u00f3n escenarios en Iturrama, San Jorge, paseo Sarasate y Ciudadela<!--more--><\/h3>\n<p>El 27 de mayo finaliza el plazo para que grupos de m\u00fasica y solistas de entre 14 y 30 a\u00f1os se apunten para tocar en el nuevo programa \u2018Musika en marcha\u2019 puesto en marcha por el Ayuntamiento de Pamplona para pontenciar las actuaciones de j\u00f3venes. Pueden inscribirse grupos o solistas, con empadronamiento en Pamplona, que presenten canciones de m\u00fasica moderna: rock, pop, indie, rap, techno, heavy, metal, electr\u00f3nica, punk, soul, funk, reggae, jazz o cualquier otro estilo o tendencia musical. Hay que apuntarse en en la Casa de la Juventud (calle Sang\u00fcesa, 30) o Civivox Iturrama (calle Esqu\u00edroz, 24). Es necesaria rellenar una ficha que se recoger\u00e1 en Casa de la Juventud o en Civivox Iturrama o descargarse en la web <a href=\"http:\/\/www.pamplonajoven.es\" target=\"_blank\" rel=\"noopener\">www.pamplonajoven.es<\/a>.<\/p>\n<p>El Consistorio pondr\u00e1 a disposici\u00f3n de solistas y grupos varios escenarios durante el mes de junio: <strong>el d\u00eda 8 en la plaza del Civivox San Jorge, el 15 en la plaza del Civivox Iturrama y el 22 de junio dentro del ciclo \u2018La Casa sale a la calle\u2019 de la Casa de la Juventud que se celebrar\u00e1 en el escenario instalado en el Paseo Sarasate. Por \u00faltimo, <\/strong><strong>todos los grupos y solistas participantes, como cierre final, actuar\u00e1n en la Ciudadela el viernes 29 de junio en un <\/strong><strong>evento que contar\u00e1 con otras actividades dirigidas a la gente joven: talleres, encuentros, muestras de arte, baile, etc. en las que se podr\u00e1 participar de forma gratuita. Adem\u00e1s, quienes se apunten entrar\u00e1n a <\/strong>formar parte de la bolsa de grupos de m\u00fasica que gestiona la unidad de Juventud. <strong>Esta bolsa quedar\u00e1 a disposici\u00f3n de entidades sin \u00e1nimo de lucro para la realizaci\u00f3n de actividades gratuitas abiertas al conjunto de la poblaci\u00f3n de Pamplona.<\/strong><\/p>\n<p><strong>Actuaciones de media hora aproximadamente<\/strong><\/p>\n<p>Para poder participar, al menos la mitad de las personas componentes de un grupo y en el caso de la persona solista deben tener empadronamiento en Pamplona en el momento de inscribirse. Una misma persona puede estar en uno o m\u00e1s grupos. Un grupo con las mismas personas componentes no podr\u00e1 presentarse con m\u00e1s de una denominaci\u00f3n. Adem\u00e1s, al menos dos tercios de las personas componentes deben tener entre 14 y 30 a\u00f1os (ambos incluidos). No se admitir\u00e1n grupos o solistas con contrato en vigor con una compa\u00f1\u00eda discogr\u00e1fica. S\u00ed ser\u00e1n admitidos los grupos con trabajos discogr\u00e1ficos auto-financiados por ellos mismos.<\/p>\n<p><strong>Una vez finalizado el plazo de inscripci\u00f3n, y con solistas o grupos ya admitidos se dise\u00f1ar\u00e1 el calendario y organizaci\u00f3n de las actuaciones previendo una actuaci\u00f3n de unos 30-40 minutos por grupo o solista. Seg\u00fan el n\u00famero de inscripciones este tiempo podr\u00e1 variar. Si no fuera posible la participaci\u00f3n de todas las solicitudes recibidas por cuestiones organizativas, el Ayuntamiento realizar\u00e1 una selecci\u00f3n.<\/strong><\/p>\n<p><strong>Se puede obtener m\u00e1s informaci\u00f3n sobre \u2018Musika en marcha\u2019 en la Casa de la Juventud (calle Sang\u00fcesa, 30), tel\u00e9fono 948233512 y <a href=\"mailto:pamplonajoven@casajuventud.com\">casajuventud@casajuventud.com<\/a> o en Civivox Iturrama (calle Esqu\u00edroz, 24) y tel\u00e9fono 948366655.<\/strong><\/p>\n<p>&nbsp;<\/p>\n","protected":false},"excerpt":{"rendered":"<p>El Ayuntamiento, para potenciar actuaciones de j\u00f3venes, pone a su dispoci\u00f3n escenarios en Iturrama, San Jorge, paseo Sarasate y Ciudadela<\/p>\n","protected":false},"author":1,"featured_media":13864,"comment_status":"open","ping_status":"closed","sticky":false,"template":"","format":"standard","meta":{"footnotes":""},"categories":[2],"tags":[],"class_list":["post-17427","post","type-post","status-publish","format-standard","has-post-thumbnail","hentry","category-ayuntamiento-pamplona"],"yoast_head":"<!-- This site is optimized with the Yoast SEO plugin v27.3 - https:\/\/yoast.com\/product\/yoast-seo-wordpress\/ -->\n<title>El 27 de mayo finaliza el plazo para que grupos de m\u00fasica y solistas de entre 14 y 30 a\u00f1os se apunten para tocar en el nuevo programa \u2018Musika en marcha\u2019<\/title>\n<meta name=\"robots\" content=\"index, follow, max-snippet:-1, max-image-preview:large, max-video-preview:-1\" \/>\n<link rel=\"canonical\" href=\"https:\/\/www.laguiadepamplona.com\/actualidad\/el-27-de-mayo-finaliza-el-plazo-para-que-grupos-de-musica-y-solistas-de-entre-14-y-30-anos-se-apunten-para-tocar-en-el-nuevo-programa-musika-en-marcha\/\" \/>\n<meta property=\"og:locale\" content=\"es_ES\" \/>\n<meta property=\"og:type\" content=\"article\" \/>\n<meta property=\"og:title\" content=\"El 27 de mayo finaliza el plazo para que grupos de m\u00fasica y solistas de entre 14 y 30 a\u00f1os se apunten para tocar en el nuevo programa \u2018Musika en marcha\u2019\" \/>\n<meta property=\"og:description\" content=\"El Ayuntamiento, para potenciar actuaciones de j\u00f3venes, pone a su dispoci\u00f3n escenarios en Iturrama, San Jorge, paseo Sarasate y Ciudadela\" \/>\n<meta property=\"og:url\" content=\"https:\/\/www.laguiadepamplona.com\/actualidad\/el-27-de-mayo-finaliza-el-plazo-para-que-grupos-de-musica-y-solistas-de-entre-14-y-30-anos-se-apunten-para-tocar-en-el-nuevo-programa-musika-en-marcha\/\" \/>\n<meta property=\"og:site_name\" content=\"La Gu\u00eda de Pamplona\" \/>\n<meta property=\"article:publisher\" content=\"https:\/\/www.facebook.com\/laguiadepamplonacom-133175176762273\/?ref=hl\" \/>\n<meta property=\"article:published_time\" content=\"2018-05-17T10:18:39+00:00\" \/>\n<meta property=\"og:image\" content=\"https:\/\/www.laguiadepamplona.com\/actualidad\/wp-content\/uploads\/2017\/08\/cada_dia_plan_juventud.jpg\" \/>\n\t<meta property=\"og:image:width\" content=\"1000\" \/>\n\t<meta property=\"og:image:height\" content=\"527\" \/>\n\t<meta property=\"og:image:type\" content=\"image\/jpeg\" \/>\n<meta name=\"author\" content=\"La Gu\u00eda de Pamplona\" \/>\n<meta name=\"twitter:card\" content=\"summary_large_image\" \/>\n<meta name=\"twitter:creator\" content=\"@LaGuiadPamplona\" \/>\n<meta name=\"twitter:site\" content=\"@LaGuiadPamplona\" \/>\n<meta name=\"twitter:label1\" content=\"Escrito por\" \/>\n\t<meta name=\"twitter:data1\" content=\"La Gu\u00eda de Pamplona\" \/>\n\t<meta name=\"twitter:label2\" content=\"Tiempo de lectura\" \/>\n\t<meta name=\"twitter:data2\" content=\"3 minutos\" \/>\n<script type=\"application\/ld+json\" class=\"yoast-schema-graph\">{\"@context\":\"https:\\\/\\\/schema.org\",\"@graph\":[{\"@type\":\"Article\",\"@id\":\"https:\\\/\\\/www.laguiadepamplona.com\\\/actualidad\\\/el-27-de-mayo-finaliza-el-plazo-para-que-grupos-de-musica-y-solistas-de-entre-14-y-30-anos-se-apunten-para-tocar-en-el-nuevo-programa-musika-en-marcha\\\/#article\",\"isPartOf\":{\"@id\":\"https:\\\/\\\/www.laguiadepamplona.com\\\/actualidad\\\/el-27-de-mayo-finaliza-el-plazo-para-que-grupos-de-musica-y-solistas-de-entre-14-y-30-anos-se-apunten-para-tocar-en-el-nuevo-programa-musika-en-marcha\\\/\"},\"author\":{\"name\":\"La Gu\u00eda de Pamplona\",\"@id\":\"https:\\\/\\\/www.laguiadepamplona.com\\\/actualidad\\\/#\\\/schema\\\/person\\\/efe887376f0213d4657c93adc50b1fdb\"},\"headline\":\"El 27 de mayo finaliza el plazo para que grupos de m\u00fasica y solistas de entre 14 y 30 a\u00f1os se apunten para tocar en el nuevo programa \u2018Musika en marcha\u2019\",\"datePublished\":\"2018-05-17T10:18:39+00:00\",\"mainEntityOfPage\":{\"@id\":\"https:\\\/\\\/www.laguiadepamplona.com\\\/actualidad\\\/el-27-de-mayo-finaliza-el-plazo-para-que-grupos-de-musica-y-solistas-de-entre-14-y-30-anos-se-apunten-para-tocar-en-el-nuevo-programa-musika-en-marcha\\\/\"},\"wordCount\":564,\"commentCount\":0,\"publisher\":{\"@id\":\"https:\\\/\\\/www.laguiadepamplona.com\\\/actualidad\\\/#organization\"},\"image\":{\"@id\":\"https:\\\/\\\/www.laguiadepamplona.com\\\/actualidad\\\/el-27-de-mayo-finaliza-el-plazo-para-que-grupos-de-musica-y-solistas-de-entre-14-y-30-anos-se-apunten-para-tocar-en-el-nuevo-programa-musika-en-marcha\\\/#primaryimage\"},\"thumbnailUrl\":\"https:\\\/\\\/www.laguiadepamplona.com\\\/actualidad\\\/wp-content\\\/uploads\\\/2017\\\/08\\\/cada_dia_plan_juventud.jpg\",\"articleSection\":[\"Ayto Pamplona\"],\"inLanguage\":\"es\",\"potentialAction\":[{\"@type\":\"CommentAction\",\"name\":\"Comment\",\"target\":[\"https:\\\/\\\/www.laguiadepamplona.com\\\/actualidad\\\/el-27-de-mayo-finaliza-el-plazo-para-que-grupos-de-musica-y-solistas-de-entre-14-y-30-anos-se-apunten-para-tocar-en-el-nuevo-programa-musika-en-marcha\\\/#respond\"]}]},{\"@type\":\"WebPage\",\"@id\":\"https:\\\/\\\/www.laguiadepamplona.com\\\/actualidad\\\/el-27-de-mayo-finaliza-el-plazo-para-que-grupos-de-musica-y-solistas-de-entre-14-y-30-anos-se-apunten-para-tocar-en-el-nuevo-programa-musika-en-marcha\\\/\",\"url\":\"https:\\\/\\\/www.laguiadepamplona.com\\\/actualidad\\\/el-27-de-mayo-finaliza-el-plazo-para-que-grupos-de-musica-y-solistas-de-entre-14-y-30-anos-se-apunten-para-tocar-en-el-nuevo-programa-musika-en-marcha\\\/\",\"name\":\"El 27 de mayo finaliza el plazo para que grupos de m\u00fasica y solistas de entre 14 y 30 a\u00f1os se apunten para tocar en el nuevo programa \u2018Musika en marcha\u2019\",\"isPartOf\":{\"@id\":\"https:\\\/\\\/www.laguiadepamplona.com\\\/actualidad\\\/#website\"},\"primaryImageOfPage\":{\"@id\":\"https:\\\/\\\/www.laguiadepamplona.com\\\/actualidad\\\/el-27-de-mayo-finaliza-el-plazo-para-que-grupos-de-musica-y-solistas-de-entre-14-y-30-anos-se-apunten-para-tocar-en-el-nuevo-programa-musika-en-marcha\\\/#primaryimage\"},\"image\":{\"@id\":\"https:\\\/\\\/www.laguiadepamplona.com\\\/actualidad\\\/el-27-de-mayo-finaliza-el-plazo-para-que-grupos-de-musica-y-solistas-de-entre-14-y-30-anos-se-apunten-para-tocar-en-el-nuevo-programa-musika-en-marcha\\\/#primaryimage\"},\"thumbnailUrl\":\"https:\\\/\\\/www.laguiadepamplona.com\\\/actualidad\\\/wp-content\\\/uploads\\\/2017\\\/08\\\/cada_dia_plan_juventud.jpg\",\"datePublished\":\"2018-05-17T10:18:39+00:00\",\"breadcrumb\":{\"@id\":\"https:\\\/\\\/www.laguiadepamplona.com\\\/actualidad\\\/el-27-de-mayo-finaliza-el-plazo-para-que-grupos-de-musica-y-solistas-de-entre-14-y-30-anos-se-apunten-para-tocar-en-el-nuevo-programa-musika-en-marcha\\\/#breadcrumb\"},\"inLanguage\":\"es\",\"potentialAction\":[{\"@type\":\"ReadAction\",\"target\":[\"https:\\\/\\\/www.laguiadepamplona.com\\\/actualidad\\\/el-27-de-mayo-finaliza-el-plazo-para-que-grupos-de-musica-y-solistas-de-entre-14-y-30-anos-se-apunten-para-tocar-en-el-nuevo-programa-musika-en-marcha\\\/\"]}]},{\"@type\":\"ImageObject\",\"inLanguage\":\"es\",\"@id\":\"https:\\\/\\\/www.laguiadepamplona.com\\\/actualidad\\\/el-27-de-mayo-finaliza-el-plazo-para-que-grupos-de-musica-y-solistas-de-entre-14-y-30-anos-se-apunten-para-tocar-en-el-nuevo-programa-musika-en-marcha\\\/#primaryimage\",\"url\":\"https:\\\/\\\/www.laguiadepamplona.com\\\/actualidad\\\/wp-content\\\/uploads\\\/2017\\\/08\\\/cada_dia_plan_juventud.jpg\",\"contentUrl\":\"https:\\\/\\\/www.laguiadepamplona.com\\\/actualidad\\\/wp-content\\\/uploads\\\/2017\\\/08\\\/cada_dia_plan_juventud.jpg\",\"width\":1000,\"height\":527},{\"@type\":\"BreadcrumbList\",\"@id\":\"https:\\\/\\\/www.laguiadepamplona.com\\\/actualidad\\\/el-27-de-mayo-finaliza-el-plazo-para-que-grupos-de-musica-y-solistas-de-entre-14-y-30-anos-se-apunten-para-tocar-en-el-nuevo-programa-musika-en-marcha\\\/#breadcrumb\",\"itemListElement\":[{\"@type\":\"ListItem\",\"position\":1,\"name\":\"Portada\",\"item\":\"https:\\\/\\\/www.laguiadepamplona.com\\\/actualidad\\\/\"},{\"@type\":\"ListItem\",\"position\":2,\"name\":\"El 27 de mayo finaliza el plazo para que grupos de m\u00fasica y solistas de entre 14 y 30 a\u00f1os se apunten para tocar en el nuevo programa \u2018Musika en marcha\u2019\"}]},{\"@type\":\"WebSite\",\"@id\":\"https:\\\/\\\/www.laguiadepamplona.com\\\/actualidad\\\/#website\",\"url\":\"https:\\\/\\\/www.laguiadepamplona.com\\\/actualidad\\\/\",\"name\":\"La gu\u00eda de Pamplona\",\"description\":\"Noticias de Pamplona\",\"publisher\":{\"@id\":\"https:\\\/\\\/www.laguiadepamplona.com\\\/actualidad\\\/#organization\"},\"potentialAction\":[{\"@type\":\"SearchAction\",\"target\":{\"@type\":\"EntryPoint\",\"urlTemplate\":\"https:\\\/\\\/www.laguiadepamplona.com\\\/actualidad\\\/?s={search_term_string}\"},\"query-input\":{\"@type\":\"PropertyValueSpecification\",\"valueRequired\":true,\"valueName\":\"search_term_string\"}}],\"inLanguage\":\"es\"},{\"@type\":\"Organization\",\"@id\":\"https:\\\/\\\/www.laguiadepamplona.com\\\/actualidad\\\/#organization\",\"name\":\"La Gu\u00eda de Pamplona \\\/ Noticias\",\"url\":\"https:\\\/\\\/www.laguiadepamplona.com\\\/actualidad\\\/\",\"logo\":{\"@type\":\"ImageObject\",\"inLanguage\":\"es\",\"@id\":\"https:\\\/\\\/www.laguiadepamplona.com\\\/actualidad\\\/#\\\/schema\\\/logo\\\/image\\\/\",\"url\":\"https:\\\/\\\/www.laguiadepamplona.com\\\/actualidad\\\/wp-content\\\/uploads\\\/2018\\\/11\\\/logo-laguiadepamplona18-web1.png\",\"contentUrl\":\"https:\\\/\\\/www.laguiadepamplona.com\\\/actualidad\\\/wp-content\\\/uploads\\\/2018\\\/11\\\/logo-laguiadepamplona18-web1.png\",\"width\":600,\"height\":196,\"caption\":\"La Gu\u00eda de Pamplona \\\/ Noticias\"},\"image\":{\"@id\":\"https:\\\/\\\/www.laguiadepamplona.com\\\/actualidad\\\/#\\\/schema\\\/logo\\\/image\\\/\"},\"sameAs\":[\"https:\\\/\\\/www.facebook.com\\\/laguiadepamplonacom-133175176762273\\\/?ref=hl\",\"https:\\\/\\\/x.com\\\/LaGuiadPamplona\",\"https:\\\/\\\/www.instagram.com\\\/la_guia_de_pamplona\\\/\",\"https:\\\/\\\/www.youtube.com\\\/user\\\/laguiadepamplona\"]},{\"@type\":\"Person\",\"@id\":\"https:\\\/\\\/www.laguiadepamplona.com\\\/actualidad\\\/#\\\/schema\\\/person\\\/efe887376f0213d4657c93adc50b1fdb\",\"name\":\"La Gu\u00eda de Pamplona\",\"image\":{\"@type\":\"ImageObject\",\"inLanguage\":\"es\",\"@id\":\"https:\\\/\\\/secure.gravatar.com\\\/avatar\\\/b6992f131dc8d30ab0dff15446e9d346d9dbd95992de0fef795073f5ea83a81c?s=96&d=mm&r=g\",\"url\":\"https:\\\/\\\/secure.gravatar.com\\\/avatar\\\/b6992f131dc8d30ab0dff15446e9d346d9dbd95992de0fef795073f5ea83a81c?s=96&d=mm&r=g\",\"contentUrl\":\"https:\\\/\\\/secure.gravatar.com\\\/avatar\\\/b6992f131dc8d30ab0dff15446e9d346d9dbd95992de0fef795073f5ea83a81c?s=96&d=mm&r=g\",\"caption\":\"La Gu\u00eda de Pamplona\"}}]}<\/script>\n<!-- \/ Yoast SEO plugin. -->","yoast_head_json":{"title":"El 27 de mayo finaliza el plazo para que grupos de m\u00fasica y solistas de entre 14 y 30 a\u00f1os se apunten para tocar en el nuevo programa \u2018Musika en marcha\u2019","robots":{"index":"index","follow":"follow","max-snippet":"max-snippet:-1","max-image-preview":"max-image-preview:large","max-video-preview":"max-video-preview:-1"},"canonical":"https:\/\/www.laguiadepamplona.com\/actualidad\/el-27-de-mayo-finaliza-el-plazo-para-que-grupos-de-musica-y-solistas-de-entre-14-y-30-anos-se-apunten-para-tocar-en-el-nuevo-programa-musika-en-marcha\/","og_locale":"es_ES","og_type":"article","og_title":"El 27 de mayo finaliza el plazo para que grupos de m\u00fasica y solistas de entre 14 y 30 a\u00f1os se apunten para tocar en el nuevo programa \u2018Musika en marcha\u2019","og_description":"El Ayuntamiento, para potenciar actuaciones de j\u00f3venes, pone a su dispoci\u00f3n escenarios en Iturrama, San Jorge, paseo Sarasate y Ciudadela","og_url":"https:\/\/www.laguiadepamplona.com\/actualidad\/el-27-de-mayo-finaliza-el-plazo-para-que-grupos-de-musica-y-solistas-de-entre-14-y-30-anos-se-apunten-para-tocar-en-el-nuevo-programa-musika-en-marcha\/","og_site_name":"La Gu\u00eda de Pamplona","article_publisher":"https:\/\/www.facebook.com\/laguiadepamplonacom-133175176762273\/?ref=hl","article_published_time":"2018-05-17T10:18:39+00:00","og_image":[{"width":1000,"height":527,"url":"https:\/\/www.laguiadepamplona.com\/actualidad\/wp-content\/uploads\/2017\/08\/cada_dia_plan_juventud.jpg","type":"image\/jpeg"}],"author":"La Gu\u00eda de Pamplona","twitter_card":"summary_large_image","twitter_creator":"@LaGuiadPamplona","twitter_site":"@LaGuiadPamplona","twitter_misc":{"Escrito por":"La Gu\u00eda de Pamplona","Tiempo de lectura":"3 minutos"},"schema":{"@context":"https:\/\/schema.org","@graph":[{"@type":"Article","@id":"https:\/\/www.laguiadepamplona.com\/actualidad\/el-27-de-mayo-finaliza-el-plazo-para-que-grupos-de-musica-y-solistas-de-entre-14-y-30-anos-se-apunten-para-tocar-en-el-nuevo-programa-musika-en-marcha\/#article","isPartOf":{"@id":"https:\/\/www.laguiadepamplona.com\/actualidad\/el-27-de-mayo-finaliza-el-plazo-para-que-grupos-de-musica-y-solistas-de-entre-14-y-30-anos-se-apunten-para-tocar-en-el-nuevo-programa-musika-en-marcha\/"},"author":{"name":"La Gu\u00eda de Pamplona","@id":"https:\/\/www.laguiadepamplona.com\/actualidad\/#\/schema\/person\/efe887376f0213d4657c93adc50b1fdb"},"headline":"El 27 de mayo finaliza el plazo para que grupos de m\u00fasica y solistas de entre 14 y 30 a\u00f1os se apunten para tocar en el nuevo programa \u2018Musika en marcha\u2019","datePublished":"2018-05-17T10:18:39+00:00","mainEntityOfPage":{"@id":"https:\/\/www.laguiadepamplona.com\/actualidad\/el-27-de-mayo-finaliza-el-plazo-para-que-grupos-de-musica-y-solistas-de-entre-14-y-30-anos-se-apunten-para-tocar-en-el-nuevo-programa-musika-en-marcha\/"},"wordCount":564,"commentCount":0,"publisher":{"@id":"https:\/\/www.laguiadepamplona.com\/actualidad\/#organization"},"image":{"@id":"https:\/\/www.laguiadepamplona.com\/actualidad\/el-27-de-mayo-finaliza-el-plazo-para-que-grupos-de-musica-y-solistas-de-entre-14-y-30-anos-se-apunten-para-tocar-en-el-nuevo-programa-musika-en-marcha\/#primaryimage"},"thumbnailUrl":"https:\/\/www.laguiadepamplona.com\/actualidad\/wp-content\/uploads\/2017\/08\/cada_dia_plan_juventud.jpg","articleSection":["Ayto Pamplona"],"inLanguage":"es","potentialAction":[{"@type":"CommentAction","name":"Comment","target":["https:\/\/www.laguiadepamplona.com\/actualidad\/el-27-de-mayo-finaliza-el-plazo-para-que-grupos-de-musica-y-solistas-de-entre-14-y-30-anos-se-apunten-para-tocar-en-el-nuevo-programa-musika-en-marcha\/#respond"]}]},{"@type":"WebPage","@id":"https:\/\/www.laguiadepamplona.com\/actualidad\/el-27-de-mayo-finaliza-el-plazo-para-que-grupos-de-musica-y-solistas-de-entre-14-y-30-anos-se-apunten-para-tocar-en-el-nuevo-programa-musika-en-marcha\/","url":"https:\/\/www.laguiadepamplona.com\/actualidad\/el-27-de-mayo-finaliza-el-plazo-para-que-grupos-de-musica-y-solistas-de-entre-14-y-30-anos-se-apunten-para-tocar-en-el-nuevo-programa-musika-en-marcha\/","name":"El 27 de mayo finaliza el plazo para que grupos de m\u00fasica y solistas de entre 14 y 30 a\u00f1os se apunten para tocar en el nuevo programa \u2018Musika en marcha\u2019","isPartOf":{"@id":"https:\/\/www.laguiadepamplona.com\/actualidad\/#website"},"primaryImageOfPage":{"@id":"https:\/\/www.laguiadepamplona.com\/actualidad\/el-27-de-mayo-finaliza-el-plazo-para-que-grupos-de-musica-y-solistas-de-entre-14-y-30-anos-se-apunten-para-tocar-en-el-nuevo-programa-musika-en-marcha\/#primaryimage"},"image":{"@id":"https:\/\/www.laguiadepamplona.com\/actualidad\/el-27-de-mayo-finaliza-el-plazo-para-que-grupos-de-musica-y-solistas-de-entre-14-y-30-anos-se-apunten-para-tocar-en-el-nuevo-programa-musika-en-marcha\/#primaryimage"},"thumbnailUrl":"https:\/\/www.laguiadepamplona.com\/actualidad\/wp-content\/uploads\/2017\/08\/cada_dia_plan_juventud.jpg","datePublished":"2018-05-17T10:18:39+00:00","breadcrumb":{"@id":"https:\/\/www.laguiadepamplona.com\/actualidad\/el-27-de-mayo-finaliza-el-plazo-para-que-grupos-de-musica-y-solistas-de-entre-14-y-30-anos-se-apunten-para-tocar-en-el-nuevo-programa-musika-en-marcha\/#breadcrumb"},"inLanguage":"es","potentialAction":[{"@type":"ReadAction","target":["https:\/\/www.laguiadepamplona.com\/actualidad\/el-27-de-mayo-finaliza-el-plazo-para-que-grupos-de-musica-y-solistas-de-entre-14-y-30-anos-se-apunten-para-tocar-en-el-nuevo-programa-musika-en-marcha\/"]}]},{"@type":"ImageObject","inLanguage":"es","@id":"https:\/\/www.laguiadepamplona.com\/actualidad\/el-27-de-mayo-finaliza-el-plazo-para-que-grupos-de-musica-y-solistas-de-entre-14-y-30-anos-se-apunten-para-tocar-en-el-nuevo-programa-musika-en-marcha\/#primaryimage","url":"https:\/\/www.laguiadepamplona.com\/actualidad\/wp-content\/uploads\/2017\/08\/cada_dia_plan_juventud.jpg","contentUrl":"https:\/\/www.laguiadepamplona.com\/actualidad\/wp-content\/uploads\/2017\/08\/cada_dia_plan_juventud.jpg","width":1000,"height":527},{"@type":"BreadcrumbList","@id":"https:\/\/www.laguiadepamplona.com\/actualidad\/el-27-de-mayo-finaliza-el-plazo-para-que-grupos-de-musica-y-solistas-de-entre-14-y-30-anos-se-apunten-para-tocar-en-el-nuevo-programa-musika-en-marcha\/#breadcrumb","itemListElement":[{"@type":"ListItem","position":1,"name":"Portada","item":"https:\/\/www.laguiadepamplona.com\/actualidad\/"},{"@type":"ListItem","position":2,"name":"El 27 de mayo finaliza el plazo para que grupos de m\u00fasica y solistas de entre 14 y 30 a\u00f1os se apunten para tocar en el nuevo programa \u2018Musika en marcha\u2019"}]},{"@type":"WebSite","@id":"https:\/\/www.laguiadepamplona.com\/actualidad\/#website","url":"https:\/\/www.laguiadepamplona.com\/actualidad\/","name":"La gu\u00eda de Pamplona","description":"Noticias de Pamplona","publisher":{"@id":"https:\/\/www.laguiadepamplona.com\/actualidad\/#organization"},"potentialAction":[{"@type":"SearchAction","target":{"@type":"EntryPoint","urlTemplate":"https:\/\/www.laguiadepamplona.com\/actualidad\/?s={search_term_string}"},"query-input":{"@type":"PropertyValueSpecification","valueRequired":true,"valueName":"search_term_string"}}],"inLanguage":"es"},{"@type":"Organization","@id":"https:\/\/www.laguiadepamplona.com\/actualidad\/#organization","name":"La Gu\u00eda de Pamplona \/ Noticias","url":"https:\/\/www.laguiadepamplona.com\/actualidad\/","logo":{"@type":"ImageObject","inLanguage":"es","@id":"https:\/\/www.laguiadepamplona.com\/actualidad\/#\/schema\/logo\/image\/","url":"https:\/\/www.laguiadepamplona.com\/actualidad\/wp-content\/uploads\/2018\/11\/logo-laguiadepamplona18-web1.png","contentUrl":"https:\/\/www.laguiadepamplona.com\/actualidad\/wp-content\/uploads\/2018\/11\/logo-laguiadepamplona18-web1.png","width":600,"height":196,"caption":"La Gu\u00eda de Pamplona \/ Noticias"},"image":{"@id":"https:\/\/www.laguiadepamplona.com\/actualidad\/#\/schema\/logo\/image\/"},"sameAs":["https:\/\/www.facebook.com\/laguiadepamplonacom-133175176762273\/?ref=hl","https:\/\/x.com\/LaGuiadPamplona","https:\/\/www.instagram.com\/la_guia_de_pamplona\/","https:\/\/www.youtube.com\/user\/laguiadepamplona"]},{"@type":"Person","@id":"https:\/\/www.laguiadepamplona.com\/actualidad\/#\/schema\/person\/efe887376f0213d4657c93adc50b1fdb","name":"La Gu\u00eda de Pamplona","image":{"@type":"ImageObject","inLanguage":"es","@id":"https:\/\/secure.gravatar.com\/avatar\/b6992f131dc8d30ab0dff15446e9d346d9dbd95992de0fef795073f5ea83a81c?s=96&d=mm&r=g","url":"https:\/\/secure.gravatar.com\/avatar\/b6992f131dc8d30ab0dff15446e9d346d9dbd95992de0fef795073f5ea83a81c?s=96&d=mm&r=g","contentUrl":"https:\/\/secure.gravatar.com\/avatar\/b6992f131dc8d30ab0dff15446e9d346d9dbd95992de0fef795073f5ea83a81c?s=96&d=mm&r=g","caption":"La Gu\u00eda de Pamplona"}}]}},"post_mailing_queue_ids":[],"_links":{"self":[{"href":"https:\/\/www.laguiadepamplona.com\/actualidad\/wp-json\/wp\/v2\/posts\/17427","targetHints":{"allow":["GET"]}}],"collection":[{"href":"https:\/\/www.laguiadepamplona.com\/actualidad\/wp-json\/wp\/v2\/posts"}],"about":[{"href":"https:\/\/www.laguiadepamplona.com\/actualidad\/wp-json\/wp\/v2\/types\/post"}],"author":[{"embeddable":true,"href":"https:\/\/www.laguiadepamplona.com\/actualidad\/wp-json\/wp\/v2\/users\/1"}],"replies":[{"embeddable":true,"href":"https:\/\/www.laguiadepamplona.com\/actualidad\/wp-json\/wp\/v2\/comments?post=17427"}],"version-history":[{"count":0,"href":"https:\/\/www.laguiadepamplona.com\/actualidad\/wp-json\/wp\/v2\/posts\/17427\/revisions"}],"wp:featuredmedia":[{"embeddable":true,"href":"https:\/\/www.laguiadepamplona.com\/actualidad\/wp-json\/wp\/v2\/media\/13864"}],"wp:attachment":[{"href":"https:\/\/www.laguiadepamplona.com\/actualidad\/wp-json\/wp\/v2\/media?parent=17427"}],"wp:term":[{"taxonomy":"category","embeddable":true,"href":"https:\/\/www.laguiadepamplona.com\/actualidad\/wp-json\/wp\/v2\/categories?post=17427"},{"taxonomy":"post_tag","embeddable":true,"href":"https:\/\/www.laguiadepamplona.com\/actualidad\/wp-json\/wp\/v2\/tags?post=17427"}],"curies":[{"name":"wp","href":"https:\/\/api.w.org\/{rel}","templated":true}]}}