{"id":17423,"date":"2018-05-17T11:15:56","date_gmt":"2018-05-17T10:15:56","guid":{"rendered":"http:\/\/laguiadepamplona.es\/actualidad\/?p=17423"},"modified":"2018-05-17T11:15:56","modified_gmt":"2018-05-17T10:15:56","slug":"el-ayuntamiento-amplia-hasta-el-5-de-junio-el-plazo-para-presentar-aportaciones-para-el-diseno-y-creacion-de-la-casa-de-las-mujeres-de-pamplona","status":"publish","type":"post","link":"https:\/\/www.laguiadepamplona.com\/actualidad\/el-ayuntamiento-amplia-hasta-el-5-de-junio-el-plazo-para-presentar-aportaciones-para-el-diseno-y-creacion-de-la-casa-de-las-mujeres-de-pamplona\/","title":{"rendered":"El Ayuntamiento ampl\u00eda hasta el 5 de junio el plazo para presentar aportaciones para el dise\u00f1o y creaci\u00f3n de la Casa de las Mujeres de Pamplona"},"content":{"rendered":"<h3>Las propuestas pueden presentarse por Internet o en el \u00c1rea de Igualdad, adem\u00e1s de participar los mi\u00e9rcoles en las sesiones en Plazara!<!--more--><\/h3>\n<p>El Ayuntamiento de Pamplona ha ampliado hasta el 5 de junio el plazo para presentar aportaciones al proceso participativo para la creaci\u00f3n de la Casa de las Mujeres de Pamplona. La ciudadan\u00eda puede presentar sus propuestas bien a trav\u00e9s de la <a href=\"https:\/\/erabaki.pamplona.es\/\" target=\"_blank\" rel=\"noopener\">plataforma Erabaki<\/a> (<a href=\"https:\/\/erabaki.pamplona.es\/\" target=\"_blank\" rel=\"noopener\">https:\/\/erabaki.pamplona.es<\/a>) o presencialmente en el \u00c1rea de Igualdad y LGTBI (en la cuarta planta de la Casa Consistorial). Las propuestas podr\u00e1n ser individuales y\/o colectivas, y deber\u00e1n versar sobre actividades o programas, espacios, filosof\u00eda, financiaci\u00f3n, modelo de gesti\u00f3n y funcionamiento y servicios. Estas propuestas se debatir\u00e1n despu\u00e9s en el grupo de construcci\u00f3n colectiva para su valoraci\u00f3n.<\/p>\n<p>La Casa de las Mujeres en Pamplona es una iniciativa del Ayuntamiento de Pamplona que pretende dotar a las mujeres de la ciudad un espacio f\u00edsico y simb\u00f3lico para pasar del empoderamiento individual al empoderamiento colectivo y en red, adem\u00e1s de crear las condiciones para fortalecer el movimiento asociativo y feminista.<\/p>\n<p>Para ello, se han previsto adem\u00e1s seis sesiones presenciales para dar forma al proyecto. Ya se han celebrado tres sesiones, si bien la participaci\u00f3n sigue abierta. Para unirse \u00fanicamente es preciso asumir las decisiones tomadas hasta el momento. Las interesadas en participar pueden apuntarse llamando al tel\u00e9fono 948 420 150, enviando un mensaje a <a href=\"mailto:igualdad@pamplona.es\">igualdad@pamplona.es<\/a> o acudiendo al \u00c1rea de Igualdad (Casa Consistorial. Plaza Consistorial s\/n, 4\u00aa planta).<\/p>\n<p>Las sesiones se desarrollan en horario de 18 a 20 horas en Plazara! (C\/Mayor 31). Para facilitar la participaci\u00f3n de las mujeres, se ofrecer\u00e1 servicio de conciliaci\u00f3n para menores de 3 a 9 a\u00f1os. La pr\u00f3xima sesi\u00f3n, prevista para el 23 de mayo, profundizar\u00e1 en los modelos de gesti\u00f3n, en la relaci\u00f3n entre el Ayuntamiento y la Casa de las Mujeres, y en las posibles actividades que podr\u00eda ofrecer. Y en la siguiente sesi\u00f3n, el 6 de junio, se valorar\u00e1 el espacio, los edificios posibles. Se analizar\u00e1 la situaci\u00f3n y definici\u00f3n de posible organizaci\u00f3n y utilizaci\u00f3n del espacio, y su financiaci\u00f3n. Est\u00e1 prevista una \u00faltima sesi\u00f3n, el 13 de junio, de s\u00edntesis, para presentar la propuesta final elaborada por las mujeres que participen en el proceso.<\/p>\n<p>La Casa de las Mujeres, adem\u00e1s de enmarcarse en los principios rectores que gu\u00edan el III Plan para la Igualdad, responde a los objetivos recogidos en la L\u00ednea Estrat\u00e9gica de Participaci\u00f3n e incidencia pol\u00edtica: OE10. Conseguir que el movimiento organizado de mujeres se convierta en \u00f3rgano de interlocuci\u00f3n con el Ayuntamiento; OE 11. Crear las condiciones para fortalecer el movimiento asociativo y feminista de la ciudad.<\/p>\n<p>&nbsp;<\/p>\n","protected":false},"excerpt":{"rendered":"<p>Las propuestas pueden presentarse por Internet o en el \u00c1rea de Igualdad, adem\u00e1s de participar los mi\u00e9rcoles en las sesiones en Plazara!<\/p>\n","protected":false},"author":1,"featured_media":10979,"comment_status":"open","ping_status":"closed","sticky":false,"template":"","format":"standard","meta":{"footnotes":""},"categories":[2],"tags":[],"class_list":["post-17423","post","type-post","status-publish","format-standard","has-post-thumbnail","hentry","category-ayuntamiento-pamplona"],"yoast_head":"<!-- This site is optimized with the Yoast SEO plugin v27.3 - https:\/\/yoast.com\/product\/yoast-seo-wordpress\/ -->\n<title>El Ayuntamiento ampl\u00eda hasta el 5 de junio el plazo para presentar aportaciones para el dise\u00f1o y creaci\u00f3n de la Casa de las Mujeres de Pamplona<\/title>\n<meta name=\"robots\" content=\"index, follow, max-snippet:-1, max-image-preview:large, max-video-preview:-1\" \/>\n<link rel=\"canonical\" href=\"https:\/\/www.laguiadepamplona.com\/actualidad\/el-ayuntamiento-amplia-hasta-el-5-de-junio-el-plazo-para-presentar-aportaciones-para-el-diseno-y-creacion-de-la-casa-de-las-mujeres-de-pamplona\/\" \/>\n<meta property=\"og:locale\" content=\"es_ES\" \/>\n<meta property=\"og:type\" content=\"article\" \/>\n<meta property=\"og:title\" content=\"El Ayuntamiento ampl\u00eda hasta el 5 de junio el plazo para presentar aportaciones para el dise\u00f1o y creaci\u00f3n de la Casa de las Mujeres de Pamplona\" \/>\n<meta property=\"og:description\" content=\"Las propuestas pueden presentarse por Internet o en el \u00c1rea de Igualdad, adem\u00e1s de participar los mi\u00e9rcoles en las sesiones en Plazara!\" \/>\n<meta property=\"og:url\" content=\"https:\/\/www.laguiadepamplona.com\/actualidad\/el-ayuntamiento-amplia-hasta-el-5-de-junio-el-plazo-para-presentar-aportaciones-para-el-diseno-y-creacion-de-la-casa-de-las-mujeres-de-pamplona\/\" \/>\n<meta property=\"og:site_name\" content=\"La Gu\u00eda de Pamplona\" \/>\n<meta property=\"article:publisher\" content=\"https:\/\/www.facebook.com\/laguiadepamplonacom-133175176762273\/?ref=hl\" \/>\n<meta property=\"article:published_time\" content=\"2018-05-17T10:15:56+00:00\" \/>\n<meta property=\"og:image\" content=\"https:\/\/www.laguiadepamplona.com\/actualidad\/wp-content\/uploads\/2016\/11\/Ayto_Pamplona.jpg\" \/>\n\t<meta property=\"og:image:width\" content=\"900\" \/>\n\t<meta property=\"og:image:height\" content=\"675\" \/>\n\t<meta property=\"og:image:type\" content=\"image\/jpeg\" \/>\n<meta name=\"author\" content=\"La Gu\u00eda de Pamplona\" \/>\n<meta name=\"twitter:card\" content=\"summary_large_image\" \/>\n<meta name=\"twitter:creator\" content=\"@LaGuiadPamplona\" \/>\n<meta name=\"twitter:site\" content=\"@LaGuiadPamplona\" \/>\n<meta name=\"twitter:label1\" content=\"Escrito por\" \/>\n\t<meta name=\"twitter:data1\" content=\"La Gu\u00eda de Pamplona\" \/>\n\t<meta name=\"twitter:label2\" content=\"Tiempo de lectura\" \/>\n\t<meta name=\"twitter:data2\" content=\"2 minutos\" \/>\n<script type=\"application\/ld+json\" class=\"yoast-schema-graph\">{\"@context\":\"https:\\\/\\\/schema.org\",\"@graph\":[{\"@type\":\"Article\",\"@id\":\"https:\\\/\\\/www.laguiadepamplona.com\\\/actualidad\\\/el-ayuntamiento-amplia-hasta-el-5-de-junio-el-plazo-para-presentar-aportaciones-para-el-diseno-y-creacion-de-la-casa-de-las-mujeres-de-pamplona\\\/#article\",\"isPartOf\":{\"@id\":\"https:\\\/\\\/www.laguiadepamplona.com\\\/actualidad\\\/el-ayuntamiento-amplia-hasta-el-5-de-junio-el-plazo-para-presentar-aportaciones-para-el-diseno-y-creacion-de-la-casa-de-las-mujeres-de-pamplona\\\/\"},\"author\":{\"name\":\"La Gu\u00eda de Pamplona\",\"@id\":\"https:\\\/\\\/www.laguiadepamplona.com\\\/actualidad\\\/#\\\/schema\\\/person\\\/efe887376f0213d4657c93adc50b1fdb\"},\"headline\":\"El Ayuntamiento ampl\u00eda hasta el 5 de junio el plazo para presentar aportaciones para el dise\u00f1o y creaci\u00f3n de la Casa de las Mujeres de Pamplona\",\"datePublished\":\"2018-05-17T10:15:56+00:00\",\"mainEntityOfPage\":{\"@id\":\"https:\\\/\\\/www.laguiadepamplona.com\\\/actualidad\\\/el-ayuntamiento-amplia-hasta-el-5-de-junio-el-plazo-para-presentar-aportaciones-para-el-diseno-y-creacion-de-la-casa-de-las-mujeres-de-pamplona\\\/\"},\"wordCount\":498,\"commentCount\":0,\"publisher\":{\"@id\":\"https:\\\/\\\/www.laguiadepamplona.com\\\/actualidad\\\/#organization\"},\"image\":{\"@id\":\"https:\\\/\\\/www.laguiadepamplona.com\\\/actualidad\\\/el-ayuntamiento-amplia-hasta-el-5-de-junio-el-plazo-para-presentar-aportaciones-para-el-diseno-y-creacion-de-la-casa-de-las-mujeres-de-pamplona\\\/#primaryimage\"},\"thumbnailUrl\":\"https:\\\/\\\/www.laguiadepamplona.com\\\/actualidad\\\/wp-content\\\/uploads\\\/2016\\\/11\\\/Ayto_Pamplona.jpg\",\"articleSection\":[\"Ayto Pamplona\"],\"inLanguage\":\"es\",\"potentialAction\":[{\"@type\":\"CommentAction\",\"name\":\"Comment\",\"target\":[\"https:\\\/\\\/www.laguiadepamplona.com\\\/actualidad\\\/el-ayuntamiento-amplia-hasta-el-5-de-junio-el-plazo-para-presentar-aportaciones-para-el-diseno-y-creacion-de-la-casa-de-las-mujeres-de-pamplona\\\/#respond\"]}]},{\"@type\":\"WebPage\",\"@id\":\"https:\\\/\\\/www.laguiadepamplona.com\\\/actualidad\\\/el-ayuntamiento-amplia-hasta-el-5-de-junio-el-plazo-para-presentar-aportaciones-para-el-diseno-y-creacion-de-la-casa-de-las-mujeres-de-pamplona\\\/\",\"url\":\"https:\\\/\\\/www.laguiadepamplona.com\\\/actualidad\\\/el-ayuntamiento-amplia-hasta-el-5-de-junio-el-plazo-para-presentar-aportaciones-para-el-diseno-y-creacion-de-la-casa-de-las-mujeres-de-pamplona\\\/\",\"name\":\"El Ayuntamiento ampl\u00eda hasta el 5 de junio el plazo para presentar aportaciones para el dise\u00f1o y creaci\u00f3n de la Casa de las Mujeres de Pamplona\",\"isPartOf\":{\"@id\":\"https:\\\/\\\/www.laguiadepamplona.com\\\/actualidad\\\/#website\"},\"primaryImageOfPage\":{\"@id\":\"https:\\\/\\\/www.laguiadepamplona.com\\\/actualidad\\\/el-ayuntamiento-amplia-hasta-el-5-de-junio-el-plazo-para-presentar-aportaciones-para-el-diseno-y-creacion-de-la-casa-de-las-mujeres-de-pamplona\\\/#primaryimage\"},\"image\":{\"@id\":\"https:\\\/\\\/www.laguiadepamplona.com\\\/actualidad\\\/el-ayuntamiento-amplia-hasta-el-5-de-junio-el-plazo-para-presentar-aportaciones-para-el-diseno-y-creacion-de-la-casa-de-las-mujeres-de-pamplona\\\/#primaryimage\"},\"thumbnailUrl\":\"https:\\\/\\\/www.laguiadepamplona.com\\\/actualidad\\\/wp-content\\\/uploads\\\/2016\\\/11\\\/Ayto_Pamplona.jpg\",\"datePublished\":\"2018-05-17T10:15:56+00:00\",\"breadcrumb\":{\"@id\":\"https:\\\/\\\/www.laguiadepamplona.com\\\/actualidad\\\/el-ayuntamiento-amplia-hasta-el-5-de-junio-el-plazo-para-presentar-aportaciones-para-el-diseno-y-creacion-de-la-casa-de-las-mujeres-de-pamplona\\\/#breadcrumb\"},\"inLanguage\":\"es\",\"potentialAction\":[{\"@type\":\"ReadAction\",\"target\":[\"https:\\\/\\\/www.laguiadepamplona.com\\\/actualidad\\\/el-ayuntamiento-amplia-hasta-el-5-de-junio-el-plazo-para-presentar-aportaciones-para-el-diseno-y-creacion-de-la-casa-de-las-mujeres-de-pamplona\\\/\"]}]},{\"@type\":\"ImageObject\",\"inLanguage\":\"es\",\"@id\":\"https:\\\/\\\/www.laguiadepamplona.com\\\/actualidad\\\/el-ayuntamiento-amplia-hasta-el-5-de-junio-el-plazo-para-presentar-aportaciones-para-el-diseno-y-creacion-de-la-casa-de-las-mujeres-de-pamplona\\\/#primaryimage\",\"url\":\"https:\\\/\\\/www.laguiadepamplona.com\\\/actualidad\\\/wp-content\\\/uploads\\\/2016\\\/11\\\/Ayto_Pamplona.jpg\",\"contentUrl\":\"https:\\\/\\\/www.laguiadepamplona.com\\\/actualidad\\\/wp-content\\\/uploads\\\/2016\\\/11\\\/Ayto_Pamplona.jpg\",\"width\":900,\"height\":675},{\"@type\":\"BreadcrumbList\",\"@id\":\"https:\\\/\\\/www.laguiadepamplona.com\\\/actualidad\\\/el-ayuntamiento-amplia-hasta-el-5-de-junio-el-plazo-para-presentar-aportaciones-para-el-diseno-y-creacion-de-la-casa-de-las-mujeres-de-pamplona\\\/#breadcrumb\",\"itemListElement\":[{\"@type\":\"ListItem\",\"position\":1,\"name\":\"Portada\",\"item\":\"https:\\\/\\\/www.laguiadepamplona.com\\\/actualidad\\\/\"},{\"@type\":\"ListItem\",\"position\":2,\"name\":\"El Ayuntamiento ampl\u00eda hasta el 5 de junio el plazo para presentar aportaciones para el dise\u00f1o y creaci\u00f3n de la Casa de las Mujeres de Pamplona\"}]},{\"@type\":\"WebSite\",\"@id\":\"https:\\\/\\\/www.laguiadepamplona.com\\\/actualidad\\\/#website\",\"url\":\"https:\\\/\\\/www.laguiadepamplona.com\\\/actualidad\\\/\",\"name\":\"La gu\u00eda de Pamplona\",\"description\":\"Noticias de Pamplona\",\"publisher\":{\"@id\":\"https:\\\/\\\/www.laguiadepamplona.com\\\/actualidad\\\/#organization\"},\"potentialAction\":[{\"@type\":\"SearchAction\",\"target\":{\"@type\":\"EntryPoint\",\"urlTemplate\":\"https:\\\/\\\/www.laguiadepamplona.com\\\/actualidad\\\/?s={search_term_string}\"},\"query-input\":{\"@type\":\"PropertyValueSpecification\",\"valueRequired\":true,\"valueName\":\"search_term_string\"}}],\"inLanguage\":\"es\"},{\"@type\":\"Organization\",\"@id\":\"https:\\\/\\\/www.laguiadepamplona.com\\\/actualidad\\\/#organization\",\"name\":\"La Gu\u00eda de Pamplona \\\/ Noticias\",\"url\":\"https:\\\/\\\/www.laguiadepamplona.com\\\/actualidad\\\/\",\"logo\":{\"@type\":\"ImageObject\",\"inLanguage\":\"es\",\"@id\":\"https:\\\/\\\/www.laguiadepamplona.com\\\/actualidad\\\/#\\\/schema\\\/logo\\\/image\\\/\",\"url\":\"https:\\\/\\\/www.laguiadepamplona.com\\\/actualidad\\\/wp-content\\\/uploads\\\/2018\\\/11\\\/logo-laguiadepamplona18-web1.png\",\"contentUrl\":\"https:\\\/\\\/www.laguiadepamplona.com\\\/actualidad\\\/wp-content\\\/uploads\\\/2018\\\/11\\\/logo-laguiadepamplona18-web1.png\",\"width\":600,\"height\":196,\"caption\":\"La Gu\u00eda de Pamplona \\\/ Noticias\"},\"image\":{\"@id\":\"https:\\\/\\\/www.laguiadepamplona.com\\\/actualidad\\\/#\\\/schema\\\/logo\\\/image\\\/\"},\"sameAs\":[\"https:\\\/\\\/www.facebook.com\\\/laguiadepamplonacom-133175176762273\\\/?ref=hl\",\"https:\\\/\\\/x.com\\\/LaGuiadPamplona\",\"https:\\\/\\\/www.instagram.com\\\/la_guia_de_pamplona\\\/\",\"https:\\\/\\\/www.youtube.com\\\/user\\\/laguiadepamplona\"]},{\"@type\":\"Person\",\"@id\":\"https:\\\/\\\/www.laguiadepamplona.com\\\/actualidad\\\/#\\\/schema\\\/person\\\/efe887376f0213d4657c93adc50b1fdb\",\"name\":\"La Gu\u00eda de Pamplona\",\"image\":{\"@type\":\"ImageObject\",\"inLanguage\":\"es\",\"@id\":\"https:\\\/\\\/secure.gravatar.com\\\/avatar\\\/b6992f131dc8d30ab0dff15446e9d346d9dbd95992de0fef795073f5ea83a81c?s=96&d=mm&r=g\",\"url\":\"https:\\\/\\\/secure.gravatar.com\\\/avatar\\\/b6992f131dc8d30ab0dff15446e9d346d9dbd95992de0fef795073f5ea83a81c?s=96&d=mm&r=g\",\"contentUrl\":\"https:\\\/\\\/secure.gravatar.com\\\/avatar\\\/b6992f131dc8d30ab0dff15446e9d346d9dbd95992de0fef795073f5ea83a81c?s=96&d=mm&r=g\",\"caption\":\"La Gu\u00eda de Pamplona\"}}]}<\/script>\n<!-- \/ Yoast SEO plugin. -->","yoast_head_json":{"title":"El Ayuntamiento ampl\u00eda hasta el 5 de junio el plazo para presentar aportaciones para el dise\u00f1o y creaci\u00f3n de la Casa de las Mujeres de Pamplona","robots":{"index":"index","follow":"follow","max-snippet":"max-snippet:-1","max-image-preview":"max-image-preview:large","max-video-preview":"max-video-preview:-1"},"canonical":"https:\/\/www.laguiadepamplona.com\/actualidad\/el-ayuntamiento-amplia-hasta-el-5-de-junio-el-plazo-para-presentar-aportaciones-para-el-diseno-y-creacion-de-la-casa-de-las-mujeres-de-pamplona\/","og_locale":"es_ES","og_type":"article","og_title":"El Ayuntamiento ampl\u00eda hasta el 5 de junio el plazo para presentar aportaciones para el dise\u00f1o y creaci\u00f3n de la Casa de las Mujeres de Pamplona","og_description":"Las propuestas pueden presentarse por Internet o en el \u00c1rea de Igualdad, adem\u00e1s de participar los mi\u00e9rcoles en las sesiones en Plazara!","og_url":"https:\/\/www.laguiadepamplona.com\/actualidad\/el-ayuntamiento-amplia-hasta-el-5-de-junio-el-plazo-para-presentar-aportaciones-para-el-diseno-y-creacion-de-la-casa-de-las-mujeres-de-pamplona\/","og_site_name":"La Gu\u00eda de Pamplona","article_publisher":"https:\/\/www.facebook.com\/laguiadepamplonacom-133175176762273\/?ref=hl","article_published_time":"2018-05-17T10:15:56+00:00","og_image":[{"width":900,"height":675,"url":"https:\/\/www.laguiadepamplona.com\/actualidad\/wp-content\/uploads\/2016\/11\/Ayto_Pamplona.jpg","type":"image\/jpeg"}],"author":"La Gu\u00eda de Pamplona","twitter_card":"summary_large_image","twitter_creator":"@LaGuiadPamplona","twitter_site":"@LaGuiadPamplona","twitter_misc":{"Escrito por":"La Gu\u00eda de Pamplona","Tiempo de lectura":"2 minutos"},"schema":{"@context":"https:\/\/schema.org","@graph":[{"@type":"Article","@id":"https:\/\/www.laguiadepamplona.com\/actualidad\/el-ayuntamiento-amplia-hasta-el-5-de-junio-el-plazo-para-presentar-aportaciones-para-el-diseno-y-creacion-de-la-casa-de-las-mujeres-de-pamplona\/#article","isPartOf":{"@id":"https:\/\/www.laguiadepamplona.com\/actualidad\/el-ayuntamiento-amplia-hasta-el-5-de-junio-el-plazo-para-presentar-aportaciones-para-el-diseno-y-creacion-de-la-casa-de-las-mujeres-de-pamplona\/"},"author":{"name":"La Gu\u00eda de Pamplona","@id":"https:\/\/www.laguiadepamplona.com\/actualidad\/#\/schema\/person\/efe887376f0213d4657c93adc50b1fdb"},"headline":"El Ayuntamiento ampl\u00eda hasta el 5 de junio el plazo para presentar aportaciones para el dise\u00f1o y creaci\u00f3n de la Casa de las Mujeres de Pamplona","datePublished":"2018-05-17T10:15:56+00:00","mainEntityOfPage":{"@id":"https:\/\/www.laguiadepamplona.com\/actualidad\/el-ayuntamiento-amplia-hasta-el-5-de-junio-el-plazo-para-presentar-aportaciones-para-el-diseno-y-creacion-de-la-casa-de-las-mujeres-de-pamplona\/"},"wordCount":498,"commentCount":0,"publisher":{"@id":"https:\/\/www.laguiadepamplona.com\/actualidad\/#organization"},"image":{"@id":"https:\/\/www.laguiadepamplona.com\/actualidad\/el-ayuntamiento-amplia-hasta-el-5-de-junio-el-plazo-para-presentar-aportaciones-para-el-diseno-y-creacion-de-la-casa-de-las-mujeres-de-pamplona\/#primaryimage"},"thumbnailUrl":"https:\/\/www.laguiadepamplona.com\/actualidad\/wp-content\/uploads\/2016\/11\/Ayto_Pamplona.jpg","articleSection":["Ayto Pamplona"],"inLanguage":"es","potentialAction":[{"@type":"CommentAction","name":"Comment","target":["https:\/\/www.laguiadepamplona.com\/actualidad\/el-ayuntamiento-amplia-hasta-el-5-de-junio-el-plazo-para-presentar-aportaciones-para-el-diseno-y-creacion-de-la-casa-de-las-mujeres-de-pamplona\/#respond"]}]},{"@type":"WebPage","@id":"https:\/\/www.laguiadepamplona.com\/actualidad\/el-ayuntamiento-amplia-hasta-el-5-de-junio-el-plazo-para-presentar-aportaciones-para-el-diseno-y-creacion-de-la-casa-de-las-mujeres-de-pamplona\/","url":"https:\/\/www.laguiadepamplona.com\/actualidad\/el-ayuntamiento-amplia-hasta-el-5-de-junio-el-plazo-para-presentar-aportaciones-para-el-diseno-y-creacion-de-la-casa-de-las-mujeres-de-pamplona\/","name":"El Ayuntamiento ampl\u00eda hasta el 5 de junio el plazo para presentar aportaciones para el dise\u00f1o y creaci\u00f3n de la Casa de las Mujeres de Pamplona","isPartOf":{"@id":"https:\/\/www.laguiadepamplona.com\/actualidad\/#website"},"primaryImageOfPage":{"@id":"https:\/\/www.laguiadepamplona.com\/actualidad\/el-ayuntamiento-amplia-hasta-el-5-de-junio-el-plazo-para-presentar-aportaciones-para-el-diseno-y-creacion-de-la-casa-de-las-mujeres-de-pamplona\/#primaryimage"},"image":{"@id":"https:\/\/www.laguiadepamplona.com\/actualidad\/el-ayuntamiento-amplia-hasta-el-5-de-junio-el-plazo-para-presentar-aportaciones-para-el-diseno-y-creacion-de-la-casa-de-las-mujeres-de-pamplona\/#primaryimage"},"thumbnailUrl":"https:\/\/www.laguiadepamplona.com\/actualidad\/wp-content\/uploads\/2016\/11\/Ayto_Pamplona.jpg","datePublished":"2018-05-17T10:15:56+00:00","breadcrumb":{"@id":"https:\/\/www.laguiadepamplona.com\/actualidad\/el-ayuntamiento-amplia-hasta-el-5-de-junio-el-plazo-para-presentar-aportaciones-para-el-diseno-y-creacion-de-la-casa-de-las-mujeres-de-pamplona\/#breadcrumb"},"inLanguage":"es","potentialAction":[{"@type":"ReadAction","target":["https:\/\/www.laguiadepamplona.com\/actualidad\/el-ayuntamiento-amplia-hasta-el-5-de-junio-el-plazo-para-presentar-aportaciones-para-el-diseno-y-creacion-de-la-casa-de-las-mujeres-de-pamplona\/"]}]},{"@type":"ImageObject","inLanguage":"es","@id":"https:\/\/www.laguiadepamplona.com\/actualidad\/el-ayuntamiento-amplia-hasta-el-5-de-junio-el-plazo-para-presentar-aportaciones-para-el-diseno-y-creacion-de-la-casa-de-las-mujeres-de-pamplona\/#primaryimage","url":"https:\/\/www.laguiadepamplona.com\/actualidad\/wp-content\/uploads\/2016\/11\/Ayto_Pamplona.jpg","contentUrl":"https:\/\/www.laguiadepamplona.com\/actualidad\/wp-content\/uploads\/2016\/11\/Ayto_Pamplona.jpg","width":900,"height":675},{"@type":"BreadcrumbList","@id":"https:\/\/www.laguiadepamplona.com\/actualidad\/el-ayuntamiento-amplia-hasta-el-5-de-junio-el-plazo-para-presentar-aportaciones-para-el-diseno-y-creacion-de-la-casa-de-las-mujeres-de-pamplona\/#breadcrumb","itemListElement":[{"@type":"ListItem","position":1,"name":"Portada","item":"https:\/\/www.laguiadepamplona.com\/actualidad\/"},{"@type":"ListItem","position":2,"name":"El Ayuntamiento ampl\u00eda hasta el 5 de junio el plazo para presentar aportaciones para el dise\u00f1o y creaci\u00f3n de la Casa de las Mujeres de Pamplona"}]},{"@type":"WebSite","@id":"https:\/\/www.laguiadepamplona.com\/actualidad\/#website","url":"https:\/\/www.laguiadepamplona.com\/actualidad\/","name":"La gu\u00eda de Pamplona","description":"Noticias de Pamplona","publisher":{"@id":"https:\/\/www.laguiadepamplona.com\/actualidad\/#organization"},"potentialAction":[{"@type":"SearchAction","target":{"@type":"EntryPoint","urlTemplate":"https:\/\/www.laguiadepamplona.com\/actualidad\/?s={search_term_string}"},"query-input":{"@type":"PropertyValueSpecification","valueRequired":true,"valueName":"search_term_string"}}],"inLanguage":"es"},{"@type":"Organization","@id":"https:\/\/www.laguiadepamplona.com\/actualidad\/#organization","name":"La Gu\u00eda de Pamplona \/ Noticias","url":"https:\/\/www.laguiadepamplona.com\/actualidad\/","logo":{"@type":"ImageObject","inLanguage":"es","@id":"https:\/\/www.laguiadepamplona.com\/actualidad\/#\/schema\/logo\/image\/","url":"https:\/\/www.laguiadepamplona.com\/actualidad\/wp-content\/uploads\/2018\/11\/logo-laguiadepamplona18-web1.png","contentUrl":"https:\/\/www.laguiadepamplona.com\/actualidad\/wp-content\/uploads\/2018\/11\/logo-laguiadepamplona18-web1.png","width":600,"height":196,"caption":"La Gu\u00eda de Pamplona \/ Noticias"},"image":{"@id":"https:\/\/www.laguiadepamplona.com\/actualidad\/#\/schema\/logo\/image\/"},"sameAs":["https:\/\/www.facebook.com\/laguiadepamplonacom-133175176762273\/?ref=hl","https:\/\/x.com\/LaGuiadPamplona","https:\/\/www.instagram.com\/la_guia_de_pamplona\/","https:\/\/www.youtube.com\/user\/laguiadepamplona"]},{"@type":"Person","@id":"https:\/\/www.laguiadepamplona.com\/actualidad\/#\/schema\/person\/efe887376f0213d4657c93adc50b1fdb","name":"La Gu\u00eda de Pamplona","image":{"@type":"ImageObject","inLanguage":"es","@id":"https:\/\/secure.gravatar.com\/avatar\/b6992f131dc8d30ab0dff15446e9d346d9dbd95992de0fef795073f5ea83a81c?s=96&d=mm&r=g","url":"https:\/\/secure.gravatar.com\/avatar\/b6992f131dc8d30ab0dff15446e9d346d9dbd95992de0fef795073f5ea83a81c?s=96&d=mm&r=g","contentUrl":"https:\/\/secure.gravatar.com\/avatar\/b6992f131dc8d30ab0dff15446e9d346d9dbd95992de0fef795073f5ea83a81c?s=96&d=mm&r=g","caption":"La Gu\u00eda de Pamplona"}}]}},"post_mailing_queue_ids":[],"_links":{"self":[{"href":"https:\/\/www.laguiadepamplona.com\/actualidad\/wp-json\/wp\/v2\/posts\/17423","targetHints":{"allow":["GET"]}}],"collection":[{"href":"https:\/\/www.laguiadepamplona.com\/actualidad\/wp-json\/wp\/v2\/posts"}],"about":[{"href":"https:\/\/www.laguiadepamplona.com\/actualidad\/wp-json\/wp\/v2\/types\/post"}],"author":[{"embeddable":true,"href":"https:\/\/www.laguiadepamplona.com\/actualidad\/wp-json\/wp\/v2\/users\/1"}],"replies":[{"embeddable":true,"href":"https:\/\/www.laguiadepamplona.com\/actualidad\/wp-json\/wp\/v2\/comments?post=17423"}],"version-history":[{"count":0,"href":"https:\/\/www.laguiadepamplona.com\/actualidad\/wp-json\/wp\/v2\/posts\/17423\/revisions"}],"wp:featuredmedia":[{"embeddable":true,"href":"https:\/\/www.laguiadepamplona.com\/actualidad\/wp-json\/wp\/v2\/media\/10979"}],"wp:attachment":[{"href":"https:\/\/www.laguiadepamplona.com\/actualidad\/wp-json\/wp\/v2\/media?parent=17423"}],"wp:term":[{"taxonomy":"category","embeddable":true,"href":"https:\/\/www.laguiadepamplona.com\/actualidad\/wp-json\/wp\/v2\/categories?post=17423"},{"taxonomy":"post_tag","embeddable":true,"href":"https:\/\/www.laguiadepamplona.com\/actualidad\/wp-json\/wp\/v2\/tags?post=17423"}],"curies":[{"name":"wp","href":"https:\/\/api.w.org\/{rel}","templated":true}]}}