{"id":17421,"date":"2018-05-17T11:14:56","date_gmt":"2018-05-17T10:14:56","guid":{"rendered":"http:\/\/laguiadepamplona.es\/actualidad\/?p=17421"},"modified":"2018-05-17T11:14:56","modified_gmt":"2018-05-17T10:14:56","slug":"la-compania-karretabidea-representa-el-sabado-en-civivox-mendillorri-la-reina-camomila-este-otono-se-jubila-dentro-del-festival-de-teatro-amateur-escenica-navarra","status":"publish","type":"post","link":"https:\/\/www.laguiadepamplona.com\/actualidad\/la-compania-karretabidea-representa-el-sabado-en-civivox-mendillorri-la-reina-camomila-este-otono-se-jubila-dentro-del-festival-de-teatro-amateur-escenica-navarra\/","title":{"rendered":"La compa\u00f1\u00eda Karretabidea representa el s\u00e1bado en Civivox Mendillorri \u2018La reina Camomila este oto\u00f1o se jubila\u2019 dentro del festival de teatro amateur Esc\u00e9nica Navarra"},"content":{"rendered":"<h3>La obra comenzar\u00e1 a las 19 horas y las entradas para la funci\u00f3n se venden al precio de 3 euros<\/h3>\n<p><!--more--><\/p>\n<p>\u2018La reina Camomila este oto\u00f1o se jubila\u2019 es la propuesta que ha preparado Karretabidea para este s\u00e1bado en Civivox Mendillorri. La representaci\u00f3n forma parte del programa de la octava edici\u00f3n de Esc\u00e9nica Navarra, organizado por la Federaci\u00f3n de Teatro Amateur de Navarra y los ayuntamientos de Pamplona y Huarte. La comedia comenzar\u00e1 a las 19 horas, con entradas al precio de 3 euros que se pueden adquirir en el propio civivox y en <a href=\"http:\/\/www.pamplonaescultura.es\/\" target=\"_blank\" rel=\"noopener\">www.pamplonaescultura.es<\/a>.<\/p>\n<p>La Reina Camomila se ha cansado de reinar y se quiere jubilar. No ser\u00eda mayor problema si contara con una heredera, pero lo que le sucede a la desdichada monarca es que son dos. Cuando nacieron sus hijas mellizas, las princesas Aloe y Vera, por estas cosas de la\u00a0 vida, nunca se supo cual vino primero y cual despu\u00e9s. Por medio anda el ama de cr\u00eda, Do\u00f1a Menc\u00eda, que algo trama, una pobre criada que anda todo el d\u00eda de aqu\u00ed para all\u00e1. Y para liarlo todo a\u00fan m\u00e1s, aparece una dulce trovadora que es quien cuenta y canta la historia al p\u00fablico. La obra est\u00e1 escrita y dirigida por Mikel Mikeo y cuenta en el reparto con Asun Fres\u00e1n, Alicia Flamarique, Pili Lez\u00e1un, Egipto Maestro, Lourdes Cabestre y Mari Bengoetxea.<\/p>\n<p>El grupo Karretabidea comenz\u00f3 su andadura reci\u00e9n estrenados los 90 de manera autodidacta. Se iniciaron representando obras en la sociedad de Bar\u00e1soain como\u00a0<strong>\u2018Mi t\u00eda y sus cosas\u2019<\/strong><strong>\u00a0<\/strong>y<strong>\u00a0<\/strong><strong>\u2018Maribel y la extra\u00f1a familia\u2019<\/strong>. Posteriormente, sus integrantes recibieron cursos de teatro con personal cualificado de la Escuela Navarra de Teatro. En 2003 se retom\u00f3 la idea de hacer un taller teatral con alguno de sus antiguos miembros y a\u00f1adiendo otros nuevos. En un principio, sin mayor objetivo que el de reencontrarse con el teatro. Un a\u00f1o m\u00e1s tarde empezaron a preparar un nuevo montaje,\u00a0<strong>\u2018Sor Homicidio\u2019<\/strong>, estrenada en Bar\u00e1soain en el 2006 y que despu\u00e9s fue representada en otras localidades. Tras este montaje llegaron otros como\u00a0<strong>\u2018Algo se cuece\u2019<\/strong>, que result\u00f3 premiado en la\u00a0<strong>Muestra de Teatro Aficionado de Bara\u00f1\u00e1in\u00a0<\/strong>al<strong>\u00a0Mejor reparto;<\/strong><strong>\u00a0<\/strong><strong>\u2018Siete\u2019<\/strong><strong>,<\/strong> que fue estrenada en el Auditorio de Bara\u00f1\u00e1in con motivo del I Encuentro de Clubes de Lectura de Navarra; <strong>\u2018Geriatraco casi perfecto\u2019\u00a0o \u2018Las 4 fant\u00e1sticas\u2019<\/strong>.<\/p>\n<p>&nbsp;<\/p>\n<p><strong>Esc\u00e9nica Navarra. VIII Festival de Teatro Amateur. Civivox Mendillorri<\/strong><\/p>\n<ul>\n<li><strong>S\u00e1bado 19 de mayo, 19 horas<\/strong><\/li>\n<li><strong>\u2018La reina Camomila este oto\u00f1o se jubila\u2019, de Mikel Mikeo<\/strong><\/li>\n<li>Karretabidea<\/li>\n<li>Entrada: 3 euros en Civivox Mendillorri<\/li>\n<li><strong>Viernes 25 de mayo, 19 horas<\/strong><\/li>\n<li><strong>\u2018Alba y sus amigas\u2019, de Miguel Mun\u00e1rriz<\/strong><\/li>\n<li>Puntido Teatro<\/li>\n<li>Entrada: 3 euros en Civivox Mendillorri<\/li>\n<\/ul>\n<p>&nbsp;<\/p>\n","protected":false},"excerpt":{"rendered":"<p>La obra comenzar\u00e1 a las 19 horas y las entradas para la funci\u00f3n se venden al precio de 3 euros<\/p>\n","protected":false},"author":1,"featured_media":11011,"comment_status":"open","ping_status":"closed","sticky":false,"template":"","format":"standard","meta":{"footnotes":""},"categories":[2],"tags":[],"class_list":["post-17421","post","type-post","status-publish","format-standard","has-post-thumbnail","hentry","category-ayuntamiento-pamplona"],"yoast_head":"<!-- This site is optimized with the Yoast SEO plugin v27.3 - https:\/\/yoast.com\/product\/yoast-seo-wordpress\/ -->\n<title>La compa\u00f1\u00eda Karretabidea representa el s\u00e1bado en Civivox Mendillorri \u2018La reina Camomila este oto\u00f1o se jubila\u2019 dentro del festival de teatro amateur Esc\u00e9nica Navarra<\/title>\n<meta name=\"robots\" content=\"index, follow, max-snippet:-1, max-image-preview:large, max-video-preview:-1\" \/>\n<link rel=\"canonical\" href=\"https:\/\/www.laguiadepamplona.com\/actualidad\/la-compania-karretabidea-representa-el-sabado-en-civivox-mendillorri-la-reina-camomila-este-otono-se-jubila-dentro-del-festival-de-teatro-amateur-escenica-navarra\/\" \/>\n<meta property=\"og:locale\" content=\"es_ES\" \/>\n<meta property=\"og:type\" content=\"article\" \/>\n<meta property=\"og:title\" content=\"La compa\u00f1\u00eda Karretabidea representa el s\u00e1bado en Civivox Mendillorri \u2018La reina Camomila este oto\u00f1o se jubila\u2019 dentro del festival de teatro amateur Esc\u00e9nica Navarra\" \/>\n<meta property=\"og:description\" content=\"La obra comenzar\u00e1 a las 19 horas y las entradas para la funci\u00f3n se venden al precio de 3 euros\" \/>\n<meta property=\"og:url\" content=\"https:\/\/www.laguiadepamplona.com\/actualidad\/la-compania-karretabidea-representa-el-sabado-en-civivox-mendillorri-la-reina-camomila-este-otono-se-jubila-dentro-del-festival-de-teatro-amateur-escenica-navarra\/\" \/>\n<meta property=\"og:site_name\" content=\"La Gu\u00eda de Pamplona\" \/>\n<meta property=\"article:publisher\" content=\"https:\/\/www.facebook.com\/laguiadepamplonacom-133175176762273\/?ref=hl\" \/>\n<meta property=\"article:published_time\" content=\"2018-05-17T10:14:56+00:00\" \/>\n<meta property=\"og:image\" content=\"https:\/\/www.laguiadepamplona.com\/actualidad\/wp-content\/uploads\/2016\/12\/civivox-mendillorri.jpg\" \/>\n\t<meta property=\"og:image:width\" content=\"870\" \/>\n\t<meta property=\"og:image:height\" content=\"390\" \/>\n\t<meta property=\"og:image:type\" content=\"image\/jpeg\" \/>\n<meta name=\"author\" content=\"La Gu\u00eda de Pamplona\" \/>\n<meta name=\"twitter:card\" content=\"summary_large_image\" \/>\n<meta name=\"twitter:creator\" content=\"@LaGuiadPamplona\" \/>\n<meta name=\"twitter:site\" content=\"@LaGuiadPamplona\" \/>\n<meta name=\"twitter:label1\" content=\"Escrito por\" \/>\n\t<meta name=\"twitter:data1\" content=\"La Gu\u00eda de Pamplona\" \/>\n\t<meta name=\"twitter:label2\" content=\"Tiempo de lectura\" \/>\n\t<meta name=\"twitter:data2\" content=\"2 minutos\" \/>\n<script type=\"application\/ld+json\" class=\"yoast-schema-graph\">{\"@context\":\"https:\\\/\\\/schema.org\",\"@graph\":[{\"@type\":\"Article\",\"@id\":\"https:\\\/\\\/www.laguiadepamplona.com\\\/actualidad\\\/la-compania-karretabidea-representa-el-sabado-en-civivox-mendillorri-la-reina-camomila-este-otono-se-jubila-dentro-del-festival-de-teatro-amateur-escenica-navarra\\\/#article\",\"isPartOf\":{\"@id\":\"https:\\\/\\\/www.laguiadepamplona.com\\\/actualidad\\\/la-compania-karretabidea-representa-el-sabado-en-civivox-mendillorri-la-reina-camomila-este-otono-se-jubila-dentro-del-festival-de-teatro-amateur-escenica-navarra\\\/\"},\"author\":{\"name\":\"La Gu\u00eda de Pamplona\",\"@id\":\"https:\\\/\\\/www.laguiadepamplona.com\\\/actualidad\\\/#\\\/schema\\\/person\\\/efe887376f0213d4657c93adc50b1fdb\"},\"headline\":\"La compa\u00f1\u00eda Karretabidea representa el s\u00e1bado en Civivox Mendillorri \u2018La reina Camomila este oto\u00f1o se jubila\u2019 dentro del festival de teatro amateur Esc\u00e9nica Navarra\",\"datePublished\":\"2018-05-17T10:14:56+00:00\",\"mainEntityOfPage\":{\"@id\":\"https:\\\/\\\/www.laguiadepamplona.com\\\/actualidad\\\/la-compania-karretabidea-representa-el-sabado-en-civivox-mendillorri-la-reina-camomila-este-otono-se-jubila-dentro-del-festival-de-teatro-amateur-escenica-navarra\\\/\"},\"wordCount\":490,\"commentCount\":0,\"publisher\":{\"@id\":\"https:\\\/\\\/www.laguiadepamplona.com\\\/actualidad\\\/#organization\"},\"image\":{\"@id\":\"https:\\\/\\\/www.laguiadepamplona.com\\\/actualidad\\\/la-compania-karretabidea-representa-el-sabado-en-civivox-mendillorri-la-reina-camomila-este-otono-se-jubila-dentro-del-festival-de-teatro-amateur-escenica-navarra\\\/#primaryimage\"},\"thumbnailUrl\":\"https:\\\/\\\/www.laguiadepamplona.com\\\/actualidad\\\/wp-content\\\/uploads\\\/2016\\\/12\\\/civivox-mendillorri.jpg\",\"articleSection\":[\"Ayto Pamplona\"],\"inLanguage\":\"es\",\"potentialAction\":[{\"@type\":\"CommentAction\",\"name\":\"Comment\",\"target\":[\"https:\\\/\\\/www.laguiadepamplona.com\\\/actualidad\\\/la-compania-karretabidea-representa-el-sabado-en-civivox-mendillorri-la-reina-camomila-este-otono-se-jubila-dentro-del-festival-de-teatro-amateur-escenica-navarra\\\/#respond\"]}]},{\"@type\":\"WebPage\",\"@id\":\"https:\\\/\\\/www.laguiadepamplona.com\\\/actualidad\\\/la-compania-karretabidea-representa-el-sabado-en-civivox-mendillorri-la-reina-camomila-este-otono-se-jubila-dentro-del-festival-de-teatro-amateur-escenica-navarra\\\/\",\"url\":\"https:\\\/\\\/www.laguiadepamplona.com\\\/actualidad\\\/la-compania-karretabidea-representa-el-sabado-en-civivox-mendillorri-la-reina-camomila-este-otono-se-jubila-dentro-del-festival-de-teatro-amateur-escenica-navarra\\\/\",\"name\":\"La compa\u00f1\u00eda Karretabidea representa el s\u00e1bado en Civivox Mendillorri \u2018La reina Camomila este oto\u00f1o se jubila\u2019 dentro del festival de teatro amateur Esc\u00e9nica Navarra\",\"isPartOf\":{\"@id\":\"https:\\\/\\\/www.laguiadepamplona.com\\\/actualidad\\\/#website\"},\"primaryImageOfPage\":{\"@id\":\"https:\\\/\\\/www.laguiadepamplona.com\\\/actualidad\\\/la-compania-karretabidea-representa-el-sabado-en-civivox-mendillorri-la-reina-camomila-este-otono-se-jubila-dentro-del-festival-de-teatro-amateur-escenica-navarra\\\/#primaryimage\"},\"image\":{\"@id\":\"https:\\\/\\\/www.laguiadepamplona.com\\\/actualidad\\\/la-compania-karretabidea-representa-el-sabado-en-civivox-mendillorri-la-reina-camomila-este-otono-se-jubila-dentro-del-festival-de-teatro-amateur-escenica-navarra\\\/#primaryimage\"},\"thumbnailUrl\":\"https:\\\/\\\/www.laguiadepamplona.com\\\/actualidad\\\/wp-content\\\/uploads\\\/2016\\\/12\\\/civivox-mendillorri.jpg\",\"datePublished\":\"2018-05-17T10:14:56+00:00\",\"breadcrumb\":{\"@id\":\"https:\\\/\\\/www.laguiadepamplona.com\\\/actualidad\\\/la-compania-karretabidea-representa-el-sabado-en-civivox-mendillorri-la-reina-camomila-este-otono-se-jubila-dentro-del-festival-de-teatro-amateur-escenica-navarra\\\/#breadcrumb\"},\"inLanguage\":\"es\",\"potentialAction\":[{\"@type\":\"ReadAction\",\"target\":[\"https:\\\/\\\/www.laguiadepamplona.com\\\/actualidad\\\/la-compania-karretabidea-representa-el-sabado-en-civivox-mendillorri-la-reina-camomila-este-otono-se-jubila-dentro-del-festival-de-teatro-amateur-escenica-navarra\\\/\"]}]},{\"@type\":\"ImageObject\",\"inLanguage\":\"es\",\"@id\":\"https:\\\/\\\/www.laguiadepamplona.com\\\/actualidad\\\/la-compania-karretabidea-representa-el-sabado-en-civivox-mendillorri-la-reina-camomila-este-otono-se-jubila-dentro-del-festival-de-teatro-amateur-escenica-navarra\\\/#primaryimage\",\"url\":\"https:\\\/\\\/www.laguiadepamplona.com\\\/actualidad\\\/wp-content\\\/uploads\\\/2016\\\/12\\\/civivox-mendillorri.jpg\",\"contentUrl\":\"https:\\\/\\\/www.laguiadepamplona.com\\\/actualidad\\\/wp-content\\\/uploads\\\/2016\\\/12\\\/civivox-mendillorri.jpg\",\"width\":870,\"height\":390},{\"@type\":\"BreadcrumbList\",\"@id\":\"https:\\\/\\\/www.laguiadepamplona.com\\\/actualidad\\\/la-compania-karretabidea-representa-el-sabado-en-civivox-mendillorri-la-reina-camomila-este-otono-se-jubila-dentro-del-festival-de-teatro-amateur-escenica-navarra\\\/#breadcrumb\",\"itemListElement\":[{\"@type\":\"ListItem\",\"position\":1,\"name\":\"Portada\",\"item\":\"https:\\\/\\\/www.laguiadepamplona.com\\\/actualidad\\\/\"},{\"@type\":\"ListItem\",\"position\":2,\"name\":\"La compa\u00f1\u00eda Karretabidea representa el s\u00e1bado en Civivox Mendillorri \u2018La reina Camomila este oto\u00f1o se jubila\u2019 dentro del festival de teatro amateur Esc\u00e9nica Navarra\"}]},{\"@type\":\"WebSite\",\"@id\":\"https:\\\/\\\/www.laguiadepamplona.com\\\/actualidad\\\/#website\",\"url\":\"https:\\\/\\\/www.laguiadepamplona.com\\\/actualidad\\\/\",\"name\":\"La gu\u00eda de Pamplona\",\"description\":\"Noticias de Pamplona\",\"publisher\":{\"@id\":\"https:\\\/\\\/www.laguiadepamplona.com\\\/actualidad\\\/#organization\"},\"potentialAction\":[{\"@type\":\"SearchAction\",\"target\":{\"@type\":\"EntryPoint\",\"urlTemplate\":\"https:\\\/\\\/www.laguiadepamplona.com\\\/actualidad\\\/?s={search_term_string}\"},\"query-input\":{\"@type\":\"PropertyValueSpecification\",\"valueRequired\":true,\"valueName\":\"search_term_string\"}}],\"inLanguage\":\"es\"},{\"@type\":\"Organization\",\"@id\":\"https:\\\/\\\/www.laguiadepamplona.com\\\/actualidad\\\/#organization\",\"name\":\"La Gu\u00eda de Pamplona \\\/ Noticias\",\"url\":\"https:\\\/\\\/www.laguiadepamplona.com\\\/actualidad\\\/\",\"logo\":{\"@type\":\"ImageObject\",\"inLanguage\":\"es\",\"@id\":\"https:\\\/\\\/www.laguiadepamplona.com\\\/actualidad\\\/#\\\/schema\\\/logo\\\/image\\\/\",\"url\":\"https:\\\/\\\/www.laguiadepamplona.com\\\/actualidad\\\/wp-content\\\/uploads\\\/2018\\\/11\\\/logo-laguiadepamplona18-web1.png\",\"contentUrl\":\"https:\\\/\\\/www.laguiadepamplona.com\\\/actualidad\\\/wp-content\\\/uploads\\\/2018\\\/11\\\/logo-laguiadepamplona18-web1.png\",\"width\":600,\"height\":196,\"caption\":\"La Gu\u00eda de Pamplona \\\/ Noticias\"},\"image\":{\"@id\":\"https:\\\/\\\/www.laguiadepamplona.com\\\/actualidad\\\/#\\\/schema\\\/logo\\\/image\\\/\"},\"sameAs\":[\"https:\\\/\\\/www.facebook.com\\\/laguiadepamplonacom-133175176762273\\\/?ref=hl\",\"https:\\\/\\\/x.com\\\/LaGuiadPamplona\",\"https:\\\/\\\/www.instagram.com\\\/la_guia_de_pamplona\\\/\",\"https:\\\/\\\/www.youtube.com\\\/user\\\/laguiadepamplona\"]},{\"@type\":\"Person\",\"@id\":\"https:\\\/\\\/www.laguiadepamplona.com\\\/actualidad\\\/#\\\/schema\\\/person\\\/efe887376f0213d4657c93adc50b1fdb\",\"name\":\"La Gu\u00eda de Pamplona\",\"image\":{\"@type\":\"ImageObject\",\"inLanguage\":\"es\",\"@id\":\"https:\\\/\\\/secure.gravatar.com\\\/avatar\\\/b6992f131dc8d30ab0dff15446e9d346d9dbd95992de0fef795073f5ea83a81c?s=96&d=mm&r=g\",\"url\":\"https:\\\/\\\/secure.gravatar.com\\\/avatar\\\/b6992f131dc8d30ab0dff15446e9d346d9dbd95992de0fef795073f5ea83a81c?s=96&d=mm&r=g\",\"contentUrl\":\"https:\\\/\\\/secure.gravatar.com\\\/avatar\\\/b6992f131dc8d30ab0dff15446e9d346d9dbd95992de0fef795073f5ea83a81c?s=96&d=mm&r=g\",\"caption\":\"La Gu\u00eda de Pamplona\"}}]}<\/script>\n<!-- \/ Yoast SEO plugin. -->","yoast_head_json":{"title":"La compa\u00f1\u00eda Karretabidea representa el s\u00e1bado en Civivox Mendillorri \u2018La reina Camomila este oto\u00f1o se jubila\u2019 dentro del festival de teatro amateur Esc\u00e9nica Navarra","robots":{"index":"index","follow":"follow","max-snippet":"max-snippet:-1","max-image-preview":"max-image-preview:large","max-video-preview":"max-video-preview:-1"},"canonical":"https:\/\/www.laguiadepamplona.com\/actualidad\/la-compania-karretabidea-representa-el-sabado-en-civivox-mendillorri-la-reina-camomila-este-otono-se-jubila-dentro-del-festival-de-teatro-amateur-escenica-navarra\/","og_locale":"es_ES","og_type":"article","og_title":"La compa\u00f1\u00eda Karretabidea representa el s\u00e1bado en Civivox Mendillorri \u2018La reina Camomila este oto\u00f1o se jubila\u2019 dentro del festival de teatro amateur Esc\u00e9nica Navarra","og_description":"La obra comenzar\u00e1 a las 19 horas y las entradas para la funci\u00f3n se venden al precio de 3 euros","og_url":"https:\/\/www.laguiadepamplona.com\/actualidad\/la-compania-karretabidea-representa-el-sabado-en-civivox-mendillorri-la-reina-camomila-este-otono-se-jubila-dentro-del-festival-de-teatro-amateur-escenica-navarra\/","og_site_name":"La Gu\u00eda de Pamplona","article_publisher":"https:\/\/www.facebook.com\/laguiadepamplonacom-133175176762273\/?ref=hl","article_published_time":"2018-05-17T10:14:56+00:00","og_image":[{"width":870,"height":390,"url":"https:\/\/www.laguiadepamplona.com\/actualidad\/wp-content\/uploads\/2016\/12\/civivox-mendillorri.jpg","type":"image\/jpeg"}],"author":"La Gu\u00eda de Pamplona","twitter_card":"summary_large_image","twitter_creator":"@LaGuiadPamplona","twitter_site":"@LaGuiadPamplona","twitter_misc":{"Escrito por":"La Gu\u00eda de Pamplona","Tiempo de lectura":"2 minutos"},"schema":{"@context":"https:\/\/schema.org","@graph":[{"@type":"Article","@id":"https:\/\/www.laguiadepamplona.com\/actualidad\/la-compania-karretabidea-representa-el-sabado-en-civivox-mendillorri-la-reina-camomila-este-otono-se-jubila-dentro-del-festival-de-teatro-amateur-escenica-navarra\/#article","isPartOf":{"@id":"https:\/\/www.laguiadepamplona.com\/actualidad\/la-compania-karretabidea-representa-el-sabado-en-civivox-mendillorri-la-reina-camomila-este-otono-se-jubila-dentro-del-festival-de-teatro-amateur-escenica-navarra\/"},"author":{"name":"La Gu\u00eda de Pamplona","@id":"https:\/\/www.laguiadepamplona.com\/actualidad\/#\/schema\/person\/efe887376f0213d4657c93adc50b1fdb"},"headline":"La compa\u00f1\u00eda Karretabidea representa el s\u00e1bado en Civivox Mendillorri \u2018La reina Camomila este oto\u00f1o se jubila\u2019 dentro del festival de teatro amateur Esc\u00e9nica Navarra","datePublished":"2018-05-17T10:14:56+00:00","mainEntityOfPage":{"@id":"https:\/\/www.laguiadepamplona.com\/actualidad\/la-compania-karretabidea-representa-el-sabado-en-civivox-mendillorri-la-reina-camomila-este-otono-se-jubila-dentro-del-festival-de-teatro-amateur-escenica-navarra\/"},"wordCount":490,"commentCount":0,"publisher":{"@id":"https:\/\/www.laguiadepamplona.com\/actualidad\/#organization"},"image":{"@id":"https:\/\/www.laguiadepamplona.com\/actualidad\/la-compania-karretabidea-representa-el-sabado-en-civivox-mendillorri-la-reina-camomila-este-otono-se-jubila-dentro-del-festival-de-teatro-amateur-escenica-navarra\/#primaryimage"},"thumbnailUrl":"https:\/\/www.laguiadepamplona.com\/actualidad\/wp-content\/uploads\/2016\/12\/civivox-mendillorri.jpg","articleSection":["Ayto Pamplona"],"inLanguage":"es","potentialAction":[{"@type":"CommentAction","name":"Comment","target":["https:\/\/www.laguiadepamplona.com\/actualidad\/la-compania-karretabidea-representa-el-sabado-en-civivox-mendillorri-la-reina-camomila-este-otono-se-jubila-dentro-del-festival-de-teatro-amateur-escenica-navarra\/#respond"]}]},{"@type":"WebPage","@id":"https:\/\/www.laguiadepamplona.com\/actualidad\/la-compania-karretabidea-representa-el-sabado-en-civivox-mendillorri-la-reina-camomila-este-otono-se-jubila-dentro-del-festival-de-teatro-amateur-escenica-navarra\/","url":"https:\/\/www.laguiadepamplona.com\/actualidad\/la-compania-karretabidea-representa-el-sabado-en-civivox-mendillorri-la-reina-camomila-este-otono-se-jubila-dentro-del-festival-de-teatro-amateur-escenica-navarra\/","name":"La compa\u00f1\u00eda Karretabidea representa el s\u00e1bado en Civivox Mendillorri \u2018La reina Camomila este oto\u00f1o se jubila\u2019 dentro del festival de teatro amateur Esc\u00e9nica Navarra","isPartOf":{"@id":"https:\/\/www.laguiadepamplona.com\/actualidad\/#website"},"primaryImageOfPage":{"@id":"https:\/\/www.laguiadepamplona.com\/actualidad\/la-compania-karretabidea-representa-el-sabado-en-civivox-mendillorri-la-reina-camomila-este-otono-se-jubila-dentro-del-festival-de-teatro-amateur-escenica-navarra\/#primaryimage"},"image":{"@id":"https:\/\/www.laguiadepamplona.com\/actualidad\/la-compania-karretabidea-representa-el-sabado-en-civivox-mendillorri-la-reina-camomila-este-otono-se-jubila-dentro-del-festival-de-teatro-amateur-escenica-navarra\/#primaryimage"},"thumbnailUrl":"https:\/\/www.laguiadepamplona.com\/actualidad\/wp-content\/uploads\/2016\/12\/civivox-mendillorri.jpg","datePublished":"2018-05-17T10:14:56+00:00","breadcrumb":{"@id":"https:\/\/www.laguiadepamplona.com\/actualidad\/la-compania-karretabidea-representa-el-sabado-en-civivox-mendillorri-la-reina-camomila-este-otono-se-jubila-dentro-del-festival-de-teatro-amateur-escenica-navarra\/#breadcrumb"},"inLanguage":"es","potentialAction":[{"@type":"ReadAction","target":["https:\/\/www.laguiadepamplona.com\/actualidad\/la-compania-karretabidea-representa-el-sabado-en-civivox-mendillorri-la-reina-camomila-este-otono-se-jubila-dentro-del-festival-de-teatro-amateur-escenica-navarra\/"]}]},{"@type":"ImageObject","inLanguage":"es","@id":"https:\/\/www.laguiadepamplona.com\/actualidad\/la-compania-karretabidea-representa-el-sabado-en-civivox-mendillorri-la-reina-camomila-este-otono-se-jubila-dentro-del-festival-de-teatro-amateur-escenica-navarra\/#primaryimage","url":"https:\/\/www.laguiadepamplona.com\/actualidad\/wp-content\/uploads\/2016\/12\/civivox-mendillorri.jpg","contentUrl":"https:\/\/www.laguiadepamplona.com\/actualidad\/wp-content\/uploads\/2016\/12\/civivox-mendillorri.jpg","width":870,"height":390},{"@type":"BreadcrumbList","@id":"https:\/\/www.laguiadepamplona.com\/actualidad\/la-compania-karretabidea-representa-el-sabado-en-civivox-mendillorri-la-reina-camomila-este-otono-se-jubila-dentro-del-festival-de-teatro-amateur-escenica-navarra\/#breadcrumb","itemListElement":[{"@type":"ListItem","position":1,"name":"Portada","item":"https:\/\/www.laguiadepamplona.com\/actualidad\/"},{"@type":"ListItem","position":2,"name":"La compa\u00f1\u00eda Karretabidea representa el s\u00e1bado en Civivox Mendillorri \u2018La reina Camomila este oto\u00f1o se jubila\u2019 dentro del festival de teatro amateur Esc\u00e9nica Navarra"}]},{"@type":"WebSite","@id":"https:\/\/www.laguiadepamplona.com\/actualidad\/#website","url":"https:\/\/www.laguiadepamplona.com\/actualidad\/","name":"La gu\u00eda de Pamplona","description":"Noticias de Pamplona","publisher":{"@id":"https:\/\/www.laguiadepamplona.com\/actualidad\/#organization"},"potentialAction":[{"@type":"SearchAction","target":{"@type":"EntryPoint","urlTemplate":"https:\/\/www.laguiadepamplona.com\/actualidad\/?s={search_term_string}"},"query-input":{"@type":"PropertyValueSpecification","valueRequired":true,"valueName":"search_term_string"}}],"inLanguage":"es"},{"@type":"Organization","@id":"https:\/\/www.laguiadepamplona.com\/actualidad\/#organization","name":"La Gu\u00eda de Pamplona \/ Noticias","url":"https:\/\/www.laguiadepamplona.com\/actualidad\/","logo":{"@type":"ImageObject","inLanguage":"es","@id":"https:\/\/www.laguiadepamplona.com\/actualidad\/#\/schema\/logo\/image\/","url":"https:\/\/www.laguiadepamplona.com\/actualidad\/wp-content\/uploads\/2018\/11\/logo-laguiadepamplona18-web1.png","contentUrl":"https:\/\/www.laguiadepamplona.com\/actualidad\/wp-content\/uploads\/2018\/11\/logo-laguiadepamplona18-web1.png","width":600,"height":196,"caption":"La Gu\u00eda de Pamplona \/ Noticias"},"image":{"@id":"https:\/\/www.laguiadepamplona.com\/actualidad\/#\/schema\/logo\/image\/"},"sameAs":["https:\/\/www.facebook.com\/laguiadepamplonacom-133175176762273\/?ref=hl","https:\/\/x.com\/LaGuiadPamplona","https:\/\/www.instagram.com\/la_guia_de_pamplona\/","https:\/\/www.youtube.com\/user\/laguiadepamplona"]},{"@type":"Person","@id":"https:\/\/www.laguiadepamplona.com\/actualidad\/#\/schema\/person\/efe887376f0213d4657c93adc50b1fdb","name":"La Gu\u00eda de Pamplona","image":{"@type":"ImageObject","inLanguage":"es","@id":"https:\/\/secure.gravatar.com\/avatar\/b6992f131dc8d30ab0dff15446e9d346d9dbd95992de0fef795073f5ea83a81c?s=96&d=mm&r=g","url":"https:\/\/secure.gravatar.com\/avatar\/b6992f131dc8d30ab0dff15446e9d346d9dbd95992de0fef795073f5ea83a81c?s=96&d=mm&r=g","contentUrl":"https:\/\/secure.gravatar.com\/avatar\/b6992f131dc8d30ab0dff15446e9d346d9dbd95992de0fef795073f5ea83a81c?s=96&d=mm&r=g","caption":"La Gu\u00eda de Pamplona"}}]}},"post_mailing_queue_ids":[],"_links":{"self":[{"href":"https:\/\/www.laguiadepamplona.com\/actualidad\/wp-json\/wp\/v2\/posts\/17421","targetHints":{"allow":["GET"]}}],"collection":[{"href":"https:\/\/www.laguiadepamplona.com\/actualidad\/wp-json\/wp\/v2\/posts"}],"about":[{"href":"https:\/\/www.laguiadepamplona.com\/actualidad\/wp-json\/wp\/v2\/types\/post"}],"author":[{"embeddable":true,"href":"https:\/\/www.laguiadepamplona.com\/actualidad\/wp-json\/wp\/v2\/users\/1"}],"replies":[{"embeddable":true,"href":"https:\/\/www.laguiadepamplona.com\/actualidad\/wp-json\/wp\/v2\/comments?post=17421"}],"version-history":[{"count":0,"href":"https:\/\/www.laguiadepamplona.com\/actualidad\/wp-json\/wp\/v2\/posts\/17421\/revisions"}],"wp:featuredmedia":[{"embeddable":true,"href":"https:\/\/www.laguiadepamplona.com\/actualidad\/wp-json\/wp\/v2\/media\/11011"}],"wp:attachment":[{"href":"https:\/\/www.laguiadepamplona.com\/actualidad\/wp-json\/wp\/v2\/media?parent=17421"}],"wp:term":[{"taxonomy":"category","embeddable":true,"href":"https:\/\/www.laguiadepamplona.com\/actualidad\/wp-json\/wp\/v2\/categories?post=17421"},{"taxonomy":"post_tag","embeddable":true,"href":"https:\/\/www.laguiadepamplona.com\/actualidad\/wp-json\/wp\/v2\/tags?post=17421"}],"curies":[{"name":"wp","href":"https:\/\/api.w.org\/{rel}","templated":true}]}}