{"id":17419,"date":"2018-05-17T11:14:02","date_gmt":"2018-05-17T10:14:02","guid":{"rendered":"http:\/\/laguiadepamplona.es\/actualidad\/?p=17419"},"modified":"2018-05-17T16:06:56","modified_gmt":"2018-05-17T15:06:56","slug":"el-artista-urbano-brasileno-bel-borba-presenta-ayer-hoy-manana-futuro-150-obras-elaboradas-con-distintas-tecnicas-que-retratan-su-salvador-de-bahia-natal","status":"publish","type":"post","link":"https:\/\/www.laguiadepamplona.com\/actualidad\/el-artista-urbano-brasileno-bel-borba-presenta-ayer-hoy-manana-futuro-150-obras-elaboradas-con-distintas-tecnicas-que-retratan-su-salvador-de-bahia-natal\/","title":{"rendered":"El artista urbano brasile\u00f1o Bel Borba presenta \u2018Ayer. Hoy. Ma\u00f1ana. Futuro\u2019, 150 obras elaboradas con distintas t\u00e9cnicas que retratan su Salvador de Bah\u00eda natal"},"content":{"rendered":"<h3>Mixtos acoge hasta el 1 de julio una muestra con obras en papel de revista, intervenciones en fotograf\u00edas antiguas o im\u00e1genes hechas con el m\u00f3vil<!--more--><\/h3>\n<p>\u2018Ayer. Hoy. Ma\u00f1ana. Futuro\u2019 es un recorrido por la obra del artista urbano brasile\u00f1o Bel Borba. Una exposici\u00f3n que hasta el 1 de julio se podr\u00e1 visitar en el Pabell\u00f3n de Mixtos, en su planta baja y en su primera planta, con m\u00e1s de 150 obras que retratan, b\u00e1sicamente, Salvador de Bah\u00eda, localidad natal del artista, con gui\u00f1os tambi\u00e9n a Pamplona, que aparece en algunas de las obras.<\/p>\n<p>La directora de Educaci\u00f3n y Cultura, Maitena Muruz\u00e1bal, el comisario de la exposici\u00f3n, Tako Pezonaga, y el propio Bel Borba han presentado una muestra que exhibe un trabajo diferente del hasta ahora presentado por el artista. Las colecciones tienen una naturaleza alegre y c\u00f3mica, con el elemento del tiempo, que las distribuye en ese ayer, hoy, ma\u00f1ana y futuro. Borba inventa su propia melod\u00eda para experimentar este mundo, lo que viene a ser un concepto simple de coexistencia y equilibrio inventado a trav\u00e9s de su reimaginaci\u00f3n o expresi\u00f3n creativa.<\/p>\n<p>De ah\u00ed que se combinen t\u00e9cnicas y materiales diversos, con procesos creativos y art\u00edsticos variados: \u00f3leos sobre papel revista, \u2018Magazing art\u2019 a trav\u00e9s de manipulaciones antiguas de im\u00e1genes de dominio p\u00fablico, captaciones de su tel\u00e9fono m\u00f3vil un d\u00eda cualquiera, im\u00e1genes de sat\u00e9lites con tomas verticales de distintos aeropuertos del mundo, collages, pinturas con una inconfundible marca de la naturaleza intervencionista&#8230; En definitiva, el p\u00fablico que se acerque al Pabell\u00f3n de Mixtos pasear\u00e1 por Salvador de Bah\u00eda, y en alguna imagen por Pamplona, a trav\u00e9s de la particular mirada de Borba.<\/p>\n<p>Borba, adem\u00e1s, ha querido dejar una muestra de su arte urbano en Pamplona y se ha involucrado en la intervenci\u00f3n art\u00edstica que se ha llevado a cabo en el barrio de Etxabakoitz, en el llamado \u2018Herri parkea\u2019, dentro de las actividades del festival Ibaiertzean que en su parte musical y de talleres se celebrar\u00e1 durante este pr\u00f3ximo fin de semana.<\/p>\n<p><strong>Ayer y Hoy<\/strong><\/p>\n<p>Para intervenir en el \u2018Ayer\u2019 Borba plasma, en 26 grabados sobre papel, collages con recortes de revista sobre registros de una ciudad como Salvador de Bah\u00eda, fotografiada hace m\u00e1s de 100 a\u00f1os. Son instant\u00e1neas disponibles en archivos de internet, en las que ha intervenido en postales tradicionales, im\u00e1genes inmutables en d\u00e9cadas. Violar con estructuras, grafismos, intervenciones que colocan el paisaje en otra dimensi\u00f3n en el tiempo, espacio y contexto, con anarqu\u00eda, minimalismos, atm\u00f3sferas metaf\u00edsicas, muchas veces jocosas, y claro, con gusto de quiebra de paradigma a violar con refinamientos de sublime transgresi\u00f3n.<\/p>\n<p>En el \u2018Hoy\u2019 las t\u00e9cnicas son m\u00e1s acordes a los tiempos actuales. El artista sac\u00f3 su tel\u00e9fono m\u00f3vil del bolsillo cuando estaba de paseo en un coche todav\u00eda en movimiento y fotografi\u00f3 escenas de un pueblo, de una Salvador de Bah\u00eda cotidiana y contempor\u00e1nea, con fotos troceadas en colores. Borba siente que est\u00e1 proporcionando al p\u00fablico una especie de revista a puntos y escenas particulares de un Salvador que conoce como la palma de su mano, a su manera. Al mismo tiempo, esas escenas podr\u00edan tambi\u00e9n ocurrir o captarse en cualquier capital del nordeste brasile\u00f1o. La serie la componen veinte grandes telas de pintura en acr\u00edlica sobre fotograf\u00edas actuales de Salvador de Bah\u00eda.<\/p>\n<p><strong>Ma\u00f1ana<\/strong><\/p>\n<p>Comenzando por el aeropuerto de Salvador de Bah\u00eda, esta colecci\u00f3n consiste en el agrupamiento de 40 fotos, de 40 aeropuertos del mundo, con vistas desde el cielo registradas por sat\u00e9lite, debidamente bajadas de internet y transformadas para poner en valor cada trazado gr\u00e1fico, exhibiendo as\u00ed una fisonom\u00eda futurista y poco com\u00fan del grafismo de cada una de ellas, destacando una graf\u00eda con mucha personalidad. El presupuesto de esta serie es la tesis de que la funcionalidad y la cultura de cada aeropuerto, de cada pa\u00eds- aunque en algunos casos han sido arquitectos extranjeros los que los dise\u00f1aron- se impone en grafismo impreso.<\/p>\n<p>El acceso a las tecnolog\u00edas avanzadas, hoy en d\u00eda disponibles y al alcance de todos, como internet, los smartphones, las impresoras digitales o los recursos fotogr\u00e1ficos, y la ayuda de algunos profesionales son la t\u00f3nica de esas obras eminentemente gr\u00e1ficas, sin dejar de lado las t\u00e9cnicas m\u00e1s tradicionales como pincel, collages, y <em>spray paint<\/em>, que remontan a sus primeros a\u00f1os de carrera profesional.<\/p>\n<p><strong>Futuro<\/strong><\/p>\n<p>Borba quiere en esta parte de la exposici\u00f3n hacer una superposici\u00f3n de t\u00e9cnica, lenguaje, comparaci\u00f3n de estructuras, absurdas intervenciones en la arquitectura, contrastes de la naturaleza&#8230; y que eso represente un paseo por la sensaci\u00f3n de futuro, sin olvidar el pasado, y con un retrato sensible y cr\u00edtico del presente.<\/p>\n<p>La muestra recoge 60 grabados P.A. (pruebas de artista) creados para esta exposici\u00f3n; tinta \u00f3leo sobre papel de revista, estreno absoluto en Pamplona junto con un audiovisual creado exclusiva para este evento. Sue\u00f1os, sensaciones, divertimentos, e interpretaciones que el artista recoge de las p\u00e1ginas impresas de revistas y las manipula, viola, tacha, resalta, redibuja, impregna, interpreta, a\u00f1ade, hasta so\u00f1ar situaciones, personajes, elementos cotidianos, posturas y paisajes que hasta hoy nadie hab\u00eda presentado. Una vez m\u00e1s Borba sorprende utilizando un soporte nuevo, que convierte en objeto de deseo, en obra para enmarcar.<\/p>\n<p>Una vez m\u00e1s Borba se acompa\u00f1a del audiovisual para trasladar sus inquietudes y formar parte de una exposici\u00f3n pl\u00e1stica sorprendente. En la pieza \u2018Reverso de la manipulaci\u00f3n\u2019, se incluyen intervenciones de recortes de papel de revista sobre la piel del cuerpo en performance, tambi\u00e9n en los ensayos de pintura al \u00f3leo sobre p\u00e1ginas de revista. Revistas especializadas en general aportan originalmente frutos de artistas y procesos art\u00edsticos, que con el tiempo se nota que en vez de reportar, publicar y promover esos veh\u00edculos se transforman en conductores de producci\u00f3n art\u00edstica mundial.<\/p>\n<p><strong>T\u00e9cnicas, espacios y materiales diversos para sus creaciones<\/strong><\/p>\n<p>Bel Borba es uno de los artistas pl\u00e1sticos brasile\u00f1os m\u00e1s importantes en la actualidad, que creado un arte intensamente urbano y contempor\u00e1neo. No hay t\u00e9cnica ni espacio que se le resista. Utiliza en sus creaciones tela, papel, cart\u00f3n, madera, acero, hierro, carbono, fibra de vidrio, lonas, velas, bronce, cemento, piedra , cantos rodados, cer\u00e1micas, azulejos, basura o las propias bolsas de pl\u00e1stico que la contienen; todos los elementos e instrumentos posibles para la creaci\u00f3n, desde pinceles a arena de playa, de pintura al agua al spray o el rotulador, del cincel a las sierras o m\u00e1quinas industriales.<\/p>\n<p>Su obra toma vida en instituciones, museos, galer\u00edas y, especialmente, en las calles de ciudades como Salvador de Bah\u00eda, Sao Paulo, R\u00edo de Janeiro, Recife, Colombia, Berl\u00edn, Dusseldorf, Venecia, Montreaux, Nueva York&#8230; Bel Borba crea con emoci\u00f3n y no para de celebrar la vida, tatuando arte en fachadas de edificios, realizando acciones en el asfalto o compartiendo el placer de crear con distintos colectivos de la comunidad. La obra de Bel Borba es arte vivo que se apropia y comparte espacio con la ciudad y sus habitantes.<\/p>\n<p>&nbsp;<\/p>\n","protected":false},"excerpt":{"rendered":"<p>Mixtos acoge hasta el 1 de julio una muestra con obras en papel de revista, intervenciones en fotograf\u00edas antiguas o im\u00e1genes hechas con el m\u00f3vil<\/p>\n","protected":false},"author":1,"featured_media":17343,"comment_status":"open","ping_status":"closed","sticky":false,"template":"","format":"standard","meta":{"footnotes":""},"categories":[2],"tags":[],"class_list":["post-17419","post","type-post","status-publish","format-standard","has-post-thumbnail","hentry","category-ayuntamiento-pamplona"],"yoast_head":"<!-- This site is optimized with the Yoast SEO plugin v27.3 - https:\/\/yoast.com\/product\/yoast-seo-wordpress\/ -->\n<title>El artista urbano brasile\u00f1o Bel Borba presenta \u2018Ayer. Hoy. Ma\u00f1ana. Futuro\u2019, 150 obras elaboradas con distintas t\u00e9cnicas que retratan su Salvador de Bah\u00eda natal<\/title>\n<meta name=\"robots\" content=\"index, follow, max-snippet:-1, max-image-preview:large, max-video-preview:-1\" \/>\n<link rel=\"canonical\" href=\"https:\/\/www.laguiadepamplona.com\/actualidad\/el-artista-urbano-brasileno-bel-borba-presenta-ayer-hoy-manana-futuro-150-obras-elaboradas-con-distintas-tecnicas-que-retratan-su-salvador-de-bahia-natal\/\" \/>\n<meta property=\"og:locale\" content=\"es_ES\" \/>\n<meta property=\"og:type\" content=\"article\" \/>\n<meta property=\"og:title\" content=\"El artista urbano brasile\u00f1o Bel Borba presenta \u2018Ayer. Hoy. Ma\u00f1ana. Futuro\u2019, 150 obras elaboradas con distintas t\u00e9cnicas que retratan su Salvador de Bah\u00eda natal\" \/>\n<meta property=\"og:description\" content=\"Mixtos acoge hasta el 1 de julio una muestra con obras en papel de revista, intervenciones en fotograf\u00edas antiguas o im\u00e1genes hechas con el m\u00f3vil\" \/>\n<meta property=\"og:url\" content=\"https:\/\/www.laguiadepamplona.com\/actualidad\/el-artista-urbano-brasileno-bel-borba-presenta-ayer-hoy-manana-futuro-150-obras-elaboradas-con-distintas-tecnicas-que-retratan-su-salvador-de-bahia-natal\/\" \/>\n<meta property=\"og:site_name\" content=\"La Gu\u00eda de Pamplona\" \/>\n<meta property=\"article:publisher\" content=\"https:\/\/www.facebook.com\/laguiadepamplonacom-133175176762273\/?ref=hl\" \/>\n<meta property=\"article:published_time\" content=\"2018-05-17T10:14:02+00:00\" \/>\n<meta property=\"article:modified_time\" content=\"2018-05-17T15:06:56+00:00\" \/>\n<meta property=\"og:image\" content=\"https:\/\/www.laguiadepamplona.com\/actualidad\/wp-content\/uploads\/2018\/05\/pabellon-mixtos-ciudadela.jpg\" \/>\n\t<meta property=\"og:image:width\" content=\"1000\" \/>\n\t<meta property=\"og:image:height\" content=\"667\" \/>\n\t<meta property=\"og:image:type\" content=\"image\/jpeg\" \/>\n<meta name=\"author\" content=\"La Gu\u00eda de Pamplona\" \/>\n<meta name=\"twitter:card\" content=\"summary_large_image\" \/>\n<meta name=\"twitter:creator\" content=\"@LaGuiadPamplona\" \/>\n<meta name=\"twitter:site\" content=\"@LaGuiadPamplona\" \/>\n<meta name=\"twitter:label1\" content=\"Escrito por\" \/>\n\t<meta name=\"twitter:data1\" content=\"La Gu\u00eda de Pamplona\" \/>\n\t<meta name=\"twitter:label2\" content=\"Tiempo de lectura\" \/>\n\t<meta name=\"twitter:data2\" content=\"6 minutos\" \/>\n<script type=\"application\/ld+json\" class=\"yoast-schema-graph\">{\"@context\":\"https:\\\/\\\/schema.org\",\"@graph\":[{\"@type\":\"Article\",\"@id\":\"https:\\\/\\\/www.laguiadepamplona.com\\\/actualidad\\\/el-artista-urbano-brasileno-bel-borba-presenta-ayer-hoy-manana-futuro-150-obras-elaboradas-con-distintas-tecnicas-que-retratan-su-salvador-de-bahia-natal\\\/#article\",\"isPartOf\":{\"@id\":\"https:\\\/\\\/www.laguiadepamplona.com\\\/actualidad\\\/el-artista-urbano-brasileno-bel-borba-presenta-ayer-hoy-manana-futuro-150-obras-elaboradas-con-distintas-tecnicas-que-retratan-su-salvador-de-bahia-natal\\\/\"},\"author\":{\"name\":\"La Gu\u00eda de Pamplona\",\"@id\":\"https:\\\/\\\/www.laguiadepamplona.com\\\/actualidad\\\/#\\\/schema\\\/person\\\/efe887376f0213d4657c93adc50b1fdb\"},\"headline\":\"El artista urbano brasile\u00f1o Bel Borba presenta \u2018Ayer. Hoy. Ma\u00f1ana. Futuro\u2019, 150 obras elaboradas con distintas t\u00e9cnicas que retratan su Salvador de Bah\u00eda natal\",\"datePublished\":\"2018-05-17T10:14:02+00:00\",\"dateModified\":\"2018-05-17T15:06:56+00:00\",\"mainEntityOfPage\":{\"@id\":\"https:\\\/\\\/www.laguiadepamplona.com\\\/actualidad\\\/el-artista-urbano-brasileno-bel-borba-presenta-ayer-hoy-manana-futuro-150-obras-elaboradas-con-distintas-tecnicas-que-retratan-su-salvador-de-bahia-natal\\\/\"},\"wordCount\":1273,\"commentCount\":0,\"publisher\":{\"@id\":\"https:\\\/\\\/www.laguiadepamplona.com\\\/actualidad\\\/#organization\"},\"image\":{\"@id\":\"https:\\\/\\\/www.laguiadepamplona.com\\\/actualidad\\\/el-artista-urbano-brasileno-bel-borba-presenta-ayer-hoy-manana-futuro-150-obras-elaboradas-con-distintas-tecnicas-que-retratan-su-salvador-de-bahia-natal\\\/#primaryimage\"},\"thumbnailUrl\":\"https:\\\/\\\/www.laguiadepamplona.com\\\/actualidad\\\/wp-content\\\/uploads\\\/2018\\\/05\\\/pabellon-mixtos-ciudadela.jpg\",\"articleSection\":[\"Ayto Pamplona\"],\"inLanguage\":\"es\",\"potentialAction\":[{\"@type\":\"CommentAction\",\"name\":\"Comment\",\"target\":[\"https:\\\/\\\/www.laguiadepamplona.com\\\/actualidad\\\/el-artista-urbano-brasileno-bel-borba-presenta-ayer-hoy-manana-futuro-150-obras-elaboradas-con-distintas-tecnicas-que-retratan-su-salvador-de-bahia-natal\\\/#respond\"]}]},{\"@type\":\"WebPage\",\"@id\":\"https:\\\/\\\/www.laguiadepamplona.com\\\/actualidad\\\/el-artista-urbano-brasileno-bel-borba-presenta-ayer-hoy-manana-futuro-150-obras-elaboradas-con-distintas-tecnicas-que-retratan-su-salvador-de-bahia-natal\\\/\",\"url\":\"https:\\\/\\\/www.laguiadepamplona.com\\\/actualidad\\\/el-artista-urbano-brasileno-bel-borba-presenta-ayer-hoy-manana-futuro-150-obras-elaboradas-con-distintas-tecnicas-que-retratan-su-salvador-de-bahia-natal\\\/\",\"name\":\"El artista urbano brasile\u00f1o Bel Borba presenta \u2018Ayer. Hoy. Ma\u00f1ana. Futuro\u2019, 150 obras elaboradas con distintas t\u00e9cnicas que retratan su Salvador de Bah\u00eda natal\",\"isPartOf\":{\"@id\":\"https:\\\/\\\/www.laguiadepamplona.com\\\/actualidad\\\/#website\"},\"primaryImageOfPage\":{\"@id\":\"https:\\\/\\\/www.laguiadepamplona.com\\\/actualidad\\\/el-artista-urbano-brasileno-bel-borba-presenta-ayer-hoy-manana-futuro-150-obras-elaboradas-con-distintas-tecnicas-que-retratan-su-salvador-de-bahia-natal\\\/#primaryimage\"},\"image\":{\"@id\":\"https:\\\/\\\/www.laguiadepamplona.com\\\/actualidad\\\/el-artista-urbano-brasileno-bel-borba-presenta-ayer-hoy-manana-futuro-150-obras-elaboradas-con-distintas-tecnicas-que-retratan-su-salvador-de-bahia-natal\\\/#primaryimage\"},\"thumbnailUrl\":\"https:\\\/\\\/www.laguiadepamplona.com\\\/actualidad\\\/wp-content\\\/uploads\\\/2018\\\/05\\\/pabellon-mixtos-ciudadela.jpg\",\"datePublished\":\"2018-05-17T10:14:02+00:00\",\"dateModified\":\"2018-05-17T15:06:56+00:00\",\"breadcrumb\":{\"@id\":\"https:\\\/\\\/www.laguiadepamplona.com\\\/actualidad\\\/el-artista-urbano-brasileno-bel-borba-presenta-ayer-hoy-manana-futuro-150-obras-elaboradas-con-distintas-tecnicas-que-retratan-su-salvador-de-bahia-natal\\\/#breadcrumb\"},\"inLanguage\":\"es\",\"potentialAction\":[{\"@type\":\"ReadAction\",\"target\":[\"https:\\\/\\\/www.laguiadepamplona.com\\\/actualidad\\\/el-artista-urbano-brasileno-bel-borba-presenta-ayer-hoy-manana-futuro-150-obras-elaboradas-con-distintas-tecnicas-que-retratan-su-salvador-de-bahia-natal\\\/\"]}]},{\"@type\":\"ImageObject\",\"inLanguage\":\"es\",\"@id\":\"https:\\\/\\\/www.laguiadepamplona.com\\\/actualidad\\\/el-artista-urbano-brasileno-bel-borba-presenta-ayer-hoy-manana-futuro-150-obras-elaboradas-con-distintas-tecnicas-que-retratan-su-salvador-de-bahia-natal\\\/#primaryimage\",\"url\":\"https:\\\/\\\/www.laguiadepamplona.com\\\/actualidad\\\/wp-content\\\/uploads\\\/2018\\\/05\\\/pabellon-mixtos-ciudadela.jpg\",\"contentUrl\":\"https:\\\/\\\/www.laguiadepamplona.com\\\/actualidad\\\/wp-content\\\/uploads\\\/2018\\\/05\\\/pabellon-mixtos-ciudadela.jpg\",\"width\":1000,\"height\":667},{\"@type\":\"BreadcrumbList\",\"@id\":\"https:\\\/\\\/www.laguiadepamplona.com\\\/actualidad\\\/el-artista-urbano-brasileno-bel-borba-presenta-ayer-hoy-manana-futuro-150-obras-elaboradas-con-distintas-tecnicas-que-retratan-su-salvador-de-bahia-natal\\\/#breadcrumb\",\"itemListElement\":[{\"@type\":\"ListItem\",\"position\":1,\"name\":\"Portada\",\"item\":\"https:\\\/\\\/www.laguiadepamplona.com\\\/actualidad\\\/\"},{\"@type\":\"ListItem\",\"position\":2,\"name\":\"El artista urbano brasile\u00f1o Bel Borba presenta \u2018Ayer. Hoy. Ma\u00f1ana. Futuro\u2019, 150 obras elaboradas con distintas t\u00e9cnicas que retratan su Salvador de Bah\u00eda natal\"}]},{\"@type\":\"WebSite\",\"@id\":\"https:\\\/\\\/www.laguiadepamplona.com\\\/actualidad\\\/#website\",\"url\":\"https:\\\/\\\/www.laguiadepamplona.com\\\/actualidad\\\/\",\"name\":\"La gu\u00eda de Pamplona\",\"description\":\"Noticias de Pamplona\",\"publisher\":{\"@id\":\"https:\\\/\\\/www.laguiadepamplona.com\\\/actualidad\\\/#organization\"},\"potentialAction\":[{\"@type\":\"SearchAction\",\"target\":{\"@type\":\"EntryPoint\",\"urlTemplate\":\"https:\\\/\\\/www.laguiadepamplona.com\\\/actualidad\\\/?s={search_term_string}\"},\"query-input\":{\"@type\":\"PropertyValueSpecification\",\"valueRequired\":true,\"valueName\":\"search_term_string\"}}],\"inLanguage\":\"es\"},{\"@type\":\"Organization\",\"@id\":\"https:\\\/\\\/www.laguiadepamplona.com\\\/actualidad\\\/#organization\",\"name\":\"La Gu\u00eda de Pamplona \\\/ Noticias\",\"url\":\"https:\\\/\\\/www.laguiadepamplona.com\\\/actualidad\\\/\",\"logo\":{\"@type\":\"ImageObject\",\"inLanguage\":\"es\",\"@id\":\"https:\\\/\\\/www.laguiadepamplona.com\\\/actualidad\\\/#\\\/schema\\\/logo\\\/image\\\/\",\"url\":\"https:\\\/\\\/www.laguiadepamplona.com\\\/actualidad\\\/wp-content\\\/uploads\\\/2018\\\/11\\\/logo-laguiadepamplona18-web1.png\",\"contentUrl\":\"https:\\\/\\\/www.laguiadepamplona.com\\\/actualidad\\\/wp-content\\\/uploads\\\/2018\\\/11\\\/logo-laguiadepamplona18-web1.png\",\"width\":600,\"height\":196,\"caption\":\"La Gu\u00eda de Pamplona \\\/ Noticias\"},\"image\":{\"@id\":\"https:\\\/\\\/www.laguiadepamplona.com\\\/actualidad\\\/#\\\/schema\\\/logo\\\/image\\\/\"},\"sameAs\":[\"https:\\\/\\\/www.facebook.com\\\/laguiadepamplonacom-133175176762273\\\/?ref=hl\",\"https:\\\/\\\/x.com\\\/LaGuiadPamplona\",\"https:\\\/\\\/www.instagram.com\\\/la_guia_de_pamplona\\\/\",\"https:\\\/\\\/www.youtube.com\\\/user\\\/laguiadepamplona\"]},{\"@type\":\"Person\",\"@id\":\"https:\\\/\\\/www.laguiadepamplona.com\\\/actualidad\\\/#\\\/schema\\\/person\\\/efe887376f0213d4657c93adc50b1fdb\",\"name\":\"La Gu\u00eda de Pamplona\",\"image\":{\"@type\":\"ImageObject\",\"inLanguage\":\"es\",\"@id\":\"https:\\\/\\\/secure.gravatar.com\\\/avatar\\\/b6992f131dc8d30ab0dff15446e9d346d9dbd95992de0fef795073f5ea83a81c?s=96&d=mm&r=g\",\"url\":\"https:\\\/\\\/secure.gravatar.com\\\/avatar\\\/b6992f131dc8d30ab0dff15446e9d346d9dbd95992de0fef795073f5ea83a81c?s=96&d=mm&r=g\",\"contentUrl\":\"https:\\\/\\\/secure.gravatar.com\\\/avatar\\\/b6992f131dc8d30ab0dff15446e9d346d9dbd95992de0fef795073f5ea83a81c?s=96&d=mm&r=g\",\"caption\":\"La Gu\u00eda de Pamplona\"}}]}<\/script>\n<!-- \/ Yoast SEO plugin. -->","yoast_head_json":{"title":"El artista urbano brasile\u00f1o Bel Borba presenta \u2018Ayer. Hoy. Ma\u00f1ana. Futuro\u2019, 150 obras elaboradas con distintas t\u00e9cnicas que retratan su Salvador de Bah\u00eda natal","robots":{"index":"index","follow":"follow","max-snippet":"max-snippet:-1","max-image-preview":"max-image-preview:large","max-video-preview":"max-video-preview:-1"},"canonical":"https:\/\/www.laguiadepamplona.com\/actualidad\/el-artista-urbano-brasileno-bel-borba-presenta-ayer-hoy-manana-futuro-150-obras-elaboradas-con-distintas-tecnicas-que-retratan-su-salvador-de-bahia-natal\/","og_locale":"es_ES","og_type":"article","og_title":"El artista urbano brasile\u00f1o Bel Borba presenta \u2018Ayer. Hoy. Ma\u00f1ana. Futuro\u2019, 150 obras elaboradas con distintas t\u00e9cnicas que retratan su Salvador de Bah\u00eda natal","og_description":"Mixtos acoge hasta el 1 de julio una muestra con obras en papel de revista, intervenciones en fotograf\u00edas antiguas o im\u00e1genes hechas con el m\u00f3vil","og_url":"https:\/\/www.laguiadepamplona.com\/actualidad\/el-artista-urbano-brasileno-bel-borba-presenta-ayer-hoy-manana-futuro-150-obras-elaboradas-con-distintas-tecnicas-que-retratan-su-salvador-de-bahia-natal\/","og_site_name":"La Gu\u00eda de Pamplona","article_publisher":"https:\/\/www.facebook.com\/laguiadepamplonacom-133175176762273\/?ref=hl","article_published_time":"2018-05-17T10:14:02+00:00","article_modified_time":"2018-05-17T15:06:56+00:00","og_image":[{"width":1000,"height":667,"url":"https:\/\/www.laguiadepamplona.com\/actualidad\/wp-content\/uploads\/2018\/05\/pabellon-mixtos-ciudadela.jpg","type":"image\/jpeg"}],"author":"La Gu\u00eda de Pamplona","twitter_card":"summary_large_image","twitter_creator":"@LaGuiadPamplona","twitter_site":"@LaGuiadPamplona","twitter_misc":{"Escrito por":"La Gu\u00eda de Pamplona","Tiempo de lectura":"6 minutos"},"schema":{"@context":"https:\/\/schema.org","@graph":[{"@type":"Article","@id":"https:\/\/www.laguiadepamplona.com\/actualidad\/el-artista-urbano-brasileno-bel-borba-presenta-ayer-hoy-manana-futuro-150-obras-elaboradas-con-distintas-tecnicas-que-retratan-su-salvador-de-bahia-natal\/#article","isPartOf":{"@id":"https:\/\/www.laguiadepamplona.com\/actualidad\/el-artista-urbano-brasileno-bel-borba-presenta-ayer-hoy-manana-futuro-150-obras-elaboradas-con-distintas-tecnicas-que-retratan-su-salvador-de-bahia-natal\/"},"author":{"name":"La Gu\u00eda de Pamplona","@id":"https:\/\/www.laguiadepamplona.com\/actualidad\/#\/schema\/person\/efe887376f0213d4657c93adc50b1fdb"},"headline":"El artista urbano brasile\u00f1o Bel Borba presenta \u2018Ayer. Hoy. Ma\u00f1ana. Futuro\u2019, 150 obras elaboradas con distintas t\u00e9cnicas que retratan su Salvador de Bah\u00eda natal","datePublished":"2018-05-17T10:14:02+00:00","dateModified":"2018-05-17T15:06:56+00:00","mainEntityOfPage":{"@id":"https:\/\/www.laguiadepamplona.com\/actualidad\/el-artista-urbano-brasileno-bel-borba-presenta-ayer-hoy-manana-futuro-150-obras-elaboradas-con-distintas-tecnicas-que-retratan-su-salvador-de-bahia-natal\/"},"wordCount":1273,"commentCount":0,"publisher":{"@id":"https:\/\/www.laguiadepamplona.com\/actualidad\/#organization"},"image":{"@id":"https:\/\/www.laguiadepamplona.com\/actualidad\/el-artista-urbano-brasileno-bel-borba-presenta-ayer-hoy-manana-futuro-150-obras-elaboradas-con-distintas-tecnicas-que-retratan-su-salvador-de-bahia-natal\/#primaryimage"},"thumbnailUrl":"https:\/\/www.laguiadepamplona.com\/actualidad\/wp-content\/uploads\/2018\/05\/pabellon-mixtos-ciudadela.jpg","articleSection":["Ayto Pamplona"],"inLanguage":"es","potentialAction":[{"@type":"CommentAction","name":"Comment","target":["https:\/\/www.laguiadepamplona.com\/actualidad\/el-artista-urbano-brasileno-bel-borba-presenta-ayer-hoy-manana-futuro-150-obras-elaboradas-con-distintas-tecnicas-que-retratan-su-salvador-de-bahia-natal\/#respond"]}]},{"@type":"WebPage","@id":"https:\/\/www.laguiadepamplona.com\/actualidad\/el-artista-urbano-brasileno-bel-borba-presenta-ayer-hoy-manana-futuro-150-obras-elaboradas-con-distintas-tecnicas-que-retratan-su-salvador-de-bahia-natal\/","url":"https:\/\/www.laguiadepamplona.com\/actualidad\/el-artista-urbano-brasileno-bel-borba-presenta-ayer-hoy-manana-futuro-150-obras-elaboradas-con-distintas-tecnicas-que-retratan-su-salvador-de-bahia-natal\/","name":"El artista urbano brasile\u00f1o Bel Borba presenta \u2018Ayer. Hoy. Ma\u00f1ana. Futuro\u2019, 150 obras elaboradas con distintas t\u00e9cnicas que retratan su Salvador de Bah\u00eda natal","isPartOf":{"@id":"https:\/\/www.laguiadepamplona.com\/actualidad\/#website"},"primaryImageOfPage":{"@id":"https:\/\/www.laguiadepamplona.com\/actualidad\/el-artista-urbano-brasileno-bel-borba-presenta-ayer-hoy-manana-futuro-150-obras-elaboradas-con-distintas-tecnicas-que-retratan-su-salvador-de-bahia-natal\/#primaryimage"},"image":{"@id":"https:\/\/www.laguiadepamplona.com\/actualidad\/el-artista-urbano-brasileno-bel-borba-presenta-ayer-hoy-manana-futuro-150-obras-elaboradas-con-distintas-tecnicas-que-retratan-su-salvador-de-bahia-natal\/#primaryimage"},"thumbnailUrl":"https:\/\/www.laguiadepamplona.com\/actualidad\/wp-content\/uploads\/2018\/05\/pabellon-mixtos-ciudadela.jpg","datePublished":"2018-05-17T10:14:02+00:00","dateModified":"2018-05-17T15:06:56+00:00","breadcrumb":{"@id":"https:\/\/www.laguiadepamplona.com\/actualidad\/el-artista-urbano-brasileno-bel-borba-presenta-ayer-hoy-manana-futuro-150-obras-elaboradas-con-distintas-tecnicas-que-retratan-su-salvador-de-bahia-natal\/#breadcrumb"},"inLanguage":"es","potentialAction":[{"@type":"ReadAction","target":["https:\/\/www.laguiadepamplona.com\/actualidad\/el-artista-urbano-brasileno-bel-borba-presenta-ayer-hoy-manana-futuro-150-obras-elaboradas-con-distintas-tecnicas-que-retratan-su-salvador-de-bahia-natal\/"]}]},{"@type":"ImageObject","inLanguage":"es","@id":"https:\/\/www.laguiadepamplona.com\/actualidad\/el-artista-urbano-brasileno-bel-borba-presenta-ayer-hoy-manana-futuro-150-obras-elaboradas-con-distintas-tecnicas-que-retratan-su-salvador-de-bahia-natal\/#primaryimage","url":"https:\/\/www.laguiadepamplona.com\/actualidad\/wp-content\/uploads\/2018\/05\/pabellon-mixtos-ciudadela.jpg","contentUrl":"https:\/\/www.laguiadepamplona.com\/actualidad\/wp-content\/uploads\/2018\/05\/pabellon-mixtos-ciudadela.jpg","width":1000,"height":667},{"@type":"BreadcrumbList","@id":"https:\/\/www.laguiadepamplona.com\/actualidad\/el-artista-urbano-brasileno-bel-borba-presenta-ayer-hoy-manana-futuro-150-obras-elaboradas-con-distintas-tecnicas-que-retratan-su-salvador-de-bahia-natal\/#breadcrumb","itemListElement":[{"@type":"ListItem","position":1,"name":"Portada","item":"https:\/\/www.laguiadepamplona.com\/actualidad\/"},{"@type":"ListItem","position":2,"name":"El artista urbano brasile\u00f1o Bel Borba presenta \u2018Ayer. Hoy. Ma\u00f1ana. Futuro\u2019, 150 obras elaboradas con distintas t\u00e9cnicas que retratan su Salvador de Bah\u00eda natal"}]},{"@type":"WebSite","@id":"https:\/\/www.laguiadepamplona.com\/actualidad\/#website","url":"https:\/\/www.laguiadepamplona.com\/actualidad\/","name":"La gu\u00eda de Pamplona","description":"Noticias de Pamplona","publisher":{"@id":"https:\/\/www.laguiadepamplona.com\/actualidad\/#organization"},"potentialAction":[{"@type":"SearchAction","target":{"@type":"EntryPoint","urlTemplate":"https:\/\/www.laguiadepamplona.com\/actualidad\/?s={search_term_string}"},"query-input":{"@type":"PropertyValueSpecification","valueRequired":true,"valueName":"search_term_string"}}],"inLanguage":"es"},{"@type":"Organization","@id":"https:\/\/www.laguiadepamplona.com\/actualidad\/#organization","name":"La Gu\u00eda de Pamplona \/ Noticias","url":"https:\/\/www.laguiadepamplona.com\/actualidad\/","logo":{"@type":"ImageObject","inLanguage":"es","@id":"https:\/\/www.laguiadepamplona.com\/actualidad\/#\/schema\/logo\/image\/","url":"https:\/\/www.laguiadepamplona.com\/actualidad\/wp-content\/uploads\/2018\/11\/logo-laguiadepamplona18-web1.png","contentUrl":"https:\/\/www.laguiadepamplona.com\/actualidad\/wp-content\/uploads\/2018\/11\/logo-laguiadepamplona18-web1.png","width":600,"height":196,"caption":"La Gu\u00eda de Pamplona \/ Noticias"},"image":{"@id":"https:\/\/www.laguiadepamplona.com\/actualidad\/#\/schema\/logo\/image\/"},"sameAs":["https:\/\/www.facebook.com\/laguiadepamplonacom-133175176762273\/?ref=hl","https:\/\/x.com\/LaGuiadPamplona","https:\/\/www.instagram.com\/la_guia_de_pamplona\/","https:\/\/www.youtube.com\/user\/laguiadepamplona"]},{"@type":"Person","@id":"https:\/\/www.laguiadepamplona.com\/actualidad\/#\/schema\/person\/efe887376f0213d4657c93adc50b1fdb","name":"La Gu\u00eda de Pamplona","image":{"@type":"ImageObject","inLanguage":"es","@id":"https:\/\/secure.gravatar.com\/avatar\/b6992f131dc8d30ab0dff15446e9d346d9dbd95992de0fef795073f5ea83a81c?s=96&d=mm&r=g","url":"https:\/\/secure.gravatar.com\/avatar\/b6992f131dc8d30ab0dff15446e9d346d9dbd95992de0fef795073f5ea83a81c?s=96&d=mm&r=g","contentUrl":"https:\/\/secure.gravatar.com\/avatar\/b6992f131dc8d30ab0dff15446e9d346d9dbd95992de0fef795073f5ea83a81c?s=96&d=mm&r=g","caption":"La Gu\u00eda de Pamplona"}}]}},"post_mailing_queue_ids":[],"_links":{"self":[{"href":"https:\/\/www.laguiadepamplona.com\/actualidad\/wp-json\/wp\/v2\/posts\/17419","targetHints":{"allow":["GET"]}}],"collection":[{"href":"https:\/\/www.laguiadepamplona.com\/actualidad\/wp-json\/wp\/v2\/posts"}],"about":[{"href":"https:\/\/www.laguiadepamplona.com\/actualidad\/wp-json\/wp\/v2\/types\/post"}],"author":[{"embeddable":true,"href":"https:\/\/www.laguiadepamplona.com\/actualidad\/wp-json\/wp\/v2\/users\/1"}],"replies":[{"embeddable":true,"href":"https:\/\/www.laguiadepamplona.com\/actualidad\/wp-json\/wp\/v2\/comments?post=17419"}],"version-history":[{"count":0,"href":"https:\/\/www.laguiadepamplona.com\/actualidad\/wp-json\/wp\/v2\/posts\/17419\/revisions"}],"wp:featuredmedia":[{"embeddable":true,"href":"https:\/\/www.laguiadepamplona.com\/actualidad\/wp-json\/wp\/v2\/media\/17343"}],"wp:attachment":[{"href":"https:\/\/www.laguiadepamplona.com\/actualidad\/wp-json\/wp\/v2\/media?parent=17419"}],"wp:term":[{"taxonomy":"category","embeddable":true,"href":"https:\/\/www.laguiadepamplona.com\/actualidad\/wp-json\/wp\/v2\/categories?post=17419"},{"taxonomy":"post_tag","embeddable":true,"href":"https:\/\/www.laguiadepamplona.com\/actualidad\/wp-json\/wp\/v2\/tags?post=17419"}],"curies":[{"name":"wp","href":"https:\/\/api.w.org\/{rel}","templated":true}]}}