{"id":17417,"date":"2018-05-17T11:12:21","date_gmt":"2018-05-17T10:12:21","guid":{"rendered":"http:\/\/laguiadepamplona.es\/actualidad\/?p=17417"},"modified":"2018-05-17T16:06:40","modified_gmt":"2018-05-17T15:06:40","slug":"grafiti-sobre-madera-cubre-las-paredes-del-horno-de-la-ciudadela-con-the-rewood-un-conjunto-de-retazos-coloristas-del-festival-de-arte-urbano-fauna","status":"publish","type":"post","link":"https:\/\/www.laguiadepamplona.com\/actualidad\/grafiti-sobre-madera-cubre-las-paredes-del-horno-de-la-ciudadela-con-the-rewood-un-conjunto-de-retazos-coloristas-del-festival-de-arte-urbano-fauna\/","title":{"rendered":"Grafiti sobre madera cubre las paredes del Horno de la Ciudadela con \u2018The Rewood\u2019, un conjunto de retazos coloristas del Festival de Arte Urbano (FAUNA)"},"content":{"rendered":"<h3>La nueva muestra expositiva recoge tambi\u00e9n fotograf\u00edas y video sobre la significaci\u00f3n y el desarrollo de ese evento el pasado noviembre<!--more--><\/h3>\n<p>Desde el hoy y hasta el 1 de julio las representaciones de arte urbano tienen un espacio en el Horno de la Ciudadela. Esta ma\u00f1ana la concejala delegada del \u00e1rea de Desarrollo Comunitario, Esther Cremaes, junto con Jabi Landa \u2018CORTE\u2019 y Javi Rold\u00e1n \u2018PIN\u2019, en representaci\u00f3n del Colectivo Cantama\u00f1anas, han presentado \u2018The Rewood\u2019 una muestra que alberga once obras de otros tantos artistas que participaron el pasado noviembre en FAUNA, el Festival de Arte Urbano. Adem\u00e1s de fragmentos de grafitis, en la muestra se pueden apreciar fotos y v\u00eddeos que recogen momentos de las tres jornadas en las que se desarrollo el festival. Los artistas en el transcurso de la presentaci\u00f3n de la muestra han querido tener un recuerdo con Guillem \u2018TREZE\u2019, autor catal\u00e1n que particip\u00f3 en FAUNA, donde pint\u00f3 su \u00faltima obra.<\/p>\n<p>Esta exposici\u00f3n retrospectiva recoge obra de una selecci\u00f3n de artistas de diferentes localidades, as\u00ed como un compendio de artistas locales, un grupo variado y heterog\u00e9neo compuesto por CORTE, CHAPU, IMSE, NENU, DINO, JEDIS, SAOKA, ZURIK, TEGOS, AL y PIN. Durante FAUNA ofrecieron en directo su arte y mostraron su proceso creativo sobre el terreno, pintando sobre dos grandes superficies de madera preparadas al efecto. Todas las obras de esta muestra fueron creadas en los tres d\u00edas del evento y lo que se expone son detalles de algunas de las pinturas que en su momento cubr\u00edan una superficie total aproximada de 150m<sup>2<\/sup>. Ahora con \u2018The Rewood\u2019 en el Horno se recogen fragmentos coloristas de ese \u2018mural\u2019, creando un di\u00e1logo entre estilos, bajo la premisa de interpelar al p\u00fablico espectador.<\/p>\n<p>As\u00ed, esta muestra quiere ser una continuaci\u00f3n de FAUNA, el primer evento de cultura urbana que se realizaba en Pamplona en muchos a\u00f1os, que aun\u00f3 las distintas disciplinas del hip hop a trav\u00e9s de actuaciones, talleres y exhibiciones. Los autores consideran que ahora ese festival se enriquece con su relectura diferida en el tiempo, con una acci\u00f3n expositiva que le aporta valor a\u00f1adido.<\/p>\n<p>La Asociaci\u00f3n Cantama\u00f1anas, impulsora de la muestra y coorganizadora del festival, tiene como objetivo visibilizar el arte urbano y trasmitir sus experiencias y creaciones, enriqueci\u00e9ndose a su vez con ideas y creaciones de otras personas j\u00f3venes que apuestan por el arte y la cultura como herramienta de cambio y de participaci\u00f3n social.<\/p>\n<p><strong>The Rewood<\/strong><\/p>\n<ul>\n<li>Fechas: Del 17 de mayo al 1 de julio<\/li>\n<li>Lugar: Horno de la Ciudadela<\/li>\n<li>Contenido: muestras de arte urbano<\/li>\n<li>Horario de visita: de martes a viernes de 18.30 a 21 horas; s\u00e1bados de 12 a 14 horas y de 18.30 a 21 horas y domingos de 12 a 14 horas<\/li>\n<\/ul>\n<p>&nbsp;<\/p>\n","protected":false},"excerpt":{"rendered":"<p>La nueva muestra expositiva recoge tambi\u00e9n fotograf\u00edas y video sobre la significaci\u00f3n y el desarrollo de ese evento el pasado noviembre<\/p>\n","protected":false},"author":1,"featured_media":17342,"comment_status":"open","ping_status":"closed","sticky":false,"template":"","format":"standard","meta":{"footnotes":""},"categories":[2],"tags":[],"class_list":["post-17417","post","type-post","status-publish","format-standard","has-post-thumbnail","hentry","category-ayuntamiento-pamplona"],"yoast_head":"<!-- This site is optimized with the Yoast SEO plugin v27.3 - https:\/\/yoast.com\/product\/yoast-seo-wordpress\/ -->\n<title>Grafiti sobre madera cubre las paredes del Horno de la Ciudadela con \u2018The Rewood\u2019, un conjunto de retazos coloristas del Festival de Arte Urbano (FAUNA)<\/title>\n<meta name=\"robots\" content=\"index, follow, max-snippet:-1, max-image-preview:large, max-video-preview:-1\" \/>\n<link rel=\"canonical\" href=\"https:\/\/www.laguiadepamplona.com\/actualidad\/grafiti-sobre-madera-cubre-las-paredes-del-horno-de-la-ciudadela-con-the-rewood-un-conjunto-de-retazos-coloristas-del-festival-de-arte-urbano-fauna\/\" \/>\n<meta property=\"og:locale\" content=\"es_ES\" \/>\n<meta property=\"og:type\" content=\"article\" \/>\n<meta property=\"og:title\" content=\"Grafiti sobre madera cubre las paredes del Horno de la Ciudadela con \u2018The Rewood\u2019, un conjunto de retazos coloristas del Festival de Arte Urbano (FAUNA)\" \/>\n<meta property=\"og:description\" content=\"La nueva muestra expositiva recoge tambi\u00e9n fotograf\u00edas y video sobre la significaci\u00f3n y el desarrollo de ese evento el pasado noviembre\" \/>\n<meta property=\"og:url\" content=\"https:\/\/www.laguiadepamplona.com\/actualidad\/grafiti-sobre-madera-cubre-las-paredes-del-horno-de-la-ciudadela-con-the-rewood-un-conjunto-de-retazos-coloristas-del-festival-de-arte-urbano-fauna\/\" \/>\n<meta property=\"og:site_name\" content=\"La Gu\u00eda de Pamplona\" \/>\n<meta property=\"article:publisher\" content=\"https:\/\/www.facebook.com\/laguiadepamplonacom-133175176762273\/?ref=hl\" \/>\n<meta property=\"article:published_time\" content=\"2018-05-17T10:12:21+00:00\" \/>\n<meta property=\"article:modified_time\" content=\"2018-05-17T15:06:40+00:00\" \/>\n<meta property=\"og:image\" content=\"https:\/\/www.laguiadepamplona.com\/actualidad\/wp-content\/uploads\/2018\/05\/horno-ciudadela.jpg\" \/>\n\t<meta property=\"og:image:width\" content=\"1000\" \/>\n\t<meta property=\"og:image:height\" content=\"667\" \/>\n\t<meta property=\"og:image:type\" content=\"image\/jpeg\" \/>\n<meta name=\"author\" content=\"La Gu\u00eda de Pamplona\" \/>\n<meta name=\"twitter:card\" content=\"summary_large_image\" \/>\n<meta name=\"twitter:creator\" content=\"@LaGuiadPamplona\" \/>\n<meta name=\"twitter:site\" content=\"@LaGuiadPamplona\" \/>\n<meta name=\"twitter:label1\" content=\"Escrito por\" \/>\n\t<meta name=\"twitter:data1\" content=\"La Gu\u00eda de Pamplona\" \/>\n\t<meta name=\"twitter:label2\" content=\"Tiempo de lectura\" \/>\n\t<meta name=\"twitter:data2\" content=\"2 minutos\" \/>\n<script type=\"application\/ld+json\" class=\"yoast-schema-graph\">{\"@context\":\"https:\\\/\\\/schema.org\",\"@graph\":[{\"@type\":\"Article\",\"@id\":\"https:\\\/\\\/www.laguiadepamplona.com\\\/actualidad\\\/grafiti-sobre-madera-cubre-las-paredes-del-horno-de-la-ciudadela-con-the-rewood-un-conjunto-de-retazos-coloristas-del-festival-de-arte-urbano-fauna\\\/#article\",\"isPartOf\":{\"@id\":\"https:\\\/\\\/www.laguiadepamplona.com\\\/actualidad\\\/grafiti-sobre-madera-cubre-las-paredes-del-horno-de-la-ciudadela-con-the-rewood-un-conjunto-de-retazos-coloristas-del-festival-de-arte-urbano-fauna\\\/\"},\"author\":{\"name\":\"La Gu\u00eda de Pamplona\",\"@id\":\"https:\\\/\\\/www.laguiadepamplona.com\\\/actualidad\\\/#\\\/schema\\\/person\\\/efe887376f0213d4657c93adc50b1fdb\"},\"headline\":\"Grafiti sobre madera cubre las paredes del Horno de la Ciudadela con \u2018The Rewood\u2019, un conjunto de retazos coloristas del Festival de Arte Urbano (FAUNA)\",\"datePublished\":\"2018-05-17T10:12:21+00:00\",\"dateModified\":\"2018-05-17T15:06:40+00:00\",\"mainEntityOfPage\":{\"@id\":\"https:\\\/\\\/www.laguiadepamplona.com\\\/actualidad\\\/grafiti-sobre-madera-cubre-las-paredes-del-horno-de-la-ciudadela-con-the-rewood-un-conjunto-de-retazos-coloristas-del-festival-de-arte-urbano-fauna\\\/\"},\"wordCount\":493,\"commentCount\":0,\"publisher\":{\"@id\":\"https:\\\/\\\/www.laguiadepamplona.com\\\/actualidad\\\/#organization\"},\"image\":{\"@id\":\"https:\\\/\\\/www.laguiadepamplona.com\\\/actualidad\\\/grafiti-sobre-madera-cubre-las-paredes-del-horno-de-la-ciudadela-con-the-rewood-un-conjunto-de-retazos-coloristas-del-festival-de-arte-urbano-fauna\\\/#primaryimage\"},\"thumbnailUrl\":\"https:\\\/\\\/www.laguiadepamplona.com\\\/actualidad\\\/wp-content\\\/uploads\\\/2018\\\/05\\\/horno-ciudadela.jpg\",\"articleSection\":[\"Ayto Pamplona\"],\"inLanguage\":\"es\",\"potentialAction\":[{\"@type\":\"CommentAction\",\"name\":\"Comment\",\"target\":[\"https:\\\/\\\/www.laguiadepamplona.com\\\/actualidad\\\/grafiti-sobre-madera-cubre-las-paredes-del-horno-de-la-ciudadela-con-the-rewood-un-conjunto-de-retazos-coloristas-del-festival-de-arte-urbano-fauna\\\/#respond\"]}]},{\"@type\":\"WebPage\",\"@id\":\"https:\\\/\\\/www.laguiadepamplona.com\\\/actualidad\\\/grafiti-sobre-madera-cubre-las-paredes-del-horno-de-la-ciudadela-con-the-rewood-un-conjunto-de-retazos-coloristas-del-festival-de-arte-urbano-fauna\\\/\",\"url\":\"https:\\\/\\\/www.laguiadepamplona.com\\\/actualidad\\\/grafiti-sobre-madera-cubre-las-paredes-del-horno-de-la-ciudadela-con-the-rewood-un-conjunto-de-retazos-coloristas-del-festival-de-arte-urbano-fauna\\\/\",\"name\":\"Grafiti sobre madera cubre las paredes del Horno de la Ciudadela con \u2018The Rewood\u2019, un conjunto de retazos coloristas del Festival de Arte Urbano (FAUNA)\",\"isPartOf\":{\"@id\":\"https:\\\/\\\/www.laguiadepamplona.com\\\/actualidad\\\/#website\"},\"primaryImageOfPage\":{\"@id\":\"https:\\\/\\\/www.laguiadepamplona.com\\\/actualidad\\\/grafiti-sobre-madera-cubre-las-paredes-del-horno-de-la-ciudadela-con-the-rewood-un-conjunto-de-retazos-coloristas-del-festival-de-arte-urbano-fauna\\\/#primaryimage\"},\"image\":{\"@id\":\"https:\\\/\\\/www.laguiadepamplona.com\\\/actualidad\\\/grafiti-sobre-madera-cubre-las-paredes-del-horno-de-la-ciudadela-con-the-rewood-un-conjunto-de-retazos-coloristas-del-festival-de-arte-urbano-fauna\\\/#primaryimage\"},\"thumbnailUrl\":\"https:\\\/\\\/www.laguiadepamplona.com\\\/actualidad\\\/wp-content\\\/uploads\\\/2018\\\/05\\\/horno-ciudadela.jpg\",\"datePublished\":\"2018-05-17T10:12:21+00:00\",\"dateModified\":\"2018-05-17T15:06:40+00:00\",\"breadcrumb\":{\"@id\":\"https:\\\/\\\/www.laguiadepamplona.com\\\/actualidad\\\/grafiti-sobre-madera-cubre-las-paredes-del-horno-de-la-ciudadela-con-the-rewood-un-conjunto-de-retazos-coloristas-del-festival-de-arte-urbano-fauna\\\/#breadcrumb\"},\"inLanguage\":\"es\",\"potentialAction\":[{\"@type\":\"ReadAction\",\"target\":[\"https:\\\/\\\/www.laguiadepamplona.com\\\/actualidad\\\/grafiti-sobre-madera-cubre-las-paredes-del-horno-de-la-ciudadela-con-the-rewood-un-conjunto-de-retazos-coloristas-del-festival-de-arte-urbano-fauna\\\/\"]}]},{\"@type\":\"ImageObject\",\"inLanguage\":\"es\",\"@id\":\"https:\\\/\\\/www.laguiadepamplona.com\\\/actualidad\\\/grafiti-sobre-madera-cubre-las-paredes-del-horno-de-la-ciudadela-con-the-rewood-un-conjunto-de-retazos-coloristas-del-festival-de-arte-urbano-fauna\\\/#primaryimage\",\"url\":\"https:\\\/\\\/www.laguiadepamplona.com\\\/actualidad\\\/wp-content\\\/uploads\\\/2018\\\/05\\\/horno-ciudadela.jpg\",\"contentUrl\":\"https:\\\/\\\/www.laguiadepamplona.com\\\/actualidad\\\/wp-content\\\/uploads\\\/2018\\\/05\\\/horno-ciudadela.jpg\",\"width\":1000,\"height\":667},{\"@type\":\"BreadcrumbList\",\"@id\":\"https:\\\/\\\/www.laguiadepamplona.com\\\/actualidad\\\/grafiti-sobre-madera-cubre-las-paredes-del-horno-de-la-ciudadela-con-the-rewood-un-conjunto-de-retazos-coloristas-del-festival-de-arte-urbano-fauna\\\/#breadcrumb\",\"itemListElement\":[{\"@type\":\"ListItem\",\"position\":1,\"name\":\"Portada\",\"item\":\"https:\\\/\\\/www.laguiadepamplona.com\\\/actualidad\\\/\"},{\"@type\":\"ListItem\",\"position\":2,\"name\":\"Grafiti sobre madera cubre las paredes del Horno de la Ciudadela con \u2018The Rewood\u2019, un conjunto de retazos coloristas del Festival de Arte Urbano (FAUNA)\"}]},{\"@type\":\"WebSite\",\"@id\":\"https:\\\/\\\/www.laguiadepamplona.com\\\/actualidad\\\/#website\",\"url\":\"https:\\\/\\\/www.laguiadepamplona.com\\\/actualidad\\\/\",\"name\":\"La gu\u00eda de Pamplona\",\"description\":\"Noticias de Pamplona\",\"publisher\":{\"@id\":\"https:\\\/\\\/www.laguiadepamplona.com\\\/actualidad\\\/#organization\"},\"potentialAction\":[{\"@type\":\"SearchAction\",\"target\":{\"@type\":\"EntryPoint\",\"urlTemplate\":\"https:\\\/\\\/www.laguiadepamplona.com\\\/actualidad\\\/?s={search_term_string}\"},\"query-input\":{\"@type\":\"PropertyValueSpecification\",\"valueRequired\":true,\"valueName\":\"search_term_string\"}}],\"inLanguage\":\"es\"},{\"@type\":\"Organization\",\"@id\":\"https:\\\/\\\/www.laguiadepamplona.com\\\/actualidad\\\/#organization\",\"name\":\"La Gu\u00eda de Pamplona \\\/ Noticias\",\"url\":\"https:\\\/\\\/www.laguiadepamplona.com\\\/actualidad\\\/\",\"logo\":{\"@type\":\"ImageObject\",\"inLanguage\":\"es\",\"@id\":\"https:\\\/\\\/www.laguiadepamplona.com\\\/actualidad\\\/#\\\/schema\\\/logo\\\/image\\\/\",\"url\":\"https:\\\/\\\/www.laguiadepamplona.com\\\/actualidad\\\/wp-content\\\/uploads\\\/2018\\\/11\\\/logo-laguiadepamplona18-web1.png\",\"contentUrl\":\"https:\\\/\\\/www.laguiadepamplona.com\\\/actualidad\\\/wp-content\\\/uploads\\\/2018\\\/11\\\/logo-laguiadepamplona18-web1.png\",\"width\":600,\"height\":196,\"caption\":\"La Gu\u00eda de Pamplona \\\/ Noticias\"},\"image\":{\"@id\":\"https:\\\/\\\/www.laguiadepamplona.com\\\/actualidad\\\/#\\\/schema\\\/logo\\\/image\\\/\"},\"sameAs\":[\"https:\\\/\\\/www.facebook.com\\\/laguiadepamplonacom-133175176762273\\\/?ref=hl\",\"https:\\\/\\\/x.com\\\/LaGuiadPamplona\",\"https:\\\/\\\/www.instagram.com\\\/la_guia_de_pamplona\\\/\",\"https:\\\/\\\/www.youtube.com\\\/user\\\/laguiadepamplona\"]},{\"@type\":\"Person\",\"@id\":\"https:\\\/\\\/www.laguiadepamplona.com\\\/actualidad\\\/#\\\/schema\\\/person\\\/efe887376f0213d4657c93adc50b1fdb\",\"name\":\"La Gu\u00eda de Pamplona\",\"image\":{\"@type\":\"ImageObject\",\"inLanguage\":\"es\",\"@id\":\"https:\\\/\\\/secure.gravatar.com\\\/avatar\\\/b6992f131dc8d30ab0dff15446e9d346d9dbd95992de0fef795073f5ea83a81c?s=96&d=mm&r=g\",\"url\":\"https:\\\/\\\/secure.gravatar.com\\\/avatar\\\/b6992f131dc8d30ab0dff15446e9d346d9dbd95992de0fef795073f5ea83a81c?s=96&d=mm&r=g\",\"contentUrl\":\"https:\\\/\\\/secure.gravatar.com\\\/avatar\\\/b6992f131dc8d30ab0dff15446e9d346d9dbd95992de0fef795073f5ea83a81c?s=96&d=mm&r=g\",\"caption\":\"La Gu\u00eda de Pamplona\"}}]}<\/script>\n<!-- \/ Yoast SEO plugin. -->","yoast_head_json":{"title":"Grafiti sobre madera cubre las paredes del Horno de la Ciudadela con \u2018The Rewood\u2019, un conjunto de retazos coloristas del Festival de Arte Urbano (FAUNA)","robots":{"index":"index","follow":"follow","max-snippet":"max-snippet:-1","max-image-preview":"max-image-preview:large","max-video-preview":"max-video-preview:-1"},"canonical":"https:\/\/www.laguiadepamplona.com\/actualidad\/grafiti-sobre-madera-cubre-las-paredes-del-horno-de-la-ciudadela-con-the-rewood-un-conjunto-de-retazos-coloristas-del-festival-de-arte-urbano-fauna\/","og_locale":"es_ES","og_type":"article","og_title":"Grafiti sobre madera cubre las paredes del Horno de la Ciudadela con \u2018The Rewood\u2019, un conjunto de retazos coloristas del Festival de Arte Urbano (FAUNA)","og_description":"La nueva muestra expositiva recoge tambi\u00e9n fotograf\u00edas y video sobre la significaci\u00f3n y el desarrollo de ese evento el pasado noviembre","og_url":"https:\/\/www.laguiadepamplona.com\/actualidad\/grafiti-sobre-madera-cubre-las-paredes-del-horno-de-la-ciudadela-con-the-rewood-un-conjunto-de-retazos-coloristas-del-festival-de-arte-urbano-fauna\/","og_site_name":"La Gu\u00eda de Pamplona","article_publisher":"https:\/\/www.facebook.com\/laguiadepamplonacom-133175176762273\/?ref=hl","article_published_time":"2018-05-17T10:12:21+00:00","article_modified_time":"2018-05-17T15:06:40+00:00","og_image":[{"width":1000,"height":667,"url":"https:\/\/www.laguiadepamplona.com\/actualidad\/wp-content\/uploads\/2018\/05\/horno-ciudadela.jpg","type":"image\/jpeg"}],"author":"La Gu\u00eda de Pamplona","twitter_card":"summary_large_image","twitter_creator":"@LaGuiadPamplona","twitter_site":"@LaGuiadPamplona","twitter_misc":{"Escrito por":"La Gu\u00eda de Pamplona","Tiempo de lectura":"2 minutos"},"schema":{"@context":"https:\/\/schema.org","@graph":[{"@type":"Article","@id":"https:\/\/www.laguiadepamplona.com\/actualidad\/grafiti-sobre-madera-cubre-las-paredes-del-horno-de-la-ciudadela-con-the-rewood-un-conjunto-de-retazos-coloristas-del-festival-de-arte-urbano-fauna\/#article","isPartOf":{"@id":"https:\/\/www.laguiadepamplona.com\/actualidad\/grafiti-sobre-madera-cubre-las-paredes-del-horno-de-la-ciudadela-con-the-rewood-un-conjunto-de-retazos-coloristas-del-festival-de-arte-urbano-fauna\/"},"author":{"name":"La Gu\u00eda de Pamplona","@id":"https:\/\/www.laguiadepamplona.com\/actualidad\/#\/schema\/person\/efe887376f0213d4657c93adc50b1fdb"},"headline":"Grafiti sobre madera cubre las paredes del Horno de la Ciudadela con \u2018The Rewood\u2019, un conjunto de retazos coloristas del Festival de Arte Urbano (FAUNA)","datePublished":"2018-05-17T10:12:21+00:00","dateModified":"2018-05-17T15:06:40+00:00","mainEntityOfPage":{"@id":"https:\/\/www.laguiadepamplona.com\/actualidad\/grafiti-sobre-madera-cubre-las-paredes-del-horno-de-la-ciudadela-con-the-rewood-un-conjunto-de-retazos-coloristas-del-festival-de-arte-urbano-fauna\/"},"wordCount":493,"commentCount":0,"publisher":{"@id":"https:\/\/www.laguiadepamplona.com\/actualidad\/#organization"},"image":{"@id":"https:\/\/www.laguiadepamplona.com\/actualidad\/grafiti-sobre-madera-cubre-las-paredes-del-horno-de-la-ciudadela-con-the-rewood-un-conjunto-de-retazos-coloristas-del-festival-de-arte-urbano-fauna\/#primaryimage"},"thumbnailUrl":"https:\/\/www.laguiadepamplona.com\/actualidad\/wp-content\/uploads\/2018\/05\/horno-ciudadela.jpg","articleSection":["Ayto Pamplona"],"inLanguage":"es","potentialAction":[{"@type":"CommentAction","name":"Comment","target":["https:\/\/www.laguiadepamplona.com\/actualidad\/grafiti-sobre-madera-cubre-las-paredes-del-horno-de-la-ciudadela-con-the-rewood-un-conjunto-de-retazos-coloristas-del-festival-de-arte-urbano-fauna\/#respond"]}]},{"@type":"WebPage","@id":"https:\/\/www.laguiadepamplona.com\/actualidad\/grafiti-sobre-madera-cubre-las-paredes-del-horno-de-la-ciudadela-con-the-rewood-un-conjunto-de-retazos-coloristas-del-festival-de-arte-urbano-fauna\/","url":"https:\/\/www.laguiadepamplona.com\/actualidad\/grafiti-sobre-madera-cubre-las-paredes-del-horno-de-la-ciudadela-con-the-rewood-un-conjunto-de-retazos-coloristas-del-festival-de-arte-urbano-fauna\/","name":"Grafiti sobre madera cubre las paredes del Horno de la Ciudadela con \u2018The Rewood\u2019, un conjunto de retazos coloristas del Festival de Arte Urbano (FAUNA)","isPartOf":{"@id":"https:\/\/www.laguiadepamplona.com\/actualidad\/#website"},"primaryImageOfPage":{"@id":"https:\/\/www.laguiadepamplona.com\/actualidad\/grafiti-sobre-madera-cubre-las-paredes-del-horno-de-la-ciudadela-con-the-rewood-un-conjunto-de-retazos-coloristas-del-festival-de-arte-urbano-fauna\/#primaryimage"},"image":{"@id":"https:\/\/www.laguiadepamplona.com\/actualidad\/grafiti-sobre-madera-cubre-las-paredes-del-horno-de-la-ciudadela-con-the-rewood-un-conjunto-de-retazos-coloristas-del-festival-de-arte-urbano-fauna\/#primaryimage"},"thumbnailUrl":"https:\/\/www.laguiadepamplona.com\/actualidad\/wp-content\/uploads\/2018\/05\/horno-ciudadela.jpg","datePublished":"2018-05-17T10:12:21+00:00","dateModified":"2018-05-17T15:06:40+00:00","breadcrumb":{"@id":"https:\/\/www.laguiadepamplona.com\/actualidad\/grafiti-sobre-madera-cubre-las-paredes-del-horno-de-la-ciudadela-con-the-rewood-un-conjunto-de-retazos-coloristas-del-festival-de-arte-urbano-fauna\/#breadcrumb"},"inLanguage":"es","potentialAction":[{"@type":"ReadAction","target":["https:\/\/www.laguiadepamplona.com\/actualidad\/grafiti-sobre-madera-cubre-las-paredes-del-horno-de-la-ciudadela-con-the-rewood-un-conjunto-de-retazos-coloristas-del-festival-de-arte-urbano-fauna\/"]}]},{"@type":"ImageObject","inLanguage":"es","@id":"https:\/\/www.laguiadepamplona.com\/actualidad\/grafiti-sobre-madera-cubre-las-paredes-del-horno-de-la-ciudadela-con-the-rewood-un-conjunto-de-retazos-coloristas-del-festival-de-arte-urbano-fauna\/#primaryimage","url":"https:\/\/www.laguiadepamplona.com\/actualidad\/wp-content\/uploads\/2018\/05\/horno-ciudadela.jpg","contentUrl":"https:\/\/www.laguiadepamplona.com\/actualidad\/wp-content\/uploads\/2018\/05\/horno-ciudadela.jpg","width":1000,"height":667},{"@type":"BreadcrumbList","@id":"https:\/\/www.laguiadepamplona.com\/actualidad\/grafiti-sobre-madera-cubre-las-paredes-del-horno-de-la-ciudadela-con-the-rewood-un-conjunto-de-retazos-coloristas-del-festival-de-arte-urbano-fauna\/#breadcrumb","itemListElement":[{"@type":"ListItem","position":1,"name":"Portada","item":"https:\/\/www.laguiadepamplona.com\/actualidad\/"},{"@type":"ListItem","position":2,"name":"Grafiti sobre madera cubre las paredes del Horno de la Ciudadela con \u2018The Rewood\u2019, un conjunto de retazos coloristas del Festival de Arte Urbano (FAUNA)"}]},{"@type":"WebSite","@id":"https:\/\/www.laguiadepamplona.com\/actualidad\/#website","url":"https:\/\/www.laguiadepamplona.com\/actualidad\/","name":"La gu\u00eda de Pamplona","description":"Noticias de Pamplona","publisher":{"@id":"https:\/\/www.laguiadepamplona.com\/actualidad\/#organization"},"potentialAction":[{"@type":"SearchAction","target":{"@type":"EntryPoint","urlTemplate":"https:\/\/www.laguiadepamplona.com\/actualidad\/?s={search_term_string}"},"query-input":{"@type":"PropertyValueSpecification","valueRequired":true,"valueName":"search_term_string"}}],"inLanguage":"es"},{"@type":"Organization","@id":"https:\/\/www.laguiadepamplona.com\/actualidad\/#organization","name":"La Gu\u00eda de Pamplona \/ Noticias","url":"https:\/\/www.laguiadepamplona.com\/actualidad\/","logo":{"@type":"ImageObject","inLanguage":"es","@id":"https:\/\/www.laguiadepamplona.com\/actualidad\/#\/schema\/logo\/image\/","url":"https:\/\/www.laguiadepamplona.com\/actualidad\/wp-content\/uploads\/2018\/11\/logo-laguiadepamplona18-web1.png","contentUrl":"https:\/\/www.laguiadepamplona.com\/actualidad\/wp-content\/uploads\/2018\/11\/logo-laguiadepamplona18-web1.png","width":600,"height":196,"caption":"La Gu\u00eda de Pamplona \/ Noticias"},"image":{"@id":"https:\/\/www.laguiadepamplona.com\/actualidad\/#\/schema\/logo\/image\/"},"sameAs":["https:\/\/www.facebook.com\/laguiadepamplonacom-133175176762273\/?ref=hl","https:\/\/x.com\/LaGuiadPamplona","https:\/\/www.instagram.com\/la_guia_de_pamplona\/","https:\/\/www.youtube.com\/user\/laguiadepamplona"]},{"@type":"Person","@id":"https:\/\/www.laguiadepamplona.com\/actualidad\/#\/schema\/person\/efe887376f0213d4657c93adc50b1fdb","name":"La Gu\u00eda de Pamplona","image":{"@type":"ImageObject","inLanguage":"es","@id":"https:\/\/secure.gravatar.com\/avatar\/b6992f131dc8d30ab0dff15446e9d346d9dbd95992de0fef795073f5ea83a81c?s=96&d=mm&r=g","url":"https:\/\/secure.gravatar.com\/avatar\/b6992f131dc8d30ab0dff15446e9d346d9dbd95992de0fef795073f5ea83a81c?s=96&d=mm&r=g","contentUrl":"https:\/\/secure.gravatar.com\/avatar\/b6992f131dc8d30ab0dff15446e9d346d9dbd95992de0fef795073f5ea83a81c?s=96&d=mm&r=g","caption":"La Gu\u00eda de Pamplona"}}]}},"post_mailing_queue_ids":[],"_links":{"self":[{"href":"https:\/\/www.laguiadepamplona.com\/actualidad\/wp-json\/wp\/v2\/posts\/17417","targetHints":{"allow":["GET"]}}],"collection":[{"href":"https:\/\/www.laguiadepamplona.com\/actualidad\/wp-json\/wp\/v2\/posts"}],"about":[{"href":"https:\/\/www.laguiadepamplona.com\/actualidad\/wp-json\/wp\/v2\/types\/post"}],"author":[{"embeddable":true,"href":"https:\/\/www.laguiadepamplona.com\/actualidad\/wp-json\/wp\/v2\/users\/1"}],"replies":[{"embeddable":true,"href":"https:\/\/www.laguiadepamplona.com\/actualidad\/wp-json\/wp\/v2\/comments?post=17417"}],"version-history":[{"count":0,"href":"https:\/\/www.laguiadepamplona.com\/actualidad\/wp-json\/wp\/v2\/posts\/17417\/revisions"}],"wp:featuredmedia":[{"embeddable":true,"href":"https:\/\/www.laguiadepamplona.com\/actualidad\/wp-json\/wp\/v2\/media\/17342"}],"wp:attachment":[{"href":"https:\/\/www.laguiadepamplona.com\/actualidad\/wp-json\/wp\/v2\/media?parent=17417"}],"wp:term":[{"taxonomy":"category","embeddable":true,"href":"https:\/\/www.laguiadepamplona.com\/actualidad\/wp-json\/wp\/v2\/categories?post=17417"},{"taxonomy":"post_tag","embeddable":true,"href":"https:\/\/www.laguiadepamplona.com\/actualidad\/wp-json\/wp\/v2\/tags?post=17417"}],"curies":[{"name":"wp","href":"https:\/\/api.w.org\/{rel}","templated":true}]}}