{"id":17401,"date":"2018-05-16T11:01:19","date_gmt":"2018-05-16T10:01:19","guid":{"rendered":"http:\/\/laguiadepamplona.es\/actualidad\/?p=17401"},"modified":"2018-05-16T11:01:19","modified_gmt":"2018-05-16T10:01:19","slug":"hutsun-txalaparta-junto-a-jaso-escrich-y-lizarraga-trio-ofrecen-el-viernes-un-concierto-en-civivox-san-jorge-a-las-19-30-horas-con-entradas-ya-a-la-venta-a-3-euros","status":"publish","type":"post","link":"https:\/\/www.laguiadepamplona.com\/actualidad\/hutsun-txalaparta-junto-a-jaso-escrich-y-lizarraga-trio-ofrecen-el-viernes-un-concierto-en-civivox-san-jorge-a-las-19-30-horas-con-entradas-ya-a-la-venta-a-3-euros\/","title":{"rendered":"Hutsun Txalaparta junto a Jaso, Escrich y Lizarraga Tr\u00edo ofrecen el viernes un concierto en Civivox San Jorge a las 19.30 horas con entradas ya a la venta a 3 euros"},"content":{"rendered":"<h3>Dentro de \u2018Txalaroa 18\u2019 ma\u00f1ana jueves hay una mesa redonda en Civivox Jus la Rocha sobre la ense\u00f1anza de la txalaparta en los conservatorios<\/h3>\n<p><!--more--><\/p>\n<p>Hutsun Txalaparta junto a Jaso, Escrich y Lizarraga Tr\u00edo ofrecen este viernes, 18 de mayo, el segundo concierto del festival de txalaparta \u2018Txalaroa 18\u2019 en Civivox San Jorge a las 19.30 horas. Ser\u00e1 una sesi\u00f3n en la que confluir\u00e1n dos tradiciones musicales distintas: por un lado las txalapartas y por otro el jazz. Subir\u00e1n al escenario Anai Gamboa, Mikel Urrutia, Daniel Lizarraga, Javier L\u00f3pez Jaso y Marcelo Escrich. Las entradas cuestan 3 euros y pueden comprarse en el mismo Civivox San Jorge y on line en www.pamplonaescultura.es y <a href=\"http:\/\/www.pamplona.es\/\" target=\"_blank\" rel=\"noopener\">www.pamplona.es<\/a>.<\/p>\n<p>Organizado en colaboraci\u00f3n con Hutsun Txalaparta Taldea, el festival tambi\u00e9n ofrece ma\u00f1ana jueves a las 19.30 horas una mesa redonda en Civivox Jus la Rocha sobre la ense\u00f1anza de la txalaparta en los conservatorios. En el encuentro participar\u00e1n txalapartaris, profesores y responsables de escuelas de m\u00fasica y conservatorios. El mismo Civivox acoge la exposici\u00f3n del festival coordinada por Aitzol de Carlos con fotograf\u00edas, carteles y camisetas.<\/p>\n<p><strong>Los protagonistas del concierto del viernes<\/strong><\/p>\n<p><strong>Hutsun Txalaparta Taldea<\/strong> se form\u00f3 en 2011 y est\u00e1 compuesto por Mikel Hern\u00e1ndez y Anai Gambra. En sus comienzos participaron, entre otros, en la \u2018Fete de la musique\u2019 de Burdeos y fueron seleccionados por el Instituto Navarro de la Juventud para el \u2018Circuito de m\u00fasica joven por Navarra\u2019. En mayo del 2013 ganaron el \u2018Certamen de m\u00fasica\u2019 organizado por Ayuntamientos de la comarca de Pamplona con el espect\u00e1culo \u2018Txalaparta Hutsa\u2019. Ha realizado conciertos did\u00e1cticos en centros escolares de Pamplona, Tudela, Bergara, Viana, Sang\u00fcesa y Dicastillo. Desde sus inicios los objetivos del grupo son tres: la investigaci\u00f3n, la divulgaci\u00f3n y las creaciones art\u00edsticas. Entre estas \u00faltimas, adem\u00e1s de la que presentar\u00e1n el viernes, se pueden destacar \u2018Lurrak\u2019 de circo contempor\u00e1neo; \u2018Basajaun\u2019 con la Coral de C\u00e1mara de Pamplona; y \u2018Magnificat\u2019 con Josu Elberdin y la Federaci\u00f3n de Coros de Navarra.<\/p>\n<p>El acordeonista <strong>Javier L\u00f3pez Jaso<\/strong> ha evolucionado en su trayectoria musical hacia el jazz y la m\u00fasica improvisada. Trabaja con diferentes formaciones y m\u00fasicos y ha dado conciertos como solista y sus obras han sido interpretadas en Espa\u00f1a, Francia, Alemania, Suecia, Cuba, Marruecos, Turqu\u00eda, Reino Unido, Italia o T\u00fanez. Ha grabado varios CD de diferente tem\u00e1ticas como l\u00edder o col\u00edder con David Jonhstone y ha colaborado en otras producciones discogr\u00e1ficas y cinematogr\u00e1ficas. Solo en el \u00e1mbito del jazz ha actuado en el programa Jazz en la Calle y en Ciudadelarte del Ayuntamiento de Pamplona, Heineken Jazzaldia (Festival de Jazz de San Sebasti\u00e1n), Festival Internacional de Jazz de Ezcaray, Jazz en la UPNA. Festival Mirajazz, 365 Jazz Bilbao, Ciclo Confusi\u00f3n de la Fundaci\u00f3n Canal de Madrid, Envivop de Soria, Festival de Jazz de Castej\u00f3n de Sos, Jazztival Ciudad de Miranda, Mugajazz o Festival Escena Civican. Ha sido reconocido con el premio de la Fundaci\u00f3n Canal de Isabel II de Madrid con su grupo New Mood Tr\u00edo en el que participa Marcelo Escrich. Compagina su actividad art\u00edstica con la docencia en el Conservatorio Pablo Sarasate de Pamplona e impartiendo seminarios de jazz en el Conservatorio Superior de m\u00fasica de Navarra.<\/p>\n<p><strong>Marcelo Escrich<\/strong> naci\u00f3 en Argentina donde curs\u00f3 estudios de guitarra cl\u00e1sica y contrabajo, y ya aqu\u00ed obtuvo el Grado Superior de Jazz en el Conservatorio Superior de Navarra. Ha participado en festivales de Jazz en toda Espa\u00f1a como los de San Sebasti\u00e1n, Asturias, Zaragoza, M\u00e1laga, Logro\u00f1o o \u00c1vila y tambi\u00e9n en Alemania, Polonia, Portugal y Francia. Sus \u00faltimas grabaciones son \u2018Fato\u2019 con Noos Tr\u00edo, \u2018Flamenco contempor\u00e1neo ensemble\u2019 con Miguel Remiro, \u2018Inconquistable\u2019 con Mauro Urriza Jazz Project, \u2018L`ora Blue\u2019 con Tony Germani y \u2018Terela strings and songs\u2019 con Luis Gim\u00e9nez y Terela Grad\u00edn. Ha impartido clases en diversas escuelas de m\u00fasica y cursos de jazz en Vitoria, Logro\u00f1o, Zaragoza, C\u00f3rdoba (Argentina) y en la escuela de m\u00fasica EMBA de Buenos Aires. Profesor de guitarra, bajo y combo en la Escuela Municipal Luis Morondo de Bara\u00f1\u00e1in y director de la Big Band del centro, actualmente es profesor de Contrabajo Jazz en el Conservatorio Superior de Navarra.<\/p>\n<p><strong>Dani Lizarraga<\/strong> se licenci\u00f3 en 2014 en la especialidad de Bater\u00eda Jazz por el Conservatorio Superior de Navarra. Ha tocado con m\u00fasicos de jazz reconocidos como Robin Eubanks, Masa Kamaguchi, Bruce Saunders, I\u00f1aki Askunze, Javier Garayalde, Marcelo Escrich, Mauro Urriza, Luis Gim\u00e9nez, Alejandro Mingot, Kontxi Lorente, I\u00f1aki Rodr\u00edguez, Alberto Arteta, Kike Arza, Ion Celestino o Javi Callen. En 2015 form\u00f3 parte del grupo base de la jam session del Festival de Jazz de Getxo. Compagina su pertenencia a varios proyectos de diferentes estilos musicales, como Tracci\u00f3n, Broken Brothers Brass Band, Animal Blues y Prehistoric Mermai con sus trabajos habituales en numerosos proyectos jazz\u00edsticos.<\/p>\n<p><strong>Txalaroa18. Festival de txalaparta. En colaboraci\u00f3n con Hutsun Txalaparta Taldea<\/strong><\/p>\n<ul>\n<li>Entrada: 3 euros (en San Jorge y on line en www.pamplonaescultura.es y www.pamplona.es).<\/li>\n<li>Jaso, Escrich y Lizarraga Tr\u00edo + Hutsun. Anai Gamboa, Mikel Urrutia, Daniel Lizarraga, Javier L\u00f3pez Jaso y Marcelo Escrich. Viernes 18 de mayo. 19.30 horas. Civivox San Jorge<\/li>\n<li><strong>Encuentros y conferencias. <\/strong>Entrada libre.<\/li>\n<li>\u00bfDeber\u00eda estar la txalaparta en los conservatorios? Mesa redonda con txalapartaris, profesores y responsables de escuelas de m\u00fasica y conservatorios. Jueves 17 de mayo. 19.30 horas. Civivox Jus la Rocha<\/li>\n<li><strong>Exposici\u00f3n<\/strong>.<\/li>\n<li>Txalaparta topaketa -14 a\u00f1os. 4 a 19 de mayo. Civivox Jus la Rocha<\/li>\n<\/ul>\n<p>&nbsp;<\/p>\n","protected":false},"excerpt":{"rendered":"<p>Dentro de \u2018Txalaroa 18\u2019 ma\u00f1ana jueves hay una mesa redonda en Civivox Jus la Rocha sobre la ense\u00f1anza de la txalaparta en los conservatorios<\/p>\n","protected":false},"author":1,"featured_media":11047,"comment_status":"open","ping_status":"closed","sticky":false,"template":"","format":"standard","meta":{"footnotes":""},"categories":[2],"tags":[],"class_list":["post-17401","post","type-post","status-publish","format-standard","has-post-thumbnail","hentry","category-ayuntamiento-pamplona"],"yoast_head":"<!-- This site is optimized with the Yoast SEO plugin v27.3 - https:\/\/yoast.com\/product\/yoast-seo-wordpress\/ -->\n<title>Hutsun Txalaparta junto a Jaso, Escrich y Lizarraga Tr\u00edo ofrecen el viernes un concierto en Civivox San Jorge a las 19.30 horas con entradas ya a la venta a 3 euros<\/title>\n<meta name=\"robots\" content=\"index, follow, max-snippet:-1, max-image-preview:large, max-video-preview:-1\" \/>\n<link rel=\"canonical\" href=\"https:\/\/www.laguiadepamplona.com\/actualidad\/hutsun-txalaparta-junto-a-jaso-escrich-y-lizarraga-trio-ofrecen-el-viernes-un-concierto-en-civivox-san-jorge-a-las-19-30-horas-con-entradas-ya-a-la-venta-a-3-euros\/\" \/>\n<meta property=\"og:locale\" content=\"es_ES\" \/>\n<meta property=\"og:type\" content=\"article\" \/>\n<meta property=\"og:title\" content=\"Hutsun Txalaparta junto a Jaso, Escrich y Lizarraga Tr\u00edo ofrecen el viernes un concierto en Civivox San Jorge a las 19.30 horas con entradas ya a la venta a 3 euros\" \/>\n<meta property=\"og:description\" content=\"Dentro de \u2018Txalaroa 18\u2019 ma\u00f1ana jueves hay una mesa redonda en Civivox Jus la Rocha sobre la ense\u00f1anza de la txalaparta en los conservatorios\" \/>\n<meta property=\"og:url\" content=\"https:\/\/www.laguiadepamplona.com\/actualidad\/hutsun-txalaparta-junto-a-jaso-escrich-y-lizarraga-trio-ofrecen-el-viernes-un-concierto-en-civivox-san-jorge-a-las-19-30-horas-con-entradas-ya-a-la-venta-a-3-euros\/\" \/>\n<meta property=\"og:site_name\" content=\"La Gu\u00eda de Pamplona\" \/>\n<meta property=\"article:publisher\" content=\"https:\/\/www.facebook.com\/laguiadepamplonacom-133175176762273\/?ref=hl\" \/>\n<meta property=\"article:published_time\" content=\"2018-05-16T10:01:19+00:00\" \/>\n<meta property=\"og:image\" content=\"https:\/\/www.laguiadepamplona.com\/actualidad\/wp-content\/uploads\/2016\/12\/civivox-san-jorge.jpg\" \/>\n\t<meta property=\"og:image:width\" content=\"900\" \/>\n\t<meta property=\"og:image:height\" content=\"675\" \/>\n\t<meta property=\"og:image:type\" content=\"image\/jpeg\" \/>\n<meta name=\"author\" content=\"La Gu\u00eda de Pamplona\" \/>\n<meta name=\"twitter:card\" content=\"summary_large_image\" \/>\n<meta name=\"twitter:creator\" content=\"@LaGuiadPamplona\" \/>\n<meta name=\"twitter:site\" content=\"@LaGuiadPamplona\" \/>\n<meta name=\"twitter:label1\" content=\"Escrito por\" \/>\n\t<meta name=\"twitter:data1\" content=\"La Gu\u00eda de Pamplona\" \/>\n\t<meta name=\"twitter:label2\" content=\"Tiempo de lectura\" \/>\n\t<meta name=\"twitter:data2\" content=\"5 minutos\" \/>\n<script type=\"application\/ld+json\" class=\"yoast-schema-graph\">{\"@context\":\"https:\\\/\\\/schema.org\",\"@graph\":[{\"@type\":\"Article\",\"@id\":\"https:\\\/\\\/www.laguiadepamplona.com\\\/actualidad\\\/hutsun-txalaparta-junto-a-jaso-escrich-y-lizarraga-trio-ofrecen-el-viernes-un-concierto-en-civivox-san-jorge-a-las-19-30-horas-con-entradas-ya-a-la-venta-a-3-euros\\\/#article\",\"isPartOf\":{\"@id\":\"https:\\\/\\\/www.laguiadepamplona.com\\\/actualidad\\\/hutsun-txalaparta-junto-a-jaso-escrich-y-lizarraga-trio-ofrecen-el-viernes-un-concierto-en-civivox-san-jorge-a-las-19-30-horas-con-entradas-ya-a-la-venta-a-3-euros\\\/\"},\"author\":{\"name\":\"La Gu\u00eda de Pamplona\",\"@id\":\"https:\\\/\\\/www.laguiadepamplona.com\\\/actualidad\\\/#\\\/schema\\\/person\\\/efe887376f0213d4657c93adc50b1fdb\"},\"headline\":\"Hutsun Txalaparta junto a Jaso, Escrich y Lizarraga Tr\u00edo ofrecen el viernes un concierto en Civivox San Jorge a las 19.30 horas con entradas ya a la venta a 3 euros\",\"datePublished\":\"2018-05-16T10:01:19+00:00\",\"mainEntityOfPage\":{\"@id\":\"https:\\\/\\\/www.laguiadepamplona.com\\\/actualidad\\\/hutsun-txalaparta-junto-a-jaso-escrich-y-lizarraga-trio-ofrecen-el-viernes-un-concierto-en-civivox-san-jorge-a-las-19-30-horas-con-entradas-ya-a-la-venta-a-3-euros\\\/\"},\"wordCount\":978,\"commentCount\":0,\"publisher\":{\"@id\":\"https:\\\/\\\/www.laguiadepamplona.com\\\/actualidad\\\/#organization\"},\"image\":{\"@id\":\"https:\\\/\\\/www.laguiadepamplona.com\\\/actualidad\\\/hutsun-txalaparta-junto-a-jaso-escrich-y-lizarraga-trio-ofrecen-el-viernes-un-concierto-en-civivox-san-jorge-a-las-19-30-horas-con-entradas-ya-a-la-venta-a-3-euros\\\/#primaryimage\"},\"thumbnailUrl\":\"https:\\\/\\\/www.laguiadepamplona.com\\\/actualidad\\\/wp-content\\\/uploads\\\/2016\\\/12\\\/civivox-san-jorge.jpg\",\"articleSection\":[\"Ayto Pamplona\"],\"inLanguage\":\"es\",\"potentialAction\":[{\"@type\":\"CommentAction\",\"name\":\"Comment\",\"target\":[\"https:\\\/\\\/www.laguiadepamplona.com\\\/actualidad\\\/hutsun-txalaparta-junto-a-jaso-escrich-y-lizarraga-trio-ofrecen-el-viernes-un-concierto-en-civivox-san-jorge-a-las-19-30-horas-con-entradas-ya-a-la-venta-a-3-euros\\\/#respond\"]}]},{\"@type\":\"WebPage\",\"@id\":\"https:\\\/\\\/www.laguiadepamplona.com\\\/actualidad\\\/hutsun-txalaparta-junto-a-jaso-escrich-y-lizarraga-trio-ofrecen-el-viernes-un-concierto-en-civivox-san-jorge-a-las-19-30-horas-con-entradas-ya-a-la-venta-a-3-euros\\\/\",\"url\":\"https:\\\/\\\/www.laguiadepamplona.com\\\/actualidad\\\/hutsun-txalaparta-junto-a-jaso-escrich-y-lizarraga-trio-ofrecen-el-viernes-un-concierto-en-civivox-san-jorge-a-las-19-30-horas-con-entradas-ya-a-la-venta-a-3-euros\\\/\",\"name\":\"Hutsun Txalaparta junto a Jaso, Escrich y Lizarraga Tr\u00edo ofrecen el viernes un concierto en Civivox San Jorge a las 19.30 horas con entradas ya a la venta a 3 euros\",\"isPartOf\":{\"@id\":\"https:\\\/\\\/www.laguiadepamplona.com\\\/actualidad\\\/#website\"},\"primaryImageOfPage\":{\"@id\":\"https:\\\/\\\/www.laguiadepamplona.com\\\/actualidad\\\/hutsun-txalaparta-junto-a-jaso-escrich-y-lizarraga-trio-ofrecen-el-viernes-un-concierto-en-civivox-san-jorge-a-las-19-30-horas-con-entradas-ya-a-la-venta-a-3-euros\\\/#primaryimage\"},\"image\":{\"@id\":\"https:\\\/\\\/www.laguiadepamplona.com\\\/actualidad\\\/hutsun-txalaparta-junto-a-jaso-escrich-y-lizarraga-trio-ofrecen-el-viernes-un-concierto-en-civivox-san-jorge-a-las-19-30-horas-con-entradas-ya-a-la-venta-a-3-euros\\\/#primaryimage\"},\"thumbnailUrl\":\"https:\\\/\\\/www.laguiadepamplona.com\\\/actualidad\\\/wp-content\\\/uploads\\\/2016\\\/12\\\/civivox-san-jorge.jpg\",\"datePublished\":\"2018-05-16T10:01:19+00:00\",\"breadcrumb\":{\"@id\":\"https:\\\/\\\/www.laguiadepamplona.com\\\/actualidad\\\/hutsun-txalaparta-junto-a-jaso-escrich-y-lizarraga-trio-ofrecen-el-viernes-un-concierto-en-civivox-san-jorge-a-las-19-30-horas-con-entradas-ya-a-la-venta-a-3-euros\\\/#breadcrumb\"},\"inLanguage\":\"es\",\"potentialAction\":[{\"@type\":\"ReadAction\",\"target\":[\"https:\\\/\\\/www.laguiadepamplona.com\\\/actualidad\\\/hutsun-txalaparta-junto-a-jaso-escrich-y-lizarraga-trio-ofrecen-el-viernes-un-concierto-en-civivox-san-jorge-a-las-19-30-horas-con-entradas-ya-a-la-venta-a-3-euros\\\/\"]}]},{\"@type\":\"ImageObject\",\"inLanguage\":\"es\",\"@id\":\"https:\\\/\\\/www.laguiadepamplona.com\\\/actualidad\\\/hutsun-txalaparta-junto-a-jaso-escrich-y-lizarraga-trio-ofrecen-el-viernes-un-concierto-en-civivox-san-jorge-a-las-19-30-horas-con-entradas-ya-a-la-venta-a-3-euros\\\/#primaryimage\",\"url\":\"https:\\\/\\\/www.laguiadepamplona.com\\\/actualidad\\\/wp-content\\\/uploads\\\/2016\\\/12\\\/civivox-san-jorge.jpg\",\"contentUrl\":\"https:\\\/\\\/www.laguiadepamplona.com\\\/actualidad\\\/wp-content\\\/uploads\\\/2016\\\/12\\\/civivox-san-jorge.jpg\",\"width\":900,\"height\":675},{\"@type\":\"BreadcrumbList\",\"@id\":\"https:\\\/\\\/www.laguiadepamplona.com\\\/actualidad\\\/hutsun-txalaparta-junto-a-jaso-escrich-y-lizarraga-trio-ofrecen-el-viernes-un-concierto-en-civivox-san-jorge-a-las-19-30-horas-con-entradas-ya-a-la-venta-a-3-euros\\\/#breadcrumb\",\"itemListElement\":[{\"@type\":\"ListItem\",\"position\":1,\"name\":\"Portada\",\"item\":\"https:\\\/\\\/www.laguiadepamplona.com\\\/actualidad\\\/\"},{\"@type\":\"ListItem\",\"position\":2,\"name\":\"Hutsun Txalaparta junto a Jaso, Escrich y Lizarraga Tr\u00edo ofrecen el viernes un concierto en Civivox San Jorge a las 19.30 horas con entradas ya a la venta a 3 euros\"}]},{\"@type\":\"WebSite\",\"@id\":\"https:\\\/\\\/www.laguiadepamplona.com\\\/actualidad\\\/#website\",\"url\":\"https:\\\/\\\/www.laguiadepamplona.com\\\/actualidad\\\/\",\"name\":\"La gu\u00eda de Pamplona\",\"description\":\"Noticias de Pamplona\",\"publisher\":{\"@id\":\"https:\\\/\\\/www.laguiadepamplona.com\\\/actualidad\\\/#organization\"},\"potentialAction\":[{\"@type\":\"SearchAction\",\"target\":{\"@type\":\"EntryPoint\",\"urlTemplate\":\"https:\\\/\\\/www.laguiadepamplona.com\\\/actualidad\\\/?s={search_term_string}\"},\"query-input\":{\"@type\":\"PropertyValueSpecification\",\"valueRequired\":true,\"valueName\":\"search_term_string\"}}],\"inLanguage\":\"es\"},{\"@type\":\"Organization\",\"@id\":\"https:\\\/\\\/www.laguiadepamplona.com\\\/actualidad\\\/#organization\",\"name\":\"La Gu\u00eda de Pamplona \\\/ Noticias\",\"url\":\"https:\\\/\\\/www.laguiadepamplona.com\\\/actualidad\\\/\",\"logo\":{\"@type\":\"ImageObject\",\"inLanguage\":\"es\",\"@id\":\"https:\\\/\\\/www.laguiadepamplona.com\\\/actualidad\\\/#\\\/schema\\\/logo\\\/image\\\/\",\"url\":\"https:\\\/\\\/www.laguiadepamplona.com\\\/actualidad\\\/wp-content\\\/uploads\\\/2018\\\/11\\\/logo-laguiadepamplona18-web1.png\",\"contentUrl\":\"https:\\\/\\\/www.laguiadepamplona.com\\\/actualidad\\\/wp-content\\\/uploads\\\/2018\\\/11\\\/logo-laguiadepamplona18-web1.png\",\"width\":600,\"height\":196,\"caption\":\"La Gu\u00eda de Pamplona \\\/ Noticias\"},\"image\":{\"@id\":\"https:\\\/\\\/www.laguiadepamplona.com\\\/actualidad\\\/#\\\/schema\\\/logo\\\/image\\\/\"},\"sameAs\":[\"https:\\\/\\\/www.facebook.com\\\/laguiadepamplonacom-133175176762273\\\/?ref=hl\",\"https:\\\/\\\/x.com\\\/LaGuiadPamplona\",\"https:\\\/\\\/www.instagram.com\\\/la_guia_de_pamplona\\\/\",\"https:\\\/\\\/www.youtube.com\\\/user\\\/laguiadepamplona\"]},{\"@type\":\"Person\",\"@id\":\"https:\\\/\\\/www.laguiadepamplona.com\\\/actualidad\\\/#\\\/schema\\\/person\\\/efe887376f0213d4657c93adc50b1fdb\",\"name\":\"La Gu\u00eda de Pamplona\",\"image\":{\"@type\":\"ImageObject\",\"inLanguage\":\"es\",\"@id\":\"https:\\\/\\\/secure.gravatar.com\\\/avatar\\\/b6992f131dc8d30ab0dff15446e9d346d9dbd95992de0fef795073f5ea83a81c?s=96&d=mm&r=g\",\"url\":\"https:\\\/\\\/secure.gravatar.com\\\/avatar\\\/b6992f131dc8d30ab0dff15446e9d346d9dbd95992de0fef795073f5ea83a81c?s=96&d=mm&r=g\",\"contentUrl\":\"https:\\\/\\\/secure.gravatar.com\\\/avatar\\\/b6992f131dc8d30ab0dff15446e9d346d9dbd95992de0fef795073f5ea83a81c?s=96&d=mm&r=g\",\"caption\":\"La Gu\u00eda de Pamplona\"}}]}<\/script>\n<!-- \/ Yoast SEO plugin. -->","yoast_head_json":{"title":"Hutsun Txalaparta junto a Jaso, Escrich y Lizarraga Tr\u00edo ofrecen el viernes un concierto en Civivox San Jorge a las 19.30 horas con entradas ya a la venta a 3 euros","robots":{"index":"index","follow":"follow","max-snippet":"max-snippet:-1","max-image-preview":"max-image-preview:large","max-video-preview":"max-video-preview:-1"},"canonical":"https:\/\/www.laguiadepamplona.com\/actualidad\/hutsun-txalaparta-junto-a-jaso-escrich-y-lizarraga-trio-ofrecen-el-viernes-un-concierto-en-civivox-san-jorge-a-las-19-30-horas-con-entradas-ya-a-la-venta-a-3-euros\/","og_locale":"es_ES","og_type":"article","og_title":"Hutsun Txalaparta junto a Jaso, Escrich y Lizarraga Tr\u00edo ofrecen el viernes un concierto en Civivox San Jorge a las 19.30 horas con entradas ya a la venta a 3 euros","og_description":"Dentro de \u2018Txalaroa 18\u2019 ma\u00f1ana jueves hay una mesa redonda en Civivox Jus la Rocha sobre la ense\u00f1anza de la txalaparta en los conservatorios","og_url":"https:\/\/www.laguiadepamplona.com\/actualidad\/hutsun-txalaparta-junto-a-jaso-escrich-y-lizarraga-trio-ofrecen-el-viernes-un-concierto-en-civivox-san-jorge-a-las-19-30-horas-con-entradas-ya-a-la-venta-a-3-euros\/","og_site_name":"La Gu\u00eda de Pamplona","article_publisher":"https:\/\/www.facebook.com\/laguiadepamplonacom-133175176762273\/?ref=hl","article_published_time":"2018-05-16T10:01:19+00:00","og_image":[{"width":900,"height":675,"url":"https:\/\/www.laguiadepamplona.com\/actualidad\/wp-content\/uploads\/2016\/12\/civivox-san-jorge.jpg","type":"image\/jpeg"}],"author":"La Gu\u00eda de Pamplona","twitter_card":"summary_large_image","twitter_creator":"@LaGuiadPamplona","twitter_site":"@LaGuiadPamplona","twitter_misc":{"Escrito por":"La Gu\u00eda de Pamplona","Tiempo de lectura":"5 minutos"},"schema":{"@context":"https:\/\/schema.org","@graph":[{"@type":"Article","@id":"https:\/\/www.laguiadepamplona.com\/actualidad\/hutsun-txalaparta-junto-a-jaso-escrich-y-lizarraga-trio-ofrecen-el-viernes-un-concierto-en-civivox-san-jorge-a-las-19-30-horas-con-entradas-ya-a-la-venta-a-3-euros\/#article","isPartOf":{"@id":"https:\/\/www.laguiadepamplona.com\/actualidad\/hutsun-txalaparta-junto-a-jaso-escrich-y-lizarraga-trio-ofrecen-el-viernes-un-concierto-en-civivox-san-jorge-a-las-19-30-horas-con-entradas-ya-a-la-venta-a-3-euros\/"},"author":{"name":"La Gu\u00eda de Pamplona","@id":"https:\/\/www.laguiadepamplona.com\/actualidad\/#\/schema\/person\/efe887376f0213d4657c93adc50b1fdb"},"headline":"Hutsun Txalaparta junto a Jaso, Escrich y Lizarraga Tr\u00edo ofrecen el viernes un concierto en Civivox San Jorge a las 19.30 horas con entradas ya a la venta a 3 euros","datePublished":"2018-05-16T10:01:19+00:00","mainEntityOfPage":{"@id":"https:\/\/www.laguiadepamplona.com\/actualidad\/hutsun-txalaparta-junto-a-jaso-escrich-y-lizarraga-trio-ofrecen-el-viernes-un-concierto-en-civivox-san-jorge-a-las-19-30-horas-con-entradas-ya-a-la-venta-a-3-euros\/"},"wordCount":978,"commentCount":0,"publisher":{"@id":"https:\/\/www.laguiadepamplona.com\/actualidad\/#organization"},"image":{"@id":"https:\/\/www.laguiadepamplona.com\/actualidad\/hutsun-txalaparta-junto-a-jaso-escrich-y-lizarraga-trio-ofrecen-el-viernes-un-concierto-en-civivox-san-jorge-a-las-19-30-horas-con-entradas-ya-a-la-venta-a-3-euros\/#primaryimage"},"thumbnailUrl":"https:\/\/www.laguiadepamplona.com\/actualidad\/wp-content\/uploads\/2016\/12\/civivox-san-jorge.jpg","articleSection":["Ayto Pamplona"],"inLanguage":"es","potentialAction":[{"@type":"CommentAction","name":"Comment","target":["https:\/\/www.laguiadepamplona.com\/actualidad\/hutsun-txalaparta-junto-a-jaso-escrich-y-lizarraga-trio-ofrecen-el-viernes-un-concierto-en-civivox-san-jorge-a-las-19-30-horas-con-entradas-ya-a-la-venta-a-3-euros\/#respond"]}]},{"@type":"WebPage","@id":"https:\/\/www.laguiadepamplona.com\/actualidad\/hutsun-txalaparta-junto-a-jaso-escrich-y-lizarraga-trio-ofrecen-el-viernes-un-concierto-en-civivox-san-jorge-a-las-19-30-horas-con-entradas-ya-a-la-venta-a-3-euros\/","url":"https:\/\/www.laguiadepamplona.com\/actualidad\/hutsun-txalaparta-junto-a-jaso-escrich-y-lizarraga-trio-ofrecen-el-viernes-un-concierto-en-civivox-san-jorge-a-las-19-30-horas-con-entradas-ya-a-la-venta-a-3-euros\/","name":"Hutsun Txalaparta junto a Jaso, Escrich y Lizarraga Tr\u00edo ofrecen el viernes un concierto en Civivox San Jorge a las 19.30 horas con entradas ya a la venta a 3 euros","isPartOf":{"@id":"https:\/\/www.laguiadepamplona.com\/actualidad\/#website"},"primaryImageOfPage":{"@id":"https:\/\/www.laguiadepamplona.com\/actualidad\/hutsun-txalaparta-junto-a-jaso-escrich-y-lizarraga-trio-ofrecen-el-viernes-un-concierto-en-civivox-san-jorge-a-las-19-30-horas-con-entradas-ya-a-la-venta-a-3-euros\/#primaryimage"},"image":{"@id":"https:\/\/www.laguiadepamplona.com\/actualidad\/hutsun-txalaparta-junto-a-jaso-escrich-y-lizarraga-trio-ofrecen-el-viernes-un-concierto-en-civivox-san-jorge-a-las-19-30-horas-con-entradas-ya-a-la-venta-a-3-euros\/#primaryimage"},"thumbnailUrl":"https:\/\/www.laguiadepamplona.com\/actualidad\/wp-content\/uploads\/2016\/12\/civivox-san-jorge.jpg","datePublished":"2018-05-16T10:01:19+00:00","breadcrumb":{"@id":"https:\/\/www.laguiadepamplona.com\/actualidad\/hutsun-txalaparta-junto-a-jaso-escrich-y-lizarraga-trio-ofrecen-el-viernes-un-concierto-en-civivox-san-jorge-a-las-19-30-horas-con-entradas-ya-a-la-venta-a-3-euros\/#breadcrumb"},"inLanguage":"es","potentialAction":[{"@type":"ReadAction","target":["https:\/\/www.laguiadepamplona.com\/actualidad\/hutsun-txalaparta-junto-a-jaso-escrich-y-lizarraga-trio-ofrecen-el-viernes-un-concierto-en-civivox-san-jorge-a-las-19-30-horas-con-entradas-ya-a-la-venta-a-3-euros\/"]}]},{"@type":"ImageObject","inLanguage":"es","@id":"https:\/\/www.laguiadepamplona.com\/actualidad\/hutsun-txalaparta-junto-a-jaso-escrich-y-lizarraga-trio-ofrecen-el-viernes-un-concierto-en-civivox-san-jorge-a-las-19-30-horas-con-entradas-ya-a-la-venta-a-3-euros\/#primaryimage","url":"https:\/\/www.laguiadepamplona.com\/actualidad\/wp-content\/uploads\/2016\/12\/civivox-san-jorge.jpg","contentUrl":"https:\/\/www.laguiadepamplona.com\/actualidad\/wp-content\/uploads\/2016\/12\/civivox-san-jorge.jpg","width":900,"height":675},{"@type":"BreadcrumbList","@id":"https:\/\/www.laguiadepamplona.com\/actualidad\/hutsun-txalaparta-junto-a-jaso-escrich-y-lizarraga-trio-ofrecen-el-viernes-un-concierto-en-civivox-san-jorge-a-las-19-30-horas-con-entradas-ya-a-la-venta-a-3-euros\/#breadcrumb","itemListElement":[{"@type":"ListItem","position":1,"name":"Portada","item":"https:\/\/www.laguiadepamplona.com\/actualidad\/"},{"@type":"ListItem","position":2,"name":"Hutsun Txalaparta junto a Jaso, Escrich y Lizarraga Tr\u00edo ofrecen el viernes un concierto en Civivox San Jorge a las 19.30 horas con entradas ya a la venta a 3 euros"}]},{"@type":"WebSite","@id":"https:\/\/www.laguiadepamplona.com\/actualidad\/#website","url":"https:\/\/www.laguiadepamplona.com\/actualidad\/","name":"La gu\u00eda de Pamplona","description":"Noticias de Pamplona","publisher":{"@id":"https:\/\/www.laguiadepamplona.com\/actualidad\/#organization"},"potentialAction":[{"@type":"SearchAction","target":{"@type":"EntryPoint","urlTemplate":"https:\/\/www.laguiadepamplona.com\/actualidad\/?s={search_term_string}"},"query-input":{"@type":"PropertyValueSpecification","valueRequired":true,"valueName":"search_term_string"}}],"inLanguage":"es"},{"@type":"Organization","@id":"https:\/\/www.laguiadepamplona.com\/actualidad\/#organization","name":"La Gu\u00eda de Pamplona \/ Noticias","url":"https:\/\/www.laguiadepamplona.com\/actualidad\/","logo":{"@type":"ImageObject","inLanguage":"es","@id":"https:\/\/www.laguiadepamplona.com\/actualidad\/#\/schema\/logo\/image\/","url":"https:\/\/www.laguiadepamplona.com\/actualidad\/wp-content\/uploads\/2018\/11\/logo-laguiadepamplona18-web1.png","contentUrl":"https:\/\/www.laguiadepamplona.com\/actualidad\/wp-content\/uploads\/2018\/11\/logo-laguiadepamplona18-web1.png","width":600,"height":196,"caption":"La Gu\u00eda de Pamplona \/ Noticias"},"image":{"@id":"https:\/\/www.laguiadepamplona.com\/actualidad\/#\/schema\/logo\/image\/"},"sameAs":["https:\/\/www.facebook.com\/laguiadepamplonacom-133175176762273\/?ref=hl","https:\/\/x.com\/LaGuiadPamplona","https:\/\/www.instagram.com\/la_guia_de_pamplona\/","https:\/\/www.youtube.com\/user\/laguiadepamplona"]},{"@type":"Person","@id":"https:\/\/www.laguiadepamplona.com\/actualidad\/#\/schema\/person\/efe887376f0213d4657c93adc50b1fdb","name":"La Gu\u00eda de Pamplona","image":{"@type":"ImageObject","inLanguage":"es","@id":"https:\/\/secure.gravatar.com\/avatar\/b6992f131dc8d30ab0dff15446e9d346d9dbd95992de0fef795073f5ea83a81c?s=96&d=mm&r=g","url":"https:\/\/secure.gravatar.com\/avatar\/b6992f131dc8d30ab0dff15446e9d346d9dbd95992de0fef795073f5ea83a81c?s=96&d=mm&r=g","contentUrl":"https:\/\/secure.gravatar.com\/avatar\/b6992f131dc8d30ab0dff15446e9d346d9dbd95992de0fef795073f5ea83a81c?s=96&d=mm&r=g","caption":"La Gu\u00eda de Pamplona"}}]}},"post_mailing_queue_ids":[],"_links":{"self":[{"href":"https:\/\/www.laguiadepamplona.com\/actualidad\/wp-json\/wp\/v2\/posts\/17401","targetHints":{"allow":["GET"]}}],"collection":[{"href":"https:\/\/www.laguiadepamplona.com\/actualidad\/wp-json\/wp\/v2\/posts"}],"about":[{"href":"https:\/\/www.laguiadepamplona.com\/actualidad\/wp-json\/wp\/v2\/types\/post"}],"author":[{"embeddable":true,"href":"https:\/\/www.laguiadepamplona.com\/actualidad\/wp-json\/wp\/v2\/users\/1"}],"replies":[{"embeddable":true,"href":"https:\/\/www.laguiadepamplona.com\/actualidad\/wp-json\/wp\/v2\/comments?post=17401"}],"version-history":[{"count":0,"href":"https:\/\/www.laguiadepamplona.com\/actualidad\/wp-json\/wp\/v2\/posts\/17401\/revisions"}],"wp:featuredmedia":[{"embeddable":true,"href":"https:\/\/www.laguiadepamplona.com\/actualidad\/wp-json\/wp\/v2\/media\/11047"}],"wp:attachment":[{"href":"https:\/\/www.laguiadepamplona.com\/actualidad\/wp-json\/wp\/v2\/media?parent=17401"}],"wp:term":[{"taxonomy":"category","embeddable":true,"href":"https:\/\/www.laguiadepamplona.com\/actualidad\/wp-json\/wp\/v2\/categories?post=17401"},{"taxonomy":"post_tag","embeddable":true,"href":"https:\/\/www.laguiadepamplona.com\/actualidad\/wp-json\/wp\/v2\/tags?post=17401"}],"curies":[{"name":"wp","href":"https:\/\/api.w.org\/{rel}","templated":true}]}}