{"id":17398,"date":"2018-05-16T10:59:49","date_gmt":"2018-05-16T09:59:49","guid":{"rendered":"http:\/\/laguiadepamplona.es\/actualidad\/?p=17398"},"modified":"2018-05-16T10:59:49","modified_gmt":"2018-05-16T09:59:49","slug":"mice-el-primer-trabajo-en-solitario-de-la-eibarresa-miren-narbaiza-inicia-manana-kantu-eta-hitza-en-el-patio-de-gigantes-de-la-calle-descalzos","status":"publish","type":"post","link":"https:\/\/www.laguiadepamplona.com\/actualidad\/mice-el-primer-trabajo-en-solitario-de-la-eibarresa-miren-narbaiza-inicia-manana-kantu-eta-hitza-en-el-patio-de-gigantes-de-la-calle-descalzos\/","title":{"rendered":"MICE, el primer trabajo en solitario de la eibarresa Miren Narbaiza, inicia ma\u00f1ana \u2018Kantu eta Hitza\u2019 en el Patio de Gigantes de la calle Descalzos"},"content":{"rendered":"<h3>La sesi\u00f3n, como todas las del ciclo, tendr\u00e1 lugar a las 20.30 horas con entrada libre previa retirada de invitaciones desde una hora antes<\/h3>\n<p><!--more--><\/p>\n<p>Comienza el ciclo municipal \u2018Kantu eta Hitza 2018\u2019 ma\u00f1ana en el Patio de Gigantes (c\/ Descalzos, 72), y lo hace con el concierto \u2018MICE\u2019, un nuevo proyecto de la eibarresa Miren Narbaiza, despu\u00e9s de a\u00f1os de trayectoria en el d\u00fao \u2018Napoka Iria\u2019. La actuaci\u00f3n, como todas las del ciclo, tendr\u00e1 lugar a las 20.30 horas con entrada libre previa retirada de invitaciones en el propio edificio desde una hora antes del comienzo de cada concierto.<\/p>\n<p>Narbaiza presentar\u00e1 ma\u00f1ana \u2018Buelteri eusten\u2019, su primer trabajo en solitario; un \u00e1lbum compuesto ocho temas que son la muestra de lo aprendido durante estos \u00faltimos a\u00f1os. Atm\u00f3sferas oscuras, distorsiones, tempos sutiles, que se mezclan con momentos de m\u00e1s viveza, y una voz muy caracter\u00edstica. Ha sido producido por el beratarra Joseba Baleztena (Sexty sexers, Joseba B Lenoir) que tambi\u00e9n ha estado al frente de los teclados, guitarras y el bajo. Este trabajo ha contado tambien con la baterista Ilargi Agirre (Perlak) y con I\u00f1igo Irazoki como responsable de sonido. En el concierto del jueves la artista estar\u00e1 acompa\u00f1ada, adem\u00e1s, por con Ibai Gogortza (Borrokan, Joseba Irazoki eta Lagunak) a la guitarra y Fernando Neira (Ruper Ordorika) al bajo.<\/p>\n<p>Esta m\u00fasica polifac\u00e9tica llega a su nueva andadura en solitario tras participar en diferentes proyectos m\u00fasicales. Form\u00f3 parte del d\u00fao Napoka Iria junto a Ander Mujika, grupo con el que public\u00f3 cinco discos hasta su disoluci\u00f3n en 2017. Ha colaborado adem\u00e1s con formaciones como Perlak, Joseb B. Lenoir o Dual Splitha con su voz, al frente de los teclados o tocando la guitarra.<\/p>\n<p>El ciclo \u2018Kantu eta Hitza\u2019 se ha hecho un hueco ya en la agenda municipal de actividades en euskera y suele presentar un conjunto de actuaciones de peque\u00f1o formato de sones variados, desde el folk a la m\u00fasica electr\u00f3nica o el rock. La pr\u00f3xima actuaci\u00f3n, en jueves 24 de mayo ser\u00e1 la de Don Inorrez, proyecto del cantante y guitarrista Imanol Ubeda (ex Bide Ertzean), que tocar\u00e1 temas tambi\u00e9n de su primer disco en solitario, \u2018Mugiro Bila\u2019.<\/p>\n<p><strong>Pr\u00f3ximos conciertos de Kantu eta Hitza 2018<\/strong><\/p>\n<ul>\n<li><strong>Jueves 17 de mayo, 20.30 horas<\/strong>\n<ul>\n<li><strong>MICE<\/strong><\/li>\n<li>\u201cBuelteri eusten\u201d<\/li>\n<\/ul>\n<\/li>\n<li><strong>Jueves 24 de mayo, 20.30 horas<\/strong>\n<ul>\n<li><strong>Don Inorrez<\/strong><\/li>\n<li>\u201cMugiro Bila\u201d<\/li>\n<\/ul>\n<\/li>\n<\/ul>\n<p>&nbsp;<\/p>\n","protected":false},"excerpt":{"rendered":"<p>La sesi\u00f3n, como todas las del ciclo, tendr\u00e1 lugar a las 20.30 horas con entrada libre previa retirada de invitaciones desde una hora antes<\/p>\n","protected":false},"author":1,"featured_media":17399,"comment_status":"open","ping_status":"closed","sticky":false,"template":"","format":"standard","meta":{"footnotes":""},"categories":[2],"tags":[],"class_list":["post-17398","post","type-post","status-publish","format-standard","has-post-thumbnail","hentry","category-ayuntamiento-pamplona"],"yoast_head":"<!-- This site is optimized with the Yoast SEO plugin v27.3 - https:\/\/yoast.com\/product\/yoast-seo-wordpress\/ -->\n<title>MICE, el primer trabajo en solitario de la eibarresa Miren Narbaiza, inicia ma\u00f1ana \u2018Kantu eta Hitza\u2019 en el Patio de Gigantes de la calle Descalzos<\/title>\n<meta name=\"robots\" content=\"index, follow, max-snippet:-1, max-image-preview:large, max-video-preview:-1\" \/>\n<link rel=\"canonical\" href=\"https:\/\/www.laguiadepamplona.com\/actualidad\/mice-el-primer-trabajo-en-solitario-de-la-eibarresa-miren-narbaiza-inicia-manana-kantu-eta-hitza-en-el-patio-de-gigantes-de-la-calle-descalzos\/\" \/>\n<meta property=\"og:locale\" content=\"es_ES\" \/>\n<meta property=\"og:type\" content=\"article\" \/>\n<meta property=\"og:title\" content=\"MICE, el primer trabajo en solitario de la eibarresa Miren Narbaiza, inicia ma\u00f1ana \u2018Kantu eta Hitza\u2019 en el Patio de Gigantes de la calle Descalzos\" \/>\n<meta property=\"og:description\" content=\"La sesi\u00f3n, como todas las del ciclo, tendr\u00e1 lugar a las 20.30 horas con entrada libre previa retirada de invitaciones desde una hora antes\" \/>\n<meta property=\"og:url\" content=\"https:\/\/www.laguiadepamplona.com\/actualidad\/mice-el-primer-trabajo-en-solitario-de-la-eibarresa-miren-narbaiza-inicia-manana-kantu-eta-hitza-en-el-patio-de-gigantes-de-la-calle-descalzos\/\" \/>\n<meta property=\"og:site_name\" content=\"La Gu\u00eda de Pamplona\" \/>\n<meta property=\"article:publisher\" content=\"https:\/\/www.facebook.com\/laguiadepamplonacom-133175176762273\/?ref=hl\" \/>\n<meta property=\"article:published_time\" content=\"2018-05-16T09:59:49+00:00\" \/>\n<meta property=\"og:image\" content=\"https:\/\/www.laguiadepamplona.com\/actualidad\/wp-content\/uploads\/2018\/05\/18.05.16_MICE_kantu_eta_hitza.jpg\" \/>\n\t<meta property=\"og:image:width\" content=\"1000\" \/>\n\t<meta property=\"og:image:height\" content=\"666\" \/>\n\t<meta property=\"og:image:type\" content=\"image\/jpeg\" \/>\n<meta name=\"author\" content=\"La Gu\u00eda de Pamplona\" \/>\n<meta name=\"twitter:card\" content=\"summary_large_image\" \/>\n<meta name=\"twitter:creator\" content=\"@LaGuiadPamplona\" \/>\n<meta name=\"twitter:site\" content=\"@LaGuiadPamplona\" \/>\n<meta name=\"twitter:label1\" content=\"Escrito por\" \/>\n\t<meta name=\"twitter:data1\" content=\"La Gu\u00eda de Pamplona\" \/>\n\t<meta name=\"twitter:label2\" content=\"Tiempo de lectura\" \/>\n\t<meta name=\"twitter:data2\" content=\"2 minutos\" \/>\n<script type=\"application\/ld+json\" class=\"yoast-schema-graph\">{\"@context\":\"https:\\\/\\\/schema.org\",\"@graph\":[{\"@type\":\"Article\",\"@id\":\"https:\\\/\\\/www.laguiadepamplona.com\\\/actualidad\\\/mice-el-primer-trabajo-en-solitario-de-la-eibarresa-miren-narbaiza-inicia-manana-kantu-eta-hitza-en-el-patio-de-gigantes-de-la-calle-descalzos\\\/#article\",\"isPartOf\":{\"@id\":\"https:\\\/\\\/www.laguiadepamplona.com\\\/actualidad\\\/mice-el-primer-trabajo-en-solitario-de-la-eibarresa-miren-narbaiza-inicia-manana-kantu-eta-hitza-en-el-patio-de-gigantes-de-la-calle-descalzos\\\/\"},\"author\":{\"name\":\"La Gu\u00eda de Pamplona\",\"@id\":\"https:\\\/\\\/www.laguiadepamplona.com\\\/actualidad\\\/#\\\/schema\\\/person\\\/efe887376f0213d4657c93adc50b1fdb\"},\"headline\":\"MICE, el primer trabajo en solitario de la eibarresa Miren Narbaiza, inicia ma\u00f1ana \u2018Kantu eta Hitza\u2019 en el Patio de Gigantes de la calle Descalzos\",\"datePublished\":\"2018-05-16T09:59:49+00:00\",\"mainEntityOfPage\":{\"@id\":\"https:\\\/\\\/www.laguiadepamplona.com\\\/actualidad\\\/mice-el-primer-trabajo-en-solitario-de-la-eibarresa-miren-narbaiza-inicia-manana-kantu-eta-hitza-en-el-patio-de-gigantes-de-la-calle-descalzos\\\/\"},\"wordCount\":427,\"commentCount\":0,\"publisher\":{\"@id\":\"https:\\\/\\\/www.laguiadepamplona.com\\\/actualidad\\\/#organization\"},\"image\":{\"@id\":\"https:\\\/\\\/www.laguiadepamplona.com\\\/actualidad\\\/mice-el-primer-trabajo-en-solitario-de-la-eibarresa-miren-narbaiza-inicia-manana-kantu-eta-hitza-en-el-patio-de-gigantes-de-la-calle-descalzos\\\/#primaryimage\"},\"thumbnailUrl\":\"https:\\\/\\\/www.laguiadepamplona.com\\\/actualidad\\\/wp-content\\\/uploads\\\/2018\\\/05\\\/18.05.16_MICE_kantu_eta_hitza.jpg\",\"articleSection\":[\"Ayto Pamplona\"],\"inLanguage\":\"es\",\"potentialAction\":[{\"@type\":\"CommentAction\",\"name\":\"Comment\",\"target\":[\"https:\\\/\\\/www.laguiadepamplona.com\\\/actualidad\\\/mice-el-primer-trabajo-en-solitario-de-la-eibarresa-miren-narbaiza-inicia-manana-kantu-eta-hitza-en-el-patio-de-gigantes-de-la-calle-descalzos\\\/#respond\"]}]},{\"@type\":\"WebPage\",\"@id\":\"https:\\\/\\\/www.laguiadepamplona.com\\\/actualidad\\\/mice-el-primer-trabajo-en-solitario-de-la-eibarresa-miren-narbaiza-inicia-manana-kantu-eta-hitza-en-el-patio-de-gigantes-de-la-calle-descalzos\\\/\",\"url\":\"https:\\\/\\\/www.laguiadepamplona.com\\\/actualidad\\\/mice-el-primer-trabajo-en-solitario-de-la-eibarresa-miren-narbaiza-inicia-manana-kantu-eta-hitza-en-el-patio-de-gigantes-de-la-calle-descalzos\\\/\",\"name\":\"MICE, el primer trabajo en solitario de la eibarresa Miren Narbaiza, inicia ma\u00f1ana \u2018Kantu eta Hitza\u2019 en el Patio de Gigantes de la calle Descalzos\",\"isPartOf\":{\"@id\":\"https:\\\/\\\/www.laguiadepamplona.com\\\/actualidad\\\/#website\"},\"primaryImageOfPage\":{\"@id\":\"https:\\\/\\\/www.laguiadepamplona.com\\\/actualidad\\\/mice-el-primer-trabajo-en-solitario-de-la-eibarresa-miren-narbaiza-inicia-manana-kantu-eta-hitza-en-el-patio-de-gigantes-de-la-calle-descalzos\\\/#primaryimage\"},\"image\":{\"@id\":\"https:\\\/\\\/www.laguiadepamplona.com\\\/actualidad\\\/mice-el-primer-trabajo-en-solitario-de-la-eibarresa-miren-narbaiza-inicia-manana-kantu-eta-hitza-en-el-patio-de-gigantes-de-la-calle-descalzos\\\/#primaryimage\"},\"thumbnailUrl\":\"https:\\\/\\\/www.laguiadepamplona.com\\\/actualidad\\\/wp-content\\\/uploads\\\/2018\\\/05\\\/18.05.16_MICE_kantu_eta_hitza.jpg\",\"datePublished\":\"2018-05-16T09:59:49+00:00\",\"breadcrumb\":{\"@id\":\"https:\\\/\\\/www.laguiadepamplona.com\\\/actualidad\\\/mice-el-primer-trabajo-en-solitario-de-la-eibarresa-miren-narbaiza-inicia-manana-kantu-eta-hitza-en-el-patio-de-gigantes-de-la-calle-descalzos\\\/#breadcrumb\"},\"inLanguage\":\"es\",\"potentialAction\":[{\"@type\":\"ReadAction\",\"target\":[\"https:\\\/\\\/www.laguiadepamplona.com\\\/actualidad\\\/mice-el-primer-trabajo-en-solitario-de-la-eibarresa-miren-narbaiza-inicia-manana-kantu-eta-hitza-en-el-patio-de-gigantes-de-la-calle-descalzos\\\/\"]}]},{\"@type\":\"ImageObject\",\"inLanguage\":\"es\",\"@id\":\"https:\\\/\\\/www.laguiadepamplona.com\\\/actualidad\\\/mice-el-primer-trabajo-en-solitario-de-la-eibarresa-miren-narbaiza-inicia-manana-kantu-eta-hitza-en-el-patio-de-gigantes-de-la-calle-descalzos\\\/#primaryimage\",\"url\":\"https:\\\/\\\/www.laguiadepamplona.com\\\/actualidad\\\/wp-content\\\/uploads\\\/2018\\\/05\\\/18.05.16_MICE_kantu_eta_hitza.jpg\",\"contentUrl\":\"https:\\\/\\\/www.laguiadepamplona.com\\\/actualidad\\\/wp-content\\\/uploads\\\/2018\\\/05\\\/18.05.16_MICE_kantu_eta_hitza.jpg\",\"width\":1000,\"height\":666},{\"@type\":\"BreadcrumbList\",\"@id\":\"https:\\\/\\\/www.laguiadepamplona.com\\\/actualidad\\\/mice-el-primer-trabajo-en-solitario-de-la-eibarresa-miren-narbaiza-inicia-manana-kantu-eta-hitza-en-el-patio-de-gigantes-de-la-calle-descalzos\\\/#breadcrumb\",\"itemListElement\":[{\"@type\":\"ListItem\",\"position\":1,\"name\":\"Portada\",\"item\":\"https:\\\/\\\/www.laguiadepamplona.com\\\/actualidad\\\/\"},{\"@type\":\"ListItem\",\"position\":2,\"name\":\"MICE, el primer trabajo en solitario de la eibarresa Miren Narbaiza, inicia ma\u00f1ana \u2018Kantu eta Hitza\u2019 en el Patio de Gigantes de la calle Descalzos\"}]},{\"@type\":\"WebSite\",\"@id\":\"https:\\\/\\\/www.laguiadepamplona.com\\\/actualidad\\\/#website\",\"url\":\"https:\\\/\\\/www.laguiadepamplona.com\\\/actualidad\\\/\",\"name\":\"La gu\u00eda de Pamplona\",\"description\":\"Noticias de Pamplona\",\"publisher\":{\"@id\":\"https:\\\/\\\/www.laguiadepamplona.com\\\/actualidad\\\/#organization\"},\"potentialAction\":[{\"@type\":\"SearchAction\",\"target\":{\"@type\":\"EntryPoint\",\"urlTemplate\":\"https:\\\/\\\/www.laguiadepamplona.com\\\/actualidad\\\/?s={search_term_string}\"},\"query-input\":{\"@type\":\"PropertyValueSpecification\",\"valueRequired\":true,\"valueName\":\"search_term_string\"}}],\"inLanguage\":\"es\"},{\"@type\":\"Organization\",\"@id\":\"https:\\\/\\\/www.laguiadepamplona.com\\\/actualidad\\\/#organization\",\"name\":\"La Gu\u00eda de Pamplona \\\/ Noticias\",\"url\":\"https:\\\/\\\/www.laguiadepamplona.com\\\/actualidad\\\/\",\"logo\":{\"@type\":\"ImageObject\",\"inLanguage\":\"es\",\"@id\":\"https:\\\/\\\/www.laguiadepamplona.com\\\/actualidad\\\/#\\\/schema\\\/logo\\\/image\\\/\",\"url\":\"https:\\\/\\\/www.laguiadepamplona.com\\\/actualidad\\\/wp-content\\\/uploads\\\/2018\\\/11\\\/logo-laguiadepamplona18-web1.png\",\"contentUrl\":\"https:\\\/\\\/www.laguiadepamplona.com\\\/actualidad\\\/wp-content\\\/uploads\\\/2018\\\/11\\\/logo-laguiadepamplona18-web1.png\",\"width\":600,\"height\":196,\"caption\":\"La Gu\u00eda de Pamplona \\\/ Noticias\"},\"image\":{\"@id\":\"https:\\\/\\\/www.laguiadepamplona.com\\\/actualidad\\\/#\\\/schema\\\/logo\\\/image\\\/\"},\"sameAs\":[\"https:\\\/\\\/www.facebook.com\\\/laguiadepamplonacom-133175176762273\\\/?ref=hl\",\"https:\\\/\\\/x.com\\\/LaGuiadPamplona\",\"https:\\\/\\\/www.instagram.com\\\/la_guia_de_pamplona\\\/\",\"https:\\\/\\\/www.youtube.com\\\/user\\\/laguiadepamplona\"]},{\"@type\":\"Person\",\"@id\":\"https:\\\/\\\/www.laguiadepamplona.com\\\/actualidad\\\/#\\\/schema\\\/person\\\/efe887376f0213d4657c93adc50b1fdb\",\"name\":\"La Gu\u00eda de Pamplona\",\"image\":{\"@type\":\"ImageObject\",\"inLanguage\":\"es\",\"@id\":\"https:\\\/\\\/secure.gravatar.com\\\/avatar\\\/b6992f131dc8d30ab0dff15446e9d346d9dbd95992de0fef795073f5ea83a81c?s=96&d=mm&r=g\",\"url\":\"https:\\\/\\\/secure.gravatar.com\\\/avatar\\\/b6992f131dc8d30ab0dff15446e9d346d9dbd95992de0fef795073f5ea83a81c?s=96&d=mm&r=g\",\"contentUrl\":\"https:\\\/\\\/secure.gravatar.com\\\/avatar\\\/b6992f131dc8d30ab0dff15446e9d346d9dbd95992de0fef795073f5ea83a81c?s=96&d=mm&r=g\",\"caption\":\"La Gu\u00eda de Pamplona\"}}]}<\/script>\n<!-- \/ Yoast SEO plugin. -->","yoast_head_json":{"title":"MICE, el primer trabajo en solitario de la eibarresa Miren Narbaiza, inicia ma\u00f1ana \u2018Kantu eta Hitza\u2019 en el Patio de Gigantes de la calle Descalzos","robots":{"index":"index","follow":"follow","max-snippet":"max-snippet:-1","max-image-preview":"max-image-preview:large","max-video-preview":"max-video-preview:-1"},"canonical":"https:\/\/www.laguiadepamplona.com\/actualidad\/mice-el-primer-trabajo-en-solitario-de-la-eibarresa-miren-narbaiza-inicia-manana-kantu-eta-hitza-en-el-patio-de-gigantes-de-la-calle-descalzos\/","og_locale":"es_ES","og_type":"article","og_title":"MICE, el primer trabajo en solitario de la eibarresa Miren Narbaiza, inicia ma\u00f1ana \u2018Kantu eta Hitza\u2019 en el Patio de Gigantes de la calle Descalzos","og_description":"La sesi\u00f3n, como todas las del ciclo, tendr\u00e1 lugar a las 20.30 horas con entrada libre previa retirada de invitaciones desde una hora antes","og_url":"https:\/\/www.laguiadepamplona.com\/actualidad\/mice-el-primer-trabajo-en-solitario-de-la-eibarresa-miren-narbaiza-inicia-manana-kantu-eta-hitza-en-el-patio-de-gigantes-de-la-calle-descalzos\/","og_site_name":"La Gu\u00eda de Pamplona","article_publisher":"https:\/\/www.facebook.com\/laguiadepamplonacom-133175176762273\/?ref=hl","article_published_time":"2018-05-16T09:59:49+00:00","og_image":[{"width":1000,"height":666,"url":"https:\/\/www.laguiadepamplona.com\/actualidad\/wp-content\/uploads\/2018\/05\/18.05.16_MICE_kantu_eta_hitza.jpg","type":"image\/jpeg"}],"author":"La Gu\u00eda de Pamplona","twitter_card":"summary_large_image","twitter_creator":"@LaGuiadPamplona","twitter_site":"@LaGuiadPamplona","twitter_misc":{"Escrito por":"La Gu\u00eda de Pamplona","Tiempo de lectura":"2 minutos"},"schema":{"@context":"https:\/\/schema.org","@graph":[{"@type":"Article","@id":"https:\/\/www.laguiadepamplona.com\/actualidad\/mice-el-primer-trabajo-en-solitario-de-la-eibarresa-miren-narbaiza-inicia-manana-kantu-eta-hitza-en-el-patio-de-gigantes-de-la-calle-descalzos\/#article","isPartOf":{"@id":"https:\/\/www.laguiadepamplona.com\/actualidad\/mice-el-primer-trabajo-en-solitario-de-la-eibarresa-miren-narbaiza-inicia-manana-kantu-eta-hitza-en-el-patio-de-gigantes-de-la-calle-descalzos\/"},"author":{"name":"La Gu\u00eda de Pamplona","@id":"https:\/\/www.laguiadepamplona.com\/actualidad\/#\/schema\/person\/efe887376f0213d4657c93adc50b1fdb"},"headline":"MICE, el primer trabajo en solitario de la eibarresa Miren Narbaiza, inicia ma\u00f1ana \u2018Kantu eta Hitza\u2019 en el Patio de Gigantes de la calle Descalzos","datePublished":"2018-05-16T09:59:49+00:00","mainEntityOfPage":{"@id":"https:\/\/www.laguiadepamplona.com\/actualidad\/mice-el-primer-trabajo-en-solitario-de-la-eibarresa-miren-narbaiza-inicia-manana-kantu-eta-hitza-en-el-patio-de-gigantes-de-la-calle-descalzos\/"},"wordCount":427,"commentCount":0,"publisher":{"@id":"https:\/\/www.laguiadepamplona.com\/actualidad\/#organization"},"image":{"@id":"https:\/\/www.laguiadepamplona.com\/actualidad\/mice-el-primer-trabajo-en-solitario-de-la-eibarresa-miren-narbaiza-inicia-manana-kantu-eta-hitza-en-el-patio-de-gigantes-de-la-calle-descalzos\/#primaryimage"},"thumbnailUrl":"https:\/\/www.laguiadepamplona.com\/actualidad\/wp-content\/uploads\/2018\/05\/18.05.16_MICE_kantu_eta_hitza.jpg","articleSection":["Ayto Pamplona"],"inLanguage":"es","potentialAction":[{"@type":"CommentAction","name":"Comment","target":["https:\/\/www.laguiadepamplona.com\/actualidad\/mice-el-primer-trabajo-en-solitario-de-la-eibarresa-miren-narbaiza-inicia-manana-kantu-eta-hitza-en-el-patio-de-gigantes-de-la-calle-descalzos\/#respond"]}]},{"@type":"WebPage","@id":"https:\/\/www.laguiadepamplona.com\/actualidad\/mice-el-primer-trabajo-en-solitario-de-la-eibarresa-miren-narbaiza-inicia-manana-kantu-eta-hitza-en-el-patio-de-gigantes-de-la-calle-descalzos\/","url":"https:\/\/www.laguiadepamplona.com\/actualidad\/mice-el-primer-trabajo-en-solitario-de-la-eibarresa-miren-narbaiza-inicia-manana-kantu-eta-hitza-en-el-patio-de-gigantes-de-la-calle-descalzos\/","name":"MICE, el primer trabajo en solitario de la eibarresa Miren Narbaiza, inicia ma\u00f1ana \u2018Kantu eta Hitza\u2019 en el Patio de Gigantes de la calle Descalzos","isPartOf":{"@id":"https:\/\/www.laguiadepamplona.com\/actualidad\/#website"},"primaryImageOfPage":{"@id":"https:\/\/www.laguiadepamplona.com\/actualidad\/mice-el-primer-trabajo-en-solitario-de-la-eibarresa-miren-narbaiza-inicia-manana-kantu-eta-hitza-en-el-patio-de-gigantes-de-la-calle-descalzos\/#primaryimage"},"image":{"@id":"https:\/\/www.laguiadepamplona.com\/actualidad\/mice-el-primer-trabajo-en-solitario-de-la-eibarresa-miren-narbaiza-inicia-manana-kantu-eta-hitza-en-el-patio-de-gigantes-de-la-calle-descalzos\/#primaryimage"},"thumbnailUrl":"https:\/\/www.laguiadepamplona.com\/actualidad\/wp-content\/uploads\/2018\/05\/18.05.16_MICE_kantu_eta_hitza.jpg","datePublished":"2018-05-16T09:59:49+00:00","breadcrumb":{"@id":"https:\/\/www.laguiadepamplona.com\/actualidad\/mice-el-primer-trabajo-en-solitario-de-la-eibarresa-miren-narbaiza-inicia-manana-kantu-eta-hitza-en-el-patio-de-gigantes-de-la-calle-descalzos\/#breadcrumb"},"inLanguage":"es","potentialAction":[{"@type":"ReadAction","target":["https:\/\/www.laguiadepamplona.com\/actualidad\/mice-el-primer-trabajo-en-solitario-de-la-eibarresa-miren-narbaiza-inicia-manana-kantu-eta-hitza-en-el-patio-de-gigantes-de-la-calle-descalzos\/"]}]},{"@type":"ImageObject","inLanguage":"es","@id":"https:\/\/www.laguiadepamplona.com\/actualidad\/mice-el-primer-trabajo-en-solitario-de-la-eibarresa-miren-narbaiza-inicia-manana-kantu-eta-hitza-en-el-patio-de-gigantes-de-la-calle-descalzos\/#primaryimage","url":"https:\/\/www.laguiadepamplona.com\/actualidad\/wp-content\/uploads\/2018\/05\/18.05.16_MICE_kantu_eta_hitza.jpg","contentUrl":"https:\/\/www.laguiadepamplona.com\/actualidad\/wp-content\/uploads\/2018\/05\/18.05.16_MICE_kantu_eta_hitza.jpg","width":1000,"height":666},{"@type":"BreadcrumbList","@id":"https:\/\/www.laguiadepamplona.com\/actualidad\/mice-el-primer-trabajo-en-solitario-de-la-eibarresa-miren-narbaiza-inicia-manana-kantu-eta-hitza-en-el-patio-de-gigantes-de-la-calle-descalzos\/#breadcrumb","itemListElement":[{"@type":"ListItem","position":1,"name":"Portada","item":"https:\/\/www.laguiadepamplona.com\/actualidad\/"},{"@type":"ListItem","position":2,"name":"MICE, el primer trabajo en solitario de la eibarresa Miren Narbaiza, inicia ma\u00f1ana \u2018Kantu eta Hitza\u2019 en el Patio de Gigantes de la calle Descalzos"}]},{"@type":"WebSite","@id":"https:\/\/www.laguiadepamplona.com\/actualidad\/#website","url":"https:\/\/www.laguiadepamplona.com\/actualidad\/","name":"La gu\u00eda de Pamplona","description":"Noticias de Pamplona","publisher":{"@id":"https:\/\/www.laguiadepamplona.com\/actualidad\/#organization"},"potentialAction":[{"@type":"SearchAction","target":{"@type":"EntryPoint","urlTemplate":"https:\/\/www.laguiadepamplona.com\/actualidad\/?s={search_term_string}"},"query-input":{"@type":"PropertyValueSpecification","valueRequired":true,"valueName":"search_term_string"}}],"inLanguage":"es"},{"@type":"Organization","@id":"https:\/\/www.laguiadepamplona.com\/actualidad\/#organization","name":"La Gu\u00eda de Pamplona \/ Noticias","url":"https:\/\/www.laguiadepamplona.com\/actualidad\/","logo":{"@type":"ImageObject","inLanguage":"es","@id":"https:\/\/www.laguiadepamplona.com\/actualidad\/#\/schema\/logo\/image\/","url":"https:\/\/www.laguiadepamplona.com\/actualidad\/wp-content\/uploads\/2018\/11\/logo-laguiadepamplona18-web1.png","contentUrl":"https:\/\/www.laguiadepamplona.com\/actualidad\/wp-content\/uploads\/2018\/11\/logo-laguiadepamplona18-web1.png","width":600,"height":196,"caption":"La Gu\u00eda de Pamplona \/ Noticias"},"image":{"@id":"https:\/\/www.laguiadepamplona.com\/actualidad\/#\/schema\/logo\/image\/"},"sameAs":["https:\/\/www.facebook.com\/laguiadepamplonacom-133175176762273\/?ref=hl","https:\/\/x.com\/LaGuiadPamplona","https:\/\/www.instagram.com\/la_guia_de_pamplona\/","https:\/\/www.youtube.com\/user\/laguiadepamplona"]},{"@type":"Person","@id":"https:\/\/www.laguiadepamplona.com\/actualidad\/#\/schema\/person\/efe887376f0213d4657c93adc50b1fdb","name":"La Gu\u00eda de Pamplona","image":{"@type":"ImageObject","inLanguage":"es","@id":"https:\/\/secure.gravatar.com\/avatar\/b6992f131dc8d30ab0dff15446e9d346d9dbd95992de0fef795073f5ea83a81c?s=96&d=mm&r=g","url":"https:\/\/secure.gravatar.com\/avatar\/b6992f131dc8d30ab0dff15446e9d346d9dbd95992de0fef795073f5ea83a81c?s=96&d=mm&r=g","contentUrl":"https:\/\/secure.gravatar.com\/avatar\/b6992f131dc8d30ab0dff15446e9d346d9dbd95992de0fef795073f5ea83a81c?s=96&d=mm&r=g","caption":"La Gu\u00eda de Pamplona"}}]}},"post_mailing_queue_ids":[],"_links":{"self":[{"href":"https:\/\/www.laguiadepamplona.com\/actualidad\/wp-json\/wp\/v2\/posts\/17398","targetHints":{"allow":["GET"]}}],"collection":[{"href":"https:\/\/www.laguiadepamplona.com\/actualidad\/wp-json\/wp\/v2\/posts"}],"about":[{"href":"https:\/\/www.laguiadepamplona.com\/actualidad\/wp-json\/wp\/v2\/types\/post"}],"author":[{"embeddable":true,"href":"https:\/\/www.laguiadepamplona.com\/actualidad\/wp-json\/wp\/v2\/users\/1"}],"replies":[{"embeddable":true,"href":"https:\/\/www.laguiadepamplona.com\/actualidad\/wp-json\/wp\/v2\/comments?post=17398"}],"version-history":[{"count":0,"href":"https:\/\/www.laguiadepamplona.com\/actualidad\/wp-json\/wp\/v2\/posts\/17398\/revisions"}],"wp:featuredmedia":[{"embeddable":true,"href":"https:\/\/www.laguiadepamplona.com\/actualidad\/wp-json\/wp\/v2\/media\/17399"}],"wp:attachment":[{"href":"https:\/\/www.laguiadepamplona.com\/actualidad\/wp-json\/wp\/v2\/media?parent=17398"}],"wp:term":[{"taxonomy":"category","embeddable":true,"href":"https:\/\/www.laguiadepamplona.com\/actualidad\/wp-json\/wp\/v2\/categories?post=17398"},{"taxonomy":"post_tag","embeddable":true,"href":"https:\/\/www.laguiadepamplona.com\/actualidad\/wp-json\/wp\/v2\/tags?post=17398"}],"curies":[{"name":"wp","href":"https:\/\/api.w.org\/{rel}","templated":true}]}}