{"id":17394,"date":"2018-05-16T10:56:53","date_gmt":"2018-05-16T09:56:53","guid":{"rendered":"http:\/\/laguiadepamplona.es\/actualidad\/?p=17394"},"modified":"2018-05-16T11:11:44","modified_gmt":"2018-05-16T10:11:44","slug":"los-colegios-publicos-dona-mayor-y-bernat-etxepare-y-la-biblioteca-publica-de-txantrea-contaran-con-instalaciones-solares-fotovoltaicas-para-el-autoconsumo","status":"publish","type":"post","link":"https:\/\/www.laguiadepamplona.com\/actualidad\/los-colegios-publicos-dona-mayor-y-bernat-etxepare-y-la-biblioteca-publica-de-txantrea-contaran-con-instalaciones-solares-fotovoltaicas-para-el-autoconsumo\/","title":{"rendered":"Los colegios p\u00fablicos Do\u00f1a Mayor y Bernat Etxepare y la Biblioteca P\u00fablica de Txantrea contar\u00e1n con instalaciones solares fotovoltaicas para el autoconsumo"},"content":{"rendered":"<h3>La Junta de Gobierno Local ha adjudicado en tres lotes estas tres instalaciones por un importe total de casi 91.000 euros<\/h3>\n<p><!--more--><\/p>\n<p>La Junta de Gobierno Local del Ayuntamiento de Pamplona ha aprobado la adjudicaci\u00f3n del contrato llave en mano del proyecto, suministro y montaje de tres instalaciones solares fotovoltaicas en los colegios p\u00fablicos Do\u00f1a Mayor de Navarra y Bernat Etxepare y en la Biblioteca P\u00fablica de Txantrea. Las tres instalaciones, con un presupuesto de 90.940,21 euros, ser\u00e1n de autoconsumo, es decir, permitir\u00e1n consumir directamente la energ\u00eda el\u00e9ctrica 100% verde producida <em>in situ<\/em>, lo que reducir\u00e1 la factura el\u00e9ctrica de cada edificio con el correspondiente ahorro econ\u00f3mico para el Ayuntamiento.<\/p>\n<p>Estas instalaciones solares fotovoltaicas utilizan como fuente primaria y \u00fanica la radiaci\u00f3n solar, trat\u00e1ndose por lo tanto de un sistema de generaci\u00f3n limpio, que no produce emisiones a la atm\u00f3sfera, vertidos ni residuos dado que no utiliza combustibles f\u00f3siles en su explotaci\u00f3n. Las emisiones de CO2, por tanto, son nulas. Cada una de las instalaciones se ha dimensionado teniendo en cuenta los consumos de energ\u00eda el\u00e9ctrica y las caracter\u00edsticas de cada edificio; resultando las siguientes potencias: C.P. Do\u00f1a Mayor de Navarra 15,12 kWp; C.P. Bernat Etxepare 20,16 kWp y Biblioteca P\u00fablica de la Txantrea 15,6 kWp que permitir\u00e1n unos ahorros anuales de: 2.220 euros, 3.000 euros y 2.220 euros, respectivamente.<\/p>\n<p>La instalaci\u00f3n fotovoltaica del C.P. Do\u00f1a Mayor de Navarra la realizar\u00e1 Ekilor S.L. por un importe de 32.670 euros; la del C.P. Bernat Etxepare la suministra y monta Solarfam Ingenier\u00eda S.L. por 31.589,71 euros; y la de la Biblioteca P\u00fablica de Txantrea la llevar\u00e1 a cabo Metallbauen Solar S.L. por 26.680 euros.<\/p>\n<p>Debido a su ubicaci\u00f3n en centros escolares y bibliotecas, todas las instalaciones dispondr\u00e1n de paneles did\u00e1cticos que permitir\u00e1n la monitorizaci\u00f3n de las instalaciones fotovoltaicas, mediante una pantalla interactiva conectada a la instalaci\u00f3n. A trav\u00e9s de los mismos se podr\u00e1 visualizar el comportamiento de la instalaci\u00f3n con datos de producci\u00f3n, radiaci\u00f3n, temperaturas,.. as\u00ed como abundante informaci\u00f3n sobre ahorro y eficiencia energ\u00e9tica e infograf\u00edas sobre energ\u00edas renovables.<\/p>\n<p>Con estos paneles solares, gestionados con el Servicio de Energ\u00eda Verde, se concluye la red de colegios fotovoltaicos de Pamplona, que se inici\u00f3 en 2001. La red est\u00e1 integrada por una veintena de centros escolares, el Museo de Educaci\u00f3n Ambiental, la Casa de la Juventud y otras instalaciones ubicadas en distintos puntos de la ciudad. La potencia fotovoltaica instalada total en 2018 es de 190,13 kWp, cifra que ascender\u00e1 a 240,13 kWp con estas tres nuevas instalaciones, que supondr\u00e1 tambi\u00e9n un ahorro en emisiones de CO2 de unos 22.000 kilos por a\u00f1o, que equivale al CO2 absorbido por 2.443 \u00e1rboles.<\/p>\n<p>&nbsp;<\/p>\n","protected":false},"excerpt":{"rendered":"<p>La Junta de Gobierno Local ha adjudicado en tres lotes estas tres instalaciones por un importe total de casi 91.000 euros<\/p>\n","protected":false},"author":1,"featured_media":10979,"comment_status":"open","ping_status":"closed","sticky":false,"template":"","format":"standard","meta":{"footnotes":""},"categories":[2],"tags":[],"class_list":["post-17394","post","type-post","status-publish","format-standard","has-post-thumbnail","hentry","category-ayuntamiento-pamplona"],"yoast_head":"<!-- This site is optimized with the Yoast SEO plugin v27.3 - https:\/\/yoast.com\/product\/yoast-seo-wordpress\/ -->\n<title>Los colegios p\u00fablicos Do\u00f1a Mayor y Bernat Etxepare y la Biblioteca P\u00fablica de Txantrea contar\u00e1n con instalaciones solares fotovoltaicas para el autoconsumo<\/title>\n<meta name=\"robots\" content=\"index, follow, max-snippet:-1, max-image-preview:large, max-video-preview:-1\" \/>\n<link rel=\"canonical\" href=\"https:\/\/www.laguiadepamplona.com\/actualidad\/los-colegios-publicos-dona-mayor-y-bernat-etxepare-y-la-biblioteca-publica-de-txantrea-contaran-con-instalaciones-solares-fotovoltaicas-para-el-autoconsumo\/\" \/>\n<meta property=\"og:locale\" content=\"es_ES\" \/>\n<meta property=\"og:type\" content=\"article\" \/>\n<meta property=\"og:title\" content=\"Los colegios p\u00fablicos Do\u00f1a Mayor y Bernat Etxepare y la Biblioteca P\u00fablica de Txantrea contar\u00e1n con instalaciones solares fotovoltaicas para el autoconsumo\" \/>\n<meta property=\"og:description\" content=\"La Junta de Gobierno Local ha adjudicado en tres lotes estas tres instalaciones por un importe total de casi 91.000 euros\" \/>\n<meta property=\"og:url\" content=\"https:\/\/www.laguiadepamplona.com\/actualidad\/los-colegios-publicos-dona-mayor-y-bernat-etxepare-y-la-biblioteca-publica-de-txantrea-contaran-con-instalaciones-solares-fotovoltaicas-para-el-autoconsumo\/\" \/>\n<meta property=\"og:site_name\" content=\"La Gu\u00eda de Pamplona\" \/>\n<meta property=\"article:publisher\" content=\"https:\/\/www.facebook.com\/laguiadepamplonacom-133175176762273\/?ref=hl\" \/>\n<meta property=\"article:published_time\" content=\"2018-05-16T09:56:53+00:00\" \/>\n<meta property=\"article:modified_time\" content=\"2018-05-16T10:11:44+00:00\" \/>\n<meta property=\"og:image\" content=\"https:\/\/www.laguiadepamplona.com\/actualidad\/wp-content\/uploads\/2016\/11\/Ayto_Pamplona.jpg\" \/>\n\t<meta property=\"og:image:width\" content=\"900\" \/>\n\t<meta property=\"og:image:height\" content=\"675\" \/>\n\t<meta property=\"og:image:type\" content=\"image\/jpeg\" \/>\n<meta name=\"author\" content=\"La Gu\u00eda de Pamplona\" \/>\n<meta name=\"twitter:card\" content=\"summary_large_image\" \/>\n<meta name=\"twitter:creator\" content=\"@LaGuiadPamplona\" \/>\n<meta name=\"twitter:site\" content=\"@LaGuiadPamplona\" \/>\n<meta name=\"twitter:label1\" content=\"Escrito por\" \/>\n\t<meta name=\"twitter:data1\" content=\"La Gu\u00eda de Pamplona\" \/>\n\t<meta name=\"twitter:label2\" content=\"Tiempo de lectura\" \/>\n\t<meta name=\"twitter:data2\" content=\"2 minutos\" \/>\n<script type=\"application\/ld+json\" class=\"yoast-schema-graph\">{\"@context\":\"https:\\\/\\\/schema.org\",\"@graph\":[{\"@type\":\"Article\",\"@id\":\"https:\\\/\\\/www.laguiadepamplona.com\\\/actualidad\\\/los-colegios-publicos-dona-mayor-y-bernat-etxepare-y-la-biblioteca-publica-de-txantrea-contaran-con-instalaciones-solares-fotovoltaicas-para-el-autoconsumo\\\/#article\",\"isPartOf\":{\"@id\":\"https:\\\/\\\/www.laguiadepamplona.com\\\/actualidad\\\/los-colegios-publicos-dona-mayor-y-bernat-etxepare-y-la-biblioteca-publica-de-txantrea-contaran-con-instalaciones-solares-fotovoltaicas-para-el-autoconsumo\\\/\"},\"author\":{\"name\":\"La Gu\u00eda de Pamplona\",\"@id\":\"https:\\\/\\\/www.laguiadepamplona.com\\\/actualidad\\\/#\\\/schema\\\/person\\\/efe887376f0213d4657c93adc50b1fdb\"},\"headline\":\"Los colegios p\u00fablicos Do\u00f1a Mayor y Bernat Etxepare y la Biblioteca P\u00fablica de Txantrea contar\u00e1n con instalaciones solares fotovoltaicas para el autoconsumo\",\"datePublished\":\"2018-05-16T09:56:53+00:00\",\"dateModified\":\"2018-05-16T10:11:44+00:00\",\"mainEntityOfPage\":{\"@id\":\"https:\\\/\\\/www.laguiadepamplona.com\\\/actualidad\\\/los-colegios-publicos-dona-mayor-y-bernat-etxepare-y-la-biblioteca-publica-de-txantrea-contaran-con-instalaciones-solares-fotovoltaicas-para-el-autoconsumo\\\/\"},\"wordCount\":496,\"commentCount\":0,\"publisher\":{\"@id\":\"https:\\\/\\\/www.laguiadepamplona.com\\\/actualidad\\\/#organization\"},\"image\":{\"@id\":\"https:\\\/\\\/www.laguiadepamplona.com\\\/actualidad\\\/los-colegios-publicos-dona-mayor-y-bernat-etxepare-y-la-biblioteca-publica-de-txantrea-contaran-con-instalaciones-solares-fotovoltaicas-para-el-autoconsumo\\\/#primaryimage\"},\"thumbnailUrl\":\"https:\\\/\\\/www.laguiadepamplona.com\\\/actualidad\\\/wp-content\\\/uploads\\\/2016\\\/11\\\/Ayto_Pamplona.jpg\",\"articleSection\":[\"Ayto Pamplona\"],\"inLanguage\":\"es\",\"potentialAction\":[{\"@type\":\"CommentAction\",\"name\":\"Comment\",\"target\":[\"https:\\\/\\\/www.laguiadepamplona.com\\\/actualidad\\\/los-colegios-publicos-dona-mayor-y-bernat-etxepare-y-la-biblioteca-publica-de-txantrea-contaran-con-instalaciones-solares-fotovoltaicas-para-el-autoconsumo\\\/#respond\"]}]},{\"@type\":\"WebPage\",\"@id\":\"https:\\\/\\\/www.laguiadepamplona.com\\\/actualidad\\\/los-colegios-publicos-dona-mayor-y-bernat-etxepare-y-la-biblioteca-publica-de-txantrea-contaran-con-instalaciones-solares-fotovoltaicas-para-el-autoconsumo\\\/\",\"url\":\"https:\\\/\\\/www.laguiadepamplona.com\\\/actualidad\\\/los-colegios-publicos-dona-mayor-y-bernat-etxepare-y-la-biblioteca-publica-de-txantrea-contaran-con-instalaciones-solares-fotovoltaicas-para-el-autoconsumo\\\/\",\"name\":\"Los colegios p\u00fablicos Do\u00f1a Mayor y Bernat Etxepare y la Biblioteca P\u00fablica de Txantrea contar\u00e1n con instalaciones solares fotovoltaicas para el autoconsumo\",\"isPartOf\":{\"@id\":\"https:\\\/\\\/www.laguiadepamplona.com\\\/actualidad\\\/#website\"},\"primaryImageOfPage\":{\"@id\":\"https:\\\/\\\/www.laguiadepamplona.com\\\/actualidad\\\/los-colegios-publicos-dona-mayor-y-bernat-etxepare-y-la-biblioteca-publica-de-txantrea-contaran-con-instalaciones-solares-fotovoltaicas-para-el-autoconsumo\\\/#primaryimage\"},\"image\":{\"@id\":\"https:\\\/\\\/www.laguiadepamplona.com\\\/actualidad\\\/los-colegios-publicos-dona-mayor-y-bernat-etxepare-y-la-biblioteca-publica-de-txantrea-contaran-con-instalaciones-solares-fotovoltaicas-para-el-autoconsumo\\\/#primaryimage\"},\"thumbnailUrl\":\"https:\\\/\\\/www.laguiadepamplona.com\\\/actualidad\\\/wp-content\\\/uploads\\\/2016\\\/11\\\/Ayto_Pamplona.jpg\",\"datePublished\":\"2018-05-16T09:56:53+00:00\",\"dateModified\":\"2018-05-16T10:11:44+00:00\",\"breadcrumb\":{\"@id\":\"https:\\\/\\\/www.laguiadepamplona.com\\\/actualidad\\\/los-colegios-publicos-dona-mayor-y-bernat-etxepare-y-la-biblioteca-publica-de-txantrea-contaran-con-instalaciones-solares-fotovoltaicas-para-el-autoconsumo\\\/#breadcrumb\"},\"inLanguage\":\"es\",\"potentialAction\":[{\"@type\":\"ReadAction\",\"target\":[\"https:\\\/\\\/www.laguiadepamplona.com\\\/actualidad\\\/los-colegios-publicos-dona-mayor-y-bernat-etxepare-y-la-biblioteca-publica-de-txantrea-contaran-con-instalaciones-solares-fotovoltaicas-para-el-autoconsumo\\\/\"]}]},{\"@type\":\"ImageObject\",\"inLanguage\":\"es\",\"@id\":\"https:\\\/\\\/www.laguiadepamplona.com\\\/actualidad\\\/los-colegios-publicos-dona-mayor-y-bernat-etxepare-y-la-biblioteca-publica-de-txantrea-contaran-con-instalaciones-solares-fotovoltaicas-para-el-autoconsumo\\\/#primaryimage\",\"url\":\"https:\\\/\\\/www.laguiadepamplona.com\\\/actualidad\\\/wp-content\\\/uploads\\\/2016\\\/11\\\/Ayto_Pamplona.jpg\",\"contentUrl\":\"https:\\\/\\\/www.laguiadepamplona.com\\\/actualidad\\\/wp-content\\\/uploads\\\/2016\\\/11\\\/Ayto_Pamplona.jpg\",\"width\":900,\"height\":675},{\"@type\":\"BreadcrumbList\",\"@id\":\"https:\\\/\\\/www.laguiadepamplona.com\\\/actualidad\\\/los-colegios-publicos-dona-mayor-y-bernat-etxepare-y-la-biblioteca-publica-de-txantrea-contaran-con-instalaciones-solares-fotovoltaicas-para-el-autoconsumo\\\/#breadcrumb\",\"itemListElement\":[{\"@type\":\"ListItem\",\"position\":1,\"name\":\"Portada\",\"item\":\"https:\\\/\\\/www.laguiadepamplona.com\\\/actualidad\\\/\"},{\"@type\":\"ListItem\",\"position\":2,\"name\":\"Los colegios p\u00fablicos Do\u00f1a Mayor y Bernat Etxepare y la Biblioteca P\u00fablica de Txantrea contar\u00e1n con instalaciones solares fotovoltaicas para el autoconsumo\"}]},{\"@type\":\"WebSite\",\"@id\":\"https:\\\/\\\/www.laguiadepamplona.com\\\/actualidad\\\/#website\",\"url\":\"https:\\\/\\\/www.laguiadepamplona.com\\\/actualidad\\\/\",\"name\":\"La gu\u00eda de Pamplona\",\"description\":\"Noticias de Pamplona\",\"publisher\":{\"@id\":\"https:\\\/\\\/www.laguiadepamplona.com\\\/actualidad\\\/#organization\"},\"potentialAction\":[{\"@type\":\"SearchAction\",\"target\":{\"@type\":\"EntryPoint\",\"urlTemplate\":\"https:\\\/\\\/www.laguiadepamplona.com\\\/actualidad\\\/?s={search_term_string}\"},\"query-input\":{\"@type\":\"PropertyValueSpecification\",\"valueRequired\":true,\"valueName\":\"search_term_string\"}}],\"inLanguage\":\"es\"},{\"@type\":\"Organization\",\"@id\":\"https:\\\/\\\/www.laguiadepamplona.com\\\/actualidad\\\/#organization\",\"name\":\"La Gu\u00eda de Pamplona \\\/ Noticias\",\"url\":\"https:\\\/\\\/www.laguiadepamplona.com\\\/actualidad\\\/\",\"logo\":{\"@type\":\"ImageObject\",\"inLanguage\":\"es\",\"@id\":\"https:\\\/\\\/www.laguiadepamplona.com\\\/actualidad\\\/#\\\/schema\\\/logo\\\/image\\\/\",\"url\":\"https:\\\/\\\/www.laguiadepamplona.com\\\/actualidad\\\/wp-content\\\/uploads\\\/2018\\\/11\\\/logo-laguiadepamplona18-web1.png\",\"contentUrl\":\"https:\\\/\\\/www.laguiadepamplona.com\\\/actualidad\\\/wp-content\\\/uploads\\\/2018\\\/11\\\/logo-laguiadepamplona18-web1.png\",\"width\":600,\"height\":196,\"caption\":\"La Gu\u00eda de Pamplona \\\/ Noticias\"},\"image\":{\"@id\":\"https:\\\/\\\/www.laguiadepamplona.com\\\/actualidad\\\/#\\\/schema\\\/logo\\\/image\\\/\"},\"sameAs\":[\"https:\\\/\\\/www.facebook.com\\\/laguiadepamplonacom-133175176762273\\\/?ref=hl\",\"https:\\\/\\\/x.com\\\/LaGuiadPamplona\",\"https:\\\/\\\/www.instagram.com\\\/la_guia_de_pamplona\\\/\",\"https:\\\/\\\/www.youtube.com\\\/user\\\/laguiadepamplona\"]},{\"@type\":\"Person\",\"@id\":\"https:\\\/\\\/www.laguiadepamplona.com\\\/actualidad\\\/#\\\/schema\\\/person\\\/efe887376f0213d4657c93adc50b1fdb\",\"name\":\"La Gu\u00eda de Pamplona\",\"image\":{\"@type\":\"ImageObject\",\"inLanguage\":\"es\",\"@id\":\"https:\\\/\\\/secure.gravatar.com\\\/avatar\\\/b6992f131dc8d30ab0dff15446e9d346d9dbd95992de0fef795073f5ea83a81c?s=96&d=mm&r=g\",\"url\":\"https:\\\/\\\/secure.gravatar.com\\\/avatar\\\/b6992f131dc8d30ab0dff15446e9d346d9dbd95992de0fef795073f5ea83a81c?s=96&d=mm&r=g\",\"contentUrl\":\"https:\\\/\\\/secure.gravatar.com\\\/avatar\\\/b6992f131dc8d30ab0dff15446e9d346d9dbd95992de0fef795073f5ea83a81c?s=96&d=mm&r=g\",\"caption\":\"La Gu\u00eda de Pamplona\"}}]}<\/script>\n<!-- \/ Yoast SEO plugin. -->","yoast_head_json":{"title":"Los colegios p\u00fablicos Do\u00f1a Mayor y Bernat Etxepare y la Biblioteca P\u00fablica de Txantrea contar\u00e1n con instalaciones solares fotovoltaicas para el autoconsumo","robots":{"index":"index","follow":"follow","max-snippet":"max-snippet:-1","max-image-preview":"max-image-preview:large","max-video-preview":"max-video-preview:-1"},"canonical":"https:\/\/www.laguiadepamplona.com\/actualidad\/los-colegios-publicos-dona-mayor-y-bernat-etxepare-y-la-biblioteca-publica-de-txantrea-contaran-con-instalaciones-solares-fotovoltaicas-para-el-autoconsumo\/","og_locale":"es_ES","og_type":"article","og_title":"Los colegios p\u00fablicos Do\u00f1a Mayor y Bernat Etxepare y la Biblioteca P\u00fablica de Txantrea contar\u00e1n con instalaciones solares fotovoltaicas para el autoconsumo","og_description":"La Junta de Gobierno Local ha adjudicado en tres lotes estas tres instalaciones por un importe total de casi 91.000 euros","og_url":"https:\/\/www.laguiadepamplona.com\/actualidad\/los-colegios-publicos-dona-mayor-y-bernat-etxepare-y-la-biblioteca-publica-de-txantrea-contaran-con-instalaciones-solares-fotovoltaicas-para-el-autoconsumo\/","og_site_name":"La Gu\u00eda de Pamplona","article_publisher":"https:\/\/www.facebook.com\/laguiadepamplonacom-133175176762273\/?ref=hl","article_published_time":"2018-05-16T09:56:53+00:00","article_modified_time":"2018-05-16T10:11:44+00:00","og_image":[{"width":900,"height":675,"url":"https:\/\/www.laguiadepamplona.com\/actualidad\/wp-content\/uploads\/2016\/11\/Ayto_Pamplona.jpg","type":"image\/jpeg"}],"author":"La Gu\u00eda de Pamplona","twitter_card":"summary_large_image","twitter_creator":"@LaGuiadPamplona","twitter_site":"@LaGuiadPamplona","twitter_misc":{"Escrito por":"La Gu\u00eda de Pamplona","Tiempo de lectura":"2 minutos"},"schema":{"@context":"https:\/\/schema.org","@graph":[{"@type":"Article","@id":"https:\/\/www.laguiadepamplona.com\/actualidad\/los-colegios-publicos-dona-mayor-y-bernat-etxepare-y-la-biblioteca-publica-de-txantrea-contaran-con-instalaciones-solares-fotovoltaicas-para-el-autoconsumo\/#article","isPartOf":{"@id":"https:\/\/www.laguiadepamplona.com\/actualidad\/los-colegios-publicos-dona-mayor-y-bernat-etxepare-y-la-biblioteca-publica-de-txantrea-contaran-con-instalaciones-solares-fotovoltaicas-para-el-autoconsumo\/"},"author":{"name":"La Gu\u00eda de Pamplona","@id":"https:\/\/www.laguiadepamplona.com\/actualidad\/#\/schema\/person\/efe887376f0213d4657c93adc50b1fdb"},"headline":"Los colegios p\u00fablicos Do\u00f1a Mayor y Bernat Etxepare y la Biblioteca P\u00fablica de Txantrea contar\u00e1n con instalaciones solares fotovoltaicas para el autoconsumo","datePublished":"2018-05-16T09:56:53+00:00","dateModified":"2018-05-16T10:11:44+00:00","mainEntityOfPage":{"@id":"https:\/\/www.laguiadepamplona.com\/actualidad\/los-colegios-publicos-dona-mayor-y-bernat-etxepare-y-la-biblioteca-publica-de-txantrea-contaran-con-instalaciones-solares-fotovoltaicas-para-el-autoconsumo\/"},"wordCount":496,"commentCount":0,"publisher":{"@id":"https:\/\/www.laguiadepamplona.com\/actualidad\/#organization"},"image":{"@id":"https:\/\/www.laguiadepamplona.com\/actualidad\/los-colegios-publicos-dona-mayor-y-bernat-etxepare-y-la-biblioteca-publica-de-txantrea-contaran-con-instalaciones-solares-fotovoltaicas-para-el-autoconsumo\/#primaryimage"},"thumbnailUrl":"https:\/\/www.laguiadepamplona.com\/actualidad\/wp-content\/uploads\/2016\/11\/Ayto_Pamplona.jpg","articleSection":["Ayto Pamplona"],"inLanguage":"es","potentialAction":[{"@type":"CommentAction","name":"Comment","target":["https:\/\/www.laguiadepamplona.com\/actualidad\/los-colegios-publicos-dona-mayor-y-bernat-etxepare-y-la-biblioteca-publica-de-txantrea-contaran-con-instalaciones-solares-fotovoltaicas-para-el-autoconsumo\/#respond"]}]},{"@type":"WebPage","@id":"https:\/\/www.laguiadepamplona.com\/actualidad\/los-colegios-publicos-dona-mayor-y-bernat-etxepare-y-la-biblioteca-publica-de-txantrea-contaran-con-instalaciones-solares-fotovoltaicas-para-el-autoconsumo\/","url":"https:\/\/www.laguiadepamplona.com\/actualidad\/los-colegios-publicos-dona-mayor-y-bernat-etxepare-y-la-biblioteca-publica-de-txantrea-contaran-con-instalaciones-solares-fotovoltaicas-para-el-autoconsumo\/","name":"Los colegios p\u00fablicos Do\u00f1a Mayor y Bernat Etxepare y la Biblioteca P\u00fablica de Txantrea contar\u00e1n con instalaciones solares fotovoltaicas para el autoconsumo","isPartOf":{"@id":"https:\/\/www.laguiadepamplona.com\/actualidad\/#website"},"primaryImageOfPage":{"@id":"https:\/\/www.laguiadepamplona.com\/actualidad\/los-colegios-publicos-dona-mayor-y-bernat-etxepare-y-la-biblioteca-publica-de-txantrea-contaran-con-instalaciones-solares-fotovoltaicas-para-el-autoconsumo\/#primaryimage"},"image":{"@id":"https:\/\/www.laguiadepamplona.com\/actualidad\/los-colegios-publicos-dona-mayor-y-bernat-etxepare-y-la-biblioteca-publica-de-txantrea-contaran-con-instalaciones-solares-fotovoltaicas-para-el-autoconsumo\/#primaryimage"},"thumbnailUrl":"https:\/\/www.laguiadepamplona.com\/actualidad\/wp-content\/uploads\/2016\/11\/Ayto_Pamplona.jpg","datePublished":"2018-05-16T09:56:53+00:00","dateModified":"2018-05-16T10:11:44+00:00","breadcrumb":{"@id":"https:\/\/www.laguiadepamplona.com\/actualidad\/los-colegios-publicos-dona-mayor-y-bernat-etxepare-y-la-biblioteca-publica-de-txantrea-contaran-con-instalaciones-solares-fotovoltaicas-para-el-autoconsumo\/#breadcrumb"},"inLanguage":"es","potentialAction":[{"@type":"ReadAction","target":["https:\/\/www.laguiadepamplona.com\/actualidad\/los-colegios-publicos-dona-mayor-y-bernat-etxepare-y-la-biblioteca-publica-de-txantrea-contaran-con-instalaciones-solares-fotovoltaicas-para-el-autoconsumo\/"]}]},{"@type":"ImageObject","inLanguage":"es","@id":"https:\/\/www.laguiadepamplona.com\/actualidad\/los-colegios-publicos-dona-mayor-y-bernat-etxepare-y-la-biblioteca-publica-de-txantrea-contaran-con-instalaciones-solares-fotovoltaicas-para-el-autoconsumo\/#primaryimage","url":"https:\/\/www.laguiadepamplona.com\/actualidad\/wp-content\/uploads\/2016\/11\/Ayto_Pamplona.jpg","contentUrl":"https:\/\/www.laguiadepamplona.com\/actualidad\/wp-content\/uploads\/2016\/11\/Ayto_Pamplona.jpg","width":900,"height":675},{"@type":"BreadcrumbList","@id":"https:\/\/www.laguiadepamplona.com\/actualidad\/los-colegios-publicos-dona-mayor-y-bernat-etxepare-y-la-biblioteca-publica-de-txantrea-contaran-con-instalaciones-solares-fotovoltaicas-para-el-autoconsumo\/#breadcrumb","itemListElement":[{"@type":"ListItem","position":1,"name":"Portada","item":"https:\/\/www.laguiadepamplona.com\/actualidad\/"},{"@type":"ListItem","position":2,"name":"Los colegios p\u00fablicos Do\u00f1a Mayor y Bernat Etxepare y la Biblioteca P\u00fablica de Txantrea contar\u00e1n con instalaciones solares fotovoltaicas para el autoconsumo"}]},{"@type":"WebSite","@id":"https:\/\/www.laguiadepamplona.com\/actualidad\/#website","url":"https:\/\/www.laguiadepamplona.com\/actualidad\/","name":"La gu\u00eda de Pamplona","description":"Noticias de Pamplona","publisher":{"@id":"https:\/\/www.laguiadepamplona.com\/actualidad\/#organization"},"potentialAction":[{"@type":"SearchAction","target":{"@type":"EntryPoint","urlTemplate":"https:\/\/www.laguiadepamplona.com\/actualidad\/?s={search_term_string}"},"query-input":{"@type":"PropertyValueSpecification","valueRequired":true,"valueName":"search_term_string"}}],"inLanguage":"es"},{"@type":"Organization","@id":"https:\/\/www.laguiadepamplona.com\/actualidad\/#organization","name":"La Gu\u00eda de Pamplona \/ Noticias","url":"https:\/\/www.laguiadepamplona.com\/actualidad\/","logo":{"@type":"ImageObject","inLanguage":"es","@id":"https:\/\/www.laguiadepamplona.com\/actualidad\/#\/schema\/logo\/image\/","url":"https:\/\/www.laguiadepamplona.com\/actualidad\/wp-content\/uploads\/2018\/11\/logo-laguiadepamplona18-web1.png","contentUrl":"https:\/\/www.laguiadepamplona.com\/actualidad\/wp-content\/uploads\/2018\/11\/logo-laguiadepamplona18-web1.png","width":600,"height":196,"caption":"La Gu\u00eda de Pamplona \/ Noticias"},"image":{"@id":"https:\/\/www.laguiadepamplona.com\/actualidad\/#\/schema\/logo\/image\/"},"sameAs":["https:\/\/www.facebook.com\/laguiadepamplonacom-133175176762273\/?ref=hl","https:\/\/x.com\/LaGuiadPamplona","https:\/\/www.instagram.com\/la_guia_de_pamplona\/","https:\/\/www.youtube.com\/user\/laguiadepamplona"]},{"@type":"Person","@id":"https:\/\/www.laguiadepamplona.com\/actualidad\/#\/schema\/person\/efe887376f0213d4657c93adc50b1fdb","name":"La Gu\u00eda de Pamplona","image":{"@type":"ImageObject","inLanguage":"es","@id":"https:\/\/secure.gravatar.com\/avatar\/b6992f131dc8d30ab0dff15446e9d346d9dbd95992de0fef795073f5ea83a81c?s=96&d=mm&r=g","url":"https:\/\/secure.gravatar.com\/avatar\/b6992f131dc8d30ab0dff15446e9d346d9dbd95992de0fef795073f5ea83a81c?s=96&d=mm&r=g","contentUrl":"https:\/\/secure.gravatar.com\/avatar\/b6992f131dc8d30ab0dff15446e9d346d9dbd95992de0fef795073f5ea83a81c?s=96&d=mm&r=g","caption":"La Gu\u00eda de Pamplona"}}]}},"post_mailing_queue_ids":[],"_links":{"self":[{"href":"https:\/\/www.laguiadepamplona.com\/actualidad\/wp-json\/wp\/v2\/posts\/17394","targetHints":{"allow":["GET"]}}],"collection":[{"href":"https:\/\/www.laguiadepamplona.com\/actualidad\/wp-json\/wp\/v2\/posts"}],"about":[{"href":"https:\/\/www.laguiadepamplona.com\/actualidad\/wp-json\/wp\/v2\/types\/post"}],"author":[{"embeddable":true,"href":"https:\/\/www.laguiadepamplona.com\/actualidad\/wp-json\/wp\/v2\/users\/1"}],"replies":[{"embeddable":true,"href":"https:\/\/www.laguiadepamplona.com\/actualidad\/wp-json\/wp\/v2\/comments?post=17394"}],"version-history":[{"count":0,"href":"https:\/\/www.laguiadepamplona.com\/actualidad\/wp-json\/wp\/v2\/posts\/17394\/revisions"}],"wp:featuredmedia":[{"embeddable":true,"href":"https:\/\/www.laguiadepamplona.com\/actualidad\/wp-json\/wp\/v2\/media\/10979"}],"wp:attachment":[{"href":"https:\/\/www.laguiadepamplona.com\/actualidad\/wp-json\/wp\/v2\/media?parent=17394"}],"wp:term":[{"taxonomy":"category","embeddable":true,"href":"https:\/\/www.laguiadepamplona.com\/actualidad\/wp-json\/wp\/v2\/categories?post=17394"},{"taxonomy":"post_tag","embeddable":true,"href":"https:\/\/www.laguiadepamplona.com\/actualidad\/wp-json\/wp\/v2\/tags?post=17394"}],"curies":[{"name":"wp","href":"https:\/\/api.w.org\/{rel}","templated":true}]}}