{"id":17392,"date":"2018-05-16T10:51:33","date_gmt":"2018-05-16T09:51:33","guid":{"rendered":"http:\/\/laguiadepamplona.es\/actualidad\/?p=17392"},"modified":"2018-05-16T11:13:33","modified_gmt":"2018-05-16T10:13:33","slug":"pamplona-ciudad-de-luces-de-adriana-eransus-azpilicueta-anunciara-los-sanfermines-2018-al-ritmo-del-baile-de-los-gigantes-americanos-en-la-plaza-del-castillo","status":"publish","type":"post","link":"https:\/\/www.laguiadepamplona.com\/actualidad\/pamplona-ciudad-de-luces-de-adriana-eransus-azpilicueta-anunciara-los-sanfermines-2018-al-ritmo-del-baile-de-los-gigantes-americanos-en-la-plaza-del-castillo\/","title":{"rendered":"\u2018Pamplona, ciudad de luces\u2019, de Adriana Eransus Azpilicueta, anunciar\u00e1 los Sanfermines 2018 al ritmo del baile de los gigantes americanos en la Plaza del Castillo"},"content":{"rendered":"<h3>El cartel ha obtenido un 33,8% de los 6.511 votos emitidos; es la quinta vez que una mujer dise\u00f1a el cartel de las fiestas de San Ferm\u00edn<\/h3>\n<p><!--more--><\/p>\n<p><a href=\"http:\/\/laguiadepamplona.es\/actualidad\/wp-content\/uploads\/2018\/05\/N\u00ba-5.-Pamplona-ciudad-de-luces.jpg\"><img loading=\"lazy\" decoding=\"async\" class=\"alignleft size-medium wp-image-17167\" src=\"http:\/\/laguiadepamplona.es\/actualidad\/wp-content\/uploads\/2018\/05\/N\u00ba-5.-Pamplona-ciudad-de-luces-210x300.jpg\" alt=\"\" width=\"210\" height=\"300\" srcset=\"https:\/\/www.laguiadepamplona.com\/actualidad\/wp-content\/uploads\/2018\/05\/N\u00ba-5.-Pamplona-ciudad-de-luces-210x300.jpg 210w, https:\/\/www.laguiadepamplona.com\/actualidad\/wp-content\/uploads\/2018\/05\/N\u00ba-5.-Pamplona-ciudad-de-luces-300x429.jpg 300w, https:\/\/www.laguiadepamplona.com\/actualidad\/wp-content\/uploads\/2018\/05\/N\u00ba-5.-Pamplona-ciudad-de-luces.jpg 700w\" sizes=\"auto, (max-width: 210px) 100vw, 210px\" \/><\/a>El cartel \u2018Pamplona, ciudad de luces\u2019, obra de la pamplonesa Adriana Eransus Azpilicueta, anunciar\u00e1 los Sanfermines de 2018. Lo hace al ritmo del baile de los gigantes americanos en la Plaza del Castillo. Lo hace reivindicando Pamplona como una ciudad de luces, de diversidad y de armon\u00eda, con Toko-Toko y Braulia emulando ser los protagonistas de la oscarizada pel\u00edcula \u2018La la land\u2019 bailando \u2018City of stars\u2019 en el centro de la ciudad. Este cartel, el n\u00famero cinco, ha sido elegido con el 33,7% de los 6.511 votos emitidos. El cartel ha ganado con claridad frente a las otras siete propuestas: aglutina 2.200 votos, casi 900 m\u00e1s que el segundo m\u00e1s votado, \u20187\u2019.<\/p>\n<p>Adriana Eransus Azpilicueta (Pamplona, 2 de julio de 1982) se convierte as\u00ed en la quinta mujer que dise\u00f1a el cartel de las fiestas de San Ferm\u00edn. En 1974 lo firmaron juntos Francis Bartolozzi y Pedro Lozano de Sot\u00e9s y en 2004 lo hicieron Marta Coronado y Mikel Urmeneta. El siguiente nombre de mujer como autora del cartel aparece en 2006: Cristina Calvo en solitario obtuvo el premio del Concurso Internacional de Carteles de San Ferm\u00edn. La elecci\u00f3n de estos tres carteles fue resultado de un concurso. Tambi\u00e9n por concurso, pero a trav\u00e9s de votaci\u00f3n popular, Elixabete Bordonaba obten\u00eda en 2013 el 36% de los votos emitidos con un cartel que reflejaba el mapa de la ciudad. As\u00ed, Eransus es la segunda mujer en ganar un concurso por votaci\u00f3n ciudadana.<\/p>\n<p>La autora marca adem\u00e1s otros hitos: recupera los gigantes de la Comparsa para el cartel de fiestas tres d\u00e9cadas despu\u00e9s de su \u00faltima aparici\u00f3n, y dibuja el escenario de la Plaza del Castillo, olvidada desde hace un siglo.<\/p>\n<p>Adriana Eransus Azpilicueta (Pamplona, 1982) es diplomada en Ciencias Empresariales por la Universidad P\u00fablica de Navarra y t\u00e9cnica superior de Artes Pl\u00e1sticas y Dise\u00f1o en Proyectos y Direcci\u00f3n de Obras de Decoraci\u00f3n. En la actualidad, tiene una tienda en el Segundo Ensanche en la que confecciona y crea tocados y complementos a medida para clientas que buscan algo diferente en ese \u00e1mbito.<\/p>\n<p><strong>6.511 votos, 500 diarios, y un 33,8% del total<\/strong><\/p>\n<p><a href=\"http:\/\/laguiadepamplona.es\/actualidad\/wp-content\/uploads\/2018\/05\/18.05.16_cartel_SF_final_2b.jpg\"><img loading=\"lazy\" decoding=\"async\" class=\"alignleft size-medium wp-image-17407\" src=\"http:\/\/laguiadepamplona.es\/actualidad\/wp-content\/uploads\/2018\/05\/18.05.16_cartel_SF_final_2b-300x200.jpg\" alt=\"\" width=\"300\" height=\"200\" srcset=\"https:\/\/www.laguiadepamplona.com\/actualidad\/wp-content\/uploads\/2018\/05\/18.05.16_cartel_SF_final_2b-300x200.jpg 300w, https:\/\/www.laguiadepamplona.com\/actualidad\/wp-content\/uploads\/2018\/05\/18.05.16_cartel_SF_final_2b-768x512.jpg 768w, https:\/\/www.laguiadepamplona.com\/actualidad\/wp-content\/uploads\/2018\/05\/18.05.16_cartel_SF_final_2b.jpg 1000w\" sizes=\"auto, (max-width: 300px) 100vw, 300px\" \/><\/a>En la votaci\u00f3n de este a\u00f1o, abierta a las personas empadronadas en la ciudad y que se ha realizado entre el 2 y el 14 de mayo, han participado 6.511 personas, 829 m\u00e1s que en 2017. Desde el punto de vista de los n\u00fameros, este es el cuarto cartel en relaci\u00f3n al n\u00famero de votos desde que empez\u00f3 este procedimiento abierto a la ciudadan\u00eda en 2008, y el tercero m\u00e1s votado en relaci\u00f3n a la media de sufragios diarios obtenidos (500 al d\u00eda).<\/p>\n<p>Si se atiende a las v\u00edas de votaci\u00f3n, de nuevo la digital ha sido la m\u00e1s utilizada con 5.008 votos (un 76,9%% del total); otras 1.286 papeletas se han recogido de la votaci\u00f3n presencial a trav\u00e9s de urnas que se pod\u00eda realizar en cualquiera de los centros de la red Civivox (19,7%) y la v\u00eda telef\u00f3nica, a trav\u00e9s del Tel\u00e9fono de Atenci\u00f3n Ciudadana, han recogido 217 sufragios, que suponen un 3,3% del total. La tendencia a una mayor participaci\u00f3n a trav\u00e9s de internet y a la consiguiente disminuci\u00f3n progresiva del resto de las v\u00edas, es cada vez mayor. El pasado a\u00f1o, por ejemplo, por internet vot\u00f3 un 74,2% de las personas participantes; un 24% lo hicieron presencialmente y un 1,6% por tel\u00e9fono.<\/p>\n<p>Desde el punto de vista de la \u2018ventana de votaci\u00f3n\u2019, en 2018 ha habido 13 d\u00edas para la expresi\u00f3n de la ciudadan\u00eda, el per\u00edodo m\u00e1s corto tras los a\u00f1os 2015 y 2016 en los que ese periodo fue de 12 d\u00edas. El a\u00f1o en que m\u00e1s jornadas se pudo votar para elegir el cartel fue 2011 con 24.<\/p>\n<p><strong>Reivindicar Pamplona<\/strong><\/p>\n<p>Tal y como cuenta la autora, este cartel quiere reivindicar que Pamplona \u201ces una ciudad de luces, de diversidad y de armon\u00eda\u201d. \u201cPor el arraigo y por el amor incondicional que le tengo a mi tierra, Pamplona, he querido presentar un cartel limpio. Un cartel que denote la pureza y la limpieza de lo que vienen siendo nuestras fiestas de San Ferm\u00edn y a las que \u00faltimamente se les ha maltratado hasta la saciedad manchando su nombre y creando unos prejuicios muy injustos. Pamplona es y ser\u00e1 siempre una ciudad de luces\u201d, explica.<\/p>\n<p>El escenario elegido es la Plaza del Castillo, tanto como por emblema como por escena para la ambientaci\u00f3n del cartel de la pel\u00edcula, con la farola carism\u00e1tica y el encanto de su ambiente, describe la autora. Los plasma con colores pastel para dar un matiz de limpieza y elegancia, \u201cun matiz que inspire y nos transporte a la sensibilidad y a la belleza de nuestras fiestas\u201d. No olvida el blanco y el rojo, en las prendas de los viandantes y de la pareja protagonistas.<\/p>\n<p>Y nadie mejor para bailar en el cartel que la pareja de gigantes americanos, apunta la autora, que hacen disfrutar tanto a mayores como a ni\u00f1os. \u201cSon ellos, Toko-Toko y Braulia, los que dan fuerza al cartel, la vez que una nota de simpat\u00eda con sus gestos risue\u00f1os\u201d, comenta.<\/p>\n<p>Con este cartel, la autora quiere adem\u00e1s rendir homenaje a Mariscal y buscar un espacio en la est\u00e9tica de los carteles antiguos de los Sanfermines, \u201chuyendo de las est\u00e9ticas m\u00e1s convencionales usadas estos \u00faltimos a\u00f1os\u201d<\/p>\n<p><strong>Los gigantes en un cartel, treinta a\u00f1os despu\u00e9s<\/strong><\/p>\n<p>As\u00ed como los kilikis, y en concreto Caravinagre, han sido un tema recurrente en los carteles de San Ferm\u00edn de los \u00faltimos a\u00f1os, los gigantes de Pamplona, miembros tambi\u00e9n de la misma Comparsa, apenas han tenido reflejo en las obras que anuncian las fiestas. Su \u00faltima aparici\u00f3n en un cartel se remonta a 1984, hace 34 a\u00f1os. Entonces su autor, Francisco Bastida, incluy\u00f3 al rey europeo como uno de los elementos de su obra, aunque sin el protagonismo que ten\u00edan el Chupinazo y San Ferm\u00edn. Un a\u00f1o antes, en 1983, en el cartel de Jaume Bach, aparecen las parejas de reyes europeos y africanos en un retrato colectivo de la fiesta en el que tambi\u00e9n se reflejan mozos de pe\u00f1as, toreros, cortejo municipal, kilikis o zaldikos.<\/p>\n<p>Tras esta doble presencia en los 80 hay que trasladarse hasta los a\u00f1os 30 para volver a encontrar a gigantes en los carteles anunciadores de fiestas. Leocadio Muro los incluye en 1934 y 1932, en el primer caso utiliza como recurso secundario a la pareja de gigantes europeos y en el segundo toma protagonismo como figura principal del cartel, en primer t\u00e9rmino, el rey europeo. En 1929 Jes\u00fas Basiano plasma a la comparsa de gigantes bailando en la plaza Consistorial al ritmo de los txistularis y gaiteros. Y en 1920 tambi\u00e9n aparece en segundo t\u00e9rmino la pareja de reyes europeos.<\/p>\n<p>Lo que tampoco ha sido muy habitual es que el escenario de los carteles sea la Plaza del Castillo. Es m\u00e1s, hay que remontarse m\u00e1s de un siglo atr\u00e1s para que esa ubicaci\u00f3n aparezca en alguna de las obras que anuncian los Sanfermines. En 1910 Javier Ciga retrata a un grupo de m\u00fasicos y de personas en la antigua Plaza del Castillo, todav\u00eda con el Teatro Gayarre cerrando lo que actualmente es la salida a la avenida Carlos III.<\/p>\n<p><strong>332 carteles en el a\u00f1o que se estrena nuevo procedimiento<\/strong><\/p>\n<p>\u2018Pamplona, ciudad de luces\u2019 se ha alzado como ganador de entre los 332 carteles presentados el concurso en 2018. De hecho el cartel de Adriana Eransus es uno de las 144 creaciones que proceden de Pamplona (43,37%), estad\u00edsticamente la cifra m\u00e1s abultada. Los n\u00fameros de Pamplona, sumados a los 66 procedentes del resto de Navarra, suman el un 63,25% del total (210). Adem\u00e1s, se han recibido 117 de procedencia estatal llegando hasta la cifra de 327 carteles, un 98,49% del total. Del \u00e1mbito internacional han llegado hasta Pamplona cinco creaciones m\u00e1s, lo que supone un 1,51% del total.<\/p>\n<p>Las 332 obras recibidas en este 2018 suponen una participaci\u00f3n de artistas inferior a la de los \u00faltimos a\u00f1os. Concretamente en 2017 se registraron 371 carteles, que fueron 376 en 2018.<\/p>\n<p>Este a\u00f1o el Ayuntamiento de Pamplona ha cambiado el sistema de elecci\u00f3n de los carteles. Los creadores deb\u00edan presentar sus bocetos en digital, junto con una explicaci\u00f3n del desarrollo te\u00f3rico del concepto y los elementos que conformaban el cartel (composici\u00f3n, colores, tipograf\u00eda, simbolog\u00eda, etc). Sobre ese trabajo se preseleccionaron 20 carteles, que se produjeron a cargo del presupuesto municipal. Un jurado t\u00e9cnico determin\u00f3 los ocho trabajos finalistas que posteriormente pasaron a votaci\u00f3n por la ciudadan\u00eda.<\/p>\n<p>As\u00ed, este a\u00f1o ser\u00e1n esos 20 carteles, ganador incluido, los que se expongan del 28 de junio al 29 de julio en la primera planta del Palacio del Condestable.<\/p>\n<p><strong>Votaci\u00f3n popular cartel San Ferm\u00edn 2018<\/strong><\/p>\n<ul>\n<li><strong>Votos registrados<\/strong><\/li>\n<\/ul>\n<table width=\"499\">\n<tbody>\n<tr>\n<td width=\"80\"><strong>Cartel<\/strong><\/td>\n<td width=\"80\"><strong>Internet<\/strong><\/td>\n<td width=\"83\"><strong>Presencial<\/strong><\/td>\n<td width=\"80\"><strong>telef\u00f3nico<\/strong><\/td>\n<td width=\"80\"><strong>total votos<\/strong><\/td>\n<td width=\"96\"><strong>% votos<\/strong><\/td>\n<\/tr>\n<tr>\n<td width=\"80\">N\u00ba 1<\/td>\n<td width=\"80\">151<\/td>\n<td width=\"83\">65<\/td>\n<td width=\"80\">6<\/td>\n<td width=\"80\">222<\/td>\n<td width=\"96\">3,4<\/td>\n<\/tr>\n<tr>\n<td width=\"80\">N\u00ba 2<\/td>\n<td width=\"80\">333<\/td>\n<td width=\"83\">59<\/td>\n<td width=\"80\">5<\/td>\n<td width=\"80\">397<\/td>\n<td width=\"96\">6,1<\/td>\n<\/tr>\n<tr>\n<td width=\"80\">N\u00ba 3<\/td>\n<td width=\"80\">615<\/td>\n<td width=\"83\">135<\/td>\n<td width=\"80\">35<\/td>\n<td width=\"80\">785<\/td>\n<td width=\"96\">12,0<\/td>\n<\/tr>\n<tr>\n<td width=\"80\">N\u00ba 4<\/td>\n<td width=\"80\">167<\/td>\n<td width=\"83\">38<\/td>\n<td width=\"80\">1<\/td>\n<td width=\"80\">206<\/td>\n<td width=\"96\">3,1<\/td>\n<\/tr>\n<tr>\n<td width=\"80\">N\u00ba 5<\/td>\n<td width=\"80\">1.665<\/td>\n<td width=\"83\">452<\/td>\n<td width=\"80\">83<\/td>\n<td width=\"80\">2.200<\/td>\n<td width=\"96\">33,8<\/td>\n<\/tr>\n<tr>\n<td width=\"80\">N\u00ba 6<\/td>\n<td width=\"80\">1.036<\/td>\n<td width=\"83\">244<\/td>\n<td width=\"80\">26<\/td>\n<td width=\"80\">1.306<\/td>\n<td width=\"96\">20,1<\/td>\n<\/tr>\n<tr>\n<td width=\"80\">N\u00ba 7<\/td>\n<td width=\"80\">127<\/td>\n<td width=\"83\">26<\/td>\n<td width=\"80\">7<\/td>\n<td width=\"80\">160<\/td>\n<td width=\"96\">2,5<\/td>\n<\/tr>\n<tr>\n<td width=\"80\">N\u00ba 8<\/td>\n<td width=\"80\">914<\/td>\n<td width=\"83\">267<\/td>\n<td width=\"80\">54<\/td>\n<td width=\"80\">1.235<\/td>\n<td width=\"96\">19,0<\/td>\n<\/tr>\n<tr>\n<td width=\"80\"><strong>TOTALES<\/strong><\/td>\n<td width=\"80\"><strong>5.008<\/strong><\/td>\n<td width=\"83\"><strong>1.286<\/strong><\/td>\n<td width=\"80\"><strong>217<\/strong><\/td>\n<td width=\"80\"><strong>6.511<\/strong><\/td>\n<td width=\"96\"><strong>\u00a0<\/strong><\/td>\n<\/tr>\n<\/tbody>\n<\/table>\n<p>&nbsp;<\/p>\n<ul>\n<li><strong>Anteriores votaciones populares<\/strong><\/li>\n<\/ul>\n<table>\n<tbody>\n<tr>\n<td><strong>A\u00f1o<\/strong><\/td>\n<td><strong>2008<\/strong><\/td>\n<td><strong>2009<\/strong><\/td>\n<td><strong>2010<\/strong><\/td>\n<td><strong>2011<\/strong><\/td>\n<td><strong>2012<\/strong><\/td>\n<td><strong>2013<\/strong><\/td>\n<td><strong>2014<\/strong><\/td>\n<td><strong>2015<\/strong><\/td>\n<td><strong>2016<\/strong><\/td>\n<td><strong>2017<\/strong><\/td>\n<td><strong>2018<\/strong><\/td>\n<\/tr>\n<tr>\n<td>Votos emitidos<\/td>\n<td>6.391<\/td>\n<td>9.782<\/td>\n<td>8.633<\/td>\n<td>8.227<\/td>\n<td>6.422<\/td>\n<td>4.964<\/td>\n<td>3.474<\/td>\n<td>5.124<\/td>\n<td>6.078<\/td>\n<td>5.682<\/td>\n<td>6.511<\/td>\n<\/tr>\n<tr>\n<td>D\u00edas de votaci\u00f3n<\/td>\n<td>16<\/td>\n<td>19<\/td>\n<td>22<\/td>\n<td>24<\/td>\n<td>18<\/td>\n<td>19<\/td>\n<td>19<\/td>\n<td>12<\/td>\n<td>12<\/td>\n<td>17<\/td>\n<td>13<\/td>\n<\/tr>\n<tr>\n<td>Media diaria de votos<\/td>\n<td>399,4<\/td>\n<td>514,8<\/td>\n<td>392,4<\/td>\n<td>342,7<\/td>\n<td>356,7<\/td>\n<td>261,2<\/td>\n<td>182,8<\/td>\n<td>427<\/td>\n<td>506,5<\/td>\n<td>334,2<\/td>\n<td>500,8<\/td>\n<\/tr>\n<\/tbody>\n<\/table>\n<p><strong>\u00a0<\/strong><\/p>\n<ul>\n<li><strong>Carteles y lemas<\/strong><\/li>\n<\/ul>\n<p>N\u00ba 1. \u2013 Fiesta Toro Mandala: Magdalena Berenguer Soto (Logro\u00f1o)<\/p>\n<p>N\u00ba 2. \u2013 Su turno SF 18: Jorge Tellechea Lezaun y Jordi Alcaraz Ruiz\u00a0 (Bara\u00f1\u00e1in \u2013 Pamplona)<\/p>\n<p>N\u00ba 3. \u2013 Tradici\u00f3n local. Pasi\u00f3n internacional: Ayumi Mu\u00f1oz Villegas (Sarriguren, Navarra)<\/p>\n<p>N\u00ba 4. \u2013 La Tierra, capital Pamplona: Eneko Las Heras Leizaola (Madrid)<\/p>\n<p>N\u00ba 5. \u2013 Pamplona, ciudad de luces: Adriana Eransus Azpilicueta (Pamplona)<\/p>\n<p>N\u00ba 6. \u2013 7: Jos\u00e9 Gil-Nogu\u00e9s Vill\u00e9n (Oviedo)<\/p>\n<p>N\u00ba 7. \u2013 El ciclo de San Ferm\u00edn: Eduardo Santamar\u00eda Mart\u00ednez (Cullera, Valencia)<\/p>\n<p>N\u00ba 8. \u2013 La fiesta es ella: David Miranda Falces (Arguedas)<\/p>\n<p>&nbsp;<\/p>\n","protected":false},"excerpt":{"rendered":"<p>El cartel ha obtenido un 33,8% de los 6.511 votos emitidos; es la quinta vez que una mujer dise\u00f1a el cartel de las fiestas de San Ferm\u00edn<\/p>\n","protected":false},"author":1,"featured_media":17167,"comment_status":"open","ping_status":"closed","sticky":false,"template":"","format":"standard","meta":{"footnotes":""},"categories":[2],"tags":[],"class_list":["post-17392","post","type-post","status-publish","format-standard","has-post-thumbnail","hentry","category-ayuntamiento-pamplona"],"yoast_head":"<!-- This site is optimized with the Yoast SEO plugin v27.3 - https:\/\/yoast.com\/product\/yoast-seo-wordpress\/ -->\n<title>\u2018Pamplona, ciudad de luces\u2019, de Adriana Eransus Azpilicueta, anunciar\u00e1 los Sanfermines 2018 al ritmo del baile de los gigantes americanos en la Plaza del Castillo<\/title>\n<meta name=\"robots\" content=\"index, follow, max-snippet:-1, max-image-preview:large, max-video-preview:-1\" \/>\n<link rel=\"canonical\" href=\"https:\/\/www.laguiadepamplona.com\/actualidad\/pamplona-ciudad-de-luces-de-adriana-eransus-azpilicueta-anunciara-los-sanfermines-2018-al-ritmo-del-baile-de-los-gigantes-americanos-en-la-plaza-del-castillo\/\" \/>\n<meta property=\"og:locale\" content=\"es_ES\" \/>\n<meta property=\"og:type\" content=\"article\" \/>\n<meta property=\"og:title\" content=\"\u2018Pamplona, ciudad de luces\u2019, de Adriana Eransus Azpilicueta, anunciar\u00e1 los Sanfermines 2018 al ritmo del baile de los gigantes americanos en la Plaza del Castillo\" \/>\n<meta property=\"og:description\" content=\"El cartel ha obtenido un 33,8% de los 6.511 votos emitidos; es la quinta vez que una mujer dise\u00f1a el cartel de las fiestas de San Ferm\u00edn\" \/>\n<meta property=\"og:url\" content=\"https:\/\/www.laguiadepamplona.com\/actualidad\/pamplona-ciudad-de-luces-de-adriana-eransus-azpilicueta-anunciara-los-sanfermines-2018-al-ritmo-del-baile-de-los-gigantes-americanos-en-la-plaza-del-castillo\/\" \/>\n<meta property=\"og:site_name\" content=\"La Gu\u00eda de Pamplona\" \/>\n<meta property=\"article:publisher\" content=\"https:\/\/www.facebook.com\/laguiadepamplonacom-133175176762273\/?ref=hl\" \/>\n<meta property=\"article:published_time\" content=\"2018-05-16T09:51:33+00:00\" \/>\n<meta property=\"article:modified_time\" content=\"2018-05-16T10:13:33+00:00\" \/>\n<meta property=\"og:image\" content=\"https:\/\/www.laguiadepamplona.com\/actualidad\/wp-content\/uploads\/2018\/05\/N\u00ba-5.-Pamplona-ciudad-de-luces.jpg\" \/>\n\t<meta property=\"og:image:width\" content=\"700\" \/>\n\t<meta property=\"og:image:height\" content=\"1000\" \/>\n\t<meta property=\"og:image:type\" content=\"image\/jpeg\" \/>\n<meta name=\"author\" content=\"La Gu\u00eda de Pamplona\" \/>\n<meta name=\"twitter:card\" content=\"summary_large_image\" \/>\n<meta name=\"twitter:creator\" content=\"@LaGuiadPamplona\" \/>\n<meta name=\"twitter:site\" content=\"@LaGuiadPamplona\" \/>\n<meta name=\"twitter:label1\" content=\"Escrito por\" \/>\n\t<meta name=\"twitter:data1\" content=\"La Gu\u00eda de Pamplona\" \/>\n\t<meta name=\"twitter:label2\" content=\"Tiempo de lectura\" \/>\n\t<meta name=\"twitter:data2\" content=\"8 minutos\" \/>\n<script type=\"application\/ld+json\" class=\"yoast-schema-graph\">{\"@context\":\"https:\\\/\\\/schema.org\",\"@graph\":[{\"@type\":\"Article\",\"@id\":\"https:\\\/\\\/www.laguiadepamplona.com\\\/actualidad\\\/pamplona-ciudad-de-luces-de-adriana-eransus-azpilicueta-anunciara-los-sanfermines-2018-al-ritmo-del-baile-de-los-gigantes-americanos-en-la-plaza-del-castillo\\\/#article\",\"isPartOf\":{\"@id\":\"https:\\\/\\\/www.laguiadepamplona.com\\\/actualidad\\\/pamplona-ciudad-de-luces-de-adriana-eransus-azpilicueta-anunciara-los-sanfermines-2018-al-ritmo-del-baile-de-los-gigantes-americanos-en-la-plaza-del-castillo\\\/\"},\"author\":{\"name\":\"La Gu\u00eda de Pamplona\",\"@id\":\"https:\\\/\\\/www.laguiadepamplona.com\\\/actualidad\\\/#\\\/schema\\\/person\\\/efe887376f0213d4657c93adc50b1fdb\"},\"headline\":\"\u2018Pamplona, ciudad de luces\u2019, de Adriana Eransus Azpilicueta, anunciar\u00e1 los Sanfermines 2018 al ritmo del baile de los gigantes americanos en la Plaza del Castillo\",\"datePublished\":\"2018-05-16T09:51:33+00:00\",\"dateModified\":\"2018-05-16T10:13:33+00:00\",\"mainEntityOfPage\":{\"@id\":\"https:\\\/\\\/www.laguiadepamplona.com\\\/actualidad\\\/pamplona-ciudad-de-luces-de-adriana-eransus-azpilicueta-anunciara-los-sanfermines-2018-al-ritmo-del-baile-de-los-gigantes-americanos-en-la-plaza-del-castillo\\\/\"},\"wordCount\":1662,\"commentCount\":0,\"publisher\":{\"@id\":\"https:\\\/\\\/www.laguiadepamplona.com\\\/actualidad\\\/#organization\"},\"image\":{\"@id\":\"https:\\\/\\\/www.laguiadepamplona.com\\\/actualidad\\\/pamplona-ciudad-de-luces-de-adriana-eransus-azpilicueta-anunciara-los-sanfermines-2018-al-ritmo-del-baile-de-los-gigantes-americanos-en-la-plaza-del-castillo\\\/#primaryimage\"},\"thumbnailUrl\":\"https:\\\/\\\/www.laguiadepamplona.com\\\/actualidad\\\/wp-content\\\/uploads\\\/2018\\\/05\\\/N\u00ba-5.-Pamplona-ciudad-de-luces.jpg\",\"articleSection\":[\"Ayto Pamplona\"],\"inLanguage\":\"es\",\"potentialAction\":[{\"@type\":\"CommentAction\",\"name\":\"Comment\",\"target\":[\"https:\\\/\\\/www.laguiadepamplona.com\\\/actualidad\\\/pamplona-ciudad-de-luces-de-adriana-eransus-azpilicueta-anunciara-los-sanfermines-2018-al-ritmo-del-baile-de-los-gigantes-americanos-en-la-plaza-del-castillo\\\/#respond\"]}]},{\"@type\":\"WebPage\",\"@id\":\"https:\\\/\\\/www.laguiadepamplona.com\\\/actualidad\\\/pamplona-ciudad-de-luces-de-adriana-eransus-azpilicueta-anunciara-los-sanfermines-2018-al-ritmo-del-baile-de-los-gigantes-americanos-en-la-plaza-del-castillo\\\/\",\"url\":\"https:\\\/\\\/www.laguiadepamplona.com\\\/actualidad\\\/pamplona-ciudad-de-luces-de-adriana-eransus-azpilicueta-anunciara-los-sanfermines-2018-al-ritmo-del-baile-de-los-gigantes-americanos-en-la-plaza-del-castillo\\\/\",\"name\":\"\u2018Pamplona, ciudad de luces\u2019, de Adriana Eransus Azpilicueta, anunciar\u00e1 los Sanfermines 2018 al ritmo del baile de los gigantes americanos en la Plaza del Castillo\",\"isPartOf\":{\"@id\":\"https:\\\/\\\/www.laguiadepamplona.com\\\/actualidad\\\/#website\"},\"primaryImageOfPage\":{\"@id\":\"https:\\\/\\\/www.laguiadepamplona.com\\\/actualidad\\\/pamplona-ciudad-de-luces-de-adriana-eransus-azpilicueta-anunciara-los-sanfermines-2018-al-ritmo-del-baile-de-los-gigantes-americanos-en-la-plaza-del-castillo\\\/#primaryimage\"},\"image\":{\"@id\":\"https:\\\/\\\/www.laguiadepamplona.com\\\/actualidad\\\/pamplona-ciudad-de-luces-de-adriana-eransus-azpilicueta-anunciara-los-sanfermines-2018-al-ritmo-del-baile-de-los-gigantes-americanos-en-la-plaza-del-castillo\\\/#primaryimage\"},\"thumbnailUrl\":\"https:\\\/\\\/www.laguiadepamplona.com\\\/actualidad\\\/wp-content\\\/uploads\\\/2018\\\/05\\\/N\u00ba-5.-Pamplona-ciudad-de-luces.jpg\",\"datePublished\":\"2018-05-16T09:51:33+00:00\",\"dateModified\":\"2018-05-16T10:13:33+00:00\",\"breadcrumb\":{\"@id\":\"https:\\\/\\\/www.laguiadepamplona.com\\\/actualidad\\\/pamplona-ciudad-de-luces-de-adriana-eransus-azpilicueta-anunciara-los-sanfermines-2018-al-ritmo-del-baile-de-los-gigantes-americanos-en-la-plaza-del-castillo\\\/#breadcrumb\"},\"inLanguage\":\"es\",\"potentialAction\":[{\"@type\":\"ReadAction\",\"target\":[\"https:\\\/\\\/www.laguiadepamplona.com\\\/actualidad\\\/pamplona-ciudad-de-luces-de-adriana-eransus-azpilicueta-anunciara-los-sanfermines-2018-al-ritmo-del-baile-de-los-gigantes-americanos-en-la-plaza-del-castillo\\\/\"]}]},{\"@type\":\"ImageObject\",\"inLanguage\":\"es\",\"@id\":\"https:\\\/\\\/www.laguiadepamplona.com\\\/actualidad\\\/pamplona-ciudad-de-luces-de-adriana-eransus-azpilicueta-anunciara-los-sanfermines-2018-al-ritmo-del-baile-de-los-gigantes-americanos-en-la-plaza-del-castillo\\\/#primaryimage\",\"url\":\"https:\\\/\\\/www.laguiadepamplona.com\\\/actualidad\\\/wp-content\\\/uploads\\\/2018\\\/05\\\/N\u00ba-5.-Pamplona-ciudad-de-luces.jpg\",\"contentUrl\":\"https:\\\/\\\/www.laguiadepamplona.com\\\/actualidad\\\/wp-content\\\/uploads\\\/2018\\\/05\\\/N\u00ba-5.-Pamplona-ciudad-de-luces.jpg\",\"width\":700,\"height\":1000},{\"@type\":\"BreadcrumbList\",\"@id\":\"https:\\\/\\\/www.laguiadepamplona.com\\\/actualidad\\\/pamplona-ciudad-de-luces-de-adriana-eransus-azpilicueta-anunciara-los-sanfermines-2018-al-ritmo-del-baile-de-los-gigantes-americanos-en-la-plaza-del-castillo\\\/#breadcrumb\",\"itemListElement\":[{\"@type\":\"ListItem\",\"position\":1,\"name\":\"Portada\",\"item\":\"https:\\\/\\\/www.laguiadepamplona.com\\\/actualidad\\\/\"},{\"@type\":\"ListItem\",\"position\":2,\"name\":\"\u2018Pamplona, ciudad de luces\u2019, de Adriana Eransus Azpilicueta, anunciar\u00e1 los Sanfermines 2018 al ritmo del baile de los gigantes americanos en la Plaza del Castillo\"}]},{\"@type\":\"WebSite\",\"@id\":\"https:\\\/\\\/www.laguiadepamplona.com\\\/actualidad\\\/#website\",\"url\":\"https:\\\/\\\/www.laguiadepamplona.com\\\/actualidad\\\/\",\"name\":\"La gu\u00eda de Pamplona\",\"description\":\"Noticias de Pamplona\",\"publisher\":{\"@id\":\"https:\\\/\\\/www.laguiadepamplona.com\\\/actualidad\\\/#organization\"},\"potentialAction\":[{\"@type\":\"SearchAction\",\"target\":{\"@type\":\"EntryPoint\",\"urlTemplate\":\"https:\\\/\\\/www.laguiadepamplona.com\\\/actualidad\\\/?s={search_term_string}\"},\"query-input\":{\"@type\":\"PropertyValueSpecification\",\"valueRequired\":true,\"valueName\":\"search_term_string\"}}],\"inLanguage\":\"es\"},{\"@type\":\"Organization\",\"@id\":\"https:\\\/\\\/www.laguiadepamplona.com\\\/actualidad\\\/#organization\",\"name\":\"La Gu\u00eda de Pamplona \\\/ Noticias\",\"url\":\"https:\\\/\\\/www.laguiadepamplona.com\\\/actualidad\\\/\",\"logo\":{\"@type\":\"ImageObject\",\"inLanguage\":\"es\",\"@id\":\"https:\\\/\\\/www.laguiadepamplona.com\\\/actualidad\\\/#\\\/schema\\\/logo\\\/image\\\/\",\"url\":\"https:\\\/\\\/www.laguiadepamplona.com\\\/actualidad\\\/wp-content\\\/uploads\\\/2018\\\/11\\\/logo-laguiadepamplona18-web1.png\",\"contentUrl\":\"https:\\\/\\\/www.laguiadepamplona.com\\\/actualidad\\\/wp-content\\\/uploads\\\/2018\\\/11\\\/logo-laguiadepamplona18-web1.png\",\"width\":600,\"height\":196,\"caption\":\"La Gu\u00eda de Pamplona \\\/ Noticias\"},\"image\":{\"@id\":\"https:\\\/\\\/www.laguiadepamplona.com\\\/actualidad\\\/#\\\/schema\\\/logo\\\/image\\\/\"},\"sameAs\":[\"https:\\\/\\\/www.facebook.com\\\/laguiadepamplonacom-133175176762273\\\/?ref=hl\",\"https:\\\/\\\/x.com\\\/LaGuiadPamplona\",\"https:\\\/\\\/www.instagram.com\\\/la_guia_de_pamplona\\\/\",\"https:\\\/\\\/www.youtube.com\\\/user\\\/laguiadepamplona\"]},{\"@type\":\"Person\",\"@id\":\"https:\\\/\\\/www.laguiadepamplona.com\\\/actualidad\\\/#\\\/schema\\\/person\\\/efe887376f0213d4657c93adc50b1fdb\",\"name\":\"La Gu\u00eda de Pamplona\",\"image\":{\"@type\":\"ImageObject\",\"inLanguage\":\"es\",\"@id\":\"https:\\\/\\\/secure.gravatar.com\\\/avatar\\\/b6992f131dc8d30ab0dff15446e9d346d9dbd95992de0fef795073f5ea83a81c?s=96&d=mm&r=g\",\"url\":\"https:\\\/\\\/secure.gravatar.com\\\/avatar\\\/b6992f131dc8d30ab0dff15446e9d346d9dbd95992de0fef795073f5ea83a81c?s=96&d=mm&r=g\",\"contentUrl\":\"https:\\\/\\\/secure.gravatar.com\\\/avatar\\\/b6992f131dc8d30ab0dff15446e9d346d9dbd95992de0fef795073f5ea83a81c?s=96&d=mm&r=g\",\"caption\":\"La Gu\u00eda de Pamplona\"}}]}<\/script>\n<!-- \/ Yoast SEO plugin. -->","yoast_head_json":{"title":"\u2018Pamplona, ciudad de luces\u2019, de Adriana Eransus Azpilicueta, anunciar\u00e1 los Sanfermines 2018 al ritmo del baile de los gigantes americanos en la Plaza del Castillo","robots":{"index":"index","follow":"follow","max-snippet":"max-snippet:-1","max-image-preview":"max-image-preview:large","max-video-preview":"max-video-preview:-1"},"canonical":"https:\/\/www.laguiadepamplona.com\/actualidad\/pamplona-ciudad-de-luces-de-adriana-eransus-azpilicueta-anunciara-los-sanfermines-2018-al-ritmo-del-baile-de-los-gigantes-americanos-en-la-plaza-del-castillo\/","og_locale":"es_ES","og_type":"article","og_title":"\u2018Pamplona, ciudad de luces\u2019, de Adriana Eransus Azpilicueta, anunciar\u00e1 los Sanfermines 2018 al ritmo del baile de los gigantes americanos en la Plaza del Castillo","og_description":"El cartel ha obtenido un 33,8% de los 6.511 votos emitidos; es la quinta vez que una mujer dise\u00f1a el cartel de las fiestas de San Ferm\u00edn","og_url":"https:\/\/www.laguiadepamplona.com\/actualidad\/pamplona-ciudad-de-luces-de-adriana-eransus-azpilicueta-anunciara-los-sanfermines-2018-al-ritmo-del-baile-de-los-gigantes-americanos-en-la-plaza-del-castillo\/","og_site_name":"La Gu\u00eda de Pamplona","article_publisher":"https:\/\/www.facebook.com\/laguiadepamplonacom-133175176762273\/?ref=hl","article_published_time":"2018-05-16T09:51:33+00:00","article_modified_time":"2018-05-16T10:13:33+00:00","og_image":[{"width":700,"height":1000,"url":"https:\/\/www.laguiadepamplona.com\/actualidad\/wp-content\/uploads\/2018\/05\/N\u00ba-5.-Pamplona-ciudad-de-luces.jpg","type":"image\/jpeg"}],"author":"La Gu\u00eda de Pamplona","twitter_card":"summary_large_image","twitter_creator":"@LaGuiadPamplona","twitter_site":"@LaGuiadPamplona","twitter_misc":{"Escrito por":"La Gu\u00eda de Pamplona","Tiempo de lectura":"8 minutos"},"schema":{"@context":"https:\/\/schema.org","@graph":[{"@type":"Article","@id":"https:\/\/www.laguiadepamplona.com\/actualidad\/pamplona-ciudad-de-luces-de-adriana-eransus-azpilicueta-anunciara-los-sanfermines-2018-al-ritmo-del-baile-de-los-gigantes-americanos-en-la-plaza-del-castillo\/#article","isPartOf":{"@id":"https:\/\/www.laguiadepamplona.com\/actualidad\/pamplona-ciudad-de-luces-de-adriana-eransus-azpilicueta-anunciara-los-sanfermines-2018-al-ritmo-del-baile-de-los-gigantes-americanos-en-la-plaza-del-castillo\/"},"author":{"name":"La Gu\u00eda de Pamplona","@id":"https:\/\/www.laguiadepamplona.com\/actualidad\/#\/schema\/person\/efe887376f0213d4657c93adc50b1fdb"},"headline":"\u2018Pamplona, ciudad de luces\u2019, de Adriana Eransus Azpilicueta, anunciar\u00e1 los Sanfermines 2018 al ritmo del baile de los gigantes americanos en la Plaza del Castillo","datePublished":"2018-05-16T09:51:33+00:00","dateModified":"2018-05-16T10:13:33+00:00","mainEntityOfPage":{"@id":"https:\/\/www.laguiadepamplona.com\/actualidad\/pamplona-ciudad-de-luces-de-adriana-eransus-azpilicueta-anunciara-los-sanfermines-2018-al-ritmo-del-baile-de-los-gigantes-americanos-en-la-plaza-del-castillo\/"},"wordCount":1662,"commentCount":0,"publisher":{"@id":"https:\/\/www.laguiadepamplona.com\/actualidad\/#organization"},"image":{"@id":"https:\/\/www.laguiadepamplona.com\/actualidad\/pamplona-ciudad-de-luces-de-adriana-eransus-azpilicueta-anunciara-los-sanfermines-2018-al-ritmo-del-baile-de-los-gigantes-americanos-en-la-plaza-del-castillo\/#primaryimage"},"thumbnailUrl":"https:\/\/www.laguiadepamplona.com\/actualidad\/wp-content\/uploads\/2018\/05\/N\u00ba-5.-Pamplona-ciudad-de-luces.jpg","articleSection":["Ayto Pamplona"],"inLanguage":"es","potentialAction":[{"@type":"CommentAction","name":"Comment","target":["https:\/\/www.laguiadepamplona.com\/actualidad\/pamplona-ciudad-de-luces-de-adriana-eransus-azpilicueta-anunciara-los-sanfermines-2018-al-ritmo-del-baile-de-los-gigantes-americanos-en-la-plaza-del-castillo\/#respond"]}]},{"@type":"WebPage","@id":"https:\/\/www.laguiadepamplona.com\/actualidad\/pamplona-ciudad-de-luces-de-adriana-eransus-azpilicueta-anunciara-los-sanfermines-2018-al-ritmo-del-baile-de-los-gigantes-americanos-en-la-plaza-del-castillo\/","url":"https:\/\/www.laguiadepamplona.com\/actualidad\/pamplona-ciudad-de-luces-de-adriana-eransus-azpilicueta-anunciara-los-sanfermines-2018-al-ritmo-del-baile-de-los-gigantes-americanos-en-la-plaza-del-castillo\/","name":"\u2018Pamplona, ciudad de luces\u2019, de Adriana Eransus Azpilicueta, anunciar\u00e1 los Sanfermines 2018 al ritmo del baile de los gigantes americanos en la Plaza del Castillo","isPartOf":{"@id":"https:\/\/www.laguiadepamplona.com\/actualidad\/#website"},"primaryImageOfPage":{"@id":"https:\/\/www.laguiadepamplona.com\/actualidad\/pamplona-ciudad-de-luces-de-adriana-eransus-azpilicueta-anunciara-los-sanfermines-2018-al-ritmo-del-baile-de-los-gigantes-americanos-en-la-plaza-del-castillo\/#primaryimage"},"image":{"@id":"https:\/\/www.laguiadepamplona.com\/actualidad\/pamplona-ciudad-de-luces-de-adriana-eransus-azpilicueta-anunciara-los-sanfermines-2018-al-ritmo-del-baile-de-los-gigantes-americanos-en-la-plaza-del-castillo\/#primaryimage"},"thumbnailUrl":"https:\/\/www.laguiadepamplona.com\/actualidad\/wp-content\/uploads\/2018\/05\/N\u00ba-5.-Pamplona-ciudad-de-luces.jpg","datePublished":"2018-05-16T09:51:33+00:00","dateModified":"2018-05-16T10:13:33+00:00","breadcrumb":{"@id":"https:\/\/www.laguiadepamplona.com\/actualidad\/pamplona-ciudad-de-luces-de-adriana-eransus-azpilicueta-anunciara-los-sanfermines-2018-al-ritmo-del-baile-de-los-gigantes-americanos-en-la-plaza-del-castillo\/#breadcrumb"},"inLanguage":"es","potentialAction":[{"@type":"ReadAction","target":["https:\/\/www.laguiadepamplona.com\/actualidad\/pamplona-ciudad-de-luces-de-adriana-eransus-azpilicueta-anunciara-los-sanfermines-2018-al-ritmo-del-baile-de-los-gigantes-americanos-en-la-plaza-del-castillo\/"]}]},{"@type":"ImageObject","inLanguage":"es","@id":"https:\/\/www.laguiadepamplona.com\/actualidad\/pamplona-ciudad-de-luces-de-adriana-eransus-azpilicueta-anunciara-los-sanfermines-2018-al-ritmo-del-baile-de-los-gigantes-americanos-en-la-plaza-del-castillo\/#primaryimage","url":"https:\/\/www.laguiadepamplona.com\/actualidad\/wp-content\/uploads\/2018\/05\/N\u00ba-5.-Pamplona-ciudad-de-luces.jpg","contentUrl":"https:\/\/www.laguiadepamplona.com\/actualidad\/wp-content\/uploads\/2018\/05\/N\u00ba-5.-Pamplona-ciudad-de-luces.jpg","width":700,"height":1000},{"@type":"BreadcrumbList","@id":"https:\/\/www.laguiadepamplona.com\/actualidad\/pamplona-ciudad-de-luces-de-adriana-eransus-azpilicueta-anunciara-los-sanfermines-2018-al-ritmo-del-baile-de-los-gigantes-americanos-en-la-plaza-del-castillo\/#breadcrumb","itemListElement":[{"@type":"ListItem","position":1,"name":"Portada","item":"https:\/\/www.laguiadepamplona.com\/actualidad\/"},{"@type":"ListItem","position":2,"name":"\u2018Pamplona, ciudad de luces\u2019, de Adriana Eransus Azpilicueta, anunciar\u00e1 los Sanfermines 2018 al ritmo del baile de los gigantes americanos en la Plaza del Castillo"}]},{"@type":"WebSite","@id":"https:\/\/www.laguiadepamplona.com\/actualidad\/#website","url":"https:\/\/www.laguiadepamplona.com\/actualidad\/","name":"La gu\u00eda de Pamplona","description":"Noticias de Pamplona","publisher":{"@id":"https:\/\/www.laguiadepamplona.com\/actualidad\/#organization"},"potentialAction":[{"@type":"SearchAction","target":{"@type":"EntryPoint","urlTemplate":"https:\/\/www.laguiadepamplona.com\/actualidad\/?s={search_term_string}"},"query-input":{"@type":"PropertyValueSpecification","valueRequired":true,"valueName":"search_term_string"}}],"inLanguage":"es"},{"@type":"Organization","@id":"https:\/\/www.laguiadepamplona.com\/actualidad\/#organization","name":"La Gu\u00eda de Pamplona \/ Noticias","url":"https:\/\/www.laguiadepamplona.com\/actualidad\/","logo":{"@type":"ImageObject","inLanguage":"es","@id":"https:\/\/www.laguiadepamplona.com\/actualidad\/#\/schema\/logo\/image\/","url":"https:\/\/www.laguiadepamplona.com\/actualidad\/wp-content\/uploads\/2018\/11\/logo-laguiadepamplona18-web1.png","contentUrl":"https:\/\/www.laguiadepamplona.com\/actualidad\/wp-content\/uploads\/2018\/11\/logo-laguiadepamplona18-web1.png","width":600,"height":196,"caption":"La Gu\u00eda de Pamplona \/ Noticias"},"image":{"@id":"https:\/\/www.laguiadepamplona.com\/actualidad\/#\/schema\/logo\/image\/"},"sameAs":["https:\/\/www.facebook.com\/laguiadepamplonacom-133175176762273\/?ref=hl","https:\/\/x.com\/LaGuiadPamplona","https:\/\/www.instagram.com\/la_guia_de_pamplona\/","https:\/\/www.youtube.com\/user\/laguiadepamplona"]},{"@type":"Person","@id":"https:\/\/www.laguiadepamplona.com\/actualidad\/#\/schema\/person\/efe887376f0213d4657c93adc50b1fdb","name":"La Gu\u00eda de Pamplona","image":{"@type":"ImageObject","inLanguage":"es","@id":"https:\/\/secure.gravatar.com\/avatar\/b6992f131dc8d30ab0dff15446e9d346d9dbd95992de0fef795073f5ea83a81c?s=96&d=mm&r=g","url":"https:\/\/secure.gravatar.com\/avatar\/b6992f131dc8d30ab0dff15446e9d346d9dbd95992de0fef795073f5ea83a81c?s=96&d=mm&r=g","contentUrl":"https:\/\/secure.gravatar.com\/avatar\/b6992f131dc8d30ab0dff15446e9d346d9dbd95992de0fef795073f5ea83a81c?s=96&d=mm&r=g","caption":"La Gu\u00eda de Pamplona"}}]}},"post_mailing_queue_ids":[],"_links":{"self":[{"href":"https:\/\/www.laguiadepamplona.com\/actualidad\/wp-json\/wp\/v2\/posts\/17392","targetHints":{"allow":["GET"]}}],"collection":[{"href":"https:\/\/www.laguiadepamplona.com\/actualidad\/wp-json\/wp\/v2\/posts"}],"about":[{"href":"https:\/\/www.laguiadepamplona.com\/actualidad\/wp-json\/wp\/v2\/types\/post"}],"author":[{"embeddable":true,"href":"https:\/\/www.laguiadepamplona.com\/actualidad\/wp-json\/wp\/v2\/users\/1"}],"replies":[{"embeddable":true,"href":"https:\/\/www.laguiadepamplona.com\/actualidad\/wp-json\/wp\/v2\/comments?post=17392"}],"version-history":[{"count":0,"href":"https:\/\/www.laguiadepamplona.com\/actualidad\/wp-json\/wp\/v2\/posts\/17392\/revisions"}],"wp:featuredmedia":[{"embeddable":true,"href":"https:\/\/www.laguiadepamplona.com\/actualidad\/wp-json\/wp\/v2\/media\/17167"}],"wp:attachment":[{"href":"https:\/\/www.laguiadepamplona.com\/actualidad\/wp-json\/wp\/v2\/media?parent=17392"}],"wp:term":[{"taxonomy":"category","embeddable":true,"href":"https:\/\/www.laguiadepamplona.com\/actualidad\/wp-json\/wp\/v2\/categories?post=17392"},{"taxonomy":"post_tag","embeddable":true,"href":"https:\/\/www.laguiadepamplona.com\/actualidad\/wp-json\/wp\/v2\/tags?post=17392"}],"curies":[{"name":"wp","href":"https:\/\/api.w.org\/{rel}","templated":true}]}}