{"id":17389,"date":"2018-05-16T10:09:57","date_gmt":"2018-05-16T09:09:57","guid":{"rendered":"http:\/\/laguiadepamplona.es\/actualidad\/?p=17389"},"modified":"2018-05-16T10:09:57","modified_gmt":"2018-05-16T09:09:57","slug":"el-pintor-pedro-oses-presenta-sus-acuarelas-de-paisajes-y-montanas-en-el-palacio-del-condestable-hasta-el-1-de-julio","status":"publish","type":"post","link":"https:\/\/www.laguiadepamplona.com\/actualidad\/el-pintor-pedro-oses-presenta-sus-acuarelas-de-paisajes-y-montanas-en-el-palacio-del-condestable-hasta-el-1-de-julio\/","title":{"rendered":"El pintor Pedro Os\u00e9s presenta sus acuarelas de paisajes y monta\u00f1as en el Palacio del Condestable hasta el 1 de julio"},"content":{"rendered":"<h3>La muestra podr\u00e1 visitarse de lunes a domingo, de 11.30 a 13.30 y de 17.30 a 20.30 horas<\/h3>\n<p><!--more--><\/p>\n<p>El pintor Pedro Os\u00e9s presenta a partir de hoy sus acuarelas de paisajes y monta\u00f1as en la Sala Noble II del Palacio del Condestable hasta el 1 de julio. La muestra \u2018Al aire libre \/ Atari zabalean\u2019 recoge 70 cuadros en los que destacan la luz, los verdes y los tonos marrones. La muestra podr\u00e1 visitarse de lunes a domingo, de 11.30 a 13.30 y de 17.30 a 20.30 horas.<\/p>\n<p>En la rueda de prensa de presentaci\u00f3n han participado la directora del \u00c1rea de Cultura y Educaci\u00f3n, Maitena Muruz\u00e1bal, y el propia artista, quien ha se\u00f1alado que los cuadros han sido pintados en salidas al monte y al campo, en su mayor\u00eda, en los \u00faltimos 5 \u00f3 6 a\u00f1os. Ha explicado que \u201cdesde mucho antes, cuando sal\u00eda para hacer excursiones monta\u00f1eras, sol\u00eda llevar alg\u00fan cuaderno donde hac\u00eda apuntes r\u00e1pidos con la acuarela. De un tiempo aqu\u00ed, menos deporte y m\u00e1s arte. Cuando llego al lugar que me parece interesante, busco el encuadre. Un ejemplo, la \u00faltima excursi\u00f3n, que fue al Pirineo. Ten\u00eda ganas de ver y pintar montes nevados. Me coloco delante de una panor\u00e1mica de montes que conozco, he estado bastantes veces ah\u00ed. Como digo, busco el encuadre, que no es f\u00e1cil porque hay que descartar zonas interesantes. El conjunto monta\u00f1ero es espectacular\u201d.<\/p>\n<p><strong>La mayor\u00eda, paisaje navarros<\/strong><\/p>\n<p>En los cuadros pueden verse \u00e1rboles, puentes, campos, r\u00edos, ermitas y otros edificios, la mayor parte de ellos en tierras navarras: Sierra de Leire, Lizarraga, Mendaza, Ibilcieta, Ira\u00f1eta, Ust\u00e9s, Erro, Foz de Santa Coloma, Esparza, Aibar, Ugarra, Celig\u00fceta, Guindano, Eugi o Bardenas. La muestra se completa con montes del Pirineo, im\u00e1genes de los pantanos de Itoiz y Yesa, el r\u00edo Arga, \u00e1rboles del Alto Tajo, el despoblado de Esco e incluso la playa S\u2019Agar\u00f3 en Gerona.<\/p>\n<p>Al hablar de su manera de pintar, Pedro Oses dice que dibuja despacio, recortando las formas angulosas sobre el cielo azul p\u00e1lido o sobre el blanco de la nieve, o pintado sombras grisazuladas y \u00e1rboles en grupos como manchas oscuras. En un plano m\u00e1s cercano recoge zonas de color ocre-siena, salpicado de manchas blancas y las sombras de los \u00e1rboles. A\u00fan m\u00e1s cerca, en primer t\u00e9rmino, grupos de \u00e1rboles m\u00e1s definidos y verdes, rodeados del blanco de la nieve.<\/p>\n<p>Pedro Os\u00e9s Navaz (Pamplona, 1942) realiz\u00f3 su primera exposici\u00f3n en 1965 y desde entones sus cuadros han podido verse en m\u00e1s de 25 muestras individuales y 35 colectivas. Ha expuesto en Pamplona Alicante, Le\u00f3n, Madrid, Estella, Bilbao, Zizur Mayor, Tolosa, Bayona, Vitoria, Sevilla, Barcelona, San Sebasti\u00e1n, Santander, Burlada, Huarte y Sang\u00fcesa. Tiene obra en colecciones del Museo de Navarra, Ayuntamiento de Pamplona Universidad P\u00fablica de Navarra y Parlamento de Navarra. Ha sido reconocido con premios en el Sal\u00f3n del C\u00f3mic y la Ilustraci\u00f3n de Angouleme en Francia (1989) y en el Sal\u00f3n del C\u00f3mic y la Ilustraci\u00f3n de Lucca en Italia (1986).<\/p>\n<p>&nbsp;<\/p>\n","protected":false},"excerpt":{"rendered":"<p>La muestra podr\u00e1 visitarse de lunes a domingo, de 11.30 a 13.30 y de 17.30 a 20.30 horas<\/p>\n","protected":false},"author":1,"featured_media":17390,"comment_status":"open","ping_status":"closed","sticky":false,"template":"","format":"standard","meta":{"footnotes":""},"categories":[2],"tags":[],"class_list":["post-17389","post","type-post","status-publish","format-standard","has-post-thumbnail","hentry","category-ayuntamiento-pamplona"],"yoast_head":"<!-- This site is optimized with the Yoast SEO plugin v27.3 - https:\/\/yoast.com\/product\/yoast-seo-wordpress\/ -->\n<title>El pintor Pedro Os\u00e9s presenta sus acuarelas de paisajes y monta\u00f1as en el Palacio del Condestable hasta el 1 de julio<\/title>\n<meta name=\"robots\" content=\"index, follow, max-snippet:-1, max-image-preview:large, max-video-preview:-1\" \/>\n<link rel=\"canonical\" href=\"https:\/\/www.laguiadepamplona.com\/actualidad\/el-pintor-pedro-oses-presenta-sus-acuarelas-de-paisajes-y-montanas-en-el-palacio-del-condestable-hasta-el-1-de-julio\/\" \/>\n<meta property=\"og:locale\" content=\"es_ES\" \/>\n<meta property=\"og:type\" content=\"article\" \/>\n<meta property=\"og:title\" content=\"El pintor Pedro Os\u00e9s presenta sus acuarelas de paisajes y monta\u00f1as en el Palacio del Condestable hasta el 1 de julio\" \/>\n<meta property=\"og:description\" content=\"La muestra podr\u00e1 visitarse de lunes a domingo, de 11.30 a 13.30 y de 17.30 a 20.30 horas\" \/>\n<meta property=\"og:url\" content=\"https:\/\/www.laguiadepamplona.com\/actualidad\/el-pintor-pedro-oses-presenta-sus-acuarelas-de-paisajes-y-montanas-en-el-palacio-del-condestable-hasta-el-1-de-julio\/\" \/>\n<meta property=\"og:site_name\" content=\"La Gu\u00eda de Pamplona\" \/>\n<meta property=\"article:publisher\" content=\"https:\/\/www.facebook.com\/laguiadepamplonacom-133175176762273\/?ref=hl\" \/>\n<meta property=\"article:published_time\" content=\"2018-05-16T09:09:57+00:00\" \/>\n<meta property=\"og:image\" content=\"https:\/\/www.laguiadepamplona.com\/actualidad\/wp-content\/uploads\/2018\/05\/palacio-condestable.jpg\" \/>\n\t<meta property=\"og:image:width\" content=\"950\" \/>\n\t<meta property=\"og:image:height\" content=\"634\" \/>\n\t<meta property=\"og:image:type\" content=\"image\/jpeg\" \/>\n<meta name=\"author\" content=\"La Gu\u00eda de Pamplona\" \/>\n<meta name=\"twitter:card\" content=\"summary_large_image\" \/>\n<meta name=\"twitter:creator\" content=\"@LaGuiadPamplona\" \/>\n<meta name=\"twitter:site\" content=\"@LaGuiadPamplona\" \/>\n<meta name=\"twitter:label1\" content=\"Escrito por\" \/>\n\t<meta name=\"twitter:data1\" content=\"La Gu\u00eda de Pamplona\" \/>\n\t<meta name=\"twitter:label2\" content=\"Tiempo de lectura\" \/>\n\t<meta name=\"twitter:data2\" content=\"3 minutos\" \/>\n<script type=\"application\/ld+json\" class=\"yoast-schema-graph\">{\"@context\":\"https:\\\/\\\/schema.org\",\"@graph\":[{\"@type\":\"Article\",\"@id\":\"https:\\\/\\\/www.laguiadepamplona.com\\\/actualidad\\\/el-pintor-pedro-oses-presenta-sus-acuarelas-de-paisajes-y-montanas-en-el-palacio-del-condestable-hasta-el-1-de-julio\\\/#article\",\"isPartOf\":{\"@id\":\"https:\\\/\\\/www.laguiadepamplona.com\\\/actualidad\\\/el-pintor-pedro-oses-presenta-sus-acuarelas-de-paisajes-y-montanas-en-el-palacio-del-condestable-hasta-el-1-de-julio\\\/\"},\"author\":{\"name\":\"La Gu\u00eda de Pamplona\",\"@id\":\"https:\\\/\\\/www.laguiadepamplona.com\\\/actualidad\\\/#\\\/schema\\\/person\\\/efe887376f0213d4657c93adc50b1fdb\"},\"headline\":\"El pintor Pedro Os\u00e9s presenta sus acuarelas de paisajes y monta\u00f1as en el Palacio del Condestable hasta el 1 de julio\",\"datePublished\":\"2018-05-16T09:09:57+00:00\",\"mainEntityOfPage\":{\"@id\":\"https:\\\/\\\/www.laguiadepamplona.com\\\/actualidad\\\/el-pintor-pedro-oses-presenta-sus-acuarelas-de-paisajes-y-montanas-en-el-palacio-del-condestable-hasta-el-1-de-julio\\\/\"},\"wordCount\":543,\"commentCount\":0,\"publisher\":{\"@id\":\"https:\\\/\\\/www.laguiadepamplona.com\\\/actualidad\\\/#organization\"},\"image\":{\"@id\":\"https:\\\/\\\/www.laguiadepamplona.com\\\/actualidad\\\/el-pintor-pedro-oses-presenta-sus-acuarelas-de-paisajes-y-montanas-en-el-palacio-del-condestable-hasta-el-1-de-julio\\\/#primaryimage\"},\"thumbnailUrl\":\"https:\\\/\\\/www.laguiadepamplona.com\\\/actualidad\\\/wp-content\\\/uploads\\\/2018\\\/05\\\/palacio-condestable.jpg\",\"articleSection\":[\"Ayto Pamplona\"],\"inLanguage\":\"es\",\"potentialAction\":[{\"@type\":\"CommentAction\",\"name\":\"Comment\",\"target\":[\"https:\\\/\\\/www.laguiadepamplona.com\\\/actualidad\\\/el-pintor-pedro-oses-presenta-sus-acuarelas-de-paisajes-y-montanas-en-el-palacio-del-condestable-hasta-el-1-de-julio\\\/#respond\"]}]},{\"@type\":\"WebPage\",\"@id\":\"https:\\\/\\\/www.laguiadepamplona.com\\\/actualidad\\\/el-pintor-pedro-oses-presenta-sus-acuarelas-de-paisajes-y-montanas-en-el-palacio-del-condestable-hasta-el-1-de-julio\\\/\",\"url\":\"https:\\\/\\\/www.laguiadepamplona.com\\\/actualidad\\\/el-pintor-pedro-oses-presenta-sus-acuarelas-de-paisajes-y-montanas-en-el-palacio-del-condestable-hasta-el-1-de-julio\\\/\",\"name\":\"El pintor Pedro Os\u00e9s presenta sus acuarelas de paisajes y monta\u00f1as en el Palacio del Condestable hasta el 1 de julio\",\"isPartOf\":{\"@id\":\"https:\\\/\\\/www.laguiadepamplona.com\\\/actualidad\\\/#website\"},\"primaryImageOfPage\":{\"@id\":\"https:\\\/\\\/www.laguiadepamplona.com\\\/actualidad\\\/el-pintor-pedro-oses-presenta-sus-acuarelas-de-paisajes-y-montanas-en-el-palacio-del-condestable-hasta-el-1-de-julio\\\/#primaryimage\"},\"image\":{\"@id\":\"https:\\\/\\\/www.laguiadepamplona.com\\\/actualidad\\\/el-pintor-pedro-oses-presenta-sus-acuarelas-de-paisajes-y-montanas-en-el-palacio-del-condestable-hasta-el-1-de-julio\\\/#primaryimage\"},\"thumbnailUrl\":\"https:\\\/\\\/www.laguiadepamplona.com\\\/actualidad\\\/wp-content\\\/uploads\\\/2018\\\/05\\\/palacio-condestable.jpg\",\"datePublished\":\"2018-05-16T09:09:57+00:00\",\"breadcrumb\":{\"@id\":\"https:\\\/\\\/www.laguiadepamplona.com\\\/actualidad\\\/el-pintor-pedro-oses-presenta-sus-acuarelas-de-paisajes-y-montanas-en-el-palacio-del-condestable-hasta-el-1-de-julio\\\/#breadcrumb\"},\"inLanguage\":\"es\",\"potentialAction\":[{\"@type\":\"ReadAction\",\"target\":[\"https:\\\/\\\/www.laguiadepamplona.com\\\/actualidad\\\/el-pintor-pedro-oses-presenta-sus-acuarelas-de-paisajes-y-montanas-en-el-palacio-del-condestable-hasta-el-1-de-julio\\\/\"]}]},{\"@type\":\"ImageObject\",\"inLanguage\":\"es\",\"@id\":\"https:\\\/\\\/www.laguiadepamplona.com\\\/actualidad\\\/el-pintor-pedro-oses-presenta-sus-acuarelas-de-paisajes-y-montanas-en-el-palacio-del-condestable-hasta-el-1-de-julio\\\/#primaryimage\",\"url\":\"https:\\\/\\\/www.laguiadepamplona.com\\\/actualidad\\\/wp-content\\\/uploads\\\/2018\\\/05\\\/palacio-condestable.jpg\",\"contentUrl\":\"https:\\\/\\\/www.laguiadepamplona.com\\\/actualidad\\\/wp-content\\\/uploads\\\/2018\\\/05\\\/palacio-condestable.jpg\",\"width\":950,\"height\":634,\"caption\":\"civivox condestable\"},{\"@type\":\"BreadcrumbList\",\"@id\":\"https:\\\/\\\/www.laguiadepamplona.com\\\/actualidad\\\/el-pintor-pedro-oses-presenta-sus-acuarelas-de-paisajes-y-montanas-en-el-palacio-del-condestable-hasta-el-1-de-julio\\\/#breadcrumb\",\"itemListElement\":[{\"@type\":\"ListItem\",\"position\":1,\"name\":\"Portada\",\"item\":\"https:\\\/\\\/www.laguiadepamplona.com\\\/actualidad\\\/\"},{\"@type\":\"ListItem\",\"position\":2,\"name\":\"El pintor Pedro Os\u00e9s presenta sus acuarelas de paisajes y monta\u00f1as en el Palacio del Condestable hasta el 1 de julio\"}]},{\"@type\":\"WebSite\",\"@id\":\"https:\\\/\\\/www.laguiadepamplona.com\\\/actualidad\\\/#website\",\"url\":\"https:\\\/\\\/www.laguiadepamplona.com\\\/actualidad\\\/\",\"name\":\"La gu\u00eda de Pamplona\",\"description\":\"Noticias de Pamplona\",\"publisher\":{\"@id\":\"https:\\\/\\\/www.laguiadepamplona.com\\\/actualidad\\\/#organization\"},\"potentialAction\":[{\"@type\":\"SearchAction\",\"target\":{\"@type\":\"EntryPoint\",\"urlTemplate\":\"https:\\\/\\\/www.laguiadepamplona.com\\\/actualidad\\\/?s={search_term_string}\"},\"query-input\":{\"@type\":\"PropertyValueSpecification\",\"valueRequired\":true,\"valueName\":\"search_term_string\"}}],\"inLanguage\":\"es\"},{\"@type\":\"Organization\",\"@id\":\"https:\\\/\\\/www.laguiadepamplona.com\\\/actualidad\\\/#organization\",\"name\":\"La Gu\u00eda de Pamplona \\\/ Noticias\",\"url\":\"https:\\\/\\\/www.laguiadepamplona.com\\\/actualidad\\\/\",\"logo\":{\"@type\":\"ImageObject\",\"inLanguage\":\"es\",\"@id\":\"https:\\\/\\\/www.laguiadepamplona.com\\\/actualidad\\\/#\\\/schema\\\/logo\\\/image\\\/\",\"url\":\"https:\\\/\\\/www.laguiadepamplona.com\\\/actualidad\\\/wp-content\\\/uploads\\\/2018\\\/11\\\/logo-laguiadepamplona18-web1.png\",\"contentUrl\":\"https:\\\/\\\/www.laguiadepamplona.com\\\/actualidad\\\/wp-content\\\/uploads\\\/2018\\\/11\\\/logo-laguiadepamplona18-web1.png\",\"width\":600,\"height\":196,\"caption\":\"La Gu\u00eda de Pamplona \\\/ Noticias\"},\"image\":{\"@id\":\"https:\\\/\\\/www.laguiadepamplona.com\\\/actualidad\\\/#\\\/schema\\\/logo\\\/image\\\/\"},\"sameAs\":[\"https:\\\/\\\/www.facebook.com\\\/laguiadepamplonacom-133175176762273\\\/?ref=hl\",\"https:\\\/\\\/x.com\\\/LaGuiadPamplona\",\"https:\\\/\\\/www.instagram.com\\\/la_guia_de_pamplona\\\/\",\"https:\\\/\\\/www.youtube.com\\\/user\\\/laguiadepamplona\"]},{\"@type\":\"Person\",\"@id\":\"https:\\\/\\\/www.laguiadepamplona.com\\\/actualidad\\\/#\\\/schema\\\/person\\\/efe887376f0213d4657c93adc50b1fdb\",\"name\":\"La Gu\u00eda de Pamplona\",\"image\":{\"@type\":\"ImageObject\",\"inLanguage\":\"es\",\"@id\":\"https:\\\/\\\/secure.gravatar.com\\\/avatar\\\/b6992f131dc8d30ab0dff15446e9d346d9dbd95992de0fef795073f5ea83a81c?s=96&d=mm&r=g\",\"url\":\"https:\\\/\\\/secure.gravatar.com\\\/avatar\\\/b6992f131dc8d30ab0dff15446e9d346d9dbd95992de0fef795073f5ea83a81c?s=96&d=mm&r=g\",\"contentUrl\":\"https:\\\/\\\/secure.gravatar.com\\\/avatar\\\/b6992f131dc8d30ab0dff15446e9d346d9dbd95992de0fef795073f5ea83a81c?s=96&d=mm&r=g\",\"caption\":\"La Gu\u00eda de Pamplona\"}}]}<\/script>\n<!-- \/ Yoast SEO plugin. -->","yoast_head_json":{"title":"El pintor Pedro Os\u00e9s presenta sus acuarelas de paisajes y monta\u00f1as en el Palacio del Condestable hasta el 1 de julio","robots":{"index":"index","follow":"follow","max-snippet":"max-snippet:-1","max-image-preview":"max-image-preview:large","max-video-preview":"max-video-preview:-1"},"canonical":"https:\/\/www.laguiadepamplona.com\/actualidad\/el-pintor-pedro-oses-presenta-sus-acuarelas-de-paisajes-y-montanas-en-el-palacio-del-condestable-hasta-el-1-de-julio\/","og_locale":"es_ES","og_type":"article","og_title":"El pintor Pedro Os\u00e9s presenta sus acuarelas de paisajes y monta\u00f1as en el Palacio del Condestable hasta el 1 de julio","og_description":"La muestra podr\u00e1 visitarse de lunes a domingo, de 11.30 a 13.30 y de 17.30 a 20.30 horas","og_url":"https:\/\/www.laguiadepamplona.com\/actualidad\/el-pintor-pedro-oses-presenta-sus-acuarelas-de-paisajes-y-montanas-en-el-palacio-del-condestable-hasta-el-1-de-julio\/","og_site_name":"La Gu\u00eda de Pamplona","article_publisher":"https:\/\/www.facebook.com\/laguiadepamplonacom-133175176762273\/?ref=hl","article_published_time":"2018-05-16T09:09:57+00:00","og_image":[{"width":950,"height":634,"url":"https:\/\/www.laguiadepamplona.com\/actualidad\/wp-content\/uploads\/2018\/05\/palacio-condestable.jpg","type":"image\/jpeg"}],"author":"La Gu\u00eda de Pamplona","twitter_card":"summary_large_image","twitter_creator":"@LaGuiadPamplona","twitter_site":"@LaGuiadPamplona","twitter_misc":{"Escrito por":"La Gu\u00eda de Pamplona","Tiempo de lectura":"3 minutos"},"schema":{"@context":"https:\/\/schema.org","@graph":[{"@type":"Article","@id":"https:\/\/www.laguiadepamplona.com\/actualidad\/el-pintor-pedro-oses-presenta-sus-acuarelas-de-paisajes-y-montanas-en-el-palacio-del-condestable-hasta-el-1-de-julio\/#article","isPartOf":{"@id":"https:\/\/www.laguiadepamplona.com\/actualidad\/el-pintor-pedro-oses-presenta-sus-acuarelas-de-paisajes-y-montanas-en-el-palacio-del-condestable-hasta-el-1-de-julio\/"},"author":{"name":"La Gu\u00eda de Pamplona","@id":"https:\/\/www.laguiadepamplona.com\/actualidad\/#\/schema\/person\/efe887376f0213d4657c93adc50b1fdb"},"headline":"El pintor Pedro Os\u00e9s presenta sus acuarelas de paisajes y monta\u00f1as en el Palacio del Condestable hasta el 1 de julio","datePublished":"2018-05-16T09:09:57+00:00","mainEntityOfPage":{"@id":"https:\/\/www.laguiadepamplona.com\/actualidad\/el-pintor-pedro-oses-presenta-sus-acuarelas-de-paisajes-y-montanas-en-el-palacio-del-condestable-hasta-el-1-de-julio\/"},"wordCount":543,"commentCount":0,"publisher":{"@id":"https:\/\/www.laguiadepamplona.com\/actualidad\/#organization"},"image":{"@id":"https:\/\/www.laguiadepamplona.com\/actualidad\/el-pintor-pedro-oses-presenta-sus-acuarelas-de-paisajes-y-montanas-en-el-palacio-del-condestable-hasta-el-1-de-julio\/#primaryimage"},"thumbnailUrl":"https:\/\/www.laguiadepamplona.com\/actualidad\/wp-content\/uploads\/2018\/05\/palacio-condestable.jpg","articleSection":["Ayto Pamplona"],"inLanguage":"es","potentialAction":[{"@type":"CommentAction","name":"Comment","target":["https:\/\/www.laguiadepamplona.com\/actualidad\/el-pintor-pedro-oses-presenta-sus-acuarelas-de-paisajes-y-montanas-en-el-palacio-del-condestable-hasta-el-1-de-julio\/#respond"]}]},{"@type":"WebPage","@id":"https:\/\/www.laguiadepamplona.com\/actualidad\/el-pintor-pedro-oses-presenta-sus-acuarelas-de-paisajes-y-montanas-en-el-palacio-del-condestable-hasta-el-1-de-julio\/","url":"https:\/\/www.laguiadepamplona.com\/actualidad\/el-pintor-pedro-oses-presenta-sus-acuarelas-de-paisajes-y-montanas-en-el-palacio-del-condestable-hasta-el-1-de-julio\/","name":"El pintor Pedro Os\u00e9s presenta sus acuarelas de paisajes y monta\u00f1as en el Palacio del Condestable hasta el 1 de julio","isPartOf":{"@id":"https:\/\/www.laguiadepamplona.com\/actualidad\/#website"},"primaryImageOfPage":{"@id":"https:\/\/www.laguiadepamplona.com\/actualidad\/el-pintor-pedro-oses-presenta-sus-acuarelas-de-paisajes-y-montanas-en-el-palacio-del-condestable-hasta-el-1-de-julio\/#primaryimage"},"image":{"@id":"https:\/\/www.laguiadepamplona.com\/actualidad\/el-pintor-pedro-oses-presenta-sus-acuarelas-de-paisajes-y-montanas-en-el-palacio-del-condestable-hasta-el-1-de-julio\/#primaryimage"},"thumbnailUrl":"https:\/\/www.laguiadepamplona.com\/actualidad\/wp-content\/uploads\/2018\/05\/palacio-condestable.jpg","datePublished":"2018-05-16T09:09:57+00:00","breadcrumb":{"@id":"https:\/\/www.laguiadepamplona.com\/actualidad\/el-pintor-pedro-oses-presenta-sus-acuarelas-de-paisajes-y-montanas-en-el-palacio-del-condestable-hasta-el-1-de-julio\/#breadcrumb"},"inLanguage":"es","potentialAction":[{"@type":"ReadAction","target":["https:\/\/www.laguiadepamplona.com\/actualidad\/el-pintor-pedro-oses-presenta-sus-acuarelas-de-paisajes-y-montanas-en-el-palacio-del-condestable-hasta-el-1-de-julio\/"]}]},{"@type":"ImageObject","inLanguage":"es","@id":"https:\/\/www.laguiadepamplona.com\/actualidad\/el-pintor-pedro-oses-presenta-sus-acuarelas-de-paisajes-y-montanas-en-el-palacio-del-condestable-hasta-el-1-de-julio\/#primaryimage","url":"https:\/\/www.laguiadepamplona.com\/actualidad\/wp-content\/uploads\/2018\/05\/palacio-condestable.jpg","contentUrl":"https:\/\/www.laguiadepamplona.com\/actualidad\/wp-content\/uploads\/2018\/05\/palacio-condestable.jpg","width":950,"height":634,"caption":"civivox condestable"},{"@type":"BreadcrumbList","@id":"https:\/\/www.laguiadepamplona.com\/actualidad\/el-pintor-pedro-oses-presenta-sus-acuarelas-de-paisajes-y-montanas-en-el-palacio-del-condestable-hasta-el-1-de-julio\/#breadcrumb","itemListElement":[{"@type":"ListItem","position":1,"name":"Portada","item":"https:\/\/www.laguiadepamplona.com\/actualidad\/"},{"@type":"ListItem","position":2,"name":"El pintor Pedro Os\u00e9s presenta sus acuarelas de paisajes y monta\u00f1as en el Palacio del Condestable hasta el 1 de julio"}]},{"@type":"WebSite","@id":"https:\/\/www.laguiadepamplona.com\/actualidad\/#website","url":"https:\/\/www.laguiadepamplona.com\/actualidad\/","name":"La gu\u00eda de Pamplona","description":"Noticias de Pamplona","publisher":{"@id":"https:\/\/www.laguiadepamplona.com\/actualidad\/#organization"},"potentialAction":[{"@type":"SearchAction","target":{"@type":"EntryPoint","urlTemplate":"https:\/\/www.laguiadepamplona.com\/actualidad\/?s={search_term_string}"},"query-input":{"@type":"PropertyValueSpecification","valueRequired":true,"valueName":"search_term_string"}}],"inLanguage":"es"},{"@type":"Organization","@id":"https:\/\/www.laguiadepamplona.com\/actualidad\/#organization","name":"La Gu\u00eda de Pamplona \/ Noticias","url":"https:\/\/www.laguiadepamplona.com\/actualidad\/","logo":{"@type":"ImageObject","inLanguage":"es","@id":"https:\/\/www.laguiadepamplona.com\/actualidad\/#\/schema\/logo\/image\/","url":"https:\/\/www.laguiadepamplona.com\/actualidad\/wp-content\/uploads\/2018\/11\/logo-laguiadepamplona18-web1.png","contentUrl":"https:\/\/www.laguiadepamplona.com\/actualidad\/wp-content\/uploads\/2018\/11\/logo-laguiadepamplona18-web1.png","width":600,"height":196,"caption":"La Gu\u00eda de Pamplona \/ Noticias"},"image":{"@id":"https:\/\/www.laguiadepamplona.com\/actualidad\/#\/schema\/logo\/image\/"},"sameAs":["https:\/\/www.facebook.com\/laguiadepamplonacom-133175176762273\/?ref=hl","https:\/\/x.com\/LaGuiadPamplona","https:\/\/www.instagram.com\/la_guia_de_pamplona\/","https:\/\/www.youtube.com\/user\/laguiadepamplona"]},{"@type":"Person","@id":"https:\/\/www.laguiadepamplona.com\/actualidad\/#\/schema\/person\/efe887376f0213d4657c93adc50b1fdb","name":"La Gu\u00eda de Pamplona","image":{"@type":"ImageObject","inLanguage":"es","@id":"https:\/\/secure.gravatar.com\/avatar\/b6992f131dc8d30ab0dff15446e9d346d9dbd95992de0fef795073f5ea83a81c?s=96&d=mm&r=g","url":"https:\/\/secure.gravatar.com\/avatar\/b6992f131dc8d30ab0dff15446e9d346d9dbd95992de0fef795073f5ea83a81c?s=96&d=mm&r=g","contentUrl":"https:\/\/secure.gravatar.com\/avatar\/b6992f131dc8d30ab0dff15446e9d346d9dbd95992de0fef795073f5ea83a81c?s=96&d=mm&r=g","caption":"La Gu\u00eda de Pamplona"}}]}},"post_mailing_queue_ids":[],"_links":{"self":[{"href":"https:\/\/www.laguiadepamplona.com\/actualidad\/wp-json\/wp\/v2\/posts\/17389","targetHints":{"allow":["GET"]}}],"collection":[{"href":"https:\/\/www.laguiadepamplona.com\/actualidad\/wp-json\/wp\/v2\/posts"}],"about":[{"href":"https:\/\/www.laguiadepamplona.com\/actualidad\/wp-json\/wp\/v2\/types\/post"}],"author":[{"embeddable":true,"href":"https:\/\/www.laguiadepamplona.com\/actualidad\/wp-json\/wp\/v2\/users\/1"}],"replies":[{"embeddable":true,"href":"https:\/\/www.laguiadepamplona.com\/actualidad\/wp-json\/wp\/v2\/comments?post=17389"}],"version-history":[{"count":0,"href":"https:\/\/www.laguiadepamplona.com\/actualidad\/wp-json\/wp\/v2\/posts\/17389\/revisions"}],"wp:featuredmedia":[{"embeddable":true,"href":"https:\/\/www.laguiadepamplona.com\/actualidad\/wp-json\/wp\/v2\/media\/17390"}],"wp:attachment":[{"href":"https:\/\/www.laguiadepamplona.com\/actualidad\/wp-json\/wp\/v2\/media?parent=17389"}],"wp:term":[{"taxonomy":"category","embeddable":true,"href":"https:\/\/www.laguiadepamplona.com\/actualidad\/wp-json\/wp\/v2\/categories?post=17389"},{"taxonomy":"post_tag","embeddable":true,"href":"https:\/\/www.laguiadepamplona.com\/actualidad\/wp-json\/wp\/v2\/tags?post=17389"}],"curies":[{"name":"wp","href":"https:\/\/api.w.org\/{rel}","templated":true}]}}