{"id":17385,"date":"2018-05-15T15:40:42","date_gmt":"2018-05-15T14:40:42","guid":{"rendered":"http:\/\/laguiadepamplona.es\/actualidad\/?p=17385"},"modified":"2018-05-15T15:40:42","modified_gmt":"2018-05-15T14:40:42","slug":"manana-comienza-la-seccion-oficial-del-festival-internacional-de-cine-y-medio-ambiente-ecozine-con-cuatro-proyecciones-gratuitas-en-golem-baiona-hasta-el-sabado","status":"publish","type":"post","link":"https:\/\/www.laguiadepamplona.com\/actualidad\/manana-comienza-la-seccion-oficial-del-festival-internacional-de-cine-y-medio-ambiente-ecozine-con-cuatro-proyecciones-gratuitas-en-golem-baiona-hasta-el-sabado\/","title":{"rendered":"Ma\u00f1ana comienza la secci\u00f3n oficial del Festival Internacional de Cine y Medio Ambiente Ecozine con cuatro proyecciones gratuitas en Golem Baiona hasta el s\u00e1bado"},"content":{"rendered":"<h3>Las sesiones tendr\u00e1n lugar a las 20 horas y contar\u00e1n con personas invitadas de cada una de las pel\u00edculas para presentarlas y comentarlas<\/h3>\n<p><!--more--><\/p>\n<p>Pamplona acoge por primera vez proyecciones del Festival Internacional de Cine y Medio Ambiente Ecozine, que desde 2008 se organiza en Zaragoza. La secci\u00f3n oficial comienza ma\u00f1ana mi\u00e9rcoles y se desarrollar\u00e1 hasta el s\u00e1bado con la proyecci\u00f3n de cuatro pel\u00edculas, a las 20 horas, en los cines Golem Baiona, con entrada gratuita. La ciudad de Pamplona se convierte en sede de un festival que, adem\u00e1s, durante la semana pasada celebr\u00f3 su \u2018Secci\u00f3n Joven\u2019, con sesiones de cortometrajes dirigidas a alumnado de ESO, ciclos formativos y Bachillerato.<\/p>\n<p>El festival Ecozine tiene como objetivo promocionar y difundir producciones audiovisuales de dif\u00edcil visionado vinculadas con el medio ambiente, buscando as\u00ed aumentar su proyecci\u00f3n nacional e internacional. En este debut en Pamplona se proyectar\u00e1n cuatro largometrajes, uno cada d\u00eda, en lo que se analizar\u00e1n problem\u00e1ticas diversas como la repercusi\u00f3n en la poblaci\u00f3n y los recursos de grandes eventos como Juegos Ol\u00edmpicos y Mundiales de F\u00fatbol, la realidad de un r\u00edo pirenaico, los efectos de una incineradora o los paisajes sonoros de Ecuador.<\/p>\n<p>Cada sesi\u00f3n, adem\u00e1s de la pel\u00edcula programada, contar\u00e1 con un encuentro con personas invitadas que comentar\u00e1n y explicar\u00e1n el devenir de cada una de las producciones, las experiencias vividas y las situaciones a las que se debieron enfrentar. Toda la informaci\u00f3n sobre el festival se puede consultar tambi\u00e9n en <a href=\"http:\/\/festivalecozine.es\/\" target=\"_blank\" rel=\"noopener\">http:\/\/festivalecozine.es<\/a>.<\/p>\n<p><strong>Programaci\u00f3n de la Secci\u00f3n Oficial<\/strong><\/p>\n<p>Abrir\u00e1 la secci\u00f3n oficial ma\u00f1ana mi\u00e9rcoles la producci\u00f3n italiana \u2018Gli Anni verde\u2019. El documental, de casi una hora de duraci\u00f3n aborda los efectos de una incineradora y la militancia de tres jubilados liderados por una antihero\u00edna, mujer, jubilada ella tambi\u00e9n, y activista. En lugar de disfrutar de sus pensiones y cuidar de sus achaques y dolores, tres ancianos inagotables barren el campo devastado por instalaciones industriales abandonadas y vertederos ilegales. La proyecci\u00f3n, que se visionar\u00e1 en italiano con subt\u00edtulos en castellano, contar\u00e1 con la presencia de la directora Chiara Bellini para presentar y comentar el largometraje.<\/p>\n<p>El jueves 17 de mayo \u2018Ara Salvaje\u2019 nos descubrir\u00e1 el \u00faltimo r\u00edo salvaje de los Pirineos. El agua del Ara es parte del ADN y la sangre de esas monta\u00f1as. Kil\u00f3metros de historias que hablan de lo que son los Pirineos y de lo que fueron. Se proyectar\u00e1 en castellano con subt\u00edtulos en euskera y contar\u00e1 con la presencia de los protagonistas del documental, Isabel Santolaria y Mart\u00edn Campoy.<\/p>\n<p>El viernes ser\u00e1 el turno de \u2018We must be dreaming\u2019, producci\u00f3n portuguesa subtitulada al castellano, que sigue la vida de tres personas afectadas por el mundial de f\u00fatbol de Brasil, entre ellas, una fotorreportera que cubr\u00eda los acontecimientos en las fabelas y las movilizaciones contra el mundial. Con la presencia del director David Bert Joris. \u00bfQu\u00e9 caminos pavimentaron la Copa Mundial de la FIFA 2014 y los Juegos Ol\u00edmpicos de R\u00edo 2016 para Brasil? Navegando a trav\u00e9s de la vida cotidiana de tres brasile\u00f1os, el documental explora c\u00f3mo los dos principales eventos deportivos del planeta han afectado las vidas de la ciudadan\u00eda de R\u00edo de Janeiro. Estar\u00e1 el propio director David Bert Joris.<\/p>\n<p>El s\u00e1bado cerrar\u00e1 las proyecciones el largometraje italiano \u2018Dusk Chorus\u2019. La pel\u00edcula retrata una parte del trabajo de David Monacchi, artista sonoro, investigador y compositor ecoac\u00fastico, que ha desarrollado el proyecto \u2018Fragments of Extinction\u2019 durante casi 15 a\u00f1os. Monacchi nos sumerge en los paisajes sonoros de la zona con la biodiversidad m\u00e1s alta del mundo, los bosques primarios de Yasun\u00ed en Ecuador. El cambio clim\u00e1tico, los trabajadores petroleros, la sequ\u00eda extrema, las tecnolog\u00edas avanzadas en la naturaleza&#8230; son solo algunos de los desaf\u00edos que Monacchi tiene que enfrentar para lograr su objetivo: grabar un paisaje sonoro para preservar este paisaje sonoro. La pel\u00edcula se proyecta en italiano, ingl\u00e9s y castellano con subt\u00edtulos en castellano. Un miembro del equipo de producci\u00f3n participar\u00e1 en la presencia de la proyecci\u00f3n.<\/p>\n<p>&nbsp;<\/p>\n<p><strong>Festival\u00a0 Internacional de Cine y Medio Ambiente Ecozine. Golem Baiona. 16-19 de mayo<\/strong><\/p>\n<ul>\n<li>Mi\u00e9rcoles 16 de mayo, 20 horas. Entrada gratuita\n<ul>\n<li>\u2018Gli Anni Verdi\u2019. Chiara Bellini<\/li>\n<li>Italia 2017. 54\u2019 35\u201d. VO italiano con subt\u00edtulos en castellano<\/li>\n<\/ul>\n<\/li>\n<li>Jueves 17 de mayo, 20 horas. Entrada gratuita\n<ul>\n<li>\u2018Ara Salvaje\u2019. Mart\u00edn Campoy<\/li>\n<li>Espa\u00f1a 2017. 52\u2019. VO castellano con subt\u00edtulos en euskera<\/li>\n<\/ul>\n<\/li>\n<li>Viernes 18 de mayo, 20 horas. Entrada gratuita\n<ul>\n<li>\u2018We must be dreaming\u2019. David Bert, Joris Dhert<\/li>\n<li>B\u00e9lgica 2016. 60\u2019. VO portugu\u00e9s con subt\u00edtulos en castellano<\/li>\n<\/ul>\n<\/li>\n<li>S\u00e1bado 19 de mayo, 20 horas. Entrada gratuita\n<ul>\n<li>\u2018Dusk Chorus\u2019. Nika Saravanja, Alessandro d\u00b4Emilia<\/li>\n<li>Italia 2017. 62\u00b4.VO italiano, ingl\u00e9s y castellano con subt\u00edtulos en castellano<\/li>\n<\/ul>\n<\/li>\n<\/ul>\n<p>&nbsp;<\/p>\n","protected":false},"excerpt":{"rendered":"<p>Las sesiones tendr\u00e1n lugar a las 20 horas y contar\u00e1n con personas invitadas de cada una de las pel\u00edculas para presentarlas y comentarlas<\/p>\n","protected":false},"author":1,"featured_media":17386,"comment_status":"open","ping_status":"closed","sticky":false,"template":"","format":"standard","meta":{"footnotes":""},"categories":[2],"tags":[],"class_list":["post-17385","post","type-post","status-publish","format-standard","has-post-thumbnail","hentry","category-ayuntamiento-pamplona"],"yoast_head":"<!-- This site is optimized with the Yoast SEO plugin v27.3 - https:\/\/yoast.com\/product\/yoast-seo-wordpress\/ -->\n<title>Ma\u00f1ana comienza la secci\u00f3n oficial del Festival Internacional de Cine y Medio Ambiente Ecozine con cuatro proyecciones gratuitas en Golem Baiona hasta el s\u00e1bado<\/title>\n<meta name=\"robots\" content=\"index, follow, max-snippet:-1, max-image-preview:large, max-video-preview:-1\" \/>\n<link rel=\"canonical\" href=\"https:\/\/www.laguiadepamplona.com\/actualidad\/manana-comienza-la-seccion-oficial-del-festival-internacional-de-cine-y-medio-ambiente-ecozine-con-cuatro-proyecciones-gratuitas-en-golem-baiona-hasta-el-sabado\/\" \/>\n<meta property=\"og:locale\" content=\"es_ES\" \/>\n<meta property=\"og:type\" content=\"article\" \/>\n<meta property=\"og:title\" content=\"Ma\u00f1ana comienza la secci\u00f3n oficial del Festival Internacional de Cine y Medio Ambiente Ecozine con cuatro proyecciones gratuitas en Golem Baiona hasta el s\u00e1bado\" \/>\n<meta property=\"og:description\" content=\"Las sesiones tendr\u00e1n lugar a las 20 horas y contar\u00e1n con personas invitadas de cada una de las pel\u00edculas para presentarlas y comentarlas\" \/>\n<meta property=\"og:url\" content=\"https:\/\/www.laguiadepamplona.com\/actualidad\/manana-comienza-la-seccion-oficial-del-festival-internacional-de-cine-y-medio-ambiente-ecozine-con-cuatro-proyecciones-gratuitas-en-golem-baiona-hasta-el-sabado\/\" \/>\n<meta property=\"og:site_name\" content=\"La Gu\u00eda de Pamplona\" \/>\n<meta property=\"article:publisher\" content=\"https:\/\/www.facebook.com\/laguiadepamplonacom-133175176762273\/?ref=hl\" \/>\n<meta property=\"article:published_time\" content=\"2018-05-15T14:40:42+00:00\" \/>\n<meta property=\"og:image\" content=\"https:\/\/www.laguiadepamplona.com\/actualidad\/wp-content\/uploads\/2018\/05\/ecozine.jpg\" \/>\n\t<meta property=\"og:image:width\" content=\"1000\" \/>\n\t<meta property=\"og:image:height\" content=\"708\" \/>\n\t<meta property=\"og:image:type\" content=\"image\/jpeg\" \/>\n<meta name=\"author\" content=\"La Gu\u00eda de Pamplona\" \/>\n<meta name=\"twitter:card\" content=\"summary_large_image\" \/>\n<meta name=\"twitter:creator\" content=\"@LaGuiadPamplona\" \/>\n<meta name=\"twitter:site\" content=\"@LaGuiadPamplona\" \/>\n<meta name=\"twitter:label1\" content=\"Escrito por\" \/>\n\t<meta name=\"twitter:data1\" content=\"La Gu\u00eda de Pamplona\" \/>\n\t<meta name=\"twitter:label2\" content=\"Tiempo de lectura\" \/>\n\t<meta name=\"twitter:data2\" content=\"4 minutos\" \/>\n<script type=\"application\/ld+json\" class=\"yoast-schema-graph\">{\"@context\":\"https:\\\/\\\/schema.org\",\"@graph\":[{\"@type\":\"Article\",\"@id\":\"https:\\\/\\\/www.laguiadepamplona.com\\\/actualidad\\\/manana-comienza-la-seccion-oficial-del-festival-internacional-de-cine-y-medio-ambiente-ecozine-con-cuatro-proyecciones-gratuitas-en-golem-baiona-hasta-el-sabado\\\/#article\",\"isPartOf\":{\"@id\":\"https:\\\/\\\/www.laguiadepamplona.com\\\/actualidad\\\/manana-comienza-la-seccion-oficial-del-festival-internacional-de-cine-y-medio-ambiente-ecozine-con-cuatro-proyecciones-gratuitas-en-golem-baiona-hasta-el-sabado\\\/\"},\"author\":{\"name\":\"La Gu\u00eda de Pamplona\",\"@id\":\"https:\\\/\\\/www.laguiadepamplona.com\\\/actualidad\\\/#\\\/schema\\\/person\\\/efe887376f0213d4657c93adc50b1fdb\"},\"headline\":\"Ma\u00f1ana comienza la secci\u00f3n oficial del Festival Internacional de Cine y Medio Ambiente Ecozine con cuatro proyecciones gratuitas en Golem Baiona hasta el s\u00e1bado\",\"datePublished\":\"2018-05-15T14:40:42+00:00\",\"mainEntityOfPage\":{\"@id\":\"https:\\\/\\\/www.laguiadepamplona.com\\\/actualidad\\\/manana-comienza-la-seccion-oficial-del-festival-internacional-de-cine-y-medio-ambiente-ecozine-con-cuatro-proyecciones-gratuitas-en-golem-baiona-hasta-el-sabado\\\/\"},\"wordCount\":847,\"commentCount\":0,\"publisher\":{\"@id\":\"https:\\\/\\\/www.laguiadepamplona.com\\\/actualidad\\\/#organization\"},\"image\":{\"@id\":\"https:\\\/\\\/www.laguiadepamplona.com\\\/actualidad\\\/manana-comienza-la-seccion-oficial-del-festival-internacional-de-cine-y-medio-ambiente-ecozine-con-cuatro-proyecciones-gratuitas-en-golem-baiona-hasta-el-sabado\\\/#primaryimage\"},\"thumbnailUrl\":\"https:\\\/\\\/www.laguiadepamplona.com\\\/actualidad\\\/wp-content\\\/uploads\\\/2018\\\/05\\\/ecozine.jpg\",\"articleSection\":[\"Ayto Pamplona\"],\"inLanguage\":\"es\",\"potentialAction\":[{\"@type\":\"CommentAction\",\"name\":\"Comment\",\"target\":[\"https:\\\/\\\/www.laguiadepamplona.com\\\/actualidad\\\/manana-comienza-la-seccion-oficial-del-festival-internacional-de-cine-y-medio-ambiente-ecozine-con-cuatro-proyecciones-gratuitas-en-golem-baiona-hasta-el-sabado\\\/#respond\"]}]},{\"@type\":\"WebPage\",\"@id\":\"https:\\\/\\\/www.laguiadepamplona.com\\\/actualidad\\\/manana-comienza-la-seccion-oficial-del-festival-internacional-de-cine-y-medio-ambiente-ecozine-con-cuatro-proyecciones-gratuitas-en-golem-baiona-hasta-el-sabado\\\/\",\"url\":\"https:\\\/\\\/www.laguiadepamplona.com\\\/actualidad\\\/manana-comienza-la-seccion-oficial-del-festival-internacional-de-cine-y-medio-ambiente-ecozine-con-cuatro-proyecciones-gratuitas-en-golem-baiona-hasta-el-sabado\\\/\",\"name\":\"Ma\u00f1ana comienza la secci\u00f3n oficial del Festival Internacional de Cine y Medio Ambiente Ecozine con cuatro proyecciones gratuitas en Golem Baiona hasta el s\u00e1bado\",\"isPartOf\":{\"@id\":\"https:\\\/\\\/www.laguiadepamplona.com\\\/actualidad\\\/#website\"},\"primaryImageOfPage\":{\"@id\":\"https:\\\/\\\/www.laguiadepamplona.com\\\/actualidad\\\/manana-comienza-la-seccion-oficial-del-festival-internacional-de-cine-y-medio-ambiente-ecozine-con-cuatro-proyecciones-gratuitas-en-golem-baiona-hasta-el-sabado\\\/#primaryimage\"},\"image\":{\"@id\":\"https:\\\/\\\/www.laguiadepamplona.com\\\/actualidad\\\/manana-comienza-la-seccion-oficial-del-festival-internacional-de-cine-y-medio-ambiente-ecozine-con-cuatro-proyecciones-gratuitas-en-golem-baiona-hasta-el-sabado\\\/#primaryimage\"},\"thumbnailUrl\":\"https:\\\/\\\/www.laguiadepamplona.com\\\/actualidad\\\/wp-content\\\/uploads\\\/2018\\\/05\\\/ecozine.jpg\",\"datePublished\":\"2018-05-15T14:40:42+00:00\",\"breadcrumb\":{\"@id\":\"https:\\\/\\\/www.laguiadepamplona.com\\\/actualidad\\\/manana-comienza-la-seccion-oficial-del-festival-internacional-de-cine-y-medio-ambiente-ecozine-con-cuatro-proyecciones-gratuitas-en-golem-baiona-hasta-el-sabado\\\/#breadcrumb\"},\"inLanguage\":\"es\",\"potentialAction\":[{\"@type\":\"ReadAction\",\"target\":[\"https:\\\/\\\/www.laguiadepamplona.com\\\/actualidad\\\/manana-comienza-la-seccion-oficial-del-festival-internacional-de-cine-y-medio-ambiente-ecozine-con-cuatro-proyecciones-gratuitas-en-golem-baiona-hasta-el-sabado\\\/\"]}]},{\"@type\":\"ImageObject\",\"inLanguage\":\"es\",\"@id\":\"https:\\\/\\\/www.laguiadepamplona.com\\\/actualidad\\\/manana-comienza-la-seccion-oficial-del-festival-internacional-de-cine-y-medio-ambiente-ecozine-con-cuatro-proyecciones-gratuitas-en-golem-baiona-hasta-el-sabado\\\/#primaryimage\",\"url\":\"https:\\\/\\\/www.laguiadepamplona.com\\\/actualidad\\\/wp-content\\\/uploads\\\/2018\\\/05\\\/ecozine.jpg\",\"contentUrl\":\"https:\\\/\\\/www.laguiadepamplona.com\\\/actualidad\\\/wp-content\\\/uploads\\\/2018\\\/05\\\/ecozine.jpg\",\"width\":1000,\"height\":708},{\"@type\":\"BreadcrumbList\",\"@id\":\"https:\\\/\\\/www.laguiadepamplona.com\\\/actualidad\\\/manana-comienza-la-seccion-oficial-del-festival-internacional-de-cine-y-medio-ambiente-ecozine-con-cuatro-proyecciones-gratuitas-en-golem-baiona-hasta-el-sabado\\\/#breadcrumb\",\"itemListElement\":[{\"@type\":\"ListItem\",\"position\":1,\"name\":\"Portada\",\"item\":\"https:\\\/\\\/www.laguiadepamplona.com\\\/actualidad\\\/\"},{\"@type\":\"ListItem\",\"position\":2,\"name\":\"Ma\u00f1ana comienza la secci\u00f3n oficial del Festival Internacional de Cine y Medio Ambiente Ecozine con cuatro proyecciones gratuitas en Golem Baiona hasta el s\u00e1bado\"}]},{\"@type\":\"WebSite\",\"@id\":\"https:\\\/\\\/www.laguiadepamplona.com\\\/actualidad\\\/#website\",\"url\":\"https:\\\/\\\/www.laguiadepamplona.com\\\/actualidad\\\/\",\"name\":\"La gu\u00eda de Pamplona\",\"description\":\"Noticias de Pamplona\",\"publisher\":{\"@id\":\"https:\\\/\\\/www.laguiadepamplona.com\\\/actualidad\\\/#organization\"},\"potentialAction\":[{\"@type\":\"SearchAction\",\"target\":{\"@type\":\"EntryPoint\",\"urlTemplate\":\"https:\\\/\\\/www.laguiadepamplona.com\\\/actualidad\\\/?s={search_term_string}\"},\"query-input\":{\"@type\":\"PropertyValueSpecification\",\"valueRequired\":true,\"valueName\":\"search_term_string\"}}],\"inLanguage\":\"es\"},{\"@type\":\"Organization\",\"@id\":\"https:\\\/\\\/www.laguiadepamplona.com\\\/actualidad\\\/#organization\",\"name\":\"La Gu\u00eda de Pamplona \\\/ Noticias\",\"url\":\"https:\\\/\\\/www.laguiadepamplona.com\\\/actualidad\\\/\",\"logo\":{\"@type\":\"ImageObject\",\"inLanguage\":\"es\",\"@id\":\"https:\\\/\\\/www.laguiadepamplona.com\\\/actualidad\\\/#\\\/schema\\\/logo\\\/image\\\/\",\"url\":\"https:\\\/\\\/www.laguiadepamplona.com\\\/actualidad\\\/wp-content\\\/uploads\\\/2018\\\/11\\\/logo-laguiadepamplona18-web1.png\",\"contentUrl\":\"https:\\\/\\\/www.laguiadepamplona.com\\\/actualidad\\\/wp-content\\\/uploads\\\/2018\\\/11\\\/logo-laguiadepamplona18-web1.png\",\"width\":600,\"height\":196,\"caption\":\"La Gu\u00eda de Pamplona \\\/ Noticias\"},\"image\":{\"@id\":\"https:\\\/\\\/www.laguiadepamplona.com\\\/actualidad\\\/#\\\/schema\\\/logo\\\/image\\\/\"},\"sameAs\":[\"https:\\\/\\\/www.facebook.com\\\/laguiadepamplonacom-133175176762273\\\/?ref=hl\",\"https:\\\/\\\/x.com\\\/LaGuiadPamplona\",\"https:\\\/\\\/www.instagram.com\\\/la_guia_de_pamplona\\\/\",\"https:\\\/\\\/www.youtube.com\\\/user\\\/laguiadepamplona\"]},{\"@type\":\"Person\",\"@id\":\"https:\\\/\\\/www.laguiadepamplona.com\\\/actualidad\\\/#\\\/schema\\\/person\\\/efe887376f0213d4657c93adc50b1fdb\",\"name\":\"La Gu\u00eda de Pamplona\",\"image\":{\"@type\":\"ImageObject\",\"inLanguage\":\"es\",\"@id\":\"https:\\\/\\\/secure.gravatar.com\\\/avatar\\\/b6992f131dc8d30ab0dff15446e9d346d9dbd95992de0fef795073f5ea83a81c?s=96&d=mm&r=g\",\"url\":\"https:\\\/\\\/secure.gravatar.com\\\/avatar\\\/b6992f131dc8d30ab0dff15446e9d346d9dbd95992de0fef795073f5ea83a81c?s=96&d=mm&r=g\",\"contentUrl\":\"https:\\\/\\\/secure.gravatar.com\\\/avatar\\\/b6992f131dc8d30ab0dff15446e9d346d9dbd95992de0fef795073f5ea83a81c?s=96&d=mm&r=g\",\"caption\":\"La Gu\u00eda de Pamplona\"}}]}<\/script>\n<!-- \/ Yoast SEO plugin. -->","yoast_head_json":{"title":"Ma\u00f1ana comienza la secci\u00f3n oficial del Festival Internacional de Cine y Medio Ambiente Ecozine con cuatro proyecciones gratuitas en Golem Baiona hasta el s\u00e1bado","robots":{"index":"index","follow":"follow","max-snippet":"max-snippet:-1","max-image-preview":"max-image-preview:large","max-video-preview":"max-video-preview:-1"},"canonical":"https:\/\/www.laguiadepamplona.com\/actualidad\/manana-comienza-la-seccion-oficial-del-festival-internacional-de-cine-y-medio-ambiente-ecozine-con-cuatro-proyecciones-gratuitas-en-golem-baiona-hasta-el-sabado\/","og_locale":"es_ES","og_type":"article","og_title":"Ma\u00f1ana comienza la secci\u00f3n oficial del Festival Internacional de Cine y Medio Ambiente Ecozine con cuatro proyecciones gratuitas en Golem Baiona hasta el s\u00e1bado","og_description":"Las sesiones tendr\u00e1n lugar a las 20 horas y contar\u00e1n con personas invitadas de cada una de las pel\u00edculas para presentarlas y comentarlas","og_url":"https:\/\/www.laguiadepamplona.com\/actualidad\/manana-comienza-la-seccion-oficial-del-festival-internacional-de-cine-y-medio-ambiente-ecozine-con-cuatro-proyecciones-gratuitas-en-golem-baiona-hasta-el-sabado\/","og_site_name":"La Gu\u00eda de Pamplona","article_publisher":"https:\/\/www.facebook.com\/laguiadepamplonacom-133175176762273\/?ref=hl","article_published_time":"2018-05-15T14:40:42+00:00","og_image":[{"width":1000,"height":708,"url":"https:\/\/www.laguiadepamplona.com\/actualidad\/wp-content\/uploads\/2018\/05\/ecozine.jpg","type":"image\/jpeg"}],"author":"La Gu\u00eda de Pamplona","twitter_card":"summary_large_image","twitter_creator":"@LaGuiadPamplona","twitter_site":"@LaGuiadPamplona","twitter_misc":{"Escrito por":"La Gu\u00eda de Pamplona","Tiempo de lectura":"4 minutos"},"schema":{"@context":"https:\/\/schema.org","@graph":[{"@type":"Article","@id":"https:\/\/www.laguiadepamplona.com\/actualidad\/manana-comienza-la-seccion-oficial-del-festival-internacional-de-cine-y-medio-ambiente-ecozine-con-cuatro-proyecciones-gratuitas-en-golem-baiona-hasta-el-sabado\/#article","isPartOf":{"@id":"https:\/\/www.laguiadepamplona.com\/actualidad\/manana-comienza-la-seccion-oficial-del-festival-internacional-de-cine-y-medio-ambiente-ecozine-con-cuatro-proyecciones-gratuitas-en-golem-baiona-hasta-el-sabado\/"},"author":{"name":"La Gu\u00eda de Pamplona","@id":"https:\/\/www.laguiadepamplona.com\/actualidad\/#\/schema\/person\/efe887376f0213d4657c93adc50b1fdb"},"headline":"Ma\u00f1ana comienza la secci\u00f3n oficial del Festival Internacional de Cine y Medio Ambiente Ecozine con cuatro proyecciones gratuitas en Golem Baiona hasta el s\u00e1bado","datePublished":"2018-05-15T14:40:42+00:00","mainEntityOfPage":{"@id":"https:\/\/www.laguiadepamplona.com\/actualidad\/manana-comienza-la-seccion-oficial-del-festival-internacional-de-cine-y-medio-ambiente-ecozine-con-cuatro-proyecciones-gratuitas-en-golem-baiona-hasta-el-sabado\/"},"wordCount":847,"commentCount":0,"publisher":{"@id":"https:\/\/www.laguiadepamplona.com\/actualidad\/#organization"},"image":{"@id":"https:\/\/www.laguiadepamplona.com\/actualidad\/manana-comienza-la-seccion-oficial-del-festival-internacional-de-cine-y-medio-ambiente-ecozine-con-cuatro-proyecciones-gratuitas-en-golem-baiona-hasta-el-sabado\/#primaryimage"},"thumbnailUrl":"https:\/\/www.laguiadepamplona.com\/actualidad\/wp-content\/uploads\/2018\/05\/ecozine.jpg","articleSection":["Ayto Pamplona"],"inLanguage":"es","potentialAction":[{"@type":"CommentAction","name":"Comment","target":["https:\/\/www.laguiadepamplona.com\/actualidad\/manana-comienza-la-seccion-oficial-del-festival-internacional-de-cine-y-medio-ambiente-ecozine-con-cuatro-proyecciones-gratuitas-en-golem-baiona-hasta-el-sabado\/#respond"]}]},{"@type":"WebPage","@id":"https:\/\/www.laguiadepamplona.com\/actualidad\/manana-comienza-la-seccion-oficial-del-festival-internacional-de-cine-y-medio-ambiente-ecozine-con-cuatro-proyecciones-gratuitas-en-golem-baiona-hasta-el-sabado\/","url":"https:\/\/www.laguiadepamplona.com\/actualidad\/manana-comienza-la-seccion-oficial-del-festival-internacional-de-cine-y-medio-ambiente-ecozine-con-cuatro-proyecciones-gratuitas-en-golem-baiona-hasta-el-sabado\/","name":"Ma\u00f1ana comienza la secci\u00f3n oficial del Festival Internacional de Cine y Medio Ambiente Ecozine con cuatro proyecciones gratuitas en Golem Baiona hasta el s\u00e1bado","isPartOf":{"@id":"https:\/\/www.laguiadepamplona.com\/actualidad\/#website"},"primaryImageOfPage":{"@id":"https:\/\/www.laguiadepamplona.com\/actualidad\/manana-comienza-la-seccion-oficial-del-festival-internacional-de-cine-y-medio-ambiente-ecozine-con-cuatro-proyecciones-gratuitas-en-golem-baiona-hasta-el-sabado\/#primaryimage"},"image":{"@id":"https:\/\/www.laguiadepamplona.com\/actualidad\/manana-comienza-la-seccion-oficial-del-festival-internacional-de-cine-y-medio-ambiente-ecozine-con-cuatro-proyecciones-gratuitas-en-golem-baiona-hasta-el-sabado\/#primaryimage"},"thumbnailUrl":"https:\/\/www.laguiadepamplona.com\/actualidad\/wp-content\/uploads\/2018\/05\/ecozine.jpg","datePublished":"2018-05-15T14:40:42+00:00","breadcrumb":{"@id":"https:\/\/www.laguiadepamplona.com\/actualidad\/manana-comienza-la-seccion-oficial-del-festival-internacional-de-cine-y-medio-ambiente-ecozine-con-cuatro-proyecciones-gratuitas-en-golem-baiona-hasta-el-sabado\/#breadcrumb"},"inLanguage":"es","potentialAction":[{"@type":"ReadAction","target":["https:\/\/www.laguiadepamplona.com\/actualidad\/manana-comienza-la-seccion-oficial-del-festival-internacional-de-cine-y-medio-ambiente-ecozine-con-cuatro-proyecciones-gratuitas-en-golem-baiona-hasta-el-sabado\/"]}]},{"@type":"ImageObject","inLanguage":"es","@id":"https:\/\/www.laguiadepamplona.com\/actualidad\/manana-comienza-la-seccion-oficial-del-festival-internacional-de-cine-y-medio-ambiente-ecozine-con-cuatro-proyecciones-gratuitas-en-golem-baiona-hasta-el-sabado\/#primaryimage","url":"https:\/\/www.laguiadepamplona.com\/actualidad\/wp-content\/uploads\/2018\/05\/ecozine.jpg","contentUrl":"https:\/\/www.laguiadepamplona.com\/actualidad\/wp-content\/uploads\/2018\/05\/ecozine.jpg","width":1000,"height":708},{"@type":"BreadcrumbList","@id":"https:\/\/www.laguiadepamplona.com\/actualidad\/manana-comienza-la-seccion-oficial-del-festival-internacional-de-cine-y-medio-ambiente-ecozine-con-cuatro-proyecciones-gratuitas-en-golem-baiona-hasta-el-sabado\/#breadcrumb","itemListElement":[{"@type":"ListItem","position":1,"name":"Portada","item":"https:\/\/www.laguiadepamplona.com\/actualidad\/"},{"@type":"ListItem","position":2,"name":"Ma\u00f1ana comienza la secci\u00f3n oficial del Festival Internacional de Cine y Medio Ambiente Ecozine con cuatro proyecciones gratuitas en Golem Baiona hasta el s\u00e1bado"}]},{"@type":"WebSite","@id":"https:\/\/www.laguiadepamplona.com\/actualidad\/#website","url":"https:\/\/www.laguiadepamplona.com\/actualidad\/","name":"La gu\u00eda de Pamplona","description":"Noticias de Pamplona","publisher":{"@id":"https:\/\/www.laguiadepamplona.com\/actualidad\/#organization"},"potentialAction":[{"@type":"SearchAction","target":{"@type":"EntryPoint","urlTemplate":"https:\/\/www.laguiadepamplona.com\/actualidad\/?s={search_term_string}"},"query-input":{"@type":"PropertyValueSpecification","valueRequired":true,"valueName":"search_term_string"}}],"inLanguage":"es"},{"@type":"Organization","@id":"https:\/\/www.laguiadepamplona.com\/actualidad\/#organization","name":"La Gu\u00eda de Pamplona \/ Noticias","url":"https:\/\/www.laguiadepamplona.com\/actualidad\/","logo":{"@type":"ImageObject","inLanguage":"es","@id":"https:\/\/www.laguiadepamplona.com\/actualidad\/#\/schema\/logo\/image\/","url":"https:\/\/www.laguiadepamplona.com\/actualidad\/wp-content\/uploads\/2018\/11\/logo-laguiadepamplona18-web1.png","contentUrl":"https:\/\/www.laguiadepamplona.com\/actualidad\/wp-content\/uploads\/2018\/11\/logo-laguiadepamplona18-web1.png","width":600,"height":196,"caption":"La Gu\u00eda de Pamplona \/ Noticias"},"image":{"@id":"https:\/\/www.laguiadepamplona.com\/actualidad\/#\/schema\/logo\/image\/"},"sameAs":["https:\/\/www.facebook.com\/laguiadepamplonacom-133175176762273\/?ref=hl","https:\/\/x.com\/LaGuiadPamplona","https:\/\/www.instagram.com\/la_guia_de_pamplona\/","https:\/\/www.youtube.com\/user\/laguiadepamplona"]},{"@type":"Person","@id":"https:\/\/www.laguiadepamplona.com\/actualidad\/#\/schema\/person\/efe887376f0213d4657c93adc50b1fdb","name":"La Gu\u00eda de Pamplona","image":{"@type":"ImageObject","inLanguage":"es","@id":"https:\/\/secure.gravatar.com\/avatar\/b6992f131dc8d30ab0dff15446e9d346d9dbd95992de0fef795073f5ea83a81c?s=96&d=mm&r=g","url":"https:\/\/secure.gravatar.com\/avatar\/b6992f131dc8d30ab0dff15446e9d346d9dbd95992de0fef795073f5ea83a81c?s=96&d=mm&r=g","contentUrl":"https:\/\/secure.gravatar.com\/avatar\/b6992f131dc8d30ab0dff15446e9d346d9dbd95992de0fef795073f5ea83a81c?s=96&d=mm&r=g","caption":"La Gu\u00eda de Pamplona"}}]}},"post_mailing_queue_ids":[],"_links":{"self":[{"href":"https:\/\/www.laguiadepamplona.com\/actualidad\/wp-json\/wp\/v2\/posts\/17385","targetHints":{"allow":["GET"]}}],"collection":[{"href":"https:\/\/www.laguiadepamplona.com\/actualidad\/wp-json\/wp\/v2\/posts"}],"about":[{"href":"https:\/\/www.laguiadepamplona.com\/actualidad\/wp-json\/wp\/v2\/types\/post"}],"author":[{"embeddable":true,"href":"https:\/\/www.laguiadepamplona.com\/actualidad\/wp-json\/wp\/v2\/users\/1"}],"replies":[{"embeddable":true,"href":"https:\/\/www.laguiadepamplona.com\/actualidad\/wp-json\/wp\/v2\/comments?post=17385"}],"version-history":[{"count":0,"href":"https:\/\/www.laguiadepamplona.com\/actualidad\/wp-json\/wp\/v2\/posts\/17385\/revisions"}],"wp:featuredmedia":[{"embeddable":true,"href":"https:\/\/www.laguiadepamplona.com\/actualidad\/wp-json\/wp\/v2\/media\/17386"}],"wp:attachment":[{"href":"https:\/\/www.laguiadepamplona.com\/actualidad\/wp-json\/wp\/v2\/media?parent=17385"}],"wp:term":[{"taxonomy":"category","embeddable":true,"href":"https:\/\/www.laguiadepamplona.com\/actualidad\/wp-json\/wp\/v2\/categories?post=17385"},{"taxonomy":"post_tag","embeddable":true,"href":"https:\/\/www.laguiadepamplona.com\/actualidad\/wp-json\/wp\/v2\/tags?post=17385"}],"curies":[{"name":"wp","href":"https:\/\/api.w.org\/{rel}","templated":true}]}}