{"id":17378,"date":"2018-05-15T14:27:46","date_gmt":"2018-05-15T13:27:46","guid":{"rendered":"http:\/\/laguiadepamplona.es\/actualidad\/?p=17378"},"modified":"2018-05-15T14:27:46","modified_gmt":"2018-05-15T13:27:46","slug":"el-servicio-de-informacion-y-recursos-para-la-participacion-ubicado-en-zentro-espacio-colaborativo-ampliara-sus-servicios-y-contara-con-asesoria-juridica","status":"publish","type":"post","link":"https:\/\/www.laguiadepamplona.com\/actualidad\/el-servicio-de-informacion-y-recursos-para-la-participacion-ubicado-en-zentro-espacio-colaborativo-ampliara-sus-servicios-y-contara-con-asesoria-juridica\/","title":{"rendered":"El Servicio de Informaci\u00f3n y Recursos para la Participaci\u00f3n ubicado en Zentro Espacio Colaborativo ampliar\u00e1 sus servicios y contar\u00e1 con asesor\u00eda jur\u00eddica"},"content":{"rendered":"<h3>La Junta de Gobierno local adjudica el contrato de asistencia hasta 2022 por 530.000 euros de un servicio ubicado en la 2\u00aa planta de Condestable<\/h3>\n<p><!--more--><\/p>\n<p>El Servicio de Informaci\u00f3n y Recursos para la Participaci\u00f3n (SIRP) del Ayuntamiento de Pamplona ubicado en Zentro Espacio Colaborativo ampliar\u00e1 sus servicios y contar\u00e1 con asesor\u00eda jur\u00eddica tras la nueva adjudicaci\u00f3n aprobada hoy por la Junta de Gobierno Local. La adjudicaci\u00f3n ha sido a favor de Sedena S.L. por un importe de 530.139,71 euros hasta el 30 de abril de 2022, siendo el gasto para 2018 de 77.311,99 euros. El precio de licitaci\u00f3n era de 623.693,85 euros por lo que ha habido una rebaja del 15%.<\/p>\n<p>Zentro Espacio Colaborativo se ubica en la 2\u00aa planta de Civivox Condestable en la calle Mayor, 2 y abri\u00f3 sus puertas en abril de 2017 con el objetivo de facilitar a las asociaciones y a la ciudadan\u00eda en general informaci\u00f3n, recursos y formaci\u00f3n para el desarrollo de la participaci\u00f3n individual y colectiva en la ciudad. Zentro ha realizado, en su primer a\u00f1o abierto al p\u00fablico, 2.669 atenciones presenciales sobre informaci\u00f3n en participaci\u00f3n y 631 consultas t\u00e9cnicas de asociaciones. Pone a disposici\u00f3n de entidades 2 aulas multiuso para actividades o formaci\u00f3n que fueron cedidas en 454 ocasiones.<\/p>\n<p><strong>Informaci\u00f3n, biblioteca, formaci\u00f3n y asesor\u00eda jur\u00eddica<\/strong><\/p>\n<p>Permanece abierto de lunes a viernes en horario de ma\u00f1ana y tarde. Tambi\u00e9n se puede contactar a trav\u00e9s del tel\u00e9fono 948420266 y de los correos electr\u00f3nicos informacion.participacion@pamplona.es y <a href=\"mailto:biblioteca.participacion@pamplona.es\">biblioteca.participacion@pamplona.es<\/a>. Adem\u00e1s del SIRP acoge la Biblioteca con el Centro Documental, la Asesor\u00eda t\u00e9cnica legal y en participaci\u00f3n y la Escuela Municipal de Empoderamiento y Participaci\u00f3n (EMEP). A estos servicios se a\u00f1ade ahora la asesor\u00eda jur\u00eddica de participaci\u00f3n, pudiendo contactar con \u00e9sta a trav\u00e9s del correo electr\u00f3nico asesoria.participacion@pamplona.es.<\/p>\n<p>El Servicio de Informaci\u00f3n y Recursos para la Participaci\u00f3n se encarga de atender a la ciudadan\u00eda en temas relacionados con el asociacionismo, y la participaci\u00f3n. Distribuye informaci\u00f3n especializada de inter\u00e9s social, tanto de forma presencial como online y realiza actuaciones que promueven la participaci\u00f3n, el voluntariado y el asociacionismo. Cuenta con 3 herramientas de informaci\u00f3n, participaci\u00f3n y asociacionismo online: la plataforma digital Erabaki para la participaci\u00f3n ciudadana (<a href=\"http:\/\/www.erabaki.pamplona.es\/\" target=\"_blank\" rel=\"noopener\">http:\/\/www.erabaki.pamplona.es\/<\/a>), la web del \u00c1rea de Participaci\u00f3n Ciudadana y Empoderamiento Social (<a href=\"http:\/\/participa.pamplona.es\/\" target=\"_blank\" rel=\"noopener\">http:\/\/participa.pamplona.es\/<\/a>) y un portal web asociativo municipal (<a href=\"http:\/\/www.asociaciones.pamplona.es\/\" target=\"_blank\" rel=\"noopener\">http:\/\/www.asociaciones.pamplona.es\/<\/a>) donde las asociaciones pueden incorporar informaci\u00f3n de inter\u00e9s.<\/p>\n<p>Desde enero de 2018 se han realizado 1.162 atenciones (tel\u00e9fonicas, presenciales y v\u00eda correo electr\u00f3nico) y se han recibido m\u00e1s de 100 peticiones de atenci\u00f3n en asesor\u00eda jur\u00eddica. Por su parte el servicio de Biblioteca y Centro Documental cuenta con un fondo documental especializado en temas de empoderamiento social y participaci\u00f3n, en el que se oferta el pr\u00e9stamo individual y colectivo de libros, documentos, audiovisuales y multimedia; servicio de informaci\u00f3n y atenci\u00f3n al usuario; cat\u00e1logos y acceso a documentos; \u00e1rea de consulta y lectura; servicio de internet; y otro tipo de actuaciones relacionadas con el fomento de la biblioteca y centro documental. El fondo bibliogr\u00e1fico especializado alcanza 1.225 documentos (libros y pel\u00edculas documentales) y est\u00e1 integrada en la Red de Bibliotecas P\u00fablicas de Navarra.<\/p>\n<p>La Escuela Municipal de Empoderamiento y Participaci\u00f3n (EMEP) ha organizado desde abril de 2017 hasta marzo de 2018, 47 cursos dirigidos a la ciudadan\u00eda, asociaciones y colectivos en los que se han inscrito mas de 800 personas. Dicha formaci\u00f3n se ha impartido por mas de 30 personas facilitadoras.<\/p>\n<p>&nbsp;<\/p>\n","protected":false},"excerpt":{"rendered":"<p>La Junta de Gobierno local adjudica el contrato de asistencia hasta 2022 por 530.000 euros de un servicio ubicado en la 2\u00aa planta de Condestable<\/p>\n","protected":false},"author":1,"featured_media":10979,"comment_status":"open","ping_status":"closed","sticky":false,"template":"","format":"standard","meta":{"footnotes":""},"categories":[2],"tags":[],"class_list":["post-17378","post","type-post","status-publish","format-standard","has-post-thumbnail","hentry","category-ayuntamiento-pamplona"],"yoast_head":"<!-- This site is optimized with the Yoast SEO plugin v27.3 - https:\/\/yoast.com\/product\/yoast-seo-wordpress\/ -->\n<title>El Servicio de Informaci\u00f3n y Recursos para la Participaci\u00f3n ubicado en Zentro Espacio Colaborativo ampliar\u00e1 sus servicios y contar\u00e1 con asesor\u00eda jur\u00eddica<\/title>\n<meta name=\"robots\" content=\"index, follow, max-snippet:-1, max-image-preview:large, max-video-preview:-1\" \/>\n<link rel=\"canonical\" href=\"https:\/\/www.laguiadepamplona.com\/actualidad\/el-servicio-de-informacion-y-recursos-para-la-participacion-ubicado-en-zentro-espacio-colaborativo-ampliara-sus-servicios-y-contara-con-asesoria-juridica\/\" \/>\n<meta property=\"og:locale\" content=\"es_ES\" \/>\n<meta property=\"og:type\" content=\"article\" \/>\n<meta property=\"og:title\" content=\"El Servicio de Informaci\u00f3n y Recursos para la Participaci\u00f3n ubicado en Zentro Espacio Colaborativo ampliar\u00e1 sus servicios y contar\u00e1 con asesor\u00eda jur\u00eddica\" \/>\n<meta property=\"og:description\" content=\"La Junta de Gobierno local adjudica el contrato de asistencia hasta 2022 por 530.000 euros de un servicio ubicado en la 2\u00aa planta de Condestable\" \/>\n<meta property=\"og:url\" content=\"https:\/\/www.laguiadepamplona.com\/actualidad\/el-servicio-de-informacion-y-recursos-para-la-participacion-ubicado-en-zentro-espacio-colaborativo-ampliara-sus-servicios-y-contara-con-asesoria-juridica\/\" \/>\n<meta property=\"og:site_name\" content=\"La Gu\u00eda de Pamplona\" \/>\n<meta property=\"article:publisher\" content=\"https:\/\/www.facebook.com\/laguiadepamplonacom-133175176762273\/?ref=hl\" \/>\n<meta property=\"article:published_time\" content=\"2018-05-15T13:27:46+00:00\" \/>\n<meta property=\"og:image\" content=\"https:\/\/www.laguiadepamplona.com\/actualidad\/wp-content\/uploads\/2016\/11\/Ayto_Pamplona.jpg\" \/>\n\t<meta property=\"og:image:width\" content=\"900\" \/>\n\t<meta property=\"og:image:height\" content=\"675\" \/>\n\t<meta property=\"og:image:type\" content=\"image\/jpeg\" \/>\n<meta name=\"author\" content=\"La Gu\u00eda de Pamplona\" \/>\n<meta name=\"twitter:card\" content=\"summary_large_image\" \/>\n<meta name=\"twitter:creator\" content=\"@LaGuiadPamplona\" \/>\n<meta name=\"twitter:site\" content=\"@LaGuiadPamplona\" \/>\n<meta name=\"twitter:label1\" content=\"Escrito por\" \/>\n\t<meta name=\"twitter:data1\" content=\"La Gu\u00eda de Pamplona\" \/>\n\t<meta name=\"twitter:label2\" content=\"Tiempo de lectura\" \/>\n\t<meta name=\"twitter:data2\" content=\"3 minutos\" \/>\n<script type=\"application\/ld+json\" class=\"yoast-schema-graph\">{\"@context\":\"https:\\\/\\\/schema.org\",\"@graph\":[{\"@type\":\"Article\",\"@id\":\"https:\\\/\\\/www.laguiadepamplona.com\\\/actualidad\\\/el-servicio-de-informacion-y-recursos-para-la-participacion-ubicado-en-zentro-espacio-colaborativo-ampliara-sus-servicios-y-contara-con-asesoria-juridica\\\/#article\",\"isPartOf\":{\"@id\":\"https:\\\/\\\/www.laguiadepamplona.com\\\/actualidad\\\/el-servicio-de-informacion-y-recursos-para-la-participacion-ubicado-en-zentro-espacio-colaborativo-ampliara-sus-servicios-y-contara-con-asesoria-juridica\\\/\"},\"author\":{\"name\":\"La Gu\u00eda de Pamplona\",\"@id\":\"https:\\\/\\\/www.laguiadepamplona.com\\\/actualidad\\\/#\\\/schema\\\/person\\\/efe887376f0213d4657c93adc50b1fdb\"},\"headline\":\"El Servicio de Informaci\u00f3n y Recursos para la Participaci\u00f3n ubicado en Zentro Espacio Colaborativo ampliar\u00e1 sus servicios y contar\u00e1 con asesor\u00eda jur\u00eddica\",\"datePublished\":\"2018-05-15T13:27:46+00:00\",\"mainEntityOfPage\":{\"@id\":\"https:\\\/\\\/www.laguiadepamplona.com\\\/actualidad\\\/el-servicio-de-informacion-y-recursos-para-la-participacion-ubicado-en-zentro-espacio-colaborativo-ampliara-sus-servicios-y-contara-con-asesoria-juridica\\\/\"},\"wordCount\":644,\"commentCount\":0,\"publisher\":{\"@id\":\"https:\\\/\\\/www.laguiadepamplona.com\\\/actualidad\\\/#organization\"},\"image\":{\"@id\":\"https:\\\/\\\/www.laguiadepamplona.com\\\/actualidad\\\/el-servicio-de-informacion-y-recursos-para-la-participacion-ubicado-en-zentro-espacio-colaborativo-ampliara-sus-servicios-y-contara-con-asesoria-juridica\\\/#primaryimage\"},\"thumbnailUrl\":\"https:\\\/\\\/www.laguiadepamplona.com\\\/actualidad\\\/wp-content\\\/uploads\\\/2016\\\/11\\\/Ayto_Pamplona.jpg\",\"articleSection\":[\"Ayto Pamplona\"],\"inLanguage\":\"es\",\"potentialAction\":[{\"@type\":\"CommentAction\",\"name\":\"Comment\",\"target\":[\"https:\\\/\\\/www.laguiadepamplona.com\\\/actualidad\\\/el-servicio-de-informacion-y-recursos-para-la-participacion-ubicado-en-zentro-espacio-colaborativo-ampliara-sus-servicios-y-contara-con-asesoria-juridica\\\/#respond\"]}]},{\"@type\":\"WebPage\",\"@id\":\"https:\\\/\\\/www.laguiadepamplona.com\\\/actualidad\\\/el-servicio-de-informacion-y-recursos-para-la-participacion-ubicado-en-zentro-espacio-colaborativo-ampliara-sus-servicios-y-contara-con-asesoria-juridica\\\/\",\"url\":\"https:\\\/\\\/www.laguiadepamplona.com\\\/actualidad\\\/el-servicio-de-informacion-y-recursos-para-la-participacion-ubicado-en-zentro-espacio-colaborativo-ampliara-sus-servicios-y-contara-con-asesoria-juridica\\\/\",\"name\":\"El Servicio de Informaci\u00f3n y Recursos para la Participaci\u00f3n ubicado en Zentro Espacio Colaborativo ampliar\u00e1 sus servicios y contar\u00e1 con asesor\u00eda jur\u00eddica\",\"isPartOf\":{\"@id\":\"https:\\\/\\\/www.laguiadepamplona.com\\\/actualidad\\\/#website\"},\"primaryImageOfPage\":{\"@id\":\"https:\\\/\\\/www.laguiadepamplona.com\\\/actualidad\\\/el-servicio-de-informacion-y-recursos-para-la-participacion-ubicado-en-zentro-espacio-colaborativo-ampliara-sus-servicios-y-contara-con-asesoria-juridica\\\/#primaryimage\"},\"image\":{\"@id\":\"https:\\\/\\\/www.laguiadepamplona.com\\\/actualidad\\\/el-servicio-de-informacion-y-recursos-para-la-participacion-ubicado-en-zentro-espacio-colaborativo-ampliara-sus-servicios-y-contara-con-asesoria-juridica\\\/#primaryimage\"},\"thumbnailUrl\":\"https:\\\/\\\/www.laguiadepamplona.com\\\/actualidad\\\/wp-content\\\/uploads\\\/2016\\\/11\\\/Ayto_Pamplona.jpg\",\"datePublished\":\"2018-05-15T13:27:46+00:00\",\"breadcrumb\":{\"@id\":\"https:\\\/\\\/www.laguiadepamplona.com\\\/actualidad\\\/el-servicio-de-informacion-y-recursos-para-la-participacion-ubicado-en-zentro-espacio-colaborativo-ampliara-sus-servicios-y-contara-con-asesoria-juridica\\\/#breadcrumb\"},\"inLanguage\":\"es\",\"potentialAction\":[{\"@type\":\"ReadAction\",\"target\":[\"https:\\\/\\\/www.laguiadepamplona.com\\\/actualidad\\\/el-servicio-de-informacion-y-recursos-para-la-participacion-ubicado-en-zentro-espacio-colaborativo-ampliara-sus-servicios-y-contara-con-asesoria-juridica\\\/\"]}]},{\"@type\":\"ImageObject\",\"inLanguage\":\"es\",\"@id\":\"https:\\\/\\\/www.laguiadepamplona.com\\\/actualidad\\\/el-servicio-de-informacion-y-recursos-para-la-participacion-ubicado-en-zentro-espacio-colaborativo-ampliara-sus-servicios-y-contara-con-asesoria-juridica\\\/#primaryimage\",\"url\":\"https:\\\/\\\/www.laguiadepamplona.com\\\/actualidad\\\/wp-content\\\/uploads\\\/2016\\\/11\\\/Ayto_Pamplona.jpg\",\"contentUrl\":\"https:\\\/\\\/www.laguiadepamplona.com\\\/actualidad\\\/wp-content\\\/uploads\\\/2016\\\/11\\\/Ayto_Pamplona.jpg\",\"width\":900,\"height\":675},{\"@type\":\"BreadcrumbList\",\"@id\":\"https:\\\/\\\/www.laguiadepamplona.com\\\/actualidad\\\/el-servicio-de-informacion-y-recursos-para-la-participacion-ubicado-en-zentro-espacio-colaborativo-ampliara-sus-servicios-y-contara-con-asesoria-juridica\\\/#breadcrumb\",\"itemListElement\":[{\"@type\":\"ListItem\",\"position\":1,\"name\":\"Portada\",\"item\":\"https:\\\/\\\/www.laguiadepamplona.com\\\/actualidad\\\/\"},{\"@type\":\"ListItem\",\"position\":2,\"name\":\"El Servicio de Informaci\u00f3n y Recursos para la Participaci\u00f3n ubicado en Zentro Espacio Colaborativo ampliar\u00e1 sus servicios y contar\u00e1 con asesor\u00eda jur\u00eddica\"}]},{\"@type\":\"WebSite\",\"@id\":\"https:\\\/\\\/www.laguiadepamplona.com\\\/actualidad\\\/#website\",\"url\":\"https:\\\/\\\/www.laguiadepamplona.com\\\/actualidad\\\/\",\"name\":\"La gu\u00eda de Pamplona\",\"description\":\"Noticias de Pamplona\",\"publisher\":{\"@id\":\"https:\\\/\\\/www.laguiadepamplona.com\\\/actualidad\\\/#organization\"},\"potentialAction\":[{\"@type\":\"SearchAction\",\"target\":{\"@type\":\"EntryPoint\",\"urlTemplate\":\"https:\\\/\\\/www.laguiadepamplona.com\\\/actualidad\\\/?s={search_term_string}\"},\"query-input\":{\"@type\":\"PropertyValueSpecification\",\"valueRequired\":true,\"valueName\":\"search_term_string\"}}],\"inLanguage\":\"es\"},{\"@type\":\"Organization\",\"@id\":\"https:\\\/\\\/www.laguiadepamplona.com\\\/actualidad\\\/#organization\",\"name\":\"La Gu\u00eda de Pamplona \\\/ Noticias\",\"url\":\"https:\\\/\\\/www.laguiadepamplona.com\\\/actualidad\\\/\",\"logo\":{\"@type\":\"ImageObject\",\"inLanguage\":\"es\",\"@id\":\"https:\\\/\\\/www.laguiadepamplona.com\\\/actualidad\\\/#\\\/schema\\\/logo\\\/image\\\/\",\"url\":\"https:\\\/\\\/www.laguiadepamplona.com\\\/actualidad\\\/wp-content\\\/uploads\\\/2018\\\/11\\\/logo-laguiadepamplona18-web1.png\",\"contentUrl\":\"https:\\\/\\\/www.laguiadepamplona.com\\\/actualidad\\\/wp-content\\\/uploads\\\/2018\\\/11\\\/logo-laguiadepamplona18-web1.png\",\"width\":600,\"height\":196,\"caption\":\"La Gu\u00eda de Pamplona \\\/ Noticias\"},\"image\":{\"@id\":\"https:\\\/\\\/www.laguiadepamplona.com\\\/actualidad\\\/#\\\/schema\\\/logo\\\/image\\\/\"},\"sameAs\":[\"https:\\\/\\\/www.facebook.com\\\/laguiadepamplonacom-133175176762273\\\/?ref=hl\",\"https:\\\/\\\/x.com\\\/LaGuiadPamplona\",\"https:\\\/\\\/www.instagram.com\\\/la_guia_de_pamplona\\\/\",\"https:\\\/\\\/www.youtube.com\\\/user\\\/laguiadepamplona\"]},{\"@type\":\"Person\",\"@id\":\"https:\\\/\\\/www.laguiadepamplona.com\\\/actualidad\\\/#\\\/schema\\\/person\\\/efe887376f0213d4657c93adc50b1fdb\",\"name\":\"La Gu\u00eda de Pamplona\",\"image\":{\"@type\":\"ImageObject\",\"inLanguage\":\"es\",\"@id\":\"https:\\\/\\\/secure.gravatar.com\\\/avatar\\\/b6992f131dc8d30ab0dff15446e9d346d9dbd95992de0fef795073f5ea83a81c?s=96&d=mm&r=g\",\"url\":\"https:\\\/\\\/secure.gravatar.com\\\/avatar\\\/b6992f131dc8d30ab0dff15446e9d346d9dbd95992de0fef795073f5ea83a81c?s=96&d=mm&r=g\",\"contentUrl\":\"https:\\\/\\\/secure.gravatar.com\\\/avatar\\\/b6992f131dc8d30ab0dff15446e9d346d9dbd95992de0fef795073f5ea83a81c?s=96&d=mm&r=g\",\"caption\":\"La Gu\u00eda de Pamplona\"}}]}<\/script>\n<!-- \/ Yoast SEO plugin. -->","yoast_head_json":{"title":"El Servicio de Informaci\u00f3n y Recursos para la Participaci\u00f3n ubicado en Zentro Espacio Colaborativo ampliar\u00e1 sus servicios y contar\u00e1 con asesor\u00eda jur\u00eddica","robots":{"index":"index","follow":"follow","max-snippet":"max-snippet:-1","max-image-preview":"max-image-preview:large","max-video-preview":"max-video-preview:-1"},"canonical":"https:\/\/www.laguiadepamplona.com\/actualidad\/el-servicio-de-informacion-y-recursos-para-la-participacion-ubicado-en-zentro-espacio-colaborativo-ampliara-sus-servicios-y-contara-con-asesoria-juridica\/","og_locale":"es_ES","og_type":"article","og_title":"El Servicio de Informaci\u00f3n y Recursos para la Participaci\u00f3n ubicado en Zentro Espacio Colaborativo ampliar\u00e1 sus servicios y contar\u00e1 con asesor\u00eda jur\u00eddica","og_description":"La Junta de Gobierno local adjudica el contrato de asistencia hasta 2022 por 530.000 euros de un servicio ubicado en la 2\u00aa planta de Condestable","og_url":"https:\/\/www.laguiadepamplona.com\/actualidad\/el-servicio-de-informacion-y-recursos-para-la-participacion-ubicado-en-zentro-espacio-colaborativo-ampliara-sus-servicios-y-contara-con-asesoria-juridica\/","og_site_name":"La Gu\u00eda de Pamplona","article_publisher":"https:\/\/www.facebook.com\/laguiadepamplonacom-133175176762273\/?ref=hl","article_published_time":"2018-05-15T13:27:46+00:00","og_image":[{"width":900,"height":675,"url":"https:\/\/www.laguiadepamplona.com\/actualidad\/wp-content\/uploads\/2016\/11\/Ayto_Pamplona.jpg","type":"image\/jpeg"}],"author":"La Gu\u00eda de Pamplona","twitter_card":"summary_large_image","twitter_creator":"@LaGuiadPamplona","twitter_site":"@LaGuiadPamplona","twitter_misc":{"Escrito por":"La Gu\u00eda de Pamplona","Tiempo de lectura":"3 minutos"},"schema":{"@context":"https:\/\/schema.org","@graph":[{"@type":"Article","@id":"https:\/\/www.laguiadepamplona.com\/actualidad\/el-servicio-de-informacion-y-recursos-para-la-participacion-ubicado-en-zentro-espacio-colaborativo-ampliara-sus-servicios-y-contara-con-asesoria-juridica\/#article","isPartOf":{"@id":"https:\/\/www.laguiadepamplona.com\/actualidad\/el-servicio-de-informacion-y-recursos-para-la-participacion-ubicado-en-zentro-espacio-colaborativo-ampliara-sus-servicios-y-contara-con-asesoria-juridica\/"},"author":{"name":"La Gu\u00eda de Pamplona","@id":"https:\/\/www.laguiadepamplona.com\/actualidad\/#\/schema\/person\/efe887376f0213d4657c93adc50b1fdb"},"headline":"El Servicio de Informaci\u00f3n y Recursos para la Participaci\u00f3n ubicado en Zentro Espacio Colaborativo ampliar\u00e1 sus servicios y contar\u00e1 con asesor\u00eda jur\u00eddica","datePublished":"2018-05-15T13:27:46+00:00","mainEntityOfPage":{"@id":"https:\/\/www.laguiadepamplona.com\/actualidad\/el-servicio-de-informacion-y-recursos-para-la-participacion-ubicado-en-zentro-espacio-colaborativo-ampliara-sus-servicios-y-contara-con-asesoria-juridica\/"},"wordCount":644,"commentCount":0,"publisher":{"@id":"https:\/\/www.laguiadepamplona.com\/actualidad\/#organization"},"image":{"@id":"https:\/\/www.laguiadepamplona.com\/actualidad\/el-servicio-de-informacion-y-recursos-para-la-participacion-ubicado-en-zentro-espacio-colaborativo-ampliara-sus-servicios-y-contara-con-asesoria-juridica\/#primaryimage"},"thumbnailUrl":"https:\/\/www.laguiadepamplona.com\/actualidad\/wp-content\/uploads\/2016\/11\/Ayto_Pamplona.jpg","articleSection":["Ayto Pamplona"],"inLanguage":"es","potentialAction":[{"@type":"CommentAction","name":"Comment","target":["https:\/\/www.laguiadepamplona.com\/actualidad\/el-servicio-de-informacion-y-recursos-para-la-participacion-ubicado-en-zentro-espacio-colaborativo-ampliara-sus-servicios-y-contara-con-asesoria-juridica\/#respond"]}]},{"@type":"WebPage","@id":"https:\/\/www.laguiadepamplona.com\/actualidad\/el-servicio-de-informacion-y-recursos-para-la-participacion-ubicado-en-zentro-espacio-colaborativo-ampliara-sus-servicios-y-contara-con-asesoria-juridica\/","url":"https:\/\/www.laguiadepamplona.com\/actualidad\/el-servicio-de-informacion-y-recursos-para-la-participacion-ubicado-en-zentro-espacio-colaborativo-ampliara-sus-servicios-y-contara-con-asesoria-juridica\/","name":"El Servicio de Informaci\u00f3n y Recursos para la Participaci\u00f3n ubicado en Zentro Espacio Colaborativo ampliar\u00e1 sus servicios y contar\u00e1 con asesor\u00eda jur\u00eddica","isPartOf":{"@id":"https:\/\/www.laguiadepamplona.com\/actualidad\/#website"},"primaryImageOfPage":{"@id":"https:\/\/www.laguiadepamplona.com\/actualidad\/el-servicio-de-informacion-y-recursos-para-la-participacion-ubicado-en-zentro-espacio-colaborativo-ampliara-sus-servicios-y-contara-con-asesoria-juridica\/#primaryimage"},"image":{"@id":"https:\/\/www.laguiadepamplona.com\/actualidad\/el-servicio-de-informacion-y-recursos-para-la-participacion-ubicado-en-zentro-espacio-colaborativo-ampliara-sus-servicios-y-contara-con-asesoria-juridica\/#primaryimage"},"thumbnailUrl":"https:\/\/www.laguiadepamplona.com\/actualidad\/wp-content\/uploads\/2016\/11\/Ayto_Pamplona.jpg","datePublished":"2018-05-15T13:27:46+00:00","breadcrumb":{"@id":"https:\/\/www.laguiadepamplona.com\/actualidad\/el-servicio-de-informacion-y-recursos-para-la-participacion-ubicado-en-zentro-espacio-colaborativo-ampliara-sus-servicios-y-contara-con-asesoria-juridica\/#breadcrumb"},"inLanguage":"es","potentialAction":[{"@type":"ReadAction","target":["https:\/\/www.laguiadepamplona.com\/actualidad\/el-servicio-de-informacion-y-recursos-para-la-participacion-ubicado-en-zentro-espacio-colaborativo-ampliara-sus-servicios-y-contara-con-asesoria-juridica\/"]}]},{"@type":"ImageObject","inLanguage":"es","@id":"https:\/\/www.laguiadepamplona.com\/actualidad\/el-servicio-de-informacion-y-recursos-para-la-participacion-ubicado-en-zentro-espacio-colaborativo-ampliara-sus-servicios-y-contara-con-asesoria-juridica\/#primaryimage","url":"https:\/\/www.laguiadepamplona.com\/actualidad\/wp-content\/uploads\/2016\/11\/Ayto_Pamplona.jpg","contentUrl":"https:\/\/www.laguiadepamplona.com\/actualidad\/wp-content\/uploads\/2016\/11\/Ayto_Pamplona.jpg","width":900,"height":675},{"@type":"BreadcrumbList","@id":"https:\/\/www.laguiadepamplona.com\/actualidad\/el-servicio-de-informacion-y-recursos-para-la-participacion-ubicado-en-zentro-espacio-colaborativo-ampliara-sus-servicios-y-contara-con-asesoria-juridica\/#breadcrumb","itemListElement":[{"@type":"ListItem","position":1,"name":"Portada","item":"https:\/\/www.laguiadepamplona.com\/actualidad\/"},{"@type":"ListItem","position":2,"name":"El Servicio de Informaci\u00f3n y Recursos para la Participaci\u00f3n ubicado en Zentro Espacio Colaborativo ampliar\u00e1 sus servicios y contar\u00e1 con asesor\u00eda jur\u00eddica"}]},{"@type":"WebSite","@id":"https:\/\/www.laguiadepamplona.com\/actualidad\/#website","url":"https:\/\/www.laguiadepamplona.com\/actualidad\/","name":"La gu\u00eda de Pamplona","description":"Noticias de Pamplona","publisher":{"@id":"https:\/\/www.laguiadepamplona.com\/actualidad\/#organization"},"potentialAction":[{"@type":"SearchAction","target":{"@type":"EntryPoint","urlTemplate":"https:\/\/www.laguiadepamplona.com\/actualidad\/?s={search_term_string}"},"query-input":{"@type":"PropertyValueSpecification","valueRequired":true,"valueName":"search_term_string"}}],"inLanguage":"es"},{"@type":"Organization","@id":"https:\/\/www.laguiadepamplona.com\/actualidad\/#organization","name":"La Gu\u00eda de Pamplona \/ Noticias","url":"https:\/\/www.laguiadepamplona.com\/actualidad\/","logo":{"@type":"ImageObject","inLanguage":"es","@id":"https:\/\/www.laguiadepamplona.com\/actualidad\/#\/schema\/logo\/image\/","url":"https:\/\/www.laguiadepamplona.com\/actualidad\/wp-content\/uploads\/2018\/11\/logo-laguiadepamplona18-web1.png","contentUrl":"https:\/\/www.laguiadepamplona.com\/actualidad\/wp-content\/uploads\/2018\/11\/logo-laguiadepamplona18-web1.png","width":600,"height":196,"caption":"La Gu\u00eda de Pamplona \/ Noticias"},"image":{"@id":"https:\/\/www.laguiadepamplona.com\/actualidad\/#\/schema\/logo\/image\/"},"sameAs":["https:\/\/www.facebook.com\/laguiadepamplonacom-133175176762273\/?ref=hl","https:\/\/x.com\/LaGuiadPamplona","https:\/\/www.instagram.com\/la_guia_de_pamplona\/","https:\/\/www.youtube.com\/user\/laguiadepamplona"]},{"@type":"Person","@id":"https:\/\/www.laguiadepamplona.com\/actualidad\/#\/schema\/person\/efe887376f0213d4657c93adc50b1fdb","name":"La Gu\u00eda de Pamplona","image":{"@type":"ImageObject","inLanguage":"es","@id":"https:\/\/secure.gravatar.com\/avatar\/b6992f131dc8d30ab0dff15446e9d346d9dbd95992de0fef795073f5ea83a81c?s=96&d=mm&r=g","url":"https:\/\/secure.gravatar.com\/avatar\/b6992f131dc8d30ab0dff15446e9d346d9dbd95992de0fef795073f5ea83a81c?s=96&d=mm&r=g","contentUrl":"https:\/\/secure.gravatar.com\/avatar\/b6992f131dc8d30ab0dff15446e9d346d9dbd95992de0fef795073f5ea83a81c?s=96&d=mm&r=g","caption":"La Gu\u00eda de Pamplona"}}]}},"post_mailing_queue_ids":[],"_links":{"self":[{"href":"https:\/\/www.laguiadepamplona.com\/actualidad\/wp-json\/wp\/v2\/posts\/17378","targetHints":{"allow":["GET"]}}],"collection":[{"href":"https:\/\/www.laguiadepamplona.com\/actualidad\/wp-json\/wp\/v2\/posts"}],"about":[{"href":"https:\/\/www.laguiadepamplona.com\/actualidad\/wp-json\/wp\/v2\/types\/post"}],"author":[{"embeddable":true,"href":"https:\/\/www.laguiadepamplona.com\/actualidad\/wp-json\/wp\/v2\/users\/1"}],"replies":[{"embeddable":true,"href":"https:\/\/www.laguiadepamplona.com\/actualidad\/wp-json\/wp\/v2\/comments?post=17378"}],"version-history":[{"count":0,"href":"https:\/\/www.laguiadepamplona.com\/actualidad\/wp-json\/wp\/v2\/posts\/17378\/revisions"}],"wp:featuredmedia":[{"embeddable":true,"href":"https:\/\/www.laguiadepamplona.com\/actualidad\/wp-json\/wp\/v2\/media\/10979"}],"wp:attachment":[{"href":"https:\/\/www.laguiadepamplona.com\/actualidad\/wp-json\/wp\/v2\/media?parent=17378"}],"wp:term":[{"taxonomy":"category","embeddable":true,"href":"https:\/\/www.laguiadepamplona.com\/actualidad\/wp-json\/wp\/v2\/categories?post=17378"},{"taxonomy":"post_tag","embeddable":true,"href":"https:\/\/www.laguiadepamplona.com\/actualidad\/wp-json\/wp\/v2\/tags?post=17378"}],"curies":[{"name":"wp","href":"https:\/\/api.w.org\/{rel}","templated":true}]}}