{"id":17123,"date":"2018-04-26T17:07:00","date_gmt":"2018-04-26T16:07:00","guid":{"rendered":"http:\/\/laguiadepamplona.es\/actualidad\/?p=17123"},"modified":"2018-04-26T17:07:00","modified_gmt":"2018-04-26T16:07:00","slug":"esta-manana-se-ha-iniciado-el-curso-de-la-escuela-de-seguridad-y-emergencias-de-navarra-para-formar-a-las-20-personas-aspirantes-a-entrar-en-la-policia-municipal","status":"publish","type":"post","link":"https:\/\/www.laguiadepamplona.com\/actualidad\/esta-manana-se-ha-iniciado-el-curso-de-la-escuela-de-seguridad-y-emergencias-de-navarra-para-formar-a-las-20-personas-aspirantes-a-entrar-en-la-policia-municipal\/","title":{"rendered":"Esta ma\u00f1ana se ha iniciado el curso de la Escuela de Seguridad y Emergencias de Navarra para formar a las 20 personas aspirantes a entrar en la Polic\u00eda Municipal"},"content":{"rendered":"<h3>La Polic\u00eda Municipal se rejuvenece y tambi\u00e9n se reorganiza a trav\u00e9s de convocatorias internas para cubrir vacantes ocupadas de forma interina<\/h3>\n<p><!--more--><\/p>\n<p>La Escuela de Seguridad y Emergencias de Navarra (ESEN) ha abierto esta ma\u00f1ana sus puertas para un nuevo Curso de Formaci\u00f3n B\u00e1sica en el que se participan las 20 personas aspirantes a entrar en la Polic\u00eda Municipal de Pamplona. Se trata de 19 hombres y 1 mujer que superaron las pruebas f\u00edsicas, te\u00f3ricas y psicot\u00e9cnicas de la oposici\u00f3n convocada por el Ayuntamiento de Pamplona, a la que se presentaron m\u00e1s de 400 personas.<\/p>\n<p>El Ayuntamiento sigue la l\u00ednea de la renovaci\u00f3n y el rejuvenecimiento de la plantilla de la Polic\u00eda Municipal de Pamplona, que tiene una media de edad entre sus agentes de 46 a\u00f1os. Desde el punto de vista m\u00e1s concreto del marco organizativo de la Polic\u00eda Municipal, la labor policial se encuadra en un contexto de proximidad con la ciudadan\u00eda, por lo que elementos como la disponibilidad ante posibles requerimientos y la mediaci\u00f3n en situaciones de potencial conflicto son aspectos esenciales.<\/p>\n<p>El Curso de Formaci\u00f3n B\u00e1sica se desarrollar\u00e1 durante seis meses, del mes de abril al mes de noviembre, con su correspondiente parte pr\u00e1ctica en Polic\u00eda Municipal. Las personas aspirantes se formar\u00e1n en aspectos como seguridad vial, regulaci\u00f3n del tr\u00e1fico, seguridad ciudadana, asistencia a la ciudadan\u00eda, educaci\u00f3n para la convivencia, polic\u00eda administrativa y medio ambiente, gesti\u00f3n policial de la diversidad&#8230;<\/p>\n<p>Adem\u00e1s de esta convocatoria de nuevas plazas, el Ayuntamiento de Pamplona y la Polic\u00eda Municipal han puesto en marcha otras convocatorias internas para cubrir puestos dentro del cuerpo de polic\u00eda local que hasta ahora estaban ocupadas de forma interina. Se han convocado, en concreto, 10 plazas de cabo de Polic\u00eda Municipal, 6 plazas de subinspector de Polic\u00eda Municipal y 4 plazas de inspector de Polic\u00eda Municipal, a las que seguir\u00e1n nuevas convocatorias en la medida que los permitan las diferentes leyes. Con estas promociones internas se trata de reorganizar y afianzar la estructura, cubriendo de forma definitiva plazas vacantes que estaban cubiertas de forma interior por personal de la Polic\u00eda Municipal.<\/p>\n<p>&nbsp;<\/p>\n","protected":false},"excerpt":{"rendered":"<p>La Polic\u00eda Municipal se rejuvenece y tambi\u00e9n se reorganiza a trav\u00e9s de convocatorias internas para cubrir vacantes ocupadas de forma interina<\/p>\n","protected":false},"author":1,"featured_media":17124,"comment_status":"open","ping_status":"closed","sticky":false,"template":"","format":"standard","meta":{"footnotes":""},"categories":[2],"tags":[],"class_list":["post-17123","post","type-post","status-publish","format-standard","has-post-thumbnail","hentry","category-ayuntamiento-pamplona"],"yoast_head":"<!-- This site is optimized with the Yoast SEO plugin v27.3 - https:\/\/yoast.com\/product\/yoast-seo-wordpress\/ -->\n<title>Esta ma\u00f1ana se ha iniciado el curso de la Escuela de Seguridad y Emergencias de Navarra para formar a las 20 personas aspirantes a entrar en la Polic\u00eda Municipal<\/title>\n<meta name=\"robots\" content=\"index, follow, max-snippet:-1, max-image-preview:large, max-video-preview:-1\" \/>\n<link rel=\"canonical\" href=\"https:\/\/www.laguiadepamplona.com\/actualidad\/esta-manana-se-ha-iniciado-el-curso-de-la-escuela-de-seguridad-y-emergencias-de-navarra-para-formar-a-las-20-personas-aspirantes-a-entrar-en-la-policia-municipal\/\" \/>\n<meta property=\"og:locale\" content=\"es_ES\" \/>\n<meta property=\"og:type\" content=\"article\" \/>\n<meta property=\"og:title\" content=\"Esta ma\u00f1ana se ha iniciado el curso de la Escuela de Seguridad y Emergencias de Navarra para formar a las 20 personas aspirantes a entrar en la Polic\u00eda Municipal\" \/>\n<meta property=\"og:description\" content=\"La Polic\u00eda Municipal se rejuvenece y tambi\u00e9n se reorganiza a trav\u00e9s de convocatorias internas para cubrir vacantes ocupadas de forma interina\" \/>\n<meta property=\"og:url\" content=\"https:\/\/www.laguiadepamplona.com\/actualidad\/esta-manana-se-ha-iniciado-el-curso-de-la-escuela-de-seguridad-y-emergencias-de-navarra-para-formar-a-las-20-personas-aspirantes-a-entrar-en-la-policia-municipal\/\" \/>\n<meta property=\"og:site_name\" content=\"La Gu\u00eda de Pamplona\" \/>\n<meta property=\"article:publisher\" content=\"https:\/\/www.facebook.com\/laguiadepamplonacom-133175176762273\/?ref=hl\" \/>\n<meta property=\"article:published_time\" content=\"2018-04-26T16:07:00+00:00\" \/>\n<meta property=\"og:image\" content=\"https:\/\/www.laguiadepamplona.com\/actualidad\/wp-content\/uploads\/2018\/04\/18.04.26_inicio_curso_policia_municipal2.jpg\" \/>\n\t<meta property=\"og:image:width\" content=\"1000\" \/>\n\t<meta property=\"og:image:height\" content=\"666\" \/>\n\t<meta property=\"og:image:type\" content=\"image\/jpeg\" \/>\n<meta name=\"author\" content=\"La Gu\u00eda de Pamplona\" \/>\n<meta name=\"twitter:card\" content=\"summary_large_image\" \/>\n<meta name=\"twitter:creator\" content=\"@LaGuiadPamplona\" \/>\n<meta name=\"twitter:site\" content=\"@LaGuiadPamplona\" \/>\n<meta name=\"twitter:label1\" content=\"Escrito por\" \/>\n\t<meta name=\"twitter:data1\" content=\"La Gu\u00eda de Pamplona\" \/>\n\t<meta name=\"twitter:label2\" content=\"Tiempo de lectura\" \/>\n\t<meta name=\"twitter:data2\" content=\"2 minutos\" \/>\n<script type=\"application\/ld+json\" class=\"yoast-schema-graph\">{\"@context\":\"https:\\\/\\\/schema.org\",\"@graph\":[{\"@type\":\"Article\",\"@id\":\"https:\\\/\\\/www.laguiadepamplona.com\\\/actualidad\\\/esta-manana-se-ha-iniciado-el-curso-de-la-escuela-de-seguridad-y-emergencias-de-navarra-para-formar-a-las-20-personas-aspirantes-a-entrar-en-la-policia-municipal\\\/#article\",\"isPartOf\":{\"@id\":\"https:\\\/\\\/www.laguiadepamplona.com\\\/actualidad\\\/esta-manana-se-ha-iniciado-el-curso-de-la-escuela-de-seguridad-y-emergencias-de-navarra-para-formar-a-las-20-personas-aspirantes-a-entrar-en-la-policia-municipal\\\/\"},\"author\":{\"name\":\"La Gu\u00eda de Pamplona\",\"@id\":\"https:\\\/\\\/www.laguiadepamplona.com\\\/actualidad\\\/#\\\/schema\\\/person\\\/efe887376f0213d4657c93adc50b1fdb\"},\"headline\":\"Esta ma\u00f1ana se ha iniciado el curso de la Escuela de Seguridad y Emergencias de Navarra para formar a las 20 personas aspirantes a entrar en la Polic\u00eda Municipal\",\"datePublished\":\"2018-04-26T16:07:00+00:00\",\"mainEntityOfPage\":{\"@id\":\"https:\\\/\\\/www.laguiadepamplona.com\\\/actualidad\\\/esta-manana-se-ha-iniciado-el-curso-de-la-escuela-de-seguridad-y-emergencias-de-navarra-para-formar-a-las-20-personas-aspirantes-a-entrar-en-la-policia-municipal\\\/\"},\"wordCount\":406,\"commentCount\":0,\"publisher\":{\"@id\":\"https:\\\/\\\/www.laguiadepamplona.com\\\/actualidad\\\/#organization\"},\"image\":{\"@id\":\"https:\\\/\\\/www.laguiadepamplona.com\\\/actualidad\\\/esta-manana-se-ha-iniciado-el-curso-de-la-escuela-de-seguridad-y-emergencias-de-navarra-para-formar-a-las-20-personas-aspirantes-a-entrar-en-la-policia-municipal\\\/#primaryimage\"},\"thumbnailUrl\":\"https:\\\/\\\/www.laguiadepamplona.com\\\/actualidad\\\/wp-content\\\/uploads\\\/2018\\\/04\\\/18.04.26_inicio_curso_policia_municipal2.jpg\",\"articleSection\":[\"Ayto Pamplona\"],\"inLanguage\":\"es\",\"potentialAction\":[{\"@type\":\"CommentAction\",\"name\":\"Comment\",\"target\":[\"https:\\\/\\\/www.laguiadepamplona.com\\\/actualidad\\\/esta-manana-se-ha-iniciado-el-curso-de-la-escuela-de-seguridad-y-emergencias-de-navarra-para-formar-a-las-20-personas-aspirantes-a-entrar-en-la-policia-municipal\\\/#respond\"]}]},{\"@type\":\"WebPage\",\"@id\":\"https:\\\/\\\/www.laguiadepamplona.com\\\/actualidad\\\/esta-manana-se-ha-iniciado-el-curso-de-la-escuela-de-seguridad-y-emergencias-de-navarra-para-formar-a-las-20-personas-aspirantes-a-entrar-en-la-policia-municipal\\\/\",\"url\":\"https:\\\/\\\/www.laguiadepamplona.com\\\/actualidad\\\/esta-manana-se-ha-iniciado-el-curso-de-la-escuela-de-seguridad-y-emergencias-de-navarra-para-formar-a-las-20-personas-aspirantes-a-entrar-en-la-policia-municipal\\\/\",\"name\":\"Esta ma\u00f1ana se ha iniciado el curso de la Escuela de Seguridad y Emergencias de Navarra para formar a las 20 personas aspirantes a entrar en la Polic\u00eda Municipal\",\"isPartOf\":{\"@id\":\"https:\\\/\\\/www.laguiadepamplona.com\\\/actualidad\\\/#website\"},\"primaryImageOfPage\":{\"@id\":\"https:\\\/\\\/www.laguiadepamplona.com\\\/actualidad\\\/esta-manana-se-ha-iniciado-el-curso-de-la-escuela-de-seguridad-y-emergencias-de-navarra-para-formar-a-las-20-personas-aspirantes-a-entrar-en-la-policia-municipal\\\/#primaryimage\"},\"image\":{\"@id\":\"https:\\\/\\\/www.laguiadepamplona.com\\\/actualidad\\\/esta-manana-se-ha-iniciado-el-curso-de-la-escuela-de-seguridad-y-emergencias-de-navarra-para-formar-a-las-20-personas-aspirantes-a-entrar-en-la-policia-municipal\\\/#primaryimage\"},\"thumbnailUrl\":\"https:\\\/\\\/www.laguiadepamplona.com\\\/actualidad\\\/wp-content\\\/uploads\\\/2018\\\/04\\\/18.04.26_inicio_curso_policia_municipal2.jpg\",\"datePublished\":\"2018-04-26T16:07:00+00:00\",\"breadcrumb\":{\"@id\":\"https:\\\/\\\/www.laguiadepamplona.com\\\/actualidad\\\/esta-manana-se-ha-iniciado-el-curso-de-la-escuela-de-seguridad-y-emergencias-de-navarra-para-formar-a-las-20-personas-aspirantes-a-entrar-en-la-policia-municipal\\\/#breadcrumb\"},\"inLanguage\":\"es\",\"potentialAction\":[{\"@type\":\"ReadAction\",\"target\":[\"https:\\\/\\\/www.laguiadepamplona.com\\\/actualidad\\\/esta-manana-se-ha-iniciado-el-curso-de-la-escuela-de-seguridad-y-emergencias-de-navarra-para-formar-a-las-20-personas-aspirantes-a-entrar-en-la-policia-municipal\\\/\"]}]},{\"@type\":\"ImageObject\",\"inLanguage\":\"es\",\"@id\":\"https:\\\/\\\/www.laguiadepamplona.com\\\/actualidad\\\/esta-manana-se-ha-iniciado-el-curso-de-la-escuela-de-seguridad-y-emergencias-de-navarra-para-formar-a-las-20-personas-aspirantes-a-entrar-en-la-policia-municipal\\\/#primaryimage\",\"url\":\"https:\\\/\\\/www.laguiadepamplona.com\\\/actualidad\\\/wp-content\\\/uploads\\\/2018\\\/04\\\/18.04.26_inicio_curso_policia_municipal2.jpg\",\"contentUrl\":\"https:\\\/\\\/www.laguiadepamplona.com\\\/actualidad\\\/wp-content\\\/uploads\\\/2018\\\/04\\\/18.04.26_inicio_curso_policia_municipal2.jpg\",\"width\":1000,\"height\":666},{\"@type\":\"BreadcrumbList\",\"@id\":\"https:\\\/\\\/www.laguiadepamplona.com\\\/actualidad\\\/esta-manana-se-ha-iniciado-el-curso-de-la-escuela-de-seguridad-y-emergencias-de-navarra-para-formar-a-las-20-personas-aspirantes-a-entrar-en-la-policia-municipal\\\/#breadcrumb\",\"itemListElement\":[{\"@type\":\"ListItem\",\"position\":1,\"name\":\"Portada\",\"item\":\"https:\\\/\\\/www.laguiadepamplona.com\\\/actualidad\\\/\"},{\"@type\":\"ListItem\",\"position\":2,\"name\":\"Esta ma\u00f1ana se ha iniciado el curso de la Escuela de Seguridad y Emergencias de Navarra para formar a las 20 personas aspirantes a entrar en la Polic\u00eda Municipal\"}]},{\"@type\":\"WebSite\",\"@id\":\"https:\\\/\\\/www.laguiadepamplona.com\\\/actualidad\\\/#website\",\"url\":\"https:\\\/\\\/www.laguiadepamplona.com\\\/actualidad\\\/\",\"name\":\"La gu\u00eda de Pamplona\",\"description\":\"Noticias de Pamplona\",\"publisher\":{\"@id\":\"https:\\\/\\\/www.laguiadepamplona.com\\\/actualidad\\\/#organization\"},\"potentialAction\":[{\"@type\":\"SearchAction\",\"target\":{\"@type\":\"EntryPoint\",\"urlTemplate\":\"https:\\\/\\\/www.laguiadepamplona.com\\\/actualidad\\\/?s={search_term_string}\"},\"query-input\":{\"@type\":\"PropertyValueSpecification\",\"valueRequired\":true,\"valueName\":\"search_term_string\"}}],\"inLanguage\":\"es\"},{\"@type\":\"Organization\",\"@id\":\"https:\\\/\\\/www.laguiadepamplona.com\\\/actualidad\\\/#organization\",\"name\":\"La Gu\u00eda de Pamplona \\\/ Noticias\",\"url\":\"https:\\\/\\\/www.laguiadepamplona.com\\\/actualidad\\\/\",\"logo\":{\"@type\":\"ImageObject\",\"inLanguage\":\"es\",\"@id\":\"https:\\\/\\\/www.laguiadepamplona.com\\\/actualidad\\\/#\\\/schema\\\/logo\\\/image\\\/\",\"url\":\"https:\\\/\\\/www.laguiadepamplona.com\\\/actualidad\\\/wp-content\\\/uploads\\\/2018\\\/11\\\/logo-laguiadepamplona18-web1.png\",\"contentUrl\":\"https:\\\/\\\/www.laguiadepamplona.com\\\/actualidad\\\/wp-content\\\/uploads\\\/2018\\\/11\\\/logo-laguiadepamplona18-web1.png\",\"width\":600,\"height\":196,\"caption\":\"La Gu\u00eda de Pamplona \\\/ Noticias\"},\"image\":{\"@id\":\"https:\\\/\\\/www.laguiadepamplona.com\\\/actualidad\\\/#\\\/schema\\\/logo\\\/image\\\/\"},\"sameAs\":[\"https:\\\/\\\/www.facebook.com\\\/laguiadepamplonacom-133175176762273\\\/?ref=hl\",\"https:\\\/\\\/x.com\\\/LaGuiadPamplona\",\"https:\\\/\\\/www.instagram.com\\\/la_guia_de_pamplona\\\/\",\"https:\\\/\\\/www.youtube.com\\\/user\\\/laguiadepamplona\"]},{\"@type\":\"Person\",\"@id\":\"https:\\\/\\\/www.laguiadepamplona.com\\\/actualidad\\\/#\\\/schema\\\/person\\\/efe887376f0213d4657c93adc50b1fdb\",\"name\":\"La Gu\u00eda de Pamplona\",\"image\":{\"@type\":\"ImageObject\",\"inLanguage\":\"es\",\"@id\":\"https:\\\/\\\/secure.gravatar.com\\\/avatar\\\/b6992f131dc8d30ab0dff15446e9d346d9dbd95992de0fef795073f5ea83a81c?s=96&d=mm&r=g\",\"url\":\"https:\\\/\\\/secure.gravatar.com\\\/avatar\\\/b6992f131dc8d30ab0dff15446e9d346d9dbd95992de0fef795073f5ea83a81c?s=96&d=mm&r=g\",\"contentUrl\":\"https:\\\/\\\/secure.gravatar.com\\\/avatar\\\/b6992f131dc8d30ab0dff15446e9d346d9dbd95992de0fef795073f5ea83a81c?s=96&d=mm&r=g\",\"caption\":\"La Gu\u00eda de Pamplona\"}}]}<\/script>\n<!-- \/ Yoast SEO plugin. -->","yoast_head_json":{"title":"Esta ma\u00f1ana se ha iniciado el curso de la Escuela de Seguridad y Emergencias de Navarra para formar a las 20 personas aspirantes a entrar en la Polic\u00eda Municipal","robots":{"index":"index","follow":"follow","max-snippet":"max-snippet:-1","max-image-preview":"max-image-preview:large","max-video-preview":"max-video-preview:-1"},"canonical":"https:\/\/www.laguiadepamplona.com\/actualidad\/esta-manana-se-ha-iniciado-el-curso-de-la-escuela-de-seguridad-y-emergencias-de-navarra-para-formar-a-las-20-personas-aspirantes-a-entrar-en-la-policia-municipal\/","og_locale":"es_ES","og_type":"article","og_title":"Esta ma\u00f1ana se ha iniciado el curso de la Escuela de Seguridad y Emergencias de Navarra para formar a las 20 personas aspirantes a entrar en la Polic\u00eda Municipal","og_description":"La Polic\u00eda Municipal se rejuvenece y tambi\u00e9n se reorganiza a trav\u00e9s de convocatorias internas para cubrir vacantes ocupadas de forma interina","og_url":"https:\/\/www.laguiadepamplona.com\/actualidad\/esta-manana-se-ha-iniciado-el-curso-de-la-escuela-de-seguridad-y-emergencias-de-navarra-para-formar-a-las-20-personas-aspirantes-a-entrar-en-la-policia-municipal\/","og_site_name":"La Gu\u00eda de Pamplona","article_publisher":"https:\/\/www.facebook.com\/laguiadepamplonacom-133175176762273\/?ref=hl","article_published_time":"2018-04-26T16:07:00+00:00","og_image":[{"width":1000,"height":666,"url":"https:\/\/www.laguiadepamplona.com\/actualidad\/wp-content\/uploads\/2018\/04\/18.04.26_inicio_curso_policia_municipal2.jpg","type":"image\/jpeg"}],"author":"La Gu\u00eda de Pamplona","twitter_card":"summary_large_image","twitter_creator":"@LaGuiadPamplona","twitter_site":"@LaGuiadPamplona","twitter_misc":{"Escrito por":"La Gu\u00eda de Pamplona","Tiempo de lectura":"2 minutos"},"schema":{"@context":"https:\/\/schema.org","@graph":[{"@type":"Article","@id":"https:\/\/www.laguiadepamplona.com\/actualidad\/esta-manana-se-ha-iniciado-el-curso-de-la-escuela-de-seguridad-y-emergencias-de-navarra-para-formar-a-las-20-personas-aspirantes-a-entrar-en-la-policia-municipal\/#article","isPartOf":{"@id":"https:\/\/www.laguiadepamplona.com\/actualidad\/esta-manana-se-ha-iniciado-el-curso-de-la-escuela-de-seguridad-y-emergencias-de-navarra-para-formar-a-las-20-personas-aspirantes-a-entrar-en-la-policia-municipal\/"},"author":{"name":"La Gu\u00eda de Pamplona","@id":"https:\/\/www.laguiadepamplona.com\/actualidad\/#\/schema\/person\/efe887376f0213d4657c93adc50b1fdb"},"headline":"Esta ma\u00f1ana se ha iniciado el curso de la Escuela de Seguridad y Emergencias de Navarra para formar a las 20 personas aspirantes a entrar en la Polic\u00eda Municipal","datePublished":"2018-04-26T16:07:00+00:00","mainEntityOfPage":{"@id":"https:\/\/www.laguiadepamplona.com\/actualidad\/esta-manana-se-ha-iniciado-el-curso-de-la-escuela-de-seguridad-y-emergencias-de-navarra-para-formar-a-las-20-personas-aspirantes-a-entrar-en-la-policia-municipal\/"},"wordCount":406,"commentCount":0,"publisher":{"@id":"https:\/\/www.laguiadepamplona.com\/actualidad\/#organization"},"image":{"@id":"https:\/\/www.laguiadepamplona.com\/actualidad\/esta-manana-se-ha-iniciado-el-curso-de-la-escuela-de-seguridad-y-emergencias-de-navarra-para-formar-a-las-20-personas-aspirantes-a-entrar-en-la-policia-municipal\/#primaryimage"},"thumbnailUrl":"https:\/\/www.laguiadepamplona.com\/actualidad\/wp-content\/uploads\/2018\/04\/18.04.26_inicio_curso_policia_municipal2.jpg","articleSection":["Ayto Pamplona"],"inLanguage":"es","potentialAction":[{"@type":"CommentAction","name":"Comment","target":["https:\/\/www.laguiadepamplona.com\/actualidad\/esta-manana-se-ha-iniciado-el-curso-de-la-escuela-de-seguridad-y-emergencias-de-navarra-para-formar-a-las-20-personas-aspirantes-a-entrar-en-la-policia-municipal\/#respond"]}]},{"@type":"WebPage","@id":"https:\/\/www.laguiadepamplona.com\/actualidad\/esta-manana-se-ha-iniciado-el-curso-de-la-escuela-de-seguridad-y-emergencias-de-navarra-para-formar-a-las-20-personas-aspirantes-a-entrar-en-la-policia-municipal\/","url":"https:\/\/www.laguiadepamplona.com\/actualidad\/esta-manana-se-ha-iniciado-el-curso-de-la-escuela-de-seguridad-y-emergencias-de-navarra-para-formar-a-las-20-personas-aspirantes-a-entrar-en-la-policia-municipal\/","name":"Esta ma\u00f1ana se ha iniciado el curso de la Escuela de Seguridad y Emergencias de Navarra para formar a las 20 personas aspirantes a entrar en la Polic\u00eda Municipal","isPartOf":{"@id":"https:\/\/www.laguiadepamplona.com\/actualidad\/#website"},"primaryImageOfPage":{"@id":"https:\/\/www.laguiadepamplona.com\/actualidad\/esta-manana-se-ha-iniciado-el-curso-de-la-escuela-de-seguridad-y-emergencias-de-navarra-para-formar-a-las-20-personas-aspirantes-a-entrar-en-la-policia-municipal\/#primaryimage"},"image":{"@id":"https:\/\/www.laguiadepamplona.com\/actualidad\/esta-manana-se-ha-iniciado-el-curso-de-la-escuela-de-seguridad-y-emergencias-de-navarra-para-formar-a-las-20-personas-aspirantes-a-entrar-en-la-policia-municipal\/#primaryimage"},"thumbnailUrl":"https:\/\/www.laguiadepamplona.com\/actualidad\/wp-content\/uploads\/2018\/04\/18.04.26_inicio_curso_policia_municipal2.jpg","datePublished":"2018-04-26T16:07:00+00:00","breadcrumb":{"@id":"https:\/\/www.laguiadepamplona.com\/actualidad\/esta-manana-se-ha-iniciado-el-curso-de-la-escuela-de-seguridad-y-emergencias-de-navarra-para-formar-a-las-20-personas-aspirantes-a-entrar-en-la-policia-municipal\/#breadcrumb"},"inLanguage":"es","potentialAction":[{"@type":"ReadAction","target":["https:\/\/www.laguiadepamplona.com\/actualidad\/esta-manana-se-ha-iniciado-el-curso-de-la-escuela-de-seguridad-y-emergencias-de-navarra-para-formar-a-las-20-personas-aspirantes-a-entrar-en-la-policia-municipal\/"]}]},{"@type":"ImageObject","inLanguage":"es","@id":"https:\/\/www.laguiadepamplona.com\/actualidad\/esta-manana-se-ha-iniciado-el-curso-de-la-escuela-de-seguridad-y-emergencias-de-navarra-para-formar-a-las-20-personas-aspirantes-a-entrar-en-la-policia-municipal\/#primaryimage","url":"https:\/\/www.laguiadepamplona.com\/actualidad\/wp-content\/uploads\/2018\/04\/18.04.26_inicio_curso_policia_municipal2.jpg","contentUrl":"https:\/\/www.laguiadepamplona.com\/actualidad\/wp-content\/uploads\/2018\/04\/18.04.26_inicio_curso_policia_municipal2.jpg","width":1000,"height":666},{"@type":"BreadcrumbList","@id":"https:\/\/www.laguiadepamplona.com\/actualidad\/esta-manana-se-ha-iniciado-el-curso-de-la-escuela-de-seguridad-y-emergencias-de-navarra-para-formar-a-las-20-personas-aspirantes-a-entrar-en-la-policia-municipal\/#breadcrumb","itemListElement":[{"@type":"ListItem","position":1,"name":"Portada","item":"https:\/\/www.laguiadepamplona.com\/actualidad\/"},{"@type":"ListItem","position":2,"name":"Esta ma\u00f1ana se ha iniciado el curso de la Escuela de Seguridad y Emergencias de Navarra para formar a las 20 personas aspirantes a entrar en la Polic\u00eda Municipal"}]},{"@type":"WebSite","@id":"https:\/\/www.laguiadepamplona.com\/actualidad\/#website","url":"https:\/\/www.laguiadepamplona.com\/actualidad\/","name":"La gu\u00eda de Pamplona","description":"Noticias de Pamplona","publisher":{"@id":"https:\/\/www.laguiadepamplona.com\/actualidad\/#organization"},"potentialAction":[{"@type":"SearchAction","target":{"@type":"EntryPoint","urlTemplate":"https:\/\/www.laguiadepamplona.com\/actualidad\/?s={search_term_string}"},"query-input":{"@type":"PropertyValueSpecification","valueRequired":true,"valueName":"search_term_string"}}],"inLanguage":"es"},{"@type":"Organization","@id":"https:\/\/www.laguiadepamplona.com\/actualidad\/#organization","name":"La Gu\u00eda de Pamplona \/ Noticias","url":"https:\/\/www.laguiadepamplona.com\/actualidad\/","logo":{"@type":"ImageObject","inLanguage":"es","@id":"https:\/\/www.laguiadepamplona.com\/actualidad\/#\/schema\/logo\/image\/","url":"https:\/\/www.laguiadepamplona.com\/actualidad\/wp-content\/uploads\/2018\/11\/logo-laguiadepamplona18-web1.png","contentUrl":"https:\/\/www.laguiadepamplona.com\/actualidad\/wp-content\/uploads\/2018\/11\/logo-laguiadepamplona18-web1.png","width":600,"height":196,"caption":"La Gu\u00eda de Pamplona \/ Noticias"},"image":{"@id":"https:\/\/www.laguiadepamplona.com\/actualidad\/#\/schema\/logo\/image\/"},"sameAs":["https:\/\/www.facebook.com\/laguiadepamplonacom-133175176762273\/?ref=hl","https:\/\/x.com\/LaGuiadPamplona","https:\/\/www.instagram.com\/la_guia_de_pamplona\/","https:\/\/www.youtube.com\/user\/laguiadepamplona"]},{"@type":"Person","@id":"https:\/\/www.laguiadepamplona.com\/actualidad\/#\/schema\/person\/efe887376f0213d4657c93adc50b1fdb","name":"La Gu\u00eda de Pamplona","image":{"@type":"ImageObject","inLanguage":"es","@id":"https:\/\/secure.gravatar.com\/avatar\/b6992f131dc8d30ab0dff15446e9d346d9dbd95992de0fef795073f5ea83a81c?s=96&d=mm&r=g","url":"https:\/\/secure.gravatar.com\/avatar\/b6992f131dc8d30ab0dff15446e9d346d9dbd95992de0fef795073f5ea83a81c?s=96&d=mm&r=g","contentUrl":"https:\/\/secure.gravatar.com\/avatar\/b6992f131dc8d30ab0dff15446e9d346d9dbd95992de0fef795073f5ea83a81c?s=96&d=mm&r=g","caption":"La Gu\u00eda de Pamplona"}}]}},"post_mailing_queue_ids":[],"_links":{"self":[{"href":"https:\/\/www.laguiadepamplona.com\/actualidad\/wp-json\/wp\/v2\/posts\/17123","targetHints":{"allow":["GET"]}}],"collection":[{"href":"https:\/\/www.laguiadepamplona.com\/actualidad\/wp-json\/wp\/v2\/posts"}],"about":[{"href":"https:\/\/www.laguiadepamplona.com\/actualidad\/wp-json\/wp\/v2\/types\/post"}],"author":[{"embeddable":true,"href":"https:\/\/www.laguiadepamplona.com\/actualidad\/wp-json\/wp\/v2\/users\/1"}],"replies":[{"embeddable":true,"href":"https:\/\/www.laguiadepamplona.com\/actualidad\/wp-json\/wp\/v2\/comments?post=17123"}],"version-history":[{"count":0,"href":"https:\/\/www.laguiadepamplona.com\/actualidad\/wp-json\/wp\/v2\/posts\/17123\/revisions"}],"wp:featuredmedia":[{"embeddable":true,"href":"https:\/\/www.laguiadepamplona.com\/actualidad\/wp-json\/wp\/v2\/media\/17124"}],"wp:attachment":[{"href":"https:\/\/www.laguiadepamplona.com\/actualidad\/wp-json\/wp\/v2\/media?parent=17123"}],"wp:term":[{"taxonomy":"category","embeddable":true,"href":"https:\/\/www.laguiadepamplona.com\/actualidad\/wp-json\/wp\/v2\/categories?post=17123"},{"taxonomy":"post_tag","embeddable":true,"href":"https:\/\/www.laguiadepamplona.com\/actualidad\/wp-json\/wp\/v2\/tags?post=17123"}],"curies":[{"name":"wp","href":"https:\/\/api.w.org\/{rel}","templated":true}]}}