{"id":17121,"date":"2018-04-26T17:04:18","date_gmt":"2018-04-26T16:04:18","guid":{"rendered":"http:\/\/laguiadepamplona.es\/actualidad\/?p=17121"},"modified":"2018-04-26T17:04:18","modified_gmt":"2018-04-26T16:04:18","slug":"policia-municipal-de-pamplona-estrena-manana-uniforme-de-color-azul-similar-al-del-resto-de-policias-locales-de-navarra","status":"publish","type":"post","link":"https:\/\/www.laguiadepamplona.com\/actualidad\/policia-municipal-de-pamplona-estrena-manana-uniforme-de-color-azul-similar-al-del-resto-de-policias-locales-de-navarra\/","title":{"rendered":"Polic\u00eda Municipal de Pamplona estrena ma\u00f1ana uniforme de color azul, similar al del resto de polic\u00edas locales de Navarra"},"content":{"rendered":"<h3>Celebrar\u00e1 ma\u00f1ana viernes el d\u00eda de las Polic\u00edas Municipales de la Comarca, que este a\u00f1o tiene sede en el Valle de Eg\u00fces<\/h3>\n<p><!--more--><\/p>\n<p>Polic\u00eda Municipal de Pamplona estrena ma\u00f1ana uniforme de color azul, similar al del resto de polic\u00edas locales de Navarra. Lo har\u00e1 coincidiendo con la celebraci\u00f3n del d\u00eda de las Polic\u00edas Municipales de la Comarca, que se celebra el \u00faltimo viernes de abril, y que este a\u00f1o tendr\u00e1 como sede la localidad del Valle de Eg\u00fces. Los agentes pasar\u00e1n as\u00ed del amarillo actual al azul, en cumplimiento de las recomendaciones de la Uni\u00f3n Europea.<\/p>\n<p>El cambio de uniforme tiene adem\u00e1s como objetivo la amabilizaci\u00f3n de la imagen del Cuerpo de Polic\u00eda Municipal, de cara al impulso y la consecuci\u00f3n de un nuevo modelo de polic\u00eda basado en la proximidad estrat\u00e9gica.<\/p>\n<p>La principal novedad es el cambio del color amarillo por el azul, pero adem\u00e1s habr\u00e1 otras modificaciones. As\u00ed, la identificaci\u00f3n de los agentes estar\u00e1 ahora en el pecho y no se serigrafiar\u00e1 el n\u00famero de cada polic\u00eda, sino que se colocar\u00e1 con velcro. Esto permitir\u00e1 no personalizar los uniformes, sino solo las identificaciones, que se colgar\u00e1n del velcro, lo que se traducir\u00e1 en un ahorro econ\u00f3mico. La rotulaci\u00f3n seguir\u00e1 como hasta ahora, en castellano y en euskera, pero igualando el tama\u00f1o de la letra de ambos idiomas.<\/p>\n<p>El Ayuntamiento de Pamplona ha esperado a acabar con el stock de equipamiento de color amarillo para, en el momento de reponer, hacerlo con el color azul y las nuevas caracter\u00edsticas del uniforme con el fin de no aumentar los gastos de suministro. El cambio de uniformidad ser\u00e1 progresivo en funci\u00f3n de la durabilidad de las anteriormente prendas.<\/p>\n<p>&nbsp;<\/p>\n","protected":false},"excerpt":{"rendered":"<p>Celebrar\u00e1 ma\u00f1ana viernes el d\u00eda de las Polic\u00edas Municipales de la Comarca, que este a\u00f1o tiene sede en el Valle de Eg\u00fces<\/p>\n","protected":false},"author":1,"featured_media":14500,"comment_status":"open","ping_status":"closed","sticky":false,"template":"","format":"standard","meta":{"footnotes":""},"categories":[2],"tags":[],"class_list":["post-17121","post","type-post","status-publish","format-standard","has-post-thumbnail","hentry","category-ayuntamiento-pamplona"],"yoast_head":"<!-- This site is optimized with the Yoast SEO plugin v27.3 - https:\/\/yoast.com\/product\/yoast-seo-wordpress\/ -->\n<title>Polic\u00eda Municipal de Pamplona estrena ma\u00f1ana uniforme de color azul, similar al del resto de polic\u00edas locales de Navarra<\/title>\n<meta name=\"robots\" content=\"index, follow, max-snippet:-1, max-image-preview:large, max-video-preview:-1\" \/>\n<link rel=\"canonical\" href=\"https:\/\/www.laguiadepamplona.com\/actualidad\/policia-municipal-de-pamplona-estrena-manana-uniforme-de-color-azul-similar-al-del-resto-de-policias-locales-de-navarra\/\" \/>\n<meta property=\"og:locale\" content=\"es_ES\" \/>\n<meta property=\"og:type\" content=\"article\" \/>\n<meta property=\"og:title\" content=\"Polic\u00eda Municipal de Pamplona estrena ma\u00f1ana uniforme de color azul, similar al del resto de polic\u00edas locales de Navarra\" \/>\n<meta property=\"og:description\" content=\"Celebrar\u00e1 ma\u00f1ana viernes el d\u00eda de las Polic\u00edas Municipales de la Comarca, que este a\u00f1o tiene sede en el Valle de Eg\u00fces\" \/>\n<meta property=\"og:url\" content=\"https:\/\/www.laguiadepamplona.com\/actualidad\/policia-municipal-de-pamplona-estrena-manana-uniforme-de-color-azul-similar-al-del-resto-de-policias-locales-de-navarra\/\" \/>\n<meta property=\"og:site_name\" content=\"La Gu\u00eda de Pamplona\" \/>\n<meta property=\"article:publisher\" content=\"https:\/\/www.facebook.com\/laguiadepamplonacom-133175176762273\/?ref=hl\" \/>\n<meta property=\"article:published_time\" content=\"2018-04-26T16:04:18+00:00\" \/>\n<meta property=\"og:image\" content=\"https:\/\/www.laguiadepamplona.com\/actualidad\/wp-content\/uploads\/2017\/09\/POLIC\u00cdA-MUNICIPAL_Nueva-imagen_1-1.jpg\" \/>\n\t<meta property=\"og:image:width\" content=\"1000\" \/>\n\t<meta property=\"og:image:height\" content=\"666\" \/>\n\t<meta property=\"og:image:type\" content=\"image\/jpeg\" \/>\n<meta name=\"author\" content=\"La Gu\u00eda de Pamplona\" \/>\n<meta name=\"twitter:card\" content=\"summary_large_image\" \/>\n<meta name=\"twitter:creator\" content=\"@LaGuiadPamplona\" \/>\n<meta name=\"twitter:site\" content=\"@LaGuiadPamplona\" \/>\n<meta name=\"twitter:label1\" content=\"Escrito por\" \/>\n\t<meta name=\"twitter:data1\" content=\"La Gu\u00eda de Pamplona\" \/>\n\t<meta name=\"twitter:label2\" content=\"Tiempo de lectura\" \/>\n\t<meta name=\"twitter:data2\" content=\"2 minutos\" \/>\n<script type=\"application\/ld+json\" class=\"yoast-schema-graph\">{\"@context\":\"https:\\\/\\\/schema.org\",\"@graph\":[{\"@type\":\"Article\",\"@id\":\"https:\\\/\\\/www.laguiadepamplona.com\\\/actualidad\\\/policia-municipal-de-pamplona-estrena-manana-uniforme-de-color-azul-similar-al-del-resto-de-policias-locales-de-navarra\\\/#article\",\"isPartOf\":{\"@id\":\"https:\\\/\\\/www.laguiadepamplona.com\\\/actualidad\\\/policia-municipal-de-pamplona-estrena-manana-uniforme-de-color-azul-similar-al-del-resto-de-policias-locales-de-navarra\\\/\"},\"author\":{\"name\":\"La Gu\u00eda de Pamplona\",\"@id\":\"https:\\\/\\\/www.laguiadepamplona.com\\\/actualidad\\\/#\\\/schema\\\/person\\\/efe887376f0213d4657c93adc50b1fdb\"},\"headline\":\"Polic\u00eda Municipal de Pamplona estrena ma\u00f1ana uniforme de color azul, similar al del resto de polic\u00edas locales de Navarra\",\"datePublished\":\"2018-04-26T16:04:18+00:00\",\"mainEntityOfPage\":{\"@id\":\"https:\\\/\\\/www.laguiadepamplona.com\\\/actualidad\\\/policia-municipal-de-pamplona-estrena-manana-uniforme-de-color-azul-similar-al-del-resto-de-policias-locales-de-navarra\\\/\"},\"wordCount\":330,\"commentCount\":0,\"publisher\":{\"@id\":\"https:\\\/\\\/www.laguiadepamplona.com\\\/actualidad\\\/#organization\"},\"image\":{\"@id\":\"https:\\\/\\\/www.laguiadepamplona.com\\\/actualidad\\\/policia-municipal-de-pamplona-estrena-manana-uniforme-de-color-azul-similar-al-del-resto-de-policias-locales-de-navarra\\\/#primaryimage\"},\"thumbnailUrl\":\"https:\\\/\\\/www.laguiadepamplona.com\\\/actualidad\\\/wp-content\\\/uploads\\\/2017\\\/09\\\/POLIC\u00cdA-MUNICIPAL_Nueva-imagen_1-1.jpg\",\"articleSection\":[\"Ayto Pamplona\"],\"inLanguage\":\"es\",\"potentialAction\":[{\"@type\":\"CommentAction\",\"name\":\"Comment\",\"target\":[\"https:\\\/\\\/www.laguiadepamplona.com\\\/actualidad\\\/policia-municipal-de-pamplona-estrena-manana-uniforme-de-color-azul-similar-al-del-resto-de-policias-locales-de-navarra\\\/#respond\"]}]},{\"@type\":\"WebPage\",\"@id\":\"https:\\\/\\\/www.laguiadepamplona.com\\\/actualidad\\\/policia-municipal-de-pamplona-estrena-manana-uniforme-de-color-azul-similar-al-del-resto-de-policias-locales-de-navarra\\\/\",\"url\":\"https:\\\/\\\/www.laguiadepamplona.com\\\/actualidad\\\/policia-municipal-de-pamplona-estrena-manana-uniforme-de-color-azul-similar-al-del-resto-de-policias-locales-de-navarra\\\/\",\"name\":\"Polic\u00eda Municipal de Pamplona estrena ma\u00f1ana uniforme de color azul, similar al del resto de polic\u00edas locales de Navarra\",\"isPartOf\":{\"@id\":\"https:\\\/\\\/www.laguiadepamplona.com\\\/actualidad\\\/#website\"},\"primaryImageOfPage\":{\"@id\":\"https:\\\/\\\/www.laguiadepamplona.com\\\/actualidad\\\/policia-municipal-de-pamplona-estrena-manana-uniforme-de-color-azul-similar-al-del-resto-de-policias-locales-de-navarra\\\/#primaryimage\"},\"image\":{\"@id\":\"https:\\\/\\\/www.laguiadepamplona.com\\\/actualidad\\\/policia-municipal-de-pamplona-estrena-manana-uniforme-de-color-azul-similar-al-del-resto-de-policias-locales-de-navarra\\\/#primaryimage\"},\"thumbnailUrl\":\"https:\\\/\\\/www.laguiadepamplona.com\\\/actualidad\\\/wp-content\\\/uploads\\\/2017\\\/09\\\/POLIC\u00cdA-MUNICIPAL_Nueva-imagen_1-1.jpg\",\"datePublished\":\"2018-04-26T16:04:18+00:00\",\"breadcrumb\":{\"@id\":\"https:\\\/\\\/www.laguiadepamplona.com\\\/actualidad\\\/policia-municipal-de-pamplona-estrena-manana-uniforme-de-color-azul-similar-al-del-resto-de-policias-locales-de-navarra\\\/#breadcrumb\"},\"inLanguage\":\"es\",\"potentialAction\":[{\"@type\":\"ReadAction\",\"target\":[\"https:\\\/\\\/www.laguiadepamplona.com\\\/actualidad\\\/policia-municipal-de-pamplona-estrena-manana-uniforme-de-color-azul-similar-al-del-resto-de-policias-locales-de-navarra\\\/\"]}]},{\"@type\":\"ImageObject\",\"inLanguage\":\"es\",\"@id\":\"https:\\\/\\\/www.laguiadepamplona.com\\\/actualidad\\\/policia-municipal-de-pamplona-estrena-manana-uniforme-de-color-azul-similar-al-del-resto-de-policias-locales-de-navarra\\\/#primaryimage\",\"url\":\"https:\\\/\\\/www.laguiadepamplona.com\\\/actualidad\\\/wp-content\\\/uploads\\\/2017\\\/09\\\/POLIC\u00cdA-MUNICIPAL_Nueva-imagen_1-1.jpg\",\"contentUrl\":\"https:\\\/\\\/www.laguiadepamplona.com\\\/actualidad\\\/wp-content\\\/uploads\\\/2017\\\/09\\\/POLIC\u00cdA-MUNICIPAL_Nueva-imagen_1-1.jpg\",\"width\":1000,\"height\":666},{\"@type\":\"BreadcrumbList\",\"@id\":\"https:\\\/\\\/www.laguiadepamplona.com\\\/actualidad\\\/policia-municipal-de-pamplona-estrena-manana-uniforme-de-color-azul-similar-al-del-resto-de-policias-locales-de-navarra\\\/#breadcrumb\",\"itemListElement\":[{\"@type\":\"ListItem\",\"position\":1,\"name\":\"Portada\",\"item\":\"https:\\\/\\\/www.laguiadepamplona.com\\\/actualidad\\\/\"},{\"@type\":\"ListItem\",\"position\":2,\"name\":\"Polic\u00eda Municipal de Pamplona estrena ma\u00f1ana uniforme de color azul, similar al del resto de polic\u00edas locales de Navarra\"}]},{\"@type\":\"WebSite\",\"@id\":\"https:\\\/\\\/www.laguiadepamplona.com\\\/actualidad\\\/#website\",\"url\":\"https:\\\/\\\/www.laguiadepamplona.com\\\/actualidad\\\/\",\"name\":\"La gu\u00eda de Pamplona\",\"description\":\"Noticias de Pamplona\",\"publisher\":{\"@id\":\"https:\\\/\\\/www.laguiadepamplona.com\\\/actualidad\\\/#organization\"},\"potentialAction\":[{\"@type\":\"SearchAction\",\"target\":{\"@type\":\"EntryPoint\",\"urlTemplate\":\"https:\\\/\\\/www.laguiadepamplona.com\\\/actualidad\\\/?s={search_term_string}\"},\"query-input\":{\"@type\":\"PropertyValueSpecification\",\"valueRequired\":true,\"valueName\":\"search_term_string\"}}],\"inLanguage\":\"es\"},{\"@type\":\"Organization\",\"@id\":\"https:\\\/\\\/www.laguiadepamplona.com\\\/actualidad\\\/#organization\",\"name\":\"La Gu\u00eda de Pamplona \\\/ Noticias\",\"url\":\"https:\\\/\\\/www.laguiadepamplona.com\\\/actualidad\\\/\",\"logo\":{\"@type\":\"ImageObject\",\"inLanguage\":\"es\",\"@id\":\"https:\\\/\\\/www.laguiadepamplona.com\\\/actualidad\\\/#\\\/schema\\\/logo\\\/image\\\/\",\"url\":\"https:\\\/\\\/www.laguiadepamplona.com\\\/actualidad\\\/wp-content\\\/uploads\\\/2018\\\/11\\\/logo-laguiadepamplona18-web1.png\",\"contentUrl\":\"https:\\\/\\\/www.laguiadepamplona.com\\\/actualidad\\\/wp-content\\\/uploads\\\/2018\\\/11\\\/logo-laguiadepamplona18-web1.png\",\"width\":600,\"height\":196,\"caption\":\"La Gu\u00eda de Pamplona \\\/ Noticias\"},\"image\":{\"@id\":\"https:\\\/\\\/www.laguiadepamplona.com\\\/actualidad\\\/#\\\/schema\\\/logo\\\/image\\\/\"},\"sameAs\":[\"https:\\\/\\\/www.facebook.com\\\/laguiadepamplonacom-133175176762273\\\/?ref=hl\",\"https:\\\/\\\/x.com\\\/LaGuiadPamplona\",\"https:\\\/\\\/www.instagram.com\\\/la_guia_de_pamplona\\\/\",\"https:\\\/\\\/www.youtube.com\\\/user\\\/laguiadepamplona\"]},{\"@type\":\"Person\",\"@id\":\"https:\\\/\\\/www.laguiadepamplona.com\\\/actualidad\\\/#\\\/schema\\\/person\\\/efe887376f0213d4657c93adc50b1fdb\",\"name\":\"La Gu\u00eda de Pamplona\",\"image\":{\"@type\":\"ImageObject\",\"inLanguage\":\"es\",\"@id\":\"https:\\\/\\\/secure.gravatar.com\\\/avatar\\\/b6992f131dc8d30ab0dff15446e9d346d9dbd95992de0fef795073f5ea83a81c?s=96&d=mm&r=g\",\"url\":\"https:\\\/\\\/secure.gravatar.com\\\/avatar\\\/b6992f131dc8d30ab0dff15446e9d346d9dbd95992de0fef795073f5ea83a81c?s=96&d=mm&r=g\",\"contentUrl\":\"https:\\\/\\\/secure.gravatar.com\\\/avatar\\\/b6992f131dc8d30ab0dff15446e9d346d9dbd95992de0fef795073f5ea83a81c?s=96&d=mm&r=g\",\"caption\":\"La Gu\u00eda de Pamplona\"}}]}<\/script>\n<!-- \/ Yoast SEO plugin. -->","yoast_head_json":{"title":"Polic\u00eda Municipal de Pamplona estrena ma\u00f1ana uniforme de color azul, similar al del resto de polic\u00edas locales de Navarra","robots":{"index":"index","follow":"follow","max-snippet":"max-snippet:-1","max-image-preview":"max-image-preview:large","max-video-preview":"max-video-preview:-1"},"canonical":"https:\/\/www.laguiadepamplona.com\/actualidad\/policia-municipal-de-pamplona-estrena-manana-uniforme-de-color-azul-similar-al-del-resto-de-policias-locales-de-navarra\/","og_locale":"es_ES","og_type":"article","og_title":"Polic\u00eda Municipal de Pamplona estrena ma\u00f1ana uniforme de color azul, similar al del resto de polic\u00edas locales de Navarra","og_description":"Celebrar\u00e1 ma\u00f1ana viernes el d\u00eda de las Polic\u00edas Municipales de la Comarca, que este a\u00f1o tiene sede en el Valle de Eg\u00fces","og_url":"https:\/\/www.laguiadepamplona.com\/actualidad\/policia-municipal-de-pamplona-estrena-manana-uniforme-de-color-azul-similar-al-del-resto-de-policias-locales-de-navarra\/","og_site_name":"La Gu\u00eda de Pamplona","article_publisher":"https:\/\/www.facebook.com\/laguiadepamplonacom-133175176762273\/?ref=hl","article_published_time":"2018-04-26T16:04:18+00:00","og_image":[{"width":1000,"height":666,"url":"https:\/\/www.laguiadepamplona.com\/actualidad\/wp-content\/uploads\/2017\/09\/POLIC\u00cdA-MUNICIPAL_Nueva-imagen_1-1.jpg","type":"image\/jpeg"}],"author":"La Gu\u00eda de Pamplona","twitter_card":"summary_large_image","twitter_creator":"@LaGuiadPamplona","twitter_site":"@LaGuiadPamplona","twitter_misc":{"Escrito por":"La Gu\u00eda de Pamplona","Tiempo de lectura":"2 minutos"},"schema":{"@context":"https:\/\/schema.org","@graph":[{"@type":"Article","@id":"https:\/\/www.laguiadepamplona.com\/actualidad\/policia-municipal-de-pamplona-estrena-manana-uniforme-de-color-azul-similar-al-del-resto-de-policias-locales-de-navarra\/#article","isPartOf":{"@id":"https:\/\/www.laguiadepamplona.com\/actualidad\/policia-municipal-de-pamplona-estrena-manana-uniforme-de-color-azul-similar-al-del-resto-de-policias-locales-de-navarra\/"},"author":{"name":"La Gu\u00eda de Pamplona","@id":"https:\/\/www.laguiadepamplona.com\/actualidad\/#\/schema\/person\/efe887376f0213d4657c93adc50b1fdb"},"headline":"Polic\u00eda Municipal de Pamplona estrena ma\u00f1ana uniforme de color azul, similar al del resto de polic\u00edas locales de Navarra","datePublished":"2018-04-26T16:04:18+00:00","mainEntityOfPage":{"@id":"https:\/\/www.laguiadepamplona.com\/actualidad\/policia-municipal-de-pamplona-estrena-manana-uniforme-de-color-azul-similar-al-del-resto-de-policias-locales-de-navarra\/"},"wordCount":330,"commentCount":0,"publisher":{"@id":"https:\/\/www.laguiadepamplona.com\/actualidad\/#organization"},"image":{"@id":"https:\/\/www.laguiadepamplona.com\/actualidad\/policia-municipal-de-pamplona-estrena-manana-uniforme-de-color-azul-similar-al-del-resto-de-policias-locales-de-navarra\/#primaryimage"},"thumbnailUrl":"https:\/\/www.laguiadepamplona.com\/actualidad\/wp-content\/uploads\/2017\/09\/POLIC\u00cdA-MUNICIPAL_Nueva-imagen_1-1.jpg","articleSection":["Ayto Pamplona"],"inLanguage":"es","potentialAction":[{"@type":"CommentAction","name":"Comment","target":["https:\/\/www.laguiadepamplona.com\/actualidad\/policia-municipal-de-pamplona-estrena-manana-uniforme-de-color-azul-similar-al-del-resto-de-policias-locales-de-navarra\/#respond"]}]},{"@type":"WebPage","@id":"https:\/\/www.laguiadepamplona.com\/actualidad\/policia-municipal-de-pamplona-estrena-manana-uniforme-de-color-azul-similar-al-del-resto-de-policias-locales-de-navarra\/","url":"https:\/\/www.laguiadepamplona.com\/actualidad\/policia-municipal-de-pamplona-estrena-manana-uniforme-de-color-azul-similar-al-del-resto-de-policias-locales-de-navarra\/","name":"Polic\u00eda Municipal de Pamplona estrena ma\u00f1ana uniforme de color azul, similar al del resto de polic\u00edas locales de Navarra","isPartOf":{"@id":"https:\/\/www.laguiadepamplona.com\/actualidad\/#website"},"primaryImageOfPage":{"@id":"https:\/\/www.laguiadepamplona.com\/actualidad\/policia-municipal-de-pamplona-estrena-manana-uniforme-de-color-azul-similar-al-del-resto-de-policias-locales-de-navarra\/#primaryimage"},"image":{"@id":"https:\/\/www.laguiadepamplona.com\/actualidad\/policia-municipal-de-pamplona-estrena-manana-uniforme-de-color-azul-similar-al-del-resto-de-policias-locales-de-navarra\/#primaryimage"},"thumbnailUrl":"https:\/\/www.laguiadepamplona.com\/actualidad\/wp-content\/uploads\/2017\/09\/POLIC\u00cdA-MUNICIPAL_Nueva-imagen_1-1.jpg","datePublished":"2018-04-26T16:04:18+00:00","breadcrumb":{"@id":"https:\/\/www.laguiadepamplona.com\/actualidad\/policia-municipal-de-pamplona-estrena-manana-uniforme-de-color-azul-similar-al-del-resto-de-policias-locales-de-navarra\/#breadcrumb"},"inLanguage":"es","potentialAction":[{"@type":"ReadAction","target":["https:\/\/www.laguiadepamplona.com\/actualidad\/policia-municipal-de-pamplona-estrena-manana-uniforme-de-color-azul-similar-al-del-resto-de-policias-locales-de-navarra\/"]}]},{"@type":"ImageObject","inLanguage":"es","@id":"https:\/\/www.laguiadepamplona.com\/actualidad\/policia-municipal-de-pamplona-estrena-manana-uniforme-de-color-azul-similar-al-del-resto-de-policias-locales-de-navarra\/#primaryimage","url":"https:\/\/www.laguiadepamplona.com\/actualidad\/wp-content\/uploads\/2017\/09\/POLIC\u00cdA-MUNICIPAL_Nueva-imagen_1-1.jpg","contentUrl":"https:\/\/www.laguiadepamplona.com\/actualidad\/wp-content\/uploads\/2017\/09\/POLIC\u00cdA-MUNICIPAL_Nueva-imagen_1-1.jpg","width":1000,"height":666},{"@type":"BreadcrumbList","@id":"https:\/\/www.laguiadepamplona.com\/actualidad\/policia-municipal-de-pamplona-estrena-manana-uniforme-de-color-azul-similar-al-del-resto-de-policias-locales-de-navarra\/#breadcrumb","itemListElement":[{"@type":"ListItem","position":1,"name":"Portada","item":"https:\/\/www.laguiadepamplona.com\/actualidad\/"},{"@type":"ListItem","position":2,"name":"Polic\u00eda Municipal de Pamplona estrena ma\u00f1ana uniforme de color azul, similar al del resto de polic\u00edas locales de Navarra"}]},{"@type":"WebSite","@id":"https:\/\/www.laguiadepamplona.com\/actualidad\/#website","url":"https:\/\/www.laguiadepamplona.com\/actualidad\/","name":"La gu\u00eda de Pamplona","description":"Noticias de Pamplona","publisher":{"@id":"https:\/\/www.laguiadepamplona.com\/actualidad\/#organization"},"potentialAction":[{"@type":"SearchAction","target":{"@type":"EntryPoint","urlTemplate":"https:\/\/www.laguiadepamplona.com\/actualidad\/?s={search_term_string}"},"query-input":{"@type":"PropertyValueSpecification","valueRequired":true,"valueName":"search_term_string"}}],"inLanguage":"es"},{"@type":"Organization","@id":"https:\/\/www.laguiadepamplona.com\/actualidad\/#organization","name":"La Gu\u00eda de Pamplona \/ Noticias","url":"https:\/\/www.laguiadepamplona.com\/actualidad\/","logo":{"@type":"ImageObject","inLanguage":"es","@id":"https:\/\/www.laguiadepamplona.com\/actualidad\/#\/schema\/logo\/image\/","url":"https:\/\/www.laguiadepamplona.com\/actualidad\/wp-content\/uploads\/2018\/11\/logo-laguiadepamplona18-web1.png","contentUrl":"https:\/\/www.laguiadepamplona.com\/actualidad\/wp-content\/uploads\/2018\/11\/logo-laguiadepamplona18-web1.png","width":600,"height":196,"caption":"La Gu\u00eda de Pamplona \/ Noticias"},"image":{"@id":"https:\/\/www.laguiadepamplona.com\/actualidad\/#\/schema\/logo\/image\/"},"sameAs":["https:\/\/www.facebook.com\/laguiadepamplonacom-133175176762273\/?ref=hl","https:\/\/x.com\/LaGuiadPamplona","https:\/\/www.instagram.com\/la_guia_de_pamplona\/","https:\/\/www.youtube.com\/user\/laguiadepamplona"]},{"@type":"Person","@id":"https:\/\/www.laguiadepamplona.com\/actualidad\/#\/schema\/person\/efe887376f0213d4657c93adc50b1fdb","name":"La Gu\u00eda de Pamplona","image":{"@type":"ImageObject","inLanguage":"es","@id":"https:\/\/secure.gravatar.com\/avatar\/b6992f131dc8d30ab0dff15446e9d346d9dbd95992de0fef795073f5ea83a81c?s=96&d=mm&r=g","url":"https:\/\/secure.gravatar.com\/avatar\/b6992f131dc8d30ab0dff15446e9d346d9dbd95992de0fef795073f5ea83a81c?s=96&d=mm&r=g","contentUrl":"https:\/\/secure.gravatar.com\/avatar\/b6992f131dc8d30ab0dff15446e9d346d9dbd95992de0fef795073f5ea83a81c?s=96&d=mm&r=g","caption":"La Gu\u00eda de Pamplona"}}]}},"post_mailing_queue_ids":[],"_links":{"self":[{"href":"https:\/\/www.laguiadepamplona.com\/actualidad\/wp-json\/wp\/v2\/posts\/17121","targetHints":{"allow":["GET"]}}],"collection":[{"href":"https:\/\/www.laguiadepamplona.com\/actualidad\/wp-json\/wp\/v2\/posts"}],"about":[{"href":"https:\/\/www.laguiadepamplona.com\/actualidad\/wp-json\/wp\/v2\/types\/post"}],"author":[{"embeddable":true,"href":"https:\/\/www.laguiadepamplona.com\/actualidad\/wp-json\/wp\/v2\/users\/1"}],"replies":[{"embeddable":true,"href":"https:\/\/www.laguiadepamplona.com\/actualidad\/wp-json\/wp\/v2\/comments?post=17121"}],"version-history":[{"count":0,"href":"https:\/\/www.laguiadepamplona.com\/actualidad\/wp-json\/wp\/v2\/posts\/17121\/revisions"}],"wp:featuredmedia":[{"embeddable":true,"href":"https:\/\/www.laguiadepamplona.com\/actualidad\/wp-json\/wp\/v2\/media\/14500"}],"wp:attachment":[{"href":"https:\/\/www.laguiadepamplona.com\/actualidad\/wp-json\/wp\/v2\/media?parent=17121"}],"wp:term":[{"taxonomy":"category","embeddable":true,"href":"https:\/\/www.laguiadepamplona.com\/actualidad\/wp-json\/wp\/v2\/categories?post=17121"},{"taxonomy":"post_tag","embeddable":true,"href":"https:\/\/www.laguiadepamplona.com\/actualidad\/wp-json\/wp\/v2\/tags?post=17121"}],"curies":[{"name":"wp","href":"https:\/\/api.w.org\/{rel}","templated":true}]}}