{"id":17119,"date":"2018-04-26T10:36:36","date_gmt":"2018-04-26T09:36:36","guid":{"rendered":"http:\/\/laguiadepamplona.es\/actualidad\/?p=17119"},"modified":"2018-04-26T10:36:36","modified_gmt":"2018-04-26T09:36:36","slug":"el-lunes-concluye-el-plazo-para-la-presentacion-de-obras-para-el-xi-premio-internacional-de-poesia-ciudad-de-pamplona","status":"publish","type":"post","link":"https:\/\/www.laguiadepamplona.com\/actualidad\/el-lunes-concluye-el-plazo-para-la-presentacion-de-obras-para-el-xi-premio-internacional-de-poesia-ciudad-de-pamplona\/","title":{"rendered":"El lunes concluye el plazo para la presentaci\u00f3n de obras para el XI Premio Internacional de Poes\u00eda Ciudad de Pamplona"},"content":{"rendered":"<h3>El certamen cuenta con modalidades en castellano y euskera, dos premios de 3.000 euros y la publicaci\u00f3n de las obras ganadoras<!--more--><\/h3>\n<p>La und\u00e9cima edici\u00f3n del Premio Internacional de Poes\u00eda Ciudad de Pamplona finaliza este lunes 30 de abril, a las 14 horas, el plazo de presentaci\u00f3n de obras. Por tercer a\u00f1o consecutivo se premiar\u00e1n poemarios tanto en castellano como en euskera. El Ayuntamiento de Pamplona y el Ateneo Navarro han convocado un a\u00f1o m\u00e1s este certamen, que est\u00e1 dotado con 3.000 euros en cada una de las modalidades ling\u00fc\u00edsticas, adem\u00e1s de una escultura y la publicaci\u00f3n de las obras ganadoras. El fallo del premio se har\u00e1 p\u00fablico durante el mes de junio de este a\u00f1o y la entrega se realizar\u00e1 en el \u00faltimo trimestre.<\/p>\n<p>Al concurso se puede presenta obras in\u00e9ditas en su totalidad, que no hayan obtenido ning\u00fan premio en otros concursos de poes\u00eda previamente fallados y que no est\u00e9n participando en otro certamen po\u00e9tico. Las personas ganadoras de a\u00f1os precedentes tampoco podr\u00e1n presentarse. Las bases establecen una extensi\u00f3n entre 400 y 800 versos, con tema libre. Los trabajos se tienen que enviar por correo certificado al Ateneo Navarro (avenida de Bara\u00f1\u00e1in, 10-1\u00ba A. 31008 Pamplona) o por correo electr\u00f3nico a la direcci\u00f3n ateneo@ateneonavarro.es en dos archivos adjuntos, uno con los datos del autor y otro con la obra.<\/p>\n<p>Las obras deber\u00e1n enviarse por cuatriplicado, en ejemplares separados, en tama\u00f1o DIN A-4, debidamente numeradas sus p\u00e1ginas y cosidas, grapadas o encuadernadas. Los poemas estar\u00e1n escritos a doble espacio y mecanografiados por una sola cara. Los originales podr\u00e1n presentarse por el sistema de lema y plica. En la portada han de llevar t\u00edtulo y lema. En un sobre cerrado adjunto constar\u00e1 el nombre del autor, su nacionalidad, domicilio y una copia del documento de identificaci\u00f3n o del pasaporte, tel\u00e9fono de contacto y\/o correo electr\u00f3nico. Ha de acompa\u00f1arse de una breve bibliograf\u00eda del autor y de un documento certificando que dicha obra no se ha presentado a ning\u00fan otro certamen literario vigente.<\/p>\n<p>&nbsp;<\/p>\n","protected":false},"excerpt":{"rendered":"<p>El certamen cuenta con modalidades en castellano y euskera, dos premios de 3.000 euros y la publicaci\u00f3n de las obras ganadoras<\/p>\n","protected":false},"author":1,"featured_media":11041,"comment_status":"open","ping_status":"closed","sticky":false,"template":"","format":"standard","meta":{"footnotes":""},"categories":[2],"tags":[],"class_list":["post-17119","post","type-post","status-publish","format-standard","has-post-thumbnail","hentry","category-ayuntamiento-pamplona"],"yoast_head":"<!-- This site is optimized with the Yoast SEO plugin v27.3 - https:\/\/yoast.com\/product\/yoast-seo-wordpress\/ -->\n<title>El lunes concluye el plazo para la presentaci\u00f3n de obras para el XI Premio Internacional de Poes\u00eda Ciudad de Pamplona<\/title>\n<meta name=\"robots\" content=\"index, follow, max-snippet:-1, max-image-preview:large, max-video-preview:-1\" \/>\n<link rel=\"canonical\" href=\"https:\/\/www.laguiadepamplona.com\/actualidad\/el-lunes-concluye-el-plazo-para-la-presentacion-de-obras-para-el-xi-premio-internacional-de-poesia-ciudad-de-pamplona\/\" \/>\n<meta property=\"og:locale\" content=\"es_ES\" \/>\n<meta property=\"og:type\" content=\"article\" \/>\n<meta property=\"og:title\" content=\"El lunes concluye el plazo para la presentaci\u00f3n de obras para el XI Premio Internacional de Poes\u00eda Ciudad de Pamplona\" \/>\n<meta property=\"og:description\" content=\"El certamen cuenta con modalidades en castellano y euskera, dos premios de 3.000 euros y la publicaci\u00f3n de las obras ganadoras\" \/>\n<meta property=\"og:url\" content=\"https:\/\/www.laguiadepamplona.com\/actualidad\/el-lunes-concluye-el-plazo-para-la-presentacion-de-obras-para-el-xi-premio-internacional-de-poesia-ciudad-de-pamplona\/\" \/>\n<meta property=\"og:site_name\" content=\"La Gu\u00eda de Pamplona\" \/>\n<meta property=\"article:publisher\" content=\"https:\/\/www.facebook.com\/laguiadepamplonacom-133175176762273\/?ref=hl\" \/>\n<meta property=\"article:published_time\" content=\"2018-04-26T09:36:36+00:00\" \/>\n<meta property=\"og:image\" content=\"https:\/\/www.laguiadepamplona.com\/actualidad\/wp-content\/uploads\/2016\/12\/Certamen-Literario-para-J\u00f3venes.jpg\" \/>\n\t<meta property=\"og:image:width\" content=\"1100\" \/>\n\t<meta property=\"og:image:height\" content=\"648\" \/>\n\t<meta property=\"og:image:type\" content=\"image\/jpeg\" \/>\n<meta name=\"author\" content=\"La Gu\u00eda de Pamplona\" \/>\n<meta name=\"twitter:card\" content=\"summary_large_image\" \/>\n<meta name=\"twitter:creator\" content=\"@LaGuiadPamplona\" \/>\n<meta name=\"twitter:site\" content=\"@LaGuiadPamplona\" \/>\n<meta name=\"twitter:label1\" content=\"Escrito por\" \/>\n\t<meta name=\"twitter:data1\" content=\"La Gu\u00eda de Pamplona\" \/>\n\t<meta name=\"twitter:label2\" content=\"Tiempo de lectura\" \/>\n\t<meta name=\"twitter:data2\" content=\"2 minutos\" \/>\n<script type=\"application\/ld+json\" class=\"yoast-schema-graph\">{\"@context\":\"https:\\\/\\\/schema.org\",\"@graph\":[{\"@type\":\"Article\",\"@id\":\"https:\\\/\\\/www.laguiadepamplona.com\\\/actualidad\\\/el-lunes-concluye-el-plazo-para-la-presentacion-de-obras-para-el-xi-premio-internacional-de-poesia-ciudad-de-pamplona\\\/#article\",\"isPartOf\":{\"@id\":\"https:\\\/\\\/www.laguiadepamplona.com\\\/actualidad\\\/el-lunes-concluye-el-plazo-para-la-presentacion-de-obras-para-el-xi-premio-internacional-de-poesia-ciudad-de-pamplona\\\/\"},\"author\":{\"name\":\"La Gu\u00eda de Pamplona\",\"@id\":\"https:\\\/\\\/www.laguiadepamplona.com\\\/actualidad\\\/#\\\/schema\\\/person\\\/efe887376f0213d4657c93adc50b1fdb\"},\"headline\":\"El lunes concluye el plazo para la presentaci\u00f3n de obras para el XI Premio Internacional de Poes\u00eda Ciudad de Pamplona\",\"datePublished\":\"2018-04-26T09:36:36+00:00\",\"mainEntityOfPage\":{\"@id\":\"https:\\\/\\\/www.laguiadepamplona.com\\\/actualidad\\\/el-lunes-concluye-el-plazo-para-la-presentacion-de-obras-para-el-xi-premio-internacional-de-poesia-ciudad-de-pamplona\\\/\"},\"wordCount\":387,\"commentCount\":0,\"publisher\":{\"@id\":\"https:\\\/\\\/www.laguiadepamplona.com\\\/actualidad\\\/#organization\"},\"image\":{\"@id\":\"https:\\\/\\\/www.laguiadepamplona.com\\\/actualidad\\\/el-lunes-concluye-el-plazo-para-la-presentacion-de-obras-para-el-xi-premio-internacional-de-poesia-ciudad-de-pamplona\\\/#primaryimage\"},\"thumbnailUrl\":\"https:\\\/\\\/www.laguiadepamplona.com\\\/actualidad\\\/wp-content\\\/uploads\\\/2016\\\/12\\\/Certamen-Literario-para-J\u00f3venes.jpg\",\"articleSection\":[\"Ayto Pamplona\"],\"inLanguage\":\"es\",\"potentialAction\":[{\"@type\":\"CommentAction\",\"name\":\"Comment\",\"target\":[\"https:\\\/\\\/www.laguiadepamplona.com\\\/actualidad\\\/el-lunes-concluye-el-plazo-para-la-presentacion-de-obras-para-el-xi-premio-internacional-de-poesia-ciudad-de-pamplona\\\/#respond\"]}]},{\"@type\":\"WebPage\",\"@id\":\"https:\\\/\\\/www.laguiadepamplona.com\\\/actualidad\\\/el-lunes-concluye-el-plazo-para-la-presentacion-de-obras-para-el-xi-premio-internacional-de-poesia-ciudad-de-pamplona\\\/\",\"url\":\"https:\\\/\\\/www.laguiadepamplona.com\\\/actualidad\\\/el-lunes-concluye-el-plazo-para-la-presentacion-de-obras-para-el-xi-premio-internacional-de-poesia-ciudad-de-pamplona\\\/\",\"name\":\"El lunes concluye el plazo para la presentaci\u00f3n de obras para el XI Premio Internacional de Poes\u00eda Ciudad de Pamplona\",\"isPartOf\":{\"@id\":\"https:\\\/\\\/www.laguiadepamplona.com\\\/actualidad\\\/#website\"},\"primaryImageOfPage\":{\"@id\":\"https:\\\/\\\/www.laguiadepamplona.com\\\/actualidad\\\/el-lunes-concluye-el-plazo-para-la-presentacion-de-obras-para-el-xi-premio-internacional-de-poesia-ciudad-de-pamplona\\\/#primaryimage\"},\"image\":{\"@id\":\"https:\\\/\\\/www.laguiadepamplona.com\\\/actualidad\\\/el-lunes-concluye-el-plazo-para-la-presentacion-de-obras-para-el-xi-premio-internacional-de-poesia-ciudad-de-pamplona\\\/#primaryimage\"},\"thumbnailUrl\":\"https:\\\/\\\/www.laguiadepamplona.com\\\/actualidad\\\/wp-content\\\/uploads\\\/2016\\\/12\\\/Certamen-Literario-para-J\u00f3venes.jpg\",\"datePublished\":\"2018-04-26T09:36:36+00:00\",\"breadcrumb\":{\"@id\":\"https:\\\/\\\/www.laguiadepamplona.com\\\/actualidad\\\/el-lunes-concluye-el-plazo-para-la-presentacion-de-obras-para-el-xi-premio-internacional-de-poesia-ciudad-de-pamplona\\\/#breadcrumb\"},\"inLanguage\":\"es\",\"potentialAction\":[{\"@type\":\"ReadAction\",\"target\":[\"https:\\\/\\\/www.laguiadepamplona.com\\\/actualidad\\\/el-lunes-concluye-el-plazo-para-la-presentacion-de-obras-para-el-xi-premio-internacional-de-poesia-ciudad-de-pamplona\\\/\"]}]},{\"@type\":\"ImageObject\",\"inLanguage\":\"es\",\"@id\":\"https:\\\/\\\/www.laguiadepamplona.com\\\/actualidad\\\/el-lunes-concluye-el-plazo-para-la-presentacion-de-obras-para-el-xi-premio-internacional-de-poesia-ciudad-de-pamplona\\\/#primaryimage\",\"url\":\"https:\\\/\\\/www.laguiadepamplona.com\\\/actualidad\\\/wp-content\\\/uploads\\\/2016\\\/12\\\/Certamen-Literario-para-J\u00f3venes.jpg\",\"contentUrl\":\"https:\\\/\\\/www.laguiadepamplona.com\\\/actualidad\\\/wp-content\\\/uploads\\\/2016\\\/12\\\/Certamen-Literario-para-J\u00f3venes.jpg\",\"width\":1100,\"height\":648},{\"@type\":\"BreadcrumbList\",\"@id\":\"https:\\\/\\\/www.laguiadepamplona.com\\\/actualidad\\\/el-lunes-concluye-el-plazo-para-la-presentacion-de-obras-para-el-xi-premio-internacional-de-poesia-ciudad-de-pamplona\\\/#breadcrumb\",\"itemListElement\":[{\"@type\":\"ListItem\",\"position\":1,\"name\":\"Portada\",\"item\":\"https:\\\/\\\/www.laguiadepamplona.com\\\/actualidad\\\/\"},{\"@type\":\"ListItem\",\"position\":2,\"name\":\"El lunes concluye el plazo para la presentaci\u00f3n de obras para el XI Premio Internacional de Poes\u00eda Ciudad de Pamplona\"}]},{\"@type\":\"WebSite\",\"@id\":\"https:\\\/\\\/www.laguiadepamplona.com\\\/actualidad\\\/#website\",\"url\":\"https:\\\/\\\/www.laguiadepamplona.com\\\/actualidad\\\/\",\"name\":\"La gu\u00eda de Pamplona\",\"description\":\"Noticias de Pamplona\",\"publisher\":{\"@id\":\"https:\\\/\\\/www.laguiadepamplona.com\\\/actualidad\\\/#organization\"},\"potentialAction\":[{\"@type\":\"SearchAction\",\"target\":{\"@type\":\"EntryPoint\",\"urlTemplate\":\"https:\\\/\\\/www.laguiadepamplona.com\\\/actualidad\\\/?s={search_term_string}\"},\"query-input\":{\"@type\":\"PropertyValueSpecification\",\"valueRequired\":true,\"valueName\":\"search_term_string\"}}],\"inLanguage\":\"es\"},{\"@type\":\"Organization\",\"@id\":\"https:\\\/\\\/www.laguiadepamplona.com\\\/actualidad\\\/#organization\",\"name\":\"La Gu\u00eda de Pamplona \\\/ Noticias\",\"url\":\"https:\\\/\\\/www.laguiadepamplona.com\\\/actualidad\\\/\",\"logo\":{\"@type\":\"ImageObject\",\"inLanguage\":\"es\",\"@id\":\"https:\\\/\\\/www.laguiadepamplona.com\\\/actualidad\\\/#\\\/schema\\\/logo\\\/image\\\/\",\"url\":\"https:\\\/\\\/www.laguiadepamplona.com\\\/actualidad\\\/wp-content\\\/uploads\\\/2018\\\/11\\\/logo-laguiadepamplona18-web1.png\",\"contentUrl\":\"https:\\\/\\\/www.laguiadepamplona.com\\\/actualidad\\\/wp-content\\\/uploads\\\/2018\\\/11\\\/logo-laguiadepamplona18-web1.png\",\"width\":600,\"height\":196,\"caption\":\"La Gu\u00eda de Pamplona \\\/ Noticias\"},\"image\":{\"@id\":\"https:\\\/\\\/www.laguiadepamplona.com\\\/actualidad\\\/#\\\/schema\\\/logo\\\/image\\\/\"},\"sameAs\":[\"https:\\\/\\\/www.facebook.com\\\/laguiadepamplonacom-133175176762273\\\/?ref=hl\",\"https:\\\/\\\/x.com\\\/LaGuiadPamplona\",\"https:\\\/\\\/www.instagram.com\\\/la_guia_de_pamplona\\\/\",\"https:\\\/\\\/www.youtube.com\\\/user\\\/laguiadepamplona\"]},{\"@type\":\"Person\",\"@id\":\"https:\\\/\\\/www.laguiadepamplona.com\\\/actualidad\\\/#\\\/schema\\\/person\\\/efe887376f0213d4657c93adc50b1fdb\",\"name\":\"La Gu\u00eda de Pamplona\",\"image\":{\"@type\":\"ImageObject\",\"inLanguage\":\"es\",\"@id\":\"https:\\\/\\\/secure.gravatar.com\\\/avatar\\\/b6992f131dc8d30ab0dff15446e9d346d9dbd95992de0fef795073f5ea83a81c?s=96&d=mm&r=g\",\"url\":\"https:\\\/\\\/secure.gravatar.com\\\/avatar\\\/b6992f131dc8d30ab0dff15446e9d346d9dbd95992de0fef795073f5ea83a81c?s=96&d=mm&r=g\",\"contentUrl\":\"https:\\\/\\\/secure.gravatar.com\\\/avatar\\\/b6992f131dc8d30ab0dff15446e9d346d9dbd95992de0fef795073f5ea83a81c?s=96&d=mm&r=g\",\"caption\":\"La Gu\u00eda de Pamplona\"}}]}<\/script>\n<!-- \/ Yoast SEO plugin. -->","yoast_head_json":{"title":"El lunes concluye el plazo para la presentaci\u00f3n de obras para el XI Premio Internacional de Poes\u00eda Ciudad de Pamplona","robots":{"index":"index","follow":"follow","max-snippet":"max-snippet:-1","max-image-preview":"max-image-preview:large","max-video-preview":"max-video-preview:-1"},"canonical":"https:\/\/www.laguiadepamplona.com\/actualidad\/el-lunes-concluye-el-plazo-para-la-presentacion-de-obras-para-el-xi-premio-internacional-de-poesia-ciudad-de-pamplona\/","og_locale":"es_ES","og_type":"article","og_title":"El lunes concluye el plazo para la presentaci\u00f3n de obras para el XI Premio Internacional de Poes\u00eda Ciudad de Pamplona","og_description":"El certamen cuenta con modalidades en castellano y euskera, dos premios de 3.000 euros y la publicaci\u00f3n de las obras ganadoras","og_url":"https:\/\/www.laguiadepamplona.com\/actualidad\/el-lunes-concluye-el-plazo-para-la-presentacion-de-obras-para-el-xi-premio-internacional-de-poesia-ciudad-de-pamplona\/","og_site_name":"La Gu\u00eda de Pamplona","article_publisher":"https:\/\/www.facebook.com\/laguiadepamplonacom-133175176762273\/?ref=hl","article_published_time":"2018-04-26T09:36:36+00:00","og_image":[{"width":1100,"height":648,"url":"https:\/\/www.laguiadepamplona.com\/actualidad\/wp-content\/uploads\/2016\/12\/Certamen-Literario-para-J\u00f3venes.jpg","type":"image\/jpeg"}],"author":"La Gu\u00eda de Pamplona","twitter_card":"summary_large_image","twitter_creator":"@LaGuiadPamplona","twitter_site":"@LaGuiadPamplona","twitter_misc":{"Escrito por":"La Gu\u00eda de Pamplona","Tiempo de lectura":"2 minutos"},"schema":{"@context":"https:\/\/schema.org","@graph":[{"@type":"Article","@id":"https:\/\/www.laguiadepamplona.com\/actualidad\/el-lunes-concluye-el-plazo-para-la-presentacion-de-obras-para-el-xi-premio-internacional-de-poesia-ciudad-de-pamplona\/#article","isPartOf":{"@id":"https:\/\/www.laguiadepamplona.com\/actualidad\/el-lunes-concluye-el-plazo-para-la-presentacion-de-obras-para-el-xi-premio-internacional-de-poesia-ciudad-de-pamplona\/"},"author":{"name":"La Gu\u00eda de Pamplona","@id":"https:\/\/www.laguiadepamplona.com\/actualidad\/#\/schema\/person\/efe887376f0213d4657c93adc50b1fdb"},"headline":"El lunes concluye el plazo para la presentaci\u00f3n de obras para el XI Premio Internacional de Poes\u00eda Ciudad de Pamplona","datePublished":"2018-04-26T09:36:36+00:00","mainEntityOfPage":{"@id":"https:\/\/www.laguiadepamplona.com\/actualidad\/el-lunes-concluye-el-plazo-para-la-presentacion-de-obras-para-el-xi-premio-internacional-de-poesia-ciudad-de-pamplona\/"},"wordCount":387,"commentCount":0,"publisher":{"@id":"https:\/\/www.laguiadepamplona.com\/actualidad\/#organization"},"image":{"@id":"https:\/\/www.laguiadepamplona.com\/actualidad\/el-lunes-concluye-el-plazo-para-la-presentacion-de-obras-para-el-xi-premio-internacional-de-poesia-ciudad-de-pamplona\/#primaryimage"},"thumbnailUrl":"https:\/\/www.laguiadepamplona.com\/actualidad\/wp-content\/uploads\/2016\/12\/Certamen-Literario-para-J\u00f3venes.jpg","articleSection":["Ayto Pamplona"],"inLanguage":"es","potentialAction":[{"@type":"CommentAction","name":"Comment","target":["https:\/\/www.laguiadepamplona.com\/actualidad\/el-lunes-concluye-el-plazo-para-la-presentacion-de-obras-para-el-xi-premio-internacional-de-poesia-ciudad-de-pamplona\/#respond"]}]},{"@type":"WebPage","@id":"https:\/\/www.laguiadepamplona.com\/actualidad\/el-lunes-concluye-el-plazo-para-la-presentacion-de-obras-para-el-xi-premio-internacional-de-poesia-ciudad-de-pamplona\/","url":"https:\/\/www.laguiadepamplona.com\/actualidad\/el-lunes-concluye-el-plazo-para-la-presentacion-de-obras-para-el-xi-premio-internacional-de-poesia-ciudad-de-pamplona\/","name":"El lunes concluye el plazo para la presentaci\u00f3n de obras para el XI Premio Internacional de Poes\u00eda Ciudad de Pamplona","isPartOf":{"@id":"https:\/\/www.laguiadepamplona.com\/actualidad\/#website"},"primaryImageOfPage":{"@id":"https:\/\/www.laguiadepamplona.com\/actualidad\/el-lunes-concluye-el-plazo-para-la-presentacion-de-obras-para-el-xi-premio-internacional-de-poesia-ciudad-de-pamplona\/#primaryimage"},"image":{"@id":"https:\/\/www.laguiadepamplona.com\/actualidad\/el-lunes-concluye-el-plazo-para-la-presentacion-de-obras-para-el-xi-premio-internacional-de-poesia-ciudad-de-pamplona\/#primaryimage"},"thumbnailUrl":"https:\/\/www.laguiadepamplona.com\/actualidad\/wp-content\/uploads\/2016\/12\/Certamen-Literario-para-J\u00f3venes.jpg","datePublished":"2018-04-26T09:36:36+00:00","breadcrumb":{"@id":"https:\/\/www.laguiadepamplona.com\/actualidad\/el-lunes-concluye-el-plazo-para-la-presentacion-de-obras-para-el-xi-premio-internacional-de-poesia-ciudad-de-pamplona\/#breadcrumb"},"inLanguage":"es","potentialAction":[{"@type":"ReadAction","target":["https:\/\/www.laguiadepamplona.com\/actualidad\/el-lunes-concluye-el-plazo-para-la-presentacion-de-obras-para-el-xi-premio-internacional-de-poesia-ciudad-de-pamplona\/"]}]},{"@type":"ImageObject","inLanguage":"es","@id":"https:\/\/www.laguiadepamplona.com\/actualidad\/el-lunes-concluye-el-plazo-para-la-presentacion-de-obras-para-el-xi-premio-internacional-de-poesia-ciudad-de-pamplona\/#primaryimage","url":"https:\/\/www.laguiadepamplona.com\/actualidad\/wp-content\/uploads\/2016\/12\/Certamen-Literario-para-J\u00f3venes.jpg","contentUrl":"https:\/\/www.laguiadepamplona.com\/actualidad\/wp-content\/uploads\/2016\/12\/Certamen-Literario-para-J\u00f3venes.jpg","width":1100,"height":648},{"@type":"BreadcrumbList","@id":"https:\/\/www.laguiadepamplona.com\/actualidad\/el-lunes-concluye-el-plazo-para-la-presentacion-de-obras-para-el-xi-premio-internacional-de-poesia-ciudad-de-pamplona\/#breadcrumb","itemListElement":[{"@type":"ListItem","position":1,"name":"Portada","item":"https:\/\/www.laguiadepamplona.com\/actualidad\/"},{"@type":"ListItem","position":2,"name":"El lunes concluye el plazo para la presentaci\u00f3n de obras para el XI Premio Internacional de Poes\u00eda Ciudad de Pamplona"}]},{"@type":"WebSite","@id":"https:\/\/www.laguiadepamplona.com\/actualidad\/#website","url":"https:\/\/www.laguiadepamplona.com\/actualidad\/","name":"La gu\u00eda de Pamplona","description":"Noticias de Pamplona","publisher":{"@id":"https:\/\/www.laguiadepamplona.com\/actualidad\/#organization"},"potentialAction":[{"@type":"SearchAction","target":{"@type":"EntryPoint","urlTemplate":"https:\/\/www.laguiadepamplona.com\/actualidad\/?s={search_term_string}"},"query-input":{"@type":"PropertyValueSpecification","valueRequired":true,"valueName":"search_term_string"}}],"inLanguage":"es"},{"@type":"Organization","@id":"https:\/\/www.laguiadepamplona.com\/actualidad\/#organization","name":"La Gu\u00eda de Pamplona \/ Noticias","url":"https:\/\/www.laguiadepamplona.com\/actualidad\/","logo":{"@type":"ImageObject","inLanguage":"es","@id":"https:\/\/www.laguiadepamplona.com\/actualidad\/#\/schema\/logo\/image\/","url":"https:\/\/www.laguiadepamplona.com\/actualidad\/wp-content\/uploads\/2018\/11\/logo-laguiadepamplona18-web1.png","contentUrl":"https:\/\/www.laguiadepamplona.com\/actualidad\/wp-content\/uploads\/2018\/11\/logo-laguiadepamplona18-web1.png","width":600,"height":196,"caption":"La Gu\u00eda de Pamplona \/ Noticias"},"image":{"@id":"https:\/\/www.laguiadepamplona.com\/actualidad\/#\/schema\/logo\/image\/"},"sameAs":["https:\/\/www.facebook.com\/laguiadepamplonacom-133175176762273\/?ref=hl","https:\/\/x.com\/LaGuiadPamplona","https:\/\/www.instagram.com\/la_guia_de_pamplona\/","https:\/\/www.youtube.com\/user\/laguiadepamplona"]},{"@type":"Person","@id":"https:\/\/www.laguiadepamplona.com\/actualidad\/#\/schema\/person\/efe887376f0213d4657c93adc50b1fdb","name":"La Gu\u00eda de Pamplona","image":{"@type":"ImageObject","inLanguage":"es","@id":"https:\/\/secure.gravatar.com\/avatar\/b6992f131dc8d30ab0dff15446e9d346d9dbd95992de0fef795073f5ea83a81c?s=96&d=mm&r=g","url":"https:\/\/secure.gravatar.com\/avatar\/b6992f131dc8d30ab0dff15446e9d346d9dbd95992de0fef795073f5ea83a81c?s=96&d=mm&r=g","contentUrl":"https:\/\/secure.gravatar.com\/avatar\/b6992f131dc8d30ab0dff15446e9d346d9dbd95992de0fef795073f5ea83a81c?s=96&d=mm&r=g","caption":"La Gu\u00eda de Pamplona"}}]}},"post_mailing_queue_ids":[],"_links":{"self":[{"href":"https:\/\/www.laguiadepamplona.com\/actualidad\/wp-json\/wp\/v2\/posts\/17119","targetHints":{"allow":["GET"]}}],"collection":[{"href":"https:\/\/www.laguiadepamplona.com\/actualidad\/wp-json\/wp\/v2\/posts"}],"about":[{"href":"https:\/\/www.laguiadepamplona.com\/actualidad\/wp-json\/wp\/v2\/types\/post"}],"author":[{"embeddable":true,"href":"https:\/\/www.laguiadepamplona.com\/actualidad\/wp-json\/wp\/v2\/users\/1"}],"replies":[{"embeddable":true,"href":"https:\/\/www.laguiadepamplona.com\/actualidad\/wp-json\/wp\/v2\/comments?post=17119"}],"version-history":[{"count":0,"href":"https:\/\/www.laguiadepamplona.com\/actualidad\/wp-json\/wp\/v2\/posts\/17119\/revisions"}],"wp:featuredmedia":[{"embeddable":true,"href":"https:\/\/www.laguiadepamplona.com\/actualidad\/wp-json\/wp\/v2\/media\/11041"}],"wp:attachment":[{"href":"https:\/\/www.laguiadepamplona.com\/actualidad\/wp-json\/wp\/v2\/media?parent=17119"}],"wp:term":[{"taxonomy":"category","embeddable":true,"href":"https:\/\/www.laguiadepamplona.com\/actualidad\/wp-json\/wp\/v2\/categories?post=17119"},{"taxonomy":"post_tag","embeddable":true,"href":"https:\/\/www.laguiadepamplona.com\/actualidad\/wp-json\/wp\/v2\/tags?post=17119"}],"curies":[{"name":"wp","href":"https:\/\/api.w.org\/{rel}","templated":true}]}}