{"id":17117,"date":"2018-04-26T10:34:38","date_gmt":"2018-04-26T09:34:38","guid":{"rendered":"http:\/\/laguiadepamplona.es\/actualidad\/?p=17117"},"modified":"2018-04-26T10:34:38","modified_gmt":"2018-04-26T09:34:38","slug":"el-ayuntamiento-destina-118-000-euros-para-subvencionar-actividades-complementarias-y-extraescolares-en-centros-de-educacion-infantil-y-primaria-entre-enero-y-junio","status":"publish","type":"post","link":"https:\/\/www.laguiadepamplona.com\/actualidad\/el-ayuntamiento-destina-118-000-euros-para-subvencionar-actividades-complementarias-y-extraescolares-en-centros-de-educacion-infantil-y-primaria-entre-enero-y-junio\/","title":{"rendered":"El Ayuntamiento destina 118.000 euros para subvencionar actividades complementarias y extraescolares en centros de Educaci\u00f3n Infantil y Primaria entre enero y junio"},"content":{"rendered":"<h3>Incrementa un 10% la cuant\u00eda con respecto al curso pasado para enriquecer el curriculum del alumnado y favorecer su formaci\u00f3n integral<!--more--><\/h3>\n<p>El Ayuntamiento de Pamplona va a destinar 118.000 euros para subvencionar actividades complementarias y extraescolares organizadas en centros educativos p\u00fablicos y concertados de Educaci\u00f3n Infantil y Primaria durante el segundo y tercer trimestre de este curso escolar 2017-2018 (enero-junio de 2018). El \u00c1rea de Cultura y Educaci\u00f3n ha aprobado las bases de la convocatoria, que est\u00e1 pendiente de publicaci\u00f3n en el Bolet\u00edn Oficial de Navarra. Su publicaci\u00f3n marcar\u00e1 el inicio del plazo de presentaci\u00f3n de solicitudes, que ser\u00e1 de veinte d\u00edas naturales contado a partir del d\u00eda siguiente de dicha publicaci\u00f3n.<\/p>\n<p>La cuant\u00eda supone un incremento del 10% con respecto al curso pasado, cuando se consignaron 107.220 euros para la financiaci\u00f3n de extraescolares durante los mismos dos cuatrimestres. Con esta convocatoria, el Ayuntamiento de Pamplona busca posibilitar el desarrollo de actividades complementarias y extraescolares y colaborar en su realizaci\u00f3n, bien para complementar \u00e1reas curriculares y enriquecer el curriculum del alumnado, bien para potenciar la apertura del centro a su entorno y procurar la formaci\u00f3n integral del alumnado en aspectos referidos a la ampliaci\u00f3n de su bagaje cultural, la preparaci\u00f3n para su inserci\u00f3n en la sociedad o el uso del tiempo libre.<\/p>\n<p>Atendiendo a las sugerencias y demandas de los directores de los colegios p\u00fablicos participantes en la convocatoria, se ayudar\u00e1 m\u00e1s a los centros que tengan mayor n\u00famero de \u2018alumnado desfavorecido\u2019, de acuerdo a los criterios establecidos por el Departamento de Educaci\u00f3n del Gobierno de Navarra.<\/p>\n<p><strong>Ayudas por centro, por n\u00famero de matr\u00edculas y si es \u2018alumnado desfavorecido\u2019<\/strong><\/p>\n<p>La cantidad total m\u00e1xima prevista para cada uno de los periodos se distribuir\u00e1 entre los centros escolares solicitantes repartiendo el 50% de la cuant\u00eda total m\u00e1xima entre los colegios que se presenten a la convocatoria a partes iguales; un 25% proporcionalmente al n\u00famero de alumnos de cada centro y el 25% restante de acuerdo al n\u00famero de matr\u00edculas que en el censo del Departamento de Educaci\u00f3n del Gobierno de Navarra (programa EDUCA) aparezca registradas en cada colegio como \u2018alumnado desfavorecido\u2019.<\/p>\n<p>Este procedimiento es similar para todos los colegios solicitantes, excepto para los centros p\u00fablicos de Educaci\u00f3n B\u00e1sica de Adultos y los centros p\u00fablicos y concertados de Educaci\u00f3n Especial, que recibir\u00e1n la cantidad correspondiente por centro.<\/p>\n<p>Para poder obtener ayudas, las actividades deber\u00e1n estar protagonizadas por el alumnado y dirigidas por el profesorado del centro. No se considerar\u00e1n acciones subvencionables las actividades que dispongan de programas y\/o convocatorias propias municipales o del Gobierno de Navarra, aquellas que supongan el establecimiento de clases o actividades regulares de apoyo al aprendizaje de cualquier \u00e1rea curricular u otras materias no curriculares como por ejemplo idiomas, mecanograf\u00eda o inform\u00e1tica; el peri\u00f3dico o revista escolar editados en imprenta; y las retribuciones econ\u00f3micas u obsequios a monitores, ayudantes, responsables de la actividad y cualquier tipo de dietas para desplazamiento.<\/p>\n<p>En 2017, el Ayuntamiento distribuy\u00f3 107.220 euros en ayudas para la realizaci\u00f3n de actividades extraescolares durante los \u00faltimos dos trimestres del curso entre 44 centros escolares que acogen a cerca de 20.000 alumnos.<\/p>\n<p>&nbsp;<\/p>\n","protected":false},"excerpt":{"rendered":"<p>Incrementa un 10% la cuant\u00eda con respecto al curso pasado para enriquecer el curriculum del alumnado y favorecer su formaci\u00f3n integral<\/p>\n","protected":false},"author":1,"featured_media":10979,"comment_status":"open","ping_status":"closed","sticky":false,"template":"","format":"standard","meta":{"footnotes":""},"categories":[2],"tags":[],"class_list":["post-17117","post","type-post","status-publish","format-standard","has-post-thumbnail","hentry","category-ayuntamiento-pamplona"],"yoast_head":"<!-- This site is optimized with the Yoast SEO plugin v27.3 - https:\/\/yoast.com\/product\/yoast-seo-wordpress\/ -->\n<title>El Ayuntamiento destina 118.000 euros para subvencionar actividades complementarias y extraescolares en centros de Educaci\u00f3n Infantil y Primaria entre enero y junio<\/title>\n<meta name=\"robots\" content=\"index, follow, max-snippet:-1, max-image-preview:large, max-video-preview:-1\" \/>\n<link rel=\"canonical\" href=\"https:\/\/www.laguiadepamplona.com\/actualidad\/el-ayuntamiento-destina-118-000-euros-para-subvencionar-actividades-complementarias-y-extraescolares-en-centros-de-educacion-infantil-y-primaria-entre-enero-y-junio\/\" \/>\n<meta property=\"og:locale\" content=\"es_ES\" \/>\n<meta property=\"og:type\" content=\"article\" \/>\n<meta property=\"og:title\" content=\"El Ayuntamiento destina 118.000 euros para subvencionar actividades complementarias y extraescolares en centros de Educaci\u00f3n Infantil y Primaria entre enero y junio\" \/>\n<meta property=\"og:description\" content=\"Incrementa un 10% la cuant\u00eda con respecto al curso pasado para enriquecer el curriculum del alumnado y favorecer su formaci\u00f3n integral\" \/>\n<meta property=\"og:url\" content=\"https:\/\/www.laguiadepamplona.com\/actualidad\/el-ayuntamiento-destina-118-000-euros-para-subvencionar-actividades-complementarias-y-extraescolares-en-centros-de-educacion-infantil-y-primaria-entre-enero-y-junio\/\" \/>\n<meta property=\"og:site_name\" content=\"La Gu\u00eda de Pamplona\" \/>\n<meta property=\"article:publisher\" content=\"https:\/\/www.facebook.com\/laguiadepamplonacom-133175176762273\/?ref=hl\" \/>\n<meta property=\"article:published_time\" content=\"2018-04-26T09:34:38+00:00\" \/>\n<meta property=\"og:image\" content=\"https:\/\/www.laguiadepamplona.com\/actualidad\/wp-content\/uploads\/2016\/11\/Ayto_Pamplona.jpg\" \/>\n\t<meta property=\"og:image:width\" content=\"900\" \/>\n\t<meta property=\"og:image:height\" content=\"675\" \/>\n\t<meta property=\"og:image:type\" content=\"image\/jpeg\" \/>\n<meta name=\"author\" content=\"La Gu\u00eda de Pamplona\" \/>\n<meta name=\"twitter:card\" content=\"summary_large_image\" \/>\n<meta name=\"twitter:creator\" content=\"@LaGuiadPamplona\" \/>\n<meta name=\"twitter:site\" content=\"@LaGuiadPamplona\" \/>\n<meta name=\"twitter:label1\" content=\"Escrito por\" \/>\n\t<meta name=\"twitter:data1\" content=\"La Gu\u00eda de Pamplona\" \/>\n\t<meta name=\"twitter:label2\" content=\"Tiempo de lectura\" \/>\n\t<meta name=\"twitter:data2\" content=\"3 minutos\" \/>\n<script type=\"application\/ld+json\" class=\"yoast-schema-graph\">{\"@context\":\"https:\\\/\\\/schema.org\",\"@graph\":[{\"@type\":\"Article\",\"@id\":\"https:\\\/\\\/www.laguiadepamplona.com\\\/actualidad\\\/el-ayuntamiento-destina-118-000-euros-para-subvencionar-actividades-complementarias-y-extraescolares-en-centros-de-educacion-infantil-y-primaria-entre-enero-y-junio\\\/#article\",\"isPartOf\":{\"@id\":\"https:\\\/\\\/www.laguiadepamplona.com\\\/actualidad\\\/el-ayuntamiento-destina-118-000-euros-para-subvencionar-actividades-complementarias-y-extraescolares-en-centros-de-educacion-infantil-y-primaria-entre-enero-y-junio\\\/\"},\"author\":{\"name\":\"La Gu\u00eda de Pamplona\",\"@id\":\"https:\\\/\\\/www.laguiadepamplona.com\\\/actualidad\\\/#\\\/schema\\\/person\\\/efe887376f0213d4657c93adc50b1fdb\"},\"headline\":\"El Ayuntamiento destina 118.000 euros para subvencionar actividades complementarias y extraescolares en centros de Educaci\u00f3n Infantil y Primaria entre enero y junio\",\"datePublished\":\"2018-04-26T09:34:38+00:00\",\"mainEntityOfPage\":{\"@id\":\"https:\\\/\\\/www.laguiadepamplona.com\\\/actualidad\\\/el-ayuntamiento-destina-118-000-euros-para-subvencionar-actividades-complementarias-y-extraescolares-en-centros-de-educacion-infantil-y-primaria-entre-enero-y-junio\\\/\"},\"wordCount\":571,\"commentCount\":0,\"publisher\":{\"@id\":\"https:\\\/\\\/www.laguiadepamplona.com\\\/actualidad\\\/#organization\"},\"image\":{\"@id\":\"https:\\\/\\\/www.laguiadepamplona.com\\\/actualidad\\\/el-ayuntamiento-destina-118-000-euros-para-subvencionar-actividades-complementarias-y-extraescolares-en-centros-de-educacion-infantil-y-primaria-entre-enero-y-junio\\\/#primaryimage\"},\"thumbnailUrl\":\"https:\\\/\\\/www.laguiadepamplona.com\\\/actualidad\\\/wp-content\\\/uploads\\\/2016\\\/11\\\/Ayto_Pamplona.jpg\",\"articleSection\":[\"Ayto Pamplona\"],\"inLanguage\":\"es\",\"potentialAction\":[{\"@type\":\"CommentAction\",\"name\":\"Comment\",\"target\":[\"https:\\\/\\\/www.laguiadepamplona.com\\\/actualidad\\\/el-ayuntamiento-destina-118-000-euros-para-subvencionar-actividades-complementarias-y-extraescolares-en-centros-de-educacion-infantil-y-primaria-entre-enero-y-junio\\\/#respond\"]}]},{\"@type\":\"WebPage\",\"@id\":\"https:\\\/\\\/www.laguiadepamplona.com\\\/actualidad\\\/el-ayuntamiento-destina-118-000-euros-para-subvencionar-actividades-complementarias-y-extraescolares-en-centros-de-educacion-infantil-y-primaria-entre-enero-y-junio\\\/\",\"url\":\"https:\\\/\\\/www.laguiadepamplona.com\\\/actualidad\\\/el-ayuntamiento-destina-118-000-euros-para-subvencionar-actividades-complementarias-y-extraescolares-en-centros-de-educacion-infantil-y-primaria-entre-enero-y-junio\\\/\",\"name\":\"El Ayuntamiento destina 118.000 euros para subvencionar actividades complementarias y extraescolares en centros de Educaci\u00f3n Infantil y Primaria entre enero y junio\",\"isPartOf\":{\"@id\":\"https:\\\/\\\/www.laguiadepamplona.com\\\/actualidad\\\/#website\"},\"primaryImageOfPage\":{\"@id\":\"https:\\\/\\\/www.laguiadepamplona.com\\\/actualidad\\\/el-ayuntamiento-destina-118-000-euros-para-subvencionar-actividades-complementarias-y-extraescolares-en-centros-de-educacion-infantil-y-primaria-entre-enero-y-junio\\\/#primaryimage\"},\"image\":{\"@id\":\"https:\\\/\\\/www.laguiadepamplona.com\\\/actualidad\\\/el-ayuntamiento-destina-118-000-euros-para-subvencionar-actividades-complementarias-y-extraescolares-en-centros-de-educacion-infantil-y-primaria-entre-enero-y-junio\\\/#primaryimage\"},\"thumbnailUrl\":\"https:\\\/\\\/www.laguiadepamplona.com\\\/actualidad\\\/wp-content\\\/uploads\\\/2016\\\/11\\\/Ayto_Pamplona.jpg\",\"datePublished\":\"2018-04-26T09:34:38+00:00\",\"breadcrumb\":{\"@id\":\"https:\\\/\\\/www.laguiadepamplona.com\\\/actualidad\\\/el-ayuntamiento-destina-118-000-euros-para-subvencionar-actividades-complementarias-y-extraescolares-en-centros-de-educacion-infantil-y-primaria-entre-enero-y-junio\\\/#breadcrumb\"},\"inLanguage\":\"es\",\"potentialAction\":[{\"@type\":\"ReadAction\",\"target\":[\"https:\\\/\\\/www.laguiadepamplona.com\\\/actualidad\\\/el-ayuntamiento-destina-118-000-euros-para-subvencionar-actividades-complementarias-y-extraescolares-en-centros-de-educacion-infantil-y-primaria-entre-enero-y-junio\\\/\"]}]},{\"@type\":\"ImageObject\",\"inLanguage\":\"es\",\"@id\":\"https:\\\/\\\/www.laguiadepamplona.com\\\/actualidad\\\/el-ayuntamiento-destina-118-000-euros-para-subvencionar-actividades-complementarias-y-extraescolares-en-centros-de-educacion-infantil-y-primaria-entre-enero-y-junio\\\/#primaryimage\",\"url\":\"https:\\\/\\\/www.laguiadepamplona.com\\\/actualidad\\\/wp-content\\\/uploads\\\/2016\\\/11\\\/Ayto_Pamplona.jpg\",\"contentUrl\":\"https:\\\/\\\/www.laguiadepamplona.com\\\/actualidad\\\/wp-content\\\/uploads\\\/2016\\\/11\\\/Ayto_Pamplona.jpg\",\"width\":900,\"height\":675},{\"@type\":\"BreadcrumbList\",\"@id\":\"https:\\\/\\\/www.laguiadepamplona.com\\\/actualidad\\\/el-ayuntamiento-destina-118-000-euros-para-subvencionar-actividades-complementarias-y-extraescolares-en-centros-de-educacion-infantil-y-primaria-entre-enero-y-junio\\\/#breadcrumb\",\"itemListElement\":[{\"@type\":\"ListItem\",\"position\":1,\"name\":\"Portada\",\"item\":\"https:\\\/\\\/www.laguiadepamplona.com\\\/actualidad\\\/\"},{\"@type\":\"ListItem\",\"position\":2,\"name\":\"El Ayuntamiento destina 118.000 euros para subvencionar actividades complementarias y extraescolares en centros de Educaci\u00f3n Infantil y Primaria entre enero y junio\"}]},{\"@type\":\"WebSite\",\"@id\":\"https:\\\/\\\/www.laguiadepamplona.com\\\/actualidad\\\/#website\",\"url\":\"https:\\\/\\\/www.laguiadepamplona.com\\\/actualidad\\\/\",\"name\":\"La gu\u00eda de Pamplona\",\"description\":\"Noticias de Pamplona\",\"publisher\":{\"@id\":\"https:\\\/\\\/www.laguiadepamplona.com\\\/actualidad\\\/#organization\"},\"potentialAction\":[{\"@type\":\"SearchAction\",\"target\":{\"@type\":\"EntryPoint\",\"urlTemplate\":\"https:\\\/\\\/www.laguiadepamplona.com\\\/actualidad\\\/?s={search_term_string}\"},\"query-input\":{\"@type\":\"PropertyValueSpecification\",\"valueRequired\":true,\"valueName\":\"search_term_string\"}}],\"inLanguage\":\"es\"},{\"@type\":\"Organization\",\"@id\":\"https:\\\/\\\/www.laguiadepamplona.com\\\/actualidad\\\/#organization\",\"name\":\"La Gu\u00eda de Pamplona \\\/ Noticias\",\"url\":\"https:\\\/\\\/www.laguiadepamplona.com\\\/actualidad\\\/\",\"logo\":{\"@type\":\"ImageObject\",\"inLanguage\":\"es\",\"@id\":\"https:\\\/\\\/www.laguiadepamplona.com\\\/actualidad\\\/#\\\/schema\\\/logo\\\/image\\\/\",\"url\":\"https:\\\/\\\/www.laguiadepamplona.com\\\/actualidad\\\/wp-content\\\/uploads\\\/2018\\\/11\\\/logo-laguiadepamplona18-web1.png\",\"contentUrl\":\"https:\\\/\\\/www.laguiadepamplona.com\\\/actualidad\\\/wp-content\\\/uploads\\\/2018\\\/11\\\/logo-laguiadepamplona18-web1.png\",\"width\":600,\"height\":196,\"caption\":\"La Gu\u00eda de Pamplona \\\/ Noticias\"},\"image\":{\"@id\":\"https:\\\/\\\/www.laguiadepamplona.com\\\/actualidad\\\/#\\\/schema\\\/logo\\\/image\\\/\"},\"sameAs\":[\"https:\\\/\\\/www.facebook.com\\\/laguiadepamplonacom-133175176762273\\\/?ref=hl\",\"https:\\\/\\\/x.com\\\/LaGuiadPamplona\",\"https:\\\/\\\/www.instagram.com\\\/la_guia_de_pamplona\\\/\",\"https:\\\/\\\/www.youtube.com\\\/user\\\/laguiadepamplona\"]},{\"@type\":\"Person\",\"@id\":\"https:\\\/\\\/www.laguiadepamplona.com\\\/actualidad\\\/#\\\/schema\\\/person\\\/efe887376f0213d4657c93adc50b1fdb\",\"name\":\"La Gu\u00eda de Pamplona\",\"image\":{\"@type\":\"ImageObject\",\"inLanguage\":\"es\",\"@id\":\"https:\\\/\\\/secure.gravatar.com\\\/avatar\\\/b6992f131dc8d30ab0dff15446e9d346d9dbd95992de0fef795073f5ea83a81c?s=96&d=mm&r=g\",\"url\":\"https:\\\/\\\/secure.gravatar.com\\\/avatar\\\/b6992f131dc8d30ab0dff15446e9d346d9dbd95992de0fef795073f5ea83a81c?s=96&d=mm&r=g\",\"contentUrl\":\"https:\\\/\\\/secure.gravatar.com\\\/avatar\\\/b6992f131dc8d30ab0dff15446e9d346d9dbd95992de0fef795073f5ea83a81c?s=96&d=mm&r=g\",\"caption\":\"La Gu\u00eda de Pamplona\"}}]}<\/script>\n<!-- \/ Yoast SEO plugin. -->","yoast_head_json":{"title":"El Ayuntamiento destina 118.000 euros para subvencionar actividades complementarias y extraescolares en centros de Educaci\u00f3n Infantil y Primaria entre enero y junio","robots":{"index":"index","follow":"follow","max-snippet":"max-snippet:-1","max-image-preview":"max-image-preview:large","max-video-preview":"max-video-preview:-1"},"canonical":"https:\/\/www.laguiadepamplona.com\/actualidad\/el-ayuntamiento-destina-118-000-euros-para-subvencionar-actividades-complementarias-y-extraescolares-en-centros-de-educacion-infantil-y-primaria-entre-enero-y-junio\/","og_locale":"es_ES","og_type":"article","og_title":"El Ayuntamiento destina 118.000 euros para subvencionar actividades complementarias y extraescolares en centros de Educaci\u00f3n Infantil y Primaria entre enero y junio","og_description":"Incrementa un 10% la cuant\u00eda con respecto al curso pasado para enriquecer el curriculum del alumnado y favorecer su formaci\u00f3n integral","og_url":"https:\/\/www.laguiadepamplona.com\/actualidad\/el-ayuntamiento-destina-118-000-euros-para-subvencionar-actividades-complementarias-y-extraescolares-en-centros-de-educacion-infantil-y-primaria-entre-enero-y-junio\/","og_site_name":"La Gu\u00eda de Pamplona","article_publisher":"https:\/\/www.facebook.com\/laguiadepamplonacom-133175176762273\/?ref=hl","article_published_time":"2018-04-26T09:34:38+00:00","og_image":[{"width":900,"height":675,"url":"https:\/\/www.laguiadepamplona.com\/actualidad\/wp-content\/uploads\/2016\/11\/Ayto_Pamplona.jpg","type":"image\/jpeg"}],"author":"La Gu\u00eda de Pamplona","twitter_card":"summary_large_image","twitter_creator":"@LaGuiadPamplona","twitter_site":"@LaGuiadPamplona","twitter_misc":{"Escrito por":"La Gu\u00eda de Pamplona","Tiempo de lectura":"3 minutos"},"schema":{"@context":"https:\/\/schema.org","@graph":[{"@type":"Article","@id":"https:\/\/www.laguiadepamplona.com\/actualidad\/el-ayuntamiento-destina-118-000-euros-para-subvencionar-actividades-complementarias-y-extraescolares-en-centros-de-educacion-infantil-y-primaria-entre-enero-y-junio\/#article","isPartOf":{"@id":"https:\/\/www.laguiadepamplona.com\/actualidad\/el-ayuntamiento-destina-118-000-euros-para-subvencionar-actividades-complementarias-y-extraescolares-en-centros-de-educacion-infantil-y-primaria-entre-enero-y-junio\/"},"author":{"name":"La Gu\u00eda de Pamplona","@id":"https:\/\/www.laguiadepamplona.com\/actualidad\/#\/schema\/person\/efe887376f0213d4657c93adc50b1fdb"},"headline":"El Ayuntamiento destina 118.000 euros para subvencionar actividades complementarias y extraescolares en centros de Educaci\u00f3n Infantil y Primaria entre enero y junio","datePublished":"2018-04-26T09:34:38+00:00","mainEntityOfPage":{"@id":"https:\/\/www.laguiadepamplona.com\/actualidad\/el-ayuntamiento-destina-118-000-euros-para-subvencionar-actividades-complementarias-y-extraescolares-en-centros-de-educacion-infantil-y-primaria-entre-enero-y-junio\/"},"wordCount":571,"commentCount":0,"publisher":{"@id":"https:\/\/www.laguiadepamplona.com\/actualidad\/#organization"},"image":{"@id":"https:\/\/www.laguiadepamplona.com\/actualidad\/el-ayuntamiento-destina-118-000-euros-para-subvencionar-actividades-complementarias-y-extraescolares-en-centros-de-educacion-infantil-y-primaria-entre-enero-y-junio\/#primaryimage"},"thumbnailUrl":"https:\/\/www.laguiadepamplona.com\/actualidad\/wp-content\/uploads\/2016\/11\/Ayto_Pamplona.jpg","articleSection":["Ayto Pamplona"],"inLanguage":"es","potentialAction":[{"@type":"CommentAction","name":"Comment","target":["https:\/\/www.laguiadepamplona.com\/actualidad\/el-ayuntamiento-destina-118-000-euros-para-subvencionar-actividades-complementarias-y-extraescolares-en-centros-de-educacion-infantil-y-primaria-entre-enero-y-junio\/#respond"]}]},{"@type":"WebPage","@id":"https:\/\/www.laguiadepamplona.com\/actualidad\/el-ayuntamiento-destina-118-000-euros-para-subvencionar-actividades-complementarias-y-extraescolares-en-centros-de-educacion-infantil-y-primaria-entre-enero-y-junio\/","url":"https:\/\/www.laguiadepamplona.com\/actualidad\/el-ayuntamiento-destina-118-000-euros-para-subvencionar-actividades-complementarias-y-extraescolares-en-centros-de-educacion-infantil-y-primaria-entre-enero-y-junio\/","name":"El Ayuntamiento destina 118.000 euros para subvencionar actividades complementarias y extraescolares en centros de Educaci\u00f3n Infantil y Primaria entre enero y junio","isPartOf":{"@id":"https:\/\/www.laguiadepamplona.com\/actualidad\/#website"},"primaryImageOfPage":{"@id":"https:\/\/www.laguiadepamplona.com\/actualidad\/el-ayuntamiento-destina-118-000-euros-para-subvencionar-actividades-complementarias-y-extraescolares-en-centros-de-educacion-infantil-y-primaria-entre-enero-y-junio\/#primaryimage"},"image":{"@id":"https:\/\/www.laguiadepamplona.com\/actualidad\/el-ayuntamiento-destina-118-000-euros-para-subvencionar-actividades-complementarias-y-extraescolares-en-centros-de-educacion-infantil-y-primaria-entre-enero-y-junio\/#primaryimage"},"thumbnailUrl":"https:\/\/www.laguiadepamplona.com\/actualidad\/wp-content\/uploads\/2016\/11\/Ayto_Pamplona.jpg","datePublished":"2018-04-26T09:34:38+00:00","breadcrumb":{"@id":"https:\/\/www.laguiadepamplona.com\/actualidad\/el-ayuntamiento-destina-118-000-euros-para-subvencionar-actividades-complementarias-y-extraescolares-en-centros-de-educacion-infantil-y-primaria-entre-enero-y-junio\/#breadcrumb"},"inLanguage":"es","potentialAction":[{"@type":"ReadAction","target":["https:\/\/www.laguiadepamplona.com\/actualidad\/el-ayuntamiento-destina-118-000-euros-para-subvencionar-actividades-complementarias-y-extraescolares-en-centros-de-educacion-infantil-y-primaria-entre-enero-y-junio\/"]}]},{"@type":"ImageObject","inLanguage":"es","@id":"https:\/\/www.laguiadepamplona.com\/actualidad\/el-ayuntamiento-destina-118-000-euros-para-subvencionar-actividades-complementarias-y-extraescolares-en-centros-de-educacion-infantil-y-primaria-entre-enero-y-junio\/#primaryimage","url":"https:\/\/www.laguiadepamplona.com\/actualidad\/wp-content\/uploads\/2016\/11\/Ayto_Pamplona.jpg","contentUrl":"https:\/\/www.laguiadepamplona.com\/actualidad\/wp-content\/uploads\/2016\/11\/Ayto_Pamplona.jpg","width":900,"height":675},{"@type":"BreadcrumbList","@id":"https:\/\/www.laguiadepamplona.com\/actualidad\/el-ayuntamiento-destina-118-000-euros-para-subvencionar-actividades-complementarias-y-extraescolares-en-centros-de-educacion-infantil-y-primaria-entre-enero-y-junio\/#breadcrumb","itemListElement":[{"@type":"ListItem","position":1,"name":"Portada","item":"https:\/\/www.laguiadepamplona.com\/actualidad\/"},{"@type":"ListItem","position":2,"name":"El Ayuntamiento destina 118.000 euros para subvencionar actividades complementarias y extraescolares en centros de Educaci\u00f3n Infantil y Primaria entre enero y junio"}]},{"@type":"WebSite","@id":"https:\/\/www.laguiadepamplona.com\/actualidad\/#website","url":"https:\/\/www.laguiadepamplona.com\/actualidad\/","name":"La gu\u00eda de Pamplona","description":"Noticias de Pamplona","publisher":{"@id":"https:\/\/www.laguiadepamplona.com\/actualidad\/#organization"},"potentialAction":[{"@type":"SearchAction","target":{"@type":"EntryPoint","urlTemplate":"https:\/\/www.laguiadepamplona.com\/actualidad\/?s={search_term_string}"},"query-input":{"@type":"PropertyValueSpecification","valueRequired":true,"valueName":"search_term_string"}}],"inLanguage":"es"},{"@type":"Organization","@id":"https:\/\/www.laguiadepamplona.com\/actualidad\/#organization","name":"La Gu\u00eda de Pamplona \/ Noticias","url":"https:\/\/www.laguiadepamplona.com\/actualidad\/","logo":{"@type":"ImageObject","inLanguage":"es","@id":"https:\/\/www.laguiadepamplona.com\/actualidad\/#\/schema\/logo\/image\/","url":"https:\/\/www.laguiadepamplona.com\/actualidad\/wp-content\/uploads\/2018\/11\/logo-laguiadepamplona18-web1.png","contentUrl":"https:\/\/www.laguiadepamplona.com\/actualidad\/wp-content\/uploads\/2018\/11\/logo-laguiadepamplona18-web1.png","width":600,"height":196,"caption":"La Gu\u00eda de Pamplona \/ Noticias"},"image":{"@id":"https:\/\/www.laguiadepamplona.com\/actualidad\/#\/schema\/logo\/image\/"},"sameAs":["https:\/\/www.facebook.com\/laguiadepamplonacom-133175176762273\/?ref=hl","https:\/\/x.com\/LaGuiadPamplona","https:\/\/www.instagram.com\/la_guia_de_pamplona\/","https:\/\/www.youtube.com\/user\/laguiadepamplona"]},{"@type":"Person","@id":"https:\/\/www.laguiadepamplona.com\/actualidad\/#\/schema\/person\/efe887376f0213d4657c93adc50b1fdb","name":"La Gu\u00eda de Pamplona","image":{"@type":"ImageObject","inLanguage":"es","@id":"https:\/\/secure.gravatar.com\/avatar\/b6992f131dc8d30ab0dff15446e9d346d9dbd95992de0fef795073f5ea83a81c?s=96&d=mm&r=g","url":"https:\/\/secure.gravatar.com\/avatar\/b6992f131dc8d30ab0dff15446e9d346d9dbd95992de0fef795073f5ea83a81c?s=96&d=mm&r=g","contentUrl":"https:\/\/secure.gravatar.com\/avatar\/b6992f131dc8d30ab0dff15446e9d346d9dbd95992de0fef795073f5ea83a81c?s=96&d=mm&r=g","caption":"La Gu\u00eda de Pamplona"}}]}},"post_mailing_queue_ids":[],"_links":{"self":[{"href":"https:\/\/www.laguiadepamplona.com\/actualidad\/wp-json\/wp\/v2\/posts\/17117","targetHints":{"allow":["GET"]}}],"collection":[{"href":"https:\/\/www.laguiadepamplona.com\/actualidad\/wp-json\/wp\/v2\/posts"}],"about":[{"href":"https:\/\/www.laguiadepamplona.com\/actualidad\/wp-json\/wp\/v2\/types\/post"}],"author":[{"embeddable":true,"href":"https:\/\/www.laguiadepamplona.com\/actualidad\/wp-json\/wp\/v2\/users\/1"}],"replies":[{"embeddable":true,"href":"https:\/\/www.laguiadepamplona.com\/actualidad\/wp-json\/wp\/v2\/comments?post=17117"}],"version-history":[{"count":0,"href":"https:\/\/www.laguiadepamplona.com\/actualidad\/wp-json\/wp\/v2\/posts\/17117\/revisions"}],"wp:featuredmedia":[{"embeddable":true,"href":"https:\/\/www.laguiadepamplona.com\/actualidad\/wp-json\/wp\/v2\/media\/10979"}],"wp:attachment":[{"href":"https:\/\/www.laguiadepamplona.com\/actualidad\/wp-json\/wp\/v2\/media?parent=17117"}],"wp:term":[{"taxonomy":"category","embeddable":true,"href":"https:\/\/www.laguiadepamplona.com\/actualidad\/wp-json\/wp\/v2\/categories?post=17117"},{"taxonomy":"post_tag","embeddable":true,"href":"https:\/\/www.laguiadepamplona.com\/actualidad\/wp-json\/wp\/v2\/tags?post=17117"}],"curies":[{"name":"wp","href":"https:\/\/api.w.org\/{rel}","templated":true}]}}