{"id":17105,"date":"2018-04-25T10:15:59","date_gmt":"2018-04-25T09:15:59","guid":{"rendered":"http:\/\/laguiadepamplona.es\/actualidad\/?p=17105"},"modified":"2018-04-25T10:15:59","modified_gmt":"2018-04-25T09:15:59","slug":"la-iii-otaku-night-pamplona-de-la-casa-de-la-juventud-traera-este-sabado-la-i-edicion-de-operacion-friki-un-pasapalabra-y-la-proyeccion-de-la-taquillera-y","status":"publish","type":"post","link":"https:\/\/www.laguiadepamplona.com\/actualidad\/la-iii-otaku-night-pamplona-de-la-casa-de-la-juventud-traera-este-sabado-la-i-edicion-de-operacion-friki-un-pasapalabra-y-la-proyeccion-de-la-taquillera-y\/","title":{"rendered":"La III Otaku Night Pamplona de la Casa de la Juventud traer\u00e1 este s\u00e1bado la \u2018I Edici\u00f3n de Operaci\u00f3n Friki\u2019, un \u2018Pasapalabra\u2019 y la proyecci\u00f3n de la taquillera \u2018Your Name\u2019"},"content":{"rendered":"<h3>Y de nuevo tambi\u00e9n se podr\u00e1 participar en talleres, concursos de cosplay, karaoke o juegos de consola, degustar sushi o asistir a n\u00fameros de K-Pop<!--more--><\/h3>\n<p>Este s\u00e1bado volver\u00e1n los \u2018Otakus\u2019 a la Casa de la Juventud. Los amantes de la cultura japonesa, el manga, el anime, el cosplay, los juegos de consola y dem\u00e1s productos nipones, tienen una cita la tarde del s\u00e1bado 28 de abril, de 17 a 23 horas, en la tercera edici\u00f3n de la &#8216;Otaku Night Pamplona\u2019. A lo largo de seis horas se podr\u00e1 disfrutar, de la mano de la Asociaci\u00f3n Navarmanga de un conjunto de actividades gratuitas y destinadas a j\u00f3venes entre 14 y 30 a\u00f1os, todas ellas relacionadas con Jap\u00f3n y su cultura.<\/p>\n<p>Un espacio para videojuegos, tanto los cl\u00e1sicos como las \u00faltimas consolas; espacios para cantar y bailar al ritmo que manden los dispositivos electr\u00f3nicos; talleres de pixel- art y de chapas personalizadas o exhibiciones de K-Pop coreano con varios grupos de Pamplona como Limitless, son algunas de las propuestas para la tarde y, la mayor\u00eda de ellas ser\u00e1n simult\u00e1neas, de forma que cada participante elija qu\u00e9 quiere hacer en cada momento.<\/p>\n<figure id=\"attachment_17107\" aria-describedby=\"caption-attachment-17107\" style=\"width: 300px\" class=\"wp-caption alignleft\"><a href=\"http:\/\/laguiadepamplona.es\/actualidad\/wp-content\/uploads\/2018\/04\/18.04.25_otaku_night_2017_cosplay_juventud.jpg\"><img loading=\"lazy\" decoding=\"async\" class=\"size-medium wp-image-17107\" src=\"http:\/\/laguiadepamplona.es\/actualidad\/wp-content\/uploads\/2018\/04\/18.04.25_otaku_night_2017_cosplay_juventud-300x225.jpg\" alt=\"\" width=\"300\" height=\"225\" srcset=\"https:\/\/www.laguiadepamplona.com\/actualidad\/wp-content\/uploads\/2018\/04\/18.04.25_otaku_night_2017_cosplay_juventud-300x225.jpg 300w, https:\/\/www.laguiadepamplona.com\/actualidad\/wp-content\/uploads\/2018\/04\/18.04.25_otaku_night_2017_cosplay_juventud-768x576.jpg 768w, https:\/\/www.laguiadepamplona.com\/actualidad\/wp-content\/uploads\/2018\/04\/18.04.25_otaku_night_2017_cosplay_juventud-678x509.jpg 678w, https:\/\/www.laguiadepamplona.com\/actualidad\/wp-content\/uploads\/2018\/04\/18.04.25_otaku_night_2017_cosplay_juventud-326x245.jpg 326w, https:\/\/www.laguiadepamplona.com\/actualidad\/wp-content\/uploads\/2018\/04\/18.04.25_otaku_night_2017_cosplay_juventud-80x60.jpg 80w, https:\/\/www.laguiadepamplona.com\/actualidad\/wp-content\/uploads\/2018\/04\/18.04.25_otaku_night_2017_cosplay_juventud.jpg 1000w\" sizes=\"auto, (max-width: 300px) 100vw, 300px\" \/><\/a><figcaption id=\"caption-attachment-17107\" class=\"wp-caption-text\">dav<\/figcaption><\/figure>\n<p>Esta edici\u00f3n de &#8216;Otaku Night Pamplona\u2019 propone como plato fuerte de la tarde el largometraje anime m\u00e1s taquillero de la historia, la pel\u00edcula rom\u00e1ntica \u2018Your name\u2019 (Jap\u00f3n, 2016, 106 minutos). La cinta, apta para todos los p\u00fablicos, es un drama rom\u00e1ntico que mezcla la fantas\u00eda y la ciencia ficci\u00f3n y que se emitir\u00e1 con subt\u00edtulos para personas con discapacidad auditiva. El filme recibi\u00f3, entre otros, los premios a la mejor pel\u00edcula de animaci\u00f3n entre los Cr\u00edticos de los \u00c1ngeles o el Festival de Sitges. Se proyectar\u00e1 de sobremesa: a las 17.30 horas.<\/p>\n<p>Y como segundo hito de la tarde y espacio donde demostrar el inter\u00e9s otaku en esta edici\u00f3n habr\u00e1 un \u2018Pasapalabra Otaku\u2019 a las 19.30 horas<em>, <\/em>un juego en el que los iniciados tendr\u00e1n que demostrar todo lo que saben sobre la cultura japonesa moderna. Tras estas actividades habr\u00e1 un peque\u00f1o descanso en el que se podr\u00e1 degustar uno de los platos m\u00e1s conocidos de la gastronom\u00eda japonesa, el sushi.<\/p>\n<p>La tercera novedad en 2018 ser\u00e1 la \u2018I Edici\u00f3n de Operaci\u00f3n Friki\u2019 en el que \u2013parafraseando el televisivo concurso de int\u00e9rpretes- las personas participantes tendr\u00e1n la oportunidad de cantar sus canciones favoritas a las 22 horas. Adem\u00e1s, entre los concursos volver\u00e1 el tradicional certamen de Cosplay un espacio en que los aficionados podr\u00e1n lucir sus atuendos trasmut\u00e1ndose en sus personajes favoritos.<\/p>\n<p>Tambi\u00e9n se plantear\u00e1 un campeonato Pok\u00e9mon Sol y Luna, en el que para participar es necesario traer tanto el juego como la consola. Este juego recoge nuevos Pok\u00e9mon Legendarios y nuevos movimientos de combate que a\u00f1aden una complejidad extra, entre otras novedades. Habr\u00e1 tambi\u00e9n torneos de de Super Smash Bross WIIU, Mario Kart 8 Deluxe y Street Figther II. La entrega los premios de todas las competiciones se realizar\u00e1 al final de la jornada.<\/p>\n<p>Navar-Manga, fue creada en 2006 con el objetivo de compartir valores y conocimientos entre la poblaci\u00f3n joven para demostrar que hay otra forma de entender las cosas y las distintas costumbres del mundo. Se puede contactar con la asociaci\u00f3n en su p\u00e1gina de Facebook, en navarmanga.tk o en <a href=\"mailto:asociacionnavarmanga@gmail.com\">asociacionnavarmanga@gmail.com<\/a>. Las ediciones de los dos \u00faltimos a\u00f1os de esta cita tuvieron 320 y 429 asistentes, respectivamente.<\/p>\n<p><strong>III Otaku night en la Casa de la Juventud. S\u00e1bado 28 de abril<\/strong><\/p>\n<p><strong>Entrada libre<\/strong><\/p>\n<p><strong>17 horas. Presentaci\u00f3n<\/strong><\/p>\n<ul>\n<li><strong>Sala de Videojuegos<\/strong>. Exhibici\u00f3n de diferentes videojuegos creados en Jap\u00f3n en distintas \u00e9pocas. Ininterrumpidamente hasta las 22.45 horas<\/li>\n<li><strong>Juegos Musicales.<\/strong> Para cantar las canciones anime al estilos Singstar y bailar canciones siguiendo las flechas de la pantalla. Ininterrumpidamente hasta las 22.45 horas<\/li>\n<\/ul>\n<p><strong>17.30 horas<\/strong><\/p>\n<ul>\n<li><strong>Cine\/Anime. <\/strong><strong>\u2018Your name\u2019 <\/strong>(Jap\u00f3n, 2016, 106 minutos). Apta para todos los p\u00fablicos<\/li>\n<\/ul>\n<p><strong>17.30 a 19 horas<\/strong><\/p>\n<ul>\n<li><strong>Taller de Pixeles. Con tubos de colores y una plantilla se crean personajes de<\/strong> videojuegos, animaci\u00f3n o lo que se quiera, en formato 8 bits<\/li>\n<li><strong>Taller de chapas.<\/strong> Dise\u00f1os personalizados<\/li>\n<\/ul>\n<p><strong>18 horas<\/strong><\/p>\n<ul>\n<li><strong>Exhibici\u00f3n de K-POP.<\/strong> Exhibici\u00f3n de baile moderno y actual surcoreano.<\/li>\n<\/ul>\n<p><strong>20 horas<\/strong><\/p>\n<ul>\n<li><strong>Campeonato Pokemon Sol y Luna<\/strong>. Los participantes tendr\u00e1n llevar su consola y el juego<\/li>\n<li><strong>Torneo de Super Smash Bross WIIU<\/strong><\/li>\n<\/ul>\n<p><strong>19.30 horas<\/strong><\/p>\n<ul>\n<li><strong>Pasapalabra Otaku. <\/strong>Competici\u00f3n para demostrar el nivel deconocimiento sobre el mundo Otaku y la cultura japonesa<\/li>\n<\/ul>\n<p><strong>19.45 horas<\/strong><\/p>\n<ul>\n<li><strong>Lunch de comida japonesa.<\/strong> Los asistentes podr\u00e1n degustar uno de los platos m\u00e1s conocidos de la gastronom\u00eda japonesa, el sushi, en sus distintas variantes<\/li>\n<\/ul>\n<p><strong>20 horas<\/strong><\/p>\n<ul>\n<li><strong>Torneo Mario Kart 8 Deluxe. <\/strong>Juego de conducci\u00f3n<\/li>\n<\/ul>\n<p><strong>20.15 horas<\/strong><\/p>\n<ul>\n<li><strong>Exhibicion K-Pop. <\/strong>Estilo de danza urbana coreana<\/li>\n<\/ul>\n<p><strong>21 horas<\/strong><\/p>\n<ul>\n<li><strong>Concurso de Cosplay<\/strong>. Disfraces de personajes de manga, anime o videojuegos y actuaci\u00f3n sobre el escenario. Los interesados deben llevar en una USB la m\u00fasica que se desee interpretar, de no m\u00e1s de dos minutos de duraci\u00f3n<\/li>\n<\/ul>\n<p><strong>21<\/strong>.30 horas<\/p>\n<ul>\n<li><strong>Torneo de Street Figther II. <\/strong>Edici\u00f3n del juego de lucha m\u00e1s importante de los \u00faltimos a\u00f1os<\/li>\n<\/ul>\n<p><strong>22 horas<\/strong><\/p>\n<ul>\n<li><strong>Operaci\u00f3n Friki. <\/strong> Las canciones favoritas de animes o grupos de m\u00fasica, tanto japoneses como coreanos. Los interesados deben llevar en una USB la m\u00fasica que se desee interpretar, de no m\u00e1s de dos minutos de duraci\u00f3n<\/li>\n<\/ul>\n<p><strong>22.45 horas<\/strong><\/p>\n<ul>\n<li><strong>Entrega de premios<\/strong><\/li>\n<\/ul>\n<p>&nbsp;<\/p>\n","protected":false},"excerpt":{"rendered":"<p>Y de nuevo tambi\u00e9n se podr\u00e1 participar en talleres, concursos de cosplay, karaoke o juegos de consola, degustar sushi o asistir a n\u00fameros de K-Pop<\/p>\n","protected":false},"author":1,"featured_media":17106,"comment_status":"open","ping_status":"closed","sticky":false,"template":"","format":"standard","meta":{"footnotes":""},"categories":[2],"tags":[],"class_list":["post-17105","post","type-post","status-publish","format-standard","has-post-thumbnail","hentry","category-ayuntamiento-pamplona"],"yoast_head":"<!-- This site is optimized with the Yoast SEO plugin v27.3 - https:\/\/yoast.com\/product\/yoast-seo-wordpress\/ -->\n<title>La III Otaku Night Pamplona de la Casa de la Juventud traer\u00e1 este s\u00e1bado la \u2018I Edici\u00f3n de Operaci\u00f3n Friki\u2019, un \u2018Pasapalabra\u2019 y la proyecci\u00f3n de la taquillera \u2018Your Name\u2019<\/title>\n<meta name=\"robots\" content=\"index, follow, max-snippet:-1, max-image-preview:large, max-video-preview:-1\" \/>\n<link rel=\"canonical\" href=\"https:\/\/www.laguiadepamplona.com\/actualidad\/la-iii-otaku-night-pamplona-de-la-casa-de-la-juventud-traera-este-sabado-la-i-edicion-de-operacion-friki-un-pasapalabra-y-la-proyeccion-de-la-taquillera-y\/\" \/>\n<meta property=\"og:locale\" content=\"es_ES\" \/>\n<meta property=\"og:type\" content=\"article\" \/>\n<meta property=\"og:title\" content=\"La III Otaku Night Pamplona de la Casa de la Juventud traer\u00e1 este s\u00e1bado la \u2018I Edici\u00f3n de Operaci\u00f3n Friki\u2019, un \u2018Pasapalabra\u2019 y la proyecci\u00f3n de la taquillera \u2018Your Name\u2019\" \/>\n<meta property=\"og:description\" content=\"Y de nuevo tambi\u00e9n se podr\u00e1 participar en talleres, concursos de cosplay, karaoke o juegos de consola, degustar sushi o asistir a n\u00fameros de K-Pop\" \/>\n<meta property=\"og:url\" content=\"https:\/\/www.laguiadepamplona.com\/actualidad\/la-iii-otaku-night-pamplona-de-la-casa-de-la-juventud-traera-este-sabado-la-i-edicion-de-operacion-friki-un-pasapalabra-y-la-proyeccion-de-la-taquillera-y\/\" \/>\n<meta property=\"og:site_name\" content=\"La Gu\u00eda de Pamplona\" \/>\n<meta property=\"article:publisher\" content=\"https:\/\/www.facebook.com\/laguiadepamplonacom-133175176762273\/?ref=hl\" \/>\n<meta property=\"article:published_time\" content=\"2018-04-25T09:15:59+00:00\" \/>\n<meta property=\"og:image\" content=\"https:\/\/www.laguiadepamplona.com\/actualidad\/wp-content\/uploads\/2018\/04\/18.04.25_otaku_night_2017_consolas_juventud.jpg\" \/>\n\t<meta property=\"og:image:width\" content=\"1000\" \/>\n\t<meta property=\"og:image:height\" content=\"750\" \/>\n\t<meta property=\"og:image:type\" content=\"image\/jpeg\" \/>\n<meta name=\"author\" content=\"La Gu\u00eda de Pamplona\" \/>\n<meta name=\"twitter:card\" content=\"summary_large_image\" \/>\n<meta name=\"twitter:creator\" content=\"@LaGuiadPamplona\" \/>\n<meta name=\"twitter:site\" content=\"@LaGuiadPamplona\" \/>\n<meta name=\"twitter:label1\" content=\"Escrito por\" \/>\n\t<meta name=\"twitter:data1\" content=\"La Gu\u00eda de Pamplona\" \/>\n\t<meta name=\"twitter:label2\" content=\"Tiempo de lectura\" \/>\n\t<meta name=\"twitter:data2\" content=\"5 minutos\" \/>\n<script type=\"application\/ld+json\" class=\"yoast-schema-graph\">{\"@context\":\"https:\\\/\\\/schema.org\",\"@graph\":[{\"@type\":\"Article\",\"@id\":\"https:\\\/\\\/www.laguiadepamplona.com\\\/actualidad\\\/la-iii-otaku-night-pamplona-de-la-casa-de-la-juventud-traera-este-sabado-la-i-edicion-de-operacion-friki-un-pasapalabra-y-la-proyeccion-de-la-taquillera-y\\\/#article\",\"isPartOf\":{\"@id\":\"https:\\\/\\\/www.laguiadepamplona.com\\\/actualidad\\\/la-iii-otaku-night-pamplona-de-la-casa-de-la-juventud-traera-este-sabado-la-i-edicion-de-operacion-friki-un-pasapalabra-y-la-proyeccion-de-la-taquillera-y\\\/\"},\"author\":{\"name\":\"La Gu\u00eda de Pamplona\",\"@id\":\"https:\\\/\\\/www.laguiadepamplona.com\\\/actualidad\\\/#\\\/schema\\\/person\\\/efe887376f0213d4657c93adc50b1fdb\"},\"headline\":\"La III Otaku Night Pamplona de la Casa de la Juventud traer\u00e1 este s\u00e1bado la \u2018I Edici\u00f3n de Operaci\u00f3n Friki\u2019, un \u2018Pasapalabra\u2019 y la proyecci\u00f3n de la taquillera \u2018Your Name\u2019\",\"datePublished\":\"2018-04-25T09:15:59+00:00\",\"mainEntityOfPage\":{\"@id\":\"https:\\\/\\\/www.laguiadepamplona.com\\\/actualidad\\\/la-iii-otaku-night-pamplona-de-la-casa-de-la-juventud-traera-este-sabado-la-i-edicion-de-operacion-friki-un-pasapalabra-y-la-proyeccion-de-la-taquillera-y\\\/\"},\"wordCount\":945,\"commentCount\":0,\"publisher\":{\"@id\":\"https:\\\/\\\/www.laguiadepamplona.com\\\/actualidad\\\/#organization\"},\"image\":{\"@id\":\"https:\\\/\\\/www.laguiadepamplona.com\\\/actualidad\\\/la-iii-otaku-night-pamplona-de-la-casa-de-la-juventud-traera-este-sabado-la-i-edicion-de-operacion-friki-un-pasapalabra-y-la-proyeccion-de-la-taquillera-y\\\/#primaryimage\"},\"thumbnailUrl\":\"https:\\\/\\\/www.laguiadepamplona.com\\\/actualidad\\\/wp-content\\\/uploads\\\/2018\\\/04\\\/18.04.25_otaku_night_2017_consolas_juventud.jpg\",\"articleSection\":[\"Ayto Pamplona\"],\"inLanguage\":\"es\",\"potentialAction\":[{\"@type\":\"CommentAction\",\"name\":\"Comment\",\"target\":[\"https:\\\/\\\/www.laguiadepamplona.com\\\/actualidad\\\/la-iii-otaku-night-pamplona-de-la-casa-de-la-juventud-traera-este-sabado-la-i-edicion-de-operacion-friki-un-pasapalabra-y-la-proyeccion-de-la-taquillera-y\\\/#respond\"]}]},{\"@type\":\"WebPage\",\"@id\":\"https:\\\/\\\/www.laguiadepamplona.com\\\/actualidad\\\/la-iii-otaku-night-pamplona-de-la-casa-de-la-juventud-traera-este-sabado-la-i-edicion-de-operacion-friki-un-pasapalabra-y-la-proyeccion-de-la-taquillera-y\\\/\",\"url\":\"https:\\\/\\\/www.laguiadepamplona.com\\\/actualidad\\\/la-iii-otaku-night-pamplona-de-la-casa-de-la-juventud-traera-este-sabado-la-i-edicion-de-operacion-friki-un-pasapalabra-y-la-proyeccion-de-la-taquillera-y\\\/\",\"name\":\"La III Otaku Night Pamplona de la Casa de la Juventud traer\u00e1 este s\u00e1bado la \u2018I Edici\u00f3n de Operaci\u00f3n Friki\u2019, un \u2018Pasapalabra\u2019 y la proyecci\u00f3n de la taquillera \u2018Your Name\u2019\",\"isPartOf\":{\"@id\":\"https:\\\/\\\/www.laguiadepamplona.com\\\/actualidad\\\/#website\"},\"primaryImageOfPage\":{\"@id\":\"https:\\\/\\\/www.laguiadepamplona.com\\\/actualidad\\\/la-iii-otaku-night-pamplona-de-la-casa-de-la-juventud-traera-este-sabado-la-i-edicion-de-operacion-friki-un-pasapalabra-y-la-proyeccion-de-la-taquillera-y\\\/#primaryimage\"},\"image\":{\"@id\":\"https:\\\/\\\/www.laguiadepamplona.com\\\/actualidad\\\/la-iii-otaku-night-pamplona-de-la-casa-de-la-juventud-traera-este-sabado-la-i-edicion-de-operacion-friki-un-pasapalabra-y-la-proyeccion-de-la-taquillera-y\\\/#primaryimage\"},\"thumbnailUrl\":\"https:\\\/\\\/www.laguiadepamplona.com\\\/actualidad\\\/wp-content\\\/uploads\\\/2018\\\/04\\\/18.04.25_otaku_night_2017_consolas_juventud.jpg\",\"datePublished\":\"2018-04-25T09:15:59+00:00\",\"breadcrumb\":{\"@id\":\"https:\\\/\\\/www.laguiadepamplona.com\\\/actualidad\\\/la-iii-otaku-night-pamplona-de-la-casa-de-la-juventud-traera-este-sabado-la-i-edicion-de-operacion-friki-un-pasapalabra-y-la-proyeccion-de-la-taquillera-y\\\/#breadcrumb\"},\"inLanguage\":\"es\",\"potentialAction\":[{\"@type\":\"ReadAction\",\"target\":[\"https:\\\/\\\/www.laguiadepamplona.com\\\/actualidad\\\/la-iii-otaku-night-pamplona-de-la-casa-de-la-juventud-traera-este-sabado-la-i-edicion-de-operacion-friki-un-pasapalabra-y-la-proyeccion-de-la-taquillera-y\\\/\"]}]},{\"@type\":\"ImageObject\",\"inLanguage\":\"es\",\"@id\":\"https:\\\/\\\/www.laguiadepamplona.com\\\/actualidad\\\/la-iii-otaku-night-pamplona-de-la-casa-de-la-juventud-traera-este-sabado-la-i-edicion-de-operacion-friki-un-pasapalabra-y-la-proyeccion-de-la-taquillera-y\\\/#primaryimage\",\"url\":\"https:\\\/\\\/www.laguiadepamplona.com\\\/actualidad\\\/wp-content\\\/uploads\\\/2018\\\/04\\\/18.04.25_otaku_night_2017_consolas_juventud.jpg\",\"contentUrl\":\"https:\\\/\\\/www.laguiadepamplona.com\\\/actualidad\\\/wp-content\\\/uploads\\\/2018\\\/04\\\/18.04.25_otaku_night_2017_consolas_juventud.jpg\",\"width\":1000,\"height\":750},{\"@type\":\"BreadcrumbList\",\"@id\":\"https:\\\/\\\/www.laguiadepamplona.com\\\/actualidad\\\/la-iii-otaku-night-pamplona-de-la-casa-de-la-juventud-traera-este-sabado-la-i-edicion-de-operacion-friki-un-pasapalabra-y-la-proyeccion-de-la-taquillera-y\\\/#breadcrumb\",\"itemListElement\":[{\"@type\":\"ListItem\",\"position\":1,\"name\":\"Portada\",\"item\":\"https:\\\/\\\/www.laguiadepamplona.com\\\/actualidad\\\/\"},{\"@type\":\"ListItem\",\"position\":2,\"name\":\"La III Otaku Night Pamplona de la Casa de la Juventud traer\u00e1 este s\u00e1bado la \u2018I Edici\u00f3n de Operaci\u00f3n Friki\u2019, un \u2018Pasapalabra\u2019 y la proyecci\u00f3n de la taquillera \u2018Your Name\u2019\"}]},{\"@type\":\"WebSite\",\"@id\":\"https:\\\/\\\/www.laguiadepamplona.com\\\/actualidad\\\/#website\",\"url\":\"https:\\\/\\\/www.laguiadepamplona.com\\\/actualidad\\\/\",\"name\":\"La gu\u00eda de Pamplona\",\"description\":\"Noticias de Pamplona\",\"publisher\":{\"@id\":\"https:\\\/\\\/www.laguiadepamplona.com\\\/actualidad\\\/#organization\"},\"potentialAction\":[{\"@type\":\"SearchAction\",\"target\":{\"@type\":\"EntryPoint\",\"urlTemplate\":\"https:\\\/\\\/www.laguiadepamplona.com\\\/actualidad\\\/?s={search_term_string}\"},\"query-input\":{\"@type\":\"PropertyValueSpecification\",\"valueRequired\":true,\"valueName\":\"search_term_string\"}}],\"inLanguage\":\"es\"},{\"@type\":\"Organization\",\"@id\":\"https:\\\/\\\/www.laguiadepamplona.com\\\/actualidad\\\/#organization\",\"name\":\"La Gu\u00eda de Pamplona \\\/ Noticias\",\"url\":\"https:\\\/\\\/www.laguiadepamplona.com\\\/actualidad\\\/\",\"logo\":{\"@type\":\"ImageObject\",\"inLanguage\":\"es\",\"@id\":\"https:\\\/\\\/www.laguiadepamplona.com\\\/actualidad\\\/#\\\/schema\\\/logo\\\/image\\\/\",\"url\":\"https:\\\/\\\/www.laguiadepamplona.com\\\/actualidad\\\/wp-content\\\/uploads\\\/2018\\\/11\\\/logo-laguiadepamplona18-web1.png\",\"contentUrl\":\"https:\\\/\\\/www.laguiadepamplona.com\\\/actualidad\\\/wp-content\\\/uploads\\\/2018\\\/11\\\/logo-laguiadepamplona18-web1.png\",\"width\":600,\"height\":196,\"caption\":\"La Gu\u00eda de Pamplona \\\/ Noticias\"},\"image\":{\"@id\":\"https:\\\/\\\/www.laguiadepamplona.com\\\/actualidad\\\/#\\\/schema\\\/logo\\\/image\\\/\"},\"sameAs\":[\"https:\\\/\\\/www.facebook.com\\\/laguiadepamplonacom-133175176762273\\\/?ref=hl\",\"https:\\\/\\\/x.com\\\/LaGuiadPamplona\",\"https:\\\/\\\/www.instagram.com\\\/la_guia_de_pamplona\\\/\",\"https:\\\/\\\/www.youtube.com\\\/user\\\/laguiadepamplona\"]},{\"@type\":\"Person\",\"@id\":\"https:\\\/\\\/www.laguiadepamplona.com\\\/actualidad\\\/#\\\/schema\\\/person\\\/efe887376f0213d4657c93adc50b1fdb\",\"name\":\"La Gu\u00eda de Pamplona\",\"image\":{\"@type\":\"ImageObject\",\"inLanguage\":\"es\",\"@id\":\"https:\\\/\\\/secure.gravatar.com\\\/avatar\\\/b6992f131dc8d30ab0dff15446e9d346d9dbd95992de0fef795073f5ea83a81c?s=96&d=mm&r=g\",\"url\":\"https:\\\/\\\/secure.gravatar.com\\\/avatar\\\/b6992f131dc8d30ab0dff15446e9d346d9dbd95992de0fef795073f5ea83a81c?s=96&d=mm&r=g\",\"contentUrl\":\"https:\\\/\\\/secure.gravatar.com\\\/avatar\\\/b6992f131dc8d30ab0dff15446e9d346d9dbd95992de0fef795073f5ea83a81c?s=96&d=mm&r=g\",\"caption\":\"La Gu\u00eda de Pamplona\"}}]}<\/script>\n<!-- \/ Yoast SEO plugin. -->","yoast_head_json":{"title":"La III Otaku Night Pamplona de la Casa de la Juventud traer\u00e1 este s\u00e1bado la \u2018I Edici\u00f3n de Operaci\u00f3n Friki\u2019, un \u2018Pasapalabra\u2019 y la proyecci\u00f3n de la taquillera \u2018Your Name\u2019","robots":{"index":"index","follow":"follow","max-snippet":"max-snippet:-1","max-image-preview":"max-image-preview:large","max-video-preview":"max-video-preview:-1"},"canonical":"https:\/\/www.laguiadepamplona.com\/actualidad\/la-iii-otaku-night-pamplona-de-la-casa-de-la-juventud-traera-este-sabado-la-i-edicion-de-operacion-friki-un-pasapalabra-y-la-proyeccion-de-la-taquillera-y\/","og_locale":"es_ES","og_type":"article","og_title":"La III Otaku Night Pamplona de la Casa de la Juventud traer\u00e1 este s\u00e1bado la \u2018I Edici\u00f3n de Operaci\u00f3n Friki\u2019, un \u2018Pasapalabra\u2019 y la proyecci\u00f3n de la taquillera \u2018Your Name\u2019","og_description":"Y de nuevo tambi\u00e9n se podr\u00e1 participar en talleres, concursos de cosplay, karaoke o juegos de consola, degustar sushi o asistir a n\u00fameros de K-Pop","og_url":"https:\/\/www.laguiadepamplona.com\/actualidad\/la-iii-otaku-night-pamplona-de-la-casa-de-la-juventud-traera-este-sabado-la-i-edicion-de-operacion-friki-un-pasapalabra-y-la-proyeccion-de-la-taquillera-y\/","og_site_name":"La Gu\u00eda de Pamplona","article_publisher":"https:\/\/www.facebook.com\/laguiadepamplonacom-133175176762273\/?ref=hl","article_published_time":"2018-04-25T09:15:59+00:00","og_image":[{"width":1000,"height":750,"url":"https:\/\/www.laguiadepamplona.com\/actualidad\/wp-content\/uploads\/2018\/04\/18.04.25_otaku_night_2017_consolas_juventud.jpg","type":"image\/jpeg"}],"author":"La Gu\u00eda de Pamplona","twitter_card":"summary_large_image","twitter_creator":"@LaGuiadPamplona","twitter_site":"@LaGuiadPamplona","twitter_misc":{"Escrito por":"La Gu\u00eda de Pamplona","Tiempo de lectura":"5 minutos"},"schema":{"@context":"https:\/\/schema.org","@graph":[{"@type":"Article","@id":"https:\/\/www.laguiadepamplona.com\/actualidad\/la-iii-otaku-night-pamplona-de-la-casa-de-la-juventud-traera-este-sabado-la-i-edicion-de-operacion-friki-un-pasapalabra-y-la-proyeccion-de-la-taquillera-y\/#article","isPartOf":{"@id":"https:\/\/www.laguiadepamplona.com\/actualidad\/la-iii-otaku-night-pamplona-de-la-casa-de-la-juventud-traera-este-sabado-la-i-edicion-de-operacion-friki-un-pasapalabra-y-la-proyeccion-de-la-taquillera-y\/"},"author":{"name":"La Gu\u00eda de Pamplona","@id":"https:\/\/www.laguiadepamplona.com\/actualidad\/#\/schema\/person\/efe887376f0213d4657c93adc50b1fdb"},"headline":"La III Otaku Night Pamplona de la Casa de la Juventud traer\u00e1 este s\u00e1bado la \u2018I Edici\u00f3n de Operaci\u00f3n Friki\u2019, un \u2018Pasapalabra\u2019 y la proyecci\u00f3n de la taquillera \u2018Your Name\u2019","datePublished":"2018-04-25T09:15:59+00:00","mainEntityOfPage":{"@id":"https:\/\/www.laguiadepamplona.com\/actualidad\/la-iii-otaku-night-pamplona-de-la-casa-de-la-juventud-traera-este-sabado-la-i-edicion-de-operacion-friki-un-pasapalabra-y-la-proyeccion-de-la-taquillera-y\/"},"wordCount":945,"commentCount":0,"publisher":{"@id":"https:\/\/www.laguiadepamplona.com\/actualidad\/#organization"},"image":{"@id":"https:\/\/www.laguiadepamplona.com\/actualidad\/la-iii-otaku-night-pamplona-de-la-casa-de-la-juventud-traera-este-sabado-la-i-edicion-de-operacion-friki-un-pasapalabra-y-la-proyeccion-de-la-taquillera-y\/#primaryimage"},"thumbnailUrl":"https:\/\/www.laguiadepamplona.com\/actualidad\/wp-content\/uploads\/2018\/04\/18.04.25_otaku_night_2017_consolas_juventud.jpg","articleSection":["Ayto Pamplona"],"inLanguage":"es","potentialAction":[{"@type":"CommentAction","name":"Comment","target":["https:\/\/www.laguiadepamplona.com\/actualidad\/la-iii-otaku-night-pamplona-de-la-casa-de-la-juventud-traera-este-sabado-la-i-edicion-de-operacion-friki-un-pasapalabra-y-la-proyeccion-de-la-taquillera-y\/#respond"]}]},{"@type":"WebPage","@id":"https:\/\/www.laguiadepamplona.com\/actualidad\/la-iii-otaku-night-pamplona-de-la-casa-de-la-juventud-traera-este-sabado-la-i-edicion-de-operacion-friki-un-pasapalabra-y-la-proyeccion-de-la-taquillera-y\/","url":"https:\/\/www.laguiadepamplona.com\/actualidad\/la-iii-otaku-night-pamplona-de-la-casa-de-la-juventud-traera-este-sabado-la-i-edicion-de-operacion-friki-un-pasapalabra-y-la-proyeccion-de-la-taquillera-y\/","name":"La III Otaku Night Pamplona de la Casa de la Juventud traer\u00e1 este s\u00e1bado la \u2018I Edici\u00f3n de Operaci\u00f3n Friki\u2019, un \u2018Pasapalabra\u2019 y la proyecci\u00f3n de la taquillera \u2018Your Name\u2019","isPartOf":{"@id":"https:\/\/www.laguiadepamplona.com\/actualidad\/#website"},"primaryImageOfPage":{"@id":"https:\/\/www.laguiadepamplona.com\/actualidad\/la-iii-otaku-night-pamplona-de-la-casa-de-la-juventud-traera-este-sabado-la-i-edicion-de-operacion-friki-un-pasapalabra-y-la-proyeccion-de-la-taquillera-y\/#primaryimage"},"image":{"@id":"https:\/\/www.laguiadepamplona.com\/actualidad\/la-iii-otaku-night-pamplona-de-la-casa-de-la-juventud-traera-este-sabado-la-i-edicion-de-operacion-friki-un-pasapalabra-y-la-proyeccion-de-la-taquillera-y\/#primaryimage"},"thumbnailUrl":"https:\/\/www.laguiadepamplona.com\/actualidad\/wp-content\/uploads\/2018\/04\/18.04.25_otaku_night_2017_consolas_juventud.jpg","datePublished":"2018-04-25T09:15:59+00:00","breadcrumb":{"@id":"https:\/\/www.laguiadepamplona.com\/actualidad\/la-iii-otaku-night-pamplona-de-la-casa-de-la-juventud-traera-este-sabado-la-i-edicion-de-operacion-friki-un-pasapalabra-y-la-proyeccion-de-la-taquillera-y\/#breadcrumb"},"inLanguage":"es","potentialAction":[{"@type":"ReadAction","target":["https:\/\/www.laguiadepamplona.com\/actualidad\/la-iii-otaku-night-pamplona-de-la-casa-de-la-juventud-traera-este-sabado-la-i-edicion-de-operacion-friki-un-pasapalabra-y-la-proyeccion-de-la-taquillera-y\/"]}]},{"@type":"ImageObject","inLanguage":"es","@id":"https:\/\/www.laguiadepamplona.com\/actualidad\/la-iii-otaku-night-pamplona-de-la-casa-de-la-juventud-traera-este-sabado-la-i-edicion-de-operacion-friki-un-pasapalabra-y-la-proyeccion-de-la-taquillera-y\/#primaryimage","url":"https:\/\/www.laguiadepamplona.com\/actualidad\/wp-content\/uploads\/2018\/04\/18.04.25_otaku_night_2017_consolas_juventud.jpg","contentUrl":"https:\/\/www.laguiadepamplona.com\/actualidad\/wp-content\/uploads\/2018\/04\/18.04.25_otaku_night_2017_consolas_juventud.jpg","width":1000,"height":750},{"@type":"BreadcrumbList","@id":"https:\/\/www.laguiadepamplona.com\/actualidad\/la-iii-otaku-night-pamplona-de-la-casa-de-la-juventud-traera-este-sabado-la-i-edicion-de-operacion-friki-un-pasapalabra-y-la-proyeccion-de-la-taquillera-y\/#breadcrumb","itemListElement":[{"@type":"ListItem","position":1,"name":"Portada","item":"https:\/\/www.laguiadepamplona.com\/actualidad\/"},{"@type":"ListItem","position":2,"name":"La III Otaku Night Pamplona de la Casa de la Juventud traer\u00e1 este s\u00e1bado la \u2018I Edici\u00f3n de Operaci\u00f3n Friki\u2019, un \u2018Pasapalabra\u2019 y la proyecci\u00f3n de la taquillera \u2018Your Name\u2019"}]},{"@type":"WebSite","@id":"https:\/\/www.laguiadepamplona.com\/actualidad\/#website","url":"https:\/\/www.laguiadepamplona.com\/actualidad\/","name":"La gu\u00eda de Pamplona","description":"Noticias de Pamplona","publisher":{"@id":"https:\/\/www.laguiadepamplona.com\/actualidad\/#organization"},"potentialAction":[{"@type":"SearchAction","target":{"@type":"EntryPoint","urlTemplate":"https:\/\/www.laguiadepamplona.com\/actualidad\/?s={search_term_string}"},"query-input":{"@type":"PropertyValueSpecification","valueRequired":true,"valueName":"search_term_string"}}],"inLanguage":"es"},{"@type":"Organization","@id":"https:\/\/www.laguiadepamplona.com\/actualidad\/#organization","name":"La Gu\u00eda de Pamplona \/ Noticias","url":"https:\/\/www.laguiadepamplona.com\/actualidad\/","logo":{"@type":"ImageObject","inLanguage":"es","@id":"https:\/\/www.laguiadepamplona.com\/actualidad\/#\/schema\/logo\/image\/","url":"https:\/\/www.laguiadepamplona.com\/actualidad\/wp-content\/uploads\/2018\/11\/logo-laguiadepamplona18-web1.png","contentUrl":"https:\/\/www.laguiadepamplona.com\/actualidad\/wp-content\/uploads\/2018\/11\/logo-laguiadepamplona18-web1.png","width":600,"height":196,"caption":"La Gu\u00eda de Pamplona \/ Noticias"},"image":{"@id":"https:\/\/www.laguiadepamplona.com\/actualidad\/#\/schema\/logo\/image\/"},"sameAs":["https:\/\/www.facebook.com\/laguiadepamplonacom-133175176762273\/?ref=hl","https:\/\/x.com\/LaGuiadPamplona","https:\/\/www.instagram.com\/la_guia_de_pamplona\/","https:\/\/www.youtube.com\/user\/laguiadepamplona"]},{"@type":"Person","@id":"https:\/\/www.laguiadepamplona.com\/actualidad\/#\/schema\/person\/efe887376f0213d4657c93adc50b1fdb","name":"La Gu\u00eda de Pamplona","image":{"@type":"ImageObject","inLanguage":"es","@id":"https:\/\/secure.gravatar.com\/avatar\/b6992f131dc8d30ab0dff15446e9d346d9dbd95992de0fef795073f5ea83a81c?s=96&d=mm&r=g","url":"https:\/\/secure.gravatar.com\/avatar\/b6992f131dc8d30ab0dff15446e9d346d9dbd95992de0fef795073f5ea83a81c?s=96&d=mm&r=g","contentUrl":"https:\/\/secure.gravatar.com\/avatar\/b6992f131dc8d30ab0dff15446e9d346d9dbd95992de0fef795073f5ea83a81c?s=96&d=mm&r=g","caption":"La Gu\u00eda de Pamplona"}}]}},"post_mailing_queue_ids":[],"_links":{"self":[{"href":"https:\/\/www.laguiadepamplona.com\/actualidad\/wp-json\/wp\/v2\/posts\/17105","targetHints":{"allow":["GET"]}}],"collection":[{"href":"https:\/\/www.laguiadepamplona.com\/actualidad\/wp-json\/wp\/v2\/posts"}],"about":[{"href":"https:\/\/www.laguiadepamplona.com\/actualidad\/wp-json\/wp\/v2\/types\/post"}],"author":[{"embeddable":true,"href":"https:\/\/www.laguiadepamplona.com\/actualidad\/wp-json\/wp\/v2\/users\/1"}],"replies":[{"embeddable":true,"href":"https:\/\/www.laguiadepamplona.com\/actualidad\/wp-json\/wp\/v2\/comments?post=17105"}],"version-history":[{"count":0,"href":"https:\/\/www.laguiadepamplona.com\/actualidad\/wp-json\/wp\/v2\/posts\/17105\/revisions"}],"wp:featuredmedia":[{"embeddable":true,"href":"https:\/\/www.laguiadepamplona.com\/actualidad\/wp-json\/wp\/v2\/media\/17106"}],"wp:attachment":[{"href":"https:\/\/www.laguiadepamplona.com\/actualidad\/wp-json\/wp\/v2\/media?parent=17105"}],"wp:term":[{"taxonomy":"category","embeddable":true,"href":"https:\/\/www.laguiadepamplona.com\/actualidad\/wp-json\/wp\/v2\/categories?post=17105"},{"taxonomy":"post_tag","embeddable":true,"href":"https:\/\/www.laguiadepamplona.com\/actualidad\/wp-json\/wp\/v2\/tags?post=17105"}],"curies":[{"name":"wp","href":"https:\/\/api.w.org\/{rel}","templated":true}]}}