{"id":17099,"date":"2018-04-25T10:12:20","date_gmt":"2018-04-25T09:12:20","guid":{"rendered":"http:\/\/laguiadepamplona.es\/actualidad\/?p=17099"},"modified":"2018-04-25T10:12:20","modified_gmt":"2018-04-25T09:12:20","slug":"andoni-salamero-recordara-la-figura-de-joxean-artze-en-una-conferencia-en-euskera-manana-jueves-a-las-19-30-en-civivox-condestable","status":"publish","type":"post","link":"https:\/\/www.laguiadepamplona.com\/actualidad\/andoni-salamero-recordara-la-figura-de-joxean-artze-en-una-conferencia-en-euskera-manana-jueves-a-las-19-30-en-civivox-condestable\/","title":{"rendered":"Andoni Salamero recordar\u00e1 la figura de Joxean Artze en una conferencia en euskera ma\u00f1ana jueves a las 19.30 en Civivox Condestable"},"content":{"rendered":"<h3>La charla se enmarca en la XIX Lectura P\u00fablica del Libro en Euskera del IES Biurdana, en cuya organizaci\u00f3n colaboran Ayuntamiento y Ateneo Navarro<!--more--><\/h3>\n<p>El fil\u00f3logo Andoni Salamero recordar\u00e1, ma\u00f1ana jueves 26 de abril, la figura de Joxean Artze, referente de la cultura vasca en las \u00faltimas d\u00e9cadas, en una conferencia en euskera a las 19.30 en Civivox Condestable con entrada libre. La charla \u2018Artze&#8230; Joxan gogoan!\u2019 <em>(Artze\u2026 <\/em><em>Joxan en nuestra memoria!)<\/em> forma parte de la XIX edici\u00f3n de la Lectura P\u00fablica del Libro en Euskera organizada por el IES Biurdana en colaboraci\u00f3n con el Ayuntamiento de Pamplona y el Ateneo Navarro.<\/p>\n<p>En la sesi\u00f3n, Andoni Salamero recordar\u00e1 sus vivencias personales con Joxean Artze, de las experiencias vividas con \u00e9l as\u00ed como de las ense\u00f1anzas aprendidas de sus obras. Adem\u00e1s de disfrutar de estas vivencias, el p\u00fablico asistente tendr\u00e1 la oportunidad de compartir poemas y canciones de su obra. La relaci\u00f3n se remonta a 1994 cuando quince j\u00f3venes de la banda de Zumarraga \u2013 Urretxu, Hits eta Fits, entre los que se encontraba Salamero, participaron en el espect\u00e1culo de Joxan Artze \u2018El mundo est\u00e1 hecho para el hombre, pero no el hombre para el mundo\u2019. Ese grupo de j\u00f3venes recit\u00f3 conjuntamente con Joxan Artze, a modo de coro, los poemas del propio autor en un espect\u00e1culo dirigido por la legazpiarra In\u00e9s Elortza y con la colaboraci\u00f3n del hermano de Joxan, Jes\u00fas, tocando la txalaparta y la zambomba. El resultado fue una obra que se present\u00f3 en diferentes lugares: San Sebasti\u00e1n, Biarritz, Durango, Aretxabaleta o Usurbil, entre otros.<\/p>\n<p>Esta conferencia tendr\u00e1 continuidad el pr\u00f3ximo viernes 4 de mayo en la XIX edici\u00f3n de la lectura p\u00fablica en euskera del IES Biurdana, que girar\u00e1 tambi\u00e9n sobre la figura y la obra de Joxean Artze.<\/p>\n<p><strong>Conferenciante y homenajeado<\/strong><\/p>\n<p>Andoni Salamero est\u00e1 licenciado en Filolog\u00eda Vasca y es instructor de la disciplina de \u2018Bioternura\u2019 adem\u00e1s de poeta y declamador. Ha trabajado como profesor de euskera, t\u00e9cnico de grupos impulsores del euskera y profesor de Literatura. Tiene tres libros publicados: \u2018Zu.Ni.Bi.Bidean&#8230;\u2019, \u2018Bide ertzeko printzak\u2019 eta \u2018Japonia: poesiaren sumendi ezkutua\u2019. Adem\u00e1s, sus poemas han sido editados por la asociaci\u00f3n Hatsa de Senpere y ha impulsado seis vol\u00famenes con el alumnado del colegio Elkar-Hezi de O\u00f1ate. Cuenta con colaboraciones con artistas como Oskorri, Joxan Artze o Pantxoa eta Peio, entre otros.<\/p>\n<p>El escritor y m\u00fasico Joxean Artze, natural de Usurbil, fue uno de los creadores e ide\u00f3logos del grupo de nueva canci\u00f3n vasca Ez Dok Amairu junto con Mikel Laboa, Xabier Lete, Benito Lertxundi y Lourdes Iriondo, entre otros. En colaboraci\u00f3n con miembros de Ez Dok Amairu dise\u00f1\u00f3 en 1969 el espect\u00e1culo \u2018Baga, Biga, Higa\u2019. Posteriormente puso en marcha la producci\u00f3n de m\u00fasica, danza y poes\u00eda \u2018Ikimilikiliklik\u2019, en la que adem\u00e1s de componentes de Ez Dok Amairu participaron su hermano Jes\u00fas, Mikel Laboa y Jos\u00e9 Mari Zabala.<\/p>\n<p>Artze ha escrito algunas de las letras de canciones m\u00e1s conocidas de Mikel Laboa, como \u2018Txoria txori\u2019, \u2018Ama hil zaigu\u2019, \u2018Zaude lasai\u2019 y \u2018Geure bazterrak\u2019. En 1978 estren\u00f3 su primer espect\u00e1culo po\u00e9tico propio titulado \u2018Hitzez eta hotsez\u2019 al que siguieron \u2018Gizon haundia da mundua eta mundu ttikia gizona\u2019 y \u2018Mundua gizonarentzat egina da, baina ez gizona munduarentzat\u2019 en el que particip\u00f3 Andoni Salamero.<\/p>\n<p>&nbsp;<\/p>\n","protected":false},"excerpt":{"rendered":"<p>La charla se enmarca en la XIX Lectura P\u00fablica del Libro en Euskera del IES Biurdana, en cuya organizaci\u00f3n colaboran Ayuntamiento y Ateneo Navarro<\/p>\n","protected":false},"author":1,"featured_media":17100,"comment_status":"open","ping_status":"closed","sticky":false,"template":"","format":"standard","meta":{"footnotes":""},"categories":[2],"tags":[],"class_list":["post-17099","post","type-post","status-publish","format-standard","has-post-thumbnail","hentry","category-ayuntamiento-pamplona"],"yoast_head":"<!-- This site is optimized with the Yoast SEO plugin v27.3 - https:\/\/yoast.com\/product\/yoast-seo-wordpress\/ -->\n<title>Andoni Salamero recordar\u00e1 la figura de Joxean Artze en una conferencia en euskera ma\u00f1ana jueves a las 19.30 en Civivox Condestable<\/title>\n<meta name=\"robots\" content=\"index, follow, max-snippet:-1, max-image-preview:large, max-video-preview:-1\" \/>\n<link rel=\"canonical\" href=\"https:\/\/www.laguiadepamplona.com\/actualidad\/andoni-salamero-recordara-la-figura-de-joxean-artze-en-una-conferencia-en-euskera-manana-jueves-a-las-19-30-en-civivox-condestable\/\" \/>\n<meta property=\"og:locale\" content=\"es_ES\" \/>\n<meta property=\"og:type\" content=\"article\" \/>\n<meta property=\"og:title\" content=\"Andoni Salamero recordar\u00e1 la figura de Joxean Artze en una conferencia en euskera ma\u00f1ana jueves a las 19.30 en Civivox Condestable\" \/>\n<meta property=\"og:description\" content=\"La charla se enmarca en la XIX Lectura P\u00fablica del Libro en Euskera del IES Biurdana, en cuya organizaci\u00f3n colaboran Ayuntamiento y Ateneo Navarro\" \/>\n<meta property=\"og:url\" content=\"https:\/\/www.laguiadepamplona.com\/actualidad\/andoni-salamero-recordara-la-figura-de-joxean-artze-en-una-conferencia-en-euskera-manana-jueves-a-las-19-30-en-civivox-condestable\/\" \/>\n<meta property=\"og:site_name\" content=\"La Gu\u00eda de Pamplona\" \/>\n<meta property=\"article:publisher\" content=\"https:\/\/www.facebook.com\/laguiadepamplonacom-133175176762273\/?ref=hl\" \/>\n<meta property=\"article:published_time\" content=\"2018-04-25T09:12:20+00:00\" \/>\n<meta property=\"og:image\" content=\"https:\/\/www.laguiadepamplona.com\/actualidad\/wp-content\/uploads\/2018\/04\/18.04.25_andoni_salamero.jpg\" \/>\n\t<meta property=\"og:image:width\" content=\"1000\" \/>\n\t<meta property=\"og:image:height\" content=\"562\" \/>\n\t<meta property=\"og:image:type\" content=\"image\/jpeg\" \/>\n<meta name=\"author\" content=\"La Gu\u00eda de Pamplona\" \/>\n<meta name=\"twitter:card\" content=\"summary_large_image\" \/>\n<meta name=\"twitter:creator\" content=\"@LaGuiadPamplona\" \/>\n<meta name=\"twitter:site\" content=\"@LaGuiadPamplona\" \/>\n<meta name=\"twitter:label1\" content=\"Escrito por\" \/>\n\t<meta name=\"twitter:data1\" content=\"La Gu\u00eda de Pamplona\" \/>\n\t<meta name=\"twitter:label2\" content=\"Tiempo de lectura\" \/>\n\t<meta name=\"twitter:data2\" content=\"3 minutos\" \/>\n<script type=\"application\/ld+json\" class=\"yoast-schema-graph\">{\"@context\":\"https:\\\/\\\/schema.org\",\"@graph\":[{\"@type\":\"Article\",\"@id\":\"https:\\\/\\\/www.laguiadepamplona.com\\\/actualidad\\\/andoni-salamero-recordara-la-figura-de-joxean-artze-en-una-conferencia-en-euskera-manana-jueves-a-las-19-30-en-civivox-condestable\\\/#article\",\"isPartOf\":{\"@id\":\"https:\\\/\\\/www.laguiadepamplona.com\\\/actualidad\\\/andoni-salamero-recordara-la-figura-de-joxean-artze-en-una-conferencia-en-euskera-manana-jueves-a-las-19-30-en-civivox-condestable\\\/\"},\"author\":{\"name\":\"La Gu\u00eda de Pamplona\",\"@id\":\"https:\\\/\\\/www.laguiadepamplona.com\\\/actualidad\\\/#\\\/schema\\\/person\\\/efe887376f0213d4657c93adc50b1fdb\"},\"headline\":\"Andoni Salamero recordar\u00e1 la figura de Joxean Artze en una conferencia en euskera ma\u00f1ana jueves a las 19.30 en Civivox Condestable\",\"datePublished\":\"2018-04-25T09:12:20+00:00\",\"mainEntityOfPage\":{\"@id\":\"https:\\\/\\\/www.laguiadepamplona.com\\\/actualidad\\\/andoni-salamero-recordara-la-figura-de-joxean-artze-en-una-conferencia-en-euskera-manana-jueves-a-las-19-30-en-civivox-condestable\\\/\"},\"wordCount\":596,\"commentCount\":0,\"publisher\":{\"@id\":\"https:\\\/\\\/www.laguiadepamplona.com\\\/actualidad\\\/#organization\"},\"image\":{\"@id\":\"https:\\\/\\\/www.laguiadepamplona.com\\\/actualidad\\\/andoni-salamero-recordara-la-figura-de-joxean-artze-en-una-conferencia-en-euskera-manana-jueves-a-las-19-30-en-civivox-condestable\\\/#primaryimage\"},\"thumbnailUrl\":\"https:\\\/\\\/www.laguiadepamplona.com\\\/actualidad\\\/wp-content\\\/uploads\\\/2018\\\/04\\\/18.04.25_andoni_salamero.jpg\",\"articleSection\":[\"Ayto Pamplona\"],\"inLanguage\":\"es\",\"potentialAction\":[{\"@type\":\"CommentAction\",\"name\":\"Comment\",\"target\":[\"https:\\\/\\\/www.laguiadepamplona.com\\\/actualidad\\\/andoni-salamero-recordara-la-figura-de-joxean-artze-en-una-conferencia-en-euskera-manana-jueves-a-las-19-30-en-civivox-condestable\\\/#respond\"]}]},{\"@type\":\"WebPage\",\"@id\":\"https:\\\/\\\/www.laguiadepamplona.com\\\/actualidad\\\/andoni-salamero-recordara-la-figura-de-joxean-artze-en-una-conferencia-en-euskera-manana-jueves-a-las-19-30-en-civivox-condestable\\\/\",\"url\":\"https:\\\/\\\/www.laguiadepamplona.com\\\/actualidad\\\/andoni-salamero-recordara-la-figura-de-joxean-artze-en-una-conferencia-en-euskera-manana-jueves-a-las-19-30-en-civivox-condestable\\\/\",\"name\":\"Andoni Salamero recordar\u00e1 la figura de Joxean Artze en una conferencia en euskera ma\u00f1ana jueves a las 19.30 en Civivox Condestable\",\"isPartOf\":{\"@id\":\"https:\\\/\\\/www.laguiadepamplona.com\\\/actualidad\\\/#website\"},\"primaryImageOfPage\":{\"@id\":\"https:\\\/\\\/www.laguiadepamplona.com\\\/actualidad\\\/andoni-salamero-recordara-la-figura-de-joxean-artze-en-una-conferencia-en-euskera-manana-jueves-a-las-19-30-en-civivox-condestable\\\/#primaryimage\"},\"image\":{\"@id\":\"https:\\\/\\\/www.laguiadepamplona.com\\\/actualidad\\\/andoni-salamero-recordara-la-figura-de-joxean-artze-en-una-conferencia-en-euskera-manana-jueves-a-las-19-30-en-civivox-condestable\\\/#primaryimage\"},\"thumbnailUrl\":\"https:\\\/\\\/www.laguiadepamplona.com\\\/actualidad\\\/wp-content\\\/uploads\\\/2018\\\/04\\\/18.04.25_andoni_salamero.jpg\",\"datePublished\":\"2018-04-25T09:12:20+00:00\",\"breadcrumb\":{\"@id\":\"https:\\\/\\\/www.laguiadepamplona.com\\\/actualidad\\\/andoni-salamero-recordara-la-figura-de-joxean-artze-en-una-conferencia-en-euskera-manana-jueves-a-las-19-30-en-civivox-condestable\\\/#breadcrumb\"},\"inLanguage\":\"es\",\"potentialAction\":[{\"@type\":\"ReadAction\",\"target\":[\"https:\\\/\\\/www.laguiadepamplona.com\\\/actualidad\\\/andoni-salamero-recordara-la-figura-de-joxean-artze-en-una-conferencia-en-euskera-manana-jueves-a-las-19-30-en-civivox-condestable\\\/\"]}]},{\"@type\":\"ImageObject\",\"inLanguage\":\"es\",\"@id\":\"https:\\\/\\\/www.laguiadepamplona.com\\\/actualidad\\\/andoni-salamero-recordara-la-figura-de-joxean-artze-en-una-conferencia-en-euskera-manana-jueves-a-las-19-30-en-civivox-condestable\\\/#primaryimage\",\"url\":\"https:\\\/\\\/www.laguiadepamplona.com\\\/actualidad\\\/wp-content\\\/uploads\\\/2018\\\/04\\\/18.04.25_andoni_salamero.jpg\",\"contentUrl\":\"https:\\\/\\\/www.laguiadepamplona.com\\\/actualidad\\\/wp-content\\\/uploads\\\/2018\\\/04\\\/18.04.25_andoni_salamero.jpg\",\"width\":1000,\"height\":562},{\"@type\":\"BreadcrumbList\",\"@id\":\"https:\\\/\\\/www.laguiadepamplona.com\\\/actualidad\\\/andoni-salamero-recordara-la-figura-de-joxean-artze-en-una-conferencia-en-euskera-manana-jueves-a-las-19-30-en-civivox-condestable\\\/#breadcrumb\",\"itemListElement\":[{\"@type\":\"ListItem\",\"position\":1,\"name\":\"Portada\",\"item\":\"https:\\\/\\\/www.laguiadepamplona.com\\\/actualidad\\\/\"},{\"@type\":\"ListItem\",\"position\":2,\"name\":\"Andoni Salamero recordar\u00e1 la figura de Joxean Artze en una conferencia en euskera ma\u00f1ana jueves a las 19.30 en Civivox Condestable\"}]},{\"@type\":\"WebSite\",\"@id\":\"https:\\\/\\\/www.laguiadepamplona.com\\\/actualidad\\\/#website\",\"url\":\"https:\\\/\\\/www.laguiadepamplona.com\\\/actualidad\\\/\",\"name\":\"La gu\u00eda de Pamplona\",\"description\":\"Noticias de Pamplona\",\"publisher\":{\"@id\":\"https:\\\/\\\/www.laguiadepamplona.com\\\/actualidad\\\/#organization\"},\"potentialAction\":[{\"@type\":\"SearchAction\",\"target\":{\"@type\":\"EntryPoint\",\"urlTemplate\":\"https:\\\/\\\/www.laguiadepamplona.com\\\/actualidad\\\/?s={search_term_string}\"},\"query-input\":{\"@type\":\"PropertyValueSpecification\",\"valueRequired\":true,\"valueName\":\"search_term_string\"}}],\"inLanguage\":\"es\"},{\"@type\":\"Organization\",\"@id\":\"https:\\\/\\\/www.laguiadepamplona.com\\\/actualidad\\\/#organization\",\"name\":\"La Gu\u00eda de Pamplona \\\/ Noticias\",\"url\":\"https:\\\/\\\/www.laguiadepamplona.com\\\/actualidad\\\/\",\"logo\":{\"@type\":\"ImageObject\",\"inLanguage\":\"es\",\"@id\":\"https:\\\/\\\/www.laguiadepamplona.com\\\/actualidad\\\/#\\\/schema\\\/logo\\\/image\\\/\",\"url\":\"https:\\\/\\\/www.laguiadepamplona.com\\\/actualidad\\\/wp-content\\\/uploads\\\/2018\\\/11\\\/logo-laguiadepamplona18-web1.png\",\"contentUrl\":\"https:\\\/\\\/www.laguiadepamplona.com\\\/actualidad\\\/wp-content\\\/uploads\\\/2018\\\/11\\\/logo-laguiadepamplona18-web1.png\",\"width\":600,\"height\":196,\"caption\":\"La Gu\u00eda de Pamplona \\\/ Noticias\"},\"image\":{\"@id\":\"https:\\\/\\\/www.laguiadepamplona.com\\\/actualidad\\\/#\\\/schema\\\/logo\\\/image\\\/\"},\"sameAs\":[\"https:\\\/\\\/www.facebook.com\\\/laguiadepamplonacom-133175176762273\\\/?ref=hl\",\"https:\\\/\\\/x.com\\\/LaGuiadPamplona\",\"https:\\\/\\\/www.instagram.com\\\/la_guia_de_pamplona\\\/\",\"https:\\\/\\\/www.youtube.com\\\/user\\\/laguiadepamplona\"]},{\"@type\":\"Person\",\"@id\":\"https:\\\/\\\/www.laguiadepamplona.com\\\/actualidad\\\/#\\\/schema\\\/person\\\/efe887376f0213d4657c93adc50b1fdb\",\"name\":\"La Gu\u00eda de Pamplona\",\"image\":{\"@type\":\"ImageObject\",\"inLanguage\":\"es\",\"@id\":\"https:\\\/\\\/secure.gravatar.com\\\/avatar\\\/b6992f131dc8d30ab0dff15446e9d346d9dbd95992de0fef795073f5ea83a81c?s=96&d=mm&r=g\",\"url\":\"https:\\\/\\\/secure.gravatar.com\\\/avatar\\\/b6992f131dc8d30ab0dff15446e9d346d9dbd95992de0fef795073f5ea83a81c?s=96&d=mm&r=g\",\"contentUrl\":\"https:\\\/\\\/secure.gravatar.com\\\/avatar\\\/b6992f131dc8d30ab0dff15446e9d346d9dbd95992de0fef795073f5ea83a81c?s=96&d=mm&r=g\",\"caption\":\"La Gu\u00eda de Pamplona\"}}]}<\/script>\n<!-- \/ Yoast SEO plugin. -->","yoast_head_json":{"title":"Andoni Salamero recordar\u00e1 la figura de Joxean Artze en una conferencia en euskera ma\u00f1ana jueves a las 19.30 en Civivox Condestable","robots":{"index":"index","follow":"follow","max-snippet":"max-snippet:-1","max-image-preview":"max-image-preview:large","max-video-preview":"max-video-preview:-1"},"canonical":"https:\/\/www.laguiadepamplona.com\/actualidad\/andoni-salamero-recordara-la-figura-de-joxean-artze-en-una-conferencia-en-euskera-manana-jueves-a-las-19-30-en-civivox-condestable\/","og_locale":"es_ES","og_type":"article","og_title":"Andoni Salamero recordar\u00e1 la figura de Joxean Artze en una conferencia en euskera ma\u00f1ana jueves a las 19.30 en Civivox Condestable","og_description":"La charla se enmarca en la XIX Lectura P\u00fablica del Libro en Euskera del IES Biurdana, en cuya organizaci\u00f3n colaboran Ayuntamiento y Ateneo Navarro","og_url":"https:\/\/www.laguiadepamplona.com\/actualidad\/andoni-salamero-recordara-la-figura-de-joxean-artze-en-una-conferencia-en-euskera-manana-jueves-a-las-19-30-en-civivox-condestable\/","og_site_name":"La Gu\u00eda de Pamplona","article_publisher":"https:\/\/www.facebook.com\/laguiadepamplonacom-133175176762273\/?ref=hl","article_published_time":"2018-04-25T09:12:20+00:00","og_image":[{"width":1000,"height":562,"url":"https:\/\/www.laguiadepamplona.com\/actualidad\/wp-content\/uploads\/2018\/04\/18.04.25_andoni_salamero.jpg","type":"image\/jpeg"}],"author":"La Gu\u00eda de Pamplona","twitter_card":"summary_large_image","twitter_creator":"@LaGuiadPamplona","twitter_site":"@LaGuiadPamplona","twitter_misc":{"Escrito por":"La Gu\u00eda de Pamplona","Tiempo de lectura":"3 minutos"},"schema":{"@context":"https:\/\/schema.org","@graph":[{"@type":"Article","@id":"https:\/\/www.laguiadepamplona.com\/actualidad\/andoni-salamero-recordara-la-figura-de-joxean-artze-en-una-conferencia-en-euskera-manana-jueves-a-las-19-30-en-civivox-condestable\/#article","isPartOf":{"@id":"https:\/\/www.laguiadepamplona.com\/actualidad\/andoni-salamero-recordara-la-figura-de-joxean-artze-en-una-conferencia-en-euskera-manana-jueves-a-las-19-30-en-civivox-condestable\/"},"author":{"name":"La Gu\u00eda de Pamplona","@id":"https:\/\/www.laguiadepamplona.com\/actualidad\/#\/schema\/person\/efe887376f0213d4657c93adc50b1fdb"},"headline":"Andoni Salamero recordar\u00e1 la figura de Joxean Artze en una conferencia en euskera ma\u00f1ana jueves a las 19.30 en Civivox Condestable","datePublished":"2018-04-25T09:12:20+00:00","mainEntityOfPage":{"@id":"https:\/\/www.laguiadepamplona.com\/actualidad\/andoni-salamero-recordara-la-figura-de-joxean-artze-en-una-conferencia-en-euskera-manana-jueves-a-las-19-30-en-civivox-condestable\/"},"wordCount":596,"commentCount":0,"publisher":{"@id":"https:\/\/www.laguiadepamplona.com\/actualidad\/#organization"},"image":{"@id":"https:\/\/www.laguiadepamplona.com\/actualidad\/andoni-salamero-recordara-la-figura-de-joxean-artze-en-una-conferencia-en-euskera-manana-jueves-a-las-19-30-en-civivox-condestable\/#primaryimage"},"thumbnailUrl":"https:\/\/www.laguiadepamplona.com\/actualidad\/wp-content\/uploads\/2018\/04\/18.04.25_andoni_salamero.jpg","articleSection":["Ayto Pamplona"],"inLanguage":"es","potentialAction":[{"@type":"CommentAction","name":"Comment","target":["https:\/\/www.laguiadepamplona.com\/actualidad\/andoni-salamero-recordara-la-figura-de-joxean-artze-en-una-conferencia-en-euskera-manana-jueves-a-las-19-30-en-civivox-condestable\/#respond"]}]},{"@type":"WebPage","@id":"https:\/\/www.laguiadepamplona.com\/actualidad\/andoni-salamero-recordara-la-figura-de-joxean-artze-en-una-conferencia-en-euskera-manana-jueves-a-las-19-30-en-civivox-condestable\/","url":"https:\/\/www.laguiadepamplona.com\/actualidad\/andoni-salamero-recordara-la-figura-de-joxean-artze-en-una-conferencia-en-euskera-manana-jueves-a-las-19-30-en-civivox-condestable\/","name":"Andoni Salamero recordar\u00e1 la figura de Joxean Artze en una conferencia en euskera ma\u00f1ana jueves a las 19.30 en Civivox Condestable","isPartOf":{"@id":"https:\/\/www.laguiadepamplona.com\/actualidad\/#website"},"primaryImageOfPage":{"@id":"https:\/\/www.laguiadepamplona.com\/actualidad\/andoni-salamero-recordara-la-figura-de-joxean-artze-en-una-conferencia-en-euskera-manana-jueves-a-las-19-30-en-civivox-condestable\/#primaryimage"},"image":{"@id":"https:\/\/www.laguiadepamplona.com\/actualidad\/andoni-salamero-recordara-la-figura-de-joxean-artze-en-una-conferencia-en-euskera-manana-jueves-a-las-19-30-en-civivox-condestable\/#primaryimage"},"thumbnailUrl":"https:\/\/www.laguiadepamplona.com\/actualidad\/wp-content\/uploads\/2018\/04\/18.04.25_andoni_salamero.jpg","datePublished":"2018-04-25T09:12:20+00:00","breadcrumb":{"@id":"https:\/\/www.laguiadepamplona.com\/actualidad\/andoni-salamero-recordara-la-figura-de-joxean-artze-en-una-conferencia-en-euskera-manana-jueves-a-las-19-30-en-civivox-condestable\/#breadcrumb"},"inLanguage":"es","potentialAction":[{"@type":"ReadAction","target":["https:\/\/www.laguiadepamplona.com\/actualidad\/andoni-salamero-recordara-la-figura-de-joxean-artze-en-una-conferencia-en-euskera-manana-jueves-a-las-19-30-en-civivox-condestable\/"]}]},{"@type":"ImageObject","inLanguage":"es","@id":"https:\/\/www.laguiadepamplona.com\/actualidad\/andoni-salamero-recordara-la-figura-de-joxean-artze-en-una-conferencia-en-euskera-manana-jueves-a-las-19-30-en-civivox-condestable\/#primaryimage","url":"https:\/\/www.laguiadepamplona.com\/actualidad\/wp-content\/uploads\/2018\/04\/18.04.25_andoni_salamero.jpg","contentUrl":"https:\/\/www.laguiadepamplona.com\/actualidad\/wp-content\/uploads\/2018\/04\/18.04.25_andoni_salamero.jpg","width":1000,"height":562},{"@type":"BreadcrumbList","@id":"https:\/\/www.laguiadepamplona.com\/actualidad\/andoni-salamero-recordara-la-figura-de-joxean-artze-en-una-conferencia-en-euskera-manana-jueves-a-las-19-30-en-civivox-condestable\/#breadcrumb","itemListElement":[{"@type":"ListItem","position":1,"name":"Portada","item":"https:\/\/www.laguiadepamplona.com\/actualidad\/"},{"@type":"ListItem","position":2,"name":"Andoni Salamero recordar\u00e1 la figura de Joxean Artze en una conferencia en euskera ma\u00f1ana jueves a las 19.30 en Civivox Condestable"}]},{"@type":"WebSite","@id":"https:\/\/www.laguiadepamplona.com\/actualidad\/#website","url":"https:\/\/www.laguiadepamplona.com\/actualidad\/","name":"La gu\u00eda de Pamplona","description":"Noticias de Pamplona","publisher":{"@id":"https:\/\/www.laguiadepamplona.com\/actualidad\/#organization"},"potentialAction":[{"@type":"SearchAction","target":{"@type":"EntryPoint","urlTemplate":"https:\/\/www.laguiadepamplona.com\/actualidad\/?s={search_term_string}"},"query-input":{"@type":"PropertyValueSpecification","valueRequired":true,"valueName":"search_term_string"}}],"inLanguage":"es"},{"@type":"Organization","@id":"https:\/\/www.laguiadepamplona.com\/actualidad\/#organization","name":"La Gu\u00eda de Pamplona \/ Noticias","url":"https:\/\/www.laguiadepamplona.com\/actualidad\/","logo":{"@type":"ImageObject","inLanguage":"es","@id":"https:\/\/www.laguiadepamplona.com\/actualidad\/#\/schema\/logo\/image\/","url":"https:\/\/www.laguiadepamplona.com\/actualidad\/wp-content\/uploads\/2018\/11\/logo-laguiadepamplona18-web1.png","contentUrl":"https:\/\/www.laguiadepamplona.com\/actualidad\/wp-content\/uploads\/2018\/11\/logo-laguiadepamplona18-web1.png","width":600,"height":196,"caption":"La Gu\u00eda de Pamplona \/ Noticias"},"image":{"@id":"https:\/\/www.laguiadepamplona.com\/actualidad\/#\/schema\/logo\/image\/"},"sameAs":["https:\/\/www.facebook.com\/laguiadepamplonacom-133175176762273\/?ref=hl","https:\/\/x.com\/LaGuiadPamplona","https:\/\/www.instagram.com\/la_guia_de_pamplona\/","https:\/\/www.youtube.com\/user\/laguiadepamplona"]},{"@type":"Person","@id":"https:\/\/www.laguiadepamplona.com\/actualidad\/#\/schema\/person\/efe887376f0213d4657c93adc50b1fdb","name":"La Gu\u00eda de Pamplona","image":{"@type":"ImageObject","inLanguage":"es","@id":"https:\/\/secure.gravatar.com\/avatar\/b6992f131dc8d30ab0dff15446e9d346d9dbd95992de0fef795073f5ea83a81c?s=96&d=mm&r=g","url":"https:\/\/secure.gravatar.com\/avatar\/b6992f131dc8d30ab0dff15446e9d346d9dbd95992de0fef795073f5ea83a81c?s=96&d=mm&r=g","contentUrl":"https:\/\/secure.gravatar.com\/avatar\/b6992f131dc8d30ab0dff15446e9d346d9dbd95992de0fef795073f5ea83a81c?s=96&d=mm&r=g","caption":"La Gu\u00eda de Pamplona"}}]}},"post_mailing_queue_ids":[],"_links":{"self":[{"href":"https:\/\/www.laguiadepamplona.com\/actualidad\/wp-json\/wp\/v2\/posts\/17099","targetHints":{"allow":["GET"]}}],"collection":[{"href":"https:\/\/www.laguiadepamplona.com\/actualidad\/wp-json\/wp\/v2\/posts"}],"about":[{"href":"https:\/\/www.laguiadepamplona.com\/actualidad\/wp-json\/wp\/v2\/types\/post"}],"author":[{"embeddable":true,"href":"https:\/\/www.laguiadepamplona.com\/actualidad\/wp-json\/wp\/v2\/users\/1"}],"replies":[{"embeddable":true,"href":"https:\/\/www.laguiadepamplona.com\/actualidad\/wp-json\/wp\/v2\/comments?post=17099"}],"version-history":[{"count":0,"href":"https:\/\/www.laguiadepamplona.com\/actualidad\/wp-json\/wp\/v2\/posts\/17099\/revisions"}],"wp:featuredmedia":[{"embeddable":true,"href":"https:\/\/www.laguiadepamplona.com\/actualidad\/wp-json\/wp\/v2\/media\/17100"}],"wp:attachment":[{"href":"https:\/\/www.laguiadepamplona.com\/actualidad\/wp-json\/wp\/v2\/media?parent=17099"}],"wp:term":[{"taxonomy":"category","embeddable":true,"href":"https:\/\/www.laguiadepamplona.com\/actualidad\/wp-json\/wp\/v2\/categories?post=17099"},{"taxonomy":"post_tag","embeddable":true,"href":"https:\/\/www.laguiadepamplona.com\/actualidad\/wp-json\/wp\/v2\/tags?post=17099"}],"curies":[{"name":"wp","href":"https:\/\/api.w.org\/{rel}","templated":true}]}}