{"id":17097,"date":"2018-04-25T09:56:19","date_gmt":"2018-04-25T08:56:19","guid":{"rendered":"http:\/\/laguiadepamplona.es\/actualidad\/?p=17097"},"modified":"2018-04-25T09:56:19","modified_gmt":"2018-04-25T08:56:19","slug":"convocadas-subvenciones-para-ayudar-a-familias-con-menores-de-0-a-12-anos-para-compatibilizar-vida-laboral-y-familiar","status":"publish","type":"post","link":"https:\/\/www.laguiadepamplona.com\/actualidad\/convocadas-subvenciones-para-ayudar-a-familias-con-menores-de-0-a-12-anos-para-compatibilizar-vida-laboral-y-familiar\/","title":{"rendered":"Convocadas subvenciones para ayudar a familias con menores de 0 a 12 a\u00f1os para compatibilizar vida laboral y familiar"},"content":{"rendered":"<h3>El Ayuntamiento de Pamplona destinar\u00e1 12.000 euros para colaborar con el pago de guarder\u00eda, atenci\u00f3n matutina o vespertina y en el domicilio<\/h3>\n<p><!--more--><\/p>\n<p>El Ayuntamiento de Pamplona ha convocado ayudas para apoyar a las familias con menores de 12 a\u00f1os para conciliar la vida laboral, familiar y personal. La convocatoria, dotada con 12.000 euros, tiene como objetivo colaborar con el pago de la guarder\u00eda, de los servicios de atenci\u00f3n matutina o vespertina o tambi\u00e9n con la atenci\u00f3n en el domicilio de los menores, mientras los padres, madres o tutores legales est\u00e1n trabajando o realizando formaci\u00f3n para el acceso al empleo, o deban cuidar tambi\u00e9n de personas adultas o mayores dependientes.<\/p>\n<p>Esta convocatoria de ayudas responde al inter\u00e9s del \u00c1rea de Acci\u00f3n Social por arbitrar pol\u00edticas apropiadas para cubrir las necesidades de familias con menores a su cargo. En este sentido, se tienen en cuenta diversos factores, como la insuficiencia de plazas en la red de escuelas infantiles p\u00fablicas, la posibilidad de atenci\u00f3n en el domicilio as\u00ed como la necesidad de hacer uso de otro tipo de servicios, por incompatibilidad entre los horarios escolares y los horarios laborales de sus responsables.<\/p>\n<p>La convocatoria se dirige a familias con menores de 0 a 12 a\u00f1os, si bien se incluyen tambi\u00e9n los menores hasta 16 a\u00f1os en caso de que presenten una discapacidad igual o superior al 33%. El anuncio de la convocatoria se public\u00f3 en el Bolet\u00edn Oficial de Navarra n\u00famero 69 de 11 de abril, y las bases pueden consultarse en la Base de Datos Nacional de Subvenciones (<a href=\"http:\/\/www.pap.minhap.gob.es\/bdnstrans\/index\" target=\"_blank\" rel=\"noopener\">http:\/\/www.pap.minhap.gob.es\/bdnstrans\/index<\/a>). El plazo abarca el a\u00f1o 2018. No obstante, las solicitudes presentadas con posterioridad al 31 de octubre y hasta el 31 de diciembre de 2018 se tramitar\u00e1n con cargo al presupuesto del 2019 y teniendo en cuenta los criterios establecidos en la convocatoria del ejercicio 2019 (quedando en todo caso supeditadas a la aprobaci\u00f3n de una nueva convocatoria y, por tanto, a la existencia de cr\u00e9dito en el presupuesto siguiente).<\/p>\n<p><strong>Ayudas para atenci\u00f3n en casa, escuela o servicio de conciliaci\u00f3n<\/strong><\/p>\n<p>Las bases de la convocatoria establecen distintos tipos de ayudas seg\u00fan los tramos de edad de los menores. De 0 a 3 a\u00f1os, con las ayudas se puede apoyar el pago del abono de la matr\u00edcula y del coste de la atenci\u00f3n en la escuela infantil privada en horarios que permitan la\u00a0 conciliaci\u00f3n de la vida familiar y laboral, o al cuidado del ni\u00f1o en el domicilio a partir de las 16 semanas de vida y hasta su incorporaci\u00f3n al centro escolar a los 3 a\u00f1os cuando no existe oferta de guarder\u00eda p\u00fablica en el horario en que la familia necesita compatibilizar la atenci\u00f3n del menor con la jornada laboral. Las subvenciones para el pago de guarder\u00eda privada tienen car\u00e1cter subsidiario respecto a la concesi\u00f3n de plaza en las escuelas infantiles p\u00fablicas.<\/p>\n<p>En el caso de menores de 3 a 12 a\u00f1os, o menores hasta 16 a\u00f1os con discapacidad, hay subvenciones para la atenci\u00f3n del menor en el domicilio, para los casos en que los responsables tengan jornada laboral de ma\u00f1ana y no exista apoyo natural. Este servicio cubrir\u00eda el horario comprendido desde la salida del domicilio de los responsables de los menores y el inicio del aula matutina, colegio o servicio de conciliaci\u00f3n en per\u00edodos de vacaciones. De la misma manera, se cubrir\u00eda tambi\u00e9n el periodo de tiempo desde la salida del menor del colegio o aula vespertina en periodos vacacionales hasta la llegada al domicilio de las personas responsables de menores, y el horario en fin de semana o festivos cuando los responsables trabajen. Las ayudas tambi\u00e9n se contemplan para el pago de servicios comunitarios de atenci\u00f3n matutina o vespertina, ante la incompatibilidad de los horarios que ofrecen los centros de educaci\u00f3n y los horarios laborales de los padres, madres o responsables.<\/p>\n<p><strong>Requisitos y criterios de valoraci\u00f3n<\/strong><\/p>\n<p>Las solicitudes se pueden presentar en las unidades de barrio y en aquellos otros programas y servicios del \u00c1rea de Acci\u00f3n Social que intervengan con las familias susceptibles de ser beneficiarias de las ayudas. Tanto las personas solicitantes como las beneficiarias deber\u00e1n tener vecindad efectiva y estar\u00e1n empadronados en Pamplona con una antig\u00fcedad no inferior a 6 meses, excepto en los de casos riesgo moderado del menor contempladas y descritas en las bases. Deber\u00e1n ser, adem\u00e1s, padres o tutores legales de menores hasta los 12 a\u00f1os inclusive (o hasta 16 a\u00f1os en caso de tener alg\u00fan tipo de discapacidad igual o superior al 33%); carecer de medios econ\u00f3micos propios superiores a los establecidos en la convocatoria, as\u00ed como de apoyo familiar con la el que hacer frente a la situaci\u00f3n. Por \u00faltimo, presentar\u00e1n la documentaci\u00f3n requerida y se comprometer\u00e1n a cursar solicitud de plaza en una escuela infantil p\u00fablica en el plazo anual correspondiente.<\/p>\n<p>El acceso a estas ayudas no viene determinado exclusivamente por el baremo econ\u00f3mico, ya que prevalecer\u00e1n criterios t\u00e9cnicos de prevenci\u00f3n, oportunidad, urgencia o similares, establecidos por el correspondiente personal t\u00e9cnico municipal. Adem\u00e1s se valorar\u00e1 la incorporaci\u00f3n al trabajo de los padres, tutores o personas responsables del menor, su inclusi\u00f3n en programas de formaci\u00f3n para el acceso a un trabajo o que la solicitud se adecue a los conceptos objeto de subvenci\u00f3n. La cuant\u00eda de las ayudas viene determinada en las bases y tiene en cuenta el baremo, por ejemplo, del n\u00famero de miembros de la familia y la renta.<\/p>\n","protected":false},"excerpt":{"rendered":"<p>El Ayuntamiento de Pamplona destinar\u00e1 12.000 euros para colaborar con el pago de guarder\u00eda, atenci\u00f3n matutina o vespertina y en el domicilio<\/p>\n","protected":false},"author":1,"featured_media":10979,"comment_status":"open","ping_status":"closed","sticky":false,"template":"","format":"standard","meta":{"footnotes":""},"categories":[2],"tags":[],"class_list":["post-17097","post","type-post","status-publish","format-standard","has-post-thumbnail","hentry","category-ayuntamiento-pamplona"],"yoast_head":"<!-- This site is optimized with the Yoast SEO plugin v27.3 - https:\/\/yoast.com\/product\/yoast-seo-wordpress\/ -->\n<title>Convocadas subvenciones para ayudar a familias con menores de 0 a 12 a\u00f1os para compatibilizar vida laboral y familiar<\/title>\n<meta name=\"robots\" content=\"index, follow, max-snippet:-1, max-image-preview:large, max-video-preview:-1\" \/>\n<link rel=\"canonical\" href=\"https:\/\/www.laguiadepamplona.com\/actualidad\/convocadas-subvenciones-para-ayudar-a-familias-con-menores-de-0-a-12-anos-para-compatibilizar-vida-laboral-y-familiar\/\" \/>\n<meta property=\"og:locale\" content=\"es_ES\" \/>\n<meta property=\"og:type\" content=\"article\" \/>\n<meta property=\"og:title\" content=\"Convocadas subvenciones para ayudar a familias con menores de 0 a 12 a\u00f1os para compatibilizar vida laboral y familiar\" \/>\n<meta property=\"og:description\" content=\"El Ayuntamiento de Pamplona destinar\u00e1 12.000 euros para colaborar con el pago de guarder\u00eda, atenci\u00f3n matutina o vespertina y en el domicilio\" \/>\n<meta property=\"og:url\" content=\"https:\/\/www.laguiadepamplona.com\/actualidad\/convocadas-subvenciones-para-ayudar-a-familias-con-menores-de-0-a-12-anos-para-compatibilizar-vida-laboral-y-familiar\/\" \/>\n<meta property=\"og:site_name\" content=\"La Gu\u00eda de Pamplona\" \/>\n<meta property=\"article:publisher\" content=\"https:\/\/www.facebook.com\/laguiadepamplonacom-133175176762273\/?ref=hl\" \/>\n<meta property=\"article:published_time\" content=\"2018-04-25T08:56:19+00:00\" \/>\n<meta property=\"og:image\" content=\"https:\/\/www.laguiadepamplona.com\/actualidad\/wp-content\/uploads\/2016\/11\/Ayto_Pamplona.jpg\" \/>\n\t<meta property=\"og:image:width\" content=\"900\" \/>\n\t<meta property=\"og:image:height\" content=\"675\" \/>\n\t<meta property=\"og:image:type\" content=\"image\/jpeg\" \/>\n<meta name=\"author\" content=\"La Gu\u00eda de Pamplona\" \/>\n<meta name=\"twitter:card\" content=\"summary_large_image\" \/>\n<meta name=\"twitter:creator\" content=\"@LaGuiadPamplona\" \/>\n<meta name=\"twitter:site\" content=\"@LaGuiadPamplona\" \/>\n<meta name=\"twitter:label1\" content=\"Escrito por\" \/>\n\t<meta name=\"twitter:data1\" content=\"La Gu\u00eda de Pamplona\" \/>\n\t<meta name=\"twitter:label2\" content=\"Tiempo de lectura\" \/>\n\t<meta name=\"twitter:data2\" content=\"5 minutos\" \/>\n<script type=\"application\/ld+json\" class=\"yoast-schema-graph\">{\"@context\":\"https:\\\/\\\/schema.org\",\"@graph\":[{\"@type\":\"Article\",\"@id\":\"https:\\\/\\\/www.laguiadepamplona.com\\\/actualidad\\\/convocadas-subvenciones-para-ayudar-a-familias-con-menores-de-0-a-12-anos-para-compatibilizar-vida-laboral-y-familiar\\\/#article\",\"isPartOf\":{\"@id\":\"https:\\\/\\\/www.laguiadepamplona.com\\\/actualidad\\\/convocadas-subvenciones-para-ayudar-a-familias-con-menores-de-0-a-12-anos-para-compatibilizar-vida-laboral-y-familiar\\\/\"},\"author\":{\"name\":\"La Gu\u00eda de Pamplona\",\"@id\":\"https:\\\/\\\/www.laguiadepamplona.com\\\/actualidad\\\/#\\\/schema\\\/person\\\/efe887376f0213d4657c93adc50b1fdb\"},\"headline\":\"Convocadas subvenciones para ayudar a familias con menores de 0 a 12 a\u00f1os para compatibilizar vida laboral y familiar\",\"datePublished\":\"2018-04-25T08:56:19+00:00\",\"mainEntityOfPage\":{\"@id\":\"https:\\\/\\\/www.laguiadepamplona.com\\\/actualidad\\\/convocadas-subvenciones-para-ayudar-a-familias-con-menores-de-0-a-12-anos-para-compatibilizar-vida-laboral-y-familiar\\\/\"},\"wordCount\":969,\"commentCount\":0,\"publisher\":{\"@id\":\"https:\\\/\\\/www.laguiadepamplona.com\\\/actualidad\\\/#organization\"},\"image\":{\"@id\":\"https:\\\/\\\/www.laguiadepamplona.com\\\/actualidad\\\/convocadas-subvenciones-para-ayudar-a-familias-con-menores-de-0-a-12-anos-para-compatibilizar-vida-laboral-y-familiar\\\/#primaryimage\"},\"thumbnailUrl\":\"https:\\\/\\\/www.laguiadepamplona.com\\\/actualidad\\\/wp-content\\\/uploads\\\/2016\\\/11\\\/Ayto_Pamplona.jpg\",\"articleSection\":[\"Ayto Pamplona\"],\"inLanguage\":\"es\",\"potentialAction\":[{\"@type\":\"CommentAction\",\"name\":\"Comment\",\"target\":[\"https:\\\/\\\/www.laguiadepamplona.com\\\/actualidad\\\/convocadas-subvenciones-para-ayudar-a-familias-con-menores-de-0-a-12-anos-para-compatibilizar-vida-laboral-y-familiar\\\/#respond\"]}]},{\"@type\":\"WebPage\",\"@id\":\"https:\\\/\\\/www.laguiadepamplona.com\\\/actualidad\\\/convocadas-subvenciones-para-ayudar-a-familias-con-menores-de-0-a-12-anos-para-compatibilizar-vida-laboral-y-familiar\\\/\",\"url\":\"https:\\\/\\\/www.laguiadepamplona.com\\\/actualidad\\\/convocadas-subvenciones-para-ayudar-a-familias-con-menores-de-0-a-12-anos-para-compatibilizar-vida-laboral-y-familiar\\\/\",\"name\":\"Convocadas subvenciones para ayudar a familias con menores de 0 a 12 a\u00f1os para compatibilizar vida laboral y familiar\",\"isPartOf\":{\"@id\":\"https:\\\/\\\/www.laguiadepamplona.com\\\/actualidad\\\/#website\"},\"primaryImageOfPage\":{\"@id\":\"https:\\\/\\\/www.laguiadepamplona.com\\\/actualidad\\\/convocadas-subvenciones-para-ayudar-a-familias-con-menores-de-0-a-12-anos-para-compatibilizar-vida-laboral-y-familiar\\\/#primaryimage\"},\"image\":{\"@id\":\"https:\\\/\\\/www.laguiadepamplona.com\\\/actualidad\\\/convocadas-subvenciones-para-ayudar-a-familias-con-menores-de-0-a-12-anos-para-compatibilizar-vida-laboral-y-familiar\\\/#primaryimage\"},\"thumbnailUrl\":\"https:\\\/\\\/www.laguiadepamplona.com\\\/actualidad\\\/wp-content\\\/uploads\\\/2016\\\/11\\\/Ayto_Pamplona.jpg\",\"datePublished\":\"2018-04-25T08:56:19+00:00\",\"breadcrumb\":{\"@id\":\"https:\\\/\\\/www.laguiadepamplona.com\\\/actualidad\\\/convocadas-subvenciones-para-ayudar-a-familias-con-menores-de-0-a-12-anos-para-compatibilizar-vida-laboral-y-familiar\\\/#breadcrumb\"},\"inLanguage\":\"es\",\"potentialAction\":[{\"@type\":\"ReadAction\",\"target\":[\"https:\\\/\\\/www.laguiadepamplona.com\\\/actualidad\\\/convocadas-subvenciones-para-ayudar-a-familias-con-menores-de-0-a-12-anos-para-compatibilizar-vida-laboral-y-familiar\\\/\"]}]},{\"@type\":\"ImageObject\",\"inLanguage\":\"es\",\"@id\":\"https:\\\/\\\/www.laguiadepamplona.com\\\/actualidad\\\/convocadas-subvenciones-para-ayudar-a-familias-con-menores-de-0-a-12-anos-para-compatibilizar-vida-laboral-y-familiar\\\/#primaryimage\",\"url\":\"https:\\\/\\\/www.laguiadepamplona.com\\\/actualidad\\\/wp-content\\\/uploads\\\/2016\\\/11\\\/Ayto_Pamplona.jpg\",\"contentUrl\":\"https:\\\/\\\/www.laguiadepamplona.com\\\/actualidad\\\/wp-content\\\/uploads\\\/2016\\\/11\\\/Ayto_Pamplona.jpg\",\"width\":900,\"height\":675},{\"@type\":\"BreadcrumbList\",\"@id\":\"https:\\\/\\\/www.laguiadepamplona.com\\\/actualidad\\\/convocadas-subvenciones-para-ayudar-a-familias-con-menores-de-0-a-12-anos-para-compatibilizar-vida-laboral-y-familiar\\\/#breadcrumb\",\"itemListElement\":[{\"@type\":\"ListItem\",\"position\":1,\"name\":\"Portada\",\"item\":\"https:\\\/\\\/www.laguiadepamplona.com\\\/actualidad\\\/\"},{\"@type\":\"ListItem\",\"position\":2,\"name\":\"Convocadas subvenciones para ayudar a familias con menores de 0 a 12 a\u00f1os para compatibilizar vida laboral y familiar\"}]},{\"@type\":\"WebSite\",\"@id\":\"https:\\\/\\\/www.laguiadepamplona.com\\\/actualidad\\\/#website\",\"url\":\"https:\\\/\\\/www.laguiadepamplona.com\\\/actualidad\\\/\",\"name\":\"La gu\u00eda de Pamplona\",\"description\":\"Noticias de Pamplona\",\"publisher\":{\"@id\":\"https:\\\/\\\/www.laguiadepamplona.com\\\/actualidad\\\/#organization\"},\"potentialAction\":[{\"@type\":\"SearchAction\",\"target\":{\"@type\":\"EntryPoint\",\"urlTemplate\":\"https:\\\/\\\/www.laguiadepamplona.com\\\/actualidad\\\/?s={search_term_string}\"},\"query-input\":{\"@type\":\"PropertyValueSpecification\",\"valueRequired\":true,\"valueName\":\"search_term_string\"}}],\"inLanguage\":\"es\"},{\"@type\":\"Organization\",\"@id\":\"https:\\\/\\\/www.laguiadepamplona.com\\\/actualidad\\\/#organization\",\"name\":\"La Gu\u00eda de Pamplona \\\/ Noticias\",\"url\":\"https:\\\/\\\/www.laguiadepamplona.com\\\/actualidad\\\/\",\"logo\":{\"@type\":\"ImageObject\",\"inLanguage\":\"es\",\"@id\":\"https:\\\/\\\/www.laguiadepamplona.com\\\/actualidad\\\/#\\\/schema\\\/logo\\\/image\\\/\",\"url\":\"https:\\\/\\\/www.laguiadepamplona.com\\\/actualidad\\\/wp-content\\\/uploads\\\/2018\\\/11\\\/logo-laguiadepamplona18-web1.png\",\"contentUrl\":\"https:\\\/\\\/www.laguiadepamplona.com\\\/actualidad\\\/wp-content\\\/uploads\\\/2018\\\/11\\\/logo-laguiadepamplona18-web1.png\",\"width\":600,\"height\":196,\"caption\":\"La Gu\u00eda de Pamplona \\\/ Noticias\"},\"image\":{\"@id\":\"https:\\\/\\\/www.laguiadepamplona.com\\\/actualidad\\\/#\\\/schema\\\/logo\\\/image\\\/\"},\"sameAs\":[\"https:\\\/\\\/www.facebook.com\\\/laguiadepamplonacom-133175176762273\\\/?ref=hl\",\"https:\\\/\\\/x.com\\\/LaGuiadPamplona\",\"https:\\\/\\\/www.instagram.com\\\/la_guia_de_pamplona\\\/\",\"https:\\\/\\\/www.youtube.com\\\/user\\\/laguiadepamplona\"]},{\"@type\":\"Person\",\"@id\":\"https:\\\/\\\/www.laguiadepamplona.com\\\/actualidad\\\/#\\\/schema\\\/person\\\/efe887376f0213d4657c93adc50b1fdb\",\"name\":\"La Gu\u00eda de Pamplona\",\"image\":{\"@type\":\"ImageObject\",\"inLanguage\":\"es\",\"@id\":\"https:\\\/\\\/secure.gravatar.com\\\/avatar\\\/b6992f131dc8d30ab0dff15446e9d346d9dbd95992de0fef795073f5ea83a81c?s=96&d=mm&r=g\",\"url\":\"https:\\\/\\\/secure.gravatar.com\\\/avatar\\\/b6992f131dc8d30ab0dff15446e9d346d9dbd95992de0fef795073f5ea83a81c?s=96&d=mm&r=g\",\"contentUrl\":\"https:\\\/\\\/secure.gravatar.com\\\/avatar\\\/b6992f131dc8d30ab0dff15446e9d346d9dbd95992de0fef795073f5ea83a81c?s=96&d=mm&r=g\",\"caption\":\"La Gu\u00eda de Pamplona\"}}]}<\/script>\n<!-- \/ Yoast SEO plugin. -->","yoast_head_json":{"title":"Convocadas subvenciones para ayudar a familias con menores de 0 a 12 a\u00f1os para compatibilizar vida laboral y familiar","robots":{"index":"index","follow":"follow","max-snippet":"max-snippet:-1","max-image-preview":"max-image-preview:large","max-video-preview":"max-video-preview:-1"},"canonical":"https:\/\/www.laguiadepamplona.com\/actualidad\/convocadas-subvenciones-para-ayudar-a-familias-con-menores-de-0-a-12-anos-para-compatibilizar-vida-laboral-y-familiar\/","og_locale":"es_ES","og_type":"article","og_title":"Convocadas subvenciones para ayudar a familias con menores de 0 a 12 a\u00f1os para compatibilizar vida laboral y familiar","og_description":"El Ayuntamiento de Pamplona destinar\u00e1 12.000 euros para colaborar con el pago de guarder\u00eda, atenci\u00f3n matutina o vespertina y en el domicilio","og_url":"https:\/\/www.laguiadepamplona.com\/actualidad\/convocadas-subvenciones-para-ayudar-a-familias-con-menores-de-0-a-12-anos-para-compatibilizar-vida-laboral-y-familiar\/","og_site_name":"La Gu\u00eda de Pamplona","article_publisher":"https:\/\/www.facebook.com\/laguiadepamplonacom-133175176762273\/?ref=hl","article_published_time":"2018-04-25T08:56:19+00:00","og_image":[{"width":900,"height":675,"url":"https:\/\/www.laguiadepamplona.com\/actualidad\/wp-content\/uploads\/2016\/11\/Ayto_Pamplona.jpg","type":"image\/jpeg"}],"author":"La Gu\u00eda de Pamplona","twitter_card":"summary_large_image","twitter_creator":"@LaGuiadPamplona","twitter_site":"@LaGuiadPamplona","twitter_misc":{"Escrito por":"La Gu\u00eda de Pamplona","Tiempo de lectura":"5 minutos"},"schema":{"@context":"https:\/\/schema.org","@graph":[{"@type":"Article","@id":"https:\/\/www.laguiadepamplona.com\/actualidad\/convocadas-subvenciones-para-ayudar-a-familias-con-menores-de-0-a-12-anos-para-compatibilizar-vida-laboral-y-familiar\/#article","isPartOf":{"@id":"https:\/\/www.laguiadepamplona.com\/actualidad\/convocadas-subvenciones-para-ayudar-a-familias-con-menores-de-0-a-12-anos-para-compatibilizar-vida-laboral-y-familiar\/"},"author":{"name":"La Gu\u00eda de Pamplona","@id":"https:\/\/www.laguiadepamplona.com\/actualidad\/#\/schema\/person\/efe887376f0213d4657c93adc50b1fdb"},"headline":"Convocadas subvenciones para ayudar a familias con menores de 0 a 12 a\u00f1os para compatibilizar vida laboral y familiar","datePublished":"2018-04-25T08:56:19+00:00","mainEntityOfPage":{"@id":"https:\/\/www.laguiadepamplona.com\/actualidad\/convocadas-subvenciones-para-ayudar-a-familias-con-menores-de-0-a-12-anos-para-compatibilizar-vida-laboral-y-familiar\/"},"wordCount":969,"commentCount":0,"publisher":{"@id":"https:\/\/www.laguiadepamplona.com\/actualidad\/#organization"},"image":{"@id":"https:\/\/www.laguiadepamplona.com\/actualidad\/convocadas-subvenciones-para-ayudar-a-familias-con-menores-de-0-a-12-anos-para-compatibilizar-vida-laboral-y-familiar\/#primaryimage"},"thumbnailUrl":"https:\/\/www.laguiadepamplona.com\/actualidad\/wp-content\/uploads\/2016\/11\/Ayto_Pamplona.jpg","articleSection":["Ayto Pamplona"],"inLanguage":"es","potentialAction":[{"@type":"CommentAction","name":"Comment","target":["https:\/\/www.laguiadepamplona.com\/actualidad\/convocadas-subvenciones-para-ayudar-a-familias-con-menores-de-0-a-12-anos-para-compatibilizar-vida-laboral-y-familiar\/#respond"]}]},{"@type":"WebPage","@id":"https:\/\/www.laguiadepamplona.com\/actualidad\/convocadas-subvenciones-para-ayudar-a-familias-con-menores-de-0-a-12-anos-para-compatibilizar-vida-laboral-y-familiar\/","url":"https:\/\/www.laguiadepamplona.com\/actualidad\/convocadas-subvenciones-para-ayudar-a-familias-con-menores-de-0-a-12-anos-para-compatibilizar-vida-laboral-y-familiar\/","name":"Convocadas subvenciones para ayudar a familias con menores de 0 a 12 a\u00f1os para compatibilizar vida laboral y familiar","isPartOf":{"@id":"https:\/\/www.laguiadepamplona.com\/actualidad\/#website"},"primaryImageOfPage":{"@id":"https:\/\/www.laguiadepamplona.com\/actualidad\/convocadas-subvenciones-para-ayudar-a-familias-con-menores-de-0-a-12-anos-para-compatibilizar-vida-laboral-y-familiar\/#primaryimage"},"image":{"@id":"https:\/\/www.laguiadepamplona.com\/actualidad\/convocadas-subvenciones-para-ayudar-a-familias-con-menores-de-0-a-12-anos-para-compatibilizar-vida-laboral-y-familiar\/#primaryimage"},"thumbnailUrl":"https:\/\/www.laguiadepamplona.com\/actualidad\/wp-content\/uploads\/2016\/11\/Ayto_Pamplona.jpg","datePublished":"2018-04-25T08:56:19+00:00","breadcrumb":{"@id":"https:\/\/www.laguiadepamplona.com\/actualidad\/convocadas-subvenciones-para-ayudar-a-familias-con-menores-de-0-a-12-anos-para-compatibilizar-vida-laboral-y-familiar\/#breadcrumb"},"inLanguage":"es","potentialAction":[{"@type":"ReadAction","target":["https:\/\/www.laguiadepamplona.com\/actualidad\/convocadas-subvenciones-para-ayudar-a-familias-con-menores-de-0-a-12-anos-para-compatibilizar-vida-laboral-y-familiar\/"]}]},{"@type":"ImageObject","inLanguage":"es","@id":"https:\/\/www.laguiadepamplona.com\/actualidad\/convocadas-subvenciones-para-ayudar-a-familias-con-menores-de-0-a-12-anos-para-compatibilizar-vida-laboral-y-familiar\/#primaryimage","url":"https:\/\/www.laguiadepamplona.com\/actualidad\/wp-content\/uploads\/2016\/11\/Ayto_Pamplona.jpg","contentUrl":"https:\/\/www.laguiadepamplona.com\/actualidad\/wp-content\/uploads\/2016\/11\/Ayto_Pamplona.jpg","width":900,"height":675},{"@type":"BreadcrumbList","@id":"https:\/\/www.laguiadepamplona.com\/actualidad\/convocadas-subvenciones-para-ayudar-a-familias-con-menores-de-0-a-12-anos-para-compatibilizar-vida-laboral-y-familiar\/#breadcrumb","itemListElement":[{"@type":"ListItem","position":1,"name":"Portada","item":"https:\/\/www.laguiadepamplona.com\/actualidad\/"},{"@type":"ListItem","position":2,"name":"Convocadas subvenciones para ayudar a familias con menores de 0 a 12 a\u00f1os para compatibilizar vida laboral y familiar"}]},{"@type":"WebSite","@id":"https:\/\/www.laguiadepamplona.com\/actualidad\/#website","url":"https:\/\/www.laguiadepamplona.com\/actualidad\/","name":"La gu\u00eda de Pamplona","description":"Noticias de Pamplona","publisher":{"@id":"https:\/\/www.laguiadepamplona.com\/actualidad\/#organization"},"potentialAction":[{"@type":"SearchAction","target":{"@type":"EntryPoint","urlTemplate":"https:\/\/www.laguiadepamplona.com\/actualidad\/?s={search_term_string}"},"query-input":{"@type":"PropertyValueSpecification","valueRequired":true,"valueName":"search_term_string"}}],"inLanguage":"es"},{"@type":"Organization","@id":"https:\/\/www.laguiadepamplona.com\/actualidad\/#organization","name":"La Gu\u00eda de Pamplona \/ Noticias","url":"https:\/\/www.laguiadepamplona.com\/actualidad\/","logo":{"@type":"ImageObject","inLanguage":"es","@id":"https:\/\/www.laguiadepamplona.com\/actualidad\/#\/schema\/logo\/image\/","url":"https:\/\/www.laguiadepamplona.com\/actualidad\/wp-content\/uploads\/2018\/11\/logo-laguiadepamplona18-web1.png","contentUrl":"https:\/\/www.laguiadepamplona.com\/actualidad\/wp-content\/uploads\/2018\/11\/logo-laguiadepamplona18-web1.png","width":600,"height":196,"caption":"La Gu\u00eda de Pamplona \/ Noticias"},"image":{"@id":"https:\/\/www.laguiadepamplona.com\/actualidad\/#\/schema\/logo\/image\/"},"sameAs":["https:\/\/www.facebook.com\/laguiadepamplonacom-133175176762273\/?ref=hl","https:\/\/x.com\/LaGuiadPamplona","https:\/\/www.instagram.com\/la_guia_de_pamplona\/","https:\/\/www.youtube.com\/user\/laguiadepamplona"]},{"@type":"Person","@id":"https:\/\/www.laguiadepamplona.com\/actualidad\/#\/schema\/person\/efe887376f0213d4657c93adc50b1fdb","name":"La Gu\u00eda de Pamplona","image":{"@type":"ImageObject","inLanguage":"es","@id":"https:\/\/secure.gravatar.com\/avatar\/b6992f131dc8d30ab0dff15446e9d346d9dbd95992de0fef795073f5ea83a81c?s=96&d=mm&r=g","url":"https:\/\/secure.gravatar.com\/avatar\/b6992f131dc8d30ab0dff15446e9d346d9dbd95992de0fef795073f5ea83a81c?s=96&d=mm&r=g","contentUrl":"https:\/\/secure.gravatar.com\/avatar\/b6992f131dc8d30ab0dff15446e9d346d9dbd95992de0fef795073f5ea83a81c?s=96&d=mm&r=g","caption":"La Gu\u00eda de Pamplona"}}]}},"post_mailing_queue_ids":[],"_links":{"self":[{"href":"https:\/\/www.laguiadepamplona.com\/actualidad\/wp-json\/wp\/v2\/posts\/17097","targetHints":{"allow":["GET"]}}],"collection":[{"href":"https:\/\/www.laguiadepamplona.com\/actualidad\/wp-json\/wp\/v2\/posts"}],"about":[{"href":"https:\/\/www.laguiadepamplona.com\/actualidad\/wp-json\/wp\/v2\/types\/post"}],"author":[{"embeddable":true,"href":"https:\/\/www.laguiadepamplona.com\/actualidad\/wp-json\/wp\/v2\/users\/1"}],"replies":[{"embeddable":true,"href":"https:\/\/www.laguiadepamplona.com\/actualidad\/wp-json\/wp\/v2\/comments?post=17097"}],"version-history":[{"count":0,"href":"https:\/\/www.laguiadepamplona.com\/actualidad\/wp-json\/wp\/v2\/posts\/17097\/revisions"}],"wp:featuredmedia":[{"embeddable":true,"href":"https:\/\/www.laguiadepamplona.com\/actualidad\/wp-json\/wp\/v2\/media\/10979"}],"wp:attachment":[{"href":"https:\/\/www.laguiadepamplona.com\/actualidad\/wp-json\/wp\/v2\/media?parent=17097"}],"wp:term":[{"taxonomy":"category","embeddable":true,"href":"https:\/\/www.laguiadepamplona.com\/actualidad\/wp-json\/wp\/v2\/categories?post=17097"},{"taxonomy":"post_tag","embeddable":true,"href":"https:\/\/www.laguiadepamplona.com\/actualidad\/wp-json\/wp\/v2\/tags?post=17097"}],"curies":[{"name":"wp","href":"https:\/\/api.w.org\/{rel}","templated":true}]}}