{"id":17081,"date":"2018-04-24T14:31:21","date_gmt":"2018-04-24T13:31:21","guid":{"rendered":"http:\/\/laguiadepamplona.es\/actualidad\/?p=17081"},"modified":"2018-04-24T14:31:21","modified_gmt":"2018-04-24T13:31:21","slug":"el-ayuntamiento-de-pamplona-disena-siete-jardines-figurativos-y-los-ubica-en-otras-tantas-zonas-verdes-de-la-ciudad-es-el-programa-barrios-de-colores","status":"publish","type":"post","link":"https:\/\/www.laguiadepamplona.com\/actualidad\/el-ayuntamiento-de-pamplona-disena-siete-jardines-figurativos-y-los-ubica-en-otras-tantas-zonas-verdes-de-la-ciudad-es-el-programa-barrios-de-colores\/","title":{"rendered":"El Ayuntamiento de Pamplona dise\u00f1a siete jardines figurativos y los ubica en otras tantas zonas verdes de la ciudad: es el programa \u2018Barrios de colores\u2019"},"content":{"rendered":"<h3>Por el momento estos laberintos que representan animales y plantas, y en cuyo acabado participar\u00e1n centros escolares, suman 2.100 m<sup>2<\/sup><\/h3>\n<p><!--more--><\/p>\n<p><a href=\"http:\/\/laguiadepamplona.es\/actualidad\/wp-content\/uploads\/2018\/04\/18.04.24_barrios_colores_tulipan.jpg\"><img loading=\"lazy\" decoding=\"async\" class=\"alignleft size-medium wp-image-17086\" src=\"http:\/\/laguiadepamplona.es\/actualidad\/wp-content\/uploads\/2018\/04\/18.04.24_barrios_colores_tulipan-300x195.jpg\" alt=\"\" width=\"300\" height=\"195\" srcset=\"https:\/\/www.laguiadepamplona.com\/actualidad\/wp-content\/uploads\/2018\/04\/18.04.24_barrios_colores_tulipan-300x195.jpg 300w, https:\/\/www.laguiadepamplona.com\/actualidad\/wp-content\/uploads\/2018\/04\/18.04.24_barrios_colores_tulipan-768x499.jpg 768w, https:\/\/www.laguiadepamplona.com\/actualidad\/wp-content\/uploads\/2018\/04\/18.04.24_barrios_colores_tulipan.jpg 1000w\" sizes=\"auto, (max-width: 300px) 100vw, 300px\" \/><\/a>El Ayuntamiento de Pamplona, a trav\u00e9s del Servicio de Parques, Jardines y Zonas Verdes, plantea para esta primavera una nueva iniciativa: los \u2018Barrios de colores\u2019. Se trata de incluir en el paisaje urbano siete parterres arbustivos de 300 m<sup>2<\/sup> cada uno (2.100 m<sup>2<\/sup> en total) con dise\u00f1os que reproducen, con arbustos de flor, distintos animales y plantas. Son una paloma, un \u00e1guila, una mariposa, una salamandra, una margarita, una tortuga y un tulip\u00e1n. Siete mini-jardines para otras tantas zonas de la ciudad: Iturrama, Ripagaina, San Jorge, Mendillorri, Rochapea, Ermitaga\u00f1a\/San Juan y Ensanche\/Casco Viejo, respectivamente.<\/p>\n<p>Desde el suelo la figura es un espacio con relieve vegetal florido, a la vez que un peque\u00f1o laberinto, ya que se puede recorrer su interior. A vista de p\u00e1jaro y \u2018en altura\u2019 desde los edificios de alrededor ser\u00e1 un dise\u00f1o diferenciador del emplazamiento elegido, al que dar\u00e1 car\u00e1cter, olor y color. Y es que se alternan arbustos con distintos tipos de floraci\u00f3n y espectros de color, y en algunos, casos plantas arom\u00e1ticas.<\/p>\n<p><a href=\"http:\/\/laguiadepamplona.es\/actualidad\/wp-content\/uploads\/2018\/04\/18.04.24_barrios_de_colores_tulipan_situacion.jpg\"><img loading=\"lazy\" decoding=\"async\" class=\"alignleft size-medium wp-image-17087\" src=\"http:\/\/laguiadepamplona.es\/actualidad\/wp-content\/uploads\/2018\/04\/18.04.24_barrios_de_colores_tulipan_situacion-300x195.jpg\" alt=\"\" width=\"300\" height=\"195\" srcset=\"https:\/\/www.laguiadepamplona.com\/actualidad\/wp-content\/uploads\/2018\/04\/18.04.24_barrios_de_colores_tulipan_situacion-300x195.jpg 300w, https:\/\/www.laguiadepamplona.com\/actualidad\/wp-content\/uploads\/2018\/04\/18.04.24_barrios_de_colores_tulipan_situacion-768x499.jpg 768w, https:\/\/www.laguiadepamplona.com\/actualidad\/wp-content\/uploads\/2018\/04\/18.04.24_barrios_de_colores_tulipan_situacion.jpg 1000w\" sizes=\"auto, (max-width: 300px) 100vw, 300px\" \/><\/a>La elecci\u00f3n de cada una de estas figuras tiene, adem\u00e1s, un significado concreto. Como ejemplo la mariposa quiere recordar a quienes se acerquen la importancia que para la biodiversidad tienen los insectos; la salamandra quiere llamar la atenci\u00f3n sobre el cuidado de los humedales o la tortuga busca hacer hincapi\u00e9 en la extinci\u00f3n del gal\u00e1pago aut\u00f3ctono y el peligro de las ex\u00f3ticas para el ecosistema local. Todas estas reflexiones se recoger\u00e1n en castellano y euskera en indicadores de pl\u00e1stico reciclado que se situar\u00e1n se\u00f1alizando cada jard\u00edn.<\/p>\n<p>El Servicio de Parques, Jardines y Zonas Verdes del Consistorio para cada espacio ha establecido una combinaci\u00f3n concreta de plantas y arbustos que considera de adaptabilidad contrastada al clima y al suelo propio de la ciudad. As\u00ed, se han elegido Forsitia (Forsithya), Fotinia \u2018Red Robin\u2019 (Photinia fraseri) o Espirea de Vanhoutte (Spirea Vanhoutte) o las arom\u00e1ticas Lavandula y Romero (Rosmarinus officinalis prostratus), entre otras. La plantaci\u00f3n se ha ido haciendo durante los meses de invierno y el momento de apogeo de su floraci\u00f3n ser\u00e1 entre los meses de abril y septiembre. Pese a ello estos jardines tardar\u00e1n un par de a\u00f1os en llegar a la madurez y expresar as\u00ed todo su potencial.<\/p>\n<p><a href=\"http:\/\/laguiadepamplona.es\/actualidad\/wp-content\/uploads\/2018\/04\/18.04.24_barrios_colores_cartel_global-1.jpg\"><img loading=\"lazy\" decoding=\"async\" class=\"alignleft size-medium wp-image-17083\" src=\"http:\/\/laguiadepamplona.es\/actualidad\/wp-content\/uploads\/2018\/04\/18.04.24_barrios_colores_cartel_global-1-300x212.jpg\" alt=\"\" width=\"300\" height=\"212\" srcset=\"https:\/\/www.laguiadepamplona.com\/actualidad\/wp-content\/uploads\/2018\/04\/18.04.24_barrios_colores_cartel_global-1-300x212.jpg 300w, https:\/\/www.laguiadepamplona.com\/actualidad\/wp-content\/uploads\/2018\/04\/18.04.24_barrios_colores_cartel_global-1-768x542.jpg 768w, https:\/\/www.laguiadepamplona.com\/actualidad\/wp-content\/uploads\/2018\/04\/18.04.24_barrios_colores_cartel_global-1.jpg 1000w\" sizes=\"auto, (max-width: 300px) 100vw, 300px\" \/><\/a>Con esta iniciativa, el Ayuntamiento de Pamplona, adem\u00e1s de mejorar la est\u00e9tica de estas zonas verdes, innovando en su dise\u00f1o, trabaja la sensibilizaci\u00f3n y educaci\u00f3n ambiental de la ciudadan\u00eda mediante la participaci\u00f3n de 708 escolares de los colegios El Lago, Elorri, Mendigoiti, Jose Mar\u00eda Huarte, Patxi Larrainzar, Cardenal Ilundain, San Francisco, V\u00e1zquez de Mella, Sanduzelai, San Jorge y Buztintxuri. Los alumnados de esos centros plantar\u00e1n los \u00faltimos arbustos de cada jard\u00edn y recibir\u00e1n una explicaci\u00f3n sobre las particularidades del dise\u00f1o y el motivo concreto en el que hayan participado.<\/p>\n<p>Otro de los objetivos de estos elementos es avanzar hacia una reducci\u00f3n a medio plazo de los costes de mantenimiento de los espacios ajardinados de la ciudad. Estos son los primeros jardines de la propuesta \u2018Barrios de colores\u2019, aunque su n\u00famero aumentar\u00e1 al ir incorpor\u00e1ndose paulatinamente en otras zonas de la ciudad.<\/p>\n<p><strong>Barrios de colores<\/strong><\/p>\n<ul>\n<li>Paloma Iturrama (Trasera del front\u00f3n L\u00f3pez)<\/li>\n<li>\u00c1guila Erripagaina<\/li>\n<li>Mariposa San Jorge (Parque de Trinitarios)<\/li>\n<li>Salamandra Mendillorri (Chimenea campas de las pistas polideportivas)<\/li>\n<li>Margarita Rochapea (Parque de Enamorados)<\/li>\n<li>Tortuga Ermitaga\u00f1a \/ San Juan (Parque de la Vaguada)<\/li>\n<li>Tulip\u00e1n Ensanche \/ Casco Viejo (Entorno del Molino de Caparroso)<\/li>\n<\/ul>\n<h3><a href=\"http:\/\/laguiadepamplona.es\/actualidad\/wp-content\/uploads\/2018\/04\/18.04.24_barrios_colores_se\u00f1alizacion_tulipan.pdf\" target=\"_blank\" rel=\"noopener\">barrios_colores_se\u00f1alizacion_tulipan.pdf<\/a><\/h3>\n<h3><a href=\"http:\/\/laguiadepamplona.es\/actualidad\/wp-content\/uploads\/2018\/04\/18.04.24_barrios_colores_cartel_global.pdf\" target=\"_blank\" rel=\"noopener\">barrios_colores_cartel_global.pdf<\/a><\/h3>\n<p>&nbsp;<\/p>\n","protected":false},"excerpt":{"rendered":"<p>Por el momento estos laberintos que representan animales y plantas, y en cuyo acabado participar\u00e1n centros escolares, suman 2.100 m2<\/p>\n","protected":false},"author":1,"featured_media":17084,"comment_status":"open","ping_status":"closed","sticky":false,"template":"","format":"standard","meta":{"footnotes":""},"categories":[2],"tags":[],"class_list":["post-17081","post","type-post","status-publish","format-standard","has-post-thumbnail","hentry","category-ayuntamiento-pamplona"],"yoast_head":"<!-- This site is optimized with the Yoast SEO plugin v27.5 - https:\/\/yoast.com\/product\/yoast-seo-wordpress\/ -->\n<title>El Ayuntamiento de Pamplona dise\u00f1a siete jardines figurativos y los ubica en otras tantas zonas verdes de la ciudad: es el programa \u2018Barrios de colores\u2019<\/title>\n<meta name=\"robots\" content=\"index, follow, max-snippet:-1, max-image-preview:large, max-video-preview:-1\" \/>\n<link rel=\"canonical\" href=\"https:\/\/www.laguiadepamplona.com\/actualidad\/el-ayuntamiento-de-pamplona-disena-siete-jardines-figurativos-y-los-ubica-en-otras-tantas-zonas-verdes-de-la-ciudad-es-el-programa-barrios-de-colores\/\" \/>\n<meta property=\"og:locale\" content=\"es_ES\" \/>\n<meta property=\"og:type\" content=\"article\" \/>\n<meta property=\"og:title\" content=\"El Ayuntamiento de Pamplona dise\u00f1a siete jardines figurativos y los ubica en otras tantas zonas verdes de la ciudad: es el programa \u2018Barrios de colores\u2019\" \/>\n<meta property=\"og:description\" content=\"Por el momento estos laberintos que representan animales y plantas, y en cuyo acabado participar\u00e1n centros escolares, suman 2.100 m2\" \/>\n<meta property=\"og:url\" content=\"https:\/\/www.laguiadepamplona.com\/actualidad\/el-ayuntamiento-de-pamplona-disena-siete-jardines-figurativos-y-los-ubica-en-otras-tantas-zonas-verdes-de-la-ciudad-es-el-programa-barrios-de-colores\/\" \/>\n<meta property=\"og:site_name\" content=\"La Gu\u00eda de Pamplona\" \/>\n<meta property=\"article:publisher\" content=\"https:\/\/www.facebook.com\/laguiadepamplonacom-133175176762273\/?ref=hl\" \/>\n<meta property=\"article:published_time\" content=\"2018-04-24T13:31:21+00:00\" \/>\n<meta property=\"og:image\" content=\"https:\/\/www.laguiadepamplona.com\/actualidad\/wp-content\/uploads\/2018\/04\/18.04.24_barrios_colores_se\u00f1alizacion_tulipan.jpg\" \/>\n\t<meta property=\"og:image:width\" content=\"1000\" \/>\n\t<meta property=\"og:image:height\" content=\"707\" \/>\n\t<meta property=\"og:image:type\" content=\"image\/jpeg\" \/>\n<meta name=\"author\" content=\"La Gu\u00eda de Pamplona\" \/>\n<meta name=\"twitter:card\" content=\"summary_large_image\" \/>\n<meta name=\"twitter:creator\" content=\"@LaGuiadPamplona\" \/>\n<meta name=\"twitter:site\" content=\"@LaGuiadPamplona\" \/>\n<meta name=\"twitter:label1\" content=\"Escrito por\" \/>\n\t<meta name=\"twitter:data1\" content=\"La Gu\u00eda de Pamplona\" \/>\n\t<meta name=\"twitter:label2\" content=\"Tiempo de lectura\" \/>\n\t<meta name=\"twitter:data2\" content=\"3 minutos\" \/>\n<script type=\"application\/ld+json\" class=\"yoast-schema-graph\">{\"@context\":\"https:\\\/\\\/schema.org\",\"@graph\":[{\"@type\":\"Article\",\"@id\":\"https:\\\/\\\/www.laguiadepamplona.com\\\/actualidad\\\/el-ayuntamiento-de-pamplona-disena-siete-jardines-figurativos-y-los-ubica-en-otras-tantas-zonas-verdes-de-la-ciudad-es-el-programa-barrios-de-colores\\\/#article\",\"isPartOf\":{\"@id\":\"https:\\\/\\\/www.laguiadepamplona.com\\\/actualidad\\\/el-ayuntamiento-de-pamplona-disena-siete-jardines-figurativos-y-los-ubica-en-otras-tantas-zonas-verdes-de-la-ciudad-es-el-programa-barrios-de-colores\\\/\"},\"author\":{\"name\":\"La Gu\u00eda de Pamplona\",\"@id\":\"https:\\\/\\\/www.laguiadepamplona.com\\\/actualidad\\\/#\\\/schema\\\/person\\\/efe887376f0213d4657c93adc50b1fdb\"},\"headline\":\"El Ayuntamiento de Pamplona dise\u00f1a siete jardines figurativos y los ubica en otras tantas zonas verdes de la ciudad: es el programa \u2018Barrios de colores\u2019\",\"datePublished\":\"2018-04-24T13:31:21+00:00\",\"mainEntityOfPage\":{\"@id\":\"https:\\\/\\\/www.laguiadepamplona.com\\\/actualidad\\\/el-ayuntamiento-de-pamplona-disena-siete-jardines-figurativos-y-los-ubica-en-otras-tantas-zonas-verdes-de-la-ciudad-es-el-programa-barrios-de-colores\\\/\"},\"wordCount\":659,\"commentCount\":0,\"publisher\":{\"@id\":\"https:\\\/\\\/www.laguiadepamplona.com\\\/actualidad\\\/#organization\"},\"image\":{\"@id\":\"https:\\\/\\\/www.laguiadepamplona.com\\\/actualidad\\\/el-ayuntamiento-de-pamplona-disena-siete-jardines-figurativos-y-los-ubica-en-otras-tantas-zonas-verdes-de-la-ciudad-es-el-programa-barrios-de-colores\\\/#primaryimage\"},\"thumbnailUrl\":\"https:\\\/\\\/www.laguiadepamplona.com\\\/actualidad\\\/wp-content\\\/uploads\\\/2018\\\/04\\\/18.04.24_barrios_colores_se\u00f1alizacion_tulipan.jpg\",\"articleSection\":[\"Ayto Pamplona\"],\"inLanguage\":\"es\",\"potentialAction\":[{\"@type\":\"CommentAction\",\"name\":\"Comment\",\"target\":[\"https:\\\/\\\/www.laguiadepamplona.com\\\/actualidad\\\/el-ayuntamiento-de-pamplona-disena-siete-jardines-figurativos-y-los-ubica-en-otras-tantas-zonas-verdes-de-la-ciudad-es-el-programa-barrios-de-colores\\\/#respond\"]}]},{\"@type\":\"WebPage\",\"@id\":\"https:\\\/\\\/www.laguiadepamplona.com\\\/actualidad\\\/el-ayuntamiento-de-pamplona-disena-siete-jardines-figurativos-y-los-ubica-en-otras-tantas-zonas-verdes-de-la-ciudad-es-el-programa-barrios-de-colores\\\/\",\"url\":\"https:\\\/\\\/www.laguiadepamplona.com\\\/actualidad\\\/el-ayuntamiento-de-pamplona-disena-siete-jardines-figurativos-y-los-ubica-en-otras-tantas-zonas-verdes-de-la-ciudad-es-el-programa-barrios-de-colores\\\/\",\"name\":\"El Ayuntamiento de Pamplona dise\u00f1a siete jardines figurativos y los ubica en otras tantas zonas verdes de la ciudad: es el programa \u2018Barrios de colores\u2019\",\"isPartOf\":{\"@id\":\"https:\\\/\\\/www.laguiadepamplona.com\\\/actualidad\\\/#website\"},\"primaryImageOfPage\":{\"@id\":\"https:\\\/\\\/www.laguiadepamplona.com\\\/actualidad\\\/el-ayuntamiento-de-pamplona-disena-siete-jardines-figurativos-y-los-ubica-en-otras-tantas-zonas-verdes-de-la-ciudad-es-el-programa-barrios-de-colores\\\/#primaryimage\"},\"image\":{\"@id\":\"https:\\\/\\\/www.laguiadepamplona.com\\\/actualidad\\\/el-ayuntamiento-de-pamplona-disena-siete-jardines-figurativos-y-los-ubica-en-otras-tantas-zonas-verdes-de-la-ciudad-es-el-programa-barrios-de-colores\\\/#primaryimage\"},\"thumbnailUrl\":\"https:\\\/\\\/www.laguiadepamplona.com\\\/actualidad\\\/wp-content\\\/uploads\\\/2018\\\/04\\\/18.04.24_barrios_colores_se\u00f1alizacion_tulipan.jpg\",\"datePublished\":\"2018-04-24T13:31:21+00:00\",\"breadcrumb\":{\"@id\":\"https:\\\/\\\/www.laguiadepamplona.com\\\/actualidad\\\/el-ayuntamiento-de-pamplona-disena-siete-jardines-figurativos-y-los-ubica-en-otras-tantas-zonas-verdes-de-la-ciudad-es-el-programa-barrios-de-colores\\\/#breadcrumb\"},\"inLanguage\":\"es\",\"potentialAction\":[{\"@type\":\"ReadAction\",\"target\":[\"https:\\\/\\\/www.laguiadepamplona.com\\\/actualidad\\\/el-ayuntamiento-de-pamplona-disena-siete-jardines-figurativos-y-los-ubica-en-otras-tantas-zonas-verdes-de-la-ciudad-es-el-programa-barrios-de-colores\\\/\"]}]},{\"@type\":\"ImageObject\",\"inLanguage\":\"es\",\"@id\":\"https:\\\/\\\/www.laguiadepamplona.com\\\/actualidad\\\/el-ayuntamiento-de-pamplona-disena-siete-jardines-figurativos-y-los-ubica-en-otras-tantas-zonas-verdes-de-la-ciudad-es-el-programa-barrios-de-colores\\\/#primaryimage\",\"url\":\"https:\\\/\\\/www.laguiadepamplona.com\\\/actualidad\\\/wp-content\\\/uploads\\\/2018\\\/04\\\/18.04.24_barrios_colores_se\u00f1alizacion_tulipan.jpg\",\"contentUrl\":\"https:\\\/\\\/www.laguiadepamplona.com\\\/actualidad\\\/wp-content\\\/uploads\\\/2018\\\/04\\\/18.04.24_barrios_colores_se\u00f1alizacion_tulipan.jpg\",\"width\":1000,\"height\":707},{\"@type\":\"BreadcrumbList\",\"@id\":\"https:\\\/\\\/www.laguiadepamplona.com\\\/actualidad\\\/el-ayuntamiento-de-pamplona-disena-siete-jardines-figurativos-y-los-ubica-en-otras-tantas-zonas-verdes-de-la-ciudad-es-el-programa-barrios-de-colores\\\/#breadcrumb\",\"itemListElement\":[{\"@type\":\"ListItem\",\"position\":1,\"name\":\"Portada\",\"item\":\"https:\\\/\\\/www.laguiadepamplona.com\\\/actualidad\\\/\"},{\"@type\":\"ListItem\",\"position\":2,\"name\":\"El Ayuntamiento de Pamplona dise\u00f1a siete jardines figurativos y los ubica en otras tantas zonas verdes de la ciudad: es el programa \u2018Barrios de colores\u2019\"}]},{\"@type\":\"WebSite\",\"@id\":\"https:\\\/\\\/www.laguiadepamplona.com\\\/actualidad\\\/#website\",\"url\":\"https:\\\/\\\/www.laguiadepamplona.com\\\/actualidad\\\/\",\"name\":\"La gu\u00eda de Pamplona\",\"description\":\"Noticias de Pamplona\",\"publisher\":{\"@id\":\"https:\\\/\\\/www.laguiadepamplona.com\\\/actualidad\\\/#organization\"},\"potentialAction\":[{\"@type\":\"SearchAction\",\"target\":{\"@type\":\"EntryPoint\",\"urlTemplate\":\"https:\\\/\\\/www.laguiadepamplona.com\\\/actualidad\\\/?s={search_term_string}\"},\"query-input\":{\"@type\":\"PropertyValueSpecification\",\"valueRequired\":true,\"valueName\":\"search_term_string\"}}],\"inLanguage\":\"es\"},{\"@type\":\"Organization\",\"@id\":\"https:\\\/\\\/www.laguiadepamplona.com\\\/actualidad\\\/#organization\",\"name\":\"La Gu\u00eda de Pamplona \\\/ Noticias\",\"url\":\"https:\\\/\\\/www.laguiadepamplona.com\\\/actualidad\\\/\",\"logo\":{\"@type\":\"ImageObject\",\"inLanguage\":\"es\",\"@id\":\"https:\\\/\\\/www.laguiadepamplona.com\\\/actualidad\\\/#\\\/schema\\\/logo\\\/image\\\/\",\"url\":\"https:\\\/\\\/www.laguiadepamplona.com\\\/actualidad\\\/wp-content\\\/uploads\\\/2018\\\/11\\\/logo-laguiadepamplona18-web1.png\",\"contentUrl\":\"https:\\\/\\\/www.laguiadepamplona.com\\\/actualidad\\\/wp-content\\\/uploads\\\/2018\\\/11\\\/logo-laguiadepamplona18-web1.png\",\"width\":600,\"height\":196,\"caption\":\"La Gu\u00eda de Pamplona \\\/ Noticias\"},\"image\":{\"@id\":\"https:\\\/\\\/www.laguiadepamplona.com\\\/actualidad\\\/#\\\/schema\\\/logo\\\/image\\\/\"},\"sameAs\":[\"https:\\\/\\\/www.facebook.com\\\/laguiadepamplonacom-133175176762273\\\/?ref=hl\",\"https:\\\/\\\/x.com\\\/LaGuiadPamplona\",\"https:\\\/\\\/www.instagram.com\\\/la_guia_de_pamplona\\\/\",\"https:\\\/\\\/www.youtube.com\\\/user\\\/laguiadepamplona\"]},{\"@type\":\"Person\",\"@id\":\"https:\\\/\\\/www.laguiadepamplona.com\\\/actualidad\\\/#\\\/schema\\\/person\\\/efe887376f0213d4657c93adc50b1fdb\",\"name\":\"La Gu\u00eda de Pamplona\",\"image\":{\"@type\":\"ImageObject\",\"inLanguage\":\"es\",\"@id\":\"https:\\\/\\\/secure.gravatar.com\\\/avatar\\\/b6992f131dc8d30ab0dff15446e9d346d9dbd95992de0fef795073f5ea83a81c?s=96&d=mm&r=g\",\"url\":\"https:\\\/\\\/secure.gravatar.com\\\/avatar\\\/b6992f131dc8d30ab0dff15446e9d346d9dbd95992de0fef795073f5ea83a81c?s=96&d=mm&r=g\",\"contentUrl\":\"https:\\\/\\\/secure.gravatar.com\\\/avatar\\\/b6992f131dc8d30ab0dff15446e9d346d9dbd95992de0fef795073f5ea83a81c?s=96&d=mm&r=g\",\"caption\":\"La Gu\u00eda de Pamplona\"}}]}<\/script>\n<!-- \/ Yoast SEO plugin. -->","yoast_head_json":{"title":"El Ayuntamiento de Pamplona dise\u00f1a siete jardines figurativos y los ubica en otras tantas zonas verdes de la ciudad: es el programa \u2018Barrios de colores\u2019","robots":{"index":"index","follow":"follow","max-snippet":"max-snippet:-1","max-image-preview":"max-image-preview:large","max-video-preview":"max-video-preview:-1"},"canonical":"https:\/\/www.laguiadepamplona.com\/actualidad\/el-ayuntamiento-de-pamplona-disena-siete-jardines-figurativos-y-los-ubica-en-otras-tantas-zonas-verdes-de-la-ciudad-es-el-programa-barrios-de-colores\/","og_locale":"es_ES","og_type":"article","og_title":"El Ayuntamiento de Pamplona dise\u00f1a siete jardines figurativos y los ubica en otras tantas zonas verdes de la ciudad: es el programa \u2018Barrios de colores\u2019","og_description":"Por el momento estos laberintos que representan animales y plantas, y en cuyo acabado participar\u00e1n centros escolares, suman 2.100 m2","og_url":"https:\/\/www.laguiadepamplona.com\/actualidad\/el-ayuntamiento-de-pamplona-disena-siete-jardines-figurativos-y-los-ubica-en-otras-tantas-zonas-verdes-de-la-ciudad-es-el-programa-barrios-de-colores\/","og_site_name":"La Gu\u00eda de Pamplona","article_publisher":"https:\/\/www.facebook.com\/laguiadepamplonacom-133175176762273\/?ref=hl","article_published_time":"2018-04-24T13:31:21+00:00","og_image":[{"width":1000,"height":707,"url":"https:\/\/www.laguiadepamplona.com\/actualidad\/wp-content\/uploads\/2018\/04\/18.04.24_barrios_colores_se\u00f1alizacion_tulipan.jpg","type":"image\/jpeg"}],"author":"La Gu\u00eda de Pamplona","twitter_card":"summary_large_image","twitter_creator":"@LaGuiadPamplona","twitter_site":"@LaGuiadPamplona","twitter_misc":{"Escrito por":"La Gu\u00eda de Pamplona","Tiempo de lectura":"3 minutos"},"schema":{"@context":"https:\/\/schema.org","@graph":[{"@type":"Article","@id":"https:\/\/www.laguiadepamplona.com\/actualidad\/el-ayuntamiento-de-pamplona-disena-siete-jardines-figurativos-y-los-ubica-en-otras-tantas-zonas-verdes-de-la-ciudad-es-el-programa-barrios-de-colores\/#article","isPartOf":{"@id":"https:\/\/www.laguiadepamplona.com\/actualidad\/el-ayuntamiento-de-pamplona-disena-siete-jardines-figurativos-y-los-ubica-en-otras-tantas-zonas-verdes-de-la-ciudad-es-el-programa-barrios-de-colores\/"},"author":{"name":"La Gu\u00eda de Pamplona","@id":"https:\/\/www.laguiadepamplona.com\/actualidad\/#\/schema\/person\/efe887376f0213d4657c93adc50b1fdb"},"headline":"El Ayuntamiento de Pamplona dise\u00f1a siete jardines figurativos y los ubica en otras tantas zonas verdes de la ciudad: es el programa \u2018Barrios de colores\u2019","datePublished":"2018-04-24T13:31:21+00:00","mainEntityOfPage":{"@id":"https:\/\/www.laguiadepamplona.com\/actualidad\/el-ayuntamiento-de-pamplona-disena-siete-jardines-figurativos-y-los-ubica-en-otras-tantas-zonas-verdes-de-la-ciudad-es-el-programa-barrios-de-colores\/"},"wordCount":659,"commentCount":0,"publisher":{"@id":"https:\/\/www.laguiadepamplona.com\/actualidad\/#organization"},"image":{"@id":"https:\/\/www.laguiadepamplona.com\/actualidad\/el-ayuntamiento-de-pamplona-disena-siete-jardines-figurativos-y-los-ubica-en-otras-tantas-zonas-verdes-de-la-ciudad-es-el-programa-barrios-de-colores\/#primaryimage"},"thumbnailUrl":"https:\/\/www.laguiadepamplona.com\/actualidad\/wp-content\/uploads\/2018\/04\/18.04.24_barrios_colores_se\u00f1alizacion_tulipan.jpg","articleSection":["Ayto Pamplona"],"inLanguage":"es","potentialAction":[{"@type":"CommentAction","name":"Comment","target":["https:\/\/www.laguiadepamplona.com\/actualidad\/el-ayuntamiento-de-pamplona-disena-siete-jardines-figurativos-y-los-ubica-en-otras-tantas-zonas-verdes-de-la-ciudad-es-el-programa-barrios-de-colores\/#respond"]}]},{"@type":"WebPage","@id":"https:\/\/www.laguiadepamplona.com\/actualidad\/el-ayuntamiento-de-pamplona-disena-siete-jardines-figurativos-y-los-ubica-en-otras-tantas-zonas-verdes-de-la-ciudad-es-el-programa-barrios-de-colores\/","url":"https:\/\/www.laguiadepamplona.com\/actualidad\/el-ayuntamiento-de-pamplona-disena-siete-jardines-figurativos-y-los-ubica-en-otras-tantas-zonas-verdes-de-la-ciudad-es-el-programa-barrios-de-colores\/","name":"El Ayuntamiento de Pamplona dise\u00f1a siete jardines figurativos y los ubica en otras tantas zonas verdes de la ciudad: es el programa \u2018Barrios de colores\u2019","isPartOf":{"@id":"https:\/\/www.laguiadepamplona.com\/actualidad\/#website"},"primaryImageOfPage":{"@id":"https:\/\/www.laguiadepamplona.com\/actualidad\/el-ayuntamiento-de-pamplona-disena-siete-jardines-figurativos-y-los-ubica-en-otras-tantas-zonas-verdes-de-la-ciudad-es-el-programa-barrios-de-colores\/#primaryimage"},"image":{"@id":"https:\/\/www.laguiadepamplona.com\/actualidad\/el-ayuntamiento-de-pamplona-disena-siete-jardines-figurativos-y-los-ubica-en-otras-tantas-zonas-verdes-de-la-ciudad-es-el-programa-barrios-de-colores\/#primaryimage"},"thumbnailUrl":"https:\/\/www.laguiadepamplona.com\/actualidad\/wp-content\/uploads\/2018\/04\/18.04.24_barrios_colores_se\u00f1alizacion_tulipan.jpg","datePublished":"2018-04-24T13:31:21+00:00","breadcrumb":{"@id":"https:\/\/www.laguiadepamplona.com\/actualidad\/el-ayuntamiento-de-pamplona-disena-siete-jardines-figurativos-y-los-ubica-en-otras-tantas-zonas-verdes-de-la-ciudad-es-el-programa-barrios-de-colores\/#breadcrumb"},"inLanguage":"es","potentialAction":[{"@type":"ReadAction","target":["https:\/\/www.laguiadepamplona.com\/actualidad\/el-ayuntamiento-de-pamplona-disena-siete-jardines-figurativos-y-los-ubica-en-otras-tantas-zonas-verdes-de-la-ciudad-es-el-programa-barrios-de-colores\/"]}]},{"@type":"ImageObject","inLanguage":"es","@id":"https:\/\/www.laguiadepamplona.com\/actualidad\/el-ayuntamiento-de-pamplona-disena-siete-jardines-figurativos-y-los-ubica-en-otras-tantas-zonas-verdes-de-la-ciudad-es-el-programa-barrios-de-colores\/#primaryimage","url":"https:\/\/www.laguiadepamplona.com\/actualidad\/wp-content\/uploads\/2018\/04\/18.04.24_barrios_colores_se\u00f1alizacion_tulipan.jpg","contentUrl":"https:\/\/www.laguiadepamplona.com\/actualidad\/wp-content\/uploads\/2018\/04\/18.04.24_barrios_colores_se\u00f1alizacion_tulipan.jpg","width":1000,"height":707},{"@type":"BreadcrumbList","@id":"https:\/\/www.laguiadepamplona.com\/actualidad\/el-ayuntamiento-de-pamplona-disena-siete-jardines-figurativos-y-los-ubica-en-otras-tantas-zonas-verdes-de-la-ciudad-es-el-programa-barrios-de-colores\/#breadcrumb","itemListElement":[{"@type":"ListItem","position":1,"name":"Portada","item":"https:\/\/www.laguiadepamplona.com\/actualidad\/"},{"@type":"ListItem","position":2,"name":"El Ayuntamiento de Pamplona dise\u00f1a siete jardines figurativos y los ubica en otras tantas zonas verdes de la ciudad: es el programa \u2018Barrios de colores\u2019"}]},{"@type":"WebSite","@id":"https:\/\/www.laguiadepamplona.com\/actualidad\/#website","url":"https:\/\/www.laguiadepamplona.com\/actualidad\/","name":"La gu\u00eda de Pamplona","description":"Noticias de Pamplona","publisher":{"@id":"https:\/\/www.laguiadepamplona.com\/actualidad\/#organization"},"potentialAction":[{"@type":"SearchAction","target":{"@type":"EntryPoint","urlTemplate":"https:\/\/www.laguiadepamplona.com\/actualidad\/?s={search_term_string}"},"query-input":{"@type":"PropertyValueSpecification","valueRequired":true,"valueName":"search_term_string"}}],"inLanguage":"es"},{"@type":"Organization","@id":"https:\/\/www.laguiadepamplona.com\/actualidad\/#organization","name":"La Gu\u00eda de Pamplona \/ Noticias","url":"https:\/\/www.laguiadepamplona.com\/actualidad\/","logo":{"@type":"ImageObject","inLanguage":"es","@id":"https:\/\/www.laguiadepamplona.com\/actualidad\/#\/schema\/logo\/image\/","url":"https:\/\/www.laguiadepamplona.com\/actualidad\/wp-content\/uploads\/2018\/11\/logo-laguiadepamplona18-web1.png","contentUrl":"https:\/\/www.laguiadepamplona.com\/actualidad\/wp-content\/uploads\/2018\/11\/logo-laguiadepamplona18-web1.png","width":600,"height":196,"caption":"La Gu\u00eda de Pamplona \/ Noticias"},"image":{"@id":"https:\/\/www.laguiadepamplona.com\/actualidad\/#\/schema\/logo\/image\/"},"sameAs":["https:\/\/www.facebook.com\/laguiadepamplonacom-133175176762273\/?ref=hl","https:\/\/x.com\/LaGuiadPamplona","https:\/\/www.instagram.com\/la_guia_de_pamplona\/","https:\/\/www.youtube.com\/user\/laguiadepamplona"]},{"@type":"Person","@id":"https:\/\/www.laguiadepamplona.com\/actualidad\/#\/schema\/person\/efe887376f0213d4657c93adc50b1fdb","name":"La Gu\u00eda de Pamplona","image":{"@type":"ImageObject","inLanguage":"es","@id":"https:\/\/secure.gravatar.com\/avatar\/b6992f131dc8d30ab0dff15446e9d346d9dbd95992de0fef795073f5ea83a81c?s=96&d=mm&r=g","url":"https:\/\/secure.gravatar.com\/avatar\/b6992f131dc8d30ab0dff15446e9d346d9dbd95992de0fef795073f5ea83a81c?s=96&d=mm&r=g","contentUrl":"https:\/\/secure.gravatar.com\/avatar\/b6992f131dc8d30ab0dff15446e9d346d9dbd95992de0fef795073f5ea83a81c?s=96&d=mm&r=g","caption":"La Gu\u00eda de Pamplona"}}]}},"post_mailing_queue_ids":[],"_links":{"self":[{"href":"https:\/\/www.laguiadepamplona.com\/actualidad\/wp-json\/wp\/v2\/posts\/17081","targetHints":{"allow":["GET"]}}],"collection":[{"href":"https:\/\/www.laguiadepamplona.com\/actualidad\/wp-json\/wp\/v2\/posts"}],"about":[{"href":"https:\/\/www.laguiadepamplona.com\/actualidad\/wp-json\/wp\/v2\/types\/post"}],"author":[{"embeddable":true,"href":"https:\/\/www.laguiadepamplona.com\/actualidad\/wp-json\/wp\/v2\/users\/1"}],"replies":[{"embeddable":true,"href":"https:\/\/www.laguiadepamplona.com\/actualidad\/wp-json\/wp\/v2\/comments?post=17081"}],"version-history":[{"count":0,"href":"https:\/\/www.laguiadepamplona.com\/actualidad\/wp-json\/wp\/v2\/posts\/17081\/revisions"}],"wp:featuredmedia":[{"embeddable":true,"href":"https:\/\/www.laguiadepamplona.com\/actualidad\/wp-json\/wp\/v2\/media\/17084"}],"wp:attachment":[{"href":"https:\/\/www.laguiadepamplona.com\/actualidad\/wp-json\/wp\/v2\/media?parent=17081"}],"wp:term":[{"taxonomy":"category","embeddable":true,"href":"https:\/\/www.laguiadepamplona.com\/actualidad\/wp-json\/wp\/v2\/categories?post=17081"},{"taxonomy":"post_tag","embeddable":true,"href":"https:\/\/www.laguiadepamplona.com\/actualidad\/wp-json\/wp\/v2\/tags?post=17081"}],"curies":[{"name":"wp","href":"https:\/\/api.w.org\/{rel}","templated":true}]}}