{"id":17076,"date":"2018-04-24T14:23:09","date_gmt":"2018-04-24T13:23:09","guid":{"rendered":"http:\/\/laguiadepamplona.es\/actualidad\/?p=17076"},"modified":"2018-04-24T14:23:09","modified_gmt":"2018-04-24T13:23:09","slug":"la-compania-danesa-helloearth-presenta-ente-el-5-y-el-11-de-mayo-the-night-una-experiencia-nocturna-en-la-el-publico-dormira-en-una-carpa-instalada-en-la-ciudadela","status":"publish","type":"post","link":"https:\/\/www.laguiadepamplona.com\/actualidad\/la-compania-danesa-helloearth-presenta-ente-el-5-y-el-11-de-mayo-the-night-una-experiencia-nocturna-en-la-el-publico-dormira-en-una-carpa-instalada-en-la-ciudadela\/","title":{"rendered":"La compa\u00f1\u00eda danesa hello!earth presenta, ente el 5 y el 11 de mayo, \u2018The night\u2019, una experiencia nocturna en la el p\u00fablico dormir\u00e1 en una carpa instalada en la Ciudadela"},"content":{"rendered":"<h3>El Festival de Danza Contempor\u00e1nea de Navarra presenta tambi\u00e9n Calling Tree el 6 de mayo en el Caballo Blanco y en la Ciudadela 11 y 12 de mayo<\/h3>\n<p><!--more--><\/p>\n<p>El Ayuntamiento de Pamplona impulsar\u00e1 la presentaci\u00f3n de la obra \u2018The night, visioning a post-capitalist society while we sleep\u2019 de la compa\u00f1\u00eda danesa hello!earth los d\u00edas 5, 6, 9, 10 y 11 de mayo en la Ciudadela dentro del Festival de Danza Contempor\u00e1nea de Navarra DNA. Ser\u00e1 una experiencia nocturna en la que el p\u00fablico dormir\u00e1 en una carpa instalada en la Ciudadela. Cada noche, a partir de las 22 horas, treinta personas compartir\u00e1n una jornada en la que imaginar\u00e1n una sociedad post-capitalista. Estar\u00e1n acompa\u00f1adas por cinco artistas del grupo. La entrada incluye cena y desayuno. Habr\u00e1 camas y s\u00e1banas y las personas participantes solo necesitar\u00e1n llevar un saco de dormir. Las entradas cuestan 10 euros.<\/p>\n<p>El Festival de Danza Contempor\u00e1nea de Navarra DNA tambi\u00e9n ofrecer\u00e1 otras actuaciones en Pamplona, tanto en la Ciudadela o las murallas como en el Teatro Gayarre, en donde se podr\u00e1 ver \u2018Gustavia\u2019 con Mathilde Monnier &amp; La Ribot el 11 de mayo. Rosemary Lee y Simon Whitehead presentar\u00e1n Calling Tree en el paseo de las murallas junto al Caballo Blanco a las 12 y a las 18 horas el 6 de mayo. En colaboraci\u00f3n con la Asociaci\u00f3n de amigos de los \u00e1rboles viejos, invitar\u00e1n al p\u00fablico a dar un paseo para conocer m\u00e1s de cerca a los \u00e1rboles de Pamplona. Testigos del paso del tiempo, cada \u00e1rbol contar\u00e1 una historia diferente: la leyenda del lugar en donde puso sus ra\u00edces, y las relaciones con los animales y plantas a los que ofrece cobijo. La performance itinerante de Calling Tree tambi\u00e9n podr\u00e1 verse en la Ciudadela los d\u00edas 11 y 12 de mayo a las 12 y a las 18 horas.<\/p>\n<p>El d\u00eda 12, a continuaci\u00f3n y hasta las 22 horas, DNA ocupar\u00e1 la Ciudadela con diversas presentaciones en sus jardines: \u2018Bolero\u2019 de Jes\u00fas Rubio Gamo, \u2018Ypark\u2019 de Zuk Performing Arts, \u2018Kirolak\u2019 de Helena Lizari y Laida Aldaz, \u2018Errata Natural\u2019 de Led Silhouette, Calling Tree de Simon Whitehead y Rosemary Lee, y \u2018Chill Out horizontal y sopa postcapitalista\u2019 de hello!earth.<\/p>\n<p>El Festival de Danza Contempor\u00e1nea de Navarra DNA se desarrollar\u00e1 desde el 29 de abril, D\u00eda Internacional de la Danza, hasta el 13 de mayo. El programa incluye 18 espect\u00e1culos en teatros y espacios p\u00fablicos de once localidades navarras adem\u00e1s de talleres, encuentros, charlas-coloquio y residencias de artistas. El Ayuntamiento de Pamplona ha destinado a esta iniciativa un presupuesto de 8.000 euros.<\/p>\n<p>&nbsp;<\/p>\n","protected":false},"excerpt":{"rendered":"<p>El Festival de Danza Contempor\u00e1nea de Navarra presenta tambi\u00e9n Calling Tree el 6 de mayo en el Caballo Blanco y en la Ciudadela 11 y 12 de mayo<\/p>\n","protected":false},"author":1,"featured_media":11434,"comment_status":"open","ping_status":"closed","sticky":false,"template":"","format":"standard","meta":{"footnotes":""},"categories":[2],"tags":[],"class_list":["post-17076","post","type-post","status-publish","format-standard","has-post-thumbnail","hentry","category-ayuntamiento-pamplona"],"yoast_head":"<!-- This site is optimized with the Yoast SEO plugin v27.5 - https:\/\/yoast.com\/product\/yoast-seo-wordpress\/ -->\n<title>La compa\u00f1\u00eda danesa hello!earth presenta, ente el 5 y el 11 de mayo, \u2018The night\u2019, una experiencia nocturna en la el p\u00fablico dormir\u00e1 en una carpa instalada en la Ciudadela<\/title>\n<meta name=\"robots\" content=\"index, follow, max-snippet:-1, max-image-preview:large, max-video-preview:-1\" \/>\n<link rel=\"canonical\" href=\"https:\/\/www.laguiadepamplona.com\/actualidad\/la-compania-danesa-helloearth-presenta-ente-el-5-y-el-11-de-mayo-the-night-una-experiencia-nocturna-en-la-el-publico-dormira-en-una-carpa-instalada-en-la-ciudadela\/\" \/>\n<meta property=\"og:locale\" content=\"es_ES\" \/>\n<meta property=\"og:type\" content=\"article\" \/>\n<meta property=\"og:title\" content=\"La compa\u00f1\u00eda danesa hello!earth presenta, ente el 5 y el 11 de mayo, \u2018The night\u2019, una experiencia nocturna en la el p\u00fablico dormir\u00e1 en una carpa instalada en la Ciudadela\" \/>\n<meta property=\"og:description\" content=\"El Festival de Danza Contempor\u00e1nea de Navarra presenta tambi\u00e9n Calling Tree el 6 de mayo en el Caballo Blanco y en la Ciudadela 11 y 12 de mayo\" \/>\n<meta property=\"og:url\" content=\"https:\/\/www.laguiadepamplona.com\/actualidad\/la-compania-danesa-helloearth-presenta-ente-el-5-y-el-11-de-mayo-the-night-una-experiencia-nocturna-en-la-el-publico-dormira-en-una-carpa-instalada-en-la-ciudadela\/\" \/>\n<meta property=\"og:site_name\" content=\"La Gu\u00eda de Pamplona\" \/>\n<meta property=\"article:publisher\" content=\"https:\/\/www.facebook.com\/laguiadepamplonacom-133175176762273\/?ref=hl\" \/>\n<meta property=\"article:published_time\" content=\"2018-04-24T13:23:09+00:00\" \/>\n<meta property=\"og:image\" content=\"https:\/\/www.laguiadepamplona.com\/actualidad\/wp-content\/uploads\/2017\/01\/ciudadela_general1.jpg\" \/>\n\t<meta property=\"og:image:width\" content=\"1100\" \/>\n\t<meta property=\"og:image:height\" content=\"550\" \/>\n\t<meta property=\"og:image:type\" content=\"image\/jpeg\" \/>\n<meta name=\"author\" content=\"La Gu\u00eda de Pamplona\" \/>\n<meta name=\"twitter:card\" content=\"summary_large_image\" \/>\n<meta name=\"twitter:creator\" content=\"@LaGuiadPamplona\" \/>\n<meta name=\"twitter:site\" content=\"@LaGuiadPamplona\" \/>\n<meta name=\"twitter:label1\" content=\"Escrito por\" \/>\n\t<meta name=\"twitter:data1\" content=\"La Gu\u00eda de Pamplona\" \/>\n\t<meta name=\"twitter:label2\" content=\"Tiempo de lectura\" \/>\n\t<meta name=\"twitter:data2\" content=\"2 minutos\" \/>\n<script type=\"application\/ld+json\" class=\"yoast-schema-graph\">{\"@context\":\"https:\\\/\\\/schema.org\",\"@graph\":[{\"@type\":\"Article\",\"@id\":\"https:\\\/\\\/www.laguiadepamplona.com\\\/actualidad\\\/la-compania-danesa-helloearth-presenta-ente-el-5-y-el-11-de-mayo-the-night-una-experiencia-nocturna-en-la-el-publico-dormira-en-una-carpa-instalada-en-la-ciudadela\\\/#article\",\"isPartOf\":{\"@id\":\"https:\\\/\\\/www.laguiadepamplona.com\\\/actualidad\\\/la-compania-danesa-helloearth-presenta-ente-el-5-y-el-11-de-mayo-the-night-una-experiencia-nocturna-en-la-el-publico-dormira-en-una-carpa-instalada-en-la-ciudadela\\\/\"},\"author\":{\"name\":\"La Gu\u00eda de Pamplona\",\"@id\":\"https:\\\/\\\/www.laguiadepamplona.com\\\/actualidad\\\/#\\\/schema\\\/person\\\/efe887376f0213d4657c93adc50b1fdb\"},\"headline\":\"La compa\u00f1\u00eda danesa hello!earth presenta, ente el 5 y el 11 de mayo, \u2018The night\u2019, una experiencia nocturna en la el p\u00fablico dormir\u00e1 en una carpa instalada en la Ciudadela\",\"datePublished\":\"2018-04-24T13:23:09+00:00\",\"mainEntityOfPage\":{\"@id\":\"https:\\\/\\\/www.laguiadepamplona.com\\\/actualidad\\\/la-compania-danesa-helloearth-presenta-ente-el-5-y-el-11-de-mayo-the-night-una-experiencia-nocturna-en-la-el-publico-dormira-en-una-carpa-instalada-en-la-ciudadela\\\/\"},\"wordCount\":467,\"commentCount\":0,\"publisher\":{\"@id\":\"https:\\\/\\\/www.laguiadepamplona.com\\\/actualidad\\\/#organization\"},\"image\":{\"@id\":\"https:\\\/\\\/www.laguiadepamplona.com\\\/actualidad\\\/la-compania-danesa-helloearth-presenta-ente-el-5-y-el-11-de-mayo-the-night-una-experiencia-nocturna-en-la-el-publico-dormira-en-una-carpa-instalada-en-la-ciudadela\\\/#primaryimage\"},\"thumbnailUrl\":\"https:\\\/\\\/www.laguiadepamplona.com\\\/actualidad\\\/wp-content\\\/uploads\\\/2017\\\/01\\\/ciudadela_general1.jpg\",\"articleSection\":[\"Ayto Pamplona\"],\"inLanguage\":\"es\",\"potentialAction\":[{\"@type\":\"CommentAction\",\"name\":\"Comment\",\"target\":[\"https:\\\/\\\/www.laguiadepamplona.com\\\/actualidad\\\/la-compania-danesa-helloearth-presenta-ente-el-5-y-el-11-de-mayo-the-night-una-experiencia-nocturna-en-la-el-publico-dormira-en-una-carpa-instalada-en-la-ciudadela\\\/#respond\"]}]},{\"@type\":\"WebPage\",\"@id\":\"https:\\\/\\\/www.laguiadepamplona.com\\\/actualidad\\\/la-compania-danesa-helloearth-presenta-ente-el-5-y-el-11-de-mayo-the-night-una-experiencia-nocturna-en-la-el-publico-dormira-en-una-carpa-instalada-en-la-ciudadela\\\/\",\"url\":\"https:\\\/\\\/www.laguiadepamplona.com\\\/actualidad\\\/la-compania-danesa-helloearth-presenta-ente-el-5-y-el-11-de-mayo-the-night-una-experiencia-nocturna-en-la-el-publico-dormira-en-una-carpa-instalada-en-la-ciudadela\\\/\",\"name\":\"La compa\u00f1\u00eda danesa hello!earth presenta, ente el 5 y el 11 de mayo, \u2018The night\u2019, una experiencia nocturna en la el p\u00fablico dormir\u00e1 en una carpa instalada en la Ciudadela\",\"isPartOf\":{\"@id\":\"https:\\\/\\\/www.laguiadepamplona.com\\\/actualidad\\\/#website\"},\"primaryImageOfPage\":{\"@id\":\"https:\\\/\\\/www.laguiadepamplona.com\\\/actualidad\\\/la-compania-danesa-helloearth-presenta-ente-el-5-y-el-11-de-mayo-the-night-una-experiencia-nocturna-en-la-el-publico-dormira-en-una-carpa-instalada-en-la-ciudadela\\\/#primaryimage\"},\"image\":{\"@id\":\"https:\\\/\\\/www.laguiadepamplona.com\\\/actualidad\\\/la-compania-danesa-helloearth-presenta-ente-el-5-y-el-11-de-mayo-the-night-una-experiencia-nocturna-en-la-el-publico-dormira-en-una-carpa-instalada-en-la-ciudadela\\\/#primaryimage\"},\"thumbnailUrl\":\"https:\\\/\\\/www.laguiadepamplona.com\\\/actualidad\\\/wp-content\\\/uploads\\\/2017\\\/01\\\/ciudadela_general1.jpg\",\"datePublished\":\"2018-04-24T13:23:09+00:00\",\"breadcrumb\":{\"@id\":\"https:\\\/\\\/www.laguiadepamplona.com\\\/actualidad\\\/la-compania-danesa-helloearth-presenta-ente-el-5-y-el-11-de-mayo-the-night-una-experiencia-nocturna-en-la-el-publico-dormira-en-una-carpa-instalada-en-la-ciudadela\\\/#breadcrumb\"},\"inLanguage\":\"es\",\"potentialAction\":[{\"@type\":\"ReadAction\",\"target\":[\"https:\\\/\\\/www.laguiadepamplona.com\\\/actualidad\\\/la-compania-danesa-helloearth-presenta-ente-el-5-y-el-11-de-mayo-the-night-una-experiencia-nocturna-en-la-el-publico-dormira-en-una-carpa-instalada-en-la-ciudadela\\\/\"]}]},{\"@type\":\"ImageObject\",\"inLanguage\":\"es\",\"@id\":\"https:\\\/\\\/www.laguiadepamplona.com\\\/actualidad\\\/la-compania-danesa-helloearth-presenta-ente-el-5-y-el-11-de-mayo-the-night-una-experiencia-nocturna-en-la-el-publico-dormira-en-una-carpa-instalada-en-la-ciudadela\\\/#primaryimage\",\"url\":\"https:\\\/\\\/www.laguiadepamplona.com\\\/actualidad\\\/wp-content\\\/uploads\\\/2017\\\/01\\\/ciudadela_general1.jpg\",\"contentUrl\":\"https:\\\/\\\/www.laguiadepamplona.com\\\/actualidad\\\/wp-content\\\/uploads\\\/2017\\\/01\\\/ciudadela_general1.jpg\",\"width\":1100,\"height\":550},{\"@type\":\"BreadcrumbList\",\"@id\":\"https:\\\/\\\/www.laguiadepamplona.com\\\/actualidad\\\/la-compania-danesa-helloearth-presenta-ente-el-5-y-el-11-de-mayo-the-night-una-experiencia-nocturna-en-la-el-publico-dormira-en-una-carpa-instalada-en-la-ciudadela\\\/#breadcrumb\",\"itemListElement\":[{\"@type\":\"ListItem\",\"position\":1,\"name\":\"Portada\",\"item\":\"https:\\\/\\\/www.laguiadepamplona.com\\\/actualidad\\\/\"},{\"@type\":\"ListItem\",\"position\":2,\"name\":\"La compa\u00f1\u00eda danesa hello!earth presenta, ente el 5 y el 11 de mayo, \u2018The night\u2019, una experiencia nocturna en la el p\u00fablico dormir\u00e1 en una carpa instalada en la Ciudadela\"}]},{\"@type\":\"WebSite\",\"@id\":\"https:\\\/\\\/www.laguiadepamplona.com\\\/actualidad\\\/#website\",\"url\":\"https:\\\/\\\/www.laguiadepamplona.com\\\/actualidad\\\/\",\"name\":\"La gu\u00eda de Pamplona\",\"description\":\"Noticias de Pamplona\",\"publisher\":{\"@id\":\"https:\\\/\\\/www.laguiadepamplona.com\\\/actualidad\\\/#organization\"},\"potentialAction\":[{\"@type\":\"SearchAction\",\"target\":{\"@type\":\"EntryPoint\",\"urlTemplate\":\"https:\\\/\\\/www.laguiadepamplona.com\\\/actualidad\\\/?s={search_term_string}\"},\"query-input\":{\"@type\":\"PropertyValueSpecification\",\"valueRequired\":true,\"valueName\":\"search_term_string\"}}],\"inLanguage\":\"es\"},{\"@type\":\"Organization\",\"@id\":\"https:\\\/\\\/www.laguiadepamplona.com\\\/actualidad\\\/#organization\",\"name\":\"La Gu\u00eda de Pamplona \\\/ Noticias\",\"url\":\"https:\\\/\\\/www.laguiadepamplona.com\\\/actualidad\\\/\",\"logo\":{\"@type\":\"ImageObject\",\"inLanguage\":\"es\",\"@id\":\"https:\\\/\\\/www.laguiadepamplona.com\\\/actualidad\\\/#\\\/schema\\\/logo\\\/image\\\/\",\"url\":\"https:\\\/\\\/www.laguiadepamplona.com\\\/actualidad\\\/wp-content\\\/uploads\\\/2018\\\/11\\\/logo-laguiadepamplona18-web1.png\",\"contentUrl\":\"https:\\\/\\\/www.laguiadepamplona.com\\\/actualidad\\\/wp-content\\\/uploads\\\/2018\\\/11\\\/logo-laguiadepamplona18-web1.png\",\"width\":600,\"height\":196,\"caption\":\"La Gu\u00eda de Pamplona \\\/ Noticias\"},\"image\":{\"@id\":\"https:\\\/\\\/www.laguiadepamplona.com\\\/actualidad\\\/#\\\/schema\\\/logo\\\/image\\\/\"},\"sameAs\":[\"https:\\\/\\\/www.facebook.com\\\/laguiadepamplonacom-133175176762273\\\/?ref=hl\",\"https:\\\/\\\/x.com\\\/LaGuiadPamplona\",\"https:\\\/\\\/www.instagram.com\\\/la_guia_de_pamplona\\\/\",\"https:\\\/\\\/www.youtube.com\\\/user\\\/laguiadepamplona\"]},{\"@type\":\"Person\",\"@id\":\"https:\\\/\\\/www.laguiadepamplona.com\\\/actualidad\\\/#\\\/schema\\\/person\\\/efe887376f0213d4657c93adc50b1fdb\",\"name\":\"La Gu\u00eda de Pamplona\",\"image\":{\"@type\":\"ImageObject\",\"inLanguage\":\"es\",\"@id\":\"https:\\\/\\\/secure.gravatar.com\\\/avatar\\\/b6992f131dc8d30ab0dff15446e9d346d9dbd95992de0fef795073f5ea83a81c?s=96&d=mm&r=g\",\"url\":\"https:\\\/\\\/secure.gravatar.com\\\/avatar\\\/b6992f131dc8d30ab0dff15446e9d346d9dbd95992de0fef795073f5ea83a81c?s=96&d=mm&r=g\",\"contentUrl\":\"https:\\\/\\\/secure.gravatar.com\\\/avatar\\\/b6992f131dc8d30ab0dff15446e9d346d9dbd95992de0fef795073f5ea83a81c?s=96&d=mm&r=g\",\"caption\":\"La Gu\u00eda de Pamplona\"}}]}<\/script>\n<!-- \/ Yoast SEO plugin. -->","yoast_head_json":{"title":"La compa\u00f1\u00eda danesa hello!earth presenta, ente el 5 y el 11 de mayo, \u2018The night\u2019, una experiencia nocturna en la el p\u00fablico dormir\u00e1 en una carpa instalada en la Ciudadela","robots":{"index":"index","follow":"follow","max-snippet":"max-snippet:-1","max-image-preview":"max-image-preview:large","max-video-preview":"max-video-preview:-1"},"canonical":"https:\/\/www.laguiadepamplona.com\/actualidad\/la-compania-danesa-helloearth-presenta-ente-el-5-y-el-11-de-mayo-the-night-una-experiencia-nocturna-en-la-el-publico-dormira-en-una-carpa-instalada-en-la-ciudadela\/","og_locale":"es_ES","og_type":"article","og_title":"La compa\u00f1\u00eda danesa hello!earth presenta, ente el 5 y el 11 de mayo, \u2018The night\u2019, una experiencia nocturna en la el p\u00fablico dormir\u00e1 en una carpa instalada en la Ciudadela","og_description":"El Festival de Danza Contempor\u00e1nea de Navarra presenta tambi\u00e9n Calling Tree el 6 de mayo en el Caballo Blanco y en la Ciudadela 11 y 12 de mayo","og_url":"https:\/\/www.laguiadepamplona.com\/actualidad\/la-compania-danesa-helloearth-presenta-ente-el-5-y-el-11-de-mayo-the-night-una-experiencia-nocturna-en-la-el-publico-dormira-en-una-carpa-instalada-en-la-ciudadela\/","og_site_name":"La Gu\u00eda de Pamplona","article_publisher":"https:\/\/www.facebook.com\/laguiadepamplonacom-133175176762273\/?ref=hl","article_published_time":"2018-04-24T13:23:09+00:00","og_image":[{"width":1100,"height":550,"url":"https:\/\/www.laguiadepamplona.com\/actualidad\/wp-content\/uploads\/2017\/01\/ciudadela_general1.jpg","type":"image\/jpeg"}],"author":"La Gu\u00eda de Pamplona","twitter_card":"summary_large_image","twitter_creator":"@LaGuiadPamplona","twitter_site":"@LaGuiadPamplona","twitter_misc":{"Escrito por":"La Gu\u00eda de Pamplona","Tiempo de lectura":"2 minutos"},"schema":{"@context":"https:\/\/schema.org","@graph":[{"@type":"Article","@id":"https:\/\/www.laguiadepamplona.com\/actualidad\/la-compania-danesa-helloearth-presenta-ente-el-5-y-el-11-de-mayo-the-night-una-experiencia-nocturna-en-la-el-publico-dormira-en-una-carpa-instalada-en-la-ciudadela\/#article","isPartOf":{"@id":"https:\/\/www.laguiadepamplona.com\/actualidad\/la-compania-danesa-helloearth-presenta-ente-el-5-y-el-11-de-mayo-the-night-una-experiencia-nocturna-en-la-el-publico-dormira-en-una-carpa-instalada-en-la-ciudadela\/"},"author":{"name":"La Gu\u00eda de Pamplona","@id":"https:\/\/www.laguiadepamplona.com\/actualidad\/#\/schema\/person\/efe887376f0213d4657c93adc50b1fdb"},"headline":"La compa\u00f1\u00eda danesa hello!earth presenta, ente el 5 y el 11 de mayo, \u2018The night\u2019, una experiencia nocturna en la el p\u00fablico dormir\u00e1 en una carpa instalada en la Ciudadela","datePublished":"2018-04-24T13:23:09+00:00","mainEntityOfPage":{"@id":"https:\/\/www.laguiadepamplona.com\/actualidad\/la-compania-danesa-helloearth-presenta-ente-el-5-y-el-11-de-mayo-the-night-una-experiencia-nocturna-en-la-el-publico-dormira-en-una-carpa-instalada-en-la-ciudadela\/"},"wordCount":467,"commentCount":0,"publisher":{"@id":"https:\/\/www.laguiadepamplona.com\/actualidad\/#organization"},"image":{"@id":"https:\/\/www.laguiadepamplona.com\/actualidad\/la-compania-danesa-helloearth-presenta-ente-el-5-y-el-11-de-mayo-the-night-una-experiencia-nocturna-en-la-el-publico-dormira-en-una-carpa-instalada-en-la-ciudadela\/#primaryimage"},"thumbnailUrl":"https:\/\/www.laguiadepamplona.com\/actualidad\/wp-content\/uploads\/2017\/01\/ciudadela_general1.jpg","articleSection":["Ayto Pamplona"],"inLanguage":"es","potentialAction":[{"@type":"CommentAction","name":"Comment","target":["https:\/\/www.laguiadepamplona.com\/actualidad\/la-compania-danesa-helloearth-presenta-ente-el-5-y-el-11-de-mayo-the-night-una-experiencia-nocturna-en-la-el-publico-dormira-en-una-carpa-instalada-en-la-ciudadela\/#respond"]}]},{"@type":"WebPage","@id":"https:\/\/www.laguiadepamplona.com\/actualidad\/la-compania-danesa-helloearth-presenta-ente-el-5-y-el-11-de-mayo-the-night-una-experiencia-nocturna-en-la-el-publico-dormira-en-una-carpa-instalada-en-la-ciudadela\/","url":"https:\/\/www.laguiadepamplona.com\/actualidad\/la-compania-danesa-helloearth-presenta-ente-el-5-y-el-11-de-mayo-the-night-una-experiencia-nocturna-en-la-el-publico-dormira-en-una-carpa-instalada-en-la-ciudadela\/","name":"La compa\u00f1\u00eda danesa hello!earth presenta, ente el 5 y el 11 de mayo, \u2018The night\u2019, una experiencia nocturna en la el p\u00fablico dormir\u00e1 en una carpa instalada en la Ciudadela","isPartOf":{"@id":"https:\/\/www.laguiadepamplona.com\/actualidad\/#website"},"primaryImageOfPage":{"@id":"https:\/\/www.laguiadepamplona.com\/actualidad\/la-compania-danesa-helloearth-presenta-ente-el-5-y-el-11-de-mayo-the-night-una-experiencia-nocturna-en-la-el-publico-dormira-en-una-carpa-instalada-en-la-ciudadela\/#primaryimage"},"image":{"@id":"https:\/\/www.laguiadepamplona.com\/actualidad\/la-compania-danesa-helloearth-presenta-ente-el-5-y-el-11-de-mayo-the-night-una-experiencia-nocturna-en-la-el-publico-dormira-en-una-carpa-instalada-en-la-ciudadela\/#primaryimage"},"thumbnailUrl":"https:\/\/www.laguiadepamplona.com\/actualidad\/wp-content\/uploads\/2017\/01\/ciudadela_general1.jpg","datePublished":"2018-04-24T13:23:09+00:00","breadcrumb":{"@id":"https:\/\/www.laguiadepamplona.com\/actualidad\/la-compania-danesa-helloearth-presenta-ente-el-5-y-el-11-de-mayo-the-night-una-experiencia-nocturna-en-la-el-publico-dormira-en-una-carpa-instalada-en-la-ciudadela\/#breadcrumb"},"inLanguage":"es","potentialAction":[{"@type":"ReadAction","target":["https:\/\/www.laguiadepamplona.com\/actualidad\/la-compania-danesa-helloearth-presenta-ente-el-5-y-el-11-de-mayo-the-night-una-experiencia-nocturna-en-la-el-publico-dormira-en-una-carpa-instalada-en-la-ciudadela\/"]}]},{"@type":"ImageObject","inLanguage":"es","@id":"https:\/\/www.laguiadepamplona.com\/actualidad\/la-compania-danesa-helloearth-presenta-ente-el-5-y-el-11-de-mayo-the-night-una-experiencia-nocturna-en-la-el-publico-dormira-en-una-carpa-instalada-en-la-ciudadela\/#primaryimage","url":"https:\/\/www.laguiadepamplona.com\/actualidad\/wp-content\/uploads\/2017\/01\/ciudadela_general1.jpg","contentUrl":"https:\/\/www.laguiadepamplona.com\/actualidad\/wp-content\/uploads\/2017\/01\/ciudadela_general1.jpg","width":1100,"height":550},{"@type":"BreadcrumbList","@id":"https:\/\/www.laguiadepamplona.com\/actualidad\/la-compania-danesa-helloearth-presenta-ente-el-5-y-el-11-de-mayo-the-night-una-experiencia-nocturna-en-la-el-publico-dormira-en-una-carpa-instalada-en-la-ciudadela\/#breadcrumb","itemListElement":[{"@type":"ListItem","position":1,"name":"Portada","item":"https:\/\/www.laguiadepamplona.com\/actualidad\/"},{"@type":"ListItem","position":2,"name":"La compa\u00f1\u00eda danesa hello!earth presenta, ente el 5 y el 11 de mayo, \u2018The night\u2019, una experiencia nocturna en la el p\u00fablico dormir\u00e1 en una carpa instalada en la Ciudadela"}]},{"@type":"WebSite","@id":"https:\/\/www.laguiadepamplona.com\/actualidad\/#website","url":"https:\/\/www.laguiadepamplona.com\/actualidad\/","name":"La gu\u00eda de Pamplona","description":"Noticias de Pamplona","publisher":{"@id":"https:\/\/www.laguiadepamplona.com\/actualidad\/#organization"},"potentialAction":[{"@type":"SearchAction","target":{"@type":"EntryPoint","urlTemplate":"https:\/\/www.laguiadepamplona.com\/actualidad\/?s={search_term_string}"},"query-input":{"@type":"PropertyValueSpecification","valueRequired":true,"valueName":"search_term_string"}}],"inLanguage":"es"},{"@type":"Organization","@id":"https:\/\/www.laguiadepamplona.com\/actualidad\/#organization","name":"La Gu\u00eda de Pamplona \/ Noticias","url":"https:\/\/www.laguiadepamplona.com\/actualidad\/","logo":{"@type":"ImageObject","inLanguage":"es","@id":"https:\/\/www.laguiadepamplona.com\/actualidad\/#\/schema\/logo\/image\/","url":"https:\/\/www.laguiadepamplona.com\/actualidad\/wp-content\/uploads\/2018\/11\/logo-laguiadepamplona18-web1.png","contentUrl":"https:\/\/www.laguiadepamplona.com\/actualidad\/wp-content\/uploads\/2018\/11\/logo-laguiadepamplona18-web1.png","width":600,"height":196,"caption":"La Gu\u00eda de Pamplona \/ Noticias"},"image":{"@id":"https:\/\/www.laguiadepamplona.com\/actualidad\/#\/schema\/logo\/image\/"},"sameAs":["https:\/\/www.facebook.com\/laguiadepamplonacom-133175176762273\/?ref=hl","https:\/\/x.com\/LaGuiadPamplona","https:\/\/www.instagram.com\/la_guia_de_pamplona\/","https:\/\/www.youtube.com\/user\/laguiadepamplona"]},{"@type":"Person","@id":"https:\/\/www.laguiadepamplona.com\/actualidad\/#\/schema\/person\/efe887376f0213d4657c93adc50b1fdb","name":"La Gu\u00eda de Pamplona","image":{"@type":"ImageObject","inLanguage":"es","@id":"https:\/\/secure.gravatar.com\/avatar\/b6992f131dc8d30ab0dff15446e9d346d9dbd95992de0fef795073f5ea83a81c?s=96&d=mm&r=g","url":"https:\/\/secure.gravatar.com\/avatar\/b6992f131dc8d30ab0dff15446e9d346d9dbd95992de0fef795073f5ea83a81c?s=96&d=mm&r=g","contentUrl":"https:\/\/secure.gravatar.com\/avatar\/b6992f131dc8d30ab0dff15446e9d346d9dbd95992de0fef795073f5ea83a81c?s=96&d=mm&r=g","caption":"La Gu\u00eda de Pamplona"}}]}},"post_mailing_queue_ids":[],"_links":{"self":[{"href":"https:\/\/www.laguiadepamplona.com\/actualidad\/wp-json\/wp\/v2\/posts\/17076","targetHints":{"allow":["GET"]}}],"collection":[{"href":"https:\/\/www.laguiadepamplona.com\/actualidad\/wp-json\/wp\/v2\/posts"}],"about":[{"href":"https:\/\/www.laguiadepamplona.com\/actualidad\/wp-json\/wp\/v2\/types\/post"}],"author":[{"embeddable":true,"href":"https:\/\/www.laguiadepamplona.com\/actualidad\/wp-json\/wp\/v2\/users\/1"}],"replies":[{"embeddable":true,"href":"https:\/\/www.laguiadepamplona.com\/actualidad\/wp-json\/wp\/v2\/comments?post=17076"}],"version-history":[{"count":0,"href":"https:\/\/www.laguiadepamplona.com\/actualidad\/wp-json\/wp\/v2\/posts\/17076\/revisions"}],"wp:featuredmedia":[{"embeddable":true,"href":"https:\/\/www.laguiadepamplona.com\/actualidad\/wp-json\/wp\/v2\/media\/11434"}],"wp:attachment":[{"href":"https:\/\/www.laguiadepamplona.com\/actualidad\/wp-json\/wp\/v2\/media?parent=17076"}],"wp:term":[{"taxonomy":"category","embeddable":true,"href":"https:\/\/www.laguiadepamplona.com\/actualidad\/wp-json\/wp\/v2\/categories?post=17076"},{"taxonomy":"post_tag","embeddable":true,"href":"https:\/\/www.laguiadepamplona.com\/actualidad\/wp-json\/wp\/v2\/tags?post=17076"}],"curies":[{"name":"wp","href":"https:\/\/api.w.org\/{rel}","templated":true}]}}