{"id":17072,"date":"2018-04-24T14:20:39","date_gmt":"2018-04-24T13:20:39","guid":{"rendered":"http:\/\/laguiadepamplona.es\/actualidad\/?p=17072"},"modified":"2018-04-24T14:20:39","modified_gmt":"2018-04-24T13:20:39","slug":"el-ayuntamiento-de-pamplona-convoca-pruebas-selectivas-para-el-puesto-de-trabajo-de-tecnico-de-cultura-especializado-en-cultura-vasca","status":"publish","type":"post","link":"https:\/\/www.laguiadepamplona.com\/actualidad\/el-ayuntamiento-de-pamplona-convoca-pruebas-selectivas-para-el-puesto-de-trabajo-de-tecnico-de-cultura-especializado-en-cultura-vasca\/","title":{"rendered":"El Ayuntamiento de Pamplona convoca pruebas selectivas para el puesto de trabajo de t\u00e9cnico de cultura especializado en cultura vasca"},"content":{"rendered":"<h3>El plazo para presentarse est\u00e1 abierto hasta el 30 de abril<\/h3>\n<p><!--more--><\/p>\n<p>El Ayuntamiento de Pamplona ha convocado pruebas selectivas para el puesto de trabajo de t\u00e9cnico de cultura especializado en cultura vasca. La convocatoria es doble: una para la formaci\u00f3n, dirigida a empleados fijos al servicio del Ayuntamiento de Pamplona o de sus organismos aut\u00f3nomos, y otra para la contrataci\u00f3n temporal, en orden a la cobertura de las necesidades que se produzcan. El plazo para presentarse est\u00e1 abierto hasta el 30 de abril.<\/p>\n<p>La convocatoria est\u00e1 anunciada en el Bolet\u00edn Oficial de Navarra n\u00famero 75 de 19 de abril y las bases pueden consultarse en el apartado de empleo p\u00fablico de la sede electr\u00f3nica municipal, en <a href=\"http:\/\/www.pamplona.es\/\" target=\"_blank\" rel=\"noopener\">www.pamplona.es<\/a>.<\/p>\n<p>Para la lista de aspirantes para la formaci\u00f3n, adem\u00e1s de la condici\u00f3n de empleado fijo al servicio del Ayuntamiento de Pamplona o de sus organismos aut\u00f3nomos, es requisito estar encuadrado en los niveles B, C o D y no haber agotado el periodo m\u00e1ximo de formaci\u00f3n a que se tenga derecho: Tambi\u00e9n se debe haber completado un m\u00ednimo de tres a\u00f1os de servicios efectivamente prestados en su puesto de trabajo. Se debe estar en posesi\u00f3n del t\u00edtulo de licenciado, arquitecto, ingeniero o grado, y tener adem\u00e1s el EGA o equivalente.<\/p>\n<p>Para la lista de aspirantes a la contrataci\u00f3n temporal, adem\u00e1s de la misma exigencia de titulaci\u00f3n acad\u00e9mica y de euskera, se contemplan los mismos requisitos habituales en las convocatorias de empleo p\u00fablico de edad y nacionalidad.<\/p>\n<p>El proceso ser\u00e1 com\u00fan para ambas listas, si bien la convocatoria para la contrataci\u00f3n temporal consta de dos especialidades: la primera es que se valorar\u00e1n los m\u00e9ritos, con una puntuaci\u00f3n m\u00e1xima de 20 puntos (hasta 12 puntos por servicios prestados en funciones similares, hasta 4 puntos por acciones formativas relacionadas, y hasta 4 puntos por conocimiento acreditados de ingl\u00e9s y franc\u00e9s.<\/p>\n<p>La segunda especialidad consiste en que ser\u00e1n convocados a la segunda prueba \u00fanicamente las quince personas que, habiendo aprobado la primera prueba al obtener al menos 15 puntos, hayan obtenido las calificaciones m\u00e1s elevadas en la realizaci\u00f3n de la misma.<\/p>\n<p>La primera prueba ser\u00e1 de car\u00e1cter te\u00f3rico en euskera y consistir\u00e1 en contestar por escrito, en el tiempo m\u00e1ximo que fije el tribunal antes de su comienzo, a un cuestionario mixto de preguntas tipo test con tres alternativas de respuesta, y un m\u00e1ximo de 5 preguntas de respuesta breve sobre la materia incluida en el temario que figura como anexo II de la convocatoria. Esta parte se valorar\u00e1 con una puntuaci\u00f3n m\u00e1xima de 30 puntos. Para superar la prueba es preciso obtener al menos 15 puntos.<\/p>\n<p>La segunda prueba ser\u00e1 te\u00f3rico-pr\u00e1ctica en euskera. Se realizar\u00e1n una o varias pruebas de desarrollo de car\u00e1cter pr\u00e1ctico y\/o formato memoria-proyecto relacionada con la materia incluida en el temario que figura en el anexo II de la convocatoria. La memoria-trabajo ser\u00e1 expuesta y defendida oralmente por cada aspirante ante el tribunal. La puntuaci\u00f3n m\u00e1xima de esta prueba ser\u00e1 de 60 puntos. Para superarla es preciso obtener al menos 30 puntos.<\/p>\n<p>&nbsp;<\/p>\n","protected":false},"excerpt":{"rendered":"<p>El plazo para presentarse est\u00e1 abierto hasta el 30 de abril<\/p>\n","protected":false},"author":1,"featured_media":10979,"comment_status":"open","ping_status":"closed","sticky":false,"template":"","format":"standard","meta":{"footnotes":""},"categories":[2],"tags":[],"class_list":["post-17072","post","type-post","status-publish","format-standard","has-post-thumbnail","hentry","category-ayuntamiento-pamplona"],"yoast_head":"<!-- This site is optimized with the Yoast SEO plugin v27.5 - https:\/\/yoast.com\/product\/yoast-seo-wordpress\/ -->\n<title>El Ayuntamiento de Pamplona convoca pruebas selectivas para el puesto de trabajo de t\u00e9cnico de cultura especializado en cultura vasca<\/title>\n<meta name=\"robots\" content=\"index, follow, max-snippet:-1, max-image-preview:large, max-video-preview:-1\" \/>\n<link rel=\"canonical\" href=\"https:\/\/www.laguiadepamplona.com\/actualidad\/el-ayuntamiento-de-pamplona-convoca-pruebas-selectivas-para-el-puesto-de-trabajo-de-tecnico-de-cultura-especializado-en-cultura-vasca\/\" \/>\n<meta property=\"og:locale\" content=\"es_ES\" \/>\n<meta property=\"og:type\" content=\"article\" \/>\n<meta property=\"og:title\" content=\"El Ayuntamiento de Pamplona convoca pruebas selectivas para el puesto de trabajo de t\u00e9cnico de cultura especializado en cultura vasca\" \/>\n<meta property=\"og:description\" content=\"El plazo para presentarse est\u00e1 abierto hasta el 30 de abril\" \/>\n<meta property=\"og:url\" content=\"https:\/\/www.laguiadepamplona.com\/actualidad\/el-ayuntamiento-de-pamplona-convoca-pruebas-selectivas-para-el-puesto-de-trabajo-de-tecnico-de-cultura-especializado-en-cultura-vasca\/\" \/>\n<meta property=\"og:site_name\" content=\"La Gu\u00eda de Pamplona\" \/>\n<meta property=\"article:publisher\" content=\"https:\/\/www.facebook.com\/laguiadepamplonacom-133175176762273\/?ref=hl\" \/>\n<meta property=\"article:published_time\" content=\"2018-04-24T13:20:39+00:00\" \/>\n<meta property=\"og:image\" content=\"https:\/\/www.laguiadepamplona.com\/actualidad\/wp-content\/uploads\/2016\/11\/Ayto_Pamplona.jpg\" \/>\n\t<meta property=\"og:image:width\" content=\"900\" \/>\n\t<meta property=\"og:image:height\" content=\"675\" \/>\n\t<meta property=\"og:image:type\" content=\"image\/jpeg\" \/>\n<meta name=\"author\" content=\"La Gu\u00eda de Pamplona\" \/>\n<meta name=\"twitter:card\" content=\"summary_large_image\" \/>\n<meta name=\"twitter:creator\" content=\"@LaGuiadPamplona\" \/>\n<meta name=\"twitter:site\" content=\"@LaGuiadPamplona\" \/>\n<meta name=\"twitter:label1\" content=\"Escrito por\" \/>\n\t<meta name=\"twitter:data1\" content=\"La Gu\u00eda de Pamplona\" \/>\n\t<meta name=\"twitter:label2\" content=\"Tiempo de lectura\" \/>\n\t<meta name=\"twitter:data2\" content=\"3 minutos\" \/>\n<script type=\"application\/ld+json\" class=\"yoast-schema-graph\">{\"@context\":\"https:\\\/\\\/schema.org\",\"@graph\":[{\"@type\":\"Article\",\"@id\":\"https:\\\/\\\/www.laguiadepamplona.com\\\/actualidad\\\/el-ayuntamiento-de-pamplona-convoca-pruebas-selectivas-para-el-puesto-de-trabajo-de-tecnico-de-cultura-especializado-en-cultura-vasca\\\/#article\",\"isPartOf\":{\"@id\":\"https:\\\/\\\/www.laguiadepamplona.com\\\/actualidad\\\/el-ayuntamiento-de-pamplona-convoca-pruebas-selectivas-para-el-puesto-de-trabajo-de-tecnico-de-cultura-especializado-en-cultura-vasca\\\/\"},\"author\":{\"name\":\"La Gu\u00eda de Pamplona\",\"@id\":\"https:\\\/\\\/www.laguiadepamplona.com\\\/actualidad\\\/#\\\/schema\\\/person\\\/efe887376f0213d4657c93adc50b1fdb\"},\"headline\":\"El Ayuntamiento de Pamplona convoca pruebas selectivas para el puesto de trabajo de t\u00e9cnico de cultura especializado en cultura vasca\",\"datePublished\":\"2018-04-24T13:20:39+00:00\",\"mainEntityOfPage\":{\"@id\":\"https:\\\/\\\/www.laguiadepamplona.com\\\/actualidad\\\/el-ayuntamiento-de-pamplona-convoca-pruebas-selectivas-para-el-puesto-de-trabajo-de-tecnico-de-cultura-especializado-en-cultura-vasca\\\/\"},\"wordCount\":560,\"commentCount\":0,\"publisher\":{\"@id\":\"https:\\\/\\\/www.laguiadepamplona.com\\\/actualidad\\\/#organization\"},\"image\":{\"@id\":\"https:\\\/\\\/www.laguiadepamplona.com\\\/actualidad\\\/el-ayuntamiento-de-pamplona-convoca-pruebas-selectivas-para-el-puesto-de-trabajo-de-tecnico-de-cultura-especializado-en-cultura-vasca\\\/#primaryimage\"},\"thumbnailUrl\":\"https:\\\/\\\/www.laguiadepamplona.com\\\/actualidad\\\/wp-content\\\/uploads\\\/2016\\\/11\\\/Ayto_Pamplona.jpg\",\"articleSection\":[\"Ayto Pamplona\"],\"inLanguage\":\"es\",\"potentialAction\":[{\"@type\":\"CommentAction\",\"name\":\"Comment\",\"target\":[\"https:\\\/\\\/www.laguiadepamplona.com\\\/actualidad\\\/el-ayuntamiento-de-pamplona-convoca-pruebas-selectivas-para-el-puesto-de-trabajo-de-tecnico-de-cultura-especializado-en-cultura-vasca\\\/#respond\"]}]},{\"@type\":\"WebPage\",\"@id\":\"https:\\\/\\\/www.laguiadepamplona.com\\\/actualidad\\\/el-ayuntamiento-de-pamplona-convoca-pruebas-selectivas-para-el-puesto-de-trabajo-de-tecnico-de-cultura-especializado-en-cultura-vasca\\\/\",\"url\":\"https:\\\/\\\/www.laguiadepamplona.com\\\/actualidad\\\/el-ayuntamiento-de-pamplona-convoca-pruebas-selectivas-para-el-puesto-de-trabajo-de-tecnico-de-cultura-especializado-en-cultura-vasca\\\/\",\"name\":\"El Ayuntamiento de Pamplona convoca pruebas selectivas para el puesto de trabajo de t\u00e9cnico de cultura especializado en cultura vasca\",\"isPartOf\":{\"@id\":\"https:\\\/\\\/www.laguiadepamplona.com\\\/actualidad\\\/#website\"},\"primaryImageOfPage\":{\"@id\":\"https:\\\/\\\/www.laguiadepamplona.com\\\/actualidad\\\/el-ayuntamiento-de-pamplona-convoca-pruebas-selectivas-para-el-puesto-de-trabajo-de-tecnico-de-cultura-especializado-en-cultura-vasca\\\/#primaryimage\"},\"image\":{\"@id\":\"https:\\\/\\\/www.laguiadepamplona.com\\\/actualidad\\\/el-ayuntamiento-de-pamplona-convoca-pruebas-selectivas-para-el-puesto-de-trabajo-de-tecnico-de-cultura-especializado-en-cultura-vasca\\\/#primaryimage\"},\"thumbnailUrl\":\"https:\\\/\\\/www.laguiadepamplona.com\\\/actualidad\\\/wp-content\\\/uploads\\\/2016\\\/11\\\/Ayto_Pamplona.jpg\",\"datePublished\":\"2018-04-24T13:20:39+00:00\",\"breadcrumb\":{\"@id\":\"https:\\\/\\\/www.laguiadepamplona.com\\\/actualidad\\\/el-ayuntamiento-de-pamplona-convoca-pruebas-selectivas-para-el-puesto-de-trabajo-de-tecnico-de-cultura-especializado-en-cultura-vasca\\\/#breadcrumb\"},\"inLanguage\":\"es\",\"potentialAction\":[{\"@type\":\"ReadAction\",\"target\":[\"https:\\\/\\\/www.laguiadepamplona.com\\\/actualidad\\\/el-ayuntamiento-de-pamplona-convoca-pruebas-selectivas-para-el-puesto-de-trabajo-de-tecnico-de-cultura-especializado-en-cultura-vasca\\\/\"]}]},{\"@type\":\"ImageObject\",\"inLanguage\":\"es\",\"@id\":\"https:\\\/\\\/www.laguiadepamplona.com\\\/actualidad\\\/el-ayuntamiento-de-pamplona-convoca-pruebas-selectivas-para-el-puesto-de-trabajo-de-tecnico-de-cultura-especializado-en-cultura-vasca\\\/#primaryimage\",\"url\":\"https:\\\/\\\/www.laguiadepamplona.com\\\/actualidad\\\/wp-content\\\/uploads\\\/2016\\\/11\\\/Ayto_Pamplona.jpg\",\"contentUrl\":\"https:\\\/\\\/www.laguiadepamplona.com\\\/actualidad\\\/wp-content\\\/uploads\\\/2016\\\/11\\\/Ayto_Pamplona.jpg\",\"width\":900,\"height\":675},{\"@type\":\"BreadcrumbList\",\"@id\":\"https:\\\/\\\/www.laguiadepamplona.com\\\/actualidad\\\/el-ayuntamiento-de-pamplona-convoca-pruebas-selectivas-para-el-puesto-de-trabajo-de-tecnico-de-cultura-especializado-en-cultura-vasca\\\/#breadcrumb\",\"itemListElement\":[{\"@type\":\"ListItem\",\"position\":1,\"name\":\"Portada\",\"item\":\"https:\\\/\\\/www.laguiadepamplona.com\\\/actualidad\\\/\"},{\"@type\":\"ListItem\",\"position\":2,\"name\":\"El Ayuntamiento de Pamplona convoca pruebas selectivas para el puesto de trabajo de t\u00e9cnico de cultura especializado en cultura vasca\"}]},{\"@type\":\"WebSite\",\"@id\":\"https:\\\/\\\/www.laguiadepamplona.com\\\/actualidad\\\/#website\",\"url\":\"https:\\\/\\\/www.laguiadepamplona.com\\\/actualidad\\\/\",\"name\":\"La gu\u00eda de Pamplona\",\"description\":\"Noticias de Pamplona\",\"publisher\":{\"@id\":\"https:\\\/\\\/www.laguiadepamplona.com\\\/actualidad\\\/#organization\"},\"potentialAction\":[{\"@type\":\"SearchAction\",\"target\":{\"@type\":\"EntryPoint\",\"urlTemplate\":\"https:\\\/\\\/www.laguiadepamplona.com\\\/actualidad\\\/?s={search_term_string}\"},\"query-input\":{\"@type\":\"PropertyValueSpecification\",\"valueRequired\":true,\"valueName\":\"search_term_string\"}}],\"inLanguage\":\"es\"},{\"@type\":\"Organization\",\"@id\":\"https:\\\/\\\/www.laguiadepamplona.com\\\/actualidad\\\/#organization\",\"name\":\"La Gu\u00eda de Pamplona \\\/ Noticias\",\"url\":\"https:\\\/\\\/www.laguiadepamplona.com\\\/actualidad\\\/\",\"logo\":{\"@type\":\"ImageObject\",\"inLanguage\":\"es\",\"@id\":\"https:\\\/\\\/www.laguiadepamplona.com\\\/actualidad\\\/#\\\/schema\\\/logo\\\/image\\\/\",\"url\":\"https:\\\/\\\/www.laguiadepamplona.com\\\/actualidad\\\/wp-content\\\/uploads\\\/2018\\\/11\\\/logo-laguiadepamplona18-web1.png\",\"contentUrl\":\"https:\\\/\\\/www.laguiadepamplona.com\\\/actualidad\\\/wp-content\\\/uploads\\\/2018\\\/11\\\/logo-laguiadepamplona18-web1.png\",\"width\":600,\"height\":196,\"caption\":\"La Gu\u00eda de Pamplona \\\/ Noticias\"},\"image\":{\"@id\":\"https:\\\/\\\/www.laguiadepamplona.com\\\/actualidad\\\/#\\\/schema\\\/logo\\\/image\\\/\"},\"sameAs\":[\"https:\\\/\\\/www.facebook.com\\\/laguiadepamplonacom-133175176762273\\\/?ref=hl\",\"https:\\\/\\\/x.com\\\/LaGuiadPamplona\",\"https:\\\/\\\/www.instagram.com\\\/la_guia_de_pamplona\\\/\",\"https:\\\/\\\/www.youtube.com\\\/user\\\/laguiadepamplona\"]},{\"@type\":\"Person\",\"@id\":\"https:\\\/\\\/www.laguiadepamplona.com\\\/actualidad\\\/#\\\/schema\\\/person\\\/efe887376f0213d4657c93adc50b1fdb\",\"name\":\"La Gu\u00eda de Pamplona\",\"image\":{\"@type\":\"ImageObject\",\"inLanguage\":\"es\",\"@id\":\"https:\\\/\\\/secure.gravatar.com\\\/avatar\\\/b6992f131dc8d30ab0dff15446e9d346d9dbd95992de0fef795073f5ea83a81c?s=96&d=mm&r=g\",\"url\":\"https:\\\/\\\/secure.gravatar.com\\\/avatar\\\/b6992f131dc8d30ab0dff15446e9d346d9dbd95992de0fef795073f5ea83a81c?s=96&d=mm&r=g\",\"contentUrl\":\"https:\\\/\\\/secure.gravatar.com\\\/avatar\\\/b6992f131dc8d30ab0dff15446e9d346d9dbd95992de0fef795073f5ea83a81c?s=96&d=mm&r=g\",\"caption\":\"La Gu\u00eda de Pamplona\"}}]}<\/script>\n<!-- \/ Yoast SEO plugin. -->","yoast_head_json":{"title":"El Ayuntamiento de Pamplona convoca pruebas selectivas para el puesto de trabajo de t\u00e9cnico de cultura especializado en cultura vasca","robots":{"index":"index","follow":"follow","max-snippet":"max-snippet:-1","max-image-preview":"max-image-preview:large","max-video-preview":"max-video-preview:-1"},"canonical":"https:\/\/www.laguiadepamplona.com\/actualidad\/el-ayuntamiento-de-pamplona-convoca-pruebas-selectivas-para-el-puesto-de-trabajo-de-tecnico-de-cultura-especializado-en-cultura-vasca\/","og_locale":"es_ES","og_type":"article","og_title":"El Ayuntamiento de Pamplona convoca pruebas selectivas para el puesto de trabajo de t\u00e9cnico de cultura especializado en cultura vasca","og_description":"El plazo para presentarse est\u00e1 abierto hasta el 30 de abril","og_url":"https:\/\/www.laguiadepamplona.com\/actualidad\/el-ayuntamiento-de-pamplona-convoca-pruebas-selectivas-para-el-puesto-de-trabajo-de-tecnico-de-cultura-especializado-en-cultura-vasca\/","og_site_name":"La Gu\u00eda de Pamplona","article_publisher":"https:\/\/www.facebook.com\/laguiadepamplonacom-133175176762273\/?ref=hl","article_published_time":"2018-04-24T13:20:39+00:00","og_image":[{"width":900,"height":675,"url":"https:\/\/www.laguiadepamplona.com\/actualidad\/wp-content\/uploads\/2016\/11\/Ayto_Pamplona.jpg","type":"image\/jpeg"}],"author":"La Gu\u00eda de Pamplona","twitter_card":"summary_large_image","twitter_creator":"@LaGuiadPamplona","twitter_site":"@LaGuiadPamplona","twitter_misc":{"Escrito por":"La Gu\u00eda de Pamplona","Tiempo de lectura":"3 minutos"},"schema":{"@context":"https:\/\/schema.org","@graph":[{"@type":"Article","@id":"https:\/\/www.laguiadepamplona.com\/actualidad\/el-ayuntamiento-de-pamplona-convoca-pruebas-selectivas-para-el-puesto-de-trabajo-de-tecnico-de-cultura-especializado-en-cultura-vasca\/#article","isPartOf":{"@id":"https:\/\/www.laguiadepamplona.com\/actualidad\/el-ayuntamiento-de-pamplona-convoca-pruebas-selectivas-para-el-puesto-de-trabajo-de-tecnico-de-cultura-especializado-en-cultura-vasca\/"},"author":{"name":"La Gu\u00eda de Pamplona","@id":"https:\/\/www.laguiadepamplona.com\/actualidad\/#\/schema\/person\/efe887376f0213d4657c93adc50b1fdb"},"headline":"El Ayuntamiento de Pamplona convoca pruebas selectivas para el puesto de trabajo de t\u00e9cnico de cultura especializado en cultura vasca","datePublished":"2018-04-24T13:20:39+00:00","mainEntityOfPage":{"@id":"https:\/\/www.laguiadepamplona.com\/actualidad\/el-ayuntamiento-de-pamplona-convoca-pruebas-selectivas-para-el-puesto-de-trabajo-de-tecnico-de-cultura-especializado-en-cultura-vasca\/"},"wordCount":560,"commentCount":0,"publisher":{"@id":"https:\/\/www.laguiadepamplona.com\/actualidad\/#organization"},"image":{"@id":"https:\/\/www.laguiadepamplona.com\/actualidad\/el-ayuntamiento-de-pamplona-convoca-pruebas-selectivas-para-el-puesto-de-trabajo-de-tecnico-de-cultura-especializado-en-cultura-vasca\/#primaryimage"},"thumbnailUrl":"https:\/\/www.laguiadepamplona.com\/actualidad\/wp-content\/uploads\/2016\/11\/Ayto_Pamplona.jpg","articleSection":["Ayto Pamplona"],"inLanguage":"es","potentialAction":[{"@type":"CommentAction","name":"Comment","target":["https:\/\/www.laguiadepamplona.com\/actualidad\/el-ayuntamiento-de-pamplona-convoca-pruebas-selectivas-para-el-puesto-de-trabajo-de-tecnico-de-cultura-especializado-en-cultura-vasca\/#respond"]}]},{"@type":"WebPage","@id":"https:\/\/www.laguiadepamplona.com\/actualidad\/el-ayuntamiento-de-pamplona-convoca-pruebas-selectivas-para-el-puesto-de-trabajo-de-tecnico-de-cultura-especializado-en-cultura-vasca\/","url":"https:\/\/www.laguiadepamplona.com\/actualidad\/el-ayuntamiento-de-pamplona-convoca-pruebas-selectivas-para-el-puesto-de-trabajo-de-tecnico-de-cultura-especializado-en-cultura-vasca\/","name":"El Ayuntamiento de Pamplona convoca pruebas selectivas para el puesto de trabajo de t\u00e9cnico de cultura especializado en cultura vasca","isPartOf":{"@id":"https:\/\/www.laguiadepamplona.com\/actualidad\/#website"},"primaryImageOfPage":{"@id":"https:\/\/www.laguiadepamplona.com\/actualidad\/el-ayuntamiento-de-pamplona-convoca-pruebas-selectivas-para-el-puesto-de-trabajo-de-tecnico-de-cultura-especializado-en-cultura-vasca\/#primaryimage"},"image":{"@id":"https:\/\/www.laguiadepamplona.com\/actualidad\/el-ayuntamiento-de-pamplona-convoca-pruebas-selectivas-para-el-puesto-de-trabajo-de-tecnico-de-cultura-especializado-en-cultura-vasca\/#primaryimage"},"thumbnailUrl":"https:\/\/www.laguiadepamplona.com\/actualidad\/wp-content\/uploads\/2016\/11\/Ayto_Pamplona.jpg","datePublished":"2018-04-24T13:20:39+00:00","breadcrumb":{"@id":"https:\/\/www.laguiadepamplona.com\/actualidad\/el-ayuntamiento-de-pamplona-convoca-pruebas-selectivas-para-el-puesto-de-trabajo-de-tecnico-de-cultura-especializado-en-cultura-vasca\/#breadcrumb"},"inLanguage":"es","potentialAction":[{"@type":"ReadAction","target":["https:\/\/www.laguiadepamplona.com\/actualidad\/el-ayuntamiento-de-pamplona-convoca-pruebas-selectivas-para-el-puesto-de-trabajo-de-tecnico-de-cultura-especializado-en-cultura-vasca\/"]}]},{"@type":"ImageObject","inLanguage":"es","@id":"https:\/\/www.laguiadepamplona.com\/actualidad\/el-ayuntamiento-de-pamplona-convoca-pruebas-selectivas-para-el-puesto-de-trabajo-de-tecnico-de-cultura-especializado-en-cultura-vasca\/#primaryimage","url":"https:\/\/www.laguiadepamplona.com\/actualidad\/wp-content\/uploads\/2016\/11\/Ayto_Pamplona.jpg","contentUrl":"https:\/\/www.laguiadepamplona.com\/actualidad\/wp-content\/uploads\/2016\/11\/Ayto_Pamplona.jpg","width":900,"height":675},{"@type":"BreadcrumbList","@id":"https:\/\/www.laguiadepamplona.com\/actualidad\/el-ayuntamiento-de-pamplona-convoca-pruebas-selectivas-para-el-puesto-de-trabajo-de-tecnico-de-cultura-especializado-en-cultura-vasca\/#breadcrumb","itemListElement":[{"@type":"ListItem","position":1,"name":"Portada","item":"https:\/\/www.laguiadepamplona.com\/actualidad\/"},{"@type":"ListItem","position":2,"name":"El Ayuntamiento de Pamplona convoca pruebas selectivas para el puesto de trabajo de t\u00e9cnico de cultura especializado en cultura vasca"}]},{"@type":"WebSite","@id":"https:\/\/www.laguiadepamplona.com\/actualidad\/#website","url":"https:\/\/www.laguiadepamplona.com\/actualidad\/","name":"La gu\u00eda de Pamplona","description":"Noticias de Pamplona","publisher":{"@id":"https:\/\/www.laguiadepamplona.com\/actualidad\/#organization"},"potentialAction":[{"@type":"SearchAction","target":{"@type":"EntryPoint","urlTemplate":"https:\/\/www.laguiadepamplona.com\/actualidad\/?s={search_term_string}"},"query-input":{"@type":"PropertyValueSpecification","valueRequired":true,"valueName":"search_term_string"}}],"inLanguage":"es"},{"@type":"Organization","@id":"https:\/\/www.laguiadepamplona.com\/actualidad\/#organization","name":"La Gu\u00eda de Pamplona \/ Noticias","url":"https:\/\/www.laguiadepamplona.com\/actualidad\/","logo":{"@type":"ImageObject","inLanguage":"es","@id":"https:\/\/www.laguiadepamplona.com\/actualidad\/#\/schema\/logo\/image\/","url":"https:\/\/www.laguiadepamplona.com\/actualidad\/wp-content\/uploads\/2018\/11\/logo-laguiadepamplona18-web1.png","contentUrl":"https:\/\/www.laguiadepamplona.com\/actualidad\/wp-content\/uploads\/2018\/11\/logo-laguiadepamplona18-web1.png","width":600,"height":196,"caption":"La Gu\u00eda de Pamplona \/ Noticias"},"image":{"@id":"https:\/\/www.laguiadepamplona.com\/actualidad\/#\/schema\/logo\/image\/"},"sameAs":["https:\/\/www.facebook.com\/laguiadepamplonacom-133175176762273\/?ref=hl","https:\/\/x.com\/LaGuiadPamplona","https:\/\/www.instagram.com\/la_guia_de_pamplona\/","https:\/\/www.youtube.com\/user\/laguiadepamplona"]},{"@type":"Person","@id":"https:\/\/www.laguiadepamplona.com\/actualidad\/#\/schema\/person\/efe887376f0213d4657c93adc50b1fdb","name":"La Gu\u00eda de Pamplona","image":{"@type":"ImageObject","inLanguage":"es","@id":"https:\/\/secure.gravatar.com\/avatar\/b6992f131dc8d30ab0dff15446e9d346d9dbd95992de0fef795073f5ea83a81c?s=96&d=mm&r=g","url":"https:\/\/secure.gravatar.com\/avatar\/b6992f131dc8d30ab0dff15446e9d346d9dbd95992de0fef795073f5ea83a81c?s=96&d=mm&r=g","contentUrl":"https:\/\/secure.gravatar.com\/avatar\/b6992f131dc8d30ab0dff15446e9d346d9dbd95992de0fef795073f5ea83a81c?s=96&d=mm&r=g","caption":"La Gu\u00eda de Pamplona"}}]}},"post_mailing_queue_ids":[],"_links":{"self":[{"href":"https:\/\/www.laguiadepamplona.com\/actualidad\/wp-json\/wp\/v2\/posts\/17072","targetHints":{"allow":["GET"]}}],"collection":[{"href":"https:\/\/www.laguiadepamplona.com\/actualidad\/wp-json\/wp\/v2\/posts"}],"about":[{"href":"https:\/\/www.laguiadepamplona.com\/actualidad\/wp-json\/wp\/v2\/types\/post"}],"author":[{"embeddable":true,"href":"https:\/\/www.laguiadepamplona.com\/actualidad\/wp-json\/wp\/v2\/users\/1"}],"replies":[{"embeddable":true,"href":"https:\/\/www.laguiadepamplona.com\/actualidad\/wp-json\/wp\/v2\/comments?post=17072"}],"version-history":[{"count":0,"href":"https:\/\/www.laguiadepamplona.com\/actualidad\/wp-json\/wp\/v2\/posts\/17072\/revisions"}],"wp:featuredmedia":[{"embeddable":true,"href":"https:\/\/www.laguiadepamplona.com\/actualidad\/wp-json\/wp\/v2\/media\/10979"}],"wp:attachment":[{"href":"https:\/\/www.laguiadepamplona.com\/actualidad\/wp-json\/wp\/v2\/media?parent=17072"}],"wp:term":[{"taxonomy":"category","embeddable":true,"href":"https:\/\/www.laguiadepamplona.com\/actualidad\/wp-json\/wp\/v2\/categories?post=17072"},{"taxonomy":"post_tag","embeddable":true,"href":"https:\/\/www.laguiadepamplona.com\/actualidad\/wp-json\/wp\/v2\/tags?post=17072"}],"curies":[{"name":"wp","href":"https:\/\/api.w.org\/{rel}","templated":true}]}}