{"id":17070,"date":"2018-04-23T15:49:03","date_gmt":"2018-04-23T14:49:03","guid":{"rendered":"http:\/\/laguiadepamplona.es\/actualidad\/?p=17070"},"modified":"2018-04-23T15:49:03","modified_gmt":"2018-04-23T14:49:03","slug":"pamplona-colaborara-con-los-ayuntamientos-de-cuenca-ecuador-y-zaragoza-para-compartir-estrategias-y-experiencias-sobre-zonas-verdes","status":"publish","type":"post","link":"https:\/\/www.laguiadepamplona.com\/actualidad\/pamplona-colaborara-con-los-ayuntamientos-de-cuenca-ecuador-y-zaragoza-para-compartir-estrategias-y-experiencias-sobre-zonas-verdes\/","title":{"rendered":"Pamplona colaborar\u00e1 con los ayuntamientos de Cuenca (Ecuador) y Zaragoza para compartir estrategias y experiencias sobre zonas verdes"},"content":{"rendered":"<h3>Estas iniciativas de colaboraci\u00f3n han surgido durante el XXIII Congreso de CIDEU celebrado la semana pasada en Chile<\/h3>\n<p><!--more--><\/p>\n<p>El Ayuntamiento de Pamplona va a compartir estrategias y experiencias en torno al tratamiento de las zonas verdes de la ciudad con las localidades de Cuenca (Ecuador) y Zaragoza. Esta colaboraci\u00f3n ha surgido durante el XXIII Congreso de CIDEU celebrado la semana pasada en Santiago de Chile, al que acudi\u00f3 el alcalde de Pamplona y una delegaci\u00f3n municipal. Ambas ciudades, Cuenca (Ecuador) y Zaragoza, est\u00e1n trabajando en diferentes iniciativas relacionadas con las zonas verdes, con especial \u00e9nfasis en los paseos fluviales.<\/p>\n<p>Pamplona present\u00f3 en una mesa redonda el proyecto del parque sur de Txantrea como ejemplo de buenas pr\u00e1cticas, integrado desde la planificaci\u00f3n de espacios verdes de la ciudad. El proyecto fue valorado positivamente por otras ciudades y ha abierto el camino de colaboraciones como las que se van a emprender con Cuenca (Ecuador) y Zaragoza.\u00a0 Por \u00faltimo, a lo largo del encuentro, se ha contrastado con personal t\u00e9cnico y representantes de otras ciudades la metodolog\u00eda que seguir\u00e1 el Ayuntamiento de Pamplona para la elaboraci\u00f3n de su Plan Estrat\u00e9gico Urbano.<\/p>\n<p>Asimismo, se ha realizado un primer contacto con la ciudad de Guadalajara (M\u00e9xico) sobre un proyecto de soterramiento de carretera que han llevado a cabo en esta localidad. Se han mantenido contactos con representantes de otras 30 ciudades como M\u00e9rida (M\u00e9xico), Oaxaca (M\u00e9rida), Santiago de los Caballeros (Rep\u00fablica Dominicana), Bogot\u00e1, Mendoza (Argentina), Concepci\u00f3n (Chile), Medell\u00edn (Colombia), Barcelona, Zaragoza, Bucaramanga (Colombia), Lima (Per\u00fa) o Huelva, entre otras.<\/p>\n<p>Tras el congreso de Chile, Pamplona ostenta una de las vocal\u00edas en el Consejo Rector de CIDEU. El Ayuntamiento solicit\u00f3 formalmente asumir esa responsabilidad y la Asamblea General de CIDEU lo ratific\u00f3. Mediante esta vocal\u00eda, Pamplona asume un rol m\u00e1s ejecutivo dentro de la red, con presencia en la toma de decisiones sobre las l\u00edneas de trabajo y las colaboraciones entre las ciudades que la conforman, y participando del d\u00eda a d\u00eda del funcionamiento de dicha red.<\/p>\n<p>&nbsp;<\/p>\n","protected":false},"excerpt":{"rendered":"<p>Estas iniciativas de colaboraci\u00f3n han surgido durante el XXIII Congreso de CIDEU celebrado la semana pasada en Chile<\/p>\n","protected":false},"author":1,"featured_media":10979,"comment_status":"open","ping_status":"closed","sticky":false,"template":"","format":"standard","meta":{"footnotes":""},"categories":[2],"tags":[],"class_list":["post-17070","post","type-post","status-publish","format-standard","has-post-thumbnail","hentry","category-ayuntamiento-pamplona"],"yoast_head":"<!-- This site is optimized with the Yoast SEO plugin v27.5 - https:\/\/yoast.com\/product\/yoast-seo-wordpress\/ -->\n<title>Pamplona colaborar\u00e1 con los ayuntamientos de Cuenca (Ecuador) y Zaragoza para compartir estrategias y experiencias sobre zonas verdes<\/title>\n<meta name=\"robots\" content=\"index, follow, max-snippet:-1, max-image-preview:large, max-video-preview:-1\" \/>\n<link rel=\"canonical\" href=\"https:\/\/www.laguiadepamplona.com\/actualidad\/pamplona-colaborara-con-los-ayuntamientos-de-cuenca-ecuador-y-zaragoza-para-compartir-estrategias-y-experiencias-sobre-zonas-verdes\/\" \/>\n<meta property=\"og:locale\" content=\"es_ES\" \/>\n<meta property=\"og:type\" content=\"article\" \/>\n<meta property=\"og:title\" content=\"Pamplona colaborar\u00e1 con los ayuntamientos de Cuenca (Ecuador) y Zaragoza para compartir estrategias y experiencias sobre zonas verdes\" \/>\n<meta property=\"og:description\" content=\"Estas iniciativas de colaboraci\u00f3n han surgido durante el XXIII Congreso de CIDEU celebrado la semana pasada en Chile\" \/>\n<meta property=\"og:url\" content=\"https:\/\/www.laguiadepamplona.com\/actualidad\/pamplona-colaborara-con-los-ayuntamientos-de-cuenca-ecuador-y-zaragoza-para-compartir-estrategias-y-experiencias-sobre-zonas-verdes\/\" \/>\n<meta property=\"og:site_name\" content=\"La Gu\u00eda de Pamplona\" \/>\n<meta property=\"article:publisher\" content=\"https:\/\/www.facebook.com\/laguiadepamplonacom-133175176762273\/?ref=hl\" \/>\n<meta property=\"article:published_time\" content=\"2018-04-23T14:49:03+00:00\" \/>\n<meta property=\"og:image\" content=\"https:\/\/www.laguiadepamplona.com\/actualidad\/wp-content\/uploads\/2016\/11\/Ayto_Pamplona.jpg\" \/>\n\t<meta property=\"og:image:width\" content=\"900\" \/>\n\t<meta property=\"og:image:height\" content=\"675\" \/>\n\t<meta property=\"og:image:type\" content=\"image\/jpeg\" \/>\n<meta name=\"author\" content=\"La Gu\u00eda de Pamplona\" \/>\n<meta name=\"twitter:card\" content=\"summary_large_image\" \/>\n<meta name=\"twitter:creator\" content=\"@LaGuiadPamplona\" \/>\n<meta name=\"twitter:site\" content=\"@LaGuiadPamplona\" \/>\n<meta name=\"twitter:label1\" content=\"Escrito por\" \/>\n\t<meta name=\"twitter:data1\" content=\"La Gu\u00eda de Pamplona\" \/>\n\t<meta name=\"twitter:label2\" content=\"Tiempo de lectura\" \/>\n\t<meta name=\"twitter:data2\" content=\"2 minutos\" \/>\n<script type=\"application\/ld+json\" class=\"yoast-schema-graph\">{\"@context\":\"https:\\\/\\\/schema.org\",\"@graph\":[{\"@type\":\"Article\",\"@id\":\"https:\\\/\\\/www.laguiadepamplona.com\\\/actualidad\\\/pamplona-colaborara-con-los-ayuntamientos-de-cuenca-ecuador-y-zaragoza-para-compartir-estrategias-y-experiencias-sobre-zonas-verdes\\\/#article\",\"isPartOf\":{\"@id\":\"https:\\\/\\\/www.laguiadepamplona.com\\\/actualidad\\\/pamplona-colaborara-con-los-ayuntamientos-de-cuenca-ecuador-y-zaragoza-para-compartir-estrategias-y-experiencias-sobre-zonas-verdes\\\/\"},\"author\":{\"name\":\"La Gu\u00eda de Pamplona\",\"@id\":\"https:\\\/\\\/www.laguiadepamplona.com\\\/actualidad\\\/#\\\/schema\\\/person\\\/efe887376f0213d4657c93adc50b1fdb\"},\"headline\":\"Pamplona colaborar\u00e1 con los ayuntamientos de Cuenca (Ecuador) y Zaragoza para compartir estrategias y experiencias sobre zonas verdes\",\"datePublished\":\"2018-04-23T14:49:03+00:00\",\"mainEntityOfPage\":{\"@id\":\"https:\\\/\\\/www.laguiadepamplona.com\\\/actualidad\\\/pamplona-colaborara-con-los-ayuntamientos-de-cuenca-ecuador-y-zaragoza-para-compartir-estrategias-y-experiencias-sobre-zonas-verdes\\\/\"},\"wordCount\":372,\"commentCount\":0,\"publisher\":{\"@id\":\"https:\\\/\\\/www.laguiadepamplona.com\\\/actualidad\\\/#organization\"},\"image\":{\"@id\":\"https:\\\/\\\/www.laguiadepamplona.com\\\/actualidad\\\/pamplona-colaborara-con-los-ayuntamientos-de-cuenca-ecuador-y-zaragoza-para-compartir-estrategias-y-experiencias-sobre-zonas-verdes\\\/#primaryimage\"},\"thumbnailUrl\":\"https:\\\/\\\/www.laguiadepamplona.com\\\/actualidad\\\/wp-content\\\/uploads\\\/2016\\\/11\\\/Ayto_Pamplona.jpg\",\"articleSection\":[\"Ayto Pamplona\"],\"inLanguage\":\"es\",\"potentialAction\":[{\"@type\":\"CommentAction\",\"name\":\"Comment\",\"target\":[\"https:\\\/\\\/www.laguiadepamplona.com\\\/actualidad\\\/pamplona-colaborara-con-los-ayuntamientos-de-cuenca-ecuador-y-zaragoza-para-compartir-estrategias-y-experiencias-sobre-zonas-verdes\\\/#respond\"]}]},{\"@type\":\"WebPage\",\"@id\":\"https:\\\/\\\/www.laguiadepamplona.com\\\/actualidad\\\/pamplona-colaborara-con-los-ayuntamientos-de-cuenca-ecuador-y-zaragoza-para-compartir-estrategias-y-experiencias-sobre-zonas-verdes\\\/\",\"url\":\"https:\\\/\\\/www.laguiadepamplona.com\\\/actualidad\\\/pamplona-colaborara-con-los-ayuntamientos-de-cuenca-ecuador-y-zaragoza-para-compartir-estrategias-y-experiencias-sobre-zonas-verdes\\\/\",\"name\":\"Pamplona colaborar\u00e1 con los ayuntamientos de Cuenca (Ecuador) y Zaragoza para compartir estrategias y experiencias sobre zonas verdes\",\"isPartOf\":{\"@id\":\"https:\\\/\\\/www.laguiadepamplona.com\\\/actualidad\\\/#website\"},\"primaryImageOfPage\":{\"@id\":\"https:\\\/\\\/www.laguiadepamplona.com\\\/actualidad\\\/pamplona-colaborara-con-los-ayuntamientos-de-cuenca-ecuador-y-zaragoza-para-compartir-estrategias-y-experiencias-sobre-zonas-verdes\\\/#primaryimage\"},\"image\":{\"@id\":\"https:\\\/\\\/www.laguiadepamplona.com\\\/actualidad\\\/pamplona-colaborara-con-los-ayuntamientos-de-cuenca-ecuador-y-zaragoza-para-compartir-estrategias-y-experiencias-sobre-zonas-verdes\\\/#primaryimage\"},\"thumbnailUrl\":\"https:\\\/\\\/www.laguiadepamplona.com\\\/actualidad\\\/wp-content\\\/uploads\\\/2016\\\/11\\\/Ayto_Pamplona.jpg\",\"datePublished\":\"2018-04-23T14:49:03+00:00\",\"breadcrumb\":{\"@id\":\"https:\\\/\\\/www.laguiadepamplona.com\\\/actualidad\\\/pamplona-colaborara-con-los-ayuntamientos-de-cuenca-ecuador-y-zaragoza-para-compartir-estrategias-y-experiencias-sobre-zonas-verdes\\\/#breadcrumb\"},\"inLanguage\":\"es\",\"potentialAction\":[{\"@type\":\"ReadAction\",\"target\":[\"https:\\\/\\\/www.laguiadepamplona.com\\\/actualidad\\\/pamplona-colaborara-con-los-ayuntamientos-de-cuenca-ecuador-y-zaragoza-para-compartir-estrategias-y-experiencias-sobre-zonas-verdes\\\/\"]}]},{\"@type\":\"ImageObject\",\"inLanguage\":\"es\",\"@id\":\"https:\\\/\\\/www.laguiadepamplona.com\\\/actualidad\\\/pamplona-colaborara-con-los-ayuntamientos-de-cuenca-ecuador-y-zaragoza-para-compartir-estrategias-y-experiencias-sobre-zonas-verdes\\\/#primaryimage\",\"url\":\"https:\\\/\\\/www.laguiadepamplona.com\\\/actualidad\\\/wp-content\\\/uploads\\\/2016\\\/11\\\/Ayto_Pamplona.jpg\",\"contentUrl\":\"https:\\\/\\\/www.laguiadepamplona.com\\\/actualidad\\\/wp-content\\\/uploads\\\/2016\\\/11\\\/Ayto_Pamplona.jpg\",\"width\":900,\"height\":675},{\"@type\":\"BreadcrumbList\",\"@id\":\"https:\\\/\\\/www.laguiadepamplona.com\\\/actualidad\\\/pamplona-colaborara-con-los-ayuntamientos-de-cuenca-ecuador-y-zaragoza-para-compartir-estrategias-y-experiencias-sobre-zonas-verdes\\\/#breadcrumb\",\"itemListElement\":[{\"@type\":\"ListItem\",\"position\":1,\"name\":\"Portada\",\"item\":\"https:\\\/\\\/www.laguiadepamplona.com\\\/actualidad\\\/\"},{\"@type\":\"ListItem\",\"position\":2,\"name\":\"Pamplona colaborar\u00e1 con los ayuntamientos de Cuenca (Ecuador) y Zaragoza para compartir estrategias y experiencias sobre zonas verdes\"}]},{\"@type\":\"WebSite\",\"@id\":\"https:\\\/\\\/www.laguiadepamplona.com\\\/actualidad\\\/#website\",\"url\":\"https:\\\/\\\/www.laguiadepamplona.com\\\/actualidad\\\/\",\"name\":\"La gu\u00eda de Pamplona\",\"description\":\"Noticias de Pamplona\",\"publisher\":{\"@id\":\"https:\\\/\\\/www.laguiadepamplona.com\\\/actualidad\\\/#organization\"},\"potentialAction\":[{\"@type\":\"SearchAction\",\"target\":{\"@type\":\"EntryPoint\",\"urlTemplate\":\"https:\\\/\\\/www.laguiadepamplona.com\\\/actualidad\\\/?s={search_term_string}\"},\"query-input\":{\"@type\":\"PropertyValueSpecification\",\"valueRequired\":true,\"valueName\":\"search_term_string\"}}],\"inLanguage\":\"es\"},{\"@type\":\"Organization\",\"@id\":\"https:\\\/\\\/www.laguiadepamplona.com\\\/actualidad\\\/#organization\",\"name\":\"La Gu\u00eda de Pamplona \\\/ Noticias\",\"url\":\"https:\\\/\\\/www.laguiadepamplona.com\\\/actualidad\\\/\",\"logo\":{\"@type\":\"ImageObject\",\"inLanguage\":\"es\",\"@id\":\"https:\\\/\\\/www.laguiadepamplona.com\\\/actualidad\\\/#\\\/schema\\\/logo\\\/image\\\/\",\"url\":\"https:\\\/\\\/www.laguiadepamplona.com\\\/actualidad\\\/wp-content\\\/uploads\\\/2018\\\/11\\\/logo-laguiadepamplona18-web1.png\",\"contentUrl\":\"https:\\\/\\\/www.laguiadepamplona.com\\\/actualidad\\\/wp-content\\\/uploads\\\/2018\\\/11\\\/logo-laguiadepamplona18-web1.png\",\"width\":600,\"height\":196,\"caption\":\"La Gu\u00eda de Pamplona \\\/ Noticias\"},\"image\":{\"@id\":\"https:\\\/\\\/www.laguiadepamplona.com\\\/actualidad\\\/#\\\/schema\\\/logo\\\/image\\\/\"},\"sameAs\":[\"https:\\\/\\\/www.facebook.com\\\/laguiadepamplonacom-133175176762273\\\/?ref=hl\",\"https:\\\/\\\/x.com\\\/LaGuiadPamplona\",\"https:\\\/\\\/www.instagram.com\\\/la_guia_de_pamplona\\\/\",\"https:\\\/\\\/www.youtube.com\\\/user\\\/laguiadepamplona\"]},{\"@type\":\"Person\",\"@id\":\"https:\\\/\\\/www.laguiadepamplona.com\\\/actualidad\\\/#\\\/schema\\\/person\\\/efe887376f0213d4657c93adc50b1fdb\",\"name\":\"La Gu\u00eda de Pamplona\",\"image\":{\"@type\":\"ImageObject\",\"inLanguage\":\"es\",\"@id\":\"https:\\\/\\\/secure.gravatar.com\\\/avatar\\\/b6992f131dc8d30ab0dff15446e9d346d9dbd95992de0fef795073f5ea83a81c?s=96&d=mm&r=g\",\"url\":\"https:\\\/\\\/secure.gravatar.com\\\/avatar\\\/b6992f131dc8d30ab0dff15446e9d346d9dbd95992de0fef795073f5ea83a81c?s=96&d=mm&r=g\",\"contentUrl\":\"https:\\\/\\\/secure.gravatar.com\\\/avatar\\\/b6992f131dc8d30ab0dff15446e9d346d9dbd95992de0fef795073f5ea83a81c?s=96&d=mm&r=g\",\"caption\":\"La Gu\u00eda de Pamplona\"}}]}<\/script>\n<!-- \/ Yoast SEO plugin. -->","yoast_head_json":{"title":"Pamplona colaborar\u00e1 con los ayuntamientos de Cuenca (Ecuador) y Zaragoza para compartir estrategias y experiencias sobre zonas verdes","robots":{"index":"index","follow":"follow","max-snippet":"max-snippet:-1","max-image-preview":"max-image-preview:large","max-video-preview":"max-video-preview:-1"},"canonical":"https:\/\/www.laguiadepamplona.com\/actualidad\/pamplona-colaborara-con-los-ayuntamientos-de-cuenca-ecuador-y-zaragoza-para-compartir-estrategias-y-experiencias-sobre-zonas-verdes\/","og_locale":"es_ES","og_type":"article","og_title":"Pamplona colaborar\u00e1 con los ayuntamientos de Cuenca (Ecuador) y Zaragoza para compartir estrategias y experiencias sobre zonas verdes","og_description":"Estas iniciativas de colaboraci\u00f3n han surgido durante el XXIII Congreso de CIDEU celebrado la semana pasada en Chile","og_url":"https:\/\/www.laguiadepamplona.com\/actualidad\/pamplona-colaborara-con-los-ayuntamientos-de-cuenca-ecuador-y-zaragoza-para-compartir-estrategias-y-experiencias-sobre-zonas-verdes\/","og_site_name":"La Gu\u00eda de Pamplona","article_publisher":"https:\/\/www.facebook.com\/laguiadepamplonacom-133175176762273\/?ref=hl","article_published_time":"2018-04-23T14:49:03+00:00","og_image":[{"width":900,"height":675,"url":"https:\/\/www.laguiadepamplona.com\/actualidad\/wp-content\/uploads\/2016\/11\/Ayto_Pamplona.jpg","type":"image\/jpeg"}],"author":"La Gu\u00eda de Pamplona","twitter_card":"summary_large_image","twitter_creator":"@LaGuiadPamplona","twitter_site":"@LaGuiadPamplona","twitter_misc":{"Escrito por":"La Gu\u00eda de Pamplona","Tiempo de lectura":"2 minutos"},"schema":{"@context":"https:\/\/schema.org","@graph":[{"@type":"Article","@id":"https:\/\/www.laguiadepamplona.com\/actualidad\/pamplona-colaborara-con-los-ayuntamientos-de-cuenca-ecuador-y-zaragoza-para-compartir-estrategias-y-experiencias-sobre-zonas-verdes\/#article","isPartOf":{"@id":"https:\/\/www.laguiadepamplona.com\/actualidad\/pamplona-colaborara-con-los-ayuntamientos-de-cuenca-ecuador-y-zaragoza-para-compartir-estrategias-y-experiencias-sobre-zonas-verdes\/"},"author":{"name":"La Gu\u00eda de Pamplona","@id":"https:\/\/www.laguiadepamplona.com\/actualidad\/#\/schema\/person\/efe887376f0213d4657c93adc50b1fdb"},"headline":"Pamplona colaborar\u00e1 con los ayuntamientos de Cuenca (Ecuador) y Zaragoza para compartir estrategias y experiencias sobre zonas verdes","datePublished":"2018-04-23T14:49:03+00:00","mainEntityOfPage":{"@id":"https:\/\/www.laguiadepamplona.com\/actualidad\/pamplona-colaborara-con-los-ayuntamientos-de-cuenca-ecuador-y-zaragoza-para-compartir-estrategias-y-experiencias-sobre-zonas-verdes\/"},"wordCount":372,"commentCount":0,"publisher":{"@id":"https:\/\/www.laguiadepamplona.com\/actualidad\/#organization"},"image":{"@id":"https:\/\/www.laguiadepamplona.com\/actualidad\/pamplona-colaborara-con-los-ayuntamientos-de-cuenca-ecuador-y-zaragoza-para-compartir-estrategias-y-experiencias-sobre-zonas-verdes\/#primaryimage"},"thumbnailUrl":"https:\/\/www.laguiadepamplona.com\/actualidad\/wp-content\/uploads\/2016\/11\/Ayto_Pamplona.jpg","articleSection":["Ayto Pamplona"],"inLanguage":"es","potentialAction":[{"@type":"CommentAction","name":"Comment","target":["https:\/\/www.laguiadepamplona.com\/actualidad\/pamplona-colaborara-con-los-ayuntamientos-de-cuenca-ecuador-y-zaragoza-para-compartir-estrategias-y-experiencias-sobre-zonas-verdes\/#respond"]}]},{"@type":"WebPage","@id":"https:\/\/www.laguiadepamplona.com\/actualidad\/pamplona-colaborara-con-los-ayuntamientos-de-cuenca-ecuador-y-zaragoza-para-compartir-estrategias-y-experiencias-sobre-zonas-verdes\/","url":"https:\/\/www.laguiadepamplona.com\/actualidad\/pamplona-colaborara-con-los-ayuntamientos-de-cuenca-ecuador-y-zaragoza-para-compartir-estrategias-y-experiencias-sobre-zonas-verdes\/","name":"Pamplona colaborar\u00e1 con los ayuntamientos de Cuenca (Ecuador) y Zaragoza para compartir estrategias y experiencias sobre zonas verdes","isPartOf":{"@id":"https:\/\/www.laguiadepamplona.com\/actualidad\/#website"},"primaryImageOfPage":{"@id":"https:\/\/www.laguiadepamplona.com\/actualidad\/pamplona-colaborara-con-los-ayuntamientos-de-cuenca-ecuador-y-zaragoza-para-compartir-estrategias-y-experiencias-sobre-zonas-verdes\/#primaryimage"},"image":{"@id":"https:\/\/www.laguiadepamplona.com\/actualidad\/pamplona-colaborara-con-los-ayuntamientos-de-cuenca-ecuador-y-zaragoza-para-compartir-estrategias-y-experiencias-sobre-zonas-verdes\/#primaryimage"},"thumbnailUrl":"https:\/\/www.laguiadepamplona.com\/actualidad\/wp-content\/uploads\/2016\/11\/Ayto_Pamplona.jpg","datePublished":"2018-04-23T14:49:03+00:00","breadcrumb":{"@id":"https:\/\/www.laguiadepamplona.com\/actualidad\/pamplona-colaborara-con-los-ayuntamientos-de-cuenca-ecuador-y-zaragoza-para-compartir-estrategias-y-experiencias-sobre-zonas-verdes\/#breadcrumb"},"inLanguage":"es","potentialAction":[{"@type":"ReadAction","target":["https:\/\/www.laguiadepamplona.com\/actualidad\/pamplona-colaborara-con-los-ayuntamientos-de-cuenca-ecuador-y-zaragoza-para-compartir-estrategias-y-experiencias-sobre-zonas-verdes\/"]}]},{"@type":"ImageObject","inLanguage":"es","@id":"https:\/\/www.laguiadepamplona.com\/actualidad\/pamplona-colaborara-con-los-ayuntamientos-de-cuenca-ecuador-y-zaragoza-para-compartir-estrategias-y-experiencias-sobre-zonas-verdes\/#primaryimage","url":"https:\/\/www.laguiadepamplona.com\/actualidad\/wp-content\/uploads\/2016\/11\/Ayto_Pamplona.jpg","contentUrl":"https:\/\/www.laguiadepamplona.com\/actualidad\/wp-content\/uploads\/2016\/11\/Ayto_Pamplona.jpg","width":900,"height":675},{"@type":"BreadcrumbList","@id":"https:\/\/www.laguiadepamplona.com\/actualidad\/pamplona-colaborara-con-los-ayuntamientos-de-cuenca-ecuador-y-zaragoza-para-compartir-estrategias-y-experiencias-sobre-zonas-verdes\/#breadcrumb","itemListElement":[{"@type":"ListItem","position":1,"name":"Portada","item":"https:\/\/www.laguiadepamplona.com\/actualidad\/"},{"@type":"ListItem","position":2,"name":"Pamplona colaborar\u00e1 con los ayuntamientos de Cuenca (Ecuador) y Zaragoza para compartir estrategias y experiencias sobre zonas verdes"}]},{"@type":"WebSite","@id":"https:\/\/www.laguiadepamplona.com\/actualidad\/#website","url":"https:\/\/www.laguiadepamplona.com\/actualidad\/","name":"La gu\u00eda de Pamplona","description":"Noticias de Pamplona","publisher":{"@id":"https:\/\/www.laguiadepamplona.com\/actualidad\/#organization"},"potentialAction":[{"@type":"SearchAction","target":{"@type":"EntryPoint","urlTemplate":"https:\/\/www.laguiadepamplona.com\/actualidad\/?s={search_term_string}"},"query-input":{"@type":"PropertyValueSpecification","valueRequired":true,"valueName":"search_term_string"}}],"inLanguage":"es"},{"@type":"Organization","@id":"https:\/\/www.laguiadepamplona.com\/actualidad\/#organization","name":"La Gu\u00eda de Pamplona \/ Noticias","url":"https:\/\/www.laguiadepamplona.com\/actualidad\/","logo":{"@type":"ImageObject","inLanguage":"es","@id":"https:\/\/www.laguiadepamplona.com\/actualidad\/#\/schema\/logo\/image\/","url":"https:\/\/www.laguiadepamplona.com\/actualidad\/wp-content\/uploads\/2018\/11\/logo-laguiadepamplona18-web1.png","contentUrl":"https:\/\/www.laguiadepamplona.com\/actualidad\/wp-content\/uploads\/2018\/11\/logo-laguiadepamplona18-web1.png","width":600,"height":196,"caption":"La Gu\u00eda de Pamplona \/ Noticias"},"image":{"@id":"https:\/\/www.laguiadepamplona.com\/actualidad\/#\/schema\/logo\/image\/"},"sameAs":["https:\/\/www.facebook.com\/laguiadepamplonacom-133175176762273\/?ref=hl","https:\/\/x.com\/LaGuiadPamplona","https:\/\/www.instagram.com\/la_guia_de_pamplona\/","https:\/\/www.youtube.com\/user\/laguiadepamplona"]},{"@type":"Person","@id":"https:\/\/www.laguiadepamplona.com\/actualidad\/#\/schema\/person\/efe887376f0213d4657c93adc50b1fdb","name":"La Gu\u00eda de Pamplona","image":{"@type":"ImageObject","inLanguage":"es","@id":"https:\/\/secure.gravatar.com\/avatar\/b6992f131dc8d30ab0dff15446e9d346d9dbd95992de0fef795073f5ea83a81c?s=96&d=mm&r=g","url":"https:\/\/secure.gravatar.com\/avatar\/b6992f131dc8d30ab0dff15446e9d346d9dbd95992de0fef795073f5ea83a81c?s=96&d=mm&r=g","contentUrl":"https:\/\/secure.gravatar.com\/avatar\/b6992f131dc8d30ab0dff15446e9d346d9dbd95992de0fef795073f5ea83a81c?s=96&d=mm&r=g","caption":"La Gu\u00eda de Pamplona"}}]}},"post_mailing_queue_ids":[],"_links":{"self":[{"href":"https:\/\/www.laguiadepamplona.com\/actualidad\/wp-json\/wp\/v2\/posts\/17070","targetHints":{"allow":["GET"]}}],"collection":[{"href":"https:\/\/www.laguiadepamplona.com\/actualidad\/wp-json\/wp\/v2\/posts"}],"about":[{"href":"https:\/\/www.laguiadepamplona.com\/actualidad\/wp-json\/wp\/v2\/types\/post"}],"author":[{"embeddable":true,"href":"https:\/\/www.laguiadepamplona.com\/actualidad\/wp-json\/wp\/v2\/users\/1"}],"replies":[{"embeddable":true,"href":"https:\/\/www.laguiadepamplona.com\/actualidad\/wp-json\/wp\/v2\/comments?post=17070"}],"version-history":[{"count":0,"href":"https:\/\/www.laguiadepamplona.com\/actualidad\/wp-json\/wp\/v2\/posts\/17070\/revisions"}],"wp:featuredmedia":[{"embeddable":true,"href":"https:\/\/www.laguiadepamplona.com\/actualidad\/wp-json\/wp\/v2\/media\/10979"}],"wp:attachment":[{"href":"https:\/\/www.laguiadepamplona.com\/actualidad\/wp-json\/wp\/v2\/media?parent=17070"}],"wp:term":[{"taxonomy":"category","embeddable":true,"href":"https:\/\/www.laguiadepamplona.com\/actualidad\/wp-json\/wp\/v2\/categories?post=17070"},{"taxonomy":"post_tag","embeddable":true,"href":"https:\/\/www.laguiadepamplona.com\/actualidad\/wp-json\/wp\/v2\/tags?post=17070"}],"curies":[{"name":"wp","href":"https:\/\/api.w.org\/{rel}","templated":true}]}}