{"id":17068,"date":"2018-04-23T15:48:27","date_gmt":"2018-04-23T14:48:27","guid":{"rendered":"http:\/\/laguiadepamplona.es\/actualidad\/?p=17068"},"modified":"2018-04-23T15:48:27","modified_gmt":"2018-04-23T14:48:27","slug":"el-ayuntamiento-actualizara-el-logotipo-para-que-la-imagen-pueda-adaptarse-a-los-nuevos-soportes-digitales-y-desarrollara-una-nueva-identidad-corporativa","status":"publish","type":"post","link":"https:\/\/www.laguiadepamplona.com\/actualidad\/el-ayuntamiento-actualizara-el-logotipo-para-que-la-imagen-pueda-adaptarse-a-los-nuevos-soportes-digitales-y-desarrollara-una-nueva-identidad-corporativa\/","title":{"rendered":"El Ayuntamiento actualizar\u00e1 el logotipo para que la imagen pueda adaptarse a los nuevos soportes digitales y desarrollar\u00e1 una nueva identidad corporativa"},"content":{"rendered":"<h3>La Comisi\u00f3n de Presidencia ha conocido el procedimiento para seleccionar una propuesta de dise\u00f1o que no supone el cambio del escudo<\/h3>\n<p><!--more--><\/p>\n<p>El Ayuntamiento de Pamplona va a crear una nueva identidad corporativa y un manual de uso y aplicaci\u00f3n que supondr\u00e1 la modernizaci\u00f3n del logotipo actual para que la imagen pueda adaptarse a los nuevos soportes digitales y los nuevos tiempos. La Comisi\u00f3n de Presidencia ha conocido en su sesi\u00f3n del hoy el procedimiento, que se integra dentro del Acuerdo Marco, para seleccionar una propuesta de dise\u00f1o. La citada propuesta no supondr\u00e1 el cambio del escudo actual descrito en el \u2018Reglamento de Protocolo, Ceremonial, Honores y Distinciones del Ayuntamiento de Pamplona\u2019 sino que se centrar\u00e1 en aspectos que componen la identidad corporativa como la tipograf\u00eda, identidad crom\u00e1tica, aplicaciones, etc.<\/p>\n<p>El Ayuntamiento de Pamplona cuenta en la actualidad con un Programa de Imagen Corporativa de 2001 para orientar la aplicaci\u00f3n del logotipo en la papeler\u00eda oficial y en las aplicaciones exteriores. El informe t\u00e9cnico presentado hoy en la comisi\u00f3n se\u00f1ala que se trata de un documento obsoleto, que no recoge la adaptaci\u00f3n de la imagen a soportes digitales y que incumple la Ordenanza reguladora de la utilizaci\u00f3n y del fomento del euskera aprobada en pleno municipal el 12 de septiembre de 1997. Tampoco tiene en cuenta el Decreto Foral 5\/2018 sobre uso y expresi\u00f3n gr\u00e1fica de la toponimia oficial de Navarra que hace referencia a los criterios para el uso de las denominaciones biling\u00fces.<\/p>\n<p><strong>Adaptarla a los nuevos lenguajes y formas audiovisuales<\/strong><\/p>\n<p>Se ha detectado la necesidad de adaptar y renovar la actual identidad corporativa del Consistorio pamplon\u00e9s y los elementos que la componen, a los nuevos lenguajes y formas audiovisuales con el objetivo de lograr una unidad y coherencia en su cometido y aplicaci\u00f3n. La adaptaci\u00f3n permitir\u00e1 potenciar las posibilidades comunicativas del Ayuntamiento como marca, as\u00ed como una mayor identificaci\u00f3n entre la marca y la instituci\u00f3n. Se trata de crear una imagen de marca representativa que permita identificar al Ayuntamiento y tenga en cuenta ordenanzas y decretos aprobados. Una imagen que cumpla con caracter\u00edsticas como ser reconocible, clara, sencilla, profesional, acorde a los tiempos, din\u00e1mica, con impacto visual, y coherente y eficaz en su comunicaci\u00f3n.<\/p>\n<p>Para la realizaci\u00f3n del trabajo se solicitar\u00e1 una propuesta para el dise\u00f1o y posterior desarrollo de la nueva Identidad Corporativa del Ayuntamiento de Pamplona teniendo en cuenta el Acuerdo Marco para la selecci\u00f3n de las empresas y profesionales que prestar\u00e1n los servicios de dise\u00f1o con creatividad. El presupuesto destinado a esta iniciativa es de 13.500 euros (IVA excluido).<\/p>\n<p>&nbsp;<\/p>\n","protected":false},"excerpt":{"rendered":"<p>La Comisi\u00f3n de Presidencia ha conocido el procedimiento para seleccionar una propuesta de dise\u00f1o que no supone el cambio del escudo<\/p>\n","protected":false},"author":1,"featured_media":10979,"comment_status":"open","ping_status":"closed","sticky":false,"template":"","format":"standard","meta":{"footnotes":""},"categories":[2],"tags":[],"class_list":["post-17068","post","type-post","status-publish","format-standard","has-post-thumbnail","hentry","category-ayuntamiento-pamplona"],"yoast_head":"<!-- This site is optimized with the Yoast SEO plugin v27.5 - https:\/\/yoast.com\/product\/yoast-seo-wordpress\/ -->\n<title>El Ayuntamiento actualizar\u00e1 el logotipo para que la imagen pueda adaptarse a los nuevos soportes digitales y desarrollar\u00e1 una nueva identidad corporativa<\/title>\n<meta name=\"robots\" content=\"index, follow, max-snippet:-1, max-image-preview:large, max-video-preview:-1\" \/>\n<link rel=\"canonical\" href=\"https:\/\/www.laguiadepamplona.com\/actualidad\/el-ayuntamiento-actualizara-el-logotipo-para-que-la-imagen-pueda-adaptarse-a-los-nuevos-soportes-digitales-y-desarrollara-una-nueva-identidad-corporativa\/\" \/>\n<meta property=\"og:locale\" content=\"es_ES\" \/>\n<meta property=\"og:type\" content=\"article\" \/>\n<meta property=\"og:title\" content=\"El Ayuntamiento actualizar\u00e1 el logotipo para que la imagen pueda adaptarse a los nuevos soportes digitales y desarrollar\u00e1 una nueva identidad corporativa\" \/>\n<meta property=\"og:description\" content=\"La Comisi\u00f3n de Presidencia ha conocido el procedimiento para seleccionar una propuesta de dise\u00f1o que no supone el cambio del escudo\" \/>\n<meta property=\"og:url\" content=\"https:\/\/www.laguiadepamplona.com\/actualidad\/el-ayuntamiento-actualizara-el-logotipo-para-que-la-imagen-pueda-adaptarse-a-los-nuevos-soportes-digitales-y-desarrollara-una-nueva-identidad-corporativa\/\" \/>\n<meta property=\"og:site_name\" content=\"La Gu\u00eda de Pamplona\" \/>\n<meta property=\"article:publisher\" content=\"https:\/\/www.facebook.com\/laguiadepamplonacom-133175176762273\/?ref=hl\" \/>\n<meta property=\"article:published_time\" content=\"2018-04-23T14:48:27+00:00\" \/>\n<meta property=\"og:image\" content=\"https:\/\/www.laguiadepamplona.com\/actualidad\/wp-content\/uploads\/2016\/11\/Ayto_Pamplona.jpg\" \/>\n\t<meta property=\"og:image:width\" content=\"900\" \/>\n\t<meta property=\"og:image:height\" content=\"675\" \/>\n\t<meta property=\"og:image:type\" content=\"image\/jpeg\" \/>\n<meta name=\"author\" content=\"La Gu\u00eda de Pamplona\" \/>\n<meta name=\"twitter:card\" content=\"summary_large_image\" \/>\n<meta name=\"twitter:creator\" content=\"@LaGuiadPamplona\" \/>\n<meta name=\"twitter:site\" content=\"@LaGuiadPamplona\" \/>\n<meta name=\"twitter:label1\" content=\"Escrito por\" \/>\n\t<meta name=\"twitter:data1\" content=\"La Gu\u00eda de Pamplona\" \/>\n\t<meta name=\"twitter:label2\" content=\"Tiempo de lectura\" \/>\n\t<meta name=\"twitter:data2\" content=\"2 minutos\" \/>\n<script type=\"application\/ld+json\" class=\"yoast-schema-graph\">{\"@context\":\"https:\\\/\\\/schema.org\",\"@graph\":[{\"@type\":\"Article\",\"@id\":\"https:\\\/\\\/www.laguiadepamplona.com\\\/actualidad\\\/el-ayuntamiento-actualizara-el-logotipo-para-que-la-imagen-pueda-adaptarse-a-los-nuevos-soportes-digitales-y-desarrollara-una-nueva-identidad-corporativa\\\/#article\",\"isPartOf\":{\"@id\":\"https:\\\/\\\/www.laguiadepamplona.com\\\/actualidad\\\/el-ayuntamiento-actualizara-el-logotipo-para-que-la-imagen-pueda-adaptarse-a-los-nuevos-soportes-digitales-y-desarrollara-una-nueva-identidad-corporativa\\\/\"},\"author\":{\"name\":\"La Gu\u00eda de Pamplona\",\"@id\":\"https:\\\/\\\/www.laguiadepamplona.com\\\/actualidad\\\/#\\\/schema\\\/person\\\/efe887376f0213d4657c93adc50b1fdb\"},\"headline\":\"El Ayuntamiento actualizar\u00e1 el logotipo para que la imagen pueda adaptarse a los nuevos soportes digitales y desarrollar\u00e1 una nueva identidad corporativa\",\"datePublished\":\"2018-04-23T14:48:27+00:00\",\"mainEntityOfPage\":{\"@id\":\"https:\\\/\\\/www.laguiadepamplona.com\\\/actualidad\\\/el-ayuntamiento-actualizara-el-logotipo-para-que-la-imagen-pueda-adaptarse-a-los-nuevos-soportes-digitales-y-desarrollara-una-nueva-identidad-corporativa\\\/\"},\"wordCount\":473,\"commentCount\":0,\"publisher\":{\"@id\":\"https:\\\/\\\/www.laguiadepamplona.com\\\/actualidad\\\/#organization\"},\"image\":{\"@id\":\"https:\\\/\\\/www.laguiadepamplona.com\\\/actualidad\\\/el-ayuntamiento-actualizara-el-logotipo-para-que-la-imagen-pueda-adaptarse-a-los-nuevos-soportes-digitales-y-desarrollara-una-nueva-identidad-corporativa\\\/#primaryimage\"},\"thumbnailUrl\":\"https:\\\/\\\/www.laguiadepamplona.com\\\/actualidad\\\/wp-content\\\/uploads\\\/2016\\\/11\\\/Ayto_Pamplona.jpg\",\"articleSection\":[\"Ayto Pamplona\"],\"inLanguage\":\"es\",\"potentialAction\":[{\"@type\":\"CommentAction\",\"name\":\"Comment\",\"target\":[\"https:\\\/\\\/www.laguiadepamplona.com\\\/actualidad\\\/el-ayuntamiento-actualizara-el-logotipo-para-que-la-imagen-pueda-adaptarse-a-los-nuevos-soportes-digitales-y-desarrollara-una-nueva-identidad-corporativa\\\/#respond\"]}]},{\"@type\":\"WebPage\",\"@id\":\"https:\\\/\\\/www.laguiadepamplona.com\\\/actualidad\\\/el-ayuntamiento-actualizara-el-logotipo-para-que-la-imagen-pueda-adaptarse-a-los-nuevos-soportes-digitales-y-desarrollara-una-nueva-identidad-corporativa\\\/\",\"url\":\"https:\\\/\\\/www.laguiadepamplona.com\\\/actualidad\\\/el-ayuntamiento-actualizara-el-logotipo-para-que-la-imagen-pueda-adaptarse-a-los-nuevos-soportes-digitales-y-desarrollara-una-nueva-identidad-corporativa\\\/\",\"name\":\"El Ayuntamiento actualizar\u00e1 el logotipo para que la imagen pueda adaptarse a los nuevos soportes digitales y desarrollar\u00e1 una nueva identidad corporativa\",\"isPartOf\":{\"@id\":\"https:\\\/\\\/www.laguiadepamplona.com\\\/actualidad\\\/#website\"},\"primaryImageOfPage\":{\"@id\":\"https:\\\/\\\/www.laguiadepamplona.com\\\/actualidad\\\/el-ayuntamiento-actualizara-el-logotipo-para-que-la-imagen-pueda-adaptarse-a-los-nuevos-soportes-digitales-y-desarrollara-una-nueva-identidad-corporativa\\\/#primaryimage\"},\"image\":{\"@id\":\"https:\\\/\\\/www.laguiadepamplona.com\\\/actualidad\\\/el-ayuntamiento-actualizara-el-logotipo-para-que-la-imagen-pueda-adaptarse-a-los-nuevos-soportes-digitales-y-desarrollara-una-nueva-identidad-corporativa\\\/#primaryimage\"},\"thumbnailUrl\":\"https:\\\/\\\/www.laguiadepamplona.com\\\/actualidad\\\/wp-content\\\/uploads\\\/2016\\\/11\\\/Ayto_Pamplona.jpg\",\"datePublished\":\"2018-04-23T14:48:27+00:00\",\"breadcrumb\":{\"@id\":\"https:\\\/\\\/www.laguiadepamplona.com\\\/actualidad\\\/el-ayuntamiento-actualizara-el-logotipo-para-que-la-imagen-pueda-adaptarse-a-los-nuevos-soportes-digitales-y-desarrollara-una-nueva-identidad-corporativa\\\/#breadcrumb\"},\"inLanguage\":\"es\",\"potentialAction\":[{\"@type\":\"ReadAction\",\"target\":[\"https:\\\/\\\/www.laguiadepamplona.com\\\/actualidad\\\/el-ayuntamiento-actualizara-el-logotipo-para-que-la-imagen-pueda-adaptarse-a-los-nuevos-soportes-digitales-y-desarrollara-una-nueva-identidad-corporativa\\\/\"]}]},{\"@type\":\"ImageObject\",\"inLanguage\":\"es\",\"@id\":\"https:\\\/\\\/www.laguiadepamplona.com\\\/actualidad\\\/el-ayuntamiento-actualizara-el-logotipo-para-que-la-imagen-pueda-adaptarse-a-los-nuevos-soportes-digitales-y-desarrollara-una-nueva-identidad-corporativa\\\/#primaryimage\",\"url\":\"https:\\\/\\\/www.laguiadepamplona.com\\\/actualidad\\\/wp-content\\\/uploads\\\/2016\\\/11\\\/Ayto_Pamplona.jpg\",\"contentUrl\":\"https:\\\/\\\/www.laguiadepamplona.com\\\/actualidad\\\/wp-content\\\/uploads\\\/2016\\\/11\\\/Ayto_Pamplona.jpg\",\"width\":900,\"height\":675},{\"@type\":\"BreadcrumbList\",\"@id\":\"https:\\\/\\\/www.laguiadepamplona.com\\\/actualidad\\\/el-ayuntamiento-actualizara-el-logotipo-para-que-la-imagen-pueda-adaptarse-a-los-nuevos-soportes-digitales-y-desarrollara-una-nueva-identidad-corporativa\\\/#breadcrumb\",\"itemListElement\":[{\"@type\":\"ListItem\",\"position\":1,\"name\":\"Portada\",\"item\":\"https:\\\/\\\/www.laguiadepamplona.com\\\/actualidad\\\/\"},{\"@type\":\"ListItem\",\"position\":2,\"name\":\"El Ayuntamiento actualizar\u00e1 el logotipo para que la imagen pueda adaptarse a los nuevos soportes digitales y desarrollar\u00e1 una nueva identidad corporativa\"}]},{\"@type\":\"WebSite\",\"@id\":\"https:\\\/\\\/www.laguiadepamplona.com\\\/actualidad\\\/#website\",\"url\":\"https:\\\/\\\/www.laguiadepamplona.com\\\/actualidad\\\/\",\"name\":\"La gu\u00eda de Pamplona\",\"description\":\"Noticias de Pamplona\",\"publisher\":{\"@id\":\"https:\\\/\\\/www.laguiadepamplona.com\\\/actualidad\\\/#organization\"},\"potentialAction\":[{\"@type\":\"SearchAction\",\"target\":{\"@type\":\"EntryPoint\",\"urlTemplate\":\"https:\\\/\\\/www.laguiadepamplona.com\\\/actualidad\\\/?s={search_term_string}\"},\"query-input\":{\"@type\":\"PropertyValueSpecification\",\"valueRequired\":true,\"valueName\":\"search_term_string\"}}],\"inLanguage\":\"es\"},{\"@type\":\"Organization\",\"@id\":\"https:\\\/\\\/www.laguiadepamplona.com\\\/actualidad\\\/#organization\",\"name\":\"La Gu\u00eda de Pamplona \\\/ Noticias\",\"url\":\"https:\\\/\\\/www.laguiadepamplona.com\\\/actualidad\\\/\",\"logo\":{\"@type\":\"ImageObject\",\"inLanguage\":\"es\",\"@id\":\"https:\\\/\\\/www.laguiadepamplona.com\\\/actualidad\\\/#\\\/schema\\\/logo\\\/image\\\/\",\"url\":\"https:\\\/\\\/www.laguiadepamplona.com\\\/actualidad\\\/wp-content\\\/uploads\\\/2018\\\/11\\\/logo-laguiadepamplona18-web1.png\",\"contentUrl\":\"https:\\\/\\\/www.laguiadepamplona.com\\\/actualidad\\\/wp-content\\\/uploads\\\/2018\\\/11\\\/logo-laguiadepamplona18-web1.png\",\"width\":600,\"height\":196,\"caption\":\"La Gu\u00eda de Pamplona \\\/ Noticias\"},\"image\":{\"@id\":\"https:\\\/\\\/www.laguiadepamplona.com\\\/actualidad\\\/#\\\/schema\\\/logo\\\/image\\\/\"},\"sameAs\":[\"https:\\\/\\\/www.facebook.com\\\/laguiadepamplonacom-133175176762273\\\/?ref=hl\",\"https:\\\/\\\/x.com\\\/LaGuiadPamplona\",\"https:\\\/\\\/www.instagram.com\\\/la_guia_de_pamplona\\\/\",\"https:\\\/\\\/www.youtube.com\\\/user\\\/laguiadepamplona\"]},{\"@type\":\"Person\",\"@id\":\"https:\\\/\\\/www.laguiadepamplona.com\\\/actualidad\\\/#\\\/schema\\\/person\\\/efe887376f0213d4657c93adc50b1fdb\",\"name\":\"La Gu\u00eda de Pamplona\",\"image\":{\"@type\":\"ImageObject\",\"inLanguage\":\"es\",\"@id\":\"https:\\\/\\\/secure.gravatar.com\\\/avatar\\\/b6992f131dc8d30ab0dff15446e9d346d9dbd95992de0fef795073f5ea83a81c?s=96&d=mm&r=g\",\"url\":\"https:\\\/\\\/secure.gravatar.com\\\/avatar\\\/b6992f131dc8d30ab0dff15446e9d346d9dbd95992de0fef795073f5ea83a81c?s=96&d=mm&r=g\",\"contentUrl\":\"https:\\\/\\\/secure.gravatar.com\\\/avatar\\\/b6992f131dc8d30ab0dff15446e9d346d9dbd95992de0fef795073f5ea83a81c?s=96&d=mm&r=g\",\"caption\":\"La Gu\u00eda de Pamplona\"}}]}<\/script>\n<!-- \/ Yoast SEO plugin. -->","yoast_head_json":{"title":"El Ayuntamiento actualizar\u00e1 el logotipo para que la imagen pueda adaptarse a los nuevos soportes digitales y desarrollar\u00e1 una nueva identidad corporativa","robots":{"index":"index","follow":"follow","max-snippet":"max-snippet:-1","max-image-preview":"max-image-preview:large","max-video-preview":"max-video-preview:-1"},"canonical":"https:\/\/www.laguiadepamplona.com\/actualidad\/el-ayuntamiento-actualizara-el-logotipo-para-que-la-imagen-pueda-adaptarse-a-los-nuevos-soportes-digitales-y-desarrollara-una-nueva-identidad-corporativa\/","og_locale":"es_ES","og_type":"article","og_title":"El Ayuntamiento actualizar\u00e1 el logotipo para que la imagen pueda adaptarse a los nuevos soportes digitales y desarrollar\u00e1 una nueva identidad corporativa","og_description":"La Comisi\u00f3n de Presidencia ha conocido el procedimiento para seleccionar una propuesta de dise\u00f1o que no supone el cambio del escudo","og_url":"https:\/\/www.laguiadepamplona.com\/actualidad\/el-ayuntamiento-actualizara-el-logotipo-para-que-la-imagen-pueda-adaptarse-a-los-nuevos-soportes-digitales-y-desarrollara-una-nueva-identidad-corporativa\/","og_site_name":"La Gu\u00eda de Pamplona","article_publisher":"https:\/\/www.facebook.com\/laguiadepamplonacom-133175176762273\/?ref=hl","article_published_time":"2018-04-23T14:48:27+00:00","og_image":[{"width":900,"height":675,"url":"https:\/\/www.laguiadepamplona.com\/actualidad\/wp-content\/uploads\/2016\/11\/Ayto_Pamplona.jpg","type":"image\/jpeg"}],"author":"La Gu\u00eda de Pamplona","twitter_card":"summary_large_image","twitter_creator":"@LaGuiadPamplona","twitter_site":"@LaGuiadPamplona","twitter_misc":{"Escrito por":"La Gu\u00eda de Pamplona","Tiempo de lectura":"2 minutos"},"schema":{"@context":"https:\/\/schema.org","@graph":[{"@type":"Article","@id":"https:\/\/www.laguiadepamplona.com\/actualidad\/el-ayuntamiento-actualizara-el-logotipo-para-que-la-imagen-pueda-adaptarse-a-los-nuevos-soportes-digitales-y-desarrollara-una-nueva-identidad-corporativa\/#article","isPartOf":{"@id":"https:\/\/www.laguiadepamplona.com\/actualidad\/el-ayuntamiento-actualizara-el-logotipo-para-que-la-imagen-pueda-adaptarse-a-los-nuevos-soportes-digitales-y-desarrollara-una-nueva-identidad-corporativa\/"},"author":{"name":"La Gu\u00eda de Pamplona","@id":"https:\/\/www.laguiadepamplona.com\/actualidad\/#\/schema\/person\/efe887376f0213d4657c93adc50b1fdb"},"headline":"El Ayuntamiento actualizar\u00e1 el logotipo para que la imagen pueda adaptarse a los nuevos soportes digitales y desarrollar\u00e1 una nueva identidad corporativa","datePublished":"2018-04-23T14:48:27+00:00","mainEntityOfPage":{"@id":"https:\/\/www.laguiadepamplona.com\/actualidad\/el-ayuntamiento-actualizara-el-logotipo-para-que-la-imagen-pueda-adaptarse-a-los-nuevos-soportes-digitales-y-desarrollara-una-nueva-identidad-corporativa\/"},"wordCount":473,"commentCount":0,"publisher":{"@id":"https:\/\/www.laguiadepamplona.com\/actualidad\/#organization"},"image":{"@id":"https:\/\/www.laguiadepamplona.com\/actualidad\/el-ayuntamiento-actualizara-el-logotipo-para-que-la-imagen-pueda-adaptarse-a-los-nuevos-soportes-digitales-y-desarrollara-una-nueva-identidad-corporativa\/#primaryimage"},"thumbnailUrl":"https:\/\/www.laguiadepamplona.com\/actualidad\/wp-content\/uploads\/2016\/11\/Ayto_Pamplona.jpg","articleSection":["Ayto Pamplona"],"inLanguage":"es","potentialAction":[{"@type":"CommentAction","name":"Comment","target":["https:\/\/www.laguiadepamplona.com\/actualidad\/el-ayuntamiento-actualizara-el-logotipo-para-que-la-imagen-pueda-adaptarse-a-los-nuevos-soportes-digitales-y-desarrollara-una-nueva-identidad-corporativa\/#respond"]}]},{"@type":"WebPage","@id":"https:\/\/www.laguiadepamplona.com\/actualidad\/el-ayuntamiento-actualizara-el-logotipo-para-que-la-imagen-pueda-adaptarse-a-los-nuevos-soportes-digitales-y-desarrollara-una-nueva-identidad-corporativa\/","url":"https:\/\/www.laguiadepamplona.com\/actualidad\/el-ayuntamiento-actualizara-el-logotipo-para-que-la-imagen-pueda-adaptarse-a-los-nuevos-soportes-digitales-y-desarrollara-una-nueva-identidad-corporativa\/","name":"El Ayuntamiento actualizar\u00e1 el logotipo para que la imagen pueda adaptarse a los nuevos soportes digitales y desarrollar\u00e1 una nueva identidad corporativa","isPartOf":{"@id":"https:\/\/www.laguiadepamplona.com\/actualidad\/#website"},"primaryImageOfPage":{"@id":"https:\/\/www.laguiadepamplona.com\/actualidad\/el-ayuntamiento-actualizara-el-logotipo-para-que-la-imagen-pueda-adaptarse-a-los-nuevos-soportes-digitales-y-desarrollara-una-nueva-identidad-corporativa\/#primaryimage"},"image":{"@id":"https:\/\/www.laguiadepamplona.com\/actualidad\/el-ayuntamiento-actualizara-el-logotipo-para-que-la-imagen-pueda-adaptarse-a-los-nuevos-soportes-digitales-y-desarrollara-una-nueva-identidad-corporativa\/#primaryimage"},"thumbnailUrl":"https:\/\/www.laguiadepamplona.com\/actualidad\/wp-content\/uploads\/2016\/11\/Ayto_Pamplona.jpg","datePublished":"2018-04-23T14:48:27+00:00","breadcrumb":{"@id":"https:\/\/www.laguiadepamplona.com\/actualidad\/el-ayuntamiento-actualizara-el-logotipo-para-que-la-imagen-pueda-adaptarse-a-los-nuevos-soportes-digitales-y-desarrollara-una-nueva-identidad-corporativa\/#breadcrumb"},"inLanguage":"es","potentialAction":[{"@type":"ReadAction","target":["https:\/\/www.laguiadepamplona.com\/actualidad\/el-ayuntamiento-actualizara-el-logotipo-para-que-la-imagen-pueda-adaptarse-a-los-nuevos-soportes-digitales-y-desarrollara-una-nueva-identidad-corporativa\/"]}]},{"@type":"ImageObject","inLanguage":"es","@id":"https:\/\/www.laguiadepamplona.com\/actualidad\/el-ayuntamiento-actualizara-el-logotipo-para-que-la-imagen-pueda-adaptarse-a-los-nuevos-soportes-digitales-y-desarrollara-una-nueva-identidad-corporativa\/#primaryimage","url":"https:\/\/www.laguiadepamplona.com\/actualidad\/wp-content\/uploads\/2016\/11\/Ayto_Pamplona.jpg","contentUrl":"https:\/\/www.laguiadepamplona.com\/actualidad\/wp-content\/uploads\/2016\/11\/Ayto_Pamplona.jpg","width":900,"height":675},{"@type":"BreadcrumbList","@id":"https:\/\/www.laguiadepamplona.com\/actualidad\/el-ayuntamiento-actualizara-el-logotipo-para-que-la-imagen-pueda-adaptarse-a-los-nuevos-soportes-digitales-y-desarrollara-una-nueva-identidad-corporativa\/#breadcrumb","itemListElement":[{"@type":"ListItem","position":1,"name":"Portada","item":"https:\/\/www.laguiadepamplona.com\/actualidad\/"},{"@type":"ListItem","position":2,"name":"El Ayuntamiento actualizar\u00e1 el logotipo para que la imagen pueda adaptarse a los nuevos soportes digitales y desarrollar\u00e1 una nueva identidad corporativa"}]},{"@type":"WebSite","@id":"https:\/\/www.laguiadepamplona.com\/actualidad\/#website","url":"https:\/\/www.laguiadepamplona.com\/actualidad\/","name":"La gu\u00eda de Pamplona","description":"Noticias de Pamplona","publisher":{"@id":"https:\/\/www.laguiadepamplona.com\/actualidad\/#organization"},"potentialAction":[{"@type":"SearchAction","target":{"@type":"EntryPoint","urlTemplate":"https:\/\/www.laguiadepamplona.com\/actualidad\/?s={search_term_string}"},"query-input":{"@type":"PropertyValueSpecification","valueRequired":true,"valueName":"search_term_string"}}],"inLanguage":"es"},{"@type":"Organization","@id":"https:\/\/www.laguiadepamplona.com\/actualidad\/#organization","name":"La Gu\u00eda de Pamplona \/ Noticias","url":"https:\/\/www.laguiadepamplona.com\/actualidad\/","logo":{"@type":"ImageObject","inLanguage":"es","@id":"https:\/\/www.laguiadepamplona.com\/actualidad\/#\/schema\/logo\/image\/","url":"https:\/\/www.laguiadepamplona.com\/actualidad\/wp-content\/uploads\/2018\/11\/logo-laguiadepamplona18-web1.png","contentUrl":"https:\/\/www.laguiadepamplona.com\/actualidad\/wp-content\/uploads\/2018\/11\/logo-laguiadepamplona18-web1.png","width":600,"height":196,"caption":"La Gu\u00eda de Pamplona \/ Noticias"},"image":{"@id":"https:\/\/www.laguiadepamplona.com\/actualidad\/#\/schema\/logo\/image\/"},"sameAs":["https:\/\/www.facebook.com\/laguiadepamplonacom-133175176762273\/?ref=hl","https:\/\/x.com\/LaGuiadPamplona","https:\/\/www.instagram.com\/la_guia_de_pamplona\/","https:\/\/www.youtube.com\/user\/laguiadepamplona"]},{"@type":"Person","@id":"https:\/\/www.laguiadepamplona.com\/actualidad\/#\/schema\/person\/efe887376f0213d4657c93adc50b1fdb","name":"La Gu\u00eda de Pamplona","image":{"@type":"ImageObject","inLanguage":"es","@id":"https:\/\/secure.gravatar.com\/avatar\/b6992f131dc8d30ab0dff15446e9d346d9dbd95992de0fef795073f5ea83a81c?s=96&d=mm&r=g","url":"https:\/\/secure.gravatar.com\/avatar\/b6992f131dc8d30ab0dff15446e9d346d9dbd95992de0fef795073f5ea83a81c?s=96&d=mm&r=g","contentUrl":"https:\/\/secure.gravatar.com\/avatar\/b6992f131dc8d30ab0dff15446e9d346d9dbd95992de0fef795073f5ea83a81c?s=96&d=mm&r=g","caption":"La Gu\u00eda de Pamplona"}}]}},"post_mailing_queue_ids":[],"_links":{"self":[{"href":"https:\/\/www.laguiadepamplona.com\/actualidad\/wp-json\/wp\/v2\/posts\/17068","targetHints":{"allow":["GET"]}}],"collection":[{"href":"https:\/\/www.laguiadepamplona.com\/actualidad\/wp-json\/wp\/v2\/posts"}],"about":[{"href":"https:\/\/www.laguiadepamplona.com\/actualidad\/wp-json\/wp\/v2\/types\/post"}],"author":[{"embeddable":true,"href":"https:\/\/www.laguiadepamplona.com\/actualidad\/wp-json\/wp\/v2\/users\/1"}],"replies":[{"embeddable":true,"href":"https:\/\/www.laguiadepamplona.com\/actualidad\/wp-json\/wp\/v2\/comments?post=17068"}],"version-history":[{"count":0,"href":"https:\/\/www.laguiadepamplona.com\/actualidad\/wp-json\/wp\/v2\/posts\/17068\/revisions"}],"wp:featuredmedia":[{"embeddable":true,"href":"https:\/\/www.laguiadepamplona.com\/actualidad\/wp-json\/wp\/v2\/media\/10979"}],"wp:attachment":[{"href":"https:\/\/www.laguiadepamplona.com\/actualidad\/wp-json\/wp\/v2\/media?parent=17068"}],"wp:term":[{"taxonomy":"category","embeddable":true,"href":"https:\/\/www.laguiadepamplona.com\/actualidad\/wp-json\/wp\/v2\/categories?post=17068"},{"taxonomy":"post_tag","embeddable":true,"href":"https:\/\/www.laguiadepamplona.com\/actualidad\/wp-json\/wp\/v2\/tags?post=17068"}],"curies":[{"name":"wp","href":"https:\/\/api.w.org\/{rel}","templated":true}]}}