{"id":17066,"date":"2018-04-23T12:18:27","date_gmt":"2018-04-23T11:18:27","guid":{"rendered":"http:\/\/laguiadepamplona.es\/actualidad\/?p=17066"},"modified":"2018-04-23T12:18:27","modified_gmt":"2018-04-23T11:18:27","slug":"unas-jornadas-acercan-desde-este-martes-hasta-el-jueves-analisis-y-oportunidades-en-economia-social","status":"publish","type":"post","link":"https:\/\/www.laguiadepamplona.com\/actualidad\/unas-jornadas-acercan-desde-este-martes-hasta-el-jueves-analisis-y-oportunidades-en-economia-social\/","title":{"rendered":"Unas jornadas acercan desde este martes hasta el jueves an\u00e1lisis y oportunidades en econom\u00eda social"},"content":{"rendered":"<h3>El congreso, impulsado por Ayuntamiento de Pamplona y CEIN, se celebra por la tarde y la inscripci\u00f3n es gratuita<\/h3>\n<p><!--more--><\/p>\n<p>Pamplona acoge desde ma\u00f1ana martes hasta el jueves un congreso sobre econom\u00eda social. Se trata de tres d\u00edas de jornadas, que se celebrar\u00e1n en horario de tarde y que est\u00e1n abiertas a la participaci\u00f3n de forma gratuita, con las que se pretende ofrecer una visi\u00f3n global de las oportunidades y retos del sector de la econom\u00eda social, del emprendimiento y el cooperativismo.<\/p>\n<p>Este Congreso est\u00e1 promovido por el Ayuntamiento de Pamplona y CEIN en el marco de la nueva edici\u00f3n de Pamplona Emprende, un programa de emprendimiento que este a\u00f1o buscar\u00e1 impulsar la creaci\u00f3n de nuevas iniciativas empresariales en econom\u00eda social. El programa persigue capacitar a las personas participantes para emprender en el \u00e1mbito del cooperativismo y la econom\u00eda social, como sector que puede dar respuestas innovadoras a las necesidades sociales y al desarrollo de una sociedad m\u00e1s participativa y cohesionada. El programa Pamplona Emprende se desarrollar\u00e1 a trav\u00e9s de dos acciones principales: el congreso &#8216;Emprendimiento Social&#8217;, y el curso &#8216;Emprendimiento, innovaci\u00f3n social y cooperativismo&#8217;. El curso se desarrollar\u00e1 los viernes por la ma\u00f1ana del 31 de agosto al 21 de diciembre y la inscripci\u00f3n, que tambi\u00e9n es gratuita, puede realizarse hasta el 22 de junio. Toda la informaci\u00f3n est\u00e1 en <a href=\"http:\/\/www.pamplona.es\/\" target=\"_blank\" rel=\"noopener\">www.pamplona.es<\/a> y en <a href=\"http:\/\/www.cein.es\/\" target=\"_blank\" rel=\"noopener\">www.cein.es<\/a>.<\/p>\n<p><strong>Las tres jornadas<\/strong><\/p>\n<p>Los d\u00edas 24, 25 y 26 de abril tendr\u00e1 lugar en el edificio de ascensores de la calle Descalzos n\u00ba 56, 2\u00aa planta, el Congreso \u2018Emprendimiento Social\u2019, dirigido a personas interesadas en este \u00e1mbito. Ofrecer\u00e1 una visi\u00f3n global de las oportunidades y retos que presenta en la actualidad la econom\u00eda social de la mano de instituciones de an\u00e1lisis especializadas en cooperativismo y econom\u00eda social y de entidades referentes que aportar\u00e1n su experiencia.<\/p>\n<p>Cada una de las tres jornadas abordar\u00e1 una tem\u00e1tica espec\u00edfica. El martes 24 de abril la jornada se dedicar\u00e1 la \u2018Econom\u00eda social y cooperativa\u2019; el mi\u00e9rcoles 25, se centrar\u00e1 en la \u2018Creaci\u00f3n de cooperativas\u2019; y el jueves 26, se analizar\u00e1n \u2018Iniciativas transformadoras, cooperativismo\u2019. las tres jornadas se desarrollar\u00e1n en horario de tarde, de 16 a 19 horas. Las inscripciones pueden realizarse para una, dos o las tres jornadas, a trav\u00e9s de <a href=\"http:\/\/www.pamplona.es\/\" target=\"_blank\" rel=\"noopener\">www.pamplona.es<\/a> o de <a href=\"http:\/\/www.cein.es\/\" target=\"_blank\" rel=\"noopener\">www.cein.es<\/a>. La participaci\u00f3n es libre.<\/p>\n<p><strong>Congreso \u2018Emprendimiento social\u2019<\/strong><\/p>\n<p><strong>Jornada \u2018Econom\u00eda social y cooperativa\u2019<\/strong><\/p>\n<ul>\n<li>Fecha: martes 24 de abril, de 16 a 19 horas<\/li>\n<li>Lugar: edificio de ascensores de la calle Descalzos n\u00ba 56, 2\u00aa planta.<\/li>\n<li>Inscripci\u00f3n: a trav\u00e9s de este <a href=\"https:\/\/goo.gl\/forms\/hDHtxKns4hKNdKzo1\" target=\"_blank\" rel=\"noopener\">formulario<\/a>.<\/li>\n<li>Programa:<\/li>\n<\/ul>\n<p>Los dos ponentes compaginan una intensa actividad investigadora con el apoyo a proyectos de econom\u00eda social, y aportar\u00e1n una visi\u00f3n general del modelo y sus retos actuales.<\/p>\n<p>16:00. Bienvenida. Patricia Perales (concejala delegada de Econom\u00eda Local Sostenible). Izaskun Go\u00f1i (directora general de Pol\u00edtica Econ\u00f3mica, Empresarial y Trabajo del Gobierno de Navarra y presidenta de CEIN)<\/p>\n<p>Ponentes:<\/p>\n<p>Aitor Bengoetxea. Director del Instituto de Derecho Cooperativo y Econom\u00eda Social de la UPV\/EHU, <a href=\"https:\/\/gezki.eus\/\" target=\"_blank\" rel=\"noopener\">GEZKI<\/a>.<\/p>\n<p>Aitzol Loyola. Investigador del Instituto de Estudios Cooperativos <a href=\"https:\/\/mukom.mondragon.edu\/lanki\/\" target=\"_blank\" rel=\"noopener\">LANKI<\/a> de Mondrag\u00f3n Unibertsitatea.<\/p>\n<p>Debate dinamizado por Be\u00f1at Irasuegi (<a href=\"http:\/\/olatukoop.net\/\" target=\"_blank\" rel=\"noopener\">OlatuKoop<\/a>).<\/p>\n<p>19:00. Cierre de la jornada.<\/p>\n<p>&nbsp;<\/p>\n<p><strong>Jornada \u2018Creaci\u00f3n de cooperativas\u2019<\/strong><\/p>\n<ul>\n<li>Fecha: mi\u00e9rcoles 25 de abril, de 16 a 19 horas<\/li>\n<li>Lugar: edificio de ascensores de la calle Descalzos n\u00ba 56, 2\u00aa planta.<\/li>\n<li>Inscripci\u00f3n: a trav\u00e9s de este <a href=\"https:\/\/goo.gl\/forms\/hDHtxKns4hKNdKzo1\" target=\"_blank\" rel=\"noopener\">formulario<\/a>.<\/li>\n<li>Programa:<\/li>\n<\/ul>\n<p>La vocaci\u00f3n social de las cooperativas, sus modelos de toma de decisiones y gobernanza, retos diferenciales y factores de \u00e9xito propios.<\/p>\n<p>16:00. Bienvenida.<\/p>\n<p>Elena Zabalza. Asociaci\u00f3n de empresas de econom\u00eda Social de Navarra (<a href=\"http:\/\/www.anel.es\/\" target=\"_blank\" rel=\"noopener\">ANEL<\/a>)<\/p>\n<p>Carlos Rey. Red de Redes de Econom\u00eda Alternativa y Solidaria (<a href=\"https:\/\/www.economiasolidaria.org\/es\" target=\"_blank\" rel=\"noopener\">REAS<\/a>)<\/p>\n<p>Amaia Oleaga. <a href=\"http:\/\/koopfabrika.eus\/\" target=\"_blank\" rel=\"noopener\">KoopFabrika<\/a><\/p>\n<p>Elena Herrarte. <a href=\"https:\/\/www.bagara.net\/\" target=\"_blank\" rel=\"noopener\">Bagara Herrigintzan<\/a><\/p>\n<p>Laura Martinena. <a href=\"http:\/\/www.apeztegiberri.com\/es\/quienes-somos\/\" target=\"_blank\" rel=\"noopener\">Ernaizu<\/a><\/p>\n<p>Ra\u00fal Pilar. <a href=\"http:\/\/www.granjaescuelaguresustraiak.com\/\" target=\"_blank\" rel=\"noopener\">Gure Sustraiak<\/a><\/p>\n<p>Debate dinamizado por Carlos Rey (<a href=\"https:\/\/www.economiasolidaria.org\/es\" target=\"_blank\" rel=\"noopener\">REAS<\/a>)<\/p>\n<p>19:00. Cierre de la jornada.<\/p>\n<p>&nbsp;<\/p>\n<p><strong>Jornada \u2018Iniciativas transformadoras, cooperativismo\u2019<\/strong><\/p>\n<ul>\n<li>Fecha: jueves 26 de abril, de 16 a 19 horas<\/li>\n<li>Lugar: edificio de ascensores de la calle Descalzos n\u00ba 56, 2\u00aa planta.<\/li>\n<li>Inscripci\u00f3n: a trav\u00e9s de este <a href=\"https:\/\/goo.gl\/forms\/hDHtxKns4hKNdKzo1\" target=\"_blank\" rel=\"noopener\">formulario<\/a>.<\/li>\n<li>Programa:<\/li>\n<\/ul>\n<p><strong>Experiencias concretas de cooperativas y redes de colaboraci\u00f3n con diferentes enfoques.<\/strong><\/p>\n<p>16:00. Bienvenida.<\/p>\n<p>Be\u00f1at Irasuegi. <a href=\"http:\/\/olatukoop.net\/\" target=\"_blank\" rel=\"noopener\">OlatuKoop<\/a><\/p>\n<p>Ana Palacios. <a href=\"https:\/\/www.fiarebancaetica.coop\/\" target=\"_blank\" rel=\"noopener\">Fiare Banca \u00c9tica<\/a><\/p>\n<p>Javier Zardoya. <a href=\"https:\/\/www.somenergia.coop\/es\/\" target=\"_blank\" rel=\"noopener\">Energ\u00eda Gara &#8211; Som Energ\u00eda<\/a><\/p>\n<p>Miguel Elorz. <a href=\"http:\/\/www.kamira.es\/\" target=\"_blank\" rel=\"noopener\">Kamira<\/a><\/p>\n<p>Be\u00f1at Etxabarri. <a href=\"http:\/\/denendako.org\/es\/\" target=\"_blank\" rel=\"noopener\">Denendako<\/a><\/p>\n<p>Borja Etxeberria. <a href=\"https:\/\/www.facebook.com\/uztaldilizarra\/\" target=\"_blank\" rel=\"noopener\">Uztaldi<\/a><\/p>\n<p>Andr\u00e9s Jordana. <a href=\"https:\/\/www.mugitu.net\/\" target=\"_blank\" rel=\"noopener\">Mugitu Aventura<\/a><\/p>\n<p>Debate dinamizado por Be\u00f1at Irasuegi (<a href=\"http:\/\/olatukoop.net\/\" target=\"_blank\" rel=\"noopener\">OlatuKoop<\/a>).<\/p>\n<p>19:00. Cierre de la jornada.<\/p>\n<p>&nbsp;<\/p>\n<p>&nbsp;<\/p>\n","protected":false},"excerpt":{"rendered":"<p>El congreso, impulsado por Ayuntamiento de Pamplona y CEIN, se celebra por la tarde y la inscripci\u00f3n es gratuita<\/p>\n","protected":false},"author":1,"featured_media":14999,"comment_status":"open","ping_status":"closed","sticky":false,"template":"","format":"standard","meta":{"footnotes":""},"categories":[2],"tags":[],"class_list":["post-17066","post","type-post","status-publish","format-standard","has-post-thumbnail","hentry","category-ayuntamiento-pamplona"],"yoast_head":"<!-- This site is optimized with the Yoast SEO plugin v27.5 - https:\/\/yoast.com\/product\/yoast-seo-wordpress\/ -->\n<title>Unas jornadas acercan desde este martes hasta el jueves an\u00e1lisis y oportunidades en econom\u00eda social<\/title>\n<meta name=\"robots\" content=\"index, follow, max-snippet:-1, max-image-preview:large, max-video-preview:-1\" \/>\n<link rel=\"canonical\" href=\"https:\/\/www.laguiadepamplona.com\/actualidad\/unas-jornadas-acercan-desde-este-martes-hasta-el-jueves-analisis-y-oportunidades-en-economia-social\/\" \/>\n<meta property=\"og:locale\" content=\"es_ES\" \/>\n<meta property=\"og:type\" content=\"article\" \/>\n<meta property=\"og:title\" content=\"Unas jornadas acercan desde este martes hasta el jueves an\u00e1lisis y oportunidades en econom\u00eda social\" \/>\n<meta property=\"og:description\" content=\"El congreso, impulsado por Ayuntamiento de Pamplona y CEIN, se celebra por la tarde y la inscripci\u00f3n es gratuita\" \/>\n<meta property=\"og:url\" content=\"https:\/\/www.laguiadepamplona.com\/actualidad\/unas-jornadas-acercan-desde-este-martes-hasta-el-jueves-analisis-y-oportunidades-en-economia-social\/\" \/>\n<meta property=\"og:site_name\" content=\"La Gu\u00eda de Pamplona\" \/>\n<meta property=\"article:publisher\" content=\"https:\/\/www.facebook.com\/laguiadepamplonacom-133175176762273\/?ref=hl\" \/>\n<meta property=\"article:published_time\" content=\"2018-04-23T11:18:27+00:00\" \/>\n<meta property=\"og:image\" content=\"https:\/\/www.laguiadepamplona.com\/actualidad\/wp-content\/uploads\/2017\/11\/Edificio-CEIN-04.jpg\" \/>\n\t<meta property=\"og:image:width\" content=\"805\" \/>\n\t<meta property=\"og:image:height\" content=\"350\" \/>\n\t<meta property=\"og:image:type\" content=\"image\/jpeg\" \/>\n<meta name=\"author\" content=\"La Gu\u00eda de Pamplona\" \/>\n<meta name=\"twitter:card\" content=\"summary_large_image\" \/>\n<meta name=\"twitter:creator\" content=\"@LaGuiadPamplona\" \/>\n<meta name=\"twitter:site\" content=\"@LaGuiadPamplona\" \/>\n<meta name=\"twitter:label1\" content=\"Escrito por\" \/>\n\t<meta name=\"twitter:data1\" content=\"La Gu\u00eda de Pamplona\" \/>\n\t<meta name=\"twitter:label2\" content=\"Tiempo de lectura\" \/>\n\t<meta name=\"twitter:data2\" content=\"4 minutos\" \/>\n<script type=\"application\/ld+json\" class=\"yoast-schema-graph\">{\"@context\":\"https:\\\/\\\/schema.org\",\"@graph\":[{\"@type\":\"Article\",\"@id\":\"https:\\\/\\\/www.laguiadepamplona.com\\\/actualidad\\\/unas-jornadas-acercan-desde-este-martes-hasta-el-jueves-analisis-y-oportunidades-en-economia-social\\\/#article\",\"isPartOf\":{\"@id\":\"https:\\\/\\\/www.laguiadepamplona.com\\\/actualidad\\\/unas-jornadas-acercan-desde-este-martes-hasta-el-jueves-analisis-y-oportunidades-en-economia-social\\\/\"},\"author\":{\"name\":\"La Gu\u00eda de Pamplona\",\"@id\":\"https:\\\/\\\/www.laguiadepamplona.com\\\/actualidad\\\/#\\\/schema\\\/person\\\/efe887376f0213d4657c93adc50b1fdb\"},\"headline\":\"Unas jornadas acercan desde este martes hasta el jueves an\u00e1lisis y oportunidades en econom\u00eda social\",\"datePublished\":\"2018-04-23T11:18:27+00:00\",\"mainEntityOfPage\":{\"@id\":\"https:\\\/\\\/www.laguiadepamplona.com\\\/actualidad\\\/unas-jornadas-acercan-desde-este-martes-hasta-el-jueves-analisis-y-oportunidades-en-economia-social\\\/\"},\"wordCount\":760,\"commentCount\":0,\"publisher\":{\"@id\":\"https:\\\/\\\/www.laguiadepamplona.com\\\/actualidad\\\/#organization\"},\"image\":{\"@id\":\"https:\\\/\\\/www.laguiadepamplona.com\\\/actualidad\\\/unas-jornadas-acercan-desde-este-martes-hasta-el-jueves-analisis-y-oportunidades-en-economia-social\\\/#primaryimage\"},\"thumbnailUrl\":\"https:\\\/\\\/www.laguiadepamplona.com\\\/actualidad\\\/wp-content\\\/uploads\\\/2017\\\/11\\\/Edificio-CEIN-04.jpg\",\"articleSection\":[\"Ayto Pamplona\"],\"inLanguage\":\"es\",\"potentialAction\":[{\"@type\":\"CommentAction\",\"name\":\"Comment\",\"target\":[\"https:\\\/\\\/www.laguiadepamplona.com\\\/actualidad\\\/unas-jornadas-acercan-desde-este-martes-hasta-el-jueves-analisis-y-oportunidades-en-economia-social\\\/#respond\"]}]},{\"@type\":\"WebPage\",\"@id\":\"https:\\\/\\\/www.laguiadepamplona.com\\\/actualidad\\\/unas-jornadas-acercan-desde-este-martes-hasta-el-jueves-analisis-y-oportunidades-en-economia-social\\\/\",\"url\":\"https:\\\/\\\/www.laguiadepamplona.com\\\/actualidad\\\/unas-jornadas-acercan-desde-este-martes-hasta-el-jueves-analisis-y-oportunidades-en-economia-social\\\/\",\"name\":\"Unas jornadas acercan desde este martes hasta el jueves an\u00e1lisis y oportunidades en econom\u00eda social\",\"isPartOf\":{\"@id\":\"https:\\\/\\\/www.laguiadepamplona.com\\\/actualidad\\\/#website\"},\"primaryImageOfPage\":{\"@id\":\"https:\\\/\\\/www.laguiadepamplona.com\\\/actualidad\\\/unas-jornadas-acercan-desde-este-martes-hasta-el-jueves-analisis-y-oportunidades-en-economia-social\\\/#primaryimage\"},\"image\":{\"@id\":\"https:\\\/\\\/www.laguiadepamplona.com\\\/actualidad\\\/unas-jornadas-acercan-desde-este-martes-hasta-el-jueves-analisis-y-oportunidades-en-economia-social\\\/#primaryimage\"},\"thumbnailUrl\":\"https:\\\/\\\/www.laguiadepamplona.com\\\/actualidad\\\/wp-content\\\/uploads\\\/2017\\\/11\\\/Edificio-CEIN-04.jpg\",\"datePublished\":\"2018-04-23T11:18:27+00:00\",\"breadcrumb\":{\"@id\":\"https:\\\/\\\/www.laguiadepamplona.com\\\/actualidad\\\/unas-jornadas-acercan-desde-este-martes-hasta-el-jueves-analisis-y-oportunidades-en-economia-social\\\/#breadcrumb\"},\"inLanguage\":\"es\",\"potentialAction\":[{\"@type\":\"ReadAction\",\"target\":[\"https:\\\/\\\/www.laguiadepamplona.com\\\/actualidad\\\/unas-jornadas-acercan-desde-este-martes-hasta-el-jueves-analisis-y-oportunidades-en-economia-social\\\/\"]}]},{\"@type\":\"ImageObject\",\"inLanguage\":\"es\",\"@id\":\"https:\\\/\\\/www.laguiadepamplona.com\\\/actualidad\\\/unas-jornadas-acercan-desde-este-martes-hasta-el-jueves-analisis-y-oportunidades-en-economia-social\\\/#primaryimage\",\"url\":\"https:\\\/\\\/www.laguiadepamplona.com\\\/actualidad\\\/wp-content\\\/uploads\\\/2017\\\/11\\\/Edificio-CEIN-04.jpg\",\"contentUrl\":\"https:\\\/\\\/www.laguiadepamplona.com\\\/actualidad\\\/wp-content\\\/uploads\\\/2017\\\/11\\\/Edificio-CEIN-04.jpg\",\"width\":805,\"height\":350,\"caption\":\"cein\"},{\"@type\":\"BreadcrumbList\",\"@id\":\"https:\\\/\\\/www.laguiadepamplona.com\\\/actualidad\\\/unas-jornadas-acercan-desde-este-martes-hasta-el-jueves-analisis-y-oportunidades-en-economia-social\\\/#breadcrumb\",\"itemListElement\":[{\"@type\":\"ListItem\",\"position\":1,\"name\":\"Portada\",\"item\":\"https:\\\/\\\/www.laguiadepamplona.com\\\/actualidad\\\/\"},{\"@type\":\"ListItem\",\"position\":2,\"name\":\"Unas jornadas acercan desde este martes hasta el jueves an\u00e1lisis y oportunidades en econom\u00eda social\"}]},{\"@type\":\"WebSite\",\"@id\":\"https:\\\/\\\/www.laguiadepamplona.com\\\/actualidad\\\/#website\",\"url\":\"https:\\\/\\\/www.laguiadepamplona.com\\\/actualidad\\\/\",\"name\":\"La gu\u00eda de Pamplona\",\"description\":\"Noticias de Pamplona\",\"publisher\":{\"@id\":\"https:\\\/\\\/www.laguiadepamplona.com\\\/actualidad\\\/#organization\"},\"potentialAction\":[{\"@type\":\"SearchAction\",\"target\":{\"@type\":\"EntryPoint\",\"urlTemplate\":\"https:\\\/\\\/www.laguiadepamplona.com\\\/actualidad\\\/?s={search_term_string}\"},\"query-input\":{\"@type\":\"PropertyValueSpecification\",\"valueRequired\":true,\"valueName\":\"search_term_string\"}}],\"inLanguage\":\"es\"},{\"@type\":\"Organization\",\"@id\":\"https:\\\/\\\/www.laguiadepamplona.com\\\/actualidad\\\/#organization\",\"name\":\"La Gu\u00eda de Pamplona \\\/ Noticias\",\"url\":\"https:\\\/\\\/www.laguiadepamplona.com\\\/actualidad\\\/\",\"logo\":{\"@type\":\"ImageObject\",\"inLanguage\":\"es\",\"@id\":\"https:\\\/\\\/www.laguiadepamplona.com\\\/actualidad\\\/#\\\/schema\\\/logo\\\/image\\\/\",\"url\":\"https:\\\/\\\/www.laguiadepamplona.com\\\/actualidad\\\/wp-content\\\/uploads\\\/2018\\\/11\\\/logo-laguiadepamplona18-web1.png\",\"contentUrl\":\"https:\\\/\\\/www.laguiadepamplona.com\\\/actualidad\\\/wp-content\\\/uploads\\\/2018\\\/11\\\/logo-laguiadepamplona18-web1.png\",\"width\":600,\"height\":196,\"caption\":\"La Gu\u00eda de Pamplona \\\/ Noticias\"},\"image\":{\"@id\":\"https:\\\/\\\/www.laguiadepamplona.com\\\/actualidad\\\/#\\\/schema\\\/logo\\\/image\\\/\"},\"sameAs\":[\"https:\\\/\\\/www.facebook.com\\\/laguiadepamplonacom-133175176762273\\\/?ref=hl\",\"https:\\\/\\\/x.com\\\/LaGuiadPamplona\",\"https:\\\/\\\/www.instagram.com\\\/la_guia_de_pamplona\\\/\",\"https:\\\/\\\/www.youtube.com\\\/user\\\/laguiadepamplona\"]},{\"@type\":\"Person\",\"@id\":\"https:\\\/\\\/www.laguiadepamplona.com\\\/actualidad\\\/#\\\/schema\\\/person\\\/efe887376f0213d4657c93adc50b1fdb\",\"name\":\"La Gu\u00eda de Pamplona\",\"image\":{\"@type\":\"ImageObject\",\"inLanguage\":\"es\",\"@id\":\"https:\\\/\\\/secure.gravatar.com\\\/avatar\\\/b6992f131dc8d30ab0dff15446e9d346d9dbd95992de0fef795073f5ea83a81c?s=96&d=mm&r=g\",\"url\":\"https:\\\/\\\/secure.gravatar.com\\\/avatar\\\/b6992f131dc8d30ab0dff15446e9d346d9dbd95992de0fef795073f5ea83a81c?s=96&d=mm&r=g\",\"contentUrl\":\"https:\\\/\\\/secure.gravatar.com\\\/avatar\\\/b6992f131dc8d30ab0dff15446e9d346d9dbd95992de0fef795073f5ea83a81c?s=96&d=mm&r=g\",\"caption\":\"La Gu\u00eda de Pamplona\"}}]}<\/script>\n<!-- \/ Yoast SEO plugin. -->","yoast_head_json":{"title":"Unas jornadas acercan desde este martes hasta el jueves an\u00e1lisis y oportunidades en econom\u00eda social","robots":{"index":"index","follow":"follow","max-snippet":"max-snippet:-1","max-image-preview":"max-image-preview:large","max-video-preview":"max-video-preview:-1"},"canonical":"https:\/\/www.laguiadepamplona.com\/actualidad\/unas-jornadas-acercan-desde-este-martes-hasta-el-jueves-analisis-y-oportunidades-en-economia-social\/","og_locale":"es_ES","og_type":"article","og_title":"Unas jornadas acercan desde este martes hasta el jueves an\u00e1lisis y oportunidades en econom\u00eda social","og_description":"El congreso, impulsado por Ayuntamiento de Pamplona y CEIN, se celebra por la tarde y la inscripci\u00f3n es gratuita","og_url":"https:\/\/www.laguiadepamplona.com\/actualidad\/unas-jornadas-acercan-desde-este-martes-hasta-el-jueves-analisis-y-oportunidades-en-economia-social\/","og_site_name":"La Gu\u00eda de Pamplona","article_publisher":"https:\/\/www.facebook.com\/laguiadepamplonacom-133175176762273\/?ref=hl","article_published_time":"2018-04-23T11:18:27+00:00","og_image":[{"width":805,"height":350,"url":"https:\/\/www.laguiadepamplona.com\/actualidad\/wp-content\/uploads\/2017\/11\/Edificio-CEIN-04.jpg","type":"image\/jpeg"}],"author":"La Gu\u00eda de Pamplona","twitter_card":"summary_large_image","twitter_creator":"@LaGuiadPamplona","twitter_site":"@LaGuiadPamplona","twitter_misc":{"Escrito por":"La Gu\u00eda de Pamplona","Tiempo de lectura":"4 minutos"},"schema":{"@context":"https:\/\/schema.org","@graph":[{"@type":"Article","@id":"https:\/\/www.laguiadepamplona.com\/actualidad\/unas-jornadas-acercan-desde-este-martes-hasta-el-jueves-analisis-y-oportunidades-en-economia-social\/#article","isPartOf":{"@id":"https:\/\/www.laguiadepamplona.com\/actualidad\/unas-jornadas-acercan-desde-este-martes-hasta-el-jueves-analisis-y-oportunidades-en-economia-social\/"},"author":{"name":"La Gu\u00eda de Pamplona","@id":"https:\/\/www.laguiadepamplona.com\/actualidad\/#\/schema\/person\/efe887376f0213d4657c93adc50b1fdb"},"headline":"Unas jornadas acercan desde este martes hasta el jueves an\u00e1lisis y oportunidades en econom\u00eda social","datePublished":"2018-04-23T11:18:27+00:00","mainEntityOfPage":{"@id":"https:\/\/www.laguiadepamplona.com\/actualidad\/unas-jornadas-acercan-desde-este-martes-hasta-el-jueves-analisis-y-oportunidades-en-economia-social\/"},"wordCount":760,"commentCount":0,"publisher":{"@id":"https:\/\/www.laguiadepamplona.com\/actualidad\/#organization"},"image":{"@id":"https:\/\/www.laguiadepamplona.com\/actualidad\/unas-jornadas-acercan-desde-este-martes-hasta-el-jueves-analisis-y-oportunidades-en-economia-social\/#primaryimage"},"thumbnailUrl":"https:\/\/www.laguiadepamplona.com\/actualidad\/wp-content\/uploads\/2017\/11\/Edificio-CEIN-04.jpg","articleSection":["Ayto Pamplona"],"inLanguage":"es","potentialAction":[{"@type":"CommentAction","name":"Comment","target":["https:\/\/www.laguiadepamplona.com\/actualidad\/unas-jornadas-acercan-desde-este-martes-hasta-el-jueves-analisis-y-oportunidades-en-economia-social\/#respond"]}]},{"@type":"WebPage","@id":"https:\/\/www.laguiadepamplona.com\/actualidad\/unas-jornadas-acercan-desde-este-martes-hasta-el-jueves-analisis-y-oportunidades-en-economia-social\/","url":"https:\/\/www.laguiadepamplona.com\/actualidad\/unas-jornadas-acercan-desde-este-martes-hasta-el-jueves-analisis-y-oportunidades-en-economia-social\/","name":"Unas jornadas acercan desde este martes hasta el jueves an\u00e1lisis y oportunidades en econom\u00eda social","isPartOf":{"@id":"https:\/\/www.laguiadepamplona.com\/actualidad\/#website"},"primaryImageOfPage":{"@id":"https:\/\/www.laguiadepamplona.com\/actualidad\/unas-jornadas-acercan-desde-este-martes-hasta-el-jueves-analisis-y-oportunidades-en-economia-social\/#primaryimage"},"image":{"@id":"https:\/\/www.laguiadepamplona.com\/actualidad\/unas-jornadas-acercan-desde-este-martes-hasta-el-jueves-analisis-y-oportunidades-en-economia-social\/#primaryimage"},"thumbnailUrl":"https:\/\/www.laguiadepamplona.com\/actualidad\/wp-content\/uploads\/2017\/11\/Edificio-CEIN-04.jpg","datePublished":"2018-04-23T11:18:27+00:00","breadcrumb":{"@id":"https:\/\/www.laguiadepamplona.com\/actualidad\/unas-jornadas-acercan-desde-este-martes-hasta-el-jueves-analisis-y-oportunidades-en-economia-social\/#breadcrumb"},"inLanguage":"es","potentialAction":[{"@type":"ReadAction","target":["https:\/\/www.laguiadepamplona.com\/actualidad\/unas-jornadas-acercan-desde-este-martes-hasta-el-jueves-analisis-y-oportunidades-en-economia-social\/"]}]},{"@type":"ImageObject","inLanguage":"es","@id":"https:\/\/www.laguiadepamplona.com\/actualidad\/unas-jornadas-acercan-desde-este-martes-hasta-el-jueves-analisis-y-oportunidades-en-economia-social\/#primaryimage","url":"https:\/\/www.laguiadepamplona.com\/actualidad\/wp-content\/uploads\/2017\/11\/Edificio-CEIN-04.jpg","contentUrl":"https:\/\/www.laguiadepamplona.com\/actualidad\/wp-content\/uploads\/2017\/11\/Edificio-CEIN-04.jpg","width":805,"height":350,"caption":"cein"},{"@type":"BreadcrumbList","@id":"https:\/\/www.laguiadepamplona.com\/actualidad\/unas-jornadas-acercan-desde-este-martes-hasta-el-jueves-analisis-y-oportunidades-en-economia-social\/#breadcrumb","itemListElement":[{"@type":"ListItem","position":1,"name":"Portada","item":"https:\/\/www.laguiadepamplona.com\/actualidad\/"},{"@type":"ListItem","position":2,"name":"Unas jornadas acercan desde este martes hasta el jueves an\u00e1lisis y oportunidades en econom\u00eda social"}]},{"@type":"WebSite","@id":"https:\/\/www.laguiadepamplona.com\/actualidad\/#website","url":"https:\/\/www.laguiadepamplona.com\/actualidad\/","name":"La gu\u00eda de Pamplona","description":"Noticias de Pamplona","publisher":{"@id":"https:\/\/www.laguiadepamplona.com\/actualidad\/#organization"},"potentialAction":[{"@type":"SearchAction","target":{"@type":"EntryPoint","urlTemplate":"https:\/\/www.laguiadepamplona.com\/actualidad\/?s={search_term_string}"},"query-input":{"@type":"PropertyValueSpecification","valueRequired":true,"valueName":"search_term_string"}}],"inLanguage":"es"},{"@type":"Organization","@id":"https:\/\/www.laguiadepamplona.com\/actualidad\/#organization","name":"La Gu\u00eda de Pamplona \/ Noticias","url":"https:\/\/www.laguiadepamplona.com\/actualidad\/","logo":{"@type":"ImageObject","inLanguage":"es","@id":"https:\/\/www.laguiadepamplona.com\/actualidad\/#\/schema\/logo\/image\/","url":"https:\/\/www.laguiadepamplona.com\/actualidad\/wp-content\/uploads\/2018\/11\/logo-laguiadepamplona18-web1.png","contentUrl":"https:\/\/www.laguiadepamplona.com\/actualidad\/wp-content\/uploads\/2018\/11\/logo-laguiadepamplona18-web1.png","width":600,"height":196,"caption":"La Gu\u00eda de Pamplona \/ Noticias"},"image":{"@id":"https:\/\/www.laguiadepamplona.com\/actualidad\/#\/schema\/logo\/image\/"},"sameAs":["https:\/\/www.facebook.com\/laguiadepamplonacom-133175176762273\/?ref=hl","https:\/\/x.com\/LaGuiadPamplona","https:\/\/www.instagram.com\/la_guia_de_pamplona\/","https:\/\/www.youtube.com\/user\/laguiadepamplona"]},{"@type":"Person","@id":"https:\/\/www.laguiadepamplona.com\/actualidad\/#\/schema\/person\/efe887376f0213d4657c93adc50b1fdb","name":"La Gu\u00eda de Pamplona","image":{"@type":"ImageObject","inLanguage":"es","@id":"https:\/\/secure.gravatar.com\/avatar\/b6992f131dc8d30ab0dff15446e9d346d9dbd95992de0fef795073f5ea83a81c?s=96&d=mm&r=g","url":"https:\/\/secure.gravatar.com\/avatar\/b6992f131dc8d30ab0dff15446e9d346d9dbd95992de0fef795073f5ea83a81c?s=96&d=mm&r=g","contentUrl":"https:\/\/secure.gravatar.com\/avatar\/b6992f131dc8d30ab0dff15446e9d346d9dbd95992de0fef795073f5ea83a81c?s=96&d=mm&r=g","caption":"La Gu\u00eda de Pamplona"}}]}},"post_mailing_queue_ids":[],"_links":{"self":[{"href":"https:\/\/www.laguiadepamplona.com\/actualidad\/wp-json\/wp\/v2\/posts\/17066","targetHints":{"allow":["GET"]}}],"collection":[{"href":"https:\/\/www.laguiadepamplona.com\/actualidad\/wp-json\/wp\/v2\/posts"}],"about":[{"href":"https:\/\/www.laguiadepamplona.com\/actualidad\/wp-json\/wp\/v2\/types\/post"}],"author":[{"embeddable":true,"href":"https:\/\/www.laguiadepamplona.com\/actualidad\/wp-json\/wp\/v2\/users\/1"}],"replies":[{"embeddable":true,"href":"https:\/\/www.laguiadepamplona.com\/actualidad\/wp-json\/wp\/v2\/comments?post=17066"}],"version-history":[{"count":0,"href":"https:\/\/www.laguiadepamplona.com\/actualidad\/wp-json\/wp\/v2\/posts\/17066\/revisions"}],"wp:featuredmedia":[{"embeddable":true,"href":"https:\/\/www.laguiadepamplona.com\/actualidad\/wp-json\/wp\/v2\/media\/14999"}],"wp:attachment":[{"href":"https:\/\/www.laguiadepamplona.com\/actualidad\/wp-json\/wp\/v2\/media?parent=17066"}],"wp:term":[{"taxonomy":"category","embeddable":true,"href":"https:\/\/www.laguiadepamplona.com\/actualidad\/wp-json\/wp\/v2\/categories?post=17066"},{"taxonomy":"post_tag","embeddable":true,"href":"https:\/\/www.laguiadepamplona.com\/actualidad\/wp-json\/wp\/v2\/tags?post=17066"}],"curies":[{"name":"wp","href":"https:\/\/api.w.org\/{rel}","templated":true}]}}