{"id":17062,"date":"2018-04-23T12:15:38","date_gmt":"2018-04-23T11:15:38","guid":{"rendered":"http:\/\/laguiadepamplona.es\/actualidad\/?p=17062"},"modified":"2018-04-23T12:15:38","modified_gmt":"2018-04-23T11:15:38","slug":"hoy-se-ha-abierto-el-plazo-de-inscripcion-para-la-biciescuela-para-mujeres-cuyos-contenidos-se-impartiran-en-mayo-y-junio","status":"publish","type":"post","link":"https:\/\/www.laguiadepamplona.com\/actualidad\/hoy-se-ha-abierto-el-plazo-de-inscripcion-para-la-biciescuela-para-mujeres-cuyos-contenidos-se-impartiran-en-mayo-y-junio\/","title":{"rendered":"Hoy se ha abierto el plazo de inscripci\u00f3n para la Biciescuela para mujeres cuyos contenidos se impartir\u00e1n en mayo y junio"},"content":{"rendered":"<h3>Hasta este viernes 27 de abril y a trav\u00e9s del tel\u00e9fono 010, se pueden solicitar plazas en los tres cursos previstos al precio de 10 euros<\/h3>\n<p><!--more--><\/p>\n<p>Los tres cursos de \u2018La Biciescuela para mujeres\u2019 pretenden que el espacio p\u00fablico se reparta de forma igualitaria, tambi\u00e9n en la movilidad ciclable. Desde hoy y hasta el viernes, a trav\u00e9s del Tel\u00e9fono de Atenci\u00f3n Ciudadana 010 (948 420 100 si se llama desde m\u00f3vil o desde fuera de Pamplona), estar\u00e1 abierto el plazo de inscripci\u00f3n para las interesadas. El n\u00famero m\u00e1ximo de plazas por curso-nivel es de 14 y las alumnas se dividir\u00e1n en dos grupos de 7 personas cada uno para la formaci\u00f3n. El precio del curso-nivel es de 10 euros por persona y sus contenidos estar\u00e1n impartidos por monitoras del colectivo Bizikume.<\/p>\n<p>Los contenidos se impartir\u00e1n los jueves de los meses de mayo y junio. Aunque generalmente a montar en bici se aprende en la infancia, hay quien no lo ha podido hacer. Para las mujeres que se encuentren en esa situaci\u00f3n est\u00e1 previsto el primer nivel de cursos de la Biciescuela. El nivel 2 est\u00e1 dise\u00f1ado para mujeres que sepan montar en bicicleta, pero se encuentran inseguras o quieran adquirir un mayor control en la conducci\u00f3n. En ambos casos las pr\u00e1cticas se har\u00e1n en circuitos cerrados al tr\u00e1fico. El tercer paso ser\u00e1 ya la circulaci\u00f3n efectiva en calle con tr\u00e1fico real.<\/p>\n<p>Las mujeres interesadas pueden realizar los tres niveles pasando de uno a otro conforme alcancen la capacitaci\u00f3n; quienes sepan montar en bicicleta pueden acceder directamente al nivel 2, pero no al 3, ya que a este nivel avanzado solo se puede acceder habiendo realizado el nivel anterior en la propia Biciescuela. Con este planteamiento el Consistorio trata de que, paulatinamente, el porcentaje de mujeres conductores de bicicletas, tambi\u00e9n despegue. Para los cursos se recomienda a participantes que traigan sus propias bicicletas, aunque el Servicio de Movilidad tendr\u00e1 10 disponibles para aquellas mujeres que no puedan llevarla a la formaci\u00f3n.<\/p>\n<p>Para informar y resolver dudas sobre estos cursos y presentar esta primera edici\u00f3n el Ayuntamiento de Pamplona ha preparado una jornada que tendr\u00e1 lugar el pr\u00f3ximo 25 de abril en el Civivox Ensanche. A las 19.30 horas las formadoras Erkuden Almagro Mendoza y Leire Rodr\u00edguez O\u00f1atibia, del colectivo Bizikume, explicar\u00e1n a las asistentes las ventajas del uso de la bicicleta, adem\u00e1s de dar algunas recomendaciones generales sobre su uso y ense\u00f1ar a las participantes el funcionamiento de los elementos b\u00e1sicos la bicicleta. En esa sesi\u00f3n se ayudar\u00e1 a las mujeres interesadas a reconocer en que nivel de utilizaci\u00f3n se encuadran.<\/p>\n<p><strong>Biciescuela para mujeres \u2018El empoderamiento sobre ruedas\u2019<\/strong><\/p>\n<ul>\n<li>Lugar: en los dos primeros niveles se dar\u00e1n las sesiones en un circuito cerrado al tr\u00e1fico. En el nivel 3 se har\u00e1 conducci\u00f3n en calle, con tr\u00e1fico real<\/li>\n<li>Horario: de 19 a 20.30 horas<\/li>\n<li>Imparte: Bizikume<\/li>\n<li>Inscripciones: del 23 al 27 de abril a trav\u00e9s del tel\u00e9fono 010<\/li>\n<li>Precio: 10 euros por curso<\/li>\n<\/ul>\n<p><strong><u>NIVELES<\/u><\/strong><\/p>\n<p><strong>Nivel 1, Iniciaci\u00f3n: Aprende a montar en bicicleta<\/strong><\/p>\n<ul>\n<li>Para personas que no saben montar en bicicleta<\/li>\n<li>Mayo: jueves 3, 10, 17, 24, 31 (sesiones de nivel 1)<\/li>\n<li>Una vez superado este nivel, se pasar\u00e1 al nivel 2<\/li>\n<li>Junio: jueves 7, 14, 21, 28 (sesiones de nivel 2)<\/li>\n<\/ul>\n<p><strong>Nivel 2, Habilidad: Conduce en bicicleta<\/strong><\/p>\n<ul>\n<li>Para personas que ya saben montar en bicicleta, pero quieren adquirir un mayor control en la conducci\u00f3n: Uso de frenos, marchas, control de distancias con obst\u00e1culos fijos y m\u00f3viles, etc. En circuito cerrado al tr\u00e1fico<\/li>\n<li>Mayo: jueves 3, 10, 17, 24, 31 (sesiones de nivel 2)<\/li>\n<li>Una vez superado este nivel, se pasar\u00e1 al nivel 3<\/li>\n<li>Junio: jueves 7, 14, 21, 28 (sesiones de nivel 3)<\/li>\n<\/ul>\n<p><strong>Nivel 3, Avanzado: Conducci\u00f3n b\u00e1sica en calle, mec\u00e1nica b\u00e1sica y planificaci\u00f3n de rutas<\/strong><\/p>\n<ul>\n<li>Pr\u00e1cticas de circulaci\u00f3n en la ciudad. En entornos urbanos pacificados y en presencia de tr\u00e1fico real<\/li>\n<li>No existe la opci\u00f3n de inscribirse directamente en este nivel, solo se podr\u00e1 acceder habiendo superado el anterior<\/li>\n<\/ul>\n<p>&nbsp;<\/p>\n<h3><a href=\"http:\/\/laguiadepamplona.es\/actualidad\/wp-content\/uploads\/2018\/04\/18.04.23_biciescuela_cuadriptico.pdf\" target=\"_blank\" rel=\"noopener\">biciescuela_cuadriptico.pdf<\/a><\/h3>\n<p>&nbsp;<\/p>\n","protected":false},"excerpt":{"rendered":"<p>Hasta este viernes 27 de abril y a trav\u00e9s del tel\u00e9fono 010, se pueden solicitar plazas en los tres cursos previstos al precio de 10 euros<\/p>\n","protected":false},"author":1,"featured_media":17063,"comment_status":"open","ping_status":"closed","sticky":false,"template":"","format":"standard","meta":{"footnotes":""},"categories":[2],"tags":[],"class_list":["post-17062","post","type-post","status-publish","format-standard","has-post-thumbnail","hentry","category-ayuntamiento-pamplona"],"yoast_head":"<!-- This site is optimized with the Yoast SEO plugin v27.5 - https:\/\/yoast.com\/product\/yoast-seo-wordpress\/ -->\n<title>Hoy se ha abierto el plazo de inscripci\u00f3n para la Biciescuela para mujeres cuyos contenidos se impartir\u00e1n en mayo y junio<\/title>\n<meta name=\"robots\" content=\"index, follow, max-snippet:-1, max-image-preview:large, max-video-preview:-1\" \/>\n<link rel=\"canonical\" href=\"https:\/\/www.laguiadepamplona.com\/actualidad\/hoy-se-ha-abierto-el-plazo-de-inscripcion-para-la-biciescuela-para-mujeres-cuyos-contenidos-se-impartiran-en-mayo-y-junio\/\" \/>\n<meta property=\"og:locale\" content=\"es_ES\" \/>\n<meta property=\"og:type\" content=\"article\" \/>\n<meta property=\"og:title\" content=\"Hoy se ha abierto el plazo de inscripci\u00f3n para la Biciescuela para mujeres cuyos contenidos se impartir\u00e1n en mayo y junio\" \/>\n<meta property=\"og:description\" content=\"Hasta este viernes 27 de abril y a trav\u00e9s del tel\u00e9fono 010, se pueden solicitar plazas en los tres cursos previstos al precio de 10 euros\" \/>\n<meta property=\"og:url\" content=\"https:\/\/www.laguiadepamplona.com\/actualidad\/hoy-se-ha-abierto-el-plazo-de-inscripcion-para-la-biciescuela-para-mujeres-cuyos-contenidos-se-impartiran-en-mayo-y-junio\/\" \/>\n<meta property=\"og:site_name\" content=\"La Gu\u00eda de Pamplona\" \/>\n<meta property=\"article:publisher\" content=\"https:\/\/www.facebook.com\/laguiadepamplonacom-133175176762273\/?ref=hl\" \/>\n<meta property=\"article:published_time\" content=\"2018-04-23T11:15:38+00:00\" \/>\n<meta property=\"og:image\" content=\"https:\/\/www.laguiadepamplona.com\/actualidad\/wp-content\/uploads\/2018\/04\/18.04.23_monitoras_biciescuela_dia_mundial_bici.jpg\" \/>\n\t<meta property=\"og:image:width\" content=\"1000\" \/>\n\t<meta property=\"og:image:height\" content=\"650\" \/>\n\t<meta property=\"og:image:type\" content=\"image\/jpeg\" \/>\n<meta name=\"author\" content=\"La Gu\u00eda de Pamplona\" \/>\n<meta name=\"twitter:card\" content=\"summary_large_image\" \/>\n<meta name=\"twitter:creator\" content=\"@LaGuiadPamplona\" \/>\n<meta name=\"twitter:site\" content=\"@LaGuiadPamplona\" \/>\n<meta name=\"twitter:label1\" content=\"Escrito por\" \/>\n\t<meta name=\"twitter:data1\" content=\"La Gu\u00eda de Pamplona\" \/>\n\t<meta name=\"twitter:label2\" content=\"Tiempo de lectura\" \/>\n\t<meta name=\"twitter:data2\" content=\"3 minutos\" \/>\n<script type=\"application\/ld+json\" class=\"yoast-schema-graph\">{\"@context\":\"https:\\\/\\\/schema.org\",\"@graph\":[{\"@type\":\"Article\",\"@id\":\"https:\\\/\\\/www.laguiadepamplona.com\\\/actualidad\\\/hoy-se-ha-abierto-el-plazo-de-inscripcion-para-la-biciescuela-para-mujeres-cuyos-contenidos-se-impartiran-en-mayo-y-junio\\\/#article\",\"isPartOf\":{\"@id\":\"https:\\\/\\\/www.laguiadepamplona.com\\\/actualidad\\\/hoy-se-ha-abierto-el-plazo-de-inscripcion-para-la-biciescuela-para-mujeres-cuyos-contenidos-se-impartiran-en-mayo-y-junio\\\/\"},\"author\":{\"name\":\"La Gu\u00eda de Pamplona\",\"@id\":\"https:\\\/\\\/www.laguiadepamplona.com\\\/actualidad\\\/#\\\/schema\\\/person\\\/efe887376f0213d4657c93adc50b1fdb\"},\"headline\":\"Hoy se ha abierto el plazo de inscripci\u00f3n para la Biciescuela para mujeres cuyos contenidos se impartir\u00e1n en mayo y junio\",\"datePublished\":\"2018-04-23T11:15:38+00:00\",\"mainEntityOfPage\":{\"@id\":\"https:\\\/\\\/www.laguiadepamplona.com\\\/actualidad\\\/hoy-se-ha-abierto-el-plazo-de-inscripcion-para-la-biciescuela-para-mujeres-cuyos-contenidos-se-impartiran-en-mayo-y-junio\\\/\"},\"wordCount\":691,\"commentCount\":0,\"publisher\":{\"@id\":\"https:\\\/\\\/www.laguiadepamplona.com\\\/actualidad\\\/#organization\"},\"image\":{\"@id\":\"https:\\\/\\\/www.laguiadepamplona.com\\\/actualidad\\\/hoy-se-ha-abierto-el-plazo-de-inscripcion-para-la-biciescuela-para-mujeres-cuyos-contenidos-se-impartiran-en-mayo-y-junio\\\/#primaryimage\"},\"thumbnailUrl\":\"https:\\\/\\\/www.laguiadepamplona.com\\\/actualidad\\\/wp-content\\\/uploads\\\/2018\\\/04\\\/18.04.23_monitoras_biciescuela_dia_mundial_bici.jpg\",\"articleSection\":[\"Ayto Pamplona\"],\"inLanguage\":\"es\",\"potentialAction\":[{\"@type\":\"CommentAction\",\"name\":\"Comment\",\"target\":[\"https:\\\/\\\/www.laguiadepamplona.com\\\/actualidad\\\/hoy-se-ha-abierto-el-plazo-de-inscripcion-para-la-biciescuela-para-mujeres-cuyos-contenidos-se-impartiran-en-mayo-y-junio\\\/#respond\"]}]},{\"@type\":\"WebPage\",\"@id\":\"https:\\\/\\\/www.laguiadepamplona.com\\\/actualidad\\\/hoy-se-ha-abierto-el-plazo-de-inscripcion-para-la-biciescuela-para-mujeres-cuyos-contenidos-se-impartiran-en-mayo-y-junio\\\/\",\"url\":\"https:\\\/\\\/www.laguiadepamplona.com\\\/actualidad\\\/hoy-se-ha-abierto-el-plazo-de-inscripcion-para-la-biciescuela-para-mujeres-cuyos-contenidos-se-impartiran-en-mayo-y-junio\\\/\",\"name\":\"Hoy se ha abierto el plazo de inscripci\u00f3n para la Biciescuela para mujeres cuyos contenidos se impartir\u00e1n en mayo y junio\",\"isPartOf\":{\"@id\":\"https:\\\/\\\/www.laguiadepamplona.com\\\/actualidad\\\/#website\"},\"primaryImageOfPage\":{\"@id\":\"https:\\\/\\\/www.laguiadepamplona.com\\\/actualidad\\\/hoy-se-ha-abierto-el-plazo-de-inscripcion-para-la-biciescuela-para-mujeres-cuyos-contenidos-se-impartiran-en-mayo-y-junio\\\/#primaryimage\"},\"image\":{\"@id\":\"https:\\\/\\\/www.laguiadepamplona.com\\\/actualidad\\\/hoy-se-ha-abierto-el-plazo-de-inscripcion-para-la-biciescuela-para-mujeres-cuyos-contenidos-se-impartiran-en-mayo-y-junio\\\/#primaryimage\"},\"thumbnailUrl\":\"https:\\\/\\\/www.laguiadepamplona.com\\\/actualidad\\\/wp-content\\\/uploads\\\/2018\\\/04\\\/18.04.23_monitoras_biciescuela_dia_mundial_bici.jpg\",\"datePublished\":\"2018-04-23T11:15:38+00:00\",\"breadcrumb\":{\"@id\":\"https:\\\/\\\/www.laguiadepamplona.com\\\/actualidad\\\/hoy-se-ha-abierto-el-plazo-de-inscripcion-para-la-biciescuela-para-mujeres-cuyos-contenidos-se-impartiran-en-mayo-y-junio\\\/#breadcrumb\"},\"inLanguage\":\"es\",\"potentialAction\":[{\"@type\":\"ReadAction\",\"target\":[\"https:\\\/\\\/www.laguiadepamplona.com\\\/actualidad\\\/hoy-se-ha-abierto-el-plazo-de-inscripcion-para-la-biciescuela-para-mujeres-cuyos-contenidos-se-impartiran-en-mayo-y-junio\\\/\"]}]},{\"@type\":\"ImageObject\",\"inLanguage\":\"es\",\"@id\":\"https:\\\/\\\/www.laguiadepamplona.com\\\/actualidad\\\/hoy-se-ha-abierto-el-plazo-de-inscripcion-para-la-biciescuela-para-mujeres-cuyos-contenidos-se-impartiran-en-mayo-y-junio\\\/#primaryimage\",\"url\":\"https:\\\/\\\/www.laguiadepamplona.com\\\/actualidad\\\/wp-content\\\/uploads\\\/2018\\\/04\\\/18.04.23_monitoras_biciescuela_dia_mundial_bici.jpg\",\"contentUrl\":\"https:\\\/\\\/www.laguiadepamplona.com\\\/actualidad\\\/wp-content\\\/uploads\\\/2018\\\/04\\\/18.04.23_monitoras_biciescuela_dia_mundial_bici.jpg\",\"width\":1000,\"height\":650},{\"@type\":\"BreadcrumbList\",\"@id\":\"https:\\\/\\\/www.laguiadepamplona.com\\\/actualidad\\\/hoy-se-ha-abierto-el-plazo-de-inscripcion-para-la-biciescuela-para-mujeres-cuyos-contenidos-se-impartiran-en-mayo-y-junio\\\/#breadcrumb\",\"itemListElement\":[{\"@type\":\"ListItem\",\"position\":1,\"name\":\"Portada\",\"item\":\"https:\\\/\\\/www.laguiadepamplona.com\\\/actualidad\\\/\"},{\"@type\":\"ListItem\",\"position\":2,\"name\":\"Hoy se ha abierto el plazo de inscripci\u00f3n para la Biciescuela para mujeres cuyos contenidos se impartir\u00e1n en mayo y junio\"}]},{\"@type\":\"WebSite\",\"@id\":\"https:\\\/\\\/www.laguiadepamplona.com\\\/actualidad\\\/#website\",\"url\":\"https:\\\/\\\/www.laguiadepamplona.com\\\/actualidad\\\/\",\"name\":\"La gu\u00eda de Pamplona\",\"description\":\"Noticias de Pamplona\",\"publisher\":{\"@id\":\"https:\\\/\\\/www.laguiadepamplona.com\\\/actualidad\\\/#organization\"},\"potentialAction\":[{\"@type\":\"SearchAction\",\"target\":{\"@type\":\"EntryPoint\",\"urlTemplate\":\"https:\\\/\\\/www.laguiadepamplona.com\\\/actualidad\\\/?s={search_term_string}\"},\"query-input\":{\"@type\":\"PropertyValueSpecification\",\"valueRequired\":true,\"valueName\":\"search_term_string\"}}],\"inLanguage\":\"es\"},{\"@type\":\"Organization\",\"@id\":\"https:\\\/\\\/www.laguiadepamplona.com\\\/actualidad\\\/#organization\",\"name\":\"La Gu\u00eda de Pamplona \\\/ Noticias\",\"url\":\"https:\\\/\\\/www.laguiadepamplona.com\\\/actualidad\\\/\",\"logo\":{\"@type\":\"ImageObject\",\"inLanguage\":\"es\",\"@id\":\"https:\\\/\\\/www.laguiadepamplona.com\\\/actualidad\\\/#\\\/schema\\\/logo\\\/image\\\/\",\"url\":\"https:\\\/\\\/www.laguiadepamplona.com\\\/actualidad\\\/wp-content\\\/uploads\\\/2018\\\/11\\\/logo-laguiadepamplona18-web1.png\",\"contentUrl\":\"https:\\\/\\\/www.laguiadepamplona.com\\\/actualidad\\\/wp-content\\\/uploads\\\/2018\\\/11\\\/logo-laguiadepamplona18-web1.png\",\"width\":600,\"height\":196,\"caption\":\"La Gu\u00eda de Pamplona \\\/ Noticias\"},\"image\":{\"@id\":\"https:\\\/\\\/www.laguiadepamplona.com\\\/actualidad\\\/#\\\/schema\\\/logo\\\/image\\\/\"},\"sameAs\":[\"https:\\\/\\\/www.facebook.com\\\/laguiadepamplonacom-133175176762273\\\/?ref=hl\",\"https:\\\/\\\/x.com\\\/LaGuiadPamplona\",\"https:\\\/\\\/www.instagram.com\\\/la_guia_de_pamplona\\\/\",\"https:\\\/\\\/www.youtube.com\\\/user\\\/laguiadepamplona\"]},{\"@type\":\"Person\",\"@id\":\"https:\\\/\\\/www.laguiadepamplona.com\\\/actualidad\\\/#\\\/schema\\\/person\\\/efe887376f0213d4657c93adc50b1fdb\",\"name\":\"La Gu\u00eda de Pamplona\",\"image\":{\"@type\":\"ImageObject\",\"inLanguage\":\"es\",\"@id\":\"https:\\\/\\\/secure.gravatar.com\\\/avatar\\\/b6992f131dc8d30ab0dff15446e9d346d9dbd95992de0fef795073f5ea83a81c?s=96&d=mm&r=g\",\"url\":\"https:\\\/\\\/secure.gravatar.com\\\/avatar\\\/b6992f131dc8d30ab0dff15446e9d346d9dbd95992de0fef795073f5ea83a81c?s=96&d=mm&r=g\",\"contentUrl\":\"https:\\\/\\\/secure.gravatar.com\\\/avatar\\\/b6992f131dc8d30ab0dff15446e9d346d9dbd95992de0fef795073f5ea83a81c?s=96&d=mm&r=g\",\"caption\":\"La Gu\u00eda de Pamplona\"}}]}<\/script>\n<!-- \/ Yoast SEO plugin. -->","yoast_head_json":{"title":"Hoy se ha abierto el plazo de inscripci\u00f3n para la Biciescuela para mujeres cuyos contenidos se impartir\u00e1n en mayo y junio","robots":{"index":"index","follow":"follow","max-snippet":"max-snippet:-1","max-image-preview":"max-image-preview:large","max-video-preview":"max-video-preview:-1"},"canonical":"https:\/\/www.laguiadepamplona.com\/actualidad\/hoy-se-ha-abierto-el-plazo-de-inscripcion-para-la-biciescuela-para-mujeres-cuyos-contenidos-se-impartiran-en-mayo-y-junio\/","og_locale":"es_ES","og_type":"article","og_title":"Hoy se ha abierto el plazo de inscripci\u00f3n para la Biciescuela para mujeres cuyos contenidos se impartir\u00e1n en mayo y junio","og_description":"Hasta este viernes 27 de abril y a trav\u00e9s del tel\u00e9fono 010, se pueden solicitar plazas en los tres cursos previstos al precio de 10 euros","og_url":"https:\/\/www.laguiadepamplona.com\/actualidad\/hoy-se-ha-abierto-el-plazo-de-inscripcion-para-la-biciescuela-para-mujeres-cuyos-contenidos-se-impartiran-en-mayo-y-junio\/","og_site_name":"La Gu\u00eda de Pamplona","article_publisher":"https:\/\/www.facebook.com\/laguiadepamplonacom-133175176762273\/?ref=hl","article_published_time":"2018-04-23T11:15:38+00:00","og_image":[{"width":1000,"height":650,"url":"https:\/\/www.laguiadepamplona.com\/actualidad\/wp-content\/uploads\/2018\/04\/18.04.23_monitoras_biciescuela_dia_mundial_bici.jpg","type":"image\/jpeg"}],"author":"La Gu\u00eda de Pamplona","twitter_card":"summary_large_image","twitter_creator":"@LaGuiadPamplona","twitter_site":"@LaGuiadPamplona","twitter_misc":{"Escrito por":"La Gu\u00eda de Pamplona","Tiempo de lectura":"3 minutos"},"schema":{"@context":"https:\/\/schema.org","@graph":[{"@type":"Article","@id":"https:\/\/www.laguiadepamplona.com\/actualidad\/hoy-se-ha-abierto-el-plazo-de-inscripcion-para-la-biciescuela-para-mujeres-cuyos-contenidos-se-impartiran-en-mayo-y-junio\/#article","isPartOf":{"@id":"https:\/\/www.laguiadepamplona.com\/actualidad\/hoy-se-ha-abierto-el-plazo-de-inscripcion-para-la-biciescuela-para-mujeres-cuyos-contenidos-se-impartiran-en-mayo-y-junio\/"},"author":{"name":"La Gu\u00eda de Pamplona","@id":"https:\/\/www.laguiadepamplona.com\/actualidad\/#\/schema\/person\/efe887376f0213d4657c93adc50b1fdb"},"headline":"Hoy se ha abierto el plazo de inscripci\u00f3n para la Biciescuela para mujeres cuyos contenidos se impartir\u00e1n en mayo y junio","datePublished":"2018-04-23T11:15:38+00:00","mainEntityOfPage":{"@id":"https:\/\/www.laguiadepamplona.com\/actualidad\/hoy-se-ha-abierto-el-plazo-de-inscripcion-para-la-biciescuela-para-mujeres-cuyos-contenidos-se-impartiran-en-mayo-y-junio\/"},"wordCount":691,"commentCount":0,"publisher":{"@id":"https:\/\/www.laguiadepamplona.com\/actualidad\/#organization"},"image":{"@id":"https:\/\/www.laguiadepamplona.com\/actualidad\/hoy-se-ha-abierto-el-plazo-de-inscripcion-para-la-biciescuela-para-mujeres-cuyos-contenidos-se-impartiran-en-mayo-y-junio\/#primaryimage"},"thumbnailUrl":"https:\/\/www.laguiadepamplona.com\/actualidad\/wp-content\/uploads\/2018\/04\/18.04.23_monitoras_biciescuela_dia_mundial_bici.jpg","articleSection":["Ayto Pamplona"],"inLanguage":"es","potentialAction":[{"@type":"CommentAction","name":"Comment","target":["https:\/\/www.laguiadepamplona.com\/actualidad\/hoy-se-ha-abierto-el-plazo-de-inscripcion-para-la-biciescuela-para-mujeres-cuyos-contenidos-se-impartiran-en-mayo-y-junio\/#respond"]}]},{"@type":"WebPage","@id":"https:\/\/www.laguiadepamplona.com\/actualidad\/hoy-se-ha-abierto-el-plazo-de-inscripcion-para-la-biciescuela-para-mujeres-cuyos-contenidos-se-impartiran-en-mayo-y-junio\/","url":"https:\/\/www.laguiadepamplona.com\/actualidad\/hoy-se-ha-abierto-el-plazo-de-inscripcion-para-la-biciescuela-para-mujeres-cuyos-contenidos-se-impartiran-en-mayo-y-junio\/","name":"Hoy se ha abierto el plazo de inscripci\u00f3n para la Biciescuela para mujeres cuyos contenidos se impartir\u00e1n en mayo y junio","isPartOf":{"@id":"https:\/\/www.laguiadepamplona.com\/actualidad\/#website"},"primaryImageOfPage":{"@id":"https:\/\/www.laguiadepamplona.com\/actualidad\/hoy-se-ha-abierto-el-plazo-de-inscripcion-para-la-biciescuela-para-mujeres-cuyos-contenidos-se-impartiran-en-mayo-y-junio\/#primaryimage"},"image":{"@id":"https:\/\/www.laguiadepamplona.com\/actualidad\/hoy-se-ha-abierto-el-plazo-de-inscripcion-para-la-biciescuela-para-mujeres-cuyos-contenidos-se-impartiran-en-mayo-y-junio\/#primaryimage"},"thumbnailUrl":"https:\/\/www.laguiadepamplona.com\/actualidad\/wp-content\/uploads\/2018\/04\/18.04.23_monitoras_biciescuela_dia_mundial_bici.jpg","datePublished":"2018-04-23T11:15:38+00:00","breadcrumb":{"@id":"https:\/\/www.laguiadepamplona.com\/actualidad\/hoy-se-ha-abierto-el-plazo-de-inscripcion-para-la-biciescuela-para-mujeres-cuyos-contenidos-se-impartiran-en-mayo-y-junio\/#breadcrumb"},"inLanguage":"es","potentialAction":[{"@type":"ReadAction","target":["https:\/\/www.laguiadepamplona.com\/actualidad\/hoy-se-ha-abierto-el-plazo-de-inscripcion-para-la-biciescuela-para-mujeres-cuyos-contenidos-se-impartiran-en-mayo-y-junio\/"]}]},{"@type":"ImageObject","inLanguage":"es","@id":"https:\/\/www.laguiadepamplona.com\/actualidad\/hoy-se-ha-abierto-el-plazo-de-inscripcion-para-la-biciescuela-para-mujeres-cuyos-contenidos-se-impartiran-en-mayo-y-junio\/#primaryimage","url":"https:\/\/www.laguiadepamplona.com\/actualidad\/wp-content\/uploads\/2018\/04\/18.04.23_monitoras_biciescuela_dia_mundial_bici.jpg","contentUrl":"https:\/\/www.laguiadepamplona.com\/actualidad\/wp-content\/uploads\/2018\/04\/18.04.23_monitoras_biciescuela_dia_mundial_bici.jpg","width":1000,"height":650},{"@type":"BreadcrumbList","@id":"https:\/\/www.laguiadepamplona.com\/actualidad\/hoy-se-ha-abierto-el-plazo-de-inscripcion-para-la-biciescuela-para-mujeres-cuyos-contenidos-se-impartiran-en-mayo-y-junio\/#breadcrumb","itemListElement":[{"@type":"ListItem","position":1,"name":"Portada","item":"https:\/\/www.laguiadepamplona.com\/actualidad\/"},{"@type":"ListItem","position":2,"name":"Hoy se ha abierto el plazo de inscripci\u00f3n para la Biciescuela para mujeres cuyos contenidos se impartir\u00e1n en mayo y junio"}]},{"@type":"WebSite","@id":"https:\/\/www.laguiadepamplona.com\/actualidad\/#website","url":"https:\/\/www.laguiadepamplona.com\/actualidad\/","name":"La gu\u00eda de Pamplona","description":"Noticias de Pamplona","publisher":{"@id":"https:\/\/www.laguiadepamplona.com\/actualidad\/#organization"},"potentialAction":[{"@type":"SearchAction","target":{"@type":"EntryPoint","urlTemplate":"https:\/\/www.laguiadepamplona.com\/actualidad\/?s={search_term_string}"},"query-input":{"@type":"PropertyValueSpecification","valueRequired":true,"valueName":"search_term_string"}}],"inLanguage":"es"},{"@type":"Organization","@id":"https:\/\/www.laguiadepamplona.com\/actualidad\/#organization","name":"La Gu\u00eda de Pamplona \/ Noticias","url":"https:\/\/www.laguiadepamplona.com\/actualidad\/","logo":{"@type":"ImageObject","inLanguage":"es","@id":"https:\/\/www.laguiadepamplona.com\/actualidad\/#\/schema\/logo\/image\/","url":"https:\/\/www.laguiadepamplona.com\/actualidad\/wp-content\/uploads\/2018\/11\/logo-laguiadepamplona18-web1.png","contentUrl":"https:\/\/www.laguiadepamplona.com\/actualidad\/wp-content\/uploads\/2018\/11\/logo-laguiadepamplona18-web1.png","width":600,"height":196,"caption":"La Gu\u00eda de Pamplona \/ Noticias"},"image":{"@id":"https:\/\/www.laguiadepamplona.com\/actualidad\/#\/schema\/logo\/image\/"},"sameAs":["https:\/\/www.facebook.com\/laguiadepamplonacom-133175176762273\/?ref=hl","https:\/\/x.com\/LaGuiadPamplona","https:\/\/www.instagram.com\/la_guia_de_pamplona\/","https:\/\/www.youtube.com\/user\/laguiadepamplona"]},{"@type":"Person","@id":"https:\/\/www.laguiadepamplona.com\/actualidad\/#\/schema\/person\/efe887376f0213d4657c93adc50b1fdb","name":"La Gu\u00eda de Pamplona","image":{"@type":"ImageObject","inLanguage":"es","@id":"https:\/\/secure.gravatar.com\/avatar\/b6992f131dc8d30ab0dff15446e9d346d9dbd95992de0fef795073f5ea83a81c?s=96&d=mm&r=g","url":"https:\/\/secure.gravatar.com\/avatar\/b6992f131dc8d30ab0dff15446e9d346d9dbd95992de0fef795073f5ea83a81c?s=96&d=mm&r=g","contentUrl":"https:\/\/secure.gravatar.com\/avatar\/b6992f131dc8d30ab0dff15446e9d346d9dbd95992de0fef795073f5ea83a81c?s=96&d=mm&r=g","caption":"La Gu\u00eda de Pamplona"}}]}},"post_mailing_queue_ids":[],"_links":{"self":[{"href":"https:\/\/www.laguiadepamplona.com\/actualidad\/wp-json\/wp\/v2\/posts\/17062","targetHints":{"allow":["GET"]}}],"collection":[{"href":"https:\/\/www.laguiadepamplona.com\/actualidad\/wp-json\/wp\/v2\/posts"}],"about":[{"href":"https:\/\/www.laguiadepamplona.com\/actualidad\/wp-json\/wp\/v2\/types\/post"}],"author":[{"embeddable":true,"href":"https:\/\/www.laguiadepamplona.com\/actualidad\/wp-json\/wp\/v2\/users\/1"}],"replies":[{"embeddable":true,"href":"https:\/\/www.laguiadepamplona.com\/actualidad\/wp-json\/wp\/v2\/comments?post=17062"}],"version-history":[{"count":0,"href":"https:\/\/www.laguiadepamplona.com\/actualidad\/wp-json\/wp\/v2\/posts\/17062\/revisions"}],"wp:featuredmedia":[{"embeddable":true,"href":"https:\/\/www.laguiadepamplona.com\/actualidad\/wp-json\/wp\/v2\/media\/17063"}],"wp:attachment":[{"href":"https:\/\/www.laguiadepamplona.com\/actualidad\/wp-json\/wp\/v2\/media?parent=17062"}],"wp:term":[{"taxonomy":"category","embeddable":true,"href":"https:\/\/www.laguiadepamplona.com\/actualidad\/wp-json\/wp\/v2\/categories?post=17062"},{"taxonomy":"post_tag","embeddable":true,"href":"https:\/\/www.laguiadepamplona.com\/actualidad\/wp-json\/wp\/v2\/tags?post=17062"}],"curies":[{"name":"wp","href":"https:\/\/api.w.org\/{rel}","templated":true}]}}