{"id":1700,"date":"2014-05-22T11:07:37","date_gmt":"2014-05-22T10:07:37","guid":{"rendered":"http:\/\/laguiadepamplona.es\/noticias\/?p=1700"},"modified":"2014-05-22T11:07:37","modified_gmt":"2014-05-22T10:07:37","slug":"la-calle-bergamin-contara-con-un-paso-peatonal-refugio-a-la-altura-de-las-calle-goroabe-y-santa-marta-para-aumentar-la-seguridad-de-los-viandantes","status":"publish","type":"post","link":"https:\/\/www.laguiadepamplona.com\/actualidad\/la-calle-bergamin-contara-con-un-paso-peatonal-refugio-a-la-altura-de-las-calle-goroabe-y-santa-marta-para-aumentar-la-seguridad-de-los-viandantes\/","title":{"rendered":"La calle Bergam\u00edn contar\u00e1 con un paso peatonal \u2018refugio\u2019 a la altura de las calle Goroabe y Santa Marta para aumentar la seguridad de los viandantes"},"content":{"rendered":"<h4>La obra, demandada por los propios vecinos, concluir\u00e1 la semana que viene<\/h4>\n<p><a href=\"http:\/\/laguiadepamplona.es\/noticias\/wp-content\/uploads\/2014\/01\/01_Pamplona.jpg\"><img loading=\"lazy\" decoding=\"async\" class=\"alignleft size-medium wp-image-113\" src=\"http:\/\/laguiadepamplona.es\/noticias\/wp-content\/uploads\/2014\/01\/01_Pamplona-300x225.jpg\" alt=\"01_Pamplona\" width=\"300\" height=\"225\" \/><\/a>El Ayuntamiento de Pamplona est\u00e1 llevando a cabo una serie de trabajos en la calle Bergam\u00edn a la altura de las calles Goroabe y Santa Marta para crear un paso peatonal de refugio para los viandantes. Esta obra, que tiene un coste de 5.000 euros y estar\u00e1 terminada la semana que viene, ha sido solicitada por los propios vecinos a trav\u00e9s de llamadas al \u00e1rea de Seguridad Ciudadana y al 010.<\/p>\n<p>Ese refugio peatonal se est\u00e1 construyendo en el paso de peatones existente, en medio de los dos sentidos de circulaci\u00f3n. Tendr\u00e1 un tama\u00f1o de 1,20 metros de ancho y una longitud tal que sea perfectamente compatible con el tr\u00e1fico rodado y la parada cercana de autob\u00fas. Estar\u00e1 adaptado a la normativa vigente y se realizar\u00e1 con bordillo calatorao y baldosa hidr\u00e1ulica, al igual que otros existentes en la ciudad en v\u00edas como la calle Bartolom\u00e9 de Carranza, la avenida de Bara\u00f1\u00e1in o la calle \u00cd\u00f1igo Arista.<\/p>\n<p>En 2008 se elimin\u00f3 una mediana que exist\u00eda en ese tramo para generar un segundo carril en la aproximaci\u00f3n a la rotonda cercana y dar una mayor fluidez al tr\u00e1fico en un punto entonces habitual de congestiones. La zona fue se\u00f1alizada con pivotes y se elev\u00f3 en forma de \u2018lomo de asno\u2019, pero con el paso del tiempo se ha percibido que resulta peligroso para el peat\u00f3n que cruza no tener una zona segura en la que refugiarse si est\u00e1n obligados a pararse porque no lo hace el veh\u00edculo que transita por esa calle, a pesar de tener un paso de cebra.<\/p>\n<p>La actuaci\u00f3n ha sido coordinada con el \u00e1rea de Seguridad Ciudadana y con el servicio de transportes de la Mancomunidad de la Comarca de Pamplona, debido a la proximidad de una parada de autob\u00fas urbano. Esta actuaci\u00f3n en la v\u00eda p\u00fablica se enmarca en la l\u00ednea de aumentar y favorecer la seguridad de los ciudadanos en su tr\u00e1nsito por la ciudad para evitar posibles puntos de riesgo o de conflicto entre peatones y veh\u00edculos.<\/p>\n<p>&nbsp;<\/p>\n","protected":false},"excerpt":{"rendered":"<p>La obra, demandada por los propios vecinos, concluir\u00e1 la semana que viene El Ayuntamiento de Pamplona est\u00e1 llevando a cabo una serie de trabajos en la calle Bergam\u00edn a la&#8230;<\/p>\n","protected":false},"author":1,"featured_media":113,"comment_status":"open","ping_status":"open","sticky":false,"template":"","format":"standard","meta":{"footnotes":""},"categories":[2],"tags":[5,6,509,1361,1362,1363,1364,8,9,1365,1366],"class_list":["post-1700","post","type-post","status-publish","format-standard","has-post-thumbnail","hentry","category-ayuntamiento-pamplona","tag-actualidad","tag-ayto-pamplona","tag-ayuntamiento-de-pamplona","tag-bergamin","tag-calle","tag-calle-goroabe","tag-calle-santa-marta","tag-noticias","tag-pamplona","tag-paso-peatonal","tag-refugio"],"yoast_head":"<!-- This site is optimized with the Yoast SEO plugin v27.5 - https:\/\/yoast.com\/product\/yoast-seo-wordpress\/ -->\n<title>La calle Bergam\u00edn contar\u00e1 con un paso peatonal \u2018refugio\u2019 a la altura de las calle Goroabe y Santa Marta para aumentar la seguridad de los viandantes<\/title>\n<meta name=\"robots\" content=\"index, follow, max-snippet:-1, max-image-preview:large, max-video-preview:-1\" \/>\n<link rel=\"canonical\" href=\"https:\/\/www.laguiadepamplona.com\/actualidad\/la-calle-bergamin-contara-con-un-paso-peatonal-refugio-a-la-altura-de-las-calle-goroabe-y-santa-marta-para-aumentar-la-seguridad-de-los-viandantes\/\" \/>\n<meta property=\"og:locale\" content=\"es_ES\" \/>\n<meta property=\"og:type\" content=\"article\" \/>\n<meta property=\"og:title\" content=\"La calle Bergam\u00edn contar\u00e1 con un paso peatonal \u2018refugio\u2019 a la altura de las calle Goroabe y Santa Marta para aumentar la seguridad de los viandantes\" \/>\n<meta property=\"og:description\" content=\"La obra, demandada por los propios vecinos, concluir\u00e1 la semana que viene El Ayuntamiento de Pamplona est\u00e1 llevando a cabo una serie de trabajos en la calle Bergam\u00edn a la...\" \/>\n<meta property=\"og:url\" content=\"https:\/\/www.laguiadepamplona.com\/actualidad\/la-calle-bergamin-contara-con-un-paso-peatonal-refugio-a-la-altura-de-las-calle-goroabe-y-santa-marta-para-aumentar-la-seguridad-de-los-viandantes\/\" \/>\n<meta property=\"og:site_name\" content=\"La Gu\u00eda de Pamplona\" \/>\n<meta property=\"article:publisher\" content=\"https:\/\/www.facebook.com\/laguiadepamplonacom-133175176762273\/?ref=hl\" \/>\n<meta property=\"article:published_time\" content=\"2014-05-22T10:07:37+00:00\" \/>\n<meta name=\"author\" content=\"La Gu\u00eda de Pamplona\" \/>\n<meta name=\"twitter:card\" content=\"summary_large_image\" \/>\n<meta name=\"twitter:creator\" content=\"@LaGuiadPamplona\" \/>\n<meta name=\"twitter:site\" content=\"@LaGuiadPamplona\" \/>\n<meta name=\"twitter:label1\" content=\"Escrito por\" \/>\n\t<meta name=\"twitter:data1\" content=\"La Gu\u00eda de Pamplona\" \/>\n\t<meta name=\"twitter:label2\" content=\"Tiempo de lectura\" \/>\n\t<meta name=\"twitter:data2\" content=\"2 minutos\" \/>\n<script type=\"application\/ld+json\" class=\"yoast-schema-graph\">{\"@context\":\"https:\\\/\\\/schema.org\",\"@graph\":[{\"@type\":\"Article\",\"@id\":\"https:\\\/\\\/www.laguiadepamplona.com\\\/actualidad\\\/la-calle-bergamin-contara-con-un-paso-peatonal-refugio-a-la-altura-de-las-calle-goroabe-y-santa-marta-para-aumentar-la-seguridad-de-los-viandantes\\\/#article\",\"isPartOf\":{\"@id\":\"https:\\\/\\\/www.laguiadepamplona.com\\\/actualidad\\\/la-calle-bergamin-contara-con-un-paso-peatonal-refugio-a-la-altura-de-las-calle-goroabe-y-santa-marta-para-aumentar-la-seguridad-de-los-viandantes\\\/\"},\"author\":{\"name\":\"La Gu\u00eda de Pamplona\",\"@id\":\"https:\\\/\\\/www.laguiadepamplona.com\\\/actualidad\\\/#\\\/schema\\\/person\\\/efe887376f0213d4657c93adc50b1fdb\"},\"headline\":\"La calle Bergam\u00edn contar\u00e1 con un paso peatonal \u2018refugio\u2019 a la altura de las calle Goroabe y Santa Marta para aumentar la seguridad de los viandantes\",\"datePublished\":\"2014-05-22T10:07:37+00:00\",\"mainEntityOfPage\":{\"@id\":\"https:\\\/\\\/www.laguiadepamplona.com\\\/actualidad\\\/la-calle-bergamin-contara-con-un-paso-peatonal-refugio-a-la-altura-de-las-calle-goroabe-y-santa-marta-para-aumentar-la-seguridad-de-los-viandantes\\\/\"},\"wordCount\":393,\"commentCount\":0,\"publisher\":{\"@id\":\"https:\\\/\\\/www.laguiadepamplona.com\\\/actualidad\\\/#organization\"},\"image\":{\"@id\":\"https:\\\/\\\/www.laguiadepamplona.com\\\/actualidad\\\/la-calle-bergamin-contara-con-un-paso-peatonal-refugio-a-la-altura-de-las-calle-goroabe-y-santa-marta-para-aumentar-la-seguridad-de-los-viandantes\\\/#primaryimage\"},\"thumbnailUrl\":\"\",\"keywords\":[\"actualidad\",\"ayto pamplona\",\"Ayuntamiento de Pamplona\",\"bergam\u00edn\",\"calle\",\"calle goroabe\",\"calle santa marta\",\"noticias\",\"pamplona\",\"paso peatonal\",\"refugio\"],\"articleSection\":[\"Ayto Pamplona\"],\"inLanguage\":\"es\",\"potentialAction\":[{\"@type\":\"CommentAction\",\"name\":\"Comment\",\"target\":[\"https:\\\/\\\/www.laguiadepamplona.com\\\/actualidad\\\/la-calle-bergamin-contara-con-un-paso-peatonal-refugio-a-la-altura-de-las-calle-goroabe-y-santa-marta-para-aumentar-la-seguridad-de-los-viandantes\\\/#respond\"]}]},{\"@type\":\"WebPage\",\"@id\":\"https:\\\/\\\/www.laguiadepamplona.com\\\/actualidad\\\/la-calle-bergamin-contara-con-un-paso-peatonal-refugio-a-la-altura-de-las-calle-goroabe-y-santa-marta-para-aumentar-la-seguridad-de-los-viandantes\\\/\",\"url\":\"https:\\\/\\\/www.laguiadepamplona.com\\\/actualidad\\\/la-calle-bergamin-contara-con-un-paso-peatonal-refugio-a-la-altura-de-las-calle-goroabe-y-santa-marta-para-aumentar-la-seguridad-de-los-viandantes\\\/\",\"name\":\"La calle Bergam\u00edn contar\u00e1 con un paso peatonal \u2018refugio\u2019 a la altura de las calle Goroabe y Santa Marta para aumentar la seguridad de los viandantes\",\"isPartOf\":{\"@id\":\"https:\\\/\\\/www.laguiadepamplona.com\\\/actualidad\\\/#website\"},\"primaryImageOfPage\":{\"@id\":\"https:\\\/\\\/www.laguiadepamplona.com\\\/actualidad\\\/la-calle-bergamin-contara-con-un-paso-peatonal-refugio-a-la-altura-de-las-calle-goroabe-y-santa-marta-para-aumentar-la-seguridad-de-los-viandantes\\\/#primaryimage\"},\"image\":{\"@id\":\"https:\\\/\\\/www.laguiadepamplona.com\\\/actualidad\\\/la-calle-bergamin-contara-con-un-paso-peatonal-refugio-a-la-altura-de-las-calle-goroabe-y-santa-marta-para-aumentar-la-seguridad-de-los-viandantes\\\/#primaryimage\"},\"thumbnailUrl\":\"\",\"datePublished\":\"2014-05-22T10:07:37+00:00\",\"breadcrumb\":{\"@id\":\"https:\\\/\\\/www.laguiadepamplona.com\\\/actualidad\\\/la-calle-bergamin-contara-con-un-paso-peatonal-refugio-a-la-altura-de-las-calle-goroabe-y-santa-marta-para-aumentar-la-seguridad-de-los-viandantes\\\/#breadcrumb\"},\"inLanguage\":\"es\",\"potentialAction\":[{\"@type\":\"ReadAction\",\"target\":[\"https:\\\/\\\/www.laguiadepamplona.com\\\/actualidad\\\/la-calle-bergamin-contara-con-un-paso-peatonal-refugio-a-la-altura-de-las-calle-goroabe-y-santa-marta-para-aumentar-la-seguridad-de-los-viandantes\\\/\"]}]},{\"@type\":\"ImageObject\",\"inLanguage\":\"es\",\"@id\":\"https:\\\/\\\/www.laguiadepamplona.com\\\/actualidad\\\/la-calle-bergamin-contara-con-un-paso-peatonal-refugio-a-la-altura-de-las-calle-goroabe-y-santa-marta-para-aumentar-la-seguridad-de-los-viandantes\\\/#primaryimage\",\"url\":\"\",\"contentUrl\":\"\"},{\"@type\":\"BreadcrumbList\",\"@id\":\"https:\\\/\\\/www.laguiadepamplona.com\\\/actualidad\\\/la-calle-bergamin-contara-con-un-paso-peatonal-refugio-a-la-altura-de-las-calle-goroabe-y-santa-marta-para-aumentar-la-seguridad-de-los-viandantes\\\/#breadcrumb\",\"itemListElement\":[{\"@type\":\"ListItem\",\"position\":1,\"name\":\"Portada\",\"item\":\"https:\\\/\\\/www.laguiadepamplona.com\\\/actualidad\\\/\"},{\"@type\":\"ListItem\",\"position\":2,\"name\":\"La calle Bergam\u00edn contar\u00e1 con un paso peatonal \u2018refugio\u2019 a la altura de las calle Goroabe y Santa Marta para aumentar la seguridad de los viandantes\"}]},{\"@type\":\"WebSite\",\"@id\":\"https:\\\/\\\/www.laguiadepamplona.com\\\/actualidad\\\/#website\",\"url\":\"https:\\\/\\\/www.laguiadepamplona.com\\\/actualidad\\\/\",\"name\":\"La gu\u00eda de Pamplona\",\"description\":\"Noticias de Pamplona\",\"publisher\":{\"@id\":\"https:\\\/\\\/www.laguiadepamplona.com\\\/actualidad\\\/#organization\"},\"potentialAction\":[{\"@type\":\"SearchAction\",\"target\":{\"@type\":\"EntryPoint\",\"urlTemplate\":\"https:\\\/\\\/www.laguiadepamplona.com\\\/actualidad\\\/?s={search_term_string}\"},\"query-input\":{\"@type\":\"PropertyValueSpecification\",\"valueRequired\":true,\"valueName\":\"search_term_string\"}}],\"inLanguage\":\"es\"},{\"@type\":\"Organization\",\"@id\":\"https:\\\/\\\/www.laguiadepamplona.com\\\/actualidad\\\/#organization\",\"name\":\"La Gu\u00eda de Pamplona \\\/ Noticias\",\"url\":\"https:\\\/\\\/www.laguiadepamplona.com\\\/actualidad\\\/\",\"logo\":{\"@type\":\"ImageObject\",\"inLanguage\":\"es\",\"@id\":\"https:\\\/\\\/www.laguiadepamplona.com\\\/actualidad\\\/#\\\/schema\\\/logo\\\/image\\\/\",\"url\":\"https:\\\/\\\/www.laguiadepamplona.com\\\/actualidad\\\/wp-content\\\/uploads\\\/2018\\\/11\\\/logo-laguiadepamplona18-web1.png\",\"contentUrl\":\"https:\\\/\\\/www.laguiadepamplona.com\\\/actualidad\\\/wp-content\\\/uploads\\\/2018\\\/11\\\/logo-laguiadepamplona18-web1.png\",\"width\":600,\"height\":196,\"caption\":\"La Gu\u00eda de Pamplona \\\/ Noticias\"},\"image\":{\"@id\":\"https:\\\/\\\/www.laguiadepamplona.com\\\/actualidad\\\/#\\\/schema\\\/logo\\\/image\\\/\"},\"sameAs\":[\"https:\\\/\\\/www.facebook.com\\\/laguiadepamplonacom-133175176762273\\\/?ref=hl\",\"https:\\\/\\\/x.com\\\/LaGuiadPamplona\",\"https:\\\/\\\/www.instagram.com\\\/la_guia_de_pamplona\\\/\",\"https:\\\/\\\/www.youtube.com\\\/user\\\/laguiadepamplona\"]},{\"@type\":\"Person\",\"@id\":\"https:\\\/\\\/www.laguiadepamplona.com\\\/actualidad\\\/#\\\/schema\\\/person\\\/efe887376f0213d4657c93adc50b1fdb\",\"name\":\"La Gu\u00eda de Pamplona\",\"image\":{\"@type\":\"ImageObject\",\"inLanguage\":\"es\",\"@id\":\"https:\\\/\\\/secure.gravatar.com\\\/avatar\\\/b6992f131dc8d30ab0dff15446e9d346d9dbd95992de0fef795073f5ea83a81c?s=96&d=mm&r=g\",\"url\":\"https:\\\/\\\/secure.gravatar.com\\\/avatar\\\/b6992f131dc8d30ab0dff15446e9d346d9dbd95992de0fef795073f5ea83a81c?s=96&d=mm&r=g\",\"contentUrl\":\"https:\\\/\\\/secure.gravatar.com\\\/avatar\\\/b6992f131dc8d30ab0dff15446e9d346d9dbd95992de0fef795073f5ea83a81c?s=96&d=mm&r=g\",\"caption\":\"La Gu\u00eda de Pamplona\"}}]}<\/script>\n<!-- \/ Yoast SEO plugin. -->","yoast_head_json":{"title":"La calle Bergam\u00edn contar\u00e1 con un paso peatonal \u2018refugio\u2019 a la altura de las calle Goroabe y Santa Marta para aumentar la seguridad de los viandantes","robots":{"index":"index","follow":"follow","max-snippet":"max-snippet:-1","max-image-preview":"max-image-preview:large","max-video-preview":"max-video-preview:-1"},"canonical":"https:\/\/www.laguiadepamplona.com\/actualidad\/la-calle-bergamin-contara-con-un-paso-peatonal-refugio-a-la-altura-de-las-calle-goroabe-y-santa-marta-para-aumentar-la-seguridad-de-los-viandantes\/","og_locale":"es_ES","og_type":"article","og_title":"La calle Bergam\u00edn contar\u00e1 con un paso peatonal \u2018refugio\u2019 a la altura de las calle Goroabe y Santa Marta para aumentar la seguridad de los viandantes","og_description":"La obra, demandada por los propios vecinos, concluir\u00e1 la semana que viene El Ayuntamiento de Pamplona est\u00e1 llevando a cabo una serie de trabajos en la calle Bergam\u00edn a la...","og_url":"https:\/\/www.laguiadepamplona.com\/actualidad\/la-calle-bergamin-contara-con-un-paso-peatonal-refugio-a-la-altura-de-las-calle-goroabe-y-santa-marta-para-aumentar-la-seguridad-de-los-viandantes\/","og_site_name":"La Gu\u00eda de Pamplona","article_publisher":"https:\/\/www.facebook.com\/laguiadepamplonacom-133175176762273\/?ref=hl","article_published_time":"2014-05-22T10:07:37+00:00","author":"La Gu\u00eda de Pamplona","twitter_card":"summary_large_image","twitter_creator":"@LaGuiadPamplona","twitter_site":"@LaGuiadPamplona","twitter_misc":{"Escrito por":"La Gu\u00eda de Pamplona","Tiempo de lectura":"2 minutos"},"schema":{"@context":"https:\/\/schema.org","@graph":[{"@type":"Article","@id":"https:\/\/www.laguiadepamplona.com\/actualidad\/la-calle-bergamin-contara-con-un-paso-peatonal-refugio-a-la-altura-de-las-calle-goroabe-y-santa-marta-para-aumentar-la-seguridad-de-los-viandantes\/#article","isPartOf":{"@id":"https:\/\/www.laguiadepamplona.com\/actualidad\/la-calle-bergamin-contara-con-un-paso-peatonal-refugio-a-la-altura-de-las-calle-goroabe-y-santa-marta-para-aumentar-la-seguridad-de-los-viandantes\/"},"author":{"name":"La Gu\u00eda de Pamplona","@id":"https:\/\/www.laguiadepamplona.com\/actualidad\/#\/schema\/person\/efe887376f0213d4657c93adc50b1fdb"},"headline":"La calle Bergam\u00edn contar\u00e1 con un paso peatonal \u2018refugio\u2019 a la altura de las calle Goroabe y Santa Marta para aumentar la seguridad de los viandantes","datePublished":"2014-05-22T10:07:37+00:00","mainEntityOfPage":{"@id":"https:\/\/www.laguiadepamplona.com\/actualidad\/la-calle-bergamin-contara-con-un-paso-peatonal-refugio-a-la-altura-de-las-calle-goroabe-y-santa-marta-para-aumentar-la-seguridad-de-los-viandantes\/"},"wordCount":393,"commentCount":0,"publisher":{"@id":"https:\/\/www.laguiadepamplona.com\/actualidad\/#organization"},"image":{"@id":"https:\/\/www.laguiadepamplona.com\/actualidad\/la-calle-bergamin-contara-con-un-paso-peatonal-refugio-a-la-altura-de-las-calle-goroabe-y-santa-marta-para-aumentar-la-seguridad-de-los-viandantes\/#primaryimage"},"thumbnailUrl":"","keywords":["actualidad","ayto pamplona","Ayuntamiento de Pamplona","bergam\u00edn","calle","calle goroabe","calle santa marta","noticias","pamplona","paso peatonal","refugio"],"articleSection":["Ayto Pamplona"],"inLanguage":"es","potentialAction":[{"@type":"CommentAction","name":"Comment","target":["https:\/\/www.laguiadepamplona.com\/actualidad\/la-calle-bergamin-contara-con-un-paso-peatonal-refugio-a-la-altura-de-las-calle-goroabe-y-santa-marta-para-aumentar-la-seguridad-de-los-viandantes\/#respond"]}]},{"@type":"WebPage","@id":"https:\/\/www.laguiadepamplona.com\/actualidad\/la-calle-bergamin-contara-con-un-paso-peatonal-refugio-a-la-altura-de-las-calle-goroabe-y-santa-marta-para-aumentar-la-seguridad-de-los-viandantes\/","url":"https:\/\/www.laguiadepamplona.com\/actualidad\/la-calle-bergamin-contara-con-un-paso-peatonal-refugio-a-la-altura-de-las-calle-goroabe-y-santa-marta-para-aumentar-la-seguridad-de-los-viandantes\/","name":"La calle Bergam\u00edn contar\u00e1 con un paso peatonal \u2018refugio\u2019 a la altura de las calle Goroabe y Santa Marta para aumentar la seguridad de los viandantes","isPartOf":{"@id":"https:\/\/www.laguiadepamplona.com\/actualidad\/#website"},"primaryImageOfPage":{"@id":"https:\/\/www.laguiadepamplona.com\/actualidad\/la-calle-bergamin-contara-con-un-paso-peatonal-refugio-a-la-altura-de-las-calle-goroabe-y-santa-marta-para-aumentar-la-seguridad-de-los-viandantes\/#primaryimage"},"image":{"@id":"https:\/\/www.laguiadepamplona.com\/actualidad\/la-calle-bergamin-contara-con-un-paso-peatonal-refugio-a-la-altura-de-las-calle-goroabe-y-santa-marta-para-aumentar-la-seguridad-de-los-viandantes\/#primaryimage"},"thumbnailUrl":"","datePublished":"2014-05-22T10:07:37+00:00","breadcrumb":{"@id":"https:\/\/www.laguiadepamplona.com\/actualidad\/la-calle-bergamin-contara-con-un-paso-peatonal-refugio-a-la-altura-de-las-calle-goroabe-y-santa-marta-para-aumentar-la-seguridad-de-los-viandantes\/#breadcrumb"},"inLanguage":"es","potentialAction":[{"@type":"ReadAction","target":["https:\/\/www.laguiadepamplona.com\/actualidad\/la-calle-bergamin-contara-con-un-paso-peatonal-refugio-a-la-altura-de-las-calle-goroabe-y-santa-marta-para-aumentar-la-seguridad-de-los-viandantes\/"]}]},{"@type":"ImageObject","inLanguage":"es","@id":"https:\/\/www.laguiadepamplona.com\/actualidad\/la-calle-bergamin-contara-con-un-paso-peatonal-refugio-a-la-altura-de-las-calle-goroabe-y-santa-marta-para-aumentar-la-seguridad-de-los-viandantes\/#primaryimage","url":"","contentUrl":""},{"@type":"BreadcrumbList","@id":"https:\/\/www.laguiadepamplona.com\/actualidad\/la-calle-bergamin-contara-con-un-paso-peatonal-refugio-a-la-altura-de-las-calle-goroabe-y-santa-marta-para-aumentar-la-seguridad-de-los-viandantes\/#breadcrumb","itemListElement":[{"@type":"ListItem","position":1,"name":"Portada","item":"https:\/\/www.laguiadepamplona.com\/actualidad\/"},{"@type":"ListItem","position":2,"name":"La calle Bergam\u00edn contar\u00e1 con un paso peatonal \u2018refugio\u2019 a la altura de las calle Goroabe y Santa Marta para aumentar la seguridad de los viandantes"}]},{"@type":"WebSite","@id":"https:\/\/www.laguiadepamplona.com\/actualidad\/#website","url":"https:\/\/www.laguiadepamplona.com\/actualidad\/","name":"La gu\u00eda de Pamplona","description":"Noticias de Pamplona","publisher":{"@id":"https:\/\/www.laguiadepamplona.com\/actualidad\/#organization"},"potentialAction":[{"@type":"SearchAction","target":{"@type":"EntryPoint","urlTemplate":"https:\/\/www.laguiadepamplona.com\/actualidad\/?s={search_term_string}"},"query-input":{"@type":"PropertyValueSpecification","valueRequired":true,"valueName":"search_term_string"}}],"inLanguage":"es"},{"@type":"Organization","@id":"https:\/\/www.laguiadepamplona.com\/actualidad\/#organization","name":"La Gu\u00eda de Pamplona \/ Noticias","url":"https:\/\/www.laguiadepamplona.com\/actualidad\/","logo":{"@type":"ImageObject","inLanguage":"es","@id":"https:\/\/www.laguiadepamplona.com\/actualidad\/#\/schema\/logo\/image\/","url":"https:\/\/www.laguiadepamplona.com\/actualidad\/wp-content\/uploads\/2018\/11\/logo-laguiadepamplona18-web1.png","contentUrl":"https:\/\/www.laguiadepamplona.com\/actualidad\/wp-content\/uploads\/2018\/11\/logo-laguiadepamplona18-web1.png","width":600,"height":196,"caption":"La Gu\u00eda de Pamplona \/ Noticias"},"image":{"@id":"https:\/\/www.laguiadepamplona.com\/actualidad\/#\/schema\/logo\/image\/"},"sameAs":["https:\/\/www.facebook.com\/laguiadepamplonacom-133175176762273\/?ref=hl","https:\/\/x.com\/LaGuiadPamplona","https:\/\/www.instagram.com\/la_guia_de_pamplona\/","https:\/\/www.youtube.com\/user\/laguiadepamplona"]},{"@type":"Person","@id":"https:\/\/www.laguiadepamplona.com\/actualidad\/#\/schema\/person\/efe887376f0213d4657c93adc50b1fdb","name":"La Gu\u00eda de Pamplona","image":{"@type":"ImageObject","inLanguage":"es","@id":"https:\/\/secure.gravatar.com\/avatar\/b6992f131dc8d30ab0dff15446e9d346d9dbd95992de0fef795073f5ea83a81c?s=96&d=mm&r=g","url":"https:\/\/secure.gravatar.com\/avatar\/b6992f131dc8d30ab0dff15446e9d346d9dbd95992de0fef795073f5ea83a81c?s=96&d=mm&r=g","contentUrl":"https:\/\/secure.gravatar.com\/avatar\/b6992f131dc8d30ab0dff15446e9d346d9dbd95992de0fef795073f5ea83a81c?s=96&d=mm&r=g","caption":"La Gu\u00eda de Pamplona"}}]}},"post_mailing_queue_ids":[],"_links":{"self":[{"href":"https:\/\/www.laguiadepamplona.com\/actualidad\/wp-json\/wp\/v2\/posts\/1700","targetHints":{"allow":["GET"]}}],"collection":[{"href":"https:\/\/www.laguiadepamplona.com\/actualidad\/wp-json\/wp\/v2\/posts"}],"about":[{"href":"https:\/\/www.laguiadepamplona.com\/actualidad\/wp-json\/wp\/v2\/types\/post"}],"author":[{"embeddable":true,"href":"https:\/\/www.laguiadepamplona.com\/actualidad\/wp-json\/wp\/v2\/users\/1"}],"replies":[{"embeddable":true,"href":"https:\/\/www.laguiadepamplona.com\/actualidad\/wp-json\/wp\/v2\/comments?post=1700"}],"version-history":[{"count":0,"href":"https:\/\/www.laguiadepamplona.com\/actualidad\/wp-json\/wp\/v2\/posts\/1700\/revisions"}],"wp:featuredmedia":[{"embeddable":true,"href":"https:\/\/www.laguiadepamplona.com\/actualidad\/wp-json\/"}],"wp:attachment":[{"href":"https:\/\/www.laguiadepamplona.com\/actualidad\/wp-json\/wp\/v2\/media?parent=1700"}],"wp:term":[{"taxonomy":"category","embeddable":true,"href":"https:\/\/www.laguiadepamplona.com\/actualidad\/wp-json\/wp\/v2\/categories?post=1700"},{"taxonomy":"post_tag","embeddable":true,"href":"https:\/\/www.laguiadepamplona.com\/actualidad\/wp-json\/wp\/v2\/tags?post=1700"}],"curies":[{"name":"wp","href":"https:\/\/api.w.org\/{rel}","templated":true}]}}