{"id":16983,"date":"2018-04-18T10:14:25","date_gmt":"2018-04-18T09:14:25","guid":{"rendered":"http:\/\/laguiadepamplona.es\/actualidad\/?p=16983"},"modified":"2018-04-18T10:14:25","modified_gmt":"2018-04-18T09:14:25","slug":"ayuntamiento-y-asociacion-de-comerciantes-y-hosteleros-de-la-txantrea-impulsan-la-i-campana-de-dinamizacion-comercial-del-barrio-con-actividades-y-promociones","status":"publish","type":"post","link":"https:\/\/www.laguiadepamplona.com\/actualidad\/ayuntamiento-y-asociacion-de-comerciantes-y-hosteleros-de-la-txantrea-impulsan-la-i-campana-de-dinamizacion-comercial-del-barrio-con-actividades-y-promociones\/","title":{"rendered":"Ayuntamiento y Asociaci\u00f3n de Comerciantes y Hosteleros de la Txantrea impulsan la I campa\u00f1a de dinamizaci\u00f3n comercial del barrio con actividades y promociones"},"content":{"rendered":"<h3>Viernes y s\u00e1bado habr\u00e1 m\u00fasica, hichables, yoga y lindy hop y los establecimientos repartir\u00e1n vales de otros comercios para darse a conocer<\/h3>\n<p><!--more--><\/p>\n<p>El Ayuntamiento de Pamplona y la Asociaci\u00f3n de Comerciantes y Hosteleros de la Txantrea, LATXAN, impulsan la primera campa\u00f1a de dinamizaci\u00f3n comercial del barrio que incluye un programa de actividades este viernes 20 de abril y el s\u00e1bado d\u00eda 21 y el reparto de vales con descuentos y regalos en los establecimientos asociados. Todos los detalles de la campa\u00f1a \u2018Comercio y hosteler\u00eda con personalidad\u2019 han sido presentados esta ma\u00f1ana en rueda de prensa por la concejala delegada de Econom\u00eda Local Sostenible, Patricia Perales, y por Juantxo Bea, representante de la Asociaci\u00f3n de Comerciantes y Hosteleros de la Txantrea constituida a finales del a\u00f1o pasado y que ya cuenta con 59 establecimientos asociados.<\/p>\n<p>El objetivo de esta iniciativa es revitalizar la Txantrea y evitar que se convierta en un barrio dormitorio tras el cierre durante los \u00faltimos a\u00f1os de tiendas y bares. La existencia de peque\u00f1os comercios y establecimientos de hosteler\u00eda es la que da vida y dinamiza las calles y ofrece espacios que permiten relacionarse a los vecinos. Por esta raz\u00f3n, la asociaci\u00f3n persigue con sus acciones poner en valor el comercio de cercan\u00eda y dar a conocer la oferta de establecimientos del barrio a los que se puede llegar a pie sin utilizar ni coche ni autob\u00fas urbano con lo que se gana en comodidad y en sostenibilidad. Adem\u00e1s, quiere destacar el trato cercano, amable y personalizado que ofrecen las personas que trabajan en estos negocios y colaborar con vecindario y colectivos para que la Txantrea siga llena de vitalidad. Para dar a conocer la campa\u00f1a, concienciar al vecindario de la importancia que tiene consumir en los establecimientos del barrio porque fortalece la comunidad y se\u00f1alar la situaci\u00f3n de los comercios asociados, se ha editado un d\u00edptico con un plano.<\/p>\n<p><strong>Actividades en tres espacios diferentes del barrio<\/strong><\/p>\n<p>Las actividades se celebrar\u00e1n coincidiendo con el fin de semana anterior a las fiestas de la Txantrea y comenzar\u00e1n el viernes, 20 de abril, a las 17 horas con la colocaci\u00f3n de hinchables para los m\u00e1s peque\u00f1os en la plaza Federico Soto. Permanecer\u00e1n abiertos hasta las 19.30 horas. Durante esas dos horas y medio, tambi\u00e9n podr\u00e1n participar en el pinta caras de Si\u00f1arzubi. Asimismo, en la plaza Federico Soto se realizar\u00e1 una clase abierta de yoga en familia. Impartida por Goizane Ardanaz, ser\u00e1 biling\u00fce y las personas interesadas en participar solo tendr\u00e1n que llevar esterilla.<\/p>\n<p>El s\u00e1bado d\u00eda 21, el programa de actividades presentar\u00e1 al Grupo Solidario Club Irubide que ofrecer\u00e1 un concierto de jotas, rancheras y habaneras en la calle Ferm\u00edn Daoiz de 11.30 a 13.30 horas. En caso de lluvia, el recital tendr\u00e1 lugar en el Club de Jubilados San Crist\u00f3bal. El mismo d\u00eda por la tarde, en la Euskara plaza, de 17 a 19.30 horas, habr\u00e1 un clase abierta de <em>lindy hop<\/em> impartida por Bettina Oyhenart.<\/p>\n<p><strong>Promoci\u00f3n de descuentos y consumiciones gratis<\/strong><\/p>\n<p>Con la intenci\u00f3n de dar a conocer la amplia oferta de comercios y bares del barrio, la campa\u00f1a de dinamizaci\u00f3n comercial organizada por LATXAN ofrece promociones con descuentos y consumiciones gratis. As\u00ed, habr\u00e1 reparto de vales de descuento en el caso de las tiendas y de consumiciones gratis en el de los bares.<\/p>\n<p>Los vales se repartir\u00e1n cerrados y al abrirlos, cada uno especificar\u00e1 un descuento o consumici\u00f3n gratis para un establecimiento determinado. Los boletos se repartir\u00e1n entre los clientes de los establecimientos y cada comercio entregar\u00e1 vales del resto de asociados, de manera que los consumidores conocer\u00e1n otros comercios adem\u00e1s de en los que compran habitualmente. El reparto de vales comienza esta semana y podr\u00e1n canjearse hasta el 26 de abril. En la campa\u00f1a participan casi la totalidad de bares y comercios asociados a LATXAN. Esta acci\u00f3n, por medio de la que cada establecimiento ayuda a dar a conocer y a dinamizar al resto de comercios, quiere ser una muestra del esp\u00edritu de colaboraci\u00f3n y cooperaci\u00f3n con el que naci\u00f3 LATXAN.<\/p>\n<p>&nbsp;<\/p>\n<p><strong>Programaci\u00f3n actividades<\/strong><\/p>\n<ul>\n<li><strong>Viernes, 20 de abril. <\/strong><strong>Plaza Federico Soto<\/strong><\/li>\n<li>17:00-19:30 horas. Hinchables<\/li>\n<li>17:00-19:30 horas. Pinta caras de Si\u00f1arzubi<\/li>\n<li>18:00-19:30 Clase abierta de Yoga en familia, biling\u00fce, impartida por Goizane Ardanaz. Solo es necesario llevar esterilla<\/li>\n<li><strong>S\u00e1bado, 21 de abril. <\/strong><strong>Calle Ferm\u00edn Daoiz<\/strong><\/li>\n<li>11:30-13:30 horas. Concierto del Grupo Solidario Club Irubide: jotas, rancheras y habaneras. (En caso de lluvia el recital se celebrar\u00e1 en el Club de Jubilados San Crist\u00f3bal)<\/li>\n<li><strong>S\u00e1bado, 21 de abril. <\/strong><strong>Euskara plaza<\/strong><\/li>\n<li>17:00-19:30 horas. Clase abierta de <em>lindy hop<\/em> impartida por Bettina Oyhenart<\/li>\n<\/ul>\n<p>&nbsp;<\/p>\n<p><strong>Asociaci\u00f3n de Comerciantes y Hosteleros de la Txantrea LATXAN<\/strong><\/p>\n<ul>\n<li>ARCHEL MODA. Plaza Puente La Reina, 16<\/li>\n<li>ASIER SESMA PELUQUER\u00cdA CABALLERO\/ BARBER\u00cdA. Plaza Puente La Reina, 6<\/li>\n<li>BAR BENTXI. Plaza Ezkaba, 38<\/li>\n<li>BAR CASTILLO. Miravalles, 8<\/li>\n<li>BAR DEPORTIVO. Cuenca De Pamplona, 46<\/li>\n<li>BAR ERRI BERRI. Villava, 88<\/li>\n<li>BAR EZKABA. Plaza Ezkaba<\/li>\n<li>BAR MIRLO. Villafranca, 6<\/li>\n<li>BAR NILO. Plaza Ezkaba<\/li>\n<li>BAR ONA TX. San Cristobal, 29<\/li>\n<li>BIDEKIDE IKATETXEA. Cuenca De Pamplona, 53<\/li>\n<li>BIOTZA BELARDENDA. San Cristobal, 10<\/li>\n<li>CAFE BAR JAVIER. Fermin Daoiz, 2<\/li>\n<li>CAFETER\u00cdA ROSAURA. Villafranca, 14<\/li>\n<li>CARNICER\u00cdA GIRON\u00c9S. Plaza Ezkaba, 11<\/li>\n<li>CARPINTERIA BORAD. Villafranca, 9<\/li>\n<li>CENTRO CLINICO ANSOAIN DOGOS. Padre Adoain, 223<\/li>\n<li>CENTRO OPTICO AUDITIVO PEDRO DUC. San Cristobal, 10<\/li>\n<li>CICLOS RUIZ. Mendigorria, 21<\/li>\n<li>ELECTRODOMESTICOS BEA HNOS. SL. Villava, 88<\/li>\n<li>COM. Artaxona, 22 altua<\/li>\n<li>EUNTZE TABERNA. Federico Soto, 11<\/li>\n<li>EZPELDI LORADENDA. Paseo Federico Soto, 6<\/li>\n<li>FARMACIA C.FERNANDEZ MENCIA. Plaza Ezkaba, 13<\/li>\n<li>FARMACIA CRISTINA HERN\u00c1NDEZ GONZ\u00c1LEZ. Plaza Sabicas, 3<\/li>\n<li>FARMACIA LDA. LAURA MARTINEZ SUBIZA. Plaza Puente La Reina, 12<\/li>\n<li>FERRETER\u00cdA MARTINEZ. Avd. Villava, 8<\/li>\n<li>FOTO STUDIO AVENIDA. Villava, 51<\/li>\n<li>FRUTAS EMI. Villava, 47<\/li>\n<li>FRUTERIA MIR\u00d3. Villafranca, 5<\/li>\n<li>HERBORISTER\u00cdA ARANZAZU. Cuenca De Pamplona, 49 tras<\/li>\n<li>IRUCALZADOS. San Cristobal, 14<\/li>\n<li>ZERO HARATEGIA. Ororbia, 10<\/li>\n<li>KRASKATU. Valtierra, 12<\/li>\n<li>MERCER\u00cdA CONCHI. Plaza Ezkaba, 11<\/li>\n<li>MERCER\u00cdA IZCUE. Santesteban, 8<\/li>\n<li>OGI BERRI TXANTREA. Kaskallueta, 2<\/li>\n<li>OPTICA AVENIDA\/ GESOP AVENIDA SLU, Villava, 47 A<\/li>\n<li>PANADER\u00cdA BELEN. Plaza Puente La Reina, 23<\/li>\n<li>PASARELA DE LA MAGDALENA. Miranda De Arga, 49 tras<\/li>\n<li>PASKALCOCINAS SL. Villafranca, 18<\/li>\n<li>PASTELER\u00cdA MIRAVALLES. Miravalles, 17<\/li>\n<li>PELUQUERIA ELIDE. Plaza Arriurdi\u00f1eta, 1<\/li>\n<li>PELUQUERIA ENTREPEINES. Villava, 49<\/li>\n<li>PELUQUER\u00cdA ILEAK. Plaza Puente La Reina, 1<\/li>\n<li>PELUQUER\u00cdA MILA SASTRE. Kaskallueta, 3<\/li>\n<li>PESCADER\u00cdA JUANA MARY. Plaza Puente La Reina, 17<\/li>\n<li>PESCADER\u00cdA MENDIGORRIA. Mendigorria, 14<\/li>\n<li>PIN UP SALOON. Txantra Plaza, 2<\/li>\n<li>SAL\u00d3N DE BELLEZA ENEIS. Azoz, 6<\/li>\n<li>SISTEMAS DIGITALES IRU\u00d1A SLFermin Daoiz, 1<\/li>\n<li>STEFY ESTILISTA. Iru\u00f1erria, 43<\/li>\n<li>TABERNA HARPEA. Plaza Arriurdi\u00f1eta, 2-3<\/li>\n<li>TABERNA MAGDALENA. Plaza Puente La Reina, 9<\/li>\n<li>TABERNA TXANTREA. Cuenca De Pamplona, 46<\/li>\n<li>VIAJES DIVERTIS. Cuenca De Pamplona, 51<\/li>\n<li>ZAZPI OKINDEGIA. Miravalles, 9<\/li>\n<li>ZIRIPOT TABERNA. Plaza Ezkaba<\/li>\n<li>BAR TRAPALA. San Cristobal, 6<\/li>\n<\/ul>\n<p>&nbsp;<\/p>\n","protected":false},"excerpt":{"rendered":"<p>Viernes y s\u00e1bado habr\u00e1 m\u00fasica, hichables, yoga y lindy hop y los establecimientos repartir\u00e1n vales de otros comercios para darse a conocer<\/p>\n","protected":false},"author":1,"featured_media":10979,"comment_status":"open","ping_status":"closed","sticky":false,"template":"","format":"standard","meta":{"footnotes":""},"categories":[2],"tags":[],"class_list":["post-16983","post","type-post","status-publish","format-standard","has-post-thumbnail","hentry","category-ayuntamiento-pamplona"],"yoast_head":"<!-- This site is optimized with the Yoast SEO plugin v27.5 - https:\/\/yoast.com\/product\/yoast-seo-wordpress\/ -->\n<title>Ayuntamiento y Asociaci\u00f3n de Comerciantes y Hosteleros de la Txantrea impulsan la I campa\u00f1a de dinamizaci\u00f3n comercial del barrio con actividades y promociones<\/title>\n<meta name=\"robots\" content=\"index, follow, max-snippet:-1, max-image-preview:large, max-video-preview:-1\" \/>\n<link rel=\"canonical\" href=\"https:\/\/www.laguiadepamplona.com\/actualidad\/ayuntamiento-y-asociacion-de-comerciantes-y-hosteleros-de-la-txantrea-impulsan-la-i-campana-de-dinamizacion-comercial-del-barrio-con-actividades-y-promociones\/\" \/>\n<meta property=\"og:locale\" content=\"es_ES\" \/>\n<meta property=\"og:type\" content=\"article\" \/>\n<meta property=\"og:title\" content=\"Ayuntamiento y Asociaci\u00f3n de Comerciantes y Hosteleros de la Txantrea impulsan la I campa\u00f1a de dinamizaci\u00f3n comercial del barrio con actividades y promociones\" \/>\n<meta property=\"og:description\" content=\"Viernes y s\u00e1bado habr\u00e1 m\u00fasica, hichables, yoga y lindy hop y los establecimientos repartir\u00e1n vales de otros comercios para darse a conocer\" \/>\n<meta property=\"og:url\" content=\"https:\/\/www.laguiadepamplona.com\/actualidad\/ayuntamiento-y-asociacion-de-comerciantes-y-hosteleros-de-la-txantrea-impulsan-la-i-campana-de-dinamizacion-comercial-del-barrio-con-actividades-y-promociones\/\" \/>\n<meta property=\"og:site_name\" content=\"La Gu\u00eda de Pamplona\" \/>\n<meta property=\"article:publisher\" content=\"https:\/\/www.facebook.com\/laguiadepamplonacom-133175176762273\/?ref=hl\" \/>\n<meta property=\"article:published_time\" content=\"2018-04-18T09:14:25+00:00\" \/>\n<meta property=\"og:image\" content=\"https:\/\/www.laguiadepamplona.com\/actualidad\/wp-content\/uploads\/2016\/11\/Ayto_Pamplona.jpg\" \/>\n\t<meta property=\"og:image:width\" content=\"900\" \/>\n\t<meta property=\"og:image:height\" content=\"675\" \/>\n\t<meta property=\"og:image:type\" content=\"image\/jpeg\" \/>\n<meta name=\"author\" content=\"La Gu\u00eda de Pamplona\" \/>\n<meta name=\"twitter:card\" content=\"summary_large_image\" \/>\n<meta name=\"twitter:creator\" content=\"@LaGuiadPamplona\" \/>\n<meta name=\"twitter:site\" content=\"@LaGuiadPamplona\" \/>\n<meta name=\"twitter:label1\" content=\"Escrito por\" \/>\n\t<meta name=\"twitter:data1\" content=\"La Gu\u00eda de Pamplona\" \/>\n\t<meta name=\"twitter:label2\" content=\"Tiempo de lectura\" \/>\n\t<meta name=\"twitter:data2\" content=\"6 minutos\" \/>\n<script type=\"application\/ld+json\" class=\"yoast-schema-graph\">{\"@context\":\"https:\\\/\\\/schema.org\",\"@graph\":[{\"@type\":\"Article\",\"@id\":\"https:\\\/\\\/www.laguiadepamplona.com\\\/actualidad\\\/ayuntamiento-y-asociacion-de-comerciantes-y-hosteleros-de-la-txantrea-impulsan-la-i-campana-de-dinamizacion-comercial-del-barrio-con-actividades-y-promociones\\\/#article\",\"isPartOf\":{\"@id\":\"https:\\\/\\\/www.laguiadepamplona.com\\\/actualidad\\\/ayuntamiento-y-asociacion-de-comerciantes-y-hosteleros-de-la-txantrea-impulsan-la-i-campana-de-dinamizacion-comercial-del-barrio-con-actividades-y-promociones\\\/\"},\"author\":{\"name\":\"La Gu\u00eda de Pamplona\",\"@id\":\"https:\\\/\\\/www.laguiadepamplona.com\\\/actualidad\\\/#\\\/schema\\\/person\\\/efe887376f0213d4657c93adc50b1fdb\"},\"headline\":\"Ayuntamiento y Asociaci\u00f3n de Comerciantes y Hosteleros de la Txantrea impulsan la I campa\u00f1a de dinamizaci\u00f3n comercial del barrio con actividades y promociones\",\"datePublished\":\"2018-04-18T09:14:25+00:00\",\"mainEntityOfPage\":{\"@id\":\"https:\\\/\\\/www.laguiadepamplona.com\\\/actualidad\\\/ayuntamiento-y-asociacion-de-comerciantes-y-hosteleros-de-la-txantrea-impulsan-la-i-campana-de-dinamizacion-comercial-del-barrio-con-actividades-y-promociones\\\/\"},\"wordCount\":1131,\"commentCount\":0,\"publisher\":{\"@id\":\"https:\\\/\\\/www.laguiadepamplona.com\\\/actualidad\\\/#organization\"},\"image\":{\"@id\":\"https:\\\/\\\/www.laguiadepamplona.com\\\/actualidad\\\/ayuntamiento-y-asociacion-de-comerciantes-y-hosteleros-de-la-txantrea-impulsan-la-i-campana-de-dinamizacion-comercial-del-barrio-con-actividades-y-promociones\\\/#primaryimage\"},\"thumbnailUrl\":\"https:\\\/\\\/www.laguiadepamplona.com\\\/actualidad\\\/wp-content\\\/uploads\\\/2016\\\/11\\\/Ayto_Pamplona.jpg\",\"articleSection\":[\"Ayto Pamplona\"],\"inLanguage\":\"es\",\"potentialAction\":[{\"@type\":\"CommentAction\",\"name\":\"Comment\",\"target\":[\"https:\\\/\\\/www.laguiadepamplona.com\\\/actualidad\\\/ayuntamiento-y-asociacion-de-comerciantes-y-hosteleros-de-la-txantrea-impulsan-la-i-campana-de-dinamizacion-comercial-del-barrio-con-actividades-y-promociones\\\/#respond\"]}]},{\"@type\":\"WebPage\",\"@id\":\"https:\\\/\\\/www.laguiadepamplona.com\\\/actualidad\\\/ayuntamiento-y-asociacion-de-comerciantes-y-hosteleros-de-la-txantrea-impulsan-la-i-campana-de-dinamizacion-comercial-del-barrio-con-actividades-y-promociones\\\/\",\"url\":\"https:\\\/\\\/www.laguiadepamplona.com\\\/actualidad\\\/ayuntamiento-y-asociacion-de-comerciantes-y-hosteleros-de-la-txantrea-impulsan-la-i-campana-de-dinamizacion-comercial-del-barrio-con-actividades-y-promociones\\\/\",\"name\":\"Ayuntamiento y Asociaci\u00f3n de Comerciantes y Hosteleros de la Txantrea impulsan la I campa\u00f1a de dinamizaci\u00f3n comercial del barrio con actividades y promociones\",\"isPartOf\":{\"@id\":\"https:\\\/\\\/www.laguiadepamplona.com\\\/actualidad\\\/#website\"},\"primaryImageOfPage\":{\"@id\":\"https:\\\/\\\/www.laguiadepamplona.com\\\/actualidad\\\/ayuntamiento-y-asociacion-de-comerciantes-y-hosteleros-de-la-txantrea-impulsan-la-i-campana-de-dinamizacion-comercial-del-barrio-con-actividades-y-promociones\\\/#primaryimage\"},\"image\":{\"@id\":\"https:\\\/\\\/www.laguiadepamplona.com\\\/actualidad\\\/ayuntamiento-y-asociacion-de-comerciantes-y-hosteleros-de-la-txantrea-impulsan-la-i-campana-de-dinamizacion-comercial-del-barrio-con-actividades-y-promociones\\\/#primaryimage\"},\"thumbnailUrl\":\"https:\\\/\\\/www.laguiadepamplona.com\\\/actualidad\\\/wp-content\\\/uploads\\\/2016\\\/11\\\/Ayto_Pamplona.jpg\",\"datePublished\":\"2018-04-18T09:14:25+00:00\",\"breadcrumb\":{\"@id\":\"https:\\\/\\\/www.laguiadepamplona.com\\\/actualidad\\\/ayuntamiento-y-asociacion-de-comerciantes-y-hosteleros-de-la-txantrea-impulsan-la-i-campana-de-dinamizacion-comercial-del-barrio-con-actividades-y-promociones\\\/#breadcrumb\"},\"inLanguage\":\"es\",\"potentialAction\":[{\"@type\":\"ReadAction\",\"target\":[\"https:\\\/\\\/www.laguiadepamplona.com\\\/actualidad\\\/ayuntamiento-y-asociacion-de-comerciantes-y-hosteleros-de-la-txantrea-impulsan-la-i-campana-de-dinamizacion-comercial-del-barrio-con-actividades-y-promociones\\\/\"]}]},{\"@type\":\"ImageObject\",\"inLanguage\":\"es\",\"@id\":\"https:\\\/\\\/www.laguiadepamplona.com\\\/actualidad\\\/ayuntamiento-y-asociacion-de-comerciantes-y-hosteleros-de-la-txantrea-impulsan-la-i-campana-de-dinamizacion-comercial-del-barrio-con-actividades-y-promociones\\\/#primaryimage\",\"url\":\"https:\\\/\\\/www.laguiadepamplona.com\\\/actualidad\\\/wp-content\\\/uploads\\\/2016\\\/11\\\/Ayto_Pamplona.jpg\",\"contentUrl\":\"https:\\\/\\\/www.laguiadepamplona.com\\\/actualidad\\\/wp-content\\\/uploads\\\/2016\\\/11\\\/Ayto_Pamplona.jpg\",\"width\":900,\"height\":675},{\"@type\":\"BreadcrumbList\",\"@id\":\"https:\\\/\\\/www.laguiadepamplona.com\\\/actualidad\\\/ayuntamiento-y-asociacion-de-comerciantes-y-hosteleros-de-la-txantrea-impulsan-la-i-campana-de-dinamizacion-comercial-del-barrio-con-actividades-y-promociones\\\/#breadcrumb\",\"itemListElement\":[{\"@type\":\"ListItem\",\"position\":1,\"name\":\"Portada\",\"item\":\"https:\\\/\\\/www.laguiadepamplona.com\\\/actualidad\\\/\"},{\"@type\":\"ListItem\",\"position\":2,\"name\":\"Ayuntamiento y Asociaci\u00f3n de Comerciantes y Hosteleros de la Txantrea impulsan la I campa\u00f1a de dinamizaci\u00f3n comercial del barrio con actividades y promociones\"}]},{\"@type\":\"WebSite\",\"@id\":\"https:\\\/\\\/www.laguiadepamplona.com\\\/actualidad\\\/#website\",\"url\":\"https:\\\/\\\/www.laguiadepamplona.com\\\/actualidad\\\/\",\"name\":\"La gu\u00eda de Pamplona\",\"description\":\"Noticias de Pamplona\",\"publisher\":{\"@id\":\"https:\\\/\\\/www.laguiadepamplona.com\\\/actualidad\\\/#organization\"},\"potentialAction\":[{\"@type\":\"SearchAction\",\"target\":{\"@type\":\"EntryPoint\",\"urlTemplate\":\"https:\\\/\\\/www.laguiadepamplona.com\\\/actualidad\\\/?s={search_term_string}\"},\"query-input\":{\"@type\":\"PropertyValueSpecification\",\"valueRequired\":true,\"valueName\":\"search_term_string\"}}],\"inLanguage\":\"es\"},{\"@type\":\"Organization\",\"@id\":\"https:\\\/\\\/www.laguiadepamplona.com\\\/actualidad\\\/#organization\",\"name\":\"La Gu\u00eda de Pamplona \\\/ Noticias\",\"url\":\"https:\\\/\\\/www.laguiadepamplona.com\\\/actualidad\\\/\",\"logo\":{\"@type\":\"ImageObject\",\"inLanguage\":\"es\",\"@id\":\"https:\\\/\\\/www.laguiadepamplona.com\\\/actualidad\\\/#\\\/schema\\\/logo\\\/image\\\/\",\"url\":\"https:\\\/\\\/www.laguiadepamplona.com\\\/actualidad\\\/wp-content\\\/uploads\\\/2018\\\/11\\\/logo-laguiadepamplona18-web1.png\",\"contentUrl\":\"https:\\\/\\\/www.laguiadepamplona.com\\\/actualidad\\\/wp-content\\\/uploads\\\/2018\\\/11\\\/logo-laguiadepamplona18-web1.png\",\"width\":600,\"height\":196,\"caption\":\"La Gu\u00eda de Pamplona \\\/ Noticias\"},\"image\":{\"@id\":\"https:\\\/\\\/www.laguiadepamplona.com\\\/actualidad\\\/#\\\/schema\\\/logo\\\/image\\\/\"},\"sameAs\":[\"https:\\\/\\\/www.facebook.com\\\/laguiadepamplonacom-133175176762273\\\/?ref=hl\",\"https:\\\/\\\/x.com\\\/LaGuiadPamplona\",\"https:\\\/\\\/www.instagram.com\\\/la_guia_de_pamplona\\\/\",\"https:\\\/\\\/www.youtube.com\\\/user\\\/laguiadepamplona\"]},{\"@type\":\"Person\",\"@id\":\"https:\\\/\\\/www.laguiadepamplona.com\\\/actualidad\\\/#\\\/schema\\\/person\\\/efe887376f0213d4657c93adc50b1fdb\",\"name\":\"La Gu\u00eda de Pamplona\",\"image\":{\"@type\":\"ImageObject\",\"inLanguage\":\"es\",\"@id\":\"https:\\\/\\\/secure.gravatar.com\\\/avatar\\\/b6992f131dc8d30ab0dff15446e9d346d9dbd95992de0fef795073f5ea83a81c?s=96&d=mm&r=g\",\"url\":\"https:\\\/\\\/secure.gravatar.com\\\/avatar\\\/b6992f131dc8d30ab0dff15446e9d346d9dbd95992de0fef795073f5ea83a81c?s=96&d=mm&r=g\",\"contentUrl\":\"https:\\\/\\\/secure.gravatar.com\\\/avatar\\\/b6992f131dc8d30ab0dff15446e9d346d9dbd95992de0fef795073f5ea83a81c?s=96&d=mm&r=g\",\"caption\":\"La Gu\u00eda de Pamplona\"}}]}<\/script>\n<!-- \/ Yoast SEO plugin. -->","yoast_head_json":{"title":"Ayuntamiento y Asociaci\u00f3n de Comerciantes y Hosteleros de la Txantrea impulsan la I campa\u00f1a de dinamizaci\u00f3n comercial del barrio con actividades y promociones","robots":{"index":"index","follow":"follow","max-snippet":"max-snippet:-1","max-image-preview":"max-image-preview:large","max-video-preview":"max-video-preview:-1"},"canonical":"https:\/\/www.laguiadepamplona.com\/actualidad\/ayuntamiento-y-asociacion-de-comerciantes-y-hosteleros-de-la-txantrea-impulsan-la-i-campana-de-dinamizacion-comercial-del-barrio-con-actividades-y-promociones\/","og_locale":"es_ES","og_type":"article","og_title":"Ayuntamiento y Asociaci\u00f3n de Comerciantes y Hosteleros de la Txantrea impulsan la I campa\u00f1a de dinamizaci\u00f3n comercial del barrio con actividades y promociones","og_description":"Viernes y s\u00e1bado habr\u00e1 m\u00fasica, hichables, yoga y lindy hop y los establecimientos repartir\u00e1n vales de otros comercios para darse a conocer","og_url":"https:\/\/www.laguiadepamplona.com\/actualidad\/ayuntamiento-y-asociacion-de-comerciantes-y-hosteleros-de-la-txantrea-impulsan-la-i-campana-de-dinamizacion-comercial-del-barrio-con-actividades-y-promociones\/","og_site_name":"La Gu\u00eda de Pamplona","article_publisher":"https:\/\/www.facebook.com\/laguiadepamplonacom-133175176762273\/?ref=hl","article_published_time":"2018-04-18T09:14:25+00:00","og_image":[{"width":900,"height":675,"url":"https:\/\/www.laguiadepamplona.com\/actualidad\/wp-content\/uploads\/2016\/11\/Ayto_Pamplona.jpg","type":"image\/jpeg"}],"author":"La Gu\u00eda de Pamplona","twitter_card":"summary_large_image","twitter_creator":"@LaGuiadPamplona","twitter_site":"@LaGuiadPamplona","twitter_misc":{"Escrito por":"La Gu\u00eda de Pamplona","Tiempo de lectura":"6 minutos"},"schema":{"@context":"https:\/\/schema.org","@graph":[{"@type":"Article","@id":"https:\/\/www.laguiadepamplona.com\/actualidad\/ayuntamiento-y-asociacion-de-comerciantes-y-hosteleros-de-la-txantrea-impulsan-la-i-campana-de-dinamizacion-comercial-del-barrio-con-actividades-y-promociones\/#article","isPartOf":{"@id":"https:\/\/www.laguiadepamplona.com\/actualidad\/ayuntamiento-y-asociacion-de-comerciantes-y-hosteleros-de-la-txantrea-impulsan-la-i-campana-de-dinamizacion-comercial-del-barrio-con-actividades-y-promociones\/"},"author":{"name":"La Gu\u00eda de Pamplona","@id":"https:\/\/www.laguiadepamplona.com\/actualidad\/#\/schema\/person\/efe887376f0213d4657c93adc50b1fdb"},"headline":"Ayuntamiento y Asociaci\u00f3n de Comerciantes y Hosteleros de la Txantrea impulsan la I campa\u00f1a de dinamizaci\u00f3n comercial del barrio con actividades y promociones","datePublished":"2018-04-18T09:14:25+00:00","mainEntityOfPage":{"@id":"https:\/\/www.laguiadepamplona.com\/actualidad\/ayuntamiento-y-asociacion-de-comerciantes-y-hosteleros-de-la-txantrea-impulsan-la-i-campana-de-dinamizacion-comercial-del-barrio-con-actividades-y-promociones\/"},"wordCount":1131,"commentCount":0,"publisher":{"@id":"https:\/\/www.laguiadepamplona.com\/actualidad\/#organization"},"image":{"@id":"https:\/\/www.laguiadepamplona.com\/actualidad\/ayuntamiento-y-asociacion-de-comerciantes-y-hosteleros-de-la-txantrea-impulsan-la-i-campana-de-dinamizacion-comercial-del-barrio-con-actividades-y-promociones\/#primaryimage"},"thumbnailUrl":"https:\/\/www.laguiadepamplona.com\/actualidad\/wp-content\/uploads\/2016\/11\/Ayto_Pamplona.jpg","articleSection":["Ayto Pamplona"],"inLanguage":"es","potentialAction":[{"@type":"CommentAction","name":"Comment","target":["https:\/\/www.laguiadepamplona.com\/actualidad\/ayuntamiento-y-asociacion-de-comerciantes-y-hosteleros-de-la-txantrea-impulsan-la-i-campana-de-dinamizacion-comercial-del-barrio-con-actividades-y-promociones\/#respond"]}]},{"@type":"WebPage","@id":"https:\/\/www.laguiadepamplona.com\/actualidad\/ayuntamiento-y-asociacion-de-comerciantes-y-hosteleros-de-la-txantrea-impulsan-la-i-campana-de-dinamizacion-comercial-del-barrio-con-actividades-y-promociones\/","url":"https:\/\/www.laguiadepamplona.com\/actualidad\/ayuntamiento-y-asociacion-de-comerciantes-y-hosteleros-de-la-txantrea-impulsan-la-i-campana-de-dinamizacion-comercial-del-barrio-con-actividades-y-promociones\/","name":"Ayuntamiento y Asociaci\u00f3n de Comerciantes y Hosteleros de la Txantrea impulsan la I campa\u00f1a de dinamizaci\u00f3n comercial del barrio con actividades y promociones","isPartOf":{"@id":"https:\/\/www.laguiadepamplona.com\/actualidad\/#website"},"primaryImageOfPage":{"@id":"https:\/\/www.laguiadepamplona.com\/actualidad\/ayuntamiento-y-asociacion-de-comerciantes-y-hosteleros-de-la-txantrea-impulsan-la-i-campana-de-dinamizacion-comercial-del-barrio-con-actividades-y-promociones\/#primaryimage"},"image":{"@id":"https:\/\/www.laguiadepamplona.com\/actualidad\/ayuntamiento-y-asociacion-de-comerciantes-y-hosteleros-de-la-txantrea-impulsan-la-i-campana-de-dinamizacion-comercial-del-barrio-con-actividades-y-promociones\/#primaryimage"},"thumbnailUrl":"https:\/\/www.laguiadepamplona.com\/actualidad\/wp-content\/uploads\/2016\/11\/Ayto_Pamplona.jpg","datePublished":"2018-04-18T09:14:25+00:00","breadcrumb":{"@id":"https:\/\/www.laguiadepamplona.com\/actualidad\/ayuntamiento-y-asociacion-de-comerciantes-y-hosteleros-de-la-txantrea-impulsan-la-i-campana-de-dinamizacion-comercial-del-barrio-con-actividades-y-promociones\/#breadcrumb"},"inLanguage":"es","potentialAction":[{"@type":"ReadAction","target":["https:\/\/www.laguiadepamplona.com\/actualidad\/ayuntamiento-y-asociacion-de-comerciantes-y-hosteleros-de-la-txantrea-impulsan-la-i-campana-de-dinamizacion-comercial-del-barrio-con-actividades-y-promociones\/"]}]},{"@type":"ImageObject","inLanguage":"es","@id":"https:\/\/www.laguiadepamplona.com\/actualidad\/ayuntamiento-y-asociacion-de-comerciantes-y-hosteleros-de-la-txantrea-impulsan-la-i-campana-de-dinamizacion-comercial-del-barrio-con-actividades-y-promociones\/#primaryimage","url":"https:\/\/www.laguiadepamplona.com\/actualidad\/wp-content\/uploads\/2016\/11\/Ayto_Pamplona.jpg","contentUrl":"https:\/\/www.laguiadepamplona.com\/actualidad\/wp-content\/uploads\/2016\/11\/Ayto_Pamplona.jpg","width":900,"height":675},{"@type":"BreadcrumbList","@id":"https:\/\/www.laguiadepamplona.com\/actualidad\/ayuntamiento-y-asociacion-de-comerciantes-y-hosteleros-de-la-txantrea-impulsan-la-i-campana-de-dinamizacion-comercial-del-barrio-con-actividades-y-promociones\/#breadcrumb","itemListElement":[{"@type":"ListItem","position":1,"name":"Portada","item":"https:\/\/www.laguiadepamplona.com\/actualidad\/"},{"@type":"ListItem","position":2,"name":"Ayuntamiento y Asociaci\u00f3n de Comerciantes y Hosteleros de la Txantrea impulsan la I campa\u00f1a de dinamizaci\u00f3n comercial del barrio con actividades y promociones"}]},{"@type":"WebSite","@id":"https:\/\/www.laguiadepamplona.com\/actualidad\/#website","url":"https:\/\/www.laguiadepamplona.com\/actualidad\/","name":"La gu\u00eda de Pamplona","description":"Noticias de Pamplona","publisher":{"@id":"https:\/\/www.laguiadepamplona.com\/actualidad\/#organization"},"potentialAction":[{"@type":"SearchAction","target":{"@type":"EntryPoint","urlTemplate":"https:\/\/www.laguiadepamplona.com\/actualidad\/?s={search_term_string}"},"query-input":{"@type":"PropertyValueSpecification","valueRequired":true,"valueName":"search_term_string"}}],"inLanguage":"es"},{"@type":"Organization","@id":"https:\/\/www.laguiadepamplona.com\/actualidad\/#organization","name":"La Gu\u00eda de Pamplona \/ Noticias","url":"https:\/\/www.laguiadepamplona.com\/actualidad\/","logo":{"@type":"ImageObject","inLanguage":"es","@id":"https:\/\/www.laguiadepamplona.com\/actualidad\/#\/schema\/logo\/image\/","url":"https:\/\/www.laguiadepamplona.com\/actualidad\/wp-content\/uploads\/2018\/11\/logo-laguiadepamplona18-web1.png","contentUrl":"https:\/\/www.laguiadepamplona.com\/actualidad\/wp-content\/uploads\/2018\/11\/logo-laguiadepamplona18-web1.png","width":600,"height":196,"caption":"La Gu\u00eda de Pamplona \/ Noticias"},"image":{"@id":"https:\/\/www.laguiadepamplona.com\/actualidad\/#\/schema\/logo\/image\/"},"sameAs":["https:\/\/www.facebook.com\/laguiadepamplonacom-133175176762273\/?ref=hl","https:\/\/x.com\/LaGuiadPamplona","https:\/\/www.instagram.com\/la_guia_de_pamplona\/","https:\/\/www.youtube.com\/user\/laguiadepamplona"]},{"@type":"Person","@id":"https:\/\/www.laguiadepamplona.com\/actualidad\/#\/schema\/person\/efe887376f0213d4657c93adc50b1fdb","name":"La Gu\u00eda de Pamplona","image":{"@type":"ImageObject","inLanguage":"es","@id":"https:\/\/secure.gravatar.com\/avatar\/b6992f131dc8d30ab0dff15446e9d346d9dbd95992de0fef795073f5ea83a81c?s=96&d=mm&r=g","url":"https:\/\/secure.gravatar.com\/avatar\/b6992f131dc8d30ab0dff15446e9d346d9dbd95992de0fef795073f5ea83a81c?s=96&d=mm&r=g","contentUrl":"https:\/\/secure.gravatar.com\/avatar\/b6992f131dc8d30ab0dff15446e9d346d9dbd95992de0fef795073f5ea83a81c?s=96&d=mm&r=g","caption":"La Gu\u00eda de Pamplona"}}]}},"post_mailing_queue_ids":[],"_links":{"self":[{"href":"https:\/\/www.laguiadepamplona.com\/actualidad\/wp-json\/wp\/v2\/posts\/16983","targetHints":{"allow":["GET"]}}],"collection":[{"href":"https:\/\/www.laguiadepamplona.com\/actualidad\/wp-json\/wp\/v2\/posts"}],"about":[{"href":"https:\/\/www.laguiadepamplona.com\/actualidad\/wp-json\/wp\/v2\/types\/post"}],"author":[{"embeddable":true,"href":"https:\/\/www.laguiadepamplona.com\/actualidad\/wp-json\/wp\/v2\/users\/1"}],"replies":[{"embeddable":true,"href":"https:\/\/www.laguiadepamplona.com\/actualidad\/wp-json\/wp\/v2\/comments?post=16983"}],"version-history":[{"count":0,"href":"https:\/\/www.laguiadepamplona.com\/actualidad\/wp-json\/wp\/v2\/posts\/16983\/revisions"}],"wp:featuredmedia":[{"embeddable":true,"href":"https:\/\/www.laguiadepamplona.com\/actualidad\/wp-json\/wp\/v2\/media\/10979"}],"wp:attachment":[{"href":"https:\/\/www.laguiadepamplona.com\/actualidad\/wp-json\/wp\/v2\/media?parent=16983"}],"wp:term":[{"taxonomy":"category","embeddable":true,"href":"https:\/\/www.laguiadepamplona.com\/actualidad\/wp-json\/wp\/v2\/categories?post=16983"},{"taxonomy":"post_tag","embeddable":true,"href":"https:\/\/www.laguiadepamplona.com\/actualidad\/wp-json\/wp\/v2\/tags?post=16983"}],"curies":[{"name":"wp","href":"https:\/\/api.w.org\/{rel}","templated":true}]}}