{"id":16970,"date":"2018-04-17T14:30:48","date_gmt":"2018-04-17T13:30:48","guid":{"rendered":"http:\/\/laguiadepamplona.es\/actualidad\/?p=16970"},"modified":"2018-04-17T14:36:00","modified_gmt":"2018-04-17T13:36:00","slug":"arrancan-manana-las-vii-jornadas-de-narracion-oral-en-la-red-civivox-un-conjunto-de-cuatro-actividades-para-publicos-diversos-en-condestable","status":"publish","type":"post","link":"https:\/\/www.laguiadepamplona.com\/actualidad\/arrancan-manana-las-vii-jornadas-de-narracion-oral-en-la-red-civivox-un-conjunto-de-cuatro-actividades-para-publicos-diversos-en-condestable\/","title":{"rendered":"Arrancan ma\u00f1ana las VII Jornadas de narraci\u00f3n oral en la red Civivox, un conjunto de cuatro actividades para p\u00fablicos diversos en Condestable"},"content":{"rendered":"<h3>Ser\u00e1n protagonistas el cineasta Karlos Alastruey, la ilustradora Concha Mart\u00ednez, el escritor Pablo L\u00f3pez Carballo y los \u2018Fabulantes\u2019 de Trokolo<\/h3>\n<p><!--more--><\/p>\n<p>En tono a la fecha en que cada a\u00f1o se celebra el D\u00eda del Libro, vuelven \u2018Con otras palabras\u2019 las Jornadas literarias de narrativa la red Civivox que este a\u00f1o cumplen su s\u00e9ptima edici\u00f3n. En esta ocasi\u00f3n son cuatro las actividades planteadas. Dos encuentros para estudiantes (en castellano y euskera) protagonizados por el director de cine Karlos Alastruey y la doctora en filolog\u00eda hisp\u00e1nica Concha Mart\u00ednez Pasamar, respectivamente; una cita con el autor Pablo L\u00f3pez Carballo, escritor, poeta y doctor en Literatura espa\u00f1ola e hispanoamericana, y para cerrar el ciclo, una sesi\u00f3n tratralizada de car\u00e1cter familiar con el mundo de las f\u00e1bulas como argumento.<\/p>\n<p>Las jornadas tendr\u00e1n lugar del 18 al 24 de abril en Civivox Condestable. Este espacio es un foro de divulgaci\u00f3n y an\u00e1lisis del g\u00e9nero en Navarra, una tarea que se viene realizando en los \u00faltimos a\u00f1os desde el Ayuntamiento de Pamplona en una panor\u00e1mica aborda siempre tambi\u00e9n subg\u00e9neros o lenguajes de la narrativa, en este caso el cine y la ilustraci\u00f3n. Este ciclo es uno de los tres dedicado a la literatura en sentido amplio desde el Ayuntamiento de Pamplona en Civivox, junto con el de poes\u00eda que tuvo lugar en el mes de marzo y el de narraci\u00f3n oral que se programa anualmente en el mes de noviembre.<\/p>\n<p><strong>Cine con Alastruey e ilustraci\u00f3n con Mart\u00ednez Pasamar<\/strong><\/p>\n<p><a href=\"http:\/\/laguiadepamplona.es\/actualidad\/wp-content\/uploads\/2018\/04\/jornadas-narracion-oral.jpg\"><img loading=\"lazy\" decoding=\"async\" class=\"alignleft size-medium wp-image-16977\" src=\"http:\/\/laguiadepamplona.es\/actualidad\/wp-content\/uploads\/2018\/04\/jornadas-narracion-oral-300x200.jpg\" alt=\"\" width=\"300\" height=\"200\" srcset=\"https:\/\/www.laguiadepamplona.com\/actualidad\/wp-content\/uploads\/2018\/04\/jornadas-narracion-oral-300x200.jpg 300w, https:\/\/www.laguiadepamplona.com\/actualidad\/wp-content\/uploads\/2018\/04\/jornadas-narracion-oral-768x512.jpg 768w, https:\/\/www.laguiadepamplona.com\/actualidad\/wp-content\/uploads\/2018\/04\/jornadas-narracion-oral.jpg 1000w\" sizes=\"auto, (max-width: 300px) 100vw, 300px\" \/><\/a>Como es habitual en las jornadas est\u00e1n programados dos encuentros con estudiantes. El primero tendr\u00e1 lugar ma\u00f1ana a mediod\u00eda en euskera con el director residente en Navarra Karlos Alastruey, nominado en Los Angeles Film Award por el cortometraje \u2018Still being me\u2019. El realizador que tiene m\u00e1s de 20 premios nacionales e internacionales en su haber, se centrar\u00e1 en su concepto del cine como forma de mostrar la sensibilidad personal, de plasmar una visi\u00f3n propia sobre lo que otros no ven.<\/p>\n<p>Siguiendo con la importancia de la imagen en la narrativa, la segunda sesi\u00f3n con estudiantes tendr\u00e1 lugar, tambi\u00e9n a mediod\u00eda, el 24 de abril con Concha Mart\u00ednez Pasamar, doctora en filolog\u00eda hisp\u00e1nica. Bajo el t\u00edtulo &#8216;Pensar con palabras, pensar en im\u00e1genes\u2019 la idea de la sesi\u00f3n es centrarse en la ilustraci\u00f3n, presentar al alumnado las principales combinaciones de imagen y palabra en algunos g\u00e9neros literarios. Y se plantear\u00e1, a partir de algunos textos breves, qu\u00e9 tipo de im\u00e1genes podr\u00edan complementarlos para crear un conjunto coherente y atractivo sin perder de vista que no siempre el texto es el origen de la imagen, sino que a veces la relaci\u00f3n nace en sentido inverso.<\/p>\n<p>Mart\u00ednez Pasamar se ha formado en Bidari, el taller de artes pl\u00e1sticas de Lola Azparren (Pamplona) y, en el campo de la ilustraci\u00f3n, ha realizado distintos cursos y workshops con diferentes profesionales. Hoy forma parte del equipo de la Escuela de ilustraci\u00f3n y \u00e1lbum ilustrado de Mari\u00e1n Lario. La autora ha ilustrado infantiles y prosa para adultos, adem\u00e1s de revistas o prensa escrita. En la actualidad trabaja en dos proyectos de \u00e1lbumes ilustrados.<\/p>\n<p><strong>\u2018Narrar pese a todo\u2019<\/strong><\/p>\n<p>El jueves a las 19.30 horas las jornadas plantean una cita narrativa con Pablo L\u00f3pez Carballo (1983, Cacabelos, Le\u00f3n), escritor y poeta que, bajo el t\u00edtulo \u2018Narrar pese a todo\u2019, tratar\u00e1 sobre la insuficiencia de los actuales modelos gen\u00e9ricos sobre lo literario. Usando fragmentos de su obra cuestionar\u00e1 \u2018la ilusi\u00f3n de que solo podemos encontrar estos desarrollos en los g\u00e9neros narrativos\u2019 y propondr\u00e1 el acto de narrar desde diferentes perspectivas y con intenciones que exceden las de la simple comunicaci\u00f3n de una historia o relato.<\/p>\n<p>L\u00f3pez Carballo es doctor en Literatura espa\u00f1ola e hispanoamericana por la Universidad de Salamanca. Ha publicado los poemarios \u2018Sobre unas ruinas encontradas\u2019 (La Gar\u00faa, 2010), \u2018Quien manda uno\u2019 (Colecci\u00f3n Transatl\u00e1ntica, 2012) y \u2018La dictadura de la perspectiva\u2019 (Trea, 2017). Tambi\u00e9n el libro de narraciones \u2018Crea mundos y te sacar\u00e1n los ojos\u2019 (El Gaviero, 2012) y cuenta en su haber con numerosos relatos. Recientemente se ha publicado en Italia una antolog\u00eda de su poes\u00eda bajo el t\u00edtulo \u2018La precisione dell \u00b4indifferenza\u2019 (Carteggi letterari, 2016, Trad. Lorenzo Mari).<\/p>\n<p><strong>Espect\u00e1culo en el patio: f\u00e1bulas para todos<\/strong><\/p>\n<p>Y como un g\u00e9nero concreto de narraci\u00f3n que suele llegar en las etapas m\u00e1s precoces de la iniciaci\u00f3n a la lectura, las VII Jornadas literarias de narrativa proponen una actividad familiar para el domingo 22 de abril. El patio de Civivox Condestable acoger\u00e1, a las 12 del mediod\u00eda, el espect\u00e1culo de narraci\u00f3n dramatizada \u2018Fabulantes\u2019, una obra de microteatro producida por la compa\u00f1\u00eda Trokolo Teatro. En ella participar\u00e1n los actores Ram\u00f3n Marco y Sergio de Andr\u00e9s.<\/p>\n<p>Marco, ataviado con un elegante traje de \u00e9poca, encarnar\u00e1 como narrador al personaje de F\u00e9lix Mar\u00eda Seraf\u00edn S\u00e1nchez de Samaniego Zabala (escritor del siglo XVIII famoso por sus f\u00e1bulas). Samaniego se hace acompa\u00f1ar por un criado que tira de un carro donde lleva los utensilios necesarios para la declamaci\u00f3n y representaci\u00f3n de varias f\u00e1bulas escritas en verso por \u00e9l mismo. El sirviente ser\u00e1 el encargado de poner m\u00fasica a la narraci\u00f3n.<\/p>\n<p>Esta obra, que tiene unos 40 minutos de duraci\u00f3n, se estreno en la pasada edici\u00f3n del Festival de Olite y se ha representado en el zagu\u00e1n de la Escuela Navarra de Teatro dentro de la iniciativa \u2018948 Merkatua\u2019 (Pamplona), adem\u00e1s de en las localidades de Ansoain y Huarte.<\/p>\n<p><strong>Jornadas de narrativa<\/strong><\/p>\n<ul>\n<li>ENCUENTROS DID\u00c1CTICOS CON ESTUDIANTES (Inscripci\u00f3n previa)<\/li>\n<\/ul>\n<p><strong>18 de abril. 12 horas<\/strong><\/p>\n<p>Zinema ikusten duguna eta besteek ikusten ez duena erakusteko, modu bat da<\/p>\n<p>Coordina el encuentro Karlos Alastruey, director de cine<\/p>\n<p><strong>24 de abril. 12 horas<\/strong><\/p>\n<p>Pensar con palabras, pensar en im\u00e1genes<\/p>\n<p>Coordina el encuentro Concha Mart\u00ednez Pasamar, doctora en filolog\u00eda hisp\u00e1nica<\/p>\n<ul>\n<li>CITA NARRATIVA CON\u2026<\/li>\n<\/ul>\n<p><strong>19 de abril. 19.30 horas. Entrada libre<\/strong><\/p>\n<p>Pablo L\u00f3pez Carballo, escritor, poeta y doctor en Literatura espa\u00f1ola e hispanoamericana<\/p>\n<p>Narrar pese a todo<\/p>\n<ul>\n<li>ESPECT\u00c1CULO DE NARRACI\u00d3N FAMILIAR<\/li>\n<\/ul>\n<p><strong>22 de abril. 12 horas. Entrada libre<\/strong><\/p>\n<p>Fabulantes<\/p>\n<p>Va de f\u00e1bula&#8230;<\/p>\n<p>Int\u00e9rpretes: Ram\u00f3n Marco, narrador\/actor y Sergio de Andr\u00e9s m\u00fasico\/actor<\/p>\n<p>&nbsp;<\/p>\n","protected":false},"excerpt":{"rendered":"<p>Ser\u00e1n protagonistas el cineasta Karlos Alastruey, la ilustradora Concha Mart\u00ednez, el escritor Pablo L\u00f3pez Carballo y los \u2018Fabulantes\u2019 de Trokolo<\/p>\n","protected":false},"author":1,"featured_media":16971,"comment_status":"open","ping_status":"closed","sticky":false,"template":"","format":"standard","meta":{"footnotes":""},"categories":[2],"tags":[],"class_list":["post-16970","post","type-post","status-publish","format-standard","has-post-thumbnail","hentry","category-ayuntamiento-pamplona"],"yoast_head":"<!-- This site is optimized with the Yoast SEO plugin v27.5 - https:\/\/yoast.com\/product\/yoast-seo-wordpress\/ -->\n<title>Arrancan ma\u00f1ana las VII Jornadas de narraci\u00f3n oral en la red Civivox, un conjunto de cuatro actividades para p\u00fablicos diversos en Condestable<\/title>\n<meta name=\"robots\" content=\"index, follow, max-snippet:-1, max-image-preview:large, max-video-preview:-1\" \/>\n<link rel=\"canonical\" href=\"https:\/\/www.laguiadepamplona.com\/actualidad\/arrancan-manana-las-vii-jornadas-de-narracion-oral-en-la-red-civivox-un-conjunto-de-cuatro-actividades-para-publicos-diversos-en-condestable\/\" \/>\n<meta property=\"og:locale\" content=\"es_ES\" \/>\n<meta property=\"og:type\" content=\"article\" \/>\n<meta property=\"og:title\" content=\"Arrancan ma\u00f1ana las VII Jornadas de narraci\u00f3n oral en la red Civivox, un conjunto de cuatro actividades para p\u00fablicos diversos en Condestable\" \/>\n<meta property=\"og:description\" content=\"Ser\u00e1n protagonistas el cineasta Karlos Alastruey, la ilustradora Concha Mart\u00ednez, el escritor Pablo L\u00f3pez Carballo y los \u2018Fabulantes\u2019 de Trokolo\" \/>\n<meta property=\"og:url\" content=\"https:\/\/www.laguiadepamplona.com\/actualidad\/arrancan-manana-las-vii-jornadas-de-narracion-oral-en-la-red-civivox-un-conjunto-de-cuatro-actividades-para-publicos-diversos-en-condestable\/\" \/>\n<meta property=\"og:site_name\" content=\"La Gu\u00eda de Pamplona\" \/>\n<meta property=\"article:publisher\" content=\"https:\/\/www.facebook.com\/laguiadepamplonacom-133175176762273\/?ref=hl\" \/>\n<meta property=\"article:published_time\" content=\"2018-04-17T13:30:48+00:00\" \/>\n<meta property=\"article:modified_time\" content=\"2018-04-17T13:36:00+00:00\" \/>\n<meta property=\"og:image\" content=\"https:\/\/www.laguiadepamplona.com\/actualidad\/wp-content\/uploads\/2018\/04\/18.04.17_jornadas_narracion_lopez_carballo.jpg\" \/>\n\t<meta property=\"og:image:width\" content=\"1000\" \/>\n\t<meta property=\"og:image:height\" content=\"666\" \/>\n\t<meta property=\"og:image:type\" content=\"image\/jpeg\" \/>\n<meta name=\"author\" content=\"La Gu\u00eda de Pamplona\" \/>\n<meta name=\"twitter:card\" content=\"summary_large_image\" \/>\n<meta name=\"twitter:creator\" content=\"@LaGuiadPamplona\" \/>\n<meta name=\"twitter:site\" content=\"@LaGuiadPamplona\" \/>\n<meta name=\"twitter:label1\" content=\"Escrito por\" \/>\n\t<meta name=\"twitter:data1\" content=\"La Gu\u00eda de Pamplona\" \/>\n\t<meta name=\"twitter:label2\" content=\"Tiempo de lectura\" \/>\n\t<meta name=\"twitter:data2\" content=\"5 minutos\" \/>\n<script type=\"application\/ld+json\" class=\"yoast-schema-graph\">{\"@context\":\"https:\\\/\\\/schema.org\",\"@graph\":[{\"@type\":\"Article\",\"@id\":\"https:\\\/\\\/www.laguiadepamplona.com\\\/actualidad\\\/arrancan-manana-las-vii-jornadas-de-narracion-oral-en-la-red-civivox-un-conjunto-de-cuatro-actividades-para-publicos-diversos-en-condestable\\\/#article\",\"isPartOf\":{\"@id\":\"https:\\\/\\\/www.laguiadepamplona.com\\\/actualidad\\\/arrancan-manana-las-vii-jornadas-de-narracion-oral-en-la-red-civivox-un-conjunto-de-cuatro-actividades-para-publicos-diversos-en-condestable\\\/\"},\"author\":{\"name\":\"La Gu\u00eda de Pamplona\",\"@id\":\"https:\\\/\\\/www.laguiadepamplona.com\\\/actualidad\\\/#\\\/schema\\\/person\\\/efe887376f0213d4657c93adc50b1fdb\"},\"headline\":\"Arrancan ma\u00f1ana las VII Jornadas de narraci\u00f3n oral en la red Civivox, un conjunto de cuatro actividades para p\u00fablicos diversos en Condestable\",\"datePublished\":\"2018-04-17T13:30:48+00:00\",\"dateModified\":\"2018-04-17T13:36:00+00:00\",\"mainEntityOfPage\":{\"@id\":\"https:\\\/\\\/www.laguiadepamplona.com\\\/actualidad\\\/arrancan-manana-las-vii-jornadas-de-narracion-oral-en-la-red-civivox-un-conjunto-de-cuatro-actividades-para-publicos-diversos-en-condestable\\\/\"},\"wordCount\":1107,\"commentCount\":0,\"publisher\":{\"@id\":\"https:\\\/\\\/www.laguiadepamplona.com\\\/actualidad\\\/#organization\"},\"image\":{\"@id\":\"https:\\\/\\\/www.laguiadepamplona.com\\\/actualidad\\\/arrancan-manana-las-vii-jornadas-de-narracion-oral-en-la-red-civivox-un-conjunto-de-cuatro-actividades-para-publicos-diversos-en-condestable\\\/#primaryimage\"},\"thumbnailUrl\":\"https:\\\/\\\/www.laguiadepamplona.com\\\/actualidad\\\/wp-content\\\/uploads\\\/2018\\\/04\\\/18.04.17_jornadas_narracion_lopez_carballo.jpg\",\"articleSection\":[\"Ayto Pamplona\"],\"inLanguage\":\"es\",\"potentialAction\":[{\"@type\":\"CommentAction\",\"name\":\"Comment\",\"target\":[\"https:\\\/\\\/www.laguiadepamplona.com\\\/actualidad\\\/arrancan-manana-las-vii-jornadas-de-narracion-oral-en-la-red-civivox-un-conjunto-de-cuatro-actividades-para-publicos-diversos-en-condestable\\\/#respond\"]}]},{\"@type\":\"WebPage\",\"@id\":\"https:\\\/\\\/www.laguiadepamplona.com\\\/actualidad\\\/arrancan-manana-las-vii-jornadas-de-narracion-oral-en-la-red-civivox-un-conjunto-de-cuatro-actividades-para-publicos-diversos-en-condestable\\\/\",\"url\":\"https:\\\/\\\/www.laguiadepamplona.com\\\/actualidad\\\/arrancan-manana-las-vii-jornadas-de-narracion-oral-en-la-red-civivox-un-conjunto-de-cuatro-actividades-para-publicos-diversos-en-condestable\\\/\",\"name\":\"Arrancan ma\u00f1ana las VII Jornadas de narraci\u00f3n oral en la red Civivox, un conjunto de cuatro actividades para p\u00fablicos diversos en Condestable\",\"isPartOf\":{\"@id\":\"https:\\\/\\\/www.laguiadepamplona.com\\\/actualidad\\\/#website\"},\"primaryImageOfPage\":{\"@id\":\"https:\\\/\\\/www.laguiadepamplona.com\\\/actualidad\\\/arrancan-manana-las-vii-jornadas-de-narracion-oral-en-la-red-civivox-un-conjunto-de-cuatro-actividades-para-publicos-diversos-en-condestable\\\/#primaryimage\"},\"image\":{\"@id\":\"https:\\\/\\\/www.laguiadepamplona.com\\\/actualidad\\\/arrancan-manana-las-vii-jornadas-de-narracion-oral-en-la-red-civivox-un-conjunto-de-cuatro-actividades-para-publicos-diversos-en-condestable\\\/#primaryimage\"},\"thumbnailUrl\":\"https:\\\/\\\/www.laguiadepamplona.com\\\/actualidad\\\/wp-content\\\/uploads\\\/2018\\\/04\\\/18.04.17_jornadas_narracion_lopez_carballo.jpg\",\"datePublished\":\"2018-04-17T13:30:48+00:00\",\"dateModified\":\"2018-04-17T13:36:00+00:00\",\"breadcrumb\":{\"@id\":\"https:\\\/\\\/www.laguiadepamplona.com\\\/actualidad\\\/arrancan-manana-las-vii-jornadas-de-narracion-oral-en-la-red-civivox-un-conjunto-de-cuatro-actividades-para-publicos-diversos-en-condestable\\\/#breadcrumb\"},\"inLanguage\":\"es\",\"potentialAction\":[{\"@type\":\"ReadAction\",\"target\":[\"https:\\\/\\\/www.laguiadepamplona.com\\\/actualidad\\\/arrancan-manana-las-vii-jornadas-de-narracion-oral-en-la-red-civivox-un-conjunto-de-cuatro-actividades-para-publicos-diversos-en-condestable\\\/\"]}]},{\"@type\":\"ImageObject\",\"inLanguage\":\"es\",\"@id\":\"https:\\\/\\\/www.laguiadepamplona.com\\\/actualidad\\\/arrancan-manana-las-vii-jornadas-de-narracion-oral-en-la-red-civivox-un-conjunto-de-cuatro-actividades-para-publicos-diversos-en-condestable\\\/#primaryimage\",\"url\":\"https:\\\/\\\/www.laguiadepamplona.com\\\/actualidad\\\/wp-content\\\/uploads\\\/2018\\\/04\\\/18.04.17_jornadas_narracion_lopez_carballo.jpg\",\"contentUrl\":\"https:\\\/\\\/www.laguiadepamplona.com\\\/actualidad\\\/wp-content\\\/uploads\\\/2018\\\/04\\\/18.04.17_jornadas_narracion_lopez_carballo.jpg\",\"width\":1000,\"height\":666},{\"@type\":\"BreadcrumbList\",\"@id\":\"https:\\\/\\\/www.laguiadepamplona.com\\\/actualidad\\\/arrancan-manana-las-vii-jornadas-de-narracion-oral-en-la-red-civivox-un-conjunto-de-cuatro-actividades-para-publicos-diversos-en-condestable\\\/#breadcrumb\",\"itemListElement\":[{\"@type\":\"ListItem\",\"position\":1,\"name\":\"Portada\",\"item\":\"https:\\\/\\\/www.laguiadepamplona.com\\\/actualidad\\\/\"},{\"@type\":\"ListItem\",\"position\":2,\"name\":\"Arrancan ma\u00f1ana las VII Jornadas de narraci\u00f3n oral en la red Civivox, un conjunto de cuatro actividades para p\u00fablicos diversos en Condestable\"}]},{\"@type\":\"WebSite\",\"@id\":\"https:\\\/\\\/www.laguiadepamplona.com\\\/actualidad\\\/#website\",\"url\":\"https:\\\/\\\/www.laguiadepamplona.com\\\/actualidad\\\/\",\"name\":\"La gu\u00eda de Pamplona\",\"description\":\"Noticias de Pamplona\",\"publisher\":{\"@id\":\"https:\\\/\\\/www.laguiadepamplona.com\\\/actualidad\\\/#organization\"},\"potentialAction\":[{\"@type\":\"SearchAction\",\"target\":{\"@type\":\"EntryPoint\",\"urlTemplate\":\"https:\\\/\\\/www.laguiadepamplona.com\\\/actualidad\\\/?s={search_term_string}\"},\"query-input\":{\"@type\":\"PropertyValueSpecification\",\"valueRequired\":true,\"valueName\":\"search_term_string\"}}],\"inLanguage\":\"es\"},{\"@type\":\"Organization\",\"@id\":\"https:\\\/\\\/www.laguiadepamplona.com\\\/actualidad\\\/#organization\",\"name\":\"La Gu\u00eda de Pamplona \\\/ Noticias\",\"url\":\"https:\\\/\\\/www.laguiadepamplona.com\\\/actualidad\\\/\",\"logo\":{\"@type\":\"ImageObject\",\"inLanguage\":\"es\",\"@id\":\"https:\\\/\\\/www.laguiadepamplona.com\\\/actualidad\\\/#\\\/schema\\\/logo\\\/image\\\/\",\"url\":\"https:\\\/\\\/www.laguiadepamplona.com\\\/actualidad\\\/wp-content\\\/uploads\\\/2018\\\/11\\\/logo-laguiadepamplona18-web1.png\",\"contentUrl\":\"https:\\\/\\\/www.laguiadepamplona.com\\\/actualidad\\\/wp-content\\\/uploads\\\/2018\\\/11\\\/logo-laguiadepamplona18-web1.png\",\"width\":600,\"height\":196,\"caption\":\"La Gu\u00eda de Pamplona \\\/ Noticias\"},\"image\":{\"@id\":\"https:\\\/\\\/www.laguiadepamplona.com\\\/actualidad\\\/#\\\/schema\\\/logo\\\/image\\\/\"},\"sameAs\":[\"https:\\\/\\\/www.facebook.com\\\/laguiadepamplonacom-133175176762273\\\/?ref=hl\",\"https:\\\/\\\/x.com\\\/LaGuiadPamplona\",\"https:\\\/\\\/www.instagram.com\\\/la_guia_de_pamplona\\\/\",\"https:\\\/\\\/www.youtube.com\\\/user\\\/laguiadepamplona\"]},{\"@type\":\"Person\",\"@id\":\"https:\\\/\\\/www.laguiadepamplona.com\\\/actualidad\\\/#\\\/schema\\\/person\\\/efe887376f0213d4657c93adc50b1fdb\",\"name\":\"La Gu\u00eda de Pamplona\",\"image\":{\"@type\":\"ImageObject\",\"inLanguage\":\"es\",\"@id\":\"https:\\\/\\\/secure.gravatar.com\\\/avatar\\\/b6992f131dc8d30ab0dff15446e9d346d9dbd95992de0fef795073f5ea83a81c?s=96&d=mm&r=g\",\"url\":\"https:\\\/\\\/secure.gravatar.com\\\/avatar\\\/b6992f131dc8d30ab0dff15446e9d346d9dbd95992de0fef795073f5ea83a81c?s=96&d=mm&r=g\",\"contentUrl\":\"https:\\\/\\\/secure.gravatar.com\\\/avatar\\\/b6992f131dc8d30ab0dff15446e9d346d9dbd95992de0fef795073f5ea83a81c?s=96&d=mm&r=g\",\"caption\":\"La Gu\u00eda de Pamplona\"}}]}<\/script>\n<!-- \/ Yoast SEO plugin. -->","yoast_head_json":{"title":"Arrancan ma\u00f1ana las VII Jornadas de narraci\u00f3n oral en la red Civivox, un conjunto de cuatro actividades para p\u00fablicos diversos en Condestable","robots":{"index":"index","follow":"follow","max-snippet":"max-snippet:-1","max-image-preview":"max-image-preview:large","max-video-preview":"max-video-preview:-1"},"canonical":"https:\/\/www.laguiadepamplona.com\/actualidad\/arrancan-manana-las-vii-jornadas-de-narracion-oral-en-la-red-civivox-un-conjunto-de-cuatro-actividades-para-publicos-diversos-en-condestable\/","og_locale":"es_ES","og_type":"article","og_title":"Arrancan ma\u00f1ana las VII Jornadas de narraci\u00f3n oral en la red Civivox, un conjunto de cuatro actividades para p\u00fablicos diversos en Condestable","og_description":"Ser\u00e1n protagonistas el cineasta Karlos Alastruey, la ilustradora Concha Mart\u00ednez, el escritor Pablo L\u00f3pez Carballo y los \u2018Fabulantes\u2019 de Trokolo","og_url":"https:\/\/www.laguiadepamplona.com\/actualidad\/arrancan-manana-las-vii-jornadas-de-narracion-oral-en-la-red-civivox-un-conjunto-de-cuatro-actividades-para-publicos-diversos-en-condestable\/","og_site_name":"La Gu\u00eda de Pamplona","article_publisher":"https:\/\/www.facebook.com\/laguiadepamplonacom-133175176762273\/?ref=hl","article_published_time":"2018-04-17T13:30:48+00:00","article_modified_time":"2018-04-17T13:36:00+00:00","og_image":[{"width":1000,"height":666,"url":"https:\/\/www.laguiadepamplona.com\/actualidad\/wp-content\/uploads\/2018\/04\/18.04.17_jornadas_narracion_lopez_carballo.jpg","type":"image\/jpeg"}],"author":"La Gu\u00eda de Pamplona","twitter_card":"summary_large_image","twitter_creator":"@LaGuiadPamplona","twitter_site":"@LaGuiadPamplona","twitter_misc":{"Escrito por":"La Gu\u00eda de Pamplona","Tiempo de lectura":"5 minutos"},"schema":{"@context":"https:\/\/schema.org","@graph":[{"@type":"Article","@id":"https:\/\/www.laguiadepamplona.com\/actualidad\/arrancan-manana-las-vii-jornadas-de-narracion-oral-en-la-red-civivox-un-conjunto-de-cuatro-actividades-para-publicos-diversos-en-condestable\/#article","isPartOf":{"@id":"https:\/\/www.laguiadepamplona.com\/actualidad\/arrancan-manana-las-vii-jornadas-de-narracion-oral-en-la-red-civivox-un-conjunto-de-cuatro-actividades-para-publicos-diversos-en-condestable\/"},"author":{"name":"La Gu\u00eda de Pamplona","@id":"https:\/\/www.laguiadepamplona.com\/actualidad\/#\/schema\/person\/efe887376f0213d4657c93adc50b1fdb"},"headline":"Arrancan ma\u00f1ana las VII Jornadas de narraci\u00f3n oral en la red Civivox, un conjunto de cuatro actividades para p\u00fablicos diversos en Condestable","datePublished":"2018-04-17T13:30:48+00:00","dateModified":"2018-04-17T13:36:00+00:00","mainEntityOfPage":{"@id":"https:\/\/www.laguiadepamplona.com\/actualidad\/arrancan-manana-las-vii-jornadas-de-narracion-oral-en-la-red-civivox-un-conjunto-de-cuatro-actividades-para-publicos-diversos-en-condestable\/"},"wordCount":1107,"commentCount":0,"publisher":{"@id":"https:\/\/www.laguiadepamplona.com\/actualidad\/#organization"},"image":{"@id":"https:\/\/www.laguiadepamplona.com\/actualidad\/arrancan-manana-las-vii-jornadas-de-narracion-oral-en-la-red-civivox-un-conjunto-de-cuatro-actividades-para-publicos-diversos-en-condestable\/#primaryimage"},"thumbnailUrl":"https:\/\/www.laguiadepamplona.com\/actualidad\/wp-content\/uploads\/2018\/04\/18.04.17_jornadas_narracion_lopez_carballo.jpg","articleSection":["Ayto Pamplona"],"inLanguage":"es","potentialAction":[{"@type":"CommentAction","name":"Comment","target":["https:\/\/www.laguiadepamplona.com\/actualidad\/arrancan-manana-las-vii-jornadas-de-narracion-oral-en-la-red-civivox-un-conjunto-de-cuatro-actividades-para-publicos-diversos-en-condestable\/#respond"]}]},{"@type":"WebPage","@id":"https:\/\/www.laguiadepamplona.com\/actualidad\/arrancan-manana-las-vii-jornadas-de-narracion-oral-en-la-red-civivox-un-conjunto-de-cuatro-actividades-para-publicos-diversos-en-condestable\/","url":"https:\/\/www.laguiadepamplona.com\/actualidad\/arrancan-manana-las-vii-jornadas-de-narracion-oral-en-la-red-civivox-un-conjunto-de-cuatro-actividades-para-publicos-diversos-en-condestable\/","name":"Arrancan ma\u00f1ana las VII Jornadas de narraci\u00f3n oral en la red Civivox, un conjunto de cuatro actividades para p\u00fablicos diversos en Condestable","isPartOf":{"@id":"https:\/\/www.laguiadepamplona.com\/actualidad\/#website"},"primaryImageOfPage":{"@id":"https:\/\/www.laguiadepamplona.com\/actualidad\/arrancan-manana-las-vii-jornadas-de-narracion-oral-en-la-red-civivox-un-conjunto-de-cuatro-actividades-para-publicos-diversos-en-condestable\/#primaryimage"},"image":{"@id":"https:\/\/www.laguiadepamplona.com\/actualidad\/arrancan-manana-las-vii-jornadas-de-narracion-oral-en-la-red-civivox-un-conjunto-de-cuatro-actividades-para-publicos-diversos-en-condestable\/#primaryimage"},"thumbnailUrl":"https:\/\/www.laguiadepamplona.com\/actualidad\/wp-content\/uploads\/2018\/04\/18.04.17_jornadas_narracion_lopez_carballo.jpg","datePublished":"2018-04-17T13:30:48+00:00","dateModified":"2018-04-17T13:36:00+00:00","breadcrumb":{"@id":"https:\/\/www.laguiadepamplona.com\/actualidad\/arrancan-manana-las-vii-jornadas-de-narracion-oral-en-la-red-civivox-un-conjunto-de-cuatro-actividades-para-publicos-diversos-en-condestable\/#breadcrumb"},"inLanguage":"es","potentialAction":[{"@type":"ReadAction","target":["https:\/\/www.laguiadepamplona.com\/actualidad\/arrancan-manana-las-vii-jornadas-de-narracion-oral-en-la-red-civivox-un-conjunto-de-cuatro-actividades-para-publicos-diversos-en-condestable\/"]}]},{"@type":"ImageObject","inLanguage":"es","@id":"https:\/\/www.laguiadepamplona.com\/actualidad\/arrancan-manana-las-vii-jornadas-de-narracion-oral-en-la-red-civivox-un-conjunto-de-cuatro-actividades-para-publicos-diversos-en-condestable\/#primaryimage","url":"https:\/\/www.laguiadepamplona.com\/actualidad\/wp-content\/uploads\/2018\/04\/18.04.17_jornadas_narracion_lopez_carballo.jpg","contentUrl":"https:\/\/www.laguiadepamplona.com\/actualidad\/wp-content\/uploads\/2018\/04\/18.04.17_jornadas_narracion_lopez_carballo.jpg","width":1000,"height":666},{"@type":"BreadcrumbList","@id":"https:\/\/www.laguiadepamplona.com\/actualidad\/arrancan-manana-las-vii-jornadas-de-narracion-oral-en-la-red-civivox-un-conjunto-de-cuatro-actividades-para-publicos-diversos-en-condestable\/#breadcrumb","itemListElement":[{"@type":"ListItem","position":1,"name":"Portada","item":"https:\/\/www.laguiadepamplona.com\/actualidad\/"},{"@type":"ListItem","position":2,"name":"Arrancan ma\u00f1ana las VII Jornadas de narraci\u00f3n oral en la red Civivox, un conjunto de cuatro actividades para p\u00fablicos diversos en Condestable"}]},{"@type":"WebSite","@id":"https:\/\/www.laguiadepamplona.com\/actualidad\/#website","url":"https:\/\/www.laguiadepamplona.com\/actualidad\/","name":"La gu\u00eda de Pamplona","description":"Noticias de Pamplona","publisher":{"@id":"https:\/\/www.laguiadepamplona.com\/actualidad\/#organization"},"potentialAction":[{"@type":"SearchAction","target":{"@type":"EntryPoint","urlTemplate":"https:\/\/www.laguiadepamplona.com\/actualidad\/?s={search_term_string}"},"query-input":{"@type":"PropertyValueSpecification","valueRequired":true,"valueName":"search_term_string"}}],"inLanguage":"es"},{"@type":"Organization","@id":"https:\/\/www.laguiadepamplona.com\/actualidad\/#organization","name":"La Gu\u00eda de Pamplona \/ Noticias","url":"https:\/\/www.laguiadepamplona.com\/actualidad\/","logo":{"@type":"ImageObject","inLanguage":"es","@id":"https:\/\/www.laguiadepamplona.com\/actualidad\/#\/schema\/logo\/image\/","url":"https:\/\/www.laguiadepamplona.com\/actualidad\/wp-content\/uploads\/2018\/11\/logo-laguiadepamplona18-web1.png","contentUrl":"https:\/\/www.laguiadepamplona.com\/actualidad\/wp-content\/uploads\/2018\/11\/logo-laguiadepamplona18-web1.png","width":600,"height":196,"caption":"La Gu\u00eda de Pamplona \/ Noticias"},"image":{"@id":"https:\/\/www.laguiadepamplona.com\/actualidad\/#\/schema\/logo\/image\/"},"sameAs":["https:\/\/www.facebook.com\/laguiadepamplonacom-133175176762273\/?ref=hl","https:\/\/x.com\/LaGuiadPamplona","https:\/\/www.instagram.com\/la_guia_de_pamplona\/","https:\/\/www.youtube.com\/user\/laguiadepamplona"]},{"@type":"Person","@id":"https:\/\/www.laguiadepamplona.com\/actualidad\/#\/schema\/person\/efe887376f0213d4657c93adc50b1fdb","name":"La Gu\u00eda de Pamplona","image":{"@type":"ImageObject","inLanguage":"es","@id":"https:\/\/secure.gravatar.com\/avatar\/b6992f131dc8d30ab0dff15446e9d346d9dbd95992de0fef795073f5ea83a81c?s=96&d=mm&r=g","url":"https:\/\/secure.gravatar.com\/avatar\/b6992f131dc8d30ab0dff15446e9d346d9dbd95992de0fef795073f5ea83a81c?s=96&d=mm&r=g","contentUrl":"https:\/\/secure.gravatar.com\/avatar\/b6992f131dc8d30ab0dff15446e9d346d9dbd95992de0fef795073f5ea83a81c?s=96&d=mm&r=g","caption":"La Gu\u00eda de Pamplona"}}]}},"post_mailing_queue_ids":[],"_links":{"self":[{"href":"https:\/\/www.laguiadepamplona.com\/actualidad\/wp-json\/wp\/v2\/posts\/16970","targetHints":{"allow":["GET"]}}],"collection":[{"href":"https:\/\/www.laguiadepamplona.com\/actualidad\/wp-json\/wp\/v2\/posts"}],"about":[{"href":"https:\/\/www.laguiadepamplona.com\/actualidad\/wp-json\/wp\/v2\/types\/post"}],"author":[{"embeddable":true,"href":"https:\/\/www.laguiadepamplona.com\/actualidad\/wp-json\/wp\/v2\/users\/1"}],"replies":[{"embeddable":true,"href":"https:\/\/www.laguiadepamplona.com\/actualidad\/wp-json\/wp\/v2\/comments?post=16970"}],"version-history":[{"count":0,"href":"https:\/\/www.laguiadepamplona.com\/actualidad\/wp-json\/wp\/v2\/posts\/16970\/revisions"}],"wp:featuredmedia":[{"embeddable":true,"href":"https:\/\/www.laguiadepamplona.com\/actualidad\/wp-json\/wp\/v2\/media\/16971"}],"wp:attachment":[{"href":"https:\/\/www.laguiadepamplona.com\/actualidad\/wp-json\/wp\/v2\/media?parent=16970"}],"wp:term":[{"taxonomy":"category","embeddable":true,"href":"https:\/\/www.laguiadepamplona.com\/actualidad\/wp-json\/wp\/v2\/categories?post=16970"},{"taxonomy":"post_tag","embeddable":true,"href":"https:\/\/www.laguiadepamplona.com\/actualidad\/wp-json\/wp\/v2\/tags?post=16970"}],"curies":[{"name":"wp","href":"https:\/\/api.w.org\/{rel}","templated":true}]}}