{"id":16967,"date":"2018-04-17T14:28:29","date_gmt":"2018-04-17T13:28:29","guid":{"rendered":"http:\/\/laguiadepamplona.es\/actualidad\/?p=16967"},"modified":"2018-04-17T14:28:29","modified_gmt":"2018-04-17T13:28:29","slug":"pamplona-sera-epicentro-de-la-solidaridad-con-las-personas-migrantes-y-refugiadas-con-la-celebracion-de-un-encuentro-estatal-del-20-al-22-de-abril","status":"publish","type":"post","link":"https:\/\/www.laguiadepamplona.com\/actualidad\/pamplona-sera-epicentro-de-la-solidaridad-con-las-personas-migrantes-y-refugiadas-con-la-celebracion-de-un-encuentro-estatal-del-20-al-22-de-abril\/","title":{"rendered":"Pamplona ser\u00e1 epicentro de la solidaridad con las personas migrantes y refugiadas, con la celebraci\u00f3n de un encuentro estatal\u00a0 del 20 al 22 de abril"},"content":{"rendered":"<h3>Organizado por Ayuntamiento, Gobierno y Pamplona Iru\u00f1a Ciudad de Acogida, servir\u00e1 para intercambiar experiencias acad\u00e9micas y solidarias<\/h3>\n<p><!--more--><\/p>\n<p>Durante el pr\u00f3ximo fin de semana, del viernes 20 al domingo 22 de abril, Pamplona se convertir\u00e1 en epicentro de la solidaridad con las personas migrantes y refugiadas. El Palacio del Condestable acoger\u00e1 el Encuentro estatal sobre migraciones y solidaridad, organizado conjuntamente por el Ayuntamiento de Pamplona, el Gobierno de Navarra y la Plataforma Iru\u00f1a Ciudad de Acogida, junto con el resto de iniciativas ciudadanas de acogida de Navarra. El encuentro, al que asistir\u00e1n plataformas y activistas de todo el pa\u00eds, pretende convertirse en un espacio de intercambio de experiencias y conocimiento, aunando el plano acad\u00e9mico y el de la solidaridad.<\/p>\n<p>El encuentro ha sido presentado hoy en rueda de prensa por la concejala delegada de Acci\u00f3n Social, Edurne Eguino, la directora general de Inclusi\u00f3n y Protecci\u00f3n Social del Gobierno de Navarra, Gema Ma\u00f1u Echaide, y Xabier Aguirregabiria e I\u00f1aki Red\u00edn, en representaci\u00f3n de la Plataforma Pamplona Ciudad de Acogida.<\/p>\n<p>Tal y como figura en el programa del Encuentro, est\u00e1n previstas las ponencias de personal docente de al menos tres universidades, activistas de plataformas que trabajan la acogida, as\u00ed como el testimonio de personas migrantes.<\/p>\n<p><a href=\"http:\/\/laguiadepamplona.es\/actualidad\/wp-content\/uploads\/2018\/04\/18.04.17_Cartel-Encuentro-Migraci\u00f3n.jpg\"><img loading=\"lazy\" decoding=\"async\" class=\"alignleft size-medium wp-image-16968\" src=\"http:\/\/laguiadepamplona.es\/actualidad\/wp-content\/uploads\/2018\/04\/18.04.17_Cartel-Encuentro-Migraci\u00f3n-212x300.jpg\" alt=\"\" width=\"212\" height=\"300\" srcset=\"https:\/\/www.laguiadepamplona.com\/actualidad\/wp-content\/uploads\/2018\/04\/18.04.17_Cartel-Encuentro-Migraci\u00f3n-212x300.jpg 212w, https:\/\/www.laguiadepamplona.com\/actualidad\/wp-content\/uploads\/2018\/04\/18.04.17_Cartel-Encuentro-Migraci\u00f3n-300x424.jpg 300w, https:\/\/www.laguiadepamplona.com\/actualidad\/wp-content\/uploads\/2018\/04\/18.04.17_Cartel-Encuentro-Migraci\u00f3n.jpg 707w\" sizes=\"auto, (max-width: 212px) 100vw, 212px\" \/><\/a>As\u00ed, participar\u00e1n, entre otras personas, Mbuyi Kabunda, presidente de la Asociaci\u00f3n espa\u00f1ola de africanistas y experto en migraciones y desarrollo; Mahmoud Traore, migrante senegal\u00e9s y co-autor del libro \u2018Partir para contar\u2019; Jos\u00e9 Palaz\u00f3n y Maite Echarte, fundadoras de la Asociaci\u00f3n melillense Prodein; Josu Juaristi, ex-eurodiputado y experto en pol\u00edticas migratorias; Farmatta Watt, senegalesa y fundadora de la Asociaci\u00f3n de mujeres Flor de \u00c1frica; Gani Mirzo, m\u00fasico Kurdo-sirio y fundador de la Campa\u00f1a \u2018Tapar el sonido de la guerra con la m\u00fasica\u2019; Juan Hern\u00e1ndez Zubizarreta, profesor de la UPV\/EHU y activista de la Plataforma Ongi etorri Bizkaia; Mikel Zuluaga, activista de Ongi etorri; Juan Miguel Ortega Terol, profesor de la UCLM y experto en acogida y refugio; Ana Mar\u00eda Mart\u00ednez y Azhar Bilal, activistas valenciana y pakistan\u00ed que han trabajado en los bosques de Serbia.<\/p>\n<p>Adem\u00e1s, se contar\u00e1 con micro teatros, la celebraci\u00f3n de una comida popular en Geltoki, un concierto solidario ofrecido por Gani Mirzo en la Escuela P\u00fablica San Francisco, y una marcha el domingo desde la plaza Consistorial, que finalizar\u00e1 en un pintxo-pote solidario organizado por Zaporeak.<\/p>\n<p>Entre los colectivos y plataformas que han confirmado su asistencia se encuentran las plataformas Ongi etorri Bizkaia y Gipuzkoa, Plataforma Somos migrantes (Sevilla), Plataforma Bienvenidos refugiados Espa\u00f1a, Plataforma castellano-manchega de Apoyo a las Personas Refugiadas, Iniciativas ciudadanas de acogida de Navarra, Karabana, M\u00e9dicos del Mundo Navarra, Help-Na, Red antirumores Zaska Nafarroa, y Zaporeak.<\/p>\n<p>&nbsp;<\/p>\n","protected":false},"excerpt":{"rendered":"<p>Organizado por Ayuntamiento, Gobierno y Pamplona Iru\u00f1a Ciudad de Acogida, servir\u00e1 para intercambiar experiencias acad\u00e9micas y solidarias<\/p>\n","protected":false},"author":1,"featured_media":16968,"comment_status":"open","ping_status":"closed","sticky":false,"template":"","format":"standard","meta":{"footnotes":""},"categories":[2],"tags":[],"class_list":["post-16967","post","type-post","status-publish","format-standard","has-post-thumbnail","hentry","category-ayuntamiento-pamplona"],"yoast_head":"<!-- This site is optimized with the Yoast SEO plugin v27.5 - https:\/\/yoast.com\/product\/yoast-seo-wordpress\/ -->\n<title>Pamplona ser\u00e1 epicentro de la solidaridad con las personas migrantes y refugiadas, con la celebraci\u00f3n de un encuentro estatal\u00a0 del 20 al 22 de abril<\/title>\n<meta name=\"robots\" content=\"index, follow, max-snippet:-1, max-image-preview:large, max-video-preview:-1\" \/>\n<link rel=\"canonical\" href=\"https:\/\/www.laguiadepamplona.com\/actualidad\/pamplona-sera-epicentro-de-la-solidaridad-con-las-personas-migrantes-y-refugiadas-con-la-celebracion-de-un-encuentro-estatal-del-20-al-22-de-abril\/\" \/>\n<meta property=\"og:locale\" content=\"es_ES\" \/>\n<meta property=\"og:type\" content=\"article\" \/>\n<meta property=\"og:title\" content=\"Pamplona ser\u00e1 epicentro de la solidaridad con las personas migrantes y refugiadas, con la celebraci\u00f3n de un encuentro estatal\u00a0 del 20 al 22 de abril\" \/>\n<meta property=\"og:description\" content=\"Organizado por Ayuntamiento, Gobierno y Pamplona Iru\u00f1a Ciudad de Acogida, servir\u00e1 para intercambiar experiencias acad\u00e9micas y solidarias\" \/>\n<meta property=\"og:url\" content=\"https:\/\/www.laguiadepamplona.com\/actualidad\/pamplona-sera-epicentro-de-la-solidaridad-con-las-personas-migrantes-y-refugiadas-con-la-celebracion-de-un-encuentro-estatal-del-20-al-22-de-abril\/\" \/>\n<meta property=\"og:site_name\" content=\"La Gu\u00eda de Pamplona\" \/>\n<meta property=\"article:publisher\" content=\"https:\/\/www.facebook.com\/laguiadepamplonacom-133175176762273\/?ref=hl\" \/>\n<meta property=\"article:published_time\" content=\"2018-04-17T13:28:29+00:00\" \/>\n<meta property=\"og:image\" content=\"https:\/\/www.laguiadepamplona.com\/actualidad\/wp-content\/uploads\/2018\/04\/18.04.17_Cartel-Encuentro-Migraci\u00f3n.jpg\" \/>\n\t<meta property=\"og:image:width\" content=\"707\" \/>\n\t<meta property=\"og:image:height\" content=\"1000\" \/>\n\t<meta property=\"og:image:type\" content=\"image\/jpeg\" \/>\n<meta name=\"author\" content=\"La Gu\u00eda de Pamplona\" \/>\n<meta name=\"twitter:card\" content=\"summary_large_image\" \/>\n<meta name=\"twitter:creator\" content=\"@LaGuiadPamplona\" \/>\n<meta name=\"twitter:site\" content=\"@LaGuiadPamplona\" \/>\n<meta name=\"twitter:label1\" content=\"Escrito por\" \/>\n\t<meta name=\"twitter:data1\" content=\"La Gu\u00eda de Pamplona\" \/>\n\t<meta name=\"twitter:label2\" content=\"Tiempo de lectura\" \/>\n\t<meta name=\"twitter:data2\" content=\"2 minutos\" \/>\n<script type=\"application\/ld+json\" class=\"yoast-schema-graph\">{\"@context\":\"https:\\\/\\\/schema.org\",\"@graph\":[{\"@type\":\"Article\",\"@id\":\"https:\\\/\\\/www.laguiadepamplona.com\\\/actualidad\\\/pamplona-sera-epicentro-de-la-solidaridad-con-las-personas-migrantes-y-refugiadas-con-la-celebracion-de-un-encuentro-estatal-del-20-al-22-de-abril\\\/#article\",\"isPartOf\":{\"@id\":\"https:\\\/\\\/www.laguiadepamplona.com\\\/actualidad\\\/pamplona-sera-epicentro-de-la-solidaridad-con-las-personas-migrantes-y-refugiadas-con-la-celebracion-de-un-encuentro-estatal-del-20-al-22-de-abril\\\/\"},\"author\":{\"name\":\"La Gu\u00eda de Pamplona\",\"@id\":\"https:\\\/\\\/www.laguiadepamplona.com\\\/actualidad\\\/#\\\/schema\\\/person\\\/efe887376f0213d4657c93adc50b1fdb\"},\"headline\":\"Pamplona ser\u00e1 epicentro de la solidaridad con las personas migrantes y refugiadas, con la celebraci\u00f3n de un encuentro estatal\u00a0 del 20 al 22 de abril\",\"datePublished\":\"2018-04-17T13:28:29+00:00\",\"mainEntityOfPage\":{\"@id\":\"https:\\\/\\\/www.laguiadepamplona.com\\\/actualidad\\\/pamplona-sera-epicentro-de-la-solidaridad-con-las-personas-migrantes-y-refugiadas-con-la-celebracion-de-un-encuentro-estatal-del-20-al-22-de-abril\\\/\"},\"wordCount\":492,\"commentCount\":0,\"publisher\":{\"@id\":\"https:\\\/\\\/www.laguiadepamplona.com\\\/actualidad\\\/#organization\"},\"image\":{\"@id\":\"https:\\\/\\\/www.laguiadepamplona.com\\\/actualidad\\\/pamplona-sera-epicentro-de-la-solidaridad-con-las-personas-migrantes-y-refugiadas-con-la-celebracion-de-un-encuentro-estatal-del-20-al-22-de-abril\\\/#primaryimage\"},\"thumbnailUrl\":\"https:\\\/\\\/www.laguiadepamplona.com\\\/actualidad\\\/wp-content\\\/uploads\\\/2018\\\/04\\\/18.04.17_Cartel-Encuentro-Migraci\u00f3n.jpg\",\"articleSection\":[\"Ayto Pamplona\"],\"inLanguage\":\"es\",\"potentialAction\":[{\"@type\":\"CommentAction\",\"name\":\"Comment\",\"target\":[\"https:\\\/\\\/www.laguiadepamplona.com\\\/actualidad\\\/pamplona-sera-epicentro-de-la-solidaridad-con-las-personas-migrantes-y-refugiadas-con-la-celebracion-de-un-encuentro-estatal-del-20-al-22-de-abril\\\/#respond\"]}]},{\"@type\":\"WebPage\",\"@id\":\"https:\\\/\\\/www.laguiadepamplona.com\\\/actualidad\\\/pamplona-sera-epicentro-de-la-solidaridad-con-las-personas-migrantes-y-refugiadas-con-la-celebracion-de-un-encuentro-estatal-del-20-al-22-de-abril\\\/\",\"url\":\"https:\\\/\\\/www.laguiadepamplona.com\\\/actualidad\\\/pamplona-sera-epicentro-de-la-solidaridad-con-las-personas-migrantes-y-refugiadas-con-la-celebracion-de-un-encuentro-estatal-del-20-al-22-de-abril\\\/\",\"name\":\"Pamplona ser\u00e1 epicentro de la solidaridad con las personas migrantes y refugiadas, con la celebraci\u00f3n de un encuentro estatal\u00a0 del 20 al 22 de abril\",\"isPartOf\":{\"@id\":\"https:\\\/\\\/www.laguiadepamplona.com\\\/actualidad\\\/#website\"},\"primaryImageOfPage\":{\"@id\":\"https:\\\/\\\/www.laguiadepamplona.com\\\/actualidad\\\/pamplona-sera-epicentro-de-la-solidaridad-con-las-personas-migrantes-y-refugiadas-con-la-celebracion-de-un-encuentro-estatal-del-20-al-22-de-abril\\\/#primaryimage\"},\"image\":{\"@id\":\"https:\\\/\\\/www.laguiadepamplona.com\\\/actualidad\\\/pamplona-sera-epicentro-de-la-solidaridad-con-las-personas-migrantes-y-refugiadas-con-la-celebracion-de-un-encuentro-estatal-del-20-al-22-de-abril\\\/#primaryimage\"},\"thumbnailUrl\":\"https:\\\/\\\/www.laguiadepamplona.com\\\/actualidad\\\/wp-content\\\/uploads\\\/2018\\\/04\\\/18.04.17_Cartel-Encuentro-Migraci\u00f3n.jpg\",\"datePublished\":\"2018-04-17T13:28:29+00:00\",\"breadcrumb\":{\"@id\":\"https:\\\/\\\/www.laguiadepamplona.com\\\/actualidad\\\/pamplona-sera-epicentro-de-la-solidaridad-con-las-personas-migrantes-y-refugiadas-con-la-celebracion-de-un-encuentro-estatal-del-20-al-22-de-abril\\\/#breadcrumb\"},\"inLanguage\":\"es\",\"potentialAction\":[{\"@type\":\"ReadAction\",\"target\":[\"https:\\\/\\\/www.laguiadepamplona.com\\\/actualidad\\\/pamplona-sera-epicentro-de-la-solidaridad-con-las-personas-migrantes-y-refugiadas-con-la-celebracion-de-un-encuentro-estatal-del-20-al-22-de-abril\\\/\"]}]},{\"@type\":\"ImageObject\",\"inLanguage\":\"es\",\"@id\":\"https:\\\/\\\/www.laguiadepamplona.com\\\/actualidad\\\/pamplona-sera-epicentro-de-la-solidaridad-con-las-personas-migrantes-y-refugiadas-con-la-celebracion-de-un-encuentro-estatal-del-20-al-22-de-abril\\\/#primaryimage\",\"url\":\"https:\\\/\\\/www.laguiadepamplona.com\\\/actualidad\\\/wp-content\\\/uploads\\\/2018\\\/04\\\/18.04.17_Cartel-Encuentro-Migraci\u00f3n.jpg\",\"contentUrl\":\"https:\\\/\\\/www.laguiadepamplona.com\\\/actualidad\\\/wp-content\\\/uploads\\\/2018\\\/04\\\/18.04.17_Cartel-Encuentro-Migraci\u00f3n.jpg\",\"width\":707,\"height\":1000},{\"@type\":\"BreadcrumbList\",\"@id\":\"https:\\\/\\\/www.laguiadepamplona.com\\\/actualidad\\\/pamplona-sera-epicentro-de-la-solidaridad-con-las-personas-migrantes-y-refugiadas-con-la-celebracion-de-un-encuentro-estatal-del-20-al-22-de-abril\\\/#breadcrumb\",\"itemListElement\":[{\"@type\":\"ListItem\",\"position\":1,\"name\":\"Portada\",\"item\":\"https:\\\/\\\/www.laguiadepamplona.com\\\/actualidad\\\/\"},{\"@type\":\"ListItem\",\"position\":2,\"name\":\"Pamplona ser\u00e1 epicentro de la solidaridad con las personas migrantes y refugiadas, con la celebraci\u00f3n de un encuentro estatal\u00a0 del 20 al 22 de abril\"}]},{\"@type\":\"WebSite\",\"@id\":\"https:\\\/\\\/www.laguiadepamplona.com\\\/actualidad\\\/#website\",\"url\":\"https:\\\/\\\/www.laguiadepamplona.com\\\/actualidad\\\/\",\"name\":\"La gu\u00eda de Pamplona\",\"description\":\"Noticias de Pamplona\",\"publisher\":{\"@id\":\"https:\\\/\\\/www.laguiadepamplona.com\\\/actualidad\\\/#organization\"},\"potentialAction\":[{\"@type\":\"SearchAction\",\"target\":{\"@type\":\"EntryPoint\",\"urlTemplate\":\"https:\\\/\\\/www.laguiadepamplona.com\\\/actualidad\\\/?s={search_term_string}\"},\"query-input\":{\"@type\":\"PropertyValueSpecification\",\"valueRequired\":true,\"valueName\":\"search_term_string\"}}],\"inLanguage\":\"es\"},{\"@type\":\"Organization\",\"@id\":\"https:\\\/\\\/www.laguiadepamplona.com\\\/actualidad\\\/#organization\",\"name\":\"La Gu\u00eda de Pamplona \\\/ Noticias\",\"url\":\"https:\\\/\\\/www.laguiadepamplona.com\\\/actualidad\\\/\",\"logo\":{\"@type\":\"ImageObject\",\"inLanguage\":\"es\",\"@id\":\"https:\\\/\\\/www.laguiadepamplona.com\\\/actualidad\\\/#\\\/schema\\\/logo\\\/image\\\/\",\"url\":\"https:\\\/\\\/www.laguiadepamplona.com\\\/actualidad\\\/wp-content\\\/uploads\\\/2018\\\/11\\\/logo-laguiadepamplona18-web1.png\",\"contentUrl\":\"https:\\\/\\\/www.laguiadepamplona.com\\\/actualidad\\\/wp-content\\\/uploads\\\/2018\\\/11\\\/logo-laguiadepamplona18-web1.png\",\"width\":600,\"height\":196,\"caption\":\"La Gu\u00eda de Pamplona \\\/ Noticias\"},\"image\":{\"@id\":\"https:\\\/\\\/www.laguiadepamplona.com\\\/actualidad\\\/#\\\/schema\\\/logo\\\/image\\\/\"},\"sameAs\":[\"https:\\\/\\\/www.facebook.com\\\/laguiadepamplonacom-133175176762273\\\/?ref=hl\",\"https:\\\/\\\/x.com\\\/LaGuiadPamplona\",\"https:\\\/\\\/www.instagram.com\\\/la_guia_de_pamplona\\\/\",\"https:\\\/\\\/www.youtube.com\\\/user\\\/laguiadepamplona\"]},{\"@type\":\"Person\",\"@id\":\"https:\\\/\\\/www.laguiadepamplona.com\\\/actualidad\\\/#\\\/schema\\\/person\\\/efe887376f0213d4657c93adc50b1fdb\",\"name\":\"La Gu\u00eda de Pamplona\",\"image\":{\"@type\":\"ImageObject\",\"inLanguage\":\"es\",\"@id\":\"https:\\\/\\\/secure.gravatar.com\\\/avatar\\\/b6992f131dc8d30ab0dff15446e9d346d9dbd95992de0fef795073f5ea83a81c?s=96&d=mm&r=g\",\"url\":\"https:\\\/\\\/secure.gravatar.com\\\/avatar\\\/b6992f131dc8d30ab0dff15446e9d346d9dbd95992de0fef795073f5ea83a81c?s=96&d=mm&r=g\",\"contentUrl\":\"https:\\\/\\\/secure.gravatar.com\\\/avatar\\\/b6992f131dc8d30ab0dff15446e9d346d9dbd95992de0fef795073f5ea83a81c?s=96&d=mm&r=g\",\"caption\":\"La Gu\u00eda de Pamplona\"}}]}<\/script>\n<!-- \/ Yoast SEO plugin. -->","yoast_head_json":{"title":"Pamplona ser\u00e1 epicentro de la solidaridad con las personas migrantes y refugiadas, con la celebraci\u00f3n de un encuentro estatal\u00a0 del 20 al 22 de abril","robots":{"index":"index","follow":"follow","max-snippet":"max-snippet:-1","max-image-preview":"max-image-preview:large","max-video-preview":"max-video-preview:-1"},"canonical":"https:\/\/www.laguiadepamplona.com\/actualidad\/pamplona-sera-epicentro-de-la-solidaridad-con-las-personas-migrantes-y-refugiadas-con-la-celebracion-de-un-encuentro-estatal-del-20-al-22-de-abril\/","og_locale":"es_ES","og_type":"article","og_title":"Pamplona ser\u00e1 epicentro de la solidaridad con las personas migrantes y refugiadas, con la celebraci\u00f3n de un encuentro estatal\u00a0 del 20 al 22 de abril","og_description":"Organizado por Ayuntamiento, Gobierno y Pamplona Iru\u00f1a Ciudad de Acogida, servir\u00e1 para intercambiar experiencias acad\u00e9micas y solidarias","og_url":"https:\/\/www.laguiadepamplona.com\/actualidad\/pamplona-sera-epicentro-de-la-solidaridad-con-las-personas-migrantes-y-refugiadas-con-la-celebracion-de-un-encuentro-estatal-del-20-al-22-de-abril\/","og_site_name":"La Gu\u00eda de Pamplona","article_publisher":"https:\/\/www.facebook.com\/laguiadepamplonacom-133175176762273\/?ref=hl","article_published_time":"2018-04-17T13:28:29+00:00","og_image":[{"width":707,"height":1000,"url":"https:\/\/www.laguiadepamplona.com\/actualidad\/wp-content\/uploads\/2018\/04\/18.04.17_Cartel-Encuentro-Migraci\u00f3n.jpg","type":"image\/jpeg"}],"author":"La Gu\u00eda de Pamplona","twitter_card":"summary_large_image","twitter_creator":"@LaGuiadPamplona","twitter_site":"@LaGuiadPamplona","twitter_misc":{"Escrito por":"La Gu\u00eda de Pamplona","Tiempo de lectura":"2 minutos"},"schema":{"@context":"https:\/\/schema.org","@graph":[{"@type":"Article","@id":"https:\/\/www.laguiadepamplona.com\/actualidad\/pamplona-sera-epicentro-de-la-solidaridad-con-las-personas-migrantes-y-refugiadas-con-la-celebracion-de-un-encuentro-estatal-del-20-al-22-de-abril\/#article","isPartOf":{"@id":"https:\/\/www.laguiadepamplona.com\/actualidad\/pamplona-sera-epicentro-de-la-solidaridad-con-las-personas-migrantes-y-refugiadas-con-la-celebracion-de-un-encuentro-estatal-del-20-al-22-de-abril\/"},"author":{"name":"La Gu\u00eda de Pamplona","@id":"https:\/\/www.laguiadepamplona.com\/actualidad\/#\/schema\/person\/efe887376f0213d4657c93adc50b1fdb"},"headline":"Pamplona ser\u00e1 epicentro de la solidaridad con las personas migrantes y refugiadas, con la celebraci\u00f3n de un encuentro estatal\u00a0 del 20 al 22 de abril","datePublished":"2018-04-17T13:28:29+00:00","mainEntityOfPage":{"@id":"https:\/\/www.laguiadepamplona.com\/actualidad\/pamplona-sera-epicentro-de-la-solidaridad-con-las-personas-migrantes-y-refugiadas-con-la-celebracion-de-un-encuentro-estatal-del-20-al-22-de-abril\/"},"wordCount":492,"commentCount":0,"publisher":{"@id":"https:\/\/www.laguiadepamplona.com\/actualidad\/#organization"},"image":{"@id":"https:\/\/www.laguiadepamplona.com\/actualidad\/pamplona-sera-epicentro-de-la-solidaridad-con-las-personas-migrantes-y-refugiadas-con-la-celebracion-de-un-encuentro-estatal-del-20-al-22-de-abril\/#primaryimage"},"thumbnailUrl":"https:\/\/www.laguiadepamplona.com\/actualidad\/wp-content\/uploads\/2018\/04\/18.04.17_Cartel-Encuentro-Migraci\u00f3n.jpg","articleSection":["Ayto Pamplona"],"inLanguage":"es","potentialAction":[{"@type":"CommentAction","name":"Comment","target":["https:\/\/www.laguiadepamplona.com\/actualidad\/pamplona-sera-epicentro-de-la-solidaridad-con-las-personas-migrantes-y-refugiadas-con-la-celebracion-de-un-encuentro-estatal-del-20-al-22-de-abril\/#respond"]}]},{"@type":"WebPage","@id":"https:\/\/www.laguiadepamplona.com\/actualidad\/pamplona-sera-epicentro-de-la-solidaridad-con-las-personas-migrantes-y-refugiadas-con-la-celebracion-de-un-encuentro-estatal-del-20-al-22-de-abril\/","url":"https:\/\/www.laguiadepamplona.com\/actualidad\/pamplona-sera-epicentro-de-la-solidaridad-con-las-personas-migrantes-y-refugiadas-con-la-celebracion-de-un-encuentro-estatal-del-20-al-22-de-abril\/","name":"Pamplona ser\u00e1 epicentro de la solidaridad con las personas migrantes y refugiadas, con la celebraci\u00f3n de un encuentro estatal\u00a0 del 20 al 22 de abril","isPartOf":{"@id":"https:\/\/www.laguiadepamplona.com\/actualidad\/#website"},"primaryImageOfPage":{"@id":"https:\/\/www.laguiadepamplona.com\/actualidad\/pamplona-sera-epicentro-de-la-solidaridad-con-las-personas-migrantes-y-refugiadas-con-la-celebracion-de-un-encuentro-estatal-del-20-al-22-de-abril\/#primaryimage"},"image":{"@id":"https:\/\/www.laguiadepamplona.com\/actualidad\/pamplona-sera-epicentro-de-la-solidaridad-con-las-personas-migrantes-y-refugiadas-con-la-celebracion-de-un-encuentro-estatal-del-20-al-22-de-abril\/#primaryimage"},"thumbnailUrl":"https:\/\/www.laguiadepamplona.com\/actualidad\/wp-content\/uploads\/2018\/04\/18.04.17_Cartel-Encuentro-Migraci\u00f3n.jpg","datePublished":"2018-04-17T13:28:29+00:00","breadcrumb":{"@id":"https:\/\/www.laguiadepamplona.com\/actualidad\/pamplona-sera-epicentro-de-la-solidaridad-con-las-personas-migrantes-y-refugiadas-con-la-celebracion-de-un-encuentro-estatal-del-20-al-22-de-abril\/#breadcrumb"},"inLanguage":"es","potentialAction":[{"@type":"ReadAction","target":["https:\/\/www.laguiadepamplona.com\/actualidad\/pamplona-sera-epicentro-de-la-solidaridad-con-las-personas-migrantes-y-refugiadas-con-la-celebracion-de-un-encuentro-estatal-del-20-al-22-de-abril\/"]}]},{"@type":"ImageObject","inLanguage":"es","@id":"https:\/\/www.laguiadepamplona.com\/actualidad\/pamplona-sera-epicentro-de-la-solidaridad-con-las-personas-migrantes-y-refugiadas-con-la-celebracion-de-un-encuentro-estatal-del-20-al-22-de-abril\/#primaryimage","url":"https:\/\/www.laguiadepamplona.com\/actualidad\/wp-content\/uploads\/2018\/04\/18.04.17_Cartel-Encuentro-Migraci\u00f3n.jpg","contentUrl":"https:\/\/www.laguiadepamplona.com\/actualidad\/wp-content\/uploads\/2018\/04\/18.04.17_Cartel-Encuentro-Migraci\u00f3n.jpg","width":707,"height":1000},{"@type":"BreadcrumbList","@id":"https:\/\/www.laguiadepamplona.com\/actualidad\/pamplona-sera-epicentro-de-la-solidaridad-con-las-personas-migrantes-y-refugiadas-con-la-celebracion-de-un-encuentro-estatal-del-20-al-22-de-abril\/#breadcrumb","itemListElement":[{"@type":"ListItem","position":1,"name":"Portada","item":"https:\/\/www.laguiadepamplona.com\/actualidad\/"},{"@type":"ListItem","position":2,"name":"Pamplona ser\u00e1 epicentro de la solidaridad con las personas migrantes y refugiadas, con la celebraci\u00f3n de un encuentro estatal\u00a0 del 20 al 22 de abril"}]},{"@type":"WebSite","@id":"https:\/\/www.laguiadepamplona.com\/actualidad\/#website","url":"https:\/\/www.laguiadepamplona.com\/actualidad\/","name":"La gu\u00eda de Pamplona","description":"Noticias de Pamplona","publisher":{"@id":"https:\/\/www.laguiadepamplona.com\/actualidad\/#organization"},"potentialAction":[{"@type":"SearchAction","target":{"@type":"EntryPoint","urlTemplate":"https:\/\/www.laguiadepamplona.com\/actualidad\/?s={search_term_string}"},"query-input":{"@type":"PropertyValueSpecification","valueRequired":true,"valueName":"search_term_string"}}],"inLanguage":"es"},{"@type":"Organization","@id":"https:\/\/www.laguiadepamplona.com\/actualidad\/#organization","name":"La Gu\u00eda de Pamplona \/ Noticias","url":"https:\/\/www.laguiadepamplona.com\/actualidad\/","logo":{"@type":"ImageObject","inLanguage":"es","@id":"https:\/\/www.laguiadepamplona.com\/actualidad\/#\/schema\/logo\/image\/","url":"https:\/\/www.laguiadepamplona.com\/actualidad\/wp-content\/uploads\/2018\/11\/logo-laguiadepamplona18-web1.png","contentUrl":"https:\/\/www.laguiadepamplona.com\/actualidad\/wp-content\/uploads\/2018\/11\/logo-laguiadepamplona18-web1.png","width":600,"height":196,"caption":"La Gu\u00eda de Pamplona \/ Noticias"},"image":{"@id":"https:\/\/www.laguiadepamplona.com\/actualidad\/#\/schema\/logo\/image\/"},"sameAs":["https:\/\/www.facebook.com\/laguiadepamplonacom-133175176762273\/?ref=hl","https:\/\/x.com\/LaGuiadPamplona","https:\/\/www.instagram.com\/la_guia_de_pamplona\/","https:\/\/www.youtube.com\/user\/laguiadepamplona"]},{"@type":"Person","@id":"https:\/\/www.laguiadepamplona.com\/actualidad\/#\/schema\/person\/efe887376f0213d4657c93adc50b1fdb","name":"La Gu\u00eda de Pamplona","image":{"@type":"ImageObject","inLanguage":"es","@id":"https:\/\/secure.gravatar.com\/avatar\/b6992f131dc8d30ab0dff15446e9d346d9dbd95992de0fef795073f5ea83a81c?s=96&d=mm&r=g","url":"https:\/\/secure.gravatar.com\/avatar\/b6992f131dc8d30ab0dff15446e9d346d9dbd95992de0fef795073f5ea83a81c?s=96&d=mm&r=g","contentUrl":"https:\/\/secure.gravatar.com\/avatar\/b6992f131dc8d30ab0dff15446e9d346d9dbd95992de0fef795073f5ea83a81c?s=96&d=mm&r=g","caption":"La Gu\u00eda de Pamplona"}}]}},"post_mailing_queue_ids":[],"_links":{"self":[{"href":"https:\/\/www.laguiadepamplona.com\/actualidad\/wp-json\/wp\/v2\/posts\/16967","targetHints":{"allow":["GET"]}}],"collection":[{"href":"https:\/\/www.laguiadepamplona.com\/actualidad\/wp-json\/wp\/v2\/posts"}],"about":[{"href":"https:\/\/www.laguiadepamplona.com\/actualidad\/wp-json\/wp\/v2\/types\/post"}],"author":[{"embeddable":true,"href":"https:\/\/www.laguiadepamplona.com\/actualidad\/wp-json\/wp\/v2\/users\/1"}],"replies":[{"embeddable":true,"href":"https:\/\/www.laguiadepamplona.com\/actualidad\/wp-json\/wp\/v2\/comments?post=16967"}],"version-history":[{"count":0,"href":"https:\/\/www.laguiadepamplona.com\/actualidad\/wp-json\/wp\/v2\/posts\/16967\/revisions"}],"wp:featuredmedia":[{"embeddable":true,"href":"https:\/\/www.laguiadepamplona.com\/actualidad\/wp-json\/wp\/v2\/media\/16968"}],"wp:attachment":[{"href":"https:\/\/www.laguiadepamplona.com\/actualidad\/wp-json\/wp\/v2\/media?parent=16967"}],"wp:term":[{"taxonomy":"category","embeddable":true,"href":"https:\/\/www.laguiadepamplona.com\/actualidad\/wp-json\/wp\/v2\/categories?post=16967"},{"taxonomy":"post_tag","embeddable":true,"href":"https:\/\/www.laguiadepamplona.com\/actualidad\/wp-json\/wp\/v2\/tags?post=16967"}],"curies":[{"name":"wp","href":"https:\/\/api.w.org\/{rel}","templated":true}]}}