{"id":16965,"date":"2018-04-17T14:21:28","date_gmt":"2018-04-17T13:21:28","guid":{"rendered":"http:\/\/laguiadepamplona.es\/actualidad\/?p=16965"},"modified":"2018-04-17T14:21:28","modified_gmt":"2018-04-17T13:21:28","slug":"una-conferencia-sobre-como-gestionar-desde-la-memoria-las-rutinas-y-los-cambios-cierra-manana-miercoles-el-seminario-sobre-activacion-de-la-mente","status":"publish","type":"post","link":"https:\/\/www.laguiadepamplona.com\/actualidad\/una-conferencia-sobre-como-gestionar-desde-la-memoria-las-rutinas-y-los-cambios-cierra-manana-miercoles-el-seminario-sobre-activacion-de-la-mente\/","title":{"rendered":"Una conferencia sobre c\u00f3mo gestionar desde la memoria las rutinas y los cambios cierra ma\u00f1ana mi\u00e9rcoles el seminario sobre activaci\u00f3n de la mente"},"content":{"rendered":"<h3>La charla tendr\u00e1 lugar en Civivox Milagrosa, a partir de las 19.30 horas, con entrada libre previa retirada de invitaciones<\/h3>\n<p><!--more--><\/p>\n<p>Civivox Milagrosa acoge ma\u00f1ana mi\u00e9rcoles una conferencia sobre \u2018Rutinas y cambios: c\u00f3mo gestionarlos desde la memoria\u2019, que cerrar\u00e1 el seminario sobre activaci\u00f3n de la mente que se ha llevado a cabo este cuatrimestre. La charla comenzar\u00e1 a las 19.30 horas, con entrada libre, previa retirada de invitaciones desde una hora antes del inicio de la actividad. La sesi\u00f3n la impartir\u00e1 el diplomado social Leonardo Resano. La conferencia est\u00e1 adaptada para personas con discapacidad auditiva.<\/p>\n<p>El ciclo \u2018Activaci\u00f3n de la mente: memoria, autoestima, concentraci\u00f3n\u2019 pretende ofrecer pautas para activar la memoria, olvidarse de los olvidos y gestionar los cambios en nuestra rutina diaria. Y es que la memoria y la p\u00e9rdida de la misma suponen un problema para muchas personas en la actualidad. Se inici\u00f3 el pasado 28 de febrero con una charla sobre el olvido, impartida por el propio Leonardo Resano. La segunda conferencia, ya en marzo, tuvo como eje la realizaci\u00f3n de ejercicios sencillos para estimular la memoria. Esa sesi\u00f3n la imparti\u00f3 la psic\u00f3loga Cristina Gon\u00e7alves.<\/p>\n<p>&nbsp;<\/p>\n","protected":false},"excerpt":{"rendered":"<p>La charla tendr\u00e1 lugar en Civivox Milagrosa, a partir de las 19.30 horas, con entrada libre previa retirada de invitaciones<\/p>\n","protected":false},"author":1,"featured_media":11074,"comment_status":"open","ping_status":"closed","sticky":false,"template":"","format":"standard","meta":{"footnotes":""},"categories":[2],"tags":[],"class_list":["post-16965","post","type-post","status-publish","format-standard","has-post-thumbnail","hentry","category-ayuntamiento-pamplona"],"yoast_head":"<!-- This site is optimized with the Yoast SEO plugin v27.5 - https:\/\/yoast.com\/product\/yoast-seo-wordpress\/ -->\n<title>Una conferencia sobre c\u00f3mo gestionar desde la memoria las rutinas y los cambios cierra ma\u00f1ana mi\u00e9rcoles el seminario sobre activaci\u00f3n de la mente<\/title>\n<meta name=\"robots\" content=\"index, follow, max-snippet:-1, max-image-preview:large, max-video-preview:-1\" \/>\n<link rel=\"canonical\" href=\"https:\/\/www.laguiadepamplona.com\/actualidad\/una-conferencia-sobre-como-gestionar-desde-la-memoria-las-rutinas-y-los-cambios-cierra-manana-miercoles-el-seminario-sobre-activacion-de-la-mente\/\" \/>\n<meta property=\"og:locale\" content=\"es_ES\" \/>\n<meta property=\"og:type\" content=\"article\" \/>\n<meta property=\"og:title\" content=\"Una conferencia sobre c\u00f3mo gestionar desde la memoria las rutinas y los cambios cierra ma\u00f1ana mi\u00e9rcoles el seminario sobre activaci\u00f3n de la mente\" \/>\n<meta property=\"og:description\" content=\"La charla tendr\u00e1 lugar en Civivox Milagrosa, a partir de las 19.30 horas, con entrada libre previa retirada de invitaciones\" \/>\n<meta property=\"og:url\" content=\"https:\/\/www.laguiadepamplona.com\/actualidad\/una-conferencia-sobre-como-gestionar-desde-la-memoria-las-rutinas-y-los-cambios-cierra-manana-miercoles-el-seminario-sobre-activacion-de-la-mente\/\" \/>\n<meta property=\"og:site_name\" content=\"La Gu\u00eda de Pamplona\" \/>\n<meta property=\"article:publisher\" content=\"https:\/\/www.facebook.com\/laguiadepamplonacom-133175176762273\/?ref=hl\" \/>\n<meta property=\"article:published_time\" content=\"2018-04-17T13:21:28+00:00\" \/>\n<meta property=\"og:image\" content=\"https:\/\/www.laguiadepamplona.com\/actualidad\/wp-content\/uploads\/2016\/12\/civivox-milagrosa-900x598.jpg\" \/>\n\t<meta property=\"og:image:width\" content=\"900\" \/>\n\t<meta property=\"og:image:height\" content=\"598\" \/>\n\t<meta property=\"og:image:type\" content=\"image\/jpeg\" \/>\n<meta name=\"author\" content=\"La Gu\u00eda de Pamplona\" \/>\n<meta name=\"twitter:card\" content=\"summary_large_image\" \/>\n<meta name=\"twitter:creator\" content=\"@LaGuiadPamplona\" \/>\n<meta name=\"twitter:site\" content=\"@LaGuiadPamplona\" \/>\n<meta name=\"twitter:label1\" content=\"Escrito por\" \/>\n\t<meta name=\"twitter:data1\" content=\"La Gu\u00eda de Pamplona\" \/>\n\t<meta name=\"twitter:label2\" content=\"Tiempo de lectura\" \/>\n\t<meta name=\"twitter:data2\" content=\"1 minuto\" \/>\n<script type=\"application\/ld+json\" class=\"yoast-schema-graph\">{\"@context\":\"https:\\\/\\\/schema.org\",\"@graph\":[{\"@type\":\"Article\",\"@id\":\"https:\\\/\\\/www.laguiadepamplona.com\\\/actualidad\\\/una-conferencia-sobre-como-gestionar-desde-la-memoria-las-rutinas-y-los-cambios-cierra-manana-miercoles-el-seminario-sobre-activacion-de-la-mente\\\/#article\",\"isPartOf\":{\"@id\":\"https:\\\/\\\/www.laguiadepamplona.com\\\/actualidad\\\/una-conferencia-sobre-como-gestionar-desde-la-memoria-las-rutinas-y-los-cambios-cierra-manana-miercoles-el-seminario-sobre-activacion-de-la-mente\\\/\"},\"author\":{\"name\":\"La Gu\u00eda de Pamplona\",\"@id\":\"https:\\\/\\\/www.laguiadepamplona.com\\\/actualidad\\\/#\\\/schema\\\/person\\\/efe887376f0213d4657c93adc50b1fdb\"},\"headline\":\"Una conferencia sobre c\u00f3mo gestionar desde la memoria las rutinas y los cambios cierra ma\u00f1ana mi\u00e9rcoles el seminario sobre activaci\u00f3n de la mente\",\"datePublished\":\"2018-04-17T13:21:28+00:00\",\"mainEntityOfPage\":{\"@id\":\"https:\\\/\\\/www.laguiadepamplona.com\\\/actualidad\\\/una-conferencia-sobre-como-gestionar-desde-la-memoria-las-rutinas-y-los-cambios-cierra-manana-miercoles-el-seminario-sobre-activacion-de-la-mente\\\/\"},\"wordCount\":224,\"commentCount\":0,\"publisher\":{\"@id\":\"https:\\\/\\\/www.laguiadepamplona.com\\\/actualidad\\\/#organization\"},\"image\":{\"@id\":\"https:\\\/\\\/www.laguiadepamplona.com\\\/actualidad\\\/una-conferencia-sobre-como-gestionar-desde-la-memoria-las-rutinas-y-los-cambios-cierra-manana-miercoles-el-seminario-sobre-activacion-de-la-mente\\\/#primaryimage\"},\"thumbnailUrl\":\"https:\\\/\\\/www.laguiadepamplona.com\\\/actualidad\\\/wp-content\\\/uploads\\\/2016\\\/12\\\/civivox-milagrosa-900x598.jpg\",\"articleSection\":[\"Ayto Pamplona\"],\"inLanguage\":\"es\",\"potentialAction\":[{\"@type\":\"CommentAction\",\"name\":\"Comment\",\"target\":[\"https:\\\/\\\/www.laguiadepamplona.com\\\/actualidad\\\/una-conferencia-sobre-como-gestionar-desde-la-memoria-las-rutinas-y-los-cambios-cierra-manana-miercoles-el-seminario-sobre-activacion-de-la-mente\\\/#respond\"]}]},{\"@type\":\"WebPage\",\"@id\":\"https:\\\/\\\/www.laguiadepamplona.com\\\/actualidad\\\/una-conferencia-sobre-como-gestionar-desde-la-memoria-las-rutinas-y-los-cambios-cierra-manana-miercoles-el-seminario-sobre-activacion-de-la-mente\\\/\",\"url\":\"https:\\\/\\\/www.laguiadepamplona.com\\\/actualidad\\\/una-conferencia-sobre-como-gestionar-desde-la-memoria-las-rutinas-y-los-cambios-cierra-manana-miercoles-el-seminario-sobre-activacion-de-la-mente\\\/\",\"name\":\"Una conferencia sobre c\u00f3mo gestionar desde la memoria las rutinas y los cambios cierra ma\u00f1ana mi\u00e9rcoles el seminario sobre activaci\u00f3n de la mente\",\"isPartOf\":{\"@id\":\"https:\\\/\\\/www.laguiadepamplona.com\\\/actualidad\\\/#website\"},\"primaryImageOfPage\":{\"@id\":\"https:\\\/\\\/www.laguiadepamplona.com\\\/actualidad\\\/una-conferencia-sobre-como-gestionar-desde-la-memoria-las-rutinas-y-los-cambios-cierra-manana-miercoles-el-seminario-sobre-activacion-de-la-mente\\\/#primaryimage\"},\"image\":{\"@id\":\"https:\\\/\\\/www.laguiadepamplona.com\\\/actualidad\\\/una-conferencia-sobre-como-gestionar-desde-la-memoria-las-rutinas-y-los-cambios-cierra-manana-miercoles-el-seminario-sobre-activacion-de-la-mente\\\/#primaryimage\"},\"thumbnailUrl\":\"https:\\\/\\\/www.laguiadepamplona.com\\\/actualidad\\\/wp-content\\\/uploads\\\/2016\\\/12\\\/civivox-milagrosa-900x598.jpg\",\"datePublished\":\"2018-04-17T13:21:28+00:00\",\"breadcrumb\":{\"@id\":\"https:\\\/\\\/www.laguiadepamplona.com\\\/actualidad\\\/una-conferencia-sobre-como-gestionar-desde-la-memoria-las-rutinas-y-los-cambios-cierra-manana-miercoles-el-seminario-sobre-activacion-de-la-mente\\\/#breadcrumb\"},\"inLanguage\":\"es\",\"potentialAction\":[{\"@type\":\"ReadAction\",\"target\":[\"https:\\\/\\\/www.laguiadepamplona.com\\\/actualidad\\\/una-conferencia-sobre-como-gestionar-desde-la-memoria-las-rutinas-y-los-cambios-cierra-manana-miercoles-el-seminario-sobre-activacion-de-la-mente\\\/\"]}]},{\"@type\":\"ImageObject\",\"inLanguage\":\"es\",\"@id\":\"https:\\\/\\\/www.laguiadepamplona.com\\\/actualidad\\\/una-conferencia-sobre-como-gestionar-desde-la-memoria-las-rutinas-y-los-cambios-cierra-manana-miercoles-el-seminario-sobre-activacion-de-la-mente\\\/#primaryimage\",\"url\":\"https:\\\/\\\/www.laguiadepamplona.com\\\/actualidad\\\/wp-content\\\/uploads\\\/2016\\\/12\\\/civivox-milagrosa-900x598.jpg\",\"contentUrl\":\"https:\\\/\\\/www.laguiadepamplona.com\\\/actualidad\\\/wp-content\\\/uploads\\\/2016\\\/12\\\/civivox-milagrosa-900x598.jpg\",\"width\":900,\"height\":598},{\"@type\":\"BreadcrumbList\",\"@id\":\"https:\\\/\\\/www.laguiadepamplona.com\\\/actualidad\\\/una-conferencia-sobre-como-gestionar-desde-la-memoria-las-rutinas-y-los-cambios-cierra-manana-miercoles-el-seminario-sobre-activacion-de-la-mente\\\/#breadcrumb\",\"itemListElement\":[{\"@type\":\"ListItem\",\"position\":1,\"name\":\"Portada\",\"item\":\"https:\\\/\\\/www.laguiadepamplona.com\\\/actualidad\\\/\"},{\"@type\":\"ListItem\",\"position\":2,\"name\":\"Una conferencia sobre c\u00f3mo gestionar desde la memoria las rutinas y los cambios cierra ma\u00f1ana mi\u00e9rcoles el seminario sobre activaci\u00f3n de la mente\"}]},{\"@type\":\"WebSite\",\"@id\":\"https:\\\/\\\/www.laguiadepamplona.com\\\/actualidad\\\/#website\",\"url\":\"https:\\\/\\\/www.laguiadepamplona.com\\\/actualidad\\\/\",\"name\":\"La gu\u00eda de Pamplona\",\"description\":\"Noticias de Pamplona\",\"publisher\":{\"@id\":\"https:\\\/\\\/www.laguiadepamplona.com\\\/actualidad\\\/#organization\"},\"potentialAction\":[{\"@type\":\"SearchAction\",\"target\":{\"@type\":\"EntryPoint\",\"urlTemplate\":\"https:\\\/\\\/www.laguiadepamplona.com\\\/actualidad\\\/?s={search_term_string}\"},\"query-input\":{\"@type\":\"PropertyValueSpecification\",\"valueRequired\":true,\"valueName\":\"search_term_string\"}}],\"inLanguage\":\"es\"},{\"@type\":\"Organization\",\"@id\":\"https:\\\/\\\/www.laguiadepamplona.com\\\/actualidad\\\/#organization\",\"name\":\"La Gu\u00eda de Pamplona \\\/ Noticias\",\"url\":\"https:\\\/\\\/www.laguiadepamplona.com\\\/actualidad\\\/\",\"logo\":{\"@type\":\"ImageObject\",\"inLanguage\":\"es\",\"@id\":\"https:\\\/\\\/www.laguiadepamplona.com\\\/actualidad\\\/#\\\/schema\\\/logo\\\/image\\\/\",\"url\":\"https:\\\/\\\/www.laguiadepamplona.com\\\/actualidad\\\/wp-content\\\/uploads\\\/2018\\\/11\\\/logo-laguiadepamplona18-web1.png\",\"contentUrl\":\"https:\\\/\\\/www.laguiadepamplona.com\\\/actualidad\\\/wp-content\\\/uploads\\\/2018\\\/11\\\/logo-laguiadepamplona18-web1.png\",\"width\":600,\"height\":196,\"caption\":\"La Gu\u00eda de Pamplona \\\/ Noticias\"},\"image\":{\"@id\":\"https:\\\/\\\/www.laguiadepamplona.com\\\/actualidad\\\/#\\\/schema\\\/logo\\\/image\\\/\"},\"sameAs\":[\"https:\\\/\\\/www.facebook.com\\\/laguiadepamplonacom-133175176762273\\\/?ref=hl\",\"https:\\\/\\\/x.com\\\/LaGuiadPamplona\",\"https:\\\/\\\/www.instagram.com\\\/la_guia_de_pamplona\\\/\",\"https:\\\/\\\/www.youtube.com\\\/user\\\/laguiadepamplona\"]},{\"@type\":\"Person\",\"@id\":\"https:\\\/\\\/www.laguiadepamplona.com\\\/actualidad\\\/#\\\/schema\\\/person\\\/efe887376f0213d4657c93adc50b1fdb\",\"name\":\"La Gu\u00eda de Pamplona\",\"image\":{\"@type\":\"ImageObject\",\"inLanguage\":\"es\",\"@id\":\"https:\\\/\\\/secure.gravatar.com\\\/avatar\\\/b6992f131dc8d30ab0dff15446e9d346d9dbd95992de0fef795073f5ea83a81c?s=96&d=mm&r=g\",\"url\":\"https:\\\/\\\/secure.gravatar.com\\\/avatar\\\/b6992f131dc8d30ab0dff15446e9d346d9dbd95992de0fef795073f5ea83a81c?s=96&d=mm&r=g\",\"contentUrl\":\"https:\\\/\\\/secure.gravatar.com\\\/avatar\\\/b6992f131dc8d30ab0dff15446e9d346d9dbd95992de0fef795073f5ea83a81c?s=96&d=mm&r=g\",\"caption\":\"La Gu\u00eda de Pamplona\"}}]}<\/script>\n<!-- \/ Yoast SEO plugin. -->","yoast_head_json":{"title":"Una conferencia sobre c\u00f3mo gestionar desde la memoria las rutinas y los cambios cierra ma\u00f1ana mi\u00e9rcoles el seminario sobre activaci\u00f3n de la mente","robots":{"index":"index","follow":"follow","max-snippet":"max-snippet:-1","max-image-preview":"max-image-preview:large","max-video-preview":"max-video-preview:-1"},"canonical":"https:\/\/www.laguiadepamplona.com\/actualidad\/una-conferencia-sobre-como-gestionar-desde-la-memoria-las-rutinas-y-los-cambios-cierra-manana-miercoles-el-seminario-sobre-activacion-de-la-mente\/","og_locale":"es_ES","og_type":"article","og_title":"Una conferencia sobre c\u00f3mo gestionar desde la memoria las rutinas y los cambios cierra ma\u00f1ana mi\u00e9rcoles el seminario sobre activaci\u00f3n de la mente","og_description":"La charla tendr\u00e1 lugar en Civivox Milagrosa, a partir de las 19.30 horas, con entrada libre previa retirada de invitaciones","og_url":"https:\/\/www.laguiadepamplona.com\/actualidad\/una-conferencia-sobre-como-gestionar-desde-la-memoria-las-rutinas-y-los-cambios-cierra-manana-miercoles-el-seminario-sobre-activacion-de-la-mente\/","og_site_name":"La Gu\u00eda de Pamplona","article_publisher":"https:\/\/www.facebook.com\/laguiadepamplonacom-133175176762273\/?ref=hl","article_published_time":"2018-04-17T13:21:28+00:00","og_image":[{"width":900,"height":598,"url":"https:\/\/www.laguiadepamplona.com\/actualidad\/wp-content\/uploads\/2016\/12\/civivox-milagrosa-900x598.jpg","type":"image\/jpeg"}],"author":"La Gu\u00eda de Pamplona","twitter_card":"summary_large_image","twitter_creator":"@LaGuiadPamplona","twitter_site":"@LaGuiadPamplona","twitter_misc":{"Escrito por":"La Gu\u00eda de Pamplona","Tiempo de lectura":"1 minuto"},"schema":{"@context":"https:\/\/schema.org","@graph":[{"@type":"Article","@id":"https:\/\/www.laguiadepamplona.com\/actualidad\/una-conferencia-sobre-como-gestionar-desde-la-memoria-las-rutinas-y-los-cambios-cierra-manana-miercoles-el-seminario-sobre-activacion-de-la-mente\/#article","isPartOf":{"@id":"https:\/\/www.laguiadepamplona.com\/actualidad\/una-conferencia-sobre-como-gestionar-desde-la-memoria-las-rutinas-y-los-cambios-cierra-manana-miercoles-el-seminario-sobre-activacion-de-la-mente\/"},"author":{"name":"La Gu\u00eda de Pamplona","@id":"https:\/\/www.laguiadepamplona.com\/actualidad\/#\/schema\/person\/efe887376f0213d4657c93adc50b1fdb"},"headline":"Una conferencia sobre c\u00f3mo gestionar desde la memoria las rutinas y los cambios cierra ma\u00f1ana mi\u00e9rcoles el seminario sobre activaci\u00f3n de la mente","datePublished":"2018-04-17T13:21:28+00:00","mainEntityOfPage":{"@id":"https:\/\/www.laguiadepamplona.com\/actualidad\/una-conferencia-sobre-como-gestionar-desde-la-memoria-las-rutinas-y-los-cambios-cierra-manana-miercoles-el-seminario-sobre-activacion-de-la-mente\/"},"wordCount":224,"commentCount":0,"publisher":{"@id":"https:\/\/www.laguiadepamplona.com\/actualidad\/#organization"},"image":{"@id":"https:\/\/www.laguiadepamplona.com\/actualidad\/una-conferencia-sobre-como-gestionar-desde-la-memoria-las-rutinas-y-los-cambios-cierra-manana-miercoles-el-seminario-sobre-activacion-de-la-mente\/#primaryimage"},"thumbnailUrl":"https:\/\/www.laguiadepamplona.com\/actualidad\/wp-content\/uploads\/2016\/12\/civivox-milagrosa-900x598.jpg","articleSection":["Ayto Pamplona"],"inLanguage":"es","potentialAction":[{"@type":"CommentAction","name":"Comment","target":["https:\/\/www.laguiadepamplona.com\/actualidad\/una-conferencia-sobre-como-gestionar-desde-la-memoria-las-rutinas-y-los-cambios-cierra-manana-miercoles-el-seminario-sobre-activacion-de-la-mente\/#respond"]}]},{"@type":"WebPage","@id":"https:\/\/www.laguiadepamplona.com\/actualidad\/una-conferencia-sobre-como-gestionar-desde-la-memoria-las-rutinas-y-los-cambios-cierra-manana-miercoles-el-seminario-sobre-activacion-de-la-mente\/","url":"https:\/\/www.laguiadepamplona.com\/actualidad\/una-conferencia-sobre-como-gestionar-desde-la-memoria-las-rutinas-y-los-cambios-cierra-manana-miercoles-el-seminario-sobre-activacion-de-la-mente\/","name":"Una conferencia sobre c\u00f3mo gestionar desde la memoria las rutinas y los cambios cierra ma\u00f1ana mi\u00e9rcoles el seminario sobre activaci\u00f3n de la mente","isPartOf":{"@id":"https:\/\/www.laguiadepamplona.com\/actualidad\/#website"},"primaryImageOfPage":{"@id":"https:\/\/www.laguiadepamplona.com\/actualidad\/una-conferencia-sobre-como-gestionar-desde-la-memoria-las-rutinas-y-los-cambios-cierra-manana-miercoles-el-seminario-sobre-activacion-de-la-mente\/#primaryimage"},"image":{"@id":"https:\/\/www.laguiadepamplona.com\/actualidad\/una-conferencia-sobre-como-gestionar-desde-la-memoria-las-rutinas-y-los-cambios-cierra-manana-miercoles-el-seminario-sobre-activacion-de-la-mente\/#primaryimage"},"thumbnailUrl":"https:\/\/www.laguiadepamplona.com\/actualidad\/wp-content\/uploads\/2016\/12\/civivox-milagrosa-900x598.jpg","datePublished":"2018-04-17T13:21:28+00:00","breadcrumb":{"@id":"https:\/\/www.laguiadepamplona.com\/actualidad\/una-conferencia-sobre-como-gestionar-desde-la-memoria-las-rutinas-y-los-cambios-cierra-manana-miercoles-el-seminario-sobre-activacion-de-la-mente\/#breadcrumb"},"inLanguage":"es","potentialAction":[{"@type":"ReadAction","target":["https:\/\/www.laguiadepamplona.com\/actualidad\/una-conferencia-sobre-como-gestionar-desde-la-memoria-las-rutinas-y-los-cambios-cierra-manana-miercoles-el-seminario-sobre-activacion-de-la-mente\/"]}]},{"@type":"ImageObject","inLanguage":"es","@id":"https:\/\/www.laguiadepamplona.com\/actualidad\/una-conferencia-sobre-como-gestionar-desde-la-memoria-las-rutinas-y-los-cambios-cierra-manana-miercoles-el-seminario-sobre-activacion-de-la-mente\/#primaryimage","url":"https:\/\/www.laguiadepamplona.com\/actualidad\/wp-content\/uploads\/2016\/12\/civivox-milagrosa-900x598.jpg","contentUrl":"https:\/\/www.laguiadepamplona.com\/actualidad\/wp-content\/uploads\/2016\/12\/civivox-milagrosa-900x598.jpg","width":900,"height":598},{"@type":"BreadcrumbList","@id":"https:\/\/www.laguiadepamplona.com\/actualidad\/una-conferencia-sobre-como-gestionar-desde-la-memoria-las-rutinas-y-los-cambios-cierra-manana-miercoles-el-seminario-sobre-activacion-de-la-mente\/#breadcrumb","itemListElement":[{"@type":"ListItem","position":1,"name":"Portada","item":"https:\/\/www.laguiadepamplona.com\/actualidad\/"},{"@type":"ListItem","position":2,"name":"Una conferencia sobre c\u00f3mo gestionar desde la memoria las rutinas y los cambios cierra ma\u00f1ana mi\u00e9rcoles el seminario sobre activaci\u00f3n de la mente"}]},{"@type":"WebSite","@id":"https:\/\/www.laguiadepamplona.com\/actualidad\/#website","url":"https:\/\/www.laguiadepamplona.com\/actualidad\/","name":"La gu\u00eda de Pamplona","description":"Noticias de Pamplona","publisher":{"@id":"https:\/\/www.laguiadepamplona.com\/actualidad\/#organization"},"potentialAction":[{"@type":"SearchAction","target":{"@type":"EntryPoint","urlTemplate":"https:\/\/www.laguiadepamplona.com\/actualidad\/?s={search_term_string}"},"query-input":{"@type":"PropertyValueSpecification","valueRequired":true,"valueName":"search_term_string"}}],"inLanguage":"es"},{"@type":"Organization","@id":"https:\/\/www.laguiadepamplona.com\/actualidad\/#organization","name":"La Gu\u00eda de Pamplona \/ Noticias","url":"https:\/\/www.laguiadepamplona.com\/actualidad\/","logo":{"@type":"ImageObject","inLanguage":"es","@id":"https:\/\/www.laguiadepamplona.com\/actualidad\/#\/schema\/logo\/image\/","url":"https:\/\/www.laguiadepamplona.com\/actualidad\/wp-content\/uploads\/2018\/11\/logo-laguiadepamplona18-web1.png","contentUrl":"https:\/\/www.laguiadepamplona.com\/actualidad\/wp-content\/uploads\/2018\/11\/logo-laguiadepamplona18-web1.png","width":600,"height":196,"caption":"La Gu\u00eda de Pamplona \/ Noticias"},"image":{"@id":"https:\/\/www.laguiadepamplona.com\/actualidad\/#\/schema\/logo\/image\/"},"sameAs":["https:\/\/www.facebook.com\/laguiadepamplonacom-133175176762273\/?ref=hl","https:\/\/x.com\/LaGuiadPamplona","https:\/\/www.instagram.com\/la_guia_de_pamplona\/","https:\/\/www.youtube.com\/user\/laguiadepamplona"]},{"@type":"Person","@id":"https:\/\/www.laguiadepamplona.com\/actualidad\/#\/schema\/person\/efe887376f0213d4657c93adc50b1fdb","name":"La Gu\u00eda de Pamplona","image":{"@type":"ImageObject","inLanguage":"es","@id":"https:\/\/secure.gravatar.com\/avatar\/b6992f131dc8d30ab0dff15446e9d346d9dbd95992de0fef795073f5ea83a81c?s=96&d=mm&r=g","url":"https:\/\/secure.gravatar.com\/avatar\/b6992f131dc8d30ab0dff15446e9d346d9dbd95992de0fef795073f5ea83a81c?s=96&d=mm&r=g","contentUrl":"https:\/\/secure.gravatar.com\/avatar\/b6992f131dc8d30ab0dff15446e9d346d9dbd95992de0fef795073f5ea83a81c?s=96&d=mm&r=g","caption":"La Gu\u00eda de Pamplona"}}]}},"post_mailing_queue_ids":[],"_links":{"self":[{"href":"https:\/\/www.laguiadepamplona.com\/actualidad\/wp-json\/wp\/v2\/posts\/16965","targetHints":{"allow":["GET"]}}],"collection":[{"href":"https:\/\/www.laguiadepamplona.com\/actualidad\/wp-json\/wp\/v2\/posts"}],"about":[{"href":"https:\/\/www.laguiadepamplona.com\/actualidad\/wp-json\/wp\/v2\/types\/post"}],"author":[{"embeddable":true,"href":"https:\/\/www.laguiadepamplona.com\/actualidad\/wp-json\/wp\/v2\/users\/1"}],"replies":[{"embeddable":true,"href":"https:\/\/www.laguiadepamplona.com\/actualidad\/wp-json\/wp\/v2\/comments?post=16965"}],"version-history":[{"count":0,"href":"https:\/\/www.laguiadepamplona.com\/actualidad\/wp-json\/wp\/v2\/posts\/16965\/revisions"}],"wp:featuredmedia":[{"embeddable":true,"href":"https:\/\/www.laguiadepamplona.com\/actualidad\/wp-json\/wp\/v2\/media\/11074"}],"wp:attachment":[{"href":"https:\/\/www.laguiadepamplona.com\/actualidad\/wp-json\/wp\/v2\/media?parent=16965"}],"wp:term":[{"taxonomy":"category","embeddable":true,"href":"https:\/\/www.laguiadepamplona.com\/actualidad\/wp-json\/wp\/v2\/categories?post=16965"},{"taxonomy":"post_tag","embeddable":true,"href":"https:\/\/www.laguiadepamplona.com\/actualidad\/wp-json\/wp\/v2\/tags?post=16965"}],"curies":[{"name":"wp","href":"https:\/\/api.w.org\/{rel}","templated":true}]}}