{"id":16963,"date":"2018-04-17T10:50:00","date_gmt":"2018-04-17T09:50:00","guid":{"rendered":"http:\/\/laguiadepamplona.es\/actualidad\/?p=16963"},"modified":"2018-04-17T10:50:00","modified_gmt":"2018-04-17T09:50:00","slug":"el-intercambio-de-experiencias-entre-profesores-dentro-del-ambito-de-la-cooperacion-internacional-al-desarrrollo-la-oferta-de-manana-en-la-casa-de-la-juventud","status":"publish","type":"post","link":"https:\/\/www.laguiadepamplona.com\/actualidad\/el-intercambio-de-experiencias-entre-profesores-dentro-del-ambito-de-la-cooperacion-internacional-al-desarrrollo-la-oferta-de-manana-en-la-casa-de-la-juventud\/","title":{"rendered":"El intercambio de experiencias entre profesores, dentro del \u00e1mbito de la Cooperaci\u00f3n Internacional al Desarrrollo, la oferta de ma\u00f1ana en la Casa de la Juventud"},"content":{"rendered":"<h3>Dos docentes que han estado recientemente en Guatemala con la ONG Fundaci\u00f3n FABRE explicar\u00e1n c\u00f3mo cualquier profesional puede aportar<\/h3>\n<p><!--more--><\/p>\n<p>La experiencia de los docentes dentro de la Cooperaci\u00f3n internacional al desarrollo es el contenido de la charla que tendr\u00e1 lugar ma\u00f1ana mi\u00e9rcoles, a las 18 horas, en la Casa de la Juventud. La ONG Fundaci\u00f3n FABRE, presente en Guatemala, Bolivia, Cuba y Costa de Marfil, trasladar\u00e1 hasta las personas asistentes la experiencia sobre el terreno que han vivido en Guatemala dos docentes de Navarra: Lidia Ruiz, profesora de alumnado con necesidades educativas especiales en el CI Agroforestal, y Ram\u00f3n Salvador, profesor de alumnado de primaria en CE Miravalles-El Red\u00edn. Con ellos se sentar\u00e1 en la sesi\u00f3n Celia Pinedo, t\u00e9cnica de proyectos de la Fundaci\u00f3n FABRE Navarra.<\/p>\n<p>Los dos docentes viajaron el pasado mes de febrero al suroccidente de Guatemala para intercambiar experiencias sobre Objetivos de Desarrollo Sostenible (ODS) con otros profesores de los departamentos de San Marcos y Retalhuleu (Guatemala). La idea de la sesi\u00f3n es explicar la labor de aquellas personas que, a trav\u00e9s de su profesi\u00f3n o inquietudes, contribuyen al logro de la Agenda 2030, como ejemplo de lo que se puede hacer.<\/p>\n<p>La ONG FABRE, adem\u00e1s de desplazar sus iniciativas de cooperaci\u00f3n otros pa\u00edses en los sectores de educaci\u00f3n, salud y acceso al agua potable, empoderamiento de la mujer y valores de la familia, trabaja en Educaci\u00f3n para el Desarrollo en Navarra, desde su sede de Cizur Menor. Sus labores abarcan los \u00e1mbitos formal y no formal, adem\u00e1s de voluntariado y acci\u00f3n social. Como ONGD miembro de la Comisi\u00f3n de Educaci\u00f3n de la Coordinadora de ONGDs, forma parte del \u2018Programa Escuelas Solidarias\u2019 que impulsan el Gobierno de Navarra y la CONGD.<\/p>\n<p>En estos momentos FABRE est\u00e1 dentro del grupo de organizaciones que lideran en Navarra la Semana de Acci\u00f3n Mundial por la Educaci\u00f3n (SAME), que este a\u00f1o se extender\u00e1 entre el 23 y el 29 de abril bajo el lema \u201cLa educaci\u00f3n el camino hacia la paz \u00a1Deja tu huella!\u201d.<\/p>\n<p>&nbsp;<\/p>\n","protected":false},"excerpt":{"rendered":"<p>Dos docentes que han estado recientemente en Guatemala con la ONG Fundaci\u00f3n FABRE explicar\u00e1n c\u00f3mo cualquier profesional puede aportar<\/p>\n","protected":false},"author":1,"featured_media":13864,"comment_status":"open","ping_status":"closed","sticky":false,"template":"","format":"standard","meta":{"footnotes":""},"categories":[2],"tags":[],"class_list":["post-16963","post","type-post","status-publish","format-standard","has-post-thumbnail","hentry","category-ayuntamiento-pamplona"],"yoast_head":"<!-- This site is optimized with the Yoast SEO plugin v27.5 - https:\/\/yoast.com\/product\/yoast-seo-wordpress\/ -->\n<title>El intercambio de experiencias entre profesores, dentro del \u00e1mbito de la Cooperaci\u00f3n Internacional al Desarrrollo, la oferta de ma\u00f1ana en la Casa de la Juventud<\/title>\n<meta name=\"robots\" content=\"index, follow, max-snippet:-1, max-image-preview:large, max-video-preview:-1\" \/>\n<link rel=\"canonical\" href=\"https:\/\/www.laguiadepamplona.com\/actualidad\/el-intercambio-de-experiencias-entre-profesores-dentro-del-ambito-de-la-cooperacion-internacional-al-desarrrollo-la-oferta-de-manana-en-la-casa-de-la-juventud\/\" \/>\n<meta property=\"og:locale\" content=\"es_ES\" \/>\n<meta property=\"og:type\" content=\"article\" \/>\n<meta property=\"og:title\" content=\"El intercambio de experiencias entre profesores, dentro del \u00e1mbito de la Cooperaci\u00f3n Internacional al Desarrrollo, la oferta de ma\u00f1ana en la Casa de la Juventud\" \/>\n<meta property=\"og:description\" content=\"Dos docentes que han estado recientemente en Guatemala con la ONG Fundaci\u00f3n FABRE explicar\u00e1n c\u00f3mo cualquier profesional puede aportar\" \/>\n<meta property=\"og:url\" content=\"https:\/\/www.laguiadepamplona.com\/actualidad\/el-intercambio-de-experiencias-entre-profesores-dentro-del-ambito-de-la-cooperacion-internacional-al-desarrrollo-la-oferta-de-manana-en-la-casa-de-la-juventud\/\" \/>\n<meta property=\"og:site_name\" content=\"La Gu\u00eda de Pamplona\" \/>\n<meta property=\"article:publisher\" content=\"https:\/\/www.facebook.com\/laguiadepamplonacom-133175176762273\/?ref=hl\" \/>\n<meta property=\"article:published_time\" content=\"2018-04-17T09:50:00+00:00\" \/>\n<meta property=\"og:image\" content=\"https:\/\/www.laguiadepamplona.com\/actualidad\/wp-content\/uploads\/2017\/08\/cada_dia_plan_juventud.jpg\" \/>\n\t<meta property=\"og:image:width\" content=\"1000\" \/>\n\t<meta property=\"og:image:height\" content=\"527\" \/>\n\t<meta property=\"og:image:type\" content=\"image\/jpeg\" \/>\n<meta name=\"author\" content=\"La Gu\u00eda de Pamplona\" \/>\n<meta name=\"twitter:card\" content=\"summary_large_image\" \/>\n<meta name=\"twitter:creator\" content=\"@LaGuiadPamplona\" \/>\n<meta name=\"twitter:site\" content=\"@LaGuiadPamplona\" \/>\n<meta name=\"twitter:label1\" content=\"Escrito por\" \/>\n\t<meta name=\"twitter:data1\" content=\"La Gu\u00eda de Pamplona\" \/>\n\t<meta name=\"twitter:label2\" content=\"Tiempo de lectura\" \/>\n\t<meta name=\"twitter:data2\" content=\"2 minutos\" \/>\n<script type=\"application\/ld+json\" class=\"yoast-schema-graph\">{\"@context\":\"https:\\\/\\\/schema.org\",\"@graph\":[{\"@type\":\"Article\",\"@id\":\"https:\\\/\\\/www.laguiadepamplona.com\\\/actualidad\\\/el-intercambio-de-experiencias-entre-profesores-dentro-del-ambito-de-la-cooperacion-internacional-al-desarrrollo-la-oferta-de-manana-en-la-casa-de-la-juventud\\\/#article\",\"isPartOf\":{\"@id\":\"https:\\\/\\\/www.laguiadepamplona.com\\\/actualidad\\\/el-intercambio-de-experiencias-entre-profesores-dentro-del-ambito-de-la-cooperacion-internacional-al-desarrrollo-la-oferta-de-manana-en-la-casa-de-la-juventud\\\/\"},\"author\":{\"name\":\"La Gu\u00eda de Pamplona\",\"@id\":\"https:\\\/\\\/www.laguiadepamplona.com\\\/actualidad\\\/#\\\/schema\\\/person\\\/efe887376f0213d4657c93adc50b1fdb\"},\"headline\":\"El intercambio de experiencias entre profesores, dentro del \u00e1mbito de la Cooperaci\u00f3n Internacional al Desarrrollo, la oferta de ma\u00f1ana en la Casa de la Juventud\",\"datePublished\":\"2018-04-17T09:50:00+00:00\",\"mainEntityOfPage\":{\"@id\":\"https:\\\/\\\/www.laguiadepamplona.com\\\/actualidad\\\/el-intercambio-de-experiencias-entre-profesores-dentro-del-ambito-de-la-cooperacion-internacional-al-desarrrollo-la-oferta-de-manana-en-la-casa-de-la-juventud\\\/\"},\"wordCount\":385,\"commentCount\":0,\"publisher\":{\"@id\":\"https:\\\/\\\/www.laguiadepamplona.com\\\/actualidad\\\/#organization\"},\"image\":{\"@id\":\"https:\\\/\\\/www.laguiadepamplona.com\\\/actualidad\\\/el-intercambio-de-experiencias-entre-profesores-dentro-del-ambito-de-la-cooperacion-internacional-al-desarrrollo-la-oferta-de-manana-en-la-casa-de-la-juventud\\\/#primaryimage\"},\"thumbnailUrl\":\"https:\\\/\\\/www.laguiadepamplona.com\\\/actualidad\\\/wp-content\\\/uploads\\\/2017\\\/08\\\/cada_dia_plan_juventud.jpg\",\"articleSection\":[\"Ayto Pamplona\"],\"inLanguage\":\"es\",\"potentialAction\":[{\"@type\":\"CommentAction\",\"name\":\"Comment\",\"target\":[\"https:\\\/\\\/www.laguiadepamplona.com\\\/actualidad\\\/el-intercambio-de-experiencias-entre-profesores-dentro-del-ambito-de-la-cooperacion-internacional-al-desarrrollo-la-oferta-de-manana-en-la-casa-de-la-juventud\\\/#respond\"]}]},{\"@type\":\"WebPage\",\"@id\":\"https:\\\/\\\/www.laguiadepamplona.com\\\/actualidad\\\/el-intercambio-de-experiencias-entre-profesores-dentro-del-ambito-de-la-cooperacion-internacional-al-desarrrollo-la-oferta-de-manana-en-la-casa-de-la-juventud\\\/\",\"url\":\"https:\\\/\\\/www.laguiadepamplona.com\\\/actualidad\\\/el-intercambio-de-experiencias-entre-profesores-dentro-del-ambito-de-la-cooperacion-internacional-al-desarrrollo-la-oferta-de-manana-en-la-casa-de-la-juventud\\\/\",\"name\":\"El intercambio de experiencias entre profesores, dentro del \u00e1mbito de la Cooperaci\u00f3n Internacional al Desarrrollo, la oferta de ma\u00f1ana en la Casa de la Juventud\",\"isPartOf\":{\"@id\":\"https:\\\/\\\/www.laguiadepamplona.com\\\/actualidad\\\/#website\"},\"primaryImageOfPage\":{\"@id\":\"https:\\\/\\\/www.laguiadepamplona.com\\\/actualidad\\\/el-intercambio-de-experiencias-entre-profesores-dentro-del-ambito-de-la-cooperacion-internacional-al-desarrrollo-la-oferta-de-manana-en-la-casa-de-la-juventud\\\/#primaryimage\"},\"image\":{\"@id\":\"https:\\\/\\\/www.laguiadepamplona.com\\\/actualidad\\\/el-intercambio-de-experiencias-entre-profesores-dentro-del-ambito-de-la-cooperacion-internacional-al-desarrrollo-la-oferta-de-manana-en-la-casa-de-la-juventud\\\/#primaryimage\"},\"thumbnailUrl\":\"https:\\\/\\\/www.laguiadepamplona.com\\\/actualidad\\\/wp-content\\\/uploads\\\/2017\\\/08\\\/cada_dia_plan_juventud.jpg\",\"datePublished\":\"2018-04-17T09:50:00+00:00\",\"breadcrumb\":{\"@id\":\"https:\\\/\\\/www.laguiadepamplona.com\\\/actualidad\\\/el-intercambio-de-experiencias-entre-profesores-dentro-del-ambito-de-la-cooperacion-internacional-al-desarrrollo-la-oferta-de-manana-en-la-casa-de-la-juventud\\\/#breadcrumb\"},\"inLanguage\":\"es\",\"potentialAction\":[{\"@type\":\"ReadAction\",\"target\":[\"https:\\\/\\\/www.laguiadepamplona.com\\\/actualidad\\\/el-intercambio-de-experiencias-entre-profesores-dentro-del-ambito-de-la-cooperacion-internacional-al-desarrrollo-la-oferta-de-manana-en-la-casa-de-la-juventud\\\/\"]}]},{\"@type\":\"ImageObject\",\"inLanguage\":\"es\",\"@id\":\"https:\\\/\\\/www.laguiadepamplona.com\\\/actualidad\\\/el-intercambio-de-experiencias-entre-profesores-dentro-del-ambito-de-la-cooperacion-internacional-al-desarrrollo-la-oferta-de-manana-en-la-casa-de-la-juventud\\\/#primaryimage\",\"url\":\"https:\\\/\\\/www.laguiadepamplona.com\\\/actualidad\\\/wp-content\\\/uploads\\\/2017\\\/08\\\/cada_dia_plan_juventud.jpg\",\"contentUrl\":\"https:\\\/\\\/www.laguiadepamplona.com\\\/actualidad\\\/wp-content\\\/uploads\\\/2017\\\/08\\\/cada_dia_plan_juventud.jpg\",\"width\":1000,\"height\":527},{\"@type\":\"BreadcrumbList\",\"@id\":\"https:\\\/\\\/www.laguiadepamplona.com\\\/actualidad\\\/el-intercambio-de-experiencias-entre-profesores-dentro-del-ambito-de-la-cooperacion-internacional-al-desarrrollo-la-oferta-de-manana-en-la-casa-de-la-juventud\\\/#breadcrumb\",\"itemListElement\":[{\"@type\":\"ListItem\",\"position\":1,\"name\":\"Portada\",\"item\":\"https:\\\/\\\/www.laguiadepamplona.com\\\/actualidad\\\/\"},{\"@type\":\"ListItem\",\"position\":2,\"name\":\"El intercambio de experiencias entre profesores, dentro del \u00e1mbito de la Cooperaci\u00f3n Internacional al Desarrrollo, la oferta de ma\u00f1ana en la Casa de la Juventud\"}]},{\"@type\":\"WebSite\",\"@id\":\"https:\\\/\\\/www.laguiadepamplona.com\\\/actualidad\\\/#website\",\"url\":\"https:\\\/\\\/www.laguiadepamplona.com\\\/actualidad\\\/\",\"name\":\"La gu\u00eda de Pamplona\",\"description\":\"Noticias de Pamplona\",\"publisher\":{\"@id\":\"https:\\\/\\\/www.laguiadepamplona.com\\\/actualidad\\\/#organization\"},\"potentialAction\":[{\"@type\":\"SearchAction\",\"target\":{\"@type\":\"EntryPoint\",\"urlTemplate\":\"https:\\\/\\\/www.laguiadepamplona.com\\\/actualidad\\\/?s={search_term_string}\"},\"query-input\":{\"@type\":\"PropertyValueSpecification\",\"valueRequired\":true,\"valueName\":\"search_term_string\"}}],\"inLanguage\":\"es\"},{\"@type\":\"Organization\",\"@id\":\"https:\\\/\\\/www.laguiadepamplona.com\\\/actualidad\\\/#organization\",\"name\":\"La Gu\u00eda de Pamplona \\\/ Noticias\",\"url\":\"https:\\\/\\\/www.laguiadepamplona.com\\\/actualidad\\\/\",\"logo\":{\"@type\":\"ImageObject\",\"inLanguage\":\"es\",\"@id\":\"https:\\\/\\\/www.laguiadepamplona.com\\\/actualidad\\\/#\\\/schema\\\/logo\\\/image\\\/\",\"url\":\"https:\\\/\\\/www.laguiadepamplona.com\\\/actualidad\\\/wp-content\\\/uploads\\\/2018\\\/11\\\/logo-laguiadepamplona18-web1.png\",\"contentUrl\":\"https:\\\/\\\/www.laguiadepamplona.com\\\/actualidad\\\/wp-content\\\/uploads\\\/2018\\\/11\\\/logo-laguiadepamplona18-web1.png\",\"width\":600,\"height\":196,\"caption\":\"La Gu\u00eda de Pamplona \\\/ Noticias\"},\"image\":{\"@id\":\"https:\\\/\\\/www.laguiadepamplona.com\\\/actualidad\\\/#\\\/schema\\\/logo\\\/image\\\/\"},\"sameAs\":[\"https:\\\/\\\/www.facebook.com\\\/laguiadepamplonacom-133175176762273\\\/?ref=hl\",\"https:\\\/\\\/x.com\\\/LaGuiadPamplona\",\"https:\\\/\\\/www.instagram.com\\\/la_guia_de_pamplona\\\/\",\"https:\\\/\\\/www.youtube.com\\\/user\\\/laguiadepamplona\"]},{\"@type\":\"Person\",\"@id\":\"https:\\\/\\\/www.laguiadepamplona.com\\\/actualidad\\\/#\\\/schema\\\/person\\\/efe887376f0213d4657c93adc50b1fdb\",\"name\":\"La Gu\u00eda de Pamplona\",\"image\":{\"@type\":\"ImageObject\",\"inLanguage\":\"es\",\"@id\":\"https:\\\/\\\/secure.gravatar.com\\\/avatar\\\/b6992f131dc8d30ab0dff15446e9d346d9dbd95992de0fef795073f5ea83a81c?s=96&d=mm&r=g\",\"url\":\"https:\\\/\\\/secure.gravatar.com\\\/avatar\\\/b6992f131dc8d30ab0dff15446e9d346d9dbd95992de0fef795073f5ea83a81c?s=96&d=mm&r=g\",\"contentUrl\":\"https:\\\/\\\/secure.gravatar.com\\\/avatar\\\/b6992f131dc8d30ab0dff15446e9d346d9dbd95992de0fef795073f5ea83a81c?s=96&d=mm&r=g\",\"caption\":\"La Gu\u00eda de Pamplona\"}}]}<\/script>\n<!-- \/ Yoast SEO plugin. -->","yoast_head_json":{"title":"El intercambio de experiencias entre profesores, dentro del \u00e1mbito de la Cooperaci\u00f3n Internacional al Desarrrollo, la oferta de ma\u00f1ana en la Casa de la Juventud","robots":{"index":"index","follow":"follow","max-snippet":"max-snippet:-1","max-image-preview":"max-image-preview:large","max-video-preview":"max-video-preview:-1"},"canonical":"https:\/\/www.laguiadepamplona.com\/actualidad\/el-intercambio-de-experiencias-entre-profesores-dentro-del-ambito-de-la-cooperacion-internacional-al-desarrrollo-la-oferta-de-manana-en-la-casa-de-la-juventud\/","og_locale":"es_ES","og_type":"article","og_title":"El intercambio de experiencias entre profesores, dentro del \u00e1mbito de la Cooperaci\u00f3n Internacional al Desarrrollo, la oferta de ma\u00f1ana en la Casa de la Juventud","og_description":"Dos docentes que han estado recientemente en Guatemala con la ONG Fundaci\u00f3n FABRE explicar\u00e1n c\u00f3mo cualquier profesional puede aportar","og_url":"https:\/\/www.laguiadepamplona.com\/actualidad\/el-intercambio-de-experiencias-entre-profesores-dentro-del-ambito-de-la-cooperacion-internacional-al-desarrrollo-la-oferta-de-manana-en-la-casa-de-la-juventud\/","og_site_name":"La Gu\u00eda de Pamplona","article_publisher":"https:\/\/www.facebook.com\/laguiadepamplonacom-133175176762273\/?ref=hl","article_published_time":"2018-04-17T09:50:00+00:00","og_image":[{"width":1000,"height":527,"url":"https:\/\/www.laguiadepamplona.com\/actualidad\/wp-content\/uploads\/2017\/08\/cada_dia_plan_juventud.jpg","type":"image\/jpeg"}],"author":"La Gu\u00eda de Pamplona","twitter_card":"summary_large_image","twitter_creator":"@LaGuiadPamplona","twitter_site":"@LaGuiadPamplona","twitter_misc":{"Escrito por":"La Gu\u00eda de Pamplona","Tiempo de lectura":"2 minutos"},"schema":{"@context":"https:\/\/schema.org","@graph":[{"@type":"Article","@id":"https:\/\/www.laguiadepamplona.com\/actualidad\/el-intercambio-de-experiencias-entre-profesores-dentro-del-ambito-de-la-cooperacion-internacional-al-desarrrollo-la-oferta-de-manana-en-la-casa-de-la-juventud\/#article","isPartOf":{"@id":"https:\/\/www.laguiadepamplona.com\/actualidad\/el-intercambio-de-experiencias-entre-profesores-dentro-del-ambito-de-la-cooperacion-internacional-al-desarrrollo-la-oferta-de-manana-en-la-casa-de-la-juventud\/"},"author":{"name":"La Gu\u00eda de Pamplona","@id":"https:\/\/www.laguiadepamplona.com\/actualidad\/#\/schema\/person\/efe887376f0213d4657c93adc50b1fdb"},"headline":"El intercambio de experiencias entre profesores, dentro del \u00e1mbito de la Cooperaci\u00f3n Internacional al Desarrrollo, la oferta de ma\u00f1ana en la Casa de la Juventud","datePublished":"2018-04-17T09:50:00+00:00","mainEntityOfPage":{"@id":"https:\/\/www.laguiadepamplona.com\/actualidad\/el-intercambio-de-experiencias-entre-profesores-dentro-del-ambito-de-la-cooperacion-internacional-al-desarrrollo-la-oferta-de-manana-en-la-casa-de-la-juventud\/"},"wordCount":385,"commentCount":0,"publisher":{"@id":"https:\/\/www.laguiadepamplona.com\/actualidad\/#organization"},"image":{"@id":"https:\/\/www.laguiadepamplona.com\/actualidad\/el-intercambio-de-experiencias-entre-profesores-dentro-del-ambito-de-la-cooperacion-internacional-al-desarrrollo-la-oferta-de-manana-en-la-casa-de-la-juventud\/#primaryimage"},"thumbnailUrl":"https:\/\/www.laguiadepamplona.com\/actualidad\/wp-content\/uploads\/2017\/08\/cada_dia_plan_juventud.jpg","articleSection":["Ayto Pamplona"],"inLanguage":"es","potentialAction":[{"@type":"CommentAction","name":"Comment","target":["https:\/\/www.laguiadepamplona.com\/actualidad\/el-intercambio-de-experiencias-entre-profesores-dentro-del-ambito-de-la-cooperacion-internacional-al-desarrrollo-la-oferta-de-manana-en-la-casa-de-la-juventud\/#respond"]}]},{"@type":"WebPage","@id":"https:\/\/www.laguiadepamplona.com\/actualidad\/el-intercambio-de-experiencias-entre-profesores-dentro-del-ambito-de-la-cooperacion-internacional-al-desarrrollo-la-oferta-de-manana-en-la-casa-de-la-juventud\/","url":"https:\/\/www.laguiadepamplona.com\/actualidad\/el-intercambio-de-experiencias-entre-profesores-dentro-del-ambito-de-la-cooperacion-internacional-al-desarrrollo-la-oferta-de-manana-en-la-casa-de-la-juventud\/","name":"El intercambio de experiencias entre profesores, dentro del \u00e1mbito de la Cooperaci\u00f3n Internacional al Desarrrollo, la oferta de ma\u00f1ana en la Casa de la Juventud","isPartOf":{"@id":"https:\/\/www.laguiadepamplona.com\/actualidad\/#website"},"primaryImageOfPage":{"@id":"https:\/\/www.laguiadepamplona.com\/actualidad\/el-intercambio-de-experiencias-entre-profesores-dentro-del-ambito-de-la-cooperacion-internacional-al-desarrrollo-la-oferta-de-manana-en-la-casa-de-la-juventud\/#primaryimage"},"image":{"@id":"https:\/\/www.laguiadepamplona.com\/actualidad\/el-intercambio-de-experiencias-entre-profesores-dentro-del-ambito-de-la-cooperacion-internacional-al-desarrrollo-la-oferta-de-manana-en-la-casa-de-la-juventud\/#primaryimage"},"thumbnailUrl":"https:\/\/www.laguiadepamplona.com\/actualidad\/wp-content\/uploads\/2017\/08\/cada_dia_plan_juventud.jpg","datePublished":"2018-04-17T09:50:00+00:00","breadcrumb":{"@id":"https:\/\/www.laguiadepamplona.com\/actualidad\/el-intercambio-de-experiencias-entre-profesores-dentro-del-ambito-de-la-cooperacion-internacional-al-desarrrollo-la-oferta-de-manana-en-la-casa-de-la-juventud\/#breadcrumb"},"inLanguage":"es","potentialAction":[{"@type":"ReadAction","target":["https:\/\/www.laguiadepamplona.com\/actualidad\/el-intercambio-de-experiencias-entre-profesores-dentro-del-ambito-de-la-cooperacion-internacional-al-desarrrollo-la-oferta-de-manana-en-la-casa-de-la-juventud\/"]}]},{"@type":"ImageObject","inLanguage":"es","@id":"https:\/\/www.laguiadepamplona.com\/actualidad\/el-intercambio-de-experiencias-entre-profesores-dentro-del-ambito-de-la-cooperacion-internacional-al-desarrrollo-la-oferta-de-manana-en-la-casa-de-la-juventud\/#primaryimage","url":"https:\/\/www.laguiadepamplona.com\/actualidad\/wp-content\/uploads\/2017\/08\/cada_dia_plan_juventud.jpg","contentUrl":"https:\/\/www.laguiadepamplona.com\/actualidad\/wp-content\/uploads\/2017\/08\/cada_dia_plan_juventud.jpg","width":1000,"height":527},{"@type":"BreadcrumbList","@id":"https:\/\/www.laguiadepamplona.com\/actualidad\/el-intercambio-de-experiencias-entre-profesores-dentro-del-ambito-de-la-cooperacion-internacional-al-desarrrollo-la-oferta-de-manana-en-la-casa-de-la-juventud\/#breadcrumb","itemListElement":[{"@type":"ListItem","position":1,"name":"Portada","item":"https:\/\/www.laguiadepamplona.com\/actualidad\/"},{"@type":"ListItem","position":2,"name":"El intercambio de experiencias entre profesores, dentro del \u00e1mbito de la Cooperaci\u00f3n Internacional al Desarrrollo, la oferta de ma\u00f1ana en la Casa de la Juventud"}]},{"@type":"WebSite","@id":"https:\/\/www.laguiadepamplona.com\/actualidad\/#website","url":"https:\/\/www.laguiadepamplona.com\/actualidad\/","name":"La gu\u00eda de Pamplona","description":"Noticias de Pamplona","publisher":{"@id":"https:\/\/www.laguiadepamplona.com\/actualidad\/#organization"},"potentialAction":[{"@type":"SearchAction","target":{"@type":"EntryPoint","urlTemplate":"https:\/\/www.laguiadepamplona.com\/actualidad\/?s={search_term_string}"},"query-input":{"@type":"PropertyValueSpecification","valueRequired":true,"valueName":"search_term_string"}}],"inLanguage":"es"},{"@type":"Organization","@id":"https:\/\/www.laguiadepamplona.com\/actualidad\/#organization","name":"La Gu\u00eda de Pamplona \/ Noticias","url":"https:\/\/www.laguiadepamplona.com\/actualidad\/","logo":{"@type":"ImageObject","inLanguage":"es","@id":"https:\/\/www.laguiadepamplona.com\/actualidad\/#\/schema\/logo\/image\/","url":"https:\/\/www.laguiadepamplona.com\/actualidad\/wp-content\/uploads\/2018\/11\/logo-laguiadepamplona18-web1.png","contentUrl":"https:\/\/www.laguiadepamplona.com\/actualidad\/wp-content\/uploads\/2018\/11\/logo-laguiadepamplona18-web1.png","width":600,"height":196,"caption":"La Gu\u00eda de Pamplona \/ Noticias"},"image":{"@id":"https:\/\/www.laguiadepamplona.com\/actualidad\/#\/schema\/logo\/image\/"},"sameAs":["https:\/\/www.facebook.com\/laguiadepamplonacom-133175176762273\/?ref=hl","https:\/\/x.com\/LaGuiadPamplona","https:\/\/www.instagram.com\/la_guia_de_pamplona\/","https:\/\/www.youtube.com\/user\/laguiadepamplona"]},{"@type":"Person","@id":"https:\/\/www.laguiadepamplona.com\/actualidad\/#\/schema\/person\/efe887376f0213d4657c93adc50b1fdb","name":"La Gu\u00eda de Pamplona","image":{"@type":"ImageObject","inLanguage":"es","@id":"https:\/\/secure.gravatar.com\/avatar\/b6992f131dc8d30ab0dff15446e9d346d9dbd95992de0fef795073f5ea83a81c?s=96&d=mm&r=g","url":"https:\/\/secure.gravatar.com\/avatar\/b6992f131dc8d30ab0dff15446e9d346d9dbd95992de0fef795073f5ea83a81c?s=96&d=mm&r=g","contentUrl":"https:\/\/secure.gravatar.com\/avatar\/b6992f131dc8d30ab0dff15446e9d346d9dbd95992de0fef795073f5ea83a81c?s=96&d=mm&r=g","caption":"La Gu\u00eda de Pamplona"}}]}},"post_mailing_queue_ids":[],"_links":{"self":[{"href":"https:\/\/www.laguiadepamplona.com\/actualidad\/wp-json\/wp\/v2\/posts\/16963","targetHints":{"allow":["GET"]}}],"collection":[{"href":"https:\/\/www.laguiadepamplona.com\/actualidad\/wp-json\/wp\/v2\/posts"}],"about":[{"href":"https:\/\/www.laguiadepamplona.com\/actualidad\/wp-json\/wp\/v2\/types\/post"}],"author":[{"embeddable":true,"href":"https:\/\/www.laguiadepamplona.com\/actualidad\/wp-json\/wp\/v2\/users\/1"}],"replies":[{"embeddable":true,"href":"https:\/\/www.laguiadepamplona.com\/actualidad\/wp-json\/wp\/v2\/comments?post=16963"}],"version-history":[{"count":0,"href":"https:\/\/www.laguiadepamplona.com\/actualidad\/wp-json\/wp\/v2\/posts\/16963\/revisions"}],"wp:featuredmedia":[{"embeddable":true,"href":"https:\/\/www.laguiadepamplona.com\/actualidad\/wp-json\/wp\/v2\/media\/13864"}],"wp:attachment":[{"href":"https:\/\/www.laguiadepamplona.com\/actualidad\/wp-json\/wp\/v2\/media?parent=16963"}],"wp:term":[{"taxonomy":"category","embeddable":true,"href":"https:\/\/www.laguiadepamplona.com\/actualidad\/wp-json\/wp\/v2\/categories?post=16963"},{"taxonomy":"post_tag","embeddable":true,"href":"https:\/\/www.laguiadepamplona.com\/actualidad\/wp-json\/wp\/v2\/tags?post=16963"}],"curies":[{"name":"wp","href":"https:\/\/api.w.org\/{rel}","templated":true}]}}