{"id":16959,"date":"2018-04-17T10:47:39","date_gmt":"2018-04-17T09:47:39","guid":{"rendered":"http:\/\/laguiadepamplona.es\/actualidad\/?p=16959"},"modified":"2018-04-17T14:36:36","modified_gmt":"2018-04-17T13:36:36","slug":"las-bicis-no-vuelan-todavia-el-lema-bajo-el-que-pamplona-celebrara-este-proximo-jueves-actividades-por-el-dia-mundial-de-la-bicicleta","status":"publish","type":"post","link":"https:\/\/www.laguiadepamplona.com\/actualidad\/las-bicis-no-vuelan-todavia-el-lema-bajo-el-que-pamplona-celebrara-este-proximo-jueves-actividades-por-el-dia-mundial-de-la-bicicleta\/","title":{"rendered":"\u2018Las bicis no vuelan&#8230; todav\u00eda\u2019 el lema bajo el que Pamplona celebrar\u00e1 este pr\u00f3ximo jueves actividades por el D\u00eda Mundial de la Bicicleta"},"content":{"rendered":"<h3>El Ayuntamiento se suma as\u00ed a la campa\u00f1a internacional de sensibilizaci\u00f3n con una jornada informativa y la Biciescuela para mujeres<\/h3>\n<p><!--more--><\/p>\n<p>Desde mediados de los 80 cada 19 de abril se celebra internacionalmente el \u2018D\u00eda Mundial de la Bicicleta\u2019 en la idea de promover el uso de este medio de transporte; llamar la atenci\u00f3n sobre los derechos de los ciclistas y destacar que su uso es beneficioso para la salud y la movilidad sostenible. El Ayuntamiento de Pamplona se suma este jueves a la iniciativa mundial con una campa\u00f1a por la convivencia que pone el acento en la bicicleta como veh\u00edculo y en su coexistencia con los distintos tipos de movilidades. Precisamente con el lema \u2018Las bicis no vuelan&#8230; todav\u00eda\u2019, quiere hacer hincapi\u00e9 en que todas las formas de movilidad deben compartir el espacio p\u00fablico. Pero la campa\u00f1a tambi\u00e9n pone el acento en la bicicleta y en su potencial como elemento transformador de la movilidad de las ciudades \u201ccuando nos desplazamos caminando o en bicicleta \u2013dice el folleto-, transformamos Pamplona en una ciudad m\u00e1s sostenible\u201d<\/p>\n<p><a href=\"http:\/\/laguiadepamplona.es\/actualidad\/wp-content\/uploads\/2018\/04\/18.04.17_Cartel-Jornada-Empoderamiento-sobre-ruedas2.jpg\"><img loading=\"lazy\" decoding=\"async\" class=\"alignleft size-medium wp-image-16979\" src=\"http:\/\/laguiadepamplona.es\/actualidad\/wp-content\/uploads\/2018\/04\/18.04.17_Cartel-Jornada-Empoderamiento-sobre-ruedas2-213x300.jpg\" alt=\"\" width=\"213\" height=\"300\" srcset=\"https:\/\/www.laguiadepamplona.com\/actualidad\/wp-content\/uploads\/2018\/04\/18.04.17_Cartel-Jornada-Empoderamiento-sobre-ruedas2-213x300.jpg 213w, https:\/\/www.laguiadepamplona.com\/actualidad\/wp-content\/uploads\/2018\/04\/18.04.17_Cartel-Jornada-Empoderamiento-sobre-ruedas2-300x422.jpg 300w, https:\/\/www.laguiadepamplona.com\/actualidad\/wp-content\/uploads\/2018\/04\/18.04.17_Cartel-Jornada-Empoderamiento-sobre-ruedas2.jpg 711w\" sizes=\"auto, (max-width: 213px) 100vw, 213px\" \/><\/a>Para ello el jueves 19 ofrecer\u00e1 a los ciudadanos un conjunto de consejos para fomentar una movilidad m\u00e1s sostenible a trav\u00e9s de la convivencia y el respeto entre los diferentes medios de transporte, desde una carpa informativa instalada en la Plaza del Castillo. La jornada ser\u00e1 tambi\u00e9n de animaci\u00f3n de calle ya que el grupo teatral Teatrociclista, con la colaboraci\u00f3n de IHK, simular\u00e1 situaciones de enfrentamiento real y m\u00e9todos para resolverlas con la ayuda de un personaje: \u2018El cupido del tr\u00e1fico\u2019.<\/p>\n<p>Esta ma\u00f1ana han presentado las actividades y la filosof\u00eda que quieren transmitir el concejal delegado de Ecolog\u00eda Urbana y Movilidad, Armando Cuenca, y la responsable de Movilidad, Alexia Canto. Adem\u00e1s, se buscar\u00e1 una concienciaci\u00f3n transversal ya que, como explicaba Laura Berro, concejala delegada de Igualdad y LGTBI, la transformaci\u00f3n de Pamplona en una ciudad m\u00e1s sostenible no es posible sin las mujeres. En ese sentido, el Consistorio ha programado una jornada informativa y cursos de biciescuela para mujeres que se desarrollar\u00e1n en mayo y junio bajo el lema \u2018El empoderamiento sobre ruedas\u2019.<\/p>\n<p><strong>La bicicleta como veh\u00edculo transformador<\/strong><\/p>\n<p>El D\u00eda Mundial de la Bicicleta se celebra cada 19 de abril desde 1985 gracias a la iniciativa de Thomas B. Roberts, un profesor de la Universidad del Norte de Illinois (EEUU). Esta conmemoraci\u00f3n comenz\u00f3 a expandirse por el resto de pa\u00edses y hoy es una jornada en todos los calendarios. Lejos de los referentes de etapas anteriores, en las que se asociaba la bicicleta con el deporte, el ocio o el juego infantil, hoy se presenta como un modo de transporte que se muestra el m\u00e1s eficaz en desplazamientos de hasta 5 kil\u00f3metros.<\/p>\n<p>En su incorporaci\u00f3n a la movilidad cotidiana, la bicicleta se ha encontrado con problemas a la hora de encontrar su espacio en la ciudad. El Ayuntamiento de Pamplona est\u00e1 apostado, incluso desde al \u00e1mbito reglamentario, por recuperar las aceras para las personas a pie y dar su espacio en la calzada a las bicicletas, con el resto de veh\u00edculos. En este sentido, la campa\u00f1a de convivencia \u2018Las bicis no vuelan, todav\u00eda\u2019 busca poner en valor el uso de la bicicleta, su capacidad de transformar las ciudades y la necesidad de incorporarla como un medio de transporte que debe coexistir con el resto de medios: con los veh\u00edculos a motor en la calzada y con las personas a pie en los espacios peatonales.<\/p>\n<p>El jueves, desde las 17 hasta las 21 horas, en la Plaza del Castillo estar\u00e1 situado una jaima desde el que se repartir\u00e1n folletos con informaci\u00f3n. En ellos se recuerda a las personas que conducen veh\u00edculos a motor que, las bicicletas son veh\u00edculos y como tales deben circular por la calzada, pero que ellos son m\u00e1s r\u00e1pidos y menos vulnerables que quienes se desplazan en bicicleta por lo que tienen que adecuar su conducci\u00f3n a estos \u00faltimos y tener especial precauci\u00f3n en los pasos de cebra por los que cruzan tanto peatones como ciclistas.<\/p>\n<p>Pero algo parecido sucede cuando las bicis coexisten con quienes se mueven a pie; el ciclista como veh\u00edculo debe respetar las normas, se\u00f1alizar sus maniobras y adecuar su velocidad y la distancia de seguridad cuando se encuentre en zonas peatonales en aras de la seguridad del m\u00e1s d\u00e9bil: el peat\u00f3n. Finalmente, quienes caminan tambi\u00e9n tienen deberes a la hora de transitar y se basan en la necesidad de compartir el espacio p\u00fablico con las bicicletas que mejoran el medioambiente con su falta de emisiones y contribuyen a la sostenibilidad.<\/p>\n<p><strong>Clowns para algo muy serio<\/strong><\/p>\n<p>La idea es que una buena manera de aprender suele ser extrayendo consecuencias de situaciones reales, con la experiencia propia o simulada, por lo que dentro de la campa\u00f1a -y en el mismo horario de la carpa informativa- se ha previsto que la compa\u00f1\u00eda de Teatrociclista con la colaboraci\u00f3n de IHK realice diversas dramatizaciones de situaciones que se dan en la realidad, en la obra &#8216;El cupido del tr\u00e1fico&#8217;.<\/p>\n<p>Pero, a diferencia de lo que sucede en el d\u00eda a d\u00eda, en ese juego de roles que enfrenta a las personas protagonistas de los distintos tipos de movilidad habr\u00e1 un \u00e1rbitro. El personaje que representa al cl\u00e1sico Cupido en este caso se encargar\u00e1 de calmar los \u00e1nimos y explicar a todos los presentes c\u00f3mo debiera haberse resuelto la discusi\u00f3n para as\u00ed llamar a la reflexi\u00f3n a los espectadores. La edici\u00f3n de los tr\u00edpticos y la contrataci\u00f3n del teatro de calle para este d\u00eda han supuesto una inversi\u00f3n municipal 4.531,96 euros.<\/p>\n<p><strong>Biciescuela para mujeres: el empoderamiento sobre ruedas<\/strong><\/p>\n<p>En 1896, en una entrevista para el New York World, Susan B. Anthony declar\u00f3 \u201cLa bicicleta ha hecho m\u00e1s por la emancipaci\u00f3n de la mujer que cualquiera otra cosa en el mundo\u201d ya que para muchas mujeres en el siglo XIX la llegada de la bicicleta supuso obtener un veh\u00edculo de dos ruedas accesible que les proporcionaba independencia para desplazare sin depender de terceros. La llamada \u201cm\u00e1quina de la libertad\u201d en la \u00e9poca victoriana implic\u00f3 tambi\u00e9n una revoluci\u00f3n en la forma de vestir de las mujeres que empezaron a usar la bicicleta y que luego se extendi\u00f3 a las dem\u00e1s.<\/p>\n<p>A pesar de estos antecedentes, seg\u00fan los \u00faltimos datos recogidos desde el servicio de movilidad, el 64% de las personas que se mueven en bicicleta son hombres frente al 36% de mujeres que eligen esa opci\u00f3n para desplazarse. Adem\u00e1s, las mujeres eligen preferentemente circular por la acera. En la l\u00ednea de las pol\u00edticas municipales de apuesta por la bicicleta como elemento transformador el Ayuntamiento busca cumplir el objetivo de incorporar a las mujeres, el 52% de la poblaci\u00f3n de la ciudad. Por ello, se ha puesto en marcha \u2018La bicicescuela para mujeres\u2019 que bajo el lema \u2018El empoderamiento sobre ruedas\u2019 busca recuperar la bicicleta como elemento dinamizador de la movilidad femenina.<\/p>\n<p>Para la presentaci\u00f3n de esta primera edici\u00f3n, se ha preparado una Jornada, el pr\u00f3ximo 25 de abril, en el Civivox Ensanche, a las 19:30 en la que se explicar\u00e1n las ventajas del uso de la bicicleta, se dar\u00e1n algunas recomendaciones generales sobre su uso, adem\u00e1s de ense\u00f1ar a las participantes a reconocer su nivel en el uso de la bicicleta.<\/p>\n<p><strong>Tres niveles y bicicletas recuperadas<\/strong><\/p>\n<p>Los cursos de \u2018La biciescuela para mujeres\u2019 tendr\u00e1n lugar los jueves de los meses de mayo y junio. El precio ser\u00e1 de 10 euros y la inscripci\u00f3n debe realizarse entre el 23 y el 27 de abril (ambos inclusive) a trav\u00e9s del Tel\u00e9fono de Atenci\u00f3n Ciudadana 010 (948 420 100 si se llama desde m\u00f3vil o desde fuera de Pamplona). Aunque generalmente a montar en bici se aprende en la infancia, hay quien no lo ha podido hacer. Para las mujeres que se encuentren en esa situaci\u00f3n est\u00e1 previsto el primer nivel de cursos de la biciescuela. El nivel 2 est\u00e1 dise\u00f1ado mujeres que sepan montar en bicicleta, pero se encuentran inseguras o quieran adquirir un mayor control en la conducci\u00f3n. En ambos casos las pr\u00e1cticas se har\u00e1n en circuitos cerrados al tr\u00e1fico.<\/p>\n<p>El tercer paso ser\u00e1 ya la circulaci\u00f3n efectiva en calle con tr\u00e1fico real. Las mujeres interesadas pueden realizar los tres niveles; quienes sepan montar en bicicleta pueden acceder directamente al nivel 2, pero no al 3. A este nivel avanzado solo se puede acceder desde el nivel anterior. Con este planteamiento el Consistorio trata de que, paulatinamente, el porcentaje de mujeres conductores de bicicletas, tambi\u00e9n despegue, como recoge la imagen de la campa\u00f1a informativa.<\/p>\n<p>Para los cursos de la Biciescuela se recomienda a las mujeres que participen que traigan sus propias bicicletas. Para las que no dispongan de una, desde el Servicio de movilidad se ha puesto en marcha un programa de recuperaci\u00f3n de bicicletas del Dep\u00f3sito municipal que lleven m\u00e1s de un a\u00f1o sin ser reclamadas. Hasta el momento se han recuperado 10 bicicletas para esta primera edici\u00f3n de la Biciescuela.<\/p>\n<p><strong>Biciescuela para mujeres \u2018El empoderamiento sobre ruedas\u2019<\/strong><\/p>\n<ul>\n<li>Lugar: en los dos primeros niveles se dar\u00e1n las sesiones en un circuito cerrado al tr\u00e1fico. En el nivel 3 se har\u00e1 conducci\u00f3n en calle, con tr\u00e1fico real<\/li>\n<li>Horario: de 19 a 20.30 horas<\/li>\n<li>Imparte: Bizikume<\/li>\n<li>Inscripciones: del 23 al 27 de abril a trav\u00e9s del tel\u00e9fono 010<\/li>\n<li>Precio: 10 euros por curso<\/li>\n<\/ul>\n<p><u>NIVELES<\/u><\/p>\n<p><strong>Nivel 1, Iniciaci\u00f3n: Aprende a montar en bicicleta<\/strong><\/p>\n<ul>\n<li>Para personas que no saben montar en bicicleta<\/li>\n<li>Mayo: jueves 3, 10, 17, 24, 31 (sesiones de nivel 1)<\/li>\n<li>Una vez superado este nivel, se pasar\u00e1 al nivel 2<\/li>\n<li>Junio: jueves 7, 14, 21, 28 (sesiones de nivel 2)<\/li>\n<\/ul>\n<p><strong>Nivel 2, Habilidad: Conduce en bicicleta<\/strong><\/p>\n<ul>\n<li>Para personas que ya saben montar en bicicleta, pero quieren adquirir un mayor control en la conducci\u00f3n: Uso de frenos, marchas, control de distancias con obst\u00e1culos fijos y m\u00f3viles, etc. En circuito cerrado al tr\u00e1fico<\/li>\n<li>Mayo: jueves 3, 10, 17, 24, 31 (sesiones de nivel 2)<\/li>\n<li>Una vez superado este nivel, se pasar\u00e1 al nivel 3<\/li>\n<li>Junio: jueves 7, 14, 21, 28 (sesiones de nivel 3)<\/li>\n<\/ul>\n<p><strong>Nivel 3, Avanzado: Conducci\u00f3n b\u00e1sica en calle, mec\u00e1nica b\u00e1sica y planificaci\u00f3n de rutas<\/strong><\/p>\n<ul>\n<li>Pr\u00e1cticas de circulaci\u00f3n en la ciudad. En entornos urbanos pacificados y en presencia de tr\u00e1fico real<\/li>\n<li>No existe la opci\u00f3n de inscribirse directamente en este nivel, solo se podr\u00e1 acceder habiendo superado el anterior.<\/li>\n<\/ul>\n<h3><a href=\"http:\/\/laguiadepamplona.es\/actualidad\/wp-content\/uploads\/2018\/04\/18.04.17_Tr\u00edptico-Las-bicis-no-vuelan.pdf\" target=\"_blank\" rel=\"noopener\">Tr\u00edptico Las bicis no vuelan.pdf<\/a><\/h3>\n<p>&nbsp;<\/p>\n","protected":false},"excerpt":{"rendered":"<p>El Ayuntamiento se suma as\u00ed a la campa\u00f1a internacional de sensibilizaci\u00f3n con una jornada informativa y la Biciescuela para mujeres<\/p>\n","protected":false},"author":1,"featured_media":16960,"comment_status":"open","ping_status":"closed","sticky":false,"template":"","format":"standard","meta":{"footnotes":""},"categories":[2],"tags":[],"class_list":["post-16959","post","type-post","status-publish","format-standard","has-post-thumbnail","hentry","category-ayuntamiento-pamplona"],"yoast_head":"<!-- This site is optimized with the Yoast SEO plugin v27.5 - https:\/\/yoast.com\/product\/yoast-seo-wordpress\/ -->\n<title>\u2018Las bicis no vuelan... todav\u00eda\u2019 el lema bajo el que Pamplona celebrar\u00e1 este pr\u00f3ximo jueves actividades por el D\u00eda Mundial de la Bicicleta<\/title>\n<meta name=\"robots\" content=\"index, follow, max-snippet:-1, max-image-preview:large, max-video-preview:-1\" \/>\n<link rel=\"canonical\" href=\"https:\/\/www.laguiadepamplona.com\/actualidad\/las-bicis-no-vuelan-todavia-el-lema-bajo-el-que-pamplona-celebrara-este-proximo-jueves-actividades-por-el-dia-mundial-de-la-bicicleta\/\" \/>\n<meta property=\"og:locale\" content=\"es_ES\" \/>\n<meta property=\"og:type\" content=\"article\" \/>\n<meta property=\"og:title\" content=\"\u2018Las bicis no vuelan... todav\u00eda\u2019 el lema bajo el que Pamplona celebrar\u00e1 este pr\u00f3ximo jueves actividades por el D\u00eda Mundial de la Bicicleta\" \/>\n<meta property=\"og:description\" content=\"El Ayuntamiento se suma as\u00ed a la campa\u00f1a internacional de sensibilizaci\u00f3n con una jornada informativa y la Biciescuela para mujeres\" \/>\n<meta property=\"og:url\" content=\"https:\/\/www.laguiadepamplona.com\/actualidad\/las-bicis-no-vuelan-todavia-el-lema-bajo-el-que-pamplona-celebrara-este-proximo-jueves-actividades-por-el-dia-mundial-de-la-bicicleta\/\" \/>\n<meta property=\"og:site_name\" content=\"La Gu\u00eda de Pamplona\" \/>\n<meta property=\"article:publisher\" content=\"https:\/\/www.facebook.com\/laguiadepamplonacom-133175176762273\/?ref=hl\" \/>\n<meta property=\"article:published_time\" content=\"2018-04-17T09:47:39+00:00\" \/>\n<meta property=\"article:modified_time\" content=\"2018-04-17T13:36:36+00:00\" \/>\n<meta property=\"og:image\" content=\"https:\/\/www.laguiadepamplona.com\/actualidad\/wp-content\/uploads\/2018\/04\/18.04.17_Cartel-Jornada-Empoderamiento-sobre-ruedas.jpg\" \/>\n\t<meta property=\"og:image:width\" content=\"707\" \/>\n\t<meta property=\"og:image:height\" content=\"1000\" \/>\n\t<meta property=\"og:image:type\" content=\"image\/jpeg\" \/>\n<meta name=\"author\" content=\"La Gu\u00eda de Pamplona\" \/>\n<meta name=\"twitter:card\" content=\"summary_large_image\" \/>\n<meta name=\"twitter:creator\" content=\"@LaGuiadPamplona\" \/>\n<meta name=\"twitter:site\" content=\"@LaGuiadPamplona\" \/>\n<meta name=\"twitter:label1\" content=\"Escrito por\" \/>\n\t<meta name=\"twitter:data1\" content=\"La Gu\u00eda de Pamplona\" \/>\n\t<meta name=\"twitter:label2\" content=\"Tiempo de lectura\" \/>\n\t<meta name=\"twitter:data2\" content=\"9 minutos\" \/>\n<script type=\"application\/ld+json\" class=\"yoast-schema-graph\">{\"@context\":\"https:\\\/\\\/schema.org\",\"@graph\":[{\"@type\":\"Article\",\"@id\":\"https:\\\/\\\/www.laguiadepamplona.com\\\/actualidad\\\/las-bicis-no-vuelan-todavia-el-lema-bajo-el-que-pamplona-celebrara-este-proximo-jueves-actividades-por-el-dia-mundial-de-la-bicicleta\\\/#article\",\"isPartOf\":{\"@id\":\"https:\\\/\\\/www.laguiadepamplona.com\\\/actualidad\\\/las-bicis-no-vuelan-todavia-el-lema-bajo-el-que-pamplona-celebrara-este-proximo-jueves-actividades-por-el-dia-mundial-de-la-bicicleta\\\/\"},\"author\":{\"name\":\"La Gu\u00eda de Pamplona\",\"@id\":\"https:\\\/\\\/www.laguiadepamplona.com\\\/actualidad\\\/#\\\/schema\\\/person\\\/efe887376f0213d4657c93adc50b1fdb\"},\"headline\":\"\u2018Las bicis no vuelan&#8230; todav\u00eda\u2019 el lema bajo el que Pamplona celebrar\u00e1 este pr\u00f3ximo jueves actividades por el D\u00eda Mundial de la Bicicleta\",\"datePublished\":\"2018-04-17T09:47:39+00:00\",\"dateModified\":\"2018-04-17T13:36:36+00:00\",\"mainEntityOfPage\":{\"@id\":\"https:\\\/\\\/www.laguiadepamplona.com\\\/actualidad\\\/las-bicis-no-vuelan-todavia-el-lema-bajo-el-que-pamplona-celebrara-este-proximo-jueves-actividades-por-el-dia-mundial-de-la-bicicleta\\\/\"},\"wordCount\":1803,\"commentCount\":0,\"publisher\":{\"@id\":\"https:\\\/\\\/www.laguiadepamplona.com\\\/actualidad\\\/#organization\"},\"image\":{\"@id\":\"https:\\\/\\\/www.laguiadepamplona.com\\\/actualidad\\\/las-bicis-no-vuelan-todavia-el-lema-bajo-el-que-pamplona-celebrara-este-proximo-jueves-actividades-por-el-dia-mundial-de-la-bicicleta\\\/#primaryimage\"},\"thumbnailUrl\":\"https:\\\/\\\/www.laguiadepamplona.com\\\/actualidad\\\/wp-content\\\/uploads\\\/2018\\\/04\\\/18.04.17_Cartel-Jornada-Empoderamiento-sobre-ruedas.jpg\",\"articleSection\":[\"Ayto Pamplona\"],\"inLanguage\":\"es\",\"potentialAction\":[{\"@type\":\"CommentAction\",\"name\":\"Comment\",\"target\":[\"https:\\\/\\\/www.laguiadepamplona.com\\\/actualidad\\\/las-bicis-no-vuelan-todavia-el-lema-bajo-el-que-pamplona-celebrara-este-proximo-jueves-actividades-por-el-dia-mundial-de-la-bicicleta\\\/#respond\"]}]},{\"@type\":\"WebPage\",\"@id\":\"https:\\\/\\\/www.laguiadepamplona.com\\\/actualidad\\\/las-bicis-no-vuelan-todavia-el-lema-bajo-el-que-pamplona-celebrara-este-proximo-jueves-actividades-por-el-dia-mundial-de-la-bicicleta\\\/\",\"url\":\"https:\\\/\\\/www.laguiadepamplona.com\\\/actualidad\\\/las-bicis-no-vuelan-todavia-el-lema-bajo-el-que-pamplona-celebrara-este-proximo-jueves-actividades-por-el-dia-mundial-de-la-bicicleta\\\/\",\"name\":\"\u2018Las bicis no vuelan... todav\u00eda\u2019 el lema bajo el que Pamplona celebrar\u00e1 este pr\u00f3ximo jueves actividades por el D\u00eda Mundial de la Bicicleta\",\"isPartOf\":{\"@id\":\"https:\\\/\\\/www.laguiadepamplona.com\\\/actualidad\\\/#website\"},\"primaryImageOfPage\":{\"@id\":\"https:\\\/\\\/www.laguiadepamplona.com\\\/actualidad\\\/las-bicis-no-vuelan-todavia-el-lema-bajo-el-que-pamplona-celebrara-este-proximo-jueves-actividades-por-el-dia-mundial-de-la-bicicleta\\\/#primaryimage\"},\"image\":{\"@id\":\"https:\\\/\\\/www.laguiadepamplona.com\\\/actualidad\\\/las-bicis-no-vuelan-todavia-el-lema-bajo-el-que-pamplona-celebrara-este-proximo-jueves-actividades-por-el-dia-mundial-de-la-bicicleta\\\/#primaryimage\"},\"thumbnailUrl\":\"https:\\\/\\\/www.laguiadepamplona.com\\\/actualidad\\\/wp-content\\\/uploads\\\/2018\\\/04\\\/18.04.17_Cartel-Jornada-Empoderamiento-sobre-ruedas.jpg\",\"datePublished\":\"2018-04-17T09:47:39+00:00\",\"dateModified\":\"2018-04-17T13:36:36+00:00\",\"breadcrumb\":{\"@id\":\"https:\\\/\\\/www.laguiadepamplona.com\\\/actualidad\\\/las-bicis-no-vuelan-todavia-el-lema-bajo-el-que-pamplona-celebrara-este-proximo-jueves-actividades-por-el-dia-mundial-de-la-bicicleta\\\/#breadcrumb\"},\"inLanguage\":\"es\",\"potentialAction\":[{\"@type\":\"ReadAction\",\"target\":[\"https:\\\/\\\/www.laguiadepamplona.com\\\/actualidad\\\/las-bicis-no-vuelan-todavia-el-lema-bajo-el-que-pamplona-celebrara-este-proximo-jueves-actividades-por-el-dia-mundial-de-la-bicicleta\\\/\"]}]},{\"@type\":\"ImageObject\",\"inLanguage\":\"es\",\"@id\":\"https:\\\/\\\/www.laguiadepamplona.com\\\/actualidad\\\/las-bicis-no-vuelan-todavia-el-lema-bajo-el-que-pamplona-celebrara-este-proximo-jueves-actividades-por-el-dia-mundial-de-la-bicicleta\\\/#primaryimage\",\"url\":\"https:\\\/\\\/www.laguiadepamplona.com\\\/actualidad\\\/wp-content\\\/uploads\\\/2018\\\/04\\\/18.04.17_Cartel-Jornada-Empoderamiento-sobre-ruedas.jpg\",\"contentUrl\":\"https:\\\/\\\/www.laguiadepamplona.com\\\/actualidad\\\/wp-content\\\/uploads\\\/2018\\\/04\\\/18.04.17_Cartel-Jornada-Empoderamiento-sobre-ruedas.jpg\",\"width\":707,\"height\":1000},{\"@type\":\"BreadcrumbList\",\"@id\":\"https:\\\/\\\/www.laguiadepamplona.com\\\/actualidad\\\/las-bicis-no-vuelan-todavia-el-lema-bajo-el-que-pamplona-celebrara-este-proximo-jueves-actividades-por-el-dia-mundial-de-la-bicicleta\\\/#breadcrumb\",\"itemListElement\":[{\"@type\":\"ListItem\",\"position\":1,\"name\":\"Portada\",\"item\":\"https:\\\/\\\/www.laguiadepamplona.com\\\/actualidad\\\/\"},{\"@type\":\"ListItem\",\"position\":2,\"name\":\"\u2018Las bicis no vuelan&#8230; todav\u00eda\u2019 el lema bajo el que Pamplona celebrar\u00e1 este pr\u00f3ximo jueves actividades por el D\u00eda Mundial de la Bicicleta\"}]},{\"@type\":\"WebSite\",\"@id\":\"https:\\\/\\\/www.laguiadepamplona.com\\\/actualidad\\\/#website\",\"url\":\"https:\\\/\\\/www.laguiadepamplona.com\\\/actualidad\\\/\",\"name\":\"La gu\u00eda de Pamplona\",\"description\":\"Noticias de Pamplona\",\"publisher\":{\"@id\":\"https:\\\/\\\/www.laguiadepamplona.com\\\/actualidad\\\/#organization\"},\"potentialAction\":[{\"@type\":\"SearchAction\",\"target\":{\"@type\":\"EntryPoint\",\"urlTemplate\":\"https:\\\/\\\/www.laguiadepamplona.com\\\/actualidad\\\/?s={search_term_string}\"},\"query-input\":{\"@type\":\"PropertyValueSpecification\",\"valueRequired\":true,\"valueName\":\"search_term_string\"}}],\"inLanguage\":\"es\"},{\"@type\":\"Organization\",\"@id\":\"https:\\\/\\\/www.laguiadepamplona.com\\\/actualidad\\\/#organization\",\"name\":\"La Gu\u00eda de Pamplona \\\/ Noticias\",\"url\":\"https:\\\/\\\/www.laguiadepamplona.com\\\/actualidad\\\/\",\"logo\":{\"@type\":\"ImageObject\",\"inLanguage\":\"es\",\"@id\":\"https:\\\/\\\/www.laguiadepamplona.com\\\/actualidad\\\/#\\\/schema\\\/logo\\\/image\\\/\",\"url\":\"https:\\\/\\\/www.laguiadepamplona.com\\\/actualidad\\\/wp-content\\\/uploads\\\/2018\\\/11\\\/logo-laguiadepamplona18-web1.png\",\"contentUrl\":\"https:\\\/\\\/www.laguiadepamplona.com\\\/actualidad\\\/wp-content\\\/uploads\\\/2018\\\/11\\\/logo-laguiadepamplona18-web1.png\",\"width\":600,\"height\":196,\"caption\":\"La Gu\u00eda de Pamplona \\\/ Noticias\"},\"image\":{\"@id\":\"https:\\\/\\\/www.laguiadepamplona.com\\\/actualidad\\\/#\\\/schema\\\/logo\\\/image\\\/\"},\"sameAs\":[\"https:\\\/\\\/www.facebook.com\\\/laguiadepamplonacom-133175176762273\\\/?ref=hl\",\"https:\\\/\\\/x.com\\\/LaGuiadPamplona\",\"https:\\\/\\\/www.instagram.com\\\/la_guia_de_pamplona\\\/\",\"https:\\\/\\\/www.youtube.com\\\/user\\\/laguiadepamplona\"]},{\"@type\":\"Person\",\"@id\":\"https:\\\/\\\/www.laguiadepamplona.com\\\/actualidad\\\/#\\\/schema\\\/person\\\/efe887376f0213d4657c93adc50b1fdb\",\"name\":\"La Gu\u00eda de Pamplona\",\"image\":{\"@type\":\"ImageObject\",\"inLanguage\":\"es\",\"@id\":\"https:\\\/\\\/secure.gravatar.com\\\/avatar\\\/b6992f131dc8d30ab0dff15446e9d346d9dbd95992de0fef795073f5ea83a81c?s=96&d=mm&r=g\",\"url\":\"https:\\\/\\\/secure.gravatar.com\\\/avatar\\\/b6992f131dc8d30ab0dff15446e9d346d9dbd95992de0fef795073f5ea83a81c?s=96&d=mm&r=g\",\"contentUrl\":\"https:\\\/\\\/secure.gravatar.com\\\/avatar\\\/b6992f131dc8d30ab0dff15446e9d346d9dbd95992de0fef795073f5ea83a81c?s=96&d=mm&r=g\",\"caption\":\"La Gu\u00eda de Pamplona\"}}]}<\/script>\n<!-- \/ Yoast SEO plugin. -->","yoast_head_json":{"title":"\u2018Las bicis no vuelan... todav\u00eda\u2019 el lema bajo el que Pamplona celebrar\u00e1 este pr\u00f3ximo jueves actividades por el D\u00eda Mundial de la Bicicleta","robots":{"index":"index","follow":"follow","max-snippet":"max-snippet:-1","max-image-preview":"max-image-preview:large","max-video-preview":"max-video-preview:-1"},"canonical":"https:\/\/www.laguiadepamplona.com\/actualidad\/las-bicis-no-vuelan-todavia-el-lema-bajo-el-que-pamplona-celebrara-este-proximo-jueves-actividades-por-el-dia-mundial-de-la-bicicleta\/","og_locale":"es_ES","og_type":"article","og_title":"\u2018Las bicis no vuelan... todav\u00eda\u2019 el lema bajo el que Pamplona celebrar\u00e1 este pr\u00f3ximo jueves actividades por el D\u00eda Mundial de la Bicicleta","og_description":"El Ayuntamiento se suma as\u00ed a la campa\u00f1a internacional de sensibilizaci\u00f3n con una jornada informativa y la Biciescuela para mujeres","og_url":"https:\/\/www.laguiadepamplona.com\/actualidad\/las-bicis-no-vuelan-todavia-el-lema-bajo-el-que-pamplona-celebrara-este-proximo-jueves-actividades-por-el-dia-mundial-de-la-bicicleta\/","og_site_name":"La Gu\u00eda de Pamplona","article_publisher":"https:\/\/www.facebook.com\/laguiadepamplonacom-133175176762273\/?ref=hl","article_published_time":"2018-04-17T09:47:39+00:00","article_modified_time":"2018-04-17T13:36:36+00:00","og_image":[{"width":707,"height":1000,"url":"https:\/\/www.laguiadepamplona.com\/actualidad\/wp-content\/uploads\/2018\/04\/18.04.17_Cartel-Jornada-Empoderamiento-sobre-ruedas.jpg","type":"image\/jpeg"}],"author":"La Gu\u00eda de Pamplona","twitter_card":"summary_large_image","twitter_creator":"@LaGuiadPamplona","twitter_site":"@LaGuiadPamplona","twitter_misc":{"Escrito por":"La Gu\u00eda de Pamplona","Tiempo de lectura":"9 minutos"},"schema":{"@context":"https:\/\/schema.org","@graph":[{"@type":"Article","@id":"https:\/\/www.laguiadepamplona.com\/actualidad\/las-bicis-no-vuelan-todavia-el-lema-bajo-el-que-pamplona-celebrara-este-proximo-jueves-actividades-por-el-dia-mundial-de-la-bicicleta\/#article","isPartOf":{"@id":"https:\/\/www.laguiadepamplona.com\/actualidad\/las-bicis-no-vuelan-todavia-el-lema-bajo-el-que-pamplona-celebrara-este-proximo-jueves-actividades-por-el-dia-mundial-de-la-bicicleta\/"},"author":{"name":"La Gu\u00eda de Pamplona","@id":"https:\/\/www.laguiadepamplona.com\/actualidad\/#\/schema\/person\/efe887376f0213d4657c93adc50b1fdb"},"headline":"\u2018Las bicis no vuelan&#8230; todav\u00eda\u2019 el lema bajo el que Pamplona celebrar\u00e1 este pr\u00f3ximo jueves actividades por el D\u00eda Mundial de la Bicicleta","datePublished":"2018-04-17T09:47:39+00:00","dateModified":"2018-04-17T13:36:36+00:00","mainEntityOfPage":{"@id":"https:\/\/www.laguiadepamplona.com\/actualidad\/las-bicis-no-vuelan-todavia-el-lema-bajo-el-que-pamplona-celebrara-este-proximo-jueves-actividades-por-el-dia-mundial-de-la-bicicleta\/"},"wordCount":1803,"commentCount":0,"publisher":{"@id":"https:\/\/www.laguiadepamplona.com\/actualidad\/#organization"},"image":{"@id":"https:\/\/www.laguiadepamplona.com\/actualidad\/las-bicis-no-vuelan-todavia-el-lema-bajo-el-que-pamplona-celebrara-este-proximo-jueves-actividades-por-el-dia-mundial-de-la-bicicleta\/#primaryimage"},"thumbnailUrl":"https:\/\/www.laguiadepamplona.com\/actualidad\/wp-content\/uploads\/2018\/04\/18.04.17_Cartel-Jornada-Empoderamiento-sobre-ruedas.jpg","articleSection":["Ayto Pamplona"],"inLanguage":"es","potentialAction":[{"@type":"CommentAction","name":"Comment","target":["https:\/\/www.laguiadepamplona.com\/actualidad\/las-bicis-no-vuelan-todavia-el-lema-bajo-el-que-pamplona-celebrara-este-proximo-jueves-actividades-por-el-dia-mundial-de-la-bicicleta\/#respond"]}]},{"@type":"WebPage","@id":"https:\/\/www.laguiadepamplona.com\/actualidad\/las-bicis-no-vuelan-todavia-el-lema-bajo-el-que-pamplona-celebrara-este-proximo-jueves-actividades-por-el-dia-mundial-de-la-bicicleta\/","url":"https:\/\/www.laguiadepamplona.com\/actualidad\/las-bicis-no-vuelan-todavia-el-lema-bajo-el-que-pamplona-celebrara-este-proximo-jueves-actividades-por-el-dia-mundial-de-la-bicicleta\/","name":"\u2018Las bicis no vuelan... todav\u00eda\u2019 el lema bajo el que Pamplona celebrar\u00e1 este pr\u00f3ximo jueves actividades por el D\u00eda Mundial de la Bicicleta","isPartOf":{"@id":"https:\/\/www.laguiadepamplona.com\/actualidad\/#website"},"primaryImageOfPage":{"@id":"https:\/\/www.laguiadepamplona.com\/actualidad\/las-bicis-no-vuelan-todavia-el-lema-bajo-el-que-pamplona-celebrara-este-proximo-jueves-actividades-por-el-dia-mundial-de-la-bicicleta\/#primaryimage"},"image":{"@id":"https:\/\/www.laguiadepamplona.com\/actualidad\/las-bicis-no-vuelan-todavia-el-lema-bajo-el-que-pamplona-celebrara-este-proximo-jueves-actividades-por-el-dia-mundial-de-la-bicicleta\/#primaryimage"},"thumbnailUrl":"https:\/\/www.laguiadepamplona.com\/actualidad\/wp-content\/uploads\/2018\/04\/18.04.17_Cartel-Jornada-Empoderamiento-sobre-ruedas.jpg","datePublished":"2018-04-17T09:47:39+00:00","dateModified":"2018-04-17T13:36:36+00:00","breadcrumb":{"@id":"https:\/\/www.laguiadepamplona.com\/actualidad\/las-bicis-no-vuelan-todavia-el-lema-bajo-el-que-pamplona-celebrara-este-proximo-jueves-actividades-por-el-dia-mundial-de-la-bicicleta\/#breadcrumb"},"inLanguage":"es","potentialAction":[{"@type":"ReadAction","target":["https:\/\/www.laguiadepamplona.com\/actualidad\/las-bicis-no-vuelan-todavia-el-lema-bajo-el-que-pamplona-celebrara-este-proximo-jueves-actividades-por-el-dia-mundial-de-la-bicicleta\/"]}]},{"@type":"ImageObject","inLanguage":"es","@id":"https:\/\/www.laguiadepamplona.com\/actualidad\/las-bicis-no-vuelan-todavia-el-lema-bajo-el-que-pamplona-celebrara-este-proximo-jueves-actividades-por-el-dia-mundial-de-la-bicicleta\/#primaryimage","url":"https:\/\/www.laguiadepamplona.com\/actualidad\/wp-content\/uploads\/2018\/04\/18.04.17_Cartel-Jornada-Empoderamiento-sobre-ruedas.jpg","contentUrl":"https:\/\/www.laguiadepamplona.com\/actualidad\/wp-content\/uploads\/2018\/04\/18.04.17_Cartel-Jornada-Empoderamiento-sobre-ruedas.jpg","width":707,"height":1000},{"@type":"BreadcrumbList","@id":"https:\/\/www.laguiadepamplona.com\/actualidad\/las-bicis-no-vuelan-todavia-el-lema-bajo-el-que-pamplona-celebrara-este-proximo-jueves-actividades-por-el-dia-mundial-de-la-bicicleta\/#breadcrumb","itemListElement":[{"@type":"ListItem","position":1,"name":"Portada","item":"https:\/\/www.laguiadepamplona.com\/actualidad\/"},{"@type":"ListItem","position":2,"name":"\u2018Las bicis no vuelan&#8230; todav\u00eda\u2019 el lema bajo el que Pamplona celebrar\u00e1 este pr\u00f3ximo jueves actividades por el D\u00eda Mundial de la Bicicleta"}]},{"@type":"WebSite","@id":"https:\/\/www.laguiadepamplona.com\/actualidad\/#website","url":"https:\/\/www.laguiadepamplona.com\/actualidad\/","name":"La gu\u00eda de Pamplona","description":"Noticias de Pamplona","publisher":{"@id":"https:\/\/www.laguiadepamplona.com\/actualidad\/#organization"},"potentialAction":[{"@type":"SearchAction","target":{"@type":"EntryPoint","urlTemplate":"https:\/\/www.laguiadepamplona.com\/actualidad\/?s={search_term_string}"},"query-input":{"@type":"PropertyValueSpecification","valueRequired":true,"valueName":"search_term_string"}}],"inLanguage":"es"},{"@type":"Organization","@id":"https:\/\/www.laguiadepamplona.com\/actualidad\/#organization","name":"La Gu\u00eda de Pamplona \/ Noticias","url":"https:\/\/www.laguiadepamplona.com\/actualidad\/","logo":{"@type":"ImageObject","inLanguage":"es","@id":"https:\/\/www.laguiadepamplona.com\/actualidad\/#\/schema\/logo\/image\/","url":"https:\/\/www.laguiadepamplona.com\/actualidad\/wp-content\/uploads\/2018\/11\/logo-laguiadepamplona18-web1.png","contentUrl":"https:\/\/www.laguiadepamplona.com\/actualidad\/wp-content\/uploads\/2018\/11\/logo-laguiadepamplona18-web1.png","width":600,"height":196,"caption":"La Gu\u00eda de Pamplona \/ Noticias"},"image":{"@id":"https:\/\/www.laguiadepamplona.com\/actualidad\/#\/schema\/logo\/image\/"},"sameAs":["https:\/\/www.facebook.com\/laguiadepamplonacom-133175176762273\/?ref=hl","https:\/\/x.com\/LaGuiadPamplona","https:\/\/www.instagram.com\/la_guia_de_pamplona\/","https:\/\/www.youtube.com\/user\/laguiadepamplona"]},{"@type":"Person","@id":"https:\/\/www.laguiadepamplona.com\/actualidad\/#\/schema\/person\/efe887376f0213d4657c93adc50b1fdb","name":"La Gu\u00eda de Pamplona","image":{"@type":"ImageObject","inLanguage":"es","@id":"https:\/\/secure.gravatar.com\/avatar\/b6992f131dc8d30ab0dff15446e9d346d9dbd95992de0fef795073f5ea83a81c?s=96&d=mm&r=g","url":"https:\/\/secure.gravatar.com\/avatar\/b6992f131dc8d30ab0dff15446e9d346d9dbd95992de0fef795073f5ea83a81c?s=96&d=mm&r=g","contentUrl":"https:\/\/secure.gravatar.com\/avatar\/b6992f131dc8d30ab0dff15446e9d346d9dbd95992de0fef795073f5ea83a81c?s=96&d=mm&r=g","caption":"La Gu\u00eda de Pamplona"}}]}},"post_mailing_queue_ids":[],"_links":{"self":[{"href":"https:\/\/www.laguiadepamplona.com\/actualidad\/wp-json\/wp\/v2\/posts\/16959","targetHints":{"allow":["GET"]}}],"collection":[{"href":"https:\/\/www.laguiadepamplona.com\/actualidad\/wp-json\/wp\/v2\/posts"}],"about":[{"href":"https:\/\/www.laguiadepamplona.com\/actualidad\/wp-json\/wp\/v2\/types\/post"}],"author":[{"embeddable":true,"href":"https:\/\/www.laguiadepamplona.com\/actualidad\/wp-json\/wp\/v2\/users\/1"}],"replies":[{"embeddable":true,"href":"https:\/\/www.laguiadepamplona.com\/actualidad\/wp-json\/wp\/v2\/comments?post=16959"}],"version-history":[{"count":0,"href":"https:\/\/www.laguiadepamplona.com\/actualidad\/wp-json\/wp\/v2\/posts\/16959\/revisions"}],"wp:featuredmedia":[{"embeddable":true,"href":"https:\/\/www.laguiadepamplona.com\/actualidad\/wp-json\/wp\/v2\/media\/16960"}],"wp:attachment":[{"href":"https:\/\/www.laguiadepamplona.com\/actualidad\/wp-json\/wp\/v2\/media?parent=16959"}],"wp:term":[{"taxonomy":"category","embeddable":true,"href":"https:\/\/www.laguiadepamplona.com\/actualidad\/wp-json\/wp\/v2\/categories?post=16959"},{"taxonomy":"post_tag","embeddable":true,"href":"https:\/\/www.laguiadepamplona.com\/actualidad\/wp-json\/wp\/v2\/tags?post=16959"}],"curies":[{"name":"wp","href":"https:\/\/api.w.org\/{rel}","templated":true}]}}